{"id":24832,"date":"2026-04-28T08:01:49","date_gmt":"2026-04-28T06:01:49","guid":{"rendered":"https:\/\/gaudiumetspes-blog.pl\/?p=24832"},"modified":"2026-04-28T08:01:49","modified_gmt":"2026-04-28T06:01:49","slug":"wiara-i-rozum","status":"publish","type":"post","link":"https:\/\/gaudiumetspes-blog.pl\/index.php\/2026\/04\/28\/wiara-i-rozum\/","title":{"rendered":"Wiara &#8211; i rozum?&#8230;"},"content":{"rendered":"<p align=\"justify\"><span style=\"color: #000000;\"><span style=\"font-family: Book Antiqua, serif;\"><span style=\"font-size: large;\">Szcz\u0119\u015b\u0107 Bo\u017ce! Drodzy moi, w dniu dzisiejszym <b>r<\/b><b>ocznic\u0119 <\/b><b>zawarcia sakramentalnego Ma\u0142\u017ce\u0144stwa <\/b><b>prze\u017cywaj\u0105 Izabela i Micha\u0142 Jaro\u0144cowie. Micha\u0142 by\u0142 Ministrantem w Parafii mojego pierwszego wikariatu.<\/b><\/span><\/span><\/span><\/p>\n<p align=\"justify\"><span style=\"color: #000000;\"><span style=\"font-family: Book Antiqua, serif;\"><span style=\"font-size: large;\"><b>U<\/b><b>rodziny <\/b><b>natomiast <\/b><b>prze\u017cywa Pawe\u0142 Baczkura, nale\u017c\u0105cy w swoim czasie do jednej z m\u0142odzie\u017cowych Wsp\u00f3lnot.<\/b><\/span><\/span><\/span><\/p>\n<p align=\"justify\"><span style=\"color: #000000;\"><span style=\"font-family: Book Antiqua, serif;\"><span style=\"font-size: large;\"><b>Wszystkim \u015bwi\u0119tuj\u0105cym dzi\u015b \u017cycz\u0119 odwagi i \u015bwiat\u0142a do mocnego i przekonuj\u0105cego \u015bwiadczenia o Chrystusie Zmartwychwsta\u0142ym. Zapewniam o modlitwie!<\/b><\/span><\/span><\/span><\/p>\n<p align=\"justify\"><span style=\"color: #000000;\"><span style=\"font-family: Book Antiqua, serif;\"><span style=\"font-size: large;\">Drodzy moi, pozdrawiam Was z Siedlec, gdzie dzisiaj udam si\u0119 o 10:00 na dy\u017cur duszpasterski na Wydzia\u0142y przy ulicy Prusa \u2013 do 15:00 \u2013 a potem jestem ju\u017c \u201eu siebie\u201d, czyli w Duszpasterstwie, gdzie o 18:00 b\u0119d\u0119 mia\u0142 zaszczyt i rado\u015b\u0107 podj\u0105\u0107 Pani\u0105 Doktor Joann\u0119 Borowicz \u2013 pisz\u0105c\u0105 niekiedy (oczywi\u015bcie \u2013 zbyt rzadko!) na naszym forum jako J.B \u2013 na spokojn\u0105 rozmow\u0119. Ju\u017c teraz bardzo si\u0119 ciesz\u0119 z tego spotkania i ponownie serdecznie zapraszam!<\/span><\/span><\/span><\/p>\n<p align=\"justify\"><span style=\"color: #000000;\"><span style=\"font-family: Book Antiqua, serif;\"><span style=\"font-size: large;\">Teraz natomiast zapraszam do pochylenia si\u0119 nad Bo\u017cym s\u0142owem dzisiejszej liturgii. Oto s\u0142\u00f3wko Ksi\u0119dza Marka na dzi\u015b:<\/span><\/span><\/span><\/p>\n<p align=\"justify\"><span style=\"color: #000000;\"><span style=\"font-family: Book Antiqua, serif;\"><span style=\"font-size: medium;\"><a href=\"https:\/\/www.youtube.com\/c\/CatholicSurgut\"><span style=\"font-size: large;\"><b>https:\/\/www.youtube.com\/c\/CatholicSurgut<\/b><\/span><\/a><\/span><\/span><\/span><\/p>\n<p align=\"justify\"><span style=\"color: #000000;\"><span style=\"font-family: Book Antiqua, serif;\"><span style=\"font-size: large;\">Poni\u017cej za\u015b \u2013 <b>s\u0142\u00f3wko Szymona Sali.<\/b> Dzisiaj logiczne i rzeczowe rozwa\u017canie o tym, czym jest, a czym nie jest wiara. Jak to zawsze u Szymona \u2013 rozwa\u017canie jest wnikliwe, dociekliwe, logiczne i g\u0142\u0119bokie. Szymon zwykle spogl\u0105da na poszczeg\u00f3lne problemy i zagadnienia z kilku stron, wyra\u017anie lubi tak\u0105 swoist\u0105 finezj\u0119 my\u015bli, czego wyrazem s\u0105 nieraz \u015bmia\u0142e i intryguj\u0105ce skojarzenia, pytania, refleksje\u2026 Bardzo dzi\u0119kuj\u0119 Szymonowi za to, \u017ce prowadzi nas tymi meandrami my\u015blowymi, pomagaj\u0105c nam spojrze\u0107 na sprawy Bo\u017ce i sprawy wiary z r\u00f3\u017cnych stron. <\/span><\/span><\/span><\/p>\n<p align=\"justify\"><span style=\"color: #000000;\"><span style=\"font-family: Book Antiqua, serif;\"><span style=\"font-size: large;\">A poniewa\u017c wiem, jak Szymon przygotowuje si\u0119 do pisania s\u0142\u00f3wka i z jakim wewn\u0119trznym nastawieniem je pisze, przeto jestem przekonany, \u017ce to Pan sam przez Niego do nas m\u00f3wi! Bo daje On naszemu Panu swoje otwarte serce i czas, aby m\u00f3g\u0142 przez Jego rozwa\u017cania do nas m\u00f3wi\u0107. Niech Panu naszemu b\u0119d\u0105 za to wielkie dzi\u0119ki! I wielkie dzi\u0119ki Szymonowi \u2013 za to, \u017ce ka\u017cdy poniedzia\u0142kowy wiecz\u00f3r to w jego programie dnia czas zarezerwowany na przygotowanie s\u0142\u00f3wko do nas!<\/span><\/span><\/span><\/p>\n<p align=\"justify\"><span style=\"color: #000000;\"><span style=\"font-family: Book Antiqua, serif;\"><span style=\"font-size: large;\">Zatem, <b>co Pan konkretnie do mnie m\u00f3wi?<\/b> Niech Duch \u015awi\u0119ty b\u0119dzie naszym \u015bwiat\u0142em i natchnieniem!<\/span><\/span><\/span><\/p>\n<p align=\"justify\"><span style=\"color: #000000;\"><span style=\"font-family: Book Antiqua, serif;\"><span style=\"font-size: large;\"><b>Niech Was b\u0142ogos\u0142awi B\u00f3g Wszechmog\u0105cy: Ojciec + i Syn, i Duch \u015awi\u0119ty. Amen<\/b><\/span><\/span><\/span><\/p>\n<p align=\"center\"><span style=\"color: #000000;\"><span style=\"font-family: Book Antiqua, serif;\"><span style=\"font-size: large;\">Gaudium et spes! Ks. Jacek<\/span><\/span><\/span><\/p>\n<p align=\"center\">\n<p align=\"center\">\n<p align=\"center\">\n<p align=\"center\">\n<p align=\"center\">\n<p align=\"justify\"><span style=\"color: #000000;\"><span style=\"font-family: Book Antiqua, serif;\"><span style=\"font-size: large;\"><b>Wtorek 4 Tygodnia Wielkanocnego,<\/b><\/span><\/span><\/span><\/p>\n<p align=\"justify\"><span style=\"color: #000000;\"><span style=\"font-family: Book Antiqua, serif;\"><span style=\"font-size: large;\"><b>28 kwietnia 2026.,\u00a0<\/b><\/span><\/span><\/span><\/p>\n<p align=\"justify\"><span style=\"color: #000000;\"><span style=\"font-family: Book Antiqua, serif;\"><span style=\"font-size: large;\"><b>do czyta\u0144: Dz 11,19\u201326; J 10,22\u201330<\/b><\/span><\/span><\/span><\/p>\n<p align=\"justify\">\n<p align=\"justify\">\n<p align=\"justify\">\n<p align=\"justify\">\n<p align=\"justify\">\n<p align=\"justify\"><span style=\"color: #000000;\"><span style=\"font-family: Book Antiqua, serif;\"><span style=\"font-size: large;\"><b>CZYTANIE Z DZIEJ\u00d3W APOSTOLSKICH:<\/b><\/span><\/span><\/span><\/p>\n<p align=\"justify\"><span style=\"color: #000000;\"><span style=\"font-family: Book Antiqua, serif;\"><span style=\"font-size: large;\"><b>Ci, kt\u00f3rych rozproszy\u0142o prze\u015bladowanie, jakie wybuch\u0142o z powodu Szczepana, dotarli a\u017c do Fenicji, na Cypr i do Antiochii, g\u0142osz\u0105c s\u0142owo samym tylko \u017bydom. Niekt\u00f3rzy z nich pochodzili z Cypru i z Cyreny. Oni to po przybyciu do Antiochii przemawiali te\u017c do Grek\u00f3w i opowiadali Dobr\u0105 Nowin\u0119 o Panu Jezusie. A r\u0119ka Pa\u0144ska by\u0142a z nimi, bo wielka liczba uwierzy\u0142a i nawr\u00f3ci\u0142a si\u0119 do Pana.<\/b><\/span><\/span><\/span><\/p>\n<p align=\"justify\"><span style=\"color: #000000;\"><span style=\"font-family: Book Antiqua, serif;\"><span style=\"font-size: large;\"><b>Wie\u015b\u0107 o tym dosz\u0142a do uszu Ko\u015bcio\u0142a w Jerozolimie. Wys\u0142ano do Antiochii Barnab\u0119. Gdy on przyby\u0142 i zobaczy\u0142 dzia\u0142anie \u0142aski Bo\u017cej, ucieszy\u0142 si\u0119 i zach\u0119ca\u0142 wszystkich, aby ca\u0142ym sercem wytrwali przy Panu; by\u0142 bowiem cz\u0142owiekiem dobrym i pe\u0142nym Ducha \u015awi\u0119tego i wiary. Pozyskano wtedy wielk\u0105 liczb\u0119 dla Pana.<\/b><\/span><\/span><\/span><\/p>\n<p align=\"justify\"><span style=\"color: #000000;\"><span style=\"font-family: Book Antiqua, serif;\"><span style=\"font-size: large;\"><b>Barnaba uda\u0142 si\u0119 te\u017c do Tarsu, aby odszuka\u0107 Paw\u0142a. A gdy znalaz\u0142, przyprowadzi\u0142 go do Antiochii i przez ca\u0142y rok pracowali razem w Ko\u015bciele, nauczaj\u0105c wielk\u0105 rzesz\u0119 ludzi. W Antiochii te\u017c po raz pierwszy nazwano uczni\u00f3w chrze\u015bcijanami.<\/b><\/span><\/span><\/span><\/p>\n<p align=\"justify\">\n<p align=\"justify\">\n<p align=\"justify\">\n<p align=\"justify\">\n<p align=\"justify\">\n<p align=\"justify\"><span style=\"color: #000000;\"><span style=\"font-family: Book Antiqua, serif;\"><span style=\"font-size: large;\"><b>S\u0141OWA EWANGELII WED\u0141UG \u015aWI\u0118TEGO JANA:<\/b><\/span><\/span><\/span><\/p>\n<p align=\"justify\"><span style=\"color: #000000;\"><span style=\"font-family: Book Antiqua, serif;\"><span style=\"font-size: large;\"><b>Obchodzono w Jerozolimie uroczysto\u015b\u0107 Po\u015bwi\u0119cenia \u015awi\u0105tyni. By\u0142o to w zimie. Jezus przechadza\u0142 si\u0119 w \u015bwi\u0105tyni, w portyku Salomona. <\/b><\/span><\/span><\/span><\/p>\n<p align=\"justify\"><span style=\"color: #000000;\"><span style=\"font-family: Book Antiqua, serif;\"><span style=\"font-size: large;\"><b>Otoczyli Go \u017bydzi i m\u00f3wili do Niego: \u201eDok\u0105d b\u0119dziesz nas trzyma\u0142 w niepewno\u015bci? Je\u015bli Ty jeste\u015b Mesjaszem, powiedz nam otwarcie\u201d.<\/b><\/span><\/span><\/span><\/p>\n<p align=\"justify\"><span style=\"color: #000000;\"><span style=\"font-family: Book Antiqua, serif;\"><span style=\"font-size: large;\"><b>Rzek\u0142 do nich Jezus: \u201ePowiedzia\u0142em wam, a nie wierzycie. Czyny, kt\u00f3rych dokonuj\u0119 w imi\u0119 mojego Ojca, \u015bwiadcz\u0105 o Mnie. Ale wy nie wierzycie, bo nie jeste\u015bcie z moich owiec.<\/b><\/span><\/span><\/span><\/p>\n<p align=\"justify\"><span style=\"color: #000000;\"><span style=\"font-family: Book Antiqua, serif;\"><span style=\"font-size: large;\"><b>Moje owce s\u0142uchaj\u0105 mojego g\u0142osu, a Ja znam je. Id\u0105 one za Mn\u0105 i Ja daj\u0119 im \u017cycie wieczne. Nie zgin\u0105 one na wieki i nikt nie wyrwie ich z mojej r\u0119ki. <\/b><\/span><\/span><\/span><\/p>\n<p align=\"justify\"><span style=\"color: #000000;\"><span style=\"font-family: Book Antiqua, serif;\"><span style=\"font-size: large;\"><b>Ojciec m\u00f3j, kt\u00f3ry Mi je da\u0142, jest wi\u0119kszy od wszystkich. I nikt nie mo\u017ce ich wyrwa\u0107 z r\u0119ki mego Ojca. Ja i Ojciec jedno jeste\u015bmy\u201d.<\/b><\/span><\/span><\/span><\/p>\n<p align=\"justify\">\n<p align=\"justify\">\n<p align=\"justify\">\n<p align=\"justify\">\n<p align=\"justify\">\n<p align=\"center\"><span style=\"color: #000000;\"><span style=\"font-family: Book Antiqua, serif;\"><span style=\"font-size: large;\"><b>A <\/b><b>OTO S\u0141\u00d3WKO SZYMONA SALI:<\/b><\/span><\/span><\/span><\/p>\n<p align=\"center\">\n<p align=\"center\">\n<p align=\"center\">\n<p align=\"center\">\n<p align=\"center\">\n<p align=\"justify\"><span style=\"color: #000000;\"><span style=\"font-family: Book Antiqua, serif;\"><span style=\"font-size: large;\">Nie powinni\u015bmy zniech\u0119ca\u0107 si\u0119, gdy kto\u015b krytykuje nasz\u0105 wiar\u0119. Nie powinni\u015bmy r\u00f3wnie\u017c poddawa\u0107 si\u0119, gdy przez wiar\u0119 doznajemy cierpienia. Wiara jest si\u0142\u0105, kt\u00f3ra z beznadziejnych sytuacji potrafi uczyni\u0107 wielkie dobro. Bo za wiar\u0105 nie kryj\u0105 si\u0119 wy\u0142\u0105cznie przekonania, a sam prawdziwy B\u00f3g \u2013 Stworzyciel wszelkiego stworzenia.<\/span><\/span><\/span><\/p>\n<p align=\"justify\"><span style=\"color: #000000;\"><span style=\"font-family: Book Antiqua, serif;\"><span style=\"font-size: large;\">I tak sp\u00f3jrzmy na dzisiejsze pierwsze czytanie: <i><b>Ci, kt\u00f3rych rozproszy\u0142o prze\u015bladowanie, jakie wybuch\u0142o z powodu Szczepana, dotarli a\u017c do Fenicji, na Cypr i do Antiochii, g\u0142osz\u0105c s\u0142owo samym tylko \u017bydom. Niekt\u00f3rzy z nich pochodzili z Cypru i z Cyreny. Oni to po przybyciu do Antiochii przemawiali te\u017c do Grek\u00f3w i g\u0142osili Dobr\u0105 Nowin\u0119 o Panu Jezusie. A r\u0119ka Pa\u0144ska by\u0142a z nimi, bo wielka liczba uwierzy\u0142a i nawr\u00f3ci\u0142a si\u0119 do Pana.<\/b><\/i><\/span><\/span><\/span><\/p>\n<p align=\"justify\"><span style=\"color: #000000;\"><span style=\"font-family: Book Antiqua, serif;\"><span style=\"font-size: large;\">To prze\u015bladowanie i z\u0142o, jakie spotka\u0142o pierwszych chrze\u015bcijan, wysz\u0142o w\u0142a\u015bnie na dobre, bo zmieniaj\u0105c miejsce swojego pobytu, uczniowie Pa\u0144scy g\u0142osili Ewangeli\u0119 w innym miejscu, z jeszcze wi\u0119ksz\u0105 si\u0142\u0105. A to wszystko dzi\u0119ki wierze, z kt\u00f3rej nie zrezygnowali. Co wi\u0119cej, to ca\u0142e wydarzenie przyczyni\u0142o si\u0119 do mocnego do\u015bwiadczenia i \u015bwiadectwa, kt\u00f3re przekazane jest dzisiaj nam. Mianowicie, wiara, kt\u00f3ra nie ulega presji, kt\u00f3ra utwierdzona jest w prawdziwym Bogu, jest przyk\u0142adem czego\u015b bardzo realnego \u2013 tak realnego, \u017ce cz\u0142owiek jest got\u00f3w odda\u0107 za ni\u0105 \u017cycie.<\/span><\/span><\/span><\/p>\n<p align=\"justify\"><span style=\"color: #000000;\"><span style=\"font-family: Book Antiqua, serif;\"><span style=\"font-size: large;\">Kto\u015b m\u00f3g\u0142by powiedzie\u0107, \u017ce to g\u0142upota oddawa\u0107 \u017cycie za wiar\u0119. Ten w\u0142a\u015bnie dzisiejszy fragment Ksi\u0119gi Dziej\u00f3w Apostolskich pokazuje, dlaczego tak nie jest. Po pierwsze, ci prze\u015bladowani ludzie nie szukali \u015bmierci, a ratuj\u0105c si\u0119 rozumowym podej\u015bciem \u2013 to prawda, \u017ce spowodowanym przez strach \u2013 rozproszyli si\u0119, aby w\u0142a\u015bnie tej \u015bmierci unikn\u0105\u0107. Po drugie, oni w tym momencie nie oddali \u017cycia za wiar\u0119 \u2013 ten fragment opisuje w\u0142a\u015bciwie odwrotn\u0105 sytuacj\u0119: <i><b>pozyskano wtedy wielk\u0105 liczb\u0119 wiernych dla Pana.<\/b><\/i><\/span><\/span><\/span><\/p>\n<p align=\"justify\"><span style=\"color: #000000;\"><span style=\"font-family: Book Antiqua, serif;\"><span style=\"font-size: large;\">Jak wa\u017cna jest to dla nas nauka, bo kto z nas by\u0142by w stanie dzisiaj tyle zaryzykowa\u0107? A zdarza si\u0119 niestety, \u017ce my w obliczu b\u0142ahych spraw oddajemy nasz\u0105 wiar\u0119. I w\u0142a\u015bnie tego chce Szatan, bo poprzez r\u00f3\u017cne propozycje dzisiejszego \u015bwiata chce w nas os\u0142abi\u0107 wiar\u0119, bo ze s\u0142abej wiary pro\u015bciej jest zrezygnowa\u0107.<\/span><\/span><\/span><\/p>\n<p align=\"justify\"><span style=\"color: #000000;\"><span style=\"font-family: Book Antiqua, serif;\"><span style=\"font-size: large;\">Wiara natomiast nie jest s\u0142abo\u015bci\u0105 i nie powinni\u015bmy dawa\u0107 si\u0119 przekona\u0107, \u017ce jest inaczej. Czasem mo\u017ce chcieliby\u015bmy, aby wiara sta\u0142a si\u0119 pewno\u015bci\u0105 \u2013 by\u0142oby nam pro\u015bciej. Dlaczego tak nie mo\u017ce by\u0107? Podobne pytanie zadali dzisiaj w Ewangelii \u017bydzi: <i><b>Dok\u0105d b\u0119dziesz nas trzyma\u0142 w niepewno\u015bci? Je\u015bli Ty jeste\u015b Mesjaszem, powiedz nam otwarcie! <\/b><\/i><\/span><\/span><\/span><\/p>\n<p align=\"justify\"><span style=\"color: #000000;\"><span style=\"font-family: Book Antiqua, serif;\"><span style=\"font-size: large;\">Sytuacja ta jest w sumie zabawna, bo Jezus w\u0142a\u015bnie im to otwarcie m\u00f3wi i to chyba nie pierwszy raz: <i><b>Powiedzia\u0142em wam, a nie wierzycie. Czyny, kt\u00f3rych dokonuj\u0119 w imi\u0119 mojego Ojca, \u015bwiadcz\u0105 o Mnie. Ale wy nie wierzycie, bo nie jeste\u015bcie z moich owiec.<\/b><\/i><b> <\/b><\/span><\/span><\/span><\/p>\n<p align=\"justify\"><span style=\"color: #000000;\"><span style=\"font-family: Book Antiqua, serif;\"><span style=\"font-size: large;\">\u017bydzi otrzymali t\u0119 odpowied\u017a wprost, my si\u0119 teraz mo\u017cemy z nich \u015bmia\u0107, ale w\u0142a\u015bciwie jeste\u015bmy w podobnej sytuacji, a mo\u017ce nawet w gorszej, bo Jezus obecnie nie <i><b>przechadza si\u0119 w \u015bwi\u0105tyni, w portyku Salomona<\/b><\/i><b> <\/b>i nie mo\u017cemy go tak po prostu zapyta\u0107. Ale czy na pewno? W\u0142a\u015bnie! Czy maj\u0105c w\u0105tpliwo\u015bci, kryzysy \u2013 przychodz\u0119 z nimi do Jezusa i pytam Go wprost, aby odpowiedzia\u0142 na moje pytania, czy mo\u017ce z g\u00f3ry przyjmuj\u0119 swoje przekonania?<\/span><\/span><\/span><\/p>\n<p align=\"justify\"><span style=\"color: #000000;\"><span style=\"font-family: Book Antiqua, serif;\"><span style=\"font-size: large;\">Sp\u00f3jrzmy tak szczerze na w\u0142asn\u0105 wiar\u0119. Czy naprawd\u0119 w naszym \u017cyciu nie do\u015bwiadczamy cud\u00f3w \u2013 albo tak bardziej trywialnie: nag\u0142ych \u201ezbieg\u00f3w okoliczno\u015bci\u201d? Takie podej\u015bcie do sprawy mo\u017ce kogo\u015b nie przekonywa\u0107 i nie jest to nic nowego \u2013 na kartach Pisma \u015awi\u0119tego jest wiele sytuacji, kiedy to kto\u015b do\u015bwiadcza cudu, a jego wiara jest taka, jaka by\u0142a. Je\u015bli kto\u015b b\u0119dzie chcia\u0142 wiar\u0119 odrzuci\u0107, to j\u0105 po prostu odrzuci. Wiara to nie choroba, kt\u00f3ra trzyma si\u0119 cz\u0142owieka bez jego woli. Wiara jest raczej p\u0142aszczem, kt\u00f3ry chc\u0119 za\u0142o\u017cy\u0107, aby si\u0119 ochroni\u0107 przed wiatrem, deszczem i zimnem\u2026<\/span><\/span><\/span><\/p>\n<p align=\"justify\"><span style=\"color: #000000;\"><span style=\"font-family: Book Antiqua, serif;\"><span style=\"font-size: large;\">Chrystus dzisiaj nie pr\u00f3buje nas na si\u0142\u0119 przekonywa\u0107 do wiary \u2013 On nigdy tego nie robi. Wiara jest \u015bwiadomym, wolnym, ludzkim wyborem. Nie pozostawia nas jednak bez s\u0142owa \u2013 podaje nam pow\u00f3d naszych kryzys\u00f3w, czy nawet braku wiary: <i><b>Ale wy nie wierzycie, bo nie jeste\u015bcie z moich owiec. <\/b><\/i>Czy to oznacza, \u017ce brak lub s\u0142abo\u015b\u0107 mojej wiary wpisane jest w moje DNA? <\/span><\/span><\/span><\/p>\n<p align=\"justify\"><span style=\"color: #000000;\"><span style=\"font-family: Book Antiqua, serif;\"><span style=\"font-size: large;\">Zdecydowanie nie! Werset dalej czytamy: <i><b>Moje owce s\u0142uchaj\u0105 mego g\u0142osu, a Ja znam je. Id\u0105 one za Mn\u0105, a Ja daj\u0119 im \u017cycie wieczne. Nie zgin\u0105 na wieki i nikt nie wyrwie ich z mojej r\u0119ki. Ojciec m\u00f3j, kt\u00f3ry Mi je da\u0142, jest wi\u0119kszy od wszystkich. I nikt nie mo\u017ce ich wyrwa\u0107 z r\u0119ki mego Ojca. Ja i Ojciec jedno jeste\u015bmy.<\/b><\/i><b> <\/b><\/span><\/span><\/span><\/p>\n<p align=\"justify\"><span style=\"color: #000000;\"><span style=\"font-family: Book Antiqua, serif;\"><span style=\"font-size: large;\">Wiara to s\u0142uchanie g\u0142osu Pasterza i przekonywanie si\u0119 codziennie o tym, \u017ce ten g\u0142os prowadzi do szcz\u0119\u015bcia.<\/span><\/span><\/span><\/p>\n","protected":false},"excerpt":{"rendered":"<p>Szcz\u0119\u015b\u0107 Bo\u017ce! Drodzy moi, w dniu dzisiejszym rocznic\u0119 zawarcia sakramentalnego Ma\u0142\u017ce\u0144stwa prze\u017cywaj\u0105 Izabela i Micha\u0142 Jaro\u0144cowie. Micha\u0142 by\u0142 Ministrantem w Parafii mojego pierwszego wikariatu. Urodziny natomiast prze\u017cywa Pawe\u0142 Baczkura, nale\u017c\u0105cy w swoim czasie do jednej z m\u0142odzie\u017cowych Wsp\u00f3lnot. Wszystkim \u015bwi\u0119tuj\u0105cym dzi\u015b \u017cycz\u0119 odwagi i \u015bwiat\u0142a do mocnego i przekonuj\u0105cego \u015bwiadczenia o Chrystusie Zmartwychwsta\u0142ym. Zapewniam o [&hellip;]<\/p>\n","protected":false},"author":1,"featured_media":0,"comment_status":"open","ping_status":"open","sticky":false,"template":"","format":"standard","meta":{"jetpack_post_was_ever_published":false,"_jetpack_newsletter_access":"","_jetpack_dont_email_post_to_subs":false,"_jetpack_newsletter_tier_id":0,"_jetpack_memberships_contains_paywalled_content":false,"_jetpack_memberships_contains_paid_content":false,"footnotes":""},"categories":[1],"tags":[],"class_list":["post-24832","post","type-post","status-publish","format-standard","hentry","category-bez-kategorii"],"yoast_head":"<!-- This site is optimized with the Yoast SEO plugin v25.1 - https:\/\/yoast.com\/wordpress\/plugins\/seo\/ -->\n<title>Wiara - i rozum?... - Gaudium Et Spes<\/title>\n<meta name=\"robots\" content=\"index, follow, max-snippet:-1, max-image-preview:large, max-video-preview:-1\" \/>\n<link rel=\"canonical\" href=\"https:\/\/gaudiumetspes-blog.pl\/index.php\/2026\/04\/28\/wiara-i-rozum\/\" \/>\n<meta property=\"og:locale\" content=\"pl_PL\" \/>\n<meta property=\"og:type\" content=\"article\" \/>\n<meta property=\"og:title\" content=\"Wiara - i rozum?... - Gaudium Et Spes\" \/>\n<meta property=\"og:description\" content=\"Szcz\u0119\u015b\u0107 Bo\u017ce! Drodzy moi, w dniu dzisiejszym rocznic\u0119 zawarcia sakramentalnego Ma\u0142\u017ce\u0144stwa prze\u017cywaj\u0105 Izabela i Micha\u0142 Jaro\u0144cowie. Micha\u0142 by\u0142 Ministrantem w Parafii mojego pierwszego wikariatu. Urodziny natomiast prze\u017cywa Pawe\u0142 Baczkura, nale\u017c\u0105cy w swoim czasie do jednej z m\u0142odzie\u017cowych Wsp\u00f3lnot. Wszystkim \u015bwi\u0119tuj\u0105cym dzi\u015b \u017cycz\u0119 odwagi i \u015bwiat\u0142a do mocnego i przekonuj\u0105cego \u015bwiadczenia o Chrystusie Zmartwychwsta\u0142ym. Zapewniam o [&hellip;]\" \/>\n<meta property=\"og:url\" content=\"https:\/\/gaudiumetspes-blog.pl\/index.php\/2026\/04\/28\/wiara-i-rozum\/\" \/>\n<meta property=\"og:site_name\" content=\"Gaudium Et Spes\" \/>\n<meta property=\"article:published_time\" content=\"2026-04-28T06:01:49+00:00\" \/>\n<meta name=\"author\" content=\"Ks. Jacek\" \/>\n<meta name=\"twitter:card\" content=\"summary_large_image\" \/>\n<meta name=\"twitter:label1\" content=\"Napisane przez\" \/>\n\t<meta name=\"twitter:data1\" content=\"Ks. Jacek\" \/>\n\t<meta name=\"twitter:label2\" content=\"Szacowany czas czytania\" \/>\n\t<meta name=\"twitter:data2\" content=\"9 minut\" \/>\n<script type=\"application\/ld+json\" class=\"yoast-schema-graph\">{\"@context\":\"https:\/\/schema.org\",\"@graph\":[{\"@type\":\"WebPage\",\"@id\":\"https:\/\/gaudiumetspes-blog.pl\/index.php\/2026\/04\/28\/wiara-i-rozum\/\",\"url\":\"https:\/\/gaudiumetspes-blog.pl\/index.php\/2026\/04\/28\/wiara-i-rozum\/\",\"name\":\"Wiara - i rozum?... - Gaudium Et Spes\",\"isPartOf\":{\"@id\":\"https:\/\/gaudiumetspes-blog.pl\/#website\"},\"datePublished\":\"2026-04-28T06:01:49+00:00\",\"author\":{\"@id\":\"https:\/\/gaudiumetspes-blog.pl\/#\/schema\/person\/1661982992b752dea8dff0d4ed845a65\"},\"breadcrumb\":{\"@id\":\"https:\/\/gaudiumetspes-blog.pl\/index.php\/2026\/04\/28\/wiara-i-rozum\/#breadcrumb\"},\"inLanguage\":\"pl-PL\",\"potentialAction\":[{\"@type\":\"ReadAction\",\"target\":[\"https:\/\/gaudiumetspes-blog.pl\/index.php\/2026\/04\/28\/wiara-i-rozum\/\"]}]},{\"@type\":\"BreadcrumbList\",\"@id\":\"https:\/\/gaudiumetspes-blog.pl\/index.php\/2026\/04\/28\/wiara-i-rozum\/#breadcrumb\",\"itemListElement\":[{\"@type\":\"ListItem\",\"position\":1,\"name\":\"Strona g\u0142\u00f3wna\",\"item\":\"https:\/\/gaudiumetspes-blog.pl\/\"},{\"@type\":\"ListItem\",\"position\":2,\"name\":\"Wiara &#8211; i rozum?&#8230;\"}]},{\"@type\":\"WebSite\",\"@id\":\"https:\/\/gaudiumetspes-blog.pl\/#website\",\"url\":\"https:\/\/gaudiumetspes-blog.pl\/\",\"name\":\"Gaudium Et Spes\",\"description\":\"Blog Ks. Jacka Ja\u015bkowskiego\",\"potentialAction\":[{\"@type\":\"SearchAction\",\"target\":{\"@type\":\"EntryPoint\",\"urlTemplate\":\"https:\/\/gaudiumetspes-blog.pl\/?s={search_term_string}\"},\"query-input\":{\"@type\":\"PropertyValueSpecification\",\"valueRequired\":true,\"valueName\":\"search_term_string\"}}],\"inLanguage\":\"pl-PL\"},{\"@type\":\"Person\",\"@id\":\"https:\/\/gaudiumetspes-blog.pl\/#\/schema\/person\/1661982992b752dea8dff0d4ed845a65\",\"name\":\"Ks. Jacek\",\"image\":{\"@type\":\"ImageObject\",\"inLanguage\":\"pl-PL\",\"@id\":\"https:\/\/gaudiumetspes-blog.pl\/#\/schema\/person\/image\/\",\"url\":\"https:\/\/gaudiumetspes-blog.pl\/wp-content\/uploads\/2019\/07\/avatar-JJ-150x150.jpg\",\"contentUrl\":\"https:\/\/gaudiumetspes-blog.pl\/wp-content\/uploads\/2019\/07\/avatar-JJ-150x150.jpg\",\"caption\":\"Ks. Jacek\"},\"description\":\"Witam serdecznie! K\u0142ania si\u0119 Ks. Jacek Ja\u015bkowski. Nie jestem ani kim\u015b wa\u017cnym, ani kim\u015b znanym. Jestem ksi\u0119dzem, kt\u00f3ry po prostu chce rozmawia\u0107. Codzienna kap\u0142a\u0144ska pos\u0142uga pokazuje mi, \u017ce temat\u00f3w do rozm\u00f3w z ksi\u0119dzem jest coraz wi\u0119cej i dzisiaj \u017caden ksi\u0105dz nie mo\u017ce od nich ucieka\u0107, ale - wprost przeciwnie - podejmowa\u0107 nowe wyzwania. To przekonanie sk\u0142oni\u0142o mnie do pr\u00f3by otwarcia tego\u017c bloga, chocia\u017c okazji do rozm\u00f3w na co dzie\u0144 - w konfesjonale i poza nim - na szcz\u0119\u015bcie nie brakuje. My\u015bl\u0119 jednak, \u017ce ten blog b\u0119dzie jeszcze jednym sposobem i przestrzeni\u0105 nawi\u0105zania kontaktu z lud\u017ami dobrej woli, otwartymi na dialog.\",\"url\":\"https:\/\/gaudiumetspes-blog.pl\/index.php\/author\/ks-jacek\/\"}]}<\/script>\n<!-- \/ Yoast SEO plugin. -->","yoast_head_json":{"title":"Wiara - i rozum?... - Gaudium Et Spes","robots":{"index":"index","follow":"follow","max-snippet":"max-snippet:-1","max-image-preview":"max-image-preview:large","max-video-preview":"max-video-preview:-1"},"canonical":"https:\/\/gaudiumetspes-blog.pl\/index.php\/2026\/04\/28\/wiara-i-rozum\/","og_locale":"pl_PL","og_type":"article","og_title":"Wiara - i rozum?... - Gaudium Et Spes","og_description":"Szcz\u0119\u015b\u0107 Bo\u017ce! Drodzy moi, w dniu dzisiejszym rocznic\u0119 zawarcia sakramentalnego Ma\u0142\u017ce\u0144stwa prze\u017cywaj\u0105 Izabela i Micha\u0142 Jaro\u0144cowie. Micha\u0142 by\u0142 Ministrantem w Parafii mojego pierwszego wikariatu. Urodziny natomiast prze\u017cywa Pawe\u0142 Baczkura, nale\u017c\u0105cy w swoim czasie do jednej z m\u0142odzie\u017cowych Wsp\u00f3lnot. Wszystkim \u015bwi\u0119tuj\u0105cym dzi\u015b \u017cycz\u0119 odwagi i \u015bwiat\u0142a do mocnego i przekonuj\u0105cego \u015bwiadczenia o Chrystusie Zmartwychwsta\u0142ym. Zapewniam o [&hellip;]","og_url":"https:\/\/gaudiumetspes-blog.pl\/index.php\/2026\/04\/28\/wiara-i-rozum\/","og_site_name":"Gaudium Et Spes","article_published_time":"2026-04-28T06:01:49+00:00","author":"Ks. Jacek","twitter_card":"summary_large_image","twitter_misc":{"Napisane przez":"Ks. Jacek","Szacowany czas czytania":"9 minut"},"schema":{"@context":"https:\/\/schema.org","@graph":[{"@type":"WebPage","@id":"https:\/\/gaudiumetspes-blog.pl\/index.php\/2026\/04\/28\/wiara-i-rozum\/","url":"https:\/\/gaudiumetspes-blog.pl\/index.php\/2026\/04\/28\/wiara-i-rozum\/","name":"Wiara - i rozum?... - Gaudium Et Spes","isPartOf":{"@id":"https:\/\/gaudiumetspes-blog.pl\/#website"},"datePublished":"2026-04-28T06:01:49+00:00","author":{"@id":"https:\/\/gaudiumetspes-blog.pl\/#\/schema\/person\/1661982992b752dea8dff0d4ed845a65"},"breadcrumb":{"@id":"https:\/\/gaudiumetspes-blog.pl\/index.php\/2026\/04\/28\/wiara-i-rozum\/#breadcrumb"},"inLanguage":"pl-PL","potentialAction":[{"@type":"ReadAction","target":["https:\/\/gaudiumetspes-blog.pl\/index.php\/2026\/04\/28\/wiara-i-rozum\/"]}]},{"@type":"BreadcrumbList","@id":"https:\/\/gaudiumetspes-blog.pl\/index.php\/2026\/04\/28\/wiara-i-rozum\/#breadcrumb","itemListElement":[{"@type":"ListItem","position":1,"name":"Strona g\u0142\u00f3wna","item":"https:\/\/gaudiumetspes-blog.pl\/"},{"@type":"ListItem","position":2,"name":"Wiara &#8211; i rozum?&#8230;"}]},{"@type":"WebSite","@id":"https:\/\/gaudiumetspes-blog.pl\/#website","url":"https:\/\/gaudiumetspes-blog.pl\/","name":"Gaudium Et Spes","description":"Blog Ks. Jacka Ja\u015bkowskiego","potentialAction":[{"@type":"SearchAction","target":{"@type":"EntryPoint","urlTemplate":"https:\/\/gaudiumetspes-blog.pl\/?s={search_term_string}"},"query-input":{"@type":"PropertyValueSpecification","valueRequired":true,"valueName":"search_term_string"}}],"inLanguage":"pl-PL"},{"@type":"Person","@id":"https:\/\/gaudiumetspes-blog.pl\/#\/schema\/person\/1661982992b752dea8dff0d4ed845a65","name":"Ks. Jacek","image":{"@type":"ImageObject","inLanguage":"pl-PL","@id":"https:\/\/gaudiumetspes-blog.pl\/#\/schema\/person\/image\/","url":"https:\/\/gaudiumetspes-blog.pl\/wp-content\/uploads\/2019\/07\/avatar-JJ-150x150.jpg","contentUrl":"https:\/\/gaudiumetspes-blog.pl\/wp-content\/uploads\/2019\/07\/avatar-JJ-150x150.jpg","caption":"Ks. Jacek"},"description":"Witam serdecznie! K\u0142ania si\u0119 Ks. Jacek Ja\u015bkowski. Nie jestem ani kim\u015b wa\u017cnym, ani kim\u015b znanym. Jestem ksi\u0119dzem, kt\u00f3ry po prostu chce rozmawia\u0107. Codzienna kap\u0142a\u0144ska pos\u0142uga pokazuje mi, \u017ce temat\u00f3w do rozm\u00f3w z ksi\u0119dzem jest coraz wi\u0119cej i dzisiaj \u017caden ksi\u0105dz nie mo\u017ce od nich ucieka\u0107, ale - wprost przeciwnie - podejmowa\u0107 nowe wyzwania. To przekonanie sk\u0142oni\u0142o mnie do pr\u00f3by otwarcia tego\u017c bloga, chocia\u017c okazji do rozm\u00f3w na co dzie\u0144 - w konfesjonale i poza nim - na szcz\u0119\u015bcie nie brakuje. My\u015bl\u0119 jednak, \u017ce ten blog b\u0119dzie jeszcze jednym sposobem i przestrzeni\u0105 nawi\u0105zania kontaktu z lud\u017ami dobrej woli, otwartymi na dialog.","url":"https:\/\/gaudiumetspes-blog.pl\/index.php\/author\/ks-jacek\/"}]}},"jetpack_featured_media_url":"","jetpack_sharing_enabled":true,"_links":{"self":[{"href":"https:\/\/gaudiumetspes-blog.pl\/index.php\/wp-json\/wp\/v2\/posts\/24832","targetHints":{"allow":["GET"]}}],"collection":[{"href":"https:\/\/gaudiumetspes-blog.pl\/index.php\/wp-json\/wp\/v2\/posts"}],"about":[{"href":"https:\/\/gaudiumetspes-blog.pl\/index.php\/wp-json\/wp\/v2\/types\/post"}],"author":[{"embeddable":true,"href":"https:\/\/gaudiumetspes-blog.pl\/index.php\/wp-json\/wp\/v2\/users\/1"}],"replies":[{"embeddable":true,"href":"https:\/\/gaudiumetspes-blog.pl\/index.php\/wp-json\/wp\/v2\/comments?post=24832"}],"version-history":[{"count":1,"href":"https:\/\/gaudiumetspes-blog.pl\/index.php\/wp-json\/wp\/v2\/posts\/24832\/revisions"}],"predecessor-version":[{"id":24833,"href":"https:\/\/gaudiumetspes-blog.pl\/index.php\/wp-json\/wp\/v2\/posts\/24832\/revisions\/24833"}],"wp:attachment":[{"href":"https:\/\/gaudiumetspes-blog.pl\/index.php\/wp-json\/wp\/v2\/media?parent=24832"}],"wp:term":[{"taxonomy":"category","embeddable":true,"href":"https:\/\/gaudiumetspes-blog.pl\/index.php\/wp-json\/wp\/v2\/categories?post=24832"},{"taxonomy":"post_tag","embeddable":true,"href":"https:\/\/gaudiumetspes-blog.pl\/index.php\/wp-json\/wp\/v2\/tags?post=24832"}],"curies":[{"name":"wp","href":"https:\/\/api.w.org\/{rel}","templated":true}]}}