{"id":24834,"date":"2026-04-29T08:31:10","date_gmt":"2026-04-29T06:31:10","guid":{"rendered":"https:\/\/gaudiumetspes-blog.pl\/?p=24834"},"modified":"2026-04-29T08:31:10","modified_gmt":"2026-04-29T06:31:10","slug":"im-mniej-nas-w-nas","status":"publish","type":"post","link":"https:\/\/gaudiumetspes-blog.pl\/index.php\/2026\/04\/29\/im-mniej-nas-w-nas\/","title":{"rendered":"Im mniej nas w nas&#8230;"},"content":{"rendered":"<p align=\"justify\"><span style=\"color: #000000;\"><span style=\"font-family: Book Antiqua, serif;\"><span style=\"font-size: large;\">Szcz\u0119\u015b\u0107 Bo\u017ce! Moi Drodzy, w dniu dzisiejszym <b>u<\/b><b>rodziny prze\u017cywa Siostra Paula Bronisz, pochodz\u0105ca z mojej pierwszej Parafii, gdzie zna\u0142em J\u0105 jako Agnieszk\u0119, gdy anga\u017cowa\u0142a si\u0119 w dzia\u0142alno\u015b\u0107 Wsp\u00f3lnoty m\u0142odzie\u017cowej.<\/b><\/span><\/span><\/span><\/p>\n<p align=\"justify\"><span style=\"color: #000000;\"><span style=\"font-family: Book Antiqua, serif;\"><span style=\"font-size: large;\"><b>Urodziny prze\u017cywa dzi\u015b tak\u017ce Kamil Krupa, za moich czas\u00f3w \u2013 Lektor w Celestynowie.<\/b><\/span><\/span><\/span><\/p>\n<p align=\"justify\"><span style=\"color: #000000;\"><span style=\"font-family: Book Antiqua, serif;\"><span style=\"font-size: large;\"><b>\u017bycz\u0119 Wszystkim dzisiaj \u015bwi\u0119tuj\u0105cym, by starali si\u0119 wci\u0105\u017c wzmacnia\u0107 swoj\u0105 osobist\u0105 przyja\u017a\u0144 z Jezusem! Zapewniam o modlitwie!<\/b><\/span><\/span><\/span><\/p>\n<p align=\"justify\"><span style=\"color: #000000;\"><span style=\"font-family: Book Antiqua, serif;\"><span style=\"font-size: medium;\"><span style=\"font-size: large;\">Drodzy <\/span><span style=\"font-size: large;\">moi<\/span><span style=\"font-size: large;\">, <\/span><span style=\"font-size: large;\">pozdrawiam Was <\/span><span style=\"font-size: large;\">z Siedlec, gdzie od 10:00 do 15:00 planuj\u0119 dy\u017cur duszpasterski na Wydzia\u0142ach w gmachu przy ulicy 3 Maja, a o 19:00 \u2013 jak co \u015brod\u0119 \u2013 Msz\u0119 \u015awi\u0119t\u0105 w intencji \u015arodowiska Akademickiego, Duszpasterstwa Akademickiego i M\u0142odzie\u017cy w Ko\u015bciele. Po niej \u2013 adoracja Naj\u015bwi\u0119tszego Sakramentu <\/span><span style=\"font-size: large;\">do godziny 21:00 i Apel Maryjny.<\/span><\/span><\/span><\/span><\/p>\n<p align=\"justify\"><span style=\"color: #000000;\"><span style=\"font-family: Book Antiqua, serif;\"><span style=\"font-size: medium;\"><span style=\"font-size: large;\">Potem planujemy kr\u00f3tkie, ale bardzo zasadnicze spotkanie BANDY \u00abCZARNEGO\u00bb \u2013 spotkanie definitywnie porz\u0105dkuj\u0105ce jej dzia\u0142alno\u015b\u0107.<\/span><\/span><\/span><\/span><\/p>\n<p align=\"justify\"><span style=\"color: #000000;\"><span style=\"font-family: Book Antiqua, serif;\"><span style=\"font-size: medium;\"><span style=\"font-size: large;\">Teraz za\u015b ju\u017c <\/span><span style=\"font-size: large;\">zapraszam ju\u017c do pochylenia si\u0119 nad Bo\u017cym s\u0142owem dzisiejszej liturgii. <\/span><span style=\"font-size: large;\">Oto s\u0142\u00f3wko Ksi\u0119dza Marka na dzi\u015b:<\/span><\/span><\/span><\/span><\/p>\n<p align=\"justify\"><span style=\"color: #000000;\"><span style=\"font-family: Book Antiqua, serif;\"><span style=\"font-size: medium;\"><a href=\"https:\/\/www.youtube.com\/c\/CatholicSurgut\"><span style=\"font-size: large;\"><span lang=\"zxx\"><u><b>https:\/\/www.youtube.com\/c\/CatholicSurgut<\/b><\/u><\/span><\/span><\/a><\/span><\/span><\/span><\/p>\n<p align=\"justify\"><span style=\"color: #000000;\"><span style=\"font-family: Book Antiqua, serif;\"><span style=\"font-size: large;\"><span lang=\"zxx\">Zatem, <\/span><span lang=\"zxx\">c<\/span>o Pan \u2013 w swoim S\u0142owie \u2013 <b>konkretnie do mnie m\u00f3wi? Z jakim osobistym przes\u0142aniem zwraca si\u0119 do mnie?<\/b> Duchu \u015awi\u0119ty, pom\u00f3\u017c do odkry\u0107 i w \u017cyciu zastosowa\u0107!<\/span><\/span><\/span><\/p>\n<p align=\"justify\"><span style=\"color: #000000;\"><span style=\"font-family: Book Antiqua, serif;\"><span style=\"font-size: large;\"><b>Niech Was b\u0142ogos\u0142awi B\u00f3g Wszechmog\u0105cy: Ojciec + i Syn, i Duch \u015awi\u0119ty. Amen<\/b><\/span><\/span><\/span><\/p>\n<p align=\"center\"><span style=\"color: #000000;\"><span style=\"font-family: Book Antiqua, serif;\"><span style=\"font-size: large;\">Gaudium et spes! Ks. Jacek<\/span><\/span><\/span><\/p>\n<p align=\"center\">\n<p align=\"center\">\n<p align=\"center\">\n<p align=\"center\">\n<p align=\"center\">\n<p align=\"justify\"><span style=\"color: #000000;\"><span style=\"font-family: Book Antiqua, serif;\"><span style=\"font-size: large;\"><b>\u015awi\u0119to \u015awi\u0119tej Katarzyny Siene\u0144skiej, Patronki Europy,<\/b><\/span><\/span><\/span><\/p>\n<p align=\"justify\"><span style=\"color: #000000;\"><span style=\"font-family: Book Antiqua, serif;\"><span style=\"font-size: large;\"><b>29 kwietnia 2026.,\u00a0<\/b><\/span><\/span><\/span><\/p>\n<p align=\"justify\"><span style=\"color: #000000;\"><span style=\"font-family: Book Antiqua, serif;\"><span style=\"font-size: large;\"><b>do czyta\u0144 z t. VI Lekcjonarza: 1 J 1,5\u20132,2; Mt 11,25\u201330<\/b><\/span><\/span><\/span><\/p>\n<p align=\"justify\">\n<p align=\"justify\">\n<p align=\"justify\">\n<p align=\"justify\">\n<p align=\"justify\">\n<p align=\"justify\"><span style=\"color: #000000;\"><span style=\"font-family: Book Antiqua, serif;\"><span style=\"font-size: large;\"><b>CZYTANIE Z PIERWSZEGO LISTU \u015aWI\u0118TEGO JANA APOSTO\u0141A: <\/b><\/span><\/span><\/span><\/p>\n<p align=\"justify\"><span style=\"color: #000000;\"><span style=\"font-family: Book Antiqua, serif;\"><span style=\"font-size: large;\"><b>Najmilsi: Nowina, kt\u00f3r\u0105 us\u0142yszeli\u015bmy od Jezusa Chrystusa i kt\u00f3r\u0105 wam g\u0142osimy, jest taka: B\u00f3g jest \u015bwiat\u0142o\u015bci\u0105, a nie ma w Nim \u017cadnej ciemno\u015bci. Je\u017celi m\u00f3wimy, \u017ce mamy z Nim wsp\u00f3\u0142uczestnictwo, a chodzimy w ciemno\u015bci, k\u0142amiemy i nie post\u0119pujemy zgodnie z prawd\u0105. Je\u017celi za\u015b chodzimy w \u015bwiat\u0142o\u015bci, tak jak On sam trwa w \u015bwiat\u0142o\u015bci, wtedy mamy jedni z drugimi wsp\u00f3\u0142uczestnictwo, a krew Jezusa, Syna Jego, oczyszcza nas z wszelkiego grzechu. <\/b><\/span><\/span><\/span><\/p>\n<p align=\"justify\"><span style=\"color: #000000;\"><span style=\"font-family: Book Antiqua, serif;\"><span style=\"font-size: large;\"><b>Je\u015bli m\u00f3wimy, \u017ce nie mamy grzechu, to samych siebie oszukujemy i nie ma w nas prawdy. Je\u017celi wyznajemy nasze grzechy, B\u00f3g b\u0119d\u0105c wiernym i sprawiedliwym odpu\u015bci je nam i oczy\u015bci nas z wszelkiej nieprawo\u015bci. Je\u015bli powiemy, \u017ce nie zgrzeszyli\u015bmy, czynimy Go k\u0142amc\u0105 i nie ma w nas Jego nauki. <\/b><\/span><\/span><\/span><\/p>\n<p align=\"justify\"><span style=\"color: #000000;\"><span style=\"font-family: Book Antiqua, serif;\"><span style=\"font-size: large;\"><b>Dzieci moje, pisz\u0119 wam to dlatego, \u017ceby\u015bcie nie grzeszyli. Je\u015bliby nawet kto\u015b zgrzeszy\u0142, mamy Rzecznika wobec Ojca, Jezusa Chrystusa sprawiedliwego. On bowiem jest ofiar\u0105 przeb\u0142agaln\u0105 za nasze grzechy, i nie tylko za nasze, lecz r\u00f3wnie\u017c za grzechy ca\u0142ego \u015bwiata.<\/b><\/span><\/span><\/span><\/p>\n<p align=\"justify\">\n<p align=\"justify\">\n<p align=\"justify\">\n<p align=\"justify\">\n<p align=\"justify\">\n<p align=\"justify\"><span style=\"color: #000000;\"><span style=\"font-family: Book Antiqua, serif;\"><span style=\"font-size: large;\"><b>S\u0141OWA EWANGELII WED\u0141UG \u015aWI\u0118TEGO MATEUSZA: <\/b><\/span><\/span><\/span><\/p>\n<p align=\"justify\"><span style=\"color: #000000;\"><span style=\"font-family: Book Antiqua, serif;\"><span style=\"font-size: large;\"><b>W owym czasie Jezus przem\u00f3wi\u0142 tymi s\u0142owami: \u201eWys\u0142awiam Ci\u0119, Ojcze, Panie nieba i ziemi, \u017ce zakry\u0142e\u015b te rzeczy przed m\u0105drymi i roztropnymi, a objawi\u0142e\u015b je prostaczkom. Tak, Ojcze, gdy\u017c takie by\u0142o Twoje upodobanie. <\/b><\/span><\/span><\/span><\/p>\n<p align=\"justify\"><span style=\"color: #000000;\"><span style=\"font-family: Book Antiqua, serif;\"><span style=\"font-size: large;\"><b>Wszystko przekaza\u0142 Mi Ojciec m\u00f3j. Nikt te\u017c nie zna Syna, tylko Ojciec, ani Ojca nikt nie zna, tylko Syn, i ten, komu Syn zechce objawi\u0107. <\/b><\/span><\/span><\/span><\/p>\n<p align=\"justify\"><span style=\"color: #000000;\"><span style=\"font-family: Book Antiqua, serif;\"><span style=\"font-size: large;\"><b>Przyjd\u017acie do Mnie wszyscy, kt\u00f3rzy utrudzeni i obci\u0105\u017ceni jeste\u015bcie, a Ja was pokrzepi\u0119. <\/b><\/span><\/span><\/span><\/p>\n<p align=\"justify\"><span style=\"color: #000000;\"><span style=\"font-family: Book Antiqua, serif;\"><span style=\"font-size: large;\"><b>We\u017acie moje jarzmo na siebie i uczcie si\u0119 ode Mnie, bo jestem cichy i pokorny sercem, a znajdziecie ukojenie dla dusz waszych. Albowiem jarzmo moje jest s\u0142odkie, a moje brzemi\u0119 lekkie\u201d.<\/b><\/span><\/span><\/span><\/p>\n<p align=\"justify\">\n<p align=\"justify\">\n<p align=\"justify\">\n<p align=\"justify\">\n<p align=\"justify\">\n<p align=\"justify\"><span style=\"color: #000000;\"><span style=\"font-family: Book Antiqua, serif;\"><span style=\"font-size: large;\">Patronka dnia dzisiejszego, <b>Katarzyna Benincasa, urodzi\u0142a si\u0119 w Sienie, w roku 1347.<\/b> Ju\u017c od najm\u0142odszych lat pragn\u0119\u0142a doskona\u0142o\u015bci: jako kilkuletnia dziewczynka by\u0142a przenikni\u0119ta duchem pobo\u017cno\u015bci. Wspierana Bo\u017c\u0105 \u0142ask\u0105, <b>w wieku <\/b><b>lat <\/b><b>siedmiu<\/b><b> z\u0142o\u017cy\u0142a Bogu w ofierze swoje dziewictwo.<\/b> Kiedy za\u015b mia\u0142a lat dwana\u015bcie, dosz\u0142o po raz pierwszy do konfrontacji z matk\u0105, kt\u00f3ra chcia\u0142a, by Katarzyna wiod\u0142a \u017cycie takie, jakie wiod\u0142y wszystkie jej kole\u017canki, <b>a wi\u0119c <\/b><b>korzysta\u0142a z przyjemno\u015bci,<\/b> jakich dostarcza m\u0142odo\u015b\u0107. Katarzyna jednak <b>marzy\u0142a o ca\u0142kowitym oddaniu si\u0119 Panu Bogu. <\/b><\/span><\/span><\/span><\/p>\n<p align=\"justify\"><span style=\"color: #000000;\"><span style=\"font-family: Book Antiqua, serif;\"><span style=\"font-size: large;\">I dlatego to w\u0142a\u015bnie wbrew woli rodzic\u00f3w obci\u0119\u0142a sobie w\u0142osy i zacz\u0119\u0142a prowadzi\u0107 \u017cycie pokutne. Zamierza\u0142a najpierw we w\u0142asnym domu uczyni\u0107 sobie pustelni\u0119. Kiedy jednak to okaza\u0142o si\u0119 niemo\u017cliwe, <b>swoje<\/b><b> serce zamieni\u0142a na zakonn\u0105 cel\u0119.<\/b> Tu by\u0142a jej Betania, w kt\u00f3rej spotyka\u0142a si\u0119 na s\u0142odkiej rozmowie z Boskim Oblubie\u0144cem. Z mi\u0142o\u015bci dla Chrystusa pracowa\u0142a nad swoim charakterem, okazuj\u0105c si\u0119 dla wszystkich \u017cyczliw\u0105 i \u0142agodn\u0105, sk\u0142onn\u0105 do us\u0142ug. <b>W woli rodzic\u00f3w zacz\u0119\u0142a upatrywa\u0107 wol\u0119 ukochanego Zbawcy. <\/b><\/span><\/span><\/span><\/p>\n<p align=\"justify\"><span style=\"color: #000000;\"><span style=\"font-family: Book Antiqua, serif;\"><span style=\"font-size: large;\">Pomimo wielu trudno\u015bci ze strony rodziny, w 1363 roku wst\u0105pi\u0142a <b>do <\/b><b>grona<\/b><b> tercjarek dominika\u0144skich w Sienie <\/b>i prowadzi\u0142a tam surowe \u017cycie. Modlitwa, pokuta i pos\u0142ugiwanie tr\u0119dowatym wype\u0142nia\u0142y jej dni. Jad\u0142a sk\u0105po, spa\u0142a bardzo ma\u0142o, gdy\u017c <b>\u017cal jej by\u0142o godzin nie sp\u0119dzonych na modlitwie.<\/b> Cz\u0119sto biczowa\u0142a si\u0119 do krwi. W wieku lat dwudziestu by\u0142a ju\u017c osob\u0105 w pe\u0142ni ukszta\u0142towan\u0105, wielk\u0105 mistyczk\u0105. <b>Pan Jezus cz\u0119sto j\u0105 nawiedza\u0142 \u2013<\/b><b> <\/b><b>sam lub ze swoj\u0105 Matk\u0105.<\/b> Katarzyna sta\u0142a si\u0119 Jego pos\u0142ank\u0105. <\/span><\/span><\/span><\/p>\n<p align=\"justify\"><span style=\"color: #000000;\"><span style=\"font-family: Book Antiqua, serif;\"><span style=\"font-size: large;\">Zacz\u0119\u0142a przemawia\u0107 i pisa\u0107 listy w imieniu Chrystusa do najznakomitszych os\u00f3b \u00f3wczesnej Europy, tak duchownych, jak i \u015bwieckich. Skupi\u0142a ponadto przy sobie <b>spore grono uczni\u00f3w \u2013 <\/b>elit\u0119 Sieny \u2013 dla kt\u00f3rych by\u0142a <b>duchow\u0105 mistrzyni\u0105 i przewodniczk\u0105.<\/b> Wspierana nadzwyczajnymi darami Ducha \u015awi\u0119tego i pos\u0142uszna Jego natchnieniom, \u0142\u0105czy\u0142a w swoim \u017cyciu <b>g\u0142\u0119bok\u0105 kontemplacj\u0119 tajemnic Bo\u017cych <\/b>w \u201epustelni swojego serca\u201d<b> \u2013 z r\u00f3\u017cnorodn\u0105 dzia\u0142alno\u015bci\u0105 apostolsk\u0105.<\/b> Z przemy\u015ble\u0144 i duchowych prze\u017cy\u0107 zrodzi\u0142o si\u0119 jej zaanga\u017cowanie w sprawy Ko\u015bcio\u0142a i \u015bwiata. <\/span><\/span><\/span><\/p>\n<p align=\"justify\"><span style=\"color: #000000;\"><span style=\"font-family: Book Antiqua, serif;\"><span style=\"font-size: large;\">Pe\u0142na gor\u0105cej mi\u0142o\u015bci do Boga i bli\u017aniego, przyczyni\u0142a si\u0119 do utrwalenia pokoju pomi\u0119dzy miastami, stawa\u0142a mocno <b>w obronie praw i wolno\u015bci <\/b><b>P<\/b><b>apie\u017ca <\/b><b>Grzegorza XI<\/b><b>, <\/b>kt\u00f3rego przekona\u0142a do powrotu do Rzymu z niewoli avinio\u0144skiej. Popiera\u0142a ponadto odnow\u0119 \u017cycia chrze\u015bcija\u0144skiego. Jej dzie\u0142a zawieraj\u0105 g\u0142\u0119bok\u0105 doktryn\u0119 i s\u0105 pe\u0142ne ducha Bo\u017cego. <b>Zmar\u0142a <\/b><b>z wyczerpania <\/b><b>w roku 1380. <\/b>Papie\u017c Pawe\u0142 VI og\u0142osi\u0142 j\u0105 Doktorem Ko\u015bcio\u0142a, a Jan Pawe\u0142 II \u2013 w roku 1999 \u2013 <b>W<\/b><b>sp\u00f3\u0142patronk\u0105 Europy.<\/b><\/span><\/span><\/span><\/p>\n<p align=\"justify\"><span style=\"color: #000000;\"><span style=\"font-family: Book Antiqua, serif;\"><span style=\"font-size: large;\">A oto ma\u0142y fragment jej bogatych przemy\u015ble\u0144, dotycz\u0105cych w tym przypadku Opatrzno\u015bci Bo\u017cej, a zapisanych <b>w \u201eDialogu\u201d,<\/b> zamieszczonych za\u015b w dzisiejszej brewiarzowej Godzinie czyta\u0144:<\/span><\/span><\/span><\/p>\n<p align=\"justify\"><span style=\"color: #000000;\">\u201e<span style=\"font-family: Book Antiqua, serif;\"><span style=\"font-size: large;\"><b>O wieczne B\u00f3stwo, wiekuista Tr\u00f3jco!<\/b><\/span><\/span> Ty sprawi\u0142a\u015b, \u017ce przez zjednoczenie z Bo\u017c\u0105 natur\u0105 Krew Twojego Jednorodzonego Syna nabra\u0142a takiej ceny. Ty, Tr\u00f3jco wieczna, jeste\u015b morzem g\u0142\u0119bokim, w kt\u00f3rym im wi\u0119cej szukam, wi\u0119cej znajduj\u0119, <b>a im wi\u0119cej znajduj\u0119, tym wi\u0119cej Ci\u0119 szukam. <\/b>Ty w nienasycony spos\u00f3b nasycasz dusz\u0119; w Twojej g\u0142\u0119boko\u015bci tak nasycasz dusz\u0119, \u017ce zawsze pozostaje ona z\u0142akniona Ciebie, Tr\u00f3jco wieczna, i pragnie ujrze\u0107 Ciebie, \u015awiat\u0142o\u015bci, w Twoim \u015bwietle.<\/span><\/p>\n<p align=\"justify\"><span style=\"color: #000000;\"><span style=\"font-family: Book Antiqua, serif;\"><span style=\"font-size: large;\">Zakosztowa\u0142am i \u015bwiat\u0142em mojego umys\u0142u w \u015bwietle Twoim <b>ujrza\u0142am Twoje przepastne g\u0142\u0119biny, <\/b>Tr\u00f3jco wieczna, i pi\u0119kno Twojego stworzenia. A ogl\u0105daj\u0105c siebie w Tobie, ujrza\u0142am, \u017ce<b> jestem Twoim obrazem.<\/b> Bo ze swej mocy, wiekuisty Ojcze, i m\u0105dro\u015bci, kt\u00f3r\u0105 jest Syn Tw\u00f3j Jednorodzony, udzieli\u0142e\u015b mi; a Duch \u015awi\u0119ty, kt\u00f3ry od Ciebie i od Syna pochodzi, da\u0142 mej woli zdolno\u015b\u0107 kochania Ciebie.<\/span><\/span><\/span><\/p>\n<p align=\"justify\"><span style=\"color: #000000;\"><span style=\"font-family: Book Antiqua, serif;\"><span style=\"font-size: large;\"><b>Ty, wiekuista Tr\u00f3jco, jeste\u015b Stw\u00f3rc\u0105, a ja stworzeniem.<\/b> W odrodzeniu, kt\u00f3rego dokona\u0142e\u015b we mnie przez Krew Syna Twego Jedynego, ujrza\u0142am, \u017ce rozmi\u0142owa\u0142e\u015b si\u0119 w pi\u0119kno\u015bci swojego stworzenia.<\/span><\/span><\/span><\/p>\n<p align=\"justify\"><span style=\"color: #000000;\"><span style=\"font-family: Book Antiqua, serif;\"><span style=\"font-size: large;\"><b>O przepa\u015bci, o Tr\u00f3jco Boska i wieczna, o morze g\u0142\u0119bokie! <\/b>C\u00f3\u017c mog\u0142e\u015b mi da\u0107 wi\u0119cej nad siebie samego? Jeste\u015b ogniem, kt\u00f3ry zawsze p\u0142onie i nie ga\u015bnie nigdy. Jeste\u015b ogniem, kt\u00f3ry swoim \u017carem <b>spala wszelk\u0105 mi\u0142o\u015b\u0107 w\u0142asn\u0105 duszy. <\/b>Jeste\u015b ogniem, kt\u00f3ry usuwa wszelk\u0105 ozi\u0119b\u0142o\u015b\u0107 i kt\u00f3ry o\u015bwieca wszelki umys\u0142 swoim \u015bwiat\u0142em. W tym \u015bwietle da\u0142e\u015b mi pozna\u0107 Twoj\u0105 prawd\u0119.<\/span><\/span><\/span><\/p>\n<p align=\"justify\"><span style=\"color: #000000;\"><span style=\"font-family: Book Antiqua, serif;\"><span style=\"font-size: large;\">W odblasku tego \u015bwiat\u0142a poznaj\u0119 Ciebie, <b>Dobro Najwy\u017csze, Dobro ponad dobrami, <\/b>Dobro b\u0142ogos\u0142awione i niepoj\u0119te, Dobro bezcenne, Pi\u0119kno\u015bci nad pi\u0119kno\u015bciami, M\u0105dro\u015bci nad m\u0105dro\u015bciami, M\u0105dro\u015bci sama! Ty, Chlebie anio\u0142\u00f3w, z \u017carem mi\u0142o\u015bci odda\u0142e\u015b si\u0119 ludziom.<\/span><\/span><\/span><\/p>\n<p align=\"justify\"><span style=\"color: #000000;\"><span style=\"font-family: Book Antiqua, serif;\"><span style=\"font-size: large;\">Jeste\u015b szat\u0105, kt\u00f3ra okrywa moj\u0105 nago\u015b\u0107, jeste\u015b pokarmem, kt\u00f3ry swoj\u0105 s\u0142odycz\u0105 \u017cywi zg\u0142odnia\u0142ych. Jeste\u015b s\u0142odycz\u0105 bez \u015bladu goryczy. <b>O Tr\u00f3jco wieczna!\u201d<\/b> Tyle z g\u0142\u0119bokich rozwa\u017ca\u0144 naszej dzisiejszej Patronki.<\/span><\/span><\/span><\/p>\n<p align=\"justify\"><span style=\"color: #000000;\"><span style=\"font-family: Book Antiqua, serif;\"><span style=\"font-size: large;\">My za\u015b, s\u0142uchaj\u0105c Bo\u017cego s\u0142owa, przeznaczonego w liturgii Ko\u015bcio\u0142a dok\u0142adnie na dzisiejsze \u015bwi\u0105teczne wspomnienie, bierzemy sobie g\u0142\u0119boko do serca <b>napomnienia Aposto\u0142a Jana z jego Pierwszego Listu,<\/b> kt\u00f3rego fragment mamy w dzisiejszym pierwszym czytaniu: <i><b>B\u00f3g jest \u015bwiat\u0142o\u015bci\u0105, a nie ma w Nim \u017cadnej ciemno\u015bci. Je\u017celi m\u00f3wimy, \u017ce mamy z Nim wsp\u00f3\u0142uczestnictwo, a chodzimy w ciemno\u015bci, k\u0142amiemy i nie post\u0119pujemy zgodnie z prawd\u0105. Je\u017celi za\u015b chodzimy w \u015bwiat\u0142o\u015bci, tak jak On sam trwa w \u015bwiat\u0142o\u015bci, wtedy mamy jedni z drugimi wsp\u00f3\u0142uczestnictwo, a krew Jezusa, Syna Jego, oczyszcza nas z wszelkiego grzechu.<\/b><\/i><b> <\/b><\/span><\/span><\/span><\/p>\n<p align=\"justify\"><span style=\"color: #000000;\"><span style=\"font-family: Book Antiqua, serif;\"><span style=\"font-size: large;\">I dalsze jeszcze zdania, b\u0119d\u0105ce kontynuacj\u0105 i rozwini\u0119ciem tych wcze\u015bniejszych: <i><b>Je\u015bli m\u00f3wimy, \u017ce nie mamy grzechu, to samych siebie oszukujemy i nie ma w nas prawdy. Je\u017celi wyznajemy nasze grzechy, B\u00f3g b\u0119d\u0105c wiernym i sprawiedliwym odpu\u015bci je nam i oczy\u015bci nas z wszelkiej nieprawo\u015bci. Je\u015bli powiemy, \u017ce nie zgrzeszyli\u015bmy, czynimy Go k\u0142amc\u0105 i nie ma w nas Jego nauki. <\/b><\/i><\/span><\/span><\/span><\/p>\n<p align=\"justify\"><span style=\"color: #000000;\"><span style=\"font-family: Book Antiqua, serif;\"><span style=\"font-size: large;\">Zobaczmy, ile konkretu jest w tych wskazaniach! Z jednej strony \u2013 bardzo mocne<b> <\/b><b>podkre\u015blenie<\/b><b> mi\u0142o\u015bci Boga, bezwarunkowej i darmowej.<\/b> Z drugiej strony \u2013 wyra\u017ane<b> wskazanie na postaw\u0119 cz\u0142owieka, <\/b>kt\u00f3ry powinien si\u0119 jako\u015b do tego Bo\u017cego daru odnie\u015b\u0107! Bo mi\u0142o\u015b\u0107 Boga jest bezwarunkowa i darmowa \u2013 to jest fakt \u2013 cz\u0142owiek <b>niczym nigdy nie by\u0142, nie jest i nie b\u0119dzie w stanie na ni\u0105 zas\u0142u\u017cy\u0107! <\/b><\/span><\/span><\/span><\/p>\n<p align=\"justify\"><span style=\"color: #000000;\"><span style=\"font-family: Book Antiqua, serif;\"><span style=\"font-size: large;\">Ale to on w\u0142a\u015bnie <b>ma j\u0105 przyj\u0105\u0107, <\/b>bo je\u015bli tego nie uczyni, to w odniesieniu do niego \u2013 do tego konkretnego cz\u0142owieka \u2013 <b>pozostanie ona bezowocn\u0105. <\/b>W tym przypadku, warunkiem w\u0142a\u015bciwego otwarcia si\u0119 na t\u0119 mi\u0142o\u015b\u0107 i jej przyj\u0119cia jest <b>uznanie swojej grzeszno\u015bci.<\/b> Tak przynajmniej podkre\u015bla Jan Aposto\u0142 w swoim Li\u015bcie. Uznanie swojej grzeszno\u015bci, a wi\u0119c \u2013 nieco szerzej \u2013 <b>uznanie pe\u0142nej prawdy o sobie. <\/b>Bo w ten spos\u00f3b cz\u0142owiek robi w swoim sercu i w swoim my\u015bleniu<b> \u201emiejsce\u201d dla <\/b><b>Jezusa<\/b><b>.<\/b> <\/span><\/span><\/span><\/p>\n<p align=\"justify\"><span style=\"color: #000000;\"><span style=\"font-family: Book Antiqua, serif;\"><span style=\"font-size: large;\">Bo wie, \u017ce<b> sam sobie nie wystarczy. <\/b>Dop\u00f3ki bowiem jest przekonany, \u017ce wystarczy \u2013<b> <\/b><b>Jezus<\/b><b> nie za bardzo mo\u017ce co\u015b wi\u0119cej zrobi\u0107. <\/b>Bo to cz\u0142owiek sam \u2013 w swoim sercu, w swoim my\u015bleniu \u2013 <b>zajmuje <\/b><b>Jego <\/b><b>miejsce.<\/b> Dlatego ma On ograniczone pole dzia\u0142ania. Nie dlatego, \u017ce chce koniecznie pokaza\u0107, \u201ekto tu rz\u0105dzi\u201d, ale dlatego, \u017ce zwyczajnie <b>nie ma miejsca dla Jego dzia\u0142ania.<\/b> <\/span><\/span><\/span><\/p>\n<p align=\"justify\"><span style=\"color: #000000;\"><span style=\"font-family: Book Antiqua, serif;\"><span style=\"font-size: large;\">Bo cz\u0142owiek \u2013 raz jeszcze to powiedzmy \u2013 <b>sam sobie wystarczy, <\/b>sam sobie poradzi ze swoimi problemami, sam je sobie porozwi\u0105zuje\u2026 To po co mu Jezus?\u2026 <\/span><\/span><\/span><\/p>\n<p align=\"justify\"><span style=\"color: #000000;\"><span style=\"font-family: Book Antiqua, serif;\"><span style=\"font-size: large;\">Oczywi\u015bcie,<b> tak naprawd\u0119 to ani sobie nie poradzi, <\/b>ani sobie nie porozwi\u0105zuje, ale tak my\u015bli. Tak mu si\u0119 wydaje. Dlatego warto wzi\u0105\u0107 sobie do serca s\u0142owa Jezusa z dzisiejszej Ewangelii: <i><b>Wys\u0142awiam Ci\u0119, Ojcze, Panie nieba i ziemi, \u017ce zakry\u0142e\u015b te rzeczy przed m\u0105drymi i roztropnymi, a objawi\u0142e\u015b je prostaczkom. Tak, Ojcze, gdy\u017c takie by\u0142o Twoje upodobanie. <\/b><\/i><i><b>Wszystko przekaza\u0142 Mi Ojciec m\u00f3j. Nikt te\u017c nie zna Syna, tylko Ojciec, ani Ojca nikt nie zna, tylko Syn, i ten, komu Syn zechce objawi\u0107. <\/b><\/i><\/span><\/span><\/span><\/p>\n<p align=\"justify\"><span style=\"color: #000000;\"><span style=\"font-family: Book Antiqua, serif;\"><span style=\"font-size: large;\">Tak, to <b>On pierwszy jest owym prostaczkiem,<\/b> kt\u00f3ry tak szeroko otworzy\u0142 si\u0119 na Boga, swego Ojca, \u017ce w\u0142a\u015bciwie stanowi z Nim absolutn\u0105, pe\u0142n\u0105, nierozerwaln\u0105 jedno\u015b\u0107! W ten spos\u00f3b<b> staje si\u0119 wzorem dla nas wszystkich, <\/b>aby\u015bmy i my zrobili w swoim sercu <b>jak najwi\u0119cej miejsca dla <\/b><b>Jego <\/b><b>dzia\u0142ania,<\/b> a nie upierali si\u0119 przy swoim w\u0142asnym zdaniu i dzia\u0142aniu. W tym duchu Jezus m\u00f3wi: <i><b>Przyjd\u017acie do Mnie wszyscy, kt\u00f3rzy utrudzeni i obci\u0105\u017ceni jeste\u015bcie, a Ja was pokrzepi\u0119. <\/b><\/i><i><b>We\u017acie moje jarzmo na siebie i uczcie si\u0119 ode Mnie, bo jestem cichy i pokorny sercem, a znajdziecie ukojenie dla dusz waszych. Albowiem jarzmo moje jest s\u0142odkie, a moje brzemi\u0119 lekkie.<\/b><\/i><b> <\/b><\/span><\/span><\/span><\/p>\n<p align=\"justify\"><span style=\"color: #000000;\"><span style=\"font-family: Book Antiqua, serif;\"><span style=\"font-size: large;\">Jak widzimy, p\u00f3j\u015bcie za Nim i z Nim <b>nie oznacza jakiego\u015b zawieszenia w pr\u00f3\u017cni <\/b>lub w przestrzeni pozaziemskiej, jakiego\u015b bujania w ob\u0142okach, ale w\u0142a\u015bnie <b>twarde st\u0105panie po ziemi <\/b>\u2013 i przyj\u015bcie dok\u0142adnie t\u0105 drog\u0105, czyli<b> twardym st\u0105paniem po twardej ziemi,<\/b> do Jezusa, kt\u00f3ry <b>mo\u017ce i chce pom\u00f3c. <\/b>Ale mo\u017ce pom\u00f3c temu, <b>kt<\/b><b>o<\/b><b> chce, aby mu pom\u00f3c!<\/b> Je\u015bli nie chce \u2013 to\u2026 nie! Nic na si\u0142\u0119! Jezus nikogo na si\u0142\u0119 nie uszcz\u0119\u015bliwia \u2013 <b>i nikogo na si\u0142\u0119 nie zbawi. <\/b><\/span><\/span><\/span><\/p>\n<p align=\"justify\"><span style=\"color: #000000;\"><span style=\"font-family: Book Antiqua, serif;\"><span style=\"font-size: large;\">W\u0142a\u015bnie dlatego <b>tak wiele m\u00f3g\u0142 dokona\u0107 w \u017cyciu \u015awi\u0119tej Katarzyny, <\/b>dzisiejszej Patronki \u2013 a tym samym: <b>ona tak wiele dokona\u0142a moc\u0105 Jezusa<\/b> \u2013 \u017ce od wczesnej m\u0142odo\u015bci <b>czyni\u0142a jak najwi\u0119cej miejsca <\/b>w swoim sercu i w swoim my\u015bleniu Jezusowi, a sama ci\u0105gle usuwa\u0142a si\u0119 na bok, <b>na t\u0119 drug\u0105 pozycj\u0119, za Jezusem.<\/b> Nigdy przed Nim, nigdy na Jego miejscu. Zawsze za Nim \u2013 <b>On by\u0142 pierwszy!<\/b> I na tym najwi\u0119cej wygrywa\u0142a \u2013 tak, w\u0142a\u015bnie ona, Katarzyna! <b>To ona na tym najwi\u0119cej zyskiwa\u0142a!<\/b><\/span><\/span><\/span><\/p>\n<p align=\"justify\"><span style=\"color: #000000;\"><span style=\"font-family: Book Antiqua, serif;\"><span style=\"font-size: large;\">Bo zawsze najwi\u0119cej zyskuje ten, <b>kto pozwala Jezusowi dzia<\/b><b>\u0142a\u0107 w sobie i przez siebie. <\/b>Kto swoje my\u015blenie <b>uzgadnia z Jego my\u015bleniem,<\/b> swoje spojrzenie na Boga, na \u015bwiat, na ludzi i na siebie <b>uzgadnia z Jego spojrzeniem; <\/b>kto Jego wol\u0119 <b>czyni swoj\u0105 wol\u0105 <\/b>\u2013 bez zastrze\u017ce\u0144, dociekania i roztrz\u0105sania, bez upierania si\u0119 przy swojej racji i swoich rozwi\u0105zaniach\u2026 Taki cz\u0142owiek \u2013 w pe\u0142ni oddany Jezusowi, zawsze i we wszystkim \u2013<b> n<\/b><b>ajwi\u0119cej zyskuje!<\/b> I \u2013 jednocze\u015bnie \u2013 <b>najwi\u0119cej osi\u0105ga! <\/b><\/span><\/span><\/span><\/p>\n<p align=\"justify\"><span style=\"color: #000000;\"><span style=\"font-family: Book Antiqua, serif;\"><span style=\"font-size: large;\">W\u0142a\u015bnie do tego przekonuje nas Jan w dzisiejszym pierwszym czytaniu, a Jezus w Ewangelii. Do tego tak\u017ce przekonuje nas dzisiejsza nasza Patronka i bardzo wielu \u015awi\u0119tych, \u017ce <b>im mniej nas w nas \u2013 tym wi\u0119cej Jezusa!<\/b><\/span><\/span><\/span><\/p>\n","protected":false},"excerpt":{"rendered":"<p>Szcz\u0119\u015b\u0107 Bo\u017ce! Moi Drodzy, w dniu dzisiejszym urodziny prze\u017cywa Siostra Paula Bronisz, pochodz\u0105ca z mojej pierwszej Parafii, gdzie zna\u0142em J\u0105 jako Agnieszk\u0119, gdy anga\u017cowa\u0142a si\u0119 w dzia\u0142alno\u015b\u0107 Wsp\u00f3lnoty m\u0142odzie\u017cowej. Urodziny prze\u017cywa dzi\u015b tak\u017ce Kamil Krupa, za moich czas\u00f3w \u2013 Lektor w Celestynowie. \u017bycz\u0119 Wszystkim dzisiaj \u015bwi\u0119tuj\u0105cym, by starali si\u0119 wci\u0105\u017c wzmacnia\u0107 swoj\u0105 osobist\u0105 przyja\u017a\u0144 z [&hellip;]<\/p>\n","protected":false},"author":1,"featured_media":0,"comment_status":"open","ping_status":"open","sticky":false,"template":"","format":"standard","meta":{"jetpack_post_was_ever_published":false,"_jetpack_newsletter_access":"","_jetpack_dont_email_post_to_subs":false,"_jetpack_newsletter_tier_id":0,"_jetpack_memberships_contains_paywalled_content":false,"_jetpack_memberships_contains_paid_content":false,"footnotes":""},"categories":[1],"tags":[],"class_list":["post-24834","post","type-post","status-publish","format-standard","hentry","category-bez-kategorii"],"yoast_head":"<!-- This site is optimized with the Yoast SEO plugin v25.1 - https:\/\/yoast.com\/wordpress\/plugins\/seo\/ -->\n<title>Im mniej nas w nas... - Gaudium Et Spes<\/title>\n<meta name=\"robots\" content=\"index, follow, max-snippet:-1, max-image-preview:large, max-video-preview:-1\" \/>\n<link rel=\"canonical\" href=\"https:\/\/gaudiumetspes-blog.pl\/index.php\/2026\/04\/29\/im-mniej-nas-w-nas\/\" \/>\n<meta property=\"og:locale\" content=\"pl_PL\" \/>\n<meta property=\"og:type\" content=\"article\" \/>\n<meta property=\"og:title\" content=\"Im mniej nas w nas... - Gaudium Et Spes\" \/>\n<meta property=\"og:description\" content=\"Szcz\u0119\u015b\u0107 Bo\u017ce! Moi Drodzy, w dniu dzisiejszym urodziny prze\u017cywa Siostra Paula Bronisz, pochodz\u0105ca z mojej pierwszej Parafii, gdzie zna\u0142em J\u0105 jako Agnieszk\u0119, gdy anga\u017cowa\u0142a si\u0119 w dzia\u0142alno\u015b\u0107 Wsp\u00f3lnoty m\u0142odzie\u017cowej. Urodziny prze\u017cywa dzi\u015b tak\u017ce Kamil Krupa, za moich czas\u00f3w \u2013 Lektor w Celestynowie. \u017bycz\u0119 Wszystkim dzisiaj \u015bwi\u0119tuj\u0105cym, by starali si\u0119 wci\u0105\u017c wzmacnia\u0107 swoj\u0105 osobist\u0105 przyja\u017a\u0144 z [&hellip;]\" \/>\n<meta property=\"og:url\" content=\"https:\/\/gaudiumetspes-blog.pl\/index.php\/2026\/04\/29\/im-mniej-nas-w-nas\/\" \/>\n<meta property=\"og:site_name\" content=\"Gaudium Et Spes\" \/>\n<meta property=\"article:published_time\" content=\"2026-04-29T06:31:10+00:00\" \/>\n<meta name=\"author\" content=\"Ks. Jacek\" \/>\n<meta name=\"twitter:card\" content=\"summary_large_image\" \/>\n<meta name=\"twitter:label1\" content=\"Napisane przez\" \/>\n\t<meta name=\"twitter:data1\" content=\"Ks. Jacek\" \/>\n\t<meta name=\"twitter:label2\" content=\"Szacowany czas czytania\" \/>\n\t<meta name=\"twitter:data2\" content=\"12 minut\" \/>\n<script type=\"application\/ld+json\" class=\"yoast-schema-graph\">{\"@context\":\"https:\/\/schema.org\",\"@graph\":[{\"@type\":\"WebPage\",\"@id\":\"https:\/\/gaudiumetspes-blog.pl\/index.php\/2026\/04\/29\/im-mniej-nas-w-nas\/\",\"url\":\"https:\/\/gaudiumetspes-blog.pl\/index.php\/2026\/04\/29\/im-mniej-nas-w-nas\/\",\"name\":\"Im mniej nas w nas... - Gaudium Et Spes\",\"isPartOf\":{\"@id\":\"https:\/\/gaudiumetspes-blog.pl\/#website\"},\"datePublished\":\"2026-04-29T06:31:10+00:00\",\"author\":{\"@id\":\"https:\/\/gaudiumetspes-blog.pl\/#\/schema\/person\/1661982992b752dea8dff0d4ed845a65\"},\"breadcrumb\":{\"@id\":\"https:\/\/gaudiumetspes-blog.pl\/index.php\/2026\/04\/29\/im-mniej-nas-w-nas\/#breadcrumb\"},\"inLanguage\":\"pl-PL\",\"potentialAction\":[{\"@type\":\"ReadAction\",\"target\":[\"https:\/\/gaudiumetspes-blog.pl\/index.php\/2026\/04\/29\/im-mniej-nas-w-nas\/\"]}]},{\"@type\":\"BreadcrumbList\",\"@id\":\"https:\/\/gaudiumetspes-blog.pl\/index.php\/2026\/04\/29\/im-mniej-nas-w-nas\/#breadcrumb\",\"itemListElement\":[{\"@type\":\"ListItem\",\"position\":1,\"name\":\"Strona g\u0142\u00f3wna\",\"item\":\"https:\/\/gaudiumetspes-blog.pl\/\"},{\"@type\":\"ListItem\",\"position\":2,\"name\":\"Im mniej nas w nas&#8230;\"}]},{\"@type\":\"WebSite\",\"@id\":\"https:\/\/gaudiumetspes-blog.pl\/#website\",\"url\":\"https:\/\/gaudiumetspes-blog.pl\/\",\"name\":\"Gaudium Et Spes\",\"description\":\"Blog Ks. Jacka Ja\u015bkowskiego\",\"potentialAction\":[{\"@type\":\"SearchAction\",\"target\":{\"@type\":\"EntryPoint\",\"urlTemplate\":\"https:\/\/gaudiumetspes-blog.pl\/?s={search_term_string}\"},\"query-input\":{\"@type\":\"PropertyValueSpecification\",\"valueRequired\":true,\"valueName\":\"search_term_string\"}}],\"inLanguage\":\"pl-PL\"},{\"@type\":\"Person\",\"@id\":\"https:\/\/gaudiumetspes-blog.pl\/#\/schema\/person\/1661982992b752dea8dff0d4ed845a65\",\"name\":\"Ks. Jacek\",\"image\":{\"@type\":\"ImageObject\",\"inLanguage\":\"pl-PL\",\"@id\":\"https:\/\/gaudiumetspes-blog.pl\/#\/schema\/person\/image\/\",\"url\":\"https:\/\/gaudiumetspes-blog.pl\/wp-content\/uploads\/2019\/07\/avatar-JJ-150x150.jpg\",\"contentUrl\":\"https:\/\/gaudiumetspes-blog.pl\/wp-content\/uploads\/2019\/07\/avatar-JJ-150x150.jpg\",\"caption\":\"Ks. Jacek\"},\"description\":\"Witam serdecznie! K\u0142ania si\u0119 Ks. Jacek Ja\u015bkowski. Nie jestem ani kim\u015b wa\u017cnym, ani kim\u015b znanym. Jestem ksi\u0119dzem, kt\u00f3ry po prostu chce rozmawia\u0107. Codzienna kap\u0142a\u0144ska pos\u0142uga pokazuje mi, \u017ce temat\u00f3w do rozm\u00f3w z ksi\u0119dzem jest coraz wi\u0119cej i dzisiaj \u017caden ksi\u0105dz nie mo\u017ce od nich ucieka\u0107, ale - wprost przeciwnie - podejmowa\u0107 nowe wyzwania. To przekonanie sk\u0142oni\u0142o mnie do pr\u00f3by otwarcia tego\u017c bloga, chocia\u017c okazji do rozm\u00f3w na co dzie\u0144 - w konfesjonale i poza nim - na szcz\u0119\u015bcie nie brakuje. My\u015bl\u0119 jednak, \u017ce ten blog b\u0119dzie jeszcze jednym sposobem i przestrzeni\u0105 nawi\u0105zania kontaktu z lud\u017ami dobrej woli, otwartymi na dialog.\",\"url\":\"https:\/\/gaudiumetspes-blog.pl\/index.php\/author\/ks-jacek\/\"}]}<\/script>\n<!-- \/ Yoast SEO plugin. -->","yoast_head_json":{"title":"Im mniej nas w nas... - Gaudium Et Spes","robots":{"index":"index","follow":"follow","max-snippet":"max-snippet:-1","max-image-preview":"max-image-preview:large","max-video-preview":"max-video-preview:-1"},"canonical":"https:\/\/gaudiumetspes-blog.pl\/index.php\/2026\/04\/29\/im-mniej-nas-w-nas\/","og_locale":"pl_PL","og_type":"article","og_title":"Im mniej nas w nas... - Gaudium Et Spes","og_description":"Szcz\u0119\u015b\u0107 Bo\u017ce! Moi Drodzy, w dniu dzisiejszym urodziny prze\u017cywa Siostra Paula Bronisz, pochodz\u0105ca z mojej pierwszej Parafii, gdzie zna\u0142em J\u0105 jako Agnieszk\u0119, gdy anga\u017cowa\u0142a si\u0119 w dzia\u0142alno\u015b\u0107 Wsp\u00f3lnoty m\u0142odzie\u017cowej. Urodziny prze\u017cywa dzi\u015b tak\u017ce Kamil Krupa, za moich czas\u00f3w \u2013 Lektor w Celestynowie. \u017bycz\u0119 Wszystkim dzisiaj \u015bwi\u0119tuj\u0105cym, by starali si\u0119 wci\u0105\u017c wzmacnia\u0107 swoj\u0105 osobist\u0105 przyja\u017a\u0144 z [&hellip;]","og_url":"https:\/\/gaudiumetspes-blog.pl\/index.php\/2026\/04\/29\/im-mniej-nas-w-nas\/","og_site_name":"Gaudium Et Spes","article_published_time":"2026-04-29T06:31:10+00:00","author":"Ks. Jacek","twitter_card":"summary_large_image","twitter_misc":{"Napisane przez":"Ks. Jacek","Szacowany czas czytania":"12 minut"},"schema":{"@context":"https:\/\/schema.org","@graph":[{"@type":"WebPage","@id":"https:\/\/gaudiumetspes-blog.pl\/index.php\/2026\/04\/29\/im-mniej-nas-w-nas\/","url":"https:\/\/gaudiumetspes-blog.pl\/index.php\/2026\/04\/29\/im-mniej-nas-w-nas\/","name":"Im mniej nas w nas... - Gaudium Et Spes","isPartOf":{"@id":"https:\/\/gaudiumetspes-blog.pl\/#website"},"datePublished":"2026-04-29T06:31:10+00:00","author":{"@id":"https:\/\/gaudiumetspes-blog.pl\/#\/schema\/person\/1661982992b752dea8dff0d4ed845a65"},"breadcrumb":{"@id":"https:\/\/gaudiumetspes-blog.pl\/index.php\/2026\/04\/29\/im-mniej-nas-w-nas\/#breadcrumb"},"inLanguage":"pl-PL","potentialAction":[{"@type":"ReadAction","target":["https:\/\/gaudiumetspes-blog.pl\/index.php\/2026\/04\/29\/im-mniej-nas-w-nas\/"]}]},{"@type":"BreadcrumbList","@id":"https:\/\/gaudiumetspes-blog.pl\/index.php\/2026\/04\/29\/im-mniej-nas-w-nas\/#breadcrumb","itemListElement":[{"@type":"ListItem","position":1,"name":"Strona g\u0142\u00f3wna","item":"https:\/\/gaudiumetspes-blog.pl\/"},{"@type":"ListItem","position":2,"name":"Im mniej nas w nas&#8230;"}]},{"@type":"WebSite","@id":"https:\/\/gaudiumetspes-blog.pl\/#website","url":"https:\/\/gaudiumetspes-blog.pl\/","name":"Gaudium Et Spes","description":"Blog Ks. Jacka Ja\u015bkowskiego","potentialAction":[{"@type":"SearchAction","target":{"@type":"EntryPoint","urlTemplate":"https:\/\/gaudiumetspes-blog.pl\/?s={search_term_string}"},"query-input":{"@type":"PropertyValueSpecification","valueRequired":true,"valueName":"search_term_string"}}],"inLanguage":"pl-PL"},{"@type":"Person","@id":"https:\/\/gaudiumetspes-blog.pl\/#\/schema\/person\/1661982992b752dea8dff0d4ed845a65","name":"Ks. Jacek","image":{"@type":"ImageObject","inLanguage":"pl-PL","@id":"https:\/\/gaudiumetspes-blog.pl\/#\/schema\/person\/image\/","url":"https:\/\/gaudiumetspes-blog.pl\/wp-content\/uploads\/2019\/07\/avatar-JJ-150x150.jpg","contentUrl":"https:\/\/gaudiumetspes-blog.pl\/wp-content\/uploads\/2019\/07\/avatar-JJ-150x150.jpg","caption":"Ks. Jacek"},"description":"Witam serdecznie! K\u0142ania si\u0119 Ks. Jacek Ja\u015bkowski. Nie jestem ani kim\u015b wa\u017cnym, ani kim\u015b znanym. Jestem ksi\u0119dzem, kt\u00f3ry po prostu chce rozmawia\u0107. Codzienna kap\u0142a\u0144ska pos\u0142uga pokazuje mi, \u017ce temat\u00f3w do rozm\u00f3w z ksi\u0119dzem jest coraz wi\u0119cej i dzisiaj \u017caden ksi\u0105dz nie mo\u017ce od nich ucieka\u0107, ale - wprost przeciwnie - podejmowa\u0107 nowe wyzwania. To przekonanie sk\u0142oni\u0142o mnie do pr\u00f3by otwarcia tego\u017c bloga, chocia\u017c okazji do rozm\u00f3w na co dzie\u0144 - w konfesjonale i poza nim - na szcz\u0119\u015bcie nie brakuje. My\u015bl\u0119 jednak, \u017ce ten blog b\u0119dzie jeszcze jednym sposobem i przestrzeni\u0105 nawi\u0105zania kontaktu z lud\u017ami dobrej woli, otwartymi na dialog.","url":"https:\/\/gaudiumetspes-blog.pl\/index.php\/author\/ks-jacek\/"}]}},"jetpack_featured_media_url":"","jetpack_sharing_enabled":true,"_links":{"self":[{"href":"https:\/\/gaudiumetspes-blog.pl\/index.php\/wp-json\/wp\/v2\/posts\/24834","targetHints":{"allow":["GET"]}}],"collection":[{"href":"https:\/\/gaudiumetspes-blog.pl\/index.php\/wp-json\/wp\/v2\/posts"}],"about":[{"href":"https:\/\/gaudiumetspes-blog.pl\/index.php\/wp-json\/wp\/v2\/types\/post"}],"author":[{"embeddable":true,"href":"https:\/\/gaudiumetspes-blog.pl\/index.php\/wp-json\/wp\/v2\/users\/1"}],"replies":[{"embeddable":true,"href":"https:\/\/gaudiumetspes-blog.pl\/index.php\/wp-json\/wp\/v2\/comments?post=24834"}],"version-history":[{"count":1,"href":"https:\/\/gaudiumetspes-blog.pl\/index.php\/wp-json\/wp\/v2\/posts\/24834\/revisions"}],"predecessor-version":[{"id":24835,"href":"https:\/\/gaudiumetspes-blog.pl\/index.php\/wp-json\/wp\/v2\/posts\/24834\/revisions\/24835"}],"wp:attachment":[{"href":"https:\/\/gaudiumetspes-blog.pl\/index.php\/wp-json\/wp\/v2\/media?parent=24834"}],"wp:term":[{"taxonomy":"category","embeddable":true,"href":"https:\/\/gaudiumetspes-blog.pl\/index.php\/wp-json\/wp\/v2\/categories?post=24834"},{"taxonomy":"post_tag","embeddable":true,"href":"https:\/\/gaudiumetspes-blog.pl\/index.php\/wp-json\/wp\/v2\/tags?post=24834"}],"curies":[{"name":"wp","href":"https:\/\/api.w.org\/{rel}","templated":true}]}}