{"id":24836,"date":"2026-04-30T06:17:55","date_gmt":"2026-04-30T04:17:55","guid":{"rendered":"https:\/\/gaudiumetspes-blog.pl\/?p=24836"},"modified":"2026-04-30T06:17:55","modified_gmt":"2026-04-30T04:17:55","slug":"ja-wiem-ktorych-wybralem","status":"publish","type":"post","link":"https:\/\/gaudiumetspes-blog.pl\/index.php\/2026\/04\/30\/ja-wiem-ktorych-wybralem\/","title":{"rendered":"Ja wiem, kt\u00f3rych wybra\u0142em!"},"content":{"rendered":"<p align=\"justify\"><span style=\"color: #000000;\"><span style=\"font-family: Book Antiqua, serif;\"><span style=\"font-size: large;\">Szcz\u0119\u015b\u0107 Bo\u017ce! Drodzy moi, w dniu dzisiejszym <b>imieniny prze\u017cywaj\u0105:<\/b><\/span><\/span><\/span><\/p>\n<p align=\"justify\"><span style=\"color: #000000;\">\u25ba<span style=\"font-family: Book Antiqua, serif;\"><span style=\"font-size: large;\"><b>Marian Tomkowicz \u2013 m\u00f3j Nauczyciel \u0142aciny w Liceum im. Kraszewskiego w Bia\u0142ej Podlaskiej, a nast\u0119pnie wieloletni W\u00f3jt Gminy Le\u015bna Podlaska;<\/b><\/span><\/span><\/span><\/p>\n<p align=\"justify\"><span style=\"color: #000000;\">\u25ba<span style=\"font-family: Book Antiqua, serif;\"><span style=\"font-size: large;\"><b>Ojciec Marian Lis \u2013 Oblat, pos\u0142uguj\u0105cy w Kodniu, a wcze\u015bniej: wieloletni Misjonarz;<\/b><\/span><\/span><\/span><\/p>\n<p align=\"justify\"><span style=\"color: #000000;\">\u25ba<span style=\"font-family: Book Antiqua, serif;\"><span style=\"font-size: large;\"><b>Katarzyna Szewczak \u2013 Bliska mi Osoba z Warszawy.<\/b><\/span><\/span><\/span><\/p>\n<p align=\"justify\"><span style=\"color: #000000;\"><span style=\"font-family: Book Antiqua, serif;\"><span style=\"font-size: large;\"><b>Urodziny natomiast prze\u017cywaj\u0105:<\/b><\/span><\/span><\/span><\/p>\n<p align=\"justify\"><span style=\"color: #000000;\">\u25ba<span style=\"font-family: Book Antiqua, serif;\"><span style=\"font-size: large;\"><b>Julia Kostuch \u2013 Studentka Uniwersytetu w Siedlcach, Za\u0142o\u017cycielka i Szefowa BANDY \u00abCZARNEGO\u00bb, czyli Wsp\u00f3lnoty, dzia\u0142aj\u0105cej w ramach Duszpasterstwa Akademickiego GAUDEAMUS w Siedlcach;<\/b><\/span><\/span><\/span><\/p>\n<p align=\"justify\"><span style=\"color: #000000;\">\u25ba<span style=\"font-family: Book Antiqua, serif;\"><span style=\"font-size: large;\"><b>\u0141ukasz Lisiewicz, w\u0142\u0105czaj\u0105cy si\u0119 w swoim czasie w dzia\u0142alno\u015b\u0107 m\u0142odzie\u017cowych Wsp\u00f3lnot.<\/b><\/span><\/span><\/span><\/p>\n<p align=\"justify\"><span style=\"color: #000000;\"><span style=\"font-family: Book Antiqua, serif;\"><span style=\"font-size: large;\"><b>Wszystkim \u015bwi\u0119tuj\u0105cym \u017cycz\u0119 \u0142ask z Nieba i wszelkiego Bo\u017cego b\u0142ogos\u0142awie\u0144stwa, zapewniaj\u0105c o modlitwie!<\/b><\/span><\/span><\/span><\/p>\n<p align=\"justify\"><span style=\"color: #000000;\"><span style=\"font-family: Book Antiqua, serif;\"><span style=\"font-size: large;\">Drodzy moi, pozdrawiam Was z Siedlec, gdzie o 10:00 udam si\u0119 na dy\u017cur duszpasterski na Wydzia\u0142ach przy ulicy \u017bytniej \u2013 i b\u0119d\u0119 tam do 12:30, bo potem przejad\u0119 do Katedry siedleckiej, na dy\u017cur spowiedniczy, jaki mam ka\u017cdego trzydziestego dnia miesi\u0105ca, od godziny 13:00 do 15:00. Cz\u0119sto prosz\u0119 o zast\u0119pstwo, bo te dy\u017cury zwykle si\u0119 pokrywaj\u0105, ale dzisiaj postanowi\u0142em uda\u0107 si\u0119 do konfesjona\u0142u. <\/span><\/span><\/span><\/p>\n<p align=\"justify\"><span style=\"color: #000000;\"><span style=\"font-family: Book Antiqua, serif;\"><span style=\"font-size: large;\">Nast\u0119pnie \u2013 przejazd do Bia\u0142ej Podlaskiej, gdzie w rodzinnej Parafii, Msz\u0105 \u015awi\u0119t\u0105 o 18:00, rozpoczn\u0119 gregoriank\u0119, jak\u0105 b\u0119d\u0119 odprawia\u0142 przez ca\u0142y maj. Po tej Mszy \u015awi\u0119tej wracam do Siedlec.<\/span><\/span><\/span><\/p>\n<p align=\"justify\"><span style=\"color: #000000;\"><span style=\"font-family: Book Antiqua, serif;\"><span style=\"font-size: large;\">Teraz za\u015b ju\u017c zach\u0119cam do pochylenia si\u0119 nad S\u0142owem, jakie Pan kieruje do nas dzisiaj. Oto s\u0142\u00f3wko Ksi\u0119dza Marka na dzi\u015b:<\/span><\/span><\/span><\/p>\n<p align=\"justify\"><span style=\"color: #000000;\"><span style=\"font-family: Book Antiqua, serif;\"><span style=\"font-size: medium;\"><a href=\"https:\/\/www.youtube.com\/c\/CatholicSurgut\"><span style=\"font-size: large;\"><b>https:\/\/www.youtube.com\/c\/CatholicSurgut<\/b><\/span><\/a><\/span><\/span><\/span><\/p>\n<p align=\"justify\"><span style=\"color: #000000;\"><span style=\"font-family: Book Antiqua, serif;\"><span style=\"font-size: large;\">Poni\u017cej za\u015b \u2013 <b>s\u0142\u00f3wko Janka Kondeja. <\/b>Jak co czwartek. A ten czwartek jest o tyle szczeg\u00f3lny, \u017ce wypada w tygodniu modlitw o powo\u0142ania. A kiedy po\u0142\u0105czy\u0107 te dwa wymiary z trzecim, to znaczy z faktem, \u017ce Autorem rozwa\u017cania jest Janek, to ju\u017c wiemy, \u017ce b\u0119dziemy mieli mocne i konkretne s\u0142\u00f3wko na temat odkrywania i odczytywania i zg\u0142\u0119biania swego \u017cyciowego powo\u0142ania. Tak te\u017c jest i dzisiaj. <\/span><\/span><\/span><\/p>\n<p align=\"justify\"><span style=\"color: #000000;\"><span style=\"font-family: Book Antiqua, serif;\"><span style=\"font-size: large;\">Ale dzisiaj \u2013 bardzo oryginalnie i ciekawie \u2013 je\u015bli wzi\u0105\u0107 pod uwag\u0119 ten obraz ronda i obraz kr\u0105\u017cenia po nim bez ko\u0144ca, kt\u00f3ry odnajdujemy w rozwa\u017caniu. Albo par\u0119 jeszcze innych zda\u0144 \u2013 \u0142\u0105cznie z ostatnim, kt\u00f3re uwa\u017cam za fenomenalne! Bardzo dzi\u0119kuj\u0119 Jankowi za to intryguj\u0105ce i pobudzaj\u0105ce do refleksji s\u0142\u00f3wko. Niech Pan b\u0119dzie uwielbiony we wszystkich dzia\u0142aniach, podejmowanych przez Janka.<\/span><\/span><\/span><\/p>\n<p align=\"justify\"><span style=\"color: #000000;\"><span style=\"font-family: Book Antiqua, serif;\"><span style=\"font-size: large;\">Zatem, <b>c<\/b><b>o konkretnie m\u00f3wi osobi\u015bcie do mnie? Z jakim przes\u0142aniem w\u0142a\u015bnie do mnie si\u0119 zwraca?<\/b> Duchu \u015awi\u0119ty \u2013 tchnij! <\/span><\/span><\/span><\/p>\n<p align=\"justify\"><span style=\"color: #000000;\"><span style=\"font-family: Book Antiqua, serif;\"><span style=\"font-size: large;\"><b>Niech Was b\u0142ogos\u0142awi B\u00f3g Wszechmog\u0105cy: Ojciec + i Syn, i Duch \u015awi\u0119ty. Amen<\/b><\/span><\/span><\/span><\/p>\n<p align=\"center\"><span style=\"color: #000000;\"><span style=\"font-family: Book Antiqua, serif;\"><span style=\"font-size: large;\">Gaudium et spes! Ks. Jacek<\/span><\/span><\/span><\/p>\n<p align=\"center\">\n<p align=\"center\">\n<p align=\"center\">\n<p align=\"center\">\n<p align=\"center\">\n<p align=\"justify\"><span style=\"color: #000000;\"><span style=\"font-family: Book Antiqua, serif;\"><span style=\"font-size: large;\"><b>Czwartek 4 Tygodnia Wielkanocy,<\/b><\/span><\/span><\/span><\/p>\n<p align=\"justify\"><span style=\"color: #000000;\"><span style=\"font-family: Book Antiqua, serif;\"><span style=\"font-size: large;\"><b>30 kwietnia 2026.,\u00a0<\/b><\/span><\/span><\/span><\/p>\n<p align=\"justify\"><span style=\"color: #000000;\"><span style=\"font-family: Book Antiqua, serif;\"><span style=\"font-size: large;\"><b>do czyta\u0144: Dz 13,13\u201325; J 13,16\u201320<\/b><\/span><\/span><\/span><\/p>\n<p align=\"justify\">\n<p align=\"justify\">\n<p align=\"justify\">\n<p align=\"justify\">\n<p align=\"justify\">\n<p align=\"justify\"><span style=\"color: #000000;\"><span style=\"font-family: Book Antiqua, serif;\"><span style=\"font-size: large;\"><b>CZYTANIE Z DZIEJ\u00d3W APOSTOLSKICH:<\/b><\/span><\/span><\/span><\/p>\n<p align=\"justify\"><span style=\"color: #000000;\"><span style=\"font-family: Book Antiqua, serif;\"><span style=\"font-size: large;\"><b>Odp\u0142yn\u0105wszy z Pafos, Pawe\u0142 i jego towarzysze przybyli do Perge w Pamfilii, a Jan wr\u00f3ci\u0142 do Jerozolimy, od\u0142\u0105czywszy si\u0119 od nich. <\/b><\/span><\/span><\/span><\/p>\n<p align=\"justify\"><span style=\"color: #000000;\"><span style=\"font-family: Book Antiqua, serif;\"><span style=\"font-size: large;\"><b>Oni za\u015b przeszli przez Perge, dotarli do Antiochii Pizydyjskiej, weszli w dzie\u0144 sobotni do synagogi i usiedli. Po odczytaniu Prawa i Prorok\u00f3w prze\u0142o\u017ceni synagogi pos\u0142ali do nich i powiedzieli: \u201ePrzem\u00f3wcie, bracia, je\u017celi macie jakie\u015b s\u0142owo zach\u0119ty dla ludu\u201d.<\/b><\/span><\/span><\/span><\/p>\n<p align=\"justify\"><span style=\"color: #000000;\"><span style=\"font-family: Book Antiqua, serif;\"><span style=\"font-size: large;\"><b>Wsta\u0142 wi\u0119c Pawe\u0142 i skin\u0105wszy r\u0119k\u0105, przem\u00f3wi\u0142: <\/b><\/span><\/span><\/span><\/p>\n<p align=\"justify\"><span style=\"color: #000000;\">\u201e<span style=\"font-family: Book Antiqua, serif;\"><span style=\"font-size: large;\"><b>S\u0142uchajcie, Izraelici, i wy, kt\u00f3rzy boicie si\u0119 Boga! B\u00f3g tego ludu izraelskiego wybra\u0142 ojc\u00f3w naszych i wywy\u017cszy\u0142 lud na obczy\u017anie w ziemi egipskiej i wyprowadzi\u0142 go z niej mocnym ramieniem. Mniej wi\u0119cej przez czterdzie\u015bci lat znosi\u0142 cierpliwie ich obyczaje na pustyni. I wyt\u0119piwszy siedem szczep\u00f3w w ziemi Kanaan, odda\u0142 im ziemi\u0119 ich w dziedzictwo, mniej wi\u0119cej po czterystu pi\u0119\u0107dziesi\u0119ciu latach. I potem da\u0142 im s\u0119dzi\u00f3w a\u017c do proroka Samuela.<\/b><\/span><\/span><\/span><\/p>\n<p align=\"justify\"><span style=\"color: #000000;\"><span style=\"font-family: Book Antiqua, serif;\"><span style=\"font-size: large;\"><b>P\u00f3\u017aniej poprosili o kr\u00f3la, i da\u0142 im B\u00f3g na lat czterdzie\u015bci Saula, syna Kisza z pokolenia Beniamina. Gdy za\u015b jego odrzuci\u0142, powo\u0142a\u0142 na ich kr\u00f3la Dawida, o kt\u00f3rym te\u017c da\u0142 \u015bwiadectwo w s\u0142owach: \u00abZnalaz\u0142em Dawida, syna Jessego, cz\u0142owieka po mojej my\u015bli, kt\u00f3ry we wszystkim wype\u0142ni moj\u0105 wol\u0119\u00bb.<\/b><\/span><\/span><\/span><\/p>\n<p align=\"justify\"><span style=\"color: #000000;\"><span style=\"font-family: Book Antiqua, serif;\"><span style=\"font-size: large;\"><b>Z jego to potomstwa, stosownie do obietnicy, wyprowadzi\u0142 B\u00f3g Izraelowi Zbawiciela Jezusa. Przed Jego przyj\u015bciem Jan g\u0142osi\u0142 chrzest nawr\u00f3cenia ca\u0142emu ludowi izraelskiemu. A pod koniec swojej dzia\u0142alno\u015bci Jan m\u00f3wi\u0142: \u00abJa nie jestem tym, za kogo mnie uwa\u017cacie. Po mnie przyjdzie Ten, kt\u00f3remu nie jestem godny rozwi\u0105za\u0107 sanda\u0142\u00f3w na nogach\u00bb\u201d.<\/b><\/span><\/span><\/span><\/p>\n<p align=\"justify\">\n<p align=\"justify\">\n<p align=\"justify\">\n<p align=\"justify\">\n<p align=\"justify\">\n<p align=\"justify\"><span style=\"color: #000000;\"><span style=\"font-family: Book Antiqua, serif;\"><span style=\"font-size: large;\"><b>S\u0141OWA EWANGELII WED\u0141UG \u015aWI\u0118TEGO JANA:<\/b><\/span><\/span><\/span><\/p>\n<p align=\"justify\"><span style=\"color: #000000;\"><span style=\"font-family: Book Antiqua, serif;\"><span style=\"font-size: large;\"><b>Kiedy Jezus umy\u0142 uczniom nogi, powiedzia\u0142 im: \u201eZaprawd\u0119, zaprawd\u0119 powiadam wam: S\u0142uga nie jest wi\u0119kszy od swego pana ani wys\u0142annik od tego, kt\u00f3ry go pos\u0142a\u0142. Wiedz\u0105c to b\u0119dziecie b\u0142ogos\u0142awieni, gdy wed\u0142ug tego b\u0119dziecie post\u0119powa\u0107. <\/b><\/span><\/span><\/span><\/p>\n<p align=\"justify\"><span style=\"color: #000000;\"><span style=\"font-family: Book Antiqua, serif;\"><span style=\"font-size: large;\"><b>Nie m\u00f3wi\u0119 o was wszystkich. Ja wiem, kt\u00f3rych wybra\u0142em; lecz potrzeba, aby si\u0119 wype\u0142ni\u0142o Pismo: \u00abKto ze Mn\u0105 spo\u017cywa chleb, ten podni\u00f3s\u0142 na Mnie swoj\u0105 pi\u0119t\u0119\u00bb. Ju\u017c teraz, zanim si\u0119 to stanie, m\u00f3wi\u0119 wam, aby\u015bcie, gdy si\u0119 stanie, uwierzyli, \u017ce Ja jestem.<\/b><\/span><\/span><\/span><\/p>\n<p align=\"justify\"><span style=\"color: #000000;\"><span style=\"font-family: Book Antiqua, serif;\"><span style=\"font-size: large;\"><b>Zaprawd\u0119, zaprawd\u0119 powiadam wam: Kto przyjmuje tego, kt\u00f3rego Ja po\u015bl\u0119, Mnie przyjmuje. A kto Mnie przyjmuje, przyjmuje Tego, kt\u00f3ry Mnie pos\u0142a\u0142\u201d.<\/b><\/span><\/span><\/span><\/p>\n<p align=\"justify\">\n<p align=\"justify\">\n<p align=\"justify\">\n<p align=\"justify\">\n<p align=\"justify\">\n<p align=\"center\"><span style=\"color: #000000;\"><span style=\"font-family: Book Antiqua, serif;\"><span style=\"font-size: large;\"><b>A OTO S\u0141\u00d3WKO JANKA KONDEJA:<\/b><\/span><\/span><\/span><\/p>\n<p align=\"center\">\n<p align=\"center\">\n<p align=\"center\">\n<p align=\"center\">\n<p align=\"center\">\n<p align=\"justify\"><span style=\"color: #000000;\"><span style=\"font-family: Book Antiqua, serif;\"><span style=\"font-size: large;\"><i><b>Ja wiem, kt<\/b><\/i><i><b>\u00f3rych wybra\u0142em\u2026<\/b><\/i><\/span><\/span><\/span><\/p>\n<p align=\"justify\"><span style=\"color: #000000;\"><span style=\"font-family: Book Antiqua, serif;\"><span style=\"font-size: large;\">Kochani, trwamy w tygodniu modlitw o powo\u0142ania. G\u0142\u00f3wnie chodzi o powo\u0142ania kap\u0142a\u0144skie i zakonne. Lecz pami\u0119tajmy, Kochani, r\u00f3wnie\u017c o powo\u0142aniach ma\u0142\u017ce\u0144skich oraz o powo\u0142aniach do dobrowolnie wybranej samotno\u015bci.<\/span><\/span><\/span><\/p>\n<p align=\"justify\"><span style=\"color: #000000;\"><span style=\"font-family: Book Antiqua, serif;\"><span style=\"font-size: large;\">Mo\u017cna powiedzie\u0107, \u017ce powo\u0142anie to plan na \u017cycie ka\u017cdego cz\u0142owieka. Powo\u0142anie to jest droga, kt\u00f3r\u0105 B\u00f3g proponuje ka\u017cdemu z nas. Bardzo mnie dotkn\u0119\u0142o zdanie z dzisiejszej Ewangelii: <i><b>Ja wiem, kt\u00f3rych wybra\u0142em\u2026<\/b><\/i><\/span><\/span><\/span><\/p>\n<p align=\"justify\"><span style=\"color: #000000;\"><span style=\"font-family: Book Antiqua, serif;\"><span style=\"font-size: large;\">Jezus wie, co robi! Jezus wie, kogo wybiera! To jest dla mnie fenomenem, \u017ce w\u0142a\u015bnie B\u00f3g wie, co robi! Przykre jest jednak to, \u017ce wielu ludzi zamyka serca na Jego wo\u0142anie, tworz\u0105c swoje pi\u0119kne wizje naszego \u017cycia. Mamy do tego prawo, poniewa\u017c B\u00f3g nam da\u0142 woln\u0105 wol\u0119! <\/span><\/span><\/span><\/p>\n<p align=\"justify\"><span style=\"color: #000000;\"><span style=\"font-family: Book Antiqua, serif;\"><span style=\"font-size: large;\">Kochani, cz\u0119sto m\u00f3wi si\u0119, \u017ce do nieba s\u0105 schody, a do piek\u0142a autostrada. A ja dodam od siebie, \u017ce powo\u0142anie to rondo, na kt\u00f3rym cz\u0142owiek nieraz kr\u0105\u017cy i nie mo\u017ce zdecydowa\u0107 si\u0119, w kt\u00f3ry zjazd zjecha\u0107. Jeden zjazd \u2013 to m\u00f3j plan A: PI\u0118KNY, wymarzony! Drugi zjazd \u2013 to m\u00f3j plan B: r\u00f3wnie\u017c pi\u0119kny, lecz troch\u0119 mniej kolorowy. Trzeci zjazd \u2013 to plan C. A czwarty zjazd \u2013 to plan Boga na nasze \u017cycie. Cz\u0119sto jest to z pozoru ma\u0142o zach\u0119caj\u0105ca droga, ale jak si\u0119 pojedzie drog\u0105, symbolizuj\u0105c\u0105 plan Boga, to b\u0119dziemy najszcz\u0119\u015bliwszymi lud\u017ami!<\/span><\/span><\/span><\/p>\n<p align=\"justify\"><span style=\"color: #000000;\"><span style=\"font-family: Book Antiqua, serif;\"><span style=\"font-size: large;\">Wielu jest takich, co si\u0119 niestety nie mog\u0105 zdecydowa\u0107, w kt\u00f3ry zjazd maj\u0105 zjecha\u0107. I tak latami kr\u0105\u017c\u0105. Tu potrzeba jednak konkretnej decyzji. Nie chodzi o to, by jak najdalej pojecha\u0107, ale by po prostu zjecha\u0107 i pojecha\u0107 t\u0105 w\u0142a\u015bciw\u0105 drog\u0105. A co dalej b\u0119dzie? Trzeba ufa\u0107 Bogu! <\/span><\/span><\/span><\/p>\n<p align=\"justify\"><span style=\"color: #000000;\"><span style=\"font-family: Book Antiqua, serif;\"><span style=\"font-size: large;\">M\u00f3dlmy si\u0119 o to, by m\u0142odzi nie bali si\u0119 p\u00f3j\u015b\u0107 za Jezusem! Niewa\u017cne w\u0142a\u015bnie gdzie: czy w kap\u0142a\u0144stwie, czy w zakonie, czy w ma\u0142\u017ce\u0144stwie, czy w dobrowolnie wybranej samotno\u015bci. B\u00f3g wie, kogo i do czego wybra\u0142! On wie, co robi! M\u00f3dlmy si\u0119 o odwag\u0119 dla ludzi i o ch\u0119ci pod\u0105\u017cania za dobrym pasterzem, kt\u00f3rym jest Jezus!<\/span><\/span><\/span><\/p>\n<p align=\"justify\"><span style=\"color: #000000;\"><span style=\"font-family: Book Antiqua, serif;\"><span style=\"font-size: large;\">Wielu jest powo\u0142anych, ale ma\u0142o odwa\u017cnych! <\/span><\/span><\/span><\/p>\n","protected":false},"excerpt":{"rendered":"<p>Szcz\u0119\u015b\u0107 Bo\u017ce! Drodzy moi, w dniu dzisiejszym imieniny prze\u017cywaj\u0105: \u25baMarian Tomkowicz \u2013 m\u00f3j Nauczyciel \u0142aciny w Liceum im. Kraszewskiego w Bia\u0142ej Podlaskiej, a nast\u0119pnie wieloletni W\u00f3jt Gminy Le\u015bna Podlaska; \u25baOjciec Marian Lis \u2013 Oblat, pos\u0142uguj\u0105cy w Kodniu, a wcze\u015bniej: wieloletni Misjonarz; \u25baKatarzyna Szewczak \u2013 Bliska mi Osoba z Warszawy. Urodziny natomiast prze\u017cywaj\u0105: \u25baJulia Kostuch \u2013 [&hellip;]<\/p>\n","protected":false},"author":1,"featured_media":0,"comment_status":"open","ping_status":"open","sticky":false,"template":"","format":"standard","meta":{"jetpack_post_was_ever_published":false,"_jetpack_newsletter_access":"","_jetpack_dont_email_post_to_subs":false,"_jetpack_newsletter_tier_id":0,"_jetpack_memberships_contains_paywalled_content":false,"_jetpack_memberships_contains_paid_content":false,"footnotes":""},"categories":[1],"tags":[],"class_list":["post-24836","post","type-post","status-publish","format-standard","hentry","category-bez-kategorii"],"yoast_head":"<!-- This site is optimized with the Yoast SEO plugin v25.1 - https:\/\/yoast.com\/wordpress\/plugins\/seo\/ -->\n<title>Ja wiem, kt\u00f3rych wybra\u0142em! - Gaudium Et Spes<\/title>\n<meta name=\"robots\" content=\"index, follow, max-snippet:-1, max-image-preview:large, max-video-preview:-1\" \/>\n<link rel=\"canonical\" href=\"https:\/\/gaudiumetspes-blog.pl\/index.php\/2026\/04\/30\/ja-wiem-ktorych-wybralem\/\" \/>\n<meta property=\"og:locale\" content=\"pl_PL\" \/>\n<meta property=\"og:type\" content=\"article\" \/>\n<meta property=\"og:title\" content=\"Ja wiem, kt\u00f3rych wybra\u0142em! - Gaudium Et Spes\" \/>\n<meta property=\"og:description\" content=\"Szcz\u0119\u015b\u0107 Bo\u017ce! Drodzy moi, w dniu dzisiejszym imieniny prze\u017cywaj\u0105: \u25baMarian Tomkowicz \u2013 m\u00f3j Nauczyciel \u0142aciny w Liceum im. Kraszewskiego w Bia\u0142ej Podlaskiej, a nast\u0119pnie wieloletni W\u00f3jt Gminy Le\u015bna Podlaska; \u25baOjciec Marian Lis \u2013 Oblat, pos\u0142uguj\u0105cy w Kodniu, a wcze\u015bniej: wieloletni Misjonarz; \u25baKatarzyna Szewczak \u2013 Bliska mi Osoba z Warszawy. Urodziny natomiast prze\u017cywaj\u0105: \u25baJulia Kostuch \u2013 [&hellip;]\" \/>\n<meta property=\"og:url\" content=\"https:\/\/gaudiumetspes-blog.pl\/index.php\/2026\/04\/30\/ja-wiem-ktorych-wybralem\/\" \/>\n<meta property=\"og:site_name\" content=\"Gaudium Et Spes\" \/>\n<meta property=\"article:published_time\" content=\"2026-04-30T04:17:55+00:00\" \/>\n<meta name=\"author\" content=\"Ks. Jacek\" \/>\n<meta name=\"twitter:card\" content=\"summary_large_image\" \/>\n<meta name=\"twitter:label1\" content=\"Napisane przez\" \/>\n\t<meta name=\"twitter:data1\" content=\"Ks. Jacek\" \/>\n\t<meta name=\"twitter:label2\" content=\"Szacowany czas czytania\" \/>\n\t<meta name=\"twitter:data2\" content=\"7 minut\" \/>\n<script type=\"application\/ld+json\" class=\"yoast-schema-graph\">{\"@context\":\"https:\/\/schema.org\",\"@graph\":[{\"@type\":\"WebPage\",\"@id\":\"https:\/\/gaudiumetspes-blog.pl\/index.php\/2026\/04\/30\/ja-wiem-ktorych-wybralem\/\",\"url\":\"https:\/\/gaudiumetspes-blog.pl\/index.php\/2026\/04\/30\/ja-wiem-ktorych-wybralem\/\",\"name\":\"Ja wiem, kt\u00f3rych wybra\u0142em! - Gaudium Et Spes\",\"isPartOf\":{\"@id\":\"https:\/\/gaudiumetspes-blog.pl\/#website\"},\"datePublished\":\"2026-04-30T04:17:55+00:00\",\"author\":{\"@id\":\"https:\/\/gaudiumetspes-blog.pl\/#\/schema\/person\/1661982992b752dea8dff0d4ed845a65\"},\"breadcrumb\":{\"@id\":\"https:\/\/gaudiumetspes-blog.pl\/index.php\/2026\/04\/30\/ja-wiem-ktorych-wybralem\/#breadcrumb\"},\"inLanguage\":\"pl-PL\",\"potentialAction\":[{\"@type\":\"ReadAction\",\"target\":[\"https:\/\/gaudiumetspes-blog.pl\/index.php\/2026\/04\/30\/ja-wiem-ktorych-wybralem\/\"]}]},{\"@type\":\"BreadcrumbList\",\"@id\":\"https:\/\/gaudiumetspes-blog.pl\/index.php\/2026\/04\/30\/ja-wiem-ktorych-wybralem\/#breadcrumb\",\"itemListElement\":[{\"@type\":\"ListItem\",\"position\":1,\"name\":\"Strona g\u0142\u00f3wna\",\"item\":\"https:\/\/gaudiumetspes-blog.pl\/\"},{\"@type\":\"ListItem\",\"position\":2,\"name\":\"Ja wiem, kt\u00f3rych wybra\u0142em!\"}]},{\"@type\":\"WebSite\",\"@id\":\"https:\/\/gaudiumetspes-blog.pl\/#website\",\"url\":\"https:\/\/gaudiumetspes-blog.pl\/\",\"name\":\"Gaudium Et Spes\",\"description\":\"Blog Ks. Jacka Ja\u015bkowskiego\",\"potentialAction\":[{\"@type\":\"SearchAction\",\"target\":{\"@type\":\"EntryPoint\",\"urlTemplate\":\"https:\/\/gaudiumetspes-blog.pl\/?s={search_term_string}\"},\"query-input\":{\"@type\":\"PropertyValueSpecification\",\"valueRequired\":true,\"valueName\":\"search_term_string\"}}],\"inLanguage\":\"pl-PL\"},{\"@type\":\"Person\",\"@id\":\"https:\/\/gaudiumetspes-blog.pl\/#\/schema\/person\/1661982992b752dea8dff0d4ed845a65\",\"name\":\"Ks. Jacek\",\"image\":{\"@type\":\"ImageObject\",\"inLanguage\":\"pl-PL\",\"@id\":\"https:\/\/gaudiumetspes-blog.pl\/#\/schema\/person\/image\/\",\"url\":\"https:\/\/gaudiumetspes-blog.pl\/wp-content\/uploads\/2019\/07\/avatar-JJ-150x150.jpg\",\"contentUrl\":\"https:\/\/gaudiumetspes-blog.pl\/wp-content\/uploads\/2019\/07\/avatar-JJ-150x150.jpg\",\"caption\":\"Ks. Jacek\"},\"description\":\"Witam serdecznie! K\u0142ania si\u0119 Ks. Jacek Ja\u015bkowski. Nie jestem ani kim\u015b wa\u017cnym, ani kim\u015b znanym. Jestem ksi\u0119dzem, kt\u00f3ry po prostu chce rozmawia\u0107. Codzienna kap\u0142a\u0144ska pos\u0142uga pokazuje mi, \u017ce temat\u00f3w do rozm\u00f3w z ksi\u0119dzem jest coraz wi\u0119cej i dzisiaj \u017caden ksi\u0105dz nie mo\u017ce od nich ucieka\u0107, ale - wprost przeciwnie - podejmowa\u0107 nowe wyzwania. To przekonanie sk\u0142oni\u0142o mnie do pr\u00f3by otwarcia tego\u017c bloga, chocia\u017c okazji do rozm\u00f3w na co dzie\u0144 - w konfesjonale i poza nim - na szcz\u0119\u015bcie nie brakuje. My\u015bl\u0119 jednak, \u017ce ten blog b\u0119dzie jeszcze jednym sposobem i przestrzeni\u0105 nawi\u0105zania kontaktu z lud\u017ami dobrej woli, otwartymi na dialog.\",\"url\":\"https:\/\/gaudiumetspes-blog.pl\/index.php\/author\/ks-jacek\/\"}]}<\/script>\n<!-- \/ Yoast SEO plugin. -->","yoast_head_json":{"title":"Ja wiem, kt\u00f3rych wybra\u0142em! - Gaudium Et Spes","robots":{"index":"index","follow":"follow","max-snippet":"max-snippet:-1","max-image-preview":"max-image-preview:large","max-video-preview":"max-video-preview:-1"},"canonical":"https:\/\/gaudiumetspes-blog.pl\/index.php\/2026\/04\/30\/ja-wiem-ktorych-wybralem\/","og_locale":"pl_PL","og_type":"article","og_title":"Ja wiem, kt\u00f3rych wybra\u0142em! - Gaudium Et Spes","og_description":"Szcz\u0119\u015b\u0107 Bo\u017ce! Drodzy moi, w dniu dzisiejszym imieniny prze\u017cywaj\u0105: \u25baMarian Tomkowicz \u2013 m\u00f3j Nauczyciel \u0142aciny w Liceum im. Kraszewskiego w Bia\u0142ej Podlaskiej, a nast\u0119pnie wieloletni W\u00f3jt Gminy Le\u015bna Podlaska; \u25baOjciec Marian Lis \u2013 Oblat, pos\u0142uguj\u0105cy w Kodniu, a wcze\u015bniej: wieloletni Misjonarz; \u25baKatarzyna Szewczak \u2013 Bliska mi Osoba z Warszawy. Urodziny natomiast prze\u017cywaj\u0105: \u25baJulia Kostuch \u2013 [&hellip;]","og_url":"https:\/\/gaudiumetspes-blog.pl\/index.php\/2026\/04\/30\/ja-wiem-ktorych-wybralem\/","og_site_name":"Gaudium Et Spes","article_published_time":"2026-04-30T04:17:55+00:00","author":"Ks. Jacek","twitter_card":"summary_large_image","twitter_misc":{"Napisane przez":"Ks. Jacek","Szacowany czas czytania":"7 minut"},"schema":{"@context":"https:\/\/schema.org","@graph":[{"@type":"WebPage","@id":"https:\/\/gaudiumetspes-blog.pl\/index.php\/2026\/04\/30\/ja-wiem-ktorych-wybralem\/","url":"https:\/\/gaudiumetspes-blog.pl\/index.php\/2026\/04\/30\/ja-wiem-ktorych-wybralem\/","name":"Ja wiem, kt\u00f3rych wybra\u0142em! - Gaudium Et Spes","isPartOf":{"@id":"https:\/\/gaudiumetspes-blog.pl\/#website"},"datePublished":"2026-04-30T04:17:55+00:00","author":{"@id":"https:\/\/gaudiumetspes-blog.pl\/#\/schema\/person\/1661982992b752dea8dff0d4ed845a65"},"breadcrumb":{"@id":"https:\/\/gaudiumetspes-blog.pl\/index.php\/2026\/04\/30\/ja-wiem-ktorych-wybralem\/#breadcrumb"},"inLanguage":"pl-PL","potentialAction":[{"@type":"ReadAction","target":["https:\/\/gaudiumetspes-blog.pl\/index.php\/2026\/04\/30\/ja-wiem-ktorych-wybralem\/"]}]},{"@type":"BreadcrumbList","@id":"https:\/\/gaudiumetspes-blog.pl\/index.php\/2026\/04\/30\/ja-wiem-ktorych-wybralem\/#breadcrumb","itemListElement":[{"@type":"ListItem","position":1,"name":"Strona g\u0142\u00f3wna","item":"https:\/\/gaudiumetspes-blog.pl\/"},{"@type":"ListItem","position":2,"name":"Ja wiem, kt\u00f3rych wybra\u0142em!"}]},{"@type":"WebSite","@id":"https:\/\/gaudiumetspes-blog.pl\/#website","url":"https:\/\/gaudiumetspes-blog.pl\/","name":"Gaudium Et Spes","description":"Blog Ks. Jacka Ja\u015bkowskiego","potentialAction":[{"@type":"SearchAction","target":{"@type":"EntryPoint","urlTemplate":"https:\/\/gaudiumetspes-blog.pl\/?s={search_term_string}"},"query-input":{"@type":"PropertyValueSpecification","valueRequired":true,"valueName":"search_term_string"}}],"inLanguage":"pl-PL"},{"@type":"Person","@id":"https:\/\/gaudiumetspes-blog.pl\/#\/schema\/person\/1661982992b752dea8dff0d4ed845a65","name":"Ks. Jacek","image":{"@type":"ImageObject","inLanguage":"pl-PL","@id":"https:\/\/gaudiumetspes-blog.pl\/#\/schema\/person\/image\/","url":"https:\/\/gaudiumetspes-blog.pl\/wp-content\/uploads\/2019\/07\/avatar-JJ-150x150.jpg","contentUrl":"https:\/\/gaudiumetspes-blog.pl\/wp-content\/uploads\/2019\/07\/avatar-JJ-150x150.jpg","caption":"Ks. Jacek"},"description":"Witam serdecznie! K\u0142ania si\u0119 Ks. Jacek Ja\u015bkowski. Nie jestem ani kim\u015b wa\u017cnym, ani kim\u015b znanym. Jestem ksi\u0119dzem, kt\u00f3ry po prostu chce rozmawia\u0107. Codzienna kap\u0142a\u0144ska pos\u0142uga pokazuje mi, \u017ce temat\u00f3w do rozm\u00f3w z ksi\u0119dzem jest coraz wi\u0119cej i dzisiaj \u017caden ksi\u0105dz nie mo\u017ce od nich ucieka\u0107, ale - wprost przeciwnie - podejmowa\u0107 nowe wyzwania. To przekonanie sk\u0142oni\u0142o mnie do pr\u00f3by otwarcia tego\u017c bloga, chocia\u017c okazji do rozm\u00f3w na co dzie\u0144 - w konfesjonale i poza nim - na szcz\u0119\u015bcie nie brakuje. My\u015bl\u0119 jednak, \u017ce ten blog b\u0119dzie jeszcze jednym sposobem i przestrzeni\u0105 nawi\u0105zania kontaktu z lud\u017ami dobrej woli, otwartymi na dialog.","url":"https:\/\/gaudiumetspes-blog.pl\/index.php\/author\/ks-jacek\/"}]}},"jetpack_featured_media_url":"","jetpack_sharing_enabled":true,"_links":{"self":[{"href":"https:\/\/gaudiumetspes-blog.pl\/index.php\/wp-json\/wp\/v2\/posts\/24836","targetHints":{"allow":["GET"]}}],"collection":[{"href":"https:\/\/gaudiumetspes-blog.pl\/index.php\/wp-json\/wp\/v2\/posts"}],"about":[{"href":"https:\/\/gaudiumetspes-blog.pl\/index.php\/wp-json\/wp\/v2\/types\/post"}],"author":[{"embeddable":true,"href":"https:\/\/gaudiumetspes-blog.pl\/index.php\/wp-json\/wp\/v2\/users\/1"}],"replies":[{"embeddable":true,"href":"https:\/\/gaudiumetspes-blog.pl\/index.php\/wp-json\/wp\/v2\/comments?post=24836"}],"version-history":[{"count":1,"href":"https:\/\/gaudiumetspes-blog.pl\/index.php\/wp-json\/wp\/v2\/posts\/24836\/revisions"}],"predecessor-version":[{"id":24837,"href":"https:\/\/gaudiumetspes-blog.pl\/index.php\/wp-json\/wp\/v2\/posts\/24836\/revisions\/24837"}],"wp:attachment":[{"href":"https:\/\/gaudiumetspes-blog.pl\/index.php\/wp-json\/wp\/v2\/media?parent=24836"}],"wp:term":[{"taxonomy":"category","embeddable":true,"href":"https:\/\/gaudiumetspes-blog.pl\/index.php\/wp-json\/wp\/v2\/categories?post=24836"},{"taxonomy":"post_tag","embeddable":true,"href":"https:\/\/gaudiumetspes-blog.pl\/index.php\/wp-json\/wp\/v2\/tags?post=24836"}],"curies":[{"name":"wp","href":"https:\/\/api.w.org\/{rel}","templated":true}]}}