{"id":25127,"date":"2026-09-01T10:13:32","date_gmt":"2026-09-01T08:13:32","guid":{"rendered":"https:\/\/gaudiumetspes-blog.pl\/?p=25127"},"modified":"2026-09-01T10:13:32","modified_gmt":"2026-09-01T08:13:32","slug":"wiara-to-nie-uczucia","status":"publish","type":"post","link":"https:\/\/gaudiumetspes-blog.pl\/index.php\/2026\/09\/01\/wiara-to-nie-uczucia\/","title":{"rendered":"Wiara to nie uczucia!"},"content":{"rendered":"<p align=\"justify\"><span style=\"color: #000000;\"><span style=\"font-family: Book Antiqua, serif;\"><span style=\"font-size: large;\">Szcz\u0119\u015b\u0107 Bo\u017ce! Drodzy moi, w dniu dzisiejszym <b>urodziny prze\u017cywa Ojciec Cezary Szcze\u015bniak, kapucyn, nale\u017c\u0105cy w swoim czasie \u2013 jeszcze jako Czarek \u2013 do jednej z m\u0142odzie\u017cowych Wsp\u00f3lnot. \u017bycz\u0119 Ojcu Czarkowi odwagi i mocy w g\u0142oszeniu Bo\u017cego s\u0142owa i \u015bwiadczeniu o nim ca\u0142ym swoim kap\u0142a\u0144skim i zakonnym \u017cyciem! Zapewniam o modlitwie.<\/b><\/span><\/span><\/span><\/p>\n<p align=\"justify\"><span style=\"color: #000000;\"><span style=\"font-family: Book Antiqua, serif;\"><span style=\"font-size: large;\">Drodzy moi, sercem \u0142\u0105czymy si\u0119 z Uczniami, Rodzicami i Nauczycielami, kt\u00f3rzy dzisiaj rozpoczynaj\u0105 rok szkolny. W modlitwie b\u0119dziemy o Nich wszystkich pami\u0119ta\u0107!<\/span><\/span><\/span><\/p>\n<p align=\"justify\"><span style=\"color: #000000;\"><span style=\"font-family: Book Antiqua, serif;\"><span style=\"font-size: large;\">A ja bardzo serdecznie pozdrawiam Was z Siedlec, sk\u0105d zaraz wyrusz\u0119 do Domu rodzinnego, gdy\u017c wczoraj nasz Tato przeszed\u0142 kolejny zabieg na za\u0107m\u0119. Zorientuj\u0119 si\u0119, co i jak \u2013 i w czym mo\u017cna i trzeba pom\u00f3c. Jednak na 18:00 wracam do Siedlec, gdzie w Parafii \u015awi\u0119tej Teresy, prowadzonej przez Ojc\u00f3w Oblat\u00f3w, rozpoczn\u0119 gregoriank\u0119 za \u015bwi\u0119tej pami\u0119ci Edwarda, Ojca jednej z Si\u00f3str, pos\u0142uguj\u0105cych przy tej Parafii. Gregoriank\u0119 t\u0119 b\u0119d\u0119 odprawia\u0142 poza Parafi\u0105, chocia\u017c czasami b\u0119d\u0119 si\u0119 stara\u0142 dotrze\u0107 na miejsce \u2013 je\u015bli tylko b\u0119d\u0119 w Siedlcach. <\/span><\/span><\/span><\/p>\n<p align=\"justify\"><span style=\"color: #000000;\"><span style=\"font-family: Book Antiqua, serif;\"><span style=\"font-size: large;\">Drodzy moi, wracam jeszcze do zako\u0144czonej wczoraj Pielgrzymki. Ot\u00f3\u017c, w\u0142a\u015bnie wczoraj wieczorem, na grupie naszego Duszpasterstwa Akademickiego GAUDEAMUS, funkcjonuj\u0105cej na messengerze, zamie\u015bci\u0142em takie oto podsumowanie:<\/span><\/span><\/span><\/p>\n<p align=\"justify\"><span style=\"color: #000000;\">\u201e<span style=\"font-family: Book Antiqua, serif;\"><span style=\"font-size: large;\">Po zako\u0144czeniu tegorocznej Pielgrzymki do Rzymu \u2013 po dotarciu ju\u017c do swoich dom\u00f3w \u2013 <b>podzi\u0119kujmy Panu naszemu i Matce Bo\u017cej Kode\u0144skiej, naszej Patronce,<\/b> a tak\u017ce <b>Janowi Paw\u0142owi II i innym \u015awi\u0119tym <\/b>\u2013 za przeprowadzenie nas przez ten czas i opiek\u0119 nad nami!<\/span><\/span><\/span><\/p>\n<p align=\"justify\"><span style=\"color: #000000;\"><span style=\"font-family: Book Antiqua, serif;\"><span style=\"font-size: large;\">Ze swej strony, w to dzi\u0119kczynienie w\u0142\u0105czam podzi\u0119kowaniem Ludziom. A s\u0105 to: <\/span><\/span><\/span><\/p>\n<p align=\"justify\"><span style=\"color: #000000;\">\u25ba<span style=\"font-family: Book Antiqua, serif;\"><span style=\"font-size: large;\"><b>Szymon Sala \u2013<\/b> m\u00f3j Zast\u0119pca i najbli\u017cszy Wsp\u00f3\u0142pracownik na tej Pielgrzymce i w ca\u0142ym Duszpasterstwie Akademickim \u2013 za wsp\u00f3lne przygotowywanie tego wyjazdu i za wsp\u00f3lne czuwanie nad nim dzie\u0144 po dniu, za prowadzenie modlitw i asystowanie w trakcie liturgii; za prowadzenie naszego busa najwi\u0119cej ze wszystkich Kierowc\u00f3w, za s\u0142\u00f3wko we wtorek i za ka\u017cde dobre s\u0142\u00f3wko, tak hojnie do nas wszystkich kierowane! <\/span><\/span><\/span><\/p>\n<p align=\"justify\"><span style=\"color: #000000;\">\u25ba<span style=\"font-family: Book Antiqua, serif;\"><span style=\"font-size: large;\"><b>Filip Dawidek i Pawe\u0142 Ambroziak \u2013<\/b> nasi Kierowcy, prowadz\u0105cy busa po wiele godzin d\u0142ugiej trasy do Rzymu i z Rzymu, tak\u017ce w godzinach nocnych. <b>Filipowi<\/b> dzi\u0119kuj\u0119 za asystowanie przy celebrowaniu liturgii.<\/span><\/span><\/span><\/p>\n<p align=\"justify\"><span style=\"color: #000000;\">\u25ba<span style=\"font-family: Book Antiqua, serif;\"><span style=\"font-size: large;\"><b>Barbara Polak<\/b> \u2013 Babcia Szymona i Babcia ca\u0142ej naszej Pielgrzymki i Babcia ca\u0142ego \u015bwiata \u2013 za huraganowe \u015bwiadectwo m\u0142odo\u015bci<\/span><\/span><\/span><\/p>\n<p align=\"justify\"><span style=\"color: #000000;\">\u25ba<span style=\"font-family: Book Antiqua, serif;\"><span style=\"font-size: large;\"><b>Monika Sala \u2013 Mama Szymona; <\/b><b>a tak\u017ce<\/b><b> Danuta Kulik<\/b> <b>\u2013 po prostu: Ciocia <\/b>\u2013 za dobro\u0107 i wra\u017cliwo\u015b\u0107 kobiecych serc, kt\u00f3re okazywa\u0142y nam ka\u017cdego dnia; za t\u0119 dobro\u0107 i pogod\u0119 ducha dzi\u0119kujemy tak\u017ce wspomnianej naszej Babci.<\/span><\/span><\/span><\/p>\n<p align=\"justify\"><span style=\"color: #000000;\">\u25ba<span style=\"font-family: Book Antiqua, serif;\"><span style=\"font-size: large;\"><b>Julia Kostuch i <\/b><b>Gabriel Sowa <\/b>\u2013 za codzienne \u015bwiadectwo wiary i entuzjazm cz\u0142owieka m\u0142odego, odwa\u017cnie \u015bwiadcz\u0105cego na co dzie\u0144 o swojej przyja\u017ani z Jezusem; za to dzi\u0119kuj\u0119 tak\u017ce wspomnianym ju\u017c: <b>Szymonowi, Filipowi i Paw\u0142owi.<\/b> <b>Gabrielowi<\/b> dzi\u0119kuj\u0119 tak\u017ce za asystowanie przy celebrowaniu liturgii.<\/span><\/span><\/span><\/p>\n<p align=\"justify\"><span style=\"color: #000000;\"><span style=\"font-family: Book Antiqua, serif;\"><span style=\"font-size: large;\">A spoza naszej Grupy \u2013 s\u0105 to:<\/span><\/span><\/span><\/p>\n<p align=\"justify\"><span style=\"color: #000000;\">\u25ba<span style=\"font-family: Book Antiqua, serif;\"><span style=\"font-size: large;\"><b>Natalia Kulasiak \u2013 <\/b>nasza Pilotka w Rzymie, a w tym roku tak\u017ce Przewodniczka, a tak w og\u00f3le, to po prostu Anio\u0142 Str\u00f3\u017c \u2013 za dobro tak ogromne i pi\u0119kne, \u017ce ten tekst musia\u0142by by\u0107 tak d\u0142ugi, jak st\u0105d do Ksi\u0119\u017cyca \u2013 i z powrotem. Szczeg\u00f3lnie jednak dzi\u0119kuj\u0119 za ogromne serce, wyra\u017caj\u0105ce si\u0119 trosk\u0105 o najdrobniejsze szczeg\u00f3\u0142y \u2013 przez ca\u0142y dzie\u0144, od wczesnego rana do p\u00f3\u017anego wieczora, a w trakcie nocy: g\u0142os\u00f3wkami i smsami, z pytaniami: \u201eCzy wszystko w porz\u0105dku?\u201d i \u201eCo jeszcze trzeba zorganizowa\u0107?\u201d A reszt\u0119 \u2013 to niech ju\u017c ka\u017cdy dopowie\u2026<\/span><\/span><\/span><\/p>\n<p align=\"justify\"><span style=\"color: #000000;\">\u25ba<span style=\"font-family: Book Antiqua, serif;\"><span style=\"font-size: large;\"><b>Brat S\u0142awomir Steczkowski<\/b> z Polskiego Papieskiego Instytutu Ko\u015bcielnego w Rzymie \u2013 i tutaj to niech ka\u017cdy sam powie, za co, bo mi brakuje ju\u017c s\u0142\u00f3w dla tego Bo\u017cego Wariata.<\/span><\/span><\/span><\/p>\n<p align=\"justify\"><span style=\"color: #000000;\">\u25ba<span style=\"font-family: Book Antiqua, serif;\"><span style=\"font-size: large;\"><b>Jacek W\u0142adys\u0142aw Fr\u0105c <\/b>\u2013 \u201edelikatnie m\u00f3wi\u0105c\u201d: nasz Przewodnik po Muzeach Watyka\u0144skich, dlatego \u201eefekt ko\u0144cowy tego jest taki\u201d, \u017ce by\u0142 z nami przez jeden dzie\u0144, a nie przez wszystkie, bo reszt\u0119 zwyczajnie zawali\u0142, ale w tym jednym dniu si\u0119 sprawdzi\u0142.<\/span><\/span><\/span><\/p>\n<p align=\"justify\"><span style=\"color: #000000;\">\u25ba<span style=\"font-family: Book Antiqua, serif;\"><span style=\"font-size: large;\"><b>Obs\u0142uga hotelu \u201eMariano\u201d i restauracji,<\/b> a szczeg\u00f3lnie: <b>Kelner Dawid \u2013<\/b> za \u017cyczliwo\u015b\u0107 i dyspozycyjno\u015b\u0107.<\/span><\/span><\/span><\/p>\n<p align=\"justify\"><span style=\"color: #000000;\">\u25ba<span style=\"font-family: Book Antiqua, serif;\"><span style=\"font-size: large;\"><b>Adrian Ryczek <\/b>\u2013 m\u0142ody Cz\u0142owiek z Warszawy, \u017cyj\u0105cy wiar\u0105 na co dzie\u0144, spotkany na Audiencji \u015brodowej \u2013 za \u017cycie wiar\u0105 na co dzie\u0144 i spotkanie z nami na Audiencji \u015brodowej.<\/span><\/span><\/span><\/p>\n<p align=\"justify\"><span style=\"color: #000000;\"><span style=\"font-family: Book Antiqua, serif;\"><span style=\"font-size: large;\">A przy okazji: <\/span><\/span><\/span><\/p>\n<p align=\"justify\"><span style=\"color: #000000;\">\u25ba<span style=\"font-family: Book Antiqua, serif;\"><span style=\"font-size: large;\"><b>Ojciec \u015awi\u0119ty Leon XIV <\/b>\u2013 za Audiencj\u0119 \u015brodow\u0105, zako\u0144czon\u0105 osobistym powitaniem z wi\u0119kszo\u015bci\u0105 naszej Grupy.<\/span><\/span><\/span><\/p>\n<p align=\"justify\"><span style=\"color: #000000;\"><span style=\"font-family: Book Antiqua, serif;\"><span style=\"font-size: large;\">Dalej za\u015b:<\/span><\/span><\/span><\/p>\n<p align=\"justify\"><span style=\"color: #000000;\">\u25ba<span style=\"font-family: Book Antiqua, serif;\"><span style=\"font-size: large;\"><b>Przewodni<\/b><b>c<\/b><b>zka Justyna <\/b>w Asy\u017cu i bardzo \u017cyczliwa <b>Pani na Monte Ca<\/b><b>ssino \u2013<\/b> za profesjonalizm i \u015bwietny przekaz i kontakt.<\/span><\/span><\/span><\/p>\n<p align=\"justify\"><span style=\"color: #000000;\">\u25ba<span style=\"font-family: Book Antiqua, serif;\"><span style=\"font-size: large;\"><b>Bogus\u0142awa Chomicz <\/b>\u2013 Agentka PZU z Bia\u0142ej Podlaskiej \u2013 za b\u0142yskawiczne, profesjonalne i na korzystnych warunkach ubezpieczenie naszej Grupy, jak i wszystkich poprzednich.<\/span><\/span><\/span><\/p>\n<p align=\"justify\"><span style=\"color: #000000;\">\u25ba<span style=\"font-family: Book Antiqua, serif;\"><span style=\"font-size: large;\"><b>Dawid St\u0119pnicki \u2013<\/b> za kolejne ju\u017c wypo\u017cyczenie busa \u2013 na bardzo korzystnych warunkach, bez konieczno\u015bci wp\u0142aty zaliczki, z zastosowaniem wszelkich mo\u017cliwych zni\u017cek, \u201ebo to przecie\u017c dla Ksi\u0119dza\u2026\u201d.<\/span><\/span><\/span><\/p>\n<p align=\"justify\"><span style=\"color: #000000;\">\u25ba<span style=\"font-family: Book Antiqua, serif;\"><span style=\"font-size: large;\"><b>Wszyscy, kt\u00f3rzy na nas czekali, t\u0119sknili za nami; kt\u00f3rych zostawili\u015bmy w domach,<\/b> a kt\u00f3rzy prosili nas o modlitw\u0119 i modlili si\u0119 za nas \u2013 w\u0142a\u015bnie, za to, \u017ce si\u0119 modlili i ca\u0142y czas byli z nami, a dzisiaj powitali nas z rado\u015bci\u0105!<\/span><\/span><\/span><\/p>\n<p align=\"justify\"><span style=\"color: #000000;\"><span style=\"font-family: Book Antiqua, serif;\"><span style=\"font-size: large;\"><b>Niech Pan b\u0119dzie uwielbiony w tym zako\u0144czonym dzi\u015b dziele! I niech pomno\u017cy jego duchowe owoce! Sam jednak tego nie zrobi \u2013 bez naszej wsp\u00f3\u0142pracy. Dlatego pami\u0119tajmy o realizacji naszych postanowie\u0144 z tych wyj\u0105tkowych Rekolekcji!\u201d<\/b><\/span><\/span><\/span><\/p>\n<p align=\"justify\"><span style=\"color: #000000;\"><span style=\"font-family: Book Antiqua, serif;\"><span style=\"font-size: large;\">Takie sobie s\u0142\u00f3wko\u2026<\/span><\/span><\/span><\/p>\n<p align=\"justify\"><span style=\"color: #000000;\"><span style=\"font-family: Book Antiqua, serif;\"><span style=\"font-size: large;\">Teraz za\u015b ju\u017c zapraszam do pochylenia si\u0119 nad Bo\u017cym s\u0142owem dzisiejszej liturgii. Oto s\u0142\u00f3wko Ksi\u0119dza Marka na dzi\u015b:<\/span><\/span><\/span><\/p>\n<p align=\"justify\"><span style=\"color: #000000;\"><span style=\"font-family: Book Antiqua, serif;\"><span style=\"font-size: medium;\"><a href=\"https:\/\/www.youtube.com\/c\/CatholicSurgut\"><span style=\"font-size: large;\"><span lang=\"zxx\"><u><b>https:\/\/www.youtube.com\/c\/CatholicSurgut<\/b><\/u><\/span><\/span><\/a><\/span><\/span><\/span><\/p>\n<p align=\"justify\"><span style=\"color: #000000;\"><span style=\"font-family: Book Antiqua, serif;\"><span style=\"font-size: large;\">Poni\u017cej za\u015b \u2013 <b>s\u0142\u00f3wko Szymona Sali.<\/b> Bardzo jestem Mu wdzi\u0119czny za to, \u017ce pomimo praktycznie nieprzespanej nocy, kt\u00f3rej du\u017c\u0105 cze\u015b\u0107 przeby\u0142 za kierownic\u0105 naszego busa \u2013 jednak swoje wtorkowe dobrowolne zobowi\u0105zanie uznaje za nienaruszalne, dlatego wywi\u0105zuje si\u0119 z niego tak\u017ce dzisiaj. A podejmuje si\u0119 tematyki nie\u0142atwej, z kt\u00f3r\u0105 jednak \u015bwietnie sobie radzi. Zreszt\u0105, jak zawsze, o czym mo\u017cecie si\u0119 przekonywa\u0107 w kolejne wtorki. Dzisiaj \u2013 o duchach. W spos\u00f3b \u2013 bardzo realistyczny. <\/span><\/span><\/span><\/p>\n<p align=\"justify\"><span style=\"color: #000000;\"><span style=\"font-family: Book Antiqua, serif;\"><span style=\"font-size: large;\">Niech Pan b\u0119dzie uwielbiony we wszelkim zaanga\u017cowaniu Szymona w dobro, tak\u017ce w tym pisaniu na blogu. I tak\u017ce Jemu samemu \u2013 serdecznie dzi\u0119kuj\u0119!<\/span><\/span><\/span><\/p>\n<p align=\"justify\"><span style=\"color: #000000;\"><span style=\"font-family: Book Antiqua, serif;\"><span style=\"font-size: large;\">Zatem, <b>co dzi\u015b m\u00f3wi do mnie Pan? Z jakim konkretnym przes\u0142aniem zwraca si\u0119 dzi\u015b w\u0142a\u015bnie do mnie? <\/b>Duchu \u015awi\u0119ty, rozja\u015bnij umys\u0142y i serca!<\/span><\/span><\/span><\/p>\n<p align=\"justify\"><span style=\"color: #000000;\"><span style=\"font-family: Book Antiqua, serif;\"><span style=\"font-size: large;\"><b>Niech Was b\u0142ogos\u0142awi B\u00f3g Wszechmog\u0105cy: Ojciec + i Syn, i Duch \u015awi\u0119ty. Amen<\/b><\/span><\/span><\/span><\/p>\n<p align=\"center\"><span style=\"color: #000000;\"><span style=\"font-family: Book Antiqua, serif;\"><span style=\"font-size: large;\">Gaudium et spes! Ks. Jacek<\/span><\/span><\/span><\/p>\n<p align=\"center\">\n<p align=\"center\">\n<p align=\"center\">\n<p align=\"center\">\n<p align=\"center\">\n<p align=\"justify\"><span style=\"color: #000000;\"><span style=\"font-family: Book Antiqua, serif;\"><span style=\"font-size: large;\"><b>Wtorek 22 Tygodnia zwyk\u0142ego, rok II,<\/b><\/span><\/span><\/span><\/p>\n<p align=\"justify\"><span style=\"color: #000000;\"><span style=\"font-family: Book Antiqua, serif;\"><span style=\"font-size: large;\"><b>1 wrze\u015bnia 2026.,\u00a0<\/b><\/span><\/span><\/span><\/p>\n<p align=\"justify\"><span style=\"color: #000000;\"><span style=\"font-family: Book Antiqua, serif;\"><span style=\"font-size: large;\"><b>do czyta\u0144: 1 Kor 2,10b\u201316; \u0141k 4,31\u201337<\/b><\/span><\/span><\/span><\/p>\n<p align=\"justify\">\n<p align=\"justify\">\n<p align=\"justify\">\n<p align=\"justify\">\n<p align=\"justify\">\n<p align=\"justify\"><span style=\"color: #000000;\"><span style=\"font-family: Book Antiqua, serif;\"><span style=\"font-size: large;\"><b>CZYTANIE Z PIERWSZEGO LISTU \u015aWI\u0118TEGO PAW\u0141A APOSTO\u0141A DO KORYNTIAN:<\/b><\/span><\/span><\/span><\/p>\n<p align=\"justify\"><span style=\"color: #000000;\"><span style=\"font-family: Book Antiqua, serif;\"><span style=\"font-size: large;\"><b>Bracia: Duch przenika wszystko, nawet g\u0142\u0119boko\u015bci Boga samego. Kto za\u015b z ludzi zna to, co ludzkie, je\u017celi nie duch, kt\u00f3ry jest w cz\u0142owieku? Podobnie i tego, co Boskie, nie zna nikt, tylko Duch Bo\u017cy. Ot\u00f3\u017c my\u015bmy nie otrzymali ducha \u015bwiata, lecz Ducha, kt\u00f3ry jest z Boga, dla poznania dar\u00f3w Bo\u017cych. A g\u0142osimy to nie uczonymi s\u0142owami ludzkiej m\u0105dro\u015bci, lecz pouczeni przez Ducha, wyja\u015bniaj\u0105c duchowe sprawy tym, kt\u00f3rzy s\u0105 z Ducha.<\/b><\/span><\/span><\/span><\/p>\n<p align=\"justify\"><span style=\"color: #000000;\"><span style=\"font-family: Book Antiqua, serif;\"><span style=\"font-size: large;\"><b>Cz\u0142owiek zmys\u0142owy bowiem nie pojmuje tego, co jest z Bo\u017cego Ducha. G\u0142upstwem mu si\u0119 to wydaje i nie mo\u017ce tego pozna\u0107, bo tylko duchem mo\u017cna to rozs\u0105dzi\u0107. Cz\u0142owiek za\u015b duchowy rozs\u0105dza wszystko, lecz sam przez nikogo nie jest s\u0105dzony. Kt\u00f3\u017c wi\u0119c pozna\u0142 zamys\u0142 Pana, tak by Go m\u00f3g\u0142 poucza\u0107? My w\u0142a\u015bnie znamy zamys\u0142 Chrystusowy.<\/b><\/span><\/span><\/span><\/p>\n<p align=\"justify\">\n<p align=\"justify\">\n<p align=\"justify\">\n<p align=\"justify\">\n<p align=\"justify\">\n<p align=\"justify\"><span style=\"color: #000000;\"><span style=\"font-family: Book Antiqua, serif;\"><span style=\"font-size: large;\"><b>S\u0141OWA EWANGELII WED\u0141UG \u015aWI\u0118TEGO \u0141UKASZA:<\/b><\/span><\/span><\/span><\/p>\n<p align=\"justify\"><span style=\"color: #000000;\"><span style=\"font-family: Book Antiqua, serif;\"><span style=\"font-size: large;\"><b>Jezus uda\u0142 si\u0119 do Kafarnaum, miasta w Galilei, i tam naucza\u0142 w szabat. Zdumiewali si\u0119 Jego nauk\u0105, gdy\u017c s\u0142owo Jezusa by\u0142o pe\u0142ne mocy.<\/b><\/span><\/span><\/span><\/p>\n<p align=\"justify\"><span style=\"color: #000000;\"><span style=\"font-family: Book Antiqua, serif;\"><span style=\"font-size: large;\"><b>A by\u0142 w synagodze cz\u0142owiek, kt\u00f3ry mia\u0142 w sobie ducha nieczystego. Zacz\u0105\u0142 on krzycze\u0107 wniebog\u0142osy: \u201eOch, czego chcesz od nas, Jezusie Nazarejczyku? Przyszed\u0142e\u015b nas zgubi\u0107? Wiem, kto jeste\u015b: \u015awi\u0119ty Bo\u017cy\u201d.<\/b><\/span><\/span><\/span><\/p>\n<p align=\"justify\"><span style=\"color: #000000;\"><span style=\"font-family: Book Antiqua, serif;\"><span style=\"font-size: large;\"><b>Lecz Jezus rozkaza\u0142 mu surowo: \u201eMilcz i wyjd\u017a z niego\u201d. Wtedy z\u0142y duch rzuci\u0142 go na \u015brodek i wyszed\u0142 z niego nie wyrz\u0105dzaj\u0105c mu \u017cadnej szkody.<\/b><\/span><\/span><\/span><\/p>\n<p align=\"justify\"><span style=\"color: #000000;\"><span style=\"font-family: Book Antiqua, serif;\"><span style=\"font-size: large;\"><b>Wprawi\u0142o to wszystkich w zdumienie i m\u00f3wili mi\u0119dzy sob\u0105: \u201eC\u00f3\u017c to za s\u0142owo? Z w\u0142adz\u0105 i moc\u0105 rozkazuje nawet duchom nieczystym, i wychodz\u0105\u201d.<\/b><\/span><\/span><\/span><\/p>\n<p align=\"justify\"><span style=\"color: #000000;\"><span style=\"font-family: Book Antiqua, serif;\"><span style=\"font-size: large;\"><b>I wie\u015b\u0107 o Nim rozchodzi\u0142a si\u0119 wsz\u0119dzie po okolicy.<\/b><\/span><\/span><\/span><\/p>\n<p align=\"justify\">\n<p align=\"justify\">\n<p align=\"justify\">\n<p align=\"justify\">\n<p align=\"justify\">\n<p align=\"center\"><span style=\"color: #000000;\"><span style=\"font-family: Book Antiqua, serif;\"><span style=\"font-size: large;\"><b>A OTO S\u0141\u00d3WKO SZYMONA SALI:<\/b><\/span><\/span><\/span><\/p>\n<p align=\"center\">\n<p align=\"center\">\n<p align=\"center\">\n<p align=\"center\">\n<p align=\"center\">\n<p align=\"justify\"><span style=\"color: #000000;\"><span style=\"font-family: Book Antiqua, serif;\"><span style=\"font-size: large;\"><i><b>Cz\u0142owiek zmys\u0142owy bowiem nie pojmuje tego, co jest z Bo\u017cego Ducha. G\u0142upstwem mu si\u0119 to wydaje i nie mo\u017ce tego<\/b><\/i><b> <\/b><i><b>poj\u0105\u0107, bo<\/b><\/i><b> <\/b><i><b>tylko duchem mo\u017cna to zrozumie\u0107. <\/b><\/i>Te s\u0142owa dzisiaj bardzo mocno zwr\u00f3ci\u0142y moj\u0105 uwag\u0119. Pokazuj\u0105 przede wszystkim, \u017ce wiara nie jest kwesti\u0105 uczu\u0107 ani czego\u015b, co odbieramy wy\u0142\u0105cznie zmys\u0142ami. Jest rzeczywisto\u015bci\u0105, kt\u00f3r\u0105 poznaje si\u0119 w inny spos\u00f3b \u2013 przez otwarcie si\u0119 na Ducha Bo\u017cego.<\/span><\/span><\/span><\/p>\n<p align=\"justify\"><span style=\"color: #000000;\"><span style=\"font-family: Book Antiqua, serif;\"><span style=\"font-size: large;\">Przypomnia\u0142a mi si\u0119 przy tym analogia, nad kt\u00f3r\u0105 ostatnio si\u0119 zastanawia\u0142em. Dotyczy ona w\u0142a\u015bnie \u015bwiata niewidzialnego. Ludzie cz\u0119sto domagaj\u0105 si\u0119 widocznych znak\u00f3w na potwierdzenie realno\u015bci \u015bwiata duchowego. Ale czy na pewno u\u017cywamy w\u0142a\u015bciwych \u201enarz\u0119dzi\u201d, aby ten \u015bwiat odkrywa\u0107?<\/span><\/span><\/span><\/p>\n<p align=\"justify\"><span style=\"color: #000000;\"><span style=\"font-family: Book Antiqua, serif;\"><span style=\"font-size: large;\">Wyobra\u017amy sobie cz\u0142owieka niewidomego od urodzenia, pozbawionego zmys\u0142u wzroku \u2013 organu, kt\u00f3ry pozwala dostrzega\u0107 \u015bwiat widzialny. Czy to, \u017ce go nie widzi, oznacza, \u017ce ten \u015bwiat nie istnieje? Oczywi\u015bcie, \u017ce nie. Dzi\u0119ki innym zmys\u0142om oraz opowie\u015bciom ludzi, kt\u00f3rzy widz\u0105, mo\u017ce w pewnym stopniu zbli\u017cy\u0107 si\u0119 do zrozumienia tej rzeczywisto\u015bci. Nigdy jednak nie zobaczy jej tak\u0105, jaka jest.<\/span><\/span><\/span><\/p>\n<p align=\"justify\"><span style=\"color: #000000;\"><span style=\"font-family: Book Antiqua, serif;\"><span style=\"font-size: large;\">Podobnie jest ze \u015bwiatem duchowym. Sam fakt, \u017ce nie da si\u0119 go zobaczy\u0107 oczami, nie oznacza, \u017ce go nie ma. By\u0107 mo\u017ce problem nie le\u017cy w braku tej rzeczywisto\u015bci, ale w tym, \u017ce pr\u00f3bujemy poznawa\u0107 j\u0105 niew\u0142a\u015bciwymi \u201enarz\u0119dziami\u201d.<\/span><\/span><\/span><\/p>\n<p align=\"justify\"><span style=\"color: #000000;\"><span style=\"font-family: Book Antiqua, serif;\"><span style=\"font-size: large;\">Na \u015bwiat duchowy powinni\u015bmy patrze\u0107 przez pryzmat naszego ducha. Cz\u0119sto chcemy oczami zobaczy\u0107 co\u015b, co nie jest przeznaczone do odbierania przez oczy. To troch\u0119 tak, jakby\u015bmy pr\u00f3bowali zrozumie\u0107, czym jest kolor czerwony, nie u\u017cywaj\u0105c wzroku. Oczywi\u015bcie mo\u017cna tworzy\u0107 opisy i t\u0142umaczy\u0107, \u017ce kolor jest pewn\u0105 w\u0142a\u015bciwo\u015bci\u0105 przedmiot\u00f3w widzialnych, ale \u017caden opis nie zast\u0105pi samego do\u015bwiadczenia widzenia.<\/span><\/span><\/span><\/p>\n<p align=\"justify\"><span style=\"color: #000000;\"><span style=\"font-family: Book Antiqua, serif;\"><span style=\"font-size: large;\">Podobnie jest z wiar\u0105. Jak czytamy w Katechizmie Ko\u015bcio\u0142a Katolickiego (KKK 37): \u201eUmys\u0142 ludzki zasadniczo m\u00f3g\u0142by o w\u0142asnych si\u0142ach doj\u015b\u0107 do prawdziwego i pewnego poznania tak jedynego osobowego Boga, kt\u00f3ry przez swoj\u0105 Opatrzno\u015b\u0107 czuwa nad \u015bwiatem i nim rz\u0105dzi, jak i prawa naturalnego, kt\u00f3re Stw\u00f3rca wypisa\u0142 w naszych duszach. Skuteczne i owocne wykorzystanie za pomoc\u0105 rozumu tych wrodzonych zdolno\u015bci natrafia jednak w praktyce na liczne przeszkody. Prawdy dotycz\u0105ce Boga oraz relacji mi\u0119dzy Bogiem i lud\u017ami przekraczaj\u0105 w spos\u00f3b absolutny porz\u0105dek rzeczy podpadaj\u0105cych pod zmys\u0142y i gdy powinny one wyrazi\u0107 si\u0119 w czynach i kszta\u0142towa\u0107 \u017cycie, wymagaj\u0105 od cz\u0142owieka po\u015bwi\u0119cenia i wyrzeczenia si\u0119 siebie. Rozum ludzki natomiast w poszukiwaniu takich prawd napotyka trudno\u015bci wynikaj\u0105ce z wp\u0142ywu zmys\u0142\u00f3w i wyobra\u017ani oraz ze z\u0142ych sk\u0142onno\u015bci, spowodowanych przez grzech pierworodny. Sprawia to, \u017ce w tych dziedzinach ludzie \u0142atwo sugeruj\u0105 si\u0119 b\u0142\u0119dem lub przynajmniej niepewno\u015bci\u0105 w tym, czego nie chc\u0105 uzna\u0107 za prawd\u0119 (Pius XII, enc. Humani generis: DS 3875).<\/span><\/span><\/span><\/p>\n<p align=\"justify\"><span style=\"color: #000000;\"><span style=\"font-family: Book Antiqua, serif;\"><span style=\"font-size: large;\">Katechizm przypomina, \u017ce cho\u0107 rozum mo\u017ce prowadzi\u0107 cz\u0142owieka do poznania Boga, to w praktyce napotyka wiele przeszk\u00f3d. Zmys\u0142y z jednej strony pozwalaj\u0105 nam poznawa\u0107 \u015bwiat, ale z drugiej mog\u0105 ogranicza\u0107 nasze spojrzenie i zniekszta\u0142ca\u0107 rzeczywisto\u015b\u0107. Dlatego, aby poj\u0105\u0107 to, co pochodzi z Bo\u017cego Ducha, nie wystarczy zatrzyma\u0107 si\u0119 na tym, co widzialne i odczuwalne. Potrzeba zaanga\u017cowania naszego ducha.<\/span><\/span><\/span><\/p>\n<p align=\"justify\"><span style=\"color: #000000;\"><span style=\"font-family: Book Antiqua, serif;\"><span style=\"font-size: large;\">Ale czym w\u0142a\u015bciwie jest ten duch? Jest to niematerialny wymiar cz\u0142owieka, przez kt\u00f3ry otwieramy si\u0119 na Boga. To w nim cz\u0142owiek poznaje prawd\u0119, podejmuje wolne decyzje i jest zdolny do mi\u0142o\u015bci, kt\u00f3ra przekracza same emocje. Duch pozwala nam panowa\u0107 nad tym, co cielesne, i kierowa\u0107 naszym \u017cyciem ku dobru. To w\u0142a\u015bnie na tej najg\u0142\u0119bszej p\u0142aszczy\u017anie rodzi si\u0119 relacja z Bogiem i tam cz\u0142owiek odnajduje swoje prawdziwe spe\u0142nienie i szcz\u0119\u015bcie.<\/span><\/span><\/span><\/p>\n<p align=\"justify\"><span style=\"color: #000000;\"><span style=\"font-family: Book Antiqua, serif;\"><span style=\"font-size: large;\">Zignorowanie przez nas naszego wewn\u0119trznego ducha mo\u017ce prowadzi\u0107 do realnego niebezpiecze\u0144stwa. W dzisiejszej Ewangelii czytamy o cz\u0142owieku op\u0119tanym przez ducha nieczystego. Mo\u017cemy zapyta\u0107: dlaczego w\u0142a\u015bnie jego to spotka\u0142o i czy co\u015b podobnego mo\u017ce przydarzy\u0107 si\u0119 r\u00f3wnie\u017c nam?<\/span><\/span><\/span><\/p>\n<p align=\"justify\"><span style=\"color: #000000;\"><span style=\"font-family: Book Antiqua, serif;\"><span style=\"font-size: large;\">My\u015bl\u0119, \u017ce przestrze\u0144 duchowa w cz\u0142owieku nigdy nie powinna pozostawa\u0107 zaniedbana. Nie jeste\u015bmy stworzeni do duchowej oboj\u0119tno\u015bci. Gdy \u015bwiadomie zamykamy si\u0119 na Boga i ignorujemy \u017cycie duchowe, pozostawiamy w sobie miejsce, kt\u00f3re \u0142atwo mo\u017ce zosta\u0107 wype\u0142nione czym\u015b innym. Z\u0142y duch zawsze pr\u00f3buje odci\u0105gn\u0105\u0107 cz\u0142owieka od dobra, zaciemni\u0107 obraz prawdziwego szcz\u0119\u015bcia i wm\u00f3wi\u0107 mu, \u017ce mo\u017ce \u017cy\u0107 bez Boga.<\/span><\/span><\/span><\/p>\n<p align=\"justify\"><span style=\"color: #000000;\"><span style=\"font-family: Book Antiqua, serif;\"><span style=\"font-size: large;\">Dlatego ju\u017c dzisiaj otw\u00f3rzmy si\u0119 na dzia\u0142anie Ducha Bo\u017cego. Nie po to, by szuka\u0107 niezwyk\u0142ych odczu\u0107 czy nadzwyczajnych do\u015bwiadcze\u0144, ale po to, by pozwoli\u0107 Mu o\u015bwieca\u0107 nasz rozum, umacnia\u0107 nasz\u0105 wol\u0119 i prowadzi\u0107 nasze \u017cycie. Wtedy s\u0142owa \u015bw. Paw\u0142a stan\u0105 si\u0119 tak\u017ce naszym wyznaniem: <i><b>My w\u0142a\u015bnie znamy zamys\u0142 Chrystusowy.<\/b><\/i><\/span><\/span><\/span><\/p>\n","protected":false},"excerpt":{"rendered":"<p>Szcz\u0119\u015b\u0107 Bo\u017ce! Drodzy moi, w dniu dzisiejszym urodziny prze\u017cywa Ojciec Cezary Szcze\u015bniak, kapucyn, nale\u017c\u0105cy w swoim czasie \u2013 jeszcze jako Czarek \u2013 do jednej z m\u0142odzie\u017cowych Wsp\u00f3lnot. \u017bycz\u0119 Ojcu Czarkowi odwagi i mocy w g\u0142oszeniu Bo\u017cego s\u0142owa i \u015bwiadczeniu o nim ca\u0142ym swoim kap\u0142a\u0144skim i zakonnym \u017cyciem! Zapewniam o modlitwie. Drodzy moi, sercem \u0142\u0105czymy si\u0119 [&hellip;]<\/p>\n","protected":false},"author":1,"featured_media":0,"comment_status":"open","ping_status":"open","sticky":false,"template":"","format":"standard","meta":{"jetpack_post_was_ever_published":false,"_jetpack_newsletter_access":"","_jetpack_dont_email_post_to_subs":false,"_jetpack_newsletter_tier_id":0,"_jetpack_memberships_contains_paywalled_content":false,"_jetpack_memberships_contains_paid_content":false,"footnotes":""},"categories":[1],"tags":[],"class_list":["post-25127","post","type-post","status-publish","format-standard","hentry","category-bez-kategorii"],"yoast_head":"<!-- This site is optimized with the Yoast SEO plugin v25.1 - https:\/\/yoast.com\/wordpress\/plugins\/seo\/ -->\n<title>Wiara to nie uczucia! - Gaudium Et Spes<\/title>\n<meta name=\"robots\" content=\"index, follow, max-snippet:-1, max-image-preview:large, max-video-preview:-1\" \/>\n<link rel=\"canonical\" href=\"https:\/\/gaudiumetspes-blog.pl\/index.php\/2026\/09\/01\/wiara-to-nie-uczucia\/\" \/>\n<meta property=\"og:locale\" content=\"pl_PL\" \/>\n<meta property=\"og:type\" content=\"article\" \/>\n<meta property=\"og:title\" content=\"Wiara to nie uczucia! - Gaudium Et Spes\" \/>\n<meta property=\"og:description\" content=\"Szcz\u0119\u015b\u0107 Bo\u017ce! Drodzy moi, w dniu dzisiejszym urodziny prze\u017cywa Ojciec Cezary Szcze\u015bniak, kapucyn, nale\u017c\u0105cy w swoim czasie \u2013 jeszcze jako Czarek \u2013 do jednej z m\u0142odzie\u017cowych Wsp\u00f3lnot. \u017bycz\u0119 Ojcu Czarkowi odwagi i mocy w g\u0142oszeniu Bo\u017cego s\u0142owa i \u015bwiadczeniu o nim ca\u0142ym swoim kap\u0142a\u0144skim i zakonnym \u017cyciem! Zapewniam o modlitwie. Drodzy moi, sercem \u0142\u0105czymy si\u0119 [&hellip;]\" \/>\n<meta property=\"og:url\" content=\"https:\/\/gaudiumetspes-blog.pl\/index.php\/2026\/09\/01\/wiara-to-nie-uczucia\/\" \/>\n<meta property=\"og:site_name\" content=\"Gaudium Et Spes\" \/>\n<meta property=\"article:published_time\" content=\"2026-09-01T08:13:32+00:00\" \/>\n<meta name=\"author\" content=\"Ks. Jacek\" \/>\n<meta name=\"twitter:card\" content=\"summary_large_image\" \/>\n<meta name=\"twitter:label1\" content=\"Napisane przez\" \/>\n\t<meta name=\"twitter:data1\" content=\"Ks. Jacek\" \/>\n\t<meta name=\"twitter:label2\" content=\"Szacowany czas czytania\" \/>\n\t<meta name=\"twitter:data2\" content=\"12 minut\" \/>\n<script type=\"application\/ld+json\" class=\"yoast-schema-graph\">{\"@context\":\"https:\/\/schema.org\",\"@graph\":[{\"@type\":\"WebPage\",\"@id\":\"https:\/\/gaudiumetspes-blog.pl\/index.php\/2026\/09\/01\/wiara-to-nie-uczucia\/\",\"url\":\"https:\/\/gaudiumetspes-blog.pl\/index.php\/2026\/09\/01\/wiara-to-nie-uczucia\/\",\"name\":\"Wiara to nie uczucia! - Gaudium Et Spes\",\"isPartOf\":{\"@id\":\"https:\/\/gaudiumetspes-blog.pl\/#website\"},\"datePublished\":\"2026-09-01T08:13:32+00:00\",\"author\":{\"@id\":\"https:\/\/gaudiumetspes-blog.pl\/#\/schema\/person\/1661982992b752dea8dff0d4ed845a65\"},\"breadcrumb\":{\"@id\":\"https:\/\/gaudiumetspes-blog.pl\/index.php\/2026\/09\/01\/wiara-to-nie-uczucia\/#breadcrumb\"},\"inLanguage\":\"pl-PL\",\"potentialAction\":[{\"@type\":\"ReadAction\",\"target\":[\"https:\/\/gaudiumetspes-blog.pl\/index.php\/2026\/09\/01\/wiara-to-nie-uczucia\/\"]}]},{\"@type\":\"BreadcrumbList\",\"@id\":\"https:\/\/gaudiumetspes-blog.pl\/index.php\/2026\/09\/01\/wiara-to-nie-uczucia\/#breadcrumb\",\"itemListElement\":[{\"@type\":\"ListItem\",\"position\":1,\"name\":\"Strona g\u0142\u00f3wna\",\"item\":\"https:\/\/gaudiumetspes-blog.pl\/\"},{\"@type\":\"ListItem\",\"position\":2,\"name\":\"Wiara to nie uczucia!\"}]},{\"@type\":\"WebSite\",\"@id\":\"https:\/\/gaudiumetspes-blog.pl\/#website\",\"url\":\"https:\/\/gaudiumetspes-blog.pl\/\",\"name\":\"Gaudium Et Spes\",\"description\":\"Blog Ks. Jacka Ja\u015bkowskiego\",\"potentialAction\":[{\"@type\":\"SearchAction\",\"target\":{\"@type\":\"EntryPoint\",\"urlTemplate\":\"https:\/\/gaudiumetspes-blog.pl\/?s={search_term_string}\"},\"query-input\":{\"@type\":\"PropertyValueSpecification\",\"valueRequired\":true,\"valueName\":\"search_term_string\"}}],\"inLanguage\":\"pl-PL\"},{\"@type\":\"Person\",\"@id\":\"https:\/\/gaudiumetspes-blog.pl\/#\/schema\/person\/1661982992b752dea8dff0d4ed845a65\",\"name\":\"Ks. Jacek\",\"image\":{\"@type\":\"ImageObject\",\"inLanguage\":\"pl-PL\",\"@id\":\"https:\/\/gaudiumetspes-blog.pl\/#\/schema\/person\/image\/\",\"url\":\"https:\/\/gaudiumetspes-blog.pl\/wp-content\/uploads\/2019\/07\/avatar-JJ-150x150.jpg\",\"contentUrl\":\"https:\/\/gaudiumetspes-blog.pl\/wp-content\/uploads\/2019\/07\/avatar-JJ-150x150.jpg\",\"caption\":\"Ks. Jacek\"},\"description\":\"Witam serdecznie! K\u0142ania si\u0119 Ks. Jacek Ja\u015bkowski. Nie jestem ani kim\u015b wa\u017cnym, ani kim\u015b znanym. Jestem ksi\u0119dzem, kt\u00f3ry po prostu chce rozmawia\u0107. Codzienna kap\u0142a\u0144ska pos\u0142uga pokazuje mi, \u017ce temat\u00f3w do rozm\u00f3w z ksi\u0119dzem jest coraz wi\u0119cej i dzisiaj \u017caden ksi\u0105dz nie mo\u017ce od nich ucieka\u0107, ale - wprost przeciwnie - podejmowa\u0107 nowe wyzwania. To przekonanie sk\u0142oni\u0142o mnie do pr\u00f3by otwarcia tego\u017c bloga, chocia\u017c okazji do rozm\u00f3w na co dzie\u0144 - w konfesjonale i poza nim - na szcz\u0119\u015bcie nie brakuje. My\u015bl\u0119 jednak, \u017ce ten blog b\u0119dzie jeszcze jednym sposobem i przestrzeni\u0105 nawi\u0105zania kontaktu z lud\u017ami dobrej woli, otwartymi na dialog.\",\"url\":\"https:\/\/gaudiumetspes-blog.pl\/index.php\/author\/ks-jacek\/\"}]}<\/script>\n<!-- \/ Yoast SEO plugin. -->","yoast_head_json":{"title":"Wiara to nie uczucia! - Gaudium Et Spes","robots":{"index":"index","follow":"follow","max-snippet":"max-snippet:-1","max-image-preview":"max-image-preview:large","max-video-preview":"max-video-preview:-1"},"canonical":"https:\/\/gaudiumetspes-blog.pl\/index.php\/2026\/09\/01\/wiara-to-nie-uczucia\/","og_locale":"pl_PL","og_type":"article","og_title":"Wiara to nie uczucia! - Gaudium Et Spes","og_description":"Szcz\u0119\u015b\u0107 Bo\u017ce! Drodzy moi, w dniu dzisiejszym urodziny prze\u017cywa Ojciec Cezary Szcze\u015bniak, kapucyn, nale\u017c\u0105cy w swoim czasie \u2013 jeszcze jako Czarek \u2013 do jednej z m\u0142odzie\u017cowych Wsp\u00f3lnot. \u017bycz\u0119 Ojcu Czarkowi odwagi i mocy w g\u0142oszeniu Bo\u017cego s\u0142owa i \u015bwiadczeniu o nim ca\u0142ym swoim kap\u0142a\u0144skim i zakonnym \u017cyciem! Zapewniam o modlitwie. Drodzy moi, sercem \u0142\u0105czymy si\u0119 [&hellip;]","og_url":"https:\/\/gaudiumetspes-blog.pl\/index.php\/2026\/09\/01\/wiara-to-nie-uczucia\/","og_site_name":"Gaudium Et Spes","article_published_time":"2026-09-01T08:13:32+00:00","author":"Ks. Jacek","twitter_card":"summary_large_image","twitter_misc":{"Napisane przez":"Ks. Jacek","Szacowany czas czytania":"12 minut"},"schema":{"@context":"https:\/\/schema.org","@graph":[{"@type":"WebPage","@id":"https:\/\/gaudiumetspes-blog.pl\/index.php\/2026\/09\/01\/wiara-to-nie-uczucia\/","url":"https:\/\/gaudiumetspes-blog.pl\/index.php\/2026\/09\/01\/wiara-to-nie-uczucia\/","name":"Wiara to nie uczucia! - Gaudium Et Spes","isPartOf":{"@id":"https:\/\/gaudiumetspes-blog.pl\/#website"},"datePublished":"2026-09-01T08:13:32+00:00","author":{"@id":"https:\/\/gaudiumetspes-blog.pl\/#\/schema\/person\/1661982992b752dea8dff0d4ed845a65"},"breadcrumb":{"@id":"https:\/\/gaudiumetspes-blog.pl\/index.php\/2026\/09\/01\/wiara-to-nie-uczucia\/#breadcrumb"},"inLanguage":"pl-PL","potentialAction":[{"@type":"ReadAction","target":["https:\/\/gaudiumetspes-blog.pl\/index.php\/2026\/09\/01\/wiara-to-nie-uczucia\/"]}]},{"@type":"BreadcrumbList","@id":"https:\/\/gaudiumetspes-blog.pl\/index.php\/2026\/09\/01\/wiara-to-nie-uczucia\/#breadcrumb","itemListElement":[{"@type":"ListItem","position":1,"name":"Strona g\u0142\u00f3wna","item":"https:\/\/gaudiumetspes-blog.pl\/"},{"@type":"ListItem","position":2,"name":"Wiara to nie uczucia!"}]},{"@type":"WebSite","@id":"https:\/\/gaudiumetspes-blog.pl\/#website","url":"https:\/\/gaudiumetspes-blog.pl\/","name":"Gaudium Et Spes","description":"Blog Ks. Jacka Ja\u015bkowskiego","potentialAction":[{"@type":"SearchAction","target":{"@type":"EntryPoint","urlTemplate":"https:\/\/gaudiumetspes-blog.pl\/?s={search_term_string}"},"query-input":{"@type":"PropertyValueSpecification","valueRequired":true,"valueName":"search_term_string"}}],"inLanguage":"pl-PL"},{"@type":"Person","@id":"https:\/\/gaudiumetspes-blog.pl\/#\/schema\/person\/1661982992b752dea8dff0d4ed845a65","name":"Ks. Jacek","image":{"@type":"ImageObject","inLanguage":"pl-PL","@id":"https:\/\/gaudiumetspes-blog.pl\/#\/schema\/person\/image\/","url":"https:\/\/gaudiumetspes-blog.pl\/wp-content\/uploads\/2019\/07\/avatar-JJ-150x150.jpg","contentUrl":"https:\/\/gaudiumetspes-blog.pl\/wp-content\/uploads\/2019\/07\/avatar-JJ-150x150.jpg","caption":"Ks. Jacek"},"description":"Witam serdecznie! K\u0142ania si\u0119 Ks. Jacek Ja\u015bkowski. Nie jestem ani kim\u015b wa\u017cnym, ani kim\u015b znanym. Jestem ksi\u0119dzem, kt\u00f3ry po prostu chce rozmawia\u0107. Codzienna kap\u0142a\u0144ska pos\u0142uga pokazuje mi, \u017ce temat\u00f3w do rozm\u00f3w z ksi\u0119dzem jest coraz wi\u0119cej i dzisiaj \u017caden ksi\u0105dz nie mo\u017ce od nich ucieka\u0107, ale - wprost przeciwnie - podejmowa\u0107 nowe wyzwania. To przekonanie sk\u0142oni\u0142o mnie do pr\u00f3by otwarcia tego\u017c bloga, chocia\u017c okazji do rozm\u00f3w na co dzie\u0144 - w konfesjonale i poza nim - na szcz\u0119\u015bcie nie brakuje. My\u015bl\u0119 jednak, \u017ce ten blog b\u0119dzie jeszcze jednym sposobem i przestrzeni\u0105 nawi\u0105zania kontaktu z lud\u017ami dobrej woli, otwartymi na dialog.","url":"https:\/\/gaudiumetspes-blog.pl\/index.php\/author\/ks-jacek\/"}]}},"jetpack_featured_media_url":"","jetpack_sharing_enabled":true,"_links":{"self":[{"href":"https:\/\/gaudiumetspes-blog.pl\/index.php\/wp-json\/wp\/v2\/posts\/25127","targetHints":{"allow":["GET"]}}],"collection":[{"href":"https:\/\/gaudiumetspes-blog.pl\/index.php\/wp-json\/wp\/v2\/posts"}],"about":[{"href":"https:\/\/gaudiumetspes-blog.pl\/index.php\/wp-json\/wp\/v2\/types\/post"}],"author":[{"embeddable":true,"href":"https:\/\/gaudiumetspes-blog.pl\/index.php\/wp-json\/wp\/v2\/users\/1"}],"replies":[{"embeddable":true,"href":"https:\/\/gaudiumetspes-blog.pl\/index.php\/wp-json\/wp\/v2\/comments?post=25127"}],"version-history":[{"count":1,"href":"https:\/\/gaudiumetspes-blog.pl\/index.php\/wp-json\/wp\/v2\/posts\/25127\/revisions"}],"predecessor-version":[{"id":25128,"href":"https:\/\/gaudiumetspes-blog.pl\/index.php\/wp-json\/wp\/v2\/posts\/25127\/revisions\/25128"}],"wp:attachment":[{"href":"https:\/\/gaudiumetspes-blog.pl\/index.php\/wp-json\/wp\/v2\/media?parent=25127"}],"wp:term":[{"taxonomy":"category","embeddable":true,"href":"https:\/\/gaudiumetspes-blog.pl\/index.php\/wp-json\/wp\/v2\/categories?post=25127"},{"taxonomy":"post_tag","embeddable":true,"href":"https:\/\/gaudiumetspes-blog.pl\/index.php\/wp-json\/wp\/v2\/tags?post=25127"}],"curies":[{"name":"wp","href":"https:\/\/api.w.org\/{rel}","templated":true}]}}