{"id":25130,"date":"2026-09-02T09:07:43","date_gmt":"2026-09-02T07:07:43","guid":{"rendered":"https:\/\/gaudiumetspes-blog.pl\/?p=25130"},"modified":"2026-09-02T09:07:43","modified_gmt":"2026-09-02T07:07:43","slug":"zwykla-ludzka-dobroc","status":"publish","type":"post","link":"https:\/\/gaudiumetspes-blog.pl\/index.php\/2026\/09\/02\/zwykla-ludzka-dobroc\/","title":{"rendered":"Zwyk\u0142a, ludzka dobro\u0107&#8230;"},"content":{"rendered":"<p align=\"justify\"><span style=\"color: #000000;\"><span style=\"font-family: Book Antiqua, serif;\"><span style=\"font-size: large;\">Szcz\u0119\u015b\u0107 Bo\u017ce! Drodzy moi, w dniu dzisiejszym <b>urodziny prze\u017cywa Pawe\u0142 Mochnacz, m\u00f3j Chrze\u015bniak, kt\u00f3remu \u017cycz\u0119 trwania w wierze \u2013 i codziennego wzmacniania tej wiary. O to si\u0119 dla Niego modl\u0119!<\/b><\/span><\/span><\/span><\/p>\n<p align=\"justify\"><span style=\"color: #000000;\"><span style=\"font-family: Book Antiqua, serif;\"><span style=\"font-size: large;\">A oto ja pozdrawiam Was z Siedlec, gdzie postanowi\u0142em zosta\u0107 dzisiaj przez ca\u0142y dzie\u0144 i popracowa\u0107 spokojnie, i pomodli\u0107 si\u0119, a <b>o 18:00 udam si\u0119 ponownie do Parafii \u015awi\u0119tej Teresy od Dzieci\u0105tka Jezus w Siedlcach, <\/b>gdzie odprawi\u0119 kolejn\u0105 z rozpocz\u0119tych wczoraj Mszy \u015awi\u0119tych gregoria\u0144skich. <\/span><\/span><\/span><\/p>\n<p align=\"justify\"><span style=\"color: #000000;\"><span style=\"font-family: Book Antiqua, serif;\"><span style=\"font-size: large;\">Potem natomiast jestem um\u00f3wiony na spotkanie przy kolacji<b> z Ksi\u0119dzem Paw\u0142em Czelu\u015bci\u0144skim, Wikariuszem Parafii w Surgucie,<\/b> kt\u00f3ry ju\u017c pojutrze powraca na Syberi\u0119. Wczoraj \u201eprzypadkowo\u201d spotkali\u015bmy si\u0119 w Palarni kawy w Siedlcach, gdzie w\u0142a\u015bnie zaopatrywa\u0142em si\u0119 w kaw\u0119 \u2013 i tam um\u00f3wili\u015bmy si\u0119 na dzisiaj.<\/span><\/span><\/span><\/p>\n<p align=\"justify\"><span style=\"color: #000000;\"><span style=\"font-family: Book Antiqua, serif;\"><span style=\"font-size: large;\">Teraz za\u015b ju\u017c zapraszam do pochylenia si\u0119 nad Bo\u017cym s\u0142owem dzisiejszej liturgii. Oto s\u0142\u00f3wko Ksi\u0119dza Marka na dzi\u015b:<\/span><\/span><\/span><\/p>\n<p align=\"justify\"><span style=\"color: #000000;\"><span style=\"font-family: Book Antiqua, serif;\"><span style=\"font-size: medium;\"><a href=\"https:\/\/www.youtube.com\/c\/CatholicSurgut\"><span style=\"font-size: large;\"><span lang=\"zxx\"><u><b>https:\/\/www.youtube.com\/c\/CatholicSurgut<\/b><\/u><\/span><\/span><\/a><\/span><\/span><\/span><\/p>\n<p align=\"justify\"><span style=\"color: #000000;\"><span style=\"font-family: Book Antiqua, serif;\"><span style=\"font-size: large;\">Zatem, <b>co dzi\u015b m\u00f3wi do mnie Pan \u2013 w\u0142a\u015bnie do mnie, osobi\u015bcie i konkretnie?<\/b> Duchu \u015awi\u0119ty, rozja\u015bnij umys\u0142y i serca!<\/span><\/span><\/span><\/p>\n<p align=\"justify\"><span style=\"color: #000000;\"><span style=\"font-family: Book Antiqua, serif;\"><span style=\"font-size: large;\"><b>Niech Was b\u0142ogos\u0142awi B\u00f3g Wszechmog\u0105cy: Ojciec + i Syn, i Duch \u015awi\u0119ty. Amen<\/b><\/span><\/span><\/span><\/p>\n<p align=\"center\"><span style=\"color: #000000;\"><span style=\"font-family: Book Antiqua, serif;\"><span style=\"font-size: large;\">Gaudium et spes! Ks. Jacek<\/span><\/span><\/span><\/p>\n<p align=\"center\">\n<p align=\"center\">\n<p align=\"center\">\n<p align=\"center\">\n<p align=\"center\">\n<p align=\"justify\"><span style=\"color: #000000;\"><span style=\"font-family: Book Antiqua, serif;\"><span style=\"font-size: large;\"><b>\u015aroda 22 Tygodnia zwyk\u0142ego, rok II,<\/b><\/span><\/span><\/span><\/p>\n<p align=\"justify\"><span style=\"color: #000000;\"><span style=\"font-family: Book Antiqua, serif;\"><span style=\"font-size: large;\"><b>2 wrze\u015bnia 2026.,\u00a0<\/b><\/span><\/span><\/span><\/p>\n<p align=\"justify\"><span style=\"color: #000000;\"><span style=\"font-family: Book Antiqua, serif;\"><span style=\"font-size: large;\"><b>do czyta\u0144: 1 Kor 3,1\u20139; \u0141k 4,38\u201344<\/b><\/span><\/span><\/span><\/p>\n<p align=\"justify\">\n<p align=\"justify\">\n<p align=\"justify\">\n<p align=\"justify\">\n<p align=\"justify\">\n<p align=\"justify\"><span style=\"color: #000000;\"><span style=\"font-family: Book Antiqua, serif;\"><span style=\"font-size: large;\"><b>CZYTANIE Z PIERWSZEGO LISTU \u015aWI\u0118TEGO PAW\u0141A APOSTO\u0141A DO KORYNTIAN:<\/b><\/span><\/span><\/span><\/p>\n<p align=\"justify\"><span style=\"color: #000000;\"><span style=\"font-family: Book Antiqua, serif;\"><span style=\"font-size: large;\"><b>Nie mog\u0142em, bracia, przemawia\u0107 do was jako do ludzi duchowych, lecz jako do cielesnych, jak do niemowl\u0105t w Chrystusie.<\/b><\/span><\/span><\/span><\/p>\n<p align=\"justify\"><span style=\"color: #000000;\"><span style=\"font-family: Book Antiqua, serif;\"><span style=\"font-size: large;\"><b>Mleko wam dawa\u0142em, a nie pokarm sta\u0142y, bo\u015bcie byli niemocni; zreszt\u0105 i nadal nie jeste\u015bcie mocni. Ci\u0105gle przecie\u017c jeszcze jeste\u015bcie ciele\u015bni. Je\u017celi bowiem jest mi\u0119dzy wami zawi\u015b\u0107 i niezgoda, to czy\u017c nie jeste\u015bcie ciele\u015bni i nie post\u0119pujecie tylko po ludzku?<\/b><\/span><\/span><\/span><\/p>\n<p align=\"justify\"><span style=\"color: #000000;\"><span style=\"font-family: Book Antiqua, serif;\"><span style=\"font-size: large;\"><b>Skoro jeden m\u00f3wi: \u201eJa jestem Paw\u0142a\u201d, a drugi: \u201eJa jestem Apollosa\u201d, to czy\u017c nie post\u0119pujecie tylko po ludzku? Kim\u017ce jest Apollos? Albo kim jest Pawe\u0142? S\u0142ugami, przez kt\u00f3rych uwierzyli\u015bcie wed\u0142ug tego, co ka\u017cdemu da\u0142 Pan. Ja sia\u0142em, Apollos podlewa\u0142, lecz B\u00f3g da\u0142 wzrost. Ot\u00f3\u017c nic nie znaczy ten, kt\u00f3ry sieje, ani ten, kt\u00f3ry podlewa, tylko Ten, kt\u00f3ry daje wzrost \u2013 B\u00f3g.<\/b><\/span><\/span><\/span><\/p>\n<p align=\"justify\"><span style=\"color: #000000;\"><span style=\"font-family: Book Antiqua, serif;\"><span style=\"font-size: large;\"><b>Ten, kt\u00f3ry sieje, i ten, kt\u00f3ry podlewa, stanowi\u0105 jedno; ka\u017cdy wed\u0142ug w\u0142asnego trudu otrzyma nale\u017cn\u0105 mu zap\u0142at\u0119. My bowiem jeste\u015bmy pomocnikami Boga, wy za\u015b jeste\u015bcie uprawn\u0105 rol\u0105 Bo\u017c\u0105 i Bo\u017c\u0105 budowl\u0105.<\/b><\/span><\/span><\/span><\/p>\n<p align=\"justify\">\n<p align=\"justify\">\n<p align=\"justify\">\n<p align=\"justify\">\n<p align=\"justify\">\n<p align=\"justify\"><span style=\"color: #000000;\"><span style=\"font-family: Book Antiqua, serif;\"><span style=\"font-size: large;\"><b>S\u0141OWA EWANGELII WED\u0141UG \u015aWI\u0118TEGO \u0141UKASZA:<\/b><\/span><\/span><\/span><\/p>\n<p align=\"justify\"><span style=\"color: #000000;\"><span style=\"font-family: Book Antiqua, serif;\"><span style=\"font-size: large;\"><b>Po opuszczeniu synagogi w Kafarnaum Jezus przyszed\u0142 do domu Szymona. A wysoka gor\u0105czka trawi\u0142a te\u015bciow\u0105 Szymona. I prosi\u0142 Go za ni\u0105.<\/b><\/span><\/span><\/span><\/p>\n<p align=\"justify\"><span style=\"color: #000000;\"><span style=\"font-family: Book Antiqua, serif;\"><span style=\"font-size: large;\"><b>On, stan\u0105wszy nad ni\u0105, rozkaza\u0142 gor\u0105czce, i opu\u015bci\u0142a j\u0105. Zaraz te\u017c wsta\u0142a i us\u0142ugiwa\u0142a im.<\/b><\/span><\/span><\/span><\/p>\n<p align=\"justify\"><span style=\"color: #000000;\"><span style=\"font-family: Book Antiqua, serif;\"><span style=\"font-size: large;\"><b>O zachodzie s\u0142o\u0144ca wszyscy, kt\u00f3rzy mieli cierpi\u0105cych na rozmaite choroby, przynosili ich do Niego. On za\u015b na ka\u017cdego z nich k\u0142ad\u0142 r\u0119ce i uzdrawia\u0142 ich.<\/b><\/span><\/span><\/span><\/p>\n<p align=\"justify\"><span style=\"color: #000000;\"><span style=\"font-family: Book Antiqua, serif;\"><span style=\"font-size: large;\"><b>Tak\u017ce z\u0142e duchy wychodzi\u0142y z wielu, wo\u0142aj\u0105c: \u201eTy jeste\u015b Syn Bo\u017cy\u201d. Lecz On je gromi\u0142 i nie pozwala\u0142 im m\u00f3wi\u0107, poniewa\u017c wiedzia\u0142y, \u017ce On jest Mesjaszem.<\/b><\/span><\/span><\/span><\/p>\n<p align=\"justify\"><span style=\"color: #000000;\"><span style=\"font-family: Book Antiqua, serif;\"><span style=\"font-size: large;\"><b>Z nastaniem dnia wyszed\u0142 i uda\u0142 si\u0119 na miejsce pustynne. A t\u0142umy szuka\u0142y Go i przysz\u0142y a\u017c do Niego; chcia\u0142y Go zatrzyma\u0107, \u017ceby nie odchodzi\u0142 od nich.<\/b><\/span><\/span><\/span><\/p>\n<p align=\"justify\"><span style=\"color: #000000;\"><span style=\"font-family: Book Antiqua, serif;\"><span style=\"font-size: large;\"><b>Lecz On rzek\u0142 do nich: \u201eTak\u017ce innym miastom musz\u0119 g\u0142osi\u0107 Dobr\u0105 Nowin\u0119 o kr\u00f3lestwie Bo\u017cym, bo na to zosta\u0142em pos\u0142any\u201d.<\/b><\/span><\/span><\/span><\/p>\n<p align=\"justify\"><span style=\"color: #000000;\"><span style=\"font-family: Book Antiqua, serif;\"><span style=\"font-size: large;\"><b>I g\u0142osi\u0142 s\u0142owo w synagogach Judei.<\/b><\/span><\/span><\/span><\/p>\n<p align=\"justify\">\n<p align=\"justify\">\n<p align=\"justify\">\n<p align=\"justify\">\n<p align=\"justify\">\n<p align=\"justify\"><span style=\"color: #000000;\"><span style=\"font-family: Book Antiqua, serif;\"><span style=\"font-size: large;\">Oto ogromna, czu\u0142a wr\u0119cz <b>mi\u0142o\u015b\u0107 Paw\u0142a<\/b> do swoich uczni\u00f3w\u2026 Ojcowska \u2013 a mo\u017cna chyba zaryzykowa\u0107 stwierdzenie, \u017ce i matczyna, bo kt\u00f3\u017c dziecku podaje mleko, by si\u0119 po\u017cywi\u0142o?\u2026 Jak bowiem s\u0142yszymy w pierwszym czytaniu: <i><b>Nie mog\u0142em, bracia, przemawia\u0107 do was jako do ludzi duchowych, lecz jako do cielesnych, jak do niemowl\u0105t w Chrystusie. Mleko wam dawa\u0142em, a nie pokarm sta\u0142y, bo\u015bcie byli niemocni;<\/b><\/i><b> <\/b><i><b>zreszt\u0105 i nadal nie jeste\u015bcie mocni. <\/b><\/i><\/span><\/span><\/span><\/p>\n<p align=\"justify\"><span style=\"color: #000000;\"><span style=\"font-family: Book Antiqua, serif;\"><span style=\"font-size: large;\">Po czym wyja\u015bnia, co mia\u0142 na my\u015bli, pisz\u0105c ju\u017c tak wprost \u2013 i tak, jak do ludzi doros\u0142ych: <i><b>Ci\u0105gle przecie\u017c jeszcze jeste\u015bcie ciele\u015bni. Je\u017celi bowiem jest mi\u0119dzy wami zawi\u015b\u0107 i niezgoda, to czy\u017c nie jeste\u015bcie ciele\u015bni i nie post\u0119pujecie tylko po ludzku?<\/b><\/i><i> <\/i><\/span><\/span><\/span><\/p>\n<p align=\"justify\"><span style=\"color: #000000;\"><span style=\"font-family: Book Antiqua, serif;\"><span style=\"font-size: large;\">To s\u0105 ju\u017c stwierdzenia <b>bardzo konkretne i mocne, <\/b>skierowane nie do ma\u0142ych dzieci, ale do ludzi, kt\u00f3rzy <b>powinni jednak wykaza\u0107 si\u0119<\/b> pewn\u0105 dojrza\u0142o\u015bci\u0105 w wierze, a si\u0119 ni\u0105 nie wykazuj\u0105! Bo <i><b>s<\/b><\/i><i><b>koro jeden m\u00f3wi: \u201eJa jestem Paw\u0142a\u201d, a drugi: \u201eJa jestem Apollosa\u201d, to czy\u017c nie <\/b><\/i><i><b>[<\/b><\/i><i><b>post\u0119puj<\/b><\/i><i><b>\u0105]<\/b><\/i><i><b> tylko po ludzku?<\/b><\/i><b> <\/b>W\u0142a\u015bnie! <\/span><\/span><\/span><\/p>\n<p align=\"justify\"><span style=\"color: #000000;\"><span style=\"font-family: Book Antiqua, serif;\"><span style=\"font-size: large;\">A przecie\u017c \u2013 jak dalej stwierdza Aposto\u0142 \u2013 <i><b>k<\/b><\/i><i><b>im\u017ce jest Apollos? Albo kim jest Pawe\u0142? S\u0142ugami, przez kt\u00f3rych uwierzyli\u015bcie wed\u0142ug tego, co ka\u017cdemu da\u0142 Pan. Ja sia\u0142em, Apollos podlewa\u0142, lecz B\u00f3g da\u0142 wzrost. Ot\u00f3\u017c nic nie znaczy ten, kt\u00f3ry sieje, ani ten, kt\u00f3ry podlewa, tylko Ten, kt\u00f3ry daje wzrost \u2013 B\u00f3g. <\/b><\/i><\/span><\/span><\/span><\/p>\n<p align=\"justify\"><span style=\"color: #000000;\"><span style=\"font-family: Book Antiqua, serif;\"><span style=\"font-size: large;\">Po czym zaznacza, \u017ce i on sam, Pawe\u0142, i inni wsp\u00f3\u0142pracownicy \u2013 s\u0105 w istocie <b>tyko (a mo\u017ce: a\u017c!) pomocnikami Boga. <\/b>To sam B\u00f3g dzia\u0142a, uprawiaj\u0105c<b> swoj\u0105 rol\u0119<\/b> i wznosz\u0105c <b>swoj\u0105 budowl\u0119<\/b> z ludzkich serc. Tak Pawe\u0142 wyja\u015bnia zar\u00f3wno swoje miejsce, jak i miejsce swoich wsp\u00f3\u0142pracownik\u00f3w, jak i wszystkich, do kt\u00f3rych adresuj\u0105 oni swoj\u0105 pos\u0142ug\u0119 \u2013 <b>w tym jednym, wielkim dziele, jakim jest Ko\u015bci\u00f3\u0142. <\/b>Ka\u017cdy ma tu swoj\u0105 rol\u0119 do odegrania, ka\u017cdy ma swoje zadanie do spe\u0142nienia \u2013 ale wszyscy musz\u0105 pami\u0119ta\u0107, \u017ce<b> si\u0142\u0105 spajaj\u0105c\u0105 wszystko i wszystkich jest B\u00f3g! <\/b><\/span><\/span><\/span><\/p>\n<p align=\"justify\"><span style=\"color: #000000;\"><span style=\"font-family: Book Antiqua, serif;\"><span style=\"font-size: large;\">To On daje wzrost ziarna, sianego przez Aposto\u0142\u00f3w. Natomiast sami Aposto\u0142owie maj\u0105 tu <b>swoje <\/b><b>okre\u015blone <\/b><b>zadanie<\/b> do spe\u0142nienia, bo jednak B\u00f3g <b>dzia\u0142a w\u0142a\u015bnie przez nich <\/b>\u2013 i w tym kontek\u015bcie ma znaczenie, <b>jak\u0105 postaw\u0119 tak\u017ce oni prezentuj\u0105,<\/b> jak podchodz\u0105 do swoich zada\u0144. Jak wiemy, Pawe\u0142 czyni\u0142 to z ogromn\u0105 <b>gorliwo\u015bci\u0105 i po\u015bwi\u0119ceniem, erudycj\u0105 i inwencj\u0105. <\/b><\/span><\/span><\/span><\/p>\n<p align=\"justify\"><span style=\"color: #000000;\"><span style=\"font-family: Book Antiqua, serif;\"><span style=\"font-size: large;\">Ale nade wszystko \u2013 i na to sobie dzisiaj zwracamy uwag\u0119, w kontek\u015bcie us\u0142yszanego s\u0142owa \u2013 <b>z ogromn\u0105 dobroci\u0105! <\/b>Tak, on przede wszystkim bardzo te <b>swoje duchowe dzieci kocha\u0142!<\/b> Jak ojciec, jak matka\u2026 <b>Ile\u017c go ta mi\u0142o\u015b\u0107 kosztowa\u0142a! <\/b>Ile \u0142ez, b\u00f3lu, rozczarowa\u0144, zawiedzionych nadziei \u2013 bo nie s\u0142uchali, bo si\u0119 odwracali, <b>bo tak trudno by\u0142o nieraz dotrze\u0107<\/b> do ich \u015bwiadomo\u015bci, do ich serc. <\/span><\/span><\/span><\/p>\n<p align=\"justify\"><span style=\"color: #000000;\"><span style=\"font-family: Book Antiqua, serif;\"><span style=\"font-size: large;\">Dlatego musia\u0142 im <b>\u00abmleko dawa\u0107\u00bb, <\/b>czyli odpowiednio dozowa\u0107 Bo\u017c\u0105 nauk\u0119, aby byli w stanie przyj\u0105\u0107 \u2013 musia\u0142 wykazywa\u0107 si\u0119 <b>niezmiern\u0105 wyrozumia\u0142o\u015bci\u0105 i cierpliwo\u015bci\u0105\u2026 <\/b>Ci\u0105gle wierzy\u0142 w to, \u017ce ma to sens \u2013 i \u017ce warto si\u0119 dla nich po\u015bwi\u0119ca\u0107. <b>Bo ich bardzo kocha\u0142! <\/b>To by\u0142 <b>motyw przewodni<\/b> wszelkich jego dzia\u0142a\u0144 \u2013 zanim jeszcze pojawi\u0142 si\u0119 <b>motyw dobra i budowania wsp\u00f3lnoty Ko\u015bcio\u0142a,<\/b> g\u0142oszenia nauki Bo\u017cej, budowania Kr\u00f3lestwa Bo\u017cego w sercach wiernych i prowadzenia ich do zbawienia. <\/span><\/span><\/span><\/p>\n<p align=\"justify\"><span style=\"color: #000000;\"><span style=\"font-family: Book Antiqua, serif;\"><span style=\"font-size: large;\">Owszem, <b>te wszystkie motywy s\u0105 nader wa\u017cne<\/b> i trudno jako\u015b je od siebie oddziela\u0107, ale na pocz\u0105tku ich wszystkich trzeba postawi\u0107<b> tak\u0105 zwyczajn\u0105 ojcowsk\u0105 mi\u0142o\u015b\u0107 i dobro\u0107<\/b> Aposto\u0142a, kt\u00f3ry w\u0142a\u015bnie dlatego, \u017ce tak <b>bardzo zwyczajnie i szczerze kocha\u0142 <\/b>swoje duchowe dzieci i troszczy\u0142 si\u0119 o nie \u2013 tak bardzo zaanga\u017cowa\u0142 si\u0119 w doprowadzenie ich do zbawienia. Niczego w tym wszystkim <b>nie spodziewa\u0142 si\u0119 dla siebie <\/b>\u2013 wszystko po\u015bwi\u0119ca\u0142 i oddawa\u0142 swoim duchowym dzieciom. <\/span><\/span><\/span><\/p>\n<p align=\"justify\"><span style=\"color: #000000;\"><span style=\"font-family: Book Antiqua, serif;\"><span style=\"font-size: large;\">Z pewno\u015bci\u0105, by\u0142 w tym na\u015bladowc\u0105 swojego Mistrza, Jezusa Chrystusa, o kt\u00f3rym s\u0142yszymy w dzisiejszej Ewangelii, \u017ce <i><b>p<\/b><\/i><i><b>o opuszczeniu synagogi w Kafarnaum,<\/b><\/i><b> <\/b><b>[\u2026]<\/b><i><b> przyszed\u0142 do domu Szymona. A wysoka gor\u0105czka trawi\u0142a te\u015bciow\u0105 Szymona. I prosi\u0142 Go za ni\u0105. On, stan\u0105wszy nad ni\u0105, rozkaza\u0142 gor\u0105czce, i opu\u015bci\u0142a j\u0105. Zaraz te\u017c wsta\u0142a i us\u0142ugiwa\u0142a im. <\/b><\/i><\/span><\/span><\/span><\/p>\n<p align=\"justify\"><span style=\"color: #000000;\"><span style=\"font-family: Book Antiqua, serif;\"><span style=\"font-size: large;\">Nast\u0119pnie dowiadujemy si\u0119, \u017ce <i><b>o<\/b><\/i><i><b> zachodzie s\u0142o\u0144ca wszyscy, kt\u00f3rzy mieli cierpi\u0105cych na rozmaite choroby, przynosili ich do Niego. On za\u015b na ka\u017cdego z nich k\u0142ad\u0142 r\u0119ce i uzdrawia\u0142 ich. Tak\u017ce z\u0142e duchy wychodzi\u0142y z wielu, wo\u0142aj\u0105c: \u201eTy jeste\u015b Syn Bo\u017cy\u201d. Lecz On je gromi\u0142 i nie pozwala\u0142 im m\u00f3wi\u0107, poniewa\u017c wiedzia\u0142y, \u017ce On jest Mesjaszem. <\/b><\/i><\/span><\/span><\/span><\/p>\n<p align=\"justify\"><span style=\"color: #000000;\"><span style=\"font-family: Book Antiqua, serif;\"><span style=\"font-size: large;\">Jednak\u017ce \u2013 jak czytamy dalej \u2013<i> <\/i><i><b>z<\/b><\/i><i><b> nastaniem dnia wyszed\u0142 i uda\u0142 si\u0119 na miejsce pustynne. A t\u0142umy szuka\u0142y Go i przysz\u0142y a\u017c do Niego; chcia\u0142y Go zatrzyma\u0107, \u017ceby nie odchodzi\u0142 od nich.<\/b><\/i><b> <\/b>W sumie \u2013 to <b>trudno si\u0119 dziwi\u0107. <\/b>Skoro bowiem widzieli tyle niezwyk\u0142ych znak\u00f3w, dokonanych przez Niego; skoro tylu chorych wyzdrowia\u0142o, a op\u0119tanych zosta\u0142o uwolnionych, to<b> kto by nie chcia\u0142 mie\u0107 przy sobie takiego cudotw\u00f3rcy i lekarza! <\/b><\/span><\/span><\/span><\/p>\n<p align=\"justify\"><span style=\"color: #000000;\"><span style=\"font-family: Book Antiqua, serif;\"><span style=\"font-size: large;\">Jednak\u017ce Jezus widzia\u0142 to inaczej, o czym tak powiedzia\u0142: <b> <\/b><i><b>\u201eTak\u017ce innym miastom musz\u0119 g\u0142osi\u0107 Dobr\u0105 Nowin\u0119 o kr\u00f3lestwie Bo\u017cym, bo na to zosta\u0142em pos\u0142any.\u201d I g\u0142osi\u0142 s\u0142owo w synagogach Judei. <\/b><\/i><\/span><\/span><\/span><\/p>\n<p align=\"justify\"><span style=\"color: #000000;\"><span style=\"font-family: Book Antiqua, serif;\"><span style=\"font-size: large;\">Dlaczego tak powiedzia\u0142? A dlaczego wcze\u015bniej rzeczywi\u015bcie dokona\u0142 a\u017c tak wielu spektakularnych znak\u00f3w? Z pewno\u015bci\u0105, <b>chodzi\u0142o tu o wieczne zbawienie <\/b>ka\u017cdego cz\u0142owieka, chodzi\u0142o tu <b>o g\u0142oszenie nauki,<\/b> chodzi\u0142o tu <b>o budowanie Ko\u015bcio\u0142a,<\/b> kt\u00f3ry mia\u0142 si\u0119 sta\u0107 wielk\u0105 wsp\u00f3lnot\u0105 ludzi d\u0105\u017c\u0105cych do Nieba i ostatecznie tam przebywaj\u0105cych. Ale u pocz\u0105tku tego wszystkiego \u2013 i jako motywacja podj\u0119cia wszelkich takich dzia\u0142a\u0144 \u2013 le\u017ca\u0142a <b>ogromna mi\u0142o\u015b\u0107 Jezusa do ka\u017cdego cz\u0142owieka.<\/b> <b>Jego zwyczajna dobro\u0107. Ojcowska i matczyna \u2013 czu\u0142a i delikatna.<\/b> <\/span><\/span><\/span><\/p>\n<p align=\"justify\"><span style=\"color: #000000;\"><span style=\"font-family: Book Antiqua, serif;\"><span style=\"font-size: large;\">I tak bardzo zatroskana, i\u017c <b>nie pozwoli\u0142a Mu zosta\u0107 w jednym miejscu<\/b> i skoncentrowa\u0107 si\u0119 na jednej grupie ludzi \u2013 owszem, niezwykle zadowolonych z tego, co wobec nich i dla nich robi\u0142 \u2013 ale w\u0142a\u015bnie <b>i\u015b\u0107 tak\u017ce do innych, i\u015b\u0107 do wszystkich innych,<\/b> aby nikogo nie pomin\u0105\u0107, aby wszystkim okaza\u0107 sw\u0105 mi\u0142o\u015b\u0107 i trosk\u0119 \u2013 swoj\u0105 <b>tak\u0105 zwyczajn\u0105, ludzk\u0105 dobro\u0107, <\/b>kt\u00f3ra pokonuje bariery i strach, kt\u00f3ra serca ludzkie otwiera na to, co si\u0119 do innych m\u00f3wi, do czego chce si\u0119 ich przekona\u0107, czego si\u0119 ich chce nauczy\u0107\u2026 <b>Z<\/b><b>wyk\u0142a, ludzka dobro\u0107!<\/b><\/span><\/span><\/span><\/p>\n<p align=\"justify\"><span style=\"color: #000000;\"><span style=\"font-family: Book Antiqua, serif;\"><span style=\"font-size: large;\">W\u0142a\u015bnie taka, jak\u0105 dzi\u015b widzimy u Jezusa i jak\u0105 dzi\u015b widzimy u \u015awi\u0119tego Paw\u0142a.<b> Czy widzimy j\u0105 tak\u017ce u siebie samych \u2013 u siebie nawzajem? <\/b><\/span><\/span><\/span><\/p>\n<p align=\"justify\"><span style=\"color: #000000;\"><span style=\"font-family: Book Antiqua, serif;\"><span style=\"font-size: large;\">Drodzy moi, to naprawd\u0119 bardzo mocna przestroga i wa\u017cne przypomnienie: <b>zanim zaczniemy wznosi\u0107 si\u0119 na wy\u017cyny mistycyzmu i uduchowienia; <\/b>zanim zaczniemy g\u0142osi\u0107 ca\u0142emu \u015bwiatu najbardziej wznios\u0142e idee i przes\u0142ania \u2013 <b>zacznijmy od: \u201eprosz\u0119\u201d, \u201edzi\u0119kuj\u0119\u201d, \u201eprzepraszam\u201d! <\/b>Czyli od zwyk\u0142ej ludzkiej <b>uprzejmo\u015bci i kultury. <\/b>Od zwyk\u0142ego <b>u\u015bmiechu i pogodnego spojrzenia. <\/b>Od zwyk\u0142ego: \u201eS\u0142ucham Ci\u0119 uwa\u017cnie\u201d. Od zwyk\u0142ego: <b>\u201e<\/b><b>K<\/b><b>ocham Ci\u0119!\u201d <\/b><\/span><\/span><\/span><\/p>\n<p align=\"justify\"><span style=\"color: #000000;\"><span style=\"font-family: Book Antiqua, serif;\"><span style=\"font-size: large;\">Od <b>cierpliwego wys\u0142uchania<\/b> drugiego i pomocy w najbardziej prozaicznych sprawach\u2026 Od <b>zauwa\u017cenia i docenienia<\/b> dobroci u innych i ich po\u015bwi\u0119cania si\u0119 dla nas \u2013 i najprostszego, ale najszczerszego <b>podzi\u0119kowania<\/b> za t\u0119 dobro\u0107\u2026 Od <b>zwyk\u0142ego, dobrego s\u0142owa,<\/b> powiedzianego drugiemu ot tak, bez okazji \u2013 tylko po to, by podarowa\u0107 mu odrobin\u0119 rado\u015bci i nadziei\u2026 Chodzi <b>o zwyk\u0142\u0105, ludzk\u0105 dobro\u0107\u2026<\/b><\/span><\/span><\/span><\/p>\n<p align=\"justify\"><span style=\"color: #000000;\"><span style=\"font-family: Book Antiqua, serif;\"><span style=\"font-size: large;\">Bo doprawdy <b>trudno spodziewa\u0107 si\u0119 owoc\u00f3w<\/b> g\u0142oszenia cho\u0107by najbardziej wznios\u0142ych, elokwentnych, wr\u0119cz artystycznych kaza\u0144 \u2013<b> przez ksi\u0119dza, kt\u00f3ry jest niedost\u0119pny, <\/b>wiecznie skwaszony lub obra\u017cony, nie bardzo nawet wiadomo, na kogo i za co\u2026 I<b> trudno spodziewa\u0107 si\u0119 owoc\u00f3w<\/b> nawet najbardziej ofiarnej modlitwy matki, \u017cony i babci, kt\u00f3ra godzinami odprawia kilometry R\u00f3\u017ca\u0144c\u00f3w i Litanii \u2013 <b>ale <\/b><b>kt\u00f3ra krzykiem i pretensj\u0105 \u201enawraca\u201d swoich bliskich,<\/b> mo\u017ce nawet rzeczywi\u015bcie b\u0142\u0105dz\u0105cych daleko od wiary i Ko\u015bcio\u0142a\u2026 <\/span><\/span><\/span><\/p>\n<p align=\"justify\"><span style=\"color: #000000;\"><span style=\"font-family: Book Antiqua, serif;\"><span style=\"font-size: large;\"><b>Zwyk\u0142a, ludzka dobro\u0107!<\/b> Od tego zaczyna si\u0119 najbardziej wznios\u0142a ewangelizacja! To jest brama, przez kt\u00f3r\u0105 przyjd\u0105 do nas ludzie tak cz\u0119sto <b>poranieni z\u0142em i chamstwem tego \u015bwiata. <\/b>Dobrze, gdyby u nas \u2013 zanim us\u0142ysz\u0105 s\u0142owa Ewangelii i zach\u0119ty do wiary \u2013 do\u015bwiadczyli <b>zwyk\u0142ej ludzkiej dobroci\u2026<\/b><\/span><\/span><\/span><\/p>\n","protected":false},"excerpt":{"rendered":"<p>Szcz\u0119\u015b\u0107 Bo\u017ce! Drodzy moi, w dniu dzisiejszym urodziny prze\u017cywa Pawe\u0142 Mochnacz, m\u00f3j Chrze\u015bniak, kt\u00f3remu \u017cycz\u0119 trwania w wierze \u2013 i codziennego wzmacniania tej wiary. O to si\u0119 dla Niego modl\u0119! A oto ja pozdrawiam Was z Siedlec, gdzie postanowi\u0142em zosta\u0107 dzisiaj przez ca\u0142y dzie\u0144 i popracowa\u0107 spokojnie, i pomodli\u0107 si\u0119, a o 18:00 udam si\u0119 [&hellip;]<\/p>\n","protected":false},"author":1,"featured_media":0,"comment_status":"open","ping_status":"open","sticky":false,"template":"","format":"standard","meta":{"jetpack_post_was_ever_published":false,"_jetpack_newsletter_access":"","_jetpack_dont_email_post_to_subs":false,"_jetpack_newsletter_tier_id":0,"_jetpack_memberships_contains_paywalled_content":false,"_jetpack_memberships_contains_paid_content":false,"footnotes":""},"categories":[1],"tags":[],"class_list":["post-25130","post","type-post","status-publish","format-standard","hentry","category-bez-kategorii"],"yoast_head":"<!-- This site is optimized with the Yoast SEO plugin v25.1 - https:\/\/yoast.com\/wordpress\/plugins\/seo\/ -->\n<title>Zwyk\u0142a, ludzka dobro\u0107... - Gaudium Et Spes<\/title>\n<meta name=\"robots\" content=\"index, follow, max-snippet:-1, max-image-preview:large, max-video-preview:-1\" \/>\n<link rel=\"canonical\" href=\"https:\/\/gaudiumetspes-blog.pl\/index.php\/2026\/09\/02\/zwykla-ludzka-dobroc\/\" \/>\n<meta property=\"og:locale\" content=\"pl_PL\" \/>\n<meta property=\"og:type\" content=\"article\" \/>\n<meta property=\"og:title\" content=\"Zwyk\u0142a, ludzka dobro\u0107... - Gaudium Et Spes\" \/>\n<meta property=\"og:description\" content=\"Szcz\u0119\u015b\u0107 Bo\u017ce! Drodzy moi, w dniu dzisiejszym urodziny prze\u017cywa Pawe\u0142 Mochnacz, m\u00f3j Chrze\u015bniak, kt\u00f3remu \u017cycz\u0119 trwania w wierze \u2013 i codziennego wzmacniania tej wiary. O to si\u0119 dla Niego modl\u0119! A oto ja pozdrawiam Was z Siedlec, gdzie postanowi\u0142em zosta\u0107 dzisiaj przez ca\u0142y dzie\u0144 i popracowa\u0107 spokojnie, i pomodli\u0107 si\u0119, a o 18:00 udam si\u0119 [&hellip;]\" \/>\n<meta property=\"og:url\" content=\"https:\/\/gaudiumetspes-blog.pl\/index.php\/2026\/09\/02\/zwykla-ludzka-dobroc\/\" \/>\n<meta property=\"og:site_name\" content=\"Gaudium Et Spes\" \/>\n<meta property=\"article:published_time\" content=\"2026-09-02T07:07:43+00:00\" \/>\n<meta name=\"author\" content=\"Ks. Jacek\" \/>\n<meta name=\"twitter:card\" content=\"summary_large_image\" \/>\n<meta name=\"twitter:label1\" content=\"Napisane przez\" \/>\n\t<meta name=\"twitter:data1\" content=\"Ks. Jacek\" \/>\n\t<meta name=\"twitter:label2\" content=\"Szacowany czas czytania\" \/>\n\t<meta name=\"twitter:data2\" content=\"10 minut\" \/>\n<script type=\"application\/ld+json\" class=\"yoast-schema-graph\">{\"@context\":\"https:\/\/schema.org\",\"@graph\":[{\"@type\":\"WebPage\",\"@id\":\"https:\/\/gaudiumetspes-blog.pl\/index.php\/2026\/09\/02\/zwykla-ludzka-dobroc\/\",\"url\":\"https:\/\/gaudiumetspes-blog.pl\/index.php\/2026\/09\/02\/zwykla-ludzka-dobroc\/\",\"name\":\"Zwyk\u0142a, ludzka dobro\u0107... - Gaudium Et Spes\",\"isPartOf\":{\"@id\":\"https:\/\/gaudiumetspes-blog.pl\/#website\"},\"datePublished\":\"2026-09-02T07:07:43+00:00\",\"author\":{\"@id\":\"https:\/\/gaudiumetspes-blog.pl\/#\/schema\/person\/1661982992b752dea8dff0d4ed845a65\"},\"breadcrumb\":{\"@id\":\"https:\/\/gaudiumetspes-blog.pl\/index.php\/2026\/09\/02\/zwykla-ludzka-dobroc\/#breadcrumb\"},\"inLanguage\":\"pl-PL\",\"potentialAction\":[{\"@type\":\"ReadAction\",\"target\":[\"https:\/\/gaudiumetspes-blog.pl\/index.php\/2026\/09\/02\/zwykla-ludzka-dobroc\/\"]}]},{\"@type\":\"BreadcrumbList\",\"@id\":\"https:\/\/gaudiumetspes-blog.pl\/index.php\/2026\/09\/02\/zwykla-ludzka-dobroc\/#breadcrumb\",\"itemListElement\":[{\"@type\":\"ListItem\",\"position\":1,\"name\":\"Strona g\u0142\u00f3wna\",\"item\":\"https:\/\/gaudiumetspes-blog.pl\/\"},{\"@type\":\"ListItem\",\"position\":2,\"name\":\"Zwyk\u0142a, ludzka dobro\u0107&#8230;\"}]},{\"@type\":\"WebSite\",\"@id\":\"https:\/\/gaudiumetspes-blog.pl\/#website\",\"url\":\"https:\/\/gaudiumetspes-blog.pl\/\",\"name\":\"Gaudium Et Spes\",\"description\":\"Blog Ks. Jacka Ja\u015bkowskiego\",\"potentialAction\":[{\"@type\":\"SearchAction\",\"target\":{\"@type\":\"EntryPoint\",\"urlTemplate\":\"https:\/\/gaudiumetspes-blog.pl\/?s={search_term_string}\"},\"query-input\":{\"@type\":\"PropertyValueSpecification\",\"valueRequired\":true,\"valueName\":\"search_term_string\"}}],\"inLanguage\":\"pl-PL\"},{\"@type\":\"Person\",\"@id\":\"https:\/\/gaudiumetspes-blog.pl\/#\/schema\/person\/1661982992b752dea8dff0d4ed845a65\",\"name\":\"Ks. Jacek\",\"image\":{\"@type\":\"ImageObject\",\"inLanguage\":\"pl-PL\",\"@id\":\"https:\/\/gaudiumetspes-blog.pl\/#\/schema\/person\/image\/\",\"url\":\"https:\/\/gaudiumetspes-blog.pl\/wp-content\/uploads\/2019\/07\/avatar-JJ-150x150.jpg\",\"contentUrl\":\"https:\/\/gaudiumetspes-blog.pl\/wp-content\/uploads\/2019\/07\/avatar-JJ-150x150.jpg\",\"caption\":\"Ks. Jacek\"},\"description\":\"Witam serdecznie! K\u0142ania si\u0119 Ks. Jacek Ja\u015bkowski. Nie jestem ani kim\u015b wa\u017cnym, ani kim\u015b znanym. Jestem ksi\u0119dzem, kt\u00f3ry po prostu chce rozmawia\u0107. Codzienna kap\u0142a\u0144ska pos\u0142uga pokazuje mi, \u017ce temat\u00f3w do rozm\u00f3w z ksi\u0119dzem jest coraz wi\u0119cej i dzisiaj \u017caden ksi\u0105dz nie mo\u017ce od nich ucieka\u0107, ale - wprost przeciwnie - podejmowa\u0107 nowe wyzwania. To przekonanie sk\u0142oni\u0142o mnie do pr\u00f3by otwarcia tego\u017c bloga, chocia\u017c okazji do rozm\u00f3w na co dzie\u0144 - w konfesjonale i poza nim - na szcz\u0119\u015bcie nie brakuje. My\u015bl\u0119 jednak, \u017ce ten blog b\u0119dzie jeszcze jednym sposobem i przestrzeni\u0105 nawi\u0105zania kontaktu z lud\u017ami dobrej woli, otwartymi na dialog.\",\"url\":\"https:\/\/gaudiumetspes-blog.pl\/index.php\/author\/ks-jacek\/\"}]}<\/script>\n<!-- \/ Yoast SEO plugin. -->","yoast_head_json":{"title":"Zwyk\u0142a, ludzka dobro\u0107... - Gaudium Et Spes","robots":{"index":"index","follow":"follow","max-snippet":"max-snippet:-1","max-image-preview":"max-image-preview:large","max-video-preview":"max-video-preview:-1"},"canonical":"https:\/\/gaudiumetspes-blog.pl\/index.php\/2026\/09\/02\/zwykla-ludzka-dobroc\/","og_locale":"pl_PL","og_type":"article","og_title":"Zwyk\u0142a, ludzka dobro\u0107... - Gaudium Et Spes","og_description":"Szcz\u0119\u015b\u0107 Bo\u017ce! Drodzy moi, w dniu dzisiejszym urodziny prze\u017cywa Pawe\u0142 Mochnacz, m\u00f3j Chrze\u015bniak, kt\u00f3remu \u017cycz\u0119 trwania w wierze \u2013 i codziennego wzmacniania tej wiary. O to si\u0119 dla Niego modl\u0119! A oto ja pozdrawiam Was z Siedlec, gdzie postanowi\u0142em zosta\u0107 dzisiaj przez ca\u0142y dzie\u0144 i popracowa\u0107 spokojnie, i pomodli\u0107 si\u0119, a o 18:00 udam si\u0119 [&hellip;]","og_url":"https:\/\/gaudiumetspes-blog.pl\/index.php\/2026\/09\/02\/zwykla-ludzka-dobroc\/","og_site_name":"Gaudium Et Spes","article_published_time":"2026-09-02T07:07:43+00:00","author":"Ks. Jacek","twitter_card":"summary_large_image","twitter_misc":{"Napisane przez":"Ks. Jacek","Szacowany czas czytania":"10 minut"},"schema":{"@context":"https:\/\/schema.org","@graph":[{"@type":"WebPage","@id":"https:\/\/gaudiumetspes-blog.pl\/index.php\/2026\/09\/02\/zwykla-ludzka-dobroc\/","url":"https:\/\/gaudiumetspes-blog.pl\/index.php\/2026\/09\/02\/zwykla-ludzka-dobroc\/","name":"Zwyk\u0142a, ludzka dobro\u0107... - Gaudium Et Spes","isPartOf":{"@id":"https:\/\/gaudiumetspes-blog.pl\/#website"},"datePublished":"2026-09-02T07:07:43+00:00","author":{"@id":"https:\/\/gaudiumetspes-blog.pl\/#\/schema\/person\/1661982992b752dea8dff0d4ed845a65"},"breadcrumb":{"@id":"https:\/\/gaudiumetspes-blog.pl\/index.php\/2026\/09\/02\/zwykla-ludzka-dobroc\/#breadcrumb"},"inLanguage":"pl-PL","potentialAction":[{"@type":"ReadAction","target":["https:\/\/gaudiumetspes-blog.pl\/index.php\/2026\/09\/02\/zwykla-ludzka-dobroc\/"]}]},{"@type":"BreadcrumbList","@id":"https:\/\/gaudiumetspes-blog.pl\/index.php\/2026\/09\/02\/zwykla-ludzka-dobroc\/#breadcrumb","itemListElement":[{"@type":"ListItem","position":1,"name":"Strona g\u0142\u00f3wna","item":"https:\/\/gaudiumetspes-blog.pl\/"},{"@type":"ListItem","position":2,"name":"Zwyk\u0142a, ludzka dobro\u0107&#8230;"}]},{"@type":"WebSite","@id":"https:\/\/gaudiumetspes-blog.pl\/#website","url":"https:\/\/gaudiumetspes-blog.pl\/","name":"Gaudium Et Spes","description":"Blog Ks. Jacka Ja\u015bkowskiego","potentialAction":[{"@type":"SearchAction","target":{"@type":"EntryPoint","urlTemplate":"https:\/\/gaudiumetspes-blog.pl\/?s={search_term_string}"},"query-input":{"@type":"PropertyValueSpecification","valueRequired":true,"valueName":"search_term_string"}}],"inLanguage":"pl-PL"},{"@type":"Person","@id":"https:\/\/gaudiumetspes-blog.pl\/#\/schema\/person\/1661982992b752dea8dff0d4ed845a65","name":"Ks. Jacek","image":{"@type":"ImageObject","inLanguage":"pl-PL","@id":"https:\/\/gaudiumetspes-blog.pl\/#\/schema\/person\/image\/","url":"https:\/\/gaudiumetspes-blog.pl\/wp-content\/uploads\/2019\/07\/avatar-JJ-150x150.jpg","contentUrl":"https:\/\/gaudiumetspes-blog.pl\/wp-content\/uploads\/2019\/07\/avatar-JJ-150x150.jpg","caption":"Ks. Jacek"},"description":"Witam serdecznie! K\u0142ania si\u0119 Ks. Jacek Ja\u015bkowski. Nie jestem ani kim\u015b wa\u017cnym, ani kim\u015b znanym. Jestem ksi\u0119dzem, kt\u00f3ry po prostu chce rozmawia\u0107. Codzienna kap\u0142a\u0144ska pos\u0142uga pokazuje mi, \u017ce temat\u00f3w do rozm\u00f3w z ksi\u0119dzem jest coraz wi\u0119cej i dzisiaj \u017caden ksi\u0105dz nie mo\u017ce od nich ucieka\u0107, ale - wprost przeciwnie - podejmowa\u0107 nowe wyzwania. To przekonanie sk\u0142oni\u0142o mnie do pr\u00f3by otwarcia tego\u017c bloga, chocia\u017c okazji do rozm\u00f3w na co dzie\u0144 - w konfesjonale i poza nim - na szcz\u0119\u015bcie nie brakuje. My\u015bl\u0119 jednak, \u017ce ten blog b\u0119dzie jeszcze jednym sposobem i przestrzeni\u0105 nawi\u0105zania kontaktu z lud\u017ami dobrej woli, otwartymi na dialog.","url":"https:\/\/gaudiumetspes-blog.pl\/index.php\/author\/ks-jacek\/"}]}},"jetpack_featured_media_url":"","jetpack_sharing_enabled":true,"_links":{"self":[{"href":"https:\/\/gaudiumetspes-blog.pl\/index.php\/wp-json\/wp\/v2\/posts\/25130","targetHints":{"allow":["GET"]}}],"collection":[{"href":"https:\/\/gaudiumetspes-blog.pl\/index.php\/wp-json\/wp\/v2\/posts"}],"about":[{"href":"https:\/\/gaudiumetspes-blog.pl\/index.php\/wp-json\/wp\/v2\/types\/post"}],"author":[{"embeddable":true,"href":"https:\/\/gaudiumetspes-blog.pl\/index.php\/wp-json\/wp\/v2\/users\/1"}],"replies":[{"embeddable":true,"href":"https:\/\/gaudiumetspes-blog.pl\/index.php\/wp-json\/wp\/v2\/comments?post=25130"}],"version-history":[{"count":1,"href":"https:\/\/gaudiumetspes-blog.pl\/index.php\/wp-json\/wp\/v2\/posts\/25130\/revisions"}],"predecessor-version":[{"id":25131,"href":"https:\/\/gaudiumetspes-blog.pl\/index.php\/wp-json\/wp\/v2\/posts\/25130\/revisions\/25131"}],"wp:attachment":[{"href":"https:\/\/gaudiumetspes-blog.pl\/index.php\/wp-json\/wp\/v2\/media?parent=25130"}],"wp:term":[{"taxonomy":"category","embeddable":true,"href":"https:\/\/gaudiumetspes-blog.pl\/index.php\/wp-json\/wp\/v2\/categories?post=25130"},{"taxonomy":"post_tag","embeddable":true,"href":"https:\/\/gaudiumetspes-blog.pl\/index.php\/wp-json\/wp\/v2\/tags?post=25130"}],"curies":[{"name":"wp","href":"https:\/\/api.w.org\/{rel}","templated":true}]}}