{"id":25146,"date":"2026-09-03T10:09:24","date_gmt":"2026-09-03T08:09:24","guid":{"rendered":"https:\/\/gaudiumetspes-blog.pl\/?p=25146"},"modified":"2026-09-03T10:09:24","modified_gmt":"2026-09-03T08:09:24","slug":"lecz-na-twoje-slowo","status":"publish","type":"post","link":"https:\/\/gaudiumetspes-blog.pl\/index.php\/2026\/09\/03\/lecz-na-twoje-slowo\/","title":{"rendered":"Lecz na Twoje s\u0142owo&#8230;"},"content":{"rendered":"<p align=\"justify\"><span style=\"color: #000000;\"><span style=\"font-family: Book Antiqua, serif;\"><span style=\"font-size: large;\">Szcz\u0119\u015b\u0107 Bo\u017ce! Drodzy moi, w dniu dzisiejszym <b>imieniny prze\u017cywa<\/b><b>j\u0105:<\/b><\/span><\/span><\/span><\/p>\n<p align=\"justify\"><span style=\"color: #000000;\">\u25ba<span style=\"font-family: Book Antiqua, serif;\"><span style=\"font-size: large;\"><b>Biskup<\/b><b> Grzegorz Suchodolski \u2013 Biskup Pomocniczy Diecezji siedleckiej;<\/b><\/span><\/span><\/span><\/p>\n<p align=\"justify\"><span style=\"color: #000000;\">\u25ba<span style=\"font-family: Book Antiqua, serif;\"><span style=\"font-size: large;\"><b>K<\/b><b>si\u0105dz Grzegorz Stolarski \u2013 Wyk\u0142adowca na Uniwersytecie w Siedlcach, by\u0142y Rektor siedleckiego Seminarium;<\/b><\/span><\/span><\/span><\/p>\n<p align=\"justify\"><span style=\"color: #000000;\">\u25ba<span style=\"font-family: Book Antiqua, serif;\"><span style=\"font-size: large;\"><b>Ksi\u0105dz Grzegorz Bindziuk, z kt\u00f3rym mia\u0142em przyjemno\u015b\u0107 wsp\u00f3\u0142pracowa\u0107 kiedy\u015b w Parafii w Tr\u0105bkach;<\/b><\/span><\/span><\/span><\/p>\n<p align=\"justify\"><span style=\"color: #000000;\">\u25ba<span style=\"font-family: Book Antiqua, serif;\"><span style=\"font-size: large;\"><b>Ksi\u0105dz Grzegorz Bielak \u2013 <\/b><b>Prefekt przy<\/b><b> mojej Parafii rodzinnej.<\/b><\/span><\/span><\/span><\/p>\n<p align=\"justify\"><span style=\"color: #000000;\"><span style=\"font-family: Book Antiqua, serif;\"><span style=\"font-size: large;\"><b>\u017bycz\u0119 drogim Solenizantom, aby jak najwi\u0119cej wzoru czerpali z postawy swego Patrona. <\/b><\/span><\/span><\/span><\/p>\n<p align=\"justify\"><span style=\"color: #000000;\"><span style=\"font-family: Book Antiqua, serif;\"><span style=\"font-size: large;\"><b>Rocznic\u0119 \u015blubu natomiast prze\u017cywaj\u0105 dzisiaj Pa\u0144stwo Anna i Tomasz Marczewscy, w swoim czasie: nasi Gospodarze w Szklarskiej Por\u0119bie. Niech Im Pan we wszystkim b\u0142ogos\u0142awi, niech czyni pi\u0119kniejszym z dnia na dzie\u0144 prze\u017cywanie ma\u0142\u017ce\u0144skiej i rodzicielskiej codzienno\u015bci!<\/b><\/span><\/span><\/span><\/p>\n<p align=\"justify\"><span style=\"color: #000000;\"><span style=\"font-family: Book Antiqua, serif;\"><span style=\"font-size: large;\"><b>Ze swej strony, Wszystkich dzisiaj \u015bwi\u0119tuj\u0105cych zapewniam o modlitwie.<\/b><\/span><\/span><\/span><\/p>\n<p align=\"justify\"><span style=\"color: #000000;\"><span style=\"font-family: Book Antiqua, serif;\"><span style=\"font-size: large;\">Drodzy moi, serdecznie pozdrawiam z Siedlec, sk\u0105d wyrusz\u0119 do Domu rodzinnego, aby pom\u00f3c w zakupach i innych sprawach bie\u017c\u0105cych \u2013 po zabiegu, jaki ostatnio przeszed\u0142 nasz Tato na jedno z oczu i przez to ma nieco ograniczone mo\u017cliwo\u015bci dzia\u0142ania. Potem powr\u00f3c\u0119 do Siedlec i przepakuj\u0119 si\u0119, aby nast\u0119pnie wyruszy\u0107 do Lublina. Wszystkie te kilometry, jakie mam do przejechania, b\u0119d\u0105 dzisiaj dla mnie czasem intensywnej modlitwy \u2013 w pewnej bardzo wa\u017cnej intencji!<\/span><\/span><\/span><\/p>\n<p align=\"justify\"><span style=\"color: #000000;\"><span style=\"font-family: Book Antiqua, serif;\"><span style=\"font-size: large;\">Przypominam, \u017ce dzisiaj \u2013 pierwszy czwartek miesi\u0105ca. Wiemy, co si\u0119 z tym wi\u0105\u017ce. <\/span><\/span><\/span><\/p>\n<p align=\"justify\"><span style=\"color: #000000;\"><span style=\"font-family: Book Antiqua, serif;\"><span style=\"font-size: large;\">A teraz zapraszam ju\u017c do zg\u0142\u0119bienia Bo\u017cego s\u0142owa dzisiejszej liturgii. Oto s\u0142\u00f3wko Ksi\u0119dza Marka na dzi\u015b:<\/span><\/span><\/span><\/p>\n<p align=\"justify\"><span style=\"color: #000000;\"><span style=\"font-family: Book Antiqua, serif;\"><span style=\"font-size: medium;\"><a href=\"https:\/\/www.youtube.com\/c\/CatholicSurgut\"><span style=\"font-size: large;\"><span lang=\"zxx\"><u><b>https:\/\/www.youtube.com\/c\/CatholicSurgut<\/b><\/u><\/span><\/span><\/a><\/span><\/span><\/span><\/p>\n<p align=\"justify\"><span style=\"color: #000000;\"><span style=\"font-family: Book Antiqua, serif;\"><span style=\"font-size: large;\">Zatem,<b> co dzi\u015b m\u00f3wi do mnie Pan? Z jakimi osobistym przes\u0142aniem zwraca si\u0119 w\u0142a\u015bnie do mnie dzisiaj?<\/b> Duchu \u015awi\u0119ty, prowad\u017a i tchnij!<\/span><\/span><\/span><\/p>\n<p align=\"justify\"><span style=\"color: #000000;\"><span style=\"font-family: Book Antiqua, serif;\"><span style=\"font-size: large;\"><b>Niech Was b\u0142ogos\u0142awi B\u00f3g Wszechmog\u0105cy: Ojciec + i Syn, i Duch \u015awi\u0119ty. Amen<\/b><\/span><\/span><\/span><\/p>\n<p align=\"center\"><span style=\"color: #000000;\"><span style=\"font-family: Book Antiqua, serif;\"><span style=\"font-size: large;\">Gaudium et spes! Ks. Jacek<\/span><\/span><\/span><\/p>\n<p align=\"center\">\n<p align=\"center\">\n<p align=\"center\">\n<p align=\"center\">\n<p align=\"center\">\n<p align=\"justify\"><span style=\"color: #000000;\"><span style=\"font-family: Book Antiqua, serif;\"><span style=\"font-size: large;\"><b>Czwartek 22 Tygodnia zwyk\u0142ego, rok II,<\/b><\/span><\/span><\/span><\/p>\n<p align=\"justify\"><span style=\"color: #000000;\"><span style=\"font-family: Book Antiqua, serif;\"><span style=\"font-size: large;\"><b>Wspomnienie \u015aw. Grzegorza Wielkiego, <\/b><\/span><\/span><\/span><\/p>\n<p align=\"justify\"><span style=\"color: #000000;\"><span style=\"font-family: Book Antiqua, serif;\"><span style=\"font-size: large;\"><b>Papie\u017ca i Doktora Ko\u015bcio\u0142a,<\/b><\/span><\/span><\/span><\/p>\n<p align=\"justify\"><span style=\"color: #000000;\"><span style=\"font-family: Book Antiqua, serif;\"><span style=\"font-size: large;\"><b>3 wrze\u015bnia 2026.,\u00a0<\/b><\/span><\/span><\/span><\/p>\n<p align=\"justify\"><span style=\"color: #000000;\"><span style=\"font-family: Book Antiqua, serif;\"><span style=\"font-size: large;\"><b>do czyta\u0144: 1 Kor 3,18\u201323; \u0141k 5,1\u201311<\/b><\/span><\/span><\/span><\/p>\n<p align=\"justify\">\n<p align=\"justify\">\n<p align=\"justify\">\n<p align=\"justify\">\n<p align=\"justify\">\n<p align=\"justify\"><span style=\"color: #000000;\"><span style=\"font-family: Book Antiqua, serif;\"><span style=\"font-size: large;\"><b>CZYTANIE Z PIERWSZEGO LISTU \u015aWI\u0118TEGO PAW\u0141A APOSTO\u0141A DO KORYNTIAN:<\/b><\/span><\/span><\/span><\/p>\n<p align=\"justify\"><span style=\"color: #000000;\"><span style=\"font-family: Book Antiqua, serif;\"><span style=\"font-size: large;\"><b>Bracia: Niechaj si\u0119 nikt nie \u0142udzi. Je\u015bli kto\u015b spo\u015br\u00f3d was mniema, \u017ce jest m\u0105dry na tym \u015bwiecie, niech si\u0119 stanie g\u0142upi, by posiad\u0142 m\u0105dro\u015b\u0107. M\u0105dro\u015b\u0107 bowiem tego \u015bwiata jest g\u0142upstwem u Boga.<\/b><\/span><\/span><\/span><\/p>\n<p align=\"justify\"><span style=\"color: #000000;\"><span style=\"font-family: Book Antiqua, serif;\"><span style=\"font-size: large;\"><b>Zreszt\u0105 jest napisane: \u201eOn udaremnia zamys\u0142y przebieg\u0142ych\u201d lub tak\u017ce: \u201eWie Pan, \u017ce pr\u00f3\u017cne s\u0105 zamys\u0142y m\u0119drc\u00f3w\u201d. Niech si\u0119 przeto nie che\u0142pi nikt z powodu ludzi. Wszystko bowiem jest wasze: czy to Pawe\u0142, czy Apollos, czy Kefas; czy to \u015bwiat, czy \u017cycie, czy \u015bmier\u0107, czy to rzeczy tera\u017aniejsze, czy przysz\u0142e; wszystko jest wasze, wy za\u015b Chrystusa, a Chrystus Boga.<\/b><\/span><\/span><\/span><\/p>\n<p align=\"justify\">\n<p align=\"justify\">\n<p align=\"justify\">\n<p align=\"justify\">\n<p align=\"justify\">\n<p align=\"justify\"><span style=\"color: #000000;\"><span style=\"font-family: Book Antiqua, serif;\"><span style=\"font-size: large;\"><b>S\u0141OWA EWANGELII WED\u0141UG \u015aWI\u0118TEGO \u0141UKASZA:<\/b><\/span><\/span><\/span><\/p>\n<p align=\"justify\"><span style=\"color: #000000;\"><span style=\"font-family: Book Antiqua, serif;\"><span style=\"font-size: large;\"><b>Gdy t\u0142um cisn\u0105\u0142 si\u0119 do Jezusa, aby s\u0142ucha\u0107 s\u0142owa Bo\u017cego, a On sta\u0142 nad jeziorem Genezaret, zobaczy\u0142 dwie \u0142odzie stoj\u0105ce przy brzegu; rybacy za\u015b wyszli z nich i p\u0142ukali sieci. Wszed\u0142szy do jednej \u0142odzi, kt\u00f3ra nale\u017ca\u0142a do Szymona, poprosi\u0142 go, \u017ceby nieco odbi\u0142 od brzegu. Potem usiad\u0142 i z \u0142odzi naucza\u0142 t\u0142umy.<\/b><\/span><\/span><\/span><\/p>\n<p align=\"justify\"><span style=\"color: #000000;\"><span style=\"font-family: Book Antiqua, serif;\"><span style=\"font-size: large;\"><b>Gdy przesta\u0142 m\u00f3wi\u0107, rzek\u0142 do Szymona: \u201eWyp\u0142y\u0144 na g\u0142\u0119bi\u0119 i zarzu\u0107 sieci na po\u0142\u00f3w\u201d.<\/b><\/span><\/span><\/span><\/p>\n<p align=\"justify\"><span style=\"color: #000000;\"><span style=\"font-family: Book Antiqua, serif;\"><span style=\"font-size: large;\"><b>A Szymon odpowiedzia\u0142: \u201eMistrzu, ca\u0142\u0105 noc pracowali\u015bmy i nice\u015bmy nie u\u0142owili. Lecz na Twoje s\u0142owo zarzuc\u0119 sieci\u201d.<\/b><\/span><\/span><\/span><\/p>\n<p align=\"justify\"><span style=\"color: #000000;\"><span style=\"font-family: Book Antiqua, serif;\"><span style=\"font-size: large;\"><b>Skoro to uczyni\u0142, zagarn\u0119li tak wielkie mn\u00f3stwo ryb, \u017ce sieci ich zaczyna\u0142y si\u0119 rwa\u0107. Skin\u0119li wi\u0119c na wsp\u00f3lnik\u00f3w w drugiej \u0142odzi, \u017ceby im przyszli z pomoc\u0105. Ci podp\u0142yn\u0119li i nape\u0142nili obie \u0142odzie, tak \u017ce si\u0119 prawie zanurza\u0142y.<\/b><\/span><\/span><\/span><\/p>\n<p align=\"justify\"><span style=\"color: #000000;\"><span style=\"font-family: Book Antiqua, serif;\"><span style=\"font-size: large;\"><b>Widz\u0105c to Szymon Piotr przypad\u0142 Jezusowi do kolan i rzek\u0142: \u201eOdejd\u017a ode mnie, Panie, bo jestem cz\u0142owiek grzeszny\u201d.<\/b><\/span><\/span><\/span><\/p>\n<p align=\"justify\"><span style=\"color: #000000;\"><span style=\"font-family: Book Antiqua, serif;\"><span style=\"font-size: large;\"><b>I jego bowiem, i wszystkich jego towarzyszy w zdumienie wprawi\u0142 po\u0142\u00f3w ryb, jakiego dokonali: jak r\u00f3wnie\u017c Jakuba i Jana, syn\u00f3w Zebedeusza, kt\u00f3rzy byli wsp\u00f3lnikami Szymona.<\/b><\/span><\/span><\/span><\/p>\n<p align=\"justify\"><span style=\"color: #000000;\"><span style=\"font-family: Book Antiqua, serif;\"><span style=\"font-size: large;\"><b>Lecz Jezus rzek\u0142 do Szymona: \u201eNie b\u00f3j si\u0119, odt\u0105d ludzi b\u0119dziesz \u0142owi\u0142\u201d.<\/b><\/span><\/span><\/span><\/p>\n<p align=\"justify\"><span style=\"color: #000000;\"><span style=\"font-family: Book Antiqua, serif;\"><span style=\"font-size: large;\"><b>I przyci\u0105gn\u0105wszy \u0142odzie do brzegu, zostawili wszystko i poszli za Nim.<\/b><\/span><\/span><\/span><\/p>\n<p align=\"justify\">\n<p align=\"justify\">\n<p align=\"justify\">\n<p align=\"justify\">\n<p align=\"justify\">\n<p align=\"justify\"><span style=\"color: #000000;\"><span style=\"font-family: Book Antiqua, serif;\"><span style=\"font-size: large;\">Bardzo pocieszaj\u0105co brzmi\u0105 s\u0142owa Aposto\u0142a Paw\u0142a z dzisiejszego pierwszego czytania, b\u0119d\u0105cego fragmentem jego Pierwszego Listu do Koryntian: <i><b>Niechaj si\u0119 nikt nie \u0142udzi. Je\u015bli kto\u015b spo\u015br\u00f3d was mniema, \u017ce jest m\u0105dry na tym \u015bwiecie, niech si\u0119 stanie g\u0142upi, by posiad\u0142 m\u0105dro\u015b\u0107. M\u0105dro\u015b\u0107 bowiem tego \u015bwiata jest g\u0142upstwem u Boga. <\/b><\/i><\/span><\/span><\/span><\/p>\n<p align=\"justify\"><span style=\"color: #000000;\"><span style=\"font-family: Book Antiqua, serif;\"><span style=\"font-size: large;\">Bardzo pocieszaj\u0105co brzmi\u0105 te s\u0142owa \u2013 podkre\u015blmy to raz jeszcze \u2013 <b>i bardzo podnosz\u0105 na duchu,<\/b> bo my cz\u0119sto czujemy si\u0119 wr\u0119cz osaczeni <b>\u201ejedynie s\u0142usznymi\u201d opiniami<\/b> r\u00f3\u017cnych \u201em\u0119drc\u00f3w tego \u015bwiata\u201d; <b>\u201eprofesjonalnymi ekspertyzami\u201d<\/b> wszelkiej ma\u015bci \u201especjalist\u00f3w od wszystkiego\u201d; <b>poradami i receptami na szcz\u0119\u015bcie,<\/b> dawanymi przez tych, kt\u00f3rzy \u201eo \u017cyciu wszystko wiedz\u0105\u201d i \u201ena ludziach si\u0119 znaj\u0105\u201d; czy wreszcie: <b>\u201estuprocentowo pewnymi diagnozami\u201d <\/b>sytuacji politycznej, spo\u0142ecznej i ko\u015bcielnej, stawianej przez ludzi z wieloma tytu\u0142ami naukowymi przed nazwiskiem, zako\u0144czonej za ka\u017cdym razem <b>\u201estuprocentowo pewnym\u201d przewidywaniem,<\/b> a wr\u0119cz stwierdzeniem, co nast\u0105pi w najbli\u017cszej i dalszej przysz\u0142o\u015bci. <\/span><\/span><\/span><\/p>\n<p align=\"justify\"><span style=\"color: #000000;\"><span style=\"font-family: Book Antiqua, serif;\"><span style=\"font-size: large;\"><b>Jeste\u015bmy wr\u0119cz bombardowani <\/b>tego typu przem\u0105drza\u0142ymi wypowiedziami i stanowiskami, kt\u00f3re najcz\u0119\u015bciej do\u0142uj\u0105 nas i przygn\u0119biaj\u0105, bo nios\u0105 <b>pesymistyczne przes\u0142anie <\/b>zbli\u017caj\u0105cej si\u0119 kl\u0119ski \u2013 na zasadzie, \u017ce \u201edobrze to ju\u017c by\u0142o, a teraz mo\u017ce by\u0107 tylko gorzej\u201d. S\u0142uchamy tego wszystkiego i zastanawiamy si\u0119, <b>czy tak jest \u2013 i b\u0119dzie \u2013 na pewno?<\/b> I je\u015bli sta\u0107 nas na odrobin\u0119 krytycyzmu i trze\u017awego spojrzenia, to musimy sobie postawi\u0107 pytanie, <b>sk\u0105d ci \u201em\u0119drcy\u201d i \u201especjali\u015bci\u201d <\/b><b>to wszystko<\/b><b> wiedz\u0105?<\/b> Sk\u0105d u nich ta pewno\u015b\u0107, \u017ce b\u0119dzie dok\u0142adnie tak, jak m\u00f3wi\u0105? <\/span><\/span><\/span><\/p>\n<p align=\"justify\"><span style=\"color: #000000;\"><span style=\"font-family: Book Antiqua, serif;\"><span style=\"font-size: large;\">Bo nawet je\u017celi trzeba wypowiedzie\u0107 opini\u0119 krytyczn\u0105 czy przewidywanie niepomy\u015blne, to jednak zawsze \u2013 ale to zawsze! \u2013 powinna za tym i\u015b\u0107 <b>konstruktywna propozycja wyj\u015bcia z tego\u017c impasu! <\/b>Ale te\u017c pokorna \u015bwiadomo\u015b\u0107 tego, \u017ce jednak nie wie si\u0119 wszystkiego na pewno! Jak r\u00f3wnie\u017c \u015bwiadomo\u015b\u0107 tego, \u017ce<b> <\/b><i><b>j<\/b><\/i><i><b>e\u015bli kto\u015b<\/b><\/i><b> <\/b><b>[\u2026] <\/b><i><b>mniema, \u017ce jest m\u0105dry na tym \u015bwiecie, niech si\u0119 stanie g\u0142upi, by posiad\u0142 m\u0105dro\u015b\u0107. M\u0105dro\u015b\u0107 bowiem tego \u015bwiata jest g\u0142upstwem u Boga. <\/b><\/i><\/span><\/span><\/span><\/p>\n<p align=\"justify\"><span style=\"color: #000000;\"><span style=\"font-family: Book Antiqua, serif;\"><span style=\"font-size: large;\">A w tym kontek\u015bcie jak\u017ce mocno i jak\u017ce trafnie brzmi\u0105 dalsze s\u0142owa dzisiejszego pierwszego czytania: <i><b>Zreszt\u0105 jest napisane: \u201eOn udaremnia zamys\u0142y przebieg\u0142ych\u201d lub tak\u017ce: \u201eWie Pan, \u017ce pr\u00f3\u017cne s\u0105 zamys\u0142y m\u0119drc\u00f3w\u201d. Niech si\u0119 przeto nie che\u0142pi nikt z powodu ludzi. Wszystko bowiem jest wasze: czy to Pawe\u0142, czy Apollos, czy Kefas; czy to \u015bwiat, czy \u017cycie, czy \u015bmier\u0107, czy to rzeczy tera\u017aniejsze, czy przysz\u0142e; wszystko jest wasze, wy za\u015b Chrystusa, a Chrystus Boga.<\/b><\/i><\/span><\/span><\/span><\/p>\n<p align=\"justify\"><span style=\"color: #000000;\"><span style=\"font-family: Book Antiqua, serif;\"><span style=\"font-size: large;\">Ot\u00f3\u017c, w\u0142a\u015bnie! Ca\u0142e nasze \u017cycie \u2013 od jego pocz\u0105tku do ko\u0144ca, i we wszystkich jego aspektach i wymiarach \u2013 <b>nale\u017cy do Boga.<\/b> Wszystko mamy<b> od Niego <\/b>\u2013 pocz\u0105wszy od samego \u017cycia i istnienia \u2013 i wszystko w naszym \u017cyciu jest <b>dla Niego. <\/b>A przynajmniej \u2013 powinno by\u0107. Przeto je\u017celi nawet m\u00f3wimy o tym, co si\u0119 w naszym \u017cyciu dzieje oraz w jakim kierunku i celu ono zmierza \u2013 a zatem: m\u00f3wimy<b> o przewidywaniach na przysz\u0142o\u015b\u0107<\/b> \u2013 to zawsze powinno by\u0107 to <b>mocno zwi\u0105zane z Jezusem!<\/b> I mie\u0107 mocne odniesienie do Niego! <\/span><\/span><\/span><\/p>\n<p align=\"justify\"><span style=\"color: #000000;\"><span style=\"font-family: Book Antiqua, serif;\"><span style=\"font-size: large;\">To <b>w Jego r\u0119ce <\/b>powinni\u015bmy oddawa\u0107 nasz\u0105 tera\u017aniejszo\u015b\u0107 i przysz\u0142o\u015b\u0107 \u2013 bo przesz\u0142o\u015b\u0107 ju\u017c do Niego nale\u017cy, gdy\u017c to On b\u0119dzie nas z niej os\u0105dza\u0142. Zatem, jak najbardziej <b>trzeba czyni\u0107 pewne plany na przysz\u0142o\u015b\u0107, <\/b>trzeba jasno i trze\u017awo <b>ocenia\u0107 rzeczywisto\u015b\u0107,<\/b> w kt\u00f3rej \u017cyjemy; trzeba <b>wyci\u0105ga\u0107 wnioski<\/b> z sukces\u00f3w i b\u0142\u0119d\u00f3w przesz\u0142o\u015bci; trzeba rozs\u0105dnie <b>mierzy\u0107 si\u0142y na zamiary<\/b> przy podejmowaniu takich czy innych plan\u00f3w, ale we wszystkim tym trzeba koniecznie pami\u0119ta\u0107, \u017ce <b>nad tym wszystkim \u2013 <\/b>nad tymi opiniami, ekspertyzami, ocenami oraz nad wynikaj\u0105cymi z nich diagnozami i receptami na sukces i planami na przysz\u0142o\u015b\u0107; a nade wszystko:<b> nad nami samymi i nad naszym ca\u0142ym \u017cyciem \u2013 jest jeszcze Jezus!<\/b> On, kt\u00f3ry wszystko najlepiej wie, rozumie, ocenia, diagnozuje \u2013 i najm\u0105drzej we wszystkim doradza. <b>Tylko On! <\/b><\/span><\/span><\/span><\/p>\n<p align=\"justify\"><span style=\"color: #000000;\"><span style=\"font-family: Book Antiqua, serif;\"><span style=\"font-size: large;\">Bo to w\u0142a\u015bnie On na te wszystkie \u201ejedynie s\u0142uszne\u201d ludzkie opinie i m\u0105dro\u015bci odpowiada wydarzeniem, opisanym w dzisiejszej Ewangelii, kiedy to nakaza\u0142 Szymonowi, do\u015bwiadczonemu w ko\u0144cu rybakowi: <i><b>Wyp\u0142y\u0144 na g\u0142\u0119bi\u0119 i zarzu\u0107 sieci na po\u0142\u00f3w.<\/b><\/i><b> <\/b>Wed\u0142ug zgodnej opinii komentator\u00f3w, polecenie to wyra\u017anie <b>przeczy\u0142o wiedzy i do\u015bwiadczeniu <\/b>tylu lat pracy Piotra i jego bliskich, zajmuj\u0105cych si\u0119 po\u0142owem ryb. Zreszt\u0105, sam Piotr jasno to stwierdzi\u0142, m\u00f3wi\u0105c do Jezusa: <i><b>Mistrzu, ca\u0142\u0105 noc pracowali\u015bmy i nice\u015bmy nie u\u0142owili. Lecz na Twoje s\u0142owo zarzuc\u0119 sieci. <\/b><\/i><\/span><\/span><\/span><\/p>\n<p align=\"justify\"><span style=\"color: #000000;\"><span style=\"font-family: Book Antiqua, serif;\"><span style=\"font-size: large;\">Ot\u00f3\u017c, kluczem tej wypowiedzi jest to stwierdzenie: <i><b>Lecz na Twoje s\u0142owo\u2026<\/b><\/i> Mo\u017cna to nastawienie Piotra uj\u0105\u0107 tak: <b>\u201e<\/b><b>Wszystko przeczy temu, co m\u00f3wisz; <\/b>wedle mojego wieloletniego dotychczasowego \u017cyciowego i zawodowego do\u015bwiadczenia taki po\u0142\u00f3w nie ma szans na powodzenie \u2013<i><b> lecz na Twoje s\u0142owo\u2026\u201d<\/b><\/i> <\/span><\/span><\/span><\/p>\n<p align=\"justify\"><span style=\"color: #000000;\"><span style=\"font-family: Book Antiqua, serif;\"><span style=\"font-size: large;\">Szybko mia\u0142o si\u0119 okaza\u0107, \u017ce <b>warto by\u0142o zaufa\u0107<\/b> \u2013 nawet wbrew ludzkiej logice, wbrew zdrowemu rozs\u0105dkowi, wbrew \u017cyciowemu do\u015bwiadczeniu. Bo <i><b>s<\/b><\/i><i><b>koro to uczyni\u0142, zagarn\u0119li tak wielkie mn\u00f3stwo ryb, \u017ce sieci ich zaczyna\u0142y si\u0119 rwa\u0107. Skin\u0119li wi\u0119c na wsp\u00f3lnik\u00f3w w drugiej \u0142odzi, \u017ceby im przyszli z pomoc\u0105. Ci podp\u0142yn\u0119li i nape\u0142nili obie \u0142odzie, tak \u017ce si\u0119 prawie zanurza\u0142y.<\/b><\/i><\/span><\/span><\/span><\/p>\n<p align=\"justify\"><span style=\"color: #000000;\"><span style=\"font-family: Book Antiqua, serif;\"><span style=\"font-size: large;\">A wobec oczywistej reakcji Piotra na to, co si\u0119 sta\u0142o \u2013 reakcji tak opisanej przez Ewangelist\u0119 \u0141ukasza: <i><b>Widz\u0105c to Szymon Piotr przypad\u0142 Jezusowi do kolan i rzek\u0142: \u201eOdejd\u017a ode mnie, Panie, bo jestem cz\u0142owiek grzeszny\u201d. I jego bowiem, i wszystkich jego towarzyszy w zdumienie wprawi\u0142 po\u0142\u00f3w ryb, jakiego dokonali: jak r\u00f3wnie\u017c Jakuba i Jana, syn\u00f3w Zebedeusza, kt\u00f3rzy byli wsp\u00f3lnikami Szymona <\/b><\/i><b>\u2013 <\/b>Jezus odpowiedzia\u0142 zapewnieniem, kt\u00f3re mnie, jako ksi\u0119dza, szczeg\u00f3lnie podnosi na duchu:<i> <\/i><i><b>Nie b\u00f3j si\u0119, odt\u0105d ludzi b\u0119dziesz \u0142owi\u0142. <\/b><\/i><\/span><\/span><\/span><\/p>\n<p align=\"justify\"><span style=\"color: #000000;\"><span style=\"font-family: Book Antiqua, serif;\"><span style=\"font-size: large;\">Bo wierz\u0119, \u017ce taki cudowny po\u0142\u00f3w, jaki si\u0119 wtedy wydarzy\u0142, <b>naprawd\u0119<\/b> <b>mo\u017ce i b\u0119dzie si\u0119 dokonywa\u0142 tak\u017ce na odcinku po\u0142ow\u00f3w duchowych \u2013 po\u0142ow\u00f3w ludzkich serc! <\/b>A to bardzo podnosi na duchu ksi\u0119dza, kt\u00f3remu niekiedy wydaje si\u0119, \u017ce jego pos\u0142uga duszpasterska <b>to pasmo samych kl\u0119sk i niepowodze\u0144, <\/b>bo nie wida\u0107 \u017cadnych wi\u0119kszych owoc\u00f3w i ludzi nie przybywa,<b> a wr\u0119cz odchodz\u0105 \u2013 <\/b>je\u017celi nie z Ko\u015bcio\u0142a, albo nie od razu z Ko\u015bcio\u0142a, to ze wsp\u00f3lnot, z duszpasterstw, z r\u00f3\u017cnego rodzaju dzia\u0142alno\u015bci\u2026 A do tego \u2013<b> pustoszej\u0105ce seminaria i nowicjaty zakonne\u2026<\/b> <\/span><\/span><\/span><\/p>\n<p align=\"justify\"><span style=\"color: #000000;\"><span style=\"font-family: Book Antiqua, serif;\"><span style=\"font-size: large;\">W tym kontek\u015bcie, przewidywania \u201em\u0119drc\u00f3w tego \u015bwiata\u201d \u2013 tak\u017ce tych w sutannach \u2013 s\u0105 cz\u0119sto jednoznaczne: <b>b\u0119dzie tylko gorzej! <\/b>A jednak Pawe\u0142 Aposto\u0142 przekonuje: <i><b>M\u0105dro\u015b\u0107 bowiem tego \u015bwiata jest g\u0142upstwem u Boga. Zreszt\u0105 jest napisane: \u201eOn udaremnia zamys\u0142y przebieg\u0142ych\u201d lub tak\u017ce: \u201eWie Pan, \u017ce pr\u00f3\u017cne s\u0105 zamys\u0142y m\u0119drc\u00f3w\u201d. <\/b><\/i><\/span><\/span><\/span><\/p>\n<p align=\"justify\"><span style=\"color: #000000;\"><span style=\"font-family: Book Antiqua, serif;\"><span style=\"font-size: large;\">A Jezus m\u00f3wi tak po prostu i zwyczajnie:<i> <\/i><i><b>Wyp\u0142y\u0144 na g\u0142\u0119bi\u0119 i zarzu\u0107 sieci na po\u0142\u00f3w.<\/b><\/i><b> <\/b>Tak, \u201ewyp\u0142y\u0144 na g\u0142\u0119bi\u0119 wszelkich problem\u00f3w i obaw, na g\u0142\u0119bi\u0119 tego wszystkiego, co si\u0119 wok\u00f3\u0142 Ciebie dzieje \u2013 <b>i zarzu\u0107 sieci! Ci\u0105gle zarzucaj \u2013 nie poddawaj si\u0119! Na Moje s\u0142owo!<\/b> Nie s\u0142uchaj \u201em\u0119drc\u00f3w tego \u015bwiata\u201d i \u201eprorok\u00f3w kl\u0119ski\u201d! Zaufaj Mi \u2013 i tylko Mi! Bezgranicznie! I zarzucaj sieci! <b>Ja sam zadbam o Tw\u00f3j po\u0142\u00f3w!\u201d<\/b> Bior\u0119 sobie te s\u0142owa Jezusa na nowo do serca! Bardzo mi s\u0105 one obecnie potrzebne\u2026 <\/span><\/span><\/span><\/p>\n<p align=\"justify\"><span style=\"color: #000000;\"><span style=\"font-family: Book Antiqua, serif;\"><span style=\"font-size: large;\">Z pewno\u015bci\u0105, kierowa\u0142 si\u0119 nimi tak\u017ce Patron dnia dzisiejszego \u2013 o czym do\u015b\u0107 wyra\u017anie sam dzisiaj m\u00f3wi w swojej wypowiedzi \u2013 \u015awi\u0119ty Grzegorz Wielki. <\/span><\/span><\/span><\/p>\n<p align=\"justify\"><span style=\"color: #000000;\"><span style=\"font-family: Book Antiqua, serif;\"><span style=\"font-size: large;\">Urodzi\u0142 si\u0119 <b>w 540 roku w Rzymie, <\/b>w rodzinie patrycjusz\u00f3w. Jego rodzice s\u0105 kanonizowanymi \u015awi\u0119tymi Ko\u015bcio\u0142a. M\u0142odo\u015b\u0107 sp\u0119dzi\u0142 w domu rodzinnym, piastuj\u0105c w tym czasie r\u00f3\u017cne urz\u0119dy cywilne, a\u017c doszed\u0142 do <b>stanowiska prefekta \u2013 namiestnika Rzymu! <\/b>Rzym pozostawa\u0142 w\u00f3wczas pod w\u0142adz\u0105 cesarstwa wschodniego.<\/span><\/span><\/span><\/p>\n<p align=\"justify\"><span style=\"color: #000000;\"><span style=\"font-family: Book Antiqua, serif;\"><span style=\"font-size: large;\">Po czterech latach m\u0105drych i szcz\u0119\u015bliwych rz\u0105d\u00f3w, <b>w 575 roku <\/b>niespodziewanie opu\u015bci\u0142 tak eksponowane stanowisko <b>i wst\u0105pi\u0142 do <\/b><b>zakonu<\/b><b> benedyktyn\u00f3w. <\/b>W\u0142asny dom rodzinny zamieni\u0142 na klasztor dla dwunastu towarzyszy. Ten czyn zaskoczy\u0142 wszystkich \u2013 <b>oto pan Rzymu zosta\u0142 ubogim mnichem! <\/b>Dysponuj\u0105c ogromnym maj\u0105tkiem, za\u0142o\u017cy\u0142 jeszcze sze\u015b\u0107 innych klasztor\u00f3w w swoich dobrach na Sycylii.<\/span><\/span><\/span><\/p>\n<p align=\"justify\"><span style=\"color: #000000;\"><span style=\"font-family: Book Antiqua, serif;\"><span style=\"font-size: large;\">W roku 577, Papie\u017c Benedykt I mianowa\u0142 Grzegorza <b>diakonem Ko\u015bcio\u0142a rzymskiego, <\/b>a w roku 579 Papie\u017c Pelagiusz II uczyni\u0142 go <b>swoim<\/b><b> apokryzariuszem, <\/b>czyli przedstawicielem na dworze cesarza wschodnio \u2013 rzymskiego. Grzegorz uda\u0142 si\u0119 wi\u0119c w stroju mnicha wraz z kilkoma towarzyszami do Konstantynopola, gdzie sp\u0119dzi\u0142 siedem lat. <b>Wykaza\u0142 tam du\u017ce umiej\u0119tno\u015bci dyplomatyczne. <\/b>A przy okazji nauczy\u0142 si\u0119 tak\u017ce j\u0119zyka greckiego.<\/span><\/span><\/span><\/p>\n<p align=\"justify\"><span style=\"color: #000000;\"><span style=\"font-family: Book Antiqua, serif;\"><span style=\"font-size: large;\">Doceniaj\u0105c wielk\u0105 m\u0105dro\u015b\u0107 i roztropno\u015b\u0107 Grzegorza, <b>Papie\u017c Pelagiusz II wezwa\u0142 go z powrotem do Rzymu, <\/b>by mu pomaga\u0142 bezpo\u015brednio w zarz\u0105dzaniu Ko\u015bcio\u0142em i s\u0142u\u017cy\u0142 rad\u0105. Mia\u0142 jednocze\u015bnie Grzegorz pe\u0142ni\u0107 obowi\u0105zki osobistego sekretarza Papie\u017ca. Od roku 585 by\u0142 tak\u017ce opatem klasztoru. Jednak, kiedy 7 lutego 590 roku zmar\u0142 Pelagiusz II, na jego miejsce lud, senat i kler rzymski <b>jednog\u0142o\u015bnie \u2013 przez aklamacj\u0119 \u2013 wybra<\/b><b>li<\/b><b> <\/b><b>w\u0142a\u015bnie <\/b><b>Grzegorza. <\/b>Ten w swojej pokorze wymawia\u0142 si\u0119. Napisa\u0142 nawet do cesarza i do swoich przyjaci\u00f3\u0142 w Konstantynopolu, by nie zatwierdzano jego wyboru. Sta\u0142o si\u0119 jednak inaczej.<\/span><\/span><\/span><\/p>\n<p align=\"justify\"><span style=\"color: #000000;\"><span style=\"font-family: Book Antiqua, serif;\"><span style=\"font-size: large;\"><b>3 pa\u017adziernika 590 roku <\/b>odby\u0142a si\u0119 jego<b> konsekracja na biskupa. <\/b>Przedtem przyj\u0105\u0142 \u015bwi\u0119cenia kap\u0142a\u0144skie. Ale oto w tym\u017ce samym 590 roku nawiedzi\u0142a Rzym jedna z najci\u0119\u017cszych w historii tego\u017c miasta zaraza. Grzegorz zarz\u0105dzi\u0142 <b>procesj\u0119 pokutn\u0105 dla odwr\u00f3cenia kl\u0119ski. <\/b>Wyznaczy\u0142 siedem ko\u015bcio\u0142\u00f3w, w kt\u00f3rych mia\u0142y gromadzi\u0107 si\u0119 na modlitwie poszczeg\u00f3lne stany. Z tych ko\u015bcio\u0142\u00f3w wyruszy\u0142y procesje do Bazyliki Matki Bo\u017cej Wi\u0119kszej, gdzie <b>Papie\u017c \u2013 elekt wyg\u0142osi\u0142 wielkie przem\u00f3wienie o modlitwie i pokucie.<\/b><\/span><\/span><\/span><\/p>\n<p align=\"justify\"><span style=\"color: #000000;\"><span style=\"font-family: Book Antiqua, serif;\"><span style=\"font-size: large;\">Podczas procesji, nad mauzoleum Hadriana <b>Grzegorz zobaczy\u0142 anio\u0142a chowaj\u0105cego wyci\u0105gni\u0119ty, skrwawiony miecz. <\/b>Wizj\u0119 t\u0119 zrozumiano jako koniec plagi. Zosta\u0142a ona utrwalona: do dnia dzisiejszego nad tym mauzoleum Hadriana, zwanym Zamkiem \u015awi\u0119tego Anio\u0142a, <b>dominuje ogromny pos\u0105g anio\u0142a <\/b>ze wzniesionym mieczem.<\/span><\/span><\/span><\/p>\n<p align=\"justify\"><span style=\"color: #000000;\"><span style=\"font-family: Book Antiqua, serif;\"><span style=\"font-size: large;\"><b>Pontyfikat Grzegorza trwa\u0142 pi\u0119tna\u015bcie lat. <\/b>Zaraz na pocz\u0105tku swoich rz\u0105d\u00f3w nada\u0142 sobie pokorny tytu\u0142, kt\u00f3ry r\u00f3wnocze\u015bnie mia\u0142 by\u0107 programem jego pontyfikatu: <b>\u201e<\/b><b>servus servorum Dei\u201d \u2013 \u201es\u0142uga s\u0142ug Bo\u017cych\u201d. <\/b>Do \u00f3wczesnych patriarch\u00f3w Konstantynopola, Antiochii, Jerozolimy i Aleksandrii skierowa\u0142 wys\u0142annik\u00f3w z zawiadomieniem o swoim wyborze <b>w s\u0142owach pe\u0142nych pokory i przyja\u017ani, <\/b>czym pozyska\u0142 sobie ich mi\u0142o\u015b\u0107.<\/span><\/span><\/span><\/p>\n<p align=\"justify\"><span style=\"color: #000000;\"><span style=\"font-family: Book Antiqua, serif;\"><span style=\"font-size: large;\">Jako dobry Pasterz Ko\u015bcio\u0142a, <b>codziennie g\u0142osi\u0142 <\/b><b>s<\/b><b>\u0142owo Bo\u017ce. <\/b>Usun\u0105\u0142 z kurii papieskiej niegodnych urz\u0119dnik\u00f3w, a z diecezji i parafii \u2013 niegodnych biskup\u00f3w i proboszcz\u00f3w. <b>Otacza\u0142 opiek\u0105 ubogich. <\/b>Wielk\u0105 trosk\u0105 otoczy\u0142 rzymskie ko\u015bcio\u0142y i diecezje W\u0142och. Dla lepszej kontroli i orientacji wyznaczy\u0142 w\u015br\u00f3d biskup\u00f3w osobnego wizytatora. By\u0142 stanowczy wobec nadu\u017cy\u0107.<\/span><\/span><\/span><\/p>\n<p align=\"justify\"><span style=\"color: #000000;\"><span style=\"font-family: Book Antiqua, serif;\"><span style=\"font-size: large;\">Pozyska\u0142 dla Ko\u015bcio\u0142a kr\u00f3low\u0105 Longobard\u00f3w, <b>nie dopu\u015bci\u0142 do oddzielenia si\u0119 od Rzymu biskup\u00f3w z p\u00f3\u0142nocnej Afryki, <\/b>nawi\u0105za\u0142 tak\u017ce \u0142\u0105czno\u015b\u0107 dyplomatyczn\u0105 z w\u0142adcami Galii. Do Anglii wys\u0142a\u0142 benedyktyna, \u015awi\u0119tego Augustyna, wraz z czterdziestoma towarzyszami. Misja ta zako\u0144czy\u0142a si\u0119 sukcesem: <b>w sam\u0105 uroczysto\u015b\u0107 Zes\u0142ania Ducha \u015awi\u0119tego roku 597 tamtejszy kr\u00f3l przyj\u0105\u0142 Chrzest.<\/b><\/span><\/span><\/span><\/p>\n<p align=\"justify\"><span style=\"color: #000000;\"><span style=\"font-family: Book Antiqua, serif;\"><span style=\"font-size: large;\">O wiele gorzej uk\u0142ada\u0142y si\u0119 stosunki Rzymu z Konstantynopolem. Chocia\u017c Papie\u017c utrzymywa\u0142 z cesarstwem jak najlepsze relacje, <b>patriarchowie uwa\u017cali si\u0119 za r\u00f3wnorz\u0119dnych papie\u017com, <\/b>a nawet za wy\u017cszych od nich w\u0142a\u015bnie dlatego, \u017ce byli biskupami w stolicy cesarzy. W tym w\u0142a\u015bnie czasie patriarcha Konstantynopola <b>nada\u0142 sobie nawet tytu\u0142 \u201eekumenicznego\u201d, czyli powszechnego. <\/b>Przeciwko temu Grzegorz zaprotestowa\u0142 <b>i nigdy tego tytu\u0142u nie uzna\u0142, <\/b>uwa\u017caj\u0105c, \u017ce nale\u017cy si\u0119 on wy\u0142\u0105cznie biskupom rzymskim.<\/span><\/span><\/span><\/p>\n<p align=\"justify\"><span style=\"color: #000000;\"><span style=\"font-family: Book Antiqua, serif;\"><span style=\"font-size: large;\">Nie mniej owocn\u0105 dzia\u0142alno\u015b\u0107 rozwin\u0105\u0142 Papie\u017c Grzegorz <b>na polu administracji ko\u015bcielnej: <\/b>uzdrowi\u0142 finanse papieskie, zagospodarowa\u0142 maj\u0105tki, kt\u00f3re s\u0142u\u017cy\u0142y na utrzymanie dworu papieskiego. <b>W r\u00f3wnym stopniu zas\u0142u\u017cy\u0142 si\u0119 na polu liturgii, <\/b>wprowadzaj\u0105c istotne reformy, czego wyrazem \u2013 mi\u0119dzy innymi \u2013 jest pi\u0119kny i dostojny \u015bpiew gregoria\u0144ski. Nadto, <b>ujednolici\u0142 i upowszechni\u0142 obrz\u0105dek rzymski. <\/b>Dot\u0105d bowiem ka\u017cdy kraj, a nawet diecezja, mia\u0142y sw\u00f3j ryt, co wprowadza\u0142o wiele zamieszania.<\/span><\/span><\/span><\/p>\n<p align=\"justify\"><span style=\"color: #000000;\"><span style=\"font-family: Book Antiqua, serif;\"><span style=\"font-size: large;\"><b>Od pontyfikatu Grzegorza <\/b>pochodzi zwyczaj odprawiania<b> trzydziestu Mszy \u015awi\u0119tych za zmar\u0142ych, <\/b>zwanych<b> \u201egregoria\u0144skimi\u201d. <\/b>Kiedy bowiem Papie\u017c by\u0142 jeszcze opatem benedyktyn\u00f3w w Rzymie, zmar\u0142 pewien mnich, przy kt\u00f3rym znaleziono pieni\u0105dze. W owych czasach by\u0142o to uwa\u017cane za wielkie przest\u0119pstwo w zakonie. Grzegorz nakaza\u0142 dla przestrogi innych <b>pogrzeba\u0107 cia\u0142o owego zakonnika poza klasztorem, <\/b>w miejscu niepo\u015bwi\u0119conym. Pe\u0142en jednak troski o jego dusz\u0119, <b>nakaza\u0142 odprawi\u0107 trzydzie\u015bci Mszy \u015awi\u0119tych dzie\u0144 po dniu. <\/b>Kiedy zosta\u0142a odprawiona ostatnia z nich, zakonnik \u00f3w mia\u0142 si\u0119 pokaza\u0107 opatowi i podzi\u0119kowa\u0107 mu, o\u015bwiadczaj\u0105c, <b>\u017ce te Msze \u015awi\u0119te skr\u00f3ci\u0142y mu znacznie czas czy\u015b\u0107ca. <\/b>Odt\u0105d przyj\u0105\u0142 si\u0119 zwyczaj odprawiania w intencji zmar\u0142ych tak zwanych \u201egregorianek\u201d.<\/span><\/span><\/span><\/p>\n<p align=\"justify\"><span style=\"color: #000000;\"><span style=\"font-family: Book Antiqua, serif;\"><span style=\"font-size: large;\">Przy bardzo licznych i absorbuj\u0105cych zaj\u0119ciach publicznych, Grzegorz tak\u017ce pisa\u0142. Zostawi\u0142 po sobie bogat\u0105 spu\u015bcizn\u0119 literack\u0105, obejmuj\u0105c\u0105 \u2013 poza innymi dzie\u0142ami \u2013 osiemset pi\u0119\u0107dziesi\u0105t homilii i list\u00f3w. Po bardzo pracowitym \u017cyciu, <b>Papie\u017c Grzegorz zmar\u0142 12 marca 604 roku. <\/b>\u015aredniowiecze<b> <\/b>przyzna\u0142o mu<b> przydomek Wielki. <\/b>Nale\u017cy do czterech wielkich Doktor\u00f3w Ko\u015bcio\u0142a Zachodniego.<\/span><\/span><\/span><\/p>\n<p align=\"justify\"><span style=\"color: #000000;\"><span style=\"font-family: Book Antiqua, serif;\"><span style=\"font-size: large;\">A oto jak w jednej z homilii m\u00f3wi\u0142 o swojej w\u0142asnej papieskiej pos\u0142udze: \u201eJak\u017ce surowo brzmi\u0105 dla mnie s\u0142owa, kt\u00f3re wypowiadam. Takim m\u00f3wieniem siebie samego rani\u0119, albowiem <b>nie g\u0142osz\u0119, jak nale\u017cy, <\/b>ani te\u017c \u2013 cho\u0107 g\u0142osz\u0119, jak umiem \u2013 \u017cycie nie idzie za s\u0142owami. Nie przecz\u0119 \u2013 <b>winien jestem.<\/b> Widz\u0119 moj\u0105 ospa\u0142o\u015b\u0107 i niedbalstwo. Mo\u017ce przyznanie si\u0119 do winy wyjedna mi u mi\u0142osiernego S\u0119dziego przebaczenie.<\/span><\/span><\/span><\/p>\n<p align=\"justify\"><span style=\"color: #000000;\"><span style=\"font-family: Book Antiqua, serif;\"><span style=\"font-size: large;\">Niew\u0105tpliwie, kiedy by\u0142em w klasztorze,<b> umia\u0142em pow\u015bci\u0105gn\u0105\u0107 j\u0119zyk od niepotrzebnych s\u0142\u00f3w <\/b>i niemal bezustannie trwa\u0142em na modlitwie. Ale p\u00f3\u017aniej, odk\u0105d wzi\u0105\u0142em na siebie brzemi\u0119 troski pasterskiej, rozrywany r\u00f3\u017cnymi sprawami,<b> nie potrafi\u0119 skupi\u0107 si\u0119 nale\u017cycie. <\/b>Musz\u0119 oto zajmowa\u0107 si\u0119 sprawami Ko\u015bcio\u0142\u00f3w, to zn\u00f3w klasztor\u00f3w, <b>nierzadko obowi\u0105zany jestem ocenia\u0107 \u017cycie i czyny poszczeg\u00f3lnych os\u00f3b, <\/b>czasem podejmowa\u0107 si\u0119 zada\u0144 publicznych, kiedy indziej cierpie\u0107 z powodu krwawych najazd\u00f3w barbarzy\u0144c\u00f3w b\u0105d\u017a te\u017c <b>obawia\u0107 si\u0119 wilk\u00f3w zagra\u017caj\u0105cych powierzonej mi owczarni. <\/b>Trzeba mi te\u017c troszczy\u0107 si\u0119, aby nie zabrak\u0142o odpowiedniej pomocy tym, kt\u00f3rzy zwi\u0105zani s\u0105 regu\u0142\u0105 monastyczn\u0105, to znowu znosi\u0107 cierpliwie r\u00f3\u017cnych rabusi\u00f3w, czy wreszcie przeciwstawi\u0107 si\u0119 pami\u0119taj\u0105c przy tym, <b>by nie uchybi\u0107 mi\u0142o\u015bci.<\/b><\/span><\/span><\/span><\/p>\n<p align=\"justify\"><span style=\"color: #000000;\"><span style=\"font-family: Book Antiqua, serif;\"><span style=\"font-size: large;\">Kiedy wi\u0119c umys\u0142 rozrywany i rozpraszany jest tak licznymi i wa\u017cnymi sprawami, jak\u017ce potrafi wej\u015b\u0107 w siebie, aby ca\u0142kowicie skupi\u0107 si\u0119 na przepowiadaniu i nie zaniedbywa\u0107 pos\u0142ugi s\u0142owa? Poniewa\u017c na skutek sprawowania urz\u0119du zmuszony jestem spotyka\u0107 si\u0119 z lud\u017ami \u015bwiatowymi, <b>bywa, \u017ce rozlu\u017aniam niekiedy dyscyplin\u0119 j\u0119zyka.<\/b> <\/span><\/span><\/span><\/p>\n<p align=\"justify\"><span style=\"color: #000000;\"><span style=\"font-family: Book Antiqua, serif;\"><span style=\"font-size: large;\">Je\u015bli bowiem pilnie czuwam nad sob\u0105, stwierdzam,<b> \u017ce s\u0142abi unikaj\u0105 mnie \u2013 <\/b>a zatem nigdy nie poci\u0105gn\u0119 ich, dok\u0105d chcia\u0142bym. Zdarza si\u0119 wi\u0119c, \u017ce cz\u0119sto s\u0142ucham cierpliwie niepotrzebnych s\u0142\u00f3w. Poniewa\u017c za\u015b sam jestem niedoskona\u0142y, dlatego wci\u0105gany stopniowo w niepotrzebne rozmowy, <b>zaczynam prowadzi\u0107 je ch\u0119tnie,<\/b> mimo i\u017c pocz\u0105tkowo s\u0142ucha\u0142em z przykro\u015bci\u0105.<\/span><\/span><\/span><\/p>\n<p align=\"justify\"><span style=\"color: #000000;\"><span style=\"font-family: Book Antiqua, serif;\"><span style=\"font-size: large;\">Tak wi\u0119c w miejscu, gdzie<b> wzdryga\u0142em si\u0119 upa\u015b\u0107, trwam z przyjemno\u015bci\u0105! <\/b>A zatem, jaki\u017c ze mnie str\u00f3\u017c, skoro nie stoj\u0119 na szczycie obowi\u0105zku, ale le\u017c\u0119 w dolinie s\u0142abo\u015bci. Mocen jest jednak Stw\u00f3rca i Odkupiciel rodzaju ludzkiego udzieli\u0107 mnie niegodnemu zar\u00f3wno prawo\u015bci \u017cycia, jak skuteczno\u015bci s\u0142owa, <b>bo z mi\u0142o\u015bci ku Niemu ca\u0142kowicie po\u015bwi\u0119cam si\u0119 g\u0142oszeniu Jego S\u0142owa.\u201d <\/b>Tyle z homilii dzisiejszego Patrona.<\/span><\/span><\/span><\/p>\n<p align=\"justify\"><span style=\"color: #000000;\"><span style=\"font-family: Book Antiqua, serif;\"><span style=\"font-size: large;\">Wpatrzeni w t\u0119 jego postaw\u0119 oraz zas\u0142uchani w dzisiejsze Bo\u017ce s\u0142owo, zapytajmy samych siebie raz jeszcze \u2013 ja sam sobie to pytanie dzisiaj po raz kolejny z ca\u0142\u0105 moc\u0105 stawiam \u2013 <b>czy mam odwag\u0119 zarzuci\u0107 jeszcze raz sie\u0107 na po\u0142\u00f3w, i ci\u0105gle na nowo j\u0105 zarzuca\u0107 \u2013 pomimo wszystkich i wszystkiego;<\/b> pomimo braku widocznych efekt\u00f3w i ludzkiej wdzi\u0119czno\u015bci, czy jakiejkolwiek reakcji?<\/span><\/span><\/span><\/p>\n<p align=\"justify\"><span style=\"color: #000000;\"><span style=\"font-family: Book Antiqua, serif;\"><span style=\"font-size: large;\">Czy sta\u0107 mnie na to, by ci\u0105gle zarzuca\u0107 sieci na duchowy po\u0142\u00f3w \u2013 <b>tylko i wy\u0142\u0105cznie na s\u0142owo Jezusa?<\/b> Dlatego, \u017ce On uwa\u017ca, \u017ce to ma sens \u2013 bo to On sprawi, \u017ce ten po\u0142\u00f3w b\u0119dzie obfity?\u2026 <\/span><\/span><\/span><\/p>\n","protected":false},"excerpt":{"rendered":"<p>Szcz\u0119\u015b\u0107 Bo\u017ce! Drodzy moi, w dniu dzisiejszym imieniny prze\u017cywaj\u0105: \u25baBiskup Grzegorz Suchodolski \u2013 Biskup Pomocniczy Diecezji siedleckiej; \u25baKsi\u0105dz Grzegorz Stolarski \u2013 Wyk\u0142adowca na Uniwersytecie w Siedlcach, by\u0142y Rektor siedleckiego Seminarium; \u25baKsi\u0105dz Grzegorz Bindziuk, z kt\u00f3rym mia\u0142em przyjemno\u015b\u0107 wsp\u00f3\u0142pracowa\u0107 kiedy\u015b w Parafii w Tr\u0105bkach; \u25baKsi\u0105dz Grzegorz Bielak \u2013 Prefekt przy mojej Parafii rodzinnej. \u017bycz\u0119 drogim Solenizantom, [&hellip;]<\/p>\n","protected":false},"author":1,"featured_media":0,"comment_status":"open","ping_status":"open","sticky":false,"template":"","format":"standard","meta":{"jetpack_post_was_ever_published":false,"_jetpack_newsletter_access":"","_jetpack_dont_email_post_to_subs":false,"_jetpack_newsletter_tier_id":0,"_jetpack_memberships_contains_paywalled_content":false,"_jetpack_memberships_contains_paid_content":false,"footnotes":""},"categories":[1],"tags":[],"class_list":["post-25146","post","type-post","status-publish","format-standard","hentry","category-bez-kategorii"],"yoast_head":"<!-- This site is optimized with the Yoast SEO plugin v25.1 - https:\/\/yoast.com\/wordpress\/plugins\/seo\/ -->\n<title>Lecz na Twoje s\u0142owo... - Gaudium Et Spes<\/title>\n<meta name=\"robots\" content=\"index, follow, max-snippet:-1, max-image-preview:large, max-video-preview:-1\" \/>\n<link rel=\"canonical\" href=\"https:\/\/gaudiumetspes-blog.pl\/index.php\/2026\/09\/03\/lecz-na-twoje-slowo\/\" \/>\n<meta property=\"og:locale\" content=\"pl_PL\" \/>\n<meta property=\"og:type\" content=\"article\" \/>\n<meta property=\"og:title\" content=\"Lecz na Twoje s\u0142owo... - Gaudium Et Spes\" \/>\n<meta property=\"og:description\" content=\"Szcz\u0119\u015b\u0107 Bo\u017ce! Drodzy moi, w dniu dzisiejszym imieniny prze\u017cywaj\u0105: \u25baBiskup Grzegorz Suchodolski \u2013 Biskup Pomocniczy Diecezji siedleckiej; \u25baKsi\u0105dz Grzegorz Stolarski \u2013 Wyk\u0142adowca na Uniwersytecie w Siedlcach, by\u0142y Rektor siedleckiego Seminarium; \u25baKsi\u0105dz Grzegorz Bindziuk, z kt\u00f3rym mia\u0142em przyjemno\u015b\u0107 wsp\u00f3\u0142pracowa\u0107 kiedy\u015b w Parafii w Tr\u0105bkach; \u25baKsi\u0105dz Grzegorz Bielak \u2013 Prefekt przy mojej Parafii rodzinnej. \u017bycz\u0119 drogim Solenizantom, [&hellip;]\" \/>\n<meta property=\"og:url\" content=\"https:\/\/gaudiumetspes-blog.pl\/index.php\/2026\/09\/03\/lecz-na-twoje-slowo\/\" \/>\n<meta property=\"og:site_name\" content=\"Gaudium Et Spes\" \/>\n<meta property=\"article:published_time\" content=\"2026-09-03T08:09:24+00:00\" \/>\n<meta name=\"author\" content=\"Ks. Jacek\" \/>\n<meta name=\"twitter:card\" content=\"summary_large_image\" \/>\n<meta name=\"twitter:label1\" content=\"Napisane przez\" \/>\n\t<meta name=\"twitter:data1\" content=\"Ks. Jacek\" \/>\n\t<meta name=\"twitter:label2\" content=\"Szacowany czas czytania\" \/>\n\t<meta name=\"twitter:data2\" content=\"18 minut\" \/>\n<script type=\"application\/ld+json\" class=\"yoast-schema-graph\">{\"@context\":\"https:\/\/schema.org\",\"@graph\":[{\"@type\":\"WebPage\",\"@id\":\"https:\/\/gaudiumetspes-blog.pl\/index.php\/2026\/09\/03\/lecz-na-twoje-slowo\/\",\"url\":\"https:\/\/gaudiumetspes-blog.pl\/index.php\/2026\/09\/03\/lecz-na-twoje-slowo\/\",\"name\":\"Lecz na Twoje s\u0142owo... - Gaudium Et Spes\",\"isPartOf\":{\"@id\":\"https:\/\/gaudiumetspes-blog.pl\/#website\"},\"datePublished\":\"2026-09-03T08:09:24+00:00\",\"author\":{\"@id\":\"https:\/\/gaudiumetspes-blog.pl\/#\/schema\/person\/1661982992b752dea8dff0d4ed845a65\"},\"breadcrumb\":{\"@id\":\"https:\/\/gaudiumetspes-blog.pl\/index.php\/2026\/09\/03\/lecz-na-twoje-slowo\/#breadcrumb\"},\"inLanguage\":\"pl-PL\",\"potentialAction\":[{\"@type\":\"ReadAction\",\"target\":[\"https:\/\/gaudiumetspes-blog.pl\/index.php\/2026\/09\/03\/lecz-na-twoje-slowo\/\"]}]},{\"@type\":\"BreadcrumbList\",\"@id\":\"https:\/\/gaudiumetspes-blog.pl\/index.php\/2026\/09\/03\/lecz-na-twoje-slowo\/#breadcrumb\",\"itemListElement\":[{\"@type\":\"ListItem\",\"position\":1,\"name\":\"Strona g\u0142\u00f3wna\",\"item\":\"https:\/\/gaudiumetspes-blog.pl\/\"},{\"@type\":\"ListItem\",\"position\":2,\"name\":\"Lecz na Twoje s\u0142owo&#8230;\"}]},{\"@type\":\"WebSite\",\"@id\":\"https:\/\/gaudiumetspes-blog.pl\/#website\",\"url\":\"https:\/\/gaudiumetspes-blog.pl\/\",\"name\":\"Gaudium Et Spes\",\"description\":\"Blog Ks. Jacka Ja\u015bkowskiego\",\"potentialAction\":[{\"@type\":\"SearchAction\",\"target\":{\"@type\":\"EntryPoint\",\"urlTemplate\":\"https:\/\/gaudiumetspes-blog.pl\/?s={search_term_string}\"},\"query-input\":{\"@type\":\"PropertyValueSpecification\",\"valueRequired\":true,\"valueName\":\"search_term_string\"}}],\"inLanguage\":\"pl-PL\"},{\"@type\":\"Person\",\"@id\":\"https:\/\/gaudiumetspes-blog.pl\/#\/schema\/person\/1661982992b752dea8dff0d4ed845a65\",\"name\":\"Ks. Jacek\",\"image\":{\"@type\":\"ImageObject\",\"inLanguage\":\"pl-PL\",\"@id\":\"https:\/\/gaudiumetspes-blog.pl\/#\/schema\/person\/image\/\",\"url\":\"https:\/\/gaudiumetspes-blog.pl\/wp-content\/uploads\/2019\/07\/avatar-JJ-150x150.jpg\",\"contentUrl\":\"https:\/\/gaudiumetspes-blog.pl\/wp-content\/uploads\/2019\/07\/avatar-JJ-150x150.jpg\",\"caption\":\"Ks. Jacek\"},\"description\":\"Witam serdecznie! K\u0142ania si\u0119 Ks. Jacek Ja\u015bkowski. Nie jestem ani kim\u015b wa\u017cnym, ani kim\u015b znanym. Jestem ksi\u0119dzem, kt\u00f3ry po prostu chce rozmawia\u0107. Codzienna kap\u0142a\u0144ska pos\u0142uga pokazuje mi, \u017ce temat\u00f3w do rozm\u00f3w z ksi\u0119dzem jest coraz wi\u0119cej i dzisiaj \u017caden ksi\u0105dz nie mo\u017ce od nich ucieka\u0107, ale - wprost przeciwnie - podejmowa\u0107 nowe wyzwania. To przekonanie sk\u0142oni\u0142o mnie do pr\u00f3by otwarcia tego\u017c bloga, chocia\u017c okazji do rozm\u00f3w na co dzie\u0144 - w konfesjonale i poza nim - na szcz\u0119\u015bcie nie brakuje. My\u015bl\u0119 jednak, \u017ce ten blog b\u0119dzie jeszcze jednym sposobem i przestrzeni\u0105 nawi\u0105zania kontaktu z lud\u017ami dobrej woli, otwartymi na dialog.\",\"url\":\"https:\/\/gaudiumetspes-blog.pl\/index.php\/author\/ks-jacek\/\"}]}<\/script>\n<!-- \/ Yoast SEO plugin. -->","yoast_head_json":{"title":"Lecz na Twoje s\u0142owo... - Gaudium Et Spes","robots":{"index":"index","follow":"follow","max-snippet":"max-snippet:-1","max-image-preview":"max-image-preview:large","max-video-preview":"max-video-preview:-1"},"canonical":"https:\/\/gaudiumetspes-blog.pl\/index.php\/2026\/09\/03\/lecz-na-twoje-slowo\/","og_locale":"pl_PL","og_type":"article","og_title":"Lecz na Twoje s\u0142owo... - Gaudium Et Spes","og_description":"Szcz\u0119\u015b\u0107 Bo\u017ce! Drodzy moi, w dniu dzisiejszym imieniny prze\u017cywaj\u0105: \u25baBiskup Grzegorz Suchodolski \u2013 Biskup Pomocniczy Diecezji siedleckiej; \u25baKsi\u0105dz Grzegorz Stolarski \u2013 Wyk\u0142adowca na Uniwersytecie w Siedlcach, by\u0142y Rektor siedleckiego Seminarium; \u25baKsi\u0105dz Grzegorz Bindziuk, z kt\u00f3rym mia\u0142em przyjemno\u015b\u0107 wsp\u00f3\u0142pracowa\u0107 kiedy\u015b w Parafii w Tr\u0105bkach; \u25baKsi\u0105dz Grzegorz Bielak \u2013 Prefekt przy mojej Parafii rodzinnej. \u017bycz\u0119 drogim Solenizantom, [&hellip;]","og_url":"https:\/\/gaudiumetspes-blog.pl\/index.php\/2026\/09\/03\/lecz-na-twoje-slowo\/","og_site_name":"Gaudium Et Spes","article_published_time":"2026-09-03T08:09:24+00:00","author":"Ks. Jacek","twitter_card":"summary_large_image","twitter_misc":{"Napisane przez":"Ks. Jacek","Szacowany czas czytania":"18 minut"},"schema":{"@context":"https:\/\/schema.org","@graph":[{"@type":"WebPage","@id":"https:\/\/gaudiumetspes-blog.pl\/index.php\/2026\/09\/03\/lecz-na-twoje-slowo\/","url":"https:\/\/gaudiumetspes-blog.pl\/index.php\/2026\/09\/03\/lecz-na-twoje-slowo\/","name":"Lecz na Twoje s\u0142owo... - Gaudium Et Spes","isPartOf":{"@id":"https:\/\/gaudiumetspes-blog.pl\/#website"},"datePublished":"2026-09-03T08:09:24+00:00","author":{"@id":"https:\/\/gaudiumetspes-blog.pl\/#\/schema\/person\/1661982992b752dea8dff0d4ed845a65"},"breadcrumb":{"@id":"https:\/\/gaudiumetspes-blog.pl\/index.php\/2026\/09\/03\/lecz-na-twoje-slowo\/#breadcrumb"},"inLanguage":"pl-PL","potentialAction":[{"@type":"ReadAction","target":["https:\/\/gaudiumetspes-blog.pl\/index.php\/2026\/09\/03\/lecz-na-twoje-slowo\/"]}]},{"@type":"BreadcrumbList","@id":"https:\/\/gaudiumetspes-blog.pl\/index.php\/2026\/09\/03\/lecz-na-twoje-slowo\/#breadcrumb","itemListElement":[{"@type":"ListItem","position":1,"name":"Strona g\u0142\u00f3wna","item":"https:\/\/gaudiumetspes-blog.pl\/"},{"@type":"ListItem","position":2,"name":"Lecz na Twoje s\u0142owo&#8230;"}]},{"@type":"WebSite","@id":"https:\/\/gaudiumetspes-blog.pl\/#website","url":"https:\/\/gaudiumetspes-blog.pl\/","name":"Gaudium Et Spes","description":"Blog Ks. Jacka Ja\u015bkowskiego","potentialAction":[{"@type":"SearchAction","target":{"@type":"EntryPoint","urlTemplate":"https:\/\/gaudiumetspes-blog.pl\/?s={search_term_string}"},"query-input":{"@type":"PropertyValueSpecification","valueRequired":true,"valueName":"search_term_string"}}],"inLanguage":"pl-PL"},{"@type":"Person","@id":"https:\/\/gaudiumetspes-blog.pl\/#\/schema\/person\/1661982992b752dea8dff0d4ed845a65","name":"Ks. Jacek","image":{"@type":"ImageObject","inLanguage":"pl-PL","@id":"https:\/\/gaudiumetspes-blog.pl\/#\/schema\/person\/image\/","url":"https:\/\/gaudiumetspes-blog.pl\/wp-content\/uploads\/2019\/07\/avatar-JJ-150x150.jpg","contentUrl":"https:\/\/gaudiumetspes-blog.pl\/wp-content\/uploads\/2019\/07\/avatar-JJ-150x150.jpg","caption":"Ks. Jacek"},"description":"Witam serdecznie! K\u0142ania si\u0119 Ks. Jacek Ja\u015bkowski. Nie jestem ani kim\u015b wa\u017cnym, ani kim\u015b znanym. Jestem ksi\u0119dzem, kt\u00f3ry po prostu chce rozmawia\u0107. Codzienna kap\u0142a\u0144ska pos\u0142uga pokazuje mi, \u017ce temat\u00f3w do rozm\u00f3w z ksi\u0119dzem jest coraz wi\u0119cej i dzisiaj \u017caden ksi\u0105dz nie mo\u017ce od nich ucieka\u0107, ale - wprost przeciwnie - podejmowa\u0107 nowe wyzwania. To przekonanie sk\u0142oni\u0142o mnie do pr\u00f3by otwarcia tego\u017c bloga, chocia\u017c okazji do rozm\u00f3w na co dzie\u0144 - w konfesjonale i poza nim - na szcz\u0119\u015bcie nie brakuje. My\u015bl\u0119 jednak, \u017ce ten blog b\u0119dzie jeszcze jednym sposobem i przestrzeni\u0105 nawi\u0105zania kontaktu z lud\u017ami dobrej woli, otwartymi na dialog.","url":"https:\/\/gaudiumetspes-blog.pl\/index.php\/author\/ks-jacek\/"}]}},"jetpack_featured_media_url":"","jetpack_sharing_enabled":true,"_links":{"self":[{"href":"https:\/\/gaudiumetspes-blog.pl\/index.php\/wp-json\/wp\/v2\/posts\/25146","targetHints":{"allow":["GET"]}}],"collection":[{"href":"https:\/\/gaudiumetspes-blog.pl\/index.php\/wp-json\/wp\/v2\/posts"}],"about":[{"href":"https:\/\/gaudiumetspes-blog.pl\/index.php\/wp-json\/wp\/v2\/types\/post"}],"author":[{"embeddable":true,"href":"https:\/\/gaudiumetspes-blog.pl\/index.php\/wp-json\/wp\/v2\/users\/1"}],"replies":[{"embeddable":true,"href":"https:\/\/gaudiumetspes-blog.pl\/index.php\/wp-json\/wp\/v2\/comments?post=25146"}],"version-history":[{"count":1,"href":"https:\/\/gaudiumetspes-blog.pl\/index.php\/wp-json\/wp\/v2\/posts\/25146\/revisions"}],"predecessor-version":[{"id":25147,"href":"https:\/\/gaudiumetspes-blog.pl\/index.php\/wp-json\/wp\/v2\/posts\/25146\/revisions\/25147"}],"wp:attachment":[{"href":"https:\/\/gaudiumetspes-blog.pl\/index.php\/wp-json\/wp\/v2\/media?parent=25146"}],"wp:term":[{"taxonomy":"category","embeddable":true,"href":"https:\/\/gaudiumetspes-blog.pl\/index.php\/wp-json\/wp\/v2\/categories?post=25146"},{"taxonomy":"post_tag","embeddable":true,"href":"https:\/\/gaudiumetspes-blog.pl\/index.php\/wp-json\/wp\/v2\/tags?post=25146"}],"curies":[{"name":"wp","href":"https:\/\/api.w.org\/{rel}","templated":true}]}}