{"id":25148,"date":"2026-09-04T11:16:14","date_gmt":"2026-09-04T09:16:14","guid":{"rendered":"https:\/\/gaudiumetspes-blog.pl\/?p=25148"},"modified":"2026-09-04T11:16:14","modified_gmt":"2026-09-04T09:16:14","slug":"badzmy-wierni","status":"publish","type":"post","link":"https:\/\/gaudiumetspes-blog.pl\/index.php\/2026\/09\/04\/badzmy-wierni\/","title":{"rendered":"B\u0105d\u017amy wierni!"},"content":{"rendered":"<p align=\"justify\"><span style=\"color: #000000;\"><span style=\"font-family: Book Antiqua, serif;\"><span style=\"font-size: large;\">Szcz\u0119\u015b\u0107 Bo\u017ce! Drodzy moi, pozdrawiam Was z Lublina! Tutaj zostan\u0119 \u2013 do jutra. Popracuj\u0119, pomodl\u0119 si\u0119, a o 18:00 zamierzam koncelebrowa\u0107 Msz\u0119 \u015awi\u0119t\u0105 w Parafii \u015awi\u0119tego Jana Kantego. Je\u015bli kto\u015b chce si\u0119 ze mn\u0105 \u0142\u0105czy\u0107 duchowo, to zapraszam:<\/span><\/span><\/span><\/p>\n<p align=\"justify\"><span style=\"color: #000080;\"><span lang=\"zxx\"><u><a href=\"https:\/\/www.youtube.com\/c\/Parafia%C5%9BwJanaKantegowLublinie\/streams\"><span style=\"color: #000000;\"><span style=\"font-family: Book Antiqua, serif;\"><span style=\"font-size: large;\"><b>https:\/\/www.youtube.com\/c\/Parafia%C5%9BwJanaKantegowLublinie\/streams<\/b><\/span><\/span><\/span><\/a><\/u><\/span><\/span><b> <\/b><\/p>\n<p align=\"justify\"><span style=\"color: #000000;\"><span style=\"font-family: Book Antiqua, serif;\"><span style=\"font-size: large;\">B\u0119d\u0119 ju\u017c wcze\u015bniej, bo od 17:00 b\u0119d\u0119 pomaga\u0142 w Spowiedzi z racji pierwszego pi\u0105tku miesi\u0105ca. Bo dzisiaj go w\u0142a\u015bnie mamy \u2013 przypominam! <\/span><\/span><\/span><\/p>\n<p align=\"justify\"><span style=\"color: #000000;\"><span style=\"font-family: Book Antiqua, serif;\"><span style=\"font-size: medium;\"><span style=\"font-size: large;\">T<\/span><span style=\"font-size: large;\">er<\/span><span style=\"font-size: large;\">az <\/span><span style=\"font-size: large;\">za\u015b <\/span><span style=\"font-size: large;\">ju\u017c zapraszam do pochylenia si\u0119 nad Bo\u017cym s\u0142owem dzisiejszej liturgii. <\/span><span style=\"font-size: large;\">Oto s\u0142\u00f3wko Ksi\u0119dza Marka na dzi\u015b:<\/span><\/span><\/span><\/span><\/p>\n<p align=\"justify\"><span style=\"color: #000000;\"><span style=\"font-family: Book Antiqua, serif;\"><span style=\"font-size: medium;\"><a href=\"https:\/\/www.youtube.com\/c\/CatholicSurgut\"><span style=\"font-size: large;\"><span lang=\"zxx\"><u><b>https:\/\/www.youtube.com\/c\/CatholicSurgut<\/b><\/u><\/span><\/span><\/a><\/span><\/span><\/span><\/p>\n<p align=\"justify\"><span style=\"color: #000000;\"><span style=\"font-family: Book Antiqua, serif;\"><span style=\"font-size: large;\"><span lang=\"zxx\">Zatem,<\/span><span lang=\"zxx\"><b> co dzi\u015b m\u00f3wi do mnie Pan? Z jakim konkretnym przes\u0142aniem w\u0142a\u015bnie do mnie si\u0119 zwraca?<\/b><\/span><span lang=\"zxx\"> Duchu \u015awi\u0119ty, b\u0105d\u017a Przewodnikiem i Drogowskazem!<\/span><\/span><\/span><\/span><\/p>\n<p lang=\"zxx\" align=\"justify\"><span style=\"color: #000000;\"><span style=\"font-family: Book Antiqua, serif;\"><span style=\"font-size: large;\"><b>Niech Was b\u0142ogos\u0142awi B\u00f3g Wszechmog\u0105cy: Ojciec + i Syn, i Duch \u015awi\u0119ty. Amen<\/b><\/span><\/span><\/span><\/p>\n<p align=\"center\"><span style=\"color: #000000;\"><span style=\"font-family: Book Antiqua, serif;\"><span style=\"font-size: large;\">Gaudium et spes! Ks. Jacek<\/span><\/span><\/span><\/p>\n<p align=\"center\">\n<p align=\"center\">\n<p align=\"center\">\n<p align=\"center\">\n<p align=\"center\">\n<p align=\"justify\"><span style=\"color: #000000;\"><span style=\"font-family: Book Antiqua, serif;\"><span style=\"font-size: large;\"><b>Pi\u0105tek 22 Tygodnia zwyk\u0142ego, rok II,<\/b><\/span><\/span><\/span><\/p>\n<p align=\"justify\"><span style=\"color: #000000;\"><span style=\"font-family: Book Antiqua, serif;\"><span style=\"font-size: large;\"><b>4 wrze\u015bnia 2026.,\u00a0<\/b><\/span><\/span><\/span><\/p>\n<p align=\"justify\"><span style=\"color: #000000;\"><span style=\"font-family: Book Antiqua, serif;\"><span style=\"font-size: large;\"><b>do czyta\u0144: 1 Kor 4,1\u20135; \u0141k 5,33\u201339<\/b><\/span><\/span><\/span><\/p>\n<p align=\"justify\">\n<p align=\"justify\">\n<p align=\"justify\">\n<p align=\"justify\">\n<p align=\"justify\"><span style=\"color: #000000;\"><span style=\"font-family: Book Antiqua, serif;\"><span style=\"font-size: large;\"><b>CZYTANIE Z PIERWSZEGO LISTU \u015aWI\u0118TEGO PAW\u0141A APOSTO\u0141A DO KORYNTIAN:<\/b><\/span><\/span><\/span><\/p>\n<p align=\"justify\"><span style=\"color: #000000;\"><span style=\"font-family: Book Antiqua, serif;\"><span style=\"font-size: large;\"><b>Bracia: Niech uwa\u017caj\u0105 nas ludzie za s\u0142ugi Chrystusa i za szafarzy tajemnic Bo\u017cych. A od szafarzy ju\u017c tutaj si\u0119 \u017c\u0105da, aby ka\u017cdy z nich by\u0142 wierny.<\/b><\/span><\/span><\/span><\/p>\n<p align=\"justify\"><span style=\"color: #000000;\"><span style=\"font-family: Book Antiqua, serif;\"><span style=\"font-size: large;\"><b>Mnie za\u015b najmniej zale\u017cy na tym, czy b\u0119d\u0119 os\u0105dzony przez was czy przez jakikolwiek trybuna\u0142 ludzki. Co wi\u0119cej, nawet sam siebie nie s\u0105dz\u0119. Sumienie nie wyrzuca mi wprawdzie niczego, ale to mnie jeszcze nie usprawiedliwia. Pan jest moim s\u0119dzi\u0105. Przeto nie s\u0105d\u017acie przedwcze\u015bnie, dop\u00f3ki nie przyjdzie Pan, kt\u00f3ry rozja\u015bni to, co w ciemno\u015bciach ukryte, i ujawni zamiary serc. Wtedy ka\u017cdy otrzyma od Boga pochwa\u0142\u0119.<\/b><\/span><\/span><\/span><\/p>\n<p align=\"justify\">\n<p align=\"justify\">\n<p align=\"justify\">\n<p align=\"justify\">\n<p align=\"justify\">\n<p align=\"justify\"><span style=\"color: #000000;\"><span style=\"font-family: Book Antiqua, serif;\"><span style=\"font-size: large;\"><b>S\u0141OWA EWANGELII WED\u0141UG \u015aWI\u0118TEGO \u0141UKASZA:<\/b><\/span><\/span><\/span><\/p>\n<p align=\"justify\"><span style=\"color: #000000;\"><span style=\"font-family: Book Antiqua, serif;\"><span style=\"font-size: large;\"><b>Faryzeusze i uczeni w Pi\u015bmie rzekli do Jezusa: \u201eUczniowie Jana du\u017co poszcz\u0105 i mod\u0142y odprawiaj\u0105, tak samo uczniowie faryzeusz\u00f3w; Twoi za\u015b jedz\u0105 i pij\u0105\u201d.<\/b><\/span><\/span><\/span><\/p>\n<p align=\"justify\"><span style=\"color: #000000;\"><span style=\"font-family: Book Antiqua, serif;\"><span style=\"font-size: large;\"><b>Jezus rzek\u0142 do nich: \u201eCzy mo\u017cecie go\u015bci weselnych nak\u0142oni\u0107 do postu, dop\u00f3ki pan m\u0142ody jest z nimi? Lecz przyjdzie czas, kiedy zabior\u0105 im pana m\u0142odego, i wtedy, w owe dni, b\u0119d\u0105 po\u015bcili\u201d.<\/b><\/span><\/span><\/span><\/p>\n<p align=\"justify\"><span style=\"color: #000000;\"><span style=\"font-family: Book Antiqua, serif;\"><span style=\"font-size: large;\"><b>Opowiedzia\u0142 im te\u017c przypowie\u015b\u0107: \u201eNikt nie przyszywa do starego ubrania \u0142aty z tego, co oderwie od nowego; w przeciwnym razie i nowe podrze, i \u0142ata z nowego nie nada si\u0119 do starego.<\/b><\/span><\/span><\/span><\/p>\n<p align=\"justify\"><span style=\"color: #000000;\"><span style=\"font-family: Book Antiqua, serif;\"><span style=\"font-size: large;\"><b>Nikt te\u017c m\u0142odego wina nie wlewa do starych buk\u0142ak\u00f3w; w przeciwnym razie m\u0142ode wino rozerwie buk\u0142aki i samo wycieknie, i buk\u0142aki si\u0119 zepsuj\u0105. Lecz m\u0142ode wino nale\u017cy la\u0107 do nowych buk\u0142ak\u00f3w. Kto si\u0119 napi\u0142 starego wina, nie chce potem m\u0142odego, m\u00f3wi bowiem: \u00abStare jest lepsze\u00bb\u201d.<\/b><\/span><\/span><\/span><\/p>\n<p align=\"justify\">\n<p align=\"justify\">\n<p align=\"justify\">\n<p align=\"justify\">\n<p align=\"justify\">\n<p align=\"justify\"><span style=\"color: #000000;\"><span style=\"font-family: Book Antiqua, serif;\"><span style=\"font-size: large;\">Bardzo osobi\u015bcie \u2013 znowu \u2013 odbieram s\u0142owa Aposto\u0142a Paw\u0142a z dzisiejszego pierwszego czytania. Ju\u017c pierwsze zdanie bardzo porusza i daje do my\u015blenia: <i><b>Niech uwa\u017caj\u0105 nas ludzie za s\u0142ugi Chrystusa i za szafarzy tajemnic Bo\u017cych. A od szafarzy ju\u017c tutaj si\u0119 \u017c\u0105da, aby ka\u017cdy z nich by\u0142 wierny.<\/b><\/i><b> <\/b><\/span><\/span><\/span><\/p>\n<p align=\"justify\"><span style=\"color: #000000;\"><span style=\"font-family: Book Antiqua, serif;\"><span style=\"font-size: large;\">Bo u\u015bwiadamiaj\u0105 mi one, \u017ce <b>ludzie maj\u0105 prawo<\/b> uwa\u017ca\u0107 mnie, kap\u0142ana, \u00abza s\u0142ug\u0119 Chrystusa\u00bb i <i><b>szafarza tajemnic Bo\u017cych,<\/b><\/i> czyli Sakrament\u00f3w \u015awi\u0119tych i Bo\u017cego s\u0142owa. A moim zadaniem jest <b>bycie wiernym<\/b> w pe\u0142nieniu tej pos\u0142ugi. Tego ludzie maj\u0105 prawo ode mnie oczekiwa\u0107. To jest dla mnie <b>zobowi\u0105zanie<\/b> \u2013 ale jednocze\u015bnie\u2026<b> pocieszenie i ratunek.<\/b> Dlaczego w\u0142a\u015bnie tak? <\/span><\/span><\/span><\/p>\n<p align=\"justify\"><span style=\"color: #000000;\"><span style=\"font-family: Book Antiqua, serif;\"><span style=\"font-size: large;\">Bo jedynym, czego Pan ode mnie oczekuje, jest to w\u0142a\u015bnie, <b>bym by\u0142 wierny.<\/b> Czyli \u017cebym <b>solidnie robi\u0142 to, co do mnie nale\u017cy.<\/b> Natomiast nie oczekuje ode mnie <b>cud\u00f3w,<\/b> ani nawet <b>efekt\u00f3w mojej pracy. <\/b>To bardzo pociesza, podnosi na duchu \u2013 <b>i daje motywacj\u0119 <\/b>do tego, by stara\u0107 si\u0119 jeszcze bardziej. <\/span><\/span><\/span><\/p>\n<p align=\"justify\"><span style=\"color: #000000;\"><span style=\"font-family: Book Antiqua, serif;\"><span style=\"font-size: large;\">Owszem, <b>ludzie widz\u0105 to cz\u0119sto inaczej. <\/b>Oni chc\u0105 efekt\u00f3w, a niekiedy wr\u0119cz cud\u00f3w. Co wi\u0119cej, <b>ja sam widz\u0119 to cz\u0119sto inaczej<\/b> \u2013 i ja sam tak\u017ce <b>chcia\u0142bym zobaczy\u0107 efekty<\/b> mojej pracy, a i cudem bym nie pogardzi\u0142. Tymczasem jednak Pan m\u00f3wi jasno, \u017ce oczekuje <b>tylko \u2013 a mo\u017ce: a\u017c! \u2013 wierno\u015bci.<\/b> A na ewentualne \u2013 takie czy inne \u2013 zapatrywania lub komentarze ludzi, Pawe\u0142 dzisiaj odpowiada bardzo konkretnie i jednocze\u015bnie do\u015b\u0107 jednoznacznie: <i><b>Mnie za\u015b najmniej zale\u017cy na tym, czy b\u0119d\u0119 os\u0105dzony przez was czy przez jakikolwiek trybuna\u0142 ludzki. Co wi\u0119cej, nawet sam siebie nie s\u0105dz\u0119. Sumienie nie wyrzuca mi wprawdzie niczego, ale to mnie jeszcze nie usprawiedliwia. Pan jest moim s\u0119dzi\u0105.<\/b><\/i><b> <\/b>I daje bardzo dobr\u0105 rad\u0119: <i><b>Przeto nie s\u0105d\u017acie przedwcze\u015bnie, dop\u00f3ki nie przyjdzie Pan, kt\u00f3ry<\/b><\/i><b> <\/b><i><b>rozja\u015bni to, co w ciemno\u015bciach ukryte, i ujawni zamiary serc. Wtedy ka\u017cdy otrzyma od Boga pochwa\u0142\u0119<\/b><\/i><b>. <\/b>Jak to wszystko rozumie\u0107?<\/span><\/span><\/span><\/p>\n<p align=\"justify\"><span style=\"color: #000000;\"><span style=\"font-family: Book Antiqua, serif;\"><span style=\"font-size: large;\">To raczej jasne: <b>to Pan jest jedynym S\u0119dzi\u0105<\/b> i to na Jego ocenie naszej postawy powinno nam najbardziej zale\u017ce\u0107. \u017beby sumienie \u2013 zaznaczmy: dobrze uformowane! \u2013 <b>nie wyrzuca\u0142o nam niczego.<\/b> Ale Pawe\u0142 dzisiaj idzie niejako o krok dalej, bo stwierdza, i\u017c tak w\u0142a\u015bnie jest, \u017ce sumienie mu niczego nie wyrzuca, <b>a<\/b><b>le on zdaje si\u0119 na Bo\u017cy os\u0105d. <\/b>On akurat s\u0142owo \u201esumienie\u201d rozumia\u0142 w tamtym momencie bardziej <b>jako w\u0142asny os\u0105d w\u0142asnej postawy, <\/b>ale stopniowo przechodzi\u0142 do naszego obecnego rozumienia tego poj\u0119cia jako <b>g\u0142osu Boga w sercu cz\u0142owieka. <\/b>Czy \u2013 jak uczy Sob\u00f3r Watyka\u0144ski II \u2013 jako <b>wewn\u0119trznego sanktuarium, <\/b>w kt\u00f3rym cz\u0142owiek, w swoim sercu, spotyka si\u0119 z Bogiem. <\/span><\/span><\/span><\/p>\n<p align=\"justify\"><span style=\"color: #000000;\"><span style=\"font-family: Book Antiqua, serif;\"><span style=\"font-size: large;\">W\u0142a\u015bnie takiemu os\u0105dowi Boga Pawe\u0142 si\u0119 poddaje, dlatego naprawd\u0119 <b>nie zale\u017cy mu na tym, jak go os\u0105dz\u0105 ludzie,<\/b> ale i jak sam siebie os\u0105dzi \u2013 sam siebie, w swoim \u201eprywatnym\u201d sumieniu, czyli nie tym, rozumianym jako g\u0142os Bo\u017cy. Tymczasem, <b>to Pan go os\u0105dzi s\u0142usznie i sprawiedliwie<\/b> \u2013 i to na Jego os\u0105dzie Paw\u0142owi zale\u017cy. Na os\u0105dzie ludzkim \u2013 jak sam stwierdzi\u0142 \u2013 jak najmniej. I niech si\u0119, kto chce, obra\u017ca lub nie \u2013 Pawe\u0142 takie swoje stanowisko przedstawia bardzo jasno i zdecydowanie. <\/span><\/span><\/span><\/p>\n<p align=\"justify\"><span style=\"color: #000000;\"><span style=\"font-family: Book Antiqua, serif;\"><span style=\"font-size: large;\">A to ju\u017c jest cenne wskazanie dla mnie, jako dla ksi\u0119dza, ale i dla nas wszystkich, \u017ce naprawd\u0119 <b>nie musimy si\u0119 przejmowa\u0107 tym, co o nas powiedz\u0105 ludzie. <\/b>I te\u017c z wi\u0119kszym dystansem mo\u017cemy podej\u015b\u0107 do w\u0142asnych obaw, l\u0119k\u00f3w, ale i s\u0142abo\u015bci i nieporadno\u015bci\u2026<b> Je\u017celi b\u0119dziemy wierni <\/b>w naszej chrze\u015bcija\u0144skiej postawie i w czynieniu tego, co do nas nale\u017cy, to mo\u017cemy liczy\u0107 na <b>bardzo korzystny dla nas os\u0105d Bo\u017cy.<\/b> I naprawd\u0119 nie b\u0119dziemy si\u0119 musieli przejmowa\u0107 tym, co o nas pomy\u015bl\u0105 lub powiedz\u0105 inni. <b>Bo oni i tak pomy\u015bl\u0105 i powiedz\u0105 to, co b\u0119d\u0105 chcieli.<\/b> Bez wzgl\u0119du na to, jak si\u0119 b\u0119dziemy starali i zabiegali o ich pozytywn\u0105 opini\u0119. <\/span><\/span><\/span><\/p>\n<p align=\"justify\"><span style=\"color: #000000;\"><span style=\"font-family: Book Antiqua, serif;\"><span style=\"font-size: large;\">Mo\u017ce si\u0119 bowiem okaza\u0107, \u017ce my si\u0119 staramy, zale\u017cy nam, dajemy z siebie bardzo du\u017co \u2013 naprawd\u0119, bardzo szczerze \u2013<b> a i tak spotkamy si\u0119 z jakimi\u015b zarzutami, <\/b>albo pretensjami, albo mo\u017ce kolejnymi oczekiwaniami\u2026 Wed\u0142ug zasady, \u017ce <b>jeszcze si\u0119 taki nie narodzi\u0142, <\/b><b>kt\u00f3ry<\/b><b> by ka\u017cdemu dogodzi\u0142.<\/b> Na szcz\u0119\u015bcie, je\u017celi wszystko czynimy dla Pana i w \u0142\u0105czno\u015bci z Nim \u2013 <b>to ju\u017c <\/b><b>tym nie musimy <\/b><b>si\u0119<\/b> <b>martwi\u0107.<\/b> <\/span><\/span><\/span><\/p>\n<p align=\"justify\"><span style=\"color: #000000;\"><span style=\"font-family: Book Antiqua, serif;\"><span style=\"font-size: large;\">Oby\u015bmy tylko byli wierni i konsekwentni w odnawianiu naszego my\u015blenia i spojrzenia \u2013 w duchu tych oto s\u0142\u00f3w Jezusa z dzisiejszej Ewangelii: <i><b>Nikt nie przyszywa do starego ubrania \u0142aty z tego, co oderwie od nowego; w przeciwnym razie i nowe podrze, i \u0142ata z nowego nie nada si\u0119 do starego. <\/b><\/i><i><b>Nikt te\u017c m\u0142odego wina nie wlewa do starych buk\u0142ak\u00f3w; w przeciwnym razie m\u0142ode wino rozerwie buk\u0142aki i samo wycieknie, i buk\u0142aki si\u0119 zepsuj\u0105. Lecz m\u0142ode wino nale\u017cy la\u0107 do nowych buk\u0142ak\u00f3w.<\/b><\/i><b> <\/b><\/span><\/span><\/span><\/p>\n<p align=\"justify\"><span style=\"color: #000000;\"><span style=\"font-family: Book Antiqua, serif;\"><span style=\"font-size: large;\">I takiej w\u0142a\u015bnie nowo\u015bci oczekuje od nas Jezus. <b>Nowo\u015bci i wierno\u015bci.<\/b> Nowo\u015bci w wierno\u015bci \u2013 i wierno\u015bci w nowo\u015bci. Aby\u015bmy byli stali i konsekwentni w swojej postawie, kt\u00f3ra <b>oby zawsze podoba\u0142a si\u0119 Panu <\/b>\u2013 bardziej, ni\u017c ludziom. A Panu tak\u017ce \u2013 coraz bardziej i bardziej! Ludziom te\u017c mo\u017ce si\u0119 podoba\u0107 \u2013 czemu nie. Ale pod warunkiem, \u017ce<b> podoba si\u0119 tak\u017ce Panu. <\/b><\/span><\/span><\/span><\/p>\n<p align=\"justify\"><span style=\"color: #000000;\"><span style=\"font-family: Book Antiqua, serif;\"><span style=\"font-size: large;\">Bo je\u017celi b\u0119dzie si\u0119 podoba\u0142a ludziom, a Panu nie, to b\u0119dzie bardzo \u017ale. Ludziom bowiem zwykle przestaje si\u0119 podoba\u0107 to czy tamto, bo <b>ludzkie nastroje i upodobania s\u0105 bardzo zmienne.<\/b> Je\u017celi wi\u0119c tylko na ludzkiej opinii oprzemy nasze motywacji i dzia\u0142ania \u2013 szybko zostajemy z niczym!<\/span><\/span><\/span><\/p>\n<p align=\"justify\"><span style=\"color: #000000;\"><span style=\"font-family: Book Antiqua, serif;\"><span style=\"font-size: large;\">Je\u017celi natomiast nasza postawa<b> b\u0119dzie<\/b><b> podoba\u0142a Panu, a ludziom nie, to nic w tym z\u0142ego.<\/b> Mo\u017ce nawet dobrze, je\u015bli tak b\u0119dzie, bo to daje ludziom sygna\u0142 i zach\u0119t\u0119, \u017ceby si\u0119 bardziej starali podoba\u0107 w\u0142a\u015bnie Panu. Aby <b>dla Niego \u0142amali schematy swego ciasnego my\u015blenia i wychodzili ze stref swego komfortu. <\/b><b>A<\/b>by odwa\u017cyli si\u0119 my\u015ble\u0107 po nowemu \u2013 czyli po Jezusowemu\u2026 <\/span><\/span><\/span><\/p>\n<p align=\"justify\"><span style=\"color: #000000;\"><span style=\"font-family: Book Antiqua, serif;\"><span style=\"font-size: large;\">Aby\u015bmy my wszyscy si\u0119 na to coraz bardziej odwa\u017cali!<\/span><\/span><\/span><\/p>\n","protected":false},"excerpt":{"rendered":"<p>Szcz\u0119\u015b\u0107 Bo\u017ce! Drodzy moi, pozdrawiam Was z Lublina! Tutaj zostan\u0119 \u2013 do jutra. Popracuj\u0119, pomodl\u0119 si\u0119, a o 18:00 zamierzam koncelebrowa\u0107 Msz\u0119 \u015awi\u0119t\u0105 w Parafii \u015awi\u0119tego Jana Kantego. Je\u015bli kto\u015b chce si\u0119 ze mn\u0105 \u0142\u0105czy\u0107 duchowo, to zapraszam: https:\/\/www.youtube.com\/c\/Parafia%C5%9BwJanaKantegowLublinie\/streams B\u0119d\u0119 ju\u017c wcze\u015bniej, bo od 17:00 b\u0119d\u0119 pomaga\u0142 w Spowiedzi z racji pierwszego pi\u0105tku miesi\u0105ca. Bo [&hellip;]<\/p>\n","protected":false},"author":1,"featured_media":0,"comment_status":"open","ping_status":"open","sticky":false,"template":"","format":"standard","meta":{"jetpack_post_was_ever_published":false,"_jetpack_newsletter_access":"","_jetpack_dont_email_post_to_subs":false,"_jetpack_newsletter_tier_id":0,"_jetpack_memberships_contains_paywalled_content":false,"_jetpack_memberships_contains_paid_content":false,"footnotes":""},"categories":[1],"tags":[],"class_list":["post-25148","post","type-post","status-publish","format-standard","hentry","category-bez-kategorii"],"yoast_head":"<!-- This site is optimized with the Yoast SEO plugin v25.1 - https:\/\/yoast.com\/wordpress\/plugins\/seo\/ -->\n<title>B\u0105d\u017amy wierni! - Gaudium Et Spes<\/title>\n<meta name=\"robots\" content=\"index, follow, max-snippet:-1, max-image-preview:large, max-video-preview:-1\" \/>\n<link rel=\"canonical\" href=\"https:\/\/gaudiumetspes-blog.pl\/index.php\/2026\/09\/04\/badzmy-wierni\/\" \/>\n<meta property=\"og:locale\" content=\"pl_PL\" \/>\n<meta property=\"og:type\" content=\"article\" \/>\n<meta property=\"og:title\" content=\"B\u0105d\u017amy wierni! - Gaudium Et Spes\" \/>\n<meta property=\"og:description\" content=\"Szcz\u0119\u015b\u0107 Bo\u017ce! Drodzy moi, pozdrawiam Was z Lublina! Tutaj zostan\u0119 \u2013 do jutra. Popracuj\u0119, pomodl\u0119 si\u0119, a o 18:00 zamierzam koncelebrowa\u0107 Msz\u0119 \u015awi\u0119t\u0105 w Parafii \u015awi\u0119tego Jana Kantego. Je\u015bli kto\u015b chce si\u0119 ze mn\u0105 \u0142\u0105czy\u0107 duchowo, to zapraszam: https:\/\/www.youtube.com\/c\/Parafia%C5%9BwJanaKantegowLublinie\/streams B\u0119d\u0119 ju\u017c wcze\u015bniej, bo od 17:00 b\u0119d\u0119 pomaga\u0142 w Spowiedzi z racji pierwszego pi\u0105tku miesi\u0105ca. Bo [&hellip;]\" \/>\n<meta property=\"og:url\" content=\"https:\/\/gaudiumetspes-blog.pl\/index.php\/2026\/09\/04\/badzmy-wierni\/\" \/>\n<meta property=\"og:site_name\" content=\"Gaudium Et Spes\" \/>\n<meta property=\"article:published_time\" content=\"2026-09-04T09:16:14+00:00\" \/>\n<meta name=\"author\" content=\"Ks. Jacek\" \/>\n<meta name=\"twitter:card\" content=\"summary_large_image\" \/>\n<meta name=\"twitter:label1\" content=\"Napisane przez\" \/>\n\t<meta name=\"twitter:data1\" content=\"Ks. Jacek\" \/>\n\t<meta name=\"twitter:label2\" content=\"Szacowany czas czytania\" \/>\n\t<meta name=\"twitter:data2\" content=\"8 minut\" \/>\n<script type=\"application\/ld+json\" class=\"yoast-schema-graph\">{\"@context\":\"https:\/\/schema.org\",\"@graph\":[{\"@type\":\"WebPage\",\"@id\":\"https:\/\/gaudiumetspes-blog.pl\/index.php\/2026\/09\/04\/badzmy-wierni\/\",\"url\":\"https:\/\/gaudiumetspes-blog.pl\/index.php\/2026\/09\/04\/badzmy-wierni\/\",\"name\":\"B\u0105d\u017amy wierni! - Gaudium Et Spes\",\"isPartOf\":{\"@id\":\"https:\/\/gaudiumetspes-blog.pl\/#website\"},\"datePublished\":\"2026-09-04T09:16:14+00:00\",\"author\":{\"@id\":\"https:\/\/gaudiumetspes-blog.pl\/#\/schema\/person\/1661982992b752dea8dff0d4ed845a65\"},\"breadcrumb\":{\"@id\":\"https:\/\/gaudiumetspes-blog.pl\/index.php\/2026\/09\/04\/badzmy-wierni\/#breadcrumb\"},\"inLanguage\":\"pl-PL\",\"potentialAction\":[{\"@type\":\"ReadAction\",\"target\":[\"https:\/\/gaudiumetspes-blog.pl\/index.php\/2026\/09\/04\/badzmy-wierni\/\"]}]},{\"@type\":\"BreadcrumbList\",\"@id\":\"https:\/\/gaudiumetspes-blog.pl\/index.php\/2026\/09\/04\/badzmy-wierni\/#breadcrumb\",\"itemListElement\":[{\"@type\":\"ListItem\",\"position\":1,\"name\":\"Strona g\u0142\u00f3wna\",\"item\":\"https:\/\/gaudiumetspes-blog.pl\/\"},{\"@type\":\"ListItem\",\"position\":2,\"name\":\"B\u0105d\u017amy wierni!\"}]},{\"@type\":\"WebSite\",\"@id\":\"https:\/\/gaudiumetspes-blog.pl\/#website\",\"url\":\"https:\/\/gaudiumetspes-blog.pl\/\",\"name\":\"Gaudium Et Spes\",\"description\":\"Blog Ks. Jacka Ja\u015bkowskiego\",\"potentialAction\":[{\"@type\":\"SearchAction\",\"target\":{\"@type\":\"EntryPoint\",\"urlTemplate\":\"https:\/\/gaudiumetspes-blog.pl\/?s={search_term_string}\"},\"query-input\":{\"@type\":\"PropertyValueSpecification\",\"valueRequired\":true,\"valueName\":\"search_term_string\"}}],\"inLanguage\":\"pl-PL\"},{\"@type\":\"Person\",\"@id\":\"https:\/\/gaudiumetspes-blog.pl\/#\/schema\/person\/1661982992b752dea8dff0d4ed845a65\",\"name\":\"Ks. Jacek\",\"image\":{\"@type\":\"ImageObject\",\"inLanguage\":\"pl-PL\",\"@id\":\"https:\/\/gaudiumetspes-blog.pl\/#\/schema\/person\/image\/\",\"url\":\"https:\/\/gaudiumetspes-blog.pl\/wp-content\/uploads\/2019\/07\/avatar-JJ-150x150.jpg\",\"contentUrl\":\"https:\/\/gaudiumetspes-blog.pl\/wp-content\/uploads\/2019\/07\/avatar-JJ-150x150.jpg\",\"caption\":\"Ks. Jacek\"},\"description\":\"Witam serdecznie! K\u0142ania si\u0119 Ks. Jacek Ja\u015bkowski. Nie jestem ani kim\u015b wa\u017cnym, ani kim\u015b znanym. Jestem ksi\u0119dzem, kt\u00f3ry po prostu chce rozmawia\u0107. Codzienna kap\u0142a\u0144ska pos\u0142uga pokazuje mi, \u017ce temat\u00f3w do rozm\u00f3w z ksi\u0119dzem jest coraz wi\u0119cej i dzisiaj \u017caden ksi\u0105dz nie mo\u017ce od nich ucieka\u0107, ale - wprost przeciwnie - podejmowa\u0107 nowe wyzwania. To przekonanie sk\u0142oni\u0142o mnie do pr\u00f3by otwarcia tego\u017c bloga, chocia\u017c okazji do rozm\u00f3w na co dzie\u0144 - w konfesjonale i poza nim - na szcz\u0119\u015bcie nie brakuje. My\u015bl\u0119 jednak, \u017ce ten blog b\u0119dzie jeszcze jednym sposobem i przestrzeni\u0105 nawi\u0105zania kontaktu z lud\u017ami dobrej woli, otwartymi na dialog.\",\"url\":\"https:\/\/gaudiumetspes-blog.pl\/index.php\/author\/ks-jacek\/\"}]}<\/script>\n<!-- \/ Yoast SEO plugin. -->","yoast_head_json":{"title":"B\u0105d\u017amy wierni! - Gaudium Et Spes","robots":{"index":"index","follow":"follow","max-snippet":"max-snippet:-1","max-image-preview":"max-image-preview:large","max-video-preview":"max-video-preview:-1"},"canonical":"https:\/\/gaudiumetspes-blog.pl\/index.php\/2026\/09\/04\/badzmy-wierni\/","og_locale":"pl_PL","og_type":"article","og_title":"B\u0105d\u017amy wierni! - Gaudium Et Spes","og_description":"Szcz\u0119\u015b\u0107 Bo\u017ce! Drodzy moi, pozdrawiam Was z Lublina! Tutaj zostan\u0119 \u2013 do jutra. Popracuj\u0119, pomodl\u0119 si\u0119, a o 18:00 zamierzam koncelebrowa\u0107 Msz\u0119 \u015awi\u0119t\u0105 w Parafii \u015awi\u0119tego Jana Kantego. Je\u015bli kto\u015b chce si\u0119 ze mn\u0105 \u0142\u0105czy\u0107 duchowo, to zapraszam: https:\/\/www.youtube.com\/c\/Parafia%C5%9BwJanaKantegowLublinie\/streams B\u0119d\u0119 ju\u017c wcze\u015bniej, bo od 17:00 b\u0119d\u0119 pomaga\u0142 w Spowiedzi z racji pierwszego pi\u0105tku miesi\u0105ca. Bo [&hellip;]","og_url":"https:\/\/gaudiumetspes-blog.pl\/index.php\/2026\/09\/04\/badzmy-wierni\/","og_site_name":"Gaudium Et Spes","article_published_time":"2026-09-04T09:16:14+00:00","author":"Ks. Jacek","twitter_card":"summary_large_image","twitter_misc":{"Napisane przez":"Ks. Jacek","Szacowany czas czytania":"8 minut"},"schema":{"@context":"https:\/\/schema.org","@graph":[{"@type":"WebPage","@id":"https:\/\/gaudiumetspes-blog.pl\/index.php\/2026\/09\/04\/badzmy-wierni\/","url":"https:\/\/gaudiumetspes-blog.pl\/index.php\/2026\/09\/04\/badzmy-wierni\/","name":"B\u0105d\u017amy wierni! - Gaudium Et Spes","isPartOf":{"@id":"https:\/\/gaudiumetspes-blog.pl\/#website"},"datePublished":"2026-09-04T09:16:14+00:00","author":{"@id":"https:\/\/gaudiumetspes-blog.pl\/#\/schema\/person\/1661982992b752dea8dff0d4ed845a65"},"breadcrumb":{"@id":"https:\/\/gaudiumetspes-blog.pl\/index.php\/2026\/09\/04\/badzmy-wierni\/#breadcrumb"},"inLanguage":"pl-PL","potentialAction":[{"@type":"ReadAction","target":["https:\/\/gaudiumetspes-blog.pl\/index.php\/2026\/09\/04\/badzmy-wierni\/"]}]},{"@type":"BreadcrumbList","@id":"https:\/\/gaudiumetspes-blog.pl\/index.php\/2026\/09\/04\/badzmy-wierni\/#breadcrumb","itemListElement":[{"@type":"ListItem","position":1,"name":"Strona g\u0142\u00f3wna","item":"https:\/\/gaudiumetspes-blog.pl\/"},{"@type":"ListItem","position":2,"name":"B\u0105d\u017amy wierni!"}]},{"@type":"WebSite","@id":"https:\/\/gaudiumetspes-blog.pl\/#website","url":"https:\/\/gaudiumetspes-blog.pl\/","name":"Gaudium Et Spes","description":"Blog Ks. Jacka Ja\u015bkowskiego","potentialAction":[{"@type":"SearchAction","target":{"@type":"EntryPoint","urlTemplate":"https:\/\/gaudiumetspes-blog.pl\/?s={search_term_string}"},"query-input":{"@type":"PropertyValueSpecification","valueRequired":true,"valueName":"search_term_string"}}],"inLanguage":"pl-PL"},{"@type":"Person","@id":"https:\/\/gaudiumetspes-blog.pl\/#\/schema\/person\/1661982992b752dea8dff0d4ed845a65","name":"Ks. Jacek","image":{"@type":"ImageObject","inLanguage":"pl-PL","@id":"https:\/\/gaudiumetspes-blog.pl\/#\/schema\/person\/image\/","url":"https:\/\/gaudiumetspes-blog.pl\/wp-content\/uploads\/2019\/07\/avatar-JJ-150x150.jpg","contentUrl":"https:\/\/gaudiumetspes-blog.pl\/wp-content\/uploads\/2019\/07\/avatar-JJ-150x150.jpg","caption":"Ks. Jacek"},"description":"Witam serdecznie! K\u0142ania si\u0119 Ks. Jacek Ja\u015bkowski. Nie jestem ani kim\u015b wa\u017cnym, ani kim\u015b znanym. Jestem ksi\u0119dzem, kt\u00f3ry po prostu chce rozmawia\u0107. Codzienna kap\u0142a\u0144ska pos\u0142uga pokazuje mi, \u017ce temat\u00f3w do rozm\u00f3w z ksi\u0119dzem jest coraz wi\u0119cej i dzisiaj \u017caden ksi\u0105dz nie mo\u017ce od nich ucieka\u0107, ale - wprost przeciwnie - podejmowa\u0107 nowe wyzwania. To przekonanie sk\u0142oni\u0142o mnie do pr\u00f3by otwarcia tego\u017c bloga, chocia\u017c okazji do rozm\u00f3w na co dzie\u0144 - w konfesjonale i poza nim - na szcz\u0119\u015bcie nie brakuje. My\u015bl\u0119 jednak, \u017ce ten blog b\u0119dzie jeszcze jednym sposobem i przestrzeni\u0105 nawi\u0105zania kontaktu z lud\u017ami dobrej woli, otwartymi na dialog.","url":"https:\/\/gaudiumetspes-blog.pl\/index.php\/author\/ks-jacek\/"}]}},"jetpack_featured_media_url":"","jetpack_sharing_enabled":true,"_links":{"self":[{"href":"https:\/\/gaudiumetspes-blog.pl\/index.php\/wp-json\/wp\/v2\/posts\/25148","targetHints":{"allow":["GET"]}}],"collection":[{"href":"https:\/\/gaudiumetspes-blog.pl\/index.php\/wp-json\/wp\/v2\/posts"}],"about":[{"href":"https:\/\/gaudiumetspes-blog.pl\/index.php\/wp-json\/wp\/v2\/types\/post"}],"author":[{"embeddable":true,"href":"https:\/\/gaudiumetspes-blog.pl\/index.php\/wp-json\/wp\/v2\/users\/1"}],"replies":[{"embeddable":true,"href":"https:\/\/gaudiumetspes-blog.pl\/index.php\/wp-json\/wp\/v2\/comments?post=25148"}],"version-history":[{"count":1,"href":"https:\/\/gaudiumetspes-blog.pl\/index.php\/wp-json\/wp\/v2\/posts\/25148\/revisions"}],"predecessor-version":[{"id":25149,"href":"https:\/\/gaudiumetspes-blog.pl\/index.php\/wp-json\/wp\/v2\/posts\/25148\/revisions\/25149"}],"wp:attachment":[{"href":"https:\/\/gaudiumetspes-blog.pl\/index.php\/wp-json\/wp\/v2\/media?parent=25148"}],"wp:term":[{"taxonomy":"category","embeddable":true,"href":"https:\/\/gaudiumetspes-blog.pl\/index.php\/wp-json\/wp\/v2\/categories?post=25148"},{"taxonomy":"post_tag","embeddable":true,"href":"https:\/\/gaudiumetspes-blog.pl\/index.php\/wp-json\/wp\/v2\/tags?post=25148"}],"curies":[{"name":"wp","href":"https:\/\/api.w.org\/{rel}","templated":true}]}}