{"id":25150,"date":"2026-09-05T00:13:47","date_gmt":"2026-09-04T22:13:47","guid":{"rendered":"https:\/\/gaudiumetspes-blog.pl\/?p=25150"},"modified":"2026-09-04T23:15:09","modified_gmt":"2026-09-04T21:15:09","slug":"kariera-w-kosciele","status":"publish","type":"post","link":"https:\/\/gaudiumetspes-blog.pl\/index.php\/2026\/09\/05\/kariera-w-kosciele\/","title":{"rendered":"Kariera w Ko\u015bciele?&#8230;"},"content":{"rendered":"<p align=\"justify\"><span style=\"color: #000000;\"><span style=\"font-family: Book Antiqua, serif;\"><span style=\"font-size: large;\">Szcz\u0119\u015b\u0107 Bo\u017ce! Moi Drodzy, w dniu dzisiejszym <b>rocznic\u0119 zawarcia sakramentalnego Ma\u0142\u017ce\u0144stwa prze\u017cywaj\u0105 Agnieszka i Marek Szel\u0105gowie, bliscy mi Ludzie z Parafii w Celestynowie, w Diecezji warszawsko \u2013 praskiej.<\/b><\/span><\/span><\/span><\/p>\n<p align=\"justify\"><span style=\"color: #000000;\"><span style=\"font-family: Book Antiqua, serif;\"><span style=\"font-size: large;\"><b>Urodziny natomiast prze\u017cywa Filip Odziemczyk, Lektor w Parafii w Miastkowie Ko\u015bcielnym.<\/b><\/span><\/span><\/span><\/p>\n<p align=\"justify\"><span style=\"color: #000000;\"><span style=\"font-family: Book Antiqua, serif;\"><span style=\"font-size: large;\"><b>\u017bycz\u0119 \u015awi\u0119tuj\u0105cym, by trwali w jedno\u015bci z Jezusem! Zapewniam o modlitwie!<\/b><\/span><\/span><\/span><\/p>\n<p align=\"justify\"><span style=\"color: #000000;\"><span style=\"font-family: Book Antiqua, serif;\"><span style=\"font-size: large;\">Drodzy moi, pozdrawiam Was z Lublina, ale wybieram si\u0119 do Siedlec, gdzie dzisiaj po po\u0142udniu spodziewam si\u0119 wizyty<b> Szymona Sali, <\/b>Autora rozwa\u017ca\u0144 wtorkowych na naszym forum. Planujemy spokojn\u0105, szczer\u0105 i g\u0142\u0119bok\u0105 rozmow\u0119, po\u0142\u0105czon\u0105 ze wsp\u00f3ln\u0105 Msz\u0105 \u015awi\u0119t\u0105 i modlitw\u0105. <\/span><\/span><\/span><\/p>\n<p align=\"justify\"><span style=\"color: #000000;\"><span style=\"font-family: Book Antiqua, serif;\"><span style=\"font-size: large;\">Przypominam, \u017ce dzisiaj pierwsza sobota miesi\u0105ca.<\/span><\/span><\/span><\/p>\n<p align=\"justify\"><span style=\"color: #000000;\"><span style=\"font-family: Book Antiqua, serif;\"><span style=\"font-size: large;\">Tymczasem, zapraszam do pochylenia si\u0119 nad Bo\u017cym s\u0142owem dzisiejszej liturgii. Oto s\u0142\u00f3wko Ksi\u0119dza Marka na dzi\u015b:<\/span><\/span><\/span><\/p>\n<p align=\"justify\"><span style=\"color: #000000;\"><span style=\"font-family: Book Antiqua, serif;\"><span style=\"font-size: medium;\"><a href=\"https:\/\/www.youtube.com\/c\/CatholicSurgut\"><span style=\"font-size: large;\"><span lang=\"zxx\"><u><b>https:\/\/www.youtube.com\/c\/CatholicSurgut<\/b><\/u><\/span><\/span><\/a><\/span><\/span><\/span><\/p>\n<p align=\"justify\"><span style=\"color: #000000;\"><span style=\"font-family: Book Antiqua, serif;\"><span style=\"font-size: large;\">Zatem, <b>co <\/b><b>dzi\u015b <\/b><b>m\u00f3wi do mnie Pan? Z jakim przes\u0142aniem zwraca si\u0119 do mnie osobi\u015bcie?<\/b> Duchu \u015awi\u0119ty, tchnij!<\/span><\/span><\/span><\/p>\n<p align=\"justify\"><span style=\"color: #000000;\"><span style=\"font-family: Book Antiqua, serif;\"><span style=\"font-size: large;\"><b>Niech Was b\u0142ogos\u0142awi B\u00f3g Wszechmog\u0105cy: Ojciec + i Syn, i Duch \u015awi\u0119ty. Amen<\/b><\/span><\/span><\/span><\/p>\n<p align=\"center\"><span style=\"color: #000000;\"><span style=\"font-family: Book Antiqua, serif;\"><span style=\"font-size: large;\">Gaudium et spes! Ks. Jacek<\/span><\/span><\/span><\/p>\n<p align=\"center\">\n<p align=\"center\">\n<p align=\"center\">\n<p align=\"center\">\n<p align=\"center\">\n<p align=\"justify\"><span style=\"color: #000000;\"><span style=\"font-family: Book Antiqua, serif;\"><span style=\"font-size: large;\"><b>Sobota 22 Tygodnia zwyk\u0142ego, rok II,<\/b><\/span><\/span><\/span><\/p>\n<p align=\"justify\"><span style=\"color: #000000;\"><span style=\"font-family: Book Antiqua, serif;\"><span style=\"font-size: large;\"><b>5 wrze\u015bnia 2026.,\u00a0<\/b><\/span><\/span><\/span><\/p>\n<p align=\"justify\"><span style=\"color: #000000;\"><span style=\"font-family: Book Antiqua, serif;\"><span style=\"font-size: large;\"><b>do czyta\u0144: 1 Kor 4,6\u201315; \u0141k 6,1\u20135<\/b><\/span><\/span><\/span><\/p>\n<p align=\"justify\">\n<p align=\"justify\">\n<p align=\"justify\">\n<p align=\"justify\">\n<p align=\"justify\">\n<p align=\"justify\"><span style=\"color: #000000;\"><span style=\"font-family: Book Antiqua, serif;\"><span style=\"font-size: large;\"><b>CZYTANIE Z PIERWSZEGO LISTU \u015aWI\u0118TEGO PAW\u0141A APOSTO\u0141A DO KORYNTIAN:<\/b><\/span><\/span><\/span><\/p>\n<p align=\"justify\"><span style=\"color: #000000;\"><span style=\"font-family: Book Antiqua, serif;\"><span style=\"font-size: large;\"><b>Mia\u0142em na my\u015bli, bracia, mnie samego i Apollosa ze wzgl\u0119du na was, aby\u015bcie mogli zrozumie\u0107, \u017ce nie wolno wykracza\u0107 ponad to, co zosta\u0142o napisane, i niech nikt w swej pysze nie wynosi si\u0119 nad drugiego. Kt\u00f3\u017c b\u0119dzie ci\u0119 wyr\u00f3\u017cnia\u0142? C\u00f3\u017c masz, czego by\u015b nie otrzyma\u0142? A je\u015bli\u015b otrzyma\u0142, to czemu si\u0119 che\u0142pisz, tak jakby\u015b nie otrzyma\u0142. Tak wi\u0119c ju\u017c jeste\u015bcie nasyceni, ju\u017c op\u0142ywacie w bogactwa. Zacz\u0119li\u015bcie kr\u00f3lowa\u0107 bez nas! Ot\u00f3\u017c tak! Nawet trzeba, \u017ceby\u015bcie kr\u00f3lowali, by\u015bmy mogli wsp\u00f3\u0142kr\u00f3lowa\u0107 z wami.<\/b><\/span><\/span><\/span><\/p>\n<p align=\"justify\"><span style=\"color: #000000;\"><span style=\"font-family: Book Antiqua, serif;\"><span style=\"font-size: large;\"><b>Wydaje mi si\u0119 bowiem, \u017ce B\u00f3g nas, aposto\u0142\u00f3w, wyznaczy\u0142 jako ostatnich, jakby na \u015bmier\u0107 skazanych. Stali\u015bmy si\u0119 bowiem widowiskiem \u015bwiatu, anio\u0142om i ludziom; my g\u0142upi dla Chrystusa, wy m\u0105drzy w Chrystusie, my niemocni, wy mocni; wy doznajecie szacunku, a my wzgardy. A\u017c do tej chwili \u0142akniemy i cierpimy pragnienie, brak nam odzie\u017cy, jeste\u015bmy policzkowani i skazani na tu\u0142aczk\u0119, i utrudzeni prac\u0105 r\u0105k w\u0142asnych. B\u0142ogos\u0142awimy, gdy nam z\u0142orzecz\u0105, znosimy, gdy nas prze\u015bladuj\u0105; dobrym s\u0142owem odpowiadamy, gdy nas spotwarzaj\u0105. Stali\u015bmy si\u0119 jakby \u015bmieciem tego \u015bwiata i odraz\u0105 dla wszystkich a\u017c do tej chwili.<\/b><\/span><\/span><\/span><\/p>\n<p align=\"justify\"><span style=\"color: #000000;\"><span style=\"font-family: Book Antiqua, serif;\"><span style=\"font-size: large;\"><b>Nie pisz\u0119 tego, \u017ceby was zawstydzi\u0107, lecz aby was napomnie\u0107, jako moje najdro\u017csze dzieci. Cho\u0107by\u015bcie mieli bowiem dziesi\u0105tki tysi\u0119cy wychowawc\u00f3w w Chrystusie, nie macie wielu ojc\u00f3w; ja to w\u0142a\u015bnie przez Ewangeli\u0119 zrodzi\u0142em was w Chrystusie Jezusie.<\/b><\/span><\/span><\/span><\/p>\n<p align=\"justify\">\n<p align=\"justify\">\n<p align=\"justify\">\n<p align=\"justify\">\n<p align=\"justify\">\n<p align=\"justify\"><span style=\"color: #000000;\"><span style=\"font-family: Book Antiqua, serif;\"><span style=\"font-size: large;\"><b>S\u0141OWA EWANGELII WED\u0141UG \u015aWI\u0118TEGO \u0141UKASZA:<\/b><\/span><\/span><\/span><\/p>\n<p align=\"justify\"><span style=\"color: #000000;\"><span style=\"font-family: Book Antiqua, serif;\"><span style=\"font-size: large;\"><b>W pewien szabat Jezus przechodzi\u0142 w\u015br\u00f3d zb\u00f3\u017c, a uczniowie zrywali k\u0142osy i wykruszaj\u0105c je r\u0119kami, jedli.<\/b><\/span><\/span><\/span><\/p>\n<p align=\"justify\"><span style=\"color: #000000;\"><span style=\"font-family: Book Antiqua, serif;\"><span style=\"font-size: large;\"><b>Na to niekt\u00f3rzy z faryzeusz\u00f3w m\u00f3wili: \u201eCzemu czynicie to, czego nie wolno czyni\u0107 w szabat?\u201d.<\/b><\/span><\/span><\/span><\/p>\n<p align=\"justify\"><span style=\"color: #000000;\"><span style=\"font-family: Book Antiqua, serif;\"><span style=\"font-size: large;\"><b>Wtedy Jezus rzek\u0142 im w odpowiedzi: \u201eNawet tego\u015bcie nie czytali, co uczyni\u0142 Dawid, gdy by\u0142 g\u0142odny on i jego ludzie? Jak wszed\u0142 do domu Bo\u017cego i wzi\u0105wszy chleby pok\u0142adne, sam jad\u0142 i da\u0142 swoim ludziom? Chocia\u017c samym tylko kap\u0142anom wolno je spo\u017cywa\u0107\u201d.<\/b><\/span><\/span><\/span><\/p>\n<p align=\"justify\"><span style=\"color: #000000;\"><span style=\"font-family: Book Antiqua, serif;\"><span style=\"font-size: large;\"><b>I doda\u0142: \u201eSyn Cz\u0142owieczy jest panem szabatu\u201d.<\/b><\/span><\/span><\/span><\/p>\n<p align=\"justify\">\n<p align=\"justify\">\n<p align=\"justify\">\n<p align=\"justify\">\n<p align=\"justify\">\n<p align=\"justify\"><span style=\"color: #000000;\"><span style=\"font-family: Book Antiqua, serif;\"><span style=\"font-size: large;\">Dobrze, \u017ce Pawe\u0142 sam wyja\u015bnia, dlaczego<b> tak twardo i mocno <\/b><b>opisuje<\/b> zaanga\u017cowanie swoje i swoich wsp\u00f3\u0142pracownik\u00f3w w dzie\u0142o misyjne Ko\u015bcio\u0142a. Bo bez ogr\u00f3dek wylicza ca\u0142\u0105 list\u0119 przykro\u015bci, jaka ich przy tym spotyka: <i><b>Wydaje mi si\u0119 bowiem, \u017ce B\u00f3g nas, aposto\u0142\u00f3w, wyznaczy\u0142 jako ostatnich, jakby na \u015bmier\u0107 skazanych. Stali\u015bmy si\u0119 bowiem widowiskiem \u015bwiatu, anio\u0142om i ludziom; my g\u0142upi dla Chrystusa, wy m\u0105drzy w Chrystusie, my niemocni, wy mocni; wy doznajecie szacunku, a my wzgardy. A\u017c do tej chwili \u0142akniemy i cierpimy pragnienie, brak nam odzie\u017cy, jeste\u015bmy policzkowani i skazani na tu\u0142aczk\u0119, i utrudzeni prac\u0105 r\u0105k w\u0142asnych. B\u0142ogos\u0142awimy, gdy nam z\u0142orzecz\u0105, znosimy, gdy nas prze\u015bladuj\u0105; dobrym s\u0142owem odpowiadamy, gdy nas spotwarzaj\u0105. Stali\u015bmy si\u0119 jakby \u015bmieciem tego \u015bwiata i odraz\u0105 dla wszystkich a\u017c do tej chwili.<\/b><\/i><b> <\/b><\/span><\/span><\/span><\/p>\n<p align=\"justify\"><span style=\"color: #000000;\"><span style=\"font-family: Book Antiqua, serif;\"><span style=\"font-size: large;\">Mo\u017cna by wr\u0119cz zapyta\u0107: <b>Po co to wszystko?<\/b> Po co ta ca\u0142a wyliczanka? Pawe\u0142 tak odpowiada na te w\u0105tpliwo\u015bci: <i><b>Nie pisz\u0119 tego, \u017ceby was zawstydzi\u0107, lecz aby was napomnie\u0107, jako moje najdro\u017csze dzieci. <\/b><\/i><\/span><\/span><\/span><\/p>\n<p align=\"justify\"><span style=\"color: #000000;\"><span style=\"font-family: Book Antiqua, serif;\"><span style=\"font-size: large;\">Oj, chyba jednak <b>troch\u0119 zawstydzi\u0107 tak\u017ce\u2026<\/b> Bo wcze\u015bniej tak pisa\u0142 do swoich uczni\u00f3w w Koryncie: <i><b>aby\u015bcie mogli zrozumie\u0107, \u017ce nie wolno wykracza\u0107 ponad to, co zosta\u0142o napisane, i niech nikt<\/b><\/i><b> <\/b><i><b>w swej pysze nie wynosi si\u0119 nad drugiego. Kt\u00f3\u017c b\u0119dzie ci\u0119 wyr\u00f3\u017cnia\u0142? C\u00f3\u017c masz, czego by\u015b nie otrzyma\u0142? A je\u015bli\u015b otrzyma\u0142, to czemu si\u0119 che\u0142pisz, tak jakby\u015b nie otrzyma\u0142. Tak wi\u0119c ju\u017c jeste\u015bcie nasyceni, ju\u017c op\u0142ywacie w bogactwa. <\/b><\/i>Po czym \u2013 jak tu ju\u017c sobie cytowali\u015bmy \u2013 pisa\u0142: <i><b>my g\u0142upi dla Chrystusa, wy m\u0105drzy w Chrystusie, my niemocni, wy mocni; wy doznajecie szacunku, a my wzgardy.<\/b><\/i><b> <\/b>O co tu chodzi?<\/span><\/span><\/span><\/p>\n<p align=\"justify\"><span style=\"color: #000000;\"><span style=\"font-family: Book Antiqua, serif;\"><span style=\"font-size: large;\">Dok\u0142adnie o to, o czym dzisiaj Pawe\u0142 pisze i przed czym przestrzega: <b>przed<\/b><b> wynoszeniem si\u0119 nad innych,<\/b> przed popadaniem w pych\u0119, w zbyt wysokie mniemanie o sobie wielu z jego uczni\u00f3w. Okazuje si\u0119 bowiem \u2013 co mo\u017ce by\u0107 dla nas sporym zdziwieniem, je\u015bli pomy\u015ble\u0107, \u017ce ten pierwotny Ko\u015bci\u00f3\u0142 w powszechnym przekonaniu <b>by\u0142 niemal\u017ce idealny \u2013<\/b> \u017ce jednak pierwsi chrze\u015bcijanie <b>ulegali takim bardzo ludzkim pokusom pychy,<\/b> wy\u017cszo\u015bci nad innymi, mo\u017ce faktycznie s\u0142abiej wierz\u0105cymi; albo tymi, kt\u00f3rych <b>nie da\u0142o si\u0119 jeszcze przekona\u0107 do Chrystusa <\/b>\u2013 w tym: wielu cz\u0142onk\u00f3w narodu wybranego. W\u0142a\u015bnie wobec nich wszystkich cz\u0142onkowie pierwszej Wsp\u00f3lnoty Ko\u015bcio\u0142a niekiedy pokazywali<b> <\/b><b>swoj\u0105 wy\u017cszo\u015b\u0107<\/b> i przekonanie, \u017ce s\u0105 od nich <b>lepsi, <\/b><b>mo\u017ce \u015bwi\u0119tsi\u2026<\/b><b> <\/b><\/span><\/span><\/span><\/p>\n<p align=\"justify\"><span style=\"color: #000000;\"><span style=\"font-family: Book Antiqua, serif;\"><span style=\"font-size: large;\">Dlatego Pawe\u0142 dzisiaj \u2013 nie bez nuty pewnej ironii \u2013 pisze, \u017ce przecie\u017c jego uczniowie s\u0105<b> wr\u0119cz m\u0105drzejsi i bogatsi od swoich nauczycieli.<\/b> Zapewne, zdziwili si\u0119 wierni Gminy chrze\u015bcija\u0144skiej korynckiej, gdy to us\u0142yszeli. Ale je\u015bli us\u0142yszeli te s\u0142owa, to tak\u017ce te, w kt\u00f3rych Aposto\u0142<b> przestrzega <\/b><b>jednak <\/b><b>przed che\u0142pliwo\u015bci\u0105 i wysokim mniemaniem o sobie \u2013 <\/b>zwykle kosztem innych. A nawet samych Aposto\u0142\u00f3w. <\/span><\/span><\/span><\/p>\n<p align=\"justify\"><span style=\"color: #000000;\"><span style=\"font-family: Book Antiqua, serif;\"><span style=\"font-size: large;\">Wszyscy bowiem w Ko\u015bciele \u2013 w tym tak\u017ce Aposto\u0142owie i ich wsp\u00f3\u0142pracownicy \u2013<b> s\u0105 na s\u0142u\u017cbie Bo\u017cej. <\/b>Dlatego wszyscy \u2013 bez wyj\u0105tku \u2013 maj\u0105 codziennie bra\u0107 sobie do serca te s\u0142owa Aposto\u0142a: <i><b>N<\/b><\/i><i><b>ie wolno wykracza\u0107 ponad to, co zosta\u0142o napisane, i niech nikt w swej pysze nie wynosi si\u0119 nad drugiego. <\/b><\/i>Wszyscy maj\u0105 wpatrywa\u0107 si\u0119 w Jezusa \u2013 tego, kt\u00f3ry nie szuka\u0142 splendoru dla siebie, <b>ale si\u0119 w\u0142a\u015bnie uni\u017cy\u0142<\/b> i odda\u0142 swe \u017cycie na Ofiar\u0119 zbawcz\u0105 za zbawienie cz\u0142owieka. <\/span><\/span><\/span><\/p>\n<p align=\"justify\"><span style=\"color: #000000;\"><span style=\"font-family: Book Antiqua, serif;\"><span style=\"font-size: large;\">I to w\u0142a\u015bnie ten Jezus Chrystus jest \u2013 jak s\u0142yszymy w Ewangelii \u2013 <i><b>Panem szabatu. <\/b><\/i>I Panem wszystkich los\u00f3w cz\u0142owieka i ca\u0142ej historii; <b>Przewodnikiem <\/b><b>cz\u0142owieka <\/b>na jego drodze do zbawienia. <b>On \u2013 Jezus Chrystus!<\/b> Dlatego dzisiaj s\u0142yszymy, \u017ce <b>w wolny <\/b><b>i autorytatywny <\/b><b>spos\u00f3b interpretuje On przepisy starotestamentalnego Prawa <\/b>\u2013 bo w\u0142a\u015bnie On, jako jedyny, ma do tego prawo. Bo to On \u2013 jako Bo\u017cy Syn, wesp\u00f3\u0142 ze swoim Ojcem \u2013 <b>to Prawo ustanawia\u0142. <\/b><\/span><\/span><\/span><\/p>\n<p align=\"justify\"><span style=\"color: #000000;\"><span style=\"font-family: Book Antiqua, serif;\"><span style=\"font-size: large;\">Dlatego i my we\u017amy sobie do serca przes\u0142anie dzisiejszej liturgii i wyzb\u0105d\u017amy si\u0119 wszelkiej ch\u0119ci <b>panowania nad innymi czy robienia kariery w Ko\u015bciele.<\/b> Bez wzgl\u0119du na to, czy pe\u0142nimy w nim <b>jak\u0105\u015b pos\u0142ug\u0119 <\/b>\u2013 by\u0107 mo\u017ce, zwi\u0105zan\u0105 <b>z realn\u0105 duchow\u0105 w\u0142adz\u0105,<\/b> jak w\u0142adza papie\u017ca czy biskupa, kt\u00f3ra w rzeczywisto\u015bci jest s\u0142u\u017cb\u0105 \u2013 czy te\u017c nale\u017cymy do jakiej\u015b <b>wsp\u00f3lnoty modlitewnej czy charyzmatycznej;<\/b> bez wzgl\u0119du na poziom osobistej wiary i do\u015bwiadczenia w jej praktykowaniu; bez wzgl\u0119du na cokolwiek lub kogokolwiek \u2013 <b>w Ko\u015bciele mamy jednego Pana,<\/b> jednego Przewodnika, jednego Pasterza, jednego Zbawiciela. <b>Jest Nim Jezus Chrystus! <\/b>A my wszyscy jeste\u015bmy na Jego s\u0142u\u017cbie! <\/span><\/span><\/span><\/p>\n<p align=\"justify\"><span style=\"color: #000000;\"><span style=\"font-family: Book Antiqua, serif;\"><span style=\"font-size: large;\">Dlatego nikt z nas nie ma najmniejszego upowa\u017cnienia do tego, by uwa\u017ca\u0107 si\u0119 <b>za wa\u017cniejszego od innych, wy\u017cej postawionego<\/b> czy pod jakim\u015b wzgl\u0119dem godniejszego. Ko\u015bci\u00f3\u0142 \u2013 \u017ceby to jeszcze raz powt\u00f3rzy\u0107 z wielka moc\u0105 \u2013 to naprawd\u0119 <b>ostatnie miejsce<\/b> do robienia jakiejkolwiek, po ludzku rozumianej kariery\u2026 <\/span><\/span><\/span><\/p>\n","protected":false},"excerpt":{"rendered":"<p>Szcz\u0119\u015b\u0107 Bo\u017ce! Moi Drodzy, w dniu dzisiejszym rocznic\u0119 zawarcia sakramentalnego Ma\u0142\u017ce\u0144stwa prze\u017cywaj\u0105 Agnieszka i Marek Szel\u0105gowie, bliscy mi Ludzie z Parafii w Celestynowie, w Diecezji warszawsko \u2013 praskiej. Urodziny natomiast prze\u017cywa Filip Odziemczyk, Lektor w Parafii w Miastkowie Ko\u015bcielnym. \u017bycz\u0119 \u015awi\u0119tuj\u0105cym, by trwali w jedno\u015bci z Jezusem! Zapewniam o modlitwie! Drodzy moi, pozdrawiam Was z [&hellip;]<\/p>\n","protected":false},"author":1,"featured_media":0,"comment_status":"open","ping_status":"open","sticky":false,"template":"","format":"standard","meta":{"jetpack_post_was_ever_published":false,"_jetpack_newsletter_access":"","_jetpack_dont_email_post_to_subs":false,"_jetpack_newsletter_tier_id":0,"_jetpack_memberships_contains_paywalled_content":false,"_jetpack_memberships_contains_paid_content":false,"footnotes":""},"categories":[1],"tags":[],"class_list":["post-25150","post","type-post","status-publish","format-standard","hentry","category-bez-kategorii"],"yoast_head":"<!-- This site is optimized with the Yoast SEO plugin v25.1 - https:\/\/yoast.com\/wordpress\/plugins\/seo\/ -->\n<title>Kariera w Ko\u015bciele?... - Gaudium Et Spes<\/title>\n<meta name=\"robots\" content=\"index, follow, max-snippet:-1, max-image-preview:large, max-video-preview:-1\" \/>\n<link rel=\"canonical\" href=\"https:\/\/gaudiumetspes-blog.pl\/index.php\/2026\/09\/05\/kariera-w-kosciele\/\" \/>\n<meta property=\"og:locale\" content=\"pl_PL\" \/>\n<meta property=\"og:type\" content=\"article\" \/>\n<meta property=\"og:title\" content=\"Kariera w Ko\u015bciele?... - Gaudium Et Spes\" \/>\n<meta property=\"og:description\" content=\"Szcz\u0119\u015b\u0107 Bo\u017ce! Moi Drodzy, w dniu dzisiejszym rocznic\u0119 zawarcia sakramentalnego Ma\u0142\u017ce\u0144stwa prze\u017cywaj\u0105 Agnieszka i Marek Szel\u0105gowie, bliscy mi Ludzie z Parafii w Celestynowie, w Diecezji warszawsko \u2013 praskiej. Urodziny natomiast prze\u017cywa Filip Odziemczyk, Lektor w Parafii w Miastkowie Ko\u015bcielnym. \u017bycz\u0119 \u015awi\u0119tuj\u0105cym, by trwali w jedno\u015bci z Jezusem! Zapewniam o modlitwie! Drodzy moi, pozdrawiam Was z [&hellip;]\" \/>\n<meta property=\"og:url\" content=\"https:\/\/gaudiumetspes-blog.pl\/index.php\/2026\/09\/05\/kariera-w-kosciele\/\" \/>\n<meta property=\"og:site_name\" content=\"Gaudium Et Spes\" \/>\n<meta property=\"article:published_time\" content=\"2026-09-04T22:13:47+00:00\" \/>\n<meta name=\"author\" content=\"Ks. Jacek\" \/>\n<meta name=\"twitter:card\" content=\"summary_large_image\" \/>\n<meta name=\"twitter:label1\" content=\"Napisane przez\" \/>\n\t<meta name=\"twitter:data1\" content=\"Ks. Jacek\" \/>\n\t<meta name=\"twitter:label2\" content=\"Szacowany czas czytania\" \/>\n\t<meta name=\"twitter:data2\" content=\"8 minut\" \/>\n<script type=\"application\/ld+json\" class=\"yoast-schema-graph\">{\"@context\":\"https:\/\/schema.org\",\"@graph\":[{\"@type\":\"WebPage\",\"@id\":\"https:\/\/gaudiumetspes-blog.pl\/index.php\/2026\/09\/05\/kariera-w-kosciele\/\",\"url\":\"https:\/\/gaudiumetspes-blog.pl\/index.php\/2026\/09\/05\/kariera-w-kosciele\/\",\"name\":\"Kariera w Ko\u015bciele?... - Gaudium Et Spes\",\"isPartOf\":{\"@id\":\"https:\/\/gaudiumetspes-blog.pl\/#website\"},\"datePublished\":\"2026-09-04T22:13:47+00:00\",\"author\":{\"@id\":\"https:\/\/gaudiumetspes-blog.pl\/#\/schema\/person\/1661982992b752dea8dff0d4ed845a65\"},\"breadcrumb\":{\"@id\":\"https:\/\/gaudiumetspes-blog.pl\/index.php\/2026\/09\/05\/kariera-w-kosciele\/#breadcrumb\"},\"inLanguage\":\"pl-PL\",\"potentialAction\":[{\"@type\":\"ReadAction\",\"target\":[\"https:\/\/gaudiumetspes-blog.pl\/index.php\/2026\/09\/05\/kariera-w-kosciele\/\"]}]},{\"@type\":\"BreadcrumbList\",\"@id\":\"https:\/\/gaudiumetspes-blog.pl\/index.php\/2026\/09\/05\/kariera-w-kosciele\/#breadcrumb\",\"itemListElement\":[{\"@type\":\"ListItem\",\"position\":1,\"name\":\"Strona g\u0142\u00f3wna\",\"item\":\"https:\/\/gaudiumetspes-blog.pl\/\"},{\"@type\":\"ListItem\",\"position\":2,\"name\":\"Kariera w&nbsp;Ko\u015bciele?&#8230;\"}]},{\"@type\":\"WebSite\",\"@id\":\"https:\/\/gaudiumetspes-blog.pl\/#website\",\"url\":\"https:\/\/gaudiumetspes-blog.pl\/\",\"name\":\"Gaudium Et Spes\",\"description\":\"Blog Ks. Jacka Ja\u015bkowskiego\",\"potentialAction\":[{\"@type\":\"SearchAction\",\"target\":{\"@type\":\"EntryPoint\",\"urlTemplate\":\"https:\/\/gaudiumetspes-blog.pl\/?s={search_term_string}\"},\"query-input\":{\"@type\":\"PropertyValueSpecification\",\"valueRequired\":true,\"valueName\":\"search_term_string\"}}],\"inLanguage\":\"pl-PL\"},{\"@type\":\"Person\",\"@id\":\"https:\/\/gaudiumetspes-blog.pl\/#\/schema\/person\/1661982992b752dea8dff0d4ed845a65\",\"name\":\"Ks. Jacek\",\"image\":{\"@type\":\"ImageObject\",\"inLanguage\":\"pl-PL\",\"@id\":\"https:\/\/gaudiumetspes-blog.pl\/#\/schema\/person\/image\/\",\"url\":\"https:\/\/gaudiumetspes-blog.pl\/wp-content\/uploads\/2019\/07\/avatar-JJ-150x150.jpg\",\"contentUrl\":\"https:\/\/gaudiumetspes-blog.pl\/wp-content\/uploads\/2019\/07\/avatar-JJ-150x150.jpg\",\"caption\":\"Ks. Jacek\"},\"description\":\"Witam serdecznie! K\u0142ania si\u0119 Ks. Jacek Ja\u015bkowski. Nie jestem ani kim\u015b wa\u017cnym, ani kim\u015b znanym. Jestem ksi\u0119dzem, kt\u00f3ry po prostu chce rozmawia\u0107. Codzienna kap\u0142a\u0144ska pos\u0142uga pokazuje mi, \u017ce temat\u00f3w do rozm\u00f3w z ksi\u0119dzem jest coraz wi\u0119cej i dzisiaj \u017caden ksi\u0105dz nie mo\u017ce od nich ucieka\u0107, ale - wprost przeciwnie - podejmowa\u0107 nowe wyzwania. To przekonanie sk\u0142oni\u0142o mnie do pr\u00f3by otwarcia tego\u017c bloga, chocia\u017c okazji do rozm\u00f3w na co dzie\u0144 - w konfesjonale i poza nim - na szcz\u0119\u015bcie nie brakuje. My\u015bl\u0119 jednak, \u017ce ten blog b\u0119dzie jeszcze jednym sposobem i przestrzeni\u0105 nawi\u0105zania kontaktu z lud\u017ami dobrej woli, otwartymi na dialog.\",\"url\":\"https:\/\/gaudiumetspes-blog.pl\/index.php\/author\/ks-jacek\/\"}]}<\/script>\n<!-- \/ Yoast SEO plugin. -->","yoast_head_json":{"title":"Kariera w Ko\u015bciele?... - Gaudium Et Spes","robots":{"index":"index","follow":"follow","max-snippet":"max-snippet:-1","max-image-preview":"max-image-preview:large","max-video-preview":"max-video-preview:-1"},"canonical":"https:\/\/gaudiumetspes-blog.pl\/index.php\/2026\/09\/05\/kariera-w-kosciele\/","og_locale":"pl_PL","og_type":"article","og_title":"Kariera w Ko\u015bciele?... - Gaudium Et Spes","og_description":"Szcz\u0119\u015b\u0107 Bo\u017ce! Moi Drodzy, w dniu dzisiejszym rocznic\u0119 zawarcia sakramentalnego Ma\u0142\u017ce\u0144stwa prze\u017cywaj\u0105 Agnieszka i Marek Szel\u0105gowie, bliscy mi Ludzie z Parafii w Celestynowie, w Diecezji warszawsko \u2013 praskiej. Urodziny natomiast prze\u017cywa Filip Odziemczyk, Lektor w Parafii w Miastkowie Ko\u015bcielnym. \u017bycz\u0119 \u015awi\u0119tuj\u0105cym, by trwali w jedno\u015bci z Jezusem! Zapewniam o modlitwie! Drodzy moi, pozdrawiam Was z [&hellip;]","og_url":"https:\/\/gaudiumetspes-blog.pl\/index.php\/2026\/09\/05\/kariera-w-kosciele\/","og_site_name":"Gaudium Et Spes","article_published_time":"2026-09-04T22:13:47+00:00","author":"Ks. Jacek","twitter_card":"summary_large_image","twitter_misc":{"Napisane przez":"Ks. Jacek","Szacowany czas czytania":"8 minut"},"schema":{"@context":"https:\/\/schema.org","@graph":[{"@type":"WebPage","@id":"https:\/\/gaudiumetspes-blog.pl\/index.php\/2026\/09\/05\/kariera-w-kosciele\/","url":"https:\/\/gaudiumetspes-blog.pl\/index.php\/2026\/09\/05\/kariera-w-kosciele\/","name":"Kariera w Ko\u015bciele?... - Gaudium Et Spes","isPartOf":{"@id":"https:\/\/gaudiumetspes-blog.pl\/#website"},"datePublished":"2026-09-04T22:13:47+00:00","author":{"@id":"https:\/\/gaudiumetspes-blog.pl\/#\/schema\/person\/1661982992b752dea8dff0d4ed845a65"},"breadcrumb":{"@id":"https:\/\/gaudiumetspes-blog.pl\/index.php\/2026\/09\/05\/kariera-w-kosciele\/#breadcrumb"},"inLanguage":"pl-PL","potentialAction":[{"@type":"ReadAction","target":["https:\/\/gaudiumetspes-blog.pl\/index.php\/2026\/09\/05\/kariera-w-kosciele\/"]}]},{"@type":"BreadcrumbList","@id":"https:\/\/gaudiumetspes-blog.pl\/index.php\/2026\/09\/05\/kariera-w-kosciele\/#breadcrumb","itemListElement":[{"@type":"ListItem","position":1,"name":"Strona g\u0142\u00f3wna","item":"https:\/\/gaudiumetspes-blog.pl\/"},{"@type":"ListItem","position":2,"name":"Kariera w&nbsp;Ko\u015bciele?&#8230;"}]},{"@type":"WebSite","@id":"https:\/\/gaudiumetspes-blog.pl\/#website","url":"https:\/\/gaudiumetspes-blog.pl\/","name":"Gaudium Et Spes","description":"Blog Ks. Jacka Ja\u015bkowskiego","potentialAction":[{"@type":"SearchAction","target":{"@type":"EntryPoint","urlTemplate":"https:\/\/gaudiumetspes-blog.pl\/?s={search_term_string}"},"query-input":{"@type":"PropertyValueSpecification","valueRequired":true,"valueName":"search_term_string"}}],"inLanguage":"pl-PL"},{"@type":"Person","@id":"https:\/\/gaudiumetspes-blog.pl\/#\/schema\/person\/1661982992b752dea8dff0d4ed845a65","name":"Ks. Jacek","image":{"@type":"ImageObject","inLanguage":"pl-PL","@id":"https:\/\/gaudiumetspes-blog.pl\/#\/schema\/person\/image\/","url":"https:\/\/gaudiumetspes-blog.pl\/wp-content\/uploads\/2019\/07\/avatar-JJ-150x150.jpg","contentUrl":"https:\/\/gaudiumetspes-blog.pl\/wp-content\/uploads\/2019\/07\/avatar-JJ-150x150.jpg","caption":"Ks. Jacek"},"description":"Witam serdecznie! K\u0142ania si\u0119 Ks. Jacek Ja\u015bkowski. Nie jestem ani kim\u015b wa\u017cnym, ani kim\u015b znanym. Jestem ksi\u0119dzem, kt\u00f3ry po prostu chce rozmawia\u0107. Codzienna kap\u0142a\u0144ska pos\u0142uga pokazuje mi, \u017ce temat\u00f3w do rozm\u00f3w z ksi\u0119dzem jest coraz wi\u0119cej i dzisiaj \u017caden ksi\u0105dz nie mo\u017ce od nich ucieka\u0107, ale - wprost przeciwnie - podejmowa\u0107 nowe wyzwania. To przekonanie sk\u0142oni\u0142o mnie do pr\u00f3by otwarcia tego\u017c bloga, chocia\u017c okazji do rozm\u00f3w na co dzie\u0144 - w konfesjonale i poza nim - na szcz\u0119\u015bcie nie brakuje. My\u015bl\u0119 jednak, \u017ce ten blog b\u0119dzie jeszcze jednym sposobem i przestrzeni\u0105 nawi\u0105zania kontaktu z lud\u017ami dobrej woli, otwartymi na dialog.","url":"https:\/\/gaudiumetspes-blog.pl\/index.php\/author\/ks-jacek\/"}]}},"jetpack_featured_media_url":"","jetpack_sharing_enabled":true,"_links":{"self":[{"href":"https:\/\/gaudiumetspes-blog.pl\/index.php\/wp-json\/wp\/v2\/posts\/25150","targetHints":{"allow":["GET"]}}],"collection":[{"href":"https:\/\/gaudiumetspes-blog.pl\/index.php\/wp-json\/wp\/v2\/posts"}],"about":[{"href":"https:\/\/gaudiumetspes-blog.pl\/index.php\/wp-json\/wp\/v2\/types\/post"}],"author":[{"embeddable":true,"href":"https:\/\/gaudiumetspes-blog.pl\/index.php\/wp-json\/wp\/v2\/users\/1"}],"replies":[{"embeddable":true,"href":"https:\/\/gaudiumetspes-blog.pl\/index.php\/wp-json\/wp\/v2\/comments?post=25150"}],"version-history":[{"count":1,"href":"https:\/\/gaudiumetspes-blog.pl\/index.php\/wp-json\/wp\/v2\/posts\/25150\/revisions"}],"predecessor-version":[{"id":25151,"href":"https:\/\/gaudiumetspes-blog.pl\/index.php\/wp-json\/wp\/v2\/posts\/25150\/revisions\/25151"}],"wp:attachment":[{"href":"https:\/\/gaudiumetspes-blog.pl\/index.php\/wp-json\/wp\/v2\/media?parent=25150"}],"wp:term":[{"taxonomy":"category","embeddable":true,"href":"https:\/\/gaudiumetspes-blog.pl\/index.php\/wp-json\/wp\/v2\/categories?post=25150"},{"taxonomy":"post_tag","embeddable":true,"href":"https:\/\/gaudiumetspes-blog.pl\/index.php\/wp-json\/wp\/v2\/tags?post=25150"}],"curies":[{"name":"wp","href":"https:\/\/api.w.org\/{rel}","templated":true}]}}