{"id":25152,"date":"2026-09-06T06:49:25","date_gmt":"2026-09-06T04:49:25","guid":{"rendered":"https:\/\/gaudiumetspes-blog.pl\/?p=25152"},"modified":"2026-09-06T06:49:25","modified_gmt":"2026-09-06T04:49:25","slug":"zauwaz-czlowieka","status":"publish","type":"post","link":"https:\/\/gaudiumetspes-blog.pl\/index.php\/2026\/09\/06\/zauwaz-czlowieka\/","title":{"rendered":"Zauwa\u017c cz\u0142owieka!"},"content":{"rendered":"<p align=\"justify\"><span style=\"color: #000000;\"><span style=\"font-family: Book Antiqua, serif;\"><span style=\"font-size: large;\">Niech b\u0119dzie pochwalony Jezus Chrystus! Drodzy moi, w dniu dzisiejszym <b>i<\/b><b>mieniny prze\u017cywa<\/b><b>j\u0105:<\/b><\/span><\/span><\/span><\/p>\n<p align=\"justify\"><span style=\"color: #000000;\">\u25ba<span style=\"font-family: Book Antiqua, serif;\"><span style=\"font-size: large;\"><b>Beata Dzi\u0119cio\u0142, <\/b><b>za moich czas\u00f3w: <\/b><b>Dyrektor Szko\u0142y Podstawowej w T\u0142uszczu, <\/b><b>w Diecezji warszawsko \u2013 praskiej, w kt\u00f3rej to Szkole<\/b><b> pracowa\u0142em.;<\/b><\/span><\/span><\/span><\/p>\n<p align=\"justify\"><span style=\"color: #000000;\">\u25ba<span style=\"font-family: Book Antiqua, serif;\"><span style=\"font-size: large;\"><b>B<\/b><b>eata Korni\u0142owicz \u2013 Szefowa O\u015brodka w Mikasz\u00f3wce, gdzie zatrzymali\u015bmy si\u0119 niedawno na ostatni nocleg na sp\u0142ywie kajakowym;<\/b><\/span><\/span><\/span><\/p>\n<p align=\"justify\"><span style=\"color: #000000;\"><span style=\"font-family: Book Antiqua, serif;\"><span style=\"font-size: large;\"><b>Urodziny prze\u017cywa za\u015b Grzegorz B\u0142achnio, za moich czas\u00f3w: Lektor w Miastkowie i Wiceprezes tamtejszej S\u0142u\u017cby liturgicznej.<\/b><\/span><\/span><\/span><\/p>\n<p align=\"justify\"><span style=\"color: #000000;\"><span style=\"font-family: Book Antiqua, serif;\"><span style=\"font-size: large;\"><b>Wszystkim \u015bwi\u0119tuj\u0105cym \u017cycz\u0119, aby byli Zapewniam o modlitwie.<\/b><\/span><\/span><\/span><\/p>\n<p align=\"justify\"><span style=\"color: #000000;\"><span style=\"font-family: Book Antiqua, serif;\"><span style=\"font-size: large;\">Drodzy moi, pozdrawiam Was z Siedlec, sk\u0105d wyruszam do Konstantynowa, gdzie dzisiaj b\u0119d\u0119 pomaga\u0142 duszpastersko. Potem odwiedz\u0119 Dom rodzinny, a potem wracam do Siedlec, gdzie o 18:00 odprawi\u0119 kolejn\u0105 Msz\u0119 \u015awi\u0119t\u0105 gregoria\u0144sk\u0105 w Parafii \u015awi\u0119tej Teresy. <\/span><\/span><\/span><\/p>\n<p align=\"justify\"><span style=\"color: #000000;\"><span style=\"font-family: Book Antiqua, serif;\"><span style=\"font-size: large;\">Przypominam, \u017ce dzisiaj \u2013 pierwsza niedziela miesi\u0105ca. Podzi\u0119kujmy Panu naszemu za dzie\u0142o zbawienia!<\/span><\/span><\/span><\/p>\n<p align=\"justify\"><span style=\"color: #000000;\"><span style=\"font-family: Book Antiqua, serif;\"><span style=\"font-size: large;\">A teraz ju\u017c zapraszam do pochylenia si\u0119 nad Bo\u017cym s\u0142owem dzisiejszej liturgii. Oto s\u0142\u00f3wko Ksi\u0119dza Marka na dzi\u015b:<\/span><\/span><\/span><\/p>\n<p align=\"justify\"><span style=\"color: #000000;\"><span style=\"font-family: Book Antiqua, serif;\"><span style=\"font-size: medium;\"><a href=\"https:\/\/www.youtube.com\/c\/CatholicSurgut\"><span style=\"font-size: large;\"><span lang=\"zxx\"><u><b>https:\/\/www.youtube.com\/c\/CatholicSurgut<\/b><\/u><\/span><\/span><\/a><\/span><\/span><\/span><\/p>\n<p align=\"justify\"><span style=\"color: #000000;\"><span style=\"font-family: Book Antiqua, serif;\"><span style=\"font-size: large;\">Zatem, <b>co dzisiaj m\u00f3wi do mnie Pan? Z jakim konkretnym, osobistym przes\u0142aniem, zwraca si\u0119 w\u0142a\u015bnie do mnie?<\/b> Duchu \u015awi\u0119ty, b\u0105d\u017a \u015bwiat\u0142em i natchnieniem!<\/span><\/span><\/span><\/p>\n<p align=\"justify\"><span style=\"color: #000000;\"><span style=\"font-family: Book Antiqua, serif;\"><span style=\"font-size: large;\"><b>Niech Was b\u0142ogos\u0142awi B\u00f3g Wszechmog\u0105cy: Ojciec + i Syn, i Duch \u015awi\u0119ty. Amen<\/b><\/span><\/span><\/span><\/p>\n<p align=\"center\"><span style=\"color: #000000;\"><span style=\"font-family: Book Antiqua, serif;\"><span style=\"font-size: large;\">Gaudium et spes! Ks. Jacek<\/span><\/span><\/span><\/p>\n<p align=\"center\">\n<p align=\"center\">\n<p align=\"center\">\n<p align=\"center\">\n<p align=\"center\">\n<p align=\"justify\"><span style=\"color: #000000;\"><span style=\"font-family: Book Antiqua, serif;\"><span style=\"font-size: large;\"><b>23 Niedziela zwyk\u0142a, A,<\/b><\/span><\/span><\/span><\/p>\n<p align=\"justify\"><span style=\"color: #000000;\"><span style=\"font-family: Book Antiqua, serif;\"><span style=\"font-size: large;\"><b>6 wrze\u015bnia 2026.,\u00a0<\/b><\/span><\/span><\/span><\/p>\n<p align=\"justify\"><span style=\"color: #000000;\"><span style=\"font-family: Book Antiqua, serif;\"><span style=\"font-size: large;\"><b>do czyta\u0144: <\/b><b>Ez 33,7\u20139; Rz 13,8\u201310; Mt 18,15\u201320<\/b><\/span><\/span><\/span><\/p>\n<p align=\"justify\">\n<p align=\"justify\">\n<p align=\"justify\">\n<p align=\"justify\">\n<p align=\"justify\">\n<p align=\"justify\"><span style=\"color: #000000;\"><span style=\"font-family: Book Antiqua, serif;\"><span style=\"font-size: large;\"><b>CZYTANIE Z KSI\u0118GI PROROKA EZECHIELA: <\/b><\/span><\/span><\/span><\/p>\n<p align=\"justify\"><span style=\"color: #000000;\"><span style=\"font-family: Book Antiqua, serif;\"><span style=\"font-size: large;\"><b>To m\u00f3wi Pan: \u201eCiebie, o synu cz\u0142owieczy, wyznaczy\u0142em na str\u00f3\u017ca domu Izraela, aby\u015b s\u0142ysz\u0105c z mych ust napomnienia, przestrzega\u0142 ich w moim imieniu. Je\u015bli do wyst\u0119pnego powiem: \u201eWyst\u0119pny musi umrze\u0107\u201d, a ty nic nie m\u00f3wisz, by wyst\u0119pnego sprowadzi\u0107 z jego drogi, to on umrze z powodu swej przewiny, ale odpowiedzialno\u015bci\u0105 za jego \u015bmier\u0107 obarcz\u0119 ciebie. Je\u015bli jednak ostrzeg\u0142e\u015b wyst\u0119pnego, by odst\u0105pi\u0142 od swojej drogi i zawr\u00f3ci\u0142, on jednak nie odst\u0119puje od swojej drogi, to on umrze z w\u0142asnej winy, ty za\u015b ocali\u0142e\u015b swoj\u0105 dusz\u0119\u201d.<\/b><\/span><\/span><\/span><\/p>\n<p align=\"justify\">\n<p align=\"justify\">\n<p align=\"justify\">\n<p align=\"justify\">\n<p align=\"justify\">\n<p align=\"justify\"><span style=\"color: #000000;\"><span style=\"font-family: Book Antiqua, serif;\"><span style=\"font-size: large;\"><b>CZYTANIE Z LISTU \u015aWI\u0118TEGO PAW\u0141A APOSTO\u0141A DO RZYMIAN:<\/b><\/span><\/span><\/span><\/p>\n<p align=\"justify\"><span style=\"color: #000000;\"><span style=\"font-family: Book Antiqua, serif;\"><span style=\"font-size: large;\"><b>Bracia: Nikomu nie b\u0105d\u017acie nic d\u0142u\u017cni poza wzajemn\u0105 mi\u0142o\u015bci\u0105. Kto bowiem mi\u0142uje bli\u017aniego, wype\u0142ni\u0142 Prawo. Albowiem przykazania: \u201eNie cudzo\u0142\u00f3\u017c, nie zabijaj, nie kradnij, nie po\u017c\u0105daj\u201d i wszystkie inne streszczaj\u0105 si\u0119 w tym nakazie: \u201eMi\u0142uj bli\u017aniego swego jak siebie samego\u201d. Mi\u0142o\u015b\u0107 nie wyrz\u0105dza z\u0142a bli\u017aniemu. Przeto mi\u0142o\u015b\u0107 jest doskona\u0142ym wype\u0142nieniem Prawa.<\/b><\/span><\/span><\/span><\/p>\n<p align=\"justify\">\n<p align=\"justify\">\n<p align=\"justify\">\n<p align=\"justify\">\n<p align=\"justify\">\n<p align=\"justify\"><span style=\"color: #000000;\"><span style=\"font-family: Book Antiqua, serif;\"><span style=\"font-size: large;\"><b>S\u0141OWA EWANGELII WED\u0141UG \u015aWI\u0118TEGO MATEUSZA: <\/b><\/span><\/span><\/span><\/p>\n<p align=\"justify\"><span style=\"color: #000000;\"><span style=\"font-family: Book Antiqua, serif;\"><span style=\"font-size: large;\"><b>Jezus powiedzia\u0142 do swoich uczni\u00f3w: \u201eGdy tw\u00f3j brat zgrzeszy przeciw tobie, id\u017a i upomnij go w cztery oczy. Je\u015bli ci\u0119 us\u0142ucha, pozyskasz swego brata. Je\u015bli za\u015b nie us\u0142ucha, we\u017a ze sob\u0105 jeszcze jednego albo dw\u00f3ch, \u017ceby na s\u0142owie dw\u00f3ch albo trzech \u015bwiadk\u00f3w opiera\u0142a si\u0119 ca\u0142a sprawa. Je\u015bli i tych nie us\u0142ucha, donie\u015b Ko\u015bcio\u0142owi. A je\u015bli nawet Ko\u015bcio\u0142a nie us\u0142ucha, niech ci b\u0119dzie jak poganin i celnik. <\/b><\/span><\/span><\/span><\/p>\n<p align=\"justify\"><span style=\"color: #000000;\"><span style=\"font-family: Book Antiqua, serif;\"><span style=\"font-size: large;\"><b>Zaprawd\u0119 powiadam wam: Wszystko, co zwi\u0105\u017cecie na ziemi, b\u0119dzie zwi\u0105zane w niebie, a co rozwi\u0105\u017cecie na ziemi, b\u0119dzie rozwi\u0105zane w niebie. <\/b><\/span><\/span><\/span><\/p>\n<p align=\"justify\"><span style=\"color: #000000;\"><span style=\"font-family: Book Antiqua, serif;\"><span style=\"font-size: large;\"><b>Dalej zaprawd\u0119 powiadam wam: Je\u015bli dwaj z was na ziemi zgodnie o co\u015b prosi\u0107 b\u0119d\u0105, to wszystkiego u\u017cyczy im m\u00f3j Ojciec, kt\u00f3ry jest w niebie. Bo gdzie s\u0105 dwaj albo trzej zebrani w imi\u0119 moje, tam jestem po\u015br\u00f3d nich\u201d.<\/b><\/span><\/span><\/span><\/p>\n<p align=\"justify\">\n<p align=\"justify\">\n<p align=\"justify\">\n<p align=\"justify\">\n<p align=\"justify\">\n<p align=\"justify\"><span style=\"color: #000000;\"><span style=\"font-family: Book Antiqua, serif;\"><span style=\"font-size: large;\">Pouczenie, jakie Pan kieruje do Proroka, jest jasne i konkretne: ma on \u2013 w imieniu Boga w\u0142a\u015bnie \u2013 <b>upomina\u0107 ludzi i ostrzega\u0107<\/b> przed konsekwencjami ich grzech\u00f3w. S\u0142yszymy to wyra\u017anie: <i><b>Ciebie, o synu cz\u0142owieczy, wyznaczy\u0142em na str\u00f3\u017ca domu Izraela, aby\u015b s\u0142ysz\u0105c z mych ust napomnienia, przestrzega\u0142 ich w moim imieniu. <\/b><\/i><\/span><\/span><\/span><\/p>\n<p align=\"justify\"><span style=\"color: #000000;\"><span style=\"font-family: Book Antiqua, serif;\"><span style=\"font-size: large;\">Z tej pozycji \u2013 by si\u0119 tak wyrazi\u0107 \u2013 wychodzimy. B\u00f3g wyra\u017anie wskazuje zadanie Prorokowi. A na czym to zadanie ma polega\u0107? O tym ju\u017c traktuj\u0105 kolejne zdania:<i> <\/i><i><b>Je\u015bli do wyst\u0119pnego powiem: \u201eWyst\u0119pny musi umrze\u0107\u201d, a ty nic nie m\u00f3wisz, by wyst\u0119pnego sprowadzi\u0107 z jego drogi, to on umrze z powodu swej przewiny, ale odpowiedzialno\u015bci\u0105 za jego \u015bmier\u0107 obarcz\u0119 ciebie. Je\u015bli jednak ostrzeg\u0142e\u015b wyst\u0119pnego, by odst\u0105pi\u0142 od swojej drogi i zawr\u00f3ci\u0142, on jednak nie odst\u0119puje od swojej drogi, to on umrze z w\u0142asnej winy, ty za\u015b ocali\u0142e\u015b swoj\u0105 dusz\u0119\u201d. <\/b><\/i><\/span><\/span><\/span><\/p>\n<p align=\"justify\"><span style=\"color: #000000;\"><span style=\"font-family: Book Antiqua, serif;\"><span style=\"font-size: large;\">Trudno tu cokolwiek dopowiada\u0107: oto wyst\u0119pny czyni \u017ale, <b>zadaniem Proroka jest wi\u0119c go upomnie\u0107. <\/b>I mo\u017ce by\u0107 tak, \u017ce Prorok upomni \u2013 i wyst\u0119pny <b>zaprzestanie czyni\u0107 z\u0142a.<\/b> Taki stan rzeczy jest najbardziej po\u017c\u0105dany. Ale wiemy, \u017ce nie zawsze jest tak \u201es\u0142odko i mi\u0142o\u201d. Bo mo\u017ce by\u0107 tak, \u017ce Prorok upomni wyst\u0119pnego, a ten nie zareaguje<b> i nie zmieni swego post\u0119powania.<\/b> C\u00f3\u017c, jest wolny, wi\u0119c\u2026 wolno mu. Ale te\u017c \u2013 jako cz\u0142owiek wolny \u2013 <b>ponosi odpowiedzialno\u015b\u0107 za swoje czyny.<\/b> <\/span><\/span><\/span><\/p>\n<p align=\"justify\"><span style=\"color: #000000;\"><span style=\"font-family: Book Antiqua, serif;\"><span style=\"font-size: large;\">Zatem, poniesie te\u017c odpowiedzialno\u015b\u0107 za te w\u0142a\u015bnie grzechy, o kt\u00f3rych tu sobie m\u00f3wimy. Prorok jednak jest w tym wszystkim \u2013 by si\u0119 tak wyrazi\u0107 \u2013 <b>\u201ew porz\u0105dku\u201d przed Bogiem,<\/b> bo zrobi\u0142 to, co do niego nale\u017ca\u0142o, czyli upomnia\u0142. On nie ma wp\u0142ywu na to, co z tym zrobi ten drugi cz\u0142owiek: czy zareaguje, czy nie. Nie mo\u017cna go przecie\u017c do niczego zmusi\u0107. <b>Natomiast trzeba go ostrzec <\/b>\u2013 i to Prorok uczyni\u0142.<b> On jest w porz\u0105dku, <\/b>a winowajca ponosi kar\u0119 za swoje grzechy. <\/span><\/span><\/span><\/p>\n<p align=\"justify\"><span style=\"color: #000000;\"><span style=\"font-family: Book Antiqua, serif;\"><span style=\"font-size: large;\">Mo\u017ce by\u0107 jednak i taka sytuacja, \u017ce prorok \u2013 to ju\u017c raczej<b> jaki\u015b fa\u0142szywy, albo samozwa\u0144czy,<\/b> po prawdziwi nigdy by tak nie zrobili \u2013<b> widzi z\u0142o, a nie reaguje. <\/b>Bo chce mie\u0107 \u201e\u015bwi\u0119ty spok\u00f3j\u201d, bo nie chce si\u0119 nara\u017ca\u0107, bo \u201eco si\u0119 b\u0119dzie w czyje\u015b \u017cycie wtr\u0105ca\u0142\u201d, <b>bo \u201eco b\u0119dzie sobie \u017cycie komplikowa\u0142\u201d,<\/b> bo \u201eco go tam obchodz\u0105 sprawy innych \u2013 w ko\u0144cu, ka\u017cdy jest doros\u0142y i za swoje czyny odpowiada\u201d. <\/span><\/span><\/span><\/p>\n<p align=\"justify\"><span style=\"color: #000000;\"><span style=\"font-family: Book Antiqua, serif;\"><span style=\"font-size: large;\">I tak mo\u017cna jeszcze wiele tego typu \u201ewykr\u0119t\u00f3w\u201d tu przywo\u0142a\u0107, ale \u017caden z nich \u2013 ani nawet wszystkie razem wzi\u0119te \u2013 <b>nie zag\u0142usz\u0105 sumienia,<\/b> kt\u00f3re nakazuje zareagowa\u0107 na z\u0142o. W takiej sytuacji \u2013 tak\u017ce \u2013 to <b>sam winowajca odpowiada za z\u0142o,<\/b> kt\u00f3re pope\u0142ni\u0142, ale to z\u0142o ma podw\u00f3jn\u0105 moc ra\u017cenia, bo obci\u0105\u017ca tego, kto je pope\u0142nia, <b>ale i tego, kto przed nim nie ostrzeg\u0142.<\/b> <\/span><\/span><\/span><\/p>\n<p align=\"justify\"><span style=\"color: #000000;\"><span style=\"font-family: Book Antiqua, serif;\"><span style=\"font-size: large;\">I takie zasady, Drodzy moi, <b>obowi\u0105zuj\u0105 tak\u017ce w naszym, chrze\u015bcija\u0144skim rozumieniu<\/b> odpowiedzialno\u015bci za zbawienie drugiego cz\u0142owieka. Po prostu, przez Sakrament Chrztu \u015awi\u0119tego zostali\u015bmy w\u0142\u0105czeni <b>do pasterskiej misji Chrystusa,<\/b> a ta polega na podj\u0119ciu <b>osobistej odpowiedzialno\u015bci za zbawienie <\/b>w\u0142asne i zbawienie bli\u017aniego. <\/span><\/span><\/span><\/p>\n<p align=\"justify\"><span style=\"color: #000000;\"><span style=\"font-family: Book Antiqua, serif;\"><span style=\"font-size: large;\">Nie mo\u017ce si\u0119 przeto chrze\u015bcijanin, ucze\u0144 Jezusa Chrystusa, wymawia\u0107 w obliczu z\u0142a, pope\u0142nianego przez innych, stwierdzeniem:<b> \u201eTo nie moja sprawa! <\/b>A co mnie to obchodzi?\u201d I udawa\u0107, \u017ce niczego nie widzi, niczego nie s\u0142yszy, niczego nie rozumie. To jest zwyk\u0142a <b>ucieczka od odpowiedzialno\u015bci <\/b>\u2013 zreszt\u0105, ucieczka donik\u0105d. <\/span><\/span><\/span><\/p>\n<p align=\"justify\"><span style=\"color: #000000;\"><span style=\"font-family: Book Antiqua, serif;\"><span style=\"font-size: large;\">Musimy, Drodzy moi, mie\u0107 \u015bwiadomo\u015b\u0107 tej odpowiedzialno\u015bci, <b>z kt\u00f3rej b\u0119dziemy s\u0105dzeni przez Pana<\/b> na progu wieczno\u015bci. Dlatego warto w tej sprawie skorzysta\u0107 tak\u017ce z tego pouczenia, jakie w dzisiejszej Ewangelii daje Jezus, gdy najpierw jasno <b>wskazuje na obowi\u0105zek upomnienia,<\/b> a potem precyzyjnie okre\u015bla spos\u00f3b i kolejno\u015b\u0107, w jakiej ma si\u0119 ten proces dokonywa\u0107. M\u00f3wimy nawet o <b>ewangelicznej kolejno\u015bci, <\/b>albo <b>ewangelicznym porz\u0105dku upominania. <\/b><\/span><\/span><\/span><\/p>\n<p align=\"justify\"><span style=\"color: #000000;\"><span style=\"font-family: Book Antiqua, serif;\"><span style=\"font-size: large;\">Najpierw zatem \u2013 <b>w cztery oczy.<\/b> Drodzy moi, naprawd\u0119, warto o tym pami\u0119ta\u0107, aby nie zaczyna\u0107 od razu <b>od zrobienia wielkiej afery <\/b>i totalnego nag\u0142o\u015bnienia problemu, wzbudzenia sensacji i pot\u0119pienia samego grzesznika. Bo \u2013 pami\u0119tajmy! \u2013 <b>pot\u0119piamy grzech, a nie grzesznika.<\/b> Na nim powinno nam zale\u017ce\u0107 \u2013 na jego poprawie, nawr\u00f3ceniu. Dlatego najpierw <b>rozmawiamy z nim samym. <\/b><\/span><\/span><\/span><\/p>\n<p align=\"justify\"><span style=\"color: #000000;\"><span style=\"font-family: Book Antiqua, serif;\"><span style=\"font-size: large;\">Je\u015bli to nic nie da, to anga\u017cujemy w spraw\u0119 <b>jeszcze kilka os\u00f3b, <\/b>aby wraz z nimi jako\u015b zaradzi\u0107 temu impasowi <b>i spr\u00f3bowa\u0107 dotrze\u0107 do \u015bwiadomo\u015bci i przekonania<\/b> owego \u017ale post\u0119puj\u0105cego cz\u0142owieka. Kiedy i to nie pomo\u017ce \u2013 a z\u0142a tolerowa\u0107 nie wolno \u2013 to anga\u017cujemy czynniki oficjalne. Owszem, to mo\u017ce by\u0107 kto\u015b z pasterzy Ko\u015bcio\u0142a \u2013 od duszpasterzy parafialnych poczynaj\u0105c; mo\u017cna w rozwi\u0105zanie tego problemu zaanga\u017cowa\u0107 jak\u0105\u015b wsp\u00f3lnot\u0119, w kt\u00f3rej si\u0119 funkcjonuje w Ko\u015bciele. <\/span><\/span><\/span><\/p>\n<p align=\"justify\"><span style=\"color: #000000;\"><span style=\"font-family: Book Antiqua, serif;\"><span style=\"font-size: large;\">Ale te\u017c m\u00f3wimy tu <b>o z\u0142o\u017ceniu skargi do <\/b><b>czynnik\u00f3w oficjalnych <\/b><b>danej spo\u0142eczno\u015bci<\/b><b>, <\/b>a wi\u0119c do szefostwa firmy czy dyrektora szko\u0142y. Oczywi\u015bcie, mamy na my\u015bli sytuacj\u0119, w kt\u00f3rej postawa takiego winowajcy <b>mo\u017ce realnie zaszkodzi\u0107 lub nawet zagrozi\u0107<\/b> dobru danej spo\u0142eczno\u015bci. Koniecznie trzeba w\u00f3wczas reagowa\u0107! <b>I nie obawia\u0107 si\u0119 oskar\u017cenia o donosicielstwo, <\/b>czy im podobne, ale nazywa\u0107 z\u0142o po imieniu i reagowa\u0107 na nie. Nigdy nie by\u0107 wobec niego biernym! To kwestia odpowiedzialno\u015bci za dobro wsp\u00f3lne! <\/span><\/span><\/span><\/p>\n<p align=\"justify\"><span style=\"color: #000000;\"><span style=\"font-family: Book Antiqua, serif;\"><span style=\"font-size: large;\">Je\u017celi jednak i to nie pomo\u017ce, wtedy trzeba obj\u0105\u0107 takiego winowajc\u0119 i grzesznika <b>szczeg\u00f3ln\u0105 trosk\u0105 i opiek\u0105 duchow\u0105.<\/b> Tyle bowiem znaczy stwierdzenie Jezusa: <i><b>niech ci b\u0119dzie jak poganin i celnik.<\/b><\/i><b> <\/b>Owszem, je\u015bli by wzi\u0105\u0107 pod uwag\u0119 rozumienie tych poj\u0119\u0107 <b>przez \u00f3wczesnych pobo\u017cnych \u017byd\u00f3w, <\/b>to z pewno\u015bci\u0105 by\u0142oby ono zbie\u017cne z tym, jakie nam si\u0119 nasuwa w pierwszym ich odbiorze. Bowiem, dla pobo\u017cnego \u00f3wczesnego \u017byda <b>poganin i celnik to osoby uwa\u017cane powszechnie za nieczyste, <\/b>dlatego nie by\u0142o mu wolno z nim przebywa\u0107 ani nawet porozmawia\u0107! <\/span><\/span><\/span><\/p>\n<p align=\"justify\"><span style=\"color: #000000;\"><span style=\"font-family: Book Antiqua, serif;\"><span style=\"font-size: large;\">Nam chodzi jednak <b>o Jezusowe rozumienie tych dw\u00f3ch grup ludzi.<\/b> A Jezus w\u0142a\u015bnie otacza\u0142 ich <b>szczeg\u00f3ln\u0105 trosk\u0105 i bardzo zabiega\u0142 o ich zbawienie.<\/b> W tym celu \u2013 by si\u0119 tak wyrazi\u0107 \u2013 <b>wyci\u0105ga\u0142 ich czasami \u201eza uszy\u201d z bagna ich grzech\u00f3w.<\/b> Przypomnijmy sobie chocia\u017cby kilka historii spotka\u0144 Jezusa z nimi, opisanych na kartach Ewangelii. I w\u0142a\u015bnie <b>w taki Jezusowy spos\u00f3b<\/b> mamy rozumie\u0107 to wezwanie: <i><b>niech ci b\u0119dzie jak poganin i celnik. <\/b><\/i>Niech on sam i jego nawr\u00f3cenie \u2013 jego opami\u0119tanie, jego wewn\u0119trzna przemiana \u2013 <b>b\u0119dzie przedmiotem Twojej nieustannej troski, modlitwy,<\/b> ale i rozm\u00f3w z osobami bliskimi, kt\u00f3re tak\u017ce w tak\u0105 duchow\u0105 pomoc nale\u017cy anga\u017cowa\u0107.<\/span><\/span><\/span><\/p>\n<p align=\"justify\"><span style=\"color: #000000;\"><span style=\"font-family: Book Antiqua, serif;\"><span style=\"font-size: large;\">I chyba mo\u017cna, Drodzy moi, powiedzie\u0107, \u017ce w\u0142a\u015bnie w tych s\u0142owach odnajdujemy <b>klucz do zrozumienia przes\u0142ania <\/b>ca\u0142ej dzisiejszej liturgii S\u0142owa i jej swoiste streszczenie. Mo\u017ce nie w tym sensie, \u017ce mamy innych uwa\u017ca\u0107 za pogan (w naszym rozumieniu tego s\u0142owa), celnik\u00f3w czy grzesznik\u00f3w, ale w tym, \u017ce <b>mamy drugiego cz\u0142owieka traktowa\u0107 z wielk\u0105 mi\u0142o\u015bci\u0105. <\/b><\/span><\/span><\/span><\/p>\n<p align=\"justify\"><span style=\"color: #000000;\"><span style=\"font-family: Book Antiqua, serif;\"><span style=\"font-size: large;\">Zgodnie zreszt\u0105 z przes\u0142aniem drugiego dzisiejszego czytania, kt\u00f3re rzuca takie w\u0142a\u015bnie \u015bwiat\u0142o na rozumienie dzisiejszego biblijnego przekazu. S\u0142yszymy tam bowiem takie s\u0142owa: <i><b>Nikomu nie b\u0105d\u017acie nic d\u0142u\u017cni poza wzajemn\u0105 mi\u0142o\u015bci\u0105. Kto bowiem mi\u0142uje bli\u017aniego, wype\u0142ni\u0142 Prawo. Albowiem przykazania: \u201eNie cudzo\u0142\u00f3\u017c, nie zabijaj, nie kradnij, nie po\u017c\u0105daj\u201d i wszystkie inne streszczaj\u0105 si\u0119 w tym nakazie: \u201eMi\u0142uj bli\u017aniego swego jak siebie samego\u201d. Mi\u0142o\u015b\u0107 nie wyrz\u0105dza z\u0142a bli\u017aniemu. Przeto mi\u0142o\u015b\u0107 jest doskona\u0142ym wype\u0142nieniem Prawa. <\/b><\/i><\/span><\/span><\/span><\/p>\n<p align=\"justify\"><span style=\"color: #000000;\"><span style=\"font-family: Book Antiqua, serif;\"><span style=\"font-size: large;\">W\u0142a\u015bnie \u2013<b> mi\u0142o\u015b\u0107! <\/b>Wyra\u017cona w konkrecie <b>codziennej postawy,<\/b> w konkrecie<b> realizacji poszczeg\u00f3lnych przykaza\u0144,<\/b> w konkrecie <b>odniesienia do konkretnego cz\u0142owieka,<\/b> a nie do jakie\u015b mgli\u015bcie rozumianej <b>\u201eludzko\u015bci\u201d, <\/b>kt\u00f3ra nie bardzo wiadomo, kogo mia\u0142aby oznacza\u0107, dlatego te\u017c nie mo\u017ce poci\u0105ga\u0107 za sob\u0105 zobowi\u0105zania do konkretnej mi\u0142o\u015bci. <b>Mi\u0142o\u015b\u0107 konkretna \u2013 do konkretnego cz\u0142owieka skierowana. <\/b>Troska o tego cz\u0142owieka. W og\u00f3le \u2013 zauwa\u017cenie go, docenienie jego obecno\u015bci, <b>dobre s\u0142owo, do niego skierowane\u2026 <\/b><\/span><\/span><\/span><\/p>\n<p align=\"justify\"><span style=\"color: #000000;\"><span style=\"font-family: Book Antiqua, serif;\"><span style=\"font-size: large;\">Nie tylko s\u0142owo upomnienia, o czym dzisiaj najwi\u0119cej jest mowy w liturgii, <b>ale ka\u017cde dobre s\u0142owo, <\/b>wypowiedziane z mi\u0142o\u015bci\u0105 i trosk\u0105 do tego\u017c drugiego cz\u0142owieka \u2013 i o tym\u017ce drugim cz\u0142owieku. Tego dzisiaj naprawd\u0119 nam potrzeba! <b>Potrzeba tego naszym spo\u0142eczno\u015bciom, <\/b>mniejszym lub wi\u0119kszym, poczynaj\u0105c ju\u017c od rodziny, poprzez s\u0105siedztwa i ma\u0142e spo\u0142eczno\u015bci lokalne,<b> <\/b><b>a\u017c po<\/b><b> te wi\u0119ksze, w tym tak\u017ce ko\u015bcielne.<\/b> <\/span><\/span><\/span><\/p>\n<p align=\"justify\"><span style=\"color: #000000;\"><span style=\"font-family: Book Antiqua, serif;\"><span style=\"font-size: large;\">Potrzeba, by\u015bmy si\u0119 nawzajem bardziej zauwa\u017cali, <b>bardziej doceniali obecno\u015b\u0107 tego drugiego <\/b>\u2013 nie czekaj\u0105c na to, <b>a\u017c go zabraknie,<\/b> by u\u015bwiadomi\u0107 sobie, jak bardzo by\u0142 dla nas wa\u017cny. Doceniajmy si\u0119 nawzajem, dzi\u0119kujmy sobie nawzajem \u2013 <b>nawet za to, \u017ce po prostu jeste\u015bmy: <\/b>\u017ce jeste\u015bmy dla siebie darem, wsparciem, kim\u015b wa\u017cnym i bliskim. Oby ka\u017cdy cz\u0142owiek, kt\u00f3rego Pan postawi\u0142 na naszej drodze \u017cycia, <b>by\u0142 dla nas tym wa\u017cnym, najwa\u017cniejszym, <\/b><b>jedynym w swoim rodzaju<\/b><b>!<\/b> Oby\u015bmy nigdy nikogo nie uznali <b>za<\/b> <b>niewa\u017cnego,<\/b> <b>nieistotnego,<\/b> kto mo\u017ce przeszkadza lub utrudnia nam realizacj\u0119 \u017cyciowych plan\u00f3w i ambicji. <\/span><\/span><\/span><\/p>\n<p align=\"justify\"><span style=\"color: #000000;\"><span style=\"font-family: Book Antiqua, serif;\"><span style=\"font-size: large;\">Oby\u015bmy zawsze pami\u0119tali o tym przes\u0142aniu dzisiejszej liturgii \u2013 i ca\u0142ego Pisma \u015awi\u0119tego: <i><b>Nikomu nie b\u0105d\u017acie nic d\u0142u\u017cni poza wzajemn\u0105 mi\u0142o\u015bci\u0105!<\/b><\/i><\/span><\/span><\/span><\/p>\n","protected":false},"excerpt":{"rendered":"<p>Niech b\u0119dzie pochwalony Jezus Chrystus! Drodzy moi, w dniu dzisiejszym imieniny prze\u017cywaj\u0105: \u25baBeata Dzi\u0119cio\u0142, za moich czas\u00f3w: Dyrektor Szko\u0142y Podstawowej w T\u0142uszczu, w Diecezji warszawsko \u2013 praskiej, w kt\u00f3rej to Szkole pracowa\u0142em.; \u25baBeata Korni\u0142owicz \u2013 Szefowa O\u015brodka w Mikasz\u00f3wce, gdzie zatrzymali\u015bmy si\u0119 niedawno na ostatni nocleg na sp\u0142ywie kajakowym; Urodziny prze\u017cywa za\u015b Grzegorz B\u0142achnio, za [&hellip;]<\/p>\n","protected":false},"author":1,"featured_media":0,"comment_status":"open","ping_status":"open","sticky":false,"template":"","format":"standard","meta":{"jetpack_post_was_ever_published":false,"_jetpack_newsletter_access":"","_jetpack_dont_email_post_to_subs":false,"_jetpack_newsletter_tier_id":0,"_jetpack_memberships_contains_paywalled_content":false,"_jetpack_memberships_contains_paid_content":false,"footnotes":""},"categories":[1],"tags":[],"class_list":["post-25152","post","type-post","status-publish","format-standard","hentry","category-bez-kategorii"],"yoast_head":"<!-- This site is optimized with the Yoast SEO plugin v25.1 - https:\/\/yoast.com\/wordpress\/plugins\/seo\/ -->\n<title>Zauwa\u017c cz\u0142owieka! - Gaudium Et Spes<\/title>\n<meta name=\"robots\" content=\"index, follow, max-snippet:-1, max-image-preview:large, max-video-preview:-1\" \/>\n<link rel=\"canonical\" href=\"https:\/\/gaudiumetspes-blog.pl\/index.php\/2026\/09\/06\/zauwaz-czlowieka\/\" \/>\n<meta property=\"og:locale\" content=\"pl_PL\" \/>\n<meta property=\"og:type\" content=\"article\" \/>\n<meta property=\"og:title\" content=\"Zauwa\u017c cz\u0142owieka! - Gaudium Et Spes\" \/>\n<meta property=\"og:description\" content=\"Niech b\u0119dzie pochwalony Jezus Chrystus! Drodzy moi, w dniu dzisiejszym imieniny prze\u017cywaj\u0105: \u25baBeata Dzi\u0119cio\u0142, za moich czas\u00f3w: Dyrektor Szko\u0142y Podstawowej w T\u0142uszczu, w Diecezji warszawsko \u2013 praskiej, w kt\u00f3rej to Szkole pracowa\u0142em.; \u25baBeata Korni\u0142owicz \u2013 Szefowa O\u015brodka w Mikasz\u00f3wce, gdzie zatrzymali\u015bmy si\u0119 niedawno na ostatni nocleg na sp\u0142ywie kajakowym; Urodziny prze\u017cywa za\u015b Grzegorz B\u0142achnio, za [&hellip;]\" \/>\n<meta property=\"og:url\" content=\"https:\/\/gaudiumetspes-blog.pl\/index.php\/2026\/09\/06\/zauwaz-czlowieka\/\" \/>\n<meta property=\"og:site_name\" content=\"Gaudium Et Spes\" \/>\n<meta property=\"article:published_time\" content=\"2026-09-06T04:49:25+00:00\" \/>\n<meta name=\"author\" content=\"Ks. Jacek\" \/>\n<meta name=\"twitter:card\" content=\"summary_large_image\" \/>\n<meta name=\"twitter:label1\" content=\"Napisane przez\" \/>\n\t<meta name=\"twitter:data1\" content=\"Ks. Jacek\" \/>\n\t<meta name=\"twitter:label2\" content=\"Szacowany czas czytania\" \/>\n\t<meta name=\"twitter:data2\" content=\"11 minut\" \/>\n<script type=\"application\/ld+json\" class=\"yoast-schema-graph\">{\"@context\":\"https:\/\/schema.org\",\"@graph\":[{\"@type\":\"WebPage\",\"@id\":\"https:\/\/gaudiumetspes-blog.pl\/index.php\/2026\/09\/06\/zauwaz-czlowieka\/\",\"url\":\"https:\/\/gaudiumetspes-blog.pl\/index.php\/2026\/09\/06\/zauwaz-czlowieka\/\",\"name\":\"Zauwa\u017c cz\u0142owieka! - Gaudium Et Spes\",\"isPartOf\":{\"@id\":\"https:\/\/gaudiumetspes-blog.pl\/#website\"},\"datePublished\":\"2026-09-06T04:49:25+00:00\",\"author\":{\"@id\":\"https:\/\/gaudiumetspes-blog.pl\/#\/schema\/person\/1661982992b752dea8dff0d4ed845a65\"},\"breadcrumb\":{\"@id\":\"https:\/\/gaudiumetspes-blog.pl\/index.php\/2026\/09\/06\/zauwaz-czlowieka\/#breadcrumb\"},\"inLanguage\":\"pl-PL\",\"potentialAction\":[{\"@type\":\"ReadAction\",\"target\":[\"https:\/\/gaudiumetspes-blog.pl\/index.php\/2026\/09\/06\/zauwaz-czlowieka\/\"]}]},{\"@type\":\"BreadcrumbList\",\"@id\":\"https:\/\/gaudiumetspes-blog.pl\/index.php\/2026\/09\/06\/zauwaz-czlowieka\/#breadcrumb\",\"itemListElement\":[{\"@type\":\"ListItem\",\"position\":1,\"name\":\"Strona g\u0142\u00f3wna\",\"item\":\"https:\/\/gaudiumetspes-blog.pl\/\"},{\"@type\":\"ListItem\",\"position\":2,\"name\":\"Zauwa\u017c cz\u0142owieka!\"}]},{\"@type\":\"WebSite\",\"@id\":\"https:\/\/gaudiumetspes-blog.pl\/#website\",\"url\":\"https:\/\/gaudiumetspes-blog.pl\/\",\"name\":\"Gaudium Et Spes\",\"description\":\"Blog Ks. Jacka Ja\u015bkowskiego\",\"potentialAction\":[{\"@type\":\"SearchAction\",\"target\":{\"@type\":\"EntryPoint\",\"urlTemplate\":\"https:\/\/gaudiumetspes-blog.pl\/?s={search_term_string}\"},\"query-input\":{\"@type\":\"PropertyValueSpecification\",\"valueRequired\":true,\"valueName\":\"search_term_string\"}}],\"inLanguage\":\"pl-PL\"},{\"@type\":\"Person\",\"@id\":\"https:\/\/gaudiumetspes-blog.pl\/#\/schema\/person\/1661982992b752dea8dff0d4ed845a65\",\"name\":\"Ks. Jacek\",\"image\":{\"@type\":\"ImageObject\",\"inLanguage\":\"pl-PL\",\"@id\":\"https:\/\/gaudiumetspes-blog.pl\/#\/schema\/person\/image\/\",\"url\":\"https:\/\/gaudiumetspes-blog.pl\/wp-content\/uploads\/2019\/07\/avatar-JJ-150x150.jpg\",\"contentUrl\":\"https:\/\/gaudiumetspes-blog.pl\/wp-content\/uploads\/2019\/07\/avatar-JJ-150x150.jpg\",\"caption\":\"Ks. Jacek\"},\"description\":\"Witam serdecznie! K\u0142ania si\u0119 Ks. Jacek Ja\u015bkowski. Nie jestem ani kim\u015b wa\u017cnym, ani kim\u015b znanym. Jestem ksi\u0119dzem, kt\u00f3ry po prostu chce rozmawia\u0107. Codzienna kap\u0142a\u0144ska pos\u0142uga pokazuje mi, \u017ce temat\u00f3w do rozm\u00f3w z ksi\u0119dzem jest coraz wi\u0119cej i dzisiaj \u017caden ksi\u0105dz nie mo\u017ce od nich ucieka\u0107, ale - wprost przeciwnie - podejmowa\u0107 nowe wyzwania. To przekonanie sk\u0142oni\u0142o mnie do pr\u00f3by otwarcia tego\u017c bloga, chocia\u017c okazji do rozm\u00f3w na co dzie\u0144 - w konfesjonale i poza nim - na szcz\u0119\u015bcie nie brakuje. My\u015bl\u0119 jednak, \u017ce ten blog b\u0119dzie jeszcze jednym sposobem i przestrzeni\u0105 nawi\u0105zania kontaktu z lud\u017ami dobrej woli, otwartymi na dialog.\",\"url\":\"https:\/\/gaudiumetspes-blog.pl\/index.php\/author\/ks-jacek\/\"}]}<\/script>\n<!-- \/ Yoast SEO plugin. -->","yoast_head_json":{"title":"Zauwa\u017c cz\u0142owieka! - Gaudium Et Spes","robots":{"index":"index","follow":"follow","max-snippet":"max-snippet:-1","max-image-preview":"max-image-preview:large","max-video-preview":"max-video-preview:-1"},"canonical":"https:\/\/gaudiumetspes-blog.pl\/index.php\/2026\/09\/06\/zauwaz-czlowieka\/","og_locale":"pl_PL","og_type":"article","og_title":"Zauwa\u017c cz\u0142owieka! - Gaudium Et Spes","og_description":"Niech b\u0119dzie pochwalony Jezus Chrystus! Drodzy moi, w dniu dzisiejszym imieniny prze\u017cywaj\u0105: \u25baBeata Dzi\u0119cio\u0142, za moich czas\u00f3w: Dyrektor Szko\u0142y Podstawowej w T\u0142uszczu, w Diecezji warszawsko \u2013 praskiej, w kt\u00f3rej to Szkole pracowa\u0142em.; \u25baBeata Korni\u0142owicz \u2013 Szefowa O\u015brodka w Mikasz\u00f3wce, gdzie zatrzymali\u015bmy si\u0119 niedawno na ostatni nocleg na sp\u0142ywie kajakowym; Urodziny prze\u017cywa za\u015b Grzegorz B\u0142achnio, za [&hellip;]","og_url":"https:\/\/gaudiumetspes-blog.pl\/index.php\/2026\/09\/06\/zauwaz-czlowieka\/","og_site_name":"Gaudium Et Spes","article_published_time":"2026-09-06T04:49:25+00:00","author":"Ks. Jacek","twitter_card":"summary_large_image","twitter_misc":{"Napisane przez":"Ks. Jacek","Szacowany czas czytania":"11 minut"},"schema":{"@context":"https:\/\/schema.org","@graph":[{"@type":"WebPage","@id":"https:\/\/gaudiumetspes-blog.pl\/index.php\/2026\/09\/06\/zauwaz-czlowieka\/","url":"https:\/\/gaudiumetspes-blog.pl\/index.php\/2026\/09\/06\/zauwaz-czlowieka\/","name":"Zauwa\u017c cz\u0142owieka! - Gaudium Et Spes","isPartOf":{"@id":"https:\/\/gaudiumetspes-blog.pl\/#website"},"datePublished":"2026-09-06T04:49:25+00:00","author":{"@id":"https:\/\/gaudiumetspes-blog.pl\/#\/schema\/person\/1661982992b752dea8dff0d4ed845a65"},"breadcrumb":{"@id":"https:\/\/gaudiumetspes-blog.pl\/index.php\/2026\/09\/06\/zauwaz-czlowieka\/#breadcrumb"},"inLanguage":"pl-PL","potentialAction":[{"@type":"ReadAction","target":["https:\/\/gaudiumetspes-blog.pl\/index.php\/2026\/09\/06\/zauwaz-czlowieka\/"]}]},{"@type":"BreadcrumbList","@id":"https:\/\/gaudiumetspes-blog.pl\/index.php\/2026\/09\/06\/zauwaz-czlowieka\/#breadcrumb","itemListElement":[{"@type":"ListItem","position":1,"name":"Strona g\u0142\u00f3wna","item":"https:\/\/gaudiumetspes-blog.pl\/"},{"@type":"ListItem","position":2,"name":"Zauwa\u017c cz\u0142owieka!"}]},{"@type":"WebSite","@id":"https:\/\/gaudiumetspes-blog.pl\/#website","url":"https:\/\/gaudiumetspes-blog.pl\/","name":"Gaudium Et Spes","description":"Blog Ks. Jacka Ja\u015bkowskiego","potentialAction":[{"@type":"SearchAction","target":{"@type":"EntryPoint","urlTemplate":"https:\/\/gaudiumetspes-blog.pl\/?s={search_term_string}"},"query-input":{"@type":"PropertyValueSpecification","valueRequired":true,"valueName":"search_term_string"}}],"inLanguage":"pl-PL"},{"@type":"Person","@id":"https:\/\/gaudiumetspes-blog.pl\/#\/schema\/person\/1661982992b752dea8dff0d4ed845a65","name":"Ks. Jacek","image":{"@type":"ImageObject","inLanguage":"pl-PL","@id":"https:\/\/gaudiumetspes-blog.pl\/#\/schema\/person\/image\/","url":"https:\/\/gaudiumetspes-blog.pl\/wp-content\/uploads\/2019\/07\/avatar-JJ-150x150.jpg","contentUrl":"https:\/\/gaudiumetspes-blog.pl\/wp-content\/uploads\/2019\/07\/avatar-JJ-150x150.jpg","caption":"Ks. Jacek"},"description":"Witam serdecznie! K\u0142ania si\u0119 Ks. Jacek Ja\u015bkowski. Nie jestem ani kim\u015b wa\u017cnym, ani kim\u015b znanym. Jestem ksi\u0119dzem, kt\u00f3ry po prostu chce rozmawia\u0107. Codzienna kap\u0142a\u0144ska pos\u0142uga pokazuje mi, \u017ce temat\u00f3w do rozm\u00f3w z ksi\u0119dzem jest coraz wi\u0119cej i dzisiaj \u017caden ksi\u0105dz nie mo\u017ce od nich ucieka\u0107, ale - wprost przeciwnie - podejmowa\u0107 nowe wyzwania. To przekonanie sk\u0142oni\u0142o mnie do pr\u00f3by otwarcia tego\u017c bloga, chocia\u017c okazji do rozm\u00f3w na co dzie\u0144 - w konfesjonale i poza nim - na szcz\u0119\u015bcie nie brakuje. My\u015bl\u0119 jednak, \u017ce ten blog b\u0119dzie jeszcze jednym sposobem i przestrzeni\u0105 nawi\u0105zania kontaktu z lud\u017ami dobrej woli, otwartymi na dialog.","url":"https:\/\/gaudiumetspes-blog.pl\/index.php\/author\/ks-jacek\/"}]}},"jetpack_featured_media_url":"","jetpack_sharing_enabled":true,"_links":{"self":[{"href":"https:\/\/gaudiumetspes-blog.pl\/index.php\/wp-json\/wp\/v2\/posts\/25152","targetHints":{"allow":["GET"]}}],"collection":[{"href":"https:\/\/gaudiumetspes-blog.pl\/index.php\/wp-json\/wp\/v2\/posts"}],"about":[{"href":"https:\/\/gaudiumetspes-blog.pl\/index.php\/wp-json\/wp\/v2\/types\/post"}],"author":[{"embeddable":true,"href":"https:\/\/gaudiumetspes-blog.pl\/index.php\/wp-json\/wp\/v2\/users\/1"}],"replies":[{"embeddable":true,"href":"https:\/\/gaudiumetspes-blog.pl\/index.php\/wp-json\/wp\/v2\/comments?post=25152"}],"version-history":[{"count":1,"href":"https:\/\/gaudiumetspes-blog.pl\/index.php\/wp-json\/wp\/v2\/posts\/25152\/revisions"}],"predecessor-version":[{"id":25153,"href":"https:\/\/gaudiumetspes-blog.pl\/index.php\/wp-json\/wp\/v2\/posts\/25152\/revisions\/25153"}],"wp:attachment":[{"href":"https:\/\/gaudiumetspes-blog.pl\/index.php\/wp-json\/wp\/v2\/media?parent=25152"}],"wp:term":[{"taxonomy":"category","embeddable":true,"href":"https:\/\/gaudiumetspes-blog.pl\/index.php\/wp-json\/wp\/v2\/categories?post=25152"},{"taxonomy":"post_tag","embeddable":true,"href":"https:\/\/gaudiumetspes-blog.pl\/index.php\/wp-json\/wp\/v2\/tags?post=25152"}],"curies":[{"name":"wp","href":"https:\/\/api.w.org\/{rel}","templated":true}]}}