{"id":7099,"date":"2018-11-26T05:58:00","date_gmt":"2018-11-26T04:58:00","guid":{"rendered":"https:\/\/gaudiumetspes-blog.pl\/index.php\/2018\/11\/26\/ci-barankowi-towarzysza\/"},"modified":"2019-07-31T12:57:52","modified_gmt":"2019-07-31T10:57:52","slug":"ci-barankowi-towarzysza","status":"publish","type":"post","link":"https:\/\/gaudiumetspes-blog.pl\/index.php\/2018\/11\/26\/ci-barankowi-towarzysza\/","title":{"rendered":"Ci Barankowi towarzysz\u0105&#8230;"},"content":{"rendered":"<p><\/p>\n<div align=\"justify\" style=\"font-weight: normal; line-height: 150%; margin-bottom: 0cm;\">\nSzcz\u0119\u015b\u0107<br \/>\nBo\u017ce! Moi Drodzy, w dniu dzisiejszym <b>urodziny prze\u017cywa Ksi\u0105dz<br \/>\nAdrian Komar, z kt\u00f3rym w swoim czasie wsp\u00f3\u0142pracowa\u0142em w<br \/>\n\u017belechowie, a teraz Ksi\u0105dz Adrian pracuje w Stanach Zjednoczonych.<br \/>\n\u017bycz\u0119 Mu, aby zawsze szed\u0142 prost\u0105 drog\u0105 do Nieba \u2013 i innym<br \/>\npomaga\u0142 ni\u0105 i\u015b\u0107! Zapewniam o modlitwie.<\/b><\/div>\n<div align=\"justify\" style=\"background: transparent; font-weight: normal; line-height: 150%; margin-bottom: 0cm; page-break-before: auto; text-indent: 1.3cm;\">\nI<br \/>\n\u017cycz\u0119 Wszystkim b\u0142ogos\u0142awionego dnia!<\/div>\n<div align=\"center\" style=\"font-weight: normal; line-height: 150%; margin-bottom: 0cm;\">\nGaudium<br \/>\net spes!  Ks. Jacek<\/div>\n<div align=\"justify\" style=\"line-height: 150%; margin-bottom: 0cm;\">\n<\/p>\n<\/div>\n<div align=\"justify\" style=\"line-height: 150%; margin-bottom: 0cm;\">\n<b>Poniedzia\u0142ek<br \/>\n34 Tygodnia zwyk\u0142ego, rok II,<\/b><\/div>\n<div align=\"justify\" style=\"line-height: 150%; margin-bottom: 0cm;\">\n<b>do<br \/>\nczyta\u0144:  Ap 14,1\u20133.4b\u20135;  \u0141k 21,1\u20134<\/b><\/div>\n<div align=\"justify\" style=\"font-style: normal; font-variant: normal; letter-spacing: normal; line-height: 150%; margin-bottom: 0cm;\">\n<\/p>\n<\/div>\n<div align=\"justify\" style=\"line-height: 150%; margin-bottom: 0cm;\">\n<b>C<\/b><b>ZYTANIE<br \/>\nZ KSI\u0118GI APOKALIPSY \u015aWI\u0118TEGO JANA APOSTO\u0141A:<\/b><\/div>\n<div align=\"justify\" style=\"background: transparent; font-style: normal; font-variant: normal; letter-spacing: normal; line-height: 150%; margin-bottom: 0cm; page-break-before: auto; text-indent: 1.3cm;\">\n<b>Ja,<br \/>\nJan, ujrza\u0142em: a oto Baranek stoj\u0105cy na g\u00f3rze Syjon, a z Nim sto<br \/>\nczterdzie\u015bci cztery tysi\u0105ce, maj\u0105cych imi\u0119 Jego i imi\u0119 Jego Ojca<br \/>\nna czo\u0142ach swoich wypisane. I us\u0142ysza\u0142em z nieba g\u0142os jakby g\u0142os<br \/>\nmnogich w\u00f3d i jakby g\u0142os wielkiego grzmotu. A g\u0142os, kt\u00f3ry<br \/>\nus\u0142ysza\u0142em, brzmia\u0142, jak gdyby harfiarze uderzali w swe harfy.<\/b><\/div>\n<div align=\"justify\" style=\"background: transparent; font-style: normal; font-variant: normal; letter-spacing: normal; line-height: 150%; margin-bottom: 0cm; text-indent: 1.3cm;\">\n<b>I<br \/>\n\u015bpiewaj\u0105 jakby pie\u015b\u0144 now\u0105 przed tronem i przed czterema<br \/>\nZwierz\u0119tami, i przed Starcami: a nikt tej pie\u015bni nie m\u00f3g\u0142 si\u0119<br \/>\nnauczy\u0107 pr\u00f3cz stu czterdziestu czterech tysi\u0119cy wykupionych z<br \/>\nziemi.<\/b><\/div>\n<div align=\"justify\" style=\"background: transparent; font-style: normal; font-variant: normal; letter-spacing: normal; line-height: 150%; margin-bottom: 0cm; text-indent: 1.3cm;\">\n<b>Ci<br \/>\nBarankowi towarzysz\u0105, dok\u0105dkolwiek idzie. Ci spo\u015br\u00f3d ludzi<br \/>\nzostali wykupieni na pierwociny dla Boga i dla Baranka, a w ustach<br \/>\nich k\u0142amstwa nie znaleziono: s\u0105 nienaganni.<\/b><\/div>\n<div align=\"justify\" style=\"line-height: 150%; margin-bottom: 0cm;\">\n<\/p>\n<\/div>\n<div align=\"justify\" style=\"font-style: normal; font-variant: normal; letter-spacing: normal; line-height: 150%; margin-bottom: 0cm;\">\n<b>S\u0141OWA<br \/>\nEWANGELII WED\u0141UG \u015aWI\u0118TEGO \u0141UKASZA:<\/b><\/div>\n<div align=\"justify\" style=\"font-style: normal; font-variant: normal; letter-spacing: normal; line-height: 150%; margin-bottom: 0cm; text-indent: 1.27cm;\">\n<b>Gdy<br \/>\nJezus podni\u00f3s\u0142 oczy, zobaczy\u0142, jak bogaci wrzucali swe ofiary do<br \/>\nskarbony. Zobaczy\u0142 te\u017c, jak uboga jaka\u015b wdowa wrzuci\u0142a tam dwa<br \/>\npieni\u0105\u017cki.<\/b><\/div>\n<div align=\"justify\" style=\"font-style: normal; font-variant: normal; letter-spacing: normal; line-height: 150%; margin-bottom: 0cm; text-indent: 1.27cm;\">\n<b>I<br \/>\nrzek\u0142: \u201ePrawdziwie powiadam wam: Ta uboga wdowa wrzuci\u0142a wi\u0119cej<br \/>\nni\u017c wszyscy inni. Wszyscy bowiem wrzucali na ofiar\u0119 z tego, co im<br \/>\nzbywa\u0142o; ta za\u015b z niedostatku swego wrzuci\u0142a wszystko, co mia\u0142a<br \/>\nna utrzymanie\u201d.<\/b><\/div>\n<div align=\"justify\" style=\"line-height: 150%; margin-bottom: 0cm;\">\n<\/p>\n<\/div>\n<div align=\"justify\" style=\"background: transparent; font-variant: normal; letter-spacing: normal; line-height: 150%; margin-bottom: 0cm; page-break-before: auto; text-indent: 1.3cm;\">\nWobec<br \/>\nrozmiar\u00f3w z\u0142a w historii ludzko\u015bci, <b>wielu<br \/>\nstraci\u0142o nadziej\u0119,<\/b><br \/>\nza\u0142ama\u0142o si\u0119 i podda\u0142o si\u0119 dzia\u0142aniu z\u0142ego ducha. Jest o tym<br \/>\nwyra\u017anie mowa w Ksi\u0119dze Apokalipsy. Ale ogromna rzesza <b>nie<br \/>\nuleg\u0142a temu<br \/>\ni pozosta\u0142a wierna Bogu.<\/b><br \/>\nI to w\u0142a\u015bnie ich symbolizuje owych \u2013 to tak\u017ce nie po raz<br \/>\npierwszy pojawiaj\u0105ca si\u0119 liczba \u2013 <i><b>sto<br \/>\nczterdzie\u015bci cztery tysi\u0105ce<\/b><\/i><br \/>\nopiecz\u0119towanych.\n<\/div>\n<div align=\"justify\" style=\"background: transparent; font-variant: normal; letter-spacing: normal; line-height: 150%; margin-bottom: 0cm; text-indent: 1.3cm;\">\nPrzypomnijmy:<br \/>\nto <b>liczba<br \/>\ndwana\u015bcie,<\/b><br \/>\noznaczaj\u0105ca pe\u0142ni\u0119, kompletno\u015b\u0107, doskona\u0142o\u015b\u0107 \u2013 pomno\u017cona<br \/>\nprzez siebie i jeszcze przez tysi\u0105c \u2013 co w sumie oznacza<br \/>\n<b>nieprzeliczon\u0105<br \/>\nwielo\u015b\u0107.<\/b><\/p>\n<\/div>\n<div align=\"justify\" style=\"background: transparent; font-variant: normal; letter-spacing: normal; line-height: 150%; margin-bottom: 0cm; text-indent: 1.3cm;\">\nWielu<br \/>\nzatem by\u0142o tych, kt\u00f3rzy nie ulegli presji z\u0142a, kt\u00f3rzy pozostali<br \/>\n<b>wierni Barankowi,<br \/>\n<\/b>czyli<br \/>\nzwyci\u0119zkiemu Chrystusowi<b>.<\/b><br \/>\nI oto dzisiaj widzimy ich \u2013 razem z Nim \u2013 <b>na<br \/>\ng\u00f3rze Syjon.<\/b><\/p>\n<\/div>\n<div align=\"justify\" style=\"background: transparent; font-variant: normal; letter-spacing: normal; line-height: 150%; margin-bottom: 0cm; text-indent: 1.3cm;\">\nG\u00f3ra<br \/>\nta \u2013 a w\u0142a\u015bciwie wzg\u00f3rze \u2013 znajduj\u0105ce<br \/>\nsi\u0119 w po\u0142udniowo \u2013 wschodniej Jerozolimie, odegra\u0142o <b>istotn\u0105<br \/>\nrol\u0119 w historii<\/b><br \/>\nnarodu wybranego. Tam dzia\u0142y si\u0119 wielkie i wa\u017cne wydarzenia. Tutaj<br \/>\njednak jest symbolicznym miejscem, gdzie zgromadz\u0105 si\u0119 wszyscy<br \/>\nodkupieni.\n<\/div>\n<div align=\"justify\" style=\"background: transparent; font-variant: normal; letter-spacing: normal; line-height: 150%; margin-bottom: 0cm; text-indent: 1.3cm;\">\nI<br \/>\nrzeczywi\u015bcie \u2013 widzimy tam dzisiaj ow\u0105 wielk\u0105 rzesz\u0119, <i><b>maj\u0105cych<br \/>\nimi\u0119 Jego i imi\u0119 Jego Ojca na czo\u0142ach swoich wypisane.<\/b><\/i><br \/>\nTo<br \/>\nowi odkupieni. <i><b>I \u015bpiewaj\u0105 jakby pie\u015b\u0144 now\u0105<br \/>\nprzed tronem i przed czterema Zwierz\u0119tami, i przed Starcami: a nikt<br \/>\ntej pie\u015bni nie m\u00f3g\u0142 si\u0119 nauczy\u0107 pr\u00f3cz stu czterdziestu czterech<br \/>\ntysi\u0119cy wykupionych z ziemi. Ci Barankowi towarzysz\u0105, dok\u0105dkolwiek<br \/>\nidzie.<\/b><\/i><\/p>\n<\/div>\n<div align=\"justify\" style=\"background: transparent; font-variant: normal; letter-spacing: normal; line-height: 150%; margin-bottom: 0cm; text-indent: 1.3cm;\">\nZapewne<br \/>\nmamy przed oczami ten triumfalny poch\u00f3d, niczym triumfalny poch\u00f3d<br \/>\nzwyci\u0119zc\u00f3w, wracaj\u0105cych z wojny. Zaiste, <b>ci<br \/>\ns\u0105 tak\u017ce zwyci\u0119zcami,<\/b><br \/>\nwszak zwyci\u0119\u017cyli swoj\u0105 w\u0142asn\u0105 s\u0142abo\u015b\u0107, pokonali tak\u017ce zakusy<br \/>\nz\u0142ego, nie ulegli im. Teraz uczestnicz\u0105 <b>w<br \/>\nniebia\u0144skiej liturgii<\/b><br \/>\n\u2013 razem z Barankiem, kt\u00f3remu pozostali bezwzgl\u0119dnie wierni.<\/div>\n<div align=\"justify\" style=\"background: transparent; font-variant: normal; letter-spacing: normal; line-height: 150%; margin-bottom: 0cm; text-indent: 1.3cm;\">\n S\u0142uchaj\u0105c<br \/>\ndzisiaj<br \/>\ntego<br \/>\ntekstu, u\u015bwiadamiamy sobie, \u017ce <b>my<br \/>\njeszcze jeste\u015bmy w drodze.<\/b><br \/>\nMy<br \/>\nna razie pielgrzymujemy przez ziemi\u0119, a ten nasz poch\u00f3d <b>nie<br \/>\nzawsze jest pochodem zwyci\u0119zc\u00f3w <\/b>\u2013<br \/>\noj, nie zawsze\u2026 Chyba cz\u0119\u015bciej jest drog\u0105 pod<br \/>\ng\u00f3r\u0119 \u2013 iprzez<br \/>\nciernie. Tak\u017ce przez ciernie <b>grzech\u00f3w<br \/>\ni w\u0142asnych s\u0142abo\u015bci. <\/b>Ale<br \/>\nte\u017c nie brakuje na tej naszej drodze moment\u00f3w pi\u0119knych.\n<\/div>\n<div align=\"justify\" style=\"background: transparent; font-variant: normal; letter-spacing: normal; line-height: 150%; margin-bottom: 0cm; text-indent: 1.3cm;\">\nOto<br \/>\n<i><b>uboga jaka\u015b wdowa<\/b><\/i><br \/>\n\u2013 jak j\u0105 okre\u015bli\u0142 \u0141ukasz \u2013 odby\u0142a dzisiaj drog\u0119 do \u015bwi\u0105tyni<br \/>\n\u2013<br \/>\nw tym wymiarze widzialnym, fizycznym.<br \/>\nPo protu \u2013 <b>przysz\u0142a<br \/>\ndo \u015bwi\u0105tyni.<\/b><br \/>\nJednak tam zobaczy\u0142 j\u0105 Jezus. A wtedy okaza\u0142o si\u0119 \u2013 o czym<br \/>\nJezus dobrze wiedzia\u0142, a my dowiedzieli\u015bmy si\u0119 od Niego \u2013 \u017ce<br \/>\nowa skromna kobieta odbywa\u0142a<br \/>\nprzez swoje \u017cycie <b>pi\u0119kn\u0105<br \/>\ndrog\u0119, prawdziw\u0105 pielgrzymk\u0119 do Nieba. <\/b>\n<\/div>\n<div align=\"justify\" style=\"background: transparent; font-variant: normal; letter-spacing: normal; line-height: 150%; margin-bottom: 0cm; text-indent: 1.3cm;\">\nTrudna<br \/>\nto droga i \u2013 w tym wymiarze zewn\u0119trznym \u2013 z pewno\u015bci\u0105 daleka<br \/>\nod jakiegokolwiek blasku i splendoru; <b>naznaczona<br \/>\nbied\u0105<\/b><br \/>\ni codziennym zmaganiem o byt.  Ale przede wszystkim \u2013<br \/>\ncharakteryzuj\u0105ca si\u0119 <b>niesamowitym<br \/>\nzaufaniem do Boga!<\/b><br \/>\nA to sprawi\u0142o,<br \/>\n\u017ce by\u0142a<br \/>\nto droga i w\u0119dr\u00f3wka we w\u0142a\u015bciwym kierunku \u2013 i zmierzaj\u0105ca <b>do<br \/>\nw\u0142a\u015bciwego celu.<\/b><\/p>\n<\/div>\n<div align=\"justify\" style=\"background: transparent; font-variant: normal; letter-spacing: normal; line-height: 150%; margin-bottom: 0cm; text-indent: 1.3cm;\">\nNie<br \/>\nznamy dalszych los\u00f3w \u201eubogiej jakiej\u015b wdowy\u201d, ale mo\u017cemy by\u0107<br \/>\npewni, \u017ce je\u015bli na tej drodze bezwzgl\u0119dnego i heroicznego zaufania<br \/>\ndo Boga wytrwa\u0142a, to <b>dosz\u0142a<br \/>\nni\u0105 do Nieba<\/b><br \/>\ni dzisiaj jest jedn\u0105 z owych stu czterdziestu czterech tysi\u0119cy<br \/>\nszcz\u0119\u015bliwych, bior\u0105cych udzia\u0142 <b>w<br \/>\nwiecznej liturgii zbawionych. <\/b>\n<\/div>\n<div align=\"justify\" style=\"background: transparent; font-variant: normal; letter-spacing: normal; line-height: 150%; margin-bottom: 0cm; text-indent: 1.3cm;\">\nMoi<br \/>\nDrodzy, nie pozostaje nam nic innego, jak zapyta\u0107 samych siebie <b>o<br \/>\nnasz\u0105 drog\u0119 przez \u017cycie: <\/b>jak<br \/>\nprzebiega, dok\u0105d prowadzi \u2013 czy zbli\u017ca nad do Boga, czy od Niego<br \/>\noddala?\u2026 A je\u017celi zdarza nam si\u0119 zboczy\u0107 na bezdro\u017ca grzechu \u2013<br \/>\nczy <b>jak najszybciej<br \/>\npowracamy<\/b><br \/>\nna w\u0142a\u015bciwy szlak?<\/div>\n<div align=\"justify\" style=\"background: transparent; font-variant: normal; letter-spacing: normal; line-height: 150%; margin-bottom: 0cm; text-indent: 1.3cm;\">\nI<br \/>\njeszcze jedno: je\u017celi pragniemy uczestniczy\u0107 w wiecznej liturgii<br \/>\nzbawionych \u2013 owym niebia\u0144skim pochodzie zwyci\u0119zc\u00f3w \u2013 to jak<br \/>\ncz\u0119sto teraz odbywamy poch\u00f3d do \u015bwi\u0105tyni, aby <b>uczestniczy\u0107<br \/>\nw liturgii Ko\u015bcio\u0142a?\u2026<\/b><\/div>\n","protected":false},"excerpt":{"rendered":"<p>Szcz\u0119\u015b\u0107 Bo\u017ce! Moi Drodzy, w dniu dzisiejszym urodziny prze\u017cywa Ksi\u0105dz Adrian Komar, z kt\u00f3rym w swoim czasie wsp\u00f3\u0142pracowa\u0142em w \u017belechowie, a teraz Ksi\u0105dz Adrian pracuje w Stanach Zjednoczonych. \u017bycz\u0119 Mu, aby zawsze szed\u0142 prost\u0105 drog\u0105 do Nieba \u2013 i innym pomaga\u0142 ni\u0105 i\u015b\u0107! Zapewniam o modlitwie. I \u017cycz\u0119 Wszystkim b\u0142ogos\u0142awionego dnia! Gaudium et spes! Ks. [&hellip;]<\/p>\n","protected":false},"author":1,"featured_media":0,"comment_status":"open","ping_status":"open","sticky":false,"template":"","format":"standard","meta":{"jetpack_post_was_ever_published":false,"_jetpack_newsletter_access":"","_jetpack_dont_email_post_to_subs":false,"_jetpack_newsletter_tier_id":0,"_jetpack_memberships_contains_paywalled_content":false,"_jetpack_memberships_contains_paid_content":false,"footnotes":""},"categories":[1],"tags":[],"class_list":["post-7099","post","type-post","status-publish","format-standard","hentry","category-bez-kategorii"],"yoast_head":"<!-- This site is optimized with the Yoast SEO plugin v25.1 - https:\/\/yoast.com\/wordpress\/plugins\/seo\/ -->\n<title>Ci Barankowi towarzysz\u0105... - Gaudium Et Spes<\/title>\n<meta name=\"robots\" content=\"index, follow, max-snippet:-1, max-image-preview:large, max-video-preview:-1\" \/>\n<link rel=\"canonical\" href=\"https:\/\/gaudiumetspes-blog.pl\/index.php\/2018\/11\/26\/ci-barankowi-towarzysza\/\" \/>\n<meta property=\"og:locale\" content=\"pl_PL\" \/>\n<meta property=\"og:type\" content=\"article\" \/>\n<meta property=\"og:title\" content=\"Ci Barankowi towarzysz\u0105... - Gaudium Et Spes\" \/>\n<meta property=\"og:description\" content=\"Szcz\u0119\u015b\u0107 Bo\u017ce! Moi Drodzy, w dniu dzisiejszym urodziny prze\u017cywa Ksi\u0105dz Adrian Komar, z kt\u00f3rym w swoim czasie wsp\u00f3\u0142pracowa\u0142em w \u017belechowie, a teraz Ksi\u0105dz Adrian pracuje w Stanach Zjednoczonych. \u017bycz\u0119 Mu, aby zawsze szed\u0142 prost\u0105 drog\u0105 do Nieba \u2013 i innym pomaga\u0142 ni\u0105 i\u015b\u0107! Zapewniam o modlitwie. I \u017cycz\u0119 Wszystkim b\u0142ogos\u0142awionego dnia! Gaudium et spes! Ks. [&hellip;]\" \/>\n<meta property=\"og:url\" content=\"https:\/\/gaudiumetspes-blog.pl\/index.php\/2018\/11\/26\/ci-barankowi-towarzysza\/\" \/>\n<meta property=\"og:site_name\" content=\"Gaudium Et Spes\" \/>\n<meta property=\"article:published_time\" content=\"2018-11-26T04:58:00+00:00\" \/>\n<meta property=\"article:modified_time\" content=\"2019-07-31T10:57:52+00:00\" \/>\n<meta name=\"author\" content=\"Ks. Jacek\" \/>\n<meta name=\"twitter:card\" content=\"summary_large_image\" \/>\n<meta name=\"twitter:label1\" content=\"Napisane przez\" \/>\n\t<meta name=\"twitter:data1\" content=\"Ks. Jacek\" \/>\n\t<meta name=\"twitter:label2\" content=\"Szacowany czas czytania\" \/>\n\t<meta name=\"twitter:data2\" content=\"5 minut\" \/>\n<script type=\"application\/ld+json\" class=\"yoast-schema-graph\">{\"@context\":\"https:\/\/schema.org\",\"@graph\":[{\"@type\":\"WebPage\",\"@id\":\"https:\/\/gaudiumetspes-blog.pl\/index.php\/2018\/11\/26\/ci-barankowi-towarzysza\/\",\"url\":\"https:\/\/gaudiumetspes-blog.pl\/index.php\/2018\/11\/26\/ci-barankowi-towarzysza\/\",\"name\":\"Ci Barankowi towarzysz\u0105... - Gaudium Et Spes\",\"isPartOf\":{\"@id\":\"https:\/\/gaudiumetspes-blog.pl\/#website\"},\"datePublished\":\"2018-11-26T04:58:00+00:00\",\"dateModified\":\"2019-07-31T10:57:52+00:00\",\"author\":{\"@id\":\"https:\/\/gaudiumetspes-blog.pl\/#\/schema\/person\/1661982992b752dea8dff0d4ed845a65\"},\"breadcrumb\":{\"@id\":\"https:\/\/gaudiumetspes-blog.pl\/index.php\/2018\/11\/26\/ci-barankowi-towarzysza\/#breadcrumb\"},\"inLanguage\":\"pl-PL\",\"potentialAction\":[{\"@type\":\"ReadAction\",\"target\":[\"https:\/\/gaudiumetspes-blog.pl\/index.php\/2018\/11\/26\/ci-barankowi-towarzysza\/\"]}]},{\"@type\":\"BreadcrumbList\",\"@id\":\"https:\/\/gaudiumetspes-blog.pl\/index.php\/2018\/11\/26\/ci-barankowi-towarzysza\/#breadcrumb\",\"itemListElement\":[{\"@type\":\"ListItem\",\"position\":1,\"name\":\"Strona g\u0142\u00f3wna\",\"item\":\"https:\/\/gaudiumetspes-blog.pl\/\"},{\"@type\":\"ListItem\",\"position\":2,\"name\":\"Ci Barankowi towarzysz\u0105&#8230;\"}]},{\"@type\":\"WebSite\",\"@id\":\"https:\/\/gaudiumetspes-blog.pl\/#website\",\"url\":\"https:\/\/gaudiumetspes-blog.pl\/\",\"name\":\"Gaudium Et Spes\",\"description\":\"Blog Ks. Jacka Ja\u015bkowskiego\",\"potentialAction\":[{\"@type\":\"SearchAction\",\"target\":{\"@type\":\"EntryPoint\",\"urlTemplate\":\"https:\/\/gaudiumetspes-blog.pl\/?s={search_term_string}\"},\"query-input\":{\"@type\":\"PropertyValueSpecification\",\"valueRequired\":true,\"valueName\":\"search_term_string\"}}],\"inLanguage\":\"pl-PL\"},{\"@type\":\"Person\",\"@id\":\"https:\/\/gaudiumetspes-blog.pl\/#\/schema\/person\/1661982992b752dea8dff0d4ed845a65\",\"name\":\"Ks. Jacek\",\"image\":{\"@type\":\"ImageObject\",\"inLanguage\":\"pl-PL\",\"@id\":\"https:\/\/gaudiumetspes-blog.pl\/#\/schema\/person\/image\/\",\"url\":\"https:\/\/gaudiumetspes-blog.pl\/wp-content\/uploads\/2019\/07\/avatar-JJ-150x150.jpg\",\"contentUrl\":\"https:\/\/gaudiumetspes-blog.pl\/wp-content\/uploads\/2019\/07\/avatar-JJ-150x150.jpg\",\"caption\":\"Ks. Jacek\"},\"description\":\"Witam serdecznie! K\u0142ania si\u0119 Ks. Jacek Ja\u015bkowski. Nie jestem ani kim\u015b wa\u017cnym, ani kim\u015b znanym. Jestem ksi\u0119dzem, kt\u00f3ry po prostu chce rozmawia\u0107. Codzienna kap\u0142a\u0144ska pos\u0142uga pokazuje mi, \u017ce temat\u00f3w do rozm\u00f3w z ksi\u0119dzem jest coraz wi\u0119cej i dzisiaj \u017caden ksi\u0105dz nie mo\u017ce od nich ucieka\u0107, ale - wprost przeciwnie - podejmowa\u0107 nowe wyzwania. To przekonanie sk\u0142oni\u0142o mnie do pr\u00f3by otwarcia tego\u017c bloga, chocia\u017c okazji do rozm\u00f3w na co dzie\u0144 - w konfesjonale i poza nim - na szcz\u0119\u015bcie nie brakuje. My\u015bl\u0119 jednak, \u017ce ten blog b\u0119dzie jeszcze jednym sposobem i przestrzeni\u0105 nawi\u0105zania kontaktu z lud\u017ami dobrej woli, otwartymi na dialog.\",\"url\":\"https:\/\/gaudiumetspes-blog.pl\/index.php\/author\/ks-jacek\/\"}]}<\/script>\n<!-- \/ Yoast SEO plugin. -->","yoast_head_json":{"title":"Ci Barankowi towarzysz\u0105... - Gaudium Et Spes","robots":{"index":"index","follow":"follow","max-snippet":"max-snippet:-1","max-image-preview":"max-image-preview:large","max-video-preview":"max-video-preview:-1"},"canonical":"https:\/\/gaudiumetspes-blog.pl\/index.php\/2018\/11\/26\/ci-barankowi-towarzysza\/","og_locale":"pl_PL","og_type":"article","og_title":"Ci Barankowi towarzysz\u0105... - Gaudium Et Spes","og_description":"Szcz\u0119\u015b\u0107 Bo\u017ce! Moi Drodzy, w dniu dzisiejszym urodziny prze\u017cywa Ksi\u0105dz Adrian Komar, z kt\u00f3rym w swoim czasie wsp\u00f3\u0142pracowa\u0142em w \u017belechowie, a teraz Ksi\u0105dz Adrian pracuje w Stanach Zjednoczonych. \u017bycz\u0119 Mu, aby zawsze szed\u0142 prost\u0105 drog\u0105 do Nieba \u2013 i innym pomaga\u0142 ni\u0105 i\u015b\u0107! Zapewniam o modlitwie. I \u017cycz\u0119 Wszystkim b\u0142ogos\u0142awionego dnia! Gaudium et spes! Ks. [&hellip;]","og_url":"https:\/\/gaudiumetspes-blog.pl\/index.php\/2018\/11\/26\/ci-barankowi-towarzysza\/","og_site_name":"Gaudium Et Spes","article_published_time":"2018-11-26T04:58:00+00:00","article_modified_time":"2019-07-31T10:57:52+00:00","author":"Ks. Jacek","twitter_card":"summary_large_image","twitter_misc":{"Napisane przez":"Ks. Jacek","Szacowany czas czytania":"5 minut"},"schema":{"@context":"https:\/\/schema.org","@graph":[{"@type":"WebPage","@id":"https:\/\/gaudiumetspes-blog.pl\/index.php\/2018\/11\/26\/ci-barankowi-towarzysza\/","url":"https:\/\/gaudiumetspes-blog.pl\/index.php\/2018\/11\/26\/ci-barankowi-towarzysza\/","name":"Ci Barankowi towarzysz\u0105... - Gaudium Et Spes","isPartOf":{"@id":"https:\/\/gaudiumetspes-blog.pl\/#website"},"datePublished":"2018-11-26T04:58:00+00:00","dateModified":"2019-07-31T10:57:52+00:00","author":{"@id":"https:\/\/gaudiumetspes-blog.pl\/#\/schema\/person\/1661982992b752dea8dff0d4ed845a65"},"breadcrumb":{"@id":"https:\/\/gaudiumetspes-blog.pl\/index.php\/2018\/11\/26\/ci-barankowi-towarzysza\/#breadcrumb"},"inLanguage":"pl-PL","potentialAction":[{"@type":"ReadAction","target":["https:\/\/gaudiumetspes-blog.pl\/index.php\/2018\/11\/26\/ci-barankowi-towarzysza\/"]}]},{"@type":"BreadcrumbList","@id":"https:\/\/gaudiumetspes-blog.pl\/index.php\/2018\/11\/26\/ci-barankowi-towarzysza\/#breadcrumb","itemListElement":[{"@type":"ListItem","position":1,"name":"Strona g\u0142\u00f3wna","item":"https:\/\/gaudiumetspes-blog.pl\/"},{"@type":"ListItem","position":2,"name":"Ci Barankowi towarzysz\u0105&#8230;"}]},{"@type":"WebSite","@id":"https:\/\/gaudiumetspes-blog.pl\/#website","url":"https:\/\/gaudiumetspes-blog.pl\/","name":"Gaudium Et Spes","description":"Blog Ks. Jacka Ja\u015bkowskiego","potentialAction":[{"@type":"SearchAction","target":{"@type":"EntryPoint","urlTemplate":"https:\/\/gaudiumetspes-blog.pl\/?s={search_term_string}"},"query-input":{"@type":"PropertyValueSpecification","valueRequired":true,"valueName":"search_term_string"}}],"inLanguage":"pl-PL"},{"@type":"Person","@id":"https:\/\/gaudiumetspes-blog.pl\/#\/schema\/person\/1661982992b752dea8dff0d4ed845a65","name":"Ks. Jacek","image":{"@type":"ImageObject","inLanguage":"pl-PL","@id":"https:\/\/gaudiumetspes-blog.pl\/#\/schema\/person\/image\/","url":"https:\/\/gaudiumetspes-blog.pl\/wp-content\/uploads\/2019\/07\/avatar-JJ-150x150.jpg","contentUrl":"https:\/\/gaudiumetspes-blog.pl\/wp-content\/uploads\/2019\/07\/avatar-JJ-150x150.jpg","caption":"Ks. Jacek"},"description":"Witam serdecznie! K\u0142ania si\u0119 Ks. Jacek Ja\u015bkowski. Nie jestem ani kim\u015b wa\u017cnym, ani kim\u015b znanym. Jestem ksi\u0119dzem, kt\u00f3ry po prostu chce rozmawia\u0107. Codzienna kap\u0142a\u0144ska pos\u0142uga pokazuje mi, \u017ce temat\u00f3w do rozm\u00f3w z ksi\u0119dzem jest coraz wi\u0119cej i dzisiaj \u017caden ksi\u0105dz nie mo\u017ce od nich ucieka\u0107, ale - wprost przeciwnie - podejmowa\u0107 nowe wyzwania. To przekonanie sk\u0142oni\u0142o mnie do pr\u00f3by otwarcia tego\u017c bloga, chocia\u017c okazji do rozm\u00f3w na co dzie\u0144 - w konfesjonale i poza nim - na szcz\u0119\u015bcie nie brakuje. My\u015bl\u0119 jednak, \u017ce ten blog b\u0119dzie jeszcze jednym sposobem i przestrzeni\u0105 nawi\u0105zania kontaktu z lud\u017ami dobrej woli, otwartymi na dialog.","url":"https:\/\/gaudiumetspes-blog.pl\/index.php\/author\/ks-jacek\/"}]}},"jetpack_featured_media_url":"","jetpack_sharing_enabled":true,"_links":{"self":[{"href":"https:\/\/gaudiumetspes-blog.pl\/index.php\/wp-json\/wp\/v2\/posts\/7099","targetHints":{"allow":["GET"]}}],"collection":[{"href":"https:\/\/gaudiumetspes-blog.pl\/index.php\/wp-json\/wp\/v2\/posts"}],"about":[{"href":"https:\/\/gaudiumetspes-blog.pl\/index.php\/wp-json\/wp\/v2\/types\/post"}],"author":[{"embeddable":true,"href":"https:\/\/gaudiumetspes-blog.pl\/index.php\/wp-json\/wp\/v2\/users\/1"}],"replies":[{"embeddable":true,"href":"https:\/\/gaudiumetspes-blog.pl\/index.php\/wp-json\/wp\/v2\/comments?post=7099"}],"version-history":[{"count":1,"href":"https:\/\/gaudiumetspes-blog.pl\/index.php\/wp-json\/wp\/v2\/posts\/7099\/revisions"}],"predecessor-version":[{"id":14490,"href":"https:\/\/gaudiumetspes-blog.pl\/index.php\/wp-json\/wp\/v2\/posts\/7099\/revisions\/14490"}],"wp:attachment":[{"href":"https:\/\/gaudiumetspes-blog.pl\/index.php\/wp-json\/wp\/v2\/media?parent=7099"}],"wp:term":[{"taxonomy":"category","embeddable":true,"href":"https:\/\/gaudiumetspes-blog.pl\/index.php\/wp-json\/wp\/v2\/categories?post=7099"},{"taxonomy":"post_tag","embeddable":true,"href":"https:\/\/gaudiumetspes-blog.pl\/index.php\/wp-json\/wp\/v2\/tags?post=7099"}],"curies":[{"name":"wp","href":"https:\/\/api.w.org\/{rel}","templated":true}]}}