{"id":7101,"date":"2018-11-24T05:58:00","date_gmt":"2018-11-24T04:58:00","guid":{"rendered":"https:\/\/gaudiumetspes-blog.pl\/index.php\/2018\/11\/24\/oto-dwaj-moi-swiadkowie\/"},"modified":"2019-07-31T12:57:52","modified_gmt":"2019-07-31T10:57:52","slug":"oto-dwaj-moi-swiadkowie","status":"publish","type":"post","link":"https:\/\/gaudiumetspes-blog.pl\/index.php\/2018\/11\/24\/oto-dwaj-moi-swiadkowie\/","title":{"rendered":"Oto dwaj moi \u015awiadkowie!"},"content":{"rendered":"<p><\/p>\n<div align=\"justify\" style=\"font-weight: normal; line-height: 150%; margin-bottom: 0cm;\">\nSzcz\u0119\u015b\u0107<br \/>\nBo\u017ce! Moi Drodzy, w dniu dzisiejszym <b>rocznic\u0119 \u015awi\u0119ce\u0144<br \/>\nbiskupich prze\u017cywa Ksi\u0105dz Arcybiskup Andrzej Dzi\u0119ga \u2013 w tamtym<br \/>\nczasie: Dziekan Wydzia\u0142u Prawa na KUL, na kt\u00f3rym studiowa\u0142em. <\/b>\n<\/div>\n<div align=\"justify\" style=\"background: transparent; line-height: 150%; margin-bottom: 0cm; page-break-before: auto; text-indent: 1.3cm;\">\n<b>Rocznic\u0119<br \/>\nzawarcia sakramentalnego Ma\u0142\u017ce\u0144stwa prze\u017cywaj\u0105 natomiast Pa\u0144stwo<br \/>\nTeresa i Marian Nowiccy, czyli moja Ciocia i m\u00f3j Wujek, mieszkaj\u0105cy<br \/>\nw Dzia\u0142dowie.<\/b><\/div>\n<div align=\"justify\" style=\"background: transparent; line-height: 150%; margin-bottom: 0cm; text-indent: 1.3cm;\">\n<b>Wszystkim<br \/>\n\u015bwi\u0119tuj\u0105cym dzisiaj \u017cycz\u0119 jak naj\u015bci\u015blejszej, osobistej,<br \/>\nserdecznej wi\u0119zi z Jezusem! I o tak\u0105 b\u0119d\u0119 si\u0119 dla Nich modli\u0142!<\/b><\/div>\n<div align=\"justify\" style=\"background: transparent; font-weight: normal; line-height: 150%; margin-bottom: 0cm; text-indent: 1.3cm;\">\nZapraszam<br \/>\ndo rozwa\u017cenia dzisiejszego Bo\u017cego s\u0142owa. Pomoc\u0105 niech nam pos\u0142u\u017cy<br \/>\n\u2013 jak w ka\u017cd\u0105 sobot\u0119 \u2013 s\u0142\u00f3wko Jakuba, kt\u00f3remu dzi\u0119kuj\u0119 za<br \/>\nsolidno\u015b\u0107 i wierno\u015b\u0107 podj\u0119temu dobrowolnie zadaniu!<\/div>\n<div align=\"center\" style=\"font-weight: normal; line-height: 150%; margin-bottom: 0cm;\">\nGaudium<br \/>\net spes!  Ks. Jacek<\/div>\n<div align=\"justify\" style=\"line-height: 150%; margin-bottom: 0cm;\">\n<\/p>\n<\/div>\n<div align=\"justify\" style=\"line-height: 150%; margin-bottom: 0cm;\">\n<b>Sobota<br \/>\n33 Tygodnia zwyk\u0142ego, rok II,<\/b><\/div>\n<div align=\"justify\" style=\"line-height: 150%; margin-bottom: 0cm;\">\n<b>Wspomnienie<br \/>\n\u015awi\u0119tych M\u0119czennik\u00f3w: <\/b>\n<\/div>\n<div align=\"justify\" style=\"line-height: 150%; margin-bottom: 0cm;\">\n<b>Andrzeja<br \/>\nDung\u2013Lac, Kap\u0142ana i Towarzyszy,<\/b><\/div>\n<div align=\"justify\" style=\"line-height: 150%; margin-bottom: 0cm;\">\n<b>do<br \/>\nczyta\u0144:  Ap 11,4\u201312;  \u0141k 20,27\u201340<\/b><\/div>\n<div align=\"justify\" style=\"line-height: 150%; margin-bottom: 0cm;\">\n<\/p>\n<\/div>\n<div align=\"justify\" style=\"font-style: normal; font-variant: normal; letter-spacing: normal; line-height: 150%; margin-bottom: 0cm;\">\n<b>CZYTANIE<br \/>\nZ KSI\u0118GI APOKALIPSY \u015aWI\u0118TEGO JANA APOSTO\u0141A:<\/b><\/div>\n<div align=\"justify\" style=\"background: transparent; font-style: normal; font-variant: normal; letter-spacing: normal; line-height: 150%; margin-bottom: 0cm; page-break-before: auto; text-indent: 1.3cm;\">\n<b>Mnie,<br \/>\nJanowi, powiedziano: \u201eOto dwaj moi \u015awiadkowie; oni s\u0105 dwoma<br \/>\ndrzewami oliwnymi i dwoma \u015bwiecznikami, co staj\u0105 przed Panem ziemi.<br \/>\nA je\u015bli kto chce ich skrzywdzi\u0107, ogie\u0144 wychodzi z ich ust i po\u017cera<br \/>\nich wrog\u00f3w. I je\u015bliby zechcia\u0142 ktokolwiek ich skrzywdzi\u0107, w ten<br \/>\nspos\u00f3b musi by\u0107 zabity. Maj\u0105 oni w\u0142adz\u0119 zamkn\u0105\u0107 niebo, by<br \/>\ndeszcz nie zrasza\u0142 dni ich prorokowania, i maj\u0105 w\u0142adz\u0119 nad<br \/>\nwodami, by w krew je przemieni\u0107, i wszelk\u0105 plag\u0105 uderzy\u0107 ziemi\u0119,<br \/>\nilekro\u0107 zechc\u0105.<\/b><\/div>\n<div align=\"justify\" style=\"background: transparent; font-style: normal; font-variant: normal; letter-spacing: normal; line-height: 150%; margin-bottom: 0cm; text-indent: 1.3cm;\">\n<b>A<br \/>\ngdy dope\u0142ni\u0105 swojego \u015bwiadectwa, Bestia, kt\u00f3ra wychodzi z<br \/>\nCzelu\u015bci, wyda im wojn\u0119, zwyci\u0119\u017cy ich i zabije. A zw\u0142oki ich<br \/>\nle\u017ce\u0107 b\u0119d\u0105 na placu wielkiego miasta, kt\u00f3re duchowo zwie si\u0119<br \/>\nSodoma i Egipt, gdzie tak\u017ce ukrzy\u017cowano ich Pana. I spo\u015br\u00f3d<br \/>\nlud\u00f3w, szczep\u00f3w, j\u0119zyk\u00f3w i narod\u00f3w przez trzy i p\u00f3\u0142 dnia<br \/>\nogl\u0105daj\u0105 ich zw\u0142oki, a zw\u0142ok ich nie zezwalaj\u0105 z\u0142o\u017cy\u0107 do<br \/>\ngrobu. Wobec nich mieszka\u0144cy ziemi ciesz\u0105 si\u0119 i raduj\u0105; i dary<br \/>\nsobie nawzajem b\u0119d\u0105 przesy\u0142ali, bo ci dwaj prorocy mieszka\u0144com<br \/>\nziemi zadali katuszy.<\/b><\/div>\n<div align=\"justify\" style=\"background: transparent; font-style: normal; font-variant: normal; letter-spacing: normal; line-height: 150%; margin-bottom: 0cm; text-indent: 1.3cm;\">\n<b>A<br \/>\npo trzech i p\u00f3\u0142 dniach duch \u017cycia z Boga w nich wst\u0105pi\u0142 i<br \/>\nstan\u0119li na nogi. A wielki strach pad\u0142 na tych, co ich ogl\u0105dali.<\/b><\/div>\n<div align=\"justify\" style=\"background: transparent; font-style: normal; font-variant: normal; letter-spacing: normal; line-height: 150%; margin-bottom: 0cm; text-indent: 1.3cm;\">\n<b>I<br \/>\npos\u0142yszeli dono\u015bny g\u0142os z nieba do nich m\u00f3wi\u0105cy: \u00abWst\u0105pcie<br \/>\ntutaj\u00bb. I w ob\u0142oku wst\u0105pili do nieba, a ich wrogowie zobaczyli<br \/>\nich\u201d. <\/b>\n<\/div>\n<div align=\"justify\" style=\"font-style: normal; font-variant: normal; letter-spacing: normal; line-height: 150%; margin-bottom: 0cm;\">\n<\/p>\n<\/div>\n<div align=\"justify\" style=\"font-style: normal; font-variant: normal; letter-spacing: normal; line-height: 150%; margin-bottom: 0cm;\">\n<b>S\u0141OWA<br \/>\nEWANGELII WED\u0141UG \u015aWI\u0118TEGO \u0141UKASZA:<\/b><\/div>\n<div align=\"justify\" style=\"background: transparent; line-height: 150%; margin-bottom: 0cm; page-break-before: auto; text-indent: 1.3cm;\">\n<b>Podesz\u0142o<br \/>\ndo Jezusa kilku saduceusz\u00f3w, kt\u00f3rzy twierdz\u0105, \u017ce nie ma<br \/>\nzmartwychwstania, i zagadn\u0119li Go w ten spos\u00f3b: \u201eNauczycielu,<br \/>\nMoj\u017cesz tak nam przepisa\u0142: \u00abJe\u015bli umrze czyj\u015b brat, kt\u00f3ry mia\u0142<br \/>\n\u017con\u0119, a by\u0142 bezdzietny, niech jego brat we\u017amie wdow\u0119 i niech<br \/>\nwzbudzi potomstwo swemu bratu\u00bb. Ot\u00f3\u017c by\u0142o siedmiu braci. Pierwszy<br \/>\nwzi\u0105\u0142 \u017con\u0119 i umar\u0142 bezdzietnie. Wzi\u0105\u0142 j\u0105 drugi, a potem<br \/>\ntrzeci, i tak wszyscy pomarli, nie zostawiwszy dzieci. W ko\u0144cu<br \/>\numar\u0142a ta kobieta. Przy zmartwychwstaniu wi\u0119c kt\u00f3rego z nich<br \/>\nb\u0119dzie \u017con\u0105? Wszyscy siedmiu bowiem mieli j\u0105 za \u017con\u0119\u201d.<\/b><\/div>\n<div align=\"justify\" style=\"background: transparent; font-style: normal; font-variant: normal; letter-spacing: normal; line-height: 150%; margin-bottom: 0cm; text-indent: 1.3cm;\">\n<b>Jezus<br \/>\nim odpowiedzia\u0142: \u201eDzieci tego \u015bwiata \u017ceni\u0105 si\u0119 i za m\u0105\u017c<br \/>\nwychodz\u0105. Lecz ci, kt\u00f3rzy uznani zostan\u0105 za godnych udzia\u0142u w<br \/>\n\u015bwiecie przysz\u0142ym i w powstaniu z martwych, ani si\u0119 \u017ceni\u0107 nie<br \/>\nb\u0119d\u0105, ani za m\u0105\u017c wychodzi\u0107. Ju\u017c bowiem umrze\u0107 nie mog\u0105, gdy\u017c<br \/>\ns\u0105 r\u00f3wni anio\u0142om i s\u0105 dzie\u0107mi Bo\u017cymi, b\u0119d\u0105c uczestnikami<br \/>\nzmartwychwstania\u201d.<\/b><\/div>\n<div align=\"justify\" style=\"background: transparent; font-style: normal; font-variant: normal; letter-spacing: normal; line-height: 150%; margin-bottom: 0cm; text-indent: 1.3cm;\">\n<b>A<br \/>\n\u017ce umarli zmartwychwstaj\u0105, to i Moj\u017cesz zaznaczy\u0142 tam, gdzie jest<br \/>\nmowa o krzaku, gdy Pana nazywa \u00abBogiem Abrahama, Bogiem Izaaka i<br \/>\nBogiem Jakuba\u00bb. B\u00f3g nie jest Bogiem umar\u0142ych, lecz \u017cywych;<br \/>\nwszyscy bowiem dla Niego \u017cyj\u0105\u00bb.<\/b><\/div>\n<div align=\"justify\" style=\"background: transparent; font-style: normal; font-variant: normal; letter-spacing: normal; line-height: 150%; margin-bottom: 0cm; text-indent: 1.3cm;\">\n<b>Na<br \/>\nto rzekli niekt\u00f3rzy z uczonych w Pi\u015bmie: \u201eNauczycielu, dobrze<br \/>\npowiedzia\u0142e\u015b\u201d, bo o nic nie \u015bmieli Go ju\u017c pyta\u0107. <\/b>\n<\/div>\n<div align=\"justify\" style=\"line-height: 150%; margin-bottom: 0cm;\">\n<\/p>\n<\/div>\n<div align=\"center\" style=\"background: transparent; font-variant: normal; letter-spacing: normal; line-height: 150%; margin-bottom: 0cm; page-break-before: auto;\">\n<b>A<br \/>\nOTO S\u0141\u00d3WKO JAKUBA:<\/b><\/div>\n<div align=\"justify\" style=\"background: transparent; font-variant: normal; letter-spacing: normal; line-height: 150%; margin-bottom: 0cm; text-indent: 1.3cm;\">\n<\/p>\n<\/div>\n<div align=\"justify\" style=\"background: transparent; font-variant: normal; letter-spacing: normal; line-height: 150%; margin-bottom: 0cm; text-indent: 1.3cm;\">\nDzisiejsza<br \/>\nliturgia zawiera w sobie fragment z Apokalipsy \u015awi\u0119tego Jana<br \/>\nAposto\u0142a. Jest to o tyle ciekawa ksi\u0119ga, \u017ce ukazuje<br \/>\nogromn\u0105 ilo\u015b\u0107 przer\u00f3\u017cnych symboli, zwi\u0105zanych z Dniem<br \/>\nOstatecznym. I w\u0142a\u015bnie jednym z tych symboli s\u0105 \u015bwieczniki i<br \/>\ndrzewa oliwne. Wa\u017cne jest to, aby zauwa\u017cy\u0107, \u017ce tych \u015bwiadk\u00f3w,<br \/>\nkt\u00f3rych<br \/>\nsymbolizuj\u0105 owe \u015bwieczniki i drzewa,<br \/>\nby\u0142o dw\u00f3ch, czyli dok\u0142adnie tylu, ilu wymagano w Pi\u015bmie \u015awi\u0119tym,<br \/>\n\u017ceby uwiarygodni\u0107 zeznania. S\u0105 to postaci, kt\u00f3rych umi\u0142owa\u0142<br \/>\nsobie B\u00f3g. To ci, kt\u00f3rzy wype\u0142niaj\u0105 wol\u0119 Bo\u017c\u0105, s\u0105 Jego<br \/>\n\u015bwiadkami.<\/div>\n<div align=\"justify\" style=\"background: transparent; font-variant: normal; letter-spacing: normal; line-height: 150%; margin-bottom: 0cm; text-indent: 1.3cm;\">\nW<br \/>\ntym fragmencie Apokalipsy zostaje szczeg\u00f3lnie podkre\u015blona misja<br \/>\nprorocka Ko\u015bcio\u0142a. Ka\u017cdy, kto przyj\u0105\u0142 chrzest, podejmuje si\u0119<br \/>\ntej misji. Jego zadaniem jest w\u00f3wczas<br \/>\nodwa\u017cne<br \/>\n\u015bwiadczenie o Chrystusie i g\u0142oszenie Dobrej Nowiny. Musimy wiernie<br \/>\ntrwa\u0107 przy Jezusie, wraz z nim d\u017awiga\u0107 krzy\u017c, a jak wynika z<br \/>\ntre\u015bci czytania, musimy tak\u017ce za wiar\u0119 w Zbawiciela odda\u0107 \u017cycie.<br \/>\nTo jest nasza ofiara, kt\u00f3r\u0105 sk\u0142adamy na o\u0142tarzu. Tak wype\u0142nia<br \/>\nsi\u0119 nasza misja kap\u0142a\u0144ska. Mamy za zadanie ofiarowywa\u0107 wszystko<br \/>\ndla Boga. Ka\u017cde cierpienie, ka\u017cdy b\u00f3l, ale tak\u017ce ka\u017cda nasza<br \/>\nrado\u015b\u0107 i szcz\u0119\u015bcie \u2013<br \/>\npowinny<br \/>\nby\u0107 ofiarowane Stw\u00f3rcy.<\/div>\n<div align=\"justify\" style=\"background: transparent; font-variant: normal; letter-spacing: normal; line-height: 150%; margin-bottom: 0cm; text-indent: 1.3cm;\">\nPo<br \/>\n\u015bmierci wiernych<br \/>\n\u015bwiadk\u00f3w Jezusa,<br \/>\nsymbolizowanych<br \/>\nprzez wspomniane ju\u017c<br \/>\ndrzewa<br \/>\ni \u015bwieczniki,<br \/>\nbezbo\u017cnicy b\u0119d\u0105 si\u0119 radowa\u0107, bowiem oni uznaj\u0105<br \/>\nsi\u0119 za zwyci\u0119zc\u00f3w.<br \/>\nIch my\u015blenie jest jednak<br \/>\nstrasznie<br \/>\nograniczone. S\u0105 zbyt mocno przywi\u0105zani do \u015bwiata doczesnego. Nie<br \/>\ndostrzeg\u0105 tego, \u017ce przez swoj\u0105 niewierno\u015b\u0107 strac\u0105 szans\u0119<br \/>\nna zbawienie. Po trzech i p\u00f3\u0142 dniach<br \/>\nJezus Chrystus da<br \/>\ntym,<br \/>\nkt\u00f3rzy s\u0105 Mu<br \/>\nwierni, a wi\u0119c poleg\u0142ym<br \/>\nw walce z Besti\u0105 \u2013<br \/>\nnowe<br \/>\n\u017cycie. Ale nie to \u017cycie ziemskie. Ka\u017cdy z nich otrzyma pe\u0142ne<br \/>\n\u017cycie, \u017cycie niesko\u0144czone i potem wsp\u00f3lnie trafi\u0105 do nieba,<br \/>\nwyczekiwanej Ojczyzny niebieskiej.<\/div>\n<div align=\"justify\" style=\"background: transparent; font-variant: normal; letter-spacing: normal; line-height: 150%; margin-bottom: 0cm; page-break-before: auto; text-indent: 1.3cm;\">\nW<br \/>\ndzisiejszej Ewangelii saduceusze znowu pr\u00f3buj\u0105 jako\u015b podej\u015b\u0107<br \/>\nJezusa tak, aby podwa\u017cy\u0107 Jego nauk\u0119. Opowiadaj\u0105 Mu pewn\u0105<br \/>\nhistori\u0119 o tym jak kobieta mia\u0142a siedmiu m\u0119\u017c\u00f3w, byli oni bra\u0107mi<br \/>\ni \u017cenili si\u0119 z ni\u0105 tu\u017c po tym, gdy umiera\u0142 poprzedni \u2013<br \/>\ntak,<br \/>\naby wreszcie<br \/>\nda\u0107<br \/>\npotomstwo swojemu bratu. Podst\u0119pni<br \/>\nrozm\u00f3wcy pytaj\u0105<br \/>\nwi\u0119c Jezusa,<br \/>\nkto b\u0119dzie m\u0119\u017cem tej kobiety po zmartwychwstaniu. Jezus wtedy<br \/>\nwyja\u015bni\u0142 istot\u0119 \u017cycia w Kr\u00f3lestwie Bo\u017cym.\n<\/div>\n<div align=\"justify\" style=\"background: transparent; font-variant: normal; letter-spacing: normal; line-height: 150%; margin-bottom: 0cm; text-indent: 1.3cm;\">\nTam<br \/>\nnikt nie b\u0119dzie bra\u0142 \u015blubu, \u017cycie w niebie b\u0119dzie wygl\u0105da\u0142o<br \/>\nzupe\u0142nie inaczej, a b\u0119dzie ono g\u0142\u00f3wnie polega\u0142o na oddawaniu<br \/>\nchwa\u0142y Najwy\u017cszemu. \u017bycie wieczne nadal pozostaje tajemnic\u0105 dla<br \/>\nnas, wi\u0119c niewiele mo\u017cna o nim powiedzie\u0107, ale nie zmienia to<br \/>\nfaktu, \u017ce jest oczekiwanym szcz\u0119\u015bciem wiecznym.<\/div>\n<div align=\"justify\" style=\"background: transparent; font-variant: normal; letter-spacing: normal; line-height: 150%; margin-bottom: 0cm; text-indent: 1.3cm;\">\nCzy<br \/>\nwype\u0142niam misje, kt\u00f3re zosta\u0142y mi powierzone podczas chrztu:<br \/>\nkap\u0142a\u0144sk\u0105, prorock\u0105 i kr\u00f3lewsk\u0105? Czy sk\u0142adam Bogu w ofierze<br \/>\nswoje \u017cycie, wszystkie rado\u015bci i smutki? Czy oczekuj\u0119 na<br \/>\nzbawienie?<\/div>\n","protected":false},"excerpt":{"rendered":"<p>Szcz\u0119\u015b\u0107 Bo\u017ce! Moi Drodzy, w dniu dzisiejszym rocznic\u0119 \u015awi\u0119ce\u0144 biskupich prze\u017cywa Ksi\u0105dz Arcybiskup Andrzej Dzi\u0119ga \u2013 w tamtym czasie: Dziekan Wydzia\u0142u Prawa na KUL, na kt\u00f3rym studiowa\u0142em. Rocznic\u0119 zawarcia sakramentalnego Ma\u0142\u017ce\u0144stwa prze\u017cywaj\u0105 natomiast Pa\u0144stwo Teresa i Marian Nowiccy, czyli moja Ciocia i m\u00f3j Wujek, mieszkaj\u0105cy w Dzia\u0142dowie. Wszystkim \u015bwi\u0119tuj\u0105cym dzisiaj \u017cycz\u0119 jak naj\u015bci\u015blejszej, osobistej, serdecznej [&hellip;]<\/p>\n","protected":false},"author":1,"featured_media":0,"comment_status":"open","ping_status":"open","sticky":false,"template":"","format":"standard","meta":{"jetpack_post_was_ever_published":false,"_jetpack_newsletter_access":"","_jetpack_dont_email_post_to_subs":false,"_jetpack_newsletter_tier_id":0,"_jetpack_memberships_contains_paywalled_content":false,"_jetpack_memberships_contains_paid_content":false,"footnotes":""},"categories":[1],"tags":[],"class_list":["post-7101","post","type-post","status-publish","format-standard","hentry","category-bez-kategorii"],"yoast_head":"<!-- This site is optimized with the Yoast SEO plugin v25.1 - https:\/\/yoast.com\/wordpress\/plugins\/seo\/ -->\n<title>Oto dwaj moi \u015awiadkowie! - Gaudium Et Spes<\/title>\n<meta name=\"robots\" content=\"index, follow, max-snippet:-1, max-image-preview:large, max-video-preview:-1\" \/>\n<link rel=\"canonical\" href=\"https:\/\/gaudiumetspes-blog.pl\/index.php\/2018\/11\/24\/oto-dwaj-moi-swiadkowie\/\" \/>\n<meta property=\"og:locale\" content=\"pl_PL\" \/>\n<meta property=\"og:type\" content=\"article\" \/>\n<meta property=\"og:title\" content=\"Oto dwaj moi \u015awiadkowie! - Gaudium Et Spes\" \/>\n<meta property=\"og:description\" content=\"Szcz\u0119\u015b\u0107 Bo\u017ce! Moi Drodzy, w dniu dzisiejszym rocznic\u0119 \u015awi\u0119ce\u0144 biskupich prze\u017cywa Ksi\u0105dz Arcybiskup Andrzej Dzi\u0119ga \u2013 w tamtym czasie: Dziekan Wydzia\u0142u Prawa na KUL, na kt\u00f3rym studiowa\u0142em. Rocznic\u0119 zawarcia sakramentalnego Ma\u0142\u017ce\u0144stwa prze\u017cywaj\u0105 natomiast Pa\u0144stwo Teresa i Marian Nowiccy, czyli moja Ciocia i m\u00f3j Wujek, mieszkaj\u0105cy w Dzia\u0142dowie. Wszystkim \u015bwi\u0119tuj\u0105cym dzisiaj \u017cycz\u0119 jak naj\u015bci\u015blejszej, osobistej, serdecznej [&hellip;]\" \/>\n<meta property=\"og:url\" content=\"https:\/\/gaudiumetspes-blog.pl\/index.php\/2018\/11\/24\/oto-dwaj-moi-swiadkowie\/\" \/>\n<meta property=\"og:site_name\" content=\"Gaudium Et Spes\" \/>\n<meta property=\"article:published_time\" content=\"2018-11-24T04:58:00+00:00\" \/>\n<meta property=\"article:modified_time\" content=\"2019-07-31T10:57:52+00:00\" \/>\n<meta name=\"author\" content=\"Ks. Jacek\" \/>\n<meta name=\"twitter:card\" content=\"summary_large_image\" \/>\n<meta name=\"twitter:label1\" content=\"Napisane przez\" \/>\n\t<meta name=\"twitter:data1\" content=\"Ks. Jacek\" \/>\n\t<meta name=\"twitter:label2\" content=\"Szacowany czas czytania\" \/>\n\t<meta name=\"twitter:data2\" content=\"6 minut\" \/>\n<script type=\"application\/ld+json\" class=\"yoast-schema-graph\">{\"@context\":\"https:\/\/schema.org\",\"@graph\":[{\"@type\":\"WebPage\",\"@id\":\"https:\/\/gaudiumetspes-blog.pl\/index.php\/2018\/11\/24\/oto-dwaj-moi-swiadkowie\/\",\"url\":\"https:\/\/gaudiumetspes-blog.pl\/index.php\/2018\/11\/24\/oto-dwaj-moi-swiadkowie\/\",\"name\":\"Oto dwaj moi \u015awiadkowie! - Gaudium Et Spes\",\"isPartOf\":{\"@id\":\"https:\/\/gaudiumetspes-blog.pl\/#website\"},\"datePublished\":\"2018-11-24T04:58:00+00:00\",\"dateModified\":\"2019-07-31T10:57:52+00:00\",\"author\":{\"@id\":\"https:\/\/gaudiumetspes-blog.pl\/#\/schema\/person\/1661982992b752dea8dff0d4ed845a65\"},\"breadcrumb\":{\"@id\":\"https:\/\/gaudiumetspes-blog.pl\/index.php\/2018\/11\/24\/oto-dwaj-moi-swiadkowie\/#breadcrumb\"},\"inLanguage\":\"pl-PL\",\"potentialAction\":[{\"@type\":\"ReadAction\",\"target\":[\"https:\/\/gaudiumetspes-blog.pl\/index.php\/2018\/11\/24\/oto-dwaj-moi-swiadkowie\/\"]}]},{\"@type\":\"BreadcrumbList\",\"@id\":\"https:\/\/gaudiumetspes-blog.pl\/index.php\/2018\/11\/24\/oto-dwaj-moi-swiadkowie\/#breadcrumb\",\"itemListElement\":[{\"@type\":\"ListItem\",\"position\":1,\"name\":\"Strona g\u0142\u00f3wna\",\"item\":\"https:\/\/gaudiumetspes-blog.pl\/\"},{\"@type\":\"ListItem\",\"position\":2,\"name\":\"Oto dwaj moi \u015awiadkowie!\"}]},{\"@type\":\"WebSite\",\"@id\":\"https:\/\/gaudiumetspes-blog.pl\/#website\",\"url\":\"https:\/\/gaudiumetspes-blog.pl\/\",\"name\":\"Gaudium Et Spes\",\"description\":\"Blog Ks. Jacka Ja\u015bkowskiego\",\"potentialAction\":[{\"@type\":\"SearchAction\",\"target\":{\"@type\":\"EntryPoint\",\"urlTemplate\":\"https:\/\/gaudiumetspes-blog.pl\/?s={search_term_string}\"},\"query-input\":{\"@type\":\"PropertyValueSpecification\",\"valueRequired\":true,\"valueName\":\"search_term_string\"}}],\"inLanguage\":\"pl-PL\"},{\"@type\":\"Person\",\"@id\":\"https:\/\/gaudiumetspes-blog.pl\/#\/schema\/person\/1661982992b752dea8dff0d4ed845a65\",\"name\":\"Ks. Jacek\",\"image\":{\"@type\":\"ImageObject\",\"inLanguage\":\"pl-PL\",\"@id\":\"https:\/\/gaudiumetspes-blog.pl\/#\/schema\/person\/image\/\",\"url\":\"https:\/\/gaudiumetspes-blog.pl\/wp-content\/uploads\/2019\/07\/avatar-JJ-150x150.jpg\",\"contentUrl\":\"https:\/\/gaudiumetspes-blog.pl\/wp-content\/uploads\/2019\/07\/avatar-JJ-150x150.jpg\",\"caption\":\"Ks. Jacek\"},\"description\":\"Witam serdecznie! K\u0142ania si\u0119 Ks. Jacek Ja\u015bkowski. Nie jestem ani kim\u015b wa\u017cnym, ani kim\u015b znanym. Jestem ksi\u0119dzem, kt\u00f3ry po prostu chce rozmawia\u0107. Codzienna kap\u0142a\u0144ska pos\u0142uga pokazuje mi, \u017ce temat\u00f3w do rozm\u00f3w z ksi\u0119dzem jest coraz wi\u0119cej i dzisiaj \u017caden ksi\u0105dz nie mo\u017ce od nich ucieka\u0107, ale - wprost przeciwnie - podejmowa\u0107 nowe wyzwania. To przekonanie sk\u0142oni\u0142o mnie do pr\u00f3by otwarcia tego\u017c bloga, chocia\u017c okazji do rozm\u00f3w na co dzie\u0144 - w konfesjonale i poza nim - na szcz\u0119\u015bcie nie brakuje. My\u015bl\u0119 jednak, \u017ce ten blog b\u0119dzie jeszcze jednym sposobem i przestrzeni\u0105 nawi\u0105zania kontaktu z lud\u017ami dobrej woli, otwartymi na dialog.\",\"url\":\"https:\/\/gaudiumetspes-blog.pl\/index.php\/author\/ks-jacek\/\"}]}<\/script>\n<!-- \/ Yoast SEO plugin. -->","yoast_head_json":{"title":"Oto dwaj moi \u015awiadkowie! - Gaudium Et Spes","robots":{"index":"index","follow":"follow","max-snippet":"max-snippet:-1","max-image-preview":"max-image-preview:large","max-video-preview":"max-video-preview:-1"},"canonical":"https:\/\/gaudiumetspes-blog.pl\/index.php\/2018\/11\/24\/oto-dwaj-moi-swiadkowie\/","og_locale":"pl_PL","og_type":"article","og_title":"Oto dwaj moi \u015awiadkowie! - Gaudium Et Spes","og_description":"Szcz\u0119\u015b\u0107 Bo\u017ce! Moi Drodzy, w dniu dzisiejszym rocznic\u0119 \u015awi\u0119ce\u0144 biskupich prze\u017cywa Ksi\u0105dz Arcybiskup Andrzej Dzi\u0119ga \u2013 w tamtym czasie: Dziekan Wydzia\u0142u Prawa na KUL, na kt\u00f3rym studiowa\u0142em. Rocznic\u0119 zawarcia sakramentalnego Ma\u0142\u017ce\u0144stwa prze\u017cywaj\u0105 natomiast Pa\u0144stwo Teresa i Marian Nowiccy, czyli moja Ciocia i m\u00f3j Wujek, mieszkaj\u0105cy w Dzia\u0142dowie. Wszystkim \u015bwi\u0119tuj\u0105cym dzisiaj \u017cycz\u0119 jak naj\u015bci\u015blejszej, osobistej, serdecznej [&hellip;]","og_url":"https:\/\/gaudiumetspes-blog.pl\/index.php\/2018\/11\/24\/oto-dwaj-moi-swiadkowie\/","og_site_name":"Gaudium Et Spes","article_published_time":"2018-11-24T04:58:00+00:00","article_modified_time":"2019-07-31T10:57:52+00:00","author":"Ks. Jacek","twitter_card":"summary_large_image","twitter_misc":{"Napisane przez":"Ks. Jacek","Szacowany czas czytania":"6 minut"},"schema":{"@context":"https:\/\/schema.org","@graph":[{"@type":"WebPage","@id":"https:\/\/gaudiumetspes-blog.pl\/index.php\/2018\/11\/24\/oto-dwaj-moi-swiadkowie\/","url":"https:\/\/gaudiumetspes-blog.pl\/index.php\/2018\/11\/24\/oto-dwaj-moi-swiadkowie\/","name":"Oto dwaj moi \u015awiadkowie! - Gaudium Et Spes","isPartOf":{"@id":"https:\/\/gaudiumetspes-blog.pl\/#website"},"datePublished":"2018-11-24T04:58:00+00:00","dateModified":"2019-07-31T10:57:52+00:00","author":{"@id":"https:\/\/gaudiumetspes-blog.pl\/#\/schema\/person\/1661982992b752dea8dff0d4ed845a65"},"breadcrumb":{"@id":"https:\/\/gaudiumetspes-blog.pl\/index.php\/2018\/11\/24\/oto-dwaj-moi-swiadkowie\/#breadcrumb"},"inLanguage":"pl-PL","potentialAction":[{"@type":"ReadAction","target":["https:\/\/gaudiumetspes-blog.pl\/index.php\/2018\/11\/24\/oto-dwaj-moi-swiadkowie\/"]}]},{"@type":"BreadcrumbList","@id":"https:\/\/gaudiumetspes-blog.pl\/index.php\/2018\/11\/24\/oto-dwaj-moi-swiadkowie\/#breadcrumb","itemListElement":[{"@type":"ListItem","position":1,"name":"Strona g\u0142\u00f3wna","item":"https:\/\/gaudiumetspes-blog.pl\/"},{"@type":"ListItem","position":2,"name":"Oto dwaj moi \u015awiadkowie!"}]},{"@type":"WebSite","@id":"https:\/\/gaudiumetspes-blog.pl\/#website","url":"https:\/\/gaudiumetspes-blog.pl\/","name":"Gaudium Et Spes","description":"Blog Ks. Jacka Ja\u015bkowskiego","potentialAction":[{"@type":"SearchAction","target":{"@type":"EntryPoint","urlTemplate":"https:\/\/gaudiumetspes-blog.pl\/?s={search_term_string}"},"query-input":{"@type":"PropertyValueSpecification","valueRequired":true,"valueName":"search_term_string"}}],"inLanguage":"pl-PL"},{"@type":"Person","@id":"https:\/\/gaudiumetspes-blog.pl\/#\/schema\/person\/1661982992b752dea8dff0d4ed845a65","name":"Ks. Jacek","image":{"@type":"ImageObject","inLanguage":"pl-PL","@id":"https:\/\/gaudiumetspes-blog.pl\/#\/schema\/person\/image\/","url":"https:\/\/gaudiumetspes-blog.pl\/wp-content\/uploads\/2019\/07\/avatar-JJ-150x150.jpg","contentUrl":"https:\/\/gaudiumetspes-blog.pl\/wp-content\/uploads\/2019\/07\/avatar-JJ-150x150.jpg","caption":"Ks. Jacek"},"description":"Witam serdecznie! K\u0142ania si\u0119 Ks. Jacek Ja\u015bkowski. Nie jestem ani kim\u015b wa\u017cnym, ani kim\u015b znanym. Jestem ksi\u0119dzem, kt\u00f3ry po prostu chce rozmawia\u0107. Codzienna kap\u0142a\u0144ska pos\u0142uga pokazuje mi, \u017ce temat\u00f3w do rozm\u00f3w z ksi\u0119dzem jest coraz wi\u0119cej i dzisiaj \u017caden ksi\u0105dz nie mo\u017ce od nich ucieka\u0107, ale - wprost przeciwnie - podejmowa\u0107 nowe wyzwania. To przekonanie sk\u0142oni\u0142o mnie do pr\u00f3by otwarcia tego\u017c bloga, chocia\u017c okazji do rozm\u00f3w na co dzie\u0144 - w konfesjonale i poza nim - na szcz\u0119\u015bcie nie brakuje. My\u015bl\u0119 jednak, \u017ce ten blog b\u0119dzie jeszcze jednym sposobem i przestrzeni\u0105 nawi\u0105zania kontaktu z lud\u017ami dobrej woli, otwartymi na dialog.","url":"https:\/\/gaudiumetspes-blog.pl\/index.php\/author\/ks-jacek\/"}]}},"jetpack_featured_media_url":"","jetpack_sharing_enabled":true,"_links":{"self":[{"href":"https:\/\/gaudiumetspes-blog.pl\/index.php\/wp-json\/wp\/v2\/posts\/7101","targetHints":{"allow":["GET"]}}],"collection":[{"href":"https:\/\/gaudiumetspes-blog.pl\/index.php\/wp-json\/wp\/v2\/posts"}],"about":[{"href":"https:\/\/gaudiumetspes-blog.pl\/index.php\/wp-json\/wp\/v2\/types\/post"}],"author":[{"embeddable":true,"href":"https:\/\/gaudiumetspes-blog.pl\/index.php\/wp-json\/wp\/v2\/users\/1"}],"replies":[{"embeddable":true,"href":"https:\/\/gaudiumetspes-blog.pl\/index.php\/wp-json\/wp\/v2\/comments?post=7101"}],"version-history":[{"count":1,"href":"https:\/\/gaudiumetspes-blog.pl\/index.php\/wp-json\/wp\/v2\/posts\/7101\/revisions"}],"predecessor-version":[{"id":14488,"href":"https:\/\/gaudiumetspes-blog.pl\/index.php\/wp-json\/wp\/v2\/posts\/7101\/revisions\/14488"}],"wp:attachment":[{"href":"https:\/\/gaudiumetspes-blog.pl\/index.php\/wp-json\/wp\/v2\/media?parent=7101"}],"wp:term":[{"taxonomy":"category","embeddable":true,"href":"https:\/\/gaudiumetspes-blog.pl\/index.php\/wp-json\/wp\/v2\/categories?post=7101"},{"taxonomy":"post_tag","embeddable":true,"href":"https:\/\/gaudiumetspes-blog.pl\/index.php\/wp-json\/wp\/v2\/tags?post=7101"}],"curies":[{"name":"wp","href":"https:\/\/api.w.org\/{rel}","templated":true}]}}