{"id":7106,"date":"2018-11-19T07:38:00","date_gmt":"2018-11-19T06:38:00","guid":{"rendered":"https:\/\/gaudiumetspes-blog.pl\/index.php\/2018\/11\/19\/pierwsze-czyny-podejmij\/"},"modified":"2019-07-31T12:57:51","modified_gmt":"2019-07-31T10:57:51","slug":"pierwsze-czyny-podejmij","status":"publish","type":"post","link":"https:\/\/gaudiumetspes-blog.pl\/index.php\/2018\/11\/19\/pierwsze-czyny-podejmij\/","title":{"rendered":"Pierwsze czyny podejmij!"},"content":{"rendered":"<p><\/p>\n<div align=\"justify\" style=\"font-weight: normal; line-height: 150%; margin-bottom: 0cm;\">\nSzcz\u0119\u015b\u0107<br \/>\nBo\u017ce! Moi Drodzy, w dniu dzisiejszym <b>imieniny prze\u017cywa moja<br \/>\nCiocia, El\u017cbieta Ja\u015bkowska, z Olsztyna. \u017bycz\u0119 Solenizantce \u2013 w<br \/>\nduchu dzisiejszego S\u0142owa \u2013 aby ci\u0105gle trwa\u0142a w owej pierwotnej<br \/>\nchrze\u015bcija\u0144skiej gorliwo\u015bci, kt\u00f3r\u0105 wynios\u0142a ze swego domu<br \/>\nrodzinnego, a w swojej rodzinie ci\u0105gle podtrzymywa\u0142a. Niech wiara<br \/>\nb\u0119dzie dla Niej zawsze wyznacznikiem wszelkich d\u0105\u017ce\u0144 i dzia\u0142a\u0144.<br \/>\nZapewniam o modlitwie!<\/b><\/div>\n<div align=\"justify\" style=\"background: transparent; font-weight: normal; line-height: 150%; margin-bottom: 0cm; page-break-before: auto; text-indent: 1.3cm;\">\nI<br \/>\n\u017cycz\u0119 Wszystkim b\u0142ogos\u0142awionego dnia! Uwa\u017cajcie na drogach!<\/div>\n<div align=\"center\" style=\"font-weight: normal; line-height: 150%; margin-bottom: 0cm;\">\nGaudium<br \/>\net spes!  Ks. Jacek<\/div>\n<div align=\"justify\" style=\"line-height: 150%; margin-bottom: 0cm;\">\n<\/p>\n<\/div>\n<div align=\"justify\" style=\"line-height: 150%; margin-bottom: 0cm;\">\n<b>Poniedzia\u0142ek<br \/>\n33 Tygodnia zwyk\u0142ego, rok II,<\/b><\/div>\n<div align=\"justify\" style=\"line-height: 150%; margin-bottom: 0cm;\">\n<b>do<br \/>\nczyta\u0144:  Ap 1,1\u20134;2,1\u20135a;  \u0141k 18,35\u201343<\/b><\/div>\n<div align=\"justify\" style=\"line-height: 150%; margin-bottom: 0cm;\">\n<\/p>\n<\/div>\n<div align=\"justify\" style=\"font-style: normal; font-variant: normal; letter-spacing: normal; line-height: 150%; margin-bottom: 0cm;\">\n<b>CZYTANIE<br \/>\nZ KSI\u0118GI APOKALIPSY \u015aWI\u0118TEGO JANA APOSTO\u0141A:<\/b><\/div>\n<div align=\"justify\" style=\"font-style: normal; font-variant: normal; letter-spacing: normal; line-height: 150%; margin-bottom: 0cm; page-break-before: auto; text-indent: 1.3cm;\">\n<b>Objawienie<br \/>\nJezusa Chrystusa, kt\u00f3re da\u0142 Mu B\u00f3g, aby ukaza\u0107 swym s\u0142ugom, co<br \/>\nmusi sta\u0107 si\u0119 niebawem, i wys\u0142awszy swojego anio\u0142a, oznajmi\u0142<br \/>\nprzeze\u0144 za pomoc\u0105 znak\u00f3w s\u0142udze swojemu Janowi. Ten po\u015bwiadcza,<br \/>\n\u017ce s\u0142owem Bo\u017cym i \u015bwiadectwem Jezusa Chrystusa jest wszystko, co<br \/>\nwidzia\u0142. B\u0142ogos\u0142awiony, kt\u00f3ry odczytuje i kt\u00f3rzy s\u0142uchaj\u0105 s\u0142\u00f3w<br \/>\nProroctwa, a strzeg\u0105 tego, co w nim napisane, bo chwila jest bliska.<\/b><\/div>\n<div align=\"justify\" style=\"font-style: normal; font-variant: normal; letter-spacing: normal; line-height: 150%; margin-bottom: 0cm; text-indent: 1.3cm;\">\n<b>Jan<br \/>\ndo siedmiu Ko\u015bcio\u0142\u00f3w, kt\u00f3re s\u0105 w Azji: \u0141aska wam i pok\u00f3j od<br \/>\ntego, Kt\u00f3ry jest, i Kt\u00f3ry by\u0142 i Kt\u00f3ry przychodzi, i od Siedmiu<br \/>\nDuch\u00f3w, kt\u00f3re s\u0105 przed Jego tronem.<\/b><\/div>\n<div align=\"justify\" style=\"font-style: normal; font-variant: normal; letter-spacing: normal; line-height: 150%; margin-bottom: 0cm; text-indent: 1.3cm;\">\n<b>Us\u0142ysza\u0142em<br \/>\nPana m\u00f3wi\u0105cego do mnie: \u201eAnio\u0142owi Ko\u015bcio\u0142a w Efezie napisz: To<br \/>\nm\u00f3wi Ten, kt\u00f3ry dzier\u017cy w prawicy swej siedem gwiazd, Ten, kt\u00f3ry<br \/>\nsi\u0119 przechadza w\u015br\u00f3d siedmiu z\u0142otych \u015bwiecznik\u00f3w: \u00abZnam twoje<br \/>\nczyny: trud i twoj\u0105 wytrwa\u0142o\u015b\u0107, i to, \u017ce z\u0142ych nie mo\u017cesz<br \/>\nznie\u015b\u0107, i \u017ce pr\u00f3bie podda\u0142e\u015b tych, kt\u00f3rzy zw\u0105 samych siebie<br \/>\naposto\u0142ami, a nimi nie s\u0105, i \u017ce\u015b ich uzna\u0142 za k\u0142amc\u00f3w. Ty masz<br \/>\nwytrwa\u0142o\u015b\u0107: i znios\u0142e\u015b wiele dla imienia mego \u2013 niezmordowany.<\/b><\/div>\n<div align=\"justify\" style=\"font-style: normal; font-variant: normal; letter-spacing: normal; line-height: 150%; margin-bottom: 0cm; text-indent: 1.3cm;\">\n<b>Ale<br \/>\nmam przeciw tobie to, \u017ce odst\u0105pi\u0142e\u015b od twej pierwotnej mi\u0142o\u015bci.<br \/>\nPami\u0119taj wi\u0119c, sk\u0105d spad\u0142e\u015b, i nawr\u00f3\u0107 si\u0119, i pierwsze czyny<br \/>\npodejmij\u00bb\u201d.<\/b><\/div>\n<div align=\"justify\" style=\"font-style: normal; font-variant: normal; letter-spacing: normal; line-height: 150%; margin-bottom: 0cm;\">\n<\/p>\n<\/div>\n<div align=\"justify\" style=\"font-style: normal; font-variant: normal; letter-spacing: normal; line-height: 150%; margin-bottom: 0cm;\">\n<b>S\u0141OWA<br \/>\nEWANGELII WED\u0141UG \u015aWI\u0118TEGO \u0141UKASZA:<\/b><\/div>\n<div align=\"justify\" style=\"font-style: normal; font-variant: normal; letter-spacing: normal; line-height: 150%; margin-bottom: 0cm; page-break-before: auto; text-indent: 1.27cm;\">\n<b>Kiedy<br \/>\nJezus zbli\u017cy\u0142 si\u0119 do Jerycha, jaki\u015b niewidomy siedzia\u0142 przy<br \/>\ndrodze i \u017cebra\u0142. Gdy us\u0142ysza\u0142, \u017ce t\u0142um przeci\u0105ga, dowiadywa\u0142<br \/>\nsi\u0119, co si\u0119 dzieje. Powiedzieli mu, \u017ce Jezus z Nazaretu<br \/>\nprzechodzi.<\/b><\/div>\n<div align=\"justify\" style=\"font-style: normal; font-variant: normal; letter-spacing: normal; line-height: 150%; margin-bottom: 0cm; text-indent: 1.27cm;\">\n<b>Wtedy<br \/>\nzacz\u0105\u0142 wo\u0142a\u0107: \u201eJezusie, Synu Dawida, ulituj si\u0119 nade mn\u0105!\u201d<br \/>\nCi, co szli na przedzie, nastawali na niego, \u017ceby umilk\u0142. Lecz on<br \/>\njeszcze g\u0142o\u015bniej wo\u0142a\u0142: \u201eJezusie, Synu Dawida, ulituj si\u0119 nade<br \/>\nmn\u0105!\u201d<\/b><\/div>\n<div align=\"justify\" style=\"font-style: normal; font-variant: normal; letter-spacing: normal; line-height: 150%; margin-bottom: 0cm; text-indent: 1.27cm;\">\n<b>Jezus<br \/>\nprzystan\u0105\u0142 i kaza\u0142 przyprowadzi\u0107 go do siebie.<\/b><\/div>\n<div align=\"justify\" style=\"font-style: normal; font-variant: normal; letter-spacing: normal; line-height: 150%; margin-bottom: 0cm; text-indent: 1.27cm;\">\n<b>A<br \/>\ngdy si\u0119 zbli\u017cy\u0142, zapyta\u0142 go: \u201eCo chcesz, abym ci uczyni\u0142?\u201d<\/b><\/div>\n<div align=\"justify\" style=\"font-style: normal; font-variant: normal; letter-spacing: normal; line-height: 150%; margin-bottom: 0cm; text-indent: 1.27cm;\">\n<b>Odpowiedzia\u0142:<br \/>\n\u201ePanie, \u017cebym przejrza\u0142\u201d.<\/b><\/div>\n<div align=\"justify\" style=\"font-style: normal; font-variant: normal; letter-spacing: normal; line-height: 150%; margin-bottom: 0cm; text-indent: 1.27cm;\">\n<b>Jezus<br \/>\nmu odrzek\u0142: \u201ePrzejrzyj, twoja wiara ci\u0119 uzdrowi\u0142a\u201d.<\/b><\/div>\n<div align=\"justify\" style=\"font-style: normal; font-variant: normal; letter-spacing: normal; line-height: 150%; margin-bottom: 0cm; text-indent: 1.27cm;\">\n<b>Natychmiast<br \/>\nprzejrza\u0142 i szed\u0142 za Nim, wielbi\u0105c Boga. Tak\u017ce ca\u0142y lud, kt\u00f3ry<br \/>\nto widzia\u0142, odda\u0142 chwa\u0142\u0119 Bogu. <\/b>\n<\/div>\n<div align=\"justify\" style=\"line-height: 150%; margin-bottom: 0cm;\">\n<\/p>\n<\/div>\n<div align=\"justify\" style=\"background: transparent; font-variant: normal; font-weight: normal; letter-spacing: normal; line-height: 150%; margin-bottom: 0cm; page-break-before: auto; text-indent: 1.3cm;\">\nWizja,<br \/>\nkt\u00f3r\u0105 otrzyma\u0142 \u015awi\u0119ty Jan od samego Jezusa i kt\u00f3r\u0105 opisa\u0142 w<br \/>\nostatniej Ksi\u0119dze Nowego Testamentu \u2013<br \/>\ni ostatniej Ksi\u0119dze Pisma<br \/>\n\u015awi\u0119tego \u2013<br \/>\ndotyczy sytuacji <b>w ca\u0142ym<br \/>\nKo\u015bciele<\/b> i stanowi<br \/>\nprzes\u0142anie, skierowane <b>do<br \/>\nwszystkich chrze\u015bcijan,<\/b><br \/>\nchocia\u017c w kolejnych obrazach widzimy odniesienie do bardzo<br \/>\nkonkretnych Wsp\u00f3lnot,<br \/>\nnazwanych tam zreszt\u0105 po imieniu:<br \/>\n<b>siedmiu <\/b><b>W<\/b><b>sp\u00f3lnot<br \/>\nz terenu Azji Mniejszej<\/b> \u2013<br \/>\ni do problem\u00f3w, jakie w tych\u017ce Wsp\u00f3lnotach<br \/>\nrzeczywi\u015bcie si\u0119 pojawia\u0142y.\n<\/div>\n<div align=\"justify\" style=\"background: transparent; font-variant: normal; font-weight: normal; letter-spacing: normal; line-height: 150%; margin-bottom: 0cm; text-indent: 1.3cm;\">\nS\u0105<br \/>\nto jednak sprawy, kt\u00f3re dotycz\u0105 chrze\u015bcijan wszystkich czas\u00f3w,<br \/>\nprzeto i my dzisiaj <b>odnosimy<br \/>\ndo siebie<\/b> to, co \u015awi\u0119ty<br \/>\nJan napisa\u0142 do wsp\u00f3lnoty w Efezie, a konkretnie do <b>jej<br \/>\nAnio\u0142a<\/b> \u2013 czyli albo<br \/>\nBiskupa,<br \/>\nalbo do jej Anio\u0142a opieku\u0144czego, reprezentuj\u0105cego ca\u0142\u0105<br \/>\nWsp\u00f3lnot\u0119, albo wprost do Wsp\u00f3lnoty, tylko w taki w\u0142a\u015bnie,<br \/>\nspecyficzny spos\u00f3b: <i><b>Znam twoje czyny: trud i twoj\u0105<br \/>\nwytrwa\u0142o\u015b\u0107,<\/b><\/i><b> [\u2026] <\/b><i><b>Ale<br \/>\nmam przeciw tobie to, \u017ce odst\u0105pi\u0142e\u015b od twej pierwotnej mi\u0142o\u015bci.<br \/>\nPami\u0119taj wi\u0119c, sk\u0105d spad\u0142e\u015b, i nawr\u00f3\u0107 si\u0119, i pierwsze czyny<br \/>\npodejmij.<\/b><\/i><b> <\/b>\n<\/div>\n<div align=\"justify\" style=\"background: transparent; font-variant: normal; font-weight: normal; letter-spacing: normal; line-height: 150%; margin-bottom: 0cm; text-indent: 1.3cm;\">\nI<br \/>\nnasz\u0105 pobo\u017cno\u015b\u0107, i nasz\u0105<br \/>\ngorliwo\u015b\u0107, i nasze<br \/>\ndobre nastawienie Pan zna,<br \/>\nale mo\u017ce w\u0142a\u015bnie dlatego przestrzega nas, aby\u015bmy <b>nie<br \/>\nulegali zniech\u0119ceniu,<\/b><br \/>\naby\u015bmy nie poddawali si\u0119 lenistwu, apatii; nie szli na \u017cadne<br \/>\nkompromisy ze z\u0142em, na \u017cadne udogodnienia, na \u017cadne dopasowywanie<br \/>\nsi\u0119 do m\u00f3d i obowi\u0105zuj\u0105cych w \u015bwiecie standard\u00f3w; aby\u015bmy byli<br \/>\n<b>radykalni, odwa\u017cni i<br \/>\njednoznaczni<\/b> w kwestiach<br \/>\nwiary \u2013 w sprawach<br \/>\nswojej osobistej relacji z Jezusem.<\/div>\n<div align=\"justify\" style=\"background: transparent; font-variant: normal; font-weight: normal; letter-spacing: normal; line-height: 150%; margin-bottom: 0cm; text-indent: 1.3cm;\">\nTak,<br \/>\njak radykalny by\u0142 \u00f3w niewidomy z dzisiejszej Ewangelii. Jak<br \/>\ns\u0142yszeli\u015bmy, wydziera\u0142 si\u0119 on z ca\u0142ej si\u0142y: <i><b>Jezusie,<br \/>\nSynu Dawida, ulituj si\u0119 nade mn\u0105!<\/b><\/i><br \/>\nNajwyra\u017aniej, musia\u0142o to<br \/>\ndra\u017cni\u0107 tych, <i><b>co szli na przedzie,<\/b><\/i><br \/>\na kt\u00f3rzy symbolizuj\u0105 tych, kt\u00f3rzy dzisiaj id\u0105 \u201ena przedzie\u201d,<br \/>\nczyli piewc\u00f3w<br \/>\npolitycznej i spo\u0142ecznej poprawno\u015bci i pr\u00f3buj\u0105 narzuca\u0107 \u2013<br \/>\nszczeg\u00f3lnie ludziom wierz\u0105cym \u2013 swoje standardy.\n<\/div>\n<div align=\"justify\" style=\"background: transparent; font-variant: normal; font-weight: normal; letter-spacing: normal; line-height: 150%; margin-bottom: 0cm; text-indent: 1.3cm;\">\nDra\u017cni\u0142o<br \/>\nto ich, dlatego <i><b>nastawali na niego, \u017ceby umilk\u0142. Lecz<br \/>\non jeszcze g\u0142o\u015bniej wo\u0142a\u0142: \u201eJezusie, Synu Dawida, ulituj si\u0119<\/b><\/i><b><br \/>\n<\/b><i><b>nade mn\u0105!\u201d<\/b><\/i><br \/>\nI co si\u0119 sta\u0142o? S\u0142yszeli\u015bmy: zosta\u0142 uzdrowiony. A wtedy <i><b>szed\u0142<br \/>\nza Nim<\/b><\/i><b> [czyli za<br \/>\nJezusem], <\/b><i><b>wielbi\u0105c Boga.<\/b> <\/i>\n<\/div>\n<div align=\"justify\" style=\"background: transparent; font-variant: normal; font-weight: normal; letter-spacing: normal; line-height: 150%; margin-bottom: 0cm; text-indent: 1.3cm;\">\nMo\u017cemy<br \/>\nzatem powiedzie\u0107, \u017ce jego krzyk rozpaczy <b>zamieni\u0142<br \/>\nsi\u0119 w krzyk uwielbienia,<\/b><br \/>\nwo\u0142anie pe\u0142ne rado\u015bci i szcz\u0119\u015bcia. A sta\u0142o si\u0119 tak dlatego, \u017ce<br \/>\nzanim przejrza\u0142 fizycznie, to <b>najpierw<br \/>\nprzejrza\u0142 duchowo: <\/b>Jezus<br \/>\no\u015bwieci\u0142 go wewn\u0119trznie \u015bwiat\u0142em swojej \u0142aski i pozwoli\u0142 mu<br \/>\nniejako oczyma serca zobaczy\u0107 w Nim, w Jezusie, <b>Syna<br \/>\nDawida<\/b> \u2013 tak go<br \/>\nokre\u015bli\u0142 \u00f3w niewidomy \u2013 czyli po prostu <b>oczekiwanego<\/b><br \/>\n<b>Mesjasza.<\/b><br \/>\nDlatego dokona\u0142o si\u0119 to, co si\u0119 dokona\u0142o.\n<\/div>\n<div align=\"justify\" style=\"background: transparent; font-variant: normal; font-weight: normal; letter-spacing: normal; line-height: 150%; margin-bottom: 0cm; text-indent: 1.3cm;\">\nMoi<br \/>\nDrodzy, i my tak\u017ce jeste\u015bmy wezwani do tego, by z nie mniejszym<br \/>\n<b>zapa\u0142em i radykalizmem<\/b><br \/>\npodejmowa\u0107 swoje zadania, wynikaj\u0105ce z wiary \u2013 i swoje normalne,<br \/>\ncodzienne zadania, <b>ale w<br \/>\nduchu wiary.<\/b> Mamy ci\u0105gle<br \/>\npowraca\u0107 do naszych dobrych postanowie\u0144, do naszej pierwotnej,<br \/>\nwr\u0119cz tej dzieci\u0119cej, szczerej i gorliwej pobo\u017cno\u015bci, przy czym<br \/>\npoj\u0119cia <b>\u201edzieci\u0119cej\u201d<br \/>\n<\/b>nie uto\u017csamiamy<br \/>\nz poj\u0119ciem<b> \u201edziecinnej\u201d,<br \/>\n<\/b>czyli infantylnej,<br \/>\np\u0142ytkiej, niedojrza\u0142ej\u2026 Nie, chodzi nam tu o pobo\u017cno\u015b\u0107 bardzo<br \/>\ngorliw\u0105, szczer\u0105, prostolinijn\u0105,<br \/>\na jednocze\u015bnie: radykaln\u0105 i<br \/>\nnie dopuszczaj\u0105c\u0105 kompromis\u00f3w\u2026<\/div>\n<div align=\"justify\" style=\"background: transparent; font-variant: normal; font-weight: normal; letter-spacing: normal; line-height: 150%; margin-bottom: 0cm; text-indent: 1.3cm;\">\nCzy<br \/>\nmoja relacja z Jezusem jest w\u0142a\u015bnie taka? Czy moja wiara jest taka?<br \/>\nCzy mo\u017ce <b>\u0142atwo zwalniam<br \/>\nsi\u0119 <\/b>z pewnych praktyk,<br \/>\nna zasadzie: \u201eOj, <b>nie<br \/>\np\u00f3jd\u0119 do ko\u015bcio\u0142a<\/b> w<br \/>\nniedziel\u0119, najwy\u017cej si\u0119 z tego wyspowiadam\u201d\u2026<b><br \/>\n\u201eNie odm\u00f3wi\u0119 pacierza,<\/b><br \/>\nbo ju\u017c jestem zm\u0119czony i troch\u0119 mi si\u0119 nie chc\u0119\u201d\u2026 \u201eNie<br \/>\nzabior\u0119 g\u0142osu w dyskusji i <b>nie<br \/>\nstan\u0119 w obronie chrze\u015bcija\u0144skich zasad, <\/b>\u017ceby<br \/>\nju\u017c nie robi\u0107 zamieszania i nie spowodowa\u0107 k\u0142\u00f3tni w rodzinie\u201d\u2026<\/p>\n<\/div>\n<div align=\"justify\" style=\"background: transparent; font-variant: normal; font-weight: normal; letter-spacing: normal; line-height: 150%; margin-bottom: 0cm; text-indent: 1.3cm;\">\nI<br \/>\nwiele takich w\u0142a\u015bnie furtek sobie otwieramy i wiele udogodnie\u0144<br \/>\nstosujemy. A tymczasem \u2013 Jezus m\u00f3wi jasno: <i><b>mam<br \/>\nprzeciw tobie to, \u017ce odst\u0105pi\u0142e\u015b od twej pierwotnej mi\u0142o\u015bci.<br \/>\nPami\u0119taj wi\u0119c, sk\u0105d spad\u0142e\u015b, i nawr\u00f3\u0107 si\u0119, i pierwsze czyny<br \/>\npodejmij.<\/b><\/i><b> <\/b>Us\u0142yszmy<br \/>\nto jeszcze raz: <i><b>Pierwsze czyny podejmij!<\/b><\/i><\/div>\n<div align=\"justify\" style=\"background: transparent; font-variant: normal; font-weight: normal; letter-spacing: normal; line-height: 150%; margin-bottom: 0cm; text-indent: 1.3cm;\">\nCo<br \/>\nzrobi\u0119 ju\u017c dzisiaj, \u017ceby \u2013 w jakim\u015b jednym, konkretnym wymiarze<br \/>\n\u2013 wr\u00f3ci\u0107 do tej <b>pierwszej<br \/>\ngorliwo\u015bci,<\/b> kt\u00f3rej<br \/>\nuczyli mnie moi Rodzice?\u2026<\/div>\n","protected":false},"excerpt":{"rendered":"<p>Szcz\u0119\u015b\u0107 Bo\u017ce! Moi Drodzy, w dniu dzisiejszym imieniny prze\u017cywa moja Ciocia, El\u017cbieta Ja\u015bkowska, z Olsztyna. \u017bycz\u0119 Solenizantce \u2013 w duchu dzisiejszego S\u0142owa \u2013 aby ci\u0105gle trwa\u0142a w owej pierwotnej chrze\u015bcija\u0144skiej gorliwo\u015bci, kt\u00f3r\u0105 wynios\u0142a ze swego domu rodzinnego, a w swojej rodzinie ci\u0105gle podtrzymywa\u0142a. Niech wiara b\u0119dzie dla Niej zawsze wyznacznikiem wszelkich d\u0105\u017ce\u0144 i dzia\u0142a\u0144. Zapewniam [&hellip;]<\/p>\n","protected":false},"author":1,"featured_media":0,"comment_status":"open","ping_status":"open","sticky":false,"template":"","format":"standard","meta":{"jetpack_post_was_ever_published":false,"_jetpack_newsletter_access":"","_jetpack_dont_email_post_to_subs":false,"_jetpack_newsletter_tier_id":0,"_jetpack_memberships_contains_paywalled_content":false,"_jetpack_memberships_contains_paid_content":false,"footnotes":""},"categories":[1],"tags":[],"class_list":["post-7106","post","type-post","status-publish","format-standard","hentry","category-bez-kategorii"],"yoast_head":"<!-- This site is optimized with the Yoast SEO plugin v25.1 - https:\/\/yoast.com\/wordpress\/plugins\/seo\/ -->\n<title>Pierwsze czyny podejmij! - Gaudium Et Spes<\/title>\n<meta name=\"robots\" content=\"index, follow, max-snippet:-1, max-image-preview:large, max-video-preview:-1\" \/>\n<link rel=\"canonical\" href=\"https:\/\/gaudiumetspes-blog.pl\/index.php\/2018\/11\/19\/pierwsze-czyny-podejmij\/\" \/>\n<meta property=\"og:locale\" content=\"pl_PL\" \/>\n<meta property=\"og:type\" content=\"article\" \/>\n<meta property=\"og:title\" content=\"Pierwsze czyny podejmij! - Gaudium Et Spes\" \/>\n<meta property=\"og:description\" content=\"Szcz\u0119\u015b\u0107 Bo\u017ce! Moi Drodzy, w dniu dzisiejszym imieniny prze\u017cywa moja Ciocia, El\u017cbieta Ja\u015bkowska, z Olsztyna. \u017bycz\u0119 Solenizantce \u2013 w duchu dzisiejszego S\u0142owa \u2013 aby ci\u0105gle trwa\u0142a w owej pierwotnej chrze\u015bcija\u0144skiej gorliwo\u015bci, kt\u00f3r\u0105 wynios\u0142a ze swego domu rodzinnego, a w swojej rodzinie ci\u0105gle podtrzymywa\u0142a. Niech wiara b\u0119dzie dla Niej zawsze wyznacznikiem wszelkich d\u0105\u017ce\u0144 i dzia\u0142a\u0144. Zapewniam [&hellip;]\" \/>\n<meta property=\"og:url\" content=\"https:\/\/gaudiumetspes-blog.pl\/index.php\/2018\/11\/19\/pierwsze-czyny-podejmij\/\" \/>\n<meta property=\"og:site_name\" content=\"Gaudium Et Spes\" \/>\n<meta property=\"article:published_time\" content=\"2018-11-19T06:38:00+00:00\" \/>\n<meta property=\"article:modified_time\" content=\"2019-07-31T10:57:51+00:00\" \/>\n<meta name=\"author\" content=\"Ks. Jacek\" \/>\n<meta name=\"twitter:card\" content=\"summary_large_image\" \/>\n<meta name=\"twitter:label1\" content=\"Napisane przez\" \/>\n\t<meta name=\"twitter:data1\" content=\"Ks. Jacek\" \/>\n\t<meta name=\"twitter:label2\" content=\"Szacowany czas czytania\" \/>\n\t<meta name=\"twitter:data2\" content=\"6 minut\" \/>\n<script type=\"application\/ld+json\" class=\"yoast-schema-graph\">{\"@context\":\"https:\/\/schema.org\",\"@graph\":[{\"@type\":\"WebPage\",\"@id\":\"https:\/\/gaudiumetspes-blog.pl\/index.php\/2018\/11\/19\/pierwsze-czyny-podejmij\/\",\"url\":\"https:\/\/gaudiumetspes-blog.pl\/index.php\/2018\/11\/19\/pierwsze-czyny-podejmij\/\",\"name\":\"Pierwsze czyny podejmij! - Gaudium Et Spes\",\"isPartOf\":{\"@id\":\"https:\/\/gaudiumetspes-blog.pl\/#website\"},\"datePublished\":\"2018-11-19T06:38:00+00:00\",\"dateModified\":\"2019-07-31T10:57:51+00:00\",\"author\":{\"@id\":\"https:\/\/gaudiumetspes-blog.pl\/#\/schema\/person\/1661982992b752dea8dff0d4ed845a65\"},\"breadcrumb\":{\"@id\":\"https:\/\/gaudiumetspes-blog.pl\/index.php\/2018\/11\/19\/pierwsze-czyny-podejmij\/#breadcrumb\"},\"inLanguage\":\"pl-PL\",\"potentialAction\":[{\"@type\":\"ReadAction\",\"target\":[\"https:\/\/gaudiumetspes-blog.pl\/index.php\/2018\/11\/19\/pierwsze-czyny-podejmij\/\"]}]},{\"@type\":\"BreadcrumbList\",\"@id\":\"https:\/\/gaudiumetspes-blog.pl\/index.php\/2018\/11\/19\/pierwsze-czyny-podejmij\/#breadcrumb\",\"itemListElement\":[{\"@type\":\"ListItem\",\"position\":1,\"name\":\"Strona g\u0142\u00f3wna\",\"item\":\"https:\/\/gaudiumetspes-blog.pl\/\"},{\"@type\":\"ListItem\",\"position\":2,\"name\":\"Pierwsze czyny podejmij!\"}]},{\"@type\":\"WebSite\",\"@id\":\"https:\/\/gaudiumetspes-blog.pl\/#website\",\"url\":\"https:\/\/gaudiumetspes-blog.pl\/\",\"name\":\"Gaudium Et Spes\",\"description\":\"Blog Ks. Jacka Ja\u015bkowskiego\",\"potentialAction\":[{\"@type\":\"SearchAction\",\"target\":{\"@type\":\"EntryPoint\",\"urlTemplate\":\"https:\/\/gaudiumetspes-blog.pl\/?s={search_term_string}\"},\"query-input\":{\"@type\":\"PropertyValueSpecification\",\"valueRequired\":true,\"valueName\":\"search_term_string\"}}],\"inLanguage\":\"pl-PL\"},{\"@type\":\"Person\",\"@id\":\"https:\/\/gaudiumetspes-blog.pl\/#\/schema\/person\/1661982992b752dea8dff0d4ed845a65\",\"name\":\"Ks. Jacek\",\"image\":{\"@type\":\"ImageObject\",\"inLanguage\":\"pl-PL\",\"@id\":\"https:\/\/gaudiumetspes-blog.pl\/#\/schema\/person\/image\/\",\"url\":\"https:\/\/gaudiumetspes-blog.pl\/wp-content\/uploads\/2019\/07\/avatar-JJ-150x150.jpg\",\"contentUrl\":\"https:\/\/gaudiumetspes-blog.pl\/wp-content\/uploads\/2019\/07\/avatar-JJ-150x150.jpg\",\"caption\":\"Ks. Jacek\"},\"description\":\"Witam serdecznie! K\u0142ania si\u0119 Ks. Jacek Ja\u015bkowski. Nie jestem ani kim\u015b wa\u017cnym, ani kim\u015b znanym. Jestem ksi\u0119dzem, kt\u00f3ry po prostu chce rozmawia\u0107. Codzienna kap\u0142a\u0144ska pos\u0142uga pokazuje mi, \u017ce temat\u00f3w do rozm\u00f3w z ksi\u0119dzem jest coraz wi\u0119cej i dzisiaj \u017caden ksi\u0105dz nie mo\u017ce od nich ucieka\u0107, ale - wprost przeciwnie - podejmowa\u0107 nowe wyzwania. To przekonanie sk\u0142oni\u0142o mnie do pr\u00f3by otwarcia tego\u017c bloga, chocia\u017c okazji do rozm\u00f3w na co dzie\u0144 - w konfesjonale i poza nim - na szcz\u0119\u015bcie nie brakuje. My\u015bl\u0119 jednak, \u017ce ten blog b\u0119dzie jeszcze jednym sposobem i przestrzeni\u0105 nawi\u0105zania kontaktu z lud\u017ami dobrej woli, otwartymi na dialog.\",\"url\":\"https:\/\/gaudiumetspes-blog.pl\/index.php\/author\/ks-jacek\/\"}]}<\/script>\n<!-- \/ Yoast SEO plugin. -->","yoast_head_json":{"title":"Pierwsze czyny podejmij! - Gaudium Et Spes","robots":{"index":"index","follow":"follow","max-snippet":"max-snippet:-1","max-image-preview":"max-image-preview:large","max-video-preview":"max-video-preview:-1"},"canonical":"https:\/\/gaudiumetspes-blog.pl\/index.php\/2018\/11\/19\/pierwsze-czyny-podejmij\/","og_locale":"pl_PL","og_type":"article","og_title":"Pierwsze czyny podejmij! - Gaudium Et Spes","og_description":"Szcz\u0119\u015b\u0107 Bo\u017ce! Moi Drodzy, w dniu dzisiejszym imieniny prze\u017cywa moja Ciocia, El\u017cbieta Ja\u015bkowska, z Olsztyna. \u017bycz\u0119 Solenizantce \u2013 w duchu dzisiejszego S\u0142owa \u2013 aby ci\u0105gle trwa\u0142a w owej pierwotnej chrze\u015bcija\u0144skiej gorliwo\u015bci, kt\u00f3r\u0105 wynios\u0142a ze swego domu rodzinnego, a w swojej rodzinie ci\u0105gle podtrzymywa\u0142a. Niech wiara b\u0119dzie dla Niej zawsze wyznacznikiem wszelkich d\u0105\u017ce\u0144 i dzia\u0142a\u0144. Zapewniam [&hellip;]","og_url":"https:\/\/gaudiumetspes-blog.pl\/index.php\/2018\/11\/19\/pierwsze-czyny-podejmij\/","og_site_name":"Gaudium Et Spes","article_published_time":"2018-11-19T06:38:00+00:00","article_modified_time":"2019-07-31T10:57:51+00:00","author":"Ks. Jacek","twitter_card":"summary_large_image","twitter_misc":{"Napisane przez":"Ks. Jacek","Szacowany czas czytania":"6 minut"},"schema":{"@context":"https:\/\/schema.org","@graph":[{"@type":"WebPage","@id":"https:\/\/gaudiumetspes-blog.pl\/index.php\/2018\/11\/19\/pierwsze-czyny-podejmij\/","url":"https:\/\/gaudiumetspes-blog.pl\/index.php\/2018\/11\/19\/pierwsze-czyny-podejmij\/","name":"Pierwsze czyny podejmij! - Gaudium Et Spes","isPartOf":{"@id":"https:\/\/gaudiumetspes-blog.pl\/#website"},"datePublished":"2018-11-19T06:38:00+00:00","dateModified":"2019-07-31T10:57:51+00:00","author":{"@id":"https:\/\/gaudiumetspes-blog.pl\/#\/schema\/person\/1661982992b752dea8dff0d4ed845a65"},"breadcrumb":{"@id":"https:\/\/gaudiumetspes-blog.pl\/index.php\/2018\/11\/19\/pierwsze-czyny-podejmij\/#breadcrumb"},"inLanguage":"pl-PL","potentialAction":[{"@type":"ReadAction","target":["https:\/\/gaudiumetspes-blog.pl\/index.php\/2018\/11\/19\/pierwsze-czyny-podejmij\/"]}]},{"@type":"BreadcrumbList","@id":"https:\/\/gaudiumetspes-blog.pl\/index.php\/2018\/11\/19\/pierwsze-czyny-podejmij\/#breadcrumb","itemListElement":[{"@type":"ListItem","position":1,"name":"Strona g\u0142\u00f3wna","item":"https:\/\/gaudiumetspes-blog.pl\/"},{"@type":"ListItem","position":2,"name":"Pierwsze czyny podejmij!"}]},{"@type":"WebSite","@id":"https:\/\/gaudiumetspes-blog.pl\/#website","url":"https:\/\/gaudiumetspes-blog.pl\/","name":"Gaudium Et Spes","description":"Blog Ks. Jacka Ja\u015bkowskiego","potentialAction":[{"@type":"SearchAction","target":{"@type":"EntryPoint","urlTemplate":"https:\/\/gaudiumetspes-blog.pl\/?s={search_term_string}"},"query-input":{"@type":"PropertyValueSpecification","valueRequired":true,"valueName":"search_term_string"}}],"inLanguage":"pl-PL"},{"@type":"Person","@id":"https:\/\/gaudiumetspes-blog.pl\/#\/schema\/person\/1661982992b752dea8dff0d4ed845a65","name":"Ks. Jacek","image":{"@type":"ImageObject","inLanguage":"pl-PL","@id":"https:\/\/gaudiumetspes-blog.pl\/#\/schema\/person\/image\/","url":"https:\/\/gaudiumetspes-blog.pl\/wp-content\/uploads\/2019\/07\/avatar-JJ-150x150.jpg","contentUrl":"https:\/\/gaudiumetspes-blog.pl\/wp-content\/uploads\/2019\/07\/avatar-JJ-150x150.jpg","caption":"Ks. Jacek"},"description":"Witam serdecznie! K\u0142ania si\u0119 Ks. Jacek Ja\u015bkowski. Nie jestem ani kim\u015b wa\u017cnym, ani kim\u015b znanym. Jestem ksi\u0119dzem, kt\u00f3ry po prostu chce rozmawia\u0107. Codzienna kap\u0142a\u0144ska pos\u0142uga pokazuje mi, \u017ce temat\u00f3w do rozm\u00f3w z ksi\u0119dzem jest coraz wi\u0119cej i dzisiaj \u017caden ksi\u0105dz nie mo\u017ce od nich ucieka\u0107, ale - wprost przeciwnie - podejmowa\u0107 nowe wyzwania. To przekonanie sk\u0142oni\u0142o mnie do pr\u00f3by otwarcia tego\u017c bloga, chocia\u017c okazji do rozm\u00f3w na co dzie\u0144 - w konfesjonale i poza nim - na szcz\u0119\u015bcie nie brakuje. My\u015bl\u0119 jednak, \u017ce ten blog b\u0119dzie jeszcze jednym sposobem i przestrzeni\u0105 nawi\u0105zania kontaktu z lud\u017ami dobrej woli, otwartymi na dialog.","url":"https:\/\/gaudiumetspes-blog.pl\/index.php\/author\/ks-jacek\/"}]}},"jetpack_featured_media_url":"","jetpack_sharing_enabled":true,"_links":{"self":[{"href":"https:\/\/gaudiumetspes-blog.pl\/index.php\/wp-json\/wp\/v2\/posts\/7106","targetHints":{"allow":["GET"]}}],"collection":[{"href":"https:\/\/gaudiumetspes-blog.pl\/index.php\/wp-json\/wp\/v2\/posts"}],"about":[{"href":"https:\/\/gaudiumetspes-blog.pl\/index.php\/wp-json\/wp\/v2\/types\/post"}],"author":[{"embeddable":true,"href":"https:\/\/gaudiumetspes-blog.pl\/index.php\/wp-json\/wp\/v2\/users\/1"}],"replies":[{"embeddable":true,"href":"https:\/\/gaudiumetspes-blog.pl\/index.php\/wp-json\/wp\/v2\/comments?post=7106"}],"version-history":[{"count":1,"href":"https:\/\/gaudiumetspes-blog.pl\/index.php\/wp-json\/wp\/v2\/posts\/7106\/revisions"}],"predecessor-version":[{"id":14473,"href":"https:\/\/gaudiumetspes-blog.pl\/index.php\/wp-json\/wp\/v2\/posts\/7106\/revisions\/14473"}],"wp:attachment":[{"href":"https:\/\/gaudiumetspes-blog.pl\/index.php\/wp-json\/wp\/v2\/media?parent=7106"}],"wp:term":[{"taxonomy":"category","embeddable":true,"href":"https:\/\/gaudiumetspes-blog.pl\/index.php\/wp-json\/wp\/v2\/categories?post=7106"},{"taxonomy":"post_tag","embeddable":true,"href":"https:\/\/gaudiumetspes-blog.pl\/index.php\/wp-json\/wp\/v2\/tags?post=7106"}],"curies":[{"name":"wp","href":"https:\/\/api.w.org\/{rel}","templated":true}]}}