{"id":7109,"date":"2018-11-16T07:10:00","date_gmt":"2018-11-16T06:10:00","guid":{"rendered":"https:\/\/gaudiumetspes-blog.pl\/index.php\/2018\/11\/16\/ty-co-w-ostrej-swiecisz-bramie\/"},"modified":"2019-07-31T12:57:51","modified_gmt":"2019-07-31T10:57:51","slug":"ty-co-w-ostrej-swiecisz-bramie","status":"publish","type":"post","link":"https:\/\/gaudiumetspes-blog.pl\/index.php\/2018\/11\/16\/ty-co-w-ostrej-swiecisz-bramie\/","title":{"rendered":"Ty co w Ostrej \u015bwiecisz Bramie"},"content":{"rendered":"<div class=\"separator\" style=\"clear: both; text-align: center;\">\n<a href=\"https:\/\/2.bp.blogspot.com\/-Con6LNhHUvk\/W-5tBgaTHZI\/AAAAAAAAF6E\/ZqLmmr0U1KQtBF2CtMXQjxV6w4hG49CSwCLcBGAs\/s1600\/ostra-brama.jpg\" imageanchor=\"1\" style=\"clear: right; float: right; margin-bottom: 1em; margin-left: 1em;\"><img loading=\"lazy\" decoding=\"async\" border=\"0\" data-original-height=\"600\" data-original-width=\"800\" height=\"240\" src=\"https:\/\/gaudiumetspes-blog.pl\/wp-content\/uploads\/2018\/11\/ostra-brama.jpg\" width=\"320\" \/><\/a><\/div>\n<p><b><i>(2 J 4-9) <br \/>Wybrana Pani, ucieszy\u0142em si\u0119 bardzo, \u017ce znalaz\u0142em w\u015br\u00f3d twych dzieci takie, kt\u00f3re post\u0119puj\u0105 wed\u0142ug prawdy, zgodnie z przykazaniem, jakie otrzymali\u015bmy od Ojca. A teraz prosz\u0119 ci\u0119, Pani, aby\u015bmy si\u0119 wzajemnie mi\u0142owali. A pisz\u0105c to nie g\u0142osz\u0119 nowego przykazania, lecz to, kt\u00f3re mieli\u015bmy od pocz\u0105tku. Mi\u0142o\u015b\u0107 za\u015b polega na tym, aby\u015bmy post\u0119powali wed\u0142ug Jego przykaza\u0144. Jest to przykazanie, o jakim s\u0142yszeli\u015bcie od pocz\u0105tku, \u017ce wed\u0142ug niego macie post\u0119powa\u0107. Wielu bowiem pojawi\u0142o si\u0119 na \u015bwiecie zwodzicieli, kt\u00f3rzy nie uznaj\u0105, \u017ce Jezus Chrystus przyszed\u0142 w ciele ludzkim. Taki jest zwodzicielem i Antychrystem. Uwa\u017cajcie na siebie, aby\u015bcie nie utracili tego, co\u015bcie zdobyli prac\u0105, lecz \u017ceby\u015bcie otrzymali pe\u0142n\u0105 zap\u0142at\u0119. Ka\u017cdy, kto wybiega zbytnio naprz\u00f3d, a nie trwa w nauce Chrystusa, ten nie ma Boga. Kto trwa w nauce Chrystusa, ten ma i Ojca, i Syna.<\/p>\n<p>(\u0141k 17,26-37) <br \/>Jezus powiedzia\u0142 do swoich uczni\u00f3w: \u201eJak dzia\u0142o si\u0119 za dni Noego, tak b\u0119dzie r\u00f3wnie\u017c za dni Syna Cz\u0142owieczego: jedli i pili, \u017cenili si\u0119 i za m\u0105\u017c wychodzi\u0142y a\u017c do dnia, kiedy Noe wszed\u0142 do arki; nagle przyszed\u0142 potop i wygubi\u0142 wszystkich. Podobnie jak dzia\u0142o si\u0119 za czas\u00f3w Lota: jedli i pili, kupowali i sprzedawali, sadzili i budowali, lecz w dniu, kiedy Lot wyszed\u0142 z Sodomy, spad\u0142 z nieba deszcz ognia i siarki i wygubi\u0142 wszystkich; tak samo b\u0119dzie w dniu, kiedy Syn Cz\u0142owieczy si\u0119 objawi. W owym dniu kto b\u0119dzie na dachu, a jego rzeczy w mieszkaniu, niech nie schodzi, by je zabra\u0107; a kto na polu, niech r\u00f3wnie\u017c nie wraca do siebie. Przypomnijcie sobie \u017con\u0119 Lota. Kto b\u0119dzie si\u0119 stara\u0142 zachowa\u0107 swoje \u017cycie, straci je; a kto je straci, zachowa je. Powiadam wam: Tej nocy dw\u00f3ch b\u0119dzie na jednym pos\u0142aniu: jeden b\u0119dzie wzi\u0119ty, a drugi zostawiony. Dwie b\u0119d\u0105 mle\u0107 razem: jedna b\u0119dzie wzi\u0119ta, a druga zostawiona\u201d. Pytali Go: \u201eGdzie, Panie?\u201d On im odpowiedzia\u0142: \u201eGdzie jest padlina, tam si\u0119 zgromadz\u0105 i s\u0119py\u201d.<\/i><\/b><\/p>\n<p>Niech b\u0119dzie pochwalony Jezus Chrystus!<\/p>\n<p>Pozdrawiam z Syberii, z Nowosybirska.<\/p>\n<p>Jak wspomina\u0142em wczoraj, dzi\u015b niespodzianka. Dzi\u015b wspomnienie Matki Bo\u017cej Ostrobramskiej i na ten temat pierwsza cz\u0119\u015b\u0107 rozmy\u015blania, autorstwa naszej s. Joanny z Surgutu, z Kongregacji Si\u00f3str od Anio\u0142\u00f3w. Druga cz\u0119\u015b\u0107, dotycz\u0105ca Ewangelii, autorstwa ks. Jaros\u0142awa G\u0105siorka, od wielu lat pos\u0142uguj\u0105cego na Ukrainie. <\/p>\n<p>Zapraszam! <\/p>\n<p>Gdy Ks. Marek zaproponowa\u0142 by napisa\u0107 rozmy\u015blanie na blog na dzi\u015b to najpierw pomy\u015bla\u0142am co ja napisz\u0119, ale jak zobaczy\u0142am \u017ce to wypada na wspomnienie Matki Bo\u017cej Ostrobramskiej to przysz\u0142a mi my\u015bl napisa\u0107 \u015bwiadectwo, wi\u0119c tak pokr\u00f3tce postaram si\u0119 to wyrazi\u0107. <\/p>\n<p>Dzisiejsze \u015bwi\u0119to Matki Bo\u017cej Ostrobramskiej jest dla mnie bardzo bliskie, a mo\u017ce inaczej Matka Boska Ostrobramska jest mi bliska. Mi\u0142o\u015b\u0107 do Maryi w tym obrazie przekaza\u0142a mi moja mama ju\u017c od dzieci\u0144stwa, chocia\u017c ju\u017c w doros\u0142ym wieku dowiedzia\u0142am si\u0119 o sekrecie tej bliskiej wi\u0119zi w\u0142a\u015bnie z Matk\u0105 Bo\u017c\u0105 Ostrobramsk\u0105. Pami\u0119tam pierwsze spotkanie z Matk\u0105 w Wilnie kiedy mia\u0142am nieca\u0142e 4 latka. Moja mama wraz z babci\u0105 zabra\u0142y mnie i moj\u0105 siostr\u0119 bli\u017aniaczk\u0119 do Wilna, a mieszkali\u015bmy na Ukrainie i do Wilna mieli\u015bmy ponad 1000 km. Pami\u0119tam \u017ce by\u0142a to zima, jechali\u015bmy poci\u0105giem, a najbardziej zapami\u0119ta\u0142am jak ju\u017c by\u0142y\u015bmy w Ostrej Bramie przed obrazem i nie mog\u0142y\u015bmy si\u0119 doczeka\u0107 kiedy b\u0119dziemy mog\u0142y powiedzie\u0107 Matce Bo\u017cej wierszyk, kt\u00f3ry u\u0142o\u017cy\u0142y\u015bmy jeszcze w domu przygotowuj\u0105c si\u0119 na ten przyjazd. I wreszcie mama powiedzia\u0142a \u017ce mo\u017cemy m\u00f3wi\u0107 i my jednog\u0142o\u015bnie powiedzia\u0142y\u015bmy: \u201eMatko Boska Ostrobramska ja bardzo Ci\u0119 kocham, jak nie b\u0119d\u0119 mia\u0142a kwiat\u00f3w to serduszko oddam\u201d (mama m\u00f3wi\u0142a \u017ce my bardzo prze\u017cywa\u0142y\u015bmy jak to b\u0119dzie \u017ce jest zima i my nie mo\u017cemy nazbiera\u0107 kwiat\u00f3w dla Matki Boskiej, co zawsze robi\u0142y\u015bmy jak jecha\u0142y\u015bmy do ko\u015bcio\u0142a do s\u0105siedniej wioski, wi\u0119c napisa\u0142y\u015bmy wierszyk z pomoc\u0105 mamy). Ju\u017c b\u0119d\u0105c w Zgromadzeniu, gdy tak rozmawia\u0142am z mam\u0105 wspominaj\u0105c to spotkanie w Ostrej Bramie, mama wyja\u015bni\u0142a czemu ona zabra\u0142a nas, takie ma\u0142e, w tak dalek\u0105 podr\u00f3\u017c do Wilna. Powiedzia\u0142a \u017ce kiedy my si\u0119 urodzi\u0142y\u015bmy, to lekarze nie dawali szans, \u017ce b\u0119dziemy \u017cy\u0107, gdy\u017c za wcze\u015bniej przysz\u0142y\u015bmy na \u015bwiat i by\u0142y\u015bmy bardzo s\u0142abe. Wtedy mamie zosta\u0142a tylko wiara i modlitwa. Poniewa\u017c mama wcze\u015bniej uczy\u0142a si\u0119 w Wilnie i cz\u0119sto odwiedza\u0142a Ostr\u0105 Bram\u0119 to od razu zwr\u00f3ci\u0142a si\u0119 do Matki Bo\u017cej w tym obrazie prosz\u0105c o ratunek i obieca\u0142a Jej, \u017ce je\u017celi my b\u0119dziemy \u017cy\u0107 to, ona przy najbli\u017cszej mo\u017cliwo\u015bci przywiezie nas do Niej. I tak si\u0119 sta\u0142o, mama s\u0142owa dotrzyma\u0142a i Matka Bo\u017ca te\u017c. My\u015bl\u0119 \u017ce ju\u017c wtedy Matka Bo\u017ca przyj\u0119\u0142a ten ma\u0142y prezent od nas, gdy\u017c takim kolejnym znakiem, kt\u00f3ry odczyta\u0142am jako Jej dzia\u0142anie to moje powo\u0142anie. Gdy ju\u017c odkry\u0142am \u017ce Jezus mnie powo\u0142uje by by\u0107 Jego oblubienic\u0105 to nie mog\u0142am odkry\u0107 w jakim Zgromadzeniu (przecie\u017c ich jest tak du\u017co i wszystkie pi\u0119kne i mi si\u0119 podoba\u0142y). Gdy ju\u017c bli\u017cej pozna\u0142am Zgromadzenie Si\u00f3str od Anio\u0142\u00f3w i zachwyci\u0142am si\u0119 jego charyzmatem to otrzyma\u0142am dla siebie znak. Przy jakiej\u015b okazji przyjecha\u0142am do si\u00f3str do domu generalnego do Konstancina i gdy zasz\u0142am do kaplicy to ogarn\u0119\u0142o mnie niesamowite uczucie \u2013 zdziwienia, ciep\u0142a i rado\u015bci. W centrum nad o\u0142tarzem wisia\u0142 pi\u0119kny, du\u017cy obraz Matki Bo\u017cej Ostrobramskiej a po bokach pi\u0119kne freski Anio\u0142\u00f3w. W tym momencie poczu\u0142am si\u0119  jak u siebie \u2013 jestem w domu.  Mia\u0142am wra\u017cenie \u017ce to Maryja mnie tam przyprowadzi\u0142a. P\u00f3\u017aniej dowiedzia\u0142am si\u0119 \u017ce w\u0142a\u015bnie Zgromadzenie Si\u00f3str od Anio\u0142\u00f3w zosta\u0142o za\u0142o\u017cone u st\u00f3p Matki Bo\u017cej Ostrobramskiej i ojciec za\u0142o\u017cyciel s\u0142uga Bo\u017cy ks. abp Wincenty Kluczy\u0144ski wiele nocy sp\u0119dzi\u0142 w tej kaplicy pisz\u0105c Regu\u0142y dla naszej Rodziny Zakonnej.  <\/p>\n<p>Wi\u0119c prze\u017cywaj\u0105c dzisiejsze \u015bwi\u0119to, w szczeg\u00f3lny spos\u00f3b p\u0142ynie z serca pie\u015b\u0144 dzi\u0119kczynienia Jezusowi za Jego Matk\u0119, kt\u00f3r\u0105 da\u0142 nam za Matk\u0119 i Matce, \u017ce tak czule troszczy si\u0119 o swoje dzieci i okazuje Swoj\u0105 mi\u0142osiern\u0105 matczyn\u0105 mi\u0142o\u015b\u0107 do mnie i do ka\u017cdego cz\u0142owieka. <\/p>\n<p>Tak\u017ce i w Surgucie spotka\u0142a mnie Matka Mi\u0142osierdzia, jej obraz znajduje si\u0119 w bocznej nawie ko\u015bcio\u0142a, mo\u017ce i dlatego ja tu si\u0119 tak dobrze czuje &#8211; jak w domu. <\/p>\n<p>A teraz kilka s\u0142\u00f3w odno\u015bnie do dzisiejszych czyta\u0144 z dnia. Tak si\u0119 z\u0142o\u017cy\u0142o \u017ce akurat na dzi\u015b t\u0142umaczy\u0142am z Polskiego na j\u0119zyk rosyjski komentarz do czyta\u0144 ks. Jaros\u0142awa G\u0105siorka, kt\u00f3ry teraz pos\u0142uguje na Ukrainie, a kt\u00f3ry pisze na nasz rosyjski blog i bardzo mi te my\u015bli spodoba\u0142y si\u0119 wi\u0119c stwierdzi\u0142am \u017ce i nimi si\u0119 podziel\u0119 z Wami:<\/p>\n<div>\n<a name='more'><\/a><b><br \/><\/b><\/div>\n<div class=\"separator\" style=\"clear: both; text-align: center;\">\n<a href=\"https:\/\/1.bp.blogspot.com\/-yHA1uuTwtHU\/W-5tA8RV4hI\/AAAAAAAAF6A\/gyM_ia7rXo45es1iQR4TwNEtSG23mG4EgCEwYBhgL\/s1600\/WP_20150419_066.jpg\" imageanchor=\"1\" style=\"clear: left; float: left; margin-bottom: 1em; margin-right: 1em;\"><img loading=\"lazy\" decoding=\"async\" border=\"0\" data-original-height=\"899\" data-original-width=\"1600\" height=\"179\" src=\"https:\/\/gaudiumetspes-blog.pl\/wp-content\/uploads\/2018\/11\/WP_20150419_066.jpg\" width=\"320\" \/><\/a><\/div>\n<div>\n<b>\u201eMiejcie w pami\u0119ci \u017con\u0119 Lota\u201d,<\/b><br \/>Kt\u00f3ra do dzisiaj stoi jak s\u0142up soli patrz\u0105c martwymi oczyma na Martwe Morze, z kt\u00f3rego fal wy\u0142aniaj\u0105 si\u0119 ruiny dw\u00f3ch miast: Sodomy i Gomory.<\/p>\n<p>Liturgia ostatnich tygodni liturgicznego roku przypomina nam o ko\u0144cu \u015bwiata. To wszystko, czym \u017cyje \u015bwiat, czym \u017cyj\u0105 ci, kt\u00f3rzy \u201ejedz\u0105, pij\u0105, kupuj\u0105 i sprzedaj\u0105, sadz\u0105 i buduj\u0105&#8230;\u201d przeminie, a nawet b\u0119dzie zniszczone jak te dwa nieszcz\u0119sne miasta. \u015awiat, dla kt\u00f3rego grzech sta\u0142 si\u0119 najwi\u0119ksz\u0105 uciech\u0105 i sensem \u017cycie nie mo\u017ce przetrwa\u0107. Nie mo\u017ce przetrwa\u0107 \u015bwiat, w kt\u00f3rym \u201egrzech sodomski\u201d sta\u0142 si\u0119 normalnym zachowaniem. <\/p>\n<p>C\u00f3\u017c wi\u0119c przetrwa ten straszny kataklizm? Mi\u0142o\u015b\u0107, do kt\u00f3rej zach\u0119ca dzi\u015b \u015bw. Jan. Prawdziwej mi\u0142o\u015bci nie zniszczy \u017caden ogie\u0144 ani woda, na odwr\u00f3t: ogie\u0144 j\u0105 jeszcze bardziej rozpali, a woda oczy\u015bci. Kto mi\u0142uje nie boi si\u0119 ani \u015bmierci, ani ko\u0144ca \u015bwiata, bo mi\u0142o\u015b\u0107 prowadzi nowymi \u015bcie\u017ckami do Nowego Nieba i Nowej Ziemi.<\/p>\n<p>B\u00f3g ochrania sprawiedliwych i ratuje ich od zag\u0142ady, jak ochroni\u0142 Noego i Lota, ale trzeba Mu zaufa\u0107 do ko\u0144ca, nie mo\u017cna ogl\u0105da\u0107 si\u0119 wstecz. \u201eKto przyk\u0142ada r\u0119k\u0119 do p\u0142uga, a wstecz si\u0119 ogl\u0105da nie nadaje si\u0119 do Kr\u00f3lestwa Bo\u017cego\u201d (\u0141k 9,62). Dlatego \u201emiejcie w pami\u0119ci \u017con\u0119 Lota\u201d.<\/p>\n<p>To tyle odno\u015bnie do rozwa\u017cania.<\/p>\n<p>Dzi\u0119kuj\u0119 za Wasz\u0105 obecno\u015b\u0107 i modlitw\u0119, za komentarze, za ten wsp\u00f3lnie prze\u017cyty tydzie\u0144. Pami\u0119tajmy w modlitwie o Ks. Jacku i prosz\u0119 o modlitw\u0119 te\u017c i za siebie i za Ko\u015bci\u00f3\u0142 na Syberii.<\/p>\n<div style=\"-webkit-text-stroke-color: rgb(0, 0, 0); -webkit-text-stroke-width: initial; font-family: &quot;Helvetica Neue&quot;; font-size: 14px; font-stretch: normal; line-height: normal; margin-bottom: 8px; min-height: 16px;\">\n<\/div>\n<div class=\"separator\" style=\"clear: both; text-align: center;\">\n<a href=\"https:\/\/1.bp.blogspot.com\/-DsfPY1CPTps\/W-5tDFpbtHI\/AAAAAAAAF6I\/2f9Tzbh9h4MaOiJYY7yMytflq2ZUKKvnACEwYBhgL\/s1600\/Zrzut-ekranu-2013-11-28-o-21.18.40.png\" imageanchor=\"1\" style=\"margin-left: 1em; margin-right: 1em;\"><img loading=\"lazy\" decoding=\"async\" border=\"0\" data-original-height=\"440\" data-original-width=\"590\" height=\"238\" src=\"https:\/\/gaudiumetspes-blog.pl\/wp-content\/uploads\/2018\/11\/Zrzut-ekranu-2013-11-28-o-21.18.40.png\" width=\"320\" \/><\/a><\/div>\n<div style=\"-webkit-text-stroke-color: rgb(0, 0, 0); -webkit-text-stroke-width: initial; font-family: &quot;Helvetica Neue&quot;; font-size: 14px; font-stretch: normal; line-height: normal; margin-bottom: 8px; min-height: 16px;\">\n<\/div>\n<\/div>\n","protected":false},"excerpt":{"rendered":"<p>(2 J 4-9) Wybrana Pani, ucieszy\u0142em si\u0119 bardzo, \u017ce znalaz\u0142em w\u015br\u00f3d twych dzieci takie, kt\u00f3re post\u0119puj\u0105 wed\u0142ug prawdy, zgodnie z przykazaniem, jakie otrzymali\u015bmy od Ojca. A teraz prosz\u0119 ci\u0119, Pani, aby\u015bmy si\u0119 wzajemnie mi\u0142owali. A pisz\u0105c to nie g\u0142osz\u0119 nowego przykazania, lecz to, kt\u00f3re mieli\u015bmy od pocz\u0105tku. Mi\u0142o\u015b\u0107 za\u015b polega na tym, aby\u015bmy post\u0119powali wed\u0142ug [&hellip;]<\/p>\n","protected":false},"author":1,"featured_media":0,"comment_status":"open","ping_status":"open","sticky":false,"template":"","format":"standard","meta":{"jetpack_post_was_ever_published":false,"_jetpack_newsletter_access":"","_jetpack_dont_email_post_to_subs":false,"_jetpack_newsletter_tier_id":0,"_jetpack_memberships_contains_paywalled_content":false,"_jetpack_memberships_contains_paid_content":false,"footnotes":""},"categories":[1],"tags":[],"class_list":["post-7109","post","type-post","status-publish","format-standard","hentry","category-bez-kategorii"],"yoast_head":"<!-- This site is optimized with the Yoast SEO plugin v25.1 - https:\/\/yoast.com\/wordpress\/plugins\/seo\/ -->\n<title>Ty co w Ostrej \u015bwiecisz Bramie - Gaudium Et Spes<\/title>\n<meta name=\"robots\" content=\"index, follow, max-snippet:-1, max-image-preview:large, max-video-preview:-1\" \/>\n<link rel=\"canonical\" href=\"https:\/\/gaudiumetspes-blog.pl\/index.php\/2018\/11\/16\/ty-co-w-ostrej-swiecisz-bramie\/\" \/>\n<meta property=\"og:locale\" content=\"pl_PL\" \/>\n<meta property=\"og:type\" content=\"article\" \/>\n<meta property=\"og:title\" content=\"Ty co w Ostrej \u015bwiecisz Bramie - Gaudium Et Spes\" \/>\n<meta property=\"og:description\" content=\"(2 J 4-9) Wybrana Pani, ucieszy\u0142em si\u0119 bardzo, \u017ce znalaz\u0142em w\u015br\u00f3d twych dzieci takie, kt\u00f3re post\u0119puj\u0105 wed\u0142ug prawdy, zgodnie z przykazaniem, jakie otrzymali\u015bmy od Ojca. A teraz prosz\u0119 ci\u0119, Pani, aby\u015bmy si\u0119 wzajemnie mi\u0142owali. A pisz\u0105c to nie g\u0142osz\u0119 nowego przykazania, lecz to, kt\u00f3re mieli\u015bmy od pocz\u0105tku. Mi\u0142o\u015b\u0107 za\u015b polega na tym, aby\u015bmy post\u0119powali wed\u0142ug [&hellip;]\" \/>\n<meta property=\"og:url\" content=\"https:\/\/gaudiumetspes-blog.pl\/index.php\/2018\/11\/16\/ty-co-w-ostrej-swiecisz-bramie\/\" \/>\n<meta property=\"og:site_name\" content=\"Gaudium Et Spes\" \/>\n<meta property=\"article:published_time\" content=\"2018-11-16T06:10:00+00:00\" \/>\n<meta property=\"article:modified_time\" content=\"2019-07-31T10:57:51+00:00\" \/>\n<meta property=\"og:image\" content=\"https:\/\/gaudiumetspes-blog.pl\/wp-content\/uploads\/2018\/11\/ostra-brama.jpg\" \/>\n<meta name=\"author\" content=\"Ks. Jacek\" \/>\n<meta name=\"twitter:card\" content=\"summary_large_image\" \/>\n<meta name=\"twitter:label1\" content=\"Napisane przez\" \/>\n\t<meta name=\"twitter:data1\" content=\"Ks. Jacek\" \/>\n\t<meta name=\"twitter:label2\" content=\"Szacowany czas czytania\" \/>\n\t<meta name=\"twitter:data2\" content=\"8 minut\" \/>\n<script type=\"application\/ld+json\" class=\"yoast-schema-graph\">{\"@context\":\"https:\/\/schema.org\",\"@graph\":[{\"@type\":\"WebPage\",\"@id\":\"https:\/\/gaudiumetspes-blog.pl\/index.php\/2018\/11\/16\/ty-co-w-ostrej-swiecisz-bramie\/\",\"url\":\"https:\/\/gaudiumetspes-blog.pl\/index.php\/2018\/11\/16\/ty-co-w-ostrej-swiecisz-bramie\/\",\"name\":\"Ty co w Ostrej \u015bwiecisz Bramie - Gaudium Et Spes\",\"isPartOf\":{\"@id\":\"https:\/\/gaudiumetspes-blog.pl\/#website\"},\"primaryImageOfPage\":{\"@id\":\"https:\/\/gaudiumetspes-blog.pl\/index.php\/2018\/11\/16\/ty-co-w-ostrej-swiecisz-bramie\/#primaryimage\"},\"image\":{\"@id\":\"https:\/\/gaudiumetspes-blog.pl\/index.php\/2018\/11\/16\/ty-co-w-ostrej-swiecisz-bramie\/#primaryimage\"},\"thumbnailUrl\":\"https:\/\/gaudiumetspes-blog.pl\/wp-content\/uploads\/2018\/11\/ostra-brama.jpg\",\"datePublished\":\"2018-11-16T06:10:00+00:00\",\"dateModified\":\"2019-07-31T10:57:51+00:00\",\"author\":{\"@id\":\"https:\/\/gaudiumetspes-blog.pl\/#\/schema\/person\/1661982992b752dea8dff0d4ed845a65\"},\"breadcrumb\":{\"@id\":\"https:\/\/gaudiumetspes-blog.pl\/index.php\/2018\/11\/16\/ty-co-w-ostrej-swiecisz-bramie\/#breadcrumb\"},\"inLanguage\":\"pl-PL\",\"potentialAction\":[{\"@type\":\"ReadAction\",\"target\":[\"https:\/\/gaudiumetspes-blog.pl\/index.php\/2018\/11\/16\/ty-co-w-ostrej-swiecisz-bramie\/\"]}]},{\"@type\":\"ImageObject\",\"inLanguage\":\"pl-PL\",\"@id\":\"https:\/\/gaudiumetspes-blog.pl\/index.php\/2018\/11\/16\/ty-co-w-ostrej-swiecisz-bramie\/#primaryimage\",\"url\":\"https:\/\/gaudiumetspes-blog.pl\/wp-content\/uploads\/2018\/11\/ostra-brama.jpg\",\"contentUrl\":\"https:\/\/gaudiumetspes-blog.pl\/wp-content\/uploads\/2018\/11\/ostra-brama.jpg\",\"width\":320,\"height\":240},{\"@type\":\"BreadcrumbList\",\"@id\":\"https:\/\/gaudiumetspes-blog.pl\/index.php\/2018\/11\/16\/ty-co-w-ostrej-swiecisz-bramie\/#breadcrumb\",\"itemListElement\":[{\"@type\":\"ListItem\",\"position\":1,\"name\":\"Strona g\u0142\u00f3wna\",\"item\":\"https:\/\/gaudiumetspes-blog.pl\/\"},{\"@type\":\"ListItem\",\"position\":2,\"name\":\"Ty co w&nbsp;Ostrej \u015bwiecisz Bramie\"}]},{\"@type\":\"WebSite\",\"@id\":\"https:\/\/gaudiumetspes-blog.pl\/#website\",\"url\":\"https:\/\/gaudiumetspes-blog.pl\/\",\"name\":\"Gaudium Et Spes\",\"description\":\"Blog Ks. Jacka Ja\u015bkowskiego\",\"potentialAction\":[{\"@type\":\"SearchAction\",\"target\":{\"@type\":\"EntryPoint\",\"urlTemplate\":\"https:\/\/gaudiumetspes-blog.pl\/?s={search_term_string}\"},\"query-input\":{\"@type\":\"PropertyValueSpecification\",\"valueRequired\":true,\"valueName\":\"search_term_string\"}}],\"inLanguage\":\"pl-PL\"},{\"@type\":\"Person\",\"@id\":\"https:\/\/gaudiumetspes-blog.pl\/#\/schema\/person\/1661982992b752dea8dff0d4ed845a65\",\"name\":\"Ks. Jacek\",\"image\":{\"@type\":\"ImageObject\",\"inLanguage\":\"pl-PL\",\"@id\":\"https:\/\/gaudiumetspes-blog.pl\/#\/schema\/person\/image\/\",\"url\":\"https:\/\/gaudiumetspes-blog.pl\/wp-content\/uploads\/2019\/07\/avatar-JJ-150x150.jpg\",\"contentUrl\":\"https:\/\/gaudiumetspes-blog.pl\/wp-content\/uploads\/2019\/07\/avatar-JJ-150x150.jpg\",\"caption\":\"Ks. Jacek\"},\"description\":\"Witam serdecznie! K\u0142ania si\u0119 Ks. Jacek Ja\u015bkowski. Nie jestem ani kim\u015b wa\u017cnym, ani kim\u015b znanym. Jestem ksi\u0119dzem, kt\u00f3ry po prostu chce rozmawia\u0107. Codzienna kap\u0142a\u0144ska pos\u0142uga pokazuje mi, \u017ce temat\u00f3w do rozm\u00f3w z ksi\u0119dzem jest coraz wi\u0119cej i dzisiaj \u017caden ksi\u0105dz nie mo\u017ce od nich ucieka\u0107, ale - wprost przeciwnie - podejmowa\u0107 nowe wyzwania. To przekonanie sk\u0142oni\u0142o mnie do pr\u00f3by otwarcia tego\u017c bloga, chocia\u017c okazji do rozm\u00f3w na co dzie\u0144 - w konfesjonale i poza nim - na szcz\u0119\u015bcie nie brakuje. My\u015bl\u0119 jednak, \u017ce ten blog b\u0119dzie jeszcze jednym sposobem i przestrzeni\u0105 nawi\u0105zania kontaktu z lud\u017ami dobrej woli, otwartymi na dialog.\",\"url\":\"https:\/\/gaudiumetspes-blog.pl\/index.php\/author\/ks-jacek\/\"}]}<\/script>\n<!-- \/ Yoast SEO plugin. -->","yoast_head_json":{"title":"Ty co w Ostrej \u015bwiecisz Bramie - Gaudium Et Spes","robots":{"index":"index","follow":"follow","max-snippet":"max-snippet:-1","max-image-preview":"max-image-preview:large","max-video-preview":"max-video-preview:-1"},"canonical":"https:\/\/gaudiumetspes-blog.pl\/index.php\/2018\/11\/16\/ty-co-w-ostrej-swiecisz-bramie\/","og_locale":"pl_PL","og_type":"article","og_title":"Ty co w Ostrej \u015bwiecisz Bramie - Gaudium Et Spes","og_description":"(2 J 4-9) Wybrana Pani, ucieszy\u0142em si\u0119 bardzo, \u017ce znalaz\u0142em w\u015br\u00f3d twych dzieci takie, kt\u00f3re post\u0119puj\u0105 wed\u0142ug prawdy, zgodnie z przykazaniem, jakie otrzymali\u015bmy od Ojca. A teraz prosz\u0119 ci\u0119, Pani, aby\u015bmy si\u0119 wzajemnie mi\u0142owali. A pisz\u0105c to nie g\u0142osz\u0119 nowego przykazania, lecz to, kt\u00f3re mieli\u015bmy od pocz\u0105tku. Mi\u0142o\u015b\u0107 za\u015b polega na tym, aby\u015bmy post\u0119powali wed\u0142ug [&hellip;]","og_url":"https:\/\/gaudiumetspes-blog.pl\/index.php\/2018\/11\/16\/ty-co-w-ostrej-swiecisz-bramie\/","og_site_name":"Gaudium Et Spes","article_published_time":"2018-11-16T06:10:00+00:00","article_modified_time":"2019-07-31T10:57:51+00:00","og_image":[{"url":"https:\/\/gaudiumetspes-blog.pl\/wp-content\/uploads\/2018\/11\/ostra-brama.jpg","type":"","width":"","height":""}],"author":"Ks. Jacek","twitter_card":"summary_large_image","twitter_misc":{"Napisane przez":"Ks. Jacek","Szacowany czas czytania":"8 minut"},"schema":{"@context":"https:\/\/schema.org","@graph":[{"@type":"WebPage","@id":"https:\/\/gaudiumetspes-blog.pl\/index.php\/2018\/11\/16\/ty-co-w-ostrej-swiecisz-bramie\/","url":"https:\/\/gaudiumetspes-blog.pl\/index.php\/2018\/11\/16\/ty-co-w-ostrej-swiecisz-bramie\/","name":"Ty co w Ostrej \u015bwiecisz Bramie - Gaudium Et Spes","isPartOf":{"@id":"https:\/\/gaudiumetspes-blog.pl\/#website"},"primaryImageOfPage":{"@id":"https:\/\/gaudiumetspes-blog.pl\/index.php\/2018\/11\/16\/ty-co-w-ostrej-swiecisz-bramie\/#primaryimage"},"image":{"@id":"https:\/\/gaudiumetspes-blog.pl\/index.php\/2018\/11\/16\/ty-co-w-ostrej-swiecisz-bramie\/#primaryimage"},"thumbnailUrl":"https:\/\/gaudiumetspes-blog.pl\/wp-content\/uploads\/2018\/11\/ostra-brama.jpg","datePublished":"2018-11-16T06:10:00+00:00","dateModified":"2019-07-31T10:57:51+00:00","author":{"@id":"https:\/\/gaudiumetspes-blog.pl\/#\/schema\/person\/1661982992b752dea8dff0d4ed845a65"},"breadcrumb":{"@id":"https:\/\/gaudiumetspes-blog.pl\/index.php\/2018\/11\/16\/ty-co-w-ostrej-swiecisz-bramie\/#breadcrumb"},"inLanguage":"pl-PL","potentialAction":[{"@type":"ReadAction","target":["https:\/\/gaudiumetspes-blog.pl\/index.php\/2018\/11\/16\/ty-co-w-ostrej-swiecisz-bramie\/"]}]},{"@type":"ImageObject","inLanguage":"pl-PL","@id":"https:\/\/gaudiumetspes-blog.pl\/index.php\/2018\/11\/16\/ty-co-w-ostrej-swiecisz-bramie\/#primaryimage","url":"https:\/\/gaudiumetspes-blog.pl\/wp-content\/uploads\/2018\/11\/ostra-brama.jpg","contentUrl":"https:\/\/gaudiumetspes-blog.pl\/wp-content\/uploads\/2018\/11\/ostra-brama.jpg","width":320,"height":240},{"@type":"BreadcrumbList","@id":"https:\/\/gaudiumetspes-blog.pl\/index.php\/2018\/11\/16\/ty-co-w-ostrej-swiecisz-bramie\/#breadcrumb","itemListElement":[{"@type":"ListItem","position":1,"name":"Strona g\u0142\u00f3wna","item":"https:\/\/gaudiumetspes-blog.pl\/"},{"@type":"ListItem","position":2,"name":"Ty co w&nbsp;Ostrej \u015bwiecisz Bramie"}]},{"@type":"WebSite","@id":"https:\/\/gaudiumetspes-blog.pl\/#website","url":"https:\/\/gaudiumetspes-blog.pl\/","name":"Gaudium Et Spes","description":"Blog Ks. Jacka Ja\u015bkowskiego","potentialAction":[{"@type":"SearchAction","target":{"@type":"EntryPoint","urlTemplate":"https:\/\/gaudiumetspes-blog.pl\/?s={search_term_string}"},"query-input":{"@type":"PropertyValueSpecification","valueRequired":true,"valueName":"search_term_string"}}],"inLanguage":"pl-PL"},{"@type":"Person","@id":"https:\/\/gaudiumetspes-blog.pl\/#\/schema\/person\/1661982992b752dea8dff0d4ed845a65","name":"Ks. Jacek","image":{"@type":"ImageObject","inLanguage":"pl-PL","@id":"https:\/\/gaudiumetspes-blog.pl\/#\/schema\/person\/image\/","url":"https:\/\/gaudiumetspes-blog.pl\/wp-content\/uploads\/2019\/07\/avatar-JJ-150x150.jpg","contentUrl":"https:\/\/gaudiumetspes-blog.pl\/wp-content\/uploads\/2019\/07\/avatar-JJ-150x150.jpg","caption":"Ks. Jacek"},"description":"Witam serdecznie! K\u0142ania si\u0119 Ks. Jacek Ja\u015bkowski. Nie jestem ani kim\u015b wa\u017cnym, ani kim\u015b znanym. Jestem ksi\u0119dzem, kt\u00f3ry po prostu chce rozmawia\u0107. Codzienna kap\u0142a\u0144ska pos\u0142uga pokazuje mi, \u017ce temat\u00f3w do rozm\u00f3w z ksi\u0119dzem jest coraz wi\u0119cej i dzisiaj \u017caden ksi\u0105dz nie mo\u017ce od nich ucieka\u0107, ale - wprost przeciwnie - podejmowa\u0107 nowe wyzwania. To przekonanie sk\u0142oni\u0142o mnie do pr\u00f3by otwarcia tego\u017c bloga, chocia\u017c okazji do rozm\u00f3w na co dzie\u0144 - w konfesjonale i poza nim - na szcz\u0119\u015bcie nie brakuje. My\u015bl\u0119 jednak, \u017ce ten blog b\u0119dzie jeszcze jednym sposobem i przestrzeni\u0105 nawi\u0105zania kontaktu z lud\u017ami dobrej woli, otwartymi na dialog.","url":"https:\/\/gaudiumetspes-blog.pl\/index.php\/author\/ks-jacek\/"}]}},"jetpack_featured_media_url":"","jetpack_sharing_enabled":true,"_links":{"self":[{"href":"https:\/\/gaudiumetspes-blog.pl\/index.php\/wp-json\/wp\/v2\/posts\/7109","targetHints":{"allow":["GET"]}}],"collection":[{"href":"https:\/\/gaudiumetspes-blog.pl\/index.php\/wp-json\/wp\/v2\/posts"}],"about":[{"href":"https:\/\/gaudiumetspes-blog.pl\/index.php\/wp-json\/wp\/v2\/types\/post"}],"author":[{"embeddable":true,"href":"https:\/\/gaudiumetspes-blog.pl\/index.php\/wp-json\/wp\/v2\/users\/1"}],"replies":[{"embeddable":true,"href":"https:\/\/gaudiumetspes-blog.pl\/index.php\/wp-json\/wp\/v2\/comments?post=7109"}],"version-history":[{"count":1,"href":"https:\/\/gaudiumetspes-blog.pl\/index.php\/wp-json\/wp\/v2\/posts\/7109\/revisions"}],"predecessor-version":[{"id":14470,"href":"https:\/\/gaudiumetspes-blog.pl\/index.php\/wp-json\/wp\/v2\/posts\/7109\/revisions\/14470"}],"wp:attachment":[{"href":"https:\/\/gaudiumetspes-blog.pl\/index.php\/wp-json\/wp\/v2\/media?parent=7109"}],"wp:term":[{"taxonomy":"category","embeddable":true,"href":"https:\/\/gaudiumetspes-blog.pl\/index.php\/wp-json\/wp\/v2\/categories?post=7109"},{"taxonomy":"post_tag","embeddable":true,"href":"https:\/\/gaudiumetspes-blog.pl\/index.php\/wp-json\/wp\/v2\/tags?post=7109"}],"curies":[{"name":"wp","href":"https:\/\/api.w.org\/{rel}","templated":true}]}}