{"id":7122,"date":"2018-11-03T05:36:00","date_gmt":"2018-11-03T04:36:00","guid":{"rendered":"https:\/\/gaudiumetspes-blog.pl\/index.php\/2018\/11\/03\/pokora-wielka-potega-czowieka\/"},"modified":"2019-07-31T12:57:50","modified_gmt":"2019-07-31T10:57:50","slug":"pokora-wielka-potega-czowieka","status":"publish","type":"post","link":"https:\/\/gaudiumetspes-blog.pl\/index.php\/2018\/11\/03\/pokora-wielka-potega-czowieka\/","title":{"rendered":"Pokora &#8211; wielka pot\u0119ga cz\u0142owieka!"},"content":{"rendered":"<p><\/p>\n<div align=\"justify\" class=\"western\" style=\"font-weight: normal; line-height: 150%; margin-bottom: 0cm;\">\nSzcz\u0119\u015b\u0107<br \/>\nBo\u017ce! Moi Drodzy, nie wspomnia\u0142em wczoraj, ale czyni\u0119 to dzisiaj,<br \/>\ni\u017c <b>w dniu wczorajszym urodziny prze\u017cywa\u0142a Pani Doktor Wanda<br \/>\nP\u00f3\u0142tawska \u2013 Osoba bardzo szeroko znana, bo zaanga\u017cowana w<br \/>\npromocj\u0119 \u017cycia cz\u0142owieka od jego pocz\u0119cia, Przyjaci\u00f3\u0142ka Jana<br \/>\nPaw\u0142a II. Zdarzy\u0142o mi si\u0119 kiedy\u015b spotka\u0107 z Pani\u0105 Doktor, a<br \/>\npotem kr\u00f3tko korespondowa\u0107. Cz\u0119sto wspieram J\u0105 modlitw\u0105.<\/b><\/div>\n<div align=\"justify\" class=\"western\" style=\"background: transparent; line-height: 150%; margin-bottom: 0cm; orphans: 2; page-break-before: auto; text-indent: 1.3cm; widows: 2;\">\n<b>Dzisiaj<br \/>\nz kolei imieniny prze\u017cywa Sylwia Tomaszek, Wicedyrektor Liceum im.<br \/>\nLelewela w \u017belechowie, moja Kole\u017canka z tej\u017ce pracy; a tak\u017ce<br \/>\nHubert Maksymiuk, nale\u017c\u0105cy w swoim czasie do jednej z m\u0142odzie\u017cowych<br \/>\nWsp\u00f3lnot.<\/b><\/div>\n<div align=\"justify\" class=\"western\" style=\"background: transparent; line-height: 150%; margin-bottom: 0cm; orphans: 2; text-indent: 1.3cm; widows: 2;\">\n<b>Niech<br \/>\nPan da Wszystkim, \u015bwi\u0119tuj\u0105cym wczoraj i dzisiaj, wiele \u0142ask,<br \/>\ndar\u00f3w i natchnie\u0144. Ja ze swej strony \u2013 b\u0119d\u0119 si\u0119 o to dla nich<br \/>\nmodli\u0142.<\/b><\/div>\n<div align=\"justify\" class=\"western\" style=\"background: transparent; font-weight: normal; line-height: 150%; margin-bottom: 0cm; orphans: 2; text-indent: 1.3cm; widows: 2;\">\nA<br \/>\ndzisiaj \u2013 jak w ka\u017cd\u0105 sobot\u0119 \u2013 s\u0142\u00f3wko Jakuba. Serdecznie<br \/>\ndzi\u0119kuj\u0119 za jego przygotowanie, a Was, moi Drodzy, zach\u0119cam do<br \/>\nrefleksji. Przypominam jednocze\u015bnie, \u017ce dzisiaj pierwsza sobota<br \/>\nmiesi\u0105ca.<\/div>\n<div align=\"center\" class=\"western\" style=\"font-weight: normal; line-height: 150%; margin-bottom: 0cm;\">\nGaudium<br \/>\net spes!  Ks. Jacek<\/div>\n<div align=\"justify\" class=\"western\" style=\"line-height: 150%; margin-bottom: 0cm;\">\n<\/p>\n<\/div>\n<div align=\"justify\" class=\"western\" style=\"line-height: 150%; margin-bottom: 0cm;\">\n<b>Sobota<br \/>\n30 Tygodnia zwyk\u0142ego, rok II,<\/b><\/div>\n<div align=\"justify\" class=\"western\" style=\"line-height: 150%; margin-bottom: 0cm;\">\n<b>do<br \/>\nczyta\u0144:  Flp 1,18b\u201326;  \u0141k 14,1.7\u201311<\/b><\/div>\n<div align=\"justify\" class=\"western\" style=\"line-height: 150%; margin-bottom: 0cm;\">\n<\/p>\n<\/div>\n<div align=\"justify\" class=\"western\" style=\"line-height: 150%; margin-bottom: 0cm;\">\n<b>CZYTANIE<br \/>\nZ LISTU \u015aWI\u0118TEGO PAW\u0141A APOSTO\u0141A DO FILIPIAN:<\/b><\/div>\n<div align=\"justify\" class=\"western\" style=\"background: transparent; line-height: 150%; margin-bottom: 0cm; orphans: 2; page-break-before: auto; text-indent: 1.3cm; widows: 2;\">\n<b>Bracia:<br \/>\n\u017be na wszelki spos\u00f3b rozg\u0142asza si\u0119 Chrystusa, z tego si\u0119 ciesz\u0119<br \/>\ni b\u0119d\u0119 si\u0119 cieszy\u0142. Wiem bowiem, \u017ce to mi wyjdzie na zbawienie<br \/>\ndzi\u0119ki waszej modlitwie i pomocy, udzielanej przez Ducha Jezusa<br \/>\nChrystusa, zgodnie z gor\u0105cym oczekiwaniem i nadziej\u0105 moj\u0105, \u017ce w<br \/>\nniczym nie doznam zawodu. Lecz jak zawsze, tak i teraz, z ca\u0142\u0105<br \/>\nswobod\u0105 i jawno\u015bci\u0105 Chrystus b\u0119dzie uwielbiony w moim ciele: czy<br \/>\nto przez \u017cycie, czy przez \u015bmier\u0107. <\/b>\n<\/div>\n<div align=\"justify\" class=\"western\" style=\"background: transparent; line-height: 150%; margin-bottom: 0cm; orphans: 2; text-indent: 1.3cm; widows: 2;\">\n<b>Dla<br \/>\nmnie bowiem \u017cy\u0107 to Chrystus, a umrze\u0107 to zysk. Je\u015bli bowiem \u017cy\u0107<br \/>\nw ciele, to dla mnie owocna praca. Co mam wybra\u0107? Nie umiem<br \/>\npowiedzie\u0107. Z dw\u00f3ch stron doznaj\u0119 nalegania: pragn\u0119 odej\u015b\u0107 i<br \/>\nby\u0107 z Chrystusem, bo to o wiele lepsze, pozostawa\u0107 za\u015b w ciele to<br \/>\nbardziej dla was konieczne. <\/b>\n<\/div>\n<div align=\"justify\" class=\"western\" style=\"background: transparent; line-height: 150%; margin-bottom: 0cm; orphans: 2; text-indent: 1.3cm; widows: 2;\">\n<b>A<br \/>\nufny w to wiem, \u017ce pozostan\u0119 i to pozostan\u0119 nadal dla was<br \/>\nwszystkich, dla waszego post\u0119pu i rado\u015bci w wierze, aby ros\u0142a<br \/>\nwasza duma w Chrystusie przeze mnie, przez moj\u0105 ponown\u0105 obecno\u015b\u0107<br \/>\nu was.<\/b><\/div>\n<div align=\"justify\" class=\"western\" style=\"line-height: 150%; margin-bottom: 0cm;\">\n<\/p>\n<\/div>\n<div align=\"justify\" class=\"western\" style=\"line-height: 150%; margin-bottom: 0cm;\">\n<b>S\u0141OWA<br \/>\nEWANGELII WED\u0141UG \u015aWI\u0118TEGO \u0141UKASZA:<\/b><\/div>\n<div align=\"justify\" class=\"western\" style=\"background: transparent; line-height: 150%; margin-bottom: 0cm; orphans: 2; page-break-before: auto; text-indent: 1.3cm; widows: 2;\">\n<b>Gdy<br \/>\nJezus przyszed\u0142 do domu pewnego przyw\u00f3dcy faryzeusz\u00f3w, aby w<br \/>\nszabat spo\u017cy\u0107 posi\u0142ek, oni Go \u015bledzili. Opowiedzia\u0142 w\u00f3wczas<br \/>\nzaproszonym przypowie\u015b\u0107, gdy zauwa\u017cy\u0142, jak sobie pierwsze miejsca<br \/>\nwybierali. Tak m\u00f3wi\u0142 do nich:<\/b><\/div>\n<div align=\"justify\" class=\"western\" style=\"background: transparent; line-height: 150%; margin-bottom: 0cm; orphans: 2; text-indent: 1.3cm; widows: 2;\">\n\u201e<b>Je\u015bli<br \/>\nci\u0119 kto zaprosi na uczt\u0119, nie zajmuj pierwszego miejsca, by czasem<br \/>\nkto\u015b znakomitszy od ciebie nie by\u0142 zaproszony przez niego. W\u00f3wczas<br \/>\nprzyjdzie ten, kto was obu zaprosi\u0142, i powie ci: \u00abUst\u0105p temu<br \/>\nmiejsca\u00bb. I musia\u0142by\u015b ze wstydem zaj\u0105\u0107 ostatnie miejsce.<\/b><b><br \/>\n<\/b><b>Lecz<br \/>\ngdy b\u0119dziesz zaproszony, id\u017a i usi\u0105d\u017a na ostatnim miejscu. Wtedy<br \/>\nprzyjdzie gospodarz i powie ci: \u00abPrzyjacielu, przesi\u0105d\u017a si\u0119<br \/>\nwy\u017cej\u00bb. I spotka ci\u0119 zaszczyt wobec wszystkich wsp\u00f3\u0142biesiadnik\u00f3w.<br \/>\n<\/b>\n<\/div>\n<div align=\"justify\" class=\"western\" style=\"background: transparent; line-height: 150%; margin-bottom: 0cm; orphans: 2; text-indent: 1.3cm; widows: 2;\">\n<b>Ka\u017cdy<br \/>\nbowiem, kto si\u0119 wywy\u017csza, b\u0119dzie poni\u017cony, a kto si\u0119 poni\u017ca,<br \/>\nb\u0119dzie wywy\u017cszony\u201d.<\/b><\/div>\n<div align=\"justify\" class=\"western\" style=\"line-height: 150%; margin-bottom: 0cm;\">\n<\/p>\n<\/div>\n<div align=\"center\" class=\"western\" style=\"background: transparent; line-height: 150%; margin-bottom: 0cm; orphans: 2; page-break-before: auto; widows: 2;\">\n<b>A<br \/>\nOTO S\u0141\u00d3WKO JAKUBA: <\/b>\n<\/div>\n<div align=\"justify\" class=\"western\" style=\"background: transparent; line-height: 150%; margin-bottom: 0cm; orphans: 2; text-indent: 1.3cm; widows: 2;\">\n<\/p>\n<\/div>\n<div align=\"justify\" class=\"western\" style=\"background: transparent; font-weight: normal; line-height: 150%; margin-bottom: 0cm; orphans: 2; page-break-before: auto; text-indent: 1.3cm; widows: 2;\">\nPierwsz\u0105<br \/>\npozycj\u0119 na li\u015bcie grzech\u00f3w g\u0142\u00f3wnych zajmuje pycha. To ona jest<br \/>\npocz\u0105tkiem i \u017ar\u00f3d\u0142em wszystkich pozosta\u0142ych. A czym tak naprawd\u0119<br \/>\njest pycha? To nic innego jak popadanie w samozachwyt. Cz\u0142owiek<br \/>\npyszny z regu\u0142y charakteryzuje si\u0119 zbyt wysok\u0105 samoocen\u0105 oraz<br \/>\nmniemaniem o sobie. O takiej osobie m\u00f3wi w\u0142a\u015bnie dzisiaj nam Jezus<br \/>\nw przypowie\u015bci o wielkiej uczcie.\n<\/div>\n<div align=\"justify\" class=\"western\" style=\"background: transparent; font-weight: normal; line-height: 150%; margin-bottom: 0cm; orphans: 2; text-indent: 1.3cm; widows: 2;\">\nPoucza<br \/>\nnas, aby\u015bmy nie wynosili si\u0119 ponad innych. Daje nam do zrozumienia,<br \/>\n\u017ce ka\u017cdy z nas ma swoje miejsce w \u017cyciu, tak jak go\u015bcie na<br \/>\nuczcie. I aby taka uczta by\u0142a odpowiednio zorganizowana, to pierwsz\u0105<br \/>\ni podstawow\u0105 rzecz\u0105 jest to, aby gospodarz siad\u0142 na g\u0142\u00f3wnym<br \/>\nmiejscu. Gospodarzem na uczcie, kt\u00f3r\u0105 jest nasze istnienie powinien<br \/>\nby\u0107 B\u00f3g. To On powinien wyznacza\u0107 zasady, to On pomaga w tym, aby<br \/>\nuczta si\u0119 uda\u0142a, czyli: aby\u015bmy osi\u0105gn\u0119li nasz nadrz\u0119dny cel \u2013<br \/>\n\u017cycie wieczne.\n<\/div>\n<div align=\"justify\" class=\"western\" style=\"background: transparent; line-height: 150%; margin-bottom: 0cm; orphans: 2; text-indent: 1.3cm; widows: 2;\">\nJe\u017celi<br \/>\nchodzi o dalsze miejsca to wa\u017cne jest, aby zostawi\u0107 za sob\u0105<br \/>\nw\u0142a\u015bnie t\u0119 pych\u0119 i zaj\u0105\u0107 te, kt\u00f3re s\u0105 daleko. To Gospodarz<br \/>\ndecyduje, kto jest na tyle Mu<br \/>\npos\u0142uszny, kto ma na tyle g\u0142\u0119bok\u0105 wiar\u0119, aby zas\u0142u\u017cy\u0107 na<br \/>\nmiejsce bli\u017csze Jemu. A ile\u017c pi\u0119kniej b\u0119dzie us\u0142ysze\u0107, \u017ce jest<br \/>\nsi\u0119 prawdziwym przyjacielem Boga, ani\u017celi to, \u017ce trzeba si\u0119<br \/>\nprzesi\u0105\u015b\u0107 dalej, bo nie zas\u0142uguje si\u0119 na ten zaszczyt. I my\u015bl\u0119,<br \/>\n\u017ce to w\u0142a\u015bnie jest w pe\u0142ni adekwatny wyznacznik wielko\u015bci<br \/>\ncz\u0142owieka: nie posiadane bogactwo, nie zdobyte tytu\u0142y i godno\u015bci,<br \/>\ntylko to, jak za\u017cy\u0142a jest jego relacja z samym Stw\u00f3rc\u0105.\n<\/div>\n<div align=\"justify\" class=\"western\" style=\"background: transparent; line-height: 150%; margin-bottom: 0cm; orphans: 2; text-indent: 1.3cm; widows: 2;\">\nTrzeba<br \/>\noczywi\u015bcie doda\u0107, \u017ce w por\u00f3wnaniu do innych uczt, na t\u0119<br \/>\nzaproszeni s\u0105 wszyscy, bez wyj\u0105tku. Przez to jednak wa\u017cnym jest,<br \/>\naby na to zaproszenie odpowiedzie\u0107. I tu, niestety, musimy przyzna\u0107,<br \/>\n\u017ce wielu z tego zaproszenia nie korzysta. Ta postawa jest<br \/>\nnieodpowiednia, gdy\u017c Gospodarz wtedy nie mo\u017ce widzie\u0107 w takim<br \/>\ncz\u0142owieku swego przyjaciela. Nie wie on, \u017ce ta bliska znajomo\u015b\u0107<br \/>\nnaprawd\u0119 owocuje. I to na naprawd\u0119 wielk\u0105 skal\u0119.\n<\/div>\n<div align=\"justify\" class=\"western\" style=\"background: transparent; line-height: 150%; margin-bottom: 0cm; orphans: 2; text-indent: 1.3cm; widows: 2;\">\nO<br \/>\ntakim owocowaniu pisze \u015bw. Pawe\u0142 w swoim li\u015bcie do Filipian: <i><b>\u017be<br \/>\nna wszelki spos\u00f3b rozg\u0142asza si\u0119 Chrystusa, z tego si\u0119 ciesz\u0119 i<br \/>\nb\u0119d\u0119 cieszy\u0142. Wiem bowiem, \u017ce wyjdzie mi to na zbawienie.<\/b><\/i><br \/>\nMimo, \u017ce Pawe\u0142 jest uwi\u0119ziony i nie wie, jaki wyrok b\u0119dzie na<br \/>\nniego wydany, to i tak na jego uczcie Gospodarzem jest B\u00f3g. To on mu<br \/>\npozwala przezwyci\u0119\u017cy\u0107 cierpienie i niepewno\u015b\u0107. Co wi\u0119cej, Pawe\u0142<br \/>\nbroni si\u0119 jednym z mieczy najlepiej tn\u0105cych ciemn\u0105 zas\u0142on\u0119<br \/>\npychy, a mianowicie pokor\u0105. M\u00f3wi: <i><b>Chrystus niech b\u0119dzie<br \/>\nuwielbiony w moim ciele: czy to przez \u017cycie, czy to przez \u015bmier\u0107.<\/b><\/i><br \/>\nJest w pe\u0142ni poddany woli Boga. Przypomina to scen\u0119 z \u017cycia samego<br \/>\nJezusa, kiedy On m\u00f3wi: <i><b>Ojcze, nie <\/b><\/i><i><b>m<\/b><\/i><i><b>oja<br \/>\nwola, lecz Twoja niech si\u0119 stanie.<\/b><\/i><i> <\/i>Pawe\u0142 to<br \/>\ncz\u0142owiek, kt\u00f3ry przyjmie ka\u017cd\u0105 mo\u017cliw\u0105 wersj\u0119 przysz\u0142ych<br \/>\nzdarze\u0144, gdy\u017c wie, \u017ce B\u00f3g nad nim czuwa i wszystko, co mu si\u0119<br \/>\nprzytrafia, ma mu pom\u00f3c zyska\u0107 zbawienie.\n<\/div>\n<div align=\"justify\" class=\"western\" style=\"background: transparent; line-height: 150%; margin-bottom: 0cm; orphans: 2; text-indent: 1.3cm; widows: 2;\">\nPokora<br \/>\n\u2013 to jest antidotum na trucizn\u0119 pychy. To ona pomaga ka\u017cdemu<br \/>\nkatolikowi wyzby\u0107 si\u0119 prze\u015bwiadczenia, \u017ce osi\u0105gn\u0119\u0142o si\u0119<br \/>\napogeum \u017cycia chrze\u015bcija\u0144skiego, z powodu kt\u00f3rego ka\u017cda kolejna<br \/>\nchwila mo\u017ce coraz bardziej oddala\u0107 nas od Boga. Ksi\u0105dz Jan<br \/>\nTwardowski tak pisa\u0142 o pokorze: \u201ePokora nie jest s\u0142abo\u015bci\u0105, ale<br \/>\nwielk\u0105 pot\u0119g\u0105 cz\u0142owieka\u201d. Jest tak dlatego, \u017ce dzi\u0119ki mocy<br \/>\npokory jeste\u015bmy w stanie po\u015bwi\u0119ci\u0107 swoje \u017cycie i odda\u0107 je w<br \/>\npe\u0142ni we w\u0142adanie Boga.\n<\/div>\n<div align=\"justify\" class=\"western\" style=\"background: transparent; line-height: 150%; margin-bottom: 0cm; orphans: 2; text-indent: 1.3cm; widows: 2;\">\nW<br \/>\ndzisiejszej aklamacji s\u0142yszymy wezwanie Jezusa: <i><b>We\u017acie moje<br \/>\njarzmo na siebie i uczcie si\u0119 ode Mnie, bo jestem cichy i pokorny<br \/>\nsercem.<\/b><\/i> Jezus m\u00f3wi, \u017ce kto bierze ci\u0119\u017car, kt\u00f3ry bierze<br \/>\ntak\u017ce Chrystus, a wi\u0119c krzy\u017c \u2013 czyli ten kto podejmuje si\u0119<br \/>\nrealizacji prawa mi\u0142o\u015bci, wyra\u017conego przez cicho\u015b\u0107 i pokor\u0119 w<br \/>\nsercu \u2013 ten znajduje w tym jarzmie krzepi\u0105c\u0105 i lecz\u0105c\u0105 \u0142ask\u0119<br \/>\nBoga.\n<\/div>\n<div align=\"justify\" class=\"western\" style=\"background: transparent; line-height: 150%; margin-bottom: 0cm; orphans: 2; text-indent: 1.3cm; widows: 2;\">\nNa<br \/>\nkoniec zadajmy sobie kilka pyta\u0144: Czy w moim \u017cyciu na g\u0142\u00f3wnym<br \/>\nmiejscu siedzi Gospodarz mojego istnienia \u2013 B\u00f3g? Czy nie rz\u0105dzi<br \/>\nmn\u0105 pycha? Czy nie g\u00f3ruje ona nad moimi my\u015blami i czynami? Czy mam<br \/>\nsi\u0142\u0119 z ni\u0105 walczy\u0107? Czy mam w sobie pokor\u0119, kt\u00f3ra skutecznie<br \/>\npowstrzymuje pych\u0119? Czy potrafi\u0119 wzi\u0105\u0107 na barki jarzmo krzy\u017ca?<br \/>\nCzy realizuj\u0119 w swoim otoczeniu prawo mi\u0142o\u015bci?<\/div>\n","protected":false},"excerpt":{"rendered":"<p>Szcz\u0119\u015b\u0107 Bo\u017ce! Moi Drodzy, nie wspomnia\u0142em wczoraj, ale czyni\u0119 to dzisiaj, i\u017c w dniu wczorajszym urodziny prze\u017cywa\u0142a Pani Doktor Wanda P\u00f3\u0142tawska \u2013 Osoba bardzo szeroko znana, bo zaanga\u017cowana w promocj\u0119 \u017cycia cz\u0142owieka od jego pocz\u0119cia, Przyjaci\u00f3\u0142ka Jana Paw\u0142a II. Zdarzy\u0142o mi si\u0119 kiedy\u015b spotka\u0107 z Pani\u0105 Doktor, a potem kr\u00f3tko korespondowa\u0107. Cz\u0119sto wspieram J\u0105 modlitw\u0105. [&hellip;]<\/p>\n","protected":false},"author":1,"featured_media":0,"comment_status":"open","ping_status":"open","sticky":false,"template":"","format":"standard","meta":{"jetpack_post_was_ever_published":false,"_jetpack_newsletter_access":"","_jetpack_dont_email_post_to_subs":false,"_jetpack_newsletter_tier_id":0,"_jetpack_memberships_contains_paywalled_content":false,"_jetpack_memberships_contains_paid_content":false,"footnotes":""},"categories":[1],"tags":[],"class_list":["post-7122","post","type-post","status-publish","format-standard","hentry","category-bez-kategorii"],"yoast_head":"<!-- This site is optimized with the Yoast SEO plugin v25.1 - https:\/\/yoast.com\/wordpress\/plugins\/seo\/ -->\n<title>Pokora - wielka pot\u0119ga cz\u0142owieka! - Gaudium Et Spes<\/title>\n<meta name=\"robots\" content=\"index, follow, max-snippet:-1, max-image-preview:large, max-video-preview:-1\" \/>\n<link rel=\"canonical\" href=\"https:\/\/gaudiumetspes-blog.pl\/index.php\/2018\/11\/03\/pokora-wielka-potega-czowieka\/\" \/>\n<meta property=\"og:locale\" content=\"pl_PL\" \/>\n<meta property=\"og:type\" content=\"article\" \/>\n<meta property=\"og:title\" content=\"Pokora - wielka pot\u0119ga cz\u0142owieka! - Gaudium Et Spes\" \/>\n<meta property=\"og:description\" content=\"Szcz\u0119\u015b\u0107 Bo\u017ce! Moi Drodzy, nie wspomnia\u0142em wczoraj, ale czyni\u0119 to dzisiaj, i\u017c w dniu wczorajszym urodziny prze\u017cywa\u0142a Pani Doktor Wanda P\u00f3\u0142tawska \u2013 Osoba bardzo szeroko znana, bo zaanga\u017cowana w promocj\u0119 \u017cycia cz\u0142owieka od jego pocz\u0119cia, Przyjaci\u00f3\u0142ka Jana Paw\u0142a II. Zdarzy\u0142o mi si\u0119 kiedy\u015b spotka\u0107 z Pani\u0105 Doktor, a potem kr\u00f3tko korespondowa\u0107. Cz\u0119sto wspieram J\u0105 modlitw\u0105. [&hellip;]\" \/>\n<meta property=\"og:url\" content=\"https:\/\/gaudiumetspes-blog.pl\/index.php\/2018\/11\/03\/pokora-wielka-potega-czowieka\/\" \/>\n<meta property=\"og:site_name\" content=\"Gaudium Et Spes\" \/>\n<meta property=\"article:published_time\" content=\"2018-11-03T04:36:00+00:00\" \/>\n<meta property=\"article:modified_time\" content=\"2019-07-31T10:57:50+00:00\" \/>\n<meta name=\"author\" content=\"Ks. Jacek\" \/>\n<meta name=\"twitter:card\" content=\"summary_large_image\" \/>\n<meta name=\"twitter:label1\" content=\"Napisane przez\" \/>\n\t<meta name=\"twitter:data1\" content=\"Ks. Jacek\" \/>\n\t<meta name=\"twitter:label2\" content=\"Szacowany czas czytania\" \/>\n\t<meta name=\"twitter:data2\" content=\"6 minut\" \/>\n<script type=\"application\/ld+json\" class=\"yoast-schema-graph\">{\"@context\":\"https:\/\/schema.org\",\"@graph\":[{\"@type\":\"WebPage\",\"@id\":\"https:\/\/gaudiumetspes-blog.pl\/index.php\/2018\/11\/03\/pokora-wielka-potega-czowieka\/\",\"url\":\"https:\/\/gaudiumetspes-blog.pl\/index.php\/2018\/11\/03\/pokora-wielka-potega-czowieka\/\",\"name\":\"Pokora - wielka pot\u0119ga cz\u0142owieka! - Gaudium Et Spes\",\"isPartOf\":{\"@id\":\"https:\/\/gaudiumetspes-blog.pl\/#website\"},\"datePublished\":\"2018-11-03T04:36:00+00:00\",\"dateModified\":\"2019-07-31T10:57:50+00:00\",\"author\":{\"@id\":\"https:\/\/gaudiumetspes-blog.pl\/#\/schema\/person\/1661982992b752dea8dff0d4ed845a65\"},\"breadcrumb\":{\"@id\":\"https:\/\/gaudiumetspes-blog.pl\/index.php\/2018\/11\/03\/pokora-wielka-potega-czowieka\/#breadcrumb\"},\"inLanguage\":\"pl-PL\",\"potentialAction\":[{\"@type\":\"ReadAction\",\"target\":[\"https:\/\/gaudiumetspes-blog.pl\/index.php\/2018\/11\/03\/pokora-wielka-potega-czowieka\/\"]}]},{\"@type\":\"BreadcrumbList\",\"@id\":\"https:\/\/gaudiumetspes-blog.pl\/index.php\/2018\/11\/03\/pokora-wielka-potega-czowieka\/#breadcrumb\",\"itemListElement\":[{\"@type\":\"ListItem\",\"position\":1,\"name\":\"Strona g\u0142\u00f3wna\",\"item\":\"https:\/\/gaudiumetspes-blog.pl\/\"},{\"@type\":\"ListItem\",\"position\":2,\"name\":\"Pokora &#8211; wielka pot\u0119ga cz\u0142owieka!\"}]},{\"@type\":\"WebSite\",\"@id\":\"https:\/\/gaudiumetspes-blog.pl\/#website\",\"url\":\"https:\/\/gaudiumetspes-blog.pl\/\",\"name\":\"Gaudium Et Spes\",\"description\":\"Blog Ks. Jacka Ja\u015bkowskiego\",\"potentialAction\":[{\"@type\":\"SearchAction\",\"target\":{\"@type\":\"EntryPoint\",\"urlTemplate\":\"https:\/\/gaudiumetspes-blog.pl\/?s={search_term_string}\"},\"query-input\":{\"@type\":\"PropertyValueSpecification\",\"valueRequired\":true,\"valueName\":\"search_term_string\"}}],\"inLanguage\":\"pl-PL\"},{\"@type\":\"Person\",\"@id\":\"https:\/\/gaudiumetspes-blog.pl\/#\/schema\/person\/1661982992b752dea8dff0d4ed845a65\",\"name\":\"Ks. Jacek\",\"image\":{\"@type\":\"ImageObject\",\"inLanguage\":\"pl-PL\",\"@id\":\"https:\/\/gaudiumetspes-blog.pl\/#\/schema\/person\/image\/\",\"url\":\"https:\/\/gaudiumetspes-blog.pl\/wp-content\/uploads\/2019\/07\/avatar-JJ-150x150.jpg\",\"contentUrl\":\"https:\/\/gaudiumetspes-blog.pl\/wp-content\/uploads\/2019\/07\/avatar-JJ-150x150.jpg\",\"caption\":\"Ks. Jacek\"},\"description\":\"Witam serdecznie! K\u0142ania si\u0119 Ks. Jacek Ja\u015bkowski. Nie jestem ani kim\u015b wa\u017cnym, ani kim\u015b znanym. Jestem ksi\u0119dzem, kt\u00f3ry po prostu chce rozmawia\u0107. Codzienna kap\u0142a\u0144ska pos\u0142uga pokazuje mi, \u017ce temat\u00f3w do rozm\u00f3w z ksi\u0119dzem jest coraz wi\u0119cej i dzisiaj \u017caden ksi\u0105dz nie mo\u017ce od nich ucieka\u0107, ale - wprost przeciwnie - podejmowa\u0107 nowe wyzwania. To przekonanie sk\u0142oni\u0142o mnie do pr\u00f3by otwarcia tego\u017c bloga, chocia\u017c okazji do rozm\u00f3w na co dzie\u0144 - w konfesjonale i poza nim - na szcz\u0119\u015bcie nie brakuje. My\u015bl\u0119 jednak, \u017ce ten blog b\u0119dzie jeszcze jednym sposobem i przestrzeni\u0105 nawi\u0105zania kontaktu z lud\u017ami dobrej woli, otwartymi na dialog.\",\"url\":\"https:\/\/gaudiumetspes-blog.pl\/index.php\/author\/ks-jacek\/\"}]}<\/script>\n<!-- \/ Yoast SEO plugin. -->","yoast_head_json":{"title":"Pokora - wielka pot\u0119ga cz\u0142owieka! - Gaudium Et Spes","robots":{"index":"index","follow":"follow","max-snippet":"max-snippet:-1","max-image-preview":"max-image-preview:large","max-video-preview":"max-video-preview:-1"},"canonical":"https:\/\/gaudiumetspes-blog.pl\/index.php\/2018\/11\/03\/pokora-wielka-potega-czowieka\/","og_locale":"pl_PL","og_type":"article","og_title":"Pokora - wielka pot\u0119ga cz\u0142owieka! - Gaudium Et Spes","og_description":"Szcz\u0119\u015b\u0107 Bo\u017ce! Moi Drodzy, nie wspomnia\u0142em wczoraj, ale czyni\u0119 to dzisiaj, i\u017c w dniu wczorajszym urodziny prze\u017cywa\u0142a Pani Doktor Wanda P\u00f3\u0142tawska \u2013 Osoba bardzo szeroko znana, bo zaanga\u017cowana w promocj\u0119 \u017cycia cz\u0142owieka od jego pocz\u0119cia, Przyjaci\u00f3\u0142ka Jana Paw\u0142a II. Zdarzy\u0142o mi si\u0119 kiedy\u015b spotka\u0107 z Pani\u0105 Doktor, a potem kr\u00f3tko korespondowa\u0107. Cz\u0119sto wspieram J\u0105 modlitw\u0105. [&hellip;]","og_url":"https:\/\/gaudiumetspes-blog.pl\/index.php\/2018\/11\/03\/pokora-wielka-potega-czowieka\/","og_site_name":"Gaudium Et Spes","article_published_time":"2018-11-03T04:36:00+00:00","article_modified_time":"2019-07-31T10:57:50+00:00","author":"Ks. Jacek","twitter_card":"summary_large_image","twitter_misc":{"Napisane przez":"Ks. Jacek","Szacowany czas czytania":"6 minut"},"schema":{"@context":"https:\/\/schema.org","@graph":[{"@type":"WebPage","@id":"https:\/\/gaudiumetspes-blog.pl\/index.php\/2018\/11\/03\/pokora-wielka-potega-czowieka\/","url":"https:\/\/gaudiumetspes-blog.pl\/index.php\/2018\/11\/03\/pokora-wielka-potega-czowieka\/","name":"Pokora - wielka pot\u0119ga cz\u0142owieka! - Gaudium Et Spes","isPartOf":{"@id":"https:\/\/gaudiumetspes-blog.pl\/#website"},"datePublished":"2018-11-03T04:36:00+00:00","dateModified":"2019-07-31T10:57:50+00:00","author":{"@id":"https:\/\/gaudiumetspes-blog.pl\/#\/schema\/person\/1661982992b752dea8dff0d4ed845a65"},"breadcrumb":{"@id":"https:\/\/gaudiumetspes-blog.pl\/index.php\/2018\/11\/03\/pokora-wielka-potega-czowieka\/#breadcrumb"},"inLanguage":"pl-PL","potentialAction":[{"@type":"ReadAction","target":["https:\/\/gaudiumetspes-blog.pl\/index.php\/2018\/11\/03\/pokora-wielka-potega-czowieka\/"]}]},{"@type":"BreadcrumbList","@id":"https:\/\/gaudiumetspes-blog.pl\/index.php\/2018\/11\/03\/pokora-wielka-potega-czowieka\/#breadcrumb","itemListElement":[{"@type":"ListItem","position":1,"name":"Strona g\u0142\u00f3wna","item":"https:\/\/gaudiumetspes-blog.pl\/"},{"@type":"ListItem","position":2,"name":"Pokora &#8211; wielka pot\u0119ga cz\u0142owieka!"}]},{"@type":"WebSite","@id":"https:\/\/gaudiumetspes-blog.pl\/#website","url":"https:\/\/gaudiumetspes-blog.pl\/","name":"Gaudium Et Spes","description":"Blog Ks. Jacka Ja\u015bkowskiego","potentialAction":[{"@type":"SearchAction","target":{"@type":"EntryPoint","urlTemplate":"https:\/\/gaudiumetspes-blog.pl\/?s={search_term_string}"},"query-input":{"@type":"PropertyValueSpecification","valueRequired":true,"valueName":"search_term_string"}}],"inLanguage":"pl-PL"},{"@type":"Person","@id":"https:\/\/gaudiumetspes-blog.pl\/#\/schema\/person\/1661982992b752dea8dff0d4ed845a65","name":"Ks. Jacek","image":{"@type":"ImageObject","inLanguage":"pl-PL","@id":"https:\/\/gaudiumetspes-blog.pl\/#\/schema\/person\/image\/","url":"https:\/\/gaudiumetspes-blog.pl\/wp-content\/uploads\/2019\/07\/avatar-JJ-150x150.jpg","contentUrl":"https:\/\/gaudiumetspes-blog.pl\/wp-content\/uploads\/2019\/07\/avatar-JJ-150x150.jpg","caption":"Ks. Jacek"},"description":"Witam serdecznie! K\u0142ania si\u0119 Ks. Jacek Ja\u015bkowski. Nie jestem ani kim\u015b wa\u017cnym, ani kim\u015b znanym. Jestem ksi\u0119dzem, kt\u00f3ry po prostu chce rozmawia\u0107. Codzienna kap\u0142a\u0144ska pos\u0142uga pokazuje mi, \u017ce temat\u00f3w do rozm\u00f3w z ksi\u0119dzem jest coraz wi\u0119cej i dzisiaj \u017caden ksi\u0105dz nie mo\u017ce od nich ucieka\u0107, ale - wprost przeciwnie - podejmowa\u0107 nowe wyzwania. To przekonanie sk\u0142oni\u0142o mnie do pr\u00f3by otwarcia tego\u017c bloga, chocia\u017c okazji do rozm\u00f3w na co dzie\u0144 - w konfesjonale i poza nim - na szcz\u0119\u015bcie nie brakuje. My\u015bl\u0119 jednak, \u017ce ten blog b\u0119dzie jeszcze jednym sposobem i przestrzeni\u0105 nawi\u0105zania kontaktu z lud\u017ami dobrej woli, otwartymi na dialog.","url":"https:\/\/gaudiumetspes-blog.pl\/index.php\/author\/ks-jacek\/"}]}},"jetpack_featured_media_url":"","jetpack_sharing_enabled":true,"_links":{"self":[{"href":"https:\/\/gaudiumetspes-blog.pl\/index.php\/wp-json\/wp\/v2\/posts\/7122","targetHints":{"allow":["GET"]}}],"collection":[{"href":"https:\/\/gaudiumetspes-blog.pl\/index.php\/wp-json\/wp\/v2\/posts"}],"about":[{"href":"https:\/\/gaudiumetspes-blog.pl\/index.php\/wp-json\/wp\/v2\/types\/post"}],"author":[{"embeddable":true,"href":"https:\/\/gaudiumetspes-blog.pl\/index.php\/wp-json\/wp\/v2\/users\/1"}],"replies":[{"embeddable":true,"href":"https:\/\/gaudiumetspes-blog.pl\/index.php\/wp-json\/wp\/v2\/comments?post=7122"}],"version-history":[{"count":1,"href":"https:\/\/gaudiumetspes-blog.pl\/index.php\/wp-json\/wp\/v2\/posts\/7122\/revisions"}],"predecessor-version":[{"id":14426,"href":"https:\/\/gaudiumetspes-blog.pl\/index.php\/wp-json\/wp\/v2\/posts\/7122\/revisions\/14426"}],"wp:attachment":[{"href":"https:\/\/gaudiumetspes-blog.pl\/index.php\/wp-json\/wp\/v2\/media?parent=7122"}],"wp:term":[{"taxonomy":"category","embeddable":true,"href":"https:\/\/gaudiumetspes-blog.pl\/index.php\/wp-json\/wp\/v2\/categories?post=7122"},{"taxonomy":"post_tag","embeddable":true,"href":"https:\/\/gaudiumetspes-blog.pl\/index.php\/wp-json\/wp\/v2\/tags?post=7122"}],"curies":[{"name":"wp","href":"https:\/\/api.w.org\/{rel}","templated":true}]}}