{"id":7125,"date":"2018-10-31T08:55:00","date_gmt":"2018-10-31T07:55:00","guid":{"rendered":"https:\/\/gaudiumetspes-blog.pl\/index.php\/2018\/10\/31\/usiujcie-wejsc-przez-ciasne-drzwi\/"},"modified":"2019-07-31T12:57:49","modified_gmt":"2019-07-31T10:57:49","slug":"usiujcie-wejsc-przez-ciasne-drzwi","status":"publish","type":"post","link":"https:\/\/gaudiumetspes-blog.pl\/index.php\/2018\/10\/31\/usiujcie-wejsc-przez-ciasne-drzwi\/","title":{"rendered":"Usi\u0142ujcie wej\u015b\u0107 przez ciasne drzwi"},"content":{"rendered":"<div class=\"separator\" style=\"clear: both; text-align: center;\">\n<\/div>\n<table cellpadding=\"0\" cellspacing=\"0\" class=\"tr-caption-container\" style=\"float: right; margin-left: 1em; text-align: right;\">\n<tbody>\n<tr>\n<td style=\"text-align: center;\"><a href=\"https:\/\/3.bp.blogspot.com\/-IuGf6nR1y_0\/W9ltpq3FUnI\/AAAAAAAAF10\/bbVOGdgBcVkFixwgWRSLqkIvr0VEM3nHQCLcBGAs\/s1600\/1.JPG\" imageanchor=\"1\" style=\"clear: right; margin-bottom: 1em; margin-left: auto; margin-right: auto;\"><img loading=\"lazy\" decoding=\"async\" border=\"0\" data-original-height=\"1600\" data-original-width=\"900\" height=\"320\" src=\"https:\/\/gaudiumetspes-blog.pl\/wp-content\/uploads\/2018\/10\/1.jpg\" width=\"180\" \/><\/a><\/td>\n<\/tr>\n<tr>\n<td class=\"tr-caption\" style=\"text-align: center;\">Sto lat!!!<\/td>\n<\/tr>\n<\/tbody>\n<\/table>\n<p>\n<b><i>(Ef 6, 1-9) <br \/>Dzieci, b\u0105d\u017acie pos\u0142uszne w Panu waszym rodzicom, bo to jest sprawiedliwe. &#8222;Czcij ojca twego i matk\u0119 \u2013 jest to pierwsze przykazanie z obietnic\u0105 \u2013 aby ci by\u0142o dobrze i aby\u015b d\u0142ugo \u017cy\u0142 na ziemi&#8221;. A wy, ojcowie, nie pobudzajcie do gniewu waszych dzieci, lecz wychowujcie je w karno\u015bci, napominaj\u0105c, jak chce Pan. Niewolnicy, ze czci\u0105 i boja\u017ani\u0105, w prostocie serca b\u0105d\u017acie pos\u0142uszni waszym doczesnym panom jak Chrystusowi, nie s\u0142u\u017c\u0105c tylko dla oka, by ludziom si\u0119 podoba\u0107, lecz jako niewolnicy Chrystusa, kt\u00f3rzy z duszy pe\u0142ni\u0105 wol\u0119 Bo\u017c\u0105. Z ochot\u0105 s\u0142u\u017ccie, jak gdyby\u015bcie s\u0142u\u017cyli Panu, a nie ludziom, \u015bwiadomi tego, \u017ce ka\u017cdy, je\u015bli uczyni co\u015b dobrego, otrzyma to z powrotem od Pana \u2013 czy to niewolnik, czy wolny. A wy, panowie, tak samo wobec nich post\u0119pujcie: zaniechajcie gro\u017aby, \u015bwiadomi tego, \u017ce w niebie jest Pan zar\u00f3wno ich, jak wasz, a u Niego nie ma wzgl\u0119du na osoby. <\/p>\n<p>(\u0141k 13, 22-30) <br \/>Jezus przemierza\u0142 miasta i wsie, nauczaj\u0105c i odbywaj\u0105c sw\u0105 podr\u00f3\u017c do Jerozolimy. Raz kto\u015b Go zapyta\u0142: &#8222;Panie, czy tylko nieliczni b\u0119d\u0105 zbawieni?&#8221; On rzek\u0142 do nich: &#8222;Usi\u0142ujcie wej\u015b\u0107 przez ciasne drzwi; gdy\u017c wielu, powiadam wam, b\u0119dzie chcia\u0142o wej\u015b\u0107, a nie zdo\u0142aj\u0105. Skoro Pan domu wstanie i drzwi zamknie, w\u00f3wczas, stoj\u0105c na dworze, zaczniecie ko\u0142ata\u0107 do drzwi i wo\u0142a\u0107: \u201ePanie, otw\u00f3rz nam!\u201d, lecz On wam odpowie: \u201eNie wiem, sk\u0105d jeste\u015bcie\u201d. Wtedy zaczniecie m\u00f3wi\u0107: \u201ePrzecie\u017c jadali\u015bmy i pili\u015bmy z Tob\u0105, i na ulicach naszych naucza\u0142e\u015b\u201d Lecz On rzecze: \u201ePowiadam wam, nie wiem, sk\u0105d jeste\u015bcie. Odst\u0105pcie ode Mnie wszyscy, kt\u00f3rzy dopuszczacie si\u0119 niesprawiedliwo\u015bci!\u201d Tam b\u0119dzie p\u0142acz i zgrzytanie z\u0119b\u00f3w, gdy ujrzycie Abrahama, Izaaka i Jakuba, i wszystkich prorok\u00f3w w kr\u00f3lestwie Bo\u017cym, a siebie samych precz wyrzuconych. Przyjd\u0105 ze wschodu i zachodu, z p\u00f3\u0142nocy i po\u0142udnia i si\u0105d\u0105 za sto\u0142em w kr\u00f3lestwie Bo\u017cym. Tak oto s\u0105 ostatni, kt\u00f3rzy b\u0119d\u0105 pierwszymi, i s\u0105 pierwsi, kt\u00f3rzy b\u0119d\u0105 ostatnimi&#8221;<\/i><\/b>. <\/p>\n<p><b>Niech b\u0119dzie pochwalony Jezus Chrystus! <\/b><br \/>\n<b><br \/><\/b><br \/>\nDzi\u015b wielkie \u015bwi\u0119to! <\/p>\n<p>Jakie? Kto zgadnie? <\/p>\n<p>Oczywi\u015bcie \u0414\u0435\u043d\u044c \u0420\u043e\u0436\u0434\u0435\u043d\u0438\u044f! <\/p>\n<p>Dlatego koniecznie pos\u0142uchajmy piosenki, hit wszechczas\u00f3w: <\/p>\n<p><a href=\"https:\/\/www.youtube.com\/watch?v=zMW_eblnIMc&amp;t=3s\">https:\/\/www.youtube.com\/watch?v=zMW_eblnIMc&amp;t=3s<\/a> <\/p>\n<div class=\"separator\" style=\"clear: both; text-align: center;\">\n<a href=\"https:\/\/2.bp.blogspot.com\/-o0vG9n7ZKY0\/W9ltvjbtPNI\/AAAAAAAAF2I\/eWmtMj839fUKwD6UzK8jPD0vXFjcfEJmACEwYBhgL\/s1600\/IMG_3709.JPG\" imageanchor=\"1\" style=\"clear: left; float: left; margin-bottom: 1em; margin-right: 1em;\"><img loading=\"lazy\" decoding=\"async\" border=\"0\" data-original-height=\"1200\" data-original-width=\"1600\" height=\"240\" src=\"https:\/\/gaudiumetspes-blog.pl\/wp-content\/uploads\/2018\/10\/IMG_3709.jpg\" width=\"320\" \/><\/a><\/div>\n<p>Oczywi\u015bcie swoje urodziny, a nawet jubileusz obchodzi nasz Ojciec Dyrektor, Gospodarz tego bloga, Ksi\u0105dz Jacek. Ko\u0144czy ju\u017c 45 lat, ale to przecie\u017c nie 54. <\/p>\n<p>Ksi\u0119dzu Jackowi dzi\u0119kujemy za jego s\u0142u\u017cb\u0119, za \u015bwiadectwo \u017cycia i pos\u0142ugi Panu Bogu i ludziom. Dzi\u0119kujemy Panu Bogu za to, \u017ce stworzy\u0142 takiego cz\u0142owieka i Rodzicom, \u017ce z Panem Bogiem wsp\u00f3\u0142pracowali w dziele stworzenia tego cz\u0142owieka. Dzi\u0119kujemy te\u017c za ten blog. <\/p>\n<p>\u017byczymy Ksi\u0119dzu Jackowi wiele si\u0142 w pos\u0142udze, oczywi\u015bcie \u017cyczymy rado\u015bci i nadziei jak to sam wybra\u0142 za swoje has\u0142o \u017cyciowe. \u017byczymy, \u017ceby si\u0119 nie zniech\u0119ca\u0142 trudno\u015bciami, przeciwno\u015bciami jakie niesie \u017cycie, \u017ceby nigdy nie traci\u0142 entuzjazmu jakim promieniuje, \u017ceby do\u015bwiadcza\u0142 Bo\u017cego b\u0142ogos\u0142awie\u0144stwa i ludzkiej \u017cyczliwo\u015bci. <\/p>\n<p>Dlatego jeszcze jedna piosenka: <\/p>\n<p><a href=\"https:\/\/www.youtube.com\/watch?v=nVQjRW9AD-g\">https:\/\/www.youtube.com\/watch?v=nVQjRW9AD-g<\/a> <\/p>\n<p>Wydaje mi si\u0119, \u017ce ten wiek po 40 to najpi\u0119kniejszy wiek w \u017cyciu cz\u0142owieka, bo z jednej strony cz\u0142owiek ma ju\u017c jakie\u015b do\u015bwiadczenie i \u017cyciow\u0105 m\u0105dro\u015b\u0107, a z drugiej jeszcze nie tak czuje si\u0119 krzy\u017c podesz\u0142ego wieku, jeszcze s\u0105 si\u0142y i perspektywa, \u017ce mo\u017cna co\u015b zrobi\u0107 dobrego w tym \u015bwiecie. \u017bycz\u0119 mojemu Bratu, \u017ceby tak prze\u017cywa\u0142 swoje 45. <\/p>\n<p>Niech Pan B\u00f3g b\u0142ogos\u0142awi. <\/p>\n<p>Ja dzi\u015b odprawi\u0119 Msz\u0119 \u015aw. i prosz\u0119 wszystkich o modlitw\u0119 dzi\u015b za Ks. Jacka, proponuj\u0119 dziesi\u0105tek r\u00f3\u017ca\u0144ca za Dostojnego Jubilata. I oczywi\u015bcie jak najwi\u0119cej \u017cycze\u0144 w komentarzach. <\/p>\n<p>A co dzi\u015b w s\u0142owie?<\/p>\n<div>\n<\/p>\n<div>\n<a name='more'><\/a>Jutro uroczysto\u015b\u0107 Wszystkich \u015awi\u0119tych, pojutrze dzie\u0144 Zaduszny, jednak ju\u017c dzi\u015b Bo\u017ce s\u0142owo zmusza nas do zamy\u015blenia nad wieczno\u015bci\u0105. My te\u017c dzi\u015b jedziemy do Nojabrska, gdzie ju\u017c dzi\u015b b\u0119dzie Msza \u015aw. z uroczysto\u015bci Wszystkich \u015awi\u0119tych i modlitwa za zmar\u0142ych. <\/p>\n<p>S\u0142owo Bo\u017ce wprowadza nas w tematyk\u0119 wieczno\u015bci ju\u017c dzi\u015b. <\/p>\n<p>\u201eSkoro Pan domu wstanie i drzwi zamknie, w\u00f3wczas, stoj\u0105c na dworze, zaczniecie ko\u0142ata\u0107 do drzwi i wo\u0142a\u0107: \u201ePanie, otw\u00f3rz nam!\u201d, lecz On wam odpowie: \u201eNie wiem, sk\u0105d jeste\u015bcie\u201d. Wtedy zaczniecie m\u00f3wi\u0107: \u201ePrzecie\u017c jadali\u015bmy i pili\u015bmy z Tob\u0105, i na ulicach naszych naucza\u0142e\u015b\u201d Lecz On rzecze: \u201ePowiadam wam, nie wiem, sk\u0105d jeste\u015bcie. Odst\u0105pcie ode Mnie wszyscy, kt\u00f3rzy dopuszczacie si\u0119 niesprawiedliwo\u015bci!\u201d Tam b\u0119dzie p\u0142acz i zgrzytanie z\u0119b\u00f3w, gdy ujrzycie Abrahama, Izaaka i Jakuba, i wszystkich prorok\u00f3w w kr\u00f3lestwie Bo\u017cym, a siebie samych precz wyrzuconych\u201d. <\/p>\n<p>Wyobra\u017amy sobie, \u017ce stoj\u0105 nad nasz\u0105 trumn\u0105 nasi bliscy, \u017ce p\u0142acz\u0105, sk\u0142adaj\u0105 kwiaty na grobie, zapalaj\u0105 znicze, rozmawiaj\u0105, jakim dobrym cz\u0142owiekiem by\u0142 ten zmar\u0142y, a w tym czasie my stajemy przed drzwiami nieba i rozgrywa si\u0119 ta w\u0142a\u015bnie scena\u2026 Panie, otw\u00f3rz mi! \u2013 Nie wiem sk\u0105d jeste\u015b\u2026 <\/p>\n<p>Co\u015b strasznego\u2026 Bliscy tu na ziemi ju\u017c daleko od nas, a do raju nie chc\u0105 nas wpu\u015bci\u0107. Ogromny b\u00f3l, ogromna samotno\u015b\u0107, a\u017c trudno o tym pomy\u015ble\u0107. <\/p>\n<p>Ale jeszcze nie koniec, jeszcze \u017cyjemy, jeszcze mo\u017cemy zadba\u0107, \u017ceby tak nie by\u0142o. <\/p>\n<p>Jezus kr\u00f3tko i konkretnie daje nam jedn\u0105 rad\u0119: \u201eUsi\u0142ujcie wej\u015b\u0107 przez ciasne drzwi\u201d. <\/p>\n<p>Co to znaczy? Oczywi\u015bcie jest to pewien obraz \u2013 ciasne drzwi, to symbol trud\u00f3w \u017cycia. Trzeba nam nie\u015b\u0107 krzy\u017c swojego \u017cycia, trudzi\u0107 si\u0119, nie szuka\u0107 tylko wygody, ale wymaga\u0107 od siebie. Bo przecie\u017c to w\u0142a\u015bnie z\u0142o nic nie kosztuje, ono si\u0119 wpycha w nasze \u017cycie nieproszone. Dobro jest trudne, trzeba si\u0119 natrudzi\u0107, \u017ceby zrobi\u0107 co\u015b dobrego. Niszczy si\u0119 \u0142atwo, budowa\u0107 trudno. A wi\u0119c wej\u015b\u0107 przez ciasne drzwi, to wysi\u0142ek, trud, wymaganie. <\/p>\n<p>Je\u015bli przeczytamy i pierwsze czytanie w tym kontek\u015bcie to zauwa\u017camy, \u017ce jest tu pi\u0119kna my\u015bl \u2013 wchodzenia przez ciasn\u0105 bram\u0119 uczymy si\u0119 od dzieci\u0144stwa, uczymy si\u0119 przez pos\u0142usze\u0144stwo. Przy czym niepos\u0142usze\u0144stwo dzieci to problem rodzic\u00f3w \u2013 to rodzice pokazuj\u0105 dzieciom, \u017ce mo\u017cna by\u0107 niepos\u0142usznym. Pos\u0142usze\u0144stwo dzieci, jakiego ucz\u0105, do jakiego wychowuj\u0105 rodzice, to szko\u0142a wchodzenia przez ciasne drzwi. <\/p>\n<p>Czytamy dzi\u015b: \u201eDzieci, b\u0105d\u017acie pos\u0142uszne w Panu waszym rodzicom, bo to jest sprawiedliwe. &#8222;Czcij ojca twego i matk\u0119 \u2013 jest to pierwsze przykazanie z obietnic\u0105 \u2013 aby ci by\u0142o dobrze i aby\u015b d\u0142ugo \u017cy\u0142 na ziemi&#8221;. A wy, ojcowie, nie pobudzajcie do gniewu waszych dzieci, lecz wychowujcie je w karno\u015bci, napominaj\u0105c, jak chce Pan\u201d. <\/p>\n<p>Dzieci b\u0105d\u017acie pos\u0142uszne \u2013 ojcowie, wychowujcie je w karno\u015bci, napominaj\u0105c, jak chce Pan. Bardzo ciekawe sformu\u0142owanie. Dzieci b\u0119d\u0105 pos\u0142uszne, je\u015bli ojcowie, rodzice, b\u0119d\u0105 je wychowywa\u0107 w karno\u015bci. <\/p>\n<p>Wsp\u00f3\u0142czesna pedagogika, takie mam wra\u017cenie, wprowadza pewien zam\u0119t, owszem, chce dobrze, ale cz\u0119sto rodzice, kt\u00f3rzy naczytaj\u0105 si\u0119 m\u0105drych rad o wychowaniu, zaczynaj\u0105 rozpieszcza\u0107 dzieci, ma\u0142o wymagaj\u0105 od dzieci. Niedawno uczestniczy\u0142em tu w Rosji, w takiej rozmowie, gdzie rodzice t\u0142umaczyli, \u017ce dziecko nie mo\u017ce wysiedzie\u0107 Mszy \u015aw., a niedobrze, je\u015bli dziecku b\u0119dzie si\u0119 kojarzy\u0142 ko\u015bci\u00f3\u0142 z czym\u015b ci\u0119\u017ckim, z przymusem, dlatego lepiej, je\u015bli dzieci w czasie Mszy p\u00f3jd\u0105 do innego pomieszczenia i tam si\u0119 b\u0119d\u0105 bawi\u0107. <\/p>\n<p>Jako\u015b nie pami\u0119tam, \u017cebym w dzieci\u0144stwie chodzi\u0142 do innego pomieszczenia si\u0119 bawi\u0107, gdy doro\u015bli uczestniczyli we Mszy \u015aw., i jako\u015b nie mam z\u0142ych skojarze\u0144, kiedy wchodz\u0119 do ko\u015bcio\u0142a. <\/p>\n<p>Mn\u00f3stwo znam przyk\u0142ad\u00f3w rodzin, w kt\u00f3rych dzieci dobrze si\u0119 zachowuj\u0105 w ko\u015bciele, zw\u0142aszcza, gdy widz\u0105 tat\u0119 i mam\u0119 modl\u0105cych si\u0119. <\/p>\n<p>Je\u015bli rodzice nie ucz\u0105 dzieci pos\u0142usze\u0144stwa, tym samym ucz\u0105 je niepos\u0142usze\u0144stwa i nie tylko niepos\u0142usze\u0144stwa rodzicom, ale i nauczycielom, i wychowawcom, a potem i niepos\u0142usze\u0144stwa samemu Bogu. Cz\u0142owiek, kt\u00f3ry nie umie si\u0119 s\u0142ucha\u0107, to cz\u0142owiek, kt\u00f3ry nie umie s\u0142ucha\u0107 tak\u017ce samego Boga. <\/p>\n<p>Trzeba wi\u0119c, by rodzice wychowywali swoje dzieci w karno\u015bci, w pos\u0142usze\u0144stwie i do pos\u0142usze\u0144stwa, bo uwa\u017cam, \u017ce dzieci nie mo\u017cna bardziej skrzywdzi\u0107, jak przez rozpieszczanie. <\/p>\n<p>Spr\u00f3bujmy dzi\u015b wi\u0119cej wymaga\u0107 od siebie, wi\u0119cej wk\u0142ada\u0107 wysi\u0142ku w czynienie dobra, ale te\u017c spr\u00f3bujmy w duchu tego s\u0142owa wi\u0119cej wymaga\u0107 od dzieci. Niech Pan B\u00f3g b\u0142ogos\u0142awi rodzic\u00f3w w tym dziele. <\/p>\n<p>A co u nas na Syberii? <\/p>\n<p>By\u0142 ks. biskup J\u00f3zef Wert. Byli\u015bmy w Chanty-Mansyjsku (300 km.) a potem w niedziel\u0119 w Surgucie. Biskup ochrzci\u0142 dziecko m\u0142odej rodziny w naszej parafii. Kiedy by\u0142y rekolekcje ma\u0142\u017ce\u0144stw, owa mama uczestniczy\u0142a w rekolekcjach. Rekolekcje sko\u0144czy\u0142y si\u0119 w niedziel\u0119 a ju\u017c w pi\u0105tek urodzi\u0142o si\u0119 dziecko. To w\u0142a\u015bnie dziecko, Oliwi\u0119, ochrzci\u0142 ks. biskup. Jest to rodzina, kt\u00f3ra mieszka w Nieftojuga\u0144sku, 70 km. od Surgutu i prawie co niedziel\u0119 przyje\u017cd\u017caj\u0105 na Msz\u0119 \u015aw. <\/p>\n<p>Wi\u0119cej wiadomo\u015bci o wizycie biskupa mo\u017cecie przeczyta\u0107 w artykule, jaki opublikowa\u0142a nasz Sybirskaja Katoliczeskaja Gazeta \u2013 link ni\u017cej. Sp\u00f3jrzcie te\u017c na zdj\u0119cia. <\/p>\n<p>A ja lec\u0119 do Nojabrska, znaczy jad\u0119\u2026 <\/p>\n<p>Niech Pan B\u00f3g Wam b\u0142ogos\u0142awi + <\/p>\n<p>Westchnijcie i za mnie w modlitwie\u2026 <\/p>\n<p><a href=\"http:\/\/sib-catholic.ru\/o-nekotoryih-podrobnostyah-vizita-vladyiki-iosifa-verta-v-prihodyi-hantyi-mansiyskogo-avtonomnogo-okruga-foto\/\">http:\/\/sib-catholic.ru\/o-nekotoryih-podrobnostyah-vizita-vladyiki-iosifa-verta-v-prihodyi-hantyi-mansiyskogo-avtonomnogo-okruga-foto\/<\/a> <\/p>\n<p><a href=\"https:\/\/flic.kr\/s\/aHskH2X2rp\">https:\/\/flic.kr\/s\/aHskH2X2rp<\/a> <\/p>\n<p><a href=\"https:\/\/flic.kr\/s\/aHsmsxWrCn\">https:\/\/flic.kr\/s\/aHsmsxWrCn<\/a> <\/p>\n<div class=\"separator\" style=\"clear: both; text-align: center;\">\n<a href=\"https:\/\/1.bp.blogspot.com\/-XdmN2DauKJg\/W9ltvj8I0_I\/AAAAAAAAF2Q\/afA4NsGrmEQVBCzFycd7iRTx3mCxHBmawCEwYBhgL\/s1600\/IMG_3638.JPG\" imageanchor=\"1\" style=\"clear: right; float: right; margin-bottom: 1em; margin-left: 1em;\"><img loading=\"lazy\" decoding=\"async\" border=\"0\" data-original-height=\"1200\" data-original-width=\"1600\" height=\"240\" src=\"https:\/\/gaudiumetspes-blog.pl\/wp-content\/uploads\/2018\/10\/IMG_3638.jpg\" width=\"320\" \/><\/a><\/div>\n<p><\/p>\n<div class=\"separator\" style=\"clear: both; text-align: center;\">\n<a href=\"https:\/\/1.bp.blogspot.com\/-He1XBsIS_sw\/W9ltvv67wAI\/AAAAAAAAF2M\/IyHwKnhmVNo26s8dUwT5HrLqBK1y77YCgCEwYBhgL\/s1600\/IMG_3705.JPG\" imageanchor=\"1\" style=\"margin-left: 1em; margin-right: 1em;\"><img loading=\"lazy\" decoding=\"async\" border=\"0\" data-original-height=\"1200\" data-original-width=\"1600\" height=\"240\" src=\"https:\/\/gaudiumetspes-blog.pl\/wp-content\/uploads\/2018\/10\/IMG_3705.jpg\" width=\"320\" \/><\/a><\/div>\n<p><\/p>\n<div class=\"separator\" style=\"clear: both; text-align: center;\">\n<a href=\"https:\/\/1.bp.blogspot.com\/-_SvjlqVzn5U\/W9ltwbQjiSI\/AAAAAAAAF2Q\/uUqfG4oIM0wxfOH9369NsSNM-6EGZwGRgCEwYBhgL\/s1600\/IMG_3729.JPG\" imageanchor=\"1\" style=\"clear: left; float: left; margin-bottom: 1em; margin-right: 1em;\"><img loading=\"lazy\" decoding=\"async\" border=\"0\" data-original-height=\"960\" data-original-width=\"1280\" height=\"240\" src=\"https:\/\/gaudiumetspes-blog.pl\/wp-content\/uploads\/2018\/10\/IMG_3729.jpg\" width=\"320\" \/><\/a><\/div>\n<\/div>\n<\/div>\n","protected":false},"excerpt":{"rendered":"<p>Sto lat!!! (Ef 6, 1-9) Dzieci, b\u0105d\u017acie pos\u0142uszne w Panu waszym rodzicom, bo to jest sprawiedliwe. &#8222;Czcij ojca twego i matk\u0119 \u2013 jest to pierwsze przykazanie z obietnic\u0105 \u2013 aby ci by\u0142o dobrze i aby\u015b d\u0142ugo \u017cy\u0142 na ziemi&#8221;. A wy, ojcowie, nie pobudzajcie do gniewu waszych dzieci, lecz wychowujcie je w karno\u015bci, napominaj\u0105c, jak [&hellip;]<\/p>\n","protected":false},"author":1,"featured_media":0,"comment_status":"open","ping_status":"open","sticky":false,"template":"","format":"standard","meta":{"jetpack_post_was_ever_published":false,"_jetpack_newsletter_access":"","_jetpack_dont_email_post_to_subs":false,"_jetpack_newsletter_tier_id":0,"_jetpack_memberships_contains_paywalled_content":false,"_jetpack_memberships_contains_paid_content":false,"footnotes":""},"categories":[1],"tags":[],"class_list":["post-7125","post","type-post","status-publish","format-standard","hentry","category-bez-kategorii"],"yoast_head":"<!-- This site is optimized with the Yoast SEO plugin v25.1 - https:\/\/yoast.com\/wordpress\/plugins\/seo\/ -->\n<title>Usi\u0142ujcie wej\u015b\u0107 przez ciasne drzwi - Gaudium Et Spes<\/title>\n<meta name=\"robots\" content=\"index, follow, max-snippet:-1, max-image-preview:large, max-video-preview:-1\" \/>\n<link rel=\"canonical\" href=\"https:\/\/gaudiumetspes-blog.pl\/index.php\/2018\/10\/31\/usiujcie-wejsc-przez-ciasne-drzwi\/\" \/>\n<meta property=\"og:locale\" content=\"pl_PL\" \/>\n<meta property=\"og:type\" content=\"article\" \/>\n<meta property=\"og:title\" content=\"Usi\u0142ujcie wej\u015b\u0107 przez ciasne drzwi - Gaudium Et Spes\" \/>\n<meta property=\"og:description\" content=\"Sto lat!!! (Ef 6, 1-9) Dzieci, b\u0105d\u017acie pos\u0142uszne w Panu waszym rodzicom, bo to jest sprawiedliwe. &#8222;Czcij ojca twego i matk\u0119 \u2013 jest to pierwsze przykazanie z obietnic\u0105 \u2013 aby ci by\u0142o dobrze i aby\u015b d\u0142ugo \u017cy\u0142 na ziemi&#8221;. A wy, ojcowie, nie pobudzajcie do gniewu waszych dzieci, lecz wychowujcie je w karno\u015bci, napominaj\u0105c, jak [&hellip;]\" \/>\n<meta property=\"og:url\" content=\"https:\/\/gaudiumetspes-blog.pl\/index.php\/2018\/10\/31\/usiujcie-wejsc-przez-ciasne-drzwi\/\" \/>\n<meta property=\"og:site_name\" content=\"Gaudium Et Spes\" \/>\n<meta property=\"article:published_time\" content=\"2018-10-31T07:55:00+00:00\" \/>\n<meta property=\"article:modified_time\" content=\"2019-07-31T10:57:49+00:00\" \/>\n<meta property=\"og:image\" content=\"https:\/\/gaudiumetspes-blog.pl\/wp-content\/uploads\/2018\/10\/1.jpg\" \/>\n<meta name=\"author\" content=\"Ks. Jacek\" \/>\n<meta name=\"twitter:card\" content=\"summary_large_image\" \/>\n<meta name=\"twitter:label1\" content=\"Napisane przez\" \/>\n\t<meta name=\"twitter:data1\" content=\"Ks. Jacek\" \/>\n\t<meta name=\"twitter:label2\" content=\"Szacowany czas czytania\" \/>\n\t<meta name=\"twitter:data2\" content=\"8 minut\" \/>\n<script type=\"application\/ld+json\" class=\"yoast-schema-graph\">{\"@context\":\"https:\/\/schema.org\",\"@graph\":[{\"@type\":\"WebPage\",\"@id\":\"https:\/\/gaudiumetspes-blog.pl\/index.php\/2018\/10\/31\/usiujcie-wejsc-przez-ciasne-drzwi\/\",\"url\":\"https:\/\/gaudiumetspes-blog.pl\/index.php\/2018\/10\/31\/usiujcie-wejsc-przez-ciasne-drzwi\/\",\"name\":\"Usi\u0142ujcie wej\u015b\u0107 przez ciasne drzwi - Gaudium Et Spes\",\"isPartOf\":{\"@id\":\"https:\/\/gaudiumetspes-blog.pl\/#website\"},\"primaryImageOfPage\":{\"@id\":\"https:\/\/gaudiumetspes-blog.pl\/index.php\/2018\/10\/31\/usiujcie-wejsc-przez-ciasne-drzwi\/#primaryimage\"},\"image\":{\"@id\":\"https:\/\/gaudiumetspes-blog.pl\/index.php\/2018\/10\/31\/usiujcie-wejsc-przez-ciasne-drzwi\/#primaryimage\"},\"thumbnailUrl\":\"https:\/\/gaudiumetspes-blog.pl\/wp-content\/uploads\/2018\/10\/1.jpg\",\"datePublished\":\"2018-10-31T07:55:00+00:00\",\"dateModified\":\"2019-07-31T10:57:49+00:00\",\"author\":{\"@id\":\"https:\/\/gaudiumetspes-blog.pl\/#\/schema\/person\/1661982992b752dea8dff0d4ed845a65\"},\"breadcrumb\":{\"@id\":\"https:\/\/gaudiumetspes-blog.pl\/index.php\/2018\/10\/31\/usiujcie-wejsc-przez-ciasne-drzwi\/#breadcrumb\"},\"inLanguage\":\"pl-PL\",\"potentialAction\":[{\"@type\":\"ReadAction\",\"target\":[\"https:\/\/gaudiumetspes-blog.pl\/index.php\/2018\/10\/31\/usiujcie-wejsc-przez-ciasne-drzwi\/\"]}]},{\"@type\":\"ImageObject\",\"inLanguage\":\"pl-PL\",\"@id\":\"https:\/\/gaudiumetspes-blog.pl\/index.php\/2018\/10\/31\/usiujcie-wejsc-przez-ciasne-drzwi\/#primaryimage\",\"url\":\"https:\/\/gaudiumetspes-blog.pl\/wp-content\/uploads\/2018\/10\/1.jpg\",\"contentUrl\":\"https:\/\/gaudiumetspes-blog.pl\/wp-content\/uploads\/2018\/10\/1.jpg\",\"width\":180,\"height\":320},{\"@type\":\"BreadcrumbList\",\"@id\":\"https:\/\/gaudiumetspes-blog.pl\/index.php\/2018\/10\/31\/usiujcie-wejsc-przez-ciasne-drzwi\/#breadcrumb\",\"itemListElement\":[{\"@type\":\"ListItem\",\"position\":1,\"name\":\"Strona g\u0142\u00f3wna\",\"item\":\"https:\/\/gaudiumetspes-blog.pl\/\"},{\"@type\":\"ListItem\",\"position\":2,\"name\":\"Usi\u0142ujcie wej\u015b\u0107 przez&nbsp;ciasne drzwi\"}]},{\"@type\":\"WebSite\",\"@id\":\"https:\/\/gaudiumetspes-blog.pl\/#website\",\"url\":\"https:\/\/gaudiumetspes-blog.pl\/\",\"name\":\"Gaudium Et Spes\",\"description\":\"Blog Ks. Jacka Ja\u015bkowskiego\",\"potentialAction\":[{\"@type\":\"SearchAction\",\"target\":{\"@type\":\"EntryPoint\",\"urlTemplate\":\"https:\/\/gaudiumetspes-blog.pl\/?s={search_term_string}\"},\"query-input\":{\"@type\":\"PropertyValueSpecification\",\"valueRequired\":true,\"valueName\":\"search_term_string\"}}],\"inLanguage\":\"pl-PL\"},{\"@type\":\"Person\",\"@id\":\"https:\/\/gaudiumetspes-blog.pl\/#\/schema\/person\/1661982992b752dea8dff0d4ed845a65\",\"name\":\"Ks. Jacek\",\"image\":{\"@type\":\"ImageObject\",\"inLanguage\":\"pl-PL\",\"@id\":\"https:\/\/gaudiumetspes-blog.pl\/#\/schema\/person\/image\/\",\"url\":\"https:\/\/gaudiumetspes-blog.pl\/wp-content\/uploads\/2019\/07\/avatar-JJ-150x150.jpg\",\"contentUrl\":\"https:\/\/gaudiumetspes-blog.pl\/wp-content\/uploads\/2019\/07\/avatar-JJ-150x150.jpg\",\"caption\":\"Ks. Jacek\"},\"description\":\"Witam serdecznie! K\u0142ania si\u0119 Ks. Jacek Ja\u015bkowski. Nie jestem ani kim\u015b wa\u017cnym, ani kim\u015b znanym. Jestem ksi\u0119dzem, kt\u00f3ry po prostu chce rozmawia\u0107. Codzienna kap\u0142a\u0144ska pos\u0142uga pokazuje mi, \u017ce temat\u00f3w do rozm\u00f3w z ksi\u0119dzem jest coraz wi\u0119cej i dzisiaj \u017caden ksi\u0105dz nie mo\u017ce od nich ucieka\u0107, ale - wprost przeciwnie - podejmowa\u0107 nowe wyzwania. To przekonanie sk\u0142oni\u0142o mnie do pr\u00f3by otwarcia tego\u017c bloga, chocia\u017c okazji do rozm\u00f3w na co dzie\u0144 - w konfesjonale i poza nim - na szcz\u0119\u015bcie nie brakuje. My\u015bl\u0119 jednak, \u017ce ten blog b\u0119dzie jeszcze jednym sposobem i przestrzeni\u0105 nawi\u0105zania kontaktu z lud\u017ami dobrej woli, otwartymi na dialog.\",\"url\":\"https:\/\/gaudiumetspes-blog.pl\/index.php\/author\/ks-jacek\/\"}]}<\/script>\n<!-- \/ Yoast SEO plugin. -->","yoast_head_json":{"title":"Usi\u0142ujcie wej\u015b\u0107 przez ciasne drzwi - Gaudium Et Spes","robots":{"index":"index","follow":"follow","max-snippet":"max-snippet:-1","max-image-preview":"max-image-preview:large","max-video-preview":"max-video-preview:-1"},"canonical":"https:\/\/gaudiumetspes-blog.pl\/index.php\/2018\/10\/31\/usiujcie-wejsc-przez-ciasne-drzwi\/","og_locale":"pl_PL","og_type":"article","og_title":"Usi\u0142ujcie wej\u015b\u0107 przez ciasne drzwi - Gaudium Et Spes","og_description":"Sto lat!!! (Ef 6, 1-9) Dzieci, b\u0105d\u017acie pos\u0142uszne w Panu waszym rodzicom, bo to jest sprawiedliwe. &#8222;Czcij ojca twego i matk\u0119 \u2013 jest to pierwsze przykazanie z obietnic\u0105 \u2013 aby ci by\u0142o dobrze i aby\u015b d\u0142ugo \u017cy\u0142 na ziemi&#8221;. A wy, ojcowie, nie pobudzajcie do gniewu waszych dzieci, lecz wychowujcie je w karno\u015bci, napominaj\u0105c, jak [&hellip;]","og_url":"https:\/\/gaudiumetspes-blog.pl\/index.php\/2018\/10\/31\/usiujcie-wejsc-przez-ciasne-drzwi\/","og_site_name":"Gaudium Et Spes","article_published_time":"2018-10-31T07:55:00+00:00","article_modified_time":"2019-07-31T10:57:49+00:00","og_image":[{"url":"https:\/\/gaudiumetspes-blog.pl\/wp-content\/uploads\/2018\/10\/1.jpg","type":"","width":"","height":""}],"author":"Ks. Jacek","twitter_card":"summary_large_image","twitter_misc":{"Napisane przez":"Ks. Jacek","Szacowany czas czytania":"8 minut"},"schema":{"@context":"https:\/\/schema.org","@graph":[{"@type":"WebPage","@id":"https:\/\/gaudiumetspes-blog.pl\/index.php\/2018\/10\/31\/usiujcie-wejsc-przez-ciasne-drzwi\/","url":"https:\/\/gaudiumetspes-blog.pl\/index.php\/2018\/10\/31\/usiujcie-wejsc-przez-ciasne-drzwi\/","name":"Usi\u0142ujcie wej\u015b\u0107 przez ciasne drzwi - Gaudium Et Spes","isPartOf":{"@id":"https:\/\/gaudiumetspes-blog.pl\/#website"},"primaryImageOfPage":{"@id":"https:\/\/gaudiumetspes-blog.pl\/index.php\/2018\/10\/31\/usiujcie-wejsc-przez-ciasne-drzwi\/#primaryimage"},"image":{"@id":"https:\/\/gaudiumetspes-blog.pl\/index.php\/2018\/10\/31\/usiujcie-wejsc-przez-ciasne-drzwi\/#primaryimage"},"thumbnailUrl":"https:\/\/gaudiumetspes-blog.pl\/wp-content\/uploads\/2018\/10\/1.jpg","datePublished":"2018-10-31T07:55:00+00:00","dateModified":"2019-07-31T10:57:49+00:00","author":{"@id":"https:\/\/gaudiumetspes-blog.pl\/#\/schema\/person\/1661982992b752dea8dff0d4ed845a65"},"breadcrumb":{"@id":"https:\/\/gaudiumetspes-blog.pl\/index.php\/2018\/10\/31\/usiujcie-wejsc-przez-ciasne-drzwi\/#breadcrumb"},"inLanguage":"pl-PL","potentialAction":[{"@type":"ReadAction","target":["https:\/\/gaudiumetspes-blog.pl\/index.php\/2018\/10\/31\/usiujcie-wejsc-przez-ciasne-drzwi\/"]}]},{"@type":"ImageObject","inLanguage":"pl-PL","@id":"https:\/\/gaudiumetspes-blog.pl\/index.php\/2018\/10\/31\/usiujcie-wejsc-przez-ciasne-drzwi\/#primaryimage","url":"https:\/\/gaudiumetspes-blog.pl\/wp-content\/uploads\/2018\/10\/1.jpg","contentUrl":"https:\/\/gaudiumetspes-blog.pl\/wp-content\/uploads\/2018\/10\/1.jpg","width":180,"height":320},{"@type":"BreadcrumbList","@id":"https:\/\/gaudiumetspes-blog.pl\/index.php\/2018\/10\/31\/usiujcie-wejsc-przez-ciasne-drzwi\/#breadcrumb","itemListElement":[{"@type":"ListItem","position":1,"name":"Strona g\u0142\u00f3wna","item":"https:\/\/gaudiumetspes-blog.pl\/"},{"@type":"ListItem","position":2,"name":"Usi\u0142ujcie wej\u015b\u0107 przez&nbsp;ciasne drzwi"}]},{"@type":"WebSite","@id":"https:\/\/gaudiumetspes-blog.pl\/#website","url":"https:\/\/gaudiumetspes-blog.pl\/","name":"Gaudium Et Spes","description":"Blog Ks. Jacka Ja\u015bkowskiego","potentialAction":[{"@type":"SearchAction","target":{"@type":"EntryPoint","urlTemplate":"https:\/\/gaudiumetspes-blog.pl\/?s={search_term_string}"},"query-input":{"@type":"PropertyValueSpecification","valueRequired":true,"valueName":"search_term_string"}}],"inLanguage":"pl-PL"},{"@type":"Person","@id":"https:\/\/gaudiumetspes-blog.pl\/#\/schema\/person\/1661982992b752dea8dff0d4ed845a65","name":"Ks. Jacek","image":{"@type":"ImageObject","inLanguage":"pl-PL","@id":"https:\/\/gaudiumetspes-blog.pl\/#\/schema\/person\/image\/","url":"https:\/\/gaudiumetspes-blog.pl\/wp-content\/uploads\/2019\/07\/avatar-JJ-150x150.jpg","contentUrl":"https:\/\/gaudiumetspes-blog.pl\/wp-content\/uploads\/2019\/07\/avatar-JJ-150x150.jpg","caption":"Ks. Jacek"},"description":"Witam serdecznie! K\u0142ania si\u0119 Ks. Jacek Ja\u015bkowski. Nie jestem ani kim\u015b wa\u017cnym, ani kim\u015b znanym. Jestem ksi\u0119dzem, kt\u00f3ry po prostu chce rozmawia\u0107. Codzienna kap\u0142a\u0144ska pos\u0142uga pokazuje mi, \u017ce temat\u00f3w do rozm\u00f3w z ksi\u0119dzem jest coraz wi\u0119cej i dzisiaj \u017caden ksi\u0105dz nie mo\u017ce od nich ucieka\u0107, ale - wprost przeciwnie - podejmowa\u0107 nowe wyzwania. To przekonanie sk\u0142oni\u0142o mnie do pr\u00f3by otwarcia tego\u017c bloga, chocia\u017c okazji do rozm\u00f3w na co dzie\u0144 - w konfesjonale i poza nim - na szcz\u0119\u015bcie nie brakuje. My\u015bl\u0119 jednak, \u017ce ten blog b\u0119dzie jeszcze jednym sposobem i przestrzeni\u0105 nawi\u0105zania kontaktu z lud\u017ami dobrej woli, otwartymi na dialog.","url":"https:\/\/gaudiumetspes-blog.pl\/index.php\/author\/ks-jacek\/"}]}},"jetpack_featured_media_url":"","jetpack_sharing_enabled":true,"_links":{"self":[{"href":"https:\/\/gaudiumetspes-blog.pl\/index.php\/wp-json\/wp\/v2\/posts\/7125","targetHints":{"allow":["GET"]}}],"collection":[{"href":"https:\/\/gaudiumetspes-blog.pl\/index.php\/wp-json\/wp\/v2\/posts"}],"about":[{"href":"https:\/\/gaudiumetspes-blog.pl\/index.php\/wp-json\/wp\/v2\/types\/post"}],"author":[{"embeddable":true,"href":"https:\/\/gaudiumetspes-blog.pl\/index.php\/wp-json\/wp\/v2\/users\/1"}],"replies":[{"embeddable":true,"href":"https:\/\/gaudiumetspes-blog.pl\/index.php\/wp-json\/wp\/v2\/comments?post=7125"}],"version-history":[{"count":1,"href":"https:\/\/gaudiumetspes-blog.pl\/index.php\/wp-json\/wp\/v2\/posts\/7125\/revisions"}],"predecessor-version":[{"id":14423,"href":"https:\/\/gaudiumetspes-blog.pl\/index.php\/wp-json\/wp\/v2\/posts\/7125\/revisions\/14423"}],"wp:attachment":[{"href":"https:\/\/gaudiumetspes-blog.pl\/index.php\/wp-json\/wp\/v2\/media?parent=7125"}],"wp:term":[{"taxonomy":"category","embeddable":true,"href":"https:\/\/gaudiumetspes-blog.pl\/index.php\/wp-json\/wp\/v2\/categories?post=7125"},{"taxonomy":"post_tag","embeddable":true,"href":"https:\/\/gaudiumetspes-blog.pl\/index.php\/wp-json\/wp\/v2\/tags?post=7125"}],"curies":[{"name":"wp","href":"https:\/\/api.w.org\/{rel}","templated":true}]}}