{"id":7142,"date":"2018-10-14T03:37:00","date_gmt":"2018-10-14T01:37:00","guid":{"rendered":"https:\/\/gaudiumetspes-blog.pl\/index.php\/2018\/10\/14\/co-mam-czynic\/"},"modified":"2019-07-31T12:57:48","modified_gmt":"2019-07-31T10:57:48","slug":"co-mam-czynic","status":"publish","type":"post","link":"https:\/\/gaudiumetspes-blog.pl\/index.php\/2018\/10\/14\/co-mam-czynic\/","title":{"rendered":"Co mam czyni\u0107?"},"content":{"rendered":"<div class=\"separator\" style=\"clear: both; text-align: center;\">\n<a href=\"https:\/\/1.bp.blogspot.com\/-OzRGPIC6VVo\/W8K54B_dEAI\/AAAAAAAAFyc\/xyvHe3WCas8GN7a2vo8NQqiAG0NA2HnKQCLcBGAs\/s1600\/Chrystus%2Bi%2Bbogaty%2Bm%25C5%2582odzieniec.jpg\" imageanchor=\"1\" style=\"clear: right; float: right; margin-bottom: 1em; margin-left: 1em;\"><img loading=\"lazy\" decoding=\"async\" border=\"0\" data-original-height=\"400\" data-original-width=\"638\" height=\"200\" src=\"https:\/\/gaudiumetspes-blog.pl\/wp-content\/uploads\/2018\/10\/ChrystusibogatymC582odzieniec.jpg\" width=\"320\" \/><\/a><\/div>\n<p><b>Niedziela XXVIII tygodnia okresu zwyk\u0142ego <\/p>\n<p><i>(Mdr 7, 7-11) <\/i><br \/><i>Modli\u0142em si\u0119 i dano mi zrozumienie, przyzywa\u0142em, i przyszed\u0142 mi z pomoc\u0105 duch M\u0105dro\u015bci. Oceni\u0142em j\u0105 wy\u017cej nad ber\u0142a i trony i w zestawieniu z ni\u0105 za nic uzna\u0142em bogactwa. Nie zr\u00f3wna\u0142em z ni\u0105 drogich kamieni, bo wszystko z\u0142oto wobec niej jest gar\u015bci\u0105 piasku, a srebro przy niej b\u0119dzie poczytane za b\u0142oto. Umi\u0142owa\u0142em j\u0105 nad zdrowie i pi\u0119kno\u015b\u0107 i wola\u0142em mie\u0107 j\u0105 ani\u017celi \u015bwiat\u0142o, bo blask jej nie ustaje. A przyby\u0142y mi wraz z ni\u0105 wszystkie dobra i niezliczone bogactwa w jej r\u0119ku. <\/i><\/p>\n<p><i>(Hbr 4, 12-13) <\/i><br \/><i>\u017bywe jest s\u0142owo Bo\u017ce, skuteczne i ostrzejsze ni\u017c wszelki miecz obosieczny, przenikaj\u0105ce a\u017c do rozdzielenia duszy i ducha, staw\u00f3w i szpiku, zdolne os\u0105dzi\u0107 pragnienia i my\u015bli serca. Nie ma stworzenia, kt\u00f3re by dla Niego by\u0142o niewidzialne; przeciwnie, wszystko odkryte jest i ods\u0142oni\u0119te przed oczami Tego, kt\u00f3remu musimy zda\u0107 rachunek. <\/i><\/p>\n<p><i>(Mk 10, 17-30) <\/i><br \/><i>Gdy Jezus wybiera\u0142 si\u0119 w drog\u0119, przybieg\u0142 pewien cz\u0142owiek i upad\u0142szy przed Nim na kolana, zacz\u0105\u0142 Go pyta\u0107: &#8222;Nauczycielu dobry, co mam czyni\u0107, aby osi\u0105gn\u0105\u0107 \u017cycie wieczne?&#8221; Jezus mu rzek\u0142: &#8222;Czemu nazywasz Mnie dobrym? Nikt nie jest dobry, tylko sam B\u00f3g. Znasz przykazania: Nie zabijaj, nie cudzo\u0142\u00f3\u017c, nie kradnij, nie zeznawaj fa\u0142szywie, nie oszukuj, czcij swego ojca i matk\u0119&#8221;. On Mu odpowiedzia\u0142: &#8222;Nauczycielu, wszystkiego tego przestrzega\u0142em od mojej m\u0142odo\u015bci&#8221;. Wtedy Jezus spojrza\u0142 na niego z mi\u0142o\u015bci\u0105 i rzek\u0142 mu: &#8222;Jednego ci brakuje. Id\u017a, sprzedaj wszystko, co masz, i rozdaj ubogim, a b\u0119dziesz mia\u0142 skarb w niebie. Potem przyjd\u017a i chod\u017a za Mn\u0105&#8221;. Lecz on spochmurnia\u0142 na te s\u0142owa i odszed\u0142 zasmucony, mia\u0142 bowiem wiele posiad\u0142o\u015bci. W\u00f3wczas Jezus spojrza\u0142 dooko\u0142a i rzek\u0142 do swoich uczni\u00f3w: \u00abJak trudno tym, kt\u00f3rzy maj\u0105 dostatki, wej\u015b\u0107 do kr\u00f3lestwa Bo\u017cego\u00bb. Uczniowie przerazili si\u0119 Jego s\u0142owami, lecz Jezus powt\u00f3rnie im rzek\u0142: &#8222;Dzieci, jak\u017ce trudno wej\u015b\u0107 do kr\u00f3lestwa Bo\u017cego tym, kt\u00f3rzy w dostatkach pok\u0142adaj\u0105 ufno\u015b\u0107. \u0141atwiej jest wielb\u0142\u0105dowi przej\u015b\u0107 przez ucho igielne, ni\u017c bogatemu wej\u015b\u0107 do kr\u00f3lestwa Bo\u017cego&#8221;. A oni tym bardziej si\u0119 dziwili i m\u00f3wili mi\u0119dzy sob\u0105: &#8222;Kt\u00f3\u017c wi\u0119c mo\u017ce by\u0107 zbawiony?&#8221; Jezus popatrzy\u0142 na nich i rzek\u0142: &#8222;U ludzi to niemo\u017cliwe, ale nie u Boga; bo u Boga wszystko jest mo\u017cliwe&#8221;. Wtedy Piotr zacz\u0105\u0142 m\u00f3wi\u0107 do Niego: &#8222;Oto my opu\u015bcili\u015bmy wszystko i poszli\u015bmy za Tob\u0105&#8221;. Jezus odpowiedzia\u0142: &#8222;Zaprawd\u0119, powiadam wam: Nikt nie opuszcza domu, braci, si\u00f3str, matki, ojca, dzieci lub p\u00f3l z powodu Mnie i z powodu Ewangelii, \u017ceby nie otrzyma\u0142 stokro\u0107 wi\u0119cej teraz, w tym czasie, dom\u00f3w, braci, si\u00f3str, matek, dzieci i p\u00f3l, w\u015br\u00f3d prze\u015bladowa\u0144, a \u017cycia wiecznego w czasie przysz\u0142ym&#8221;. <\/i><\/p>\n<p>Niech b\u0119dzie pochwalony Jezus Chrystus! <\/b><br \/>\n<b><br \/><\/b><br \/>\nPozdrawiam z Syberii, z Surgutu. Wot, taka dzi\u015b niespodzianka, nie wiem czy radosna, czy nie ca\u0142kiem. <\/p>\n<p>Pozdrawiam wszystkich nauczycieli w dzie\u0144 ich \u015bwi\u0119ta. W spos\u00f3b jednak szczeg\u00f3lny pozdrawiam naszych Nauczycieli \u017cycia, naszych Rodzic\u00f3w, Danut\u0119 i Jana w rocznic\u0119 ich \u015blubu. Ile to ju\u017c lat? Zdaje si\u0119 46. Cz\u0119sto ich przyk\u0142ad przywo\u0142uj\u0119 tu w Rosji, bo wielu w\u0105tpi czy jest mo\u017cliwa normalna rodzina, szcz\u0119\u015bliwa rodzina, jedna przez wiele lat? <\/p>\n<p>Dzi\u0119kuj\u0105c im za wszystko, za \u017cycie i wychowanie, za mi\u0142o\u015b\u0107 i przyk\u0142ad mi\u0142o\u015bci, za trosk\u0119 o siebie nawzajem i o nas, \u017cyczymy i modlimy si\u0119\u2026 Niech Pan B\u00f3g im b\u0142ogos\u0142awi na dalsze, oby jak najd\u0142u\u017csze lata \u017cycia, niech darzy zdrowiem i wszelkimi potrzebnymi \u0142askami. Modl\u0119 si\u0119 za nich i prosz\u0119 Was wszystkich, o modlitw\u0119 za naszych Rodzic\u00f3w, dzi\u015b szczeg\u00f3lnie. <\/p>\n<p>Co dzi\u015b w s\u0142owie? <\/p>\n<p>Pi\u0119knie si\u0119 zaczyna dzisiejsza liturgia s\u0142owa: <\/p>\n<p>\u201eModli\u0142em si\u0119 i dano mi zrozumienie, przyzywa\u0142em, i przyszed\u0142 mi z pomoc\u0105 duch M\u0105dro\u015bci\u201d. <\/p>\n<p>Co to znaczy? \u2013 Chcesz by\u0107 m\u0105dry? M\u00f3dl si\u0119! <\/p>\n<p>M\u0105dro\u015b\u0107 p\u0142ynie z modlitwy, m\u0105dro\u015b\u0107 to dar. <\/p>\n<p>Jak cz\u0119sto modlimy si\u0119 o dar m\u0105dro\u015bci? Jak cz\u0119sto podejmuj\u0105c jak\u0105\u015b \u017cyciow\u0105 decyzj\u0119 zwracamy si\u0119 w modlitwie o m\u0105dro\u015b\u0107? My\u015bl\u0119, \u017ce warto. <\/p>\n<p>Je\u015bli chcemy by\u0107 lud\u017ami m\u0105drymi, trzeba si\u0119 modli\u0107. Co znaczy \u2013 trzeba si\u0119 modli\u0107? Jak si\u0119 modli\u0107? <br \/>\n<a name='more'><\/a><br \/>\nPrzyk\u0142adem takiej modlitwy o m\u0105dro\u015b\u0107 jest spotkanie Jezusa z bohaterem dzisiejszej Ewangelii, tzw. bogatym m\u0142odzie\u0144cem. <\/p>\n<p>\u201ePrzybieg\u0142 pewien cz\u0142owiek i upad\u0142szy przed Nim na kolana, zacz\u0105\u0142 Go pyta\u0107: &#8222;Nauczycielu dobry, co mam czyni\u0107, aby osi\u0105gn\u0105\u0107 \u017cycie wieczne?\u201d. <\/p>\n<p>To jest w\u0142a\u015bnie modlitwa o dar m\u0105dro\u015bci \u2013 co mam czyni\u0107? Co mam czyni\u0107, aby osi\u0105gn\u0105\u0107 \u017cycie wieczne? <\/p>\n<p>My cz\u0119sto przychodzimy do Jezusa, \u017ceby powiedzie\u0107 Mu co On ma czyni\u0107, o co Go prosimy, czym dobrze by by\u0142o, by si\u0119 zaj\u0105\u0142. Tu widzimy zupe\u0142nie inny kierunek \u2013 powiedz mi, co ja mam robi\u0107? <\/p>\n<p>Chyba to jest wa\u017cne, to jest \u017ar\u00f3d\u0142o m\u0105dro\u015bci \u2013 pyta\u0107 Jezusa \u2013 Nauczycielu, co mam czyni\u0107? <\/p>\n<p>My\u015bl\u0119, \u017ce to jest te\u017c przyk\u0142ad dla naszych ludzkich relacji, zw\u0142aszcza relacji rodzinnych, ma\u0142\u017ce\u0144skich \u2013 przej\u015b\u0107 od \u201ezr\u00f3b to\u201d do \u2013 \u201eco mam, co mog\u0119 uczyni\u0107\u201d. <\/p>\n<p>Bardzo wa\u017cne, \u017ceby\u015bmy na modlitwie byli przed Bogiem z takim pytaniem \u2013 co mam czyni\u0107? <\/p>\n<p>Odpowied\u017a na to daje nam s\u0142owo Bo\u017ce. Rozmy\u015blanie nad s\u0142owem Bo\u017cym jest wi\u0119c m\u0105dro\u015bci\u0105, szko\u0142\u0105 m\u0105dro\u015bci. <\/p>\n<p>Dlatego te\u017c s\u0142yszymy dzi\u015b w drugim czytaniu: \u201e\u017bywe jest s\u0142owo Bo\u017ce, skuteczne i ostrzejsze ni\u017c wszelki miecz obosieczny, przenikaj\u0105ce a\u017c do rozdzielenia duszy i ducha, staw\u00f3w i szpiku, zdolne os\u0105dzi\u0107 pragnienia i my\u015bli serca\u201d Niesamowite s\u0142owa! S\u0142owa o s\u0142owie \u2013 jak wa\u017cne i silne jest s\u0142owo Bo\u017ce. <\/p>\n<p>Ile m\u0105dro\u015bci i si\u0142y otrzymujemy czytaj\u0105c i rozmy\u015blaj\u0105c nad s\u0142owem Bo\u017cym. <\/p>\n<p>Dalej, \u00f3w m\u0142odzieniec pyta \u2013 co mam czyni\u0107, aby osi\u0105gn\u0105\u0107 \u017cycie wieczne? <\/p>\n<p>I zn\u00f3w zaskoczenie, m\u0105dro\u015b\u0107, przyk\u0142ad\u2026 Pyta o \u017cycie wieczne. Zazwyczaj my\u015blimy o \u017cyciu doczesnym, nawet na modlitwie prosimy o b\u0142ogos\u0142awie\u0144stwo na to \u017cycie. Tamten cz\u0142owiek pyta o \u017cycie wieczne, co robi\u0107, \u017ceby si\u0119 dosta\u0107 do nieba? <\/p>\n<p>To jest m\u0105dro\u015b\u0107, to jest przyk\u0142ad\u2026 <\/p>\n<p>Proponuj\u0119 i zach\u0119cam, by dzi\u015b w czasie Mszy, albo w czasie dzi\u0119kczynienia po Mszy \u015aw. pomodli\u0107 si\u0119 o m\u0105dro\u015b\u0107, a znaczy postawi\u0107 takie pytania \u2013 Panie, co mam robi\u0107? Co mam robi\u0107, aby osi\u0105gn\u0105\u0107 \u017cycie wieczne? <\/p>\n<p>Jaki to dobry cz\u0142owiek, ten m\u0142odzieniec, jak o nim m\u00f3wimy, cho\u0107 tu nic nie ma, \u017ce on by\u0142 m\u0142ody\u2026 Jaki to dobry cz\u0142owiek. Patrzy Jezusowi w oczy i m\u00f3wi \u2013 wszystkie przykazania przestrzega\u0142em od m\u0142odo\u015bci. Czy kto\u015b z nas odwa\u017cy\u0142by si\u0119, patrz\u0105c Jezusowi w oczy powiedzie\u0107 \u2013 przestrzega\u0142em wszystkich przykaza\u0144 od m\u0142odo\u015bci, przez ca\u0142e swoje \u017cycie? <\/p>\n<p>To jest poziom ludzki, od kt\u00f3rego trzeba zawsze zaczyna\u0107 \u2013 przykazania. Do wi\u0119kszo\u015bci przykaza\u0144 mog\u0105 si\u0119 spokojnie przyzna\u0107 i niewierz\u0105cy. Kto wyst\u0105pi przeciw przykazania \u201enie zabijaj\u201d? My\u015bl\u0119, \u017ce nikt normalny. Mo\u017cna by mo\u017ce jeszcze dyskutowa\u0107 o jakich\u015b okoliczno\u015bciach, rozumieniu tych s\u0142\u00f3w, ale przecie\u017c ka\u017cdy normalny cz\u0142owiek i sam chce \u017cy\u0107 i chce \u017cycia drugiego cz\u0142owieka. <\/p>\n<p>To poziom ludzki, a potem zaczyna si\u0119 poziom mi\u0142o\u015bci: <\/p>\n<p>\u201eJednego ci brakuje. Id\u017a, sprzedaj wszystko, co masz, i rozdaj ubogim, a b\u0119dziesz mia\u0142 skarb w niebie. Potem przyjd\u017a i chod\u017a za Mn\u0105\u201d. <\/p>\n<p>Poziom mi\u0142o\u015bci to poziom ofiary, poziom krzy\u017ca \u2013 nie ma chrze\u015bcijanina bez krzy\u017ca, nie ma mi\u0142o\u015bci bez ofiary. Je\u015bli chcemy i\u015b\u0107 za Jezusem, to to wymaga ofiary, trzeba z kim\u015b albo z czym\u015b si\u0119 po\u017cegna\u0107\u2026 <\/p>\n<p>Je\u015bli kochamy Boga, to nie mo\u017cemy \u017cy\u0107 w grzechu. Cho\u0107 czasem owa ofiara to nawet nie grzech \u2013 sk\u0142adamy w ofierze dobro \u2013 np. kap\u0142a\u0144ski celibat, \u015bluby zakonne \u2013 wyrzekamy si\u0119 dobra, sk\u0142adamy w ofierze co\u015b dobrego, by p\u00f3j\u015b\u0107 za Jezusem i tak jak On \u2013 bezkompromisowo, na ca\u0142o\u015b\u0107. <\/p>\n<p>Mo\u017ce by\u0107 i prostsza ofiara \u2013 cz\u0142owiek, kt\u00f3ry kocha Jezusa i chce si\u0119 z Nim spotka\u0107, musi przynie\u015b\u0107 w ofierze swoje zm\u0119czenie, lub sw\u00f3j odpoczynek. Je\u015bli kto\u015b chce przyj\u015b\u0107 na Msz\u0119 \u015aw. trzeba czasem pouk\u0142ada\u0107 swoje inne sprawy, z czego\u015b zrezygnowa\u0107. <\/p>\n<p>Mo\u017ce i w moim \u017cyciu jest takie \u201ebogactwo\u201d, co\u015b co mnie obci\u0105\u017ca, co mnie przywi\u0105zuje, co przeszkadza mi swobodnie i\u015b\u0107 za Jezusem? <\/p>\n<p>Warto dzi\u015b przyjrze\u0107 si\u0119 swojemu \u017cyciu i znale\u017a\u0107 takie w\u0142a\u015bnie bogactwo. <\/p>\n<p>Co jest moim bogactwem? Do czego lub do kogo jestem przywi\u0105zany? Od czego lub od kogo jestem uzale\u017cniony. <\/p>\n<p>Uzale\u017cnienie mo\u017ce by\u0107 r\u00f3\u017cne, nie tylko od alkoholu, papieros\u00f3w czy narkotyk\u00f3w, ale mo\u017ce by\u0107 uzale\u017cnienie i od internetu, rozrywki, telewizora, gier, telefonu, od seriali, od odpoczynku, od pracy, od jedzenia, od innego cz\u0142owieka, od seksu\u2026 Mo\u017cna by d\u0142ugo wylicza\u0107\u2026 Pomy\u015blmy \u2013 od czego ja jestem uzale\u017cniony? <\/p>\n<p>A Jezus taki ju\u017c jest, je\u015bli wpu\u015bcimy Go w nasze \u017cycie, to On zacznie wchodzi\u0107 w to, co nam by si\u0119 chcia\u0142o schowa\u0107, zostawi\u0107 na koniec, odk\u0142ada\u0107 stopniowo. A On nie \u2013 oddaj wszystko, rozdaj wszystko, ju\u017c, teraz, natychmiast. Jezus zaczyna nad nami pracowa\u0107, zaczynaj\u0105c od tych w\u0142a\u015bnie miejsc. <\/p>\n<p>Mo\u017ce w\u0142a\u015bnie dlatego niekt\u00f3rzy nie chodz\u0105 na Msz\u0119 \u015aw., nie modl\u0105 si\u0119. T\u0142umacz\u0105 si\u0119 brakiem czasu, prac\u0105, zm\u0119czeniem, a tak naprawd\u0119 to si\u0119 boj\u0105, \u017ce trzeba b\u0119dzie co\u015b robi\u0107, zmienia\u0107, pracowa\u0107 nad sob\u0105, a im zwyczajnie si\u0119 nie chce, s\u0105 przywi\u0105zani. <\/p>\n<p>Wychodzi wi\u0119c, \u017ce chrze\u015bcija\u0144stwo jest religi\u0105 odwa\u017cnych, religi\u0105 silnych, s\u0142abi odpadaj\u0105. <\/p>\n<p>A jeszcze sp\u00f3jrzmy na s\u0142owa \u2013 Jezus spojrza\u0142 na niego z mi\u0142o\u015bci\u0105. Postawi\u0142 te wymagania patrz\u0105c na niego z mi\u0142o\u015bci\u0105. Ciekawe\u2026 <\/p>\n<p>Nam si\u0119 wydaje w takich momentach, \u017ce Pan B\u00f3g nas zostawi\u0142, zapomnia\u0142, nie kocha nas, albo Go i nie ma. A okazuje si\u0119, \u017ce w takich momentach nas najbardziej kocha, patrzy z mi\u0142o\u015bci\u0105. To my po prostu tego nie rozumiemy. <\/p>\n<p>Popro\u015bmy Jezusa o dar m\u0105dro\u015bci, bo m\u0105dro\u015b\u0107, jak si\u0119 dzi\u015b okaza\u0142o, zdobywa si\u0119 na modlitwie. <\/p>\n<p>Pytajmy dzi\u015b Jezusa \u2013 co mam czyni\u0107? Co mam czyni\u0107, aby osi\u0105gn\u0105\u0107 \u017cycie wieczne? <\/p>\n<p>Drodzy moi! Dzi\u0119kuj\u0119 Wam za modlitwy i wszelk\u0105 \u017cyczliwo\u015b\u0107. <\/p>\n<p>Nie ma teraz czasu wi\u0119cej opisywa\u0107 co u nas tu. Jak wspomina\u0142em ostatnim razem, by\u0142em w Tomsku, a potem w Nowosybirsku na konferencji duszpasterskiej, diecezjalnej. <\/p>\n<p>Dzi\u015b ju\u017c normalna niedziela, Msza \u015aw. a potem jedziemy dalej, do Nojabrska. Ju\u017c powoli pada \u015bnieg, cho\u0107 jeszcze w dzie\u0144 raczej temperatura plusowa. <\/p>\n<p>Pozdrawiam Was serdecznie i prosz\u0119 o modlitw\u0119. <\/p>\n<p>Z Bogiem. <\/p>\n<p>Niech Was b\u0142ogos\u0142awi, strze\u017ce i prowadzi Wszechmog\u0105cy B\u00f3g, + Ojciec i Syn i Duch \u015awi\u0119ty. Amen. <\/p>\n<p>Ni\u017cej, mo\u017cna obejrze\u0107 zdj\u0119cia z odpustu w Tomsku: <\/p>\n<p><a href=\"http:\/\/catholic.tomsk.ru\/2018\/10\/08\/presvyataya-deva-mariya-carica-svyatogo-rozariya.html\">http:\/\/catholic.tomsk.ru\/2018\/10\/08\/presvyataya-deva-mariya-carica-svyatogo-rozariya.html<\/a> <\/p>\n<p><a href=\"http:\/\/catholic.tomsk.ru\/2018\/10\/08\/prestolnyy-prazdnik-nashego-prihoda.html\">http:\/\/catholic.tomsk.ru\/2018\/10\/08\/prestolnyy-prazdnik-nashego-prihoda.html<\/a> <\/p>\n<p><a href=\"http:\/\/catholic.tomsk.ru\/2018\/10\/08\/prestolnyy-prazdnik-nashego-prihoda-torzhestvo.html\">http:\/\/catholic.tomsk.ru\/2018\/10\/08\/prestolnyy-prazdnik-nashego-prihoda-torzhestvo.html<\/a> <\/p>\n<p>A tu mo\u017cna obejrze\u0107 zdj\u0119cia z konferencji w Nowosybirsku: <\/p>\n<p><a href=\"http:\/\/tvkana.com\/%D0%BF%D0%B0%D1%81%D1%82%D1%8B%D1%80%D1%81%D0%BA%D0%B0%D1%8F-%D0%BA%D0%BE%D0%BD%D1%84%D0%B5%D1%80%D0%B5%D0%BD%D1%86%D0%B8%D1%8F-%D0%B2-%D0%BD%D0%BE%D0%B2%D0%BE%D1%81%D0%B8%D0%B1%D0%B8%D1%80%D1%81-7\/\">http:\/\/tvkana.com\/%D0%BF%D0%B0%D1%81%D1%82%D1%8B%D1%80%D1%81%D0%BA%D0%B0%D1%8F-%D0%BA%D0%BE%D0%BD%D1%84%D0%B5%D1%80%D0%B5%D0%BD%D1%86%D0%B8%D1%8F-%D0%B2-%D0%BD%D0%BE%D0%B2%D0%BE%D1%81%D0%B8%D0%B1%D0%B8%D1%80%D1%81-7\/<\/a> <\/p>\n","protected":false},"excerpt":{"rendered":"<p>Niedziela XXVIII tygodnia okresu zwyk\u0142ego (Mdr 7, 7-11) Modli\u0142em si\u0119 i dano mi zrozumienie, przyzywa\u0142em, i przyszed\u0142 mi z pomoc\u0105 duch M\u0105dro\u015bci. Oceni\u0142em j\u0105 wy\u017cej nad ber\u0142a i trony i w zestawieniu z ni\u0105 za nic uzna\u0142em bogactwa. Nie zr\u00f3wna\u0142em z ni\u0105 drogich kamieni, bo wszystko z\u0142oto wobec niej jest gar\u015bci\u0105 piasku, a srebro przy [&hellip;]<\/p>\n","protected":false},"author":1,"featured_media":0,"comment_status":"open","ping_status":"open","sticky":false,"template":"","format":"standard","meta":{"jetpack_post_was_ever_published":false,"_jetpack_newsletter_access":"","_jetpack_dont_email_post_to_subs":false,"_jetpack_newsletter_tier_id":0,"_jetpack_memberships_contains_paywalled_content":false,"_jetpack_memberships_contains_paid_content":false,"footnotes":""},"categories":[1],"tags":[],"class_list":["post-7142","post","type-post","status-publish","format-standard","hentry","category-bez-kategorii"],"yoast_head":"<!-- This site is optimized with the Yoast SEO plugin v25.1 - https:\/\/yoast.com\/wordpress\/plugins\/seo\/ -->\n<title>Co mam czyni\u0107? - Gaudium Et Spes<\/title>\n<meta name=\"robots\" content=\"index, follow, max-snippet:-1, max-image-preview:large, max-video-preview:-1\" \/>\n<link rel=\"canonical\" href=\"https:\/\/gaudiumetspes-blog.pl\/index.php\/2018\/10\/14\/co-mam-czynic\/\" \/>\n<meta property=\"og:locale\" content=\"pl_PL\" \/>\n<meta property=\"og:type\" content=\"article\" \/>\n<meta property=\"og:title\" content=\"Co mam czyni\u0107? - Gaudium Et Spes\" \/>\n<meta property=\"og:description\" content=\"Niedziela XXVIII tygodnia okresu zwyk\u0142ego (Mdr 7, 7-11) Modli\u0142em si\u0119 i dano mi zrozumienie, przyzywa\u0142em, i przyszed\u0142 mi z pomoc\u0105 duch M\u0105dro\u015bci. Oceni\u0142em j\u0105 wy\u017cej nad ber\u0142a i trony i w zestawieniu z ni\u0105 za nic uzna\u0142em bogactwa. Nie zr\u00f3wna\u0142em z ni\u0105 drogich kamieni, bo wszystko z\u0142oto wobec niej jest gar\u015bci\u0105 piasku, a srebro przy [&hellip;]\" \/>\n<meta property=\"og:url\" content=\"https:\/\/gaudiumetspes-blog.pl\/index.php\/2018\/10\/14\/co-mam-czynic\/\" \/>\n<meta property=\"og:site_name\" content=\"Gaudium Et Spes\" \/>\n<meta property=\"article:published_time\" content=\"2018-10-14T01:37:00+00:00\" \/>\n<meta property=\"article:modified_time\" content=\"2019-07-31T10:57:48+00:00\" \/>\n<meta property=\"og:image\" content=\"https:\/\/gaudiumetspes-blog.pl\/wp-content\/uploads\/2018\/10\/ChrystusibogatymC582odzieniec.jpg\" \/>\n<meta name=\"author\" content=\"Ks. Jacek\" \/>\n<meta name=\"twitter:card\" content=\"summary_large_image\" \/>\n<meta name=\"twitter:label1\" content=\"Napisane przez\" \/>\n\t<meta name=\"twitter:data1\" content=\"Ks. Jacek\" \/>\n\t<meta name=\"twitter:label2\" content=\"Szacowany czas czytania\" \/>\n\t<meta name=\"twitter:data2\" content=\"10 minut\" \/>\n<script type=\"application\/ld+json\" class=\"yoast-schema-graph\">{\"@context\":\"https:\/\/schema.org\",\"@graph\":[{\"@type\":\"WebPage\",\"@id\":\"https:\/\/gaudiumetspes-blog.pl\/index.php\/2018\/10\/14\/co-mam-czynic\/\",\"url\":\"https:\/\/gaudiumetspes-blog.pl\/index.php\/2018\/10\/14\/co-mam-czynic\/\",\"name\":\"Co mam czyni\u0107? - Gaudium Et Spes\",\"isPartOf\":{\"@id\":\"https:\/\/gaudiumetspes-blog.pl\/#website\"},\"primaryImageOfPage\":{\"@id\":\"https:\/\/gaudiumetspes-blog.pl\/index.php\/2018\/10\/14\/co-mam-czynic\/#primaryimage\"},\"image\":{\"@id\":\"https:\/\/gaudiumetspes-blog.pl\/index.php\/2018\/10\/14\/co-mam-czynic\/#primaryimage\"},\"thumbnailUrl\":\"https:\/\/gaudiumetspes-blog.pl\/wp-content\/uploads\/2018\/10\/ChrystusibogatymC582odzieniec.jpg\",\"datePublished\":\"2018-10-14T01:37:00+00:00\",\"dateModified\":\"2019-07-31T10:57:48+00:00\",\"author\":{\"@id\":\"https:\/\/gaudiumetspes-blog.pl\/#\/schema\/person\/1661982992b752dea8dff0d4ed845a65\"},\"breadcrumb\":{\"@id\":\"https:\/\/gaudiumetspes-blog.pl\/index.php\/2018\/10\/14\/co-mam-czynic\/#breadcrumb\"},\"inLanguage\":\"pl-PL\",\"potentialAction\":[{\"@type\":\"ReadAction\",\"target\":[\"https:\/\/gaudiumetspes-blog.pl\/index.php\/2018\/10\/14\/co-mam-czynic\/\"]}]},{\"@type\":\"ImageObject\",\"inLanguage\":\"pl-PL\",\"@id\":\"https:\/\/gaudiumetspes-blog.pl\/index.php\/2018\/10\/14\/co-mam-czynic\/#primaryimage\",\"url\":\"https:\/\/gaudiumetspes-blog.pl\/wp-content\/uploads\/2018\/10\/ChrystusibogatymC582odzieniec.jpg\",\"contentUrl\":\"https:\/\/gaudiumetspes-blog.pl\/wp-content\/uploads\/2018\/10\/ChrystusibogatymC582odzieniec.jpg\",\"width\":320,\"height\":201},{\"@type\":\"BreadcrumbList\",\"@id\":\"https:\/\/gaudiumetspes-blog.pl\/index.php\/2018\/10\/14\/co-mam-czynic\/#breadcrumb\",\"itemListElement\":[{\"@type\":\"ListItem\",\"position\":1,\"name\":\"Strona g\u0142\u00f3wna\",\"item\":\"https:\/\/gaudiumetspes-blog.pl\/\"},{\"@type\":\"ListItem\",\"position\":2,\"name\":\"Co mam czyni\u0107?\"}]},{\"@type\":\"WebSite\",\"@id\":\"https:\/\/gaudiumetspes-blog.pl\/#website\",\"url\":\"https:\/\/gaudiumetspes-blog.pl\/\",\"name\":\"Gaudium Et Spes\",\"description\":\"Blog Ks. Jacka Ja\u015bkowskiego\",\"potentialAction\":[{\"@type\":\"SearchAction\",\"target\":{\"@type\":\"EntryPoint\",\"urlTemplate\":\"https:\/\/gaudiumetspes-blog.pl\/?s={search_term_string}\"},\"query-input\":{\"@type\":\"PropertyValueSpecification\",\"valueRequired\":true,\"valueName\":\"search_term_string\"}}],\"inLanguage\":\"pl-PL\"},{\"@type\":\"Person\",\"@id\":\"https:\/\/gaudiumetspes-blog.pl\/#\/schema\/person\/1661982992b752dea8dff0d4ed845a65\",\"name\":\"Ks. Jacek\",\"image\":{\"@type\":\"ImageObject\",\"inLanguage\":\"pl-PL\",\"@id\":\"https:\/\/gaudiumetspes-blog.pl\/#\/schema\/person\/image\/\",\"url\":\"https:\/\/gaudiumetspes-blog.pl\/wp-content\/uploads\/2019\/07\/avatar-JJ-150x150.jpg\",\"contentUrl\":\"https:\/\/gaudiumetspes-blog.pl\/wp-content\/uploads\/2019\/07\/avatar-JJ-150x150.jpg\",\"caption\":\"Ks. Jacek\"},\"description\":\"Witam serdecznie! K\u0142ania si\u0119 Ks. Jacek Ja\u015bkowski. Nie jestem ani kim\u015b wa\u017cnym, ani kim\u015b znanym. Jestem ksi\u0119dzem, kt\u00f3ry po prostu chce rozmawia\u0107. Codzienna kap\u0142a\u0144ska pos\u0142uga pokazuje mi, \u017ce temat\u00f3w do rozm\u00f3w z ksi\u0119dzem jest coraz wi\u0119cej i dzisiaj \u017caden ksi\u0105dz nie mo\u017ce od nich ucieka\u0107, ale - wprost przeciwnie - podejmowa\u0107 nowe wyzwania. To przekonanie sk\u0142oni\u0142o mnie do pr\u00f3by otwarcia tego\u017c bloga, chocia\u017c okazji do rozm\u00f3w na co dzie\u0144 - w konfesjonale i poza nim - na szcz\u0119\u015bcie nie brakuje. My\u015bl\u0119 jednak, \u017ce ten blog b\u0119dzie jeszcze jednym sposobem i przestrzeni\u0105 nawi\u0105zania kontaktu z lud\u017ami dobrej woli, otwartymi na dialog.\",\"url\":\"https:\/\/gaudiumetspes-blog.pl\/index.php\/author\/ks-jacek\/\"}]}<\/script>\n<!-- \/ Yoast SEO plugin. -->","yoast_head_json":{"title":"Co mam czyni\u0107? - Gaudium Et Spes","robots":{"index":"index","follow":"follow","max-snippet":"max-snippet:-1","max-image-preview":"max-image-preview:large","max-video-preview":"max-video-preview:-1"},"canonical":"https:\/\/gaudiumetspes-blog.pl\/index.php\/2018\/10\/14\/co-mam-czynic\/","og_locale":"pl_PL","og_type":"article","og_title":"Co mam czyni\u0107? - Gaudium Et Spes","og_description":"Niedziela XXVIII tygodnia okresu zwyk\u0142ego (Mdr 7, 7-11) Modli\u0142em si\u0119 i dano mi zrozumienie, przyzywa\u0142em, i przyszed\u0142 mi z pomoc\u0105 duch M\u0105dro\u015bci. Oceni\u0142em j\u0105 wy\u017cej nad ber\u0142a i trony i w zestawieniu z ni\u0105 za nic uzna\u0142em bogactwa. Nie zr\u00f3wna\u0142em z ni\u0105 drogich kamieni, bo wszystko z\u0142oto wobec niej jest gar\u015bci\u0105 piasku, a srebro przy [&hellip;]","og_url":"https:\/\/gaudiumetspes-blog.pl\/index.php\/2018\/10\/14\/co-mam-czynic\/","og_site_name":"Gaudium Et Spes","article_published_time":"2018-10-14T01:37:00+00:00","article_modified_time":"2019-07-31T10:57:48+00:00","og_image":[{"url":"https:\/\/gaudiumetspes-blog.pl\/wp-content\/uploads\/2018\/10\/ChrystusibogatymC582odzieniec.jpg","type":"","width":"","height":""}],"author":"Ks. Jacek","twitter_card":"summary_large_image","twitter_misc":{"Napisane przez":"Ks. Jacek","Szacowany czas czytania":"10 minut"},"schema":{"@context":"https:\/\/schema.org","@graph":[{"@type":"WebPage","@id":"https:\/\/gaudiumetspes-blog.pl\/index.php\/2018\/10\/14\/co-mam-czynic\/","url":"https:\/\/gaudiumetspes-blog.pl\/index.php\/2018\/10\/14\/co-mam-czynic\/","name":"Co mam czyni\u0107? - Gaudium Et Spes","isPartOf":{"@id":"https:\/\/gaudiumetspes-blog.pl\/#website"},"primaryImageOfPage":{"@id":"https:\/\/gaudiumetspes-blog.pl\/index.php\/2018\/10\/14\/co-mam-czynic\/#primaryimage"},"image":{"@id":"https:\/\/gaudiumetspes-blog.pl\/index.php\/2018\/10\/14\/co-mam-czynic\/#primaryimage"},"thumbnailUrl":"https:\/\/gaudiumetspes-blog.pl\/wp-content\/uploads\/2018\/10\/ChrystusibogatymC582odzieniec.jpg","datePublished":"2018-10-14T01:37:00+00:00","dateModified":"2019-07-31T10:57:48+00:00","author":{"@id":"https:\/\/gaudiumetspes-blog.pl\/#\/schema\/person\/1661982992b752dea8dff0d4ed845a65"},"breadcrumb":{"@id":"https:\/\/gaudiumetspes-blog.pl\/index.php\/2018\/10\/14\/co-mam-czynic\/#breadcrumb"},"inLanguage":"pl-PL","potentialAction":[{"@type":"ReadAction","target":["https:\/\/gaudiumetspes-blog.pl\/index.php\/2018\/10\/14\/co-mam-czynic\/"]}]},{"@type":"ImageObject","inLanguage":"pl-PL","@id":"https:\/\/gaudiumetspes-blog.pl\/index.php\/2018\/10\/14\/co-mam-czynic\/#primaryimage","url":"https:\/\/gaudiumetspes-blog.pl\/wp-content\/uploads\/2018\/10\/ChrystusibogatymC582odzieniec.jpg","contentUrl":"https:\/\/gaudiumetspes-blog.pl\/wp-content\/uploads\/2018\/10\/ChrystusibogatymC582odzieniec.jpg","width":320,"height":201},{"@type":"BreadcrumbList","@id":"https:\/\/gaudiumetspes-blog.pl\/index.php\/2018\/10\/14\/co-mam-czynic\/#breadcrumb","itemListElement":[{"@type":"ListItem","position":1,"name":"Strona g\u0142\u00f3wna","item":"https:\/\/gaudiumetspes-blog.pl\/"},{"@type":"ListItem","position":2,"name":"Co mam czyni\u0107?"}]},{"@type":"WebSite","@id":"https:\/\/gaudiumetspes-blog.pl\/#website","url":"https:\/\/gaudiumetspes-blog.pl\/","name":"Gaudium Et Spes","description":"Blog Ks. Jacka Ja\u015bkowskiego","potentialAction":[{"@type":"SearchAction","target":{"@type":"EntryPoint","urlTemplate":"https:\/\/gaudiumetspes-blog.pl\/?s={search_term_string}"},"query-input":{"@type":"PropertyValueSpecification","valueRequired":true,"valueName":"search_term_string"}}],"inLanguage":"pl-PL"},{"@type":"Person","@id":"https:\/\/gaudiumetspes-blog.pl\/#\/schema\/person\/1661982992b752dea8dff0d4ed845a65","name":"Ks. Jacek","image":{"@type":"ImageObject","inLanguage":"pl-PL","@id":"https:\/\/gaudiumetspes-blog.pl\/#\/schema\/person\/image\/","url":"https:\/\/gaudiumetspes-blog.pl\/wp-content\/uploads\/2019\/07\/avatar-JJ-150x150.jpg","contentUrl":"https:\/\/gaudiumetspes-blog.pl\/wp-content\/uploads\/2019\/07\/avatar-JJ-150x150.jpg","caption":"Ks. Jacek"},"description":"Witam serdecznie! K\u0142ania si\u0119 Ks. Jacek Ja\u015bkowski. Nie jestem ani kim\u015b wa\u017cnym, ani kim\u015b znanym. Jestem ksi\u0119dzem, kt\u00f3ry po prostu chce rozmawia\u0107. Codzienna kap\u0142a\u0144ska pos\u0142uga pokazuje mi, \u017ce temat\u00f3w do rozm\u00f3w z ksi\u0119dzem jest coraz wi\u0119cej i dzisiaj \u017caden ksi\u0105dz nie mo\u017ce od nich ucieka\u0107, ale - wprost przeciwnie - podejmowa\u0107 nowe wyzwania. To przekonanie sk\u0142oni\u0142o mnie do pr\u00f3by otwarcia tego\u017c bloga, chocia\u017c okazji do rozm\u00f3w na co dzie\u0144 - w konfesjonale i poza nim - na szcz\u0119\u015bcie nie brakuje. My\u015bl\u0119 jednak, \u017ce ten blog b\u0119dzie jeszcze jednym sposobem i przestrzeni\u0105 nawi\u0105zania kontaktu z lud\u017ami dobrej woli, otwartymi na dialog.","url":"https:\/\/gaudiumetspes-blog.pl\/index.php\/author\/ks-jacek\/"}]}},"jetpack_featured_media_url":"","jetpack_sharing_enabled":true,"_links":{"self":[{"href":"https:\/\/gaudiumetspes-blog.pl\/index.php\/wp-json\/wp\/v2\/posts\/7142","targetHints":{"allow":["GET"]}}],"collection":[{"href":"https:\/\/gaudiumetspes-blog.pl\/index.php\/wp-json\/wp\/v2\/posts"}],"about":[{"href":"https:\/\/gaudiumetspes-blog.pl\/index.php\/wp-json\/wp\/v2\/types\/post"}],"author":[{"embeddable":true,"href":"https:\/\/gaudiumetspes-blog.pl\/index.php\/wp-json\/wp\/v2\/users\/1"}],"replies":[{"embeddable":true,"href":"https:\/\/gaudiumetspes-blog.pl\/index.php\/wp-json\/wp\/v2\/comments?post=7142"}],"version-history":[{"count":1,"href":"https:\/\/gaudiumetspes-blog.pl\/index.php\/wp-json\/wp\/v2\/posts\/7142\/revisions"}],"predecessor-version":[{"id":14377,"href":"https:\/\/gaudiumetspes-blog.pl\/index.php\/wp-json\/wp\/v2\/posts\/7142\/revisions\/14377"}],"wp:attachment":[{"href":"https:\/\/gaudiumetspes-blog.pl\/index.php\/wp-json\/wp\/v2\/media?parent=7142"}],"wp:term":[{"taxonomy":"category","embeddable":true,"href":"https:\/\/gaudiumetspes-blog.pl\/index.php\/wp-json\/wp\/v2\/categories?post=7142"},{"taxonomy":"post_tag","embeddable":true,"href":"https:\/\/gaudiumetspes-blog.pl\/index.php\/wp-json\/wp\/v2\/tags?post=7142"}],"curies":[{"name":"wp","href":"https:\/\/api.w.org\/{rel}","templated":true}]}}