{"id":7144,"date":"2018-10-12T04:56:00","date_gmt":"2018-10-12T02:56:00","guid":{"rendered":"https:\/\/gaudiumetspes-blog.pl\/index.php\/2018\/10\/12\/abraham-da-posuch-wierze\/"},"modified":"2019-07-31T12:57:47","modified_gmt":"2019-07-31T10:57:47","slug":"abraham-da-posuch-wierze","status":"publish","type":"post","link":"https:\/\/gaudiumetspes-blog.pl\/index.php\/2018\/10\/12\/abraham-da-posuch-wierze\/","title":{"rendered":"Abraham &#8211; da\u0142 pos\u0142uch wierze"},"content":{"rendered":"<p><\/p>\n<div align=\"justify\" class=\"western\" style=\"font-weight: normal; line-height: 150%; margin-bottom: 0cm;\">\nSzcz\u0119\u015b\u0107<br \/>\nBo\u017ce! Dobrego dnia Wszystkim \u017cycz\u0119!<\/div>\n<div align=\"center\" class=\"western\" style=\"font-weight: normal; line-height: 150%; margin-bottom: 0cm;\">\nGaudium<br \/>\net spes!  Ks. Jacek<\/div>\n<div align=\"justify\" class=\"western\" style=\"line-height: 150%; margin-bottom: 0cm;\">\n<\/p>\n<\/div>\n<div align=\"justify\" class=\"western\" style=\"line-height: 150%; margin-bottom: 0cm;\">\n<b>Pi\u0105tek<br \/>\n27 tygodnia zwyk\u0142ego, rok II,<\/b><\/div>\n<div align=\"justify\" class=\"western\" style=\"line-height: 150%; margin-bottom: 0cm;\">\n<b>do<br \/>\nczyta\u0144:  Ga 3,7\u201314;  \u0141k 11,15\u201326<\/b><\/div>\n<div align=\"justify\" class=\"western\" style=\"line-height: 150%; margin-bottom: 0cm;\">\n<\/p>\n<\/div>\n<div align=\"justify\" class=\"western\" style=\"line-height: 150%; margin-bottom: 0cm;\">\n<b>CZYTANIE<br \/>\nZ LISTU \u015aWI\u0118TEGO PAW\u0141A APOSTO\u0141A DO GALAT\u00d3W:<\/b><\/div>\n<div align=\"justify\" class=\"western\" style=\"background: transparent; line-height: 150%; margin-bottom: 0cm; orphans: 2; page-break-before: auto; text-indent: 1.3cm; widows: 2;\">\n<b>Bracia:<br \/>\nZrozumiejcie, \u017ce synami Abrahama s\u0105 ci, kt\u00f3rzy polegaj\u0105 na<br \/>\nwierze. I st\u0105d Pismo widz\u0105c, \u017ce w przysz\u0142o\u015bci B\u00f3g na podstawie<br \/>\nwiary b\u0119dzie dawa\u0142 poganom usprawiedliwienie, ju\u017c Abrahamowi<br \/>\noznajmi\u0142o t\u0119 radosn\u0105 nowin\u0119: \u201eW tobie b\u0119d\u0105 b\u0142ogos\u0142awione<br \/>\nwszystkie narody\u201d. I dlatego tylko ci, kt\u00f3rzy polegaj\u0105 na wierze,<br \/>\nmaj\u0105 uczestnictwo w b\u0142ogos\u0142awie\u0144stwie wraz z Abrahamem, kt\u00f3ry<br \/>\nda\u0142 pos\u0142uch wierze.<\/b><\/div>\n<div align=\"justify\" class=\"western\" style=\"background: transparent; line-height: 150%; margin-bottom: 0cm; orphans: 2; text-indent: 1.3cm; widows: 2;\">\n<b>Natomiast<br \/>\nna tych wszystkich, kt\u00f3rzy polegaj\u0105 na uczynkach Prawa, ci\u0105\u017cy<br \/>\nprzekle\u0144stwo. Napisane jest bowiem: \u201ePrzekl\u0119ty ka\u017cdy, kto nie<br \/>\nwype\u0142nia wytrwale wszystkiego, co nakazuje wykona\u0107 Ksi\u0119ga Prawa\u201d.<br \/>\nA \u017ce w Prawie nikt nie osi\u0105ga usprawiedliwienia przed Bogiem,<br \/>\nwynika st\u0105d, \u017ce \u201esprawiedliwy z wiary \u017cy\u0107 b\u0119dzie\u201d. Prawo nie<br \/>\nopiera si\u0119 na wierze, lecz m\u00f3wi: \u201eKto wype\u0142nia przepisy, dzi\u0119ki<br \/>\nnim \u017cy\u0107 b\u0119dzie\u201d.<\/b><\/div>\n<div align=\"justify\" class=\"western\" style=\"background: transparent; line-height: 150%; margin-bottom: 0cm; orphans: 2; text-indent: 1.3cm; widows: 2;\">\n<b>Z<br \/>\ntego przekle\u0144stwa Prawa Chrystus nas wykupi\u0142, stawszy si\u0119 za nas<br \/>\nprzekle\u0144stwem, bo napisane jest: \u201ePrzekl\u0119ty ka\u017cdy, kt\u00f3rego<br \/>\npowieszono na drzewie\u201d, aby b\u0142ogos\u0142awie\u0144stwo Abrahama sta\u0142o si\u0119<br \/>\nw Chrystusie Jezusie udzia\u0142em pogan i aby\u015bmy przez wiar\u0119 otrzymali<br \/>\nobiecanego Ducha.<\/b><\/div>\n<div align=\"justify\" class=\"western\" style=\"line-height: 150%; margin-bottom: 0cm;\">\n<\/p>\n<\/div>\n<div align=\"justify\" class=\"western\" style=\"line-height: 150%; margin-bottom: 0cm;\">\n<b>S\u0141OWA<br \/>\nEWANGELII WED\u0141UG \u015aWI\u0118TEGO \u0141UKASZA:<\/b><\/div>\n<div align=\"justify\" class=\"western\" style=\"background: transparent; line-height: 150%; margin-bottom: 0cm; orphans: 2; page-break-before: auto; text-indent: 1.3cm; widows: 2;\">\n<b>Gdy<br \/>\nJezus wyrzuca\u0142 z\u0142ego ducha, niekt\u00f3rzy z t\u0142umu rzekli: \u201ePrzez<br \/>\nBelzebuba, w\u0142adc\u0119 z\u0142ych duch\u00f3w, wyrzuca z\u0142e duchy\u201d. Inni za\u015b,<br \/>\nchc\u0105c Go wystawi\u0107 na pr\u00f3b\u0119, domagali si\u0119 od Niego znaku z nieba.<\/b><\/div>\n<div align=\"justify\" class=\"western\" style=\"background: transparent; line-height: 150%; margin-bottom: 0cm; orphans: 2; text-indent: 1.3cm; widows: 2;\">\n<b>On<br \/>\njednak znaj\u0105c ich my\u015bli rzek\u0142 do nich: \u201eKa\u017cde kr\u00f3lestwo<br \/>\nwewn\u0119trznie sk\u0142\u00f3cone pustoszeje i dom na dom si\u0119 wali. Je\u015bli<br \/>\nwi\u0119c i szatan sam z sob\u0105 jest sk\u0142\u00f3cony, jak\u017ce si\u0119 ostoi jego<br \/>\nkr\u00f3lestwo? M\u00f3wicie bowiem, \u017ce Ja przez Belzebuba wyrzucam z\u0142e<br \/>\nduchy. Lecz je\u015bli Ja przez Belzebuba wyrzucam z\u0142e duchy, to przez<br \/>\nkogo je wyrzucaj\u0105 wasi synowie? Dlatego oni b\u0119d\u0105 waszymi s\u0119dziami.<br \/>\nA je\u015bli Ja palcem Bo\u017cym wyrzucam z\u0142e duchy, to istotnie przysz\u0142o<br \/>\nju\u017c do was kr\u00f3lestwo Bo\u017ce. Gdy mocarz uzbrojony strze\u017ce swego<br \/>\ndworu, bezpieczne jest jego mienie. Lecz gdy mocniejszy od niego<br \/>\nnadejdzie i pokona go, zabierze wszystk\u0105 bro\u0144 jego, na kt\u00f3rej<br \/>\npolega\u0142, i \u0142upy jego rozda.<\/b><b><br \/>\n<\/b>\n<\/div>\n<div align=\"justify\" class=\"western\" style=\"background: transparent; line-height: 150%; margin-bottom: 0cm; orphans: 2; text-indent: 1.3cm; widows: 2;\">\n<b>Kto<br \/>\nnie jest ze Mn\u0105, jest przeciwko Mnie; a kto nie zbiera ze Mn\u0105,<br \/>\nrozprasza. <\/b>\n<\/div>\n<div align=\"justify\" class=\"western\" style=\"background: transparent; line-height: 150%; margin-bottom: 0cm; orphans: 2; text-indent: 1.3cm; widows: 2;\">\n<b>Gdy<br \/>\nduch nieczysty opu\u015bci cz\u0142owieka, b\u0142\u0105ka si\u0119 po miejscach<br \/>\nbezwodnych, szukaj\u0105c spoczynku. A gdy go nie znajduje, m\u00f3wi: \u00abWr\u00f3c\u0119<br \/>\ndo swego domu, sk\u0105d wyszed\u0142em\u00bb. Przychodzi i zastaje go<br \/>\nwymiecionym i przyozdobionym. Wtedy idzie i bierze siedem innych<br \/>\nduch\u00f3w, z\u0142o\u015bliwszych ni\u017c on sam; wchodz\u0105 i mieszkaj\u0105 tam. <\/b>\n<\/div>\n<div align=\"justify\" class=\"western\" style=\"background: transparent; line-height: 150%; margin-bottom: 0cm; orphans: 2; text-indent: 1.3cm; widows: 2;\">\n<b>I<br \/>\nstaje si\u0119 p\u00f3\u017aniejszy stan owego cz\u0142owieka gorszy ni\u017c poprzedni\u201d.<\/b><\/div>\n<div align=\"justify\" class=\"western\" style=\"line-height: 150%; margin-bottom: 0cm;\">\n<\/p>\n<\/div>\n<div align=\"justify\" class=\"western\" style=\"background: transparent; font-weight: normal; line-height: 150%; margin-bottom: 0cm; orphans: 2; page-break-before: auto; text-indent: 1.3cm; widows: 2;\">\nPierwsze<br \/>\nzdanie dzisiejszego czytania, z Listu do Galat\u00f3w: <i><b>Zrozumiejcie,<br \/>\n\u017ce synami Abrahama s\u0105 ci, kt\u00f3rzy polegaj\u0105 na wierze<\/b><\/i><b><br \/>\n<\/b><b>\u2013<\/b><br \/>\nwprowadza nas w jego tre\u015b\u0107 i jednocze\u015bnie stanowi jego<br \/>\nstreszczenie. Bo w\u0142a\u015bnie o wierze m\u00f3wi Aposto\u0142: <b>o<br \/>\nwierze Abrahama,<\/b> kt\u00f3rego<br \/>\nnar\u00f3d wybrany uwa\u017ca\u0142 \u2013 i dzisiaj uwa\u017ca \u2013 za <b>ojca<br \/>\nswojej wiary.<\/b> Ale i <b>my,<br \/>\nchrze\u015bcijanie, mo\u017cemy<\/b><br \/>\ngo za takowego uwa\u017ca\u0107, bo przecie\u017c i my czytamy Stary Testament, i<br \/>\nczerpiemy z niego wiele bezcennych wskaza\u0144 i wzorc\u00f3w dla swojego<br \/>\nchrze\u015bcija\u0144skiego \u017cycia.\n<\/div>\n<div align=\"justify\" class=\"western\" style=\"background: transparent; font-weight: normal; line-height: 150%; margin-bottom: 0cm; orphans: 2; text-indent: 1.3cm; widows: 2;\">\nW<br \/>\ntym kontek\u015bcie, i my tak\u017ce g\u0142\u0119boko przejmujemy si\u0119 t\u0105 prawd\u0105,<br \/>\n\u017ce samo <b>literalne<br \/>\nwype\u0142nianie<\/b> przepis\u00f3w<br \/>\nPrawa \u2013 cho\u0107by tak doskona\u0142ego, jak Prawo Boskie \u2013 <b>nie<br \/>\nwystarczy, <\/b>aby si\u0119<br \/>\nzbawi\u0107. Trzeba wype\u0142niania tego\u017c Prawa <b>z<br \/>\nmi\u0142o\u015bci\u0105,<\/b> co<br \/>\nkonkretnie<br \/>\nwyrazi si\u0119 <b>w uczynkach<br \/>\nmi\u0142o\u015bci. <\/b>Przestrzeganie<br \/>\nPrawa musi <b>wi\u0105za\u0107 si\u0119 z<br \/>\nmi\u0142o\u015bci\u0105 \u2013 i wynika\u0107 z wiary. <\/b>Ma<br \/>\nby\u0107 konkretnym wyrazem wiary cz\u0142owieka.\n<\/div>\n<div align=\"justify\" class=\"western\" style=\"background: transparent; font-weight: normal; line-height: 150%; margin-bottom: 0cm; orphans: 2; text-indent: 1.3cm; widows: 2;\">\nTak<br \/>\nw\u0142a\u015bnie post\u0119powa\u0142 Abraham: oczywi\u015bcie, szanowa\u0142 Bo\u017ce Prawo i<br \/>\ngo przestrzega\u0142. Ale w ten spos\u00f3b chcia\u0142 okaza\u0107 swoj\u0105 <b>mi\u0142o\u015b\u0107<br \/>\ndo Boga i pos\u0142usze\u0144stwo wobec Niego,<\/b><br \/>\na nie tylko niejako dogadza\u0107 sobie, buduj\u0105c<br \/>\nprzekonanie<br \/>\no w\u0142asnej doskona\u0142o\u015bci, wynikaj\u0105cej<br \/>\nz dok\u0142adnego przestrzegania samych przepis\u00f3w. Abraham tak nie<br \/>\npost\u0119powa\u0142. Dla niego \u2013 przestrzeganie Prawa to nade wszystko<br \/>\n<b>ca\u0142kowite pos\u0142usze\u0144stwo<br \/>\nBogu.<\/b> Jak si\u0119 wyra\u017ca<br \/>\ndzisiaj Pawe\u0142 Aposto\u0142, Abraham <i><b>da\u0142<br \/>\npos\u0142uch wierze.<\/b><\/i>\n<\/div>\n<div align=\"justify\" class=\"western\" style=\"background: transparent; font-weight: normal; line-height: 150%; margin-bottom: 0cm; orphans: 2; text-indent: 1.3cm; widows: 2;\">\nPodobnie,<br \/>\njak Chrystus, kt\u00f3ry tak\u017ce \u2013 a mo\u017ce: przede wszystkim \u2013 by\u0142<br \/>\n<b>pos\u0142uszny swemu Ojcu<\/b><br \/>\ni dlatego pokaza\u0142 najwi\u0119ksz\u0105 mi\u0142o\u015b\u0107, jak\u0105 tylko m\u00f3g\u0142 okaza\u0107,<br \/>\noddaj\u0105c \u017cycie za nas na krzy\u017cu.\n<\/div>\n<div align=\"justify\" class=\"western\" style=\"background: transparent; font-weight: normal; line-height: 150%; margin-bottom: 0cm; orphans: 2; text-indent: 1.3cm; widows: 2;\">\nZapewne<br \/>\ndlatego dzisiaj nie<br \/>\nm\u00f3g\u0142 si\u0119 pogodzi\u0107 ze <b>z\u0142o\u015bliwym<br \/>\ni nienawistnym nastawieniem ludzi,<\/b><br \/>\no kt\u00f3rych mowa w odczytanej<br \/>\nprzed chwil\u0105 Ewangelii. Oni<br \/>\nnawet cuda, dokonywane przez Niego, gotowi byli uwa\u017ca\u0107 za <b>dzie\u0142o<br \/>\nz\u0142ego ducha!<\/b> Czy\u017c mo\u017cna<br \/>\nwyobrazi\u0107 sobie wi\u0119kszy absurd? Czy\u017c z\u0142y duch mo\u017ce wyrzuca\u0107<br \/>\nz\u0142ego ducha? Przecie\u017c \u2013 jak m\u00f3wi dzi\u015b Jezus \u2013 <i><b>k<\/b><\/i><i><b>a\u017cde<\/b><\/i><i><b><br \/>\nkr\u00f3lestwo wewn\u0119trznie sk\u0142\u00f3cone pustoszeje i dom na dom si\u0119 wali.<br \/>\nJe\u015bli wi\u0119c i szatan sam z sob\u0105 jest sk\u0142\u00f3cony, jak\u017ce si\u0119 ostoi<br \/>\njego kr\u00f3lestwo?<\/b><\/i>\n<\/div>\n<div align=\"justify\" class=\"western\" style=\"background: transparent; font-weight: normal; line-height: 150%; margin-bottom: 0cm; orphans: 2; text-indent: 1.3cm; widows: 2;\">\nA<br \/>\npotem przekonuje, \u017ce ludzie naprawd\u0119 dost\u0119puj\u0105 wielkiej \u0142aski,<br \/>\njak\u0105 jest dla nich Jego obecno\u015b\u0107 w\u015br\u00f3d nich i Jego zbawcze<br \/>\ndzia\u0142anie. Ale \u017ceby to<br \/>\nzrozumie\u0107 i przyj\u0105\u0107, trzeba <b>dobrego<br \/>\nwewn\u0119trznego nastawienia<\/b><br \/>\n\u2013 nastawienia serca. W przeciwnym razie, nawet w dzia\u0142aniu Boga<br \/>\nmo\u017cna widzie\u0107 dzia\u0142anie szatana. A to jest przecie\u017c<br \/>\nniemo\u017cliwe.\n<\/div>\n<div align=\"justify\" class=\"western\" style=\"background: transparent; font-weight: normal; line-height: 150%; margin-bottom: 0cm; orphans: 2; text-indent: 1.3cm; widows: 2;\">\nJezus<br \/>\ndzisiaj wyra\u017anie podkre\u015bla, \u017ce to w\u0142a\u015bnie <b>On<br \/>\npokonuje moc z\u0142ego ducha. <\/b>Czyni<br \/>\nto skutecznie i ostatecznie. Ale<br \/>\nje\u017celi cz\u0142owiek \u2013 na w\u0142asne \u017cyczenie \u2013 chce si\u0119 mocy tego<br \/>\nducha podda\u0107, to\u2026 c\u00f3\u017c\u2026 Jak m\u00f3wi dzi\u015b Jezus: <i><b>Gdy<br \/>\nduch nieczysty opu\u015bci cz\u0142owieka, b\u0142\u0105ka si\u0119 po miejscach<br \/>\nbezwodnych, szukaj\u0105c spoczynku. A gdy go nie znajduje, m\u00f3wi: \u00abWr\u00f3c\u0119<br \/>\ndo swego domu, sk\u0105d wyszed\u0142em\u00bb. Przychodzi i zastaje go<br \/>\nwymiecionym i przyozdobionym. Wtedy idzie i bierze siedem innych<br \/>\nduch\u00f3w, z\u0142o\u015bliwszych ni\u017c on sam; wchodz\u0105 i mieszkaj\u0105 tam. I<br \/>\nstaje si\u0119 p\u00f3\u017aniejszy stan owego cz\u0142owieka gorszy ni\u017c poprzedni.<\/b><\/i><\/p>\n<\/div>\n<div align=\"justify\" class=\"western\" style=\"background: transparent; font-weight: normal; line-height: 150%; margin-bottom: 0cm; orphans: 2; text-indent: 1.3cm; widows: 2;\">\nMoi<br \/>\nDrodzy, w tych sprawach naprawd\u0119 nie ma \u017cart\u00f3w. I naprawd\u0119, nie<br \/>\nmo\u017cna <b>my\u015ble\u0107 sobie byle<br \/>\nczego i byle czego m\u00f3wi\u0107.<\/b><br \/>\nTu trzeba naprawd\u0119 g\u0142\u0119bokiego namys\u0142u, nade wszystko za\u015b \u2013<br \/>\ndobrego wewn\u0119trznego nastawienia. Od niego du\u017co zale\u017cy! <b>Od<br \/>\nniego wszystko zale\u017cy!<\/b><br \/>\nJe\u017celi go zabraknie, to na nic zda si\u0119 najbardziej cudowne<br \/>\ndzia\u0142anie Boga w naszym \u017cyciu i najdoskonalsze nawet przepisy<br \/>\nPrawa. Wszystko to mo\u017ce by\u0107 <b>totalnie<br \/>\n<\/b><b>zniweczone<\/b><br \/>\n\u2013 wewn\u0119trznym oporem cz\u0142owieka. Tak,<br \/>\ncz\u0142owiek mo\u017ce zniweczy\u0107 dzia\u0142anie Boga!\n<\/div>\n<div align=\"justify\" class=\"western\" style=\"background: transparent; font-weight: normal; line-height: 150%; margin-bottom: 0cm; orphans: 2; text-indent: 1.3cm; widows: 2;\">\nDlatego<br \/>\ntak wa\u017cna jest nasza postawa \u2013 <b>postawa<br \/>\npe\u0142na mi\u0142o\u015bci, wynikaj\u0105ca z wiary.<\/b><br \/>\nA nie literalne, suche, zimne przestrzeganie przepis\u00f3w dla samych<br \/>\nprzepis\u00f3w. Przestrzeganie Prawa Bo\u017cego \u2013 <b>tak!<br \/>\nAle z mi\u0142o\u015bci\u0105. I w duchu wiary.<\/b><\/div>\n<div align=\"justify\" class=\"western\" style=\"background: transparent; font-weight: normal; line-height: 150%; margin-bottom: 0cm; orphans: 2; text-indent: 1.3cm; widows: 2;\">\nPo<br \/>\nczym konkretnie wida\u0107, \u017ce tak w\u0142a\u015bnie staram si\u0119 przestrzega\u0107<br \/>\nBo\u017cych przykaza\u0144 i nauki Jezusa, zawartej w Ewangelii?\u2026<\/div>\n","protected":false},"excerpt":{"rendered":"<p>Szcz\u0119\u015b\u0107 Bo\u017ce! Dobrego dnia Wszystkim \u017cycz\u0119! Gaudium et spes! Ks. Jacek Pi\u0105tek 27 tygodnia zwyk\u0142ego, rok II, do czyta\u0144: Ga 3,7\u201314; \u0141k 11,15\u201326 CZYTANIE Z LISTU \u015aWI\u0118TEGO PAW\u0141A APOSTO\u0141A DO GALAT\u00d3W: Bracia: Zrozumiejcie, \u017ce synami Abrahama s\u0105 ci, kt\u00f3rzy polegaj\u0105 na wierze. I st\u0105d Pismo widz\u0105c, \u017ce w przysz\u0142o\u015bci B\u00f3g na podstawie wiary b\u0119dzie dawa\u0142 [&hellip;]<\/p>\n","protected":false},"author":1,"featured_media":0,"comment_status":"open","ping_status":"open","sticky":false,"template":"","format":"standard","meta":{"jetpack_post_was_ever_published":false,"_jetpack_newsletter_access":"","_jetpack_dont_email_post_to_subs":false,"_jetpack_newsletter_tier_id":0,"_jetpack_memberships_contains_paywalled_content":false,"_jetpack_memberships_contains_paid_content":false,"footnotes":""},"categories":[1],"tags":[],"class_list":["post-7144","post","type-post","status-publish","format-standard","hentry","category-bez-kategorii"],"yoast_head":"<!-- This site is optimized with the Yoast SEO plugin v25.1 - https:\/\/yoast.com\/wordpress\/plugins\/seo\/ -->\n<title>Abraham - da\u0142 pos\u0142uch wierze - Gaudium Et Spes<\/title>\n<meta name=\"robots\" content=\"index, follow, max-snippet:-1, max-image-preview:large, max-video-preview:-1\" \/>\n<link rel=\"canonical\" href=\"https:\/\/gaudiumetspes-blog.pl\/index.php\/2018\/10\/12\/abraham-da-posuch-wierze\/\" \/>\n<meta property=\"og:locale\" content=\"pl_PL\" \/>\n<meta property=\"og:type\" content=\"article\" \/>\n<meta property=\"og:title\" content=\"Abraham - da\u0142 pos\u0142uch wierze - Gaudium Et Spes\" \/>\n<meta property=\"og:description\" content=\"Szcz\u0119\u015b\u0107 Bo\u017ce! Dobrego dnia Wszystkim \u017cycz\u0119! Gaudium et spes! Ks. Jacek Pi\u0105tek 27 tygodnia zwyk\u0142ego, rok II, do czyta\u0144: Ga 3,7\u201314; \u0141k 11,15\u201326 CZYTANIE Z LISTU \u015aWI\u0118TEGO PAW\u0141A APOSTO\u0141A DO GALAT\u00d3W: Bracia: Zrozumiejcie, \u017ce synami Abrahama s\u0105 ci, kt\u00f3rzy polegaj\u0105 na wierze. I st\u0105d Pismo widz\u0105c, \u017ce w przysz\u0142o\u015bci B\u00f3g na podstawie wiary b\u0119dzie dawa\u0142 [&hellip;]\" \/>\n<meta property=\"og:url\" content=\"https:\/\/gaudiumetspes-blog.pl\/index.php\/2018\/10\/12\/abraham-da-posuch-wierze\/\" \/>\n<meta property=\"og:site_name\" content=\"Gaudium Et Spes\" \/>\n<meta property=\"article:published_time\" content=\"2018-10-12T02:56:00+00:00\" \/>\n<meta property=\"article:modified_time\" content=\"2019-07-31T10:57:47+00:00\" \/>\n<meta name=\"author\" content=\"Ks. Jacek\" \/>\n<meta name=\"twitter:card\" content=\"summary_large_image\" \/>\n<meta name=\"twitter:label1\" content=\"Napisane przez\" \/>\n\t<meta name=\"twitter:data1\" content=\"Ks. Jacek\" \/>\n\t<meta name=\"twitter:label2\" content=\"Szacowany czas czytania\" \/>\n\t<meta name=\"twitter:data2\" content=\"6 minut\" \/>\n<script type=\"application\/ld+json\" class=\"yoast-schema-graph\">{\"@context\":\"https:\/\/schema.org\",\"@graph\":[{\"@type\":\"WebPage\",\"@id\":\"https:\/\/gaudiumetspes-blog.pl\/index.php\/2018\/10\/12\/abraham-da-posuch-wierze\/\",\"url\":\"https:\/\/gaudiumetspes-blog.pl\/index.php\/2018\/10\/12\/abraham-da-posuch-wierze\/\",\"name\":\"Abraham - da\u0142 pos\u0142uch wierze - Gaudium Et Spes\",\"isPartOf\":{\"@id\":\"https:\/\/gaudiumetspes-blog.pl\/#website\"},\"datePublished\":\"2018-10-12T02:56:00+00:00\",\"dateModified\":\"2019-07-31T10:57:47+00:00\",\"author\":{\"@id\":\"https:\/\/gaudiumetspes-blog.pl\/#\/schema\/person\/1661982992b752dea8dff0d4ed845a65\"},\"breadcrumb\":{\"@id\":\"https:\/\/gaudiumetspes-blog.pl\/index.php\/2018\/10\/12\/abraham-da-posuch-wierze\/#breadcrumb\"},\"inLanguage\":\"pl-PL\",\"potentialAction\":[{\"@type\":\"ReadAction\",\"target\":[\"https:\/\/gaudiumetspes-blog.pl\/index.php\/2018\/10\/12\/abraham-da-posuch-wierze\/\"]}]},{\"@type\":\"BreadcrumbList\",\"@id\":\"https:\/\/gaudiumetspes-blog.pl\/index.php\/2018\/10\/12\/abraham-da-posuch-wierze\/#breadcrumb\",\"itemListElement\":[{\"@type\":\"ListItem\",\"position\":1,\"name\":\"Strona g\u0142\u00f3wna\",\"item\":\"https:\/\/gaudiumetspes-blog.pl\/\"},{\"@type\":\"ListItem\",\"position\":2,\"name\":\"Abraham &#8211; da\u0142 pos\u0142uch wierze\"}]},{\"@type\":\"WebSite\",\"@id\":\"https:\/\/gaudiumetspes-blog.pl\/#website\",\"url\":\"https:\/\/gaudiumetspes-blog.pl\/\",\"name\":\"Gaudium Et Spes\",\"description\":\"Blog Ks. Jacka Ja\u015bkowskiego\",\"potentialAction\":[{\"@type\":\"SearchAction\",\"target\":{\"@type\":\"EntryPoint\",\"urlTemplate\":\"https:\/\/gaudiumetspes-blog.pl\/?s={search_term_string}\"},\"query-input\":{\"@type\":\"PropertyValueSpecification\",\"valueRequired\":true,\"valueName\":\"search_term_string\"}}],\"inLanguage\":\"pl-PL\"},{\"@type\":\"Person\",\"@id\":\"https:\/\/gaudiumetspes-blog.pl\/#\/schema\/person\/1661982992b752dea8dff0d4ed845a65\",\"name\":\"Ks. Jacek\",\"image\":{\"@type\":\"ImageObject\",\"inLanguage\":\"pl-PL\",\"@id\":\"https:\/\/gaudiumetspes-blog.pl\/#\/schema\/person\/image\/\",\"url\":\"https:\/\/gaudiumetspes-blog.pl\/wp-content\/uploads\/2019\/07\/avatar-JJ-150x150.jpg\",\"contentUrl\":\"https:\/\/gaudiumetspes-blog.pl\/wp-content\/uploads\/2019\/07\/avatar-JJ-150x150.jpg\",\"caption\":\"Ks. Jacek\"},\"description\":\"Witam serdecznie! K\u0142ania si\u0119 Ks. Jacek Ja\u015bkowski. Nie jestem ani kim\u015b wa\u017cnym, ani kim\u015b znanym. Jestem ksi\u0119dzem, kt\u00f3ry po prostu chce rozmawia\u0107. Codzienna kap\u0142a\u0144ska pos\u0142uga pokazuje mi, \u017ce temat\u00f3w do rozm\u00f3w z ksi\u0119dzem jest coraz wi\u0119cej i dzisiaj \u017caden ksi\u0105dz nie mo\u017ce od nich ucieka\u0107, ale - wprost przeciwnie - podejmowa\u0107 nowe wyzwania. To przekonanie sk\u0142oni\u0142o mnie do pr\u00f3by otwarcia tego\u017c bloga, chocia\u017c okazji do rozm\u00f3w na co dzie\u0144 - w konfesjonale i poza nim - na szcz\u0119\u015bcie nie brakuje. My\u015bl\u0119 jednak, \u017ce ten blog b\u0119dzie jeszcze jednym sposobem i przestrzeni\u0105 nawi\u0105zania kontaktu z lud\u017ami dobrej woli, otwartymi na dialog.\",\"url\":\"https:\/\/gaudiumetspes-blog.pl\/index.php\/author\/ks-jacek\/\"}]}<\/script>\n<!-- \/ Yoast SEO plugin. -->","yoast_head_json":{"title":"Abraham - da\u0142 pos\u0142uch wierze - Gaudium Et Spes","robots":{"index":"index","follow":"follow","max-snippet":"max-snippet:-1","max-image-preview":"max-image-preview:large","max-video-preview":"max-video-preview:-1"},"canonical":"https:\/\/gaudiumetspes-blog.pl\/index.php\/2018\/10\/12\/abraham-da-posuch-wierze\/","og_locale":"pl_PL","og_type":"article","og_title":"Abraham - da\u0142 pos\u0142uch wierze - Gaudium Et Spes","og_description":"Szcz\u0119\u015b\u0107 Bo\u017ce! Dobrego dnia Wszystkim \u017cycz\u0119! Gaudium et spes! Ks. Jacek Pi\u0105tek 27 tygodnia zwyk\u0142ego, rok II, do czyta\u0144: Ga 3,7\u201314; \u0141k 11,15\u201326 CZYTANIE Z LISTU \u015aWI\u0118TEGO PAW\u0141A APOSTO\u0141A DO GALAT\u00d3W: Bracia: Zrozumiejcie, \u017ce synami Abrahama s\u0105 ci, kt\u00f3rzy polegaj\u0105 na wierze. I st\u0105d Pismo widz\u0105c, \u017ce w przysz\u0142o\u015bci B\u00f3g na podstawie wiary b\u0119dzie dawa\u0142 [&hellip;]","og_url":"https:\/\/gaudiumetspes-blog.pl\/index.php\/2018\/10\/12\/abraham-da-posuch-wierze\/","og_site_name":"Gaudium Et Spes","article_published_time":"2018-10-12T02:56:00+00:00","article_modified_time":"2019-07-31T10:57:47+00:00","author":"Ks. Jacek","twitter_card":"summary_large_image","twitter_misc":{"Napisane przez":"Ks. Jacek","Szacowany czas czytania":"6 minut"},"schema":{"@context":"https:\/\/schema.org","@graph":[{"@type":"WebPage","@id":"https:\/\/gaudiumetspes-blog.pl\/index.php\/2018\/10\/12\/abraham-da-posuch-wierze\/","url":"https:\/\/gaudiumetspes-blog.pl\/index.php\/2018\/10\/12\/abraham-da-posuch-wierze\/","name":"Abraham - da\u0142 pos\u0142uch wierze - Gaudium Et Spes","isPartOf":{"@id":"https:\/\/gaudiumetspes-blog.pl\/#website"},"datePublished":"2018-10-12T02:56:00+00:00","dateModified":"2019-07-31T10:57:47+00:00","author":{"@id":"https:\/\/gaudiumetspes-blog.pl\/#\/schema\/person\/1661982992b752dea8dff0d4ed845a65"},"breadcrumb":{"@id":"https:\/\/gaudiumetspes-blog.pl\/index.php\/2018\/10\/12\/abraham-da-posuch-wierze\/#breadcrumb"},"inLanguage":"pl-PL","potentialAction":[{"@type":"ReadAction","target":["https:\/\/gaudiumetspes-blog.pl\/index.php\/2018\/10\/12\/abraham-da-posuch-wierze\/"]}]},{"@type":"BreadcrumbList","@id":"https:\/\/gaudiumetspes-blog.pl\/index.php\/2018\/10\/12\/abraham-da-posuch-wierze\/#breadcrumb","itemListElement":[{"@type":"ListItem","position":1,"name":"Strona g\u0142\u00f3wna","item":"https:\/\/gaudiumetspes-blog.pl\/"},{"@type":"ListItem","position":2,"name":"Abraham &#8211; da\u0142 pos\u0142uch wierze"}]},{"@type":"WebSite","@id":"https:\/\/gaudiumetspes-blog.pl\/#website","url":"https:\/\/gaudiumetspes-blog.pl\/","name":"Gaudium Et Spes","description":"Blog Ks. Jacka Ja\u015bkowskiego","potentialAction":[{"@type":"SearchAction","target":{"@type":"EntryPoint","urlTemplate":"https:\/\/gaudiumetspes-blog.pl\/?s={search_term_string}"},"query-input":{"@type":"PropertyValueSpecification","valueRequired":true,"valueName":"search_term_string"}}],"inLanguage":"pl-PL"},{"@type":"Person","@id":"https:\/\/gaudiumetspes-blog.pl\/#\/schema\/person\/1661982992b752dea8dff0d4ed845a65","name":"Ks. Jacek","image":{"@type":"ImageObject","inLanguage":"pl-PL","@id":"https:\/\/gaudiumetspes-blog.pl\/#\/schema\/person\/image\/","url":"https:\/\/gaudiumetspes-blog.pl\/wp-content\/uploads\/2019\/07\/avatar-JJ-150x150.jpg","contentUrl":"https:\/\/gaudiumetspes-blog.pl\/wp-content\/uploads\/2019\/07\/avatar-JJ-150x150.jpg","caption":"Ks. Jacek"},"description":"Witam serdecznie! K\u0142ania si\u0119 Ks. Jacek Ja\u015bkowski. Nie jestem ani kim\u015b wa\u017cnym, ani kim\u015b znanym. Jestem ksi\u0119dzem, kt\u00f3ry po prostu chce rozmawia\u0107. Codzienna kap\u0142a\u0144ska pos\u0142uga pokazuje mi, \u017ce temat\u00f3w do rozm\u00f3w z ksi\u0119dzem jest coraz wi\u0119cej i dzisiaj \u017caden ksi\u0105dz nie mo\u017ce od nich ucieka\u0107, ale - wprost przeciwnie - podejmowa\u0107 nowe wyzwania. To przekonanie sk\u0142oni\u0142o mnie do pr\u00f3by otwarcia tego\u017c bloga, chocia\u017c okazji do rozm\u00f3w na co dzie\u0144 - w konfesjonale i poza nim - na szcz\u0119\u015bcie nie brakuje. My\u015bl\u0119 jednak, \u017ce ten blog b\u0119dzie jeszcze jednym sposobem i przestrzeni\u0105 nawi\u0105zania kontaktu z lud\u017ami dobrej woli, otwartymi na dialog.","url":"https:\/\/gaudiumetspes-blog.pl\/index.php\/author\/ks-jacek\/"}]}},"jetpack_featured_media_url":"","jetpack_sharing_enabled":true,"_links":{"self":[{"href":"https:\/\/gaudiumetspes-blog.pl\/index.php\/wp-json\/wp\/v2\/posts\/7144","targetHints":{"allow":["GET"]}}],"collection":[{"href":"https:\/\/gaudiumetspes-blog.pl\/index.php\/wp-json\/wp\/v2\/posts"}],"about":[{"href":"https:\/\/gaudiumetspes-blog.pl\/index.php\/wp-json\/wp\/v2\/types\/post"}],"author":[{"embeddable":true,"href":"https:\/\/gaudiumetspes-blog.pl\/index.php\/wp-json\/wp\/v2\/users\/1"}],"replies":[{"embeddable":true,"href":"https:\/\/gaudiumetspes-blog.pl\/index.php\/wp-json\/wp\/v2\/comments?post=7144"}],"version-history":[{"count":1,"href":"https:\/\/gaudiumetspes-blog.pl\/index.php\/wp-json\/wp\/v2\/posts\/7144\/revisions"}],"predecessor-version":[{"id":14374,"href":"https:\/\/gaudiumetspes-blog.pl\/index.php\/wp-json\/wp\/v2\/posts\/7144\/revisions\/14374"}],"wp:attachment":[{"href":"https:\/\/gaudiumetspes-blog.pl\/index.php\/wp-json\/wp\/v2\/media?parent=7144"}],"wp:term":[{"taxonomy":"category","embeddable":true,"href":"https:\/\/gaudiumetspes-blog.pl\/index.php\/wp-json\/wp\/v2\/categories?post=7144"},{"taxonomy":"post_tag","embeddable":true,"href":"https:\/\/gaudiumetspes-blog.pl\/index.php\/wp-json\/wp\/v2\/tags?post=7144"}],"curies":[{"name":"wp","href":"https:\/\/api.w.org\/{rel}","templated":true}]}}