{"id":7155,"date":"2018-10-01T06:15:00","date_gmt":"2018-10-01T04:15:00","guid":{"rendered":"https:\/\/gaudiumetspes-blog.pl\/index.php\/2018\/10\/01\/wiarygodni-w-oczach-bozyc\/"},"modified":"2019-07-31T12:57:46","modified_gmt":"2019-07-31T10:57:46","slug":"wiarygodni-w-oczach-bozyc","status":"publish","type":"post","link":"https:\/\/gaudiumetspes-blog.pl\/index.php\/2018\/10\/01\/wiarygodni-w-oczach-bozyc\/","title":{"rendered":"Wiarygodni w oczach Bo\u017cych&#8230;"},"content":{"rendered":"<p><\/p>\n<div align=\"justify\" style=\"font-weight: normal; line-height: 150%; margin-bottom: 0cm;\">\nSzcz\u0119\u015b\u0107<br \/>\nBo\u017ce! Moi Drodzy, w dniu dzisiejszym <b>imieniny prze\u017cywa Siostry<br \/>\nTeresa Skorupska, kt\u00f3ra w swoim czasie pos\u0142ugiwa\u0142a w Miastkowie,<br \/>\nb\u0119d\u0105c Prze\u0142o\u017con\u0105 Domu, oraz Siostra Teresa Kurek, obecnie <\/b><b>tam<br \/>\n<\/b><b>pos\u0142uguj\u0105ca. <\/b>\n<\/div>\n<div align=\"justify\" style=\"background: transparent; font-weight: normal; line-height: 150%; margin-bottom: 0cm; page-break-before: auto; text-indent: 1.3cm;\">\n<b>Imieniny<br \/>\nprze\u017cywa tak\u017ce Pani Teresa Jaroszuk, kt\u00f3ra od lat z rado\u015bci\u0105 i<br \/>\ndobrym sercem wita Pielgrzym\u00f3w, przybywaj\u0105cych do Sanktuarium w<br \/>\nKodniu. Pani Teresa pos\u0142uguje w recepcji, obs\u0142uguje przybywaj\u0105cych<br \/>\ni mieszkaj\u0105cych w domu Pielgrzyma, a ja mam przyjemno\u015b\u0107 spotyka\u0107<br \/>\nsi\u0119 z Ni\u0105 i rozmawia\u0107 ju\u017c od wielu lat. Zawsze, ilekro\u0107 pojad\u0119<br \/>\ndo Kodnia lub chocia\u017cby tam zadzwoni\u0119, bardzo mnie cieszy mo\u017cliwo\u015b\u0107<br \/>\nspotkania z tak wspania\u0142\u0105 Osob\u0105.<\/b><\/div>\n<div align=\"justify\" style=\"background: transparent; line-height: 150%; margin-bottom: 0cm; page-break-before: auto; text-indent: 1.3cm;\">\n<b>Wszystkim<br \/>\nSolenizantkom \u017cycz\u0119 takiej otwarto\u015bci na Jezusa, jakiej przyk\u0142ad<br \/>\ndaje Ich Patronka. Zapewniam o modlitwie!<\/b><\/div>\n<div align=\"justify\" style=\"background: transparent; line-height: 150%; margin-bottom: 0cm; text-indent: 1.3cm;\">\nA<br \/>\nu nas dzisiaj \u2013 kolejny dzie\u0144 Nowenny i bezpo\u015brednich przygotowa\u0144<br \/>\ndo Bierzmowania.\n<\/div>\n<div align=\"justify\" style=\"background: transparent; line-height: 150%; margin-bottom: 0cm; text-indent: 1.3cm;\">\nJutro<br \/>\nza\u015b, na naszym forum \u2013 niespodzianka!<\/div>\n<div align=\"center\" style=\"font-weight: normal; line-height: 150%; margin-bottom: 0cm;\">\nGaudium<br \/>\net spes!  Ks. Jacek<\/div>\n<div align=\"justify\" style=\"line-height: 150%; margin-bottom: 0cm;\">\n<\/p>\n<\/div>\n<div align=\"justify\" style=\"line-height: 150%; margin-bottom: 0cm;\">\n<b>Poniedzia\u0142ek<br \/>\n26 Tygodnia zwyk\u0142ego, rok II,<\/b><\/div>\n<div align=\"justify\" style=\"line-height: 150%; margin-bottom: 0cm;\">\n<b>do<br \/>\nczyta\u0144:  Job 1,6\u201322;  \u0141k 9,46\u201350<\/b><\/div>\n<div align=\"justify\" style=\"line-height: 150%; margin-bottom: 0cm;\">\n<\/p>\n<\/div>\n<div align=\"justify\" style=\"font-style: normal; font-variant: normal; letter-spacing: normal; line-height: 150%; margin-bottom: 0cm;\">\n<b>CZYTANIE<br \/>\nZ KSI\u0118GI JOBA:<\/b><\/div>\n<div align=\"justify\" style=\"background: transparent; font-style: normal; font-variant: normal; letter-spacing: normal; line-height: 150%; margin-bottom: 0cm; page-break-before: auto; text-indent: 1.3cm;\">\n<b>Zdarzy\u0142o<br \/>\nsi\u0119 pewnego dnia, gdy synowie Bo\u017cy udawali si\u0119, by stan\u0105\u0107 przed<br \/>\nPanem, \u017ce i szatan te\u017c poszed\u0142 z nimi. I rzek\u0142 B\u00f3g do szatana:<br \/>\n\u201eSk\u0105d przychodzisz?\u201d. Szatan odrzek\u0142 Panu: \u201ePrzemierza\u0142em<br \/>\nziemi\u0119 i w\u0119drowa\u0142em po niej\u201d. M\u00f3wi Pan do szatana: \u201eA<br \/>\nzwr\u00f3ci\u0142e\u015b uwag\u0119 na s\u0142ug\u0119 mego, Joba? Bo nie ma na ca\u0142ej ziemi<br \/>\ndrugiego, kto by tak by\u0142 prawy, sprawiedliwy, bogobojny i unikaj\u0105cy<br \/>\ngrzechu jak on\u201d. Szatan na to do Pana: \u201eCzy Job za nic czci Boga?<br \/>\nCzy\u017c Ty nie okoli\u0142e\u015b zewsz\u0105d jego samego, jego domu i ca\u0142ej<br \/>\nmaj\u0119tno\u015bci? Pracy jego r\u0105k b\u0142ogos\u0142awi\u0142e\u015b, jego dobytek na<br \/>\nziemi si\u0119 mno\u017cy. Wyci\u0105gnij, prosz\u0119, r\u0119k\u0119 i dotknij jego<br \/>\nmaj\u0105tku. Na pewno Ci w twarz b\u0119dzie z\u0142orzeczy\u0142\u201d. Rzek\u0142 Pan do<br \/>\nszatana: \u201eOto ca\u0142y maj\u0105tek jego w twej mocy. Tylko na niego<br \/>\nsamego nie wyci\u0105gaj r\u0119ki\u201d. I odszed\u0142 szatan sprzed oblicza Pana.<\/b><\/div>\n<div align=\"justify\" style=\"background: transparent; font-style: normal; font-variant: normal; letter-spacing: normal; line-height: 150%; margin-bottom: 0cm; text-indent: 1.3cm;\">\n<b>Pewnego<br \/>\ndnia, gdy synowie i c\u00f3rki jedli i pili w domu najstarszego brata,<br \/>\nprzyszed\u0142 pos\u0142aniec do Joba i rzek\u0142: \u201eWo\u0142y ora\u0142y, a o\u015blice<br \/>\npas\u0142y si\u0119 tu\u017c obok. Wtem napadli Sabejczycy, porwali je, a s\u0142ugi<br \/>\nmieczem pozabijali, ja sam uszed\u0142em, by ci o tym donie\u015b\u0107\u201d. Gdy<br \/>\nten jeszcze m\u00f3wi\u0142, przyszed\u0142 inny i rzek\u0142: \u201eOgie\u0144 Bo\u017cy spad\u0142<br \/>\nz nieba, zap\u0142on\u0105\u0142 w\u015br\u00f3d owiec oraz s\u0142ug i poch\u0142on\u0105\u0142 ich. Ja<br \/>\nsam uszed\u0142em, by ci o tym donie\u015b\u0107\u201d. Gdy ten jeszcze m\u00f3wi\u0142,<br \/>\nprzyszed\u0142 inny i rzek\u0142: \u201eChaldejczycy zst\u0105pili z trzema<br \/>\noddzia\u0142ami, napadli na wielb\u0142\u0105dy, a s\u0142ugi ostrzem miecza zabili.<br \/>\nJa sam uszed\u0142em, by ci o tym donie\u015b\u0107\u201d. Gdy ten jeszcze m\u00f3wi\u0142,<br \/>\nprzyszed\u0142 inny i rzek\u0142: \u201eTwoi synowie i c\u00f3rki jedli i pili wino<br \/>\nw domu najstarszego brata. Wtem powia\u0142 gwa\u0142towny wicher z pustyni,<br \/>\nporuszy\u0142 czterema w\u0119g\u0142ami domu, zawali\u0142 go na dzieci, tak i\u017c<br \/>\npoumiera\u0142y. Ja sam uszed\u0142em, by ci o tym donie\u015b\u0107\u201d.<\/b><\/div>\n<div align=\"justify\" style=\"background: transparent; font-style: normal; font-variant: normal; letter-spacing: normal; line-height: 150%; margin-bottom: 0cm; text-indent: 1.3cm;\">\n<b>Job<br \/>\nwsta\u0142, rozdar\u0142 swe szaty, ogoli\u0142 g\u0142ow\u0119, upad\u0142 na ziemi\u0119, odda\u0142<br \/>\npok\u0142on i rzek\u0142: \u201eNagi wyszed\u0142em z \u0142ona matki i nagi tam wr\u00f3c\u0119.<br \/>\nPan da\u0142 i Pan zabra\u0142. Niech b\u0119dzie imi\u0119 Pana b\u0142ogos\u0142awione\u201d.<br \/>\nW tym wszystkim Job nie zgrzeszy\u0142 i nie przypisa\u0142 Bogu nieprawo\u015bci.<\/b><\/div>\n<div align=\"justify\" style=\"font-style: normal; font-variant: normal; letter-spacing: normal; line-height: 150%; margin-bottom: 0cm;\">\n<\/p>\n<\/div>\n<div align=\"justify\" style=\"font-style: normal; font-variant: normal; letter-spacing: normal; line-height: 150%; margin-bottom: 0cm;\">\n<b>S\u0141OWA<br \/>\nEWANGELII WED\u0141UG \u015aWI\u0118TEGO \u0141UKASZA:<\/b><\/div>\n<div align=\"justify\" style=\"background: transparent; font-style: normal; font-variant: normal; letter-spacing: normal; line-height: 150%; margin-bottom: 0cm; page-break-before: auto; text-indent: 1.3cm;\">\n<b>Uczniom<br \/>\nJezusa przysz\u0142a my\u015bl, kto z nich jest najwi\u0119kszy.<\/b><\/div>\n<div align=\"justify\" style=\"background: transparent; font-style: normal; font-variant: normal; letter-spacing: normal; line-height: 150%; margin-bottom: 0cm; text-indent: 1.3cm;\">\n<b>Lecz<br \/>\nJezus, znaj\u0105c my\u015bli ich serca, wzi\u0105\u0142 dziecko, postawi\u0142 je przy<br \/>\nsobie i rzek\u0142 do nich: \u201eKto przyjmie to dziecko w imi\u0119 moje, Mnie<br \/>\nprzyjmuje; a kto Mnie przyjmie, przyjmuje Tego, kt\u00f3ry Mnie pos\u0142a\u0142.<br \/>\nKto bowiem jest najmniejszy w\u015br\u00f3d was wszystkich, ten jest wielki\u201d.<\/b><\/div>\n<div align=\"justify\" style=\"background: transparent; font-style: normal; font-variant: normal; letter-spacing: normal; line-height: 150%; margin-bottom: 0cm; text-indent: 1.3cm;\">\n<b>Wtedy<br \/>\nprzem\u00f3wi\u0142 Jan: \u201eMistrzu, widzieli\u015bmy kogo\u015b, jak w imi\u0119 twoje<br \/>\nwyp\u0119dza\u0142 z\u0142e duchy, i zabraniali\u015bmy mu, bo nie chodzi z nami\u201d.<\/b><\/div>\n<div align=\"justify\" style=\"background: transparent; line-height: 150%; margin-bottom: 0cm; text-indent: 1.3cm;\">\n<b>Lecz<br \/>\nJezus mu odpowiedzia\u0142: \u201eNie zabraniajcie; kto bowiem nie jest<br \/>\nprzeciwko wam, ten jest z wami\u201d.<\/b><\/div>\n<div align=\"justify\" style=\"background: transparent; line-height: 150%; margin-bottom: 0cm; text-indent: 1.3cm;\">\n<\/div>\n<div align=\"justify\" style=\"background: transparent; line-height: 150%; margin-bottom: 0cm; text-indent: 1.3cm;\">\nDziwn\u0105,<br \/>\ndoprawdy, rozmow\u0119 przeprowadzi\u0142 dzi\u015b B\u00f3g z szatanem. Trzeba by<br \/>\nbowiem zapyta\u0107, czy <b style=\"font-family: &quot;Book Antiqua&quot;, serif; text-indent: 1.3cm;\">naprawd\u0119 nie wiedzia\u0142,<\/b> z kim ma do<br \/>\nczynienia \u2013 tak, \u017ce a\u017c musia\u0142 pyta\u0107: <i style=\"font-family: &quot;Book Antiqua&quot;, serif; text-indent: 1.3cm;\"><b>Sk\u0105d przychodzisz?<\/b><\/i><br \/>\nPrzecie\u017c B\u00f3g wszystko w ca\u0142ej pe\u0142ni wie, a wi\u0119c i tym razem<br \/>\nwiedzia\u0142, kto do Niego przyszed\u0142 \u2013 i po co?<\/div>\n<div align=\"justify\" style=\"background: transparent; line-height: 150%; margin-bottom: 0cm; text-indent: 1.3cm;\">\nA<br \/>\ntak w og\u00f3le, to <b style=\"font-family: &quot;Book Antiqua&quot;, serif; text-indent: 1.3cm;\">od kiedy B\u00f3g pertraktuje z szatanem?<\/b> Z<br \/>\ndzisiejszej rozmowy wynika, \u017ce to nawet B\u00f3g pierwszy wyszed\u0142 <b style=\"font-family: &quot;Book Antiqua&quot;, serif; text-indent: 1.3cm;\">z<br \/>\npropozycj\u0105 swoistej licytacji<\/b> w odniesieniu do Hioba i jego<br \/>\npostawy: na ile jest ona szczera, a na ile tylko udawana\u2026 Dobrze<br \/>\nprzecie\u017c wiemy, \u017ce B\u00f3g nie tylko w takie pertraktacje ze z\u0142ym<br \/>\nduchem nie wchodzi, ale w og\u00f3le <b style=\"font-family: &quot;Book Antiqua&quot;, serif; text-indent: 1.3cm;\">w \u017cadne <\/b><b style=\"font-family: &quot;Book Antiqua&quot;, serif; text-indent: 1.3cm;\">pertraktacje <\/b><b style=\"font-family: &quot;Book Antiqua&quot;, serif; text-indent: 1.3cm;\">nie<br \/>\nwchodzi! <\/b>A tu tymczasem \u2013 rozmowa jakby r\u00f3wnego z r\u00f3wnym.<\/div>\n<div align=\"justify\" style=\"background: transparent; line-height: 150%; margin-bottom: 0cm; text-indent: 1.3cm;\">\nPoza<br \/>\ntym, pozostaje do wyja\u015bnienia kwestia owych <b style=\"font-family: &quot;Book Antiqua&quot;, serif; text-indent: 1.3cm;\">\u201esyn\u00f3w Bo\u017cych\u201d:<\/b><br \/>\nkim\u017ce oni byli i na jakiej zasadzie zjawili si\u0119 przed Bogiem:<br \/>\nczy\u017cby na cotygodniowej audiencji? Dzisiaj wiemy, \u017ce sta\u0142o si\u0119 to<br \/>\n<i style=\"font-family: &quot;Book Antiqua&quot;, serif; text-indent: 1.3cm;\"><b>pewnego dnia,<\/b><\/i> co jest o tyle dziwne, \u017ce u Boga nie ma<br \/>\n\u017cadnych dni i w og\u00f3le \u2013 <b style=\"font-family: &quot;Book Antiqua&quot;, serif; text-indent: 1.3cm;\">nie ma czasu!<\/b><\/div>\n<div align=\"justify\" style=\"background: transparent; line-height: 150%; margin-bottom: 0cm; text-indent: 1.3cm;\">\nZatem,<br \/>\nwszystko to wydaje si\u0119 do\u015b\u0107 tajemnicze, ale te\u017c mamy \u015bwiadomo\u015b\u0107,<br \/>\n\u017ce mo\u017ce to by\u0107 po prostu pewn\u0105 <b style=\"font-family: &quot;Book Antiqua&quot;, serif; text-indent: 1.3cm;\">wizj\u0105 Autora natchnionego,<\/b><br \/>\nkt\u00f3ry tak sobie owo spotkanie po prostu wyobrazi\u0142 \u2013 i tak je<br \/>\nprzedstawi\u0142. Daleko wa\u017cniejsz\u0105 w tym wszystkim jest <b style=\"font-family: &quot;Book Antiqua&quot;, serif; text-indent: 1.3cm;\">postawa<\/b><br \/>\n<b style=\"font-family: &quot;Book Antiqua&quot;, serif; text-indent: 1.3cm;\">Hioba<\/b> \u2013 i to na ni\u0105 winni\u015bmy zwr\u00f3ci\u0107 baczniejsz\u0105 uwag\u0119.<br \/>\nZosta\u0142 on bowiem poddany ci\u0119\u017ckiej pr\u00f3bie.<\/div>\n<div align=\"justify\" style=\"background: transparent; line-height: 150%; margin-bottom: 0cm; text-indent: 1.3cm;\">\nI<br \/>\nmo\u017ce ca\u0142y ten opis owego tajemniczego spotkania Boga z szatanem<br \/>\nzosta\u0142 nam przedstawiony po to, aby nam <b style=\"font-family: &quot;Book Antiqua&quot;, serif; text-indent: 1.3cm;\">mocno i jasno uzmys\u0142owi\u0107<\/b><br \/>\nto, co zosta\u0142o zapisane w ostatnim zdaniu dzisiejszego pierwszego<br \/>\nczytania, kiedy ju\u017c us\u0142yszeli\u015bmy o wszystkich nieszcz\u0119\u015bciach,<br \/>\njakie spad\u0142y na Hioba, \u017ce <i style=\"font-family: &quot;Book Antiqua&quot;, serif; text-indent: 1.3cm;\"><b>w<\/b><\/i><b style=\"font-family: &quot;Book Antiqua&quot;, serif; text-indent: 1.3cm;\"> <\/b><i style=\"font-family: &quot;Book Antiqua&quot;, serif; text-indent: 1.3cm;\"><b>tym<br \/>\nwszystkim<\/b><\/i><b style=\"font-family: &quot;Book Antiqua&quot;, serif; text-indent: 1.3cm;\"> <\/b><b style=\"font-family: &quot;Book Antiqua&quot;, serif; text-indent: 1.3cm;\">[\u2026]<\/b><b style=\"font-family: &quot;Book Antiqua&quot;, serif; text-indent: 1.3cm;\"> <\/b><i style=\"font-family: &quot;Book Antiqua&quot;, serif; text-indent: 1.3cm;\"><b>nie zgrzeszy\u0142<\/b><\/i><b style=\"font-family: &quot;Book Antiqua&quot;, serif; text-indent: 1.3cm;\"><br \/>\n<\/b><b style=\"font-family: &quot;Book Antiqua&quot;, serif; text-indent: 1.3cm;\">[on] <\/b><i style=\"font-family: &quot;Book Antiqua&quot;, serif; text-indent: 1.3cm;\"><b>i nie przypisa\u0142 Bogu nieprawo\u015bci.<\/b><\/i><br \/>\nSkoro ju\u017c wiemy, \u017ce wszystko by\u0142o podst\u0119pn\u0105 intryg\u0105 z\u0142ego<br \/>\nducha, a jednocze\u015bnie do\u015bwiadczeniem, dopuszczonym przez Boga dla<br \/>\nswoistego sprawdzenia Hioba, to <b style=\"font-family: &quot;Book Antiqua&quot;, serif; text-indent: 1.3cm;\">z tym wi\u0119kszym podziwem mo\u017cemy<br \/>\npatrze\u0107<\/b> na samego Hioba, a jednocze\u015bnie g\u0142\u0119biej przemy\u015ble\u0107<br \/>\nspraw\u0119 cierpienia, rozumianego w\u00f3wczas jako bezpo\u015brednia kara za<br \/>\ngrzechy \u2013 i <b style=\"font-family: &quot;Book Antiqua&quot;, serif; text-indent: 1.3cm;\">cierpienia niewinnego,<\/b> kt\u00f3ry to problem w\u0142a\u015bnie<br \/>\npodejmuje Ksi\u0119ga Hioba.<\/div>\n<div align=\"justify\" style=\"background: transparent; line-height: 150%; margin-bottom: 0cm; text-indent: 1.3cm;\">\nWydaje<br \/>\nsi\u0119, \u017ce Autorowi biblijnemu jako\u015b szczeg\u00f3lnie zale\u017ca\u0142o na tym,<br \/>\naby nas <b style=\"font-family: &quot;Book Antiqua&quot;, serif; text-indent: 1.3cm;\">do niewinno\u015bci Hioba przekona\u0107.<\/b> Wynika to z tre\u015bci<br \/>\nca\u0142ej Ksi\u0119gi, ale ju\u017c dzisiaj, kiedy zaledwie us\u0142yszeli\u015bmy o<br \/>\npocz\u0105tku ca\u0142ej historii, Autor natchniony jakby <b style=\"font-family: &quot;Book Antiqua&quot;, serif; text-indent: 1.3cm;\">spieszy si\u0119 z<br \/>\ntym, \u017ceby nas poinformowa\u0107,<\/b> \u017ce Hiob naprawd\u0119 jest<br \/>\nsprawiedliwy, naprawd\u0119 nie zgrzeszy\u0142 przeciwko Bogu, naprawd\u0119<br \/>\nswego Boga nie zawi\u00f3d\u0142!<\/div>\n<div align=\"justify\" style=\"background: transparent; line-height: 150%; margin-bottom: 0cm; text-indent: 1.3cm;\">\nBo<br \/>\nrzeczywi\u015bcie \u2013 <b style=\"font-family: &quot;Book Antiqua&quot;, serif; text-indent: 1.3cm;\">nie zawi\u00f3d\u0142 Go.<\/b> Zreszt\u0105, z rozmowy z<br \/>\nszatanem wynika, \u017ce <b style=\"font-family: &quot;Book Antiqua&quot;, serif; text-indent: 1.3cm;\">B\u00f3g by\u0142 tego ca\u0142y czas pewien.<\/b> Dlatego<br \/>\nz tak\u0105 \u0142atwo\u015bci\u0105 pozwoli\u0142 szatanowi podda\u0107 go pr\u00f3bie.<br \/>\nPozwoli\u0142, bo wiedzia\u0142, \u017ce Hiob <b style=\"font-family: &quot;Book Antiqua&quot;, serif; text-indent: 1.3cm;\">wyjdzie z niej zwyci\u0119sko,<\/b><br \/>\nco \u2013 jak dowiadujemy si\u0119 z tre\u015bci ca\u0142ej Ksi\u0119gi \u2013 rzeczywi\u015bcie<br \/>\nsi\u0119 sta\u0142o.<\/div>\n<div align=\"justify\" style=\"background: transparent; line-height: 150%; margin-bottom: 0cm; text-indent: 1.3cm;\">\nA<br \/>\nczy pewnym postawy swoich Aposto\u0142\u00f3w m\u00f3g\u0142 by\u0107 Jezus Chrystus? Jak<br \/>\ns\u0142yszymy w dzisiejszej Ewangelii, ci\u0105gle musia\u0142 <b style=\"font-family: &quot;Book Antiqua&quot;, serif; text-indent: 1.3cm;\">korygowa\u0107 ich<br \/>\npostaw\u0119<\/b> i powstrzymywa\u0107 ich zap\u0119dy \u2013 a chocia\u017cby te,<br \/>\ndotycz\u0105ce poczucia w\u0142asnej wielko\u015bci i pierwsze\u0144stwa przed<br \/>\ninnymi. Jezus cierpliwie <b style=\"font-family: &quot;Book Antiqua&quot;, serif; text-indent: 1.3cm;\">uczy\u0142 ich w\u0142a\u015bciwej postawy,<\/b> a<br \/>\nwi\u0119c dzieci\u0119cej pokory i <b style=\"font-family: &quot;Book Antiqua&quot;, serif; text-indent: 1.3cm;\">pewnej wspania\u0142omy\u015blno\u015bci,<\/b> kt\u00f3ra<br \/>\npozwoli im dostrzec dobre intencje w postawie innych ludzi, by nie<br \/>\nodrzuca\u0107 od razu tych, kt\u00f3rzy \u201enie chodz\u0105 z nimi\u201d. Czy jednak<br \/>\nJezus m\u00f3g\u0142 na swoich Aposto\u0142ach <b style=\"font-family: &quot;Book Antiqua&quot;, serif; text-indent: 1.3cm;\">bezgranicznie polega\u0107?\u2026<\/b><\/div>\n<div align=\"justify\" style=\"background: transparent; line-height: 150%; margin-bottom: 0cm; text-indent: 1.3cm;\">\nMamy<br \/>\n\u015bwiadomo\u015b\u0107, \u017ce doskonale wiedzia\u0142 o ich s\u0142abo\u015bciach i o tym,<br \/>\n\u017ce w bardzo decyduj\u0105cym momencie M\u0119ki i \u015amierci <b style=\"font-family: &quot;Book Antiqua&quot;, serif; text-indent: 1.3cm;\">oni Go<br \/>\nopuszcz\u0105. <\/b>Ale te\u017c wiedzia\u0142, \u017ce kiedy\u015b, w przysz\u0142o\u015bci,<br \/>\nwszystko dla Niego po\u015bwi\u0119c\u0105, <b style=\"font-family: &quot;Book Antiqua&quot;, serif; text-indent: 1.3cm;\">tak\u017ce swoje \u017cycie. <\/b>Dlatego<br \/>\nnie rezygnowa\u0142 z nich, okazywa\u0142 im bezgraniczne zaufanie i mi\u0142o\u015b\u0107,<br \/>\nbardziej chyba staraj\u0105c si\u0119 o to, aby <b style=\"font-family: &quot;Book Antiqua&quot;, serif; text-indent: 1.3cm;\">w nich samych wzbudzi\u0107<br \/>\nzaufanie do siebie samych <\/b>\u2013 aby oni sami uwierzyli, \u017ce sta\u0107<br \/>\nich na to, by wytrwa\u0107 przy Panu, \u017ce przynajmniej b\u0119d\u0105 si\u0119 o to<br \/>\nbardzo starali, bo Pan im ufa, kocha ich i liczy na nich.<\/div>\n<div align=\"justify\" style=\"background: transparent; line-height: 150%; margin-bottom: 0cm; text-indent: 1.3cm;\">\nA<br \/>\nmy, moi Drodzy, czy jeste\u015bmy <b style=\"font-family: &quot;Book Antiqua&quot;, serif; text-indent: 1.3cm;\">wewn\u0119trznie przekonani, \u017ce Pan<br \/>\nmo\u017ce nam zaufa\u0107? <\/b>Na ile oceniamy \u2013 by to tak okre\u015bli\u0107 \u2013<br \/>\nswoj\u0105 <b style=\"font-family: &quot;Book Antiqua&quot;, serif; text-indent: 1.3cm;\">wiarygodno\u015b\u0107 w oczach Bo\u017cych?<\/b> Na ile staramy si\u0119<br \/>\nspe\u0142nia\u0107 nadzieje, jakie Pan w nas pok\u0142ada, a na ile Go \u2013<br \/>\nniestety \u2013 zawodzimy?\u2026&nbsp;Z<br \/>\ntakimi pytaniami w ci\u0105gu swego nied\u0142ugiego \u017cycia niejednokrotnie<br \/>\nstara\u0142a si\u0119 zmierzy\u0107 Patronka dnia dzisiejszego,<b>\u015a<\/b><b>wi\u0119ta<br \/>\nTeresa od Dzieci\u0105tka Jezus, zwana tak\u017ce Ma\u0142\u0105 Teresk\u0105 <\/b>\u2013<br \/>\ndla odr\u00f3\u017cnienia od \u015awi\u0119tej Teresy z Avila, zwanej Wielk\u0105, kt\u00f3rej<br \/>\nwspomnienie obchodzi\u0107 b\u0119dziemy 15 pa\u017adziernika.<\/div>\n<div align=\"justify\" style=\"background: transparent; line-height: 150%; margin-bottom: 0cm; text-indent: 1.3cm;\">\nUrodzi\u0142a<br \/>\nsi\u0119 w Alen\u00e7on,<br \/>\nw Normandii, <b>w<br \/>\nnocy z 2 na 3 stycznia 1873 roku, <\/b>jako<br \/>\ndziewi\u0105te dziecko Ludwika i Zofii. Kiedy mia\u0142a cztery lata, umar\u0142a<br \/>\njej matka. Wychowaniem dziewcz\u0105t zaj\u0105\u0142 si\u0119 ojciec.<\/div>\n<div align=\"justify\" style=\"background: transparent; font-style: normal; font-variant: normal; font-weight: normal; letter-spacing: normal; line-height: 150%; margin-bottom: 0cm; text-indent: 1.3cm;\">\nTeresa<br \/>\npo \u015bmierci matki <b>obra\u0142a sobie za Matk\u0119 \u2013 Naj\u015bwi\u0119tsz\u0105<br \/>\nMaryj\u0119 Pann\u0119. <\/b>W tym samym 1877 roku, ojciec przeni\u00f3s\u0142 si\u0119 z<br \/>\npi\u0119cioma swoimi c\u00f3rkami do Lisieux, gdzie Tereska przez pi\u0119\u0107 lat<br \/>\nprzebywa\u0142a w internacie, prowadzonym przez siostry benedyktynki. <b>25<br \/>\nmarca 1883 roku, dziesi\u0119cioletnia Teresa zapad\u0142a na ci\u0119\u017ck\u0105<br \/>\nchorob\u0119, <\/b>kt\u00f3ra trwa\u0142a do 13 maja. Jak sama wyzna\u0142a, <b>uzdrowi\u0142a<br \/>\nj\u0105 cudownie Matka Bo\u017ca. <\/b>W roku 1884 Tereska przyj\u0119\u0142a pierwsz\u0105<br \/>\nKomuni\u0119 \u015awi\u0119t\u0105. Odt\u0105d przy ka\u017cdej Komunii \u015awi\u0119tej powtarza\u0142a<br \/>\nz rado\u015bci\u0105: \u201eJu\u017c nie ja \u017cyj\u0119, ale \u017cyje we mnie Jezus\u201d. W<br \/>\ntym samym roku otrzyma\u0142a Sakrament Bierzmowania.<\/div>\n<div align=\"justify\" style=\"background: transparent; font-style: normal; font-variant: normal; font-weight: normal; letter-spacing: normal; line-height: 150%; margin-bottom: 0cm; text-indent: 1.3cm;\">\n<b>Przez<br \/>\nponad rok dr\u0119czy\u0142y j\u0105 powa\u017cne skrupu\u0142y. <\/b>Jak sama wyzna\u0142a,<br \/>\nuleczenie z tej duchowej choroby <b>zawdzi\u0119cza\u0142a swoim czterem<br \/>\nsiostrom, zmar\u0142ym w latach niemowl\u0119cych. <\/b>W pami\u0119tniku<br \/>\nzapisa\u0142a, \u017ce w czasie Pasterki w noc Bo\u017cego Narodzenia prze\u017cy\u0142a<br \/>\n<b>\u201e<\/b><b>ca\u0142kowite nawr\u00f3cenie\u201d. <\/b>Postanowi\u0142a zupe\u0142nie<br \/>\nzapomnie\u0107 o sobie, <b>a odda\u0107 si\u0119 Jezusowi i sprawie zbawienia<br \/>\ndusz. <\/b>Zacz\u0119\u0142a odczuwa\u0107 gorycz i wstr\u0119t do przyjemno\u015bci i<br \/>\npon\u0119t ziemskich. Ogarn\u0119\u0142a j\u0105 t\u0119sknota za modlitw\u0105, rozmow\u0105 z<br \/>\nBogiem. <b>Odt\u0105d zacz\u0119\u0142a si\u0119 jej wielka droga ku \u015bwi\u0119to\u015bci. <\/b>A<br \/>\ntrzeba wiedzie\u0107, \u017ce mia\u0142a w\u00f3wczas zaledwie trzyna\u015bcie lat.<\/div>\n<div align=\"justify\" style=\"background: transparent; font-style: normal; font-variant: normal; font-weight: normal; letter-spacing: normal; line-height: 150%; margin-bottom: 0cm; text-indent: 1.3cm;\">\nNied\u0142ugo<br \/>\npotem, gdy mia\u0142a lat czterna\u015bcie, <b>skazano na \u015bmier\u0107 pewnego<br \/>\ng\u0142o\u015bnego bandyt\u0119, <\/b>kt\u00f3ry by\u0142 postrachem ca\u0142ej okolicy. Nasza<br \/>\n\u015awi\u0119ta dowiedzia\u0142a si\u0119 z gazet, \u017ce zbrodniarz ani my\u015bli<br \/>\npojedna\u0107 si\u0119 z Panem Bogiem. <b>Postanowi\u0142a zdoby\u0107 jego dusz\u0119<br \/>\ndla Jezusa. Zacz\u0119\u0142a si\u0119 serdecznie modli\u0107 o jego nawr\u00f3cenie.<br \/>\n<\/b>Ofiarowa\u0142a te\u017c w jego intencji specjalne pokuty i umartwienia.<br \/>\nWo\u0142a\u0142a: \u201eJestem pewna, Bo\u017ce, \u017ce przebaczysz temu biednemu<br \/>\ncz\u0142owiekowi! Oto m\u00f3j pierwszy grzesznik. <b>Dla mojej pociechy<br \/>\nspraw, aby okaza\u0142 jaki\u015b znak skruchy.\u201d <\/b>\n<\/div>\n<div align=\"justify\" style=\"background: transparent; font-style: normal; font-variant: normal; font-weight: normal; letter-spacing: normal; line-height: 150%; margin-bottom: 0cm; text-indent: 1.3cm;\">\nNiestety,<br \/>\ngdy nadszed\u0142 czas egzekucji, bandyta dalej uparcie odrzuca\u0142<br \/>\nmo\u017cliwo\u015b\u0107 rozmowy z kap\u0142anem. Jednak kiedy mia\u0142 ju\u017c podstawi\u0107<br \/>\ng\u0142ow\u0119 pod gilotyn\u0119, wtedy \u2013 ku zdziwieniu wszystkich \u2013 <b>nagle<br \/>\nzwr\u00f3ci\u0142 si\u0119 do kap\u0142ana, poprosi\u0142 o krzy\u017c i zacz\u0105\u0142 go ca\u0142owa\u0107!<br \/>\n<\/b>Na wiadomo\u015b\u0107 o tym Teresa zawo\u0142a\u0142a szcz\u0119\u015bliwa: <b>\u201e<\/b><b>To<br \/>\nm\u00f3j pierwszy syn!\u201d<\/b><\/div>\n<div align=\"justify\" style=\"background: transparent; font-style: normal; font-variant: normal; font-weight: normal; letter-spacing: normal; line-height: 150%; margin-bottom: 0cm; text-indent: 1.3cm;\">\nKiedy<br \/>\nza\u015b mia\u0142a lat pi\u0119tna\u015bcie, <b>zapuka\u0142a do bramy zakonu<br \/>\nkarmelita\u0144skiego, prosz\u0105c o przyj\u0119cie. <\/b>Prze\u0142o\u017cona jednak,<br \/>\nwidz\u0105c w\u0105t\u0142\u0105 i bardzo m\u0142od\u0105 dziewczynk\u0119, <b>nie przyj\u0119\u0142a<br \/>\n<\/b><b>jej<\/b><b>, <\/b>obawiaj\u0105c si\u0119, \u017ce nie przetrzyma tak<br \/>\ntrudnych i surowych warunk\u00f3w \u017cycia. Teresa jednak <b>nie da\u0142a za<br \/>\nwygran\u0105 <\/b>i uda\u0142a si\u0119 o pomoc do miejscowego biskupa, ale ten<br \/>\nzas\u0142oni\u0142 si\u0119 prawem ko\u015bcielnym, kt\u00f3re nie zezwala\u0142o w tak<br \/>\nm\u0142odym wieku przyjmowa\u0107 do zakonu. <b>W tej sytuacji nasza \u015awi\u0119ta<br \/>\nnak\u0142oni\u0142a ojca, by pojecha\u0142 z ni\u0105 do Rzymu! <\/b>By\u0142o to w 1887<br \/>\nroku.<\/div>\n<div align=\"justify\" style=\"background: transparent; font-style: normal; font-variant: normal; font-weight: normal; letter-spacing: normal; line-height: 150%; margin-bottom: 0cm; text-indent: 1.3cm;\">\nPapie\u017c<br \/>\nLeon XIII obchodzi\u0142 w\u0142a\u015bnie z\u0142oty jubileusz swojego kap\u0142a\u0144stwa.<br \/>\nTeresa upad\u0142a przed nim na kolana i zawo\u0142a\u0142a: <b>\u201e<\/b><b>Ojcze<br \/>\n\u015awi\u0119ty, pozw\u00f3l, abym dla uczczenia Twego jubileuszu mog\u0142a wst\u0105pi\u0107<br \/>\ndo Karmelu w pi\u0119tnastym roku \u017cycia.\u201d <\/b>Papie\u017c nie chcia\u0142<br \/>\njednak uczyni\u0107 wyj\u0105tku. Teresa chcia\u0142a si\u0119 wyt\u0142umaczy\u0107, ale<br \/>\n<b>gwardia papieska usun\u0119\u0142a j\u0105 si\u0142\u0105, <\/b>by tak\u017ce inni mogli \u2013<br \/>\nzgodnie z \u00f3wczesnym zwyczajem \u2013 uca\u0142owa\u0107 nogi Papie\u017ca.<\/div>\n<div align=\"justify\" style=\"background: transparent; font-style: normal; font-variant: normal; font-weight: normal; letter-spacing: normal; line-height: 150%; margin-bottom: 0cm; text-indent: 1.3cm;\">\n<b>Marzenie<br \/>\nTereski spe\u0142ni\u0142o si\u0119 dopiero po roku. <\/b>Zosta\u0142a przyj\u0119ta<br \/>\nnajpierw w charakterze postulantki, potem nowicjuszki. Zaraz przy<br \/>\nwej\u015bciu do klasztoru uczyni\u0142a postanowienie: <b>\u201e<\/b><b>Chc\u0119 by\u0107<br \/>\n\u015bwi\u0119t\u0105!\u201d <\/b>Nied\u0142ugo potem odby\u0142y si\u0119 jej ob\u0142\u00f3czyny, przy<br \/>\nkt\u00f3rych otrzyma\u0142a zakonne imi\u0119: <b>Teresa od Dzieci\u0105tka Jezus i<br \/>\nod \u015awi\u0119tego Oblicza. <\/b>Jej drugim postanowieniem by\u0142o to, kt\u00f3re<br \/>\nwyrazi\u0142a w s\u0142owach: <b>\u201e<\/b><b>Przyby\u0142am tutaj, aby zbawia\u0107<br \/>\ndusze, a nade wszystko, by si\u0119 modli\u0107 za kap\u0142an\u00f3w.\u201d <\/b>W roku<br \/>\n1890 z\u0142o\u017cy\u0142a \u015bluby i uroczyst\u0105 profesj\u0119.<\/div>\n<div align=\"justify\" style=\"background: transparent; font-style: normal; font-variant: normal; font-weight: normal; letter-spacing: normal; line-height: 150%; margin-bottom: 0cm; text-indent: 1.3cm;\">\nPrze\u0142o\u017cona<br \/>\npozna\u0142a si\u0119 na niezwyk\u0142ej cnocie m\u0142odej siostry, skoro zaledwie <b>w<br \/>\ntrzy lata po z\u0142o\u017ceniu \u015blub\u00f3w wyznaczy\u0142a j\u0105 na mistrzyni\u0119<br \/>\nnowicjuszek. <\/b>Obowi\u0105zek ten Teresa spe\u0142nia\u0142a <b>do \u015bmierci, to<br \/>\njest przez cztery lata. <\/b>W zakonnym \u017cyciu zadziwia\u0142a jej<br \/>\ndojrza\u0142o\u015b\u0107 duchowa. Stara\u0142a si\u0119 doskonale spe\u0142nia\u0107 wszystkie,<br \/>\nnawet najmniejsze obowi\u0105zki. Nazwa\u0142a t\u0119 drog\u0119 do doskona\u0142o\u015bci:<br \/>\n<b>\u201e<\/b><b>ma\u0142\u0105 drog\u0105 dzieci\u0119ctwa Bo\u017cego\u201d. <\/b>Widz\u0105c, \u017ce<br \/>\nmi\u0142o\u015b\u0107 Boga jest zapomniana, odda\u0142a si\u0119 Bogu jako ofiara za<br \/>\nzbawienie \u015bwiata.<\/div>\n<div align=\"justify\" style=\"background: transparent; font-style: normal; font-variant: normal; font-weight: normal; letter-spacing: normal; line-height: 150%; margin-bottom: 0cm; text-indent: 1.3cm;\">\nSwoje<br \/>\nprze\u017cycia i cierpienia opisa\u0142a w ksi\u0105\u017cce: <b>\u201e<\/b><b>Dzieje<br \/>\nduszy\u201d. <\/b>A cierpie\u0144 tych nie brak\u0142o. Jednym z nich by\u0142o<br \/>\nchocia\u017cby to, \u017ce zakonnica, kt\u00f3r\u0105 Tereska si\u0119 opiekowa\u0142a ze<br \/>\nwzgl\u0119du na jej wiek i kalectwo, <b>nie umia\u0142a zdoby\u0107 si\u0119 na s\u0142owo<br \/>\npodzi\u0119ki, cz\u0119sto za to j\u0105 ruga\u0142a i mno\u017cy\u0142a swoje wymagania.<br \/>\n<\/b>Jednak nasza \u015awi\u0119ta <b>cieszy\u0142a si\u0119 z tych krzy\u017cy, bo<br \/>\nwidzia\u0142a w nich pi\u0119kny prezent, <\/b>jaki mo\u017ce z\u0142o\u017cy\u0107 Bogu.<\/div>\n<div align=\"justify\" style=\"background: transparent; font-style: normal; font-variant: normal; font-weight: normal; letter-spacing: normal; line-height: 150%; margin-bottom: 0cm; text-indent: 1.3cm;\">\nNa<br \/>\nrok przed \u015bmierci\u0105 zacz\u0119\u0142y pojawia\u0107 si\u0119 u Teresy <b>pierwsze<br \/>\nobjawy daleko ju\u017c posuni\u0119tej gru\u017alicy: <\/b>wysoka gor\u0105czka,<br \/>\nos\u0142abienie, zanik apetytu, a nawet krwotoki. Pierwszy krwotok<br \/>\nzaalarmowa\u0142 klasztor w nocy z Wielkiego Czwartku na Wielki Pi\u0105tek.<br \/>\n<b>Mimo to, siostra Teresa spe\u0142nia\u0142a nadal wszystkie zlecone jej<br \/>\nobowi\u0105zki: <\/b>mistrzyni, zakrystianki i opiekunki jednej ze<br \/>\nstarszych si\u00f3str.<\/div>\n<div align=\"justify\" style=\"background: transparent; font-style: normal; font-variant: normal; font-weight: normal; letter-spacing: normal; line-height: 150%; margin-bottom: 0cm; text-indent: 1.3cm;\">\nZima<br \/>\nw roku 1897 by\u0142a wyj\u0105tkowo surowa. Klasztor za\u015b nie by\u0142<br \/>\nogrzewany. <b>Teresa prze\u017cywa\u0142a prawdziwe tortury. N\u0119ka\u0142 j\u0105<br \/>\nuci\u0105\u017cliwy kaszel i duszno\u015b\u0107. \u00d3wczesna prze\u0142o\u017cona zlekcewa\u017cy\u0142a<br \/>\njej stan. <\/b>Nie wezwa\u0142a do niej nawet lekarza. Uczyniono to<br \/>\ndopiero wtedy, kiedy stan by\u0142 ju\u017c beznadziejny. <b>Jeszcze w\u00f3wczas<br \/>\nzastosowano wobec chorej drako\u0144skie \u015brodki, takie jak stawianie<br \/>\nbaniek. <\/b>Z poranionymi plecami i piersiami musia\u0142a i\u015b\u0107 do<br \/>\nnormalnych zaj\u0119\u0107 i pokut zakonnych, nawet do prania.<\/div>\n<div align=\"justify\" style=\"background: transparent; font-style: normal; font-variant: normal; font-weight: normal; letter-spacing: normal; line-height: 150%; margin-bottom: 0cm; text-indent: 1.3cm;\">\nWskutek<br \/>\ntego wszystkiego, w dniu 30 wrze\u015bnia 1897 roku umiera\u0142a w<br \/>\ncierpieniach, m\u00f3wi\u0105c: <b>\u201e<\/b><b>Chc\u0119, przebywaj\u0105c w <\/b><b>N<\/b><b>iebie,<br \/>\nczyni\u0107 dobro na ziemi. Po \u015bmierci spuszcz\u0119 na ni\u0105 deszcz r\u00f3\u017c.\u201d<br \/>\n<\/b>Papie\u017c Pius XI kanonizowa\u0142 j\u0105 w roku 1925. W 1999 roku, Papie\u017c<br \/>\nJan Pawe\u0142 II og\u0142osi\u0142 \u015awi\u0119t\u0105 Teres\u0119 \u2013 <b>Doktorem Ko\u015bcio\u0142a.<\/b><\/div>\n<div align=\"justify\" style=\"background: transparent; font-style: normal; font-variant: normal; font-weight: normal; letter-spacing: normal; line-height: 150%; margin-bottom: 0cm; text-indent: 1.3cm;\">\nA<br \/>\noto co na temat swojej drogi \u015bwi\u0119to\u015bci pisa\u0142a sama \u015awi\u0119ta<br \/>\nTeresa od Dzieci\u0105tka Jezus: \u201eKiedy wielkie moje pragnienia zacz\u0119\u0142y<br \/>\nsi\u0119 stawa\u0107 dla mnie m\u0119cze\u0144stwem, otwar\u0142am listy \u015awi\u0119tego<br \/>\nPaw\u0142a, aby znale\u017a\u0107 jak\u0105\u015b odpowied\u017a. Przypadkowo <b>wzrok m\u00f3j<br \/>\npad\u0142 na dwunasty i trzynasty rozdzia\u0142 Pierwszego Listu do<br \/>\nKoryntian. <\/b>Przeczyta\u0142am najpierw, \u017ce nie wszyscy mog\u0105 by\u0107<br \/>\naposto\u0142ami, nie wszyscy prorokami, nie wszyscy nauczycielami, oraz<br \/>\n\u017ce Ko\u015bci\u00f3\u0142 sk\u0142ada si\u0119 z r\u00f3\u017cnych cz\u0142onk\u00f3w i \u017ce oko nie mo\u017ce<br \/>\nby\u0107 r\u00f3wnocze\u015bnie r\u0119k\u0105. Odpowied\u017a by\u0142a wprawdzie jasna, <b>nie<br \/>\ntaka jednak, aby ukoi\u0107 moje t\u0119sknoty i wla\u0107 we mnie pok\u00f3j.<\/b><\/div>\n<div align=\"justify\" style=\"background: transparent; font-style: normal; font-variant: normal; font-weight: normal; letter-spacing: normal; line-height: 150%; margin-bottom: 0cm; text-indent: 1.3cm;\">\nNie<br \/>\nzniech\u0119caj\u0105c si\u0119 czyta\u0142am dalej i natrafi\u0142am na zdanie, kt\u00f3re<br \/>\npodnios\u0142o mnie na duchu: <i><b>Starajcie si\u0119 o wi\u0119ksze dary. Ja<br \/>\nza\u015b wska\u017c\u0119 wam drog\u0119 jeszcze doskonalsz\u0105<\/b><\/i>. Aposto\u0142<br \/>\nwyja\u015bnia, \u017ce najwi\u0119ksze nawet dary niczym s\u0105 bez mi\u0142o\u015bci i \u017ce<br \/>\n<b>mi\u0142o\u015b\u0107 jest najlepsz\u0105 drog\u0105 bezpiecznie prowadz\u0105c\u0105 do Boga.<br \/>\n<\/b>Wtedy wreszcie znalaz\u0142am pok\u00f3j.<\/div>\n<div align=\"justify\" style=\"background: transparent; font-style: normal; font-variant: normal; font-weight: normal; letter-spacing: normal; line-height: 150%; margin-bottom: 0cm; text-indent: 1.3cm;\">\nGdy<br \/>\nzastanawia\u0142am si\u0119 nad mistycznym cia\u0142em Ko\u015bcio\u0142a, nie<br \/>\nodnajdywa\u0142am siebie w \u017cadnym spo\u015br\u00f3d opisanych przez Paw\u0142a<br \/>\ncz\u0142onk\u00f3w, albo raczej pragn\u0119\u0142am si\u0119 odnale\u017a\u0107 we wszystkich. I<br \/>\noto <b>mi\u0142o\u015b\u0107 ukaza\u0142a mi si\u0119 jako istota mego powo\u0142ania.<br \/>\n<\/b>Zrozumia\u0142am, \u017ce je\u015bli Ko\u015bci\u00f3\u0142 jest cia\u0142em z\u0142o\u017conym z<br \/>\nwielu cz\u0142onk\u00f3w, to nie brak w nim cz\u0142onka najbardziej szlachetnego<br \/>\ni koniecznego.\n<\/div>\n<div align=\"justify\" style=\"background: transparent; font-style: normal; font-variant: normal; font-weight: normal; letter-spacing: normal; line-height: 150%; margin-bottom: 0cm; text-indent: 1.3cm;\">\n<b>Zrozumia\u0142am,<br \/>\n\u017ce Ko\u015bci\u00f3\u0142 ma serce i \u017ce to serce pa\u0142a gor\u0105c\u0105 mi\u0142o\u015bci\u0105!<br \/>\n<\/b>Zrozumia\u0142am, \u017ce jedynie mi\u0142o\u015b\u0107 porusza cz\u0142onki Ko\u015bcio\u0142a i<br \/>\n\u017ce gdyby ona wygas\u0142a, Aposto\u0142owie nie g\u0142osiliby ju\u017c Ewangelii,<br \/>\nM\u0119czennicy nie przelewaliby ju\u017c krwi. Zobaczy\u0142am i zrozumia\u0142am,<br \/>\n\u017ce <b>mi\u0142o\u015b\u0107 zawiera w sobie wszystkie powo\u0142ania, <\/b>\u017ce mi\u0142o\u015b\u0107<br \/>\njest wszystkim, obejmuje wszystkie czasy i miejsca; s\u0142owem \u2013<br \/>\n<b>mi\u0142o\u015b\u0107 jest wieczna.<\/b><\/div>\n<div align=\"justify\" style=\"background: transparent; font-style: normal; font-variant: normal; font-weight: normal; letter-spacing: normal; line-height: 150%; margin-bottom: 0cm; text-indent: 1.3cm;\">\nWtedy<br \/>\nto w uniesieniu duszy zawo\u0142a\u0142am z najwi\u0119ksz\u0105 rado\u015bci\u0105: <b>O<br \/>\nJezu, moja Mi\u0142o\u015bci, nareszcie znalaz\u0142am moje powo\u0142anie! Moim<br \/>\npowo\u0142aniem jest mi\u0142o\u015b\u0107! <\/b>O tak, znalaz\u0142am ju\u017c swe w\u0142asne<br \/>\nmiejsce w Ko\u015bciele \u2013 miejsce to wyznaczy\u0142e\u015b mi Ty, Bo\u017ce m\u00f3j. <b>W<br \/>\nsercu Ko\u015bcio\u0142a, mojej Matki, ja b\u0119d\u0119 mi\u0142o\u015bci\u0105. <\/b>W ten<br \/>\nspos\u00f3b b\u0119d\u0119 wszystkim i urzeczywistni si\u0119 moje pragnienie.\u201d<br \/>\nTyle \u015awi\u0119ta Tereska.<\/div>\n<div align=\"justify\" style=\"background: transparent; font-style: normal; font-variant: normal; font-weight: normal; letter-spacing: normal; line-height: 150%; margin-bottom: 0cm; text-indent: 1.3cm;\">\nWpatruj\u0105c<br \/>\nsi\u0119 w jej heroiczn\u0105 postaw\u0119 i wzywaj\u0105c jej wstawiennictwa, a<br \/>\njednocze\u015bnie ws\u0142uchuj\u0105c si\u0119 w Bo\u017ce s\u0142owo dzisiejszej liturgii,<br \/>\nraz jeszcze zastan\u00f3wmy si\u0119,<b style=\"font-family: &quot;Book Antiqua&quot;, serif; text-indent: 1.3cm;\"> na ile jeste\u015bmy wiarygodni<\/b> w<br \/>\noczach Bo\u017cych, ale te\u017c \u2013 w oczach innych ludzi, i wreszcie: we<br \/>\nw\u0142asnych oczach?\u2026<\/div>\n","protected":false},"excerpt":{"rendered":"<p>Szcz\u0119\u015b\u0107 Bo\u017ce! Moi Drodzy, w dniu dzisiejszym imieniny prze\u017cywa Siostry Teresa Skorupska, kt\u00f3ra w swoim czasie pos\u0142ugiwa\u0142a w Miastkowie, b\u0119d\u0105c Prze\u0142o\u017con\u0105 Domu, oraz Siostra Teresa Kurek, obecnie tam pos\u0142uguj\u0105ca. Imieniny prze\u017cywa tak\u017ce Pani Teresa Jaroszuk, kt\u00f3ra od lat z rado\u015bci\u0105 i dobrym sercem wita Pielgrzym\u00f3w, przybywaj\u0105cych do Sanktuarium w Kodniu. Pani Teresa pos\u0142uguje w recepcji, [&hellip;]<\/p>\n","protected":false},"author":1,"featured_media":0,"comment_status":"open","ping_status":"open","sticky":false,"template":"","format":"standard","meta":{"jetpack_post_was_ever_published":false,"_jetpack_newsletter_access":"","_jetpack_dont_email_post_to_subs":false,"_jetpack_newsletter_tier_id":0,"_jetpack_memberships_contains_paywalled_content":false,"_jetpack_memberships_contains_paid_content":false,"footnotes":""},"categories":[1],"tags":[],"class_list":["post-7155","post","type-post","status-publish","format-standard","hentry","category-bez-kategorii"],"yoast_head":"<!-- This site is optimized with the Yoast SEO plugin v25.1 - https:\/\/yoast.com\/wordpress\/plugins\/seo\/ -->\n<title>Wiarygodni w oczach Bo\u017cych... - Gaudium Et Spes<\/title>\n<meta name=\"robots\" content=\"index, follow, max-snippet:-1, max-image-preview:large, max-video-preview:-1\" \/>\n<link rel=\"canonical\" href=\"https:\/\/gaudiumetspes-blog.pl\/index.php\/2018\/10\/01\/wiarygodni-w-oczach-bozyc\/\" \/>\n<meta property=\"og:locale\" content=\"pl_PL\" \/>\n<meta property=\"og:type\" content=\"article\" \/>\n<meta property=\"og:title\" content=\"Wiarygodni w oczach Bo\u017cych... - Gaudium Et Spes\" \/>\n<meta property=\"og:description\" content=\"Szcz\u0119\u015b\u0107 Bo\u017ce! Moi Drodzy, w dniu dzisiejszym imieniny prze\u017cywa Siostry Teresa Skorupska, kt\u00f3ra w swoim czasie pos\u0142ugiwa\u0142a w Miastkowie, b\u0119d\u0105c Prze\u0142o\u017con\u0105 Domu, oraz Siostra Teresa Kurek, obecnie tam pos\u0142uguj\u0105ca. Imieniny prze\u017cywa tak\u017ce Pani Teresa Jaroszuk, kt\u00f3ra od lat z rado\u015bci\u0105 i dobrym sercem wita Pielgrzym\u00f3w, przybywaj\u0105cych do Sanktuarium w Kodniu. Pani Teresa pos\u0142uguje w recepcji, [&hellip;]\" \/>\n<meta property=\"og:url\" content=\"https:\/\/gaudiumetspes-blog.pl\/index.php\/2018\/10\/01\/wiarygodni-w-oczach-bozyc\/\" \/>\n<meta property=\"og:site_name\" content=\"Gaudium Et Spes\" \/>\n<meta property=\"article:published_time\" content=\"2018-10-01T04:15:00+00:00\" \/>\n<meta property=\"article:modified_time\" content=\"2019-07-31T10:57:46+00:00\" \/>\n<meta name=\"author\" content=\"Ks. Jacek\" \/>\n<meta name=\"twitter:card\" content=\"summary_large_image\" \/>\n<meta name=\"twitter:label1\" content=\"Napisane przez\" \/>\n\t<meta name=\"twitter:data1\" content=\"Ks. Jacek\" \/>\n\t<meta name=\"twitter:label2\" content=\"Szacowany czas czytania\" \/>\n\t<meta name=\"twitter:data2\" content=\"15 minut\" \/>\n<script type=\"application\/ld+json\" class=\"yoast-schema-graph\">{\"@context\":\"https:\/\/schema.org\",\"@graph\":[{\"@type\":\"WebPage\",\"@id\":\"https:\/\/gaudiumetspes-blog.pl\/index.php\/2018\/10\/01\/wiarygodni-w-oczach-bozyc\/\",\"url\":\"https:\/\/gaudiumetspes-blog.pl\/index.php\/2018\/10\/01\/wiarygodni-w-oczach-bozyc\/\",\"name\":\"Wiarygodni w oczach Bo\u017cych... - Gaudium Et Spes\",\"isPartOf\":{\"@id\":\"https:\/\/gaudiumetspes-blog.pl\/#website\"},\"datePublished\":\"2018-10-01T04:15:00+00:00\",\"dateModified\":\"2019-07-31T10:57:46+00:00\",\"author\":{\"@id\":\"https:\/\/gaudiumetspes-blog.pl\/#\/schema\/person\/1661982992b752dea8dff0d4ed845a65\"},\"breadcrumb\":{\"@id\":\"https:\/\/gaudiumetspes-blog.pl\/index.php\/2018\/10\/01\/wiarygodni-w-oczach-bozyc\/#breadcrumb\"},\"inLanguage\":\"pl-PL\",\"potentialAction\":[{\"@type\":\"ReadAction\",\"target\":[\"https:\/\/gaudiumetspes-blog.pl\/index.php\/2018\/10\/01\/wiarygodni-w-oczach-bozyc\/\"]}]},{\"@type\":\"BreadcrumbList\",\"@id\":\"https:\/\/gaudiumetspes-blog.pl\/index.php\/2018\/10\/01\/wiarygodni-w-oczach-bozyc\/#breadcrumb\",\"itemListElement\":[{\"@type\":\"ListItem\",\"position\":1,\"name\":\"Strona g\u0142\u00f3wna\",\"item\":\"https:\/\/gaudiumetspes-blog.pl\/\"},{\"@type\":\"ListItem\",\"position\":2,\"name\":\"Wiarygodni w&nbsp;oczach Bo\u017cych&#8230;\"}]},{\"@type\":\"WebSite\",\"@id\":\"https:\/\/gaudiumetspes-blog.pl\/#website\",\"url\":\"https:\/\/gaudiumetspes-blog.pl\/\",\"name\":\"Gaudium Et Spes\",\"description\":\"Blog Ks. Jacka Ja\u015bkowskiego\",\"potentialAction\":[{\"@type\":\"SearchAction\",\"target\":{\"@type\":\"EntryPoint\",\"urlTemplate\":\"https:\/\/gaudiumetspes-blog.pl\/?s={search_term_string}\"},\"query-input\":{\"@type\":\"PropertyValueSpecification\",\"valueRequired\":true,\"valueName\":\"search_term_string\"}}],\"inLanguage\":\"pl-PL\"},{\"@type\":\"Person\",\"@id\":\"https:\/\/gaudiumetspes-blog.pl\/#\/schema\/person\/1661982992b752dea8dff0d4ed845a65\",\"name\":\"Ks. Jacek\",\"image\":{\"@type\":\"ImageObject\",\"inLanguage\":\"pl-PL\",\"@id\":\"https:\/\/gaudiumetspes-blog.pl\/#\/schema\/person\/image\/\",\"url\":\"https:\/\/gaudiumetspes-blog.pl\/wp-content\/uploads\/2019\/07\/avatar-JJ-150x150.jpg\",\"contentUrl\":\"https:\/\/gaudiumetspes-blog.pl\/wp-content\/uploads\/2019\/07\/avatar-JJ-150x150.jpg\",\"caption\":\"Ks. Jacek\"},\"description\":\"Witam serdecznie! K\u0142ania si\u0119 Ks. Jacek Ja\u015bkowski. Nie jestem ani kim\u015b wa\u017cnym, ani kim\u015b znanym. Jestem ksi\u0119dzem, kt\u00f3ry po prostu chce rozmawia\u0107. Codzienna kap\u0142a\u0144ska pos\u0142uga pokazuje mi, \u017ce temat\u00f3w do rozm\u00f3w z ksi\u0119dzem jest coraz wi\u0119cej i dzisiaj \u017caden ksi\u0105dz nie mo\u017ce od nich ucieka\u0107, ale - wprost przeciwnie - podejmowa\u0107 nowe wyzwania. To przekonanie sk\u0142oni\u0142o mnie do pr\u00f3by otwarcia tego\u017c bloga, chocia\u017c okazji do rozm\u00f3w na co dzie\u0144 - w konfesjonale i poza nim - na szcz\u0119\u015bcie nie brakuje. My\u015bl\u0119 jednak, \u017ce ten blog b\u0119dzie jeszcze jednym sposobem i przestrzeni\u0105 nawi\u0105zania kontaktu z lud\u017ami dobrej woli, otwartymi na dialog.\",\"url\":\"https:\/\/gaudiumetspes-blog.pl\/index.php\/author\/ks-jacek\/\"}]}<\/script>\n<!-- \/ Yoast SEO plugin. -->","yoast_head_json":{"title":"Wiarygodni w oczach Bo\u017cych... - Gaudium Et Spes","robots":{"index":"index","follow":"follow","max-snippet":"max-snippet:-1","max-image-preview":"max-image-preview:large","max-video-preview":"max-video-preview:-1"},"canonical":"https:\/\/gaudiumetspes-blog.pl\/index.php\/2018\/10\/01\/wiarygodni-w-oczach-bozyc\/","og_locale":"pl_PL","og_type":"article","og_title":"Wiarygodni w oczach Bo\u017cych... - Gaudium Et Spes","og_description":"Szcz\u0119\u015b\u0107 Bo\u017ce! Moi Drodzy, w dniu dzisiejszym imieniny prze\u017cywa Siostry Teresa Skorupska, kt\u00f3ra w swoim czasie pos\u0142ugiwa\u0142a w Miastkowie, b\u0119d\u0105c Prze\u0142o\u017con\u0105 Domu, oraz Siostra Teresa Kurek, obecnie tam pos\u0142uguj\u0105ca. Imieniny prze\u017cywa tak\u017ce Pani Teresa Jaroszuk, kt\u00f3ra od lat z rado\u015bci\u0105 i dobrym sercem wita Pielgrzym\u00f3w, przybywaj\u0105cych do Sanktuarium w Kodniu. Pani Teresa pos\u0142uguje w recepcji, [&hellip;]","og_url":"https:\/\/gaudiumetspes-blog.pl\/index.php\/2018\/10\/01\/wiarygodni-w-oczach-bozyc\/","og_site_name":"Gaudium Et Spes","article_published_time":"2018-10-01T04:15:00+00:00","article_modified_time":"2019-07-31T10:57:46+00:00","author":"Ks. Jacek","twitter_card":"summary_large_image","twitter_misc":{"Napisane przez":"Ks. Jacek","Szacowany czas czytania":"15 minut"},"schema":{"@context":"https:\/\/schema.org","@graph":[{"@type":"WebPage","@id":"https:\/\/gaudiumetspes-blog.pl\/index.php\/2018\/10\/01\/wiarygodni-w-oczach-bozyc\/","url":"https:\/\/gaudiumetspes-blog.pl\/index.php\/2018\/10\/01\/wiarygodni-w-oczach-bozyc\/","name":"Wiarygodni w oczach Bo\u017cych... - Gaudium Et Spes","isPartOf":{"@id":"https:\/\/gaudiumetspes-blog.pl\/#website"},"datePublished":"2018-10-01T04:15:00+00:00","dateModified":"2019-07-31T10:57:46+00:00","author":{"@id":"https:\/\/gaudiumetspes-blog.pl\/#\/schema\/person\/1661982992b752dea8dff0d4ed845a65"},"breadcrumb":{"@id":"https:\/\/gaudiumetspes-blog.pl\/index.php\/2018\/10\/01\/wiarygodni-w-oczach-bozyc\/#breadcrumb"},"inLanguage":"pl-PL","potentialAction":[{"@type":"ReadAction","target":["https:\/\/gaudiumetspes-blog.pl\/index.php\/2018\/10\/01\/wiarygodni-w-oczach-bozyc\/"]}]},{"@type":"BreadcrumbList","@id":"https:\/\/gaudiumetspes-blog.pl\/index.php\/2018\/10\/01\/wiarygodni-w-oczach-bozyc\/#breadcrumb","itemListElement":[{"@type":"ListItem","position":1,"name":"Strona g\u0142\u00f3wna","item":"https:\/\/gaudiumetspes-blog.pl\/"},{"@type":"ListItem","position":2,"name":"Wiarygodni w&nbsp;oczach Bo\u017cych&#8230;"}]},{"@type":"WebSite","@id":"https:\/\/gaudiumetspes-blog.pl\/#website","url":"https:\/\/gaudiumetspes-blog.pl\/","name":"Gaudium Et Spes","description":"Blog Ks. Jacka Ja\u015bkowskiego","potentialAction":[{"@type":"SearchAction","target":{"@type":"EntryPoint","urlTemplate":"https:\/\/gaudiumetspes-blog.pl\/?s={search_term_string}"},"query-input":{"@type":"PropertyValueSpecification","valueRequired":true,"valueName":"search_term_string"}}],"inLanguage":"pl-PL"},{"@type":"Person","@id":"https:\/\/gaudiumetspes-blog.pl\/#\/schema\/person\/1661982992b752dea8dff0d4ed845a65","name":"Ks. Jacek","image":{"@type":"ImageObject","inLanguage":"pl-PL","@id":"https:\/\/gaudiumetspes-blog.pl\/#\/schema\/person\/image\/","url":"https:\/\/gaudiumetspes-blog.pl\/wp-content\/uploads\/2019\/07\/avatar-JJ-150x150.jpg","contentUrl":"https:\/\/gaudiumetspes-blog.pl\/wp-content\/uploads\/2019\/07\/avatar-JJ-150x150.jpg","caption":"Ks. Jacek"},"description":"Witam serdecznie! K\u0142ania si\u0119 Ks. Jacek Ja\u015bkowski. Nie jestem ani kim\u015b wa\u017cnym, ani kim\u015b znanym. Jestem ksi\u0119dzem, kt\u00f3ry po prostu chce rozmawia\u0107. Codzienna kap\u0142a\u0144ska pos\u0142uga pokazuje mi, \u017ce temat\u00f3w do rozm\u00f3w z ksi\u0119dzem jest coraz wi\u0119cej i dzisiaj \u017caden ksi\u0105dz nie mo\u017ce od nich ucieka\u0107, ale - wprost przeciwnie - podejmowa\u0107 nowe wyzwania. To przekonanie sk\u0142oni\u0142o mnie do pr\u00f3by otwarcia tego\u017c bloga, chocia\u017c okazji do rozm\u00f3w na co dzie\u0144 - w konfesjonale i poza nim - na szcz\u0119\u015bcie nie brakuje. My\u015bl\u0119 jednak, \u017ce ten blog b\u0119dzie jeszcze jednym sposobem i przestrzeni\u0105 nawi\u0105zania kontaktu z lud\u017ami dobrej woli, otwartymi na dialog.","url":"https:\/\/gaudiumetspes-blog.pl\/index.php\/author\/ks-jacek\/"}]}},"jetpack_featured_media_url":"","jetpack_sharing_enabled":true,"_links":{"self":[{"href":"https:\/\/gaudiumetspes-blog.pl\/index.php\/wp-json\/wp\/v2\/posts\/7155","targetHints":{"allow":["GET"]}}],"collection":[{"href":"https:\/\/gaudiumetspes-blog.pl\/index.php\/wp-json\/wp\/v2\/posts"}],"about":[{"href":"https:\/\/gaudiumetspes-blog.pl\/index.php\/wp-json\/wp\/v2\/types\/post"}],"author":[{"embeddable":true,"href":"https:\/\/gaudiumetspes-blog.pl\/index.php\/wp-json\/wp\/v2\/users\/1"}],"replies":[{"embeddable":true,"href":"https:\/\/gaudiumetspes-blog.pl\/index.php\/wp-json\/wp\/v2\/comments?post=7155"}],"version-history":[{"count":1,"href":"https:\/\/gaudiumetspes-blog.pl\/index.php\/wp-json\/wp\/v2\/posts\/7155\/revisions"}],"predecessor-version":[{"id":14363,"href":"https:\/\/gaudiumetspes-blog.pl\/index.php\/wp-json\/wp\/v2\/posts\/7155\/revisions\/14363"}],"wp:attachment":[{"href":"https:\/\/gaudiumetspes-blog.pl\/index.php\/wp-json\/wp\/v2\/media?parent=7155"}],"wp:term":[{"taxonomy":"category","embeddable":true,"href":"https:\/\/gaudiumetspes-blog.pl\/index.php\/wp-json\/wp\/v2\/categories?post=7155"},{"taxonomy":"post_tag","embeddable":true,"href":"https:\/\/gaudiumetspes-blog.pl\/index.php\/wp-json\/wp\/v2\/tags?post=7155"}],"curies":[{"name":"wp","href":"https:\/\/api.w.org\/{rel}","templated":true}]}}