{"id":7161,"date":"2018-09-25T03:22:00","date_gmt":"2018-09-25T01:22:00","guid":{"rendered":"https:\/\/gaudiumetspes-blog.pl\/index.php\/2018\/09\/25\/przede-wszystkim-serce\/"},"modified":"2019-07-31T12:57:46","modified_gmt":"2019-07-31T10:57:46","slug":"przede-wszystkim-serce","status":"publish","type":"post","link":"https:\/\/gaudiumetspes-blog.pl\/index.php\/2018\/09\/25\/przede-wszystkim-serce\/","title":{"rendered":"Przede wszystkim &#8211; serce!"},"content":{"rendered":"<p><\/p>\n<div align=\"justify\" style=\"font-weight: normal; line-height: 150%; margin-bottom: 0cm;\">\nSzcz\u0119\u015b\u0107<br \/>\nBo\u017ce! Witam Wszystkich bardzo serdecznie i \u017cycz\u0119 b\u0142ogos\u0142awionego<br \/>\ndnia! U mnie dzisiaj \u2013 ci\u0105g dalszy rozm\u00f3w z Kandydatami do<br \/>\nBierzmowania i Ich Rodzicami. Ju\u017c widz\u0119, \u017ce jest to bardzo dobre i<br \/>\nubogacaj\u0105ce do\u015bwiadczenie.<\/div>\n<div align=\"center\" style=\"font-weight: normal; line-height: 150%; margin-bottom: 0cm;\">\nGaudium<br \/>\net spes!  Ks. Jacek<\/div>\n<div align=\"justify\" style=\"line-height: 150%; margin-bottom: 0cm;\">\n<\/p>\n<\/div>\n<div align=\"justify\" style=\"line-height: 150%; margin-bottom: 0cm;\">\n<b>Wtorek<br \/>\n25 Tygodnia zwyk\u0142ego, rok II,<\/b><\/div>\n<div align=\"justify\" style=\"line-height: 150%; margin-bottom: 0cm;\">\n<b>do<br \/>\nczyta\u0144:  Prz 21,1\u20136.10\u201313;  \u0141k 8,19\u201321<\/b><\/div>\n<div align=\"justify\" style=\"line-height: 150%; margin-bottom: 0cm;\">\n<\/p>\n<\/div>\n<div align=\"justify\" style=\"font-style: normal; font-variant: normal; letter-spacing: normal; line-height: 150%; margin-bottom: 0cm;\">\n<b>CZYTANIE<br \/>\nZ KSI\u0118GI PRZYS\u0141\u00d3W:<\/b><\/div>\n<div align=\"justify\" style=\"background: transparent; font-style: normal; font-variant: normal; letter-spacing: normal; line-height: 150%; margin-bottom: 0cm; page-break-before: auto; text-indent: 1.3cm;\">\n<b>Serce<br \/>\nkr\u00f3la w r\u0119ku Pana jak p\u0142yn\u0105ca woda; On zwraca je, dok\u0105d sam<br \/>\nchce. Ka\u017cdego droga zdaje mu si\u0119 prawa, lecz Pan os\u0105dza serca.<\/b><\/div>\n<div align=\"justify\" style=\"background: transparent; font-style: normal; font-variant: normal; letter-spacing: normal; line-height: 150%; margin-bottom: 0cm; text-indent: 1.3cm;\">\n<b>Post\u0119powanie<br \/>\nuczciwe i prawe milsze dla Pana ni\u017c krwawa ofiara.<\/b><\/div>\n<div align=\"justify\" style=\"background: transparent; font-style: normal; font-variant: normal; letter-spacing: normal; line-height: 150%; margin-bottom: 0cm; text-indent: 1.3cm;\">\n<b>Dumne<br \/>\noczy i serce nad\u0119te, ta pochodnia wyst\u0119pnych jest grzechem.<\/b><\/div>\n<div align=\"justify\" style=\"background: transparent; font-style: normal; font-variant: normal; letter-spacing: normal; line-height: 150%; margin-bottom: 0cm; text-indent: 1.3cm;\">\n<b>Zamiary<br \/>\npracowitego przynosz\u0105 zysk, a wszystkich spiesz\u0105cych si\u0119 bied\u0119.<\/b><\/div>\n<div align=\"justify\" style=\"background: transparent; font-style: normal; font-variant: normal; letter-spacing: normal; line-height: 150%; margin-bottom: 0cm; text-indent: 1.3cm;\">\n<b>Gromadzenie<br \/>\nskarb\u00f3w j\u0119zykiem k\u0142amliwym to wiatr \u015bcigany, szukanie \u015bmierci.<\/b><\/div>\n<div align=\"justify\" style=\"background: transparent; font-style: normal; font-variant: normal; letter-spacing: normal; line-height: 150%; margin-bottom: 0cm; text-indent: 1.3cm;\">\n<b>Dusza<br \/>\ngrzesznika po\u017c\u0105da z\u0142a, w jego oczach bli\u017ani nie znajduje \u0142aski.<br \/>\nGdy karz\u0105 na\u015bmiewc\u0119, m\u0105drzeje prostaczek, gdy ucz\u0105 m\u0105drego, on<br \/>\nwiedz\u0119 zdobywa.<\/b><\/div>\n<div align=\"justify\" style=\"background: transparent; font-style: normal; font-variant: normal; letter-spacing: normal; line-height: 150%; margin-bottom: 0cm; text-indent: 1.3cm;\">\n<b>Sprawiedliwy<br \/>\nB\u00f3g my\u015bli o domu zbrodniarza, w nieszcz\u0119\u015bcie wtr\u0105ca nieprawych.<br \/>\nKto uszy zatyka na krzyk ubogiego, sam b\u0119dzie wo\u0142a\u0142 bez skutku.<\/b><\/div>\n<div align=\"justify\" style=\"font-style: normal; font-variant: normal; letter-spacing: normal; line-height: 150%; margin-bottom: 0cm;\">\n<\/p>\n<\/div>\n<div align=\"justify\" style=\"font-style: normal; font-variant: normal; letter-spacing: normal; line-height: 150%; margin-bottom: 0cm;\">\n<b>S\u0141OWA<br \/>\nEWANGELII WED\u0141UG \u015aWI\u0118TEGO \u0141UKASZA:<\/b><\/div>\n<div align=\"justify\" style=\"background: transparent; font-style: normal; font-variant: normal; letter-spacing: normal; line-height: 150%; margin-bottom: 0cm; page-break-before: auto; text-indent: 1.3cm;\">\n<b>Przyszli<br \/>\ndo Jezusa Jego Matka i bracia, lecz nie mogli si\u0119 dosta\u0107 do Niego z<br \/>\npowodu t\u0142umu.<\/b><\/div>\n<div align=\"justify\" style=\"background: transparent; font-style: normal; font-variant: normal; letter-spacing: normal; line-height: 150%; margin-bottom: 0cm; text-indent: 1.3cm;\">\n<b>Oznajmiono<br \/>\nMu: \u201eTwoja Matka i bracia stoj\u0105 na dworze i chc\u0105 si\u0119 widzie\u0107 z<br \/>\nTob\u0105\u201d.<\/b><\/div>\n<div align=\"justify\" style=\"background: transparent; line-height: 150%; margin-bottom: 0cm; text-indent: 1.3cm;\">\n<b>Lecz<br \/>\nOn im odpowiedzia\u0142: \u201eMoj\u0105 matk\u0105 i moimi bra\u0107mi s\u0105 ci, kt\u00f3rzy<br \/>\ns\u0142uchaj\u0105 s\u0142owa Bo\u017cego i wype\u0142niaj\u0105 je\u201d.<\/b><b><br \/>\n<\/b>\n<\/div>\n<div align=\"justify\" style=\"line-height: 150%; margin-bottom: 0cm;\">\n<\/p>\n<\/div>\n<div align=\"justify\" style=\"background: transparent; font-style: normal; font-variant: normal; font-weight: normal; letter-spacing: normal; line-height: 150%; margin-bottom: 0cm; page-break-before: auto; text-indent: 1.3cm;\">\nGdyby<br \/>\nchcie\u0107 jak\u0105\u015b jedn\u0105 my\u015bl\u0105 ogarn\u0105\u0107 \u2013 lub mo\u017ce stre\u015bci\u0107 \u2013<br \/>\noba dzisiejsze czytania, to chyba mogliby\u015bmy zauwa\u017cy\u0107, \u017ce mowa w<br \/>\nnich o takim <b>swoistym kursie do wn\u0119trza, do serca cz\u0142owieka.<\/b><br \/>\nJu\u017c pierwsze zdanie pierwszego czytania wprowadza nas w takie<br \/>\nw\u0142a\u015bnie rozumienie sprawy, s\u0142yszymy w nim bowiem: <i><b>Serce<br \/>\nkr\u00f3la w r\u0119ku Pana jak p\u0142yn\u0105ca woda; On zwraca je, dok\u0105d sam<br \/>\nchce. Ka\u017cdego droga<\/b><\/i><b> <\/b><i><b>zdaje mu si\u0119 prawa, lecz<br \/>\nPan os\u0105dza serca.<\/b><\/i>\n<\/div>\n<div align=\"justify\" style=\"background: transparent; font-style: normal; font-variant: normal; font-weight: normal; letter-spacing: normal; line-height: 150%; margin-bottom: 0cm; text-indent: 1.3cm;\">\nWyra\u017anie<br \/>\nzauwa\u017camy rozr\u00f3\u017cnienie pomi\u0119dzy tym, co widoczne na zewn\u0105trz, a<br \/>\ntym, co w\u0142a\u015bnie niewidoczne na zewn\u0105trz, za to bardzo widoczne dla<br \/>\nBoga, a co cz\u0142owiek w swoim sercu skrywa. Okazuje si\u0119 \u2013 co dla<br \/>\nnas dzisiaj ju\u017c nie jest jakim\u015b wielkim zaskoczeniem \u2013 \u017ce to<br \/>\n<b>dyspozycja serca zasadniczo decyduje<\/b> o \u017cyciu doczesnym i<br \/>\nwiecznym cz\u0142owieka, a nie zewn\u0119trzne pozory. W tym sensie \u2013 jak<br \/>\ns\u0142yszymy w kolejnym zdaniu \u2013 <i><b>p<\/b><\/i><i><b>ost\u0119powanie<br \/>\nuczciwe i prawe milsze dla Pana ni\u017c krwawa ofiara.<\/b><\/i><b> <\/b>\n<\/div>\n<div align=\"justify\" style=\"background: transparent; font-style: normal; font-variant: normal; font-weight: normal; letter-spacing: normal; line-height: 150%; margin-bottom: 0cm; text-indent: 1.3cm;\">\nTak,<br \/>\nbo takie post\u0119powanie wynika wprost z <b>dobrego i uczciwego serca<br \/>\ncz\u0142owieka.<\/b> Z takiego samego serca winna oczywi\u015bcie wyp\u0142ywa\u0107<br \/>\nofiara \u2013 jakakolwiek \u2013 sk\u0142adana Bogu, ale my dobrze wiemy, \u017ce z<br \/>\ntym to i w\u00f3wczas r\u00f3\u017cnie bywa\u0142o, i dzisiaj r\u00f3\u017cnie bywa. Bo<br \/>\nz\u0142o\u017cy\u0107 Bogu tak\u0105 czy inn\u0105 ofiar\u0119, tak\u0105 czy inn\u0105 obietnic\u0119 \u2013<br \/>\nto w sumie <b>bardzo prosta sprawa.<\/b> Ale <b>konsekwentnie<br \/>\ncodziennie post\u0119powa\u0107<\/b> uczciwie i zgodnie z Bo\u017cymi nakazami \u2013<br \/>\nto ju\u017c sprawa dobrze uformowanego serca.\n<\/div>\n<div align=\"justify\" style=\"background: transparent; font-style: normal; font-variant: normal; font-weight: normal; letter-spacing: normal; line-height: 150%; margin-bottom: 0cm; text-indent: 1.3cm;\">\nW<br \/>\nprzeciwie\u0144stwie do serca \u017ale uformowanego, o kt\u00f3rym Autor<br \/>\nnatchniony tak pisze: <i><b>Dusza grzesznika po\u017c\u0105da z\u0142a, w jego<br \/>\noczach bli\u017ani nie znajduje \u0142aski.<\/b><\/i><b> <\/b>A zatem \u2013<br \/>\npodobny mechanizm my\u015blenia: to, co wida\u0107 na zewn\u0105trz, czego mo\u017cna<br \/>\ndopatrze\u0107 si\u0119 nawet w oczach cz\u0142owieka, w jego spojrzeniu \u2013<br \/>\n<b>wyra\u017ca stan jego wn\u0119trza.<\/b> A w\u0142a\u015bnie to wewn\u0119trzne<br \/>\nnastawienie jest najwa\u017cniejsze.<\/div>\n<div align=\"justify\" style=\"background: transparent; font-style: normal; font-variant: normal; font-weight: normal; letter-spacing: normal; line-height: 150%; margin-bottom: 0cm; text-indent: 1.3cm;\">\nJezus<br \/>\nw Ewangelii dopowie, \u017ce nawet <b>od wi\u0119z\u00f3w rodzinnych!<\/b> I to<br \/>\nnawet od tych najmocniejszych i najbli\u017cszych, a wi\u0119c tych, kt\u00f3re<br \/>\n\u0142\u0105cz\u0105 matk\u0119 z jej dzieckiem! Jezus dzisiaj na stwierdzenie kogo\u015b<br \/>\nz t\u0142umu s\u0142uchaczy: <i><b>Twoja Matka i bracia stoj\u0105 na dworze i<br \/>\nchc\u0105 si\u0119 widzie\u0107 z Tob\u0105<\/b><\/i><b> \u2013<\/b><b> <\/b>odpowiada: <i><b>Moj\u0105<br \/>\nmatk\u0105 i moimi bra\u0107mi s\u0105 ci, kt\u00f3rzy s\u0142uchaj\u0105 s\u0142owa Bo\u017cego i<br \/>\nwype\u0142niaj\u0105 je.<\/b><\/i><b> <\/b>\n<\/div>\n<div align=\"justify\" style=\"background: transparent; font-style: normal; font-variant: normal; font-weight: normal; letter-spacing: normal; line-height: 150%; margin-bottom: 0cm; text-indent: 1.3cm;\">\nNas<br \/>\nju\u017c te s\u0142owa a\u017c tak bardzo nie szokuj\u0105, bo wiemy, o co w nich<br \/>\nchodzi, ale na pewno tamci Jego s\u0142uchacze prze\u017cyli szok. Bo jak\u017ce<br \/>\nto? Ten Nauczyciel, kt\u00f3ry tyle naucza\u0142 o mi\u0142o\u015bci i uczyni\u0142 z<br \/>\nniej sztandarowe has\u0142o ca\u0142ego swego przes\u0142ania, teraz \u2013 na<br \/>\noczach t\u0142um\u00f3w \u2013 <b>wyrzeka si\u0119 w\u0142asnej <\/b><b>M<\/b><b>atki? <\/b>\n<\/div>\n<div align=\"justify\" style=\"background: transparent; font-style: normal; font-variant: normal; font-weight: normal; letter-spacing: normal; line-height: 150%; margin-bottom: 0cm; text-indent: 1.3cm;\">\nMy<br \/>\ndzisiaj wiemy, \u017ce nie. To stwierdzenie <b>jeszcze bardziej<br \/>\npodkre\u015bli\u0142o wielko\u015b\u0107 i \u015bwi\u0119to\u015b\u0107<\/b> Maryi, bowiem Ona, b\u0119d\u0105c<br \/>\nw sensie dos\u0142ownym i genealogicznym Matk\u0105 Jezusa, by\u0142a ni\u0105 tak\u017ce<br \/>\n<b>w sensie duchowym! <\/b>M\u00f3wi\u0105c inaczej, ten warunek, jaki Jezus<br \/>\ndzisiaj okre\u015bli\u0142 jako bezsprzecznie konieczny do tego, by kto\u015b<br \/>\nm\u00f3g\u0142 by\u0107 Mu bliskim, a nawet krewnym \u2013 <b>Maryja wype\u0142ni\u0142a w<br \/>\nstopniu naj<\/b><b>doskonalszym! <\/b>Przede wszystkim dlatego, \u017ce<br \/>\nwszystko to, co dzia\u0142o si\u0119 w jej \u017cyciu i w Jej relacjach z Synem,<br \/>\n<b>Ona rozwa\u017ca\u0142a w swoim sercu.<\/b> Kilkukrotnie jest to<br \/>\npodkre\u015blone na kartach Pisma \u015awi\u0119tego\u2026\n<\/div>\n<div align=\"justify\" style=\"background: transparent; font-style: normal; font-variant: normal; font-weight: normal; letter-spacing: normal; line-height: 150%; margin-bottom: 0cm; text-indent: 1.3cm;\">\nA<br \/>\nzatem, i my, moi Drodzy, musimy <b>bardziej zadba\u0107 o stan swojego<br \/>\nserca,<\/b> o czysto\u015b\u0107 ducha, o bogactwo swego wn\u0119trza. Chocia\u017c<br \/>\nzabiegani za tyloma zaj\u0119ciami i sprawami \u2013 przecie\u017c nie mo\u017cemy<br \/>\nzapomnie\u0107 o tym, co najwa\u017cniejsze, co nas <b>kszta\u0142tuje i<br \/>\nkonstytuuje jako chrze\u015bcijan!<\/b> Na to wszystko, co sprawia, \u017ce<br \/>\n\u017cyjemy w owym morderczym tempie na co dzie\u0144, trzeba nam <b>patrze\u0107<br \/>\nprzez pryzmat serca<\/b> i postawi\u0107, a nast\u0119pnie odpowiedzie\u0107 na<br \/>\ndwa proste pytania:\n<\/div>\n<div align=\"justify\" style=\"background: transparent; font-style: normal; font-variant: normal; font-weight: normal; letter-spacing: normal; line-height: 150%; margin-bottom: 0cm; text-indent: 1.3cm;\">\nCzy<br \/>\nto, co robi\u0119 i jak si\u0119 prezentuj\u0119 na zewn\u0105trz \u2013 <b>wyp\u0142ywa z<br \/>\nmego serca i dobrze o nim \u015bwiadczy?\u2026<\/b> Oraz: Czy wszystko, co<br \/>\nrobi\u0119 w tym wymiarze zewn\u0119trznym \u2013 <b>dobrze s\u0142u\u017cy mojemu<br \/>\nsercu, <\/b><b>ubogaca mnie wewn\u0119trznie<\/b><b>?\u2026<\/b><\/div>\n","protected":false},"excerpt":{"rendered":"<p>Szcz\u0119\u015b\u0107 Bo\u017ce! Witam Wszystkich bardzo serdecznie i \u017cycz\u0119 b\u0142ogos\u0142awionego dnia! U mnie dzisiaj \u2013 ci\u0105g dalszy rozm\u00f3w z Kandydatami do Bierzmowania i Ich Rodzicami. Ju\u017c widz\u0119, \u017ce jest to bardzo dobre i ubogacaj\u0105ce do\u015bwiadczenie. Gaudium et spes! Ks. Jacek Wtorek 25 Tygodnia zwyk\u0142ego, rok II, do czyta\u0144: Prz 21,1\u20136.10\u201313; \u0141k 8,19\u201321 CZYTANIE Z KSI\u0118GI PRZYS\u0141\u00d3W: [&hellip;]<\/p>\n","protected":false},"author":1,"featured_media":0,"comment_status":"open","ping_status":"open","sticky":false,"template":"","format":"standard","meta":{"jetpack_post_was_ever_published":false,"_jetpack_newsletter_access":"","_jetpack_dont_email_post_to_subs":false,"_jetpack_newsletter_tier_id":0,"_jetpack_memberships_contains_paywalled_content":false,"_jetpack_memberships_contains_paid_content":false,"footnotes":""},"categories":[1],"tags":[],"class_list":["post-7161","post","type-post","status-publish","format-standard","hentry","category-bez-kategorii"],"yoast_head":"<!-- This site is optimized with the Yoast SEO plugin v25.1 - https:\/\/yoast.com\/wordpress\/plugins\/seo\/ -->\n<title>Przede wszystkim - serce! - Gaudium Et Spes<\/title>\n<meta name=\"robots\" content=\"index, follow, max-snippet:-1, max-image-preview:large, max-video-preview:-1\" \/>\n<link rel=\"canonical\" href=\"https:\/\/gaudiumetspes-blog.pl\/index.php\/2018\/09\/25\/przede-wszystkim-serce\/\" \/>\n<meta property=\"og:locale\" content=\"pl_PL\" \/>\n<meta property=\"og:type\" content=\"article\" \/>\n<meta property=\"og:title\" content=\"Przede wszystkim - serce! - Gaudium Et Spes\" \/>\n<meta property=\"og:description\" content=\"Szcz\u0119\u015b\u0107 Bo\u017ce! Witam Wszystkich bardzo serdecznie i \u017cycz\u0119 b\u0142ogos\u0142awionego dnia! U mnie dzisiaj \u2013 ci\u0105g dalszy rozm\u00f3w z Kandydatami do Bierzmowania i Ich Rodzicami. Ju\u017c widz\u0119, \u017ce jest to bardzo dobre i ubogacaj\u0105ce do\u015bwiadczenie. Gaudium et spes! Ks. Jacek Wtorek 25 Tygodnia zwyk\u0142ego, rok II, do czyta\u0144: Prz 21,1\u20136.10\u201313; \u0141k 8,19\u201321 CZYTANIE Z KSI\u0118GI PRZYS\u0141\u00d3W: [&hellip;]\" \/>\n<meta property=\"og:url\" content=\"https:\/\/gaudiumetspes-blog.pl\/index.php\/2018\/09\/25\/przede-wszystkim-serce\/\" \/>\n<meta property=\"og:site_name\" content=\"Gaudium Et Spes\" \/>\n<meta property=\"article:published_time\" content=\"2018-09-25T01:22:00+00:00\" \/>\n<meta property=\"article:modified_time\" content=\"2019-07-31T10:57:46+00:00\" \/>\n<meta name=\"author\" content=\"Ks. Jacek\" \/>\n<meta name=\"twitter:card\" content=\"summary_large_image\" \/>\n<meta name=\"twitter:label1\" content=\"Napisane przez\" \/>\n\t<meta name=\"twitter:data1\" content=\"Ks. Jacek\" \/>\n\t<meta name=\"twitter:label2\" content=\"Szacowany czas czytania\" \/>\n\t<meta name=\"twitter:data2\" content=\"5 minut\" \/>\n<script type=\"application\/ld+json\" class=\"yoast-schema-graph\">{\"@context\":\"https:\/\/schema.org\",\"@graph\":[{\"@type\":\"WebPage\",\"@id\":\"https:\/\/gaudiumetspes-blog.pl\/index.php\/2018\/09\/25\/przede-wszystkim-serce\/\",\"url\":\"https:\/\/gaudiumetspes-blog.pl\/index.php\/2018\/09\/25\/przede-wszystkim-serce\/\",\"name\":\"Przede wszystkim - serce! - Gaudium Et Spes\",\"isPartOf\":{\"@id\":\"https:\/\/gaudiumetspes-blog.pl\/#website\"},\"datePublished\":\"2018-09-25T01:22:00+00:00\",\"dateModified\":\"2019-07-31T10:57:46+00:00\",\"author\":{\"@id\":\"https:\/\/gaudiumetspes-blog.pl\/#\/schema\/person\/1661982992b752dea8dff0d4ed845a65\"},\"breadcrumb\":{\"@id\":\"https:\/\/gaudiumetspes-blog.pl\/index.php\/2018\/09\/25\/przede-wszystkim-serce\/#breadcrumb\"},\"inLanguage\":\"pl-PL\",\"potentialAction\":[{\"@type\":\"ReadAction\",\"target\":[\"https:\/\/gaudiumetspes-blog.pl\/index.php\/2018\/09\/25\/przede-wszystkim-serce\/\"]}]},{\"@type\":\"BreadcrumbList\",\"@id\":\"https:\/\/gaudiumetspes-blog.pl\/index.php\/2018\/09\/25\/przede-wszystkim-serce\/#breadcrumb\",\"itemListElement\":[{\"@type\":\"ListItem\",\"position\":1,\"name\":\"Strona g\u0142\u00f3wna\",\"item\":\"https:\/\/gaudiumetspes-blog.pl\/\"},{\"@type\":\"ListItem\",\"position\":2,\"name\":\"Przede wszystkim &#8211; serce!\"}]},{\"@type\":\"WebSite\",\"@id\":\"https:\/\/gaudiumetspes-blog.pl\/#website\",\"url\":\"https:\/\/gaudiumetspes-blog.pl\/\",\"name\":\"Gaudium Et Spes\",\"description\":\"Blog Ks. Jacka Ja\u015bkowskiego\",\"potentialAction\":[{\"@type\":\"SearchAction\",\"target\":{\"@type\":\"EntryPoint\",\"urlTemplate\":\"https:\/\/gaudiumetspes-blog.pl\/?s={search_term_string}\"},\"query-input\":{\"@type\":\"PropertyValueSpecification\",\"valueRequired\":true,\"valueName\":\"search_term_string\"}}],\"inLanguage\":\"pl-PL\"},{\"@type\":\"Person\",\"@id\":\"https:\/\/gaudiumetspes-blog.pl\/#\/schema\/person\/1661982992b752dea8dff0d4ed845a65\",\"name\":\"Ks. Jacek\",\"image\":{\"@type\":\"ImageObject\",\"inLanguage\":\"pl-PL\",\"@id\":\"https:\/\/gaudiumetspes-blog.pl\/#\/schema\/person\/image\/\",\"url\":\"https:\/\/gaudiumetspes-blog.pl\/wp-content\/uploads\/2019\/07\/avatar-JJ-150x150.jpg\",\"contentUrl\":\"https:\/\/gaudiumetspes-blog.pl\/wp-content\/uploads\/2019\/07\/avatar-JJ-150x150.jpg\",\"caption\":\"Ks. Jacek\"},\"description\":\"Witam serdecznie! K\u0142ania si\u0119 Ks. Jacek Ja\u015bkowski. Nie jestem ani kim\u015b wa\u017cnym, ani kim\u015b znanym. Jestem ksi\u0119dzem, kt\u00f3ry po prostu chce rozmawia\u0107. Codzienna kap\u0142a\u0144ska pos\u0142uga pokazuje mi, \u017ce temat\u00f3w do rozm\u00f3w z ksi\u0119dzem jest coraz wi\u0119cej i dzisiaj \u017caden ksi\u0105dz nie mo\u017ce od nich ucieka\u0107, ale - wprost przeciwnie - podejmowa\u0107 nowe wyzwania. To przekonanie sk\u0142oni\u0142o mnie do pr\u00f3by otwarcia tego\u017c bloga, chocia\u017c okazji do rozm\u00f3w na co dzie\u0144 - w konfesjonale i poza nim - na szcz\u0119\u015bcie nie brakuje. My\u015bl\u0119 jednak, \u017ce ten blog b\u0119dzie jeszcze jednym sposobem i przestrzeni\u0105 nawi\u0105zania kontaktu z lud\u017ami dobrej woli, otwartymi na dialog.\",\"url\":\"https:\/\/gaudiumetspes-blog.pl\/index.php\/author\/ks-jacek\/\"}]}<\/script>\n<!-- \/ Yoast SEO plugin. -->","yoast_head_json":{"title":"Przede wszystkim - serce! - Gaudium Et Spes","robots":{"index":"index","follow":"follow","max-snippet":"max-snippet:-1","max-image-preview":"max-image-preview:large","max-video-preview":"max-video-preview:-1"},"canonical":"https:\/\/gaudiumetspes-blog.pl\/index.php\/2018\/09\/25\/przede-wszystkim-serce\/","og_locale":"pl_PL","og_type":"article","og_title":"Przede wszystkim - serce! - Gaudium Et Spes","og_description":"Szcz\u0119\u015b\u0107 Bo\u017ce! Witam Wszystkich bardzo serdecznie i \u017cycz\u0119 b\u0142ogos\u0142awionego dnia! U mnie dzisiaj \u2013 ci\u0105g dalszy rozm\u00f3w z Kandydatami do Bierzmowania i Ich Rodzicami. Ju\u017c widz\u0119, \u017ce jest to bardzo dobre i ubogacaj\u0105ce do\u015bwiadczenie. Gaudium et spes! Ks. Jacek Wtorek 25 Tygodnia zwyk\u0142ego, rok II, do czyta\u0144: Prz 21,1\u20136.10\u201313; \u0141k 8,19\u201321 CZYTANIE Z KSI\u0118GI PRZYS\u0141\u00d3W: [&hellip;]","og_url":"https:\/\/gaudiumetspes-blog.pl\/index.php\/2018\/09\/25\/przede-wszystkim-serce\/","og_site_name":"Gaudium Et Spes","article_published_time":"2018-09-25T01:22:00+00:00","article_modified_time":"2019-07-31T10:57:46+00:00","author":"Ks. Jacek","twitter_card":"summary_large_image","twitter_misc":{"Napisane przez":"Ks. Jacek","Szacowany czas czytania":"5 minut"},"schema":{"@context":"https:\/\/schema.org","@graph":[{"@type":"WebPage","@id":"https:\/\/gaudiumetspes-blog.pl\/index.php\/2018\/09\/25\/przede-wszystkim-serce\/","url":"https:\/\/gaudiumetspes-blog.pl\/index.php\/2018\/09\/25\/przede-wszystkim-serce\/","name":"Przede wszystkim - serce! - Gaudium Et Spes","isPartOf":{"@id":"https:\/\/gaudiumetspes-blog.pl\/#website"},"datePublished":"2018-09-25T01:22:00+00:00","dateModified":"2019-07-31T10:57:46+00:00","author":{"@id":"https:\/\/gaudiumetspes-blog.pl\/#\/schema\/person\/1661982992b752dea8dff0d4ed845a65"},"breadcrumb":{"@id":"https:\/\/gaudiumetspes-blog.pl\/index.php\/2018\/09\/25\/przede-wszystkim-serce\/#breadcrumb"},"inLanguage":"pl-PL","potentialAction":[{"@type":"ReadAction","target":["https:\/\/gaudiumetspes-blog.pl\/index.php\/2018\/09\/25\/przede-wszystkim-serce\/"]}]},{"@type":"BreadcrumbList","@id":"https:\/\/gaudiumetspes-blog.pl\/index.php\/2018\/09\/25\/przede-wszystkim-serce\/#breadcrumb","itemListElement":[{"@type":"ListItem","position":1,"name":"Strona g\u0142\u00f3wna","item":"https:\/\/gaudiumetspes-blog.pl\/"},{"@type":"ListItem","position":2,"name":"Przede wszystkim &#8211; serce!"}]},{"@type":"WebSite","@id":"https:\/\/gaudiumetspes-blog.pl\/#website","url":"https:\/\/gaudiumetspes-blog.pl\/","name":"Gaudium Et Spes","description":"Blog Ks. Jacka Ja\u015bkowskiego","potentialAction":[{"@type":"SearchAction","target":{"@type":"EntryPoint","urlTemplate":"https:\/\/gaudiumetspes-blog.pl\/?s={search_term_string}"},"query-input":{"@type":"PropertyValueSpecification","valueRequired":true,"valueName":"search_term_string"}}],"inLanguage":"pl-PL"},{"@type":"Person","@id":"https:\/\/gaudiumetspes-blog.pl\/#\/schema\/person\/1661982992b752dea8dff0d4ed845a65","name":"Ks. Jacek","image":{"@type":"ImageObject","inLanguage":"pl-PL","@id":"https:\/\/gaudiumetspes-blog.pl\/#\/schema\/person\/image\/","url":"https:\/\/gaudiumetspes-blog.pl\/wp-content\/uploads\/2019\/07\/avatar-JJ-150x150.jpg","contentUrl":"https:\/\/gaudiumetspes-blog.pl\/wp-content\/uploads\/2019\/07\/avatar-JJ-150x150.jpg","caption":"Ks. Jacek"},"description":"Witam serdecznie! K\u0142ania si\u0119 Ks. Jacek Ja\u015bkowski. Nie jestem ani kim\u015b wa\u017cnym, ani kim\u015b znanym. Jestem ksi\u0119dzem, kt\u00f3ry po prostu chce rozmawia\u0107. Codzienna kap\u0142a\u0144ska pos\u0142uga pokazuje mi, \u017ce temat\u00f3w do rozm\u00f3w z ksi\u0119dzem jest coraz wi\u0119cej i dzisiaj \u017caden ksi\u0105dz nie mo\u017ce od nich ucieka\u0107, ale - wprost przeciwnie - podejmowa\u0107 nowe wyzwania. To przekonanie sk\u0142oni\u0142o mnie do pr\u00f3by otwarcia tego\u017c bloga, chocia\u017c okazji do rozm\u00f3w na co dzie\u0144 - w konfesjonale i poza nim - na szcz\u0119\u015bcie nie brakuje. My\u015bl\u0119 jednak, \u017ce ten blog b\u0119dzie jeszcze jednym sposobem i przestrzeni\u0105 nawi\u0105zania kontaktu z lud\u017ami dobrej woli, otwartymi na dialog.","url":"https:\/\/gaudiumetspes-blog.pl\/index.php\/author\/ks-jacek\/"}]}},"jetpack_featured_media_url":"","jetpack_sharing_enabled":true,"_links":{"self":[{"href":"https:\/\/gaudiumetspes-blog.pl\/index.php\/wp-json\/wp\/v2\/posts\/7161","targetHints":{"allow":["GET"]}}],"collection":[{"href":"https:\/\/gaudiumetspes-blog.pl\/index.php\/wp-json\/wp\/v2\/posts"}],"about":[{"href":"https:\/\/gaudiumetspes-blog.pl\/index.php\/wp-json\/wp\/v2\/types\/post"}],"author":[{"embeddable":true,"href":"https:\/\/gaudiumetspes-blog.pl\/index.php\/wp-json\/wp\/v2\/users\/1"}],"replies":[{"embeddable":true,"href":"https:\/\/gaudiumetspes-blog.pl\/index.php\/wp-json\/wp\/v2\/comments?post=7161"}],"version-history":[{"count":1,"href":"https:\/\/gaudiumetspes-blog.pl\/index.php\/wp-json\/wp\/v2\/posts\/7161\/revisions"}],"predecessor-version":[{"id":14357,"href":"https:\/\/gaudiumetspes-blog.pl\/index.php\/wp-json\/wp\/v2\/posts\/7161\/revisions\/14357"}],"wp:attachment":[{"href":"https:\/\/gaudiumetspes-blog.pl\/index.php\/wp-json\/wp\/v2\/media?parent=7161"}],"wp:term":[{"taxonomy":"category","embeddable":true,"href":"https:\/\/gaudiumetspes-blog.pl\/index.php\/wp-json\/wp\/v2\/categories?post=7161"},{"taxonomy":"post_tag","embeddable":true,"href":"https:\/\/gaudiumetspes-blog.pl\/index.php\/wp-json\/wp\/v2\/tags?post=7161"}],"curies":[{"name":"wp","href":"https:\/\/api.w.org\/{rel}","templated":true}]}}