{"id":7169,"date":"2018-09-17T04:36:00","date_gmt":"2018-09-17T02:36:00","guid":{"rendered":"https:\/\/gaudiumetspes-blog.pl\/index.php\/2018\/09\/17\/eucharystia-z-zycia-wzieta\/"},"modified":"2019-07-31T12:57:45","modified_gmt":"2019-07-31T10:57:45","slug":"eucharystia-z-zycia-wzieta","status":"publish","type":"post","link":"https:\/\/gaudiumetspes-blog.pl\/index.php\/2018\/09\/17\/eucharystia-z-zycia-wzieta\/","title":{"rendered":"Eucharystia &#8211; z \u017cycia wzi\u0119ta&#8230;"},"content":{"rendered":"<p><\/p>\n<div align=\"justify\" style=\"font-weight: normal; line-height: 150%; margin-bottom: 0cm;\">\nSzcz\u0119\u015b\u0107<br \/>\nBo\u017ce! Moi Drodzy, <b>w dniu wczorajszym imieniny prze\u017cywa\u0142a Kamila<br \/>\nMalinowska, zaanga\u017cowana w swoim czasie w dzia\u0142alno\u015b\u0107 Wsp\u00f3lnot<br \/>\nm\u0142odzie\u017cowych. <\/b>\n<\/div>\n<div align=\"justify\" style=\"background: transparent; line-height: 150%; margin-bottom: 0cm; page-break-before: auto; text-indent: 1.3cm;\">\n<b>Dzisiaj<br \/>\nnatomiast imieniny prze\u017cywa Ksi\u0105dz Robert Bartosik, za moich czas\u00f3w<br \/>\n\u2013 Wikariusz Parafii w Tr\u0105bkach.<\/b><\/div>\n<div align=\"justify\" style=\"background: transparent; line-height: 150%; margin-bottom: 0cm; text-indent: 1.3cm;\">\n<b>Obojgu<br \/>\nSolenizantom \u017cycz\u0119 tak wielkiej wiary, jak\u0105 dzi\u015b samego Jezusa<br \/>\nzachwyci\u0142 setnik z Ewangelii. Zapewniam o modlitwie.<\/b><\/div>\n<div align=\"justify\" style=\"background: transparent; line-height: 150%; margin-bottom: 0cm; text-indent: 1.3cm;\">\nPami\u0119tajmy<br \/>\ndzi\u015b w modlitwie tak\u017ce o naszej Ojczy\u017anie \u2013 w rocznic\u0119<br \/>\nbrutalnej napa\u015bci ze strony Zwi\u0105zku Sowieckiego. Niech pok\u00f3j,<br \/>\noparty na prawdzie i sprawiedliwo\u015bci. panuje zawsze w ludzkich<br \/>\nsercach!<\/div>\n<div align=\"justify\" style=\"background: transparent; line-height: 150%; margin-bottom: 0cm; text-indent: 1.3cm;\">\nMoi<br \/>\nDrodzy, raz jeszcze o\u015bmielam si\u0119 prosi\u0107 Was o modlitw\u0119 w intencji<br \/>\nmojego \u015b.p. Dziadka Edmunda, kt\u00f3rego pogrzeb odb\u0119dzie si\u0119 dzisiaj<br \/>\nw Parafii Narzym, w Diecezji toru\u0144skiej.\n<\/div>\n<div align=\"justify\" style=\"background: transparent; line-height: 150%; margin-bottom: 0cm; text-indent: 1.3cm;\">\nNiech<br \/>\nPan b\u0142ogos\u0142awi nam we wszystkim, czego b\u0119dziemy si\u0119 dniu<br \/>\ndzisiejszym \u2013 na Jego chwa\u0142\u0119 \u2013 podejmowali.<\/div>\n<div align=\"center\" style=\"font-weight: normal; line-height: 150%; margin-bottom: 0cm;\">\nGaudium<br \/>\net spes!  Ks. Jacek<\/div>\n<div align=\"justify\" style=\"line-height: 150%; margin-bottom: 0cm;\">\n<\/p>\n<\/div>\n<div align=\"justify\" style=\"line-height: 150%; margin-bottom: 0cm;\">\n<b>Poniedzia\u0142ek<br \/>\n24 Tygodnia zwyk\u0142ego, rok II,<\/b><\/div>\n<div align=\"justify\" style=\"line-height: 150%; margin-bottom: 0cm;\">\n<b>do<br \/>\nczyta\u0144:  1 Kor 11,17\u201326.33;  \u0141k 7,1\u201310<\/b><\/div>\n<div align=\"justify\" style=\"line-height: 150%; margin-bottom: 0cm;\">\n<\/p>\n<\/div>\n<div align=\"justify\" style=\"font-style: normal; font-variant: normal; letter-spacing: normal; line-height: 150%; margin-bottom: 0cm;\">\n<b>CZYTANIE<br \/>\nZ PIERWSZEGO LISTU \u015aWI\u0118TEGO PAW\u0141A APOSTO\u0141A DO KORYNTIAN:<\/b><\/div>\n<div align=\"justify\" style=\"background: transparent; font-style: normal; font-variant: normal; letter-spacing: normal; line-height: 150%; margin-bottom: 0cm; page-break-before: auto; text-indent: 1.3cm;\">\n<b>Bracia:<br \/>\nUdzielaj\u0105c tych poucze\u0144 nie pochwalam was za to, \u017ce schodzicie si\u0119<br \/>\nrazem nie na lepsze, ale ku gorszemu, \u017ce zdarzaj\u0105 si\u0119 mi\u0119dzy wami<br \/>\nspory, gdy schodzicie si\u0119 razem jako Ko\u015bci\u00f3\u0142. Zreszt\u0105 nawet<br \/>\nmusz\u0105 by\u0107 w\u015br\u00f3d was rozdarcia, \u017ceby si\u0119 okaza\u0142o, kt\u00f3rzy s\u0105<br \/>\nwypr\u00f3bowani. Tak wi\u0119c, gdy si\u0119 zbieracie, nie ma u was spo\u017cywania<br \/>\nWieczerzy Pa\u0144skiej. Ka\u017cdy bowiem ju\u017c wcze\u015bniej zabiera si\u0119 do<br \/>\nw\u0142asnego jedzenia, i tak si\u0119 zdarza, \u017ce jeden jest g\u0142odny,<br \/>\npodczas gdy drugi nietrze\u017awy. Czy\u017c nie macie dom\u00f3w, aby tam je\u015b\u0107<br \/>\ni pi\u0107? Czy chcecie zniewa\u017ca\u0107 Bo\u017ce zgromadzenie i zawstydza\u0107<br \/>\ntych, kt\u00f3rzy nic nie maj\u0105? C\u00f3\u017c wam powiem? Czy b\u0119d\u0119 was<br \/>\nchwali\u0142? Nie, za to was nie chwal\u0119.<\/b><\/div>\n<div align=\"justify\" style=\"background: transparent; font-style: normal; font-variant: normal; letter-spacing: normal; line-height: 150%; margin-bottom: 0cm; text-indent: 1.3cm;\">\n<b>Ja<br \/>\nbowiem otrzyma\u0142em od Pana to, co wam przekaza\u0142em, \u017ce Pan Jezus tej<br \/>\nnocy, kiedy zosta\u0142 wydany, wzi\u0105\u0142 chleb i dzi\u0119ki uczyniwszy<br \/>\npo\u0142ama\u0142 i rzek\u0142: \u201eTo jest Cia\u0142o moje za was wydane. Czy\u0144cie to<br \/>\nna moj\u0105 pami\u0105tk\u0119\u201d. Podobnie, sko\u0144czywszy wieczerz\u0119, wzi\u0105\u0142<br \/>\nkielich, m\u00f3wi\u0105c: \u201eTen kielich jest Nowym Przymierzem we Krwi<br \/>\nmojej. Czy\u0144cie to, ile razy pi\u0107 b\u0119dziecie, na moj\u0105 pami\u0105tk\u0119\u201d.<br \/>\nIlekro\u0107 bowiem spo\u017cywacie ten chleb albo pijecie kielich, \u015bmier\u0107<br \/>\nPa\u0144sk\u0105 g\u0142osicie, a\u017c przyjdzie. Tak wi\u0119c, bracia moi, gdy<br \/>\nzbieracie si\u0119, by spo\u017cywa\u0107 wieczerz\u0119, poczekajcie jedni na<br \/>\ndrugich.<\/b><\/div>\n<div align=\"justify\" style=\"font-style: normal; font-variant: normal; letter-spacing: normal; line-height: 150%; margin-bottom: 0cm;\">\n<\/p>\n<\/div>\n<div align=\"justify\" style=\"font-style: normal; font-variant: normal; letter-spacing: normal; line-height: 150%; margin-bottom: 0cm;\">\n<b>S\u0141OWA<br \/>\nEWANGELII WED\u0141UG \u015aWI\u0118TEGO \u0141UKASZA:<\/b><\/div>\n<div align=\"justify\" style=\"background: transparent; font-style: normal; font-variant: normal; letter-spacing: normal; line-height: 150%; margin-bottom: 0cm; page-break-before: auto; text-indent: 1.3cm;\">\n<b>Gdy<br \/>\nJezus doko\u0144czy\u0142 wszystkich swoich m\u00f3w do ludu, kt\u00f3ry si\u0119<br \/>\nprzys\u0142uchiwa\u0142, wszed\u0142 do Kafarnaum. S\u0142uga pewnego setnika,<br \/>\nszczeg\u00f3lnie przez niego ceniony, chorowa\u0142 i bliski by\u0142 \u015bmierci.<br \/>\nSkoro setnik pos\u0142ysza\u0142 o Jezusie, wys\u0142a\u0142 do Niego starszyzn\u0119<br \/>\n\u017cydowsk\u0105 z pro\u015bb\u0105, \u017ceby przyszed\u0142 i uzdrowi\u0142 mu s\u0142ug\u0119.<\/b><\/div>\n<div align=\"justify\" style=\"background: transparent; font-style: normal; font-variant: normal; letter-spacing: normal; line-height: 150%; margin-bottom: 0cm; text-indent: 1.3cm;\">\n<b>Ci<br \/>\nzjawili si\u0119 u Jezusa i prosili Go usilnie: \u201eGodzien jest, \u017ceby\u015b<br \/>\nmu to wy\u015bwiadczy\u0142 \u2013 m\u00f3wili \u2013 kocha bowiem nasz nar\u00f3d i sam<br \/>\nzbudowa\u0142 nam synagog\u0119\u201d. Jezus przeto wybra\u0142 si\u0119 z nimi.<\/b><\/div>\n<div align=\"justify\" style=\"background: transparent; font-style: normal; font-variant: normal; letter-spacing: normal; line-height: 150%; margin-bottom: 0cm; text-indent: 1.3cm;\">\n<b>A<br \/>\ngdy by\u0142 ju\u017c niedaleko domu, setnik wys\u0142a\u0142 do Niego przyjaci\u00f3\u0142 z<br \/>\npro\u015bb\u0105: \u201ePanie, nie trud\u017a si\u0119, bo nie jestem godzien, aby\u015b<br \/>\nwszed\u0142 pod dach m\u00f3j. I dlatego ja sam nie uwa\u017ca\u0142em si\u0119 za<br \/>\ngodnego przyj\u015b\u0107 do Ciebie. Lecz powiedz s\u0142owo, a m\u00f3j s\u0142uga<br \/>\nb\u0119dzie uzdrowiony. Bo i ja, cho\u0107 podlegam w\u0142adzy, mam pod sob\u0105<br \/>\n\u017co\u0142nierzy. M\u00f3wi\u0119 temu: \u00abId\u017a\u00bb, a idzie; drugiemu: \u00abChod\u017a\u00bb, a<br \/>\nprzychodzi; a mojemu s\u0142udze: \u00abZr\u00f3b to\u00bb, a robi\u201d.<\/b><\/div>\n<div align=\"justify\" style=\"background: transparent; font-style: normal; font-variant: normal; letter-spacing: normal; line-height: 150%; margin-bottom: 0cm; text-indent: 1.3cm;\">\n<b>Gdy<br \/>\nJezus to us\u0142ysza\u0142, zadziwi\u0142 si\u0119 i zwracaj\u0105c si\u0119 do t\u0142umu,<br \/>\nkt\u00f3ry szed\u0142 za Nim, rzek\u0142: \u201ePowiadam wam: Tak wielkiej wiary nie<br \/>\nznalaz\u0142em nawet w Izraelu\u201d.<\/b><\/div>\n<div align=\"justify\" style=\"background: transparent; font-style: normal; font-variant: normal; letter-spacing: normal; line-height: 150%; margin-bottom: 0cm; text-indent: 1.3cm;\">\n<b>A<br \/>\ngdy wys\u0142ani wr\u00f3cili do domu, zastali s\u0142ug\u0119 zdrowego.<\/b><\/div>\n<div align=\"justify\" style=\"line-height: 150%; margin-bottom: 0cm;\">\n<\/p>\n<\/div>\n<div align=\"justify\" style=\"background: transparent; font-style: normal; font-variant: normal; font-weight: normal; letter-spacing: normal; line-height: 150%; margin-bottom: 0cm; page-break-before: auto; text-indent: 1.3cm;\">\nOdczytujemy<br \/>\ndzisiaj w liturgii dwa \u2013 powiedzieliby\u015bmy \u2013 <b>teksty \u017ar\u00f3d\u0142owe<br \/>\ndla liturgii Mszy \u015awi\u0119tej,<\/b> a dok\u0142adniej: dla liturgii<br \/>\neucharystycznej. W pierwszym czytaniu bowiem znajdujemy <b>opis<br \/>\nustanowienia Eucharystii<\/b> i s\u0142owa, kt\u00f3re \u2013 w nieco<br \/>\nrozbudowanej formie \u2013 s\u0142yszymy w trakcie Przeistoczenia. Z kolei<br \/>\nEwangelia przynosi nam <b>przepi\u0119kne s\u0142owa rzymskiego setnika,<\/b><br \/>\nkt\u00f3re teraz ca\u0142y Ko\u015bci\u00f3\u0142 powtarza w ka\u017cdej Mszy \u015awi\u0119tej, tu\u017c<br \/>\nprzed Komuni\u0105 \u015awi\u0119t\u0105 \u2013 oczywi\u015bcie, tak\u017ce w zmodyfikowanej<br \/>\nnieco formie.\n<\/div>\n<div align=\"justify\" style=\"background: transparent; font-style: normal; font-variant: normal; font-weight: normal; letter-spacing: normal; line-height: 150%; margin-bottom: 0cm; text-indent: 1.3cm;\">\nW<br \/>\nobu przypadkach zarysowany zosta\u0142 <b>kontekst, w jakim jedne i<br \/>\ndrugie s\u0142owa zosta\u0142y wypowiedziane.<\/b> Owszem, w przypadku tekstu<br \/>\nAposto\u0142a Paw\u0142a, nie mamy do czynienia z relacj\u0105 naocznego \u015bwiadka<br \/>\nustanowienia Eucharystii, czyli uczestnika Ostatniej Wieczerzy: Paw\u0142a<br \/>\nw\u00f3wczas nie by\u0142o w Wieczerniku. Dlatego opis ustanowienie<br \/>\nEucharystii wprowadza on s\u0142owami: <i><b>Ja bowiem otrzyma\u0142em od<br \/>\nPana to, co wam przekaza\u0142em\u2026<\/b><\/i><b> <\/b>\n<\/div>\n<div align=\"justify\" style=\"background: transparent; font-style: normal; font-variant: normal; font-weight: normal; letter-spacing: normal; line-height: 150%; margin-bottom: 0cm; text-indent: 1.3cm;\">\nJest<br \/>\nto wi\u0119c relacja, jak\u0105 Aposto\u0142owi kto\u015b z\u0142o\u017cy\u0142, a on si\u0119 tylko<br \/>\nna ni\u0105 powo\u0142a\u0142. Natomiast <b>bli\u017cszym kontekstem <\/b>dla tego<br \/>\nopisu sta\u0142y si\u0119 <b>nadu\u017cycia,<\/b> kt\u00f3re w sprawowaniu Eucharystii<br \/>\n\u2013 o dziwo! \u2013 ju\u017c wtedy mia\u0142y miejsce. Trudny to \u2013 trzeba<br \/>\nprzyzna\u0107 \u2013 kontekst, skoro Aposto\u0142 musia\u0142 skierowa\u0107 takie to<br \/>\ns\u0142owa upomnienia: <i><b>G<\/b><\/i><i><b>dy si\u0119 zbieracie, nie ma u<br \/>\nwas spo\u017cywania Wieczerzy Pa\u0144skiej. Ka\u017cdy bowiem ju\u017c wcze\u015bniej<br \/>\nzabiera si\u0119 do w\u0142asnego jedzenia, i tak si\u0119 zdarza, \u017ce jeden jest<br \/>\ng\u0142odny, podczas gdy drugi nietrze\u017awy. Czy\u017c nie macie dom\u00f3w, aby<br \/>\ntam je\u015b\u0107 i pi\u0107? Czy chcecie zniewa\u017ca\u0107 Bo\u017ce zgromadzenie i<br \/>\nzawstydza\u0107 tych, kt\u00f3rzy nic nie maj\u0105?<\/b><\/i>\n<\/div>\n<div align=\"justify\" style=\"background: transparent; font-style: normal; font-variant: normal; font-weight: normal; letter-spacing: normal; line-height: 150%; margin-bottom: 0cm; text-indent: 1.3cm;\">\nZ<br \/>\nkolei, kontekstem dla s\u0142\u00f3w, wypowiedzianych przez setnika, by\u0142a<br \/>\n<b>choroba jego ulubionego s\u0142ugi.<\/b> W obliczu tego nieszcz\u0119\u015bcia,<br \/>\nsetnik zwr\u00f3ci\u0142 si\u0119 o pomoc do Jezusa, nadto i starszyzna \u017cydowska<br \/>\n\u2013 fakt godny odnotowania! \u2013 <b>przemawia\u0142a w jego imieniu i<br \/>\nwstawia\u0142a si\u0119 za nim.<\/b>\n<\/div>\n<div align=\"justify\" style=\"background: transparent; font-style: normal; font-variant: normal; font-weight: normal; letter-spacing: normal; line-height: 150%; margin-bottom: 0cm; text-indent: 1.3cm;\">\nA<br \/>\nkiedy si\u0119 to sta\u0142o, to wypadki potoczy\u0142y si\u0119 ju\u017c bardzo szybko i<br \/>\nw spos\u00f3b zupe\u0142nie zaskakuj\u0105cy: Jezus postanowi\u0142 <b>od razu<br \/>\nosobi\u015bcie uda\u0107 si\u0119 <\/b>do domu setnika rzymskiego, a ten nagle<br \/>\npoczu\u0142 si\u0119 niegodny takiego zaszczytu, dlatego wys\u0142a\u0142 przyjaci\u00f3\u0142<br \/>\nz pro\u015bb\u0105, aby Jezus nie fatygowa\u0142 si\u0119 a\u017c tak bardzo, <b>tylko<br \/>\nzechcia\u0142 wypowiedzie\u0107 s\u0142owo\u2026<\/b> To z kolei zachwyci\u0142o Jezusa,<br \/>\nst\u0105d te\u017c wspania\u0142e s\u0142owa <b>pochwa\u0142y i uznania dla wielkiej<br \/>\nwiary setnika<\/b> \u2013 podkre\u015blmy to przy okazji wyra\u017anie: <b>dow\u00f3dcy<br \/>\nwojsk okupacyjnych!<\/b>\n<\/div>\n<div align=\"justify\" style=\"background: transparent; font-style: normal; font-variant: normal; font-weight: normal; letter-spacing: normal; line-height: 150%; margin-bottom: 0cm; text-indent: 1.3cm;\">\nIle\u017c<br \/>\ndziwnych \u2013 nie wiem, czy mo\u017cna to tak okre\u015bli\u0107 \u2013 zbieg\u00f3w<br \/>\nokoliczno\u015bci! <b>Ile\u017c niesamowitych wydarze\u0144,<\/b> wyj\u0105tkowych<br \/>\ns\u0142\u00f3w\u2026 I to wszystko, moi Drodzy, stanowi\u0142o kontekst dla s\u0142\u00f3w,<br \/>\nkt\u00f3re my dzisiaj wypowiadamy w ka\u017cdej Mszy \u015awi\u0119tej\u2026\n<\/div>\n<div align=\"justify\" style=\"background: transparent; font-style: normal; font-variant: normal; font-weight: normal; letter-spacing: normal; line-height: 150%; margin-bottom: 0cm; text-indent: 1.3cm;\">\nPatrz\u0105c<br \/>\nna ca\u0142o\u015b\u0107 dzisiejszej liturgii S\u0142owa, mo\u017cemy powiedzie\u0107, \u017ce<br \/>\n<b>kontekstem dla Eucharystii,<\/b> jak\u0105 my dzi\u015b prze\u017cywamy w<br \/>\ntakiej, a nie innej formie, <b>jest po prostu \u017cycie:<\/b> ludzkie<br \/>\n\u017cycie \u2013 we wszystkich jego ods\u0142onach. I tych <b>dobrych i<br \/>\npi\u0119knych<\/b> \u2013 ale te\u017c tych <b>trudnych, a nawet z\u0142ych. <\/b>\n<\/div>\n<div align=\"justify\" style=\"background: transparent; font-style: normal; font-variant: normal; font-weight: normal; letter-spacing: normal; line-height: 150%; margin-bottom: 0cm; text-indent: 1.3cm;\">\nZobaczmy:<br \/>\nnawet w dzisiejszych czytaniach mamy zderzenie dw\u00f3ch <b>skrajnie<br \/>\nprzeciwstawnych sobie sytuacji.<\/b> O ile bowiem w Ewangelii<br \/>\nkontekstem dla s\u0142\u00f3w, kt\u00f3re wypowiadamy dzi\u015b we Mszy \u015awi\u0119tej,<br \/>\njest <b>wielka wiara<\/b><b> <\/b><b>setnika<\/b> i ogromna wdzi\u0119czno\u015b\u0107<br \/>\ncz\u0142onk\u00f3w narodu wybranego \u2013 a wi\u0119c same najpi\u0119kniejsze postawy<br \/>\n\u2013 o tyle ju\u017c Pawe\u0142 umieszcza s\u0142owa Przeistoczenia <b>w<br \/>\nkontek\u015bcie fatalnych nadu\u017cy\u0107<\/b> w sprawowaniu Eucharystii, kt\u00f3re<br \/>\nto nadu\u017cycia mia\u0142y miejsce w tak wczesnym okresie istnienia<br \/>\nKo\u015bcio\u0142a.\n<\/div>\n<div align=\"justify\" style=\"background: transparent; font-style: normal; font-variant: normal; font-weight: normal; letter-spacing: normal; line-height: 150%; margin-bottom: 0cm; text-indent: 1.3cm;\">\nZatem,<br \/>\njak si\u0119 przekonujemy, <b>Eucharystia jest bardzo mocno zwi\u0105zana z<br \/>\n\u017cyciem cz\u0142owieka.<\/b> Dotyczy ludzkiego \u017cycia i cz\u0142owieczego losu<br \/>\nwe wszystkich jego ods\u0142onach. A to prowadzi nas do wniosku, \u017ce cho\u0107<br \/>\nEucharystia <b>jest darem z Nieba,<\/b> to jednocze\u015bnie \u2013 je\u015bli<br \/>\nidzie o form\u0119 jej sprawowania \u2013 jest <b>z \u017cycia wzi\u0119ta. <\/b>S\u0142owa,<br \/>\nkt\u00f3re w jej trakcie wypowiadamy, powsta\u0142y w okre\u015blonych<br \/>\nkontekstach, a chleb i wino, kt\u00f3re stanowi\u0105 jej materi\u0119, to<br \/>\nprzecie\u017c <b>owoc ziemi i<\/b> <b>pracy r\u0105k ludzkich.<\/b> Eucharystia<br \/>\n\u2013 dar Nieba \u2013 i jednocze\u015bnie: z \u017cycia wzi\u0119ta\u2026\n<\/div>\n<div align=\"justify\" style=\"background: transparent; font-style: normal; font-variant: normal; font-weight: normal; letter-spacing: normal; line-height: 150%; margin-bottom: 0cm; text-indent: 1.3cm;\">\nA<br \/>\nskoro tak, to ka\u017cda i ka\u017cdy z nas musi postawi\u0107 sobie i<br \/>\nodpowiedzie\u0107 na to jedno pytanie: <b>W jakim stopniu wp\u0142ywa ona na<br \/>\nmoje \u017cycie?\u2026<\/b><\/div>\n","protected":false},"excerpt":{"rendered":"<p>Szcz\u0119\u015b\u0107 Bo\u017ce! Moi Drodzy, w dniu wczorajszym imieniny prze\u017cywa\u0142a Kamila Malinowska, zaanga\u017cowana w swoim czasie w dzia\u0142alno\u015b\u0107 Wsp\u00f3lnot m\u0142odzie\u017cowych. Dzisiaj natomiast imieniny prze\u017cywa Ksi\u0105dz Robert Bartosik, za moich czas\u00f3w \u2013 Wikariusz Parafii w Tr\u0105bkach. Obojgu Solenizantom \u017cycz\u0119 tak wielkiej wiary, jak\u0105 dzi\u015b samego Jezusa zachwyci\u0142 setnik z Ewangelii. Zapewniam o modlitwie. Pami\u0119tajmy dzi\u015b w modlitwie [&hellip;]<\/p>\n","protected":false},"author":1,"featured_media":0,"comment_status":"open","ping_status":"open","sticky":false,"template":"","format":"standard","meta":{"jetpack_post_was_ever_published":false,"_jetpack_newsletter_access":"","_jetpack_dont_email_post_to_subs":false,"_jetpack_newsletter_tier_id":0,"_jetpack_memberships_contains_paywalled_content":false,"_jetpack_memberships_contains_paid_content":false,"footnotes":""},"categories":[1],"tags":[],"class_list":["post-7169","post","type-post","status-publish","format-standard","hentry","category-bez-kategorii"],"yoast_head":"<!-- This site is optimized with the Yoast SEO plugin v25.1 - https:\/\/yoast.com\/wordpress\/plugins\/seo\/ -->\n<title>Eucharystia - z \u017cycia wzi\u0119ta... - Gaudium Et Spes<\/title>\n<meta name=\"robots\" content=\"index, follow, max-snippet:-1, max-image-preview:large, max-video-preview:-1\" \/>\n<link rel=\"canonical\" href=\"https:\/\/gaudiumetspes-blog.pl\/index.php\/2018\/09\/17\/eucharystia-z-zycia-wzieta\/\" \/>\n<meta property=\"og:locale\" content=\"pl_PL\" \/>\n<meta property=\"og:type\" content=\"article\" \/>\n<meta property=\"og:title\" content=\"Eucharystia - z \u017cycia wzi\u0119ta... - Gaudium Et Spes\" \/>\n<meta property=\"og:description\" content=\"Szcz\u0119\u015b\u0107 Bo\u017ce! Moi Drodzy, w dniu wczorajszym imieniny prze\u017cywa\u0142a Kamila Malinowska, zaanga\u017cowana w swoim czasie w dzia\u0142alno\u015b\u0107 Wsp\u00f3lnot m\u0142odzie\u017cowych. Dzisiaj natomiast imieniny prze\u017cywa Ksi\u0105dz Robert Bartosik, za moich czas\u00f3w \u2013 Wikariusz Parafii w Tr\u0105bkach. Obojgu Solenizantom \u017cycz\u0119 tak wielkiej wiary, jak\u0105 dzi\u015b samego Jezusa zachwyci\u0142 setnik z Ewangelii. Zapewniam o modlitwie. Pami\u0119tajmy dzi\u015b w modlitwie [&hellip;]\" \/>\n<meta property=\"og:url\" content=\"https:\/\/gaudiumetspes-blog.pl\/index.php\/2018\/09\/17\/eucharystia-z-zycia-wzieta\/\" \/>\n<meta property=\"og:site_name\" content=\"Gaudium Et Spes\" \/>\n<meta property=\"article:published_time\" content=\"2018-09-17T02:36:00+00:00\" \/>\n<meta property=\"article:modified_time\" content=\"2019-07-31T10:57:45+00:00\" \/>\n<meta name=\"author\" content=\"Ks. Jacek\" \/>\n<meta name=\"twitter:card\" content=\"summary_large_image\" \/>\n<meta name=\"twitter:label1\" content=\"Napisane przez\" \/>\n\t<meta name=\"twitter:data1\" content=\"Ks. Jacek\" \/>\n\t<meta name=\"twitter:label2\" content=\"Szacowany czas czytania\" \/>\n\t<meta name=\"twitter:data2\" content=\"7 minut\" \/>\n<script type=\"application\/ld+json\" class=\"yoast-schema-graph\">{\"@context\":\"https:\/\/schema.org\",\"@graph\":[{\"@type\":\"WebPage\",\"@id\":\"https:\/\/gaudiumetspes-blog.pl\/index.php\/2018\/09\/17\/eucharystia-z-zycia-wzieta\/\",\"url\":\"https:\/\/gaudiumetspes-blog.pl\/index.php\/2018\/09\/17\/eucharystia-z-zycia-wzieta\/\",\"name\":\"Eucharystia - z \u017cycia wzi\u0119ta... - Gaudium Et Spes\",\"isPartOf\":{\"@id\":\"https:\/\/gaudiumetspes-blog.pl\/#website\"},\"datePublished\":\"2018-09-17T02:36:00+00:00\",\"dateModified\":\"2019-07-31T10:57:45+00:00\",\"author\":{\"@id\":\"https:\/\/gaudiumetspes-blog.pl\/#\/schema\/person\/1661982992b752dea8dff0d4ed845a65\"},\"breadcrumb\":{\"@id\":\"https:\/\/gaudiumetspes-blog.pl\/index.php\/2018\/09\/17\/eucharystia-z-zycia-wzieta\/#breadcrumb\"},\"inLanguage\":\"pl-PL\",\"potentialAction\":[{\"@type\":\"ReadAction\",\"target\":[\"https:\/\/gaudiumetspes-blog.pl\/index.php\/2018\/09\/17\/eucharystia-z-zycia-wzieta\/\"]}]},{\"@type\":\"BreadcrumbList\",\"@id\":\"https:\/\/gaudiumetspes-blog.pl\/index.php\/2018\/09\/17\/eucharystia-z-zycia-wzieta\/#breadcrumb\",\"itemListElement\":[{\"@type\":\"ListItem\",\"position\":1,\"name\":\"Strona g\u0142\u00f3wna\",\"item\":\"https:\/\/gaudiumetspes-blog.pl\/\"},{\"@type\":\"ListItem\",\"position\":2,\"name\":\"Eucharystia &#8211; z \u017cycia wzi\u0119ta&#8230;\"}]},{\"@type\":\"WebSite\",\"@id\":\"https:\/\/gaudiumetspes-blog.pl\/#website\",\"url\":\"https:\/\/gaudiumetspes-blog.pl\/\",\"name\":\"Gaudium Et Spes\",\"description\":\"Blog Ks. Jacka Ja\u015bkowskiego\",\"potentialAction\":[{\"@type\":\"SearchAction\",\"target\":{\"@type\":\"EntryPoint\",\"urlTemplate\":\"https:\/\/gaudiumetspes-blog.pl\/?s={search_term_string}\"},\"query-input\":{\"@type\":\"PropertyValueSpecification\",\"valueRequired\":true,\"valueName\":\"search_term_string\"}}],\"inLanguage\":\"pl-PL\"},{\"@type\":\"Person\",\"@id\":\"https:\/\/gaudiumetspes-blog.pl\/#\/schema\/person\/1661982992b752dea8dff0d4ed845a65\",\"name\":\"Ks. Jacek\",\"image\":{\"@type\":\"ImageObject\",\"inLanguage\":\"pl-PL\",\"@id\":\"https:\/\/gaudiumetspes-blog.pl\/#\/schema\/person\/image\/\",\"url\":\"https:\/\/gaudiumetspes-blog.pl\/wp-content\/uploads\/2019\/07\/avatar-JJ-150x150.jpg\",\"contentUrl\":\"https:\/\/gaudiumetspes-blog.pl\/wp-content\/uploads\/2019\/07\/avatar-JJ-150x150.jpg\",\"caption\":\"Ks. Jacek\"},\"description\":\"Witam serdecznie! K\u0142ania si\u0119 Ks. Jacek Ja\u015bkowski. Nie jestem ani kim\u015b wa\u017cnym, ani kim\u015b znanym. Jestem ksi\u0119dzem, kt\u00f3ry po prostu chce rozmawia\u0107. Codzienna kap\u0142a\u0144ska pos\u0142uga pokazuje mi, \u017ce temat\u00f3w do rozm\u00f3w z ksi\u0119dzem jest coraz wi\u0119cej i dzisiaj \u017caden ksi\u0105dz nie mo\u017ce od nich ucieka\u0107, ale - wprost przeciwnie - podejmowa\u0107 nowe wyzwania. To przekonanie sk\u0142oni\u0142o mnie do pr\u00f3by otwarcia tego\u017c bloga, chocia\u017c okazji do rozm\u00f3w na co dzie\u0144 - w konfesjonale i poza nim - na szcz\u0119\u015bcie nie brakuje. My\u015bl\u0119 jednak, \u017ce ten blog b\u0119dzie jeszcze jednym sposobem i przestrzeni\u0105 nawi\u0105zania kontaktu z lud\u017ami dobrej woli, otwartymi na dialog.\",\"url\":\"https:\/\/gaudiumetspes-blog.pl\/index.php\/author\/ks-jacek\/\"}]}<\/script>\n<!-- \/ Yoast SEO plugin. -->","yoast_head_json":{"title":"Eucharystia - z \u017cycia wzi\u0119ta... - Gaudium Et Spes","robots":{"index":"index","follow":"follow","max-snippet":"max-snippet:-1","max-image-preview":"max-image-preview:large","max-video-preview":"max-video-preview:-1"},"canonical":"https:\/\/gaudiumetspes-blog.pl\/index.php\/2018\/09\/17\/eucharystia-z-zycia-wzieta\/","og_locale":"pl_PL","og_type":"article","og_title":"Eucharystia - z \u017cycia wzi\u0119ta... - Gaudium Et Spes","og_description":"Szcz\u0119\u015b\u0107 Bo\u017ce! Moi Drodzy, w dniu wczorajszym imieniny prze\u017cywa\u0142a Kamila Malinowska, zaanga\u017cowana w swoim czasie w dzia\u0142alno\u015b\u0107 Wsp\u00f3lnot m\u0142odzie\u017cowych. Dzisiaj natomiast imieniny prze\u017cywa Ksi\u0105dz Robert Bartosik, za moich czas\u00f3w \u2013 Wikariusz Parafii w Tr\u0105bkach. Obojgu Solenizantom \u017cycz\u0119 tak wielkiej wiary, jak\u0105 dzi\u015b samego Jezusa zachwyci\u0142 setnik z Ewangelii. Zapewniam o modlitwie. Pami\u0119tajmy dzi\u015b w modlitwie [&hellip;]","og_url":"https:\/\/gaudiumetspes-blog.pl\/index.php\/2018\/09\/17\/eucharystia-z-zycia-wzieta\/","og_site_name":"Gaudium Et Spes","article_published_time":"2018-09-17T02:36:00+00:00","article_modified_time":"2019-07-31T10:57:45+00:00","author":"Ks. Jacek","twitter_card":"summary_large_image","twitter_misc":{"Napisane przez":"Ks. Jacek","Szacowany czas czytania":"7 minut"},"schema":{"@context":"https:\/\/schema.org","@graph":[{"@type":"WebPage","@id":"https:\/\/gaudiumetspes-blog.pl\/index.php\/2018\/09\/17\/eucharystia-z-zycia-wzieta\/","url":"https:\/\/gaudiumetspes-blog.pl\/index.php\/2018\/09\/17\/eucharystia-z-zycia-wzieta\/","name":"Eucharystia - z \u017cycia wzi\u0119ta... - Gaudium Et Spes","isPartOf":{"@id":"https:\/\/gaudiumetspes-blog.pl\/#website"},"datePublished":"2018-09-17T02:36:00+00:00","dateModified":"2019-07-31T10:57:45+00:00","author":{"@id":"https:\/\/gaudiumetspes-blog.pl\/#\/schema\/person\/1661982992b752dea8dff0d4ed845a65"},"breadcrumb":{"@id":"https:\/\/gaudiumetspes-blog.pl\/index.php\/2018\/09\/17\/eucharystia-z-zycia-wzieta\/#breadcrumb"},"inLanguage":"pl-PL","potentialAction":[{"@type":"ReadAction","target":["https:\/\/gaudiumetspes-blog.pl\/index.php\/2018\/09\/17\/eucharystia-z-zycia-wzieta\/"]}]},{"@type":"BreadcrumbList","@id":"https:\/\/gaudiumetspes-blog.pl\/index.php\/2018\/09\/17\/eucharystia-z-zycia-wzieta\/#breadcrumb","itemListElement":[{"@type":"ListItem","position":1,"name":"Strona g\u0142\u00f3wna","item":"https:\/\/gaudiumetspes-blog.pl\/"},{"@type":"ListItem","position":2,"name":"Eucharystia &#8211; z \u017cycia wzi\u0119ta&#8230;"}]},{"@type":"WebSite","@id":"https:\/\/gaudiumetspes-blog.pl\/#website","url":"https:\/\/gaudiumetspes-blog.pl\/","name":"Gaudium Et Spes","description":"Blog Ks. Jacka Ja\u015bkowskiego","potentialAction":[{"@type":"SearchAction","target":{"@type":"EntryPoint","urlTemplate":"https:\/\/gaudiumetspes-blog.pl\/?s={search_term_string}"},"query-input":{"@type":"PropertyValueSpecification","valueRequired":true,"valueName":"search_term_string"}}],"inLanguage":"pl-PL"},{"@type":"Person","@id":"https:\/\/gaudiumetspes-blog.pl\/#\/schema\/person\/1661982992b752dea8dff0d4ed845a65","name":"Ks. Jacek","image":{"@type":"ImageObject","inLanguage":"pl-PL","@id":"https:\/\/gaudiumetspes-blog.pl\/#\/schema\/person\/image\/","url":"https:\/\/gaudiumetspes-blog.pl\/wp-content\/uploads\/2019\/07\/avatar-JJ-150x150.jpg","contentUrl":"https:\/\/gaudiumetspes-blog.pl\/wp-content\/uploads\/2019\/07\/avatar-JJ-150x150.jpg","caption":"Ks. Jacek"},"description":"Witam serdecznie! K\u0142ania si\u0119 Ks. Jacek Ja\u015bkowski. Nie jestem ani kim\u015b wa\u017cnym, ani kim\u015b znanym. Jestem ksi\u0119dzem, kt\u00f3ry po prostu chce rozmawia\u0107. Codzienna kap\u0142a\u0144ska pos\u0142uga pokazuje mi, \u017ce temat\u00f3w do rozm\u00f3w z ksi\u0119dzem jest coraz wi\u0119cej i dzisiaj \u017caden ksi\u0105dz nie mo\u017ce od nich ucieka\u0107, ale - wprost przeciwnie - podejmowa\u0107 nowe wyzwania. To przekonanie sk\u0142oni\u0142o mnie do pr\u00f3by otwarcia tego\u017c bloga, chocia\u017c okazji do rozm\u00f3w na co dzie\u0144 - w konfesjonale i poza nim - na szcz\u0119\u015bcie nie brakuje. My\u015bl\u0119 jednak, \u017ce ten blog b\u0119dzie jeszcze jednym sposobem i przestrzeni\u0105 nawi\u0105zania kontaktu z lud\u017ami dobrej woli, otwartymi na dialog.","url":"https:\/\/gaudiumetspes-blog.pl\/index.php\/author\/ks-jacek\/"}]}},"jetpack_featured_media_url":"","jetpack_sharing_enabled":true,"_links":{"self":[{"href":"https:\/\/gaudiumetspes-blog.pl\/index.php\/wp-json\/wp\/v2\/posts\/7169","targetHints":{"allow":["GET"]}}],"collection":[{"href":"https:\/\/gaudiumetspes-blog.pl\/index.php\/wp-json\/wp\/v2\/posts"}],"about":[{"href":"https:\/\/gaudiumetspes-blog.pl\/index.php\/wp-json\/wp\/v2\/types\/post"}],"author":[{"embeddable":true,"href":"https:\/\/gaudiumetspes-blog.pl\/index.php\/wp-json\/wp\/v2\/users\/1"}],"replies":[{"embeddable":true,"href":"https:\/\/gaudiumetspes-blog.pl\/index.php\/wp-json\/wp\/v2\/comments?post=7169"}],"version-history":[{"count":1,"href":"https:\/\/gaudiumetspes-blog.pl\/index.php\/wp-json\/wp\/v2\/posts\/7169\/revisions"}],"predecessor-version":[{"id":14349,"href":"https:\/\/gaudiumetspes-blog.pl\/index.php\/wp-json\/wp\/v2\/posts\/7169\/revisions\/14349"}],"wp:attachment":[{"href":"https:\/\/gaudiumetspes-blog.pl\/index.php\/wp-json\/wp\/v2\/media?parent=7169"}],"wp:term":[{"taxonomy":"category","embeddable":true,"href":"https:\/\/gaudiumetspes-blog.pl\/index.php\/wp-json\/wp\/v2\/categories?post=7169"},{"taxonomy":"post_tag","embeddable":true,"href":"https:\/\/gaudiumetspes-blog.pl\/index.php\/wp-json\/wp\/v2\/tags?post=7169"}],"curies":[{"name":"wp","href":"https:\/\/api.w.org\/{rel}","templated":true}]}}