{"id":7172,"date":"2018-09-14T04:36:00","date_gmt":"2018-09-14T02:36:00","guid":{"rendered":"https:\/\/gaudiumetspes-blog.pl\/index.php\/2018\/09\/14\/czym-tak-naprawde-jest-dla-mnie-krzyz\/"},"modified":"2019-07-31T12:57:45","modified_gmt":"2019-07-31T10:57:45","slug":"czym-tak-naprawde-jest-dla-mnie-krzyz","status":"publish","type":"post","link":"https:\/\/gaudiumetspes-blog.pl\/index.php\/2018\/09\/14\/czym-tak-naprawde-jest-dla-mnie-krzyz\/","title":{"rendered":"Czym tak naprawd\u0119 jest dla mnie Krzy\u017c?&#8230;"},"content":{"rendered":"<p><\/p>\n<div align=\"justify\" style=\"font-weight: normal; line-height: 150%; margin-bottom: 0cm;\">\nSzcz\u0119\u015b\u0107<br \/>\nBo\u017ce! Moi Drodzy, <b>wczoraj \u2013 ju\u017c po zamieszczeniu rozwa\u017cania \u2013<br \/>\ndowiedzia\u0142em si\u0119, \u017ce w godzinach porannych odszed\u0142 do Pana m\u00f3j<br \/>\nDziadek, Edmund Ja\u015bkowski. W lipcu sko\u0144czy\u0142 dziewi\u0119\u0107dziesi\u0105t<br \/>\nlat, przy czym ostatnie lata naznaczone by\u0142y ci\u0119\u017ck\u0105 chorob\u0105 i<br \/>\nbrakiem \u015bwiadomego kontaktu z otoczeniem. Troje Jego Dzieci na<br \/>\nzmian\u0119 czuwa\u0142o przy Nim i akurat wczoraj by\u0142 z Nim nasz Tato, od<br \/>\nkt\u00f3rego <\/b><b>w\u0142a\u015bnie <\/b><b>dowiedzia\u0142em si\u0119 o odej\u015bciu<br \/>\nDziadka. Pogrzeb odb\u0119dzie si\u0119 w poniedzia\u0142ek. Prosz\u0119, aby\u015bcie<br \/>\nzechcieli po\u0142\u0105czy\u0107 si\u0119 z nasz\u0105 Rodzin\u0105 w modlitwie o pok\u00f3j<br \/>\nwieczny dla \u015b.p. Edmunda. Ju\u017c teraz za to dzi\u0119kuj\u0119.<\/b><\/div>\n<div align=\"justify\" style=\"background: transparent; line-height: 150%; margin-bottom: 0cm; page-break-before: auto; text-indent: 1.3cm;\">\n<b>A<br \/>\nurodziny dzisiaj prze\u017cywa nasz Ko\u015bcielny \u2013 jak Go zwykle nazywam:<br \/>\nPan Dyrektor \u2013 Grzegorz Matysiak. Dzi\u0119kuj\u0105c Mu za bardzo ofiarn\u0105<br \/>\ns\u0142u\u017cb\u0119 w Parafii, za niezwyk\u0142e poczucie humoru i otwarto\u015b\u0107 na<br \/>\nludzi, \u017cycz\u0119 sta\u0142ej blisko\u015bci z Jezusem i wszelkiego Bo\u017cego<br \/>\nb\u0142ogos\u0142awie\u0144stwa, oraz tak bardzo potrzebnego zdrowia. Zapewniam o<br \/>\nmodlitwie.<\/b><\/div>\n<div align=\"justify\" style=\"background: transparent; font-weight: normal; line-height: 150%; margin-bottom: 0cm; text-indent: 1.3cm;\">\nWczorajsze<br \/>\nnasze modlitewne spotkanie, w ramach nabo\u017ce\u0144stwa fatimskiego,<br \/>\nnaprawd\u0119 pi\u0119knie przebieg\u0142o. Podzi\u0119kowa\u0142em zreszt\u0105 na koniec za<br \/>\nprzygotowane rozwa\u017cania i poprowadzone kolejne dziesi\u0105tki R\u00f3\u017ca\u0144ca<br \/>\n\u015awi\u0119tego, za pi\u0119kn\u0105 opraw\u0119 liturgii i za posprz\u0105tanie otoczenia<br \/>\nko\u015bcio\u0142a przez owe siedem Os\u00f3b, o kt\u00f3rych wczoraj wspomnia\u0142em.\n<\/div>\n<div align=\"justify\" style=\"background: transparent; font-weight: normal; line-height: 150%; margin-bottom: 0cm; text-indent: 1.3cm;\">\nW<br \/>\nzwi\u0105zku z tym jednak, musia\u0142em tak\u017ce wypowiedzie\u0107 kilka gorzkich<br \/>\ns\u0142\u00f3w, o czym tak\u017ce wczoraj pisa\u0142em. Zaznaczy\u0142em jednak, \u017ce owo<br \/>\npodsumowanie i podzi\u0119kowanie za nabo\u017ce\u0144stwo jest z mojej strony<br \/>\nnie tylko tak\u0105 grzeczno\u015bciow\u0105 etykiet\u0105, ale elementem formacji i<br \/>\nprzygotowania do przyj\u0119cia Sakramentu. Bo przygotowanie do<br \/>\nBierzmowania to nie tyle nauczenie si\u0119 kilku pyta\u0144 na egzamin, co<br \/>\nkszta\u0142towanie postawy.\n<\/div>\n<div align=\"justify\" style=\"background: transparent; font-weight: normal; line-height: 150%; margin-bottom: 0cm; text-indent: 1.3cm;\">\nDobrego<br \/>\ndnia Wszystkim \u017cycz\u0119!<\/div>\n<div align=\"center\" style=\"font-weight: normal; line-height: 150%; margin-bottom: 0cm;\">\nGaudium<br \/>\net spes!  Ks. Jacek<\/div>\n<div align=\"justify\" style=\"line-height: 150%; margin-bottom: 0cm;\">\n<\/p>\n<\/div>\n<div align=\"justify\" style=\"line-height: 150%; margin-bottom: 0cm;\">\n<b>\u015awi\u0119to<br \/>\nPodwy\u017cszenia Krzy\u017ca \u015awi\u0119tego,<\/b><\/div>\n<div align=\"justify\" style=\"line-height: 150%; margin-bottom: 0cm;\">\n<b>do<br \/>\nczyta\u0144 z t. VI Lekcjonarza:  Lb 21,4b\u20139;  Flp 2,6\u201311;  J 3,13\u201317<\/b><\/div>\n<div align=\"justify\" style=\"line-height: 150%; margin-bottom: 0cm;\">\n<\/p>\n<\/div>\n<div align=\"justify\" style=\"font-style: normal; font-variant: normal; letter-spacing: normal; line-height: 150%; margin-bottom: 0cm;\">\n<b>CZYTANIE<br \/>\nZ KSI\u0118GI LICZB:<\/b><\/div>\n<div align=\"justify\" style=\"background: transparent; font-style: normal; font-variant: normal; letter-spacing: normal; line-height: 150%; margin-bottom: 0cm; orphans: 2; page-break-before: auto; text-indent: 1.3cm; widows: 2;\">\n<b>W<br \/>\nowych dniach podczas drogi lud straci\u0142 cierpliwo\u015b\u0107. I zacz\u0119li<br \/>\nm\u00f3wi\u0107 przeciw Bogu i Moj\u017ceszowi: \u201eCzemu wyprowadzili\u015bcie nas z<br \/>\nEgiptu, by\u015bmy tu na pustyni pomarli? Nie ma chleba ani wody, a<br \/>\nuprzykrzy\u0142 si\u0119 nam ju\u017c ten pokarm mizerny\u201d.<\/b><\/div>\n<div align=\"justify\" style=\"background: transparent; font-style: normal; font-variant: normal; letter-spacing: normal; line-height: 150%; margin-bottom: 0cm; orphans: 2; text-indent: 1.3cm; widows: 2;\">\n<b>Zes\u0142a\u0142<br \/>\nwi\u0119c Pan na lud w\u0119\u017ce o jadzie pal\u0105cym, kt\u00f3re k\u0105sa\u0142y ludzi, tak<br \/>\n\u017ce wielka liczba Izraelit\u00f3w zmar\u0142a. Przybyli zatem ludzie do<br \/>\nMoj\u017cesza, m\u00f3wi\u0105c: \u201eZgrzeszyli\u015bmy, szemrz\u0105c przeciw Panu i<br \/>\nprzeciwko tobie. Wstaw si\u0119 za nami do Pana, aby oddali\u0142 od nas<br \/>\nw\u0119\u017ce\u201d. I wstawi\u0142 si\u0119 Moj\u017cesz za ludem.<\/b><\/div>\n<div align=\"justify\" style=\"background: transparent; font-style: normal; font-variant: normal; letter-spacing: normal; line-height: 150%; margin-bottom: 0cm; orphans: 2; text-indent: 1.3cm; widows: 2;\">\n<b>Wtedy<br \/>\nrzek\u0142 Pan do Moj\u017cesza: \u201eSporz\u0105d\u017a w\u0119\u017ca i umie\u015b\u0107 go na<br \/>\nwysokim palu; wtedy ka\u017cdy uk\u0105szony, je\u015bli tylko spojrzy na niego,<br \/>\nzostanie przy \u017cyciu\u201d. Sporz\u0105dzi\u0142 wi\u0119c Moj\u017cesz w\u0119\u017ca z br\u0105zu<br \/>\ni umie\u015bci\u0142 go na wysokim palu. I rzeczywi\u015bcie, je\u015bli kogo w\u0105\u017c<br \/>\nuk\u0105si\u0142, a uk\u0105szony spojrza\u0142 na w\u0119\u017ca z br\u0105zu, zostawa\u0142 przy<br \/>\n\u017cyciu.<\/b><\/div>\n<div align=\"justify\" style=\"font-style: normal; font-variant: normal; font-weight: normal; letter-spacing: normal; line-height: 150%; margin-bottom: 0cm; orphans: 2; widows: 2;\">\n<\/p>\n<\/div>\n<div align=\"justify\" style=\"font-style: normal; font-variant: normal; letter-spacing: normal; line-height: 150%; margin-bottom: 0cm; orphans: 2; widows: 2;\">\n<b>CZYTANIE<br \/>\nZ LISTU \u015aWI\u0118TEGO PAW\u0141A APOSTO\u0141A DO FILIPIAN:<\/b><\/div>\n<div align=\"justify\" style=\"background: transparent; font-style: normal; font-variant: normal; letter-spacing: normal; line-height: 150%; margin-bottom: 0cm; orphans: 2; page-break-before: auto; text-indent: 1.3cm; widows: 2;\">\n<b>Chrystus<br \/>\nJezus, istniej\u0105c w postaci Bo\u017cej, nie skorzysta\u0142 ze sposobno\u015bci,<br \/>\naby na r\u00f3wni by\u0107 z Bogiem, lecz ogo\u0142oci\u0142 samego siebie,<br \/>\nprzyj\u0105wszy posta\u0107 s\u0142ugi, stawszy si\u0119 podobnym do ludzi. A w<br \/>\nzewn\u0119trznym przejawie uznany za cz\u0142owieka, uni\u017cy\u0142 samego siebie,<br \/>\nstawszy si\u0119 pos\u0142usznym a\u017c do \u015bmierci, i to \u015bmierci krzy\u017cowej.<\/b><\/div>\n<div align=\"justify\" style=\"background: transparent; font-style: normal; font-variant: normal; letter-spacing: normal; line-height: 150%; margin-bottom: 0cm; orphans: 2; text-indent: 1.3cm; widows: 2;\">\n<b>Dlatego<br \/>\nte\u017c B\u00f3g Go nad wszystko wywy\u017cszy\u0142 i darowa\u0142 Mu imi\u0119 ponad<br \/>\nwszelkie imi\u0119, aby na imi\u0119 Jezusa zgi\u0119\u0142o si\u0119 ka\u017cde kolano istot<br \/>\nniebieskich i ziemskich, i podziemnych, i aby wszelki j\u0119zyk wyzna\u0142,<br \/>\n\u017ce Jezus Chrystus jest Panem ku chwale Boga Ojca.<\/b><\/div>\n<div align=\"justify\" style=\"font-style: normal; font-variant: normal; font-weight: normal; letter-spacing: normal; line-height: 150%; margin-bottom: 0cm; orphans: 2; widows: 2;\">\n<\/p>\n<\/div>\n<div align=\"justify\" style=\"font-style: normal; font-variant: normal; letter-spacing: normal; line-height: 150%; margin-bottom: 0cm; orphans: 2; widows: 2;\">\n<b>S\u0141OWA<br \/>\nEWANGELII WED\u0141UG \u015aWI\u0118TEGO JANA:<\/b><\/div>\n<div align=\"justify\" style=\"background: transparent; font-style: normal; font-variant: normal; letter-spacing: normal; line-height: 150%; margin-bottom: 0cm; orphans: 2; page-break-before: auto; text-indent: 1.3cm; widows: 2;\">\n<b>Jezus<br \/>\npowiedzia\u0142 do Nikodema: \u201eNikt nie wst\u0105pi\u0142 do nieba, opr\u00f3cz<br \/>\nTego, kt\u00f3ry z nieba zst\u0105pi\u0142, Syna Cz\u0142owieczego.<\/b><\/div>\n<div align=\"justify\" style=\"background: transparent; font-style: normal; font-variant: normal; letter-spacing: normal; line-height: 150%; margin-bottom: 0cm; orphans: 2; text-indent: 1.3cm; widows: 2;\">\n<b>A<br \/>\njak Moj\u017cesz wywy\u017cszy\u0142 w\u0119\u017ca na pustyni, tak potrzeba, by<br \/>\nwywy\u017cszono Syna Cz\u0142owieczego, aby ka\u017cdy, kto w Niego wierzy, mia\u0142<br \/>\n\u017cycie wieczne.<\/b><\/div>\n<div align=\"justify\" style=\"background: transparent; font-style: normal; font-variant: normal; letter-spacing: normal; line-height: 150%; margin-bottom: 0cm; orphans: 2; text-indent: 1.3cm; widows: 2;\">\n<b>Tak<br \/>\nbowiem B\u00f3g umi\u0142owa\u0142 \u015bwiat, \u017ce Syna swego Jednorodzonego da\u0142,<br \/>\naby ka\u017cdy, kto w Niego wierzy, nie zgin\u0105\u0142, ale mia\u0142 \u017cycie<br \/>\nwieczne. Albowiem B\u00f3g nie pos\u0142a\u0142 swego Syna na \u015bwiat po to, aby<br \/>\n\u015bwiat pot\u0119pi\u0142, ale po to, by \u015bwiat zosta\u0142 przez Niego zbawiony\u201d.<\/b><\/div>\n<div align=\"justify\" style=\"line-height: 150%; margin-bottom: 0cm;\">\n<\/p>\n<\/div>\n<div align=\"justify\" style=\"background: transparent; line-height: 150%; margin-bottom: 0cm; page-break-before: auto; text-indent: 1.3cm;\">\nOtaczamy<br \/>\ndzisiaj o\u0142tarz Chrystusa, aby wyrazi\u0107 Mu nasz\u0105 g\u0142\u0119bok\u0105<br \/>\n<b>wdzi\u0119czno\u015b\u0107 za <\/b><b>K<\/b><b>rzy\u017c.<\/b> Dzi\u0119kujemy Mu za znak<br \/>\nnaszej wiary, za znak naszego<br \/>\nzbawienia.\n<\/div>\n<div align=\"justify\" style=\"background: transparent; line-height: 150%; margin-bottom: 0cm; text-indent: 1.3cm;\">\n<b>Jak<br \/>\nwielk\u0105 tajemnic\u0105 jest <\/b><b>K<\/b><b>rzy\u017c! <\/b>Jak ogromn\u0105 tre\u015b\u0107<br \/>\nw sobie zawiera! Zdawa\u0107 by si\u0119 mog\u0142o: przecie\u017c to tylko dwie<br \/>\nskrzy\u017cowane belki, pionowa i pozioma\u2026 Ale dla ka\u017cdego, kto na<br \/>\nniego spojrzy, kto pod nim stanie, jest on <b>znakiem wyj\u0105tkowym. <\/b>\n<\/div>\n<div align=\"justify\" style=\"background: transparent; line-height: 150%; margin-bottom: 0cm; text-indent: 1.3cm;\">\nW<br \/>\nstaro\u017cytno\u015bci \u2013 znak ha\u0144by, narz\u0119dzie najbardziej odra\u017caj\u0105cej<br \/>\n\u015bmierci. Od dnia jednak, kiedy na krzy\u017cu odda\u0142 swe \u017cycie Syn<br \/>\nBoga, sta\u0142 si\u0119 krzy\u017c <b>znakiem nadziei i ratunku. <\/b>Krzy\u017c to<br \/>\nznak, w kt\u00f3rym w przedziwny spos\u00f3b <b>sprawy Boskie \u0142\u0105cz\u0105 si\u0119<br \/>\nze sprawami ludzkimi,<\/b> sprawy Nieba \u2013 ze sprawami ziemi.<br \/>\nChrystus, kt\u00f3ry na krzy\u017cu zawis\u0142 pomi\u0119dzy Niebem a ziemi\u0105,<br \/>\nzjednoczy\u0142 w sobie Niebo i ziemi\u0119, <b>zbli\u017cy\u0142 je do siebie.<\/b><br \/>\nPoprzez jedn\u0105 i wyj\u0105tkow\u0105 Ofiar\u0119 ze swego \u017cycia \u2013 dokona\u0142<br \/>\nzbawienia cz\u0142owieka.\n<\/div>\n<div align=\"justify\" style=\"background: transparent; line-height: 150%; margin-bottom: 0cm; text-indent: 1.3cm;\">\nTak<br \/>\nwyra\u017anie m\u00f3wi o tym dzisiaj \u015awi\u0119ty Pawe\u0142 w drugim czytaniu:<br \/>\n<i><b>Chrystus Jezus istniej\u0105c w postaci Bo\u017cej nie skorzysta\u0142 ze<br \/>\nsposobno\u015bci, aby na r\u00f3wni by\u0107 z Bogiem, lecz ogo\u0142oci\u0142 samego<br \/>\nsiebie, przyj\u0105wszy posta\u0107 s\u0142ugi, stawszy si\u0119 podobnym do ludzi. A<br \/>\nw tym, co zewn\u0119trzne uznany za cz\u0142owieka, uni\u017cy\u0142 samego siebie,<br \/>\nstawszy si\u0119 pos\u0142usznym a\u017c do \u015bmierci i to \u015bmierci krzy\u017cowej. <\/b><\/i>\n<\/div>\n<div align=\"justify\" style=\"background: transparent; line-height: 150%; margin-bottom: 0cm; text-indent: 1.3cm;\">\nKrzy\u017c<br \/>\ndlatego jest tak dostojny i \u015bwi\u0119ty, \u017ce na nim Jezus Chrystus, B\u00f3g<br \/>\nCz\u0142owiek, z\u0142o\u017cy\u0142 w\u0142a\u015bnie ow\u0105 <b>doskona\u0142\u0105 Ofiar\u0119.<\/b> Sam w<br \/>\nsobie krzy\u017c zapewne nie znaczy\u0142by nic, co najwy\u017cej dalej<br \/>\npozosta\u0142by znakiem ha\u0144by, znakiem wielkiej przegranej\u2026 Odk\u0105d<br \/>\njednak Jezus u\u015bwi\u0119ci\u0142 Go, krzy\u017c zyska\u0142 <b>bardzo g\u0142\u0119boki<br \/>\nwymiar, <\/b>g\u0142\u0119bok\u0105 tre\u015b\u0107. Sta\u0142 si\u0119 znakiem wielkiego<br \/>\nzwyci\u0119stwa \u2013 zwyci\u0119stwa, kt\u00f3re zosta\u0142o odniesione raz na zawsze<br \/>\ni ostatecznie.\n<\/div>\n<div align=\"justify\" style=\"background: transparent; line-height: 150%; margin-bottom: 0cm; text-indent: 1.3cm;\">\nI<br \/>\ndlatego, prze\u017cywaj\u0105c Drog\u0119 Krzy\u017cow\u0105, za ka\u017cdym razem<br \/>\npowtarzamy: <b>\u201e<\/b><b>K\u0142aniamy<br \/>\nCi si\u0119, Panie Jezu Chryste, i b\u0142ogos\u0142awimy Tobie, \u017ce\u015b przez<br \/>\n<\/b><b>K<\/b><b>rzy\u017c<br \/>\ni <\/b><b>M<\/b><b>\u0119k\u0119<br \/>\nswoj\u0105 \u015bwiat odkupi\u0107 raczy\u0142\u201d.<\/b> Krzy\u017c to znak<br \/>\nzwyci\u0119stwa, a wi\u0119c \u2013 znak ratunku i nadziei. Kto pod tym znakiem<br \/>\nzwraca swoj\u0105 my\u015bl i serce do Chrystusa, z pewno\u015bci\u0105 jest na<br \/>\nw\u0142a\u015bciwej drodze i z pewno\u015bci\u0105 jest <b>bezpieczny w obliczu<br \/>\nprzeciwno\u015bci.<\/b><\/div>\n<div align=\"justify\" style=\"background: transparent; line-height: 150%; margin-bottom: 0cm; text-indent: 1.3cm;\">\nTak,<br \/>\njak Izraelici, kt\u00f3rzy spogl\u0105daj\u0105c na miedzianego w\u0119\u017ca, doznawali<br \/>\nuzdrowienia od uk\u0105sze\u0144 w\u0119\u017ca prawdziwego, tak ten, kto z wiar\u0105<br \/>\nspogl\u0105da na Krzy\u017c, doznaje <b>uzdrowienia od uk\u0105sze\u0144 szatana. <\/b>A<br \/>\ns\u0105 to bardzo bolesne uk\u0105szenia i r\u00f3wnie\u017c nios\u0105 \u015bmier\u0107 \u2013<br \/>\n\u015bmier\u0107 tym gorsz\u0105, \u017ce duchow\u0105, nie tylko cielesn\u0105: <b>nios\u0105<br \/>\n\u015bmier\u0107 na wieki.<\/b> I dlatego w\u0105\u017c miedziany ze Starego<br \/>\nTestamentu by\u0142 <b>zapowiedzi\u0105 <\/b><b>K<\/b><b>rzy\u017ca \u2013<\/b><b><br \/>\ncentralnego znaku Nowego Testamentu<\/b><b>. <\/b>Oczywi\u015bcie,<br \/>\nzapowiedzi\u0105 do\u015b\u0107 dalek\u0105, bo tu by\u0142 tylko znak wykonany z<br \/>\nmiedzi, a na krzy\u017cu zawis\u0142 Jezus Chrystus, prawdziwy B\u00f3g i<br \/>\nprawdziwy Cz\u0142owiek. Ale poprzez ten znak miedzianego w\u0119\u017ca B\u00f3g<br \/>\nzapowiedzia\u0142, \u017ce w przysz\u0142o\u015bci inny znak b\u0119dzie ju\u017c nie tylko<br \/>\nsymbolem, ale i \u017ar\u00f3d\u0142em <b>ca\u0142kowitego uzdrowienia i uleczenia<\/b><br \/>\nz grzechu i \u015bmierci.\n<\/div>\n<div align=\"justify\" style=\"background: transparent; line-height: 150%; margin-bottom: 0cm; text-indent: 1.3cm;\">\nI<br \/>\nw\u0142a\u015bnie Krzy\u017c jest takim znakiem i \u017ar\u00f3d\u0142em. On zawiera w sobie<br \/>\nt\u0119 moc, t\u0119 wielk\u0105 moc! Ale jego moc i skuteczno\u015b\u0107 le\u017cy <b>nie w<br \/>\nnim samym.<\/b> Krzy\u017c mo\u017ce sta\u0107 dumnie i wynio\u015ble, mo\u017ce by\u0107<br \/>\nozdobny i b\u0142yszcze\u0107 z daleka, mo\u017ce wznosi\u0107 si\u0119 wysoko ponad<br \/>\ng\u00f3rami i poziomami, mo\u017ce by\u0107 bogaty i ozdobny, a<br \/>\njednocze\u015bnie<br \/>\nmo\u017ce<b> wcale nie<br \/>\nby\u0107 znakiem zbawienia, bo jego <\/b><b>moc<br \/>\ni <\/b><b>skuteczno\u015b\u0107 \u2013<\/b><b><br \/>\n<\/b>\u017ceby<br \/>\nto jeszcze raz powt\u00f3rzy\u0107 <b>\u2013<br \/>\n<\/b><b>le\u017cy w sercu<br \/>\ncz\u0142owieka!<\/b>\n<\/div>\n<div align=\"justify\" style=\"background: transparent; line-height: 150%; margin-bottom: 0cm; text-indent: 1.3cm;\">\nZale\u017cy<br \/>\nod tego, czy krzy\u017c, wisz\u0105cy na \u015bcianie; czy krzy\u017c, dumnie stoj\u0105cy<br \/>\ni ozdobny \u2013 <b>znajdzie miejsce w moim sercu.<\/b> Czy ja ten Krzy\u017c<br \/>\npotraktuj\u0119 powa\u017cnie, czy ja ten Krzy\u017c <b>uczyni\u0119<\/b> <b>drogowskazem<\/b><br \/>\nw swoim \u017cyciu, czy ten Krzy\u017c b\u0119dzie dla mnie bram\u0105 do zbawienia.<br \/>\nCzy ja z tym Krzy\u017cem <b>b\u0119d\u0119 si\u0119 liczy\u0142 <\/b><b>bardzo<br \/>\nkonkretnie<\/b> we<br \/>\nwszystkich okoliczno\u015bciach \u017cycia, nie tylko od \u015bwi\u0119ta czy<br \/>\nrekolekcji. Czy b\u0119dzie on dla mnie przede wszystkim znakiem<br \/>\nduchowym\u2026<\/div>\n<div align=\"justify\" style=\"background: transparent; line-height: 150%; margin-bottom: 0cm; text-indent: 1.3cm;\">\nBo<br \/>\nmo\u017ce wystawi\u0119 przepi\u0119kny krzy\u017c na pomniku nagrobnym \u2013 taki<br \/>\nkrzy\u017c, kt\u00f3ry swoim rozmiarem i blaskiem zwr\u00f3ci uwag\u0119 wszystkich<br \/>\nprzechodz\u0105cych \u2013 a wcale nie b\u0119d\u0119 pami\u0119ta\u0142, <b>aby si\u0119 modli\u0107<br \/>\nza swoich <\/b><b>Z<\/b><b>mar\u0142ych,<\/b> aby \u0142\u0105czy\u0107 si\u0119 z Ofiar\u0105<br \/>\nChrystusa za ich zbawienie. I c\u00f3\u017c z najbardziej okaza\u0142ego i<br \/>\nozdobnego krzy\u017ca na pomniku?<\/div>\n<div align=\"justify\" style=\"background: transparent; line-height: 150%; margin-bottom: 0cm; text-indent: 1.3cm;\">\nA<br \/>\nmo\u017ce wystawi\u0119 przepi\u0119kny krzy\u017c przed swoim domem \u2013 taki krzy\u017c,<br \/>\nkt\u00f3ry z daleka b\u0119dzie wznosi\u0142 si\u0119 i zachwyca\u0142, gdy tymczasem <b>w<br \/>\n<\/b><b>jego <\/b><b>obliczu b\u0119d\u0105 dokonywa\u0142y si\u0119 ci\u0105g\u0142e k\u0142\u00f3tnie<br \/>\n<\/b><b>rodzinne i <\/b><b>s\u0105siedzkie,<\/b> ci\u0105g\u0142e nieporozumienia,<br \/>\nniesnaski?\u2026 I mo\u017ce w moim domu zawiesz\u0119 przepi\u0119kny krzy\u017c na<br \/>\n\u015bcianie, gdy tymczasem to wszystko, co w domu b\u0119dzie si\u0119 dzia\u0142o,<br \/>\n<b>b\u0119dzie <\/b><b>mu po prostu ur\u0105ga\u0142o?\u2026<\/b><b> <\/b>I mo\u017ce<br \/>\npi\u0119kny z\u0142oty krzy\u017cyk zawiesz\u0119 na szyi, gdy tymczasem w moim sercu<br \/>\nwcale nie b\u0119dzie <b>Bo\u017cej atmosfery i Bo\u017cego pokoju.<\/b><\/div>\n<div align=\"justify\" style=\"background: transparent; line-height: 150%; margin-bottom: 0cm; text-indent: 1.3cm;\">\nTrzeba,<br \/>\nmoi Drodzy, przemy\u015ble\u0107 na nowo swoje odniesienie do Krzy\u017ca i do<br \/>\nChrystusa, kt\u00f3ry na nim dokona\u0142 tak wielkiego dzie\u0142a zbawienia. I<br \/>\ndlatego krzy\u017c na cmentarzu, na grobie najbli\u017cszych <b>musi m\u00f3wi\u0107<br \/>\no <\/b><b>mojej<\/b><b> ci\u0105g\u0142ej i systematycznej modlitwie<\/b> w<br \/>\nintencji ich zbawienia. Krzy\u017c przed moim domem <b>musi sygnalizowa\u0107<br \/>\nBo\u017c\u0105 atmosfer\u0119 w obej\u015bciu, w s\u0105siedztwie;<\/b> musi m\u00f3wi\u0107, \u017ce<br \/>\ntu mieszkaj\u0105 chrze\u015bcijanie, kt\u00f3rzy nie tylko raz do roku, na<br \/>\nWigili\u0119, m\u00f3wi\u0105 do siebie ludzkim g\u0142osem\u2026<\/div>\n<div align=\"justify\" style=\"background: transparent; line-height: 150%; margin-bottom: 0cm; text-indent: 1.3cm;\">\nKrzy\u017c<br \/>\nw moim domu <b>musi \u015bwiadczy\u0107, \u017ce <\/b><b>ja<\/b><b> wszystkie swoje<br \/>\nsprawy uk\u0142adam<\/b> w jego blasku, \u017ce na wszystko patrz\u0119 poprzez<br \/>\nten Krzy\u017c, \u017ce moja rodzina jest katolick\u0105 nie tylko z nazwy. Krzy\u017c<br \/>\nna mojej piersi <b>musi \u015bwiadczy\u0107 o <\/b><b>moim<\/b><b> \u017cyciu<br \/>\nchrze\u015bcija\u0144skim,<\/b> o przyst\u0119powaniu do Sakrament\u00f3w \u015awi\u0119tych,<br \/>\no systematycznej Mszy \u015awi\u0119tej.\n<\/div>\n<div align=\"justify\" style=\"background: transparent; line-height: 150%; margin-bottom: 0cm; text-indent: 1.3cm;\">\nKr\u00f3tko<br \/>\nm\u00f3wi\u0105c, Krzy\u017c w moim \u017cyciu \u2013 oboj\u0119tnie, gdzie by nie sta\u0142, w<br \/>\nkt\u00f3rym miejscu by si\u0119 nie znajdowa\u0142 \u2013 ma by\u0107 <b>znakiem <\/b><b>mojej<\/b><b><br \/>\nwiary,<\/b> a jednocze\u015bnie <b>ma t\u0119 wiar\u0119 pog\u0142\u0119bia\u0107; <\/b>wed\u0142ug<br \/>\ns\u0142\u00f3w samego Jezusa, kt\u00f3ry dzi\u015b w Ewangelii powiedzia\u0142:<i> <\/i><i><b>Jak<br \/>\nMoj\u017cesz wywy\u017cszy\u0142 w\u0119\u017ca na pustyni, tak potrzeba, by wywy\u017cszono<br \/>\nSyna Cz\u0142owieczego, aby ka\u017cdy, kto w Niego wierzy mia\u0142 \u017cycie<br \/>\nwieczne.<\/b><\/i> Takie s\u0142owa przed chwil\u0105 us\u0142yszeli\u015bmy: <i><b>Ka\u017cdy,<br \/>\nkto w Niego wierzy\u2026<\/b><\/i><\/div>\n<div align=\"justify\" style=\"background: transparent; line-height: 150%; margin-bottom: 0cm; text-indent: 1.3cm;\">\nW\u0142a\u015bnie,<br \/>\nstaj\u0105c dzisiaj w blasku Krzy\u017ca, musz\u0119 zapyta\u0107 siebie samego o<br \/>\nmoj\u0105 wiar\u0119, o jej autentyzm, o jej szczero\u015b\u0107 i prawdziwo\u015b\u0107. Czy<br \/>\nKrzy\u017c jest dla mnie przypomnieniem o Bogu, o wierze? <b>Jak wykonuj\u0119<br \/>\nm\u00f3j codzienny znak <\/b><b>K<\/b><b>rzy\u017ca<\/b> \u2013 czy uwa\u017cnie i<br \/>\npobo\u017cnie? Czy to nie jest jaki\u015b niedba\u0142y gest, zupe\u0142nie<br \/>\nniezrozumia\u0142y \u2013 co\u015b, co ma by\u0107 podobno znakiem Krzy\u017ca, ale tak<br \/>\nnaprawd\u0119 jest jakim\u015b <b>niewyra\u017anym machni\u0119ciem r\u0119ki,<\/b><br \/>\nzupe\u0142nie bez znaczenia?\u2026\n<\/div>\n<div align=\"justify\" style=\"background: transparent; line-height: 150%; margin-bottom: 0cm; text-indent: 1.3cm;\">\nA<br \/>\nprzecie\u017c czyni\u0105c znak Krzy\u017ca, wypowiadam okre\u015blone s\u0142owa,<br \/>\n<b>przyzywam ca\u0142\u0105 Tr\u00f3jc\u0119 \u015awi\u0119t\u0105.<\/b> Wzywam pomocy Tr\u00f3jcy do<br \/>\nswoich spraw \u2013 do tego, co aktualnie chc\u0119 czyni\u0107. Czy zdaj\u0119<br \/>\nsobie z tego spraw\u0119, \u017ce czyni\u0119 <b>znak mojej wiary?<\/b> Jak cz\u0119sto<br \/>\ngo czyni\u0119?\n<\/div>\n<div align=\"justify\" style=\"background: transparent; line-height: 150%; margin-bottom: 0cm; text-indent: 1.3cm;\">\nCzy<br \/>\npami\u0119tam o nim przed posi\u0142kiem, przed podr\u00f3\u017c\u0105, przed ko\u015bcio\u0142em,<br \/>\nprzed rozpocz\u0119ciem pracy? I czy ten znak, uczyniony w\u00f3wczas,<br \/>\nprzypomina mi, \u017ce czynno\u015b\u0107, kt\u00f3r\u0105 rozpoczynam, <b>ma mnie<br \/>\nzbli\u017cy\u0107 do Boga?<\/b> Je\u017celi uczyni\u0119 ten znak w pe\u0142ni \u015bwiadomie,<br \/>\nz pewno\u015bci\u0105 <b>nie b\u0119d\u0119 wykracza\u0142 przeciwko Bogu<\/b> ani czyni\u0142<br \/>\nczego\u015b, co si\u0119 Jemu nie podoba\u2026\n<\/div>\n<div align=\"justify\" style=\"background: transparent; line-height: 150%; margin-bottom: 0cm; text-indent: 1.3cm;\">\nA<br \/>\nzatem, <b>znak <\/b><b>K<\/b><b>rzy\u017ca ma <\/b><b>prze<\/b><b>ogromne<br \/>\nznaczenie <\/b>\u2013 musz\u0119 sobie z tego jasno i zawsze zdawa\u0107 spraw\u0119!<br \/>\nI tak, jak czyni\u0105c ten znak na sobie, <b>ogarniam <\/b><b>nim<\/b><b><br \/>\nca\u0142ego siebie:<\/b> m\u00f3j umys\u0142 i serce, moje ramiona &#8211; a wiec moj\u0105<br \/>\nsfer\u0119 duchow\u0105 i fizyczn\u0105, tak <b>K<\/b><b>rzy\u017c okre\u015bla ca\u0142e moje<br \/>\n\u017cycie<\/b> i wszystkie moje sprawy. Nic nie mo\u017ce by\u0107 spod jego mocy<br \/>\nwy\u0142\u0105czone. W ka\u017cdej chwili mojego \u017cycia Krzy\u017c musi mi<br \/>\nprzy\u015bwieca\u0107 i mnie prowadzi\u0107.\n<\/div>\n<div align=\"justify\" style=\"background: transparent; line-height: 150%; margin-bottom: 0cm; text-indent: 1.3cm;\">\nNie<br \/>\nmo\u017ce on by\u0107 znakiem ratunku tylko w\u00f3wczas, gdy wszystko przestanie<br \/>\nmi si\u0119 uk\u0142ada\u0107, gdy zacznie si\u0119 droga pod g\u00f3r\u0119. Nie mog\u0119 przed<br \/>\nKrzy\u017cem kl\u0119ka\u0107 <b>tylko w\u00f3wczas, gdy poczuj\u0119 strach<\/b> czy b\u0119d\u0119<br \/>\nod Boga czego\u015b potrzebowa\u0142. Ten krzy\u017c musi by\u0107 obecny zawsze i<br \/>\n<b>zawsze musz\u0119 go traktowa\u0107 bardzo powa\u017cnie:<\/b> ka\u017cdego dnia,<br \/>\nw\u015br\u00f3d rado\u015bci i smutku, w powodzeniu i niepowodzeniu. Nie tak, jak<br \/>\nIzraelici, kt\u00f3rzy zacz\u0119li zbli\u017ca\u0107 si\u0119 do Boga i szuka\u0107 Jego<br \/>\nratunku dopiero wtedy, gdy Ten surowo ich ukara\u0142, ale w\u0142a\u015bnie<br \/>\nw\u00f3wczas, gdy <b>wszystko idzie normalnym trybem, <\/b>wtedy tak\u017ce \u2013<br \/>\na mo\u017ce przede wszystkim \u2013 Krzy\u017c musi by\u0107 obecny w moim \u017cyciu.\n<\/div>\n<div align=\"justify\" style=\"background: transparent; line-height: 150%; margin-bottom: 0cm; text-indent: 1.3cm;\">\n<b>Podwy\u017cszenie<br \/>\nKrzy\u017ca \u015awi\u0119tego musi dokonywa\u0107 si\u0119 codziennie:<\/b> w moim sercu,<br \/>\nw moim \u017cyciu, w moim domu, w mojej rodzinie, w moim s\u0105siedztwie.<br \/>\nTylko w\u00f3wczas mog\u0119 uwa\u017ca\u0107 si\u0119 za <b>prawdziwego ucznia<br \/>\nChrystusa, <\/b>tylko w\u00f3wczas mog\u0119 cieszy\u0107 si\u0119 Krzy\u017cem jako moim<br \/>\nznakiem, znakiem mojej wiary. Tylko w\u00f3wczas mog\u0119 przed tym znakiem<br \/>\nkl\u0119ka\u0107 w postawie szczero\u015bci, tylko w\u00f3wczas <b>mog\u0119 naprawd\u0119<br \/>\nuwa\u017ca\u0107 si\u0119 za wierz\u0105cego.<\/b><\/div>\n<div align=\"justify\" style=\"background: transparent; line-height: 150%; margin-bottom: 0cm; text-indent: 1.3cm;\">\nTylko<br \/>\nw\u00f3wczas <b>zyskaj\u0105 sens moje cierpienia i do\u015bwiadczenia, <\/b>moje<br \/>\nchoroby, przeciwno\u015bci \u017cyciowe, bo b\u0119d\u0119 je prze\u017cywa\u0107 razem z<br \/>\nChrystusem, cierpi\u0105cym na krzy\u017cu. B\u0119dzie mi po prostu \u0142atwiej, a<br \/>\njednocze\u015bnie \u2013 moje cierpienia, po\u0142\u0105czone z cierpieniem<br \/>\nChrystusa, stan\u0105 si\u0119 pomoc\u0105 do <b>zbawienia mojego<\/b> albo kogo\u015b,<br \/>\n<b>za kogo to cierpienie zechc\u0119 ofiarowa\u0107. <\/b>\n<\/div>\n<div align=\"justify\" style=\"background: transparent; line-height: 150%; margin-bottom: 0cm; text-indent: 1.3cm;\">\nNaprawd\u0119,<br \/>\nKrzy\u017c zmienia oblicze mojego chrze\u015bcija\u0144stwa. <b>Chrze\u015bcijanin<br \/>\nbez <\/b><b>K<\/b><b>rzy\u017ca \u2013<\/b><b> <\/b><b>nie jest prawdziwym<br \/>\nchrze\u015bcijaninem.<\/b> Dlatego dzisiaj dobrze by\u0142oby jeszcze raz<br \/>\npomy\u015ble\u0107 i tak bardzo, ale to bardzo szczerze odpowiedzie\u0107 sobie \u2013<br \/>\nmo\u017ce po raz kolejny w \u017cyciu \u2013 na pytanie, <b>czym <\/b><b>tak<br \/>\nnaprawd\u0119 <\/b><b>jest dla mnie <\/b><b>Krzy\u017c?\u2026<\/b><\/div>\n","protected":false},"excerpt":{"rendered":"<p>Szcz\u0119\u015b\u0107 Bo\u017ce! Moi Drodzy, wczoraj \u2013 ju\u017c po zamieszczeniu rozwa\u017cania \u2013 dowiedzia\u0142em si\u0119, \u017ce w godzinach porannych odszed\u0142 do Pana m\u00f3j Dziadek, Edmund Ja\u015bkowski. W lipcu sko\u0144czy\u0142 dziewi\u0119\u0107dziesi\u0105t lat, przy czym ostatnie lata naznaczone by\u0142y ci\u0119\u017ck\u0105 chorob\u0105 i brakiem \u015bwiadomego kontaktu z otoczeniem. Troje Jego Dzieci na zmian\u0119 czuwa\u0142o przy Nim i akurat wczoraj by\u0142 [&hellip;]<\/p>\n","protected":false},"author":1,"featured_media":0,"comment_status":"open","ping_status":"open","sticky":false,"template":"","format":"standard","meta":{"jetpack_post_was_ever_published":false,"_jetpack_newsletter_access":"","_jetpack_dont_email_post_to_subs":false,"_jetpack_newsletter_tier_id":0,"_jetpack_memberships_contains_paywalled_content":false,"_jetpack_memberships_contains_paid_content":false,"footnotes":""},"categories":[1],"tags":[],"class_list":["post-7172","post","type-post","status-publish","format-standard","hentry","category-bez-kategorii"],"yoast_head":"<!-- This site is optimized with the Yoast SEO plugin v25.1 - https:\/\/yoast.com\/wordpress\/plugins\/seo\/ -->\n<title>Czym tak naprawd\u0119 jest dla mnie Krzy\u017c?... - Gaudium Et Spes<\/title>\n<meta name=\"robots\" content=\"index, follow, max-snippet:-1, max-image-preview:large, max-video-preview:-1\" \/>\n<link rel=\"canonical\" href=\"https:\/\/gaudiumetspes-blog.pl\/index.php\/2018\/09\/14\/czym-tak-naprawde-jest-dla-mnie-krzyz\/\" \/>\n<meta property=\"og:locale\" content=\"pl_PL\" \/>\n<meta property=\"og:type\" content=\"article\" \/>\n<meta property=\"og:title\" content=\"Czym tak naprawd\u0119 jest dla mnie Krzy\u017c?... - Gaudium Et Spes\" \/>\n<meta property=\"og:description\" content=\"Szcz\u0119\u015b\u0107 Bo\u017ce! Moi Drodzy, wczoraj \u2013 ju\u017c po zamieszczeniu rozwa\u017cania \u2013 dowiedzia\u0142em si\u0119, \u017ce w godzinach porannych odszed\u0142 do Pana m\u00f3j Dziadek, Edmund Ja\u015bkowski. W lipcu sko\u0144czy\u0142 dziewi\u0119\u0107dziesi\u0105t lat, przy czym ostatnie lata naznaczone by\u0142y ci\u0119\u017ck\u0105 chorob\u0105 i brakiem \u015bwiadomego kontaktu z otoczeniem. Troje Jego Dzieci na zmian\u0119 czuwa\u0142o przy Nim i akurat wczoraj by\u0142 [&hellip;]\" \/>\n<meta property=\"og:url\" content=\"https:\/\/gaudiumetspes-blog.pl\/index.php\/2018\/09\/14\/czym-tak-naprawde-jest-dla-mnie-krzyz\/\" \/>\n<meta property=\"og:site_name\" content=\"Gaudium Et Spes\" \/>\n<meta property=\"article:published_time\" content=\"2018-09-14T02:36:00+00:00\" \/>\n<meta property=\"article:modified_time\" content=\"2019-07-31T10:57:45+00:00\" \/>\n<meta name=\"author\" content=\"Ks. Jacek\" \/>\n<meta name=\"twitter:card\" content=\"summary_large_image\" \/>\n<meta name=\"twitter:label1\" content=\"Napisane przez\" \/>\n\t<meta name=\"twitter:data1\" content=\"Ks. Jacek\" \/>\n\t<meta name=\"twitter:label2\" content=\"Szacowany czas czytania\" \/>\n\t<meta name=\"twitter:data2\" content=\"12 minut\" \/>\n<script type=\"application\/ld+json\" class=\"yoast-schema-graph\">{\"@context\":\"https:\/\/schema.org\",\"@graph\":[{\"@type\":\"WebPage\",\"@id\":\"https:\/\/gaudiumetspes-blog.pl\/index.php\/2018\/09\/14\/czym-tak-naprawde-jest-dla-mnie-krzyz\/\",\"url\":\"https:\/\/gaudiumetspes-blog.pl\/index.php\/2018\/09\/14\/czym-tak-naprawde-jest-dla-mnie-krzyz\/\",\"name\":\"Czym tak naprawd\u0119 jest dla mnie Krzy\u017c?... - Gaudium Et Spes\",\"isPartOf\":{\"@id\":\"https:\/\/gaudiumetspes-blog.pl\/#website\"},\"datePublished\":\"2018-09-14T02:36:00+00:00\",\"dateModified\":\"2019-07-31T10:57:45+00:00\",\"author\":{\"@id\":\"https:\/\/gaudiumetspes-blog.pl\/#\/schema\/person\/1661982992b752dea8dff0d4ed845a65\"},\"breadcrumb\":{\"@id\":\"https:\/\/gaudiumetspes-blog.pl\/index.php\/2018\/09\/14\/czym-tak-naprawde-jest-dla-mnie-krzyz\/#breadcrumb\"},\"inLanguage\":\"pl-PL\",\"potentialAction\":[{\"@type\":\"ReadAction\",\"target\":[\"https:\/\/gaudiumetspes-blog.pl\/index.php\/2018\/09\/14\/czym-tak-naprawde-jest-dla-mnie-krzyz\/\"]}]},{\"@type\":\"BreadcrumbList\",\"@id\":\"https:\/\/gaudiumetspes-blog.pl\/index.php\/2018\/09\/14\/czym-tak-naprawde-jest-dla-mnie-krzyz\/#breadcrumb\",\"itemListElement\":[{\"@type\":\"ListItem\",\"position\":1,\"name\":\"Strona g\u0142\u00f3wna\",\"item\":\"https:\/\/gaudiumetspes-blog.pl\/\"},{\"@type\":\"ListItem\",\"position\":2,\"name\":\"Czym tak&nbsp;naprawd\u0119 jest dla mnie Krzy\u017c?&#8230;\"}]},{\"@type\":\"WebSite\",\"@id\":\"https:\/\/gaudiumetspes-blog.pl\/#website\",\"url\":\"https:\/\/gaudiumetspes-blog.pl\/\",\"name\":\"Gaudium Et Spes\",\"description\":\"Blog Ks. Jacka Ja\u015bkowskiego\",\"potentialAction\":[{\"@type\":\"SearchAction\",\"target\":{\"@type\":\"EntryPoint\",\"urlTemplate\":\"https:\/\/gaudiumetspes-blog.pl\/?s={search_term_string}\"},\"query-input\":{\"@type\":\"PropertyValueSpecification\",\"valueRequired\":true,\"valueName\":\"search_term_string\"}}],\"inLanguage\":\"pl-PL\"},{\"@type\":\"Person\",\"@id\":\"https:\/\/gaudiumetspes-blog.pl\/#\/schema\/person\/1661982992b752dea8dff0d4ed845a65\",\"name\":\"Ks. Jacek\",\"image\":{\"@type\":\"ImageObject\",\"inLanguage\":\"pl-PL\",\"@id\":\"https:\/\/gaudiumetspes-blog.pl\/#\/schema\/person\/image\/\",\"url\":\"https:\/\/gaudiumetspes-blog.pl\/wp-content\/uploads\/2019\/07\/avatar-JJ-150x150.jpg\",\"contentUrl\":\"https:\/\/gaudiumetspes-blog.pl\/wp-content\/uploads\/2019\/07\/avatar-JJ-150x150.jpg\",\"caption\":\"Ks. Jacek\"},\"description\":\"Witam serdecznie! K\u0142ania si\u0119 Ks. Jacek Ja\u015bkowski. Nie jestem ani kim\u015b wa\u017cnym, ani kim\u015b znanym. Jestem ksi\u0119dzem, kt\u00f3ry po prostu chce rozmawia\u0107. Codzienna kap\u0142a\u0144ska pos\u0142uga pokazuje mi, \u017ce temat\u00f3w do rozm\u00f3w z ksi\u0119dzem jest coraz wi\u0119cej i dzisiaj \u017caden ksi\u0105dz nie mo\u017ce od nich ucieka\u0107, ale - wprost przeciwnie - podejmowa\u0107 nowe wyzwania. To przekonanie sk\u0142oni\u0142o mnie do pr\u00f3by otwarcia tego\u017c bloga, chocia\u017c okazji do rozm\u00f3w na co dzie\u0144 - w konfesjonale i poza nim - na szcz\u0119\u015bcie nie brakuje. My\u015bl\u0119 jednak, \u017ce ten blog b\u0119dzie jeszcze jednym sposobem i przestrzeni\u0105 nawi\u0105zania kontaktu z lud\u017ami dobrej woli, otwartymi na dialog.\",\"url\":\"https:\/\/gaudiumetspes-blog.pl\/index.php\/author\/ks-jacek\/\"}]}<\/script>\n<!-- \/ Yoast SEO plugin. -->","yoast_head_json":{"title":"Czym tak naprawd\u0119 jest dla mnie Krzy\u017c?... - Gaudium Et Spes","robots":{"index":"index","follow":"follow","max-snippet":"max-snippet:-1","max-image-preview":"max-image-preview:large","max-video-preview":"max-video-preview:-1"},"canonical":"https:\/\/gaudiumetspes-blog.pl\/index.php\/2018\/09\/14\/czym-tak-naprawde-jest-dla-mnie-krzyz\/","og_locale":"pl_PL","og_type":"article","og_title":"Czym tak naprawd\u0119 jest dla mnie Krzy\u017c?... - Gaudium Et Spes","og_description":"Szcz\u0119\u015b\u0107 Bo\u017ce! Moi Drodzy, wczoraj \u2013 ju\u017c po zamieszczeniu rozwa\u017cania \u2013 dowiedzia\u0142em si\u0119, \u017ce w godzinach porannych odszed\u0142 do Pana m\u00f3j Dziadek, Edmund Ja\u015bkowski. W lipcu sko\u0144czy\u0142 dziewi\u0119\u0107dziesi\u0105t lat, przy czym ostatnie lata naznaczone by\u0142y ci\u0119\u017ck\u0105 chorob\u0105 i brakiem \u015bwiadomego kontaktu z otoczeniem. Troje Jego Dzieci na zmian\u0119 czuwa\u0142o przy Nim i akurat wczoraj by\u0142 [&hellip;]","og_url":"https:\/\/gaudiumetspes-blog.pl\/index.php\/2018\/09\/14\/czym-tak-naprawde-jest-dla-mnie-krzyz\/","og_site_name":"Gaudium Et Spes","article_published_time":"2018-09-14T02:36:00+00:00","article_modified_time":"2019-07-31T10:57:45+00:00","author":"Ks. Jacek","twitter_card":"summary_large_image","twitter_misc":{"Napisane przez":"Ks. Jacek","Szacowany czas czytania":"12 minut"},"schema":{"@context":"https:\/\/schema.org","@graph":[{"@type":"WebPage","@id":"https:\/\/gaudiumetspes-blog.pl\/index.php\/2018\/09\/14\/czym-tak-naprawde-jest-dla-mnie-krzyz\/","url":"https:\/\/gaudiumetspes-blog.pl\/index.php\/2018\/09\/14\/czym-tak-naprawde-jest-dla-mnie-krzyz\/","name":"Czym tak naprawd\u0119 jest dla mnie Krzy\u017c?... - Gaudium Et Spes","isPartOf":{"@id":"https:\/\/gaudiumetspes-blog.pl\/#website"},"datePublished":"2018-09-14T02:36:00+00:00","dateModified":"2019-07-31T10:57:45+00:00","author":{"@id":"https:\/\/gaudiumetspes-blog.pl\/#\/schema\/person\/1661982992b752dea8dff0d4ed845a65"},"breadcrumb":{"@id":"https:\/\/gaudiumetspes-blog.pl\/index.php\/2018\/09\/14\/czym-tak-naprawde-jest-dla-mnie-krzyz\/#breadcrumb"},"inLanguage":"pl-PL","potentialAction":[{"@type":"ReadAction","target":["https:\/\/gaudiumetspes-blog.pl\/index.php\/2018\/09\/14\/czym-tak-naprawde-jest-dla-mnie-krzyz\/"]}]},{"@type":"BreadcrumbList","@id":"https:\/\/gaudiumetspes-blog.pl\/index.php\/2018\/09\/14\/czym-tak-naprawde-jest-dla-mnie-krzyz\/#breadcrumb","itemListElement":[{"@type":"ListItem","position":1,"name":"Strona g\u0142\u00f3wna","item":"https:\/\/gaudiumetspes-blog.pl\/"},{"@type":"ListItem","position":2,"name":"Czym tak&nbsp;naprawd\u0119 jest dla mnie Krzy\u017c?&#8230;"}]},{"@type":"WebSite","@id":"https:\/\/gaudiumetspes-blog.pl\/#website","url":"https:\/\/gaudiumetspes-blog.pl\/","name":"Gaudium Et Spes","description":"Blog Ks. Jacka Ja\u015bkowskiego","potentialAction":[{"@type":"SearchAction","target":{"@type":"EntryPoint","urlTemplate":"https:\/\/gaudiumetspes-blog.pl\/?s={search_term_string}"},"query-input":{"@type":"PropertyValueSpecification","valueRequired":true,"valueName":"search_term_string"}}],"inLanguage":"pl-PL"},{"@type":"Person","@id":"https:\/\/gaudiumetspes-blog.pl\/#\/schema\/person\/1661982992b752dea8dff0d4ed845a65","name":"Ks. Jacek","image":{"@type":"ImageObject","inLanguage":"pl-PL","@id":"https:\/\/gaudiumetspes-blog.pl\/#\/schema\/person\/image\/","url":"https:\/\/gaudiumetspes-blog.pl\/wp-content\/uploads\/2019\/07\/avatar-JJ-150x150.jpg","contentUrl":"https:\/\/gaudiumetspes-blog.pl\/wp-content\/uploads\/2019\/07\/avatar-JJ-150x150.jpg","caption":"Ks. Jacek"},"description":"Witam serdecznie! K\u0142ania si\u0119 Ks. Jacek Ja\u015bkowski. Nie jestem ani kim\u015b wa\u017cnym, ani kim\u015b znanym. Jestem ksi\u0119dzem, kt\u00f3ry po prostu chce rozmawia\u0107. Codzienna kap\u0142a\u0144ska pos\u0142uga pokazuje mi, \u017ce temat\u00f3w do rozm\u00f3w z ksi\u0119dzem jest coraz wi\u0119cej i dzisiaj \u017caden ksi\u0105dz nie mo\u017ce od nich ucieka\u0107, ale - wprost przeciwnie - podejmowa\u0107 nowe wyzwania. To przekonanie sk\u0142oni\u0142o mnie do pr\u00f3by otwarcia tego\u017c bloga, chocia\u017c okazji do rozm\u00f3w na co dzie\u0144 - w konfesjonale i poza nim - na szcz\u0119\u015bcie nie brakuje. My\u015bl\u0119 jednak, \u017ce ten blog b\u0119dzie jeszcze jednym sposobem i przestrzeni\u0105 nawi\u0105zania kontaktu z lud\u017ami dobrej woli, otwartymi na dialog.","url":"https:\/\/gaudiumetspes-blog.pl\/index.php\/author\/ks-jacek\/"}]}},"jetpack_featured_media_url":"","jetpack_sharing_enabled":true,"_links":{"self":[{"href":"https:\/\/gaudiumetspes-blog.pl\/index.php\/wp-json\/wp\/v2\/posts\/7172","targetHints":{"allow":["GET"]}}],"collection":[{"href":"https:\/\/gaudiumetspes-blog.pl\/index.php\/wp-json\/wp\/v2\/posts"}],"about":[{"href":"https:\/\/gaudiumetspes-blog.pl\/index.php\/wp-json\/wp\/v2\/types\/post"}],"author":[{"embeddable":true,"href":"https:\/\/gaudiumetspes-blog.pl\/index.php\/wp-json\/wp\/v2\/users\/1"}],"replies":[{"embeddable":true,"href":"https:\/\/gaudiumetspes-blog.pl\/index.php\/wp-json\/wp\/v2\/comments?post=7172"}],"version-history":[{"count":1,"href":"https:\/\/gaudiumetspes-blog.pl\/index.php\/wp-json\/wp\/v2\/posts\/7172\/revisions"}],"predecessor-version":[{"id":14346,"href":"https:\/\/gaudiumetspes-blog.pl\/index.php\/wp-json\/wp\/v2\/posts\/7172\/revisions\/14346"}],"wp:attachment":[{"href":"https:\/\/gaudiumetspes-blog.pl\/index.php\/wp-json\/wp\/v2\/media?parent=7172"}],"wp:term":[{"taxonomy":"category","embeddable":true,"href":"https:\/\/gaudiumetspes-blog.pl\/index.php\/wp-json\/wp\/v2\/categories?post=7172"},{"taxonomy":"post_tag","embeddable":true,"href":"https:\/\/gaudiumetspes-blog.pl\/index.php\/wp-json\/wp\/v2\/tags?post=7172"}],"curies":[{"name":"wp","href":"https:\/\/api.w.org\/{rel}","templated":true}]}}