{"id":7185,"date":"2018-09-01T04:36:00","date_gmt":"2018-09-01T02:36:00","guid":{"rendered":"https:\/\/gaudiumetspes-blog.pl\/index.php\/2018\/09\/01\/piec-talentow-dwa-czy-jeden\/"},"modified":"2019-07-31T12:57:43","modified_gmt":"2019-07-31T10:57:43","slug":"piec-talentow-dwa-czy-jeden","status":"publish","type":"post","link":"https:\/\/gaudiumetspes-blog.pl\/index.php\/2018\/09\/01\/piec-talentow-dwa-czy-jeden\/","title":{"rendered":"Pi\u0119\u0107 talent\u00f3w, dwa, czy jeden?&#8230;"},"content":{"rendered":"<p><\/p>\n<div align=\"justify\" style=\"font-weight: normal; line-height: 150%; margin-bottom: 0cm;\">\nSzcz\u0119\u015b\u0107<br \/>\nBo\u017ce! Moi Drodzy, w dniu dzisiejszym <b>imieniny prze\u017cywa Ojciec<br \/>\nCezary Szcz\u0119\u015bniak, Kapucyn, <\/b><b>nale\u017c\u0105cy w swoim czasie do<br \/>\njednej z m\u0142odzie\u017cowych Wsp\u00f3lnot. Niech Mu Pan b\u0142ogos\u0142awi w<br \/>\nrealizacji powo\u0142ania kap\u0142a\u0144skiego i zakonnego. Zapewniam o<br \/>\nmodlitwie.<\/b><\/div>\n<div align=\"justify\" style=\"background: transparent; font-weight: normal; line-height: 150%; margin-bottom: 0cm; page-break-before: auto; text-indent: 1.3cm;\">\nA<br \/>\noto Ksi\u0105dz Marek dotar\u0142 ju\u017c do Surgutu. O 3:46 naszego czasu<br \/>\ndosta\u0142em zdj\u0119cie, zrobione jeszcze z samolotu, na kt\u00f3rym przez<br \/>\nokno samolotu wida\u0107 by\u0142o du\u017cy napis \u201eSurgut\u201d na budynku<br \/>\nterminalu lotniska. Temperatura na miejscu, w chwili l\u0105dowania<br \/>\nKsi\u0119dza Marka: + 5 stopni. Bogu niech b\u0119d\u0105 dzi\u0119ki za szcz\u0119\u015bliw\u0105<br \/>\npodr\u00f3\u017c Ksi\u0119dza Marka i za to ogromne dobro, jakiego B\u00f3g dokona\u0142<br \/>\nprzez Jego miesi\u0119czny pobyt w Polsce. Dzi\u0119kuj\u0119 tak\u017ce Wam, moi<br \/>\nDrodzy, za wspieranie Ksi\u0119dza Marka modlitw\u0105 \u2013 i prosz\u0119, aby\u015bmy<br \/>\nstale pami\u0119tali o Jego pos\u0142udze i o Jego Parafii<\/div>\n<div align=\"justify\" style=\"background: transparent; font-weight: normal; line-height: 150%; margin-bottom: 0cm; page-break-before: auto; text-indent: 1.3cm;\">\nDzisiaj<br \/>\nza\u015b, jak w ka\u017cd\u0105 sobot\u0119, mamy s\u0142\u00f3wko Jakuba. Bardzo Mu jestem<br \/>\nwdzi\u0119czny za to, \u017ce pomimo rozlicznych zaj\u0119\u0107, kt\u00f3rym si\u0119<br \/>\noddaje, bardzo konsekwentnie trzyma si\u0119 tego zobowi\u0105zania, kt\u00f3re<br \/>\ndobrowolnie wzi\u0105\u0142 na siebie \u2013 i w ka\u017cd\u0105 sobot\u0119 dzieli si\u0119 z<br \/>\nnami refleksj\u0105 nad Bo\u017cym s\u0142owem. Niech Pan b\u0119dzie uwielbiony w<br \/>\ntym Jego tw\u00f3rczym zaanga\u017cowaniu!<\/div>\n<div align=\"center\" style=\"font-weight: normal; line-height: 150%; margin-bottom: 0cm;\">\nGaudium<br \/>\net spes!  Ks. Jacek<\/div>\n<div align=\"justify\" style=\"line-height: 150%; margin-bottom: 0cm;\">\n<\/p>\n<\/div>\n<div align=\"justify\" style=\"line-height: 150%; margin-bottom: 0cm;\">\n<b>Sobota<br \/>\n21 Tygodnia zwyk\u0142ego, rok II,<\/b><\/div>\n<div align=\"justify\" style=\"line-height: 150%; margin-bottom: 0cm;\">\n<b>do<br \/>\nczyta\u0144:  1 Kor 1,26\u201331;  Mt 25,14\u201330<\/b><\/div>\n<div align=\"justify\" style=\"line-height: 150%; margin-bottom: 0cm;\">\n<\/p>\n<\/div>\n<div align=\"justify\" style=\"font-style: normal; font-variant: normal; letter-spacing: normal; line-height: 150%; margin-bottom: 0cm;\">\n<b>CZYTANIE<br \/>\nZ PIERWSZEGO LISTU \u015aWI\u0118TEGO PAW\u0141A APOSTO\u0141A DO KORYNTIAN:<\/b><\/div>\n<div align=\"justify\" style=\"background: transparent; font-style: normal; font-variant: normal; letter-spacing: normal; line-height: 150%; margin-bottom: 0cm; text-indent: 1.3cm;\">\n<b>Przypatrzcie<br \/>\nsi\u0119, bracia, powo\u0142aniu waszemu. Niewielu tam m\u0119drc\u00f3w wed\u0142ug<br \/>\noceny ludzkiej, niewielu mo\u017cnych, niewielu szlachetnie urodzonych.<br \/>\nB\u00f3g wybra\u0142 w\u0142a\u015bnie to, co g\u0142upie w oczach \u015bwiata, aby<br \/>\nzawstydzi\u0107 m\u0119drc\u00f3w, wybra\u0142 to, co niemocne, aby mocnych poni\u017cy\u0107;<br \/>\ni to, co nie jest szlachetnie urodzone wed\u0142ug \u015bwiata i wzgardzone,<br \/>\ni to, co nie jest, wyr\u00f3\u017cni\u0142 B\u00f3g, by to, co jest, unicestwi\u0107, tak<br \/>\nby si\u0119 \u017cadne stworzenie nie che\u0142pi\u0142o wobec Boga.<\/b><\/div>\n<div align=\"justify\" style=\"background: transparent; font-style: normal; font-variant: normal; letter-spacing: normal; line-height: 150%; margin-bottom: 0cm; text-indent: 1.3cm;\">\n<b>Przez<br \/>\nNiego bowiem jeste\u015bcie w Chrystusie Jezusie, kt\u00f3ry sta\u0142 si\u0119 dla<br \/>\nnas m\u0105dro\u015bci\u0105 od Boga i sprawiedliwo\u015bci\u0105, i u\u015bwi\u0119ceniem, i<br \/>\nodkupieniem, aby jak napisano, \u201ew Panu si\u0119 chlubi\u0142 ten, kto si\u0119<br \/>\nchlubi\u201d. <\/b>\n<\/div>\n<div align=\"justify\" style=\"font-style: normal; font-variant: normal; letter-spacing: normal; line-height: 150%; margin-bottom: 0cm;\">\n<\/p>\n<\/div>\n<div align=\"justify\" style=\"font-style: normal; font-variant: normal; letter-spacing: normal; line-height: 150%; margin-bottom: 0cm;\">\n<b>S\u0141OWA<br \/>\nEWANGELII WED\u0141UG \u015aWI\u0118TEGO MATEUSZA:<\/b><\/div>\n<div align=\"justify\" style=\"background: transparent; font-style: normal; font-variant: normal; letter-spacing: normal; line-height: 150%; margin-bottom: 0cm; text-indent: 1.3cm;\">\n<b>Jezus<br \/>\nopowiedzia\u0142 swoim uczniom nast\u0119puj\u0105c\u0105 przypowie\u015b\u0107: \u201ePewien<br \/>\ncz\u0142owiek, maj\u0105c si\u0119 uda\u0107 w podr\u00f3\u017c, przywo\u0142a\u0142 swoje s\u0142ugi i<br \/>\nprzekaza\u0142 im sw\u00f3j maj\u0105tek. Jednemu da\u0142 pi\u0119\u0107 talent\u00f3w, drugiemu<br \/>\ndwa, trzeciemu jeden, ka\u017cdemu wed\u0142ug jego zdolno\u015bci, i odjecha\u0142.<br \/>\nZaraz ten, kt\u00f3ry otrzyma\u0142 pi\u0119\u0107 talent\u00f3w, poszed\u0142, pu\u015bci\u0142 je w<br \/>\nobr\u00f3t i zyska\u0142 drugie pi\u0119\u0107. Tak samo i ten, kt\u00f3ry dwa otrzyma\u0142;<br \/>\non r\u00f3wnie\u017c zyska\u0142 drugie dwa. Ten za\u015b, kt\u00f3ry otrzyma\u0142 jeden,<br \/>\nposzed\u0142 i rozkopawszy ziemi\u0119, ukry\u0142 pieni\u0105dze swego pana.<\/b><\/div>\n<div align=\"justify\" style=\"background: transparent; font-style: normal; font-variant: normal; letter-spacing: normal; line-height: 150%; margin-bottom: 0cm; text-indent: 1.3cm;\">\n<b>Po<br \/>\nd\u0142u\u017cszym czasie powr\u00f3ci\u0142 pan owych s\u0142ug i zacz\u0105\u0142 si\u0119<br \/>\nrozlicza\u0107 z nimi.<\/b><\/div>\n<div align=\"justify\" style=\"background: transparent; font-style: normal; font-variant: normal; letter-spacing: normal; line-height: 150%; margin-bottom: 0cm; text-indent: 1.3cm;\">\n<b>W\u00f3wczas<br \/>\nprzyszed\u0142 ten, kt\u00f3ry otrzyma\u0142 pi\u0119\u0107 talent\u00f3w. Przyni\u00f3s\u0142 drugie<br \/>\npi\u0119\u0107 i rzek\u0142: \u00abPanie, przekaza\u0142e\u015b mi pi\u0119\u0107 talent\u00f3w, oto<br \/>\ndrugie pi\u0119\u0107 talent\u00f3w zyska\u0142em\u00bb. Rzek\u0142 mu pan: \u00abDobrze, s\u0142ugo<br \/>\ndobry i wierny. By\u0142e\u015b wierny w niewielu rzeczach, nad wieloma ci\u0119<br \/>\npostawi\u0119: wejd\u017a do rado\u015bci twego pana\u00bb.<\/b><\/div>\n<div align=\"justify\" style=\"background: transparent; font-style: normal; font-variant: normal; letter-spacing: normal; line-height: 150%; margin-bottom: 0cm; text-indent: 1.3cm;\">\n<b>Przyszed\u0142<br \/>\nr\u00f3wnie\u017c i ten, kt\u00f3ry otrzyma\u0142 dwa talenty, i powiedzia\u0142: \u00abPanie,<br \/>\nprzekaza\u0142e\u015b mi dwa talenty, oto drugie dwa talenty zyska\u0142em\u00bb.<br \/>\nRzek\u0142 mu pan: \u00abDobrze, s\u0142ugo dobry i wierny. By\u0142e\u015b wierny w<br \/>\nniewielu rzeczach, nad wieloma ci\u0119 postawi\u0119; wejd\u017a do rado\u015bci<br \/>\ntwego pana\u00bb.<\/b><\/div>\n<div align=\"justify\" style=\"background: transparent; font-style: normal; font-variant: normal; letter-spacing: normal; line-height: 150%; margin-bottom: 0cm; text-indent: 1.3cm;\">\n<b>Przyszed\u0142<br \/>\ni ten, kt\u00f3ry otrzyma\u0142 jeden talent, i rzek\u0142: \u00abPanie, wiedzia\u0142em,<br \/>\n\u017ce\u015b jest cz\u0142owiek twardy: chcesz \u017c\u0105\u0107 tam, gdzie nie posia\u0142e\u015b,<br \/>\ni zbiera\u0107 tam, gdzie\u015b nie rozsypa\u0142. Boj\u0105c si\u0119 wi\u0119c, poszed\u0142em<br \/>\ni ukry\u0142em tw\u00f3j talent w ziemi. Oto masz swoj\u0105 w\u0142asno\u015b\u0107\u00bb.<\/b><\/div>\n<div align=\"justify\" style=\"background: transparent; font-style: normal; font-variant: normal; letter-spacing: normal; line-height: 150%; margin-bottom: 0cm; text-indent: 1.3cm;\">\n<b>Odrzek\u0142<br \/>\nmu Pan jego: \u00abS\u0142ugo z\u0142y i gnu\u015bny! Wiedzia\u0142e\u015b, \u017ce chc\u0119 \u017c\u0105\u0107<br \/>\ntam, gdzie nie posia\u0142em, i zbiera\u0107 tam, gdziem nie rozsypa\u0142.<br \/>\nPowiniene\u015b wi\u0119c by\u0142 odda\u0107 moje pieni\u0105dze bankierom, a ja po<br \/>\npowrocie by\u0142bym z zyskiem odebra\u0142 swoj\u0105 w\u0142asno\u015b\u0107. Dlatego<br \/>\nodbierzcie mu ten talent, a dajcie temu, kt\u00f3ry ma dziesi\u0119\u0107<br \/>\ntalent\u00f3w. Ka\u017cdemu bowiem, kto ma, b\u0119dzie dodane, tak \u017ce nadmiar<br \/>\nmie\u0107 b\u0119dzie. Temu za\u015b, kto nie ma, zabior\u0105 nawet to, co ma. A<br \/>\ns\u0142ug\u0119 nieu\u017cytecznego wyrzu\u0107cie na zewn\u0105trz w ciemno\u015bci: tam<br \/>\nb\u0119dzie p\u0142acz i zgrzytanie z\u0119b\u00f3w\u00bb\u201d. <\/b>\n<\/div>\n<div align=\"justify\" style=\"line-height: 150%; margin-bottom: 0cm;\">\n<\/p>\n<\/div>\n<div align=\"center\" style=\"background: transparent; font-style: normal; font-variant: normal; letter-spacing: normal; line-height: 150%; margin-bottom: 0cm; page-break-before: auto;\">\n<b>A<br \/>\nOTO S\u0141\u00d3WKO JAKUBA:<\/b><\/div>\n<div align=\"justify\" style=\"background: transparent; font-style: normal; font-variant: normal; font-weight: normal; letter-spacing: normal; line-height: 150%; margin-bottom: 0cm; text-indent: 1.3cm;\">\n<\/p>\n<\/div>\n<div align=\"justify\" style=\"background: transparent; line-height: 150%; margin-bottom: 0cm; text-indent: 1.3cm;\">\nDzisiaj<br \/>\nwe fragmencie Ewangelii zobaczy\u0107 mo\u017cemy sytuacj\u0119, kt\u00f3r\u0105 tak<br \/>\nnaprawd\u0119 ka\u017cdy z nas zna (przynajmniej kojarzy). Przedstawia nam<br \/>\nona cz\u0142owieka i jego s\u0142u\u017cb\u0119. \u00d3w<br \/>\ncz\u0142owiek ma w swoim posiadaniu talenty, kt\u00f3re skrupulatnie dzieli<br \/>\npomi\u0119dzy swoje s\u0142ugi. Jednemu daje ich pi\u0119\u0107, drugiemu dwa, a<br \/>\ntrzeciemu jeden. Jest to ciekawe por\u00f3wnanie do tego, co da\u0142 nam<br \/>\nB\u00f3g.\n<\/div>\n<div align=\"justify\" style=\"background: transparent; font-style: normal; font-variant: normal; font-weight: normal; letter-spacing: normal; line-height: 150%; margin-bottom: 0cm; text-indent: 1.3cm;\">\nNasz<br \/>\nOjciec i Stw\u00f3rca obdarowa\u0142 nas i czeka na nas w niebie. Oczekuje<br \/>\njednak tego, \u017ce my co\u015b z tymi prezentami od Niego zrobimy, \u017ce<br \/>\npostaramy si\u0119 pomno\u017cy\u0107 to dobro, te talenty, kt\u00f3rymi nas<br \/>\nobdarzy\u0142. Dlatego naszym zadaniem jest upodabnianie si\u0119 do tych<br \/>\ns\u0142ug, kt\u00f3rzy mieli pi\u0119\u0107 i dwa talenty. Musimy, na miar\u0119 swoich<br \/>\nmo\u017cliwo\u015bci, zwi\u0119ksza\u0107 dobro wywodz\u0105ce si\u0119 z dar\u00f3w. Nie mo\u017cemy<br \/>\npozostawa\u0107 wci\u0105\u017c na tym samym poziomie. Powinni\u015bmy wci\u0105\u017c i\u015b\u0107<br \/>\nza ciosem, ca\u0142y czas pog\u0142\u0119bia\u0107 swoj\u0105 wiedz\u0119, zwi\u0119ksza\u0107 swoje<br \/>\numiej\u0119tno\u015bci, rozwija\u0107 talenty.<\/div>\n<div align=\"justify\" style=\"background: transparent; line-height: 150%; margin-bottom: 0cm; text-indent: 1.3cm;\">\nZ<br \/>\ndrugiej strony, kto\u015b mo\u017ce zapyta\u0107: \u201eCo ja tam mog\u0119? Ja jestem<br \/>\nzwyk\u0142ym cz\u0142owiekiem.\u201d Odpowied\u017a jest bardzo prosta: Mo\u017cesz<br \/>\nnaprawd\u0119 du\u017co! A m\u00f3wi nam o tym dzisiejsze czytanie: <i><b>B\u00f3g<br \/>\nwybra\u0142 w\u0142a\u015bnie to, co g\u0142upie w oczach \u015bwiata, aby zawstydzi\u0107<br \/>\nm\u0119drc\u00f3w, upodoba\u0142 sobie w tym, co niemocne, aby mocnych poni\u017cy\u0107;<br \/>\ni to, co nie jest szlachetnie urodzone wed\u0142ug \u015bwiata i wzgardzone,<br \/>\ni to, co nie jest, wyr\u00f3\u017cni\u0142 B\u00f3g, by to co jest, unicestwi\u0107, tak<br \/>\nby si\u0119 \u017cadne stworzenie nie che\u0142pi\u0142o przed obliczem Boga<\/b><\/i>.<\/p>\n<\/div>\n<div align=\"justify\" style=\"background: transparent; line-height: 150%; margin-bottom: 0cm; text-indent: 1.3cm;\">\nWidzimy<br \/>\njak nasz Ojciec jest sprawiedliwy. To On patrzy na ka\u017cdego z<br \/>\nodr\u0119bnego punktu widzenia. To On spogl\u0105da w g\u0142\u0119bi\u0119 serca i<br \/>\nduszy. To on w pe\u0142ni docenia starania cz\u0142owieka. B\u0119d\u0105c zwyk\u0142ymi<br \/>\nlud\u017ami, mamy takie same szanse na pomno\u017cenie swoich talent\u00f3w i<br \/>\nje\u017celi to uczynimy, to niebo stanie przed nami otworem.<\/div>\n<div align=\"justify\" style=\"background: transparent; line-height: 150%; margin-bottom: 0cm; text-indent: 1.3cm;\">\nOczywi\u015bcie,<br \/>\nw wy\u017cej zamieszczonym fragmencie Listu do Koryntian nie pogardza si\u0119<br \/>\nbogatymi i m\u0119drcami. Wr\u0119cz przeciwnie, to oni otrzymali wi\u0119cej<br \/>\ntalent\u00f3w i to jedynie od nich zale\u017cy, co z nimi zrobi\u0105. Je\u017celi<br \/>\nb\u0119d\u0105 si\u0119 dzieli\u0107 dobrem, b\u0119d\u0105 rozwijali swoje umiej\u0119tno\u015bci i<br \/>\nswoj\u0105 wiedz\u0119, to ich wysi\u0142ek nie p\u00f3jdzie na marne.\n<\/div>\n<div align=\"justify\" style=\"background: transparent; line-height: 150%; margin-bottom: 0cm; text-indent: 1.3cm;\">\nKa\u017cdy<br \/>\nma szans\u0119 na zbawienie, wystarczy tylko \u2013 jak m\u00f3wi Ojciec \u015awi\u0119ty<br \/>\nFranciszek \u2013 \u201emie\u0107 troch\u0119 odwagi, trzeba zdecydowa\u0107 si\u0119 na<br \/>\nzamian\u0119 kanapy na par\u0119 but\u00f3w, kt\u00f3re pomog\u0105 ci chodzi\u0107 po<br \/>\ndrogach, o jakich ci si\u0119 nigdy nie \u015bni\u0142o, ani nawet o jakich nie<br \/>\npomy\u015bla\u0142e\u015b\u201d.<\/div>\n<div align=\"justify\" style=\"background: transparent; line-height: 150%; margin-bottom: 0cm; text-indent: 1.3cm;\">\nZadajmy<br \/>\nwi\u0119c sobie pytania: Czy pomna\u017cam swoje talenty? Czy staram si\u0119<br \/>\npog\u0142\u0119bia\u0107 swoj\u0105 wiedz\u0119, swoje umiej\u0119tno\u015bci bez wzgl\u0119du na to,<br \/>\nkim jestem? Czy mam t\u0119 odwag\u0119, aby ruszy\u0107 w \u015bwiat drogami Pana<br \/>\nJezusa?<\/div>\n","protected":false},"excerpt":{"rendered":"<p>Szcz\u0119\u015b\u0107 Bo\u017ce! Moi Drodzy, w dniu dzisiejszym imieniny prze\u017cywa Ojciec Cezary Szcz\u0119\u015bniak, Kapucyn, nale\u017c\u0105cy w swoim czasie do jednej z m\u0142odzie\u017cowych Wsp\u00f3lnot. Niech Mu Pan b\u0142ogos\u0142awi w realizacji powo\u0142ania kap\u0142a\u0144skiego i zakonnego. Zapewniam o modlitwie. A oto Ksi\u0105dz Marek dotar\u0142 ju\u017c do Surgutu. O 3:46 naszego czasu dosta\u0142em zdj\u0119cie, zrobione jeszcze z samolotu, na kt\u00f3rym [&hellip;]<\/p>\n","protected":false},"author":1,"featured_media":0,"comment_status":"open","ping_status":"open","sticky":false,"template":"","format":"standard","meta":{"jetpack_post_was_ever_published":false,"_jetpack_newsletter_access":"","_jetpack_dont_email_post_to_subs":false,"_jetpack_newsletter_tier_id":0,"_jetpack_memberships_contains_paywalled_content":false,"_jetpack_memberships_contains_paid_content":false,"footnotes":""},"categories":[1],"tags":[],"class_list":["post-7185","post","type-post","status-publish","format-standard","hentry","category-bez-kategorii"],"yoast_head":"<!-- This site is optimized with the Yoast SEO plugin v25.1 - https:\/\/yoast.com\/wordpress\/plugins\/seo\/ -->\n<title>Pi\u0119\u0107 talent\u00f3w, dwa, czy jeden?... - Gaudium Et Spes<\/title>\n<meta name=\"robots\" content=\"index, follow, max-snippet:-1, max-image-preview:large, max-video-preview:-1\" \/>\n<link rel=\"canonical\" href=\"https:\/\/gaudiumetspes-blog.pl\/index.php\/2018\/09\/01\/piec-talentow-dwa-czy-jeden\/\" \/>\n<meta property=\"og:locale\" content=\"pl_PL\" \/>\n<meta property=\"og:type\" content=\"article\" \/>\n<meta property=\"og:title\" content=\"Pi\u0119\u0107 talent\u00f3w, dwa, czy jeden?... - Gaudium Et Spes\" \/>\n<meta property=\"og:description\" content=\"Szcz\u0119\u015b\u0107 Bo\u017ce! Moi Drodzy, w dniu dzisiejszym imieniny prze\u017cywa Ojciec Cezary Szcz\u0119\u015bniak, Kapucyn, nale\u017c\u0105cy w swoim czasie do jednej z m\u0142odzie\u017cowych Wsp\u00f3lnot. Niech Mu Pan b\u0142ogos\u0142awi w realizacji powo\u0142ania kap\u0142a\u0144skiego i zakonnego. Zapewniam o modlitwie. A oto Ksi\u0105dz Marek dotar\u0142 ju\u017c do Surgutu. O 3:46 naszego czasu dosta\u0142em zdj\u0119cie, zrobione jeszcze z samolotu, na kt\u00f3rym [&hellip;]\" \/>\n<meta property=\"og:url\" content=\"https:\/\/gaudiumetspes-blog.pl\/index.php\/2018\/09\/01\/piec-talentow-dwa-czy-jeden\/\" \/>\n<meta property=\"og:site_name\" content=\"Gaudium Et Spes\" \/>\n<meta property=\"article:published_time\" content=\"2018-09-01T02:36:00+00:00\" \/>\n<meta property=\"article:modified_time\" content=\"2019-07-31T10:57:43+00:00\" \/>\n<meta name=\"author\" content=\"Ks. Jacek\" \/>\n<meta name=\"twitter:card\" content=\"summary_large_image\" \/>\n<meta name=\"twitter:label1\" content=\"Napisane przez\" \/>\n\t<meta name=\"twitter:data1\" content=\"Ks. Jacek\" \/>\n\t<meta name=\"twitter:label2\" content=\"Szacowany czas czytania\" \/>\n\t<meta name=\"twitter:data2\" content=\"6 minut\" \/>\n<script type=\"application\/ld+json\" class=\"yoast-schema-graph\">{\"@context\":\"https:\/\/schema.org\",\"@graph\":[{\"@type\":\"WebPage\",\"@id\":\"https:\/\/gaudiumetspes-blog.pl\/index.php\/2018\/09\/01\/piec-talentow-dwa-czy-jeden\/\",\"url\":\"https:\/\/gaudiumetspes-blog.pl\/index.php\/2018\/09\/01\/piec-talentow-dwa-czy-jeden\/\",\"name\":\"Pi\u0119\u0107 talent\u00f3w, dwa, czy jeden?... - Gaudium Et Spes\",\"isPartOf\":{\"@id\":\"https:\/\/gaudiumetspes-blog.pl\/#website\"},\"datePublished\":\"2018-09-01T02:36:00+00:00\",\"dateModified\":\"2019-07-31T10:57:43+00:00\",\"author\":{\"@id\":\"https:\/\/gaudiumetspes-blog.pl\/#\/schema\/person\/1661982992b752dea8dff0d4ed845a65\"},\"breadcrumb\":{\"@id\":\"https:\/\/gaudiumetspes-blog.pl\/index.php\/2018\/09\/01\/piec-talentow-dwa-czy-jeden\/#breadcrumb\"},\"inLanguage\":\"pl-PL\",\"potentialAction\":[{\"@type\":\"ReadAction\",\"target\":[\"https:\/\/gaudiumetspes-blog.pl\/index.php\/2018\/09\/01\/piec-talentow-dwa-czy-jeden\/\"]}]},{\"@type\":\"BreadcrumbList\",\"@id\":\"https:\/\/gaudiumetspes-blog.pl\/index.php\/2018\/09\/01\/piec-talentow-dwa-czy-jeden\/#breadcrumb\",\"itemListElement\":[{\"@type\":\"ListItem\",\"position\":1,\"name\":\"Strona g\u0142\u00f3wna\",\"item\":\"https:\/\/gaudiumetspes-blog.pl\/\"},{\"@type\":\"ListItem\",\"position\":2,\"name\":\"Pi\u0119\u0107 talent\u00f3w, dwa, czy&nbsp;jeden?&#8230;\"}]},{\"@type\":\"WebSite\",\"@id\":\"https:\/\/gaudiumetspes-blog.pl\/#website\",\"url\":\"https:\/\/gaudiumetspes-blog.pl\/\",\"name\":\"Gaudium Et Spes\",\"description\":\"Blog Ks. Jacka Ja\u015bkowskiego\",\"potentialAction\":[{\"@type\":\"SearchAction\",\"target\":{\"@type\":\"EntryPoint\",\"urlTemplate\":\"https:\/\/gaudiumetspes-blog.pl\/?s={search_term_string}\"},\"query-input\":{\"@type\":\"PropertyValueSpecification\",\"valueRequired\":true,\"valueName\":\"search_term_string\"}}],\"inLanguage\":\"pl-PL\"},{\"@type\":\"Person\",\"@id\":\"https:\/\/gaudiumetspes-blog.pl\/#\/schema\/person\/1661982992b752dea8dff0d4ed845a65\",\"name\":\"Ks. Jacek\",\"image\":{\"@type\":\"ImageObject\",\"inLanguage\":\"pl-PL\",\"@id\":\"https:\/\/gaudiumetspes-blog.pl\/#\/schema\/person\/image\/\",\"url\":\"https:\/\/gaudiumetspes-blog.pl\/wp-content\/uploads\/2019\/07\/avatar-JJ-150x150.jpg\",\"contentUrl\":\"https:\/\/gaudiumetspes-blog.pl\/wp-content\/uploads\/2019\/07\/avatar-JJ-150x150.jpg\",\"caption\":\"Ks. Jacek\"},\"description\":\"Witam serdecznie! K\u0142ania si\u0119 Ks. Jacek Ja\u015bkowski. Nie jestem ani kim\u015b wa\u017cnym, ani kim\u015b znanym. Jestem ksi\u0119dzem, kt\u00f3ry po prostu chce rozmawia\u0107. Codzienna kap\u0142a\u0144ska pos\u0142uga pokazuje mi, \u017ce temat\u00f3w do rozm\u00f3w z ksi\u0119dzem jest coraz wi\u0119cej i dzisiaj \u017caden ksi\u0105dz nie mo\u017ce od nich ucieka\u0107, ale - wprost przeciwnie - podejmowa\u0107 nowe wyzwania. To przekonanie sk\u0142oni\u0142o mnie do pr\u00f3by otwarcia tego\u017c bloga, chocia\u017c okazji do rozm\u00f3w na co dzie\u0144 - w konfesjonale i poza nim - na szcz\u0119\u015bcie nie brakuje. My\u015bl\u0119 jednak, \u017ce ten blog b\u0119dzie jeszcze jednym sposobem i przestrzeni\u0105 nawi\u0105zania kontaktu z lud\u017ami dobrej woli, otwartymi na dialog.\",\"url\":\"https:\/\/gaudiumetspes-blog.pl\/index.php\/author\/ks-jacek\/\"}]}<\/script>\n<!-- \/ Yoast SEO plugin. -->","yoast_head_json":{"title":"Pi\u0119\u0107 talent\u00f3w, dwa, czy jeden?... - Gaudium Et Spes","robots":{"index":"index","follow":"follow","max-snippet":"max-snippet:-1","max-image-preview":"max-image-preview:large","max-video-preview":"max-video-preview:-1"},"canonical":"https:\/\/gaudiumetspes-blog.pl\/index.php\/2018\/09\/01\/piec-talentow-dwa-czy-jeden\/","og_locale":"pl_PL","og_type":"article","og_title":"Pi\u0119\u0107 talent\u00f3w, dwa, czy jeden?... - Gaudium Et Spes","og_description":"Szcz\u0119\u015b\u0107 Bo\u017ce! Moi Drodzy, w dniu dzisiejszym imieniny prze\u017cywa Ojciec Cezary Szcz\u0119\u015bniak, Kapucyn, nale\u017c\u0105cy w swoim czasie do jednej z m\u0142odzie\u017cowych Wsp\u00f3lnot. Niech Mu Pan b\u0142ogos\u0142awi w realizacji powo\u0142ania kap\u0142a\u0144skiego i zakonnego. Zapewniam o modlitwie. A oto Ksi\u0105dz Marek dotar\u0142 ju\u017c do Surgutu. O 3:46 naszego czasu dosta\u0142em zdj\u0119cie, zrobione jeszcze z samolotu, na kt\u00f3rym [&hellip;]","og_url":"https:\/\/gaudiumetspes-blog.pl\/index.php\/2018\/09\/01\/piec-talentow-dwa-czy-jeden\/","og_site_name":"Gaudium Et Spes","article_published_time":"2018-09-01T02:36:00+00:00","article_modified_time":"2019-07-31T10:57:43+00:00","author":"Ks. Jacek","twitter_card":"summary_large_image","twitter_misc":{"Napisane przez":"Ks. Jacek","Szacowany czas czytania":"6 minut"},"schema":{"@context":"https:\/\/schema.org","@graph":[{"@type":"WebPage","@id":"https:\/\/gaudiumetspes-blog.pl\/index.php\/2018\/09\/01\/piec-talentow-dwa-czy-jeden\/","url":"https:\/\/gaudiumetspes-blog.pl\/index.php\/2018\/09\/01\/piec-talentow-dwa-czy-jeden\/","name":"Pi\u0119\u0107 talent\u00f3w, dwa, czy jeden?... - Gaudium Et Spes","isPartOf":{"@id":"https:\/\/gaudiumetspes-blog.pl\/#website"},"datePublished":"2018-09-01T02:36:00+00:00","dateModified":"2019-07-31T10:57:43+00:00","author":{"@id":"https:\/\/gaudiumetspes-blog.pl\/#\/schema\/person\/1661982992b752dea8dff0d4ed845a65"},"breadcrumb":{"@id":"https:\/\/gaudiumetspes-blog.pl\/index.php\/2018\/09\/01\/piec-talentow-dwa-czy-jeden\/#breadcrumb"},"inLanguage":"pl-PL","potentialAction":[{"@type":"ReadAction","target":["https:\/\/gaudiumetspes-blog.pl\/index.php\/2018\/09\/01\/piec-talentow-dwa-czy-jeden\/"]}]},{"@type":"BreadcrumbList","@id":"https:\/\/gaudiumetspes-blog.pl\/index.php\/2018\/09\/01\/piec-talentow-dwa-czy-jeden\/#breadcrumb","itemListElement":[{"@type":"ListItem","position":1,"name":"Strona g\u0142\u00f3wna","item":"https:\/\/gaudiumetspes-blog.pl\/"},{"@type":"ListItem","position":2,"name":"Pi\u0119\u0107 talent\u00f3w, dwa, czy&nbsp;jeden?&#8230;"}]},{"@type":"WebSite","@id":"https:\/\/gaudiumetspes-blog.pl\/#website","url":"https:\/\/gaudiumetspes-blog.pl\/","name":"Gaudium Et Spes","description":"Blog Ks. Jacka Ja\u015bkowskiego","potentialAction":[{"@type":"SearchAction","target":{"@type":"EntryPoint","urlTemplate":"https:\/\/gaudiumetspes-blog.pl\/?s={search_term_string}"},"query-input":{"@type":"PropertyValueSpecification","valueRequired":true,"valueName":"search_term_string"}}],"inLanguage":"pl-PL"},{"@type":"Person","@id":"https:\/\/gaudiumetspes-blog.pl\/#\/schema\/person\/1661982992b752dea8dff0d4ed845a65","name":"Ks. Jacek","image":{"@type":"ImageObject","inLanguage":"pl-PL","@id":"https:\/\/gaudiumetspes-blog.pl\/#\/schema\/person\/image\/","url":"https:\/\/gaudiumetspes-blog.pl\/wp-content\/uploads\/2019\/07\/avatar-JJ-150x150.jpg","contentUrl":"https:\/\/gaudiumetspes-blog.pl\/wp-content\/uploads\/2019\/07\/avatar-JJ-150x150.jpg","caption":"Ks. Jacek"},"description":"Witam serdecznie! K\u0142ania si\u0119 Ks. Jacek Ja\u015bkowski. Nie jestem ani kim\u015b wa\u017cnym, ani kim\u015b znanym. Jestem ksi\u0119dzem, kt\u00f3ry po prostu chce rozmawia\u0107. Codzienna kap\u0142a\u0144ska pos\u0142uga pokazuje mi, \u017ce temat\u00f3w do rozm\u00f3w z ksi\u0119dzem jest coraz wi\u0119cej i dzisiaj \u017caden ksi\u0105dz nie mo\u017ce od nich ucieka\u0107, ale - wprost przeciwnie - podejmowa\u0107 nowe wyzwania. To przekonanie sk\u0142oni\u0142o mnie do pr\u00f3by otwarcia tego\u017c bloga, chocia\u017c okazji do rozm\u00f3w na co dzie\u0144 - w konfesjonale i poza nim - na szcz\u0119\u015bcie nie brakuje. My\u015bl\u0119 jednak, \u017ce ten blog b\u0119dzie jeszcze jednym sposobem i przestrzeni\u0105 nawi\u0105zania kontaktu z lud\u017ami dobrej woli, otwartymi na dialog.","url":"https:\/\/gaudiumetspes-blog.pl\/index.php\/author\/ks-jacek\/"}]}},"jetpack_featured_media_url":"","jetpack_sharing_enabled":true,"_links":{"self":[{"href":"https:\/\/gaudiumetspes-blog.pl\/index.php\/wp-json\/wp\/v2\/posts\/7185","targetHints":{"allow":["GET"]}}],"collection":[{"href":"https:\/\/gaudiumetspes-blog.pl\/index.php\/wp-json\/wp\/v2\/posts"}],"about":[{"href":"https:\/\/gaudiumetspes-blog.pl\/index.php\/wp-json\/wp\/v2\/types\/post"}],"author":[{"embeddable":true,"href":"https:\/\/gaudiumetspes-blog.pl\/index.php\/wp-json\/wp\/v2\/users\/1"}],"replies":[{"embeddable":true,"href":"https:\/\/gaudiumetspes-blog.pl\/index.php\/wp-json\/wp\/v2\/comments?post=7185"}],"version-history":[{"count":1,"href":"https:\/\/gaudiumetspes-blog.pl\/index.php\/wp-json\/wp\/v2\/posts\/7185\/revisions"}],"predecessor-version":[{"id":14302,"href":"https:\/\/gaudiumetspes-blog.pl\/index.php\/wp-json\/wp\/v2\/posts\/7185\/revisions\/14302"}],"wp:attachment":[{"href":"https:\/\/gaudiumetspes-blog.pl\/index.php\/wp-json\/wp\/v2\/media?parent=7185"}],"wp:term":[{"taxonomy":"category","embeddable":true,"href":"https:\/\/gaudiumetspes-blog.pl\/index.php\/wp-json\/wp\/v2\/categories?post=7185"},{"taxonomy":"post_tag","embeddable":true,"href":"https:\/\/gaudiumetspes-blog.pl\/index.php\/wp-json\/wp\/v2\/tags?post=7185"}],"curies":[{"name":"wp","href":"https:\/\/api.w.org\/{rel}","templated":true}]}}