{"id":7192,"date":"2018-08-25T04:40:00","date_gmt":"2018-08-25T02:40:00","guid":{"rendered":"https:\/\/gaudiumetspes-blog.pl\/index.php\/2018\/08\/25\/oddac-bogu-i-ludziom-caego-siebie\/"},"modified":"2019-07-31T12:57:43","modified_gmt":"2019-07-31T10:57:43","slug":"oddac-bogu-i-ludziom-caego-siebie","status":"publish","type":"post","link":"https:\/\/gaudiumetspes-blog.pl\/index.php\/2018\/08\/25\/oddac-bogu-i-ludziom-caego-siebie\/","title":{"rendered":"Odda\u0107 Bogu i ludziom &#8211; ca\u0142ego siebie!"},"content":{"rendered":"<p><\/p>\n<div align=\"justify\" style=\"font-weight: normal; line-height: 150%; margin-bottom: 0cm;\">\nSzcz\u0119\u015b\u0107<br \/>\nBo\u017ce! Dzisiaj, moi Drodzy, jak w ka\u017cd\u0105 sobot\u0119 \u2013 s\u0142\u00f3wko<br \/>\nJakuba. Bardzo dzi\u0119kuj\u0119 Mu za to, \u017ce pomimo du\u017cej ilo\u015bci zaj\u0119\u0107,<br \/>\njakie ma obecnie, nie zapomnia\u0142 o swoim dniu na naszym forum.<\/div>\n<div align=\"justify\" style=\"background: transparent; font-weight: normal; line-height: 150%; margin-bottom: 0cm; page-break-before: auto; text-indent: 1.3cm;\">\nWszystkim<br \/>\n\u017cycz\u0119 Bo\u017cego b\u0142ogos\u0142awie\u0144stwa i pomocy w dawaniu Bogu i ludziom<br \/>\n\u2013 CA\u0141EGO SIEBIE, o czym w rozwa\u017caniu napisa\u0142 Jakub.<\/div>\n<div align=\"center\" style=\"font-weight: normal; line-height: 150%; margin-bottom: 0cm;\">\nGaudium<br \/>\net spes!  Ks. Jacek<\/div>\n<div align=\"justify\" style=\"line-height: 150%; margin-bottom: 0cm;\">\n<\/p>\n<\/div>\n<div align=\"justify\" style=\"line-height: 150%; margin-bottom: 0cm;\">\n<b>Sobota<br \/>\n20 Tygodnia zwyk\u0142ego, rok II,<\/b><\/div>\n<div align=\"justify\" style=\"line-height: 150%; margin-bottom: 0cm;\">\n<b>do<br \/>\nczyta\u0144:  Ez 43,1\u20137a;  Mt 23,1\u201312<\/b><\/div>\n<div align=\"justify\" style=\"line-height: 150%; margin-bottom: 0cm;\">\n<\/p>\n<\/div>\n<div align=\"justify\" style=\"font-style: normal; font-variant: normal; letter-spacing: normal; line-height: 150%; margin-bottom: 0cm;\">\n<b>CZYTANIE<br \/>\nZ KSI\u0118GI PROROKA EZECHIELA:<\/b><\/div>\n<div align=\"justify\" style=\"background: transparent; font-style: normal; font-variant: normal; letter-spacing: normal; line-height: 150%; margin-bottom: 0cm; page-break-before: auto; text-indent: 1.3cm;\">\n<b>Anio\u0142<br \/>\npoprowadzi\u0142 mi\u0119 ku bramie, kt\u00f3ra skierowana jest na wsch\u00f3d. I oto<br \/>\nchwa\u0142a Boga Izraela przysz\u0142a od wschodu, a g\u0142os Jego by\u0142 jak szum<br \/>\nwielu w\u00f3d, a ziemia ja\u015bnia\u0142a od Jego chwa\u0142y. By\u0142o to widzenie<br \/>\nr\u00f3wne temu, kt\u00f3re ogl\u0105da\u0142em wtedy, gdy przyszed\u0142, by zniszczy\u0107<br \/>\nmiasto, widzenie r\u00f3wne temu, kt\u00f3re ogl\u0105da\u0142em nad rzek\u0105 Kebar. I<br \/>\nupad\u0142em na twarz.<\/b><\/div>\n<div align=\"justify\" style=\"background: transparent; font-style: normal; font-variant: normal; letter-spacing: normal; line-height: 150%; margin-bottom: 0cm; text-indent: 1.3cm;\">\n<b>A<br \/>\nchwa\u0142a Pana wesz\u0142a do \u015bwi\u0105tyni przez bram\u0119, kt\u00f3ra skierowana<br \/>\nby\u0142a ku wschodowi. Wtedy uni\u00f3s\u0142 mi\u0119 duch i zani\u00f3s\u0142 mi\u0119 do<br \/>\nwewn\u0119trznego dziedzi\u0144ca. A oto \u015bwi\u0105tynia pe\u0142na by\u0142a chwa\u0142y<br \/>\nPa\u0144skiej.<\/b><\/div>\n<div align=\"justify\" style=\"background: transparent; font-style: normal; font-variant: normal; letter-spacing: normal; line-height: 150%; margin-bottom: 0cm; text-indent: 1.3cm;\">\n<b>I<br \/>\nus\u0142ysza\u0142em, jak kto\u015b m\u00f3wi\u0142 do mnie od strony \u015bwi\u0105tyni, podczas<br \/>\ngdy \u00f3w m\u0105\u017c sta\u0142 jeszcze przy mnie. Rzek\u0142 do mnie: \u201eSynu<br \/>\ncz\u0142owieczy, to jest miejsce tronu mojego, miejsce podstawy mych<br \/>\nst\u00f3p, gdzie chc\u0119 na wieki mieszka\u0107 po\u015br\u00f3d Izraelit\u00f3w\u201d.<\/b><\/div>\n<div align=\"justify\" style=\"font-style: normal; font-variant: normal; letter-spacing: normal; line-height: 150%; margin-bottom: 0cm;\">\n<\/p>\n<\/div>\n<div align=\"justify\" style=\"font-style: normal; font-variant: normal; letter-spacing: normal; line-height: 150%; margin-bottom: 0cm;\">\n<b>S\u0141OWA<br \/>\nEWANGELII WED\u0141UG \u015aWI\u0118TEGO MATEUSZA:<\/b><\/div>\n<div align=\"justify\" style=\"background: transparent; font-style: normal; font-variant: normal; letter-spacing: normal; line-height: 150%; margin-bottom: 0cm; page-break-before: auto; text-indent: 1.3cm;\">\n<b>Jezus<br \/>\nprzem\u00f3wi\u0142 do t\u0142um\u00f3w i do swych uczni\u00f3w tymi s\u0142owami: <\/b>\n<\/div>\n<div align=\"justify\" style=\"background: transparent; font-style: normal; font-variant: normal; letter-spacing: normal; line-height: 150%; margin-bottom: 0cm; text-indent: 1.3cm;\">\n\u201e<b>Na<br \/>\nkatedrze Moj\u017cesza zasiedli uczeni w Pi\u015bmie i faryzeusze. Czy\u0144cie<br \/>\nwi\u0119c i zachowujcie wszystko, co wam polec\u0105, lecz uczynk\u00f3w ich nie<br \/>\nna\u015bladujcie. M\u00f3wi\u0105 bowiem, ale sami nie czyni\u0105. Wi\u0105\u017c\u0105 ci\u0119\u017cary<br \/>\nwielkie i nie do uniesienia i k\u0142ad\u0105 je ludziom na ramiona, lecz<br \/>\nsami palcem ruszy\u0107 ich nie chc\u0105. Wszystkie swe uczynki spe\u0142niaj\u0105<br \/>\nw tym celu, \u017ceby si\u0119 ludziom pokaza\u0107. Rozszerzaj\u0105 swoje<br \/>\nfilakterie i wyd\u0142u\u017caj\u0105 fr\u0119dzle u p\u0142aszcz\u00f3w. Lubi\u0105 zaszczytne<br \/>\nmiejsca na ucztach i pierwsze krzes\u0142a w synagogach. Chc\u0105, by ich<br \/>\npozdrawiano na rynkach i \u017ceby ludzie nazywali ich Rabbi.<\/b><\/div>\n<div align=\"justify\" style=\"background: transparent; font-style: normal; font-variant: normal; letter-spacing: normal; line-height: 150%; margin-bottom: 0cm; text-indent: 1.3cm;\">\n<b>Ot\u00f3\u017c<br \/>\nwy nie pozwalajcie nazywa\u0107 si\u0119 Rabbi, albowiem jeden jest wasz<br \/>\nNauczyciel, a wy wszyscy bra\u0107mi jeste\u015bcie. Nikogo te\u017c na ziemi nie<br \/>\nnazywajcie waszym ojcem; jeden bowiem jest Ojciec wasz, Ten w niebie.<br \/>\nNie chciejcie r\u00f3wnie\u017c, \u017ceby was nazywano mistrzami, bo jeden jest<br \/>\ntylko wasz Mistrz, Chrystus.<\/b><\/div>\n<div align=\"justify\" style=\"background: transparent; font-style: normal; font-variant: normal; letter-spacing: normal; line-height: 150%; margin-bottom: 0cm; text-indent: 1.3cm;\">\n<b>Najwi\u0119kszy<br \/>\nz was niech b\u0119dzie waszym s\u0142ug\u0105. Kto si\u0119 wywy\u017csza, b\u0119dzie<br \/>\nponi\u017cony, a kto si\u0119 poni\u017ca, b\u0119dzie wywy\u017cszony\u201d.<\/b><\/div>\n<div align=\"justify\" style=\"background: transparent; font-style: normal; font-variant: normal; font-weight: normal; letter-spacing: normal; line-height: 150%; margin-bottom: 0cm; text-indent: 1.3cm;\">\n<\/p>\n<\/div>\n<div align=\"center\" style=\"background: transparent; font-style: normal; font-variant: normal; letter-spacing: normal; line-height: 150%; margin-bottom: 0cm;\">\n<b>A<br \/>\nOTO S\u0141\u00d3WKO JAKUBA:<\/b><\/div>\n<div align=\"justify\" style=\"background: transparent; font-style: normal; font-variant: normal; font-weight: normal; letter-spacing: normal; line-height: 150%; margin-bottom: 0cm; text-indent: 1.3cm;\">\n<\/p>\n<\/div>\n<div align=\"justify\" style=\"background: transparent; font-style: normal; font-variant: normal; font-weight: normal; letter-spacing: normal; line-height: 150%; margin-bottom: 0cm; text-indent: 1.3cm;\">\nNormalnym<br \/>\nwydaje si\u0119 nam to, \u017ce ludzie chc\u0105 dzia\u0142a\u0107 na swoj\u0105 korzy\u015b\u0107 \u2013<br \/>\ni to w r\u00f3\u017cnych momentach. Nie ma przecie\u017c nic z\u0142ego w tym, \u017ce<br \/>\nka\u017cdy chce godziwej zap\u0142aty za swoj\u0105 prac\u0119. Nie ma te\u017c nic z\u0142ego<br \/>\nw tym, \u017ce rodzic pragnie szacunku od swojego dziecka. Jednak\u017ce<br \/>\nwszystkie te pragnienia zaczynaj\u0105 mija\u0107 si\u0119 z celem, je\u017celi sami<br \/>\nnie jeste\u015bmy w porz\u0105dku.<\/div>\n<div align=\"justify\" style=\"background: transparent; font-style: normal; font-variant: normal; font-weight: normal; letter-spacing: normal; line-height: 150%; margin-bottom: 0cm; text-indent: 1.3cm;\">\nDzisiejsza<br \/>\nEwangelia przybli\u017ca nam faryzeusz\u00f3w i przedstawia ich podej\u015bcie do<br \/>\nBo\u017cego Prawa. S\u0105 oni po prostu hipokrytami, osobami, kt\u00f3re swoimi<br \/>\nczynami przecz\u0105 swoim s\u0142owom. To oni <i><b>rozszerzaj\u0105 swoje<br \/>\nfilakterie i wyd\u0142u\u017caj\u0105 fr\u0119dzle u p\u0142aszcz\u00f3w<\/b><\/i> oraz <i><b>lubi\u0105<br \/>\nzaszczytne miejsce na ucztach i pierwsze krzes\u0142a w synagogach.<\/b><\/i><\/div>\n<div align=\"justify\" style=\"background: transparent; font-style: normal; font-variant: normal; font-weight: normal; letter-spacing: normal; line-height: 150%; margin-bottom: 0cm; text-indent: 1.3cm;\">\nOwe<br \/>\nfilakterie i fr\u0119dzle symbolizowa\u0142y pobo\u017cno\u015b\u0107. Lecz pobo\u017cno\u015b\u0107<br \/>\nfaryzeusz\u00f3w w tamtych czasach by\u0142a fa\u0142szywa, a oni przez to byli<br \/>\nob\u0142udnikami. Starali si\u0119 ludziom wmawia\u0107, \u017ce potrafi\u0105 si\u0119<br \/>\nmodli\u0107, potrafi\u0105 przestrzega\u0107 Bo\u017cych przykaza\u0144, <b>ale by\u0142o<br \/>\ndok\u0142adnie odwrotnie.<\/b><\/div>\n<div align=\"justify\" style=\"background: transparent; font-style: normal; font-variant: normal; font-weight: normal; letter-spacing: normal; line-height: 150%; margin-bottom: 0cm; text-indent: 1.3cm;\">\nI<br \/>\nwtedy na scenie pojawia si\u0119 Jezus Chrystus, Syn Bo\u017cy, kt\u00f3ry<br \/>\nods\u0142ania k\u0142amstwa faryzeusz\u00f3w. Sam m\u00f3wi, jak nale\u017cy<br \/>\ninterpretowa\u0107 Pisma, a co wi\u0119cej \u2013 daje \u015bwiadectwo swoimi<br \/>\nczynami. Czy ja te\u017c jestem w stanie \u015bwiadczy\u0107 o warto\u015bciach,<br \/>\nkt\u00f3re wyznaj\u0119, b\u0119d\u0105c katolikiem? Czy znam zasad\u0119, kt\u00f3rej<br \/>\nnauczy\u0142 mnie Jezus, m\u00f3wi\u0105c\u0105 o tym, \u017ce <i><b>kto si\u0119 wywy\u017csza,<br \/>\nb\u0119dzie poni\u017cony, a<\/b><\/i><i> <\/i><i><b>kto si\u0119<\/b><\/i><i><b><br \/>\nponi\u017ca, b\u0119dzie wywy\u017cszony? <\/b><\/i>\n<\/div>\n<div align=\"justify\" style=\"background: transparent; font-style: normal; font-variant: normal; font-weight: normal; letter-spacing: normal; line-height: 150%; margin-bottom: 0cm; text-indent: 1.3cm;\">\nTo<br \/>\nw\u0142a\u015bnie jest klucz do \u015bwi\u0119to\u015bci \u2013 odpowiednia hierarchia<br \/>\nwarto\u015bci! Ka\u017cdy swoje \u017cycie mo\u017ce u\u0142o\u017cy\u0107 jak chce, gdy\u017c przy<br \/>\nstworzeniu otrzyma\u0142 woln\u0105 wol\u0119. Niestety, nie ka\u017cdy chce to<br \/>\nzrobi\u0107 w taki spos\u00f3b, w jaki nale\u017cy \u2013 czyli po Bo\u017cemu. Bo z<br \/>\nBogiem Ojcem, tak jak z tat\u0105, nie ma \u017cadnych obaw. Wiemy, \u017ce<br \/>\njeste\u015bmy w dobrych r\u0119kach, \u017ce jest z nami kto\u015b, kto nas obroni,<br \/>\nkto nam pomo\u017ce. B\u00f3g ka\u017cdemu zsy\u0142a sytuacje zar\u00f3wno dobre,<br \/>\nprzepe\u0142nione pokojem i rado\u015bci\u0105, jak r\u00f3wnie\u017c te z\u0142e,<br \/>\nniepokoj\u0105ce, trudne.\n<\/div>\n<div align=\"justify\" style=\"background: transparent; font-style: normal; font-variant: normal; font-weight: normal; letter-spacing: normal; line-height: 150%; margin-bottom: 0cm; text-indent: 1.3cm;\">\nRobi<br \/>\nto nie dlatego, \u017ceby nam zrobi\u0107 na z\u0142o\u015b\u0107, albo jak to lubi\u0105<br \/>\npowtarza\u0107 starsi: \u201eBozia pokara\u0142a\u201d, tylko po to, aby ka\u017cdy co\u015b<br \/>\nwyni\u00f3s\u0142 z tego, aby si\u0119 wzmocni\u0142, aby by\u0142 jeszcze bardziej silny<br \/>\ni mocny. I teraz w zale\u017cno\u015bci od tego, czy w takich sytuacjach damy<br \/>\nBogu si\u0119 poprowadzi\u0107, oddamy Mu ster i zaufamy Mu, czy te\u017c<br \/>\nodwr\u00f3cimy si\u0119 od Niego \u2013 przetrwamy wszystko wsparci moc\u0105 Ojca,<br \/>\nlub sami zagmatwamy si\u0119 w zawi\u0142o\u015bciach \u017cycia.<\/div>\n<div align=\"justify\" style=\"background: transparent; font-style: normal; font-variant: normal; font-weight: normal; letter-spacing: normal; line-height: 150%; margin-bottom: 0cm; text-indent: 1.3cm;\">\nCo<br \/>\nwi\u0119cej, mamy te\u017c powiedziane: <i><b>najwi\u0119kszy z was niech b\u0119dzie<br \/>\nwaszym s\u0142ug\u0105.<\/b><\/i> Jezus daje nam wyra\u017anie do zrozumienia, \u017ce<br \/>\nmamy by\u0107 dla innych, a nie dla siebie. \u015awietnym przyk\u0142adem takiej<br \/>\nosoby mo\u017ce by\u0107 nie kto inny, jak tylko Jan Pawe\u0142 II, cz\u0142owiek<br \/>\nnieprzeci\u0119tny i zarazem \u015bwi\u0119ty za \u017cycia. Jego postawa, jako<br \/>\ncz\u0142owieka znanego, b\u0119d\u0105cego najwy\u017cej usytuowanym dostojnikiem<br \/>\nKo\u015bcio\u0142a \u2013 po prostu zniewala\u0142a. Mimo bycia papie\u017cem, potrafi\u0142<br \/>\ndawa\u0107 siebie innym \u2013 i to w pe\u0142ni. Sam zreszt\u0105 powiedzia\u0142<br \/>\ns\u0142owa, kt\u00f3re idealnie pasuj\u0105 do dzisiejszej Ewangelii: \u201eCz\u0142owiek<br \/>\njest wielki nie przez to, co posiada, lecz przez to, kim jest i nie<br \/>\nprzez to, co ma, lecz przez to, czym dzieli si\u0119 z innymi.\u201d<\/div>\n<div align=\"justify\" style=\"background: transparent; font-style: normal; font-variant: normal; font-weight: normal; letter-spacing: normal; line-height: 150%; margin-bottom: 0cm; text-indent: 1.3cm;\">\nCzy<br \/>\nja potrafi\u0119 si\u0119 po\u015bwi\u0119ci\u0107? Czy potrafi\u0119 odda\u0107 sw\u00f3j czas<br \/>\ninnym? Czy ja potrafi\u0119 da\u0107 Bogu i swoim bli\u017anim CA\u0141EGO SIEBIE?<\/div>\n","protected":false},"excerpt":{"rendered":"<p>Szcz\u0119\u015b\u0107 Bo\u017ce! Dzisiaj, moi Drodzy, jak w ka\u017cd\u0105 sobot\u0119 \u2013 s\u0142\u00f3wko Jakuba. Bardzo dzi\u0119kuj\u0119 Mu za to, \u017ce pomimo du\u017cej ilo\u015bci zaj\u0119\u0107, jakie ma obecnie, nie zapomnia\u0142 o swoim dniu na naszym forum. Wszystkim \u017cycz\u0119 Bo\u017cego b\u0142ogos\u0142awie\u0144stwa i pomocy w dawaniu Bogu i ludziom \u2013 CA\u0141EGO SIEBIE, o czym w rozwa\u017caniu napisa\u0142 Jakub. Gaudium et [&hellip;]<\/p>\n","protected":false},"author":1,"featured_media":0,"comment_status":"open","ping_status":"open","sticky":false,"template":"","format":"standard","meta":{"jetpack_post_was_ever_published":false,"_jetpack_newsletter_access":"","_jetpack_dont_email_post_to_subs":false,"_jetpack_newsletter_tier_id":0,"_jetpack_memberships_contains_paywalled_content":false,"_jetpack_memberships_contains_paid_content":false,"footnotes":""},"categories":[1],"tags":[],"class_list":["post-7192","post","type-post","status-publish","format-standard","hentry","category-bez-kategorii"],"yoast_head":"<!-- This site is optimized with the Yoast SEO plugin v25.1 - https:\/\/yoast.com\/wordpress\/plugins\/seo\/ -->\n<title>Odda\u0107 Bogu i ludziom - ca\u0142ego siebie! - Gaudium Et Spes<\/title>\n<meta name=\"robots\" content=\"index, follow, max-snippet:-1, max-image-preview:large, max-video-preview:-1\" \/>\n<link rel=\"canonical\" href=\"https:\/\/gaudiumetspes-blog.pl\/index.php\/2018\/08\/25\/oddac-bogu-i-ludziom-caego-siebie\/\" \/>\n<meta property=\"og:locale\" content=\"pl_PL\" \/>\n<meta property=\"og:type\" content=\"article\" \/>\n<meta property=\"og:title\" content=\"Odda\u0107 Bogu i ludziom - ca\u0142ego siebie! - Gaudium Et Spes\" \/>\n<meta property=\"og:description\" content=\"Szcz\u0119\u015b\u0107 Bo\u017ce! Dzisiaj, moi Drodzy, jak w ka\u017cd\u0105 sobot\u0119 \u2013 s\u0142\u00f3wko Jakuba. Bardzo dzi\u0119kuj\u0119 Mu za to, \u017ce pomimo du\u017cej ilo\u015bci zaj\u0119\u0107, jakie ma obecnie, nie zapomnia\u0142 o swoim dniu na naszym forum. Wszystkim \u017cycz\u0119 Bo\u017cego b\u0142ogos\u0142awie\u0144stwa i pomocy w dawaniu Bogu i ludziom \u2013 CA\u0141EGO SIEBIE, o czym w rozwa\u017caniu napisa\u0142 Jakub. Gaudium et [&hellip;]\" \/>\n<meta property=\"og:url\" content=\"https:\/\/gaudiumetspes-blog.pl\/index.php\/2018\/08\/25\/oddac-bogu-i-ludziom-caego-siebie\/\" \/>\n<meta property=\"og:site_name\" content=\"Gaudium Et Spes\" \/>\n<meta property=\"article:published_time\" content=\"2018-08-25T02:40:00+00:00\" \/>\n<meta property=\"article:modified_time\" content=\"2019-07-31T10:57:43+00:00\" \/>\n<meta name=\"author\" content=\"Ks. Jacek\" \/>\n<meta name=\"twitter:card\" content=\"summary_large_image\" \/>\n<meta name=\"twitter:label1\" content=\"Napisane przez\" \/>\n\t<meta name=\"twitter:data1\" content=\"Ks. Jacek\" \/>\n\t<meta name=\"twitter:label2\" content=\"Szacowany czas czytania\" \/>\n\t<meta name=\"twitter:data2\" content=\"5 minut\" \/>\n<script type=\"application\/ld+json\" class=\"yoast-schema-graph\">{\"@context\":\"https:\/\/schema.org\",\"@graph\":[{\"@type\":\"WebPage\",\"@id\":\"https:\/\/gaudiumetspes-blog.pl\/index.php\/2018\/08\/25\/oddac-bogu-i-ludziom-caego-siebie\/\",\"url\":\"https:\/\/gaudiumetspes-blog.pl\/index.php\/2018\/08\/25\/oddac-bogu-i-ludziom-caego-siebie\/\",\"name\":\"Odda\u0107 Bogu i ludziom - ca\u0142ego siebie! - Gaudium Et Spes\",\"isPartOf\":{\"@id\":\"https:\/\/gaudiumetspes-blog.pl\/#website\"},\"datePublished\":\"2018-08-25T02:40:00+00:00\",\"dateModified\":\"2019-07-31T10:57:43+00:00\",\"author\":{\"@id\":\"https:\/\/gaudiumetspes-blog.pl\/#\/schema\/person\/1661982992b752dea8dff0d4ed845a65\"},\"breadcrumb\":{\"@id\":\"https:\/\/gaudiumetspes-blog.pl\/index.php\/2018\/08\/25\/oddac-bogu-i-ludziom-caego-siebie\/#breadcrumb\"},\"inLanguage\":\"pl-PL\",\"potentialAction\":[{\"@type\":\"ReadAction\",\"target\":[\"https:\/\/gaudiumetspes-blog.pl\/index.php\/2018\/08\/25\/oddac-bogu-i-ludziom-caego-siebie\/\"]}]},{\"@type\":\"BreadcrumbList\",\"@id\":\"https:\/\/gaudiumetspes-blog.pl\/index.php\/2018\/08\/25\/oddac-bogu-i-ludziom-caego-siebie\/#breadcrumb\",\"itemListElement\":[{\"@type\":\"ListItem\",\"position\":1,\"name\":\"Strona g\u0142\u00f3wna\",\"item\":\"https:\/\/gaudiumetspes-blog.pl\/\"},{\"@type\":\"ListItem\",\"position\":2,\"name\":\"Odda\u0107 Bogu i&nbsp;ludziom &#8211; ca\u0142ego siebie!\"}]},{\"@type\":\"WebSite\",\"@id\":\"https:\/\/gaudiumetspes-blog.pl\/#website\",\"url\":\"https:\/\/gaudiumetspes-blog.pl\/\",\"name\":\"Gaudium Et Spes\",\"description\":\"Blog Ks. Jacka Ja\u015bkowskiego\",\"potentialAction\":[{\"@type\":\"SearchAction\",\"target\":{\"@type\":\"EntryPoint\",\"urlTemplate\":\"https:\/\/gaudiumetspes-blog.pl\/?s={search_term_string}\"},\"query-input\":{\"@type\":\"PropertyValueSpecification\",\"valueRequired\":true,\"valueName\":\"search_term_string\"}}],\"inLanguage\":\"pl-PL\"},{\"@type\":\"Person\",\"@id\":\"https:\/\/gaudiumetspes-blog.pl\/#\/schema\/person\/1661982992b752dea8dff0d4ed845a65\",\"name\":\"Ks. Jacek\",\"image\":{\"@type\":\"ImageObject\",\"inLanguage\":\"pl-PL\",\"@id\":\"https:\/\/gaudiumetspes-blog.pl\/#\/schema\/person\/image\/\",\"url\":\"https:\/\/gaudiumetspes-blog.pl\/wp-content\/uploads\/2019\/07\/avatar-JJ-150x150.jpg\",\"contentUrl\":\"https:\/\/gaudiumetspes-blog.pl\/wp-content\/uploads\/2019\/07\/avatar-JJ-150x150.jpg\",\"caption\":\"Ks. Jacek\"},\"description\":\"Witam serdecznie! K\u0142ania si\u0119 Ks. Jacek Ja\u015bkowski. Nie jestem ani kim\u015b wa\u017cnym, ani kim\u015b znanym. Jestem ksi\u0119dzem, kt\u00f3ry po prostu chce rozmawia\u0107. Codzienna kap\u0142a\u0144ska pos\u0142uga pokazuje mi, \u017ce temat\u00f3w do rozm\u00f3w z ksi\u0119dzem jest coraz wi\u0119cej i dzisiaj \u017caden ksi\u0105dz nie mo\u017ce od nich ucieka\u0107, ale - wprost przeciwnie - podejmowa\u0107 nowe wyzwania. To przekonanie sk\u0142oni\u0142o mnie do pr\u00f3by otwarcia tego\u017c bloga, chocia\u017c okazji do rozm\u00f3w na co dzie\u0144 - w konfesjonale i poza nim - na szcz\u0119\u015bcie nie brakuje. My\u015bl\u0119 jednak, \u017ce ten blog b\u0119dzie jeszcze jednym sposobem i przestrzeni\u0105 nawi\u0105zania kontaktu z lud\u017ami dobrej woli, otwartymi na dialog.\",\"url\":\"https:\/\/gaudiumetspes-blog.pl\/index.php\/author\/ks-jacek\/\"}]}<\/script>\n<!-- \/ Yoast SEO plugin. -->","yoast_head_json":{"title":"Odda\u0107 Bogu i ludziom - ca\u0142ego siebie! - Gaudium Et Spes","robots":{"index":"index","follow":"follow","max-snippet":"max-snippet:-1","max-image-preview":"max-image-preview:large","max-video-preview":"max-video-preview:-1"},"canonical":"https:\/\/gaudiumetspes-blog.pl\/index.php\/2018\/08\/25\/oddac-bogu-i-ludziom-caego-siebie\/","og_locale":"pl_PL","og_type":"article","og_title":"Odda\u0107 Bogu i ludziom - ca\u0142ego siebie! - Gaudium Et Spes","og_description":"Szcz\u0119\u015b\u0107 Bo\u017ce! Dzisiaj, moi Drodzy, jak w ka\u017cd\u0105 sobot\u0119 \u2013 s\u0142\u00f3wko Jakuba. Bardzo dzi\u0119kuj\u0119 Mu za to, \u017ce pomimo du\u017cej ilo\u015bci zaj\u0119\u0107, jakie ma obecnie, nie zapomnia\u0142 o swoim dniu na naszym forum. Wszystkim \u017cycz\u0119 Bo\u017cego b\u0142ogos\u0142awie\u0144stwa i pomocy w dawaniu Bogu i ludziom \u2013 CA\u0141EGO SIEBIE, o czym w rozwa\u017caniu napisa\u0142 Jakub. Gaudium et [&hellip;]","og_url":"https:\/\/gaudiumetspes-blog.pl\/index.php\/2018\/08\/25\/oddac-bogu-i-ludziom-caego-siebie\/","og_site_name":"Gaudium Et Spes","article_published_time":"2018-08-25T02:40:00+00:00","article_modified_time":"2019-07-31T10:57:43+00:00","author":"Ks. Jacek","twitter_card":"summary_large_image","twitter_misc":{"Napisane przez":"Ks. Jacek","Szacowany czas czytania":"5 minut"},"schema":{"@context":"https:\/\/schema.org","@graph":[{"@type":"WebPage","@id":"https:\/\/gaudiumetspes-blog.pl\/index.php\/2018\/08\/25\/oddac-bogu-i-ludziom-caego-siebie\/","url":"https:\/\/gaudiumetspes-blog.pl\/index.php\/2018\/08\/25\/oddac-bogu-i-ludziom-caego-siebie\/","name":"Odda\u0107 Bogu i ludziom - ca\u0142ego siebie! - Gaudium Et Spes","isPartOf":{"@id":"https:\/\/gaudiumetspes-blog.pl\/#website"},"datePublished":"2018-08-25T02:40:00+00:00","dateModified":"2019-07-31T10:57:43+00:00","author":{"@id":"https:\/\/gaudiumetspes-blog.pl\/#\/schema\/person\/1661982992b752dea8dff0d4ed845a65"},"breadcrumb":{"@id":"https:\/\/gaudiumetspes-blog.pl\/index.php\/2018\/08\/25\/oddac-bogu-i-ludziom-caego-siebie\/#breadcrumb"},"inLanguage":"pl-PL","potentialAction":[{"@type":"ReadAction","target":["https:\/\/gaudiumetspes-blog.pl\/index.php\/2018\/08\/25\/oddac-bogu-i-ludziom-caego-siebie\/"]}]},{"@type":"BreadcrumbList","@id":"https:\/\/gaudiumetspes-blog.pl\/index.php\/2018\/08\/25\/oddac-bogu-i-ludziom-caego-siebie\/#breadcrumb","itemListElement":[{"@type":"ListItem","position":1,"name":"Strona g\u0142\u00f3wna","item":"https:\/\/gaudiumetspes-blog.pl\/"},{"@type":"ListItem","position":2,"name":"Odda\u0107 Bogu i&nbsp;ludziom &#8211; ca\u0142ego siebie!"}]},{"@type":"WebSite","@id":"https:\/\/gaudiumetspes-blog.pl\/#website","url":"https:\/\/gaudiumetspes-blog.pl\/","name":"Gaudium Et Spes","description":"Blog Ks. Jacka Ja\u015bkowskiego","potentialAction":[{"@type":"SearchAction","target":{"@type":"EntryPoint","urlTemplate":"https:\/\/gaudiumetspes-blog.pl\/?s={search_term_string}"},"query-input":{"@type":"PropertyValueSpecification","valueRequired":true,"valueName":"search_term_string"}}],"inLanguage":"pl-PL"},{"@type":"Person","@id":"https:\/\/gaudiumetspes-blog.pl\/#\/schema\/person\/1661982992b752dea8dff0d4ed845a65","name":"Ks. Jacek","image":{"@type":"ImageObject","inLanguage":"pl-PL","@id":"https:\/\/gaudiumetspes-blog.pl\/#\/schema\/person\/image\/","url":"https:\/\/gaudiumetspes-blog.pl\/wp-content\/uploads\/2019\/07\/avatar-JJ-150x150.jpg","contentUrl":"https:\/\/gaudiumetspes-blog.pl\/wp-content\/uploads\/2019\/07\/avatar-JJ-150x150.jpg","caption":"Ks. Jacek"},"description":"Witam serdecznie! K\u0142ania si\u0119 Ks. Jacek Ja\u015bkowski. Nie jestem ani kim\u015b wa\u017cnym, ani kim\u015b znanym. Jestem ksi\u0119dzem, kt\u00f3ry po prostu chce rozmawia\u0107. Codzienna kap\u0142a\u0144ska pos\u0142uga pokazuje mi, \u017ce temat\u00f3w do rozm\u00f3w z ksi\u0119dzem jest coraz wi\u0119cej i dzisiaj \u017caden ksi\u0105dz nie mo\u017ce od nich ucieka\u0107, ale - wprost przeciwnie - podejmowa\u0107 nowe wyzwania. To przekonanie sk\u0142oni\u0142o mnie do pr\u00f3by otwarcia tego\u017c bloga, chocia\u017c okazji do rozm\u00f3w na co dzie\u0144 - w konfesjonale i poza nim - na szcz\u0119\u015bcie nie brakuje. My\u015bl\u0119 jednak, \u017ce ten blog b\u0119dzie jeszcze jednym sposobem i przestrzeni\u0105 nawi\u0105zania kontaktu z lud\u017ami dobrej woli, otwartymi na dialog.","url":"https:\/\/gaudiumetspes-blog.pl\/index.php\/author\/ks-jacek\/"}]}},"jetpack_featured_media_url":"","jetpack_sharing_enabled":true,"_links":{"self":[{"href":"https:\/\/gaudiumetspes-blog.pl\/index.php\/wp-json\/wp\/v2\/posts\/7192","targetHints":{"allow":["GET"]}}],"collection":[{"href":"https:\/\/gaudiumetspes-blog.pl\/index.php\/wp-json\/wp\/v2\/posts"}],"about":[{"href":"https:\/\/gaudiumetspes-blog.pl\/index.php\/wp-json\/wp\/v2\/types\/post"}],"author":[{"embeddable":true,"href":"https:\/\/gaudiumetspes-blog.pl\/index.php\/wp-json\/wp\/v2\/users\/1"}],"replies":[{"embeddable":true,"href":"https:\/\/gaudiumetspes-blog.pl\/index.php\/wp-json\/wp\/v2\/comments?post=7192"}],"version-history":[{"count":1,"href":"https:\/\/gaudiumetspes-blog.pl\/index.php\/wp-json\/wp\/v2\/posts\/7192\/revisions"}],"predecessor-version":[{"id":14295,"href":"https:\/\/gaudiumetspes-blog.pl\/index.php\/wp-json\/wp\/v2\/posts\/7192\/revisions\/14295"}],"wp:attachment":[{"href":"https:\/\/gaudiumetspes-blog.pl\/index.php\/wp-json\/wp\/v2\/media?parent=7192"}],"wp:term":[{"taxonomy":"category","embeddable":true,"href":"https:\/\/gaudiumetspes-blog.pl\/index.php\/wp-json\/wp\/v2\/categories?post=7192"},{"taxonomy":"post_tag","embeddable":true,"href":"https:\/\/gaudiumetspes-blog.pl\/index.php\/wp-json\/wp\/v2\/tags?post=7192"}],"curies":[{"name":"wp","href":"https:\/\/api.w.org\/{rel}","templated":true}]}}