{"id":7196,"date":"2018-08-21T04:04:00","date_gmt":"2018-08-21T02:04:00","guid":{"rendered":"https:\/\/gaudiumetspes-blog.pl\/index.php\/2018\/08\/21\/czym-jest-ucho-igielne\/"},"modified":"2019-07-31T12:57:41","modified_gmt":"2019-07-31T10:57:41","slug":"czym-jest-ucho-igielne","status":"publish","type":"post","link":"https:\/\/gaudiumetspes-blog.pl\/index.php\/2018\/08\/21\/czym-jest-ucho-igielne\/","title":{"rendered":"Czym jest ucho igielne?&#8230;"},"content":{"rendered":"<p><\/p>\n<div align=\"justify\" style=\"font-weight: normal; line-height: 150%; margin-bottom: 0cm;\">\nSzcz\u0119\u015b\u0107<br \/>\nBo\u017ce! Moi Drodzy, pozdrawiam serdecznie Wszystkich i zapowiadam\u2026<br \/>\nno, w\u0142a\u015bnie, nie wiem, jak to zapowiedzie\u0107! Bo zwykle jest to<br \/>\ns\u0142\u00f3wko z Syberii, a tym razem \u2013 o ile si\u0119 dobrze orientuj\u0119 w<br \/>\nplanach Ksi\u0119dza Marka \u2013 chyba s\u0142\u00f3wko z Warszawy\u2026 A mo\u017ce \u2013 z<br \/>\nBia\u0142ej Podlaskiej?\u2026\n<\/div>\n<div align=\"justify\" style=\"background: transparent; font-weight: normal; line-height: 150%; margin-bottom: 0cm; page-break-before: auto; text-indent: 1.3cm;\">\nW<br \/>\nka\u017cdym razie: jutro \u2013 wreszcie \u2013 s\u0142\u00f3wko Ksi\u0119dza Marka!<\/div>\n<div align=\"center\" style=\"font-weight: normal; line-height: 150%; margin-bottom: 0cm;\">\nGaudium<br \/>\net spes!  Ks. Jacek<\/div>\n<div align=\"justify\" style=\"line-height: 150%; margin-bottom: 0cm;\">\n<\/p>\n<\/div>\n<div align=\"justify\" style=\"line-height: 150%; margin-bottom: 0cm;\">\n<b>Wtorek<br \/>\n20 Tygodnia zwyk\u0142ego, rok II,<\/b><\/div>\n<div align=\"justify\" style=\"line-height: 150%; margin-bottom: 0cm;\">\n<b>Wspomnienie<br \/>\n\u015aw. Piusa X, Papie\u017ca,<\/b><\/div>\n<div align=\"justify\" style=\"line-height: 150%; margin-bottom: 0cm;\">\n<b>do<br \/>\nczyta\u0144:  Ez 28,1\u201310;  Mt 19,23\u201330<\/b><\/div>\n<div align=\"justify\" style=\"line-height: 150%; margin-bottom: 0cm;\">\n<\/p>\n<\/div>\n<div align=\"justify\" style=\"font-style: normal; font-variant: normal; letter-spacing: normal; line-height: 150%; margin-bottom: 0cm;\">\n<b>CZYTANIE<br \/>\nZ KSI\u0118GI PROROKA EZECHIELA:<\/b><\/div>\n<div align=\"justify\" style=\"background: transparent; font-style: normal; font-variant: normal; letter-spacing: normal; line-height: 150%; margin-bottom: 0cm; page-break-before: auto; text-indent: 1.3cm;\">\n<b>Pan<br \/>\nskierowa\u0142 do mnie te s\u0142owa: \u201eSynu cz\u0142owieczy, powiedz w\u0142adcy<br \/>\nTyru: \u00abTak m\u00f3wi Pan B\u00f3g: Poniewa\u017c serce twoje sta\u0142o si\u0119<br \/>\nwynios\u0142e, powiedzia\u0142e\u015b: Ja jestem Bogiem, ja zasiadam na Boskiej<br \/>\nstolicy w sercu m\u00f3rz, a przecie\u017c ty jeste\u015b tylko cz\u0142owiekiem, a<br \/>\nnie Bogiem, i rozum sw\u00f3j chcia\u0142e\u015b mie\u0107 r\u00f3wny rozumowi Bo\u017cemu.<br \/>\nOto jeste\u015b m\u0119drszy od Danela, \u017cadna tajemnica nie jest ukryta<br \/>\nprzed tob\u0105. Dzi\u0119ki swej przezorno\u015bci i sprytowi zdoby\u0142e\u015b sobie<br \/>\nmaj\u0105tek, a nagromadzi\u0142e\u015b z\u0142ota i srebra w swoich skarbcach.<br \/>\nDzi\u0119ki swojej wielkiej przezorno\u015bci, dzi\u0119ki swoim zdolno\u015bciom<br \/>\nkupieckim pomno\u017cy\u0142e\u015b swoje maj\u0119tno\u015bci i serce twoje sta\u0142o si\u0119<br \/>\nwynios\u0142e z powodu twego maj\u0105tku\u00bb\u201d.<\/b><\/div>\n<div align=\"justify\" style=\"background: transparent; font-style: normal; font-variant: normal; letter-spacing: normal; line-height: 150%; margin-bottom: 0cm; text-indent: 1.3cm;\">\n<b>Dlatego<br \/>\ntak m\u00f3wi Pan B\u00f3g: \u201ePoniewa\u017c rozum sw\u00f3j chcia\u0142e\u015b mie\u0107 r\u00f3wny<br \/>\nrozumowi Bo\u017cemu, oto dlatego sprowadzam na ciebie cudzoziemc\u00f3w,<br \/>\nnajsro\u017cszych spo\u015br\u00f3d narod\u00f3w. Oni dob\u0119d\u0105 mieczy przeciwko<br \/>\nurokowi twojej m\u0105dro\u015bci i zbezczeszcz\u0105 tw\u00f3j blask. Zepchn\u0105 ci\u0119<br \/>\ndo do\u0142u i umrzesz \u015bmierci\u0105 nag\u0142\u0105 w sercu m\u00f3rz. Czy b\u0119dziesz<br \/>\njeszcze m\u00f3wi\u0142: \u00abJa jestem Bogiem\u00bb w obliczu swoich oprawc\u00f3w?<br \/>\nPrzecie\u017c b\u0119dziesz tylko cz\u0142owiekiem, a nie Bogiem w r\u0119ku tego,<br \/>\nkt\u00f3ry ci\u0119 b\u0119dzie zabija\u0142. Umrzesz \u015bmierci\u0105 nieobrzezanych, z<br \/>\nr\u0119ki cudzoziemc\u00f3w, poniewa\u017c Ja to postanowi\u0142em\u201d, m\u00f3wi Pan B\u00f3g.<\/b><\/div>\n<div align=\"justify\" style=\"font-style: normal; font-variant: normal; letter-spacing: normal; line-height: 150%; margin-bottom: 0cm;\">\n<\/p>\n<\/div>\n<div align=\"justify\" style=\"font-style: normal; font-variant: normal; letter-spacing: normal; line-height: 150%; margin-bottom: 0cm;\">\n<b>S\u0141OWA<br \/>\nEWANGELII WED\u0141UG \u015aWI\u0118TEGO MATEUSZA:<\/b><\/div>\n<div align=\"justify\" style=\"background: transparent; font-style: normal; font-variant: normal; letter-spacing: normal; line-height: 150%; margin-bottom: 0cm; page-break-before: auto; text-indent: 1.3cm;\">\n<b>Jezus<br \/>\npowiedzia\u0142 do swoich uczni\u00f3w: \u201eZaprawd\u0119 powiadam wam: Bogaty z<br \/>\ntrudno\u015bci\u0105 wejdzie do kr\u00f3lestwa niebieskiego. Jeszcze raz wam<br \/>\npowiadam: \u0141atwiej jest wielb\u0142\u0105dowi przej\u015b\u0107 przez ucho igielne<br \/>\nni\u017c bogatemu wej\u015b\u0107 do kr\u00f3lestwa niebieskiego\u201d.<\/b><\/div>\n<div align=\"justify\" style=\"background: transparent; font-style: normal; font-variant: normal; letter-spacing: normal; line-height: 150%; margin-bottom: 0cm; text-indent: 1.3cm;\">\n<b>Gdy<br \/>\nuczniowie to us\u0142yszeli, przerazili si\u0119 bardzo i pytali: \u201eKt\u00f3\u017c<br \/>\nwi\u0119c mo\u017ce si\u0119 zbawi\u0107?\u201d<\/b><\/div>\n<div align=\"justify\" style=\"background: transparent; font-style: normal; font-variant: normal; letter-spacing: normal; line-height: 150%; margin-bottom: 0cm; text-indent: 1.3cm;\">\n<b>Jezus<br \/>\nspojrza\u0142 na nich i rzek\u0142: \u201eU ludzi to niemo\u017cliwe, lecz u Boga<br \/>\nwszystko jest mo\u017cliwe\u201d.<\/b><\/div>\n<div align=\"justify\" style=\"background: transparent; font-style: normal; font-variant: normal; letter-spacing: normal; line-height: 150%; margin-bottom: 0cm; text-indent: 1.3cm;\">\n<b>Wtedy<br \/>\nPiotr rzek\u0142 do Niego: \u201eOto my opu\u015bcili\u015bmy wszystko i poszli\u015bmy<br \/>\nza Tob\u0105, c\u00f3\u017c wi\u0119c otrzymamy?\u201d<\/b><\/div>\n<div align=\"justify\" style=\"background: transparent; font-style: normal; font-variant: normal; letter-spacing: normal; line-height: 150%; margin-bottom: 0cm; text-indent: 1.3cm;\">\n<b>Jezus<br \/>\nza\u015b rzek\u0142 do nich: \u201eZaprawd\u0119 powiadam wam: Przy odrodzeniu, gdy<br \/>\nSyn Cz\u0142owieczy zasi\u0105dzie na swym tronie chwa\u0142y, wy, kt\u00f3rzy\u015bcie<br \/>\nposzli za Mn\u0105, zasi\u0105dziecie r\u00f3wnie\u017c na dwunastu tronach s\u0105dz\u0105c<br \/>\ndwana\u015bcie pokole\u0144 Izraela. I ka\u017cdy, kto dla mego imienia opu\u015bci<br \/>\ndom, braci lub siostry, ojca lub matk\u0119, dzieci lub pole, stokro\u0107<br \/>\ntyle otrzyma i \u017cycie wieczne odziedziczy.<\/b><\/div>\n<div align=\"justify\" style=\"background: transparent; font-style: normal; font-variant: normal; letter-spacing: normal; line-height: 150%; margin-bottom: 0cm; text-indent: 1.3cm;\">\n<b>Wielu<br \/>\nza\u015b pierwszych b\u0119dzie ostatnimi, a ostatnich pierwszymi.\u201d<\/b><\/div>\n<div align=\"justify\" style=\"line-height: 150%; margin-bottom: 0cm;\">\n<\/p>\n<\/div>\n<div align=\"justify\" style=\"background: transparent; font-style: normal; font-variant: normal; font-weight: normal; letter-spacing: normal; line-height: 150%; margin-bottom: 0cm; page-break-before: auto; text-indent: 1.3cm;\">\nW\u0142adca<br \/>\nTyru, o kt\u00f3rym mowa dzi\u015b w pierwszym czytaniu, rzeczywi\u015bcie by\u0142<br \/>\nbardzo <b>zdolnym i skutecznym<\/b> w\u0142adc\u0105. Zreszt\u0105, potwierdza to<br \/>\nsam B\u00f3g, gdy m\u00f3wi: <i><b>Oto jeste\u015b m\u0119drszy od Danela, \u017cadna<br \/>\ntajemnica nie jest ukryta przed tob\u0105. Dzi\u0119ki swej przezorno\u015bci i<br \/>\nsprytowi zdoby\u0142e\u015b sobie maj\u0105tek, a nagromadzi\u0142e\u015b z\u0142ota i srebra<br \/>\nw swoich skarbcach. Dzi\u0119ki swojej wielkiej przezorno\u015bci, dzi\u0119ki<br \/>\nswoim zdolno\u015bciom kupieckim pomno\u017cy\u0142e\u015b swoje maj\u0119tno\u015bci\u2026<\/b><\/i><b><br \/>\n<\/b>\n<\/div>\n<div align=\"justify\" style=\"background: transparent; font-style: normal; font-variant: normal; font-weight: normal; letter-spacing: normal; line-height: 150%; margin-bottom: 0cm; text-indent: 1.3cm;\">\nJe\u017celi<br \/>\nuzna\u0107, \u017ce \u00f3w wspomniany Danel to opisywany w staro\u017cytnych pismach<br \/>\nugaryckich <b>legendarny wielki m\u0119drzec,<\/b> dobry w\u0142adca i<br \/>\nsprawiedliwy s\u0119dzia, a w\u0142adca Tyru jest <i><b>m\u0119drszy od Danela,<\/b><\/i><b><br \/>\n<\/b>to znaczy, \u017ce faktycznie prezentuje <b>wysoki poziom<br \/>\nintelektualny<\/b> i znacz\u0105c\u0105 zaradno\u015b\u0107 organizacyjn\u0105 i<br \/>\ngospodarcz\u0105.\n<\/div>\n<div align=\"justify\" style=\"background: transparent; font-style: normal; font-variant: normal; font-weight: normal; letter-spacing: normal; line-height: 150%; margin-bottom: 0cm; text-indent: 1.3cm;\">\nJednak<br \/>\nostatnie zdanie z tego zacytowanego powy\u017cej fragmentu, kt\u00f3re<br \/>\nurwali\u015bmy w po\u0142owie, ko\u0144czy si\u0119 stwierdzeniem: <i><b>i serce<br \/>\ntwoje sta\u0142o si\u0119 wynios\u0142e z powodu twego maj\u0105tku.<\/b><\/i><br \/>\nZobaczmy, jakby na jednym tonie, jednym tchem, B\u00f3g przechodzi od<br \/>\npochwa\u0142y jego zdolno\u015bci do skrytykowania jego pychy.\n<\/div>\n<div align=\"justify\" style=\"background: transparent; font-style: normal; font-variant: normal; font-weight: normal; letter-spacing: normal; line-height: 150%; margin-bottom: 0cm; text-indent: 1.3cm;\">\nW<br \/>\nkolejnych zdaniach za\u015b pojawia si\u0119 zapowied\u017a kary za ni\u0105, o czym<br \/>\nB\u00f3g tak m\u00f3wi: <i><b>Poniewa\u017c rozum sw\u00f3j chcia\u0142e\u015b mie\u0107 r\u00f3wny<br \/>\nrozumowi Bo\u017cemu, oto dlatego sprowadzam na ciebie cudzoziemc\u00f3w,<br \/>\nnajsro\u017cszych spo\u015br\u00f3d narod\u00f3w. Oni dob\u0119d\u0105 mieczy przeciwko<br \/>\nurokowi twojej m\u0105dro\u015bci i zbezczeszcz\u0105 tw\u00f3j blask. Zepchn\u0105 ci\u0119<br \/>\ndo do\u0142u i umrzesz \u015bmierci\u0105 nag\u0142\u0105 w sercu m\u00f3rz.<\/b><\/i><b> <\/b>\n<\/div>\n<div align=\"justify\" style=\"background: transparent; font-style: normal; font-variant: normal; font-weight: normal; letter-spacing: normal; line-height: 150%; margin-bottom: 0cm; text-indent: 1.3cm;\">\nW<br \/>\nten spos\u00f3b \u2013 jak zapewne zauwa\u017camy \u2013 nawet najwi\u0119ksze<br \/>\nzdolno\u015bci i najbardziej okaza\u0142e dokonania kr\u00f3la Tyru <b>zosta\u0142y<br \/>\nzniweczone<\/b> tak\u0105\u017c sam\u0105 wielk\u0105 jego pych\u0105, kt\u00f3ra doprowadzi\u0142a<br \/>\ngo do postawienia si\u0119 na r\u00f3wni z Bogiem. Z tego wyprowadzamy<br \/>\nwniosek, i\u017c bardzo wa\u017cnym jest, <b>co nosi w swoim sercu cz\u0142owiek!<\/b><br \/>\nNie tyle to, co osi\u0105ga na zewn\u0105trz, lub to, czego dokonuje w<br \/>\nprzestrzeni publicznej \u2013 chocia\u017c to przykuwa powszechn\u0105 uwag\u0119 \u2013<br \/>\nile w\u0142a\u015bnie to, co <b>nosi w swoim sercu. <\/b>\n<\/div>\n<div align=\"justify\" style=\"background: transparent; font-style: normal; font-variant: normal; font-weight: normal; letter-spacing: normal; line-height: 150%; margin-bottom: 0cm; text-indent: 1.3cm;\">\nJezus<br \/>\nw Ewangelii wyra\u017ca to bardzo dosadnie, gdy m\u00f3wi:  <i><b>\u0141atwiej<br \/>\njest wielb\u0142\u0105dowi przej\u015b\u0107 przez ucho igielne ni\u017c bogatemu wej\u015b\u0107<br \/>\ndo kr\u00f3lestwa niebieskiego;<\/b><\/i><b> <\/b>a nast\u0119pnie: <i><b>K<\/b><\/i><i><b>a\u017cdy,<br \/>\nkto dla mego imienia opu\u015bci dom, braci lub siostry, ojca lub matk\u0119,<br \/>\ndzieci lub pole, stokro\u0107 tyle otrzyma i \u017cycie wieczne odziedziczy.<\/b><\/i><\/p>\n<\/div>\n<div align=\"justify\" style=\"background: transparent; font-style: normal; font-variant: normal; font-weight: normal; letter-spacing: normal; line-height: 150%; margin-bottom: 0cm; text-indent: 1.3cm;\">\nI<br \/>\nchocia\u017c w komentarzach biblijnych oraz r\u00f3\u017cnych wypowiedziach mo\u017cna<br \/>\nspotka\u0107 si\u0119 z<b> rozbie\u017cnymi opiniami na temat owego ucha<br \/>\nigielnego,<\/b> bo jedni rozumiej\u0105 to okre\u015blenie dos\u0142ownie, a<br \/>\ndrudzy widz\u0105 tu odniesienie do furtki w jednej z bram \u015bwi\u0105tyni<br \/>\njerozolimskiej, to jednak nie mamy w\u0105tpliwo\u015bci, \u017ce Jezus mocno<br \/>\nakcentuje potrzeb\u0119 <b>uwolnienia serca od ziemskich przywi\u0105za\u0144 i<br \/>\nbogactw!<\/b> I tak\u017ce <b>opuszczenie<\/b> ojca i matki, braci i<br \/>\nsi\u00f3str, dzieci lub p\u00f3l \u2013 nie oznacza oderwania si\u0119 od rodziny,<br \/>\nale poustawianie w swoim sercu i umy\u015ble <b>w\u0142a\u015bciwej hierarchii<br \/>\nwarto\u015bci.<\/b><\/div>\n<div align=\"justify\" style=\"background: transparent; font-style: normal; font-variant: normal; font-weight: normal; letter-spacing: normal; line-height: 150%; margin-bottom: 0cm; text-indent: 1.3cm;\">\nI<br \/>\no tym dzisiaj, moi Drodzy, przede wszystkim m\u00f3wimy: o w\u0142a\u015bciwej<br \/>\nhierarchii warto\u015bci, o <b>mentalnym uporz\u0105dkowaniu najwa\u017cniejszych<br \/>\nspraw.<\/b> Kr\u00f3l Tyru na tym w\u0142a\u015bnie przegra\u0142, \u017ce pomimo swojej<br \/>\nzaradno\u015bci i gospodarno\u015bci \u2013 <b>siebie samego<\/b> postawi\u0142 na<br \/>\nczele tej hierarchii. I ci, kt\u00f3rzy nie potrafili oderwa\u0107 serca od<br \/>\nbogactw doczesnych, i nie potrafili porzuci\u0107 \u015bwiata dla Boga \u2013 ci<br \/>\n<b>pozostali ostatecznie n\u0119dzarzami. <\/b>\n<\/div>\n<div align=\"justify\" style=\"background: transparent; font-style: normal; font-variant: normal; font-weight: normal; letter-spacing: normal; line-height: 150%; margin-bottom: 0cm; text-indent: 1.3cm;\">\nA<br \/>\nci, kt\u00f3rzy tak poustawiali swoje my\u015blenie i swoje serce, i\u017c byli w<br \/>\nstanie przej\u015b\u0107 przez ucho igielne oraz wszystko porzuci\u0107 dla<br \/>\nJezusa \u2013 <b>ci zyskali wszystko.<\/b> Czyli najwi\u0119ksze bogactwo \u2013<br \/>\n\u017cycie wieczne. Jak\u017ce wa\u017cna jest, zatem, moi Drodzy, dobrze<br \/>\nustawiona w sercu i umy\u015ble \u2013 w\u0142a\u015bciwa hierarchia warto\u015bci.<\/div>\n<div align=\"justify\" style=\"background: transparent; font-style: normal; font-variant: normal; font-weight: normal; letter-spacing: normal; line-height: 150%; margin-bottom: 0cm; text-indent: 1.3cm;\">\nDobrze<br \/>\nto wiedzia\u0142, wspaniale to pokazywa\u0142 i innych tego uczy\u0142 Patron<br \/>\ndnia dzisiejszego, <b>\u015awi\u0119ty Pius X, Papie\u017c.<\/b><\/div>\n<div align=\"justify\" style=\"background: transparent; line-height: 150%; margin-bottom: 0cm; text-indent: 1.3cm;\">\nJako<br \/>\n<b>J\u00f3zef Sarto,<br \/>\n<\/b>urodzi\u0142<br \/>\nsi\u0119 on<b><br \/>\n2 czerwca 1835 roku<\/b>, w<br \/>\nrodzinie wiejskiego listonosza, we W\u0142oszech, niedaleko Wenecji. Do<br \/>\nszko\u0142y podstawowej ucz\u0119szcza\u0142 w swojej miejscowo\u015bci, a w 1846<br \/>\nroku zosta\u0142 przyj\u0119ty do gimnazjum w Castelfranco Veneto, dok\u0105d<br \/>\nmusia\u0142 <b>codziennie<br \/>\nprzebiega\u0107 czterna\u015bcie kilometr\u00f3w w jedn\u0105 stron\u0119! <\/b>A<br \/>\ntrwa\u0142o to przez cztery lata!\n<\/div>\n<div align=\"justify\" style=\"background: transparent; line-height: 150%; margin-bottom: 0cm; text-indent: 1.3cm;\">\nZa<br \/>\npieni\u0105dze kardyna\u0142a Jakuba Monico, podj\u0105\u0142 studia w seminarium w<br \/>\nPadwie. W trakcie tych studi\u00f3w zmar\u0142 jego ojciec i by\u0142a obawa, \u017ce<br \/>\nb\u0119dzie musia\u0142 przerwa\u0107 studia, aby pomaga\u0107 matce. Matka<br \/>\njednak zdecydowa\u0142a si\u0119<b><br \/>\ndorabia\u0107 krawiectwem, aby synowi nie przerywa\u0107 studi\u00f3w.<\/b><br \/>\n\u015awi\u0119cenia kap\u0142a\u0144skie otrzyma\u0142 <b>18<br \/>\nwrze\u015bnia 1858 roku. <\/b>\n<\/div>\n<div align=\"justify\" style=\"background: transparent; line-height: 150%; margin-bottom: 0cm; text-indent: 1.3cm;\">\nJu\u017c<br \/>\nna pierwszej plac\u00f3wce wyr\u00f3\u017cni\u0142<br \/>\nsi\u0119 jako<b> doskona\u0142y<br \/>\nkaznodzieja.<\/b> Dlatego<br \/>\nzapraszano go ch\u0119tnie z kazaniami z r\u00f3\u017cnych okazji. Swoje kazania<br \/>\nprzygotowywa\u0142 bardzo starannie, <b>ka\u017cde<br \/>\nz nich zapisuj\u0105c!<\/b><br \/>\nBudowa\u0142 wiernych pobo\u017cno\u015bci\u0105 i gorliwo\u015bci\u0105 kap\u0142a\u0144sk\u0105.<br \/>\nOpiekowa\u0142 si\u0119 ubogimi. Po dziewi\u0119ciu latach takiej pracy, w roku<br \/>\n1867, zosta\u0142 proboszczem w Salvano. Tu zaj\u0105\u0142 si\u0119 szczeg\u00f3lnie<br \/>\n<b>katechizacj\u0105 dzieci,<br \/>\nuczeniem ch\u00f3ru \u015bpiewu liturgicznego i opiek\u0105 nad biednymi.<\/b><br \/>\nSam b\u0119d\u0105c wiele razy g\u0142odny jako ch\u0142opiec, umia\u0142 zrozumie\u0107 g\u0142\u00f3d<br \/>\ninnych.\n<\/div>\n<div align=\"justify\" style=\"background: transparent; line-height: 150%; margin-bottom: 0cm; text-indent: 1.3cm;\">\n<b>By\u0142<br \/>\ntak szczodry dla ubogich,<\/b><br \/>\n\u017ce siostra cz\u0119stokro\u0107 z p\u0142aczem skar\u017cy\u0142a si\u0119 mu, \u017ce nie ma co<br \/>\ndo garnka w\u0142o\u017cy\u0107, a wstydzi si\u0119 bra\u0107 w sklepie na kredyt. W<br \/>\nparafii<br \/>\nmia\u0142 do pomocy dw\u00f3ch wikariuszy \u2013 i to w\u0142a\u015bnie z nimi<br \/>\n<b>codziennie wieczorem<br \/>\nomawia\u0142 <\/b>potrzeby<br \/>\nparafii.\n<\/div>\n<div align=\"justify\" style=\"background: transparent; line-height: 150%; margin-bottom: 0cm; text-indent: 1.3cm;\">\n<b>W<br \/>\n1884 roku, Papie\u017c Leon XIII <\/b>mianowa\u0142<br \/>\nKsi\u0119dza J\u00f3zefa Sarto<b><br \/>\n<\/b><b>B<\/b><b>iskupem<br \/>\nMantui<\/b> i sam udzieli\u0142 mu<br \/>\nsakry. Jako Pasterz diecezji, umia\u0142 by\u0107 Biskup J\u00f3zef kochaj\u0105cym i<br \/>\n\u017cyczliwym dla wszystkich ojcem, <b>ale<br \/>\nbywa\u0142 tak\u017ce stanowczy, kiedy tego wymaga\u0142a potrzeba.<\/b><br \/>\nSam dawa\u0142 swojemu duchowie\u0144stwu przyk\u0142ad modlitwy, ub\u00f3stwa i<br \/>\ngorliwo\u015bci kap\u0142a\u0144skiej. Baczn\u0105 uwag\u0119 zwr\u00f3ci\u0142 na seminarium<br \/>\nduchowne, by mogli st\u0105d wychodzi\u0107 <b>odpowiednio<br \/>\nprzygotowani do przysz\u0142ej misji kap\u0142ani. <\/b>\n<\/div>\n<div align=\"justify\" style=\"background: transparent; line-height: 150%; margin-bottom: 0cm; text-indent: 1.3cm;\">\nOsobi\u015bcie<br \/>\nzwizytowa\u0142 wszystkie ko\u015bcio\u0142y i parafie diecezji, by si\u0119<br \/>\nprzekona\u0107 naocznie o ich potrzebach materialnych i duchowych. Na<br \/>\nzako\u0144czenie wizytacji, <b>w<br \/>\n1888 roku, zwo\u0142a\u0142 synod diecezjalny, <\/b>kt\u00f3rego<br \/>\nnie by\u0142o w tej diecezji od dwustu pi\u0119\u0107dziesi\u0119ciu lat!\n<\/div>\n<div align=\"justify\" style=\"background: transparent; line-height: 150%; margin-bottom: 0cm; text-indent: 1.3cm;\">\nTymczasem,<br \/>\nw 1892 roku, zmar\u0142 <b>Patriarcha<br \/>\nWenecji,<\/b> kardyna\u0142<br \/>\nDominik Agostini. Leon XIII wyznaczy\u0142 na jego miejsce biskupa J\u00f3zefa<br \/>\nSarto, <b>mianuj\u0105c go<br \/>\njednocze\u015bnie kardyna\u0142em.<\/b><br \/>\nCa\u0142e swoje do\u015bwiadczenie i gorliwo\u015b\u0107 nowy Patriarcha odda\u0142 nowej<br \/>\narchidiecezji. <b>Rozwin\u0105\u0142<br \/>\nkatechizacj\u0119,<\/b> by j\u0105<br \/>\npostawi\u0107 na jak najwy\u017cszym poziomie i o\u017cywi\u0107 j\u0105 we wszystkich<br \/>\nparafiach swojej metropolii. W seminarium, opr\u00f3cz teologii<br \/>\ndogmatycznej i moralnej, <b>wprowadzi\u0142<br \/>\nstudia biblijne, histori\u0119 Ko\u015bcio\u0142a i ekonomi\u0119 spo\u0142eczn\u0105.<\/b><br \/>\nRozpocz\u0105\u0142 akcj\u0119 oczyszczania muzyki ko\u015bcielnej z element\u00f3w<br \/>\n\u015bwieckich, jakie powszechnie w\u00f3wczas wdziera\u0142y si\u0119 do liturgii.\n<\/div>\n<div align=\"justify\" style=\"background: transparent; line-height: 150%; margin-bottom: 0cm; text-indent: 1.3cm;\">\nA<br \/>\ndo swoich kap\u0142an\u00f3w nieraz mawia\u0142: \u201eG\u0142osicie wiele i dobrych<br \/>\nkaza\u0144. Niekt\u00f3re zdradzaj\u0105 ogie\u0144 najcudowniejszej wymowy i<br \/>\nprzewy\u017cszaj\u0105 nawet aktor\u00f3w gestami i gr\u0105 twarzy. <b>Ale<br \/>\nb\u0105d\u017amy szczerzy: Co maj\u0105 z tego nasi biedni rybacy? Ile z tego<br \/>\nrozumiej\u0105 s\u0142u\u017c\u0105ce, robotnicy portowi i tragarze?<\/b><br \/>\nMo\u017cna dosta\u0107 zawrotu g\u0142owy od tych hamletycznych salw<br \/>\nhuraganowych, ale <b>serce,<br \/>\nbracia, serce pozostaje puste!<\/b><br \/>\nProsz\u0119 was, bracia, <b>m\u00f3wcie<br \/>\nprosto i zwyczajnie, <\/b>\u017ceby<br \/>\ni najprostszy cz\u0142owiek was zrozumia\u0142. M\u00f3wcie z dobrego i pobo\u017cnego<br \/>\nserca, <b>wtedy<br \/>\ntraficie nie tylko do uszu, ale i do duszy waszych s\u0142uchaczy.\u201d<\/b><\/p>\n<\/div>\n<div align=\"justify\" style=\"background: transparent; line-height: 150%; margin-bottom: 0cm; text-indent: 1.3cm;\">\nW<br \/>\n1903 roku zmar\u0142 Papie\u017c Leon XIII. W jego miejsce, <b>w<br \/>\ndniu 3 sierpnia, zosta\u0142 wybrany w\u0142a\u015bnie nasz dzisiejszy Patron.<\/b><br \/>\nJu\u017c w dwa miesi\u0105ce p\u00f3\u017aniej, <b>4<br \/>\npa\u017adziernika 1903 roku, wyda\u0142 sw\u0105 pierwsz\u0105 encyklik\u0119,<\/b><br \/>\nw kt\u00f3rej wy\u0142o\u017cy\u0142 program swojego pontyfikatu: <b>\u201e<\/b><b>Odnowi\u0107<br \/>\nwszystko w Chrystusie\u201d<\/b><i><b>.<\/b><\/i><i><b><br \/>\n<\/b><\/i>W<br \/>\n1906 roku, wyda\u0142 drug\u0105 encyklik\u0119, dotycz\u0105c\u0105 reformy<br \/>\nduchowie\u0144stwa.<b><br \/>\nW 1908 roku przeprowadzi\u0142 reform\u0119 Kurii papieskiej i zmiany <\/b><b>w<br \/>\nprzebiegu<\/b><b><br \/>\nkonklawe.<\/b><br \/>\nRozpocz\u0105\u0142 reform\u0119 prawa kanonicznego.\n<\/div>\n<div align=\"justify\" style=\"background: transparent; line-height: 150%; margin-bottom: 0cm; text-indent: 1.3cm;\">\nW<br \/>\n1905 roku ukaza\u0142 si\u0119<br \/>\n<b>\u201e<\/b><b>Katechizm<br \/>\nPiusa X\u201d <\/b>\u2013<br \/>\nnajpierw<br \/>\ndla Diecezji<br \/>\nrzymskiej, potem dla ca\u0142ego Ko\u015bcio\u0142a, z instrukcj\u0105 o nauczaniu<br \/>\ndzieci prawd wiary.<br \/>\nW<br \/>\ntym te\u017c czasie przeprowadzi\u0142 <b>reform\u0119<br \/>\nmuzyki ko\u015bcielnej i zreformowa\u0142 <\/b><b>B<\/b><b>rewiarz.<\/b><br \/>\nZni\u00f3s\u0142 konieczno\u015b\u0107 przyst\u0119powania do Spowiedzi przed ka\u017cdym<br \/>\nprzyj\u0119ciem Komunii \u015bwi\u0119tej <b>i<br \/>\nobni\u017cy\u0142 wiek dzieci mog\u0105cych j\u0105 przyj\u0105\u0107<\/b>.<\/p>\n<\/div>\n<div align=\"justify\" style=\"background: transparent; line-height: 150%; margin-bottom: 0cm; text-indent: 1.3cm;\">\nZ<br \/>\nca\u0142\u0105 energi\u0105 <b>zwalcza\u0142<br \/>\nwsp\u00f3\u0142czesne b\u0142\u0119dy. <\/b>Najwi\u0119kszym<br \/>\nniebezpiecze\u0144stwem by\u0142<b><br \/>\nmodernizm<\/b><br \/>\n\u2013 pr\u0105d, kt\u00f3ry obala\u0142 niemal wszystkie dogmaty. W encyklice<br \/>\n\u201ePascendi<br \/>\ndominici gregis\u201d<br \/>\nz<br \/>\n<b>8<br \/>\nwrze\u015bnia 1907 roku, modernizm zosta\u0142 uroczy\u015bcie pot\u0119piony, a<br \/>\nkap\u0142ani zostali zobowi\u0105zani do sk\u0142adania antymodernistycznej<br \/>\nprzysi\u0119gi.<\/b><br \/>\nDla podniesienia wagi nauk biblijnych i dla przeciwstawienia si\u0119<br \/>\nszerzonym b\u0142\u0119dom racjonalistycznym, Pius X ustanowi\u0142 <b>Papieski<br \/>\nInstytut Biblijny<\/b><br \/>\n\u2013 istniej\u0105c\u0105 do dzi\u015b najwy\u017csz\u0105 szko\u0142\u0119 biblijn\u0105.\n<\/div>\n<div align=\"justify\" style=\"background: transparent; line-height: 150%; margin-bottom: 0cm; text-indent: 1.3cm;\">\nZ<br \/>\nca\u0142\u0105 stanowczo\u015bci\u0105 stawa\u0142 w obronie Ko\u015bcio\u0142a. Na tym tle<br \/>\ndosz\u0142o do <b>gwa\u0142townego<br \/>\nzatargu z rz\u0105dem francuskim,<\/b><br \/>\nkt\u00f3ry w roku 1905 samowolnie zerwa\u0142 konkordat z roku 1801 i<br \/>\nusi\u0142owa\u0142 narzuci\u0107 Ko\u015bcio\u0142owi ograniczaj\u0105ce jego wolno\u015b\u0107<br \/>\nprawa. Wtedy w\u0142a\u015bnie wyp\u0119dzono z Francji zakonnik\u00f3w i<br \/>\nzlikwidowano niemal wszystkie klasztory. <b>Papie\u017c<br \/>\nmianowa\u0142 czterdziestu biskup\u00f3w <\/b>na<br \/>\nnie obsadzonych dot\u0105d diecezjach,<b><br \/>\nnie pytaj\u0105c rz\u0105du o \u017cadn\u0105 zgod\u0119.<\/b><\/p>\n<\/div>\n<div align=\"justify\" style=\"background: transparent; line-height: 150%; margin-bottom: 0cm; text-indent: 1.3cm;\">\nPius<br \/>\nX bywa\u0142<br \/>\nte\u017c nazywany Papie\u017cem dzieci. Kocha\u0142 je i pragn\u0105\u0142, by jak<br \/>\nnajwcze\u015bniej spotka\u0142y si\u0119 z Jezusem, zanim szatan zajmie Jego<br \/>\nmiejsce w ich sercach. <b>Po<br \/>\nwydaniu dekretu o wczesnej Komunii <\/b><b>\u015a<\/b><b>wi\u0119tej,<br \/>\notrzyma\u0142 bardzo wiele list\u00f3w od dzieci.<\/b><br \/>\nPan B\u00f3g obdarzy\u0142 go tak\u017ce wieloma innymi niezwyk\u0142ymi darami,<br \/>\nmi\u0119dzy innymi \u2013 <b>darem<br \/>\nuzdrawiania chorych.<\/b>\n<\/div>\n<div align=\"justify\" style=\"background: transparent; line-height: 150%; margin-bottom: 0cm; text-indent: 1.3cm;\">\nZe<br \/>\nwszystkich si\u0142 stara\u0142 si\u0119 powstrzyma\u0107 wybuch pierwszej wojny<br \/>\n\u015bwiatowej, ale \u2013 niestety \u2013 nie uda\u0142o mu si\u0119 to. Wojna<br \/>\nwybucha\u0142 28 lipca 1914 roku. W nieca\u0142y miesi\u0105c potem, <b>w<br \/>\ndniu 21 sierpnia 1914 roku, Papie\u017c Pius X zmar\u0142.<\/b><br \/>\nKanonizowa\u0142 go w dniu 29 maja 1954 roku, Papie\u017c Pius XII.<\/div>\n<div align=\"justify\" style=\"background: transparent; font-style: normal; font-variant: normal; font-weight: normal; letter-spacing: normal; line-height: 150%; margin-bottom: 0cm; text-indent: 1.3cm;\">\nWpatruj\u0105c<br \/>\nsi\u0119 we wz\u00f3r \u015bwi\u0119to\u015bci dzisiejszego Patrona, a jednocze\u015bnie<br \/>\nws\u0142uchuj\u0105c si\u0119 w Bo\u017ce s\u0142owo dzisiejszej liturgii, zastan\u00f3wmy<br \/>\nsi\u0119 raz jeszcze, czy zawsze staramy si\u0119 o ustawienie w sercu i w<br \/>\numy\u015ble <b>w\u0142a\u015bciwej hierarchii warto\u015bci? <\/b>I czy nie zaburzaj\u0105<br \/>\njej lub nie przes\u0142aniaj\u0105 nawet bardzo znacz\u0105ce osi\u0105gni\u0119cia<br \/>\nzewn\u0119trzne, lub \u2013 tym bardziej \u2013 bogactwa materialne?\u2026 S\u0142owem:<br \/>\nczy zawsze w swoim \u017cyciu <b>stawiamy przede wszystkim na to, co<br \/>\nwewn\u0119trzne?\u2026<\/b><\/div>\n","protected":false},"excerpt":{"rendered":"<p>Szcz\u0119\u015b\u0107 Bo\u017ce! Moi Drodzy, pozdrawiam serdecznie Wszystkich i zapowiadam\u2026 no, w\u0142a\u015bnie, nie wiem, jak to zapowiedzie\u0107! Bo zwykle jest to s\u0142\u00f3wko z Syberii, a tym razem \u2013 o ile si\u0119 dobrze orientuj\u0119 w planach Ksi\u0119dza Marka \u2013 chyba s\u0142\u00f3wko z Warszawy\u2026 A mo\u017ce \u2013 z Bia\u0142ej Podlaskiej?\u2026 W ka\u017cdym razie: jutro \u2013 wreszcie \u2013 s\u0142\u00f3wko [&hellip;]<\/p>\n","protected":false},"author":1,"featured_media":0,"comment_status":"open","ping_status":"open","sticky":false,"template":"","format":"standard","meta":{"jetpack_post_was_ever_published":false,"_jetpack_newsletter_access":"","_jetpack_dont_email_post_to_subs":false,"_jetpack_newsletter_tier_id":0,"_jetpack_memberships_contains_paywalled_content":false,"_jetpack_memberships_contains_paid_content":false,"footnotes":""},"categories":[1],"tags":[],"class_list":["post-7196","post","type-post","status-publish","format-standard","hentry","category-bez-kategorii"],"yoast_head":"<!-- This site is optimized with the Yoast SEO plugin v25.1 - https:\/\/yoast.com\/wordpress\/plugins\/seo\/ -->\n<title>Czym jest ucho igielne?... - Gaudium Et Spes<\/title>\n<meta name=\"robots\" content=\"index, follow, max-snippet:-1, max-image-preview:large, max-video-preview:-1\" \/>\n<link rel=\"canonical\" href=\"https:\/\/gaudiumetspes-blog.pl\/index.php\/2018\/08\/21\/czym-jest-ucho-igielne\/\" \/>\n<meta property=\"og:locale\" content=\"pl_PL\" \/>\n<meta property=\"og:type\" content=\"article\" \/>\n<meta property=\"og:title\" content=\"Czym jest ucho igielne?... - Gaudium Et Spes\" \/>\n<meta property=\"og:description\" content=\"Szcz\u0119\u015b\u0107 Bo\u017ce! Moi Drodzy, pozdrawiam serdecznie Wszystkich i zapowiadam\u2026 no, w\u0142a\u015bnie, nie wiem, jak to zapowiedzie\u0107! Bo zwykle jest to s\u0142\u00f3wko z Syberii, a tym razem \u2013 o ile si\u0119 dobrze orientuj\u0119 w planach Ksi\u0119dza Marka \u2013 chyba s\u0142\u00f3wko z Warszawy\u2026 A mo\u017ce \u2013 z Bia\u0142ej Podlaskiej?\u2026 W ka\u017cdym razie: jutro \u2013 wreszcie \u2013 s\u0142\u00f3wko [&hellip;]\" \/>\n<meta property=\"og:url\" content=\"https:\/\/gaudiumetspes-blog.pl\/index.php\/2018\/08\/21\/czym-jest-ucho-igielne\/\" \/>\n<meta property=\"og:site_name\" content=\"Gaudium Et Spes\" \/>\n<meta property=\"article:published_time\" content=\"2018-08-21T02:04:00+00:00\" \/>\n<meta property=\"article:modified_time\" content=\"2019-07-31T10:57:41+00:00\" \/>\n<meta name=\"author\" content=\"Ks. Jacek\" \/>\n<meta name=\"twitter:card\" content=\"summary_large_image\" \/>\n<meta name=\"twitter:label1\" content=\"Napisane przez\" \/>\n\t<meta name=\"twitter:data1\" content=\"Ks. Jacek\" \/>\n\t<meta name=\"twitter:label2\" content=\"Szacowany czas czytania\" \/>\n\t<meta name=\"twitter:data2\" content=\"11 minut\" \/>\n<script type=\"application\/ld+json\" class=\"yoast-schema-graph\">{\"@context\":\"https:\/\/schema.org\",\"@graph\":[{\"@type\":\"WebPage\",\"@id\":\"https:\/\/gaudiumetspes-blog.pl\/index.php\/2018\/08\/21\/czym-jest-ucho-igielne\/\",\"url\":\"https:\/\/gaudiumetspes-blog.pl\/index.php\/2018\/08\/21\/czym-jest-ucho-igielne\/\",\"name\":\"Czym jest ucho igielne?... - Gaudium Et Spes\",\"isPartOf\":{\"@id\":\"https:\/\/gaudiumetspes-blog.pl\/#website\"},\"datePublished\":\"2018-08-21T02:04:00+00:00\",\"dateModified\":\"2019-07-31T10:57:41+00:00\",\"author\":{\"@id\":\"https:\/\/gaudiumetspes-blog.pl\/#\/schema\/person\/1661982992b752dea8dff0d4ed845a65\"},\"breadcrumb\":{\"@id\":\"https:\/\/gaudiumetspes-blog.pl\/index.php\/2018\/08\/21\/czym-jest-ucho-igielne\/#breadcrumb\"},\"inLanguage\":\"pl-PL\",\"potentialAction\":[{\"@type\":\"ReadAction\",\"target\":[\"https:\/\/gaudiumetspes-blog.pl\/index.php\/2018\/08\/21\/czym-jest-ucho-igielne\/\"]}]},{\"@type\":\"BreadcrumbList\",\"@id\":\"https:\/\/gaudiumetspes-blog.pl\/index.php\/2018\/08\/21\/czym-jest-ucho-igielne\/#breadcrumb\",\"itemListElement\":[{\"@type\":\"ListItem\",\"position\":1,\"name\":\"Strona g\u0142\u00f3wna\",\"item\":\"https:\/\/gaudiumetspes-blog.pl\/\"},{\"@type\":\"ListItem\",\"position\":2,\"name\":\"Czym jest ucho igielne?&#8230;\"}]},{\"@type\":\"WebSite\",\"@id\":\"https:\/\/gaudiumetspes-blog.pl\/#website\",\"url\":\"https:\/\/gaudiumetspes-blog.pl\/\",\"name\":\"Gaudium Et Spes\",\"description\":\"Blog Ks. Jacka Ja\u015bkowskiego\",\"potentialAction\":[{\"@type\":\"SearchAction\",\"target\":{\"@type\":\"EntryPoint\",\"urlTemplate\":\"https:\/\/gaudiumetspes-blog.pl\/?s={search_term_string}\"},\"query-input\":{\"@type\":\"PropertyValueSpecification\",\"valueRequired\":true,\"valueName\":\"search_term_string\"}}],\"inLanguage\":\"pl-PL\"},{\"@type\":\"Person\",\"@id\":\"https:\/\/gaudiumetspes-blog.pl\/#\/schema\/person\/1661982992b752dea8dff0d4ed845a65\",\"name\":\"Ks. Jacek\",\"image\":{\"@type\":\"ImageObject\",\"inLanguage\":\"pl-PL\",\"@id\":\"https:\/\/gaudiumetspes-blog.pl\/#\/schema\/person\/image\/\",\"url\":\"https:\/\/gaudiumetspes-blog.pl\/wp-content\/uploads\/2019\/07\/avatar-JJ-150x150.jpg\",\"contentUrl\":\"https:\/\/gaudiumetspes-blog.pl\/wp-content\/uploads\/2019\/07\/avatar-JJ-150x150.jpg\",\"caption\":\"Ks. Jacek\"},\"description\":\"Witam serdecznie! K\u0142ania si\u0119 Ks. Jacek Ja\u015bkowski. Nie jestem ani kim\u015b wa\u017cnym, ani kim\u015b znanym. Jestem ksi\u0119dzem, kt\u00f3ry po prostu chce rozmawia\u0107. Codzienna kap\u0142a\u0144ska pos\u0142uga pokazuje mi, \u017ce temat\u00f3w do rozm\u00f3w z ksi\u0119dzem jest coraz wi\u0119cej i dzisiaj \u017caden ksi\u0105dz nie mo\u017ce od nich ucieka\u0107, ale - wprost przeciwnie - podejmowa\u0107 nowe wyzwania. To przekonanie sk\u0142oni\u0142o mnie do pr\u00f3by otwarcia tego\u017c bloga, chocia\u017c okazji do rozm\u00f3w na co dzie\u0144 - w konfesjonale i poza nim - na szcz\u0119\u015bcie nie brakuje. My\u015bl\u0119 jednak, \u017ce ten blog b\u0119dzie jeszcze jednym sposobem i przestrzeni\u0105 nawi\u0105zania kontaktu z lud\u017ami dobrej woli, otwartymi na dialog.\",\"url\":\"https:\/\/gaudiumetspes-blog.pl\/index.php\/author\/ks-jacek\/\"}]}<\/script>\n<!-- \/ Yoast SEO plugin. -->","yoast_head_json":{"title":"Czym jest ucho igielne?... - Gaudium Et Spes","robots":{"index":"index","follow":"follow","max-snippet":"max-snippet:-1","max-image-preview":"max-image-preview:large","max-video-preview":"max-video-preview:-1"},"canonical":"https:\/\/gaudiumetspes-blog.pl\/index.php\/2018\/08\/21\/czym-jest-ucho-igielne\/","og_locale":"pl_PL","og_type":"article","og_title":"Czym jest ucho igielne?... - Gaudium Et Spes","og_description":"Szcz\u0119\u015b\u0107 Bo\u017ce! Moi Drodzy, pozdrawiam serdecznie Wszystkich i zapowiadam\u2026 no, w\u0142a\u015bnie, nie wiem, jak to zapowiedzie\u0107! Bo zwykle jest to s\u0142\u00f3wko z Syberii, a tym razem \u2013 o ile si\u0119 dobrze orientuj\u0119 w planach Ksi\u0119dza Marka \u2013 chyba s\u0142\u00f3wko z Warszawy\u2026 A mo\u017ce \u2013 z Bia\u0142ej Podlaskiej?\u2026 W ka\u017cdym razie: jutro \u2013 wreszcie \u2013 s\u0142\u00f3wko [&hellip;]","og_url":"https:\/\/gaudiumetspes-blog.pl\/index.php\/2018\/08\/21\/czym-jest-ucho-igielne\/","og_site_name":"Gaudium Et Spes","article_published_time":"2018-08-21T02:04:00+00:00","article_modified_time":"2019-07-31T10:57:41+00:00","author":"Ks. Jacek","twitter_card":"summary_large_image","twitter_misc":{"Napisane przez":"Ks. Jacek","Szacowany czas czytania":"11 minut"},"schema":{"@context":"https:\/\/schema.org","@graph":[{"@type":"WebPage","@id":"https:\/\/gaudiumetspes-blog.pl\/index.php\/2018\/08\/21\/czym-jest-ucho-igielne\/","url":"https:\/\/gaudiumetspes-blog.pl\/index.php\/2018\/08\/21\/czym-jest-ucho-igielne\/","name":"Czym jest ucho igielne?... - Gaudium Et Spes","isPartOf":{"@id":"https:\/\/gaudiumetspes-blog.pl\/#website"},"datePublished":"2018-08-21T02:04:00+00:00","dateModified":"2019-07-31T10:57:41+00:00","author":{"@id":"https:\/\/gaudiumetspes-blog.pl\/#\/schema\/person\/1661982992b752dea8dff0d4ed845a65"},"breadcrumb":{"@id":"https:\/\/gaudiumetspes-blog.pl\/index.php\/2018\/08\/21\/czym-jest-ucho-igielne\/#breadcrumb"},"inLanguage":"pl-PL","potentialAction":[{"@type":"ReadAction","target":["https:\/\/gaudiumetspes-blog.pl\/index.php\/2018\/08\/21\/czym-jest-ucho-igielne\/"]}]},{"@type":"BreadcrumbList","@id":"https:\/\/gaudiumetspes-blog.pl\/index.php\/2018\/08\/21\/czym-jest-ucho-igielne\/#breadcrumb","itemListElement":[{"@type":"ListItem","position":1,"name":"Strona g\u0142\u00f3wna","item":"https:\/\/gaudiumetspes-blog.pl\/"},{"@type":"ListItem","position":2,"name":"Czym jest ucho igielne?&#8230;"}]},{"@type":"WebSite","@id":"https:\/\/gaudiumetspes-blog.pl\/#website","url":"https:\/\/gaudiumetspes-blog.pl\/","name":"Gaudium Et Spes","description":"Blog Ks. Jacka Ja\u015bkowskiego","potentialAction":[{"@type":"SearchAction","target":{"@type":"EntryPoint","urlTemplate":"https:\/\/gaudiumetspes-blog.pl\/?s={search_term_string}"},"query-input":{"@type":"PropertyValueSpecification","valueRequired":true,"valueName":"search_term_string"}}],"inLanguage":"pl-PL"},{"@type":"Person","@id":"https:\/\/gaudiumetspes-blog.pl\/#\/schema\/person\/1661982992b752dea8dff0d4ed845a65","name":"Ks. Jacek","image":{"@type":"ImageObject","inLanguage":"pl-PL","@id":"https:\/\/gaudiumetspes-blog.pl\/#\/schema\/person\/image\/","url":"https:\/\/gaudiumetspes-blog.pl\/wp-content\/uploads\/2019\/07\/avatar-JJ-150x150.jpg","contentUrl":"https:\/\/gaudiumetspes-blog.pl\/wp-content\/uploads\/2019\/07\/avatar-JJ-150x150.jpg","caption":"Ks. Jacek"},"description":"Witam serdecznie! K\u0142ania si\u0119 Ks. Jacek Ja\u015bkowski. Nie jestem ani kim\u015b wa\u017cnym, ani kim\u015b znanym. Jestem ksi\u0119dzem, kt\u00f3ry po prostu chce rozmawia\u0107. Codzienna kap\u0142a\u0144ska pos\u0142uga pokazuje mi, \u017ce temat\u00f3w do rozm\u00f3w z ksi\u0119dzem jest coraz wi\u0119cej i dzisiaj \u017caden ksi\u0105dz nie mo\u017ce od nich ucieka\u0107, ale - wprost przeciwnie - podejmowa\u0107 nowe wyzwania. To przekonanie sk\u0142oni\u0142o mnie do pr\u00f3by otwarcia tego\u017c bloga, chocia\u017c okazji do rozm\u00f3w na co dzie\u0144 - w konfesjonale i poza nim - na szcz\u0119\u015bcie nie brakuje. My\u015bl\u0119 jednak, \u017ce ten blog b\u0119dzie jeszcze jednym sposobem i przestrzeni\u0105 nawi\u0105zania kontaktu z lud\u017ami dobrej woli, otwartymi na dialog.","url":"https:\/\/gaudiumetspes-blog.pl\/index.php\/author\/ks-jacek\/"}]}},"jetpack_featured_media_url":"","jetpack_sharing_enabled":true,"_links":{"self":[{"href":"https:\/\/gaudiumetspes-blog.pl\/index.php\/wp-json\/wp\/v2\/posts\/7196","targetHints":{"allow":["GET"]}}],"collection":[{"href":"https:\/\/gaudiumetspes-blog.pl\/index.php\/wp-json\/wp\/v2\/posts"}],"about":[{"href":"https:\/\/gaudiumetspes-blog.pl\/index.php\/wp-json\/wp\/v2\/types\/post"}],"author":[{"embeddable":true,"href":"https:\/\/gaudiumetspes-blog.pl\/index.php\/wp-json\/wp\/v2\/users\/1"}],"replies":[{"embeddable":true,"href":"https:\/\/gaudiumetspes-blog.pl\/index.php\/wp-json\/wp\/v2\/comments?post=7196"}],"version-history":[{"count":1,"href":"https:\/\/gaudiumetspes-blog.pl\/index.php\/wp-json\/wp\/v2\/posts\/7196\/revisions"}],"predecessor-version":[{"id":14290,"href":"https:\/\/gaudiumetspes-blog.pl\/index.php\/wp-json\/wp\/v2\/posts\/7196\/revisions\/14290"}],"wp:attachment":[{"href":"https:\/\/gaudiumetspes-blog.pl\/index.php\/wp-json\/wp\/v2\/media?parent=7196"}],"wp:term":[{"taxonomy":"category","embeddable":true,"href":"https:\/\/gaudiumetspes-blog.pl\/index.php\/wp-json\/wp\/v2\/categories?post=7196"},{"taxonomy":"post_tag","embeddable":true,"href":"https:\/\/gaudiumetspes-blog.pl\/index.php\/wp-json\/wp\/v2\/tags?post=7196"}],"curies":[{"name":"wp","href":"https:\/\/api.w.org\/{rel}","templated":true}]}}