{"id":7222,"date":"2018-07-26T05:41:00","date_gmt":"2018-07-26T03:41:00","guid":{"rendered":"https:\/\/gaudiumetspes-blog.pl\/index.php\/2018\/07\/26\/o-tych-co-przed-nami\/"},"modified":"2019-07-31T12:57:39","modified_gmt":"2019-07-31T10:57:39","slug":"o-tych-co-przed-nami","status":"publish","type":"post","link":"https:\/\/gaudiumetspes-blog.pl\/index.php\/2018\/07\/26\/o-tych-co-przed-nami\/","title":{"rendered":"O Tych, co przed nami&#8230;"},"content":{"rendered":"<p><\/p>\n<div align=\"justify\" style=\"font-style: normal; font-variant: normal; font-weight: normal; letter-spacing: normal; line-height: 150%; margin-bottom: 0cm; page-break-before: always;\">\nSzcz\u0119\u015b\u0107<br \/>\nBo\u017ce! Moi Drodzy, w dni dzisiejszym \u2013 <b>z okazji imienin \u2013<br \/>\nprzesy\u0142am najlepsze \u017cyczenia mojej Siostrze, Annie Nied\u017awiedzkiej,<br \/>\ndla kt\u00f3rej modl\u0119 si\u0119 o <\/b><b>to, co oznacza Jej imi\u0119, a wi\u0119c o<br \/>\n\u0142ask\u0119 Bo\u017c\u0105, kt\u00f3rej owocem b\u0119d\u0105 ws<\/b><b>zelkie dobre<br \/>\nnatchnienia,<\/b><b> sta\u0142<\/b><b>a<\/b><b> pogod<\/b><b>a<\/b><b> ducha,<br \/>\nale te\u017c pomys\u0142owo\u015b\u0107 i zaradno\u015b\u0107 <\/b><b>w realizacji powo\u0142ania<br \/>\nma\u0142\u017ce\u0144skiego, macierzy\u0144skiego i szeroko rozumianego powo\u0142ania do<br \/>\n\u015bwi\u0119to\u015bci<\/b><b>. <\/b><b>Gratuluj\u0119 gromadki Pociech, \u017cycz\u0119<br \/>\ncierpliwo\u015bci i zapa\u0142u do Ich wychowania i prowadzenia przez \u017cycie.<br \/>\nA sam, ze swej strony, <\/b><b>bardzo serdecznie dzi\u0119kuj\u0119 za<br \/>\nsiostrzan\u0105 blisko\u015b\u0107, <\/b><b>sta\u0142y kontakt<\/b><b> i wszelk\u0105<br \/>\npomoc!<\/b><\/div>\n<div align=\"justify\" style=\"background: transparent; font-style: normal; font-variant: normal; letter-spacing: normal; line-height: 150%; margin-bottom: 0cm; page-break-before: auto; text-indent: 1.3cm;\">\n<b>\u017byczliwo\u015bci\u0105<br \/>\ni modlitw\u0105 ogarniam tak\u017ce inne dzisiejsze Solenizantki i<br \/>\nSolenizanta. A s\u0105 to: <\/b>\n<\/div>\n<div align=\"justify\" style=\"font-style: normal; font-variant: normal; letter-spacing: normal; line-height: 150%; margin-bottom: 0cm;\">\n\u2013 <b>Anna<br \/>\nOleszczuk \u2013 \u017bona mojego Wujka Mirka; <\/b>\n<\/div>\n<div align=\"justify\" style=\"font-style: normal; font-variant: normal; letter-spacing: normal; line-height: 150%; margin-bottom: 0cm;\">\n\u2013 <b>Anna<br \/>\nKo\u0142odziejczuk \u2013 moja Kole\u017canka i Fryzjerka; <\/b>\n<\/div>\n<div align=\"justify\" style=\"font-style: normal; font-variant: normal; letter-spacing: normal; line-height: 150%; margin-bottom: 0cm;\">\n\u2013 <b>Anna<br \/>\nW\u0142odarczyk \u2013 moja Kole\u017canka, z kt\u00f3r\u0105 wsp\u00f3\u0142pracowali\u015bmy w<br \/>\nLiceum w \u017belechowie, Nauczycielka j\u0119zyka polskiego; <\/b>\n<\/div>\n<div align=\"justify\" style=\"font-style: normal; font-variant: normal; letter-spacing: normal; line-height: 150%; margin-bottom: 0cm;\">\n\u2013 <b>Siostra<br \/>\nAnna Marat \u2013 Dyrektor Przedszkola w T\u0142uszczu; <\/b>\n<\/div>\n<div align=\"justify\" style=\"font-style: normal; font-variant: normal; letter-spacing: normal; line-height: 150%; margin-bottom: 0cm;\">\n\u2013 <b>Siostra<br \/>\nAnna Nowakowska \u2013 z kt\u00f3r\u0105 razem uczyli\u015bmy w T\u0142uszczu, a kt\u00f3ra<br \/>\nobecnie pos\u0142uguje na misjach;<\/b><\/div>\n<div align=\"justify\" style=\"font-style: normal; font-variant: normal; letter-spacing: normal; line-height: 150%; margin-bottom: 0cm;\">\n\u2013 <b>Doktor<br \/>\nAnna Dr\u00f3\u017cd\u017c z Celestynowa \u2013 kt\u00f3rej pacjentem by\u0142em w swoim<br \/>\nczasie;<\/b><\/div>\n<div align=\"justify\" style=\"font-style: normal; font-variant: normal; letter-spacing: normal; line-height: 150%; margin-bottom: 0cm;\">\n\u2013 <b>Anna<br \/>\nStrze\u017cysz \u2013 za moich czas\u00f3w: Gospodyni na Plebanii w<br \/>\nCelestynowie;<\/b><\/div>\n<div align=\"justify\" style=\"font-style: normal; font-variant: normal; letter-spacing: normal; line-height: 150%; margin-bottom: 0cm;\">\n\u2013 <b>Doktor<br \/>\nAnna S\u0142owikowska z Wydzia\u0142u Prawa na KUL;<\/b><\/div>\n<div align=\"justify\" style=\"font-style: normal; font-variant: normal; letter-spacing: normal; line-height: 150%; margin-bottom: 0cm;\">\n\u2013 <b>Anna<br \/>\nKomoszy\u0144ska, Anna Mazur, Anna Chodyka, Anna K\u0119pa, Anna Maksymiuk \u2013<br \/>\nnale\u017c\u0105ce w swoim czasie do r\u00f3\u017cnych Wsp\u00f3lnot m\u0142odzie\u017cowych;<\/b><\/div>\n<div align=\"justify\" style=\"font-style: normal; font-variant: normal; letter-spacing: normal; line-height: 150%; margin-bottom: 0cm;\">\n\u2013 <b>Anna<br \/>\nDeres i Anna Paw\u0142owska \u2013 moje Znajome z Parafii w Tr\u0105bkach;<\/b><\/div>\n<div align=\"justify\" style=\"font-style: normal; font-variant: normal; letter-spacing: normal; line-height: 150%; margin-bottom: 0cm;\">\n\u2013 <b>nasze<br \/>\nwspania\u0142e Anny z Blogowej Rodzinki, kt\u00f3rym dzi\u0119kuj\u0119 za sta\u0142\u0105<br \/>\nobecno\u015b\u0107 na naszym forum, wyra\u017can\u0105 poprzez modlitw\u0119 i m\u0105dre<br \/>\nkomentarze;<\/b><\/div>\n<div align=\"justify\" style=\"font-style: normal; font-variant: normal; letter-spacing: normal; line-height: 150%; margin-bottom: 0cm;\">\n\u2013 <b>Miros\u0142awa<br \/>\nOleszczuk i Miros\u0142awa Sieroci\u0144ska \u2013 moje Ciocie;<\/b><br \/>\n\u2013<b>&nbsp;Siostra Hanna Ropiak, pos\u0142uguj\u0105ca w Miastkowie.<\/b><\/div>\n<div align=\"justify\" style=\"background: transparent; font-style: normal; font-variant: normal; letter-spacing: normal; line-height: 150%; margin-bottom: 0cm; page-break-before: auto; text-indent: 1.3cm;\">\n<b>Imieniny<br \/>\nobchdzi dzisiaj tak\u017ce Ksi\u0105dz Miros\u0142aw Wasiak, Proboszcz Parafii w<br \/>\nCelestynowie.<\/b><\/div>\n<div align=\"justify\" style=\"background: transparent; line-height: 150%; margin-bottom: 0cm; text-indent: 1.3cm;\">\n<b>Wszystkim<br \/>\nDrogim Solenizantkom i<br \/>\nSolenizantowi \u017cycz\u0119<br \/>\n\u2013 i o to si\u0119 modl\u0119 \u2013 aby byli<br \/>\ntak blisko Jezusa, jak \u015awi\u0119ci<br \/>\nPatronowie dnia dzisiejszego!<\/b><\/div>\n<div align=\"justify\" style=\"background: transparent; line-height: 150%; margin-bottom: 0cm; text-indent: 1.3cm;\">\n<b>Pozw\u00f3lcie<br \/>\ntak\u017ce, \u017ce wspomn\u0119 w tym miejscu \u015b.p. Miros\u0142aw\u0119<br \/>\nPucek z Parafii \u015awi\u0119tego Ojca Pio w Warszawie \u2013 przez<br \/>\nlata tak cz\u0119sto<br \/>\nobecn\u0105<br \/>\nna naszym blogu, a<br \/>\nkt\u00f3r\u0105 Pan odwo\u0142a\u0142 do siebie w ostatnich miesi\u0105cach. Niech On sam<br \/>\nb\u0119dzie Jej nagrod\u0105!<\/b><\/div>\n<div align=\"justify\" style=\"background: transparent; font-weight: normal; line-height: 150%; margin-bottom: 0cm; text-indent: 1.3cm;\">\nMoi<br \/>\nDrodzy, serdecznie Wszystkich pozdrawiamy ze Szklarskiej Por\u0119by.<br \/>\nAtmosfera w naszej ma\u0142ej Grupie jest naprawd\u0119 fantastyczna!<br \/>\nWczoraj, w ramach \u015bwi\u0119towania imienin naszego Prezesa, Jakuba, do<br \/>\np\u00f3\u017anych godzin nocnych, przy kolacji, kawie i ciastku,<br \/>\nrozmawiali\u015bmy o tylu wa\u017cnych sprawach.\n<\/div>\n<div align=\"justify\" style=\"background: transparent; font-weight: normal; line-height: 150%; margin-bottom: 0cm; text-indent: 1.3cm;\">\nA<br \/>\nw ci\u0105gu dnia wjechali\u015bmy sobie wyci\u0105giem od strony czeskiego Pecu<br \/>\nna sam\u0105 \u015anie\u017ck\u0119. Ju\u017c od lat chcia\u0142em zobaczy\u0107, jak to si\u0119<br \/>\nwje\u017cd\u017ca na sam\u0105 g\u00f3r\u0119, bo od polskiej strony takiej mo\u017cliwo\u015bci<br \/>\nnie ma. I okaza\u0142o si\u0119 to naprawd\u0119 wspania\u0142ym prze\u017cyciem i<br \/>\ndo\u015bwiadczeniem. Widoki \u2013 fantastyczne!<\/div>\n<div align=\"justify\" style=\"background: transparent; font-weight: normal; line-height: 150%; margin-bottom: 0cm; text-indent: 1.3cm;\">\nA<br \/>\nna naszym forum, moi Drodzy, fantastycznym widokiem \u2013 widokiem na<br \/>\nnajbli\u017csz\u0105 przysz\u0142o\u015b\u0107, czyli na jutro \u2013 jest ten, \u017ce b\u0119dziemy<br \/>\nmieli s\u0142\u00f3wko z Syberii! Natomiast ju\u017c w przysz\u0142ym tygodniu Ksi\u0105dz<br \/>\nMarek przybywa na miesi\u0105c do Polski.<\/div>\n<div align=\"justify\" style=\"background: transparent; font-style: normal; font-variant: normal; font-weight: normal; letter-spacing: normal; line-height: 150%; margin-bottom: 0cm; text-indent: 1.3cm;\">\n\u017bycz\u0119<br \/>\nWszystkim b\u0142ogos\u0142awionego dnia!<\/div>\n<div align=\"center\" style=\"background: transparent; font-style: normal; font-variant: normal; font-weight: normal; letter-spacing: normal; line-height: 150%; margin-bottom: 0cm;\">\nGaudium<br \/>\net spes!  Ks. Jacek<\/div>\n<div align=\"justify\" style=\"line-height: 150%; margin-bottom: 0cm;\">\n<\/p>\n<\/div>\n<div align=\"justify\" style=\"line-height: 150%; margin-bottom: 0cm;\">\n<b>Wspomnienie<br \/>\n\u015aw. Joachima i Anny, <\/b>\n<\/div>\n<div align=\"justify\" style=\"line-height: 150%; margin-bottom: 0cm;\">\n<b>Rodzic\u00f3w<br \/>\nNaj\u015bwi\u0119tszej Maryi Panny,<\/b><\/div>\n<div align=\"justify\" style=\"line-height: 150%; margin-bottom: 0cm;\">\n<b>do<br \/>\nczyta\u0144 z t VI Lekcjonarza:  Syr 44,1.10\u201315;  Mt 13,16\u201317<\/b><\/div>\n<div align=\"justify\" style=\"line-height: 150%; margin-bottom: 0cm;\">\n<\/p>\n<\/div>\n<div align=\"justify\" style=\"font-style: normal; font-variant: normal; letter-spacing: normal; line-height: 150%; margin-bottom: 0cm;\">\n<b>CZYTANIE<br \/>\nZ KSI\u0118GI SYRACYDESA:<\/b><\/div>\n<div align=\"justify\" style=\"background: transparent; font-style: normal; font-variant: normal; letter-spacing: normal; line-height: 150%; margin-bottom: 0cm; page-break-before: auto; text-indent: 1.3cm;\">\n<b>Wychwalajmy<br \/>\nm\u0119\u017c\u00f3w s\u0142awnych i ojc\u00f3w naszych wed\u0142ug nast\u0119pstwa ich<br \/>\npochodzenia. Ci s\u0105 m\u0119\u017cowie pobo\u017cni, kt\u00f3rych cnoty nie zosta\u0142y<br \/>\nzapomniane, pozosta\u0142y one z ich potomstwem, dobrym dziedzictwem s\u0105<br \/>\nich nast\u0119pcy. Potomstwo to trzyma si\u0119 Przymierza, a przez nich \u2013<br \/>\nich dzieci. Potomstwo ich trwa na zawsze, a chwa\u0142a ich nie b\u0119dzie<br \/>\nwymazana.<\/b><\/div>\n<div align=\"justify\" style=\"background: transparent; font-style: normal; font-variant: normal; letter-spacing: normal; line-height: 150%; margin-bottom: 0cm; text-indent: 1.3cm;\">\n<b>Cia\u0142a<br \/>\nich w pokoju pogrzebano, a imi\u0119 ich \u017cyje w pokoleniach. Narody<br \/>\nopowiadaj\u0105 ich m\u0105dro\u015b\u0107, a zgromadzenie g\u0142osi chwa\u0142\u0119.<\/b><\/div>\n<div align=\"justify\" style=\"font-style: normal; font-variant: normal; letter-spacing: normal; line-height: 150%; margin-bottom: 0cm;\">\n<\/p>\n<\/div>\n<div align=\"justify\" style=\"font-style: normal; font-variant: normal; letter-spacing: normal; line-height: 150%; margin-bottom: 0cm;\">\n<b>S\u0141OWA<br \/>\nEWANGELII WED\u0141UG \u015aWI\u0118TEGO MATEUSZA:<\/b><\/div>\n<div align=\"justify\" style=\"background: transparent; font-style: normal; font-variant: normal; letter-spacing: normal; line-height: 150%; margin-bottom: 0cm; page-break-before: auto; text-indent: 1.3cm;\">\n<b>Jezus<br \/>\npowiedzia\u0142 do swoich uczni\u00f3w: \u201eSzcz\u0119\u015bliwe oczy wasze, \u017ce<br \/>\nwidz\u0105, i uszy wasze, \u017ce s\u0142ysz\u0105. Bo zaprawd\u0119, powiadam wam: Wielu<br \/>\nprorok\u00f3w i sprawiedliwych pragn\u0119\u0142o ujrze\u0107 to, na co wy patrzycie,<br \/>\na nie ujrzeli; i us\u0142ysze\u0107 to, co wy s\u0142yszycie, a nie us\u0142yszeli\u201d.<\/b><\/div>\n<div align=\"justify\" style=\"font-style: normal; font-variant: normal; letter-spacing: normal; line-height: 150%; margin-bottom: 0cm;\">\n<\/p>\n<\/div>\n<div align=\"justify\" style=\"background: transparent; font-style: normal; font-variant: normal; font-weight: normal; letter-spacing: normal; line-height: 150%; margin-bottom: 0cm; page-break-before: auto; text-indent: 1.3cm;\">\nO<br \/>\nnaszych dzisiejszych Patronach, a wi\u0119c Rodzicach Naj\u015bwi\u0119tszej<br \/>\nMaryi Panny, <b>Ewangelie nie przekaza\u0142y \u017cadnej wiadomo\u015bci.<\/b> W<br \/>\nobliczu tego milczenia Biblii znaczenie zyskuje do\u015b\u0107 <b>bogata<br \/>\nliteratura apokryficzna. <\/b>Nawet imiona dzisiejszych \u015awi\u0119tych s\u0105<br \/>\nznane jedynie z apokryf\u00f3w. Z uwagi jednak na to, \u017ce niekt\u00f3re z<br \/>\ntych utwor\u00f3w powstawa\u0142y w pocz\u0105tkach chrze\u015bcija\u0144stwa, mog\u0105<br \/>\nzawiera\u0107 ziarna prawdy, zachowanej przez tradycj\u0119.<\/div>\n<div align=\"justify\" style=\"background: transparent; font-style: normal; font-variant: normal; font-weight: normal; letter-spacing: normal; line-height: 150%; margin-bottom: 0cm; text-indent: 1.3cm;\">\nTak<br \/>\nzatem<b> Matka Maryi, Anna, <\/b>pochodzi\u0142a z rodziny kap\u0142a\u0144skiej z<br \/>\nBetlejem. <b>Hebrajskie imi\u0119 \u201eAnna\u201d w j\u0119zyku polskim <\/b>znaczy<br \/>\ntyle, co<b> \u201e\u0142aska\u201d.<\/b><\/div>\n<div align=\"justify\" style=\"background: transparent; font-style: normal; font-variant: normal; font-weight: normal; letter-spacing: normal; line-height: 150%; margin-bottom: 0cm; text-indent: 1.3cm;\">\nZ<br \/>\nkolei<b> Joachim <\/b>mia\u0142 pochodzi\u0107 z zamo\u017cnej i znakomitej<br \/>\nrodziny. Ju\u017c samo jego imi\u0119 mia\u0142o by\u0107 prorocze, gdy\u017c oznacza<br \/>\ntyle, co <b>\u201e<\/b><b>przygotowanie Panu\u201d. <\/b>Mia\u0142 pochodzi\u0107 z<br \/>\nGalilei. Do wieczno\u015bci za\u015b odszed\u0142, kiedy jego C\u00f3rka, Maryja,<br \/>\nby\u0142a jeszcze dzieckiem. \u015awi\u0119ci Anna i Joachim s\u0105 <b>Patronami<br \/>\nma\u0142\u017conk\u00f3w <\/b><b>i dziadk\u00f3w<\/b><b>.<\/b><\/div>\n<div align=\"justify\" style=\"background: transparent; font-style: normal; font-variant: normal; font-weight: normal; letter-spacing: normal; line-height: 150%; margin-bottom: 0cm; text-indent: 1.3cm;\">\nJeden<br \/>\nz apokryf\u00f3w z II wieku, zatytu\u0142owany \u201eProtoewangelia Jakuba\u201d,<br \/>\n<b>podaje, \u017ce Anna i Joachim byli bezdzietni. <\/b>Ma\u0142\u017conkowie<br \/>\ndaremnie modlili si\u0119 i dawali hojne ofiary na \u015bwi\u0105tyni\u0119, aby<br \/>\nuprosi\u0107 sobie dzieci\u0119. B\u0119d\u0105cy ju\u017c w podesz\u0142ym wieku Joachim<br \/>\n<b>uda\u0142 si\u0119 na pustkowie i tam przez czterdzie\u015bci dni po\u015bci\u0142 i<br \/>\nmodli\u0142 si\u0119, <\/b>aby uprosi\u0107 sobie u Pana Boga mi\u0142osierdzie. Wtedy<br \/>\nzjawi\u0142 mu si\u0119 Anio\u0142 i zwiastowa\u0142, \u017ce mod\u0142y jego zosta\u0142y<br \/>\nwys\u0142uchane, gdy\u017c jego ma\u0142\u017conka Anna <b>da mu dzieci\u0119, kt\u00f3re<br \/>\nb\u0119dzie rado\u015bci\u0105 ziemi. <\/b>Tak te\u017c si\u0119 sta\u0142o.<\/div>\n<div align=\"justify\" style=\"background: transparent; font-style: normal; font-variant: normal; font-weight: normal; letter-spacing: normal; line-height: 150%; margin-bottom: 0cm; text-indent: 1.3cm;\">\nNowo<br \/>\nnarodzonej C\u00f3rce nadano imi\u0119 \u201eMaria\u201d, co w\u015br\u00f3d wielu znacze\u0144<br \/>\n<b>t\u0142umaczy si\u0119 tak\u017ce jako \u201epani\u201d. <\/b>Kiedy mia\u0142a Ona trzy<br \/>\nlata, Rodzice \u2013 spe\u0142niaj\u0105c uprzednio z\u0142o\u017cony \u015blub \u2013 <b>oddali<br \/>\nJ\u0105 do \u015bwi\u0105tyni, <\/b>gdzie wychowywa\u0142a si\u0119 w\u015br\u00f3d swoich<br \/>\nr\u00f3wie\u015bnic, zaj\u0119ta modlitw\u0105, \u015bpiewem, czytaniem Pisma \u015awi\u0119tego<br \/>\ni wyszywaniem szat kap\u0142a\u0144skich.<\/div>\n<div align=\"justify\" style=\"background: transparent; font-style: normal; font-variant: normal; font-weight: normal; letter-spacing: normal; line-height: 150%; margin-bottom: 0cm; text-indent: 1.3cm;\">\n<b>Kult<br \/>\n\u015bwi\u0119tych Joachima i Anny by\u0142 w ca\u0142ym Ko\u015bciele bardzo dawny i<br \/>\n\u017cywy. <\/b>W miar\u0119, jak rozrasta\u0142 si\u0119 kult Matki Chrystusa,<br \/>\nwzrasta\u0142a tak\u017ce publiczna cze\u015b\u0107 Jej Rodzic\u00f3w.<\/div>\n<div align=\"justify\" style=\"background: transparent; font-style: normal; font-variant: normal; font-weight: normal; letter-spacing: normal; line-height: 150%; margin-bottom: 0cm; text-indent: 1.3cm;\">\nDo<br \/>\ntego kultu w jakim\u015b sensie <b>zach\u0119ca wiernych<\/b> wszystkich<br \/>\nczas\u00f3w s\u0142owo Bo\u017ce, kt\u00f3rego przed chwil\u0105 wys\u0142uchali\u015bmy. A s\u0105<br \/>\nto czytania specjalnie dobrane na dzisiejsze wspomnienie liturgiczne.<br \/>\nI to w\u0142a\u015bnie w pierwszych z nim s\u0142yszymy tak\u0105 oto zach\u0119t\u0119<br \/>\nM\u0119drca Syracydesa: <i><b>Wychwalajmy m\u0119\u017c\u00f3w s\u0142awnych i ojc\u00f3w<br \/>\nnaszych wed\u0142ug nast\u0119pstwa ich pochodzenia. Ci s\u0105 m\u0119\u017cowie<br \/>\npobo\u017cni, kt\u00f3rych cnoty nie zosta\u0142y zapomniane, pozosta\u0142y one z<br \/>\nich potomstwem, dobrym dziedzictwem s\u0105 ich nast\u0119pcy.<\/b><\/i>\n<\/div>\n<div align=\"justify\" style=\"background: transparent; font-style: normal; font-variant: normal; font-weight: normal; letter-spacing: normal; line-height: 150%; margin-bottom: 0cm; text-indent: 1.3cm;\">\nDzisiaj<br \/>\nwychwalamy zatem Boga za ludzi, kt\u00f3rzy w historii zbawienia nie<br \/>\nodegrali roli pierwszoplanowej, <b>ale tak\u017ce bardzo<\/b> <b>wa\u017cn\u0105,<\/b><br \/>\nbo rol\u0119 poprzednik\u00f3w, rol\u0119 rodzic\u00f3w i dziadk\u00f3w, a wi\u0119c tych,<br \/>\nkt\u00f3rzy przygotowali i w jakim\u015b sensie podarowali Ko\u015bcio\u0142owi i<br \/>\n\u015bwiatu Osoby pierwszoplanowe.\n<\/div>\n<div align=\"justify\" style=\"background: transparent; font-style: normal; font-variant: normal; font-weight: normal; letter-spacing: normal; line-height: 150%; margin-bottom: 0cm; text-indent: 1.3cm;\">\nW<br \/>\nEwangelii dzisiejszej natomiast Jezus m\u00f3wi: <i><b>Szcz\u0119\u015bliwe oczy<br \/>\nwasze, \u017ce widz\u0105, i uszy wasze, \u017ce s\u0142ysz\u0105. Bo zaprawd\u0119, powiadam<br \/>\nwam: Wielu prorok\u00f3w i sprawiedliwych pragn\u0119\u0142o ujrze\u0107 to, na co wy<br \/>\npatrzycie, a nie ujrzeli; i us\u0142ysze\u0107 to, co wy s\u0142yszycie, a nie<br \/>\nus\u0142yszeli.<\/b><\/i><b> <\/b>Te s\u0142owa z ca\u0142\u0105 pewno\u015bci\u0105 odnosz\u0105<br \/>\nsi\u0119 do dzisiejszych Patron\u00f3w. Bo to Oni stali si\u0119 tymi, kt\u00f3rzy<br \/>\nju\u017c <b>zobaczyli, us\u0142yszeli, dotkn\u0119li\u2026<\/b> I chocia\u017c pozostali<br \/>\nniejako na drugim planie, to jednak Im w\u0142a\u015bnie <b>tak wiele<br \/>\nzawdzi\u0119czaj\u0105<\/b> Osoby, kt\u00f3re w historii zbawienia odegra\u0142y role<br \/>\nkluczowe.\n<\/div>\n<div align=\"justify\" style=\"background: transparent; font-style: normal; font-variant: normal; font-weight: normal; letter-spacing: normal; line-height: 150%; margin-bottom: 0cm; text-indent: 1.3cm;\">\nOni<br \/>\nza\u015b sami, czyli owi drugoplanowi \u2013 a przecie\u017c tak bardzo wa\u017cni,<br \/>\nbo w ko\u0144cu m\u00f3wimy o Rodzicach Matki Bo\u017cej \u2013 tak\u017ce <b>dost\u0105pili<br \/>\nprzez to wielkiego szcz\u0119\u015bcia,<\/b> \u017ce mogli mie\u0107 osobisty i<br \/>\nbezpo\u015bredni udzia\u0142 w tej\u017ce historii. W tym sensie, mo\u017cemy<br \/>\npowiedzie\u0107, i\u017c zostali bardzo mocno docenieni i uszcz\u0119\u015bliwieni!\n<\/div>\n<div align=\"justify\" style=\"background: transparent; font-style: normal; font-variant: normal; font-weight: normal; letter-spacing: normal; line-height: 150%; margin-bottom: 0cm; text-indent: 1.3cm;\">\nMoi<br \/>\nDrodzy, w naszej osobistej historii <b>to my sami odgrywamy role<br \/>\npierwszoplanowe.<\/b> I to jest oczywiste, bo w ko\u0144cu \u2013 to nasza<br \/>\nhistoria. Jednak i my \u2013 m\u00f3wi\u0105c kolokwialnie \u2013 nie spadli\u015bmy z<br \/>\nksi\u0119\u017cyca, nie wzi\u0119li\u015bmy si\u0119 sk\u0105din\u0105d, wszystkiego sobie samym<br \/>\nnie zawdzi\u0119czamy. <b>Ogromnie wiele zawdzi\u0119czamy naszym bliskim,<\/b><br \/>\npocz\u0105wszy od rodzic\u00f3w.\n<\/div>\n<div align=\"justify\" style=\"background: transparent; font-style: normal; font-variant: normal; font-weight: normal; letter-spacing: normal; line-height: 150%; margin-bottom: 0cm; text-indent: 1.3cm;\">\nCzy<br \/>\nzawsze pami\u0119tamy, <b>aby im za to podzi\u0119kowa\u0107 <\/b>\u2013 by stale<br \/>\ndzi\u0119kowa\u0107, chocia\u017cby przez codzienn\u0105 modlitw\u0119? Czy odwiedzamy<br \/>\nich, dzwonimy do nich? A je\u017celi ju\u017c s\u0105 <b>po drugiej stronie \u017cycia<br \/>\n<\/b>\u2013 czy odwiedzamy ich groby, modlimy si\u0119 o ich zbawienie<br \/>\ncodziennie, cz\u0119sto w ich intencji przyjmujemy Komuni\u0119 \u015awi\u0119t\u0105?\n<\/div>\n<div align=\"justify\" style=\"background: transparent; font-style: normal; font-variant: normal; font-weight: normal; letter-spacing: normal; line-height: 150%; margin-bottom: 0cm; text-indent: 1.3cm;\">\nMoi<br \/>\nDrodzy, to s\u0105 naprawd\u0119 bardzo wa\u017cne pytania. Zdaj\u0119 sobie spraw\u0119,<br \/>\n\u017ce <b>najcz\u0119\u015bciej stawiamy je dzieciom,<\/b> przypominaj\u0105c im o<br \/>\nkonieczno\u015bci zachowywania czwartego przykazania Dekalogu. Ale czy<br \/>\nnie dosz\u0142o ju\u017c do tego, \u017ce dzieci \u2013 mo\u017ce dzi\u0119ki temu naszemu<br \/>\nprzypominaniu \u2013 pami\u0119taj\u0105 o swoich rodzicach, okazuj\u0105 im<br \/>\nszacunek, modl\u0105 si\u0119 za nich, <b>a my doro\u015bli mamy z tym problem?\u2026<\/b><br \/>\nNie m\u00f3wi\u0105c ju\u017c <b>o pami\u0119ci o naszych dziadkach,<\/b> czy dalszych<br \/>\ncz\u0142onkach rodziny?\u2026\n<\/div>\n<div align=\"justify\" style=\"background: transparent; font-style: normal; font-variant: normal; font-weight: normal; letter-spacing: normal; line-height: 150%; margin-bottom: 0cm; text-indent: 1.3cm;\">\nA<br \/>\ntrzeba te\u017c doda\u0107, \u017ce przykazanie czwarte nakazuje nam szacunek i<br \/>\nwdzi\u0119czno\u015b\u0107 wszystkim innym ludziom, kt\u00f3rych B\u00f3g postawi\u0142 w<br \/>\nnaszym \u017cyciu <b>na pozycji \u2013 powiedzieliby\u015bmy \u2013 bliskiej<br \/>\nrodzicom, <\/b>a wi\u0119c na pozycji wychowawc\u00f3w, nauczycieli,<br \/>\nprzewodnik\u00f3w i kierownik\u00f3w \u017cyciowych, prze\u0142o\u017conych\u2026 Czy nie<br \/>\nzdarza si\u0119 nam czasami takie zachowanie, \u017ce dop\u00f3ki korzystamy<br \/>\nwprost z ich troski i opieki, to jeszcze potrafimy ich doceni\u0107, a<br \/>\nkiedy osi\u0105gamy samodzielno\u015b\u0107, a niekiedy tak\u017ce jak\u0105\u015b<br \/>\n<b>eksponowan\u0105 pozycj\u0119, to ju\u017c nie mamy dla nich czasu,<\/b> a mo\u017ce<br \/>\nwprost o nich zapominamy, nie poznajemy na ulicy?\u2026\n<\/div>\n<div align=\"justify\" style=\"background: transparent; font-style: normal; font-variant: normal; font-weight: normal; letter-spacing: normal; line-height: 150%; margin-bottom: 0cm; text-indent: 1.3cm;\">\nDlatego<br \/>\ndzisiaj bierzemy sobie mocno do serca wezwanie Syracydesa:<br \/>\n<i><b>Wychwalajmy m\u0119\u017c\u00f3w s\u0142awnych i ojc\u00f3w naszych wed\u0142ug<br \/>\nnast\u0119pstwa ich pochodzenia. Ci s\u0105 m\u0119\u017cowie pobo\u017cni, kt\u00f3rych<br \/>\ncnoty nie zosta\u0142y zapomniane, pozosta\u0142y one z ich potomstwem,<br \/>\ndobrym dziedzictwem s\u0105 ich nast\u0119pcy.<\/b><\/i><b> <\/b>Oby\u015bmy byli<br \/>\ndobrym dziedzictwem naszych rodzic\u00f3w, dziadk\u00f3w, poprzednik\u00f3w\u2026<\/div>\n","protected":false},"excerpt":{"rendered":"<p>Szcz\u0119\u015b\u0107 Bo\u017ce! Moi Drodzy, w dni dzisiejszym \u2013 z okazji imienin \u2013 przesy\u0142am najlepsze \u017cyczenia mojej Siostrze, Annie Nied\u017awiedzkiej, dla kt\u00f3rej modl\u0119 si\u0119 o to, co oznacza Jej imi\u0119, a wi\u0119c o \u0142ask\u0119 Bo\u017c\u0105, kt\u00f3rej owocem b\u0119d\u0105 wszelkie dobre natchnienia, sta\u0142a pogoda ducha, ale te\u017c pomys\u0142owo\u015b\u0107 i zaradno\u015b\u0107 w realizacji powo\u0142ania ma\u0142\u017ce\u0144skiego, macierzy\u0144skiego i szeroko [&hellip;]<\/p>\n","protected":false},"author":1,"featured_media":0,"comment_status":"open","ping_status":"open","sticky":false,"template":"","format":"standard","meta":{"jetpack_post_was_ever_published":false,"_jetpack_newsletter_access":"","_jetpack_dont_email_post_to_subs":false,"_jetpack_newsletter_tier_id":0,"_jetpack_memberships_contains_paywalled_content":false,"_jetpack_memberships_contains_paid_content":false,"footnotes":""},"categories":[1],"tags":[],"class_list":["post-7222","post","type-post","status-publish","format-standard","hentry","category-bez-kategorii"],"yoast_head":"<!-- This site is optimized with the Yoast SEO plugin v25.1 - https:\/\/yoast.com\/wordpress\/plugins\/seo\/ -->\n<title>O Tych, co przed nami... - Gaudium Et Spes<\/title>\n<meta name=\"robots\" content=\"index, follow, max-snippet:-1, max-image-preview:large, max-video-preview:-1\" \/>\n<link rel=\"canonical\" href=\"https:\/\/gaudiumetspes-blog.pl\/index.php\/2018\/07\/26\/o-tych-co-przed-nami\/\" \/>\n<meta property=\"og:locale\" content=\"pl_PL\" \/>\n<meta property=\"og:type\" content=\"article\" \/>\n<meta property=\"og:title\" content=\"O Tych, co przed nami... - Gaudium Et Spes\" \/>\n<meta property=\"og:description\" content=\"Szcz\u0119\u015b\u0107 Bo\u017ce! Moi Drodzy, w dni dzisiejszym \u2013 z okazji imienin \u2013 przesy\u0142am najlepsze \u017cyczenia mojej Siostrze, Annie Nied\u017awiedzkiej, dla kt\u00f3rej modl\u0119 si\u0119 o to, co oznacza Jej imi\u0119, a wi\u0119c o \u0142ask\u0119 Bo\u017c\u0105, kt\u00f3rej owocem b\u0119d\u0105 wszelkie dobre natchnienia, sta\u0142a pogoda ducha, ale te\u017c pomys\u0142owo\u015b\u0107 i zaradno\u015b\u0107 w realizacji powo\u0142ania ma\u0142\u017ce\u0144skiego, macierzy\u0144skiego i szeroko [&hellip;]\" \/>\n<meta property=\"og:url\" content=\"https:\/\/gaudiumetspes-blog.pl\/index.php\/2018\/07\/26\/o-tych-co-przed-nami\/\" \/>\n<meta property=\"og:site_name\" content=\"Gaudium Et Spes\" \/>\n<meta property=\"article:published_time\" content=\"2018-07-26T03:41:00+00:00\" \/>\n<meta property=\"article:modified_time\" content=\"2019-07-31T10:57:39+00:00\" \/>\n<meta name=\"author\" content=\"Ks. Jacek\" \/>\n<meta name=\"twitter:card\" content=\"summary_large_image\" \/>\n<meta name=\"twitter:label1\" content=\"Napisane przez\" \/>\n\t<meta name=\"twitter:data1\" content=\"Ks. Jacek\" \/>\n\t<meta name=\"twitter:label2\" content=\"Szacowany czas czytania\" \/>\n\t<meta name=\"twitter:data2\" content=\"9 minut\" \/>\n<script type=\"application\/ld+json\" class=\"yoast-schema-graph\">{\"@context\":\"https:\/\/schema.org\",\"@graph\":[{\"@type\":\"WebPage\",\"@id\":\"https:\/\/gaudiumetspes-blog.pl\/index.php\/2018\/07\/26\/o-tych-co-przed-nami\/\",\"url\":\"https:\/\/gaudiumetspes-blog.pl\/index.php\/2018\/07\/26\/o-tych-co-przed-nami\/\",\"name\":\"O Tych, co przed nami... - Gaudium Et Spes\",\"isPartOf\":{\"@id\":\"https:\/\/gaudiumetspes-blog.pl\/#website\"},\"datePublished\":\"2018-07-26T03:41:00+00:00\",\"dateModified\":\"2019-07-31T10:57:39+00:00\",\"author\":{\"@id\":\"https:\/\/gaudiumetspes-blog.pl\/#\/schema\/person\/1661982992b752dea8dff0d4ed845a65\"},\"breadcrumb\":{\"@id\":\"https:\/\/gaudiumetspes-blog.pl\/index.php\/2018\/07\/26\/o-tych-co-przed-nami\/#breadcrumb\"},\"inLanguage\":\"pl-PL\",\"potentialAction\":[{\"@type\":\"ReadAction\",\"target\":[\"https:\/\/gaudiumetspes-blog.pl\/index.php\/2018\/07\/26\/o-tych-co-przed-nami\/\"]}]},{\"@type\":\"BreadcrumbList\",\"@id\":\"https:\/\/gaudiumetspes-blog.pl\/index.php\/2018\/07\/26\/o-tych-co-przed-nami\/#breadcrumb\",\"itemListElement\":[{\"@type\":\"ListItem\",\"position\":1,\"name\":\"Strona g\u0142\u00f3wna\",\"item\":\"https:\/\/gaudiumetspes-blog.pl\/\"},{\"@type\":\"ListItem\",\"position\":2,\"name\":\"O&nbsp;Tych, co przed&nbsp;nami&#8230;\"}]},{\"@type\":\"WebSite\",\"@id\":\"https:\/\/gaudiumetspes-blog.pl\/#website\",\"url\":\"https:\/\/gaudiumetspes-blog.pl\/\",\"name\":\"Gaudium Et Spes\",\"description\":\"Blog Ks. Jacka Ja\u015bkowskiego\",\"potentialAction\":[{\"@type\":\"SearchAction\",\"target\":{\"@type\":\"EntryPoint\",\"urlTemplate\":\"https:\/\/gaudiumetspes-blog.pl\/?s={search_term_string}\"},\"query-input\":{\"@type\":\"PropertyValueSpecification\",\"valueRequired\":true,\"valueName\":\"search_term_string\"}}],\"inLanguage\":\"pl-PL\"},{\"@type\":\"Person\",\"@id\":\"https:\/\/gaudiumetspes-blog.pl\/#\/schema\/person\/1661982992b752dea8dff0d4ed845a65\",\"name\":\"Ks. Jacek\",\"image\":{\"@type\":\"ImageObject\",\"inLanguage\":\"pl-PL\",\"@id\":\"https:\/\/gaudiumetspes-blog.pl\/#\/schema\/person\/image\/\",\"url\":\"https:\/\/gaudiumetspes-blog.pl\/wp-content\/uploads\/2019\/07\/avatar-JJ-150x150.jpg\",\"contentUrl\":\"https:\/\/gaudiumetspes-blog.pl\/wp-content\/uploads\/2019\/07\/avatar-JJ-150x150.jpg\",\"caption\":\"Ks. Jacek\"},\"description\":\"Witam serdecznie! K\u0142ania si\u0119 Ks. Jacek Ja\u015bkowski. Nie jestem ani kim\u015b wa\u017cnym, ani kim\u015b znanym. Jestem ksi\u0119dzem, kt\u00f3ry po prostu chce rozmawia\u0107. Codzienna kap\u0142a\u0144ska pos\u0142uga pokazuje mi, \u017ce temat\u00f3w do rozm\u00f3w z ksi\u0119dzem jest coraz wi\u0119cej i dzisiaj \u017caden ksi\u0105dz nie mo\u017ce od nich ucieka\u0107, ale - wprost przeciwnie - podejmowa\u0107 nowe wyzwania. To przekonanie sk\u0142oni\u0142o mnie do pr\u00f3by otwarcia tego\u017c bloga, chocia\u017c okazji do rozm\u00f3w na co dzie\u0144 - w konfesjonale i poza nim - na szcz\u0119\u015bcie nie brakuje. My\u015bl\u0119 jednak, \u017ce ten blog b\u0119dzie jeszcze jednym sposobem i przestrzeni\u0105 nawi\u0105zania kontaktu z lud\u017ami dobrej woli, otwartymi na dialog.\",\"url\":\"https:\/\/gaudiumetspes-blog.pl\/index.php\/author\/ks-jacek\/\"}]}<\/script>\n<!-- \/ Yoast SEO plugin. -->","yoast_head_json":{"title":"O Tych, co przed nami... - Gaudium Et Spes","robots":{"index":"index","follow":"follow","max-snippet":"max-snippet:-1","max-image-preview":"max-image-preview:large","max-video-preview":"max-video-preview:-1"},"canonical":"https:\/\/gaudiumetspes-blog.pl\/index.php\/2018\/07\/26\/o-tych-co-przed-nami\/","og_locale":"pl_PL","og_type":"article","og_title":"O Tych, co przed nami... - Gaudium Et Spes","og_description":"Szcz\u0119\u015b\u0107 Bo\u017ce! Moi Drodzy, w dni dzisiejszym \u2013 z okazji imienin \u2013 przesy\u0142am najlepsze \u017cyczenia mojej Siostrze, Annie Nied\u017awiedzkiej, dla kt\u00f3rej modl\u0119 si\u0119 o to, co oznacza Jej imi\u0119, a wi\u0119c o \u0142ask\u0119 Bo\u017c\u0105, kt\u00f3rej owocem b\u0119d\u0105 wszelkie dobre natchnienia, sta\u0142a pogoda ducha, ale te\u017c pomys\u0142owo\u015b\u0107 i zaradno\u015b\u0107 w realizacji powo\u0142ania ma\u0142\u017ce\u0144skiego, macierzy\u0144skiego i szeroko [&hellip;]","og_url":"https:\/\/gaudiumetspes-blog.pl\/index.php\/2018\/07\/26\/o-tych-co-przed-nami\/","og_site_name":"Gaudium Et Spes","article_published_time":"2018-07-26T03:41:00+00:00","article_modified_time":"2019-07-31T10:57:39+00:00","author":"Ks. Jacek","twitter_card":"summary_large_image","twitter_misc":{"Napisane przez":"Ks. Jacek","Szacowany czas czytania":"9 minut"},"schema":{"@context":"https:\/\/schema.org","@graph":[{"@type":"WebPage","@id":"https:\/\/gaudiumetspes-blog.pl\/index.php\/2018\/07\/26\/o-tych-co-przed-nami\/","url":"https:\/\/gaudiumetspes-blog.pl\/index.php\/2018\/07\/26\/o-tych-co-przed-nami\/","name":"O Tych, co przed nami... - Gaudium Et Spes","isPartOf":{"@id":"https:\/\/gaudiumetspes-blog.pl\/#website"},"datePublished":"2018-07-26T03:41:00+00:00","dateModified":"2019-07-31T10:57:39+00:00","author":{"@id":"https:\/\/gaudiumetspes-blog.pl\/#\/schema\/person\/1661982992b752dea8dff0d4ed845a65"},"breadcrumb":{"@id":"https:\/\/gaudiumetspes-blog.pl\/index.php\/2018\/07\/26\/o-tych-co-przed-nami\/#breadcrumb"},"inLanguage":"pl-PL","potentialAction":[{"@type":"ReadAction","target":["https:\/\/gaudiumetspes-blog.pl\/index.php\/2018\/07\/26\/o-tych-co-przed-nami\/"]}]},{"@type":"BreadcrumbList","@id":"https:\/\/gaudiumetspes-blog.pl\/index.php\/2018\/07\/26\/o-tych-co-przed-nami\/#breadcrumb","itemListElement":[{"@type":"ListItem","position":1,"name":"Strona g\u0142\u00f3wna","item":"https:\/\/gaudiumetspes-blog.pl\/"},{"@type":"ListItem","position":2,"name":"O&nbsp;Tych, co przed&nbsp;nami&#8230;"}]},{"@type":"WebSite","@id":"https:\/\/gaudiumetspes-blog.pl\/#website","url":"https:\/\/gaudiumetspes-blog.pl\/","name":"Gaudium Et Spes","description":"Blog Ks. Jacka Ja\u015bkowskiego","potentialAction":[{"@type":"SearchAction","target":{"@type":"EntryPoint","urlTemplate":"https:\/\/gaudiumetspes-blog.pl\/?s={search_term_string}"},"query-input":{"@type":"PropertyValueSpecification","valueRequired":true,"valueName":"search_term_string"}}],"inLanguage":"pl-PL"},{"@type":"Person","@id":"https:\/\/gaudiumetspes-blog.pl\/#\/schema\/person\/1661982992b752dea8dff0d4ed845a65","name":"Ks. Jacek","image":{"@type":"ImageObject","inLanguage":"pl-PL","@id":"https:\/\/gaudiumetspes-blog.pl\/#\/schema\/person\/image\/","url":"https:\/\/gaudiumetspes-blog.pl\/wp-content\/uploads\/2019\/07\/avatar-JJ-150x150.jpg","contentUrl":"https:\/\/gaudiumetspes-blog.pl\/wp-content\/uploads\/2019\/07\/avatar-JJ-150x150.jpg","caption":"Ks. Jacek"},"description":"Witam serdecznie! K\u0142ania si\u0119 Ks. Jacek Ja\u015bkowski. Nie jestem ani kim\u015b wa\u017cnym, ani kim\u015b znanym. Jestem ksi\u0119dzem, kt\u00f3ry po prostu chce rozmawia\u0107. Codzienna kap\u0142a\u0144ska pos\u0142uga pokazuje mi, \u017ce temat\u00f3w do rozm\u00f3w z ksi\u0119dzem jest coraz wi\u0119cej i dzisiaj \u017caden ksi\u0105dz nie mo\u017ce od nich ucieka\u0107, ale - wprost przeciwnie - podejmowa\u0107 nowe wyzwania. To przekonanie sk\u0142oni\u0142o mnie do pr\u00f3by otwarcia tego\u017c bloga, chocia\u017c okazji do rozm\u00f3w na co dzie\u0144 - w konfesjonale i poza nim - na szcz\u0119\u015bcie nie brakuje. My\u015bl\u0119 jednak, \u017ce ten blog b\u0119dzie jeszcze jednym sposobem i przestrzeni\u0105 nawi\u0105zania kontaktu z lud\u017ami dobrej woli, otwartymi na dialog.","url":"https:\/\/gaudiumetspes-blog.pl\/index.php\/author\/ks-jacek\/"}]}},"jetpack_featured_media_url":"","jetpack_sharing_enabled":true,"_links":{"self":[{"href":"https:\/\/gaudiumetspes-blog.pl\/index.php\/wp-json\/wp\/v2\/posts\/7222","targetHints":{"allow":["GET"]}}],"collection":[{"href":"https:\/\/gaudiumetspes-blog.pl\/index.php\/wp-json\/wp\/v2\/posts"}],"about":[{"href":"https:\/\/gaudiumetspes-blog.pl\/index.php\/wp-json\/wp\/v2\/types\/post"}],"author":[{"embeddable":true,"href":"https:\/\/gaudiumetspes-blog.pl\/index.php\/wp-json\/wp\/v2\/users\/1"}],"replies":[{"embeddable":true,"href":"https:\/\/gaudiumetspes-blog.pl\/index.php\/wp-json\/wp\/v2\/comments?post=7222"}],"version-history":[{"count":1,"href":"https:\/\/gaudiumetspes-blog.pl\/index.php\/wp-json\/wp\/v2\/posts\/7222\/revisions"}],"predecessor-version":[{"id":14250,"href":"https:\/\/gaudiumetspes-blog.pl\/index.php\/wp-json\/wp\/v2\/posts\/7222\/revisions\/14250"}],"wp:attachment":[{"href":"https:\/\/gaudiumetspes-blog.pl\/index.php\/wp-json\/wp\/v2\/media?parent=7222"}],"wp:term":[{"taxonomy":"category","embeddable":true,"href":"https:\/\/gaudiumetspes-blog.pl\/index.php\/wp-json\/wp\/v2\/categories?post=7222"},{"taxonomy":"post_tag","embeddable":true,"href":"https:\/\/gaudiumetspes-blog.pl\/index.php\/wp-json\/wp\/v2\/tags?post=7222"}],"curies":[{"name":"wp","href":"https:\/\/api.w.org\/{rel}","templated":true}]}}