{"id":7311,"date":"2018-04-28T06:36:00","date_gmt":"2018-04-28T04:36:00","guid":{"rendered":"https:\/\/gaudiumetspes-blog.pl\/index.php\/2018\/04\/28\/skoro-nie-chcecie-suchac\/"},"modified":"2019-07-31T12:57:28","modified_gmt":"2019-07-31T10:57:28","slug":"skoro-nie-chcecie-suchac","status":"publish","type":"post","link":"https:\/\/gaudiumetspes-blog.pl\/index.php\/2018\/04\/28\/skoro-nie-chcecie-suchac\/","title":{"rendered":"Skoro nie chcecie s\u0142ucha\u0107&#8230;"},"content":{"rendered":"<p><\/p>\n<div align=\"justify\" style=\"font-weight: normal; line-height: 150%; margin-bottom: 0cm;\">\nSzcz\u0119\u015b\u0107<br \/>\nBo\u017ce! Moi Drodzy, w dniu dzisiejszym <b>urodziny prze\u017cywa Pawe\u0142<br \/>\nBaczkura, nale\u017c\u0105cy w swoim czasie do jednej z m\u0142odzie\u017cowych<br \/>\nWsp\u00f3lnot. \u017bycz\u0119 Mu, aby zawsze widzia\u0142, docenia\u0142 i rozwija\u0142 w<br \/>\nsobie Bo\u017ce dary, jakich Pan Mu udziela i oby jak najwi\u0119cej<br \/>\nudziela\u0142! Zapewniam o modlitwie!<\/b><\/div>\n<div align=\"justify\" style=\"background: transparent; font-weight: normal; line-height: 150%; margin-bottom: 0cm; page-break-before: auto; text-indent: 1.3cm;\">\nA<br \/>\nja dzisiaj wieczorem udam si\u0119 do Parafii w Radory\u017cu Ko\u015bcielnym,<br \/>\ngdzie razem z moim Przyjacielem, Ksi\u0119dzem Mariuszem Szyszko,<br \/>\nb\u0119dziemy celebrowa\u0107 uroczysto\u015b\u0107 \u015blubn\u0105 naszego by\u0142ego<br \/>\nMinistranta, Micha\u0142a Jaro\u0144ca, z Izabel\u0105 Kacperczak. Ksi\u0105dz<br \/>\nMariusz pob\u0142ogos\u0142awi to ma\u0142\u017ce\u0144stwo, ja wyg\u0142osz\u0119 Bo\u017ce s\u0142owo.<br \/>\nNiech Im Pan b\u0142ogos\u0142awi na ca\u0142e \u017cycie!<\/div>\n<div align=\"justify\" style=\"background: transparent; font-weight: normal; line-height: 150%; margin-bottom: 0cm; text-indent: 1.3cm;\">\nDobrego<br \/>\ndnia!<\/div>\n<div align=\"center\" style=\"font-weight: normal; line-height: 150%; margin-bottom: 0cm;\">\nGaudium<br \/>\net spes!  Ks. Jacek<\/div>\n<div align=\"justify\" style=\"line-height: 150%; margin-bottom: 0cm;\">\n<\/p>\n<\/div>\n<div align=\"justify\" style=\"line-height: 150%; margin-bottom: 0cm;\">\n<b>Sobota<br \/>\n4 Tygodnia Wielkanocy,<\/b><\/div>\n<div align=\"justify\" style=\"line-height: 150%; margin-bottom: 0cm;\">\n<b>do<br \/>\nczyta\u0144:  Dz 13,44\u201352;  J 14,7\u201314<\/b><\/div>\n<div align=\"justify\" style=\"line-height: 150%; margin-bottom: 0cm;\">\n<\/p>\n<\/div>\n<div align=\"justify\" style=\"font-style: normal; font-variant: normal; letter-spacing: normal; line-height: 150%; margin-bottom: 0cm; page-break-before: auto;\">\n<b>CZYTANIE<br \/>\nZ DZIEJ\u00d3W APOSTOLSKICH:<\/b><\/div>\n<div align=\"justify\" style=\"font-style: normal; font-variant: normal; letter-spacing: normal; line-height: 150%; margin-bottom: 0cm; page-break-before: auto; text-indent: 1.3cm;\">\n<b>W<br \/>\nnast\u0119pny szabat po kazaniu Paw\u0142a w synagodze w Antiochii<br \/>\nPizydyjskiej zebra\u0142o si\u0119 niemal ca\u0142e miasto, aby s\u0142ucha\u0107 s\u0142owa<br \/>\nBo\u017cego. Gdy \u017bydzi zobaczyli t\u0142umy, ogarn\u0119\u0142a ich zazdro\u015b\u0107, i<br \/>\nblu\u017ani\u0105c sprzeciwiali si\u0119 temu, co m\u00f3wi\u0142 Pawe\u0142. <\/b>\n<\/div>\n<div align=\"justify\" style=\"font-style: normal; font-variant: normal; letter-spacing: normal; line-height: 150%; margin-bottom: 0cm; text-indent: 1.3cm;\">\n<b>Wtedy<br \/>\nPawe\u0142 i Barnaba powiedzieli odwa\u017cnie: \u201eNale\u017ca\u0142o g\u0142osi\u0107 s\u0142owo<br \/>\nBo\u017ce najpierw wam. Skoro jednak odrzucacie je i sami uznajecie si\u0119<br \/>\nza niegodnych \u017cycia wiecznego, zwracamy si\u0119 do pogan. Tak bowiem<br \/>\nnakaza\u0142 nam Pan: \u00abUstanowi\u0142em ci\u0119 \u015bwiat\u0142o\u015bci\u0105 dla pogan, aby\u015b<br \/>\nby\u0142 zbawieniem a\u017c po kra\u0144ce ziemi\u00bb\u201d. <\/b>\n<\/div>\n<div align=\"justify\" style=\"font-style: normal; font-variant: normal; letter-spacing: normal; line-height: 150%; margin-bottom: 0cm; text-indent: 1.3cm;\">\n<b>Poganie<br \/>\ns\u0142ysz\u0105c to radowali si\u0119 i uwielbiali s\u0142owo Pa\u0144skie, a wszyscy,<br \/>\nprzeznaczeni do \u017cycia wiecznego, uwierzyli. S\u0142owo Pa\u0144skie<br \/>\nrozszerza\u0142o si\u0119 po ca\u0142ym kraju. <\/b>\n<\/div>\n<div align=\"justify\" style=\"font-style: normal; font-variant: normal; letter-spacing: normal; line-height: 150%; margin-bottom: 0cm; text-indent: 1.3cm;\">\n<b>Ale<br \/>\n\u017bydzi podburzyli pobo\u017cne a wp\u0142ywowe kobiety i znaczniejszych<br \/>\nobywateli, wzniecili prze\u015bladowanie Paw\u0142a i Barnaby i wyrzucili ich<br \/>\nze swych granic. A oni otrz\u0105sn\u0105wszy na nich py\u0142 z n\u00f3g, przyszli<br \/>\ndo Ikonium, a uczni\u00f3w nape\u0142nia\u0142o wesele i Duch \u015awi\u0119ty.<\/b><\/div>\n<div align=\"justify\" style=\"line-height: 150%; margin-bottom: 0cm;\">\n<\/p>\n<\/div>\n<div align=\"justify\" style=\"font-style: normal; font-variant: normal; letter-spacing: normal; line-height: 150%; margin-bottom: 0cm;\">\n<b>S\u0141OWA<br \/>\nEWANGELII WED\u0141UG \u015aWI\u0118TEGO JANA: <\/b>\n<\/div>\n<div align=\"justify\" style=\"font-style: normal; font-variant: normal; letter-spacing: normal; line-height: 150%; margin-bottom: 0cm; page-break-before: auto; text-indent: 1.3cm;\">\n<b>Jezus<br \/>\npowiedzia\u0142 do swoich uczni\u00f3w: \u201eGdyby\u015bcie Mnie poznali,<br \/>\nznaliby\u015bcie i mojego Ojca. Ale teraz ju\u017c Go znacie i<br \/>\nzobaczyli\u015bcie\u201d. <\/b>\n<\/div>\n<div align=\"justify\" style=\"font-style: normal; font-variant: normal; letter-spacing: normal; line-height: 150%; margin-bottom: 0cm; text-indent: 1.3cm;\">\n<b>Rzek\u0142<br \/>\ndo Niego Filip: \u201ePanie, poka\u017c nam Ojca, a to nam wystarczy\u201d. <\/b>\n<\/div>\n<div align=\"justify\" style=\"font-style: normal; font-variant: normal; letter-spacing: normal; line-height: 150%; margin-bottom: 0cm; text-indent: 1.3cm;\">\n<b>Odpowiedzia\u0142<br \/>\nmu Jezus: \u201eFilipie, tak d\u0142ugo jestem z wami, a jeszcze Mnie nie<br \/>\npozna\u0142e\u015b? Kto Mnie zobaczy\u0142, zobaczy\u0142 tak\u017ce i Ojca. Dlaczego<br \/>\nwi\u0119c m\u00f3wisz: \u00abPoka\u017c nam Ojca\u00bb? Czy nie wierzysz, \u017ce Ja jestem w<br \/>\nOjcu, a Ojciec we Mnie? S\u0142\u00f3w tych, kt\u00f3re wam m\u00f3wi\u0119, nie<br \/>\nwypowiadam od siebie. Ojciec, kt\u00f3ry trwa we Mnie, On sam dokonuje<br \/>\ntych dzie\u0142. Wierzcie Mi, \u017ce Ja jestem w Ojcu, a Ojciec we Mnie.<br \/>\nJe\u017celi za\u015b nie, wierzcie przynajmniej ze wzgl\u0119du na same dzie\u0142a. <\/b>\n<\/div>\n<div align=\"justify\" style=\"font-style: normal; font-variant: normal; letter-spacing: normal; line-height: 150%; margin-bottom: 0cm; text-indent: 1.3cm;\">\n<b>Zaprawd\u0119,<br \/>\nzaprawd\u0119 powiadam wam: Kto we Mnie wierzy, b\u0119dzie tak\u017ce dokonywa\u0142<br \/>\ntych dzie\u0142, kt\u00f3rych Ja dokonuj\u0119, owszem i wi\u0119ksze od tych uczyni,<br \/>\nbo Ja id\u0119 do Ojca. A o cokolwiek prosi\u0107 b\u0119dziecie w imi\u0119 moje, to<br \/>\nuczyni\u0119, aby Ojciec by\u0142 otoczony chwa\u0142\u0105 w Synu. O cokolwiek<br \/>\nprosi\u0107 Mnie b\u0119dziecie w imi\u0119 moje, Ja to spe\u0142ni\u0119\u201d.<\/b><\/div>\n<div align=\"justify\" style=\"font-style: normal; font-variant: normal; font-weight: normal; letter-spacing: normal; line-height: 150%; margin-bottom: 0cm;\">\n<\/p>\n<\/div>\n<div align=\"justify\" style=\"background: transparent; font-style: normal; font-variant: normal; font-weight: normal; letter-spacing: normal; line-height: 150%; margin-bottom: 0cm; text-indent: 1.3cm;\">\nPrzyznaj\u0119,<br \/>\n\u017ce podoba mi si\u0119 to stanowisko, jakie Pawe\u0142 i Barnaba zaj\u0119li<br \/>\nwobec oporu \u017byd\u00f3w w sprawie przyj\u0119cia s\u0142owa Bo\u017cego. S\u0142uchaj\u0105c<br \/>\npierwszego dzisiejszego czytania, dowiadujemy si\u0119 \u2013 w tym<br \/>\nstosunkowo kr\u00f3tkim tek\u015bcie \u2013 o <b>dwukrotnym odrzuceniu przez<br \/>\n\u017byd\u00f3w<\/b> szansy, jak\u0105 Pan im da\u0142, kiedy Aposto\u0142owie chcieli<br \/>\ndotrze\u0107 do nich z Dobr\u0105 Nowin\u0105.\n<\/div>\n<div align=\"justify\" style=\"background: transparent; font-style: normal; font-variant: normal; font-weight: normal; letter-spacing: normal; line-height: 150%; margin-bottom: 0cm; text-indent: 1.3cm;\">\nNajpierw<br \/>\nby\u0142o to w\u00f3wczas, kiedy po kazaniu w synagodze w Antiochii<br \/>\nPizydyjskiej \u017bydzi <i><b>zobaczyli t\u0142umy,<\/b><\/i><b> <\/b>a w\u00f3wczas<b><br \/>\n<\/b><i><b>ogarn\u0119\u0142a ich zazdro\u015b\u0107, i blu\u017ani\u0105c sprzeciwiali si\u0119<br \/>\ntemu, co m\u00f3wi\u0142 Pawe\u0142;<\/b><\/i><b> <\/b>drugi raz by\u0142 natomiast<br \/>\nwtedy, kiedy <i><b>poganie s\u0142ysz\u0105c to radowali si\u0119 i uwielbiali<br \/>\ns\u0142owo Pa\u0144skie, a wszyscy, przeznaczeni do \u017cycia wiecznego,<br \/>\nuwierzyli. S\u0142owo Pa\u0144skie rozszerza\u0142o si\u0119 po ca\u0142ym kraju;<\/b><\/i><b><br \/>\n<\/b>a w\u00f3wczas <i><b>\u017bydzi podburzyli pobo\u017cne a wp\u0142ywowe kobiety i<br \/>\nznaczniejszych obywateli, wzniecili prze\u015bladowanie Paw\u0142a i Barnaby<br \/>\ni wyrzucili ich ze swych granic.<\/b><\/i>\n<\/div>\n<div align=\"justify\" style=\"background: transparent; font-style: normal; font-variant: normal; font-weight: normal; letter-spacing: normal; line-height: 150%; margin-bottom: 0cm; text-indent: 1.3cm;\">\nW<br \/>\njednym i w drugim przypadku zwraca uwag\u0119 wspomniane ju\u017c zdecydowane<br \/>\nstanowisko Aposto\u0142\u00f3w, kt\u00f3rzy najpierw stwierdzili: <i><b>Nale\u017ca\u0142o<br \/>\ng\u0142osi\u0107 <\/b><\/i><i><b>s<\/b><\/i><i><b>\u0142owo Bo\u017ce najpierw wam. Skoro<br \/>\njednak odrzucacie je i sami uznajecie si\u0119 za niegodnych \u017cycia<br \/>\nwiecznego, zwracamy si\u0119 do pogan;<\/b><\/i> po tym za\u015b, kiedy \u017bydzi<br \/>\nwyrzucili ich z granic miasta, <i><b>otrz\u0105sn\u0105wszy na nich py\u0142 z<br \/>\nn\u00f3g, przyszli do Ikonium. <\/b><\/i>Co ciekawe, wszystkie te do\u015b\u0107<br \/>\ndramatyczne wiadomo\u015bci przeplatane s\u0105 informacjami <b>o wielkiej<br \/>\nrado\u015bci, jaka nape\u0142nia\u0142a serce uczni\u00f3w.<\/b>\n<\/div>\n<div align=\"justify\" style=\"background: transparent; font-style: normal; font-variant: normal; font-weight: normal; letter-spacing: normal; line-height: 150%; margin-bottom: 0cm; text-indent: 1.3cm;\">\nA<br \/>\nzatem, z\u0142o\u015bliwo\u015b\u0107 przeciwnik\u00f3w nie by\u0142a w stanie <b>zburzy\u0107<br \/>\nwielkiego entuzjazmu,<\/b> nape\u0142niaj\u0105cego serca tych, co uwierzyli.<br \/>\nWielka rado\u015b\u0107 panowa\u0142a w m\u0142odym Ko\u015bciele, ale by\u0142o tak zapewne<br \/>\ntak\u017ce dlatego, \u017ce Aposto\u0142owie zdecydowanie <b>strzegli warto\u015bci i<br \/>\nznaczenia<\/b> tego, co g\u0142osili. Zobaczmy, i\u017c nie narzucali si\u0119 oni<br \/>\nna si\u0142\u0119, nie przekonywali opornych \u017byd\u00f3w \u2013 nie! Po prostu: nie<br \/>\nchcecie s\u0142ucha\u0107 \u2013 <b>to trudno! P\u00f3jdziemy do tych, kt\u00f3rzy<br \/>\nzechc\u0105! Nic na si\u0142\u0119! <\/b>\n<\/div>\n<div align=\"justify\" style=\"background: transparent; font-style: normal; font-variant: normal; font-weight: normal; letter-spacing: normal; line-height: 150%; margin-bottom: 0cm; text-indent: 1.3cm;\">\nWydaje<br \/>\nsi\u0119, moi Drodzy, \u017ce my za ma\u0142o u\u015bwiadamiamy sobie i za ma\u0142o<br \/>\nbierzemy do serca to wskazanie, jakie p\u0142ynie do nas ze zdecydowanego<br \/>\nstanowiska Aposto\u0142\u00f3w. Bo my chyba jeszcze za cz\u0119sto ulegamy<br \/>\ntakiemu przekonaniu, \u017ce <b>trzeba ludzi <\/b><b>wr\u0119cz na si\u0142\u0119<br \/>\n<\/b><b>namawia\u0107, przekonywa\u0107, <\/b>zach\u0119ca\u0107 do wiary, do<br \/>\nuczestnictwa we Mszy \u015awi\u0119tej, do s\u0142uchania Bo\u017cego s\u0142owa, do<br \/>\nprzyst\u0119powania do Sakrament\u00f3w \u015awi\u0119tych\u2026\n<\/div>\n<div align=\"justify\" style=\"background: transparent; font-style: normal; font-variant: normal; font-weight: normal; letter-spacing: normal; line-height: 150%; margin-bottom: 0cm; text-indent: 1.3cm;\">\nNiekiedy<br \/>\nnawet dochodzi do swoistego paradoksu, \u017ce B\u00f3g \u2013 przez kap\u0142ana,<br \/>\nczy przez cz\u0142onk\u00f3w rodziny \u2013 namawia cz\u0142owieka, \u017ceby si\u0119<br \/>\nwyspowiada\u0142, czyli \u017ceby <b>raczy\u0142 przeprosi\u0107 Go za swoje bunty<\/b><br \/>\nwobec Niego, za swoje grzechy, a wtedy uzyska przebaczenie i \u0142ask\u0119.<br \/>\nZauwa\u017cmy: <b>to Bogu bardziej zale\u017cy<\/b> na tym, \u017ceby cz\u0142owiek Go<br \/>\nprzeprosi\u0142, \u017ceby si\u0119 z Nim pojedna\u0142, ni\u017c samemu cz\u0142owiekowi! To<br \/>\nBogu bardziej zale\u017cy na tym, <b>\u017ceby cz\u0142owiek pos\u0142ucha\u0142 Jego<br \/>\ns\u0142owa<\/b> i przyj\u0105\u0142 dobrodziejstwa z Jego r\u0119ki, ni\u017c samemu<br \/>\ncz\u0142owiekowi! Moi Drodzy, czy\u017c tu wszystko nie stoi na g\u0142owie?\n<\/div>\n<div align=\"justify\" style=\"background: transparent; font-style: normal; font-variant: normal; font-weight: normal; letter-spacing: normal; line-height: 150%; margin-bottom: 0cm; text-indent: 1.3cm;\">\nTo<br \/>\ntak, jakby B\u00f3g na tym cokolwiek zyskiwa\u0142, jakby <b>B\u00f3g mia\u0142<br \/>\nprosi\u0107 cz\u0142owieka o \u0142ask\u0119,<\/b> by ten do Niego zechcia\u0142 przyj\u015b\u0107\u2026<br \/>\nDlatego w\u0142a\u015bnie trzeba nam zwr\u00f3ci\u0107 uwag\u0119 na stanowisko<br \/>\nAposto\u0142\u00f3w. Pokazuje ono, \u017ce s\u0142owo Bo\u017ce i w og\u00f3le: dary Bo\u017ce \u2013<br \/>\n<b>maj\u0105 wielk\u0105 warto\u015b\u0107! Nieocenion\u0105 wr\u0119cz warto\u015b\u0107! <\/b>St\u0105d<br \/>\nte\u017c nie mo\u017cna ich lekcewa\u017cy\u0107! Nie mo\u017cna si\u0119 nimi zabawia\u0107 i<br \/>\nraz je sobie przyj\u0105\u0107, a raz nie przyjmowa\u0107!\n<\/div>\n<div align=\"justify\" style=\"background: transparent; font-style: normal; font-variant: normal; font-weight: normal; letter-spacing: normal; line-height: 150%; margin-bottom: 0cm; text-indent: 1.3cm;\">\nWydaje<br \/>\nsi\u0119, moi Drodzy, \u017ce my wszyscy, w tym naszym apostolskim zap\u0119dzie,<br \/>\n<b>za ma\u0142o doceniamy spraw\u0119 wolno\u015bci cz\u0142owieka<\/b> \u2013 w tym<br \/>\nsensie, \u017ce nieraz robimy sobie wyrzuty, i\u017c nie jeste\u015bmy w stanie<br \/>\nkogo\u015b przekona\u0107, nam\u00f3wi\u0107, \u017ceby powa\u017cnie potraktowa\u0142 sprawy<br \/>\nBo\u017ce, podczas kiedy on zwyczajnie <b>nie chce ich tak traktowa\u0107!<br \/>\n<\/b>Mo\u017ce wi\u0119c trzeba uszanowa\u0107 jego decyzj\u0119?\u2026 Owszem, modli\u0107<br \/>\nsi\u0119, wysy\u0142a\u0107 pozytywne sygna\u0142y,<b> ale nie narzuca\u0107 si\u0119 z<br \/>\nniczym,<\/b> a ju\u017c na pewno \u2013 nie robi\u0107 sobie \u017cadnych wyrzut\u00f3w.<br \/>\nNatomiast mo\u017ce w\u0142a\u015bnie <b>cz\u0119\u015bciej u\u015bwiadamia\u0107<\/b> temu komu\u015b,<br \/>\n\u017ce ponosi <b>odpowiedzialno\u015b\u0107 za swoje wybory<\/b> i b\u0119dzie kiedy\u015b<br \/>\nmusia\u0142 zda\u0107 z nich spraw\u0119 na S\u0105dzie Bo\u017cym!\n<\/div>\n<div align=\"justify\" style=\"background: transparent; font-style: normal; font-variant: normal; font-weight: normal; letter-spacing: normal; line-height: 150%; margin-bottom: 0cm; text-indent: 1.3cm;\">\nMo\u017ce<br \/>\nw\u0142a\u015bnie takiego bardziej zdecydowanego i konkretnego stanowiska z<br \/>\nnaszej strony potrzeba \u2013 po to, by <b>bardziej doceni\u0107<\/b> <b>wolno\u015b\u0107<br \/>\ncz\u0142owieka<\/b> i odpowiedzialno\u015b\u0107 ka\u017cdego za jego w\u0142asny los. Nie<br \/>\nodbierajmy ludziom poczucia tej odpowiedzialno\u015bci! Nie traktujmy ich<br \/>\njak dzieci, kt\u00f3rym mo\u017cna co\u015b nakaza\u0107! Niech ka\u017cdy ma \u015bwiadomo\u015b\u0107<br \/>\ntego, \u017ce <b>sam o sobie decyduje, <\/b>ale te\u017c ponosi<br \/>\nodpowiedzialno\u015b\u0107 za swoje decyzje.\n<\/div>\n<div align=\"justify\" style=\"background: transparent; font-style: normal; font-variant: normal; font-weight: normal; letter-spacing: normal; line-height: 150%; margin-bottom: 0cm; text-indent: 1.3cm;\">\nTakiej<br \/>\nw\u0142a\u015bnie dojrza\u0142o\u015bci Jezus ci\u0105gle uczy\u0142 swoich Aposto\u0142\u00f3w.<br \/>\nDlatego dzisiaj, na skierowane do siebie s\u0142owa Filipa: <i><b>Panie,<br \/>\npoka\u017c nam Ojca, a to nam wystarczy,<\/b><\/i><i> <\/i><i>odpowiedzia\u0142:<br \/>\n<\/i><i><b>Filipie, tak d\u0142ugo jestem z wami, a jeszcze Mnie nie<br \/>\npozna\u0142e\u015b? Kto Mnie zobaczy\u0142, zobaczy\u0142 tak\u017ce i Ojca. Dlaczego<br \/>\nwi\u0119c m\u00f3wisz: \u00abPoka\u017c nam Ojca\u00bb? Czy nie wierzysz, \u017ce Ja jestem w<br \/>\nOjcu, a Ojciec we Mnie? S\u0142\u00f3w tych, kt\u00f3re wam m\u00f3wi\u0119, nie<br \/>\nwypowiadam od siebie. Ojciec, kt\u00f3ry trwa we Mnie, On sam dokonuje<br \/>\ntych dzie\u0142. Wierzcie Mi, \u017ce Ja jestem w Ojcu, a Ojciec we Mnie.<br \/>\nJe\u017celi za\u015b nie, wierzcie przynajmniej ze wzgl\u0119du na same dzie\u0142a.<\/b><\/i><\/p>\n<\/div>\n<div align=\"justify\" style=\"background: transparent; font-style: normal; font-variant: normal; font-weight: normal; letter-spacing: normal; line-height: 150%; margin-bottom: 0cm; text-indent: 1.3cm;\">\nW\u0142a\u015bnie,<br \/>\nczy\u017c ci, kt\u00f3rzy ju\u017c tyle czasu byli z Jezusem, nie \u201eza\u0142apali\u201d<br \/>\njeszcze <b>istoty Jego nauczania, Jego stylu?\u2026<\/b> Czy jeszcze nie<br \/>\ndostrzegali i nie rozumieli, co Jezus do nich m\u00f3wi\u0142 i czego chcia\u0142<br \/>\nich nauczy\u0107? Dlatego w\u0142a\u015bnie Jezus ci\u0105gle stawia\u0142 im takie oto<br \/>\nwyzwania, i\u017c <b>zmusza\u0142 ich do my\u015blenia<\/b> i do \u015bwiadomego<br \/>\ndokonywania dobrych wybor\u00f3w; do <b>my\u015blenia i m\u00f3wienia na spos\u00f3b<br \/>\nBo\u017cy,<\/b> a nie ludzki. Ale tak\u017ce \u2013 zawsze <b>szanowa\u0142 ich<br \/>\nwolno\u015b\u0107. <\/b>Dlatego w kt\u00f3rym\u015b momencie zapyta\u0142, czy mo\u017ce chc\u0105<br \/>\nod Niego odej\u015b\u0107 \u2013 po tym, jak wielu od Niego odesz\u0142o. Oni<br \/>\npozostali, ale nie pod przymusem.<\/div>\n<div align=\"justify\" style=\"background: transparent; font-style: normal; font-variant: normal; font-weight: normal; letter-spacing: normal; line-height: 150%; margin-bottom: 0cm; text-indent: 1.3cm;\">\nMoi<br \/>\nDrodzy, w naszej relacji z Jezusem rol\u0119 zasadnicz\u0105, fundamentaln\u0105<br \/>\nwr\u0119cz, odgrywa <b>wolno\u015b\u0107 wyboru<\/b> i \u015bwiadomo\u015b\u0107 tego, w czym<br \/>\nuczestniczymy. Nie mo\u017cemy te\u017c w ko\u0144cu zapomina\u0107, \u017ce dary Bo\u017ce i<br \/>\n\u0142aska, jakiej wci\u0105\u017c od Boga doznajemy, jest dla nas <b>wielkim<br \/>\nzaszczytem!<\/b> Przeto nigdy nie mo\u017cemy my\u015ble\u0107, m\u00f3wi\u0107 i<br \/>\npost\u0119powa\u0107 tak, <b>jakby\u015bmy to my Bogu robili \u0142ask\u0119,<\/b> \u017ce z<br \/>\nJego dobrodziejstw korzystamy! Bo to my jeste\u015bmy obdarowani \u2013 z<br \/>\nmi\u0142o\u015bci Bo\u017cej! Z mi\u0142o\u015bci \u2013<b> niczym przez nas nie zas\u0142u\u017conej!<\/b><\/div>\n<div align=\"justify\" style=\"background: transparent; font-style: normal; font-variant: normal; font-weight: normal; letter-spacing: normal; line-height: 150%; margin-bottom: 0cm; text-indent: 1.3cm;\">\nCzy<br \/>\nzawsze mamy tego \u015bwiadomo\u015b\u0107?\u2026 Czy nie zdarza si\u0119 nam kaprysi\u0107,<br \/>\nlub robi\u0107 Bogu \u0142ask\u0119, \u017ce z Jego dar\u00f3w \u201eraczymy\u201d skorzysta\u0107?\u2026<br \/>\nCzy codziennie wzrasta w nas <b>poczucie wielkiej wdzi\u0119czno\u015bci Bogu<\/b><br \/>\nza to obdarowanie?\u2026<\/div>\n","protected":false},"excerpt":{"rendered":"<p>Szcz\u0119\u015b\u0107 Bo\u017ce! Moi Drodzy, w dniu dzisiejszym urodziny prze\u017cywa Pawe\u0142 Baczkura, nale\u017c\u0105cy w swoim czasie do jednej z m\u0142odzie\u017cowych Wsp\u00f3lnot. \u017bycz\u0119 Mu, aby zawsze widzia\u0142, docenia\u0142 i rozwija\u0142 w sobie Bo\u017ce dary, jakich Pan Mu udziela i oby jak najwi\u0119cej udziela\u0142! Zapewniam o modlitwie! A ja dzisiaj wieczorem udam si\u0119 do Parafii w Radory\u017cu Ko\u015bcielnym, [&hellip;]<\/p>\n","protected":false},"author":1,"featured_media":0,"comment_status":"open","ping_status":"open","sticky":false,"template":"","format":"standard","meta":{"jetpack_post_was_ever_published":false,"_jetpack_newsletter_access":"","_jetpack_dont_email_post_to_subs":false,"_jetpack_newsletter_tier_id":0,"_jetpack_memberships_contains_paywalled_content":false,"_jetpack_memberships_contains_paid_content":false,"footnotes":""},"categories":[1],"tags":[],"class_list":["post-7311","post","type-post","status-publish","format-standard","hentry","category-bez-kategorii"],"yoast_head":"<!-- This site is optimized with the Yoast SEO plugin v25.1 - https:\/\/yoast.com\/wordpress\/plugins\/seo\/ -->\n<title>Skoro nie chcecie s\u0142ucha\u0107... - Gaudium Et Spes<\/title>\n<meta name=\"robots\" content=\"index, follow, max-snippet:-1, max-image-preview:large, max-video-preview:-1\" \/>\n<link rel=\"canonical\" href=\"https:\/\/gaudiumetspes-blog.pl\/index.php\/2018\/04\/28\/skoro-nie-chcecie-suchac\/\" \/>\n<meta property=\"og:locale\" content=\"pl_PL\" \/>\n<meta property=\"og:type\" content=\"article\" \/>\n<meta property=\"og:title\" content=\"Skoro nie chcecie s\u0142ucha\u0107... - Gaudium Et Spes\" \/>\n<meta property=\"og:description\" content=\"Szcz\u0119\u015b\u0107 Bo\u017ce! Moi Drodzy, w dniu dzisiejszym urodziny prze\u017cywa Pawe\u0142 Baczkura, nale\u017c\u0105cy w swoim czasie do jednej z m\u0142odzie\u017cowych Wsp\u00f3lnot. \u017bycz\u0119 Mu, aby zawsze widzia\u0142, docenia\u0142 i rozwija\u0142 w sobie Bo\u017ce dary, jakich Pan Mu udziela i oby jak najwi\u0119cej udziela\u0142! Zapewniam o modlitwie! A ja dzisiaj wieczorem udam si\u0119 do Parafii w Radory\u017cu Ko\u015bcielnym, [&hellip;]\" \/>\n<meta property=\"og:url\" content=\"https:\/\/gaudiumetspes-blog.pl\/index.php\/2018\/04\/28\/skoro-nie-chcecie-suchac\/\" \/>\n<meta property=\"og:site_name\" content=\"Gaudium Et Spes\" \/>\n<meta property=\"article:published_time\" content=\"2018-04-28T04:36:00+00:00\" \/>\n<meta property=\"article:modified_time\" content=\"2019-07-31T10:57:28+00:00\" \/>\n<meta name=\"author\" content=\"Ks. Jacek\" \/>\n<meta name=\"twitter:card\" content=\"summary_large_image\" \/>\n<meta name=\"twitter:label1\" content=\"Napisane przez\" \/>\n\t<meta name=\"twitter:data1\" content=\"Ks. Jacek\" \/>\n\t<meta name=\"twitter:label2\" content=\"Szacowany czas czytania\" \/>\n\t<meta name=\"twitter:data2\" content=\"8 minut\" \/>\n<script type=\"application\/ld+json\" class=\"yoast-schema-graph\">{\"@context\":\"https:\/\/schema.org\",\"@graph\":[{\"@type\":\"WebPage\",\"@id\":\"https:\/\/gaudiumetspes-blog.pl\/index.php\/2018\/04\/28\/skoro-nie-chcecie-suchac\/\",\"url\":\"https:\/\/gaudiumetspes-blog.pl\/index.php\/2018\/04\/28\/skoro-nie-chcecie-suchac\/\",\"name\":\"Skoro nie chcecie s\u0142ucha\u0107... - Gaudium Et Spes\",\"isPartOf\":{\"@id\":\"https:\/\/gaudiumetspes-blog.pl\/#website\"},\"datePublished\":\"2018-04-28T04:36:00+00:00\",\"dateModified\":\"2019-07-31T10:57:28+00:00\",\"author\":{\"@id\":\"https:\/\/gaudiumetspes-blog.pl\/#\/schema\/person\/1661982992b752dea8dff0d4ed845a65\"},\"breadcrumb\":{\"@id\":\"https:\/\/gaudiumetspes-blog.pl\/index.php\/2018\/04\/28\/skoro-nie-chcecie-suchac\/#breadcrumb\"},\"inLanguage\":\"pl-PL\",\"potentialAction\":[{\"@type\":\"ReadAction\",\"target\":[\"https:\/\/gaudiumetspes-blog.pl\/index.php\/2018\/04\/28\/skoro-nie-chcecie-suchac\/\"]}]},{\"@type\":\"BreadcrumbList\",\"@id\":\"https:\/\/gaudiumetspes-blog.pl\/index.php\/2018\/04\/28\/skoro-nie-chcecie-suchac\/#breadcrumb\",\"itemListElement\":[{\"@type\":\"ListItem\",\"position\":1,\"name\":\"Strona g\u0142\u00f3wna\",\"item\":\"https:\/\/gaudiumetspes-blog.pl\/\"},{\"@type\":\"ListItem\",\"position\":2,\"name\":\"Skoro nie&nbsp;chcecie s\u0142ucha\u0107&#8230;\"}]},{\"@type\":\"WebSite\",\"@id\":\"https:\/\/gaudiumetspes-blog.pl\/#website\",\"url\":\"https:\/\/gaudiumetspes-blog.pl\/\",\"name\":\"Gaudium Et Spes\",\"description\":\"Blog Ks. Jacka Ja\u015bkowskiego\",\"potentialAction\":[{\"@type\":\"SearchAction\",\"target\":{\"@type\":\"EntryPoint\",\"urlTemplate\":\"https:\/\/gaudiumetspes-blog.pl\/?s={search_term_string}\"},\"query-input\":{\"@type\":\"PropertyValueSpecification\",\"valueRequired\":true,\"valueName\":\"search_term_string\"}}],\"inLanguage\":\"pl-PL\"},{\"@type\":\"Person\",\"@id\":\"https:\/\/gaudiumetspes-blog.pl\/#\/schema\/person\/1661982992b752dea8dff0d4ed845a65\",\"name\":\"Ks. Jacek\",\"image\":{\"@type\":\"ImageObject\",\"inLanguage\":\"pl-PL\",\"@id\":\"https:\/\/gaudiumetspes-blog.pl\/#\/schema\/person\/image\/\",\"url\":\"https:\/\/gaudiumetspes-blog.pl\/wp-content\/uploads\/2019\/07\/avatar-JJ-150x150.jpg\",\"contentUrl\":\"https:\/\/gaudiumetspes-blog.pl\/wp-content\/uploads\/2019\/07\/avatar-JJ-150x150.jpg\",\"caption\":\"Ks. Jacek\"},\"description\":\"Witam serdecznie! K\u0142ania si\u0119 Ks. Jacek Ja\u015bkowski. Nie jestem ani kim\u015b wa\u017cnym, ani kim\u015b znanym. Jestem ksi\u0119dzem, kt\u00f3ry po prostu chce rozmawia\u0107. Codzienna kap\u0142a\u0144ska pos\u0142uga pokazuje mi, \u017ce temat\u00f3w do rozm\u00f3w z ksi\u0119dzem jest coraz wi\u0119cej i dzisiaj \u017caden ksi\u0105dz nie mo\u017ce od nich ucieka\u0107, ale - wprost przeciwnie - podejmowa\u0107 nowe wyzwania. To przekonanie sk\u0142oni\u0142o mnie do pr\u00f3by otwarcia tego\u017c bloga, chocia\u017c okazji do rozm\u00f3w na co dzie\u0144 - w konfesjonale i poza nim - na szcz\u0119\u015bcie nie brakuje. My\u015bl\u0119 jednak, \u017ce ten blog b\u0119dzie jeszcze jednym sposobem i przestrzeni\u0105 nawi\u0105zania kontaktu z lud\u017ami dobrej woli, otwartymi na dialog.\",\"url\":\"https:\/\/gaudiumetspes-blog.pl\/index.php\/author\/ks-jacek\/\"}]}<\/script>\n<!-- \/ Yoast SEO plugin. -->","yoast_head_json":{"title":"Skoro nie chcecie s\u0142ucha\u0107... - Gaudium Et Spes","robots":{"index":"index","follow":"follow","max-snippet":"max-snippet:-1","max-image-preview":"max-image-preview:large","max-video-preview":"max-video-preview:-1"},"canonical":"https:\/\/gaudiumetspes-blog.pl\/index.php\/2018\/04\/28\/skoro-nie-chcecie-suchac\/","og_locale":"pl_PL","og_type":"article","og_title":"Skoro nie chcecie s\u0142ucha\u0107... - Gaudium Et Spes","og_description":"Szcz\u0119\u015b\u0107 Bo\u017ce! Moi Drodzy, w dniu dzisiejszym urodziny prze\u017cywa Pawe\u0142 Baczkura, nale\u017c\u0105cy w swoim czasie do jednej z m\u0142odzie\u017cowych Wsp\u00f3lnot. \u017bycz\u0119 Mu, aby zawsze widzia\u0142, docenia\u0142 i rozwija\u0142 w sobie Bo\u017ce dary, jakich Pan Mu udziela i oby jak najwi\u0119cej udziela\u0142! Zapewniam o modlitwie! A ja dzisiaj wieczorem udam si\u0119 do Parafii w Radory\u017cu Ko\u015bcielnym, [&hellip;]","og_url":"https:\/\/gaudiumetspes-blog.pl\/index.php\/2018\/04\/28\/skoro-nie-chcecie-suchac\/","og_site_name":"Gaudium Et Spes","article_published_time":"2018-04-28T04:36:00+00:00","article_modified_time":"2019-07-31T10:57:28+00:00","author":"Ks. Jacek","twitter_card":"summary_large_image","twitter_misc":{"Napisane przez":"Ks. Jacek","Szacowany czas czytania":"8 minut"},"schema":{"@context":"https:\/\/schema.org","@graph":[{"@type":"WebPage","@id":"https:\/\/gaudiumetspes-blog.pl\/index.php\/2018\/04\/28\/skoro-nie-chcecie-suchac\/","url":"https:\/\/gaudiumetspes-blog.pl\/index.php\/2018\/04\/28\/skoro-nie-chcecie-suchac\/","name":"Skoro nie chcecie s\u0142ucha\u0107... - Gaudium Et Spes","isPartOf":{"@id":"https:\/\/gaudiumetspes-blog.pl\/#website"},"datePublished":"2018-04-28T04:36:00+00:00","dateModified":"2019-07-31T10:57:28+00:00","author":{"@id":"https:\/\/gaudiumetspes-blog.pl\/#\/schema\/person\/1661982992b752dea8dff0d4ed845a65"},"breadcrumb":{"@id":"https:\/\/gaudiumetspes-blog.pl\/index.php\/2018\/04\/28\/skoro-nie-chcecie-suchac\/#breadcrumb"},"inLanguage":"pl-PL","potentialAction":[{"@type":"ReadAction","target":["https:\/\/gaudiumetspes-blog.pl\/index.php\/2018\/04\/28\/skoro-nie-chcecie-suchac\/"]}]},{"@type":"BreadcrumbList","@id":"https:\/\/gaudiumetspes-blog.pl\/index.php\/2018\/04\/28\/skoro-nie-chcecie-suchac\/#breadcrumb","itemListElement":[{"@type":"ListItem","position":1,"name":"Strona g\u0142\u00f3wna","item":"https:\/\/gaudiumetspes-blog.pl\/"},{"@type":"ListItem","position":2,"name":"Skoro nie&nbsp;chcecie s\u0142ucha\u0107&#8230;"}]},{"@type":"WebSite","@id":"https:\/\/gaudiumetspes-blog.pl\/#website","url":"https:\/\/gaudiumetspes-blog.pl\/","name":"Gaudium Et Spes","description":"Blog Ks. Jacka Ja\u015bkowskiego","potentialAction":[{"@type":"SearchAction","target":{"@type":"EntryPoint","urlTemplate":"https:\/\/gaudiumetspes-blog.pl\/?s={search_term_string}"},"query-input":{"@type":"PropertyValueSpecification","valueRequired":true,"valueName":"search_term_string"}}],"inLanguage":"pl-PL"},{"@type":"Person","@id":"https:\/\/gaudiumetspes-blog.pl\/#\/schema\/person\/1661982992b752dea8dff0d4ed845a65","name":"Ks. Jacek","image":{"@type":"ImageObject","inLanguage":"pl-PL","@id":"https:\/\/gaudiumetspes-blog.pl\/#\/schema\/person\/image\/","url":"https:\/\/gaudiumetspes-blog.pl\/wp-content\/uploads\/2019\/07\/avatar-JJ-150x150.jpg","contentUrl":"https:\/\/gaudiumetspes-blog.pl\/wp-content\/uploads\/2019\/07\/avatar-JJ-150x150.jpg","caption":"Ks. Jacek"},"description":"Witam serdecznie! K\u0142ania si\u0119 Ks. Jacek Ja\u015bkowski. Nie jestem ani kim\u015b wa\u017cnym, ani kim\u015b znanym. Jestem ksi\u0119dzem, kt\u00f3ry po prostu chce rozmawia\u0107. Codzienna kap\u0142a\u0144ska pos\u0142uga pokazuje mi, \u017ce temat\u00f3w do rozm\u00f3w z ksi\u0119dzem jest coraz wi\u0119cej i dzisiaj \u017caden ksi\u0105dz nie mo\u017ce od nich ucieka\u0107, ale - wprost przeciwnie - podejmowa\u0107 nowe wyzwania. To przekonanie sk\u0142oni\u0142o mnie do pr\u00f3by otwarcia tego\u017c bloga, chocia\u017c okazji do rozm\u00f3w na co dzie\u0144 - w konfesjonale i poza nim - na szcz\u0119\u015bcie nie brakuje. My\u015bl\u0119 jednak, \u017ce ten blog b\u0119dzie jeszcze jednym sposobem i przestrzeni\u0105 nawi\u0105zania kontaktu z lud\u017ami dobrej woli, otwartymi na dialog.","url":"https:\/\/gaudiumetspes-blog.pl\/index.php\/author\/ks-jacek\/"}]}},"jetpack_featured_media_url":"","jetpack_sharing_enabled":true,"_links":{"self":[{"href":"https:\/\/gaudiumetspes-blog.pl\/index.php\/wp-json\/wp\/v2\/posts\/7311","targetHints":{"allow":["GET"]}}],"collection":[{"href":"https:\/\/gaudiumetspes-blog.pl\/index.php\/wp-json\/wp\/v2\/posts"}],"about":[{"href":"https:\/\/gaudiumetspes-blog.pl\/index.php\/wp-json\/wp\/v2\/types\/post"}],"author":[{"embeddable":true,"href":"https:\/\/gaudiumetspes-blog.pl\/index.php\/wp-json\/wp\/v2\/users\/1"}],"replies":[{"embeddable":true,"href":"https:\/\/gaudiumetspes-blog.pl\/index.php\/wp-json\/wp\/v2\/comments?post=7311"}],"version-history":[{"count":1,"href":"https:\/\/gaudiumetspes-blog.pl\/index.php\/wp-json\/wp\/v2\/posts\/7311\/revisions"}],"predecessor-version":[{"id":14038,"href":"https:\/\/gaudiumetspes-blog.pl\/index.php\/wp-json\/wp\/v2\/posts\/7311\/revisions\/14038"}],"wp:attachment":[{"href":"https:\/\/gaudiumetspes-blog.pl\/index.php\/wp-json\/wp\/v2\/media?parent=7311"}],"wp:term":[{"taxonomy":"category","embeddable":true,"href":"https:\/\/gaudiumetspes-blog.pl\/index.php\/wp-json\/wp\/v2\/categories?post=7311"},{"taxonomy":"post_tag","embeddable":true,"href":"https:\/\/gaudiumetspes-blog.pl\/index.php\/wp-json\/wp\/v2\/tags?post=7311"}],"curies":[{"name":"wp","href":"https:\/\/api.w.org\/{rel}","templated":true}]}}