{"id":7330,"date":"2018-04-09T05:27:00","date_gmt":"2018-04-09T03:27:00","guid":{"rendered":"https:\/\/gaudiumetspes-blog.pl\/index.php\/2018\/04\/09\/a-gdyby-maryja-odmowia\/"},"modified":"2019-07-31T12:57:26","modified_gmt":"2019-07-31T10:57:26","slug":"a-gdyby-maryja-odmowia","status":"publish","type":"post","link":"https:\/\/gaudiumetspes-blog.pl\/index.php\/2018\/04\/09\/a-gdyby-maryja-odmowia\/","title":{"rendered":"A gdyby Maryja odm\u00f3wi\u0142a?&#8230;"},"content":{"rendered":"<p><\/p>\n<div align=\"justify\" style=\"font-weight: normal; line-height: 150%; margin-bottom: 0cm;\">\nSzcz\u0119\u015b\u0107<br \/>\nBo\u017ce! Moi Drodzy, w dniu dzisiejszym <b>imieniny prze\u017cywa Maja<br \/>\nZagubie\u0144, zaanga\u017cowana w swoim czasie w dzia\u0142alno\u015b\u0107 m\u0142odzie\u017cow\u0105<br \/>\nw Parafii w Celestynowie. Modl\u0119 si\u0119 dla Solenizantki o umiej\u0119tno\u015b\u0107<br \/>\nodpowiadania \u201etak\u201d na ka\u017cde Bo\u017ce zaproszenie do wsp\u00f3\u0142pracy.<br \/>\nNiech si\u0119 w tej trudnej sztuce zawsze wzoruje na Maryi!<\/b><\/div>\n<div align=\"justify\" style=\"background: transparent; font-weight: normal; line-height: 150%; margin-bottom: 0cm; page-break-before: auto; text-indent: 1.3cm;\">\nA<br \/>\noto dzisiaj prze\u017cywamy uroczysto\u015b\u0107 Zwiastowania Pa\u0144skiego. Tak<br \/>\nsi\u0119 jako\u015b sk\u0142ada, \u017ce ta uroczysto\u015b\u0107 staje si\u0119 powoli tak<br \/>\nzwanym \u015bwi\u0119tem ruchomym, bo chocia\u017c ma swoj\u0105 sta\u0142\u0105 dat\u0119: 25<br \/>\nmarca, to jednak ci\u0105gle jest przek\u0142adana ze wzgl\u0119du na wa\u017cniejsze<br \/>\nrang\u0105 \u015awi\u0119ta Paschalne, kt\u00f3re w\u0142a\u015bnie wtedy cz\u0119sto wypadaj\u0105.<br \/>\nDlatego i dzisiaj mamy t\u0119 uroczysto\u015b\u0107. Ale chyba fakt tego<br \/>\nczasowego przesuni\u0119cia nie przeszkodzi nam w pobo\u017cnym prze\u017cyciu<br \/>\ntego dnia i g\u0142\u0119bokiego przemy\u015blenia zawartych w nim tre\u015bci.<\/div>\n<div align=\"center\" style=\"font-weight: normal; line-height: 150%; margin-bottom: 0cm;\">\nGaudium<br \/>\net spes!  Ks. Jacek<\/div>\n<div align=\"justify\" style=\"line-height: 150%; margin-bottom: 0cm;\">\n<\/p>\n<\/div>\n<div align=\"justify\" style=\"line-height: 150%; margin-bottom: 0cm;\">\n<b>Uroczysto\u015b\u0107<br \/>\nZwiastowania Pa\u0144skiego,<\/b><\/div>\n<div align=\"justify\" style=\"line-height: 150%; margin-bottom: 0cm;\">\n<b>do<br \/>\nczyta\u0144 z t. VI Lekcjonarza:  Iz 7,10\u201314;  Hbr 10,4\u201310;  \u0141k<br \/>\n1,26\u201338<\/b><\/div>\n<div align=\"justify\" style=\"line-height: 150%; margin-bottom: 0cm;\">\n<\/p>\n<\/div>\n<div align=\"justify\" style=\"font-style: normal; font-variant: normal; letter-spacing: normal; line-height: 150%; margin-bottom: 0cm; page-break-before: auto;\">\n<b>CZYTANIE<br \/>\nZ KSI\u0118GI PROROKA IZAJASZA: <\/b>\n<\/div>\n<div align=\"justify\" style=\"background: transparent; font-style: normal; font-variant: normal; letter-spacing: normal; line-height: 150%; margin-bottom: 0cm; page-break-before: auto; text-indent: 1.3cm;\">\n<b>Pan<br \/>\nprzem\u00f3wi\u0142 do Achaza tymi s\u0142owami: \u201ePro\u015b dla siebie o znak od<br \/>\nPana, Boga twego, czy to g\u0142\u0119boko w Otch\u0142ani, czy to wysoko w<br \/>\ng\u00f3rze\u201d. <\/b>\n<\/div>\n<div align=\"justify\" style=\"background: transparent; font-style: normal; font-variant: normal; letter-spacing: normal; line-height: 150%; margin-bottom: 0cm; text-indent: 1.3cm;\">\n<b>Lecz<br \/>\nAchaz odpowiedzia\u0142: \u201eNie b\u0119d\u0119 prosi\u0142 i nie b\u0119d\u0119 wystawia\u0142<br \/>\nPana na pr\u00f3b\u0119\u201d. <\/b>\n<\/div>\n<div align=\"justify\" style=\"background: transparent; font-style: normal; font-variant: normal; letter-spacing: normal; line-height: 150%; margin-bottom: 0cm; text-indent: 1.3cm;\">\n<b>Wtedy<br \/>\nrzek\u0142 Izajasz: \u201eS\u0142uchajcie wi\u0119c, domu Dawidowy: Czy\u017c ma\u0142o wam<br \/>\nnaprzykrza\u0107 si\u0119 ludziom, i\u017c naprzykrzacie si\u0119 tak\u017ce mojemu Bogu?<br \/>\nDlatego Pan sam da wam znak: Oto Panna pocznie i porodzi syna, i<br \/>\nnazwie go imieniem Emmanuel, albowiem B\u00f3g z nami\u201d.<\/b><\/div>\n<div align=\"justify\" style=\"line-height: 150%; margin-bottom: 0cm;\">\n<\/p>\n<\/div>\n<div align=\"justify\" style=\"font-style: normal; font-variant: normal; letter-spacing: normal; line-height: 150%; margin-bottom: 0cm;\">\n<b>CZYTANIE<br \/>\nZ LISTU DO HEBRAJCZYK\u00d3W: <\/b>\n<\/div>\n<div align=\"justify\" style=\"background: transparent; font-style: normal; font-variant: normal; letter-spacing: normal; line-height: 150%; margin-bottom: 0cm; page-break-before: auto; text-indent: 1.3cm;\">\n<b>Bracia:<br \/>\nNiemo\u017cliwe jest to, aby krew cielc\u00f3w i koz\u0142\u00f3w usuwa\u0142a grzechy.<br \/>\nPrzeto Chrystus przychodz\u0105c na \u015bwiat, m\u00f3wi: &#8222;Ofiary ani daru<br \/>\nnie chcia\u0142e\u015b, ale\u015b Mi utworzy\u0142 cia\u0142o; ca\u0142opalenia i ofiary za<br \/>\ngrzech nie podoba\u0142y si\u0119 Tobie. Wtedy rzek\u0142em: \u00abOto id\u0119, w zwoju<br \/>\nksi\u0119gi napisano o Mnie, abym spe\u0142nia\u0142 wol\u0119 Twoj\u0105, Bo\u017ce\u00bb&#8221;.<br \/>\n<\/b>\n<\/div>\n<div align=\"justify\" style=\"background: transparent; font-style: normal; font-variant: normal; letter-spacing: normal; line-height: 150%; margin-bottom: 0cm; text-indent: 1.3cm;\">\n<b>Wy\u017cej<br \/>\npowiedzia\u0142: \u201eOfiar, dar\u00f3w, ca\u0142opale\u0144 i ofiar za grzechy nie<br \/>\nchcia\u0142e\u015b, i nie podoba\u0142y si\u0119 Tobie\u201d, cho\u0107 sk\u0142ada si\u0119 je na<br \/>\npodstawie Prawa. Nast\u0119pnie powiedzia\u0142: \u201eOto id\u0119, abym spe\u0142nia\u0142<br \/>\nwol\u0119 Twoj\u0105\u201d. Usuwa jedn\u0105 ofiar\u0119, aby ustanowi\u0107 inn\u0105. Na mocy<br \/>\ntej woli u\u015bwi\u0119ceni jeste\u015bmy przez ofiar\u0119 cia\u0142a Jezusa Chrystusa<br \/>\nraz na zawsze.<\/b><\/div>\n<div align=\"justify\" style=\"line-height: 150%; margin-bottom: 0cm;\">\n<\/p>\n<\/div>\n<div align=\"justify\" style=\"line-height: 150%; margin-bottom: 0cm;\">\n<b>S\u0141OWA<br \/>\nEWANGELII WED\u0141UG \u015aWI\u0118TEGO<br \/>\n\u0141UKASZA: <\/b>\n<\/div>\n<div align=\"justify\" style=\"background: transparent; font-style: normal; font-variant: normal; letter-spacing: normal; line-height: 150%; margin-bottom: 0cm; page-break-before: auto; text-indent: 1.3cm;\">\n<b>B\u00f3g<br \/>\npos\u0142a\u0142 anio\u0142a Gabriela do miasta w Galilei, zwanego Nazaret, do<br \/>\nDziewicy po\u015blubionej m\u0119\u017cowi, imieniem J\u00f3zef, z rodu Dawida; a<br \/>\nDziewicy by\u0142o na imi\u0119 Maryja. <\/b>\n<\/div>\n<div align=\"justify\" style=\"background: transparent; font-style: normal; font-variant: normal; letter-spacing: normal; line-height: 150%; margin-bottom: 0cm; text-indent: 1.3cm;\">\n<b>Anio\u0142<br \/>\nwszed\u0142 do Niej i rzek\u0142: \u201eB\u0105d\u017a pozdrowiona, pe\u0142na \u0142aski, Pan z<br \/>\nTob\u0105, b\u0142ogos\u0142awiona jeste\u015b mi\u0119dzy niewiastami\u201d. <\/b>\n<\/div>\n<div align=\"justify\" style=\"background: transparent; line-height: 150%; margin-bottom: 0cm; text-indent: 1.3cm;\">\n<b>Ona<br \/>\nzmiesza\u0142a si\u0119 na te s\u0142owa i rozwa\u017ca\u0142a, co mia\u0142oby znaczy\u0107 to<br \/>\npozdrowienie. <\/b>\n<\/div>\n<div align=\"justify\" style=\"background: transparent; line-height: 150%; margin-bottom: 0cm; text-indent: 1.3cm;\">\n<b>Lecz<br \/>\nAnio\u0142<br \/>\nrzek\u0142 do Niej: \u201eNie b\u00f3j si\u0119, Maryjo, znalaz\u0142a\u015b bowiem \u0142ask\u0119<br \/>\nu Boga. Oto poczniesz i porodzisz Syna, kt\u00f3remu nadasz imi\u0119 Jezus.<br \/>\nB\u0119dzie On wielki i b\u0119dzie nazwany Synem Najwy\u017cszego, a Pan B\u00f3g da<br \/>\nMu tron Jego praojca, Dawida. B\u0119dzie panowa\u0142 nad domem Jakuba na<br \/>\nwieki, a Jego panowaniu nie b\u0119dzie ko\u0144ca\u201d. <\/b>\n<\/div>\n<div align=\"justify\" style=\"background: transparent; line-height: 150%; margin-bottom: 0cm; text-indent: 1.3cm;\">\n<b>Na<br \/>\nto Maryja rzek\u0142a do Anio\u0142a:<br \/>\n\u201eJak\u017ce si\u0119 to stanie, skoro nie znam m\u0119\u017ca?\u201d <\/b>\n<\/div>\n<div align=\"justify\" style=\"background: transparent; font-style: normal; font-variant: normal; letter-spacing: normal; line-height: 150%; margin-bottom: 0cm; text-indent: 1.3cm;\">\n<b>Anio\u0142<br \/>\nJej odpowiedzia\u0142: \u201eDuch \u015awi\u0119ty zst\u0105pi na Ciebie i moc<br \/>\nNajwy\u017cszego os\u0142oni Ci\u0119. Dlatego te\u017c \u015awi\u0119te, kt\u00f3re si\u0119<br \/>\nnarodzi, b\u0119dzie nazwane Synem Bo\u017cym. A oto r\u00f3wnie\u017c krewna Twoja,<br \/>\nEl\u017cbieta, pocz\u0119\u0142a w swej staro\u015bci syna, i jest ju\u017c w sz\u00f3stym<br \/>\nmiesi\u0105cu ta, kt\u00f3ra uchodzi za niep\u0142odn\u0105. Dla Boga bowiem nie ma<br \/>\nnic niemo\u017cliwego\u201d. <\/b>\n<\/div>\n<div align=\"justify\" style=\"background: transparent; line-height: 150%; margin-bottom: 0cm; text-indent: 1.3cm;\">\n<b>Na<br \/>\nto rzek\u0142a Maryja: \u201eOto ja s\u0142u\u017cebnica Pa\u0144ska, niech mi si\u0119<br \/>\nstanie wed\u0142ug twego s\u0142owa\u201d. Wtedy odszed\u0142 od Niej Anio\u0142.<\/b><\/div>\n<div align=\"justify\" style=\"line-height: 150%; margin-bottom: 0cm;\">\n<\/p>\n<\/div>\n<div align=\"justify\" style=\"background: transparent; font-style: normal; font-variant: normal; font-weight: normal; letter-spacing: normal; line-height: 150%; margin-bottom: 0cm; page-break-before: auto; text-indent: 1.3cm;\">\nD\u0142ugo<br \/>\nmo\u017cemy si\u0119 zastanawia\u0107 i chyba nigdy nie doj\u015b\u0107 \u2013 przynajmniej<br \/>\ntu, na ziemi \u2013 do odpowiedzi na pytanie, dlaczego wielki, pot\u0119\u017cny<br \/>\nB\u00f3g <b>tak zechcia\u0142 si\u0119 uni\u017cy\u0107,<\/b> i\u017c pocz\u0105\u0142 si\u0119 jako<br \/>\ndziecko pod sercem prostej, m\u0142odej Niewiasty, <b>uzale\u017cniaj\u0105c<br \/>\nwr\u0119cz od Jej \u201etak\u201d<\/b> swoje przyj\u015bcie na \u015bwiat? Jest to, moi<br \/>\nDrodzy, jaka\u015b absolutnie nies\u0142ychana sprawa i niewyobra\u017calna<br \/>\ntajemnica.\n<\/div>\n<div align=\"justify\" style=\"background: transparent; font-style: normal; font-variant: normal; font-weight: normal; letter-spacing: normal; line-height: 150%; margin-bottom: 0cm; text-indent: 1.3cm;\">\nOto<br \/>\nbowiem w pierwszym czytaniu s\u0142yszymy zapowied\u017a Proroka Izajasza:<br \/>\n<i><b>S\u0142uchajcie wi\u0119c, domu Dawidowy: Czy\u017c ma\u0142o wam naprzykrza\u0107<br \/>\nsi\u0119 ludziom, i\u017c naprzykrzacie si\u0119 tak\u017ce mojemu Bogu? Dlatego Pan<br \/>\nsam da wam znak: Oto Panna pocznie i porodzi syna, i nazwie go<br \/>\nimieniem Emmanuel, albowiem B\u00f3g z nami.<\/b><\/i> Mamy wi\u0119c do<br \/>\nczynienia z Proroctwem, wyg\u0142oszonym <b>na osiem wiek\u00f3w przed<br \/>\n<\/b><b>wydarzeniem<\/b><b>,<\/b> opisanym w dzisiejszej Ewangelii.\n<\/div>\n<div align=\"justify\" style=\"background: transparent; font-style: normal; font-variant: normal; font-weight: normal; letter-spacing: normal; line-height: 150%; margin-bottom: 0cm; text-indent: 1.3cm;\">\nA<br \/>\nzatem, wydarzenie to by\u0142o <b>realizacj\u0105 odwiecznych Bo\u017cych plan\u00f3w<\/b><br \/>\n\u2013 i to nie tylko takich, kt\u00f3re na kilka wiek\u00f3w wcze\u015bniej by\u0142y<br \/>\npowzi\u0119te, ale ju\u017c <b>na samym pocz\u0105tku historii ludzko\u015bci, <\/b>w<br \/>\nraju, po upadku pierwszych rodzic\u00f3w, pad\u0142a zapowied\u017a wyzwolenia z<br \/>\ngrzechu, kt\u00f3re to wyzwolenie mia\u0142o si\u0119 dokona\u0107 przez niezwyk\u0142ego<br \/>\nPotomka niezwyk\u0142ej Niewiasty.\n<\/div>\n<div align=\"justify\" style=\"background: transparent; font-style: normal; font-variant: normal; font-weight: normal; letter-spacing: normal; line-height: 150%; margin-bottom: 0cm; text-indent: 1.3cm;\">\nZ<br \/>\nkolei, Autor Listu do Hebrajczyk\u00f3w, w drugim czytaniu, m\u00f3wi o<br \/>\nprzychodz\u0105cym Bo\u017cym Synu jako o Tym, kt\u00f3ry ze swego \u017cycia <b>z\u0142o\u017cy<br \/>\nBogu najdoskonalsz\u0105 Ofiar\u0119 <\/b>za zbawienie \u015bwiata. Oczywi\u015bcie,<br \/>\nAutor ten m\u00f3wi to w czasie, kiedy si\u0119 ju\u017c wszystko dokona\u0142o, ale<br \/>\nnawi\u0105zuje w swojej wypowiedzi do starotestamentalnych Proroctw.\n<\/div>\n<div align=\"justify\" style=\"background: transparent; font-style: normal; font-variant: normal; font-weight: normal; letter-spacing: normal; line-height: 150%; margin-bottom: 0cm; text-indent: 1.3cm;\">\nZatem,<br \/>\nodpowiadaj\u0105c na zapowied\u017a Archanio\u0142a Gabriela swoj\u0105 zgod\u0105,<br \/>\nMaryja <b>wpisa\u0142a si\u0119 w odwieczne plany Bo\u017ce, <\/b>zrealizowa\u0142a te<br \/>\nplany. I tu w\u0142a\u015bnie rodzi si\u0119 pytanie: <b>A c\u00f3\u017c by si\u0119 sta\u0142o,<br \/>\ngdyby odpowiedzia\u0142a: \u201enie\u201d?<\/b> I to niekoniecznie w spos\u00f3b<br \/>\njaki\u015b z\u0142o\u015bliwy, opryskliwy, buntowniczy \u2013 absolutnie nie! Mog\u0142a<br \/>\nna przyk\u0142ad powiedzie\u0107, \u017ce nie da rady, \u017ce <b>obawia si\u0119 tak<br \/>\nwielkiego wyzwania, <\/b>\u017ce obawia si\u0119 reakcji przysz\u0142ego m\u0119\u017ca, a<br \/>\ni ca\u0142e otoczenie r\u00f3\u017cnie mo\u017ce zareagowa\u0107\u2026\n<\/div>\n<div align=\"justify\" style=\"background: transparent; font-style: normal; font-variant: normal; font-weight: normal; letter-spacing: normal; line-height: 150%; margin-bottom: 0cm; text-indent: 1.3cm;\">\nWszystkie<br \/>\nte argumenty tak naprawd\u0119 wystarczy\u0142yby, aby odm\u00f3wi\u0107 wype\u0142nienia<br \/>\nBo\u017cych zamiar\u00f3w, albo przynajmniej prosi\u0107 o ich prze\u0142o\u017cenie na<br \/>\ninny czas, kiedy okoliczno\u015bci bardziej b\u0119d\u0105 sprzyja\u0142y\u2026 Co by<br \/>\nsi\u0119 sta\u0142o, gdyby Maryja tamtego pami\u0119tnego dnia <b>nie<br \/>\nodpowiedzia\u0142a tak, jak odpowiedzia\u0142a?\u2026<\/b> Czy plany Bo\u017ce<br \/>\nzosta\u0142yby wstrzymane, czy mo\u017ce Archanio\u0142 Gabriel zapuka\u0142by do<br \/>\nkogo\u015b z s\u0105siedztwa <b>i poszuka\u0142 innej niewiasty,<\/b> kt\u00f3ra<br \/>\nbardziej ochoczo zareagowa\u0142aby na pro\u015bb\u0119 z Nieba?\u2026\n<\/div>\n<div align=\"justify\" style=\"background: transparent; font-style: normal; font-variant: normal; font-weight: normal; letter-spacing: normal; line-height: 150%; margin-bottom: 0cm; text-indent: 1.3cm;\">\nOczywi\u015bcie,<br \/>\nwchodzimy tu ju\u017c na poziom dywagacji, swoistego \u201egdybania\u201d,<br \/>\ntakiej sztuki dla sztuki, kt\u00f3ra sama w sobie niczego do naszej<br \/>\nrefleksji nie wniesie, natomiast mo\u017ce nam pos\u0142u\u017cy\u0107 jako ciekawe<br \/>\nspostrze\u017cenie, <b>jak bardzo B\u00f3g powa\u017cnie traktuje cz\u0142owieka,<\/b><br \/>\njak bardzo liczy na jego wsp\u00f3\u0142prac\u0119, jak bardzo liczy si\u0119 z jego<br \/>\nzdaniem\u2026 I jak bardzo <b>cz\u0142owiek jest Mu w og\u00f3le potrzebny<\/b><br \/>\ndo realizacji odwiecznych Jego plan\u00f3w, skoro od decyzji cz\u0142owieka<br \/>\nuzale\u017cnia wr\u0119cz ich wype\u0142nienie.\n<\/div>\n<div align=\"justify\" style=\"background: transparent; font-style: normal; font-variant: normal; font-weight: normal; letter-spacing: normal; line-height: 150%; margin-bottom: 0cm; text-indent: 1.3cm;\">\nMoi<br \/>\nDrodzy, na to musimy zwr\u00f3ci\u0107 dzisiaj uwag\u0119. Jeszcze raz<br \/>\npodkre\u015blmy: nie po to, \u017ceby si\u0119 <b>zabawia\u0107 w jakie\u015b \u0142amig\u0142\u00f3wki<br \/>\nintelektualne,<\/b> w stylu: co by by\u0142o, gdyby tak by\u0142o, a co by<br \/>\nby\u0142o, gdyby by\u0142o inaczej \u2013 ale po to, aby u\u015bwiadomi\u0107 sobie, jak<br \/>\nbardzo jeste\u015bmy <b>przez Boga kochani i traktowani powa\u017cnie. <\/b>\n<\/div>\n<div align=\"justify\" style=\"background: transparent; font-style: normal; font-variant: normal; font-weight: normal; letter-spacing: normal; line-height: 150%; margin-bottom: 0cm; text-indent: 1.3cm;\">\nA<br \/>\nw tym kontek\u015bcie ka\u017cda i ka\u017cdy z nas mo\u017ce, a wr\u0119cz musi sobie<br \/>\npostawi\u0107 pytanie: Czy ja te\u017c mojego Boga naprawd\u0119 kocham, a w<br \/>\nzwi\u0105zku z tym: <b>czy traktuj\u0119 Go powa\u017cnie?<\/b> Czy B\u00f3g ma<br \/>\nnaprawd\u0119 pierwsze miejsce w mojej hierarchii wa\u017cno\u015bci i warto\u015bci,<br \/>\na Jego wola i Jego plany s\u0105 dla mnie wyra\u017anym wyznacznikiem \u017cycia<br \/>\ni dzia\u0142ania? <b>Po czym konkretnie wida\u0107, \u017ce tak w\u0142a\u015bnie jest?\u2026<\/b><\/p>\n<\/div>\n<div align=\"justify\" style=\"background: transparent; font-style: normal; font-variant: normal; font-weight: normal; letter-spacing: normal; line-height: 150%; margin-bottom: 0cm; text-indent: 1.3cm;\">\nChodzi<br \/>\nzatem o to, czy na ka\u017cde Bo\u017ce wezwanie i zaproszenie do wsp\u00f3\u0142pracy<br \/>\n\u2013 tak\u017ce to, kt\u00f3rego <b>do ko\u0144ca nie rozumiem,<\/b> albo kt\u00f3re<br \/>\nwydaje mi si\u0119 w danym momencie <b>za trudne i zbyt wymagaj\u0105ce<\/b> \u2013<br \/>\npotrafi\u0119 odpowiedzie\u0107 tak, jak Maryja: <i><b>Niech mi si\u0119 stanie?<\/b><\/i><br \/>\nCzy sta\u0107 mnie na takie zaufanie Bogu?\u2026<\/div>\n","protected":false},"excerpt":{"rendered":"<p>Szcz\u0119\u015b\u0107 Bo\u017ce! Moi Drodzy, w dniu dzisiejszym imieniny prze\u017cywa Maja Zagubie\u0144, zaanga\u017cowana w swoim czasie w dzia\u0142alno\u015b\u0107 m\u0142odzie\u017cow\u0105 w Parafii w Celestynowie. Modl\u0119 si\u0119 dla Solenizantki o umiej\u0119tno\u015b\u0107 odpowiadania \u201etak\u201d na ka\u017cde Bo\u017ce zaproszenie do wsp\u00f3\u0142pracy. Niech si\u0119 w tej trudnej sztuce zawsze wzoruje na Maryi! A oto dzisiaj prze\u017cywamy uroczysto\u015b\u0107 Zwiastowania Pa\u0144skiego. Tak si\u0119 [&hellip;]<\/p>\n","protected":false},"author":1,"featured_media":0,"comment_status":"open","ping_status":"open","sticky":false,"template":"","format":"standard","meta":{"jetpack_post_was_ever_published":false,"_jetpack_newsletter_access":"","_jetpack_dont_email_post_to_subs":false,"_jetpack_newsletter_tier_id":0,"_jetpack_memberships_contains_paywalled_content":false,"_jetpack_memberships_contains_paid_content":false,"footnotes":""},"categories":[1],"tags":[],"class_list":["post-7330","post","type-post","status-publish","format-standard","hentry","category-bez-kategorii"],"yoast_head":"<!-- This site is optimized with the Yoast SEO plugin v25.1 - https:\/\/yoast.com\/wordpress\/plugins\/seo\/ -->\n<title>A gdyby Maryja odm\u00f3wi\u0142a?... - Gaudium Et Spes<\/title>\n<meta name=\"robots\" content=\"index, follow, max-snippet:-1, max-image-preview:large, max-video-preview:-1\" \/>\n<link rel=\"canonical\" href=\"https:\/\/gaudiumetspes-blog.pl\/index.php\/2018\/04\/09\/a-gdyby-maryja-odmowia\/\" \/>\n<meta property=\"og:locale\" content=\"pl_PL\" \/>\n<meta property=\"og:type\" content=\"article\" \/>\n<meta property=\"og:title\" content=\"A gdyby Maryja odm\u00f3wi\u0142a?... - Gaudium Et Spes\" \/>\n<meta property=\"og:description\" content=\"Szcz\u0119\u015b\u0107 Bo\u017ce! Moi Drodzy, w dniu dzisiejszym imieniny prze\u017cywa Maja Zagubie\u0144, zaanga\u017cowana w swoim czasie w dzia\u0142alno\u015b\u0107 m\u0142odzie\u017cow\u0105 w Parafii w Celestynowie. Modl\u0119 si\u0119 dla Solenizantki o umiej\u0119tno\u015b\u0107 odpowiadania \u201etak\u201d na ka\u017cde Bo\u017ce zaproszenie do wsp\u00f3\u0142pracy. Niech si\u0119 w tej trudnej sztuce zawsze wzoruje na Maryi! A oto dzisiaj prze\u017cywamy uroczysto\u015b\u0107 Zwiastowania Pa\u0144skiego. Tak si\u0119 [&hellip;]\" \/>\n<meta property=\"og:url\" content=\"https:\/\/gaudiumetspes-blog.pl\/index.php\/2018\/04\/09\/a-gdyby-maryja-odmowia\/\" \/>\n<meta property=\"og:site_name\" content=\"Gaudium Et Spes\" \/>\n<meta property=\"article:published_time\" content=\"2018-04-09T03:27:00+00:00\" \/>\n<meta property=\"article:modified_time\" content=\"2019-07-31T10:57:26+00:00\" \/>\n<meta name=\"author\" content=\"Ks. Jacek\" \/>\n<meta name=\"twitter:card\" content=\"summary_large_image\" \/>\n<meta name=\"twitter:label1\" content=\"Napisane przez\" \/>\n\t<meta name=\"twitter:data1\" content=\"Ks. Jacek\" \/>\n\t<meta name=\"twitter:label2\" content=\"Szacowany czas czytania\" \/>\n\t<meta name=\"twitter:data2\" content=\"7 minut\" \/>\n<script type=\"application\/ld+json\" class=\"yoast-schema-graph\">{\"@context\":\"https:\/\/schema.org\",\"@graph\":[{\"@type\":\"WebPage\",\"@id\":\"https:\/\/gaudiumetspes-blog.pl\/index.php\/2018\/04\/09\/a-gdyby-maryja-odmowia\/\",\"url\":\"https:\/\/gaudiumetspes-blog.pl\/index.php\/2018\/04\/09\/a-gdyby-maryja-odmowia\/\",\"name\":\"A gdyby Maryja odm\u00f3wi\u0142a?... - Gaudium Et Spes\",\"isPartOf\":{\"@id\":\"https:\/\/gaudiumetspes-blog.pl\/#website\"},\"datePublished\":\"2018-04-09T03:27:00+00:00\",\"dateModified\":\"2019-07-31T10:57:26+00:00\",\"author\":{\"@id\":\"https:\/\/gaudiumetspes-blog.pl\/#\/schema\/person\/1661982992b752dea8dff0d4ed845a65\"},\"breadcrumb\":{\"@id\":\"https:\/\/gaudiumetspes-blog.pl\/index.php\/2018\/04\/09\/a-gdyby-maryja-odmowia\/#breadcrumb\"},\"inLanguage\":\"pl-PL\",\"potentialAction\":[{\"@type\":\"ReadAction\",\"target\":[\"https:\/\/gaudiumetspes-blog.pl\/index.php\/2018\/04\/09\/a-gdyby-maryja-odmowia\/\"]}]},{\"@type\":\"BreadcrumbList\",\"@id\":\"https:\/\/gaudiumetspes-blog.pl\/index.php\/2018\/04\/09\/a-gdyby-maryja-odmowia\/#breadcrumb\",\"itemListElement\":[{\"@type\":\"ListItem\",\"position\":1,\"name\":\"Strona g\u0142\u00f3wna\",\"item\":\"https:\/\/gaudiumetspes-blog.pl\/\"},{\"@type\":\"ListItem\",\"position\":2,\"name\":\"A&nbsp;gdyby&nbsp;Maryja odm\u00f3wi\u0142a?&#8230;\"}]},{\"@type\":\"WebSite\",\"@id\":\"https:\/\/gaudiumetspes-blog.pl\/#website\",\"url\":\"https:\/\/gaudiumetspes-blog.pl\/\",\"name\":\"Gaudium Et Spes\",\"description\":\"Blog Ks. Jacka Ja\u015bkowskiego\",\"potentialAction\":[{\"@type\":\"SearchAction\",\"target\":{\"@type\":\"EntryPoint\",\"urlTemplate\":\"https:\/\/gaudiumetspes-blog.pl\/?s={search_term_string}\"},\"query-input\":{\"@type\":\"PropertyValueSpecification\",\"valueRequired\":true,\"valueName\":\"search_term_string\"}}],\"inLanguage\":\"pl-PL\"},{\"@type\":\"Person\",\"@id\":\"https:\/\/gaudiumetspes-blog.pl\/#\/schema\/person\/1661982992b752dea8dff0d4ed845a65\",\"name\":\"Ks. Jacek\",\"image\":{\"@type\":\"ImageObject\",\"inLanguage\":\"pl-PL\",\"@id\":\"https:\/\/gaudiumetspes-blog.pl\/#\/schema\/person\/image\/\",\"url\":\"https:\/\/gaudiumetspes-blog.pl\/wp-content\/uploads\/2019\/07\/avatar-JJ-150x150.jpg\",\"contentUrl\":\"https:\/\/gaudiumetspes-blog.pl\/wp-content\/uploads\/2019\/07\/avatar-JJ-150x150.jpg\",\"caption\":\"Ks. Jacek\"},\"description\":\"Witam serdecznie! K\u0142ania si\u0119 Ks. Jacek Ja\u015bkowski. Nie jestem ani kim\u015b wa\u017cnym, ani kim\u015b znanym. Jestem ksi\u0119dzem, kt\u00f3ry po prostu chce rozmawia\u0107. Codzienna kap\u0142a\u0144ska pos\u0142uga pokazuje mi, \u017ce temat\u00f3w do rozm\u00f3w z ksi\u0119dzem jest coraz wi\u0119cej i dzisiaj \u017caden ksi\u0105dz nie mo\u017ce od nich ucieka\u0107, ale - wprost przeciwnie - podejmowa\u0107 nowe wyzwania. To przekonanie sk\u0142oni\u0142o mnie do pr\u00f3by otwarcia tego\u017c bloga, chocia\u017c okazji do rozm\u00f3w na co dzie\u0144 - w konfesjonale i poza nim - na szcz\u0119\u015bcie nie brakuje. My\u015bl\u0119 jednak, \u017ce ten blog b\u0119dzie jeszcze jednym sposobem i przestrzeni\u0105 nawi\u0105zania kontaktu z lud\u017ami dobrej woli, otwartymi na dialog.\",\"url\":\"https:\/\/gaudiumetspes-blog.pl\/index.php\/author\/ks-jacek\/\"}]}<\/script>\n<!-- \/ Yoast SEO plugin. -->","yoast_head_json":{"title":"A gdyby Maryja odm\u00f3wi\u0142a?... - Gaudium Et Spes","robots":{"index":"index","follow":"follow","max-snippet":"max-snippet:-1","max-image-preview":"max-image-preview:large","max-video-preview":"max-video-preview:-1"},"canonical":"https:\/\/gaudiumetspes-blog.pl\/index.php\/2018\/04\/09\/a-gdyby-maryja-odmowia\/","og_locale":"pl_PL","og_type":"article","og_title":"A gdyby Maryja odm\u00f3wi\u0142a?... - Gaudium Et Spes","og_description":"Szcz\u0119\u015b\u0107 Bo\u017ce! Moi Drodzy, w dniu dzisiejszym imieniny prze\u017cywa Maja Zagubie\u0144, zaanga\u017cowana w swoim czasie w dzia\u0142alno\u015b\u0107 m\u0142odzie\u017cow\u0105 w Parafii w Celestynowie. Modl\u0119 si\u0119 dla Solenizantki o umiej\u0119tno\u015b\u0107 odpowiadania \u201etak\u201d na ka\u017cde Bo\u017ce zaproszenie do wsp\u00f3\u0142pracy. Niech si\u0119 w tej trudnej sztuce zawsze wzoruje na Maryi! A oto dzisiaj prze\u017cywamy uroczysto\u015b\u0107 Zwiastowania Pa\u0144skiego. Tak si\u0119 [&hellip;]","og_url":"https:\/\/gaudiumetspes-blog.pl\/index.php\/2018\/04\/09\/a-gdyby-maryja-odmowia\/","og_site_name":"Gaudium Et Spes","article_published_time":"2018-04-09T03:27:00+00:00","article_modified_time":"2019-07-31T10:57:26+00:00","author":"Ks. Jacek","twitter_card":"summary_large_image","twitter_misc":{"Napisane przez":"Ks. Jacek","Szacowany czas czytania":"7 minut"},"schema":{"@context":"https:\/\/schema.org","@graph":[{"@type":"WebPage","@id":"https:\/\/gaudiumetspes-blog.pl\/index.php\/2018\/04\/09\/a-gdyby-maryja-odmowia\/","url":"https:\/\/gaudiumetspes-blog.pl\/index.php\/2018\/04\/09\/a-gdyby-maryja-odmowia\/","name":"A gdyby Maryja odm\u00f3wi\u0142a?... - Gaudium Et Spes","isPartOf":{"@id":"https:\/\/gaudiumetspes-blog.pl\/#website"},"datePublished":"2018-04-09T03:27:00+00:00","dateModified":"2019-07-31T10:57:26+00:00","author":{"@id":"https:\/\/gaudiumetspes-blog.pl\/#\/schema\/person\/1661982992b752dea8dff0d4ed845a65"},"breadcrumb":{"@id":"https:\/\/gaudiumetspes-blog.pl\/index.php\/2018\/04\/09\/a-gdyby-maryja-odmowia\/#breadcrumb"},"inLanguage":"pl-PL","potentialAction":[{"@type":"ReadAction","target":["https:\/\/gaudiumetspes-blog.pl\/index.php\/2018\/04\/09\/a-gdyby-maryja-odmowia\/"]}]},{"@type":"BreadcrumbList","@id":"https:\/\/gaudiumetspes-blog.pl\/index.php\/2018\/04\/09\/a-gdyby-maryja-odmowia\/#breadcrumb","itemListElement":[{"@type":"ListItem","position":1,"name":"Strona g\u0142\u00f3wna","item":"https:\/\/gaudiumetspes-blog.pl\/"},{"@type":"ListItem","position":2,"name":"A&nbsp;gdyby&nbsp;Maryja odm\u00f3wi\u0142a?&#8230;"}]},{"@type":"WebSite","@id":"https:\/\/gaudiumetspes-blog.pl\/#website","url":"https:\/\/gaudiumetspes-blog.pl\/","name":"Gaudium Et Spes","description":"Blog Ks. Jacka Ja\u015bkowskiego","potentialAction":[{"@type":"SearchAction","target":{"@type":"EntryPoint","urlTemplate":"https:\/\/gaudiumetspes-blog.pl\/?s={search_term_string}"},"query-input":{"@type":"PropertyValueSpecification","valueRequired":true,"valueName":"search_term_string"}}],"inLanguage":"pl-PL"},{"@type":"Person","@id":"https:\/\/gaudiumetspes-blog.pl\/#\/schema\/person\/1661982992b752dea8dff0d4ed845a65","name":"Ks. Jacek","image":{"@type":"ImageObject","inLanguage":"pl-PL","@id":"https:\/\/gaudiumetspes-blog.pl\/#\/schema\/person\/image\/","url":"https:\/\/gaudiumetspes-blog.pl\/wp-content\/uploads\/2019\/07\/avatar-JJ-150x150.jpg","contentUrl":"https:\/\/gaudiumetspes-blog.pl\/wp-content\/uploads\/2019\/07\/avatar-JJ-150x150.jpg","caption":"Ks. Jacek"},"description":"Witam serdecznie! K\u0142ania si\u0119 Ks. Jacek Ja\u015bkowski. Nie jestem ani kim\u015b wa\u017cnym, ani kim\u015b znanym. Jestem ksi\u0119dzem, kt\u00f3ry po prostu chce rozmawia\u0107. Codzienna kap\u0142a\u0144ska pos\u0142uga pokazuje mi, \u017ce temat\u00f3w do rozm\u00f3w z ksi\u0119dzem jest coraz wi\u0119cej i dzisiaj \u017caden ksi\u0105dz nie mo\u017ce od nich ucieka\u0107, ale - wprost przeciwnie - podejmowa\u0107 nowe wyzwania. To przekonanie sk\u0142oni\u0142o mnie do pr\u00f3by otwarcia tego\u017c bloga, chocia\u017c okazji do rozm\u00f3w na co dzie\u0144 - w konfesjonale i poza nim - na szcz\u0119\u015bcie nie brakuje. My\u015bl\u0119 jednak, \u017ce ten blog b\u0119dzie jeszcze jednym sposobem i przestrzeni\u0105 nawi\u0105zania kontaktu z lud\u017ami dobrej woli, otwartymi na dialog.","url":"https:\/\/gaudiumetspes-blog.pl\/index.php\/author\/ks-jacek\/"}]}},"jetpack_featured_media_url":"","jetpack_sharing_enabled":true,"_links":{"self":[{"href":"https:\/\/gaudiumetspes-blog.pl\/index.php\/wp-json\/wp\/v2\/posts\/7330","targetHints":{"allow":["GET"]}}],"collection":[{"href":"https:\/\/gaudiumetspes-blog.pl\/index.php\/wp-json\/wp\/v2\/posts"}],"about":[{"href":"https:\/\/gaudiumetspes-blog.pl\/index.php\/wp-json\/wp\/v2\/types\/post"}],"author":[{"embeddable":true,"href":"https:\/\/gaudiumetspes-blog.pl\/index.php\/wp-json\/wp\/v2\/users\/1"}],"replies":[{"embeddable":true,"href":"https:\/\/gaudiumetspes-blog.pl\/index.php\/wp-json\/wp\/v2\/comments?post=7330"}],"version-history":[{"count":1,"href":"https:\/\/gaudiumetspes-blog.pl\/index.php\/wp-json\/wp\/v2\/posts\/7330\/revisions"}],"predecessor-version":[{"id":13990,"href":"https:\/\/gaudiumetspes-blog.pl\/index.php\/wp-json\/wp\/v2\/posts\/7330\/revisions\/13990"}],"wp:attachment":[{"href":"https:\/\/gaudiumetspes-blog.pl\/index.php\/wp-json\/wp\/v2\/media?parent=7330"}],"wp:term":[{"taxonomy":"category","embeddable":true,"href":"https:\/\/gaudiumetspes-blog.pl\/index.php\/wp-json\/wp\/v2\/categories?post=7330"},{"taxonomy":"post_tag","embeddable":true,"href":"https:\/\/gaudiumetspes-blog.pl\/index.php\/wp-json\/wp\/v2\/tags?post=7330"}],"curies":[{"name":"wp","href":"https:\/\/api.w.org\/{rel}","templated":true}]}}