{"id":7331,"date":"2018-04-08T05:28:00","date_gmt":"2018-04-08T03:28:00","guid":{"rendered":"https:\/\/gaudiumetspes-blog.pl\/index.php\/2018\/04\/08\/jeden-duch-i-jedno-serce\/"},"modified":"2019-07-31T12:57:26","modified_gmt":"2019-07-31T10:57:26","slug":"jeden-duch-i-jedno-serce","status":"publish","type":"post","link":"https:\/\/gaudiumetspes-blog.pl\/index.php\/2018\/04\/08\/jeden-duch-i-jedno-serce\/","title":{"rendered":"Jeden duch i jedno serce!"},"content":{"rendered":"<p><\/p>\n<div align=\"justify\" style=\"font-weight: normal; line-height: 150%; margin-bottom: 0cm;\">\nNiech<br \/>\nb\u0119dzie pochwalony Jezus Chrystus! Moi Drodzy, prze\u017cyjmy z rado\u015bci\u0105<br \/>\ni bardzo pobo\u017cnie dzisiejsze \u015awi\u0119to Bo\u017cego mi\u0142osierdzia.&nbsp;<\/div>\n<div align=\"justify\" style=\"font-weight: normal; line-height: 150%; margin-bottom: 0cm;\">\n<b>&nbsp; &nbsp; &nbsp;Niech<br \/>\nWas b\u0142ogos\u0142awi B\u00f3g Wszechmog\u0105cy: Ojciec + i Syn, i Duch \u015awi\u0119ty.<br \/>\nAmen<\/b><\/div>\n<div align=\"center\" style=\"font-weight: normal; line-height: 150%; margin-bottom: 0cm;\">\nGaudium<br \/>\net spes!  Ks. Jacek<\/div>\n<div align=\"justify\" style=\"line-height: 150%; margin-bottom: 0cm;\">\n<\/p>\n<\/div>\n<div align=\"justify\" style=\"line-height: 150%; margin-bottom: 0cm;\">\n<b>2<br \/>\nNiedziela Wielkanocna, B,<\/b><\/div>\n<div align=\"justify\" style=\"line-height: 150%; margin-bottom: 0cm;\">\n<b>do<br \/>\nczyta\u0144:  Dz<br \/>\n4,32\u201335;  1<br \/>\nJ 5,1\u20136;  J<br \/>\n20,19\u201331 <\/b>\n<\/div>\n<div align=\"justify\" style=\"line-height: 150%; margin-bottom: 0cm;\">\n<\/p>\n<\/div>\n<div align=\"justify\" style=\"font-style: normal; font-variant: normal; letter-spacing: normal; line-height: 150%; margin-bottom: 0cm;\">\n<b>CZYTANIE<br \/>\nZ DZIEJ\u00d3W APOSTOLSKICH:<\/b><\/div>\n<div align=\"justify\" style=\"font-style: normal; font-variant: normal; letter-spacing: normal; line-height: 150%; margin-bottom: 0cm; page-break-before: auto; text-indent: 1.3cm;\">\n<b>Jeden<br \/>\nduch i jedno serce o\u017cywia\u0142y wszystkich wierz\u0105cych. \u017baden nie<br \/>\nnazywa\u0142 swoim tego, co posiada\u0142, ale wszystko mieli wsp\u00f3lne.<br \/>\nAposto\u0142owie z wielk\u0105 moc\u0105 \u015bwiadczyli o zmartwychwstaniu Pana<br \/>\nJezusa, a wszyscy mieli wielk\u0105 \u0142ask\u0119. <\/b>\n<\/div>\n<div align=\"justify\" style=\"font-style: normal; font-variant: normal; letter-spacing: normal; line-height: 150%; margin-bottom: 0cm; text-indent: 1.3cm;\">\n<b>Nikt<br \/>\nz nich nie cierpia\u0142 niedostatku, bo w\u0142a\u015bciciele p\u00f3l albo dom\u00f3w<br \/>\nsprzedawali je i przynosili pieni\u0105dze ze sprzeda\u017cy, i sk\u0142adali je<br \/>\nu st\u00f3p aposto\u0142\u00f3w. Ka\u017cdemu te\u017c rozdzielano wed\u0142ug potrzeby.<\/b><\/div>\n<div align=\"justify\" style=\"line-height: 150%; margin-bottom: 0cm;\">\n<\/p>\n<\/div>\n<div align=\"justify\" style=\"line-height: 150%; margin-bottom: 0cm;\">\n<b>CZYTANIE<br \/>\nZ PIERWSZEGO LISTU \u015aWI\u0118TEGO<br \/>\nJANA APOSTO\u0141A:<\/b><\/div>\n<div align=\"justify\" style=\"font-style: normal; font-variant: normal; letter-spacing: normal; line-height: 150%; margin-bottom: 0cm; page-break-before: auto; text-indent: 1.3cm;\">\n<b>Najmilsi:<br \/>\nKa\u017cdy, kto wierzy, \u017ce Jezus jest Mesjaszem, z Boga si\u0119 narodzi\u0142 i<br \/>\nka\u017cdy mi\u0142uj\u0105cy Tego, kt\u00f3ry da\u0142 \u017cycie, mi\u0142uje r\u00f3wnie\u017c tego,<br \/>\nkt\u00f3ry \u017cycie od Niego otrzyma\u0142. Po tym poznajemy, \u017ce mi\u0142ujemy<br \/>\ndzieci Bo\u017ce, gdy mi\u0142ujemy Boga i wype\u0142niamy Jego przykazania,<br \/>\nalbowiem mi\u0142o\u015b\u0107 wzgl\u0119dem Boga polega na spe\u0142nianiu Jego<br \/>\nprzykaza\u0144, a przykazania Jego nie s\u0105 ci\u0119\u017ckie.<\/b><\/div>\n<div align=\"justify\" style=\"font-style: normal; font-variant: normal; letter-spacing: normal; line-height: 150%; margin-bottom: 0cm; text-indent: 1.3cm;\">\n<b>Wszystko<br \/>\nbowiem, co z Boga zrodzone, zwyci\u0119\u017ca \u015bwiat, tym w\u0142a\u015bnie<br \/>\nzwyci\u0119stwem, kt\u00f3re zwyci\u0119\u017cy\u0142o \u015bwiat, jest nasza wiara. A kto<br \/>\nzwyci\u0119\u017ca \u015bwiat, je\u015bli nie ten, kto wierzy, \u017ce Jezus jest Synem<br \/>\nBo\u017cym? <\/b>\n<\/div>\n<div align=\"justify\" style=\"font-style: normal; font-variant: normal; letter-spacing: normal; line-height: 150%; margin-bottom: 0cm; text-indent: 1.3cm;\">\n<b>Jezus<br \/>\nChrystus jest Tym, kt\u00f3ry przyszed\u0142 przez wod\u0119 i krew, i Ducha, nie<br \/>\ntylko w wodzie, lecz w wodzie i we krwi. Duch daje \u015bwiadectwo: bo<br \/>\nDuch jest prawd\u0105.<\/b><\/div>\n<div align=\"justify\" style=\"line-height: 150%; margin-bottom: 0cm;\">\n<\/p>\n<\/div>\n<div align=\"justify\" style=\"line-height: 150%; margin-bottom: 0cm;\">\n<b>S\u0141OWA<br \/>\nEWANGELII WED\u0141UG \u015aWI\u0118TEGO<br \/>\nJANA:<\/b><\/div>\n<div align=\"justify\" style=\"font-style: normal; font-variant: normal; letter-spacing: normal; line-height: 150%; margin-bottom: 0cm; page-break-before: auto; text-indent: 1.3cm;\">\n<b>By\u0142o<br \/>\nto wieczorem owego pierwszego dnia tygodnia. Tam, gdzie przebywali<br \/>\nuczniowie, drzwi by\u0142y zamkni\u0119te z obawy przed \u017bydami. Jezus<br \/>\nwszed\u0142, stan\u0105\u0142 po\u015brodku i rzek\u0142 do nich: \u201ePok\u00f3j wam!\u201d A to<br \/>\npowiedziawszy, pokaza\u0142 im r\u0119ce i bok. Uradowali si\u0119 zatem<br \/>\nuczniowie ujrzawszy Pana. <\/b>\n<\/div>\n<div align=\"justify\" style=\"font-style: normal; font-variant: normal; letter-spacing: normal; line-height: 150%; margin-bottom: 0cm; text-indent: 1.3cm;\">\n<b>A<br \/>\nJezus znowu rzek\u0142 do nich: \u201ePok\u00f3j wam! Jak Ojciec Mnie pos\u0142a\u0142,<br \/>\ntak i Ja was posy\u0142am\u201d. Po tych s\u0142owach tchn\u0105\u0142 na nich i<br \/>\npowiedzia\u0142 im: \u201eWe\u017amijcie Ducha \u015awi\u0119tego! Kt\u00f3rym odpu\u015bcicie<br \/>\ngrzechy, s\u0105 im odpuszczone, a kt\u00f3rym zatrzymacie, s\u0105 im<br \/>\nzatrzymane\u201d.<\/b><\/div>\n<div align=\"justify\" style=\"font-style: normal; font-variant: normal; letter-spacing: normal; line-height: 150%; margin-bottom: 0cm; text-indent: 1.3cm;\">\n<b>Ale<br \/>\nTomasz, jeden z Dwunastu, zwany Didymos, nie by\u0142 razem z nimi, kiedy<br \/>\nprzyszed\u0142 Jezus. Inni wi\u0119c uczniowie m\u00f3wili do niego: \u201eWidzieli\u015bmy<br \/>\nPana!\u201d. <\/b>\n<\/div>\n<div align=\"justify\" style=\"font-style: normal; font-variant: normal; letter-spacing: normal; line-height: 150%; margin-bottom: 0cm; text-indent: 1.3cm;\">\n<b>Ale<br \/>\non rzek\u0142 do nich: \u201eJe\u017celi na r\u0119kach Jego nie zobacz\u0119 \u015bladu<br \/>\ngwo\u017adzi i nie w\u0142o\u017c\u0119 palca mego w miejsce gwo\u017adzi, i nie w\u0142o\u017c\u0119<br \/>\nr\u0119ki mojej do boku Jego, nie uwierz\u0119\u201d.<\/b><\/div>\n<div align=\"justify\" style=\"font-style: normal; font-variant: normal; letter-spacing: normal; line-height: 150%; margin-bottom: 0cm; text-indent: 1.3cm;\">\n<b>A<br \/>\npo o\u015bmiu dniach, kiedy uczniowie Jego byli znowu wewn\u0105trz domu i<br \/>\nTomasz z nimi, Jezus przyszed\u0142 mimo drzwi zamkni\u0119tych, stan\u0105\u0142<br \/>\npo\u015brodku i rzek\u0142: \u201ePok\u00f3j wam!\u201d Nast\u0119pnie rzek\u0142 do Tomasza:<br \/>\n\u201ePodnie\u015b tutaj sw\u00f3j palec i zobacz moje r\u0119ce. Podnie\u015b r\u0119k\u0119 i<br \/>\nw\u0142\u00f3\u017c j\u0105 do mego boku, i nie b\u0105d\u017a niedowiarkiem, lecz<br \/>\nwierz\u0105cym\u201d. <\/b>\n<\/div>\n<div align=\"justify\" style=\"font-style: normal; font-variant: normal; letter-spacing: normal; line-height: 150%; margin-bottom: 0cm; text-indent: 1.3cm;\">\n<b>Tomasz<br \/>\nMu odpowiedzia\u0142: \u201ePan m\u00f3j i B\u00f3g m\u00f3j!\u201d<\/b><\/div>\n<div align=\"justify\" style=\"font-style: normal; font-variant: normal; letter-spacing: normal; line-height: 150%; margin-bottom: 0cm; text-indent: 1.3cm;\">\n<b>Powiedzia\u0142<br \/>\nmu Jezus: \u201eUwierzy\u0142e\u015b, bo Mnie ujrza\u0142e\u015b; b\u0142ogos\u0142awieni,<br \/>\nkt\u00f3rzy nie widzieli, a uwierzyli\u201d. <\/b>\n<\/div>\n<div align=\"justify\" style=\"line-height: 150%; margin-bottom: 0cm; text-indent: 1.3cm;\">\n<b>I<br \/>\nwiele innych znak\u00f3w, kt\u00f3rych nie zapisano w tej ksi\u0119dze, uczyni\u0142<br \/>\nJezus wobec uczni\u00f3w. Te za\u015b zapisano, aby\u015bcie wierzyli, \u017ce Jezus<br \/>\njest Mesjaszem, Synem Bo\u017cym, i aby\u015bcie wierz\u0105c mieli \u017cycie w imi\u0119<br \/>\nJego.<\/b><\/div>\n<div align=\"justify\" style=\"background: transparent; font-weight: normal; line-height: 150%; margin-bottom: 0cm; text-indent: 1.3cm;\">\n<\/p>\n<\/div>\n<div align=\"justify\" style=\"background: transparent; font-weight: normal; line-height: 150%; margin-bottom: 0cm; text-indent: 1.3cm;\">\nSzczelnie<br \/>\nzamkni\u0119te, wr\u0119cz zaryglowane, drzwi jakiego\u015b pomieszczenia, w<br \/>\nkt\u00f3rym przebywali uczniowie, a o kt\u00f3rym to pomieszczeniu nic tak<br \/>\nnaprawd\u0119 nie wiemy\u2026 <b>Szczelnie zamkni\u0119te, wr\u0119cz zaryglowane,<br \/>\nserca uczni\u00f3w\u2026<\/b> Szczelnie zamkni\u0119te, wr\u0119cz zaryglowane, serce<br \/>\nTomasza\u2026 <b>I otwarte serce Jezusa\u2026 <\/b>I Jego spojrzenie otwarte<br \/>\ni pe\u0142ne mi\u0142o\u015bci\u2026 I Jego rany otwarte\u2026\n<\/div>\n<div align=\"justify\" style=\"background: transparent; font-weight: normal; line-height: 150%; margin-bottom: 0cm; text-indent: 1.3cm;\">\nTak<br \/>\nw du\u017cym skr\u00f3cie przedstawia\u0142 si\u0119 kontekst wydarze\u0144, opisanych w<br \/>\nodczytanym przed chwil\u0105 fragmencie Ewangelii Janowej. S\u0142yszymy tam<br \/>\nbowiem o zderzeniu si\u0119 tych dw\u00f3ch rzeczywisto\u015bci: owego <b>ludzkiego<br \/>\nzamkni\u0119cia<\/b> \u2013 <b>i<\/b><b> Bo\u017c<\/b><b>ego<\/b><b> otwarci<\/b><b>a.<br \/>\n<\/b>Otwarcia na cz\u0142owieka. I \u2013 jak s\u0142yszeli\u015bmy \u2013 jedna z<br \/>\ntych\u017ce opcji przewa\u017cy\u0142a. Jeszcze nie tak do ko\u0144ca, bo ostateczne<br \/>\ni ju\u017c niczym nie pohamowane wyj\u015bcie Aposto\u0142\u00f3w na \u015bwiat dokona\u0142o<br \/>\nsi\u0119 w chwili zes\u0142ania Ducha \u015awi\u0119tego, ale ju\u017c dzisiaj<br \/>\ndowiadujemy si\u0119, \u017ce kiedy <i><b>Jezus<br \/>\nwszed\u0142, stan\u0105\u0142 po\u015brodku i rzek\u0142 do <\/b><\/i><b>[zgromadzonych]<\/b><b>:<\/b><i><b><br \/>\n\u201ePok\u00f3j wam!\u201d A to powiedziawszy, pokaza\u0142 im r\u0119ce i bok.<br \/>\nUradowali si\u0119 zatem uczniowie ujrzawszy Pana.<\/b><\/i><i><br \/>\n<\/i>\n<\/div>\n<div align=\"justify\" style=\"background: transparent; font-weight: normal; line-height: 150%; margin-bottom: 0cm; text-indent: 1.3cm;\">\nJednak\u017ce<br \/>\nwtedy nie by\u0142o w\u015br\u00f3d nich Tomasza. Nie podziela\u0142<br \/>\nwi\u0119c on ich rado\u015bci, kiedy po o\u015bmiu dniach \u2013 czyli tak, jakby<br \/>\ndzisiaj \u2013 przyszed\u0142 na to miejsce i dowiedzia\u0142 si\u0119, co si\u0119<br \/>\ntydzie\u0144 wcze\u015bniej sta\u0142o. I dopiero ponowne pojawienie si\u0119 samego<br \/>\nJezusa i Jego mocne s\u0142owa: <i><b>Podnie\u015b<br \/>\ntutaj sw\u00f3j palec i zobacz moje r\u0119ce. Podnie\u015b r\u0119k\u0119 i w\u0142\u00f3\u017c j\u0105<br \/>\ndo mego boku, i nie b\u0105d\u017a niedowiarkiem, lecz wierz\u0105cym<\/b><\/i><b><br \/>\n<\/b><b>\u2013<\/b><b><br \/>\n<\/b>sprawi\u0142y,<br \/>\n\u017ce z pe\u0142nego zachwytu serca wypowiedzia\u0142 s\u0142owa: <i><b>Pan<br \/>\nm\u00f3j i B\u00f3g m\u00f3j!<\/b><\/i><i><br \/>\n<\/i>\n<\/div>\n<div align=\"justify\" style=\"background: transparent; font-weight: normal; line-height: 150%; margin-bottom: 0cm; text-indent: 1.3cm;\">\nJak<br \/>\nwiemy, Tomasz ju\u017c od tego momentu <b>pozosta\u0142<br \/>\nJezusowi wierny<\/b><br \/>\ndo ko\u0144ca swego \u017cycia, podobnie zreszt\u0105 jak Piotr, kt\u00f3ry swego<br \/>\nMistrza w godzinie M\u0119ki zdradzi\u0142, albo inni Aposto\u0142owie, kt\u00f3rzy<br \/>\nwtedy od Niego uciekli. Po Zmartwychwstaniu wszyscy oni \u2013 m\u00f3wi\u0105c<br \/>\ndzisiejszym potocznym j\u0119zykiem \u2013 <b>ogarn\u0119li<br \/>\nsi\u0119, okre\u015blili swoje miejsce przy Jezusie<\/b><br \/>\ni miejsce Jezusa w swoim \u017cyciu. Doszli do wniosku, \u017ce ma to by\u0107<br \/>\nmiejsce pierwsze \u2013 i temu wyborowi <b>pozostali<br \/>\nju\u017c wierni.<\/b><\/div>\n<div align=\"justify\" style=\"background: transparent; font-weight: normal; line-height: 150%; margin-bottom: 0cm; text-indent: 1.3cm;\">\nTrzeba<br \/>\njednak by\u0142o tych spotka\u0144 \u2013 je\u015bli je mo\u017cna tak nazwa\u0107: <b>spotka\u0144<br \/>\npaschalnych<\/b><br \/>\n\u2013 w czasie kt\u00f3rych Jezus przekonywa\u0142 wszystkich po kolei, \u017ce<br \/>\nnaprawd\u0119 \u017cyje i naprawd\u0119, <b>realnie,<br \/>\ntu i teraz, jest z nimi.<\/b><br \/>\nTak, bardzo realnie jest nimi \u2013 tak realnie, \u017ce a\u017c <b>mo\u017cna<br \/>\nGo dotkn\u0105\u0107<\/b><br \/>\ni poczu\u0107, \u017ce to nie zjawa jaka\u015b; tak realnie, \u017ce a\u017c <b>r\u0119ce<br \/>\nmo\u017cna w\u0142o\u017cy\u0107 w rany\u2026<\/b><br \/>\nTak realnie dzisiaj obecno\u015bci Jezusa do\u015bwiadczy\u0142 Tomasz, a my<br \/>\nwszyscy, chocia\u017c troch\u0119 krytycznie wypowiadamy si\u0119 o nim i<br \/>\nnazywamy go niedowiarkiem, albo niewiernym Tomaszem, to chyba jednak<br \/>\n<b>w<br \/>\ng\u0142\u0119bi serca jeste\u015bmy mu wdzi\u0119czni<\/b><br \/>\nza t\u0119 jego dociekliwo\u015b\u0107, bo dzi\u0119ki niej i my bardziej<br \/>\n<b>przekonujemy<br \/>\nsi\u0119, \u017ce Jezus \u017cyje.<\/b><br \/>\nNaprawd\u0119 \u017cyje! My te\u017c jakby dotykamy owych ran razem z Tomaszem,<br \/>\nby razem z nim powt\u00f3rzy\u0107: <i><b>Pan<br \/>\nm\u00f3j i B\u00f3g m\u00f3j!<\/b><\/i><\/div>\n<div align=\"justify\" style=\"background: transparent; font-weight: normal; line-height: 150%; margin-bottom: 0cm; text-indent: 1.3cm;\">\nTak,<br \/>\nAposto\u0142owie po do\u015bwiadczeniu spotkania ze swym Zmartwychwsta\u0142ym<br \/>\nMistrzem, <b>pozostali<br \/>\nMu ju\u017c wierni do ko\u0144ca swego \u017cycia. <\/b>Znakiem<br \/>\ntej wierno\u015bci i trwania przy Panu by\u0142o to, \u017ce kiedy odszed\u0142 On<br \/>\nju\u017c w swej postaci widzialnej do Nieba, a oni pozostali na ziemi,<br \/>\naby tu kontynuowa\u0107 i rozwija\u0107 Jego dzie\u0142o, w\u00f3wczas \u2013 jak nas<br \/>\ndzi\u015b informuje Autor Dziej\u00f3w Apostolskich \u2013 <i><b>j<\/b><\/i><i><b>eden<br \/>\nduch i jedno serce o\u017cywia\u0142y wszystkich wierz\u0105cych. \u017baden nie<br \/>\nnazywa\u0142 swoim tego, co posiada\u0142, ale wszystko mieli wsp\u00f3lne.<br \/>\nAposto\u0142owie z wielk\u0105 moc\u0105 \u015bwiadczyli o zmartwychwstaniu Pana<br \/>\nJezusa, a wszyscy mieli wielk\u0105 \u0142ask\u0119. Nikt z nich nie cierpia\u0142<br \/>\nniedostatku, bo w\u0142a\u015bciciele p\u00f3l albo dom\u00f3w sprzedawali je i<br \/>\nprzynosili pieni\u0105dze ze sprzeda\u017cy, i sk\u0142adali je u st\u00f3p<br \/>\naposto\u0142\u00f3w. Ka\u017cdemu te\u017c rozdzielano wed\u0142ug potrzeby.<\/b><\/i><\/p>\n<\/div>\n<div align=\"justify\" style=\"background: transparent; font-weight: normal; line-height: 150%; margin-bottom: 0cm; text-indent: 1.3cm;\">\nA<br \/>\nzatem, wiara w Jezusa, blisko\u015b\u0107 z Nim, mi\u0142o\u015b\u0107 do Niego \u2013<br \/>\npotwierdzona<br \/>\nkonkretem!<br \/>\nMi\u0142o\u015b\u0107 do Jezusa potwierdzona<br \/>\n<b>konkretem<br \/>\nmi\u0142o\u015bci wzajemnej<\/b><br \/>\npomi\u0119dzy Jego uczniami; potwierdzona konkretem <b>mi\u0142o\u015bci<br \/>\ndo drugiego cz\u0142owieka!<\/b><br \/>\nA<br \/>\ndo tego,<br \/>\nten wspania\u0142y i chyba niepowtarzalny duch wsp\u00f3lnoty, kt\u00f3ry<br \/>\njednoczy\u0142 tamt\u0105 Wsp\u00f3lnot\u0119 m\u0142odego Ko\u015bcio\u0142a \u2013 chyba nie do<br \/>\nodtworzenia ju\u017c nigdy potem.\n<\/div>\n<div align=\"justify\" style=\"background: transparent; font-weight: normal; line-height: 150%; margin-bottom: 0cm; text-indent: 1.3cm;\">\nChocia\u017c<br \/>\nbowiem chrze\u015bcijanie zawsze powinni tworzy\u0107 \u2013 i cz\u0119sto<br \/>\nrzeczywi\u015bcie tworzyli i nadal tworz\u0105 \u2013 <b>wsp\u00f3lnot\u0119<br \/>\nmi\u0142o\u015bci, <\/b>to<br \/>\njednak <b>tamta,<br \/>\npierwsza Wsp\u00f3lnota, <\/b>by\u0142a<br \/>\nze wszech miar niepowtarzalna! Bo oni wszyscy jeszcze \u017cyli<br \/>\nblisko\u015bci\u0105 Pana, kt\u00f3ry na ich oczach chodzi\u0142 po tym \u015bwiecie,<br \/>\nnaucza\u0142, uzdrawia\u0142 i wskrzesza\u0142, a w okre\u015blonym momencie historii<br \/>\nodda\u0142 swoje \u017cycie w zbawczej Ofierze Ojcu <b>i<br \/>\nzmartwychwsta\u0142. <\/b>Oni<br \/>\nto wszystko namacalnie prze\u017cyli. Oni wszyscy \u2013 r\u0119k\u0105 Tomasza \u2013<br \/>\n<b>dotkn\u0119li<br \/>\nJezusowych ran.<\/b><br \/>\nI dlatego ponie\u015bli potem w \u015bwiat to niezwyk\u0142e przes\u0142anie mi\u0142o\u015bci.<\/p>\n<\/div>\n<div align=\"justify\" style=\"background: transparent; font-weight: normal; line-height: 150%; margin-bottom: 0cm; text-indent: 1.3cm;\">\nSwoj\u0105<br \/>\npostaw\u0105 potwierdzili prawdziwo\u015b\u0107 s\u0142\u00f3w Aposto\u0142a Jana, zawartych<br \/>\nw drugim dzisiejszym czytaniu, i\u017c <i><b>k<\/b><\/i><i><b>a\u017cdy,<br \/>\nkto wierzy, \u017ce Jezus jest Mesjaszem, z Boga si\u0119 narodzi\u0142 i ka\u017cdy<br \/>\nmi\u0142uj\u0105cy Tego, kt\u00f3ry da\u0142 \u017cycie, mi\u0142uje r\u00f3wnie\u017c tego, kt\u00f3ry<br \/>\n\u017cycie od Niego otrzyma\u0142. Po tym poznajemy, \u017ce mi\u0142ujemy dzieci<br \/>\nBo\u017ce, gdy mi\u0142ujemy Boga i wype\u0142niamy Jego przykazania, albowiem<br \/>\nmi\u0142o\u015b\u0107 wzgl\u0119dem Boga polega na spe\u0142nianiu Jego przykaza\u0144, a<br \/>\nprzykazania Jego nie s\u0105 ci\u0119\u017ckie.<\/b><\/i><\/div>\n<div align=\"justify\" style=\"background: transparent; font-weight: normal; line-height: 150%; margin-bottom: 0cm; text-indent: 1.3cm;\">\nOczywi\u015bcie,<br \/>\n\u017ce przykazania Bo\u017ce nie s\u0105 tak naprawd\u0119 ci\u0119\u017ckie dla tego, kto<br \/>\nchce je ze szczerego serca wype\u0142nia\u0107. Zreszt\u0105, taki kto\u015b mo\u017ce<br \/>\nr\u00f3wnie\u017c liczy\u0107 na pomoc z Nieba! Oto bowiem \u2013 jak dalej poucza<br \/>\nAposto\u0142 \u2013 <i><b>wszystko<\/b><\/i><b><br \/>\n[\u2026], <\/b><i><b>co<br \/>\nz Boga zrodzone, zwyci\u0119\u017ca \u015bwiat, tym w\u0142a\u015bnie zwyci\u0119stwem, kt\u00f3re<br \/>\nzwyci\u0119\u017cy\u0142o \u015bwiat, jest nasza wiara.<\/b><\/i><br \/>\nA bohaterowie pierwszego czytania zdaj\u0105 si\u0119 dopowiada\u0107, \u017ce \u2013<br \/>\nowszem \u2013 <b>wiara,<br \/>\nale wyra\u017cona w konkrecie:<\/b><br \/>\nw konkrecie postawy, w konkrecie mi\u0142o\u015bci bli\u017aniego.<\/div>\n<div align=\"justify\" style=\"background: transparent; font-weight: normal; line-height: 150%; margin-bottom: 0cm; text-indent: 1.3cm;\">\nMy<br \/>\ndzisiaj, w Drug\u0105 Niedziel\u0119 Wielkanocy, t\u0119 mi\u0142o\u015b\u0107, pochylaj\u0105c\u0105<br \/>\nsi\u0119 nad cz\u0142owiekiem i nios\u0105c\u0105 mu wszelkie dobro, <b>nazywamy<br \/>\nmi\u0142osierdziem. <\/b>Wszak<br \/>\nwol\u0105 samego Pana by\u0142o, aby ta w\u0142a\u015bnie niedziela by\u0142a \u015awi\u0119tem<br \/>\nJego mi\u0142osierdzia. I tak jest \u2013 co zawdzi\u0119czamy szczeg\u00f3lnemu<br \/>\n<b>pos\u0142annictwu<br \/>\nSiostry Faustyny Kowalskiej i Papie\u017ca Jana Paw\u0142a II. <\/b>\n<\/div>\n<div align=\"justify\" style=\"background: transparent; font-weight: normal; line-height: 150%; margin-bottom: 0cm; text-indent: 1.3cm;\">\nRozwa\u017camy<br \/>\ndzi\u015b g\u0142\u0119boko w sercu ow\u0105<br \/>\nniezwyk\u0142\u0105 tajemnic\u0119, wczytuj\u0105c si\u0119 w teksty dzisiejszej liturgii<br \/>\nS\u0142owa i odkrywamy, \u017ce prawdziwe mi\u0142osierdzie to nic innego, jak to<br \/>\nw\u0142a\u015bnie, co <b>nawzajem<br \/>\nokazywali sobie Aposto\u0142owie i uczniowie,<\/b><br \/>\ntworz\u0105cy tamt\u0105<br \/>\njedyn\u0105 w swoim rodzaju i niepowtarzaln\u0105 wsp\u00f3lnot\u0119. Trzeba<br \/>\ntylko razem z Tomaszem <b>dotkn\u0105\u0107<br \/>\nJezusowych ran<\/b><br \/>\n\u2013 nie wstydz\u0105c si\u0119 tego wcale, ale czyni\u0105c to z wielk\u0105 wiar\u0105 i<br \/>\nprzeogromn\u0105 mi\u0142o\u015bci\u0105 \u2013 aby potem tym do\u015bwiadczeniem mi\u0142o\u015bci,<br \/>\nokazanej nam przez Jezusa, dzieli\u0107 si\u0119 z lud\u017ami. W konkrecie<br \/>\ncodzienno\u015bci. <b>I<br \/>\nto jest w\u0142a\u015bnie mi\u0142osierdzie. <\/b>\n<\/div>\n<div align=\"justify\" style=\"background: transparent; font-weight: normal; line-height: 150%; margin-bottom: 0cm; text-indent: 1.3cm;\">\nNiech<br \/>\nzatem dzisiejszy nasz udzia\u0142 we Mszy \u015awi\u0119tej, <b>przyj\u0119cie<br \/>\nKomunii \u015awi\u0119tej,<\/b><br \/>\nnasze zas\u0142uchanie w Bo\u017ce s\u0142owo, odm\u00f3wienie Koronki do Bo\u017cego<br \/>\nmi\u0142osierdzia, kontemplacja<br \/>\nobrazu<br \/>\nJezusa Mi\u0142osiernego, prze\u017cycie w skupieniu Godziny mi\u0142osierdzia \u2013<br \/>\nniech to wszystko razem b\u0119dzie takim naszych <b>duchowym<br \/>\ndotkni\u0119ciem ran Jezusowych,<\/b><br \/>\naby\u015bmy tym ubogaceni, mogli powt\u00f3rzy\u0107: <i><b>Pan<br \/>\nm\u00f3j i B\u00f3g m\u00f3j!<\/b><\/i><\/p>\n<\/div>\n<div align=\"justify\" style=\"background: transparent; font-weight: normal; line-height: 150%; margin-bottom: 0cm; text-indent: 1.3cm;\">\nI<br \/>\nju\u017c od powrotu z ko\u015bcio\u0142a do domu, a tak\u017ce jutro, w szkole i w<br \/>\npracy, a nade wszystko w naszej rodzinnej codzienno\u015bci \u2013 <b>\u017cyli<br \/>\nmi\u0142osierdziem! Bo\u017cym mi\u0142osierdziem! I tym ludzkim<\/b><br \/>\n\u2013 kt\u00f3re w Bo\u017cym ma swoje \u017ar\u00f3d\u0142o\u2026<\/div>\n","protected":false},"excerpt":{"rendered":"<p>Niech b\u0119dzie pochwalony Jezus Chrystus! Moi Drodzy, prze\u017cyjmy z rado\u015bci\u0105 i bardzo pobo\u017cnie dzisiejsze \u015awi\u0119to Bo\u017cego mi\u0142osierdzia.&nbsp; &nbsp; &nbsp; &nbsp;Niech Was b\u0142ogos\u0142awi B\u00f3g Wszechmog\u0105cy: Ojciec + i Syn, i Duch \u015awi\u0119ty. Amen Gaudium et spes! Ks. Jacek 2 Niedziela Wielkanocna, B, do czyta\u0144: Dz 4,32\u201335; 1 J 5,1\u20136; J 20,19\u201331 CZYTANIE Z DZIEJ\u00d3W APOSTOLSKICH: Jeden [&hellip;]<\/p>\n","protected":false},"author":1,"featured_media":0,"comment_status":"open","ping_status":"open","sticky":false,"template":"","format":"standard","meta":{"jetpack_post_was_ever_published":false,"_jetpack_newsletter_access":"","_jetpack_dont_email_post_to_subs":false,"_jetpack_newsletter_tier_id":0,"_jetpack_memberships_contains_paywalled_content":false,"_jetpack_memberships_contains_paid_content":false,"footnotes":""},"categories":[1],"tags":[],"class_list":["post-7331","post","type-post","status-publish","format-standard","hentry","category-bez-kategorii"],"yoast_head":"<!-- This site is optimized with the Yoast SEO plugin v25.1 - https:\/\/yoast.com\/wordpress\/plugins\/seo\/ -->\n<title>Jeden duch i jedno serce! - Gaudium Et Spes<\/title>\n<meta name=\"robots\" content=\"index, follow, max-snippet:-1, max-image-preview:large, max-video-preview:-1\" \/>\n<link rel=\"canonical\" href=\"https:\/\/gaudiumetspes-blog.pl\/index.php\/2018\/04\/08\/jeden-duch-i-jedno-serce\/\" \/>\n<meta property=\"og:locale\" content=\"pl_PL\" \/>\n<meta property=\"og:type\" content=\"article\" \/>\n<meta property=\"og:title\" content=\"Jeden duch i jedno serce! - Gaudium Et Spes\" \/>\n<meta property=\"og:description\" content=\"Niech b\u0119dzie pochwalony Jezus Chrystus! Moi Drodzy, prze\u017cyjmy z rado\u015bci\u0105 i bardzo pobo\u017cnie dzisiejsze \u015awi\u0119to Bo\u017cego mi\u0142osierdzia.&nbsp; &nbsp; &nbsp; &nbsp;Niech Was b\u0142ogos\u0142awi B\u00f3g Wszechmog\u0105cy: Ojciec + i Syn, i Duch \u015awi\u0119ty. Amen Gaudium et spes! Ks. Jacek 2 Niedziela Wielkanocna, B, do czyta\u0144: Dz 4,32\u201335; 1 J 5,1\u20136; J 20,19\u201331 CZYTANIE Z DZIEJ\u00d3W APOSTOLSKICH: Jeden [&hellip;]\" \/>\n<meta property=\"og:url\" content=\"https:\/\/gaudiumetspes-blog.pl\/index.php\/2018\/04\/08\/jeden-duch-i-jedno-serce\/\" \/>\n<meta property=\"og:site_name\" content=\"Gaudium Et Spes\" \/>\n<meta property=\"article:published_time\" content=\"2018-04-08T03:28:00+00:00\" \/>\n<meta property=\"article:modified_time\" content=\"2019-07-31T10:57:26+00:00\" \/>\n<meta name=\"author\" content=\"Ks. Jacek\" \/>\n<meta name=\"twitter:card\" content=\"summary_large_image\" \/>\n<meta name=\"twitter:label1\" content=\"Napisane przez\" \/>\n\t<meta name=\"twitter:data1\" content=\"Ks. Jacek\" \/>\n\t<meta name=\"twitter:label2\" content=\"Szacowany czas czytania\" \/>\n\t<meta name=\"twitter:data2\" content=\"9 minut\" \/>\n<script type=\"application\/ld+json\" class=\"yoast-schema-graph\">{\"@context\":\"https:\/\/schema.org\",\"@graph\":[{\"@type\":\"WebPage\",\"@id\":\"https:\/\/gaudiumetspes-blog.pl\/index.php\/2018\/04\/08\/jeden-duch-i-jedno-serce\/\",\"url\":\"https:\/\/gaudiumetspes-blog.pl\/index.php\/2018\/04\/08\/jeden-duch-i-jedno-serce\/\",\"name\":\"Jeden duch i jedno serce! - Gaudium Et Spes\",\"isPartOf\":{\"@id\":\"https:\/\/gaudiumetspes-blog.pl\/#website\"},\"datePublished\":\"2018-04-08T03:28:00+00:00\",\"dateModified\":\"2019-07-31T10:57:26+00:00\",\"author\":{\"@id\":\"https:\/\/gaudiumetspes-blog.pl\/#\/schema\/person\/1661982992b752dea8dff0d4ed845a65\"},\"breadcrumb\":{\"@id\":\"https:\/\/gaudiumetspes-blog.pl\/index.php\/2018\/04\/08\/jeden-duch-i-jedno-serce\/#breadcrumb\"},\"inLanguage\":\"pl-PL\",\"potentialAction\":[{\"@type\":\"ReadAction\",\"target\":[\"https:\/\/gaudiumetspes-blog.pl\/index.php\/2018\/04\/08\/jeden-duch-i-jedno-serce\/\"]}]},{\"@type\":\"BreadcrumbList\",\"@id\":\"https:\/\/gaudiumetspes-blog.pl\/index.php\/2018\/04\/08\/jeden-duch-i-jedno-serce\/#breadcrumb\",\"itemListElement\":[{\"@type\":\"ListItem\",\"position\":1,\"name\":\"Strona g\u0142\u00f3wna\",\"item\":\"https:\/\/gaudiumetspes-blog.pl\/\"},{\"@type\":\"ListItem\",\"position\":2,\"name\":\"Jeden duch i&nbsp;jedno serce!\"}]},{\"@type\":\"WebSite\",\"@id\":\"https:\/\/gaudiumetspes-blog.pl\/#website\",\"url\":\"https:\/\/gaudiumetspes-blog.pl\/\",\"name\":\"Gaudium Et Spes\",\"description\":\"Blog Ks. Jacka Ja\u015bkowskiego\",\"potentialAction\":[{\"@type\":\"SearchAction\",\"target\":{\"@type\":\"EntryPoint\",\"urlTemplate\":\"https:\/\/gaudiumetspes-blog.pl\/?s={search_term_string}\"},\"query-input\":{\"@type\":\"PropertyValueSpecification\",\"valueRequired\":true,\"valueName\":\"search_term_string\"}}],\"inLanguage\":\"pl-PL\"},{\"@type\":\"Person\",\"@id\":\"https:\/\/gaudiumetspes-blog.pl\/#\/schema\/person\/1661982992b752dea8dff0d4ed845a65\",\"name\":\"Ks. Jacek\",\"image\":{\"@type\":\"ImageObject\",\"inLanguage\":\"pl-PL\",\"@id\":\"https:\/\/gaudiumetspes-blog.pl\/#\/schema\/person\/image\/\",\"url\":\"https:\/\/gaudiumetspes-blog.pl\/wp-content\/uploads\/2019\/07\/avatar-JJ-150x150.jpg\",\"contentUrl\":\"https:\/\/gaudiumetspes-blog.pl\/wp-content\/uploads\/2019\/07\/avatar-JJ-150x150.jpg\",\"caption\":\"Ks. Jacek\"},\"description\":\"Witam serdecznie! K\u0142ania si\u0119 Ks. Jacek Ja\u015bkowski. Nie jestem ani kim\u015b wa\u017cnym, ani kim\u015b znanym. Jestem ksi\u0119dzem, kt\u00f3ry po prostu chce rozmawia\u0107. Codzienna kap\u0142a\u0144ska pos\u0142uga pokazuje mi, \u017ce temat\u00f3w do rozm\u00f3w z ksi\u0119dzem jest coraz wi\u0119cej i dzisiaj \u017caden ksi\u0105dz nie mo\u017ce od nich ucieka\u0107, ale - wprost przeciwnie - podejmowa\u0107 nowe wyzwania. To przekonanie sk\u0142oni\u0142o mnie do pr\u00f3by otwarcia tego\u017c bloga, chocia\u017c okazji do rozm\u00f3w na co dzie\u0144 - w konfesjonale i poza nim - na szcz\u0119\u015bcie nie brakuje. My\u015bl\u0119 jednak, \u017ce ten blog b\u0119dzie jeszcze jednym sposobem i przestrzeni\u0105 nawi\u0105zania kontaktu z lud\u017ami dobrej woli, otwartymi na dialog.\",\"url\":\"https:\/\/gaudiumetspes-blog.pl\/index.php\/author\/ks-jacek\/\"}]}<\/script>\n<!-- \/ Yoast SEO plugin. -->","yoast_head_json":{"title":"Jeden duch i jedno serce! - Gaudium Et Spes","robots":{"index":"index","follow":"follow","max-snippet":"max-snippet:-1","max-image-preview":"max-image-preview:large","max-video-preview":"max-video-preview:-1"},"canonical":"https:\/\/gaudiumetspes-blog.pl\/index.php\/2018\/04\/08\/jeden-duch-i-jedno-serce\/","og_locale":"pl_PL","og_type":"article","og_title":"Jeden duch i jedno serce! - Gaudium Et Spes","og_description":"Niech b\u0119dzie pochwalony Jezus Chrystus! Moi Drodzy, prze\u017cyjmy z rado\u015bci\u0105 i bardzo pobo\u017cnie dzisiejsze \u015awi\u0119to Bo\u017cego mi\u0142osierdzia.&nbsp; &nbsp; &nbsp; &nbsp;Niech Was b\u0142ogos\u0142awi B\u00f3g Wszechmog\u0105cy: Ojciec + i Syn, i Duch \u015awi\u0119ty. Amen Gaudium et spes! Ks. Jacek 2 Niedziela Wielkanocna, B, do czyta\u0144: Dz 4,32\u201335; 1 J 5,1\u20136; J 20,19\u201331 CZYTANIE Z DZIEJ\u00d3W APOSTOLSKICH: Jeden [&hellip;]","og_url":"https:\/\/gaudiumetspes-blog.pl\/index.php\/2018\/04\/08\/jeden-duch-i-jedno-serce\/","og_site_name":"Gaudium Et Spes","article_published_time":"2018-04-08T03:28:00+00:00","article_modified_time":"2019-07-31T10:57:26+00:00","author":"Ks. Jacek","twitter_card":"summary_large_image","twitter_misc":{"Napisane przez":"Ks. Jacek","Szacowany czas czytania":"9 minut"},"schema":{"@context":"https:\/\/schema.org","@graph":[{"@type":"WebPage","@id":"https:\/\/gaudiumetspes-blog.pl\/index.php\/2018\/04\/08\/jeden-duch-i-jedno-serce\/","url":"https:\/\/gaudiumetspes-blog.pl\/index.php\/2018\/04\/08\/jeden-duch-i-jedno-serce\/","name":"Jeden duch i jedno serce! - Gaudium Et Spes","isPartOf":{"@id":"https:\/\/gaudiumetspes-blog.pl\/#website"},"datePublished":"2018-04-08T03:28:00+00:00","dateModified":"2019-07-31T10:57:26+00:00","author":{"@id":"https:\/\/gaudiumetspes-blog.pl\/#\/schema\/person\/1661982992b752dea8dff0d4ed845a65"},"breadcrumb":{"@id":"https:\/\/gaudiumetspes-blog.pl\/index.php\/2018\/04\/08\/jeden-duch-i-jedno-serce\/#breadcrumb"},"inLanguage":"pl-PL","potentialAction":[{"@type":"ReadAction","target":["https:\/\/gaudiumetspes-blog.pl\/index.php\/2018\/04\/08\/jeden-duch-i-jedno-serce\/"]}]},{"@type":"BreadcrumbList","@id":"https:\/\/gaudiumetspes-blog.pl\/index.php\/2018\/04\/08\/jeden-duch-i-jedno-serce\/#breadcrumb","itemListElement":[{"@type":"ListItem","position":1,"name":"Strona g\u0142\u00f3wna","item":"https:\/\/gaudiumetspes-blog.pl\/"},{"@type":"ListItem","position":2,"name":"Jeden duch i&nbsp;jedno serce!"}]},{"@type":"WebSite","@id":"https:\/\/gaudiumetspes-blog.pl\/#website","url":"https:\/\/gaudiumetspes-blog.pl\/","name":"Gaudium Et Spes","description":"Blog Ks. Jacka Ja\u015bkowskiego","potentialAction":[{"@type":"SearchAction","target":{"@type":"EntryPoint","urlTemplate":"https:\/\/gaudiumetspes-blog.pl\/?s={search_term_string}"},"query-input":{"@type":"PropertyValueSpecification","valueRequired":true,"valueName":"search_term_string"}}],"inLanguage":"pl-PL"},{"@type":"Person","@id":"https:\/\/gaudiumetspes-blog.pl\/#\/schema\/person\/1661982992b752dea8dff0d4ed845a65","name":"Ks. Jacek","image":{"@type":"ImageObject","inLanguage":"pl-PL","@id":"https:\/\/gaudiumetspes-blog.pl\/#\/schema\/person\/image\/","url":"https:\/\/gaudiumetspes-blog.pl\/wp-content\/uploads\/2019\/07\/avatar-JJ-150x150.jpg","contentUrl":"https:\/\/gaudiumetspes-blog.pl\/wp-content\/uploads\/2019\/07\/avatar-JJ-150x150.jpg","caption":"Ks. Jacek"},"description":"Witam serdecznie! K\u0142ania si\u0119 Ks. Jacek Ja\u015bkowski. Nie jestem ani kim\u015b wa\u017cnym, ani kim\u015b znanym. Jestem ksi\u0119dzem, kt\u00f3ry po prostu chce rozmawia\u0107. Codzienna kap\u0142a\u0144ska pos\u0142uga pokazuje mi, \u017ce temat\u00f3w do rozm\u00f3w z ksi\u0119dzem jest coraz wi\u0119cej i dzisiaj \u017caden ksi\u0105dz nie mo\u017ce od nich ucieka\u0107, ale - wprost przeciwnie - podejmowa\u0107 nowe wyzwania. To przekonanie sk\u0142oni\u0142o mnie do pr\u00f3by otwarcia tego\u017c bloga, chocia\u017c okazji do rozm\u00f3w na co dzie\u0144 - w konfesjonale i poza nim - na szcz\u0119\u015bcie nie brakuje. My\u015bl\u0119 jednak, \u017ce ten blog b\u0119dzie jeszcze jednym sposobem i przestrzeni\u0105 nawi\u0105zania kontaktu z lud\u017ami dobrej woli, otwartymi na dialog.","url":"https:\/\/gaudiumetspes-blog.pl\/index.php\/author\/ks-jacek\/"}]}},"jetpack_featured_media_url":"","jetpack_sharing_enabled":true,"_links":{"self":[{"href":"https:\/\/gaudiumetspes-blog.pl\/index.php\/wp-json\/wp\/v2\/posts\/7331","targetHints":{"allow":["GET"]}}],"collection":[{"href":"https:\/\/gaudiumetspes-blog.pl\/index.php\/wp-json\/wp\/v2\/posts"}],"about":[{"href":"https:\/\/gaudiumetspes-blog.pl\/index.php\/wp-json\/wp\/v2\/types\/post"}],"author":[{"embeddable":true,"href":"https:\/\/gaudiumetspes-blog.pl\/index.php\/wp-json\/wp\/v2\/users\/1"}],"replies":[{"embeddable":true,"href":"https:\/\/gaudiumetspes-blog.pl\/index.php\/wp-json\/wp\/v2\/comments?post=7331"}],"version-history":[{"count":1,"href":"https:\/\/gaudiumetspes-blog.pl\/index.php\/wp-json\/wp\/v2\/posts\/7331\/revisions"}],"predecessor-version":[{"id":13989,"href":"https:\/\/gaudiumetspes-blog.pl\/index.php\/wp-json\/wp\/v2\/posts\/7331\/revisions\/13989"}],"wp:attachment":[{"href":"https:\/\/gaudiumetspes-blog.pl\/index.php\/wp-json\/wp\/v2\/media?parent=7331"}],"wp:term":[{"taxonomy":"category","embeddable":true,"href":"https:\/\/gaudiumetspes-blog.pl\/index.php\/wp-json\/wp\/v2\/categories?post=7331"},{"taxonomy":"post_tag","embeddable":true,"href":"https:\/\/gaudiumetspes-blog.pl\/index.php\/wp-json\/wp\/v2\/tags?post=7331"}],"curies":[{"name":"wp","href":"https:\/\/api.w.org\/{rel}","templated":true}]}}