{"id":7394,"date":"2018-02-05T07:27:00","date_gmt":"2018-02-05T06:27:00","guid":{"rendered":"https:\/\/gaudiumetspes-blog.pl\/index.php\/2018\/02\/05\/juz-zbudowaem-ci-do\/"},"modified":"2019-07-31T12:57:19","modified_gmt":"2019-07-31T10:57:19","slug":"juz-zbudowaem-ci-do","status":"publish","type":"post","link":"https:\/\/gaudiumetspes-blog.pl\/index.php\/2018\/02\/05\/juz-zbudowaem-ci-do\/","title":{"rendered":"Ju\u017c zbudowa\u0142em Ci dom&#8230;"},"content":{"rendered":"<div align=\"justify\" style=\"line-height: 150%; margin-bottom: 0cm;\">\nSzcz\u0119\u015b\u0107<br \/>\nBo\u017ce! Moi Drodzy, w dniu dzisiejszym <b>imieniny prze\u017cywa Agata<br \/>\nWitek, nale\u017c\u0105ca w swoim czasie do jednej z m\u0142odzie\u017cowych<br \/>\nWsp\u00f3lnot, oraz Agata Bogusz, moja Uczennica z Liceum w \u017belechowie,<br \/>\nzaanga\u017cowana w \u00f3wczesn\u0105 dzia\u0142alno\u015b\u0107 m\u0142odzie\u017cow\u0105 w tej\u017ce<br \/>\nParafii. \u017bycz\u0119 Solenizantkom, by by\u0142y dobre i jednocze\u015bnie<br \/>\nodwa\u017cne \u2013 tak, jak Ich Patronka. Zapewniam o modlitwie!<\/b><\/div>\n<div align=\"justify\" style=\"background-attachment: initial; background-clip: initial; background-image: initial; background-origin: initial; background-position: initial; background-repeat: initial; background-size: initial; break-before: auto; line-height: 150%; margin-bottom: 0cm; text-indent: 1.3cm;\">\nI<br \/>\n\u017cycz\u0119 Wszystkim b\u0142ogos\u0142awionego dnia!<\/div>\n<div align=\"center\" style=\"line-height: 150%; margin-bottom: 0cm;\">\nGaudium<br \/>\net spes!  Ks. Jacek<\/div>\n<div align=\"justify\" style=\"line-height: 150%; margin-bottom: 0cm;\">\n<\/div>\n<div align=\"justify\" style=\"line-height: 150%; margin-bottom: 0cm;\">\n<b>Poniedzia\u0142ek<br \/>\n5 Tygodnia zwyk\u0142ego, rok II,<\/b><br \/>\n<b>Wspomnienie \u015aw. Agaty, Dziewicy i M\u0119czennicy,<\/b><\/div>\n<div align=\"justify\" style=\"line-height: 150%; margin-bottom: 0cm;\">\n<b>do<br \/>\nczyta\u0144:  1 Krl 8,1\u20137.9\u201313;  Mk 6,53\u201356<\/b><\/div>\n<div align=\"justify\" style=\"line-height: 150%; margin-bottom: 0cm;\">\n<\/div>\n<div align=\"justify\" style=\"break-before: auto; font-variant-east-asian: normal; font-variant-numeric: normal; line-height: 150%; margin-bottom: 0cm;\">\n<b>CZYTANIE<br \/>\nZ PIERWSZEJ KSI\u0118GI KR\u00d3LEWSKIEJ: <\/b>\n<\/div>\n<div align=\"justify\" style=\"background-attachment: initial; background-clip: initial; background-image: initial; background-origin: initial; background-position: initial; background-repeat: initial; background-size: initial; break-before: auto; font-variant-east-asian: normal; font-variant-numeric: normal; line-height: 150%; margin-bottom: 0cm; text-indent: 1.3cm;\">\n<b>Salomon<br \/>\nzwo\u0142a\u0142 starszyzn\u0119 Izraela, wszystkich naczelnik\u00f3w pokole\u0144,<br \/>\nprzyw\u00f3dc\u00f3w rod\u00f3w Izraelit\u00f3w, aby zgromadzili si\u0119 przy kr\u00f3lu<br \/>\nSalomonie w Jerozolimie na przeniesienie Arki Przymierza Pana z<br \/>\nMiasta Dawidowego, czyli z Syjonu. Zebrali si\u0119 wi\u0119c u kr\u00f3la<br \/>\nSalomona wszyscy Izraelici w miesi\u0105cu Etanim, na \u015awi\u0119to Namiot\u00f3w<br \/>\nprzypadaj\u0105ce w si\u00f3dmym miesi\u0105cu. Kiedy przysz\u0142a ca\u0142a starszyzna<br \/>\nIzraela, kap\u0142ani wzi\u0119li Ark\u0119 i przenie\u015bli Ark\u0119 Pana, Namiot<br \/>\nSpotkania i wszystkie \u015bwi\u0119te sprz\u0119ty, jakie by\u0142y w namiocie.<br \/>\nPrzenie\u015bli je kap\u0142ani oraz lewici. <\/b>\n<\/div>\n<div align=\"justify\" style=\"background-attachment: initial; background-clip: initial; background-image: initial; background-origin: initial; background-position: initial; background-repeat: initial; background-size: initial; font-variant-east-asian: normal; font-variant-numeric: normal; line-height: 150%; margin-bottom: 0cm; text-indent: 1.3cm;\">\n<b>A<br \/>\nkr\u00f3l Salomon i ca\u0142a spo\u0142eczno\u015b\u0107 Izraela zgromadzona przy nim<br \/>\nprzed Ark\u0105 sk\u0142adali wraz z nim na ofiar\u0119 owce i wo\u0142y, kt\u00f3rych<br \/>\nnie rachowano i nie obliczono z powodu wielkiej liczby. Nast\u0119pnie<br \/>\nkap\u0142ani wprowadzili Ark\u0119 Przymierza Pana na jej miejsce do<br \/>\nsanktuarium \u015bwi\u0105tyni, do Miejsca Naj\u015bwi\u0119tszego, pod skrzyd\u0142a<br \/>\ncherub\u00f3w, gdy\u017c cheruby mia\u0142y tak rozpostarte skrzyd\u0142a nad<br \/>\nmiejscem Arki, \u017ce okrywa\u0142y Ark\u0119 i jej dr\u0105\u017cki z wierzchu. W Arce<br \/>\nnie by\u0142o nic, opr\u00f3cz dw\u00f3ch kamiennych tablic, kt\u00f3re Moj\u017cesz tam<br \/>\nz\u0142o\u017cy\u0142 pod Horebem, gdy Pan zawar\u0142 przymierze z Izraelitami w<br \/>\nczasie ich wyj\u015bcia z ziemi egipskiej. <\/b>\n<\/div>\n<div align=\"justify\" style=\"background-attachment: initial; background-clip: initial; background-image: initial; background-origin: initial; background-position: initial; background-repeat: initial; background-size: initial; font-variant-east-asian: normal; font-variant-numeric: normal; line-height: 150%; margin-bottom: 0cm; text-indent: 1.3cm;\">\n<b>A<br \/>\nkiedy kap\u0142ani wyszli z Miejsca \u015awi\u0119tego, ob\u0142ok wype\u0142ni\u0142 dom<br \/>\nPana. Kap\u0142ani nie mogli pozosta\u0107 i pe\u0142ni\u0107 swej s\u0142u\u017cby z powodu<br \/>\ntego ob\u0142oku, bo chwa\u0142a Pana nape\u0142ni\u0142a dom Pa\u0144ski. <\/b>\n<\/div>\n<div align=\"justify\" style=\"background-attachment: initial; background-clip: initial; background-image: initial; background-origin: initial; background-position: initial; background-repeat: initial; background-size: initial; font-variant-east-asian: normal; font-variant-numeric: normal; line-height: 150%; margin-bottom: 0cm; text-indent: 1.3cm;\">\n<b>Wtedy<br \/>\nprzem\u00f3wi\u0142 Salomon: <\/b>\n<\/div>\n<div align=\"justify\" style=\"background-attachment: initial; background-clip: initial; background-image: initial; background-origin: initial; background-position: initial; background-repeat: initial; background-size: initial; font-variant-east-asian: normal; font-variant-numeric: normal; line-height: 150%; margin-bottom: 0cm; text-indent: 1.3cm;\">\n<b style=\"font-family: &quot;Book Antiqua&quot;, serif; font-size: 18.6667px; text-indent: 49.1339px;\">\u201e<\/b><b>Pan<br \/>\npowiedzia\u0142, \u017ce b\u0119dzie mieszka\u0142 w chmurze. Ju\u017c zbudowa\u0142em Ci dom<br \/>\nna mieszkanie, miejsce przebywania Twego na wieki\u201d.<\/b><\/div>\n<div align=\"justify\" style=\"line-height: 150%; margin-bottom: 0cm;\">\n<\/div>\n<div align=\"justify\" style=\"font-variant-east-asian: normal; font-variant-numeric: normal; line-height: 150%; margin-bottom: 0cm;\">\n<b>S\u0141OWA<br \/>\nEWANGELII WED\u0141UG \u015aWI\u0118TEGO MARKA: <\/b>\n<\/div>\n<div align=\"justify\" style=\"background-attachment: initial; background-clip: initial; background-image: initial; background-origin: initial; background-position: initial; background-repeat: initial; background-size: initial; break-before: auto; line-height: 150%; margin-bottom: 0cm; text-indent: 1.3cm;\">\n<b>Gdy<br \/>\nJezus i uczniowie Jego si\u0119 przeprawili, przyp\u0142yn\u0119li do ziemi<br \/>\nGenezaret i przybili do brzegu. <\/b>\n<\/div>\n<div align=\"justify\" style=\"background-attachment: initial; background-clip: initial; background-image: initial; background-origin: initial; background-position: initial; background-repeat: initial; background-size: initial; line-height: 150%; margin-bottom: 0cm; text-indent: 1.3cm;\">\n<b>Skoro<br \/>\nwysiedli z \u0142odzi, zaraz Go poznano. Ludzie biegali po ca\u0142ej owej<br \/>\nokolicy i zacz\u0119li znosi\u0107 na noszach chorych tam, gdzie, jak<br \/>\ns\u0142yszeli, przebywa. I gdziekolwiek wchodzi\u0142 do wsi, do miast czy do<br \/>\nosad, k\u0142adli chorych na otwartych miejscach i prosili Go, \u017ceby cho\u0107<br \/>\nfr\u0119dzli u Jego p\u0142aszcza mogli si\u0119 dotkn\u0105\u0107. A wszyscy, kt\u00f3rzy<br \/>\nsi\u0119 Go dotkn\u0119li, odzyskiwali zdrowie.<\/b><\/div>\n<div align=\"justify\" style=\"line-height: 150%; margin-bottom: 0cm;\">\n<\/div>\n<div align=\"justify\" style=\"break-before: auto; font-variant-east-asian: normal; font-variant-numeric: normal; line-height: 150%; margin-bottom: 0cm; text-indent: 1.3cm;\">\nChocia\u017c<br \/>\nto bardzo dalekie por\u00f3wnanie, to jednak mo\u017cemy dostrzec<br \/>\n<b>podobie\u0144stwo Arki Przymierza,<\/b> wniesionej dzi\u015b do<br \/>\njerozolimskiej \u015bwi\u0105tyni i umieszczonej w naj\u015bwi\u0119tszym miejscu \u2013<br \/>\n<b>do<\/b> <b>tabernakulum<\/b><b>,<\/b> czyli najwa\u017cniejszego miejsca,<br \/>\nserca ka\u017cdej naszej \u015bwi\u0105tyni.\n<\/div>\n<div align=\"justify\" style=\"font-variant-east-asian: normal; font-variant-numeric: normal; line-height: 150%; margin-bottom: 0cm; text-indent: 1.3cm;\">\nJako<br \/>\nrzekli\u015bmy, por\u00f3wnanie to niezbyt doskona\u0142e, a nawet bardzo<br \/>\nniedoskona\u0142e, bo przecie\u017c w Arce Przymierza znajdowa\u0142y si\u0119<br \/>\njedynie <b>dwie kamienne tablice <\/b>z zapisanym na nich Dekalogiem;<br \/>\ntablice b\u0119d\u0105ce \u2013 to prawda \u2013 czytelnym i wyrazistym symbolem<br \/>\nobecno\u015bci Pana w\u015br\u00f3d swego ludu, ale jednak tylko symbolem;<br \/>\nnatomiast tabernakulum <b>to miejsce przebywania \u017cywego Jezusa,<\/b><br \/>\nukrytego pod postaciami eucharystycznymi. Niemniej jednak mo\u017cemy \u2013<br \/>\ni w jednym, i w drugim przypadku \u2013 m\u00f3wi\u0107 o wielkim <b>pragnieniu<br \/>\nBoga, by by\u0107 po\u015br\u00f3d swego ludu.<\/b>\n<\/div>\n<div align=\"justify\" style=\"font-variant-east-asian: normal; font-variant-numeric: normal; line-height: 150%; margin-bottom: 0cm; text-indent: 1.3cm;\">\nJak<br \/>\npami\u0119tamy, ju\u017c sam fakt <b>wystawienia \u015bwi\u0105tyni jerozolimskiej<\/b><br \/>\nby\u0142 owocem tego wielkiego Bo\u017cego pragnienia, wyra\u017conego wprost<br \/>\nprzez Boga do Dawida, dlatego niczym dziwnym nie jest, \u017ce kiedy ju\u017c<br \/>\n\u015bwi\u0105tynia rzeczywi\u015bcie stan\u0119\u0142a w pe\u0142nej krasie, to <b>B\u00f3g<br \/>\nchcia\u0142 swoj\u0105 obecno\u015b\u0107 zaznaczy\u0107<\/b> bardzo mocno i ponad wszelk\u0105<br \/>\nw\u0105tpliwo\u015b\u0107, co si\u0119 te\u017c dokona\u0142o w momencie, kiedy wniesiono tam<br \/>\nArk\u0119 Przymierza.\n<\/div>\n<div align=\"justify\" style=\"font-variant-east-asian: normal; font-variant-numeric: normal; line-height: 150%; margin-bottom: 0cm; text-indent: 1.3cm;\">\nJak<br \/>\nus\u0142yszeli\u015bmy w pierwszym czytaniu, <i><b>kap\u0142ani wprowadzili Ark\u0119<br \/>\nPrzymierza Pana na jej miejsce do sanktuarium \u015bwi\u0105tyni, do Miejsca<br \/>\nNaj\u015bwi\u0119tszego.<\/b><\/i><b> [\u2026] <\/b><i><b>A kiedy kap\u0142ani wyszli z<br \/>\nMiejsca \u015awi\u0119tego, ob\u0142ok wype\u0142ni\u0142 dom Pana. Kap\u0142ani nie mogli<br \/>\npozosta\u0107 i pe\u0142ni\u0107 swej s\u0142u\u017cby z powodu tego ob\u0142oku, bo chwa\u0142a<br \/>\nPana nape\u0142ni\u0142a dom Pa\u0144ski.<\/b><\/i><b> <\/b>Nikt wi\u0119c ju\u017c nie m\u00f3g\u0142<br \/>\nmie\u0107 \u017cadnych w\u0105tpliwo\u015bci, \u017ce Pan naprawd\u0119 <b>uzna\u0142 to miejsce<br \/>\nza swoje<\/b> i \u017ce naprawd\u0119 w ten spos\u00f3b chcia\u0142 by\u0107 po\u015br\u00f3d<br \/>\nswego ludu.\n<\/div>\n<div align=\"justify\" style=\"font-variant-east-asian: normal; font-variant-numeric: normal; line-height: 150%; margin-bottom: 0cm; text-indent: 1.3cm;\">\nJednak,<br \/>\njak dobrze wiemy, nie by\u0142a to jedyna forma Jego obecno\u015bci.<br \/>\nNajbardziej wyra\u017an\u0105 bowiem i czyteln\u0105 by\u0142a ta, o kt\u00f3rej s\u0142yszymy<br \/>\nw dzisiejszej Ewangelii \u2013 i w ca\u0142ej Ewangelii \u2013 a polegaj\u0105ca na<br \/>\ntym, \u017ce <b>Bo\u017cy Syn sta\u0142 si\u0119 Cz\u0142owiekiem<\/b> i jako taki<br \/>\nprzemierza\u0142 ziemi\u0119, nauczaj\u0105c ludzi i uzdrawiaj\u0105c chorych,<br \/>\nwskazuj\u0105c wszystkim drog\u0119 do zbawienia. Ta forma Jego obecno\u015bci<br \/>\nby\u0142a najbardziej \u2013 powiedzieliby\u015bmy \u2013 <b>mo\u017cliwa do<br \/>\ndostrze\u017cenia.<\/b>\n<\/div>\n<div align=\"justify\" style=\"font-variant-east-asian: normal; font-variant-numeric: normal; line-height: 150%; margin-bottom: 0cm; text-indent: 1.3cm;\">\nAle<br \/>\ni my dzisiaj, chocia\u017c nie widzimy Jezusa w takiej postaci, w jakiej<br \/>\nwidzieli Go ludzie Jemu wsp\u00f3\u0142cze\u015bni, to jednak <b>nie jeste\u015bmy<br \/>\npozbawieni daru Jego obecno\u015bci.<\/b> Jako rzekli\u015bmy, jest On obecny<br \/>\nwe wszystkich \u015bwi\u0105tyniach katolickich na \u015bwiecie \u2013 w<br \/>\ntabernakulum, gdzie przebywa pod postaciami eucharystycznymi. Ale<br \/>\njest te\u017c obecny <b>w swoim S\u0142owie, w Sakramentach,<\/b> jest obecny<br \/>\nw swoich <b>wyznawcach<\/b> \u2013 i w ca\u0142ym swoim <b>Ko\u015bciele, <\/b>kt\u00f3ry<br \/>\njest w\u0142a\u015bnie znakiem Jego aktywnego dzia\u0142ania w \u015bwiecie. Jest<br \/>\nobecny w \u017cyciu ka\u017cdej i ka\u017cdego z nas.\n<\/div>\n<div align=\"justify\" style=\"font-variant-east-asian: normal; font-variant-numeric: normal; line-height: 150%; margin-bottom: 0cm; text-indent: 1.3cm;\">\nJest<br \/>\nobecny, bo <b>bardzo chce by\u0107 obecny<\/b> \u2013 bardzo zale\u017cy Mu na<br \/>\ntym, aby by\u0107 z nami, aby nam pomaga\u0107 na drodze do zbawienia, aby<br \/>\nnam b\u0142ogos\u0142awi\u0107. Naszym zadaniem za\u015b jest <b>odkrywanie tej<br \/>\nobecno\u015bci.<\/b> Mamy na tyle wyostrza\u0107 wzrok i czujno\u015b\u0107 serca, aby<br \/>\nnie przegapi\u0107 \u017cadnego Jego wyj\u015bcia do nas. Aby <b>nie utraci\u0107<br \/>\n\u017cadnej mo\u017cliwo\u015bci spotkania\u2026<\/b>\n<\/div>\n<div align=\"justify\" style=\"font-variant-east-asian: normal; font-variant-numeric: normal; line-height: 150%; margin-bottom: 0cm; text-indent: 1.3cm;\">\nAby<br \/>\nGo zawsze dostrzega\u0107 \u2013 pocz\u0105wszy od tej Jego obecno\u015bci<br \/>\nsakramentalnej w tabernakulum i  w \u015bwi\u0105tyni, poprzez t\u0119<br \/>\n<b>najbardziej<\/b> <b>\u201ecodzienn\u0105\u201d obecno\u015b\u0107 <\/b>w przer\u00f3\u017cnych<br \/>\nsytuacjach, kt\u00f3re prze\u017cywamy, jak i znak\u00f3w, kt\u00f3re widzimy. Dla<br \/>\nmieszka\u0144c\u00f3w ziemi Genezaret takim znakiem by\u0142y liczne uzdrowienia.<br \/>\n<b>A co dla nas<\/b> jest takim najbardziej czytelnym znakiem?\n<\/div>\n<div align=\"justify\" style=\"font-variant-east-asian: normal; font-variant-numeric: normal; line-height: 150%; margin-bottom: 0cm; text-indent: 1.3cm;\">\nA<br \/>\nco nim by\u0142o dla Patronki dnia dzisiejszego, <b>\u015awi\u0119tej Agaty,<br \/>\nDziewicy i M\u0119czennicy?<\/b><\/div>\n<div align=\"justify\" style=\"line-height: 150%; margin-bottom: 0cm; text-indent: 1.3cm;\">\nJej<br \/>\nimi\u0119 etymologicznie oznacza: <b>\u201edobra\u201d, \u201edobrze<br \/>\nurodzona\u201d, \u201eze szlachetnego rodu\u201d.<\/b> Wiadomo\u015bci o niej<br \/>\nczerpiemy zasadniczo <b>z akt jej m\u0119cze\u0144stwa. <\/b>W pierwszych<br \/>\nwiekach chrze\u015bcija\u0144stwa istnia\u0142 bowiem zwyczaj, \u017ce sporz\u0105dzano<br \/>\nakta M\u0119czennik\u00f3w. Wi\u0119kszo\u015b\u0107 z nich nie doczeka\u0142a \u2013 niestety \u2013<br \/>\ndo naszych czas\u00f3w.\n<\/div>\n<div align=\"justify\" style=\"line-height: 150%; margin-bottom: 0cm; text-indent: 1.3cm;\">\nAkta<br \/>\nm\u0119cze\u0144stwa Agaty <b>pochodz\u0105 dopiero z V wieku <\/b>i wed\u0142ug nich<br \/>\nurodzi\u0142a si\u0119 ona w Katanii na Sycylii, oko\u0142o 235 roku. Po<br \/>\nprzyj\u0119ciu Chrztu postanowi\u0142a po\u015bwi\u0119ci\u0107 si\u0119 Chrystusowi i \u017cy\u0107<br \/>\nw dziewictwie. Jej wyj\u0105tkowa uroda zwr\u00f3ci\u0142a uwag\u0119 Kwincjana,<br \/>\nnamiestnika Sycylii, kt\u00f3ry zaproponowa\u0142 jej ma\u0142\u017ce\u0144stwo. Agata<br \/>\njednak<b> <\/b><b>odm\u00f3wi\u0142a,<br \/>\n<\/b>czym wzbudzi\u0142a<br \/>\nw odrzuconym senatorze<b> nienawi\u015b\u0107 i pragnienie zemsty.<\/b><br \/>\nTrwa\u0142y w\u00f3wczas prze\u015bladowania chrze\u015bcijan, zarz\u0105dzone przez<br \/>\ncesarza Decjusza.\n<\/div>\n<div align=\"justify\" style=\"line-height: 150%; margin-bottom: 0cm; text-indent: 1.3cm;\">\nKwincjan<br \/>\naresztowa\u0142 Agat\u0119. <b>Pr\u00f3bowa\u0142 j\u0105 znies\u0142awi\u0107 <\/b>przez<br \/>\npozbawienie jej dziewiczej niewinno\u015bci, dlatego odda\u0142 j\u0105 pod<br \/>\n\u201eopiek\u0119\u201d pewnej rozpustnej kobiety. Kiedy te zabiegi spe\u0142z\u0142y<br \/>\nna niczym, <b>namiestnik skaza\u0142 Agat\u0119 na tortury, <\/b>podczas<br \/>\nkt\u00f3rych odci\u0119to jej piersi. W tym jednak czasie miasto nawiedzi\u0142o<br \/>\n<b>trz\u0119sienie ziemi, wynikiem czego zgin\u0119\u0142o wielu pogan.<br \/>\n<\/b>Przera\u017cony namiestnik nakaza\u0142<br \/>\nzaprzesta\u0107 m\u0105k, gdy\u017c dostrzeg\u0142 w tym kar\u0119 Bo\u017c\u0105. Ostatecznie<br \/>\n<b>Agata ponios\u0142a \u015bmier\u0107, rzucona na roz\u017carzone w\u0119gle, 5<br \/>\nlutego 251 roku. <\/b>\n<\/div>\n<div align=\"justify\" style=\"line-height: 150%; margin-bottom: 0cm; text-indent: 1.3cm;\">\nJej<br \/>\ncia\u0142o chrze\u015bcijanie z\u0142o\u017cyli w bezpiecznym miejscu poza miastem. W<br \/>\nnast\u0119pnych wiekach kolejni Papie\u017ce wystawili ku<br \/>\njej czci<br \/>\n kilka \u015bwi\u0105ty\u0144. <b>Dowodzi<br \/>\nto wielkie<\/b><b>go<\/b><b><br \/>\n<\/b><b>szacunku<\/b><b>,<br \/>\njak<\/b><b>im<\/b><b><br \/>\notaczano j\u0105 w owych czasach. <\/b>Obecnie<br \/>\ncia\u0142o Agaty znajduje si\u0119 w katedrze w Katanii.<\/div>\n<div align=\"justify\" style=\"line-height: 150%; margin-bottom: 0cm; text-indent: 1.3cm;\">\nWpatruj\u0105c<br \/>\nsi\u0119 w przyk\u0142ad jej \u015bwi\u0119to\u015bci, a jednocze\u015bnie ws\u0142uchuj\u0105c si\u0119<br \/>\nuwa\u017cnie w Bo\u017ce s\u0142owo dzisiejszej liturgii, zastan\u00f3wmy si\u0119:<\/div>\n<div align=\"justify\" style=\"line-height: 150%; margin-bottom: 0cm;\">\n\u2013<br \/>\nCzy<br \/>\nzawsze z najwy\u017cszym szacunkiem, mi\u0142o\u015bci\u0105 i wdzi\u0119czno\u015bci\u0105<br \/>\nzauwa\u017cam obecno\u015b\u0107 Jezusa w tabernakulum?<\/div>\n<div align=\"justify\" style=\"line-height: 150%; margin-bottom: 0cm;\">\n\u2013<br \/>\nGdzie<br \/>\njeszcze \u2013 poza \u015bwi\u0105tyni\u0105 \u2013 dostrzegam Jego obecno\u015b\u0107 i jak na<br \/>\nni\u0105 reaguj\u0119?<\/div>\n<div align=\"justify\" style=\"line-height: 150%; margin-bottom: 0cm;\">\n\u2013<br \/>\nCzy<br \/>\nmoja postawa jest dla innych znakiem obecno\u015bci Jezusa?<\/div>\n<p><\/p>\n<div align=\"justify\" style=\"background-attachment: initial; background-clip: initial; background-image: initial; background-origin: initial; background-position: initial; background-repeat: initial; background-size: initial; font-variant-east-asian: normal; font-variant-numeric: normal; line-height: 150%; margin-bottom: 0cm;\">\n<i><b>Pan<br \/>\npowiedzia\u0142, \u017ce b\u0119dzie mieszka\u0142 w chmurze. Ju\u017c zbudowa\u0142em Ci dom<br \/>\nna mieszkanie, miejsce przebywania Twego na wieki!<\/b><\/i><\/div>\n","protected":false},"excerpt":{"rendered":"<p>Szcz\u0119\u015b\u0107 Bo\u017ce! Moi Drodzy, w dniu dzisiejszym imieniny prze\u017cywa Agata Witek, nale\u017c\u0105ca w swoim czasie do jednej z m\u0142odzie\u017cowych Wsp\u00f3lnot, oraz Agata Bogusz, moja Uczennica z Liceum w \u017belechowie, zaanga\u017cowana w \u00f3wczesn\u0105 dzia\u0142alno\u015b\u0107 m\u0142odzie\u017cow\u0105 w tej\u017ce Parafii. \u017bycz\u0119 Solenizantkom, by by\u0142y dobre i jednocze\u015bnie odwa\u017cne \u2013 tak, jak Ich Patronka. Zapewniam o modlitwie! I \u017cycz\u0119 [&hellip;]<\/p>\n","protected":false},"author":1,"featured_media":0,"comment_status":"open","ping_status":"open","sticky":false,"template":"","format":"standard","meta":{"jetpack_post_was_ever_published":false,"_jetpack_newsletter_access":"","_jetpack_dont_email_post_to_subs":false,"_jetpack_newsletter_tier_id":0,"_jetpack_memberships_contains_paywalled_content":false,"_jetpack_memberships_contains_paid_content":false,"footnotes":""},"categories":[1],"tags":[],"class_list":["post-7394","post","type-post","status-publish","format-standard","hentry","category-bez-kategorii"],"yoast_head":"<!-- This site is optimized with the Yoast SEO plugin v25.1 - https:\/\/yoast.com\/wordpress\/plugins\/seo\/ -->\n<title>Ju\u017c zbudowa\u0142em Ci dom... - Gaudium Et Spes<\/title>\n<meta name=\"robots\" content=\"index, follow, max-snippet:-1, max-image-preview:large, max-video-preview:-1\" \/>\n<link rel=\"canonical\" href=\"https:\/\/gaudiumetspes-blog.pl\/index.php\/2018\/02\/05\/juz-zbudowaem-ci-do\/\" \/>\n<meta property=\"og:locale\" content=\"pl_PL\" \/>\n<meta property=\"og:type\" content=\"article\" \/>\n<meta property=\"og:title\" content=\"Ju\u017c zbudowa\u0142em Ci dom... - Gaudium Et Spes\" \/>\n<meta property=\"og:description\" content=\"Szcz\u0119\u015b\u0107 Bo\u017ce! Moi Drodzy, w dniu dzisiejszym imieniny prze\u017cywa Agata Witek, nale\u017c\u0105ca w swoim czasie do jednej z m\u0142odzie\u017cowych Wsp\u00f3lnot, oraz Agata Bogusz, moja Uczennica z Liceum w \u017belechowie, zaanga\u017cowana w \u00f3wczesn\u0105 dzia\u0142alno\u015b\u0107 m\u0142odzie\u017cow\u0105 w tej\u017ce Parafii. \u017bycz\u0119 Solenizantkom, by by\u0142y dobre i jednocze\u015bnie odwa\u017cne \u2013 tak, jak Ich Patronka. Zapewniam o modlitwie! I \u017cycz\u0119 [&hellip;]\" \/>\n<meta property=\"og:url\" content=\"https:\/\/gaudiumetspes-blog.pl\/index.php\/2018\/02\/05\/juz-zbudowaem-ci-do\/\" \/>\n<meta property=\"og:site_name\" content=\"Gaudium Et Spes\" \/>\n<meta property=\"article:published_time\" content=\"2018-02-05T06:27:00+00:00\" \/>\n<meta property=\"article:modified_time\" content=\"2019-07-31T10:57:19+00:00\" \/>\n<meta name=\"author\" content=\"Ks. Jacek\" \/>\n<meta name=\"twitter:card\" content=\"summary_large_image\" \/>\n<meta name=\"twitter:label1\" content=\"Napisane przez\" \/>\n\t<meta name=\"twitter:data1\" content=\"Ks. Jacek\" \/>\n\t<meta name=\"twitter:label2\" content=\"Szacowany czas czytania\" \/>\n\t<meta name=\"twitter:data2\" content=\"7 minut\" \/>\n<script type=\"application\/ld+json\" class=\"yoast-schema-graph\">{\"@context\":\"https:\/\/schema.org\",\"@graph\":[{\"@type\":\"WebPage\",\"@id\":\"https:\/\/gaudiumetspes-blog.pl\/index.php\/2018\/02\/05\/juz-zbudowaem-ci-do\/\",\"url\":\"https:\/\/gaudiumetspes-blog.pl\/index.php\/2018\/02\/05\/juz-zbudowaem-ci-do\/\",\"name\":\"Ju\u017c zbudowa\u0142em Ci dom... - Gaudium Et Spes\",\"isPartOf\":{\"@id\":\"https:\/\/gaudiumetspes-blog.pl\/#website\"},\"datePublished\":\"2018-02-05T06:27:00+00:00\",\"dateModified\":\"2019-07-31T10:57:19+00:00\",\"author\":{\"@id\":\"https:\/\/gaudiumetspes-blog.pl\/#\/schema\/person\/1661982992b752dea8dff0d4ed845a65\"},\"breadcrumb\":{\"@id\":\"https:\/\/gaudiumetspes-blog.pl\/index.php\/2018\/02\/05\/juz-zbudowaem-ci-do\/#breadcrumb\"},\"inLanguage\":\"pl-PL\",\"potentialAction\":[{\"@type\":\"ReadAction\",\"target\":[\"https:\/\/gaudiumetspes-blog.pl\/index.php\/2018\/02\/05\/juz-zbudowaem-ci-do\/\"]}]},{\"@type\":\"BreadcrumbList\",\"@id\":\"https:\/\/gaudiumetspes-blog.pl\/index.php\/2018\/02\/05\/juz-zbudowaem-ci-do\/#breadcrumb\",\"itemListElement\":[{\"@type\":\"ListItem\",\"position\":1,\"name\":\"Strona g\u0142\u00f3wna\",\"item\":\"https:\/\/gaudiumetspes-blog.pl\/\"},{\"@type\":\"ListItem\",\"position\":2,\"name\":\"Ju\u017c zbudowa\u0142em Ci dom&#8230;\"}]},{\"@type\":\"WebSite\",\"@id\":\"https:\/\/gaudiumetspes-blog.pl\/#website\",\"url\":\"https:\/\/gaudiumetspes-blog.pl\/\",\"name\":\"Gaudium Et Spes\",\"description\":\"Blog Ks. Jacka Ja\u015bkowskiego\",\"potentialAction\":[{\"@type\":\"SearchAction\",\"target\":{\"@type\":\"EntryPoint\",\"urlTemplate\":\"https:\/\/gaudiumetspes-blog.pl\/?s={search_term_string}\"},\"query-input\":{\"@type\":\"PropertyValueSpecification\",\"valueRequired\":true,\"valueName\":\"search_term_string\"}}],\"inLanguage\":\"pl-PL\"},{\"@type\":\"Person\",\"@id\":\"https:\/\/gaudiumetspes-blog.pl\/#\/schema\/person\/1661982992b752dea8dff0d4ed845a65\",\"name\":\"Ks. Jacek\",\"image\":{\"@type\":\"ImageObject\",\"inLanguage\":\"pl-PL\",\"@id\":\"https:\/\/gaudiumetspes-blog.pl\/#\/schema\/person\/image\/\",\"url\":\"https:\/\/gaudiumetspes-blog.pl\/wp-content\/uploads\/2019\/07\/avatar-JJ-150x150.jpg\",\"contentUrl\":\"https:\/\/gaudiumetspes-blog.pl\/wp-content\/uploads\/2019\/07\/avatar-JJ-150x150.jpg\",\"caption\":\"Ks. Jacek\"},\"description\":\"Witam serdecznie! K\u0142ania si\u0119 Ks. Jacek Ja\u015bkowski. Nie jestem ani kim\u015b wa\u017cnym, ani kim\u015b znanym. Jestem ksi\u0119dzem, kt\u00f3ry po prostu chce rozmawia\u0107. Codzienna kap\u0142a\u0144ska pos\u0142uga pokazuje mi, \u017ce temat\u00f3w do rozm\u00f3w z ksi\u0119dzem jest coraz wi\u0119cej i dzisiaj \u017caden ksi\u0105dz nie mo\u017ce od nich ucieka\u0107, ale - wprost przeciwnie - podejmowa\u0107 nowe wyzwania. To przekonanie sk\u0142oni\u0142o mnie do pr\u00f3by otwarcia tego\u017c bloga, chocia\u017c okazji do rozm\u00f3w na co dzie\u0144 - w konfesjonale i poza nim - na szcz\u0119\u015bcie nie brakuje. My\u015bl\u0119 jednak, \u017ce ten blog b\u0119dzie jeszcze jednym sposobem i przestrzeni\u0105 nawi\u0105zania kontaktu z lud\u017ami dobrej woli, otwartymi na dialog.\",\"url\":\"https:\/\/gaudiumetspes-blog.pl\/index.php\/author\/ks-jacek\/\"}]}<\/script>\n<!-- \/ Yoast SEO plugin. -->","yoast_head_json":{"title":"Ju\u017c zbudowa\u0142em Ci dom... - Gaudium Et Spes","robots":{"index":"index","follow":"follow","max-snippet":"max-snippet:-1","max-image-preview":"max-image-preview:large","max-video-preview":"max-video-preview:-1"},"canonical":"https:\/\/gaudiumetspes-blog.pl\/index.php\/2018\/02\/05\/juz-zbudowaem-ci-do\/","og_locale":"pl_PL","og_type":"article","og_title":"Ju\u017c zbudowa\u0142em Ci dom... - Gaudium Et Spes","og_description":"Szcz\u0119\u015b\u0107 Bo\u017ce! Moi Drodzy, w dniu dzisiejszym imieniny prze\u017cywa Agata Witek, nale\u017c\u0105ca w swoim czasie do jednej z m\u0142odzie\u017cowych Wsp\u00f3lnot, oraz Agata Bogusz, moja Uczennica z Liceum w \u017belechowie, zaanga\u017cowana w \u00f3wczesn\u0105 dzia\u0142alno\u015b\u0107 m\u0142odzie\u017cow\u0105 w tej\u017ce Parafii. \u017bycz\u0119 Solenizantkom, by by\u0142y dobre i jednocze\u015bnie odwa\u017cne \u2013 tak, jak Ich Patronka. Zapewniam o modlitwie! I \u017cycz\u0119 [&hellip;]","og_url":"https:\/\/gaudiumetspes-blog.pl\/index.php\/2018\/02\/05\/juz-zbudowaem-ci-do\/","og_site_name":"Gaudium Et Spes","article_published_time":"2018-02-05T06:27:00+00:00","article_modified_time":"2019-07-31T10:57:19+00:00","author":"Ks. Jacek","twitter_card":"summary_large_image","twitter_misc":{"Napisane przez":"Ks. Jacek","Szacowany czas czytania":"7 minut"},"schema":{"@context":"https:\/\/schema.org","@graph":[{"@type":"WebPage","@id":"https:\/\/gaudiumetspes-blog.pl\/index.php\/2018\/02\/05\/juz-zbudowaem-ci-do\/","url":"https:\/\/gaudiumetspes-blog.pl\/index.php\/2018\/02\/05\/juz-zbudowaem-ci-do\/","name":"Ju\u017c zbudowa\u0142em Ci dom... - Gaudium Et Spes","isPartOf":{"@id":"https:\/\/gaudiumetspes-blog.pl\/#website"},"datePublished":"2018-02-05T06:27:00+00:00","dateModified":"2019-07-31T10:57:19+00:00","author":{"@id":"https:\/\/gaudiumetspes-blog.pl\/#\/schema\/person\/1661982992b752dea8dff0d4ed845a65"},"breadcrumb":{"@id":"https:\/\/gaudiumetspes-blog.pl\/index.php\/2018\/02\/05\/juz-zbudowaem-ci-do\/#breadcrumb"},"inLanguage":"pl-PL","potentialAction":[{"@type":"ReadAction","target":["https:\/\/gaudiumetspes-blog.pl\/index.php\/2018\/02\/05\/juz-zbudowaem-ci-do\/"]}]},{"@type":"BreadcrumbList","@id":"https:\/\/gaudiumetspes-blog.pl\/index.php\/2018\/02\/05\/juz-zbudowaem-ci-do\/#breadcrumb","itemListElement":[{"@type":"ListItem","position":1,"name":"Strona g\u0142\u00f3wna","item":"https:\/\/gaudiumetspes-blog.pl\/"},{"@type":"ListItem","position":2,"name":"Ju\u017c zbudowa\u0142em Ci dom&#8230;"}]},{"@type":"WebSite","@id":"https:\/\/gaudiumetspes-blog.pl\/#website","url":"https:\/\/gaudiumetspes-blog.pl\/","name":"Gaudium Et Spes","description":"Blog Ks. Jacka Ja\u015bkowskiego","potentialAction":[{"@type":"SearchAction","target":{"@type":"EntryPoint","urlTemplate":"https:\/\/gaudiumetspes-blog.pl\/?s={search_term_string}"},"query-input":{"@type":"PropertyValueSpecification","valueRequired":true,"valueName":"search_term_string"}}],"inLanguage":"pl-PL"},{"@type":"Person","@id":"https:\/\/gaudiumetspes-blog.pl\/#\/schema\/person\/1661982992b752dea8dff0d4ed845a65","name":"Ks. Jacek","image":{"@type":"ImageObject","inLanguage":"pl-PL","@id":"https:\/\/gaudiumetspes-blog.pl\/#\/schema\/person\/image\/","url":"https:\/\/gaudiumetspes-blog.pl\/wp-content\/uploads\/2019\/07\/avatar-JJ-150x150.jpg","contentUrl":"https:\/\/gaudiumetspes-blog.pl\/wp-content\/uploads\/2019\/07\/avatar-JJ-150x150.jpg","caption":"Ks. Jacek"},"description":"Witam serdecznie! K\u0142ania si\u0119 Ks. Jacek Ja\u015bkowski. Nie jestem ani kim\u015b wa\u017cnym, ani kim\u015b znanym. Jestem ksi\u0119dzem, kt\u00f3ry po prostu chce rozmawia\u0107. Codzienna kap\u0142a\u0144ska pos\u0142uga pokazuje mi, \u017ce temat\u00f3w do rozm\u00f3w z ksi\u0119dzem jest coraz wi\u0119cej i dzisiaj \u017caden ksi\u0105dz nie mo\u017ce od nich ucieka\u0107, ale - wprost przeciwnie - podejmowa\u0107 nowe wyzwania. To przekonanie sk\u0142oni\u0142o mnie do pr\u00f3by otwarcia tego\u017c bloga, chocia\u017c okazji do rozm\u00f3w na co dzie\u0144 - w konfesjonale i poza nim - na szcz\u0119\u015bcie nie brakuje. My\u015bl\u0119 jednak, \u017ce ten blog b\u0119dzie jeszcze jednym sposobem i przestrzeni\u0105 nawi\u0105zania kontaktu z lud\u017ami dobrej woli, otwartymi na dialog.","url":"https:\/\/gaudiumetspes-blog.pl\/index.php\/author\/ks-jacek\/"}]}},"jetpack_featured_media_url":"","jetpack_sharing_enabled":true,"_links":{"self":[{"href":"https:\/\/gaudiumetspes-blog.pl\/index.php\/wp-json\/wp\/v2\/posts\/7394","targetHints":{"allow":["GET"]}}],"collection":[{"href":"https:\/\/gaudiumetspes-blog.pl\/index.php\/wp-json\/wp\/v2\/posts"}],"about":[{"href":"https:\/\/gaudiumetspes-blog.pl\/index.php\/wp-json\/wp\/v2\/types\/post"}],"author":[{"embeddable":true,"href":"https:\/\/gaudiumetspes-blog.pl\/index.php\/wp-json\/wp\/v2\/users\/1"}],"replies":[{"embeddable":true,"href":"https:\/\/gaudiumetspes-blog.pl\/index.php\/wp-json\/wp\/v2\/comments?post=7394"}],"version-history":[{"count":1,"href":"https:\/\/gaudiumetspes-blog.pl\/index.php\/wp-json\/wp\/v2\/posts\/7394\/revisions"}],"predecessor-version":[{"id":13782,"href":"https:\/\/gaudiumetspes-blog.pl\/index.php\/wp-json\/wp\/v2\/posts\/7394\/revisions\/13782"}],"wp:attachment":[{"href":"https:\/\/gaudiumetspes-blog.pl\/index.php\/wp-json\/wp\/v2\/media?parent=7394"}],"wp:term":[{"taxonomy":"category","embeddable":true,"href":"https:\/\/gaudiumetspes-blog.pl\/index.php\/wp-json\/wp\/v2\/categories?post=7394"},{"taxonomy":"post_tag","embeddable":true,"href":"https:\/\/gaudiumetspes-blog.pl\/index.php\/wp-json\/wp\/v2\/tags?post=7394"}],"curies":[{"name":"wp","href":"https:\/\/api.w.org\/{rel}","templated":true}]}}