{"id":7417,"date":"2018-01-13T07:27:00","date_gmt":"2018-01-13T06:27:00","guid":{"rendered":"https:\/\/gaudiumetspes-blog.pl\/index.php\/2018\/01\/13\/dajmy-sie-oderwac-od-swoich-oslic\/"},"modified":"2019-07-31T12:57:17","modified_gmt":"2019-07-31T10:57:17","slug":"dajmy-sie-oderwac-od-swoich-oslic","status":"publish","type":"post","link":"https:\/\/gaudiumetspes-blog.pl\/index.php\/2018\/01\/13\/dajmy-sie-oderwac-od-swoich-oslic\/","title":{"rendered":"Dajmy si\u0119 oderwa\u0107 od swoich o\u015blic!"},"content":{"rendered":"<div align=\"justify\" style=\"line-height: 150%; margin-bottom: 0cm;\">\nSzcz\u0119\u015b\u0107<br \/>\nBo\u017ce! Witam, pozdrawiam \u2013 i zaraz ruszam na kol\u0119d\u0119! Dobrego<br \/>\ndnia!<\/div>\n<div align=\"center\" style=\"line-height: 150%; margin-bottom: 0cm;\">\nGaudium<br \/>\net spes!  Ks. Jacek<\/div>\n<div align=\"justify\" style=\"line-height: 150%; margin-bottom: 0cm;\">\n<\/p>\n<\/div>\n<div align=\"justify\" style=\"line-height: 150%; margin-bottom: 0cm;\">\n<b>Sobota<br \/>\n1 Tygodnia zwyk\u0142ego, rok II,<\/b><\/div>\n<div align=\"justify\" style=\"line-height: 150%; margin-bottom: 0cm;\">\n<b>do<br \/>\nczyta\u0144:  1 Sm 9,1\u20134.17\u201319;10,1a;  Mk 2,13\u201317<\/b><\/div>\n<div align=\"justify\" style=\"line-height: 150%; margin-bottom: 0cm;\">\n<\/p>\n<\/div>\n<div align=\"justify\" style=\"break-before: auto; font-variant-east-asian: normal; font-variant-numeric: normal; line-height: 150%; margin-bottom: 0cm;\">\n<b>CZYTANIE<br \/>\nZ PIERWSZEJ KSI\u0118GI SAMUELA: <\/b>\n<\/div>\n<div align=\"justify\" style=\"background-attachment: initial; background-clip: initial; background-image: initial; background-origin: initial; background-position: initial; background-repeat: initial; background-size: initial; break-before: auto; font-variant-east-asian: normal; font-variant-numeric: normal; line-height: 150%; margin-bottom: 0cm; text-indent: 1.3cm;\">\n<b>By\u0142<br \/>\npewien dzielny wojownik z rodu Beniamina, a na imi\u0119 mu by\u0142o Kisz,<br \/>\nsyn Abiela, syna Serora, syna Bekorata, syna Afijacha, syna<br \/>\nBeniamina. Mia\u0142 on syna imieniem Saul, wysokiego i dorodnego, a nie<br \/>\nby\u0142o od niego pi\u0119kniejszego cz\u0142owieka w\u015br\u00f3d syn\u00f3w izraelskich.<br \/>\nWzrostem o g\u0142ow\u0119 przewy\u017csza\u0142 ca\u0142y lud. <\/b>\n<\/div>\n<div align=\"justify\" style=\"break-before: auto; font-variant-east-asian: normal; font-variant-numeric: normal; line-height: 150%; margin-bottom: 0cm; text-indent: 1.3cm;\">\n<b>Gdy<br \/>\nzagin\u0119\u0142y o\u015blice Kisza, ojca Saula, rzek\u0142 Kisz do swego syna,<br \/>\nSaula: \u201eWe\u017a z sob\u0105 jednego z ch\u0142opc\u00f3w i udaj si\u0119 na<br \/>\nposzukiwanie o\u015blic\u201d. Przeszli wi\u0119c przez g\u00f3r\u0119 Efraima, przeszli<br \/>\nprzez ziemi\u0119 Szalisza, lecz ich nie znale\u017ali. Pow\u0119drowali przez<br \/>\nkrain\u0119 Szaalim, te\u017c ich nie by\u0142o. Poszli do ziemi Jemini i r\u00f3wnie\u017c<br \/>\nnie znale\u017ali. <\/b>\n<\/div>\n<div align=\"justify\" style=\"font-variant-east-asian: normal; font-variant-numeric: normal; line-height: 150%; margin-bottom: 0cm; text-indent: 1.3cm;\">\n<b>Kiedy<br \/>\nSamuel spostrzeg\u0142 Saula, odezwa\u0142 si\u0119 do niego Pan: \u201eOto ten<br \/>\ncz\u0142owiek, o kt\u00f3rym ci m\u00f3wi\u0142em, ten, kt\u00f3ry ma rz\u0105dzi\u0107 moim<br \/>\nludem\u201d. <\/b>\n<\/div>\n<div align=\"justify\" style=\"font-variant-east-asian: normal; font-variant-numeric: normal; line-height: 150%; margin-bottom: 0cm; text-indent: 1.3cm;\">\n<b>Saul<br \/>\nzbli\u017cy\u0142 si\u0119 tymczasem do Samuela w bramie i rzek\u0142: \u201eWska\u017c mi,<br \/>\nprosz\u0119 ci\u0119, gdzie jest dom Widz\u0105cego\u201d. Samuel odpar\u0142 Saulowi:<br \/>\n\u201eTo ja jestem Widz\u0105cy. Chod\u017a ze mn\u0105 na wy\u017cyn\u0119! Dzi\u015b je\u015b\u0107<br \/>\nb\u0119dziecie ze mn\u0105, a jutro pozwol\u0119 ci odej\u015b\u0107, powiem ci te\u017c<br \/>\nwszystko, co jest w twym sercu\u201d. <\/b>\n<\/div>\n<div align=\"justify\" style=\"font-variant-east-asian: normal; font-variant-numeric: normal; line-height: 150%; margin-bottom: 0cm; text-indent: 1.3cm;\">\n<b>Samuel<br \/>\nwzi\u0105\u0142 wtedy naczy\u0144ko z olejem i wyla\u0142 go na jego g\u0142ow\u0119,<br \/>\nuca\u0142owa\u0142 i rzek\u0142: \u201eZaprawd\u0119 Pan nama\u015bci\u0142 ci\u0119 na wodza swego<br \/>\nludu, Izraela\u201d.<\/b><\/div>\n<div align=\"justify\" style=\"line-height: 150%; margin-bottom: 0cm;\">\n<\/p>\n<\/div>\n<div align=\"justify\" style=\"line-height: 150%; margin-bottom: 0cm;\">\n<b>S\u0141OWA<br \/>\nEWANGELII WED\u0141UG \u015aWI\u0118TEGO<br \/>\nMARKA: <\/b>\n<\/div>\n<div align=\"justify\" style=\"break-before: auto; font-variant-east-asian: normal; font-variant-numeric: normal; line-height: 150%; margin-bottom: 0cm; text-indent: 1.3cm;\">\n<b>Jezus<br \/>\nwyszed\u0142 znowu nad jezioro. Ca\u0142y lud przychodzi\u0142 do Niego, a On go<br \/>\nnaucza\u0142. A przechodz\u0105c ujrza\u0142 Lewiego, syna Alfeusza, siedz\u0105cego<br \/>\nw komorze celnej, i rzek\u0142 do niego: \u201eP\u00f3jd\u017a za Mn\u0105\u201d. On wsta\u0142<br \/>\ni poszed\u0142 za Nim. <\/b>\n<\/div>\n<div align=\"justify\" style=\"font-variant-east-asian: normal; font-variant-numeric: normal; line-height: 150%; margin-bottom: 0cm; text-indent: 1.3cm;\">\n<b>Gdy<br \/>\nJezus siedzia\u0142 w jego domu przy stole, wielu celnik\u00f3w i grzesznik\u00f3w<br \/>\nsiedzia\u0142o razem z Jezusem i Jego uczniami. By\u0142o bowiem wielu,<br \/>\nkt\u00f3rzy szli za Nim. Niekt\u00f3rzy uczeni w Pi\u015bmie spo\u015br\u00f3d<br \/>\nfaryzeusz\u00f3w widz\u0105c, \u017ce je z grzesznikami i celnikami, m\u00f3wili do<br \/>\nJego uczni\u00f3w: \u201eCzemu On je i pije z celnikami i grzesznikami?\u201d<\/b><\/div>\n<div align=\"justify\" style=\"font-variant-east-asian: normal; font-variant-numeric: normal; line-height: 150%; margin-bottom: 0cm; text-indent: 1.3cm;\">\n<b>Jezus<br \/>\nus\u0142ysza\u0142 to i rzek\u0142 do nich: \u201eNie potrzebuj\u0105 lekarza zdrowi,<br \/>\nlecz ci, kt\u00f3rzy si\u0119 \u017ale maj\u0105. Nie przyszed\u0142em powo\u0142a\u0107<br \/>\nsprawiedliwych, ale grzesznik\u00f3w\u201d.<\/b><\/div>\n<div align=\"justify\" style=\"line-height: 150%; margin-bottom: 0cm;\">\n<\/p>\n<\/div>\n<div align=\"justify\" style=\"break-before: auto; font-variant-east-asian: normal; font-variant-numeric: normal; line-height: 150%; margin-bottom: 0cm; text-indent: 1.3cm;\">\nSaul,<br \/>\nkt\u00f3rego B\u00f3g wybra\u0142 \u2013 niejako upatrzy\u0142 sobie \u2013 na kr\u00f3la swego<br \/>\nludu, zaj\u0119ty by\u0142 bardzo <b>zwyczajnymi pracami.<\/b> Jak s\u0142yszeli\u015bmy<br \/>\ndzisiaj, by\u0142 bardzo <b>zaabsorbowany poszukiwaniem o\u015blic<\/b> swego<br \/>\nojca, co oznacza, \u017ce po prostu podziela\u0142 jego trosk\u0119 o dobytek i<br \/>\nna pewno z czasem mia\u0142 przej\u0105\u0107 nad nim zarz\u0105d. Tymczasem jednak,<br \/>\nw chwili najbardziej intensywnego poszukiwania rzeczonych o\u015blic,<br \/>\nzosta\u0142 zupe\u0142nie <b>niespodziewanie zaproszony na uczt\u0119<\/b> do<br \/>\nProroka Samuela i namaszczony na kr\u00f3la! Bardzo zaskakuj\u0105cy bieg<br \/>\nwydarze\u0144\u2026\n<\/div>\n<div align=\"justify\" style=\"font-variant-east-asian: normal; font-variant-numeric: normal; line-height: 150%; margin-bottom: 0cm; text-indent: 1.3cm;\">\nZ<br \/>\ndalszej historii wiemy, \u017ce faktycznie obj\u0105\u0142 w\u0142adz\u0119 nad narodem,<br \/>\njednak na kartach Pisma \u015awi\u0119tego <b>bardzo ma\u0142o mamy pozytywnych<br \/>\nwiadomo\u015bci <\/b>o jego panowaniu. Do\u015b\u0107 szybko pojawiaj\u0105 si\u0119<br \/>\ninformacje o jego niepos\u0142usze\u0144stwie Bogu i sprzeniewierzaniu si\u0119<br \/>\nmisji, jaka zosta\u0142a mu powierzona. Z tego w\u0142a\u015bnie powodu ten sam<br \/>\nSamuel, kt\u00f3ry dzisiaj na kr\u00f3la go nama\u015bci\u0142, <b>musia\u0142<br \/>\nzapowiedzie\u0107 jego upadek<\/b> i nama\u015bci\u0107 jego nast\u0119pc\u0119.\n<\/div>\n<div align=\"justify\" style=\"font-variant-east-asian: normal; font-variant-numeric: normal; line-height: 150%; margin-bottom: 0cm; text-indent: 1.3cm;\">\nMo\u017cna<br \/>\nzatem powiedzie\u0107, \u017ce ju\u017c na pierwszym w\u0142adcy spe\u0142ni\u0142a si\u0119<br \/>\nprzepowiednia, kt\u00f3r\u0105 w imieniu Boga Prorok wypowiedzia\u0142 wczoraj,<br \/>\ni\u017c <b>kr\u00f3l, kt\u00f3rego nar\u00f3d za\u017cyczy\u0142 sobie<\/b> niejako w miejsce<br \/>\nBoga, b\u0119dzie rz\u0105dzi\u0142 tward\u0105 r\u0119k\u0105, sprawuj\u0105c sw\u00f3j urz\u0105d<br \/>\nniegodnie. Tak te\u017c si\u0119 sta\u0142o. Dzisiaj jednak jeste\u015bmy \u015bwiadkami<br \/>\nsceny podnios\u0142ej i poniek\u0105d radosnej, ods\u0142aniaj\u0105cej <b>wielk\u0105<br \/>\n\u0142ask\u0119, okazan\u0105 przez Boga Saulowi. <\/b>Zauwa\u017cmy jeszcze raz:<br \/>\noderwanie od codziennych zaj\u0119\u0107, uczta u Proroka i namaszczenie na<br \/>\nkr\u00f3la.\n<\/div>\n<div align=\"justify\" style=\"font-variant-east-asian: normal; font-variant-numeric: normal; line-height: 150%; margin-bottom: 0cm; text-indent: 1.3cm;\">\nLewiego,<br \/>\nbohatera dzisiejszej Ewangelii, Jezus tak\u017ce <b>oderwa\u0142 od<br \/>\ncodziennych zaj\u0119\u0107<\/b> \u2013 nie tak, niestety, dobrych, jak te, kt\u00f3re<br \/>\nwykonywa\u0142 m\u0142ody Saul. Zaj\u0119ciem Lewiego by\u0142o pobieranie podatk\u00f3w,<br \/>\nco \u2013 jak wiemy \u2013 nierzadko po\u0142\u0105czone z niema\u0142ymi oszustwami. I<br \/>\ntutaj <b>tak\u017ce mamy do czynienia z uczt\u0105,<\/b> po kt\u00f3rej dokonuj\u0105<br \/>\nsi\u0119 niezwyk\u0142e sprawy: grzesznicy nawracaj\u0105 si\u0119 ze swoich<br \/>\nniegodziwo\u015bci, a sam Lewi zostaje powo\u0142any <b>do zaszczytnej<br \/>\npos\u0142ugi apostolskiej.<\/b>\n<\/div>\n<div align=\"justify\" style=\"font-variant-east-asian: normal; font-variant-numeric: normal; line-height: 150%; margin-bottom: 0cm; text-indent: 1.3cm;\">\nJak<br \/>\nniezwykle w \u017cyciu cz\u0142owieka dzia\u0142a Pan! Jak bardzo <b>powa\u017cnie<\/b><br \/>\n<b>traktuje cz\u0142owieka,<\/b> jak go powa\u017ca, skoro zaprasza do<br \/>\nwsp\u00f3lnoty ze sob\u0105, zasiada z nim do sto\u0142u, daje mu tak bardzo<br \/>\nzaszczytne propozycje! A cz\u0142owiek tak cz\u0119sto okazuje si\u0119 <b>ma\u0142o<br \/>\nzainteresowany tymi Bo\u017cymi gestami,<\/b> t\u0105 Bo\u017c\u0105 dobroci\u0105. Tak<br \/>\njest z propozycj\u0105 zbawienia, a wi\u0119c t\u0105 najbardziej powszechn\u0105 i<br \/>\nnajbardziej podstawow\u0105 propozycj\u0105, do wszystkich ludzi skierowan\u0105,<br \/>\nale tak jest cz\u0119sto r\u00f3wnie\u017c <b>ze szczeg\u00f3\u0142owymi natchnieniami,<\/b><br \/>\njakimi Pan nas obdarza, a kt\u00f3rych my cz\u0119sto nawet nie zauwa\u017camy\u2026<\/p>\n<\/div>\n<div align=\"justify\" style=\"font-variant-east-asian: normal; font-variant-numeric: normal; line-height: 150%; margin-bottom: 0cm; text-indent: 1.3cm;\">\nChodzi<br \/>\ntu zar\u00f3wno o te <b>drobne, codzienne natchnienia<\/b> do wykonania<br \/>\ntakiego lub innego dobrego czynu, do czego my si\u0119 jako\u015b nie mo\u017cemy<br \/>\nzmobilizowa\u0107, ale mo\u017ce te\u017c chodzi\u0107<b> o \u017cyciowe powo\u0142anie,<\/b><br \/>\nkt\u00f3rego my nie staramy si\u0119 nawet odkry\u0107, a tym bardziej \u2013<br \/>\nzrealizowa\u0107. Dlatego na si\u0142\u0119 uk\u0142adamy \u017cycie po swojemu, a potem<br \/>\ndziwimy si\u0119, dlaczego tak bardzo mamy pod g\u00f3r\u0119 i wiatr ci\u0105gle w<br \/>\noczy\u2026<\/div>\n<div align=\"justify\" style=\"font-variant-east-asian: normal; font-variant-numeric: normal; line-height: 150%; margin-bottom: 0cm; text-indent: 1.3cm;\">\nMoi<br \/>\nDrodzy, B\u00f3g ci\u0105gle do nas wychodzi, ci\u0105gle nas zaprasza, zaszczyca<br \/>\nnas, otwiera przed nami szerokie perspektywy. <b>Dajmy si\u0119 oderwa\u0107<br \/>\nod swoich o\u015blic! Dajmy si\u0119 wyprowadzi\u0107 ze swojej komory celnej! <\/b>\n<\/div>\n<div align=\"justify\" style=\"font-variant-east-asian: normal; font-variant-numeric: normal; line-height: 150%; margin-bottom: 0cm; text-indent: 1.3cm;\">\nI<br \/>\npomy\u015blmy:<\/div>\n<div align=\"justify\" style=\"font-variant-east-asian: normal; font-variant-numeric: normal; line-height: 150%; margin-bottom: 0cm;\">\n\u2013 Czy<br \/>\nka\u017cd\u0105 okazj\u0119 do dobrego wykorzystuj\u0119?<\/div>\n<div align=\"justify\" style=\"font-variant-east-asian: normal; font-variant-numeric: normal; line-height: 150%; margin-bottom: 0cm;\">\n\u2013 Czy<br \/>\nspowiadam si\u0119 z grzech\u00f3w zaniedbania?<\/div>\n<div align=\"justify\" style=\"font-variant-east-asian: normal; font-variant-numeric: normal; line-height: 150%; margin-bottom: 0cm;\">\n\u2013 Jak<br \/>\nstaram si\u0119 odczytywa\u0107 dobre wewn\u0119trzne natchnienia, z jakimi Pan<br \/>\ndo mnie si\u0119 zwraca?<\/div>\n<p><\/p>\n<div align=\"justify\" style=\"font-variant-east-asian: normal; font-variant-numeric: normal; line-height: 150%; margin-bottom: 0cm;\">\n<i><b>Nie<br \/>\npotrzebuj\u0105 lekarza zdrowi, lecz ci, kt\u00f3rzy si\u0119 \u017ale maj\u0105. Nie<br \/>\nprzyszed\u0142em powo\u0142a\u0107 sprawiedliwych, ale grzesznik\u00f3w\u2026<\/b><\/i><\/div>\n","protected":false},"excerpt":{"rendered":"<p>Szcz\u0119\u015b\u0107 Bo\u017ce! Witam, pozdrawiam \u2013 i zaraz ruszam na kol\u0119d\u0119! Dobrego dnia! Gaudium et spes! Ks. Jacek Sobota 1 Tygodnia zwyk\u0142ego, rok II, do czyta\u0144: 1 Sm 9,1\u20134.17\u201319;10,1a; Mk 2,13\u201317 CZYTANIE Z PIERWSZEJ KSI\u0118GI SAMUELA: By\u0142 pewien dzielny wojownik z rodu Beniamina, a na imi\u0119 mu by\u0142o Kisz, syn Abiela, syna Serora, syna Bekorata, syna [&hellip;]<\/p>\n","protected":false},"author":1,"featured_media":0,"comment_status":"open","ping_status":"open","sticky":false,"template":"","format":"standard","meta":{"jetpack_post_was_ever_published":false,"_jetpack_newsletter_access":"","_jetpack_dont_email_post_to_subs":false,"_jetpack_newsletter_tier_id":0,"_jetpack_memberships_contains_paywalled_content":false,"_jetpack_memberships_contains_paid_content":false,"footnotes":""},"categories":[1],"tags":[],"class_list":["post-7417","post","type-post","status-publish","format-standard","hentry","category-bez-kategorii"],"yoast_head":"<!-- This site is optimized with the Yoast SEO plugin v25.1 - https:\/\/yoast.com\/wordpress\/plugins\/seo\/ -->\n<title>Dajmy si\u0119 oderwa\u0107 od swoich o\u015blic! - Gaudium Et Spes<\/title>\n<meta name=\"robots\" content=\"index, follow, max-snippet:-1, max-image-preview:large, max-video-preview:-1\" \/>\n<link rel=\"canonical\" href=\"https:\/\/gaudiumetspes-blog.pl\/index.php\/2018\/01\/13\/dajmy-sie-oderwac-od-swoich-oslic\/\" \/>\n<meta property=\"og:locale\" content=\"pl_PL\" \/>\n<meta property=\"og:type\" content=\"article\" \/>\n<meta property=\"og:title\" content=\"Dajmy si\u0119 oderwa\u0107 od swoich o\u015blic! - Gaudium Et Spes\" \/>\n<meta property=\"og:description\" content=\"Szcz\u0119\u015b\u0107 Bo\u017ce! Witam, pozdrawiam \u2013 i zaraz ruszam na kol\u0119d\u0119! Dobrego dnia! Gaudium et spes! Ks. Jacek Sobota 1 Tygodnia zwyk\u0142ego, rok II, do czyta\u0144: 1 Sm 9,1\u20134.17\u201319;10,1a; Mk 2,13\u201317 CZYTANIE Z PIERWSZEJ KSI\u0118GI SAMUELA: By\u0142 pewien dzielny wojownik z rodu Beniamina, a na imi\u0119 mu by\u0142o Kisz, syn Abiela, syna Serora, syna Bekorata, syna [&hellip;]\" \/>\n<meta property=\"og:url\" content=\"https:\/\/gaudiumetspes-blog.pl\/index.php\/2018\/01\/13\/dajmy-sie-oderwac-od-swoich-oslic\/\" \/>\n<meta property=\"og:site_name\" content=\"Gaudium Et Spes\" \/>\n<meta property=\"article:published_time\" content=\"2018-01-13T06:27:00+00:00\" \/>\n<meta property=\"article:modified_time\" content=\"2019-07-31T10:57:17+00:00\" \/>\n<meta name=\"author\" content=\"Ks. Jacek\" \/>\n<meta name=\"twitter:card\" content=\"summary_large_image\" \/>\n<meta name=\"twitter:label1\" content=\"Napisane przez\" \/>\n\t<meta name=\"twitter:data1\" content=\"Ks. Jacek\" \/>\n\t<meta name=\"twitter:label2\" content=\"Szacowany czas czytania\" \/>\n\t<meta name=\"twitter:data2\" content=\"5 minut\" \/>\n<script type=\"application\/ld+json\" class=\"yoast-schema-graph\">{\"@context\":\"https:\/\/schema.org\",\"@graph\":[{\"@type\":\"WebPage\",\"@id\":\"https:\/\/gaudiumetspes-blog.pl\/index.php\/2018\/01\/13\/dajmy-sie-oderwac-od-swoich-oslic\/\",\"url\":\"https:\/\/gaudiumetspes-blog.pl\/index.php\/2018\/01\/13\/dajmy-sie-oderwac-od-swoich-oslic\/\",\"name\":\"Dajmy si\u0119 oderwa\u0107 od swoich o\u015blic! - Gaudium Et Spes\",\"isPartOf\":{\"@id\":\"https:\/\/gaudiumetspes-blog.pl\/#website\"},\"datePublished\":\"2018-01-13T06:27:00+00:00\",\"dateModified\":\"2019-07-31T10:57:17+00:00\",\"author\":{\"@id\":\"https:\/\/gaudiumetspes-blog.pl\/#\/schema\/person\/1661982992b752dea8dff0d4ed845a65\"},\"breadcrumb\":{\"@id\":\"https:\/\/gaudiumetspes-blog.pl\/index.php\/2018\/01\/13\/dajmy-sie-oderwac-od-swoich-oslic\/#breadcrumb\"},\"inLanguage\":\"pl-PL\",\"potentialAction\":[{\"@type\":\"ReadAction\",\"target\":[\"https:\/\/gaudiumetspes-blog.pl\/index.php\/2018\/01\/13\/dajmy-sie-oderwac-od-swoich-oslic\/\"]}]},{\"@type\":\"BreadcrumbList\",\"@id\":\"https:\/\/gaudiumetspes-blog.pl\/index.php\/2018\/01\/13\/dajmy-sie-oderwac-od-swoich-oslic\/#breadcrumb\",\"itemListElement\":[{\"@type\":\"ListItem\",\"position\":1,\"name\":\"Strona g\u0142\u00f3wna\",\"item\":\"https:\/\/gaudiumetspes-blog.pl\/\"},{\"@type\":\"ListItem\",\"position\":2,\"name\":\"Dajmy si\u0119 oderwa\u0107 od&nbsp;swoich o\u015blic!\"}]},{\"@type\":\"WebSite\",\"@id\":\"https:\/\/gaudiumetspes-blog.pl\/#website\",\"url\":\"https:\/\/gaudiumetspes-blog.pl\/\",\"name\":\"Gaudium Et Spes\",\"description\":\"Blog Ks. Jacka Ja\u015bkowskiego\",\"potentialAction\":[{\"@type\":\"SearchAction\",\"target\":{\"@type\":\"EntryPoint\",\"urlTemplate\":\"https:\/\/gaudiumetspes-blog.pl\/?s={search_term_string}\"},\"query-input\":{\"@type\":\"PropertyValueSpecification\",\"valueRequired\":true,\"valueName\":\"search_term_string\"}}],\"inLanguage\":\"pl-PL\"},{\"@type\":\"Person\",\"@id\":\"https:\/\/gaudiumetspes-blog.pl\/#\/schema\/person\/1661982992b752dea8dff0d4ed845a65\",\"name\":\"Ks. Jacek\",\"image\":{\"@type\":\"ImageObject\",\"inLanguage\":\"pl-PL\",\"@id\":\"https:\/\/gaudiumetspes-blog.pl\/#\/schema\/person\/image\/\",\"url\":\"https:\/\/gaudiumetspes-blog.pl\/wp-content\/uploads\/2019\/07\/avatar-JJ-150x150.jpg\",\"contentUrl\":\"https:\/\/gaudiumetspes-blog.pl\/wp-content\/uploads\/2019\/07\/avatar-JJ-150x150.jpg\",\"caption\":\"Ks. Jacek\"},\"description\":\"Witam serdecznie! K\u0142ania si\u0119 Ks. Jacek Ja\u015bkowski. Nie jestem ani kim\u015b wa\u017cnym, ani kim\u015b znanym. Jestem ksi\u0119dzem, kt\u00f3ry po prostu chce rozmawia\u0107. Codzienna kap\u0142a\u0144ska pos\u0142uga pokazuje mi, \u017ce temat\u00f3w do rozm\u00f3w z ksi\u0119dzem jest coraz wi\u0119cej i dzisiaj \u017caden ksi\u0105dz nie mo\u017ce od nich ucieka\u0107, ale - wprost przeciwnie - podejmowa\u0107 nowe wyzwania. To przekonanie sk\u0142oni\u0142o mnie do pr\u00f3by otwarcia tego\u017c bloga, chocia\u017c okazji do rozm\u00f3w na co dzie\u0144 - w konfesjonale i poza nim - na szcz\u0119\u015bcie nie brakuje. My\u015bl\u0119 jednak, \u017ce ten blog b\u0119dzie jeszcze jednym sposobem i przestrzeni\u0105 nawi\u0105zania kontaktu z lud\u017ami dobrej woli, otwartymi na dialog.\",\"url\":\"https:\/\/gaudiumetspes-blog.pl\/index.php\/author\/ks-jacek\/\"}]}<\/script>\n<!-- \/ Yoast SEO plugin. -->","yoast_head_json":{"title":"Dajmy si\u0119 oderwa\u0107 od swoich o\u015blic! - Gaudium Et Spes","robots":{"index":"index","follow":"follow","max-snippet":"max-snippet:-1","max-image-preview":"max-image-preview:large","max-video-preview":"max-video-preview:-1"},"canonical":"https:\/\/gaudiumetspes-blog.pl\/index.php\/2018\/01\/13\/dajmy-sie-oderwac-od-swoich-oslic\/","og_locale":"pl_PL","og_type":"article","og_title":"Dajmy si\u0119 oderwa\u0107 od swoich o\u015blic! - Gaudium Et Spes","og_description":"Szcz\u0119\u015b\u0107 Bo\u017ce! Witam, pozdrawiam \u2013 i zaraz ruszam na kol\u0119d\u0119! Dobrego dnia! Gaudium et spes! Ks. Jacek Sobota 1 Tygodnia zwyk\u0142ego, rok II, do czyta\u0144: 1 Sm 9,1\u20134.17\u201319;10,1a; Mk 2,13\u201317 CZYTANIE Z PIERWSZEJ KSI\u0118GI SAMUELA: By\u0142 pewien dzielny wojownik z rodu Beniamina, a na imi\u0119 mu by\u0142o Kisz, syn Abiela, syna Serora, syna Bekorata, syna [&hellip;]","og_url":"https:\/\/gaudiumetspes-blog.pl\/index.php\/2018\/01\/13\/dajmy-sie-oderwac-od-swoich-oslic\/","og_site_name":"Gaudium Et Spes","article_published_time":"2018-01-13T06:27:00+00:00","article_modified_time":"2019-07-31T10:57:17+00:00","author":"Ks. Jacek","twitter_card":"summary_large_image","twitter_misc":{"Napisane przez":"Ks. Jacek","Szacowany czas czytania":"5 minut"},"schema":{"@context":"https:\/\/schema.org","@graph":[{"@type":"WebPage","@id":"https:\/\/gaudiumetspes-blog.pl\/index.php\/2018\/01\/13\/dajmy-sie-oderwac-od-swoich-oslic\/","url":"https:\/\/gaudiumetspes-blog.pl\/index.php\/2018\/01\/13\/dajmy-sie-oderwac-od-swoich-oslic\/","name":"Dajmy si\u0119 oderwa\u0107 od swoich o\u015blic! - Gaudium Et Spes","isPartOf":{"@id":"https:\/\/gaudiumetspes-blog.pl\/#website"},"datePublished":"2018-01-13T06:27:00+00:00","dateModified":"2019-07-31T10:57:17+00:00","author":{"@id":"https:\/\/gaudiumetspes-blog.pl\/#\/schema\/person\/1661982992b752dea8dff0d4ed845a65"},"breadcrumb":{"@id":"https:\/\/gaudiumetspes-blog.pl\/index.php\/2018\/01\/13\/dajmy-sie-oderwac-od-swoich-oslic\/#breadcrumb"},"inLanguage":"pl-PL","potentialAction":[{"@type":"ReadAction","target":["https:\/\/gaudiumetspes-blog.pl\/index.php\/2018\/01\/13\/dajmy-sie-oderwac-od-swoich-oslic\/"]}]},{"@type":"BreadcrumbList","@id":"https:\/\/gaudiumetspes-blog.pl\/index.php\/2018\/01\/13\/dajmy-sie-oderwac-od-swoich-oslic\/#breadcrumb","itemListElement":[{"@type":"ListItem","position":1,"name":"Strona g\u0142\u00f3wna","item":"https:\/\/gaudiumetspes-blog.pl\/"},{"@type":"ListItem","position":2,"name":"Dajmy si\u0119 oderwa\u0107 od&nbsp;swoich o\u015blic!"}]},{"@type":"WebSite","@id":"https:\/\/gaudiumetspes-blog.pl\/#website","url":"https:\/\/gaudiumetspes-blog.pl\/","name":"Gaudium Et Spes","description":"Blog Ks. Jacka Ja\u015bkowskiego","potentialAction":[{"@type":"SearchAction","target":{"@type":"EntryPoint","urlTemplate":"https:\/\/gaudiumetspes-blog.pl\/?s={search_term_string}"},"query-input":{"@type":"PropertyValueSpecification","valueRequired":true,"valueName":"search_term_string"}}],"inLanguage":"pl-PL"},{"@type":"Person","@id":"https:\/\/gaudiumetspes-blog.pl\/#\/schema\/person\/1661982992b752dea8dff0d4ed845a65","name":"Ks. Jacek","image":{"@type":"ImageObject","inLanguage":"pl-PL","@id":"https:\/\/gaudiumetspes-blog.pl\/#\/schema\/person\/image\/","url":"https:\/\/gaudiumetspes-blog.pl\/wp-content\/uploads\/2019\/07\/avatar-JJ-150x150.jpg","contentUrl":"https:\/\/gaudiumetspes-blog.pl\/wp-content\/uploads\/2019\/07\/avatar-JJ-150x150.jpg","caption":"Ks. Jacek"},"description":"Witam serdecznie! K\u0142ania si\u0119 Ks. Jacek Ja\u015bkowski. Nie jestem ani kim\u015b wa\u017cnym, ani kim\u015b znanym. Jestem ksi\u0119dzem, kt\u00f3ry po prostu chce rozmawia\u0107. Codzienna kap\u0142a\u0144ska pos\u0142uga pokazuje mi, \u017ce temat\u00f3w do rozm\u00f3w z ksi\u0119dzem jest coraz wi\u0119cej i dzisiaj \u017caden ksi\u0105dz nie mo\u017ce od nich ucieka\u0107, ale - wprost przeciwnie - podejmowa\u0107 nowe wyzwania. To przekonanie sk\u0142oni\u0142o mnie do pr\u00f3by otwarcia tego\u017c bloga, chocia\u017c okazji do rozm\u00f3w na co dzie\u0144 - w konfesjonale i poza nim - na szcz\u0119\u015bcie nie brakuje. My\u015bl\u0119 jednak, \u017ce ten blog b\u0119dzie jeszcze jednym sposobem i przestrzeni\u0105 nawi\u0105zania kontaktu z lud\u017ami dobrej woli, otwartymi na dialog.","url":"https:\/\/gaudiumetspes-blog.pl\/index.php\/author\/ks-jacek\/"}]}},"jetpack_featured_media_url":"","jetpack_sharing_enabled":true,"_links":{"self":[{"href":"https:\/\/gaudiumetspes-blog.pl\/index.php\/wp-json\/wp\/v2\/posts\/7417","targetHints":{"allow":["GET"]}}],"collection":[{"href":"https:\/\/gaudiumetspes-blog.pl\/index.php\/wp-json\/wp\/v2\/posts"}],"about":[{"href":"https:\/\/gaudiumetspes-blog.pl\/index.php\/wp-json\/wp\/v2\/types\/post"}],"author":[{"embeddable":true,"href":"https:\/\/gaudiumetspes-blog.pl\/index.php\/wp-json\/wp\/v2\/users\/1"}],"replies":[{"embeddable":true,"href":"https:\/\/gaudiumetspes-blog.pl\/index.php\/wp-json\/wp\/v2\/comments?post=7417"}],"version-history":[{"count":1,"href":"https:\/\/gaudiumetspes-blog.pl\/index.php\/wp-json\/wp\/v2\/posts\/7417\/revisions"}],"predecessor-version":[{"id":13732,"href":"https:\/\/gaudiumetspes-blog.pl\/index.php\/wp-json\/wp\/v2\/posts\/7417\/revisions\/13732"}],"wp:attachment":[{"href":"https:\/\/gaudiumetspes-blog.pl\/index.php\/wp-json\/wp\/v2\/media?parent=7417"}],"wp:term":[{"taxonomy":"category","embeddable":true,"href":"https:\/\/gaudiumetspes-blog.pl\/index.php\/wp-json\/wp\/v2\/categories?post=7417"},{"taxonomy":"post_tag","embeddable":true,"href":"https:\/\/gaudiumetspes-blog.pl\/index.php\/wp-json\/wp\/v2\/tags?post=7417"}],"curies":[{"name":"wp","href":"https:\/\/api.w.org\/{rel}","templated":true}]}}