{"id":7535,"date":"2017-09-17T05:16:00","date_gmt":"2017-09-17T03:16:00","guid":{"rendered":"https:\/\/gaudiumetspes-blog.pl\/index.php\/2017\/09\/17\/czy-az-siedem-razy\/"},"modified":"2019-07-31T12:57:05","modified_gmt":"2019-07-31T10:57:05","slug":"czy-az-siedem-razy","status":"publish","type":"post","link":"https:\/\/gaudiumetspes-blog.pl\/index.php\/2017\/09\/17\/czy-az-siedem-razy\/","title":{"rendered":"Czy a\u017c siedem razy?&#8230;"},"content":{"rendered":"<div align=\"justify\" style=\"line-height: 150%; margin-bottom: 0cm;\">\nNiech<br \/>\nb\u0119dzie pochwalony Jezus Chrystus! Moi Drodzy, w dniu dzisiejszym<br \/>\n<b>imieniny prze\u017cywa Ksi\u0105dz Robert Bartosik, z kt\u00f3rym mia\u0142em<br \/>\nprzyjemno\u015b\u0107 wsp\u00f3\u0142pracowa\u0107 w swoim czasie w Tr\u0105bkach. \u017bycz\u0119<br \/>\nSolenizantowi nieustannej blisko\u015bci Jezusa w ca\u0142ej kap\u0142a\u0144skiej<br \/>\npos\u0142udze. Zapewniam o modlitwie!<\/b><\/div>\n<div align=\"justify\" style=\"background-attachment: initial; background-clip: initial; background-image: initial; background-origin: initial; background-position: initial; background-repeat: initial; background-size: initial; break-before: auto; line-height: 150%; margin-bottom: 0cm; text-indent: 1.3cm;\">\nMoi<br \/>\nDrodzy, w kolejn\u0105 rocznic\u0119 napa\u015bci Rosji Sowieckiej na Polsk\u0119 \u2013<br \/>\nw obliczu tego, co teraz wyprawia w\u0142adca Rosji \u2013 m\u00f3dlmy si\u0119 o<br \/>\nmocn\u0105 Bo\u017c\u0105 interwencj\u0119, w kierunku opanowania tworz\u0105cej si\u0119<br \/>\nniebezpiecznej sytuacji.\n<\/div>\n<div align=\"justify\" style=\"background-attachment: initial; background-clip: initial; background-image: initial; background-origin: initial; background-position: initial; background-repeat: initial; background-size: initial; line-height: 150%; margin-bottom: 0cm; text-indent: 1.3cm;\">\nA<br \/>\nna prze\u017cywanie dzisiejszej niedzieli \u2013 dnia Pa\u0144skiego \u2013 <b>niech<br \/>\nWas b\u0142ogos\u0142awi B\u00f3g wszechmog\u0105cy: Ojciec + i Syn, i Duch \u015awi\u0119ty.<br \/>\nAmen<\/b><\/div>\n<div align=\"center\" style=\"line-height: 150%; margin-bottom: 0cm;\">\nGaudium<br \/>\net spes!  Ks. Jacek<\/div>\n<div align=\"justify\" style=\"line-height: 150%; margin-bottom: 0cm;\">\n<\/div>\n<div align=\"justify\" style=\"line-height: 150%; margin-bottom: 0cm;\">\n<b>24<br \/>\nNiedziela zwyk\u0142a, A,<\/b><\/div>\n<div align=\"justify\" style=\"line-height: 150%; margin-bottom: 0cm;\">\n<b>do<br \/>\nczyta\u0144:  Syr 27,30\u201328,7;  Rz 14,7\u20139;  Mt 18,21\u201335<\/b><\/div>\n<div align=\"justify\" style=\"line-height: 150%; margin-bottom: 0cm;\">\n<\/div>\n<div align=\"justify\" style=\"line-height: 150%; margin-bottom: 0cm;\">\n<strong>CZYTANIE<br \/>\nZ KSI\u0118GI SYRACYDESA:<\/strong><\/div>\n<div align=\"justify\" style=\"background-attachment: initial; background-clip: initial; background-image: initial; background-origin: initial; background-position: initial; background-repeat: initial; background-size: initial; break-before: auto; line-height: 150%; margin-bottom: 0cm; text-indent: 1.3cm;\">\n<b>Z\u0142o\u015b\u0107<br \/>\ni gniew s\u0105 obrzydliwo\u015bciami, kt\u00f3rych pe\u0142en jest grzesznik.<\/b><\/div>\n<div align=\"justify\" style=\"background-attachment: initial; background-clip: initial; background-image: initial; background-origin: initial; background-position: initial; background-repeat: initial; background-size: initial; line-height: 150%; margin-bottom: 0cm; text-indent: 1.3cm;\">\n<b>Tego,<br \/>\nkt\u00f3ry si\u0119 m\u015bci, spotka zemsta od Pana: On grzechy jego dok\u0142adnie<br \/>\nzachowa w pami\u0119ci.<\/b><\/div>\n<div align=\"justify\" style=\"background-attachment: initial; background-clip: initial; background-image: initial; background-origin: initial; background-position: initial; background-repeat: initial; background-size: initial; line-height: 150%; margin-bottom: 0cm; text-indent: 1.3cm;\">\n<b>Odpu\u015b\u0107<br \/>\nwin\u0119 bli\u017aniemu, a w\u00f3wczas, gdy b\u0142aga\u0107 b\u0119dziesz, zostan\u0105 ci<br \/>\nodpuszczone grzechy.<\/b><\/div>\n<div align=\"justify\" style=\"background-attachment: initial; background-clip: initial; background-image: initial; background-origin: initial; background-position: initial; background-repeat: initial; background-size: initial; line-height: 150%; margin-bottom: 0cm; text-indent: 1.3cm;\">\n<b>Gdy<br \/>\ncz\u0142owiek \u017cywi z\u0142o\u015b\u0107 przeciw drugiemu, jak\u017ce u Pana szuka\u0107<br \/>\nb\u0119dzie uzdrowienia? Nie ma on mi\u0142osierdzia nad cz\u0142owiekiem do<br \/>\nsiebie podobnym, jak\u017ce b\u0142aga\u0107 b\u0119dzie o odpuszczenie swoich<br \/>\nw\u0142asnych grzech\u00f3w? Sam b\u0119d\u0105c cia\u0142em, trwa w nienawi\u015bci, kt\u00f3\u017c<br \/>\nwi\u0119c odpokutuje za jego przewinienia? Pami\u0119taj na ostatnie rzeczy i<br \/>\nprzesta\u0144 nienawidzi\u0107, na rozk\u0142ad cia\u0142a, na \u015bmier\u0107 i trzymaj si\u0119<br \/>\nprzykaza\u0144.<\/b><\/div>\n<div align=\"justify\" style=\"background-attachment: initial; background-clip: initial; background-image: initial; background-origin: initial; background-position: initial; background-repeat: initial; background-size: initial; line-height: 150%; margin-bottom: 0cm; text-indent: 1.3cm;\">\n<b>Pami\u0119taj<br \/>\nna przykazania i nie miej w nienawi\u015bci bli\u017aniego, na przymierze<br \/>\nNajwy\u017cszego i daruj obraz\u0119.<\/b><\/div>\n<div align=\"justify\" style=\"line-height: 150%; margin-bottom: 0cm;\">\n<\/div>\n<div align=\"justify\" style=\"line-height: 150%; margin-bottom: 0cm;\">\n<strong>CZYTANIE<br \/>\nZ LISTU \u015aWI\u0118TEGO PAW\u0141A APOSTO\u0141A DO RZYMIAN:<\/strong><\/div>\n<div align=\"justify\" style=\"background-attachment: initial; background-clip: initial; background-image: initial; background-origin: initial; background-position: initial; background-repeat: initial; background-size: initial; break-before: auto; line-height: 150%; margin-bottom: 0cm; text-indent: 1.3cm;\">\n<b>Bracia:<br \/>\nNikt z nas nie \u017cyje dla siebie i nikt nie umiera dla siebie: je\u017celi<br \/>\nbowiem \u017cyjemy, \u017cyjemy dla Pana; je\u017celi za\u015b umieramy, umieramy dla<br \/>\nPana. I w \u017cyciu wi\u0119c, i w \u015bmierci nale\u017cymy do Pana. Po to bowiem<br \/>\nChrystus umar\u0142 i powr\u00f3ci\u0142 do \u017cycia, by zapanowa\u0107 tak nad<br \/>\numar\u0142ymi, jak nad \u017cywymi.<\/b><\/div>\n<div align=\"justify\" style=\"line-height: 150%; margin-bottom: 0cm;\">\n<\/div>\n<div align=\"justify\" style=\"line-height: 150%; margin-bottom: 0cm;\">\n<strong>S\u0141OWA<br \/>\nEWANGELII WED\u0141UG \u015aWI\u0118TEGO MATEUSZA:<\/strong><\/div>\n<div align=\"justify\" style=\"background-attachment: initial; background-clip: initial; background-image: initial; background-origin: initial; background-position: initial; background-repeat: initial; background-size: initial; break-before: auto; line-height: 150%; margin-bottom: 0cm; text-indent: 1.3cm;\">\n<b>Piotr<br \/>\nzbli\u017cy\u0142 si\u0119 do Jezusa i zapyta\u0142: \u201ePanie, ile razy mam<br \/>\nprzebacza\u0107, je\u015bli m\u00f3j brat wykroczy przeciwko mnie? Czy a\u017c siedem<br \/>\nrazy?\u201d. Jezus mu odrzek\u0142: \u201eNie m\u00f3wi\u0119 ci, \u017ce a\u017c siedem razy,<br \/>\nlecz a\u017c siedemdziesi\u0105t siedem razy.<\/b><\/div>\n<div align=\"justify\" style=\"background-attachment: initial; background-clip: initial; background-image: initial; background-origin: initial; background-position: initial; background-repeat: initial; background-size: initial; line-height: 150%; margin-bottom: 0cm; text-indent: 1.3cm;\">\n<b>Dlatego<br \/>\npodobne jest kr\u00f3lestwo niebieskie do kr\u00f3la, kt\u00f3ry chcia\u0142 si\u0119<br \/>\nrozliczy\u0107 ze swymi s\u0142ugami. Gdy zacz\u0105\u0142 si\u0119 rozlicza\u0107,<br \/>\nprzyprowadzono mu jednego, kt\u00f3ry mu by\u0142 winien dziesi\u0119\u0107 tysi\u0119cy<br \/>\ntalent\u00f3w. Poniewa\u017c nie mia\u0142 z czego ich odda\u0107, pan kaza\u0142<br \/>\nsprzeda\u0107 go razem z \u017con\u0105, dzie\u0107mi i ca\u0142ym jego mieniem, aby tak<br \/>\nd\u0142ug odzyska\u0107. Wtedy s\u0142uga upad\u0142 przed nim i prosi\u0142 go: \u00abPanie,<br \/>\nmiej cierpliwo\u015b\u0107 nade mn\u0105, a wszystko ci oddam\u00bb. Pan ulitowa\u0142<br \/>\nsi\u0119 nad tym s\u0142ug\u0105, uwolni\u0142 goi d\u0142ug mu darowa\u0142.<\/b><\/div>\n<div align=\"justify\" style=\"background-attachment: initial; background-clip: initial; background-image: initial; background-origin: initial; background-position: initial; background-repeat: initial; background-size: initial; line-height: 150%; margin-bottom: 0cm; text-indent: 1.3cm;\">\n<b>Lecz<br \/>\ngdy s\u0142uga \u00f3w wyszed\u0142, spotka\u0142 jednego ze wsp\u00f3\u0142s\u0142ug, kt\u00f3ry mu<br \/>\nby\u0142 winien sto denar\u00f3w. Chwyci\u0142 go i zacz\u0105\u0142 dusi\u0107, m\u00f3wi\u0105c:<br \/>\n\u00abOddaj, co\u015b winien\u00bb. Jego wsp\u00f3\u0142s\u0142uga upad\u0142 przed nim i prosi\u0142<br \/>\ngo: \u00abMiej cierpliwo\u015b\u0107 nade mn\u0105,a oddam tobie\u00bb. On jednak nie<br \/>\nchcia\u0142, lecz poszed\u0142 i wtr\u0105ci\u0142 go do wi\u0119zienia, dop\u00f3ki nie odda<br \/>\nd\u0142ugu.<\/b><\/div>\n<div align=\"justify\" style=\"background-attachment: initial; background-clip: initial; background-image: initial; background-origin: initial; background-position: initial; background-repeat: initial; background-size: initial; line-height: 150%; margin-bottom: 0cm; text-indent: 1.3cm;\">\n<b>Wsp\u00f3\u0142s\u0142udzy<br \/>\njego widz\u0105c, co si\u0119 dzia\u0142o, bardzo si\u0119 zasmucili. Poszli i<br \/>\nopowiedzieli swemu panu wszystko, co zasz\u0142o. Wtedy pan jego wezwa\u0142<br \/>\ngo przed siebie i rzek\u0142 mu: \u00abS\u0142ugo niegodziwy! Darowa\u0142em ci ca\u0142y<br \/>\nten d\u0142ug,poniewa\u017c mnie prosi\u0142e\u015b. Czy\u017c wi\u0119c i ty nie powiniene\u015b<br \/>\nby\u0142 ulitowa\u0107 si\u0119 nad swym wsp\u00f3\u0142s\u0142uga, jak ja ulitowa\u0142em si\u0119<br \/>\nnad tob\u0105?\u00bb. I uniesiony gniewem pan jego kaza\u0142 wyda\u0107 go katom,<br \/>\ndop\u00f3ki mu ca\u0142ego d\u0142ugu nie odda. <\/b>\n<\/div>\n<div align=\"justify\" style=\"background-attachment: initial; background-clip: initial; background-image: initial; background-origin: initial; background-position: initial; background-repeat: initial; background-size: initial; line-height: 150%; margin-bottom: 0cm; text-indent: 1.3cm;\">\n<b>Podobnie<br \/>\nuczyni wam Ojciec m\u00f3j niebieski, je\u017celi ka\u017cdy z was nie przebaczy<br \/>\nz serca swemu bratu\u201d.<\/b><\/div>\n<div align=\"justify\" style=\"line-height: 150%; margin-bottom: 0cm;\">\n<\/div>\n<div align=\"justify\" style=\"background-attachment: initial; background-clip: initial; background-image: initial; background-origin: initial; background-position: initial; background-repeat: initial; background-size: initial; break-before: auto; line-height: 150%; margin-bottom: 0cm; text-indent: 1.3cm;\">\nJezus,<br \/>\njako jedyny Nauczyciel prawdy, jako nasz Mistrz i Pan przychodzi do<br \/>\nnas ze swoim S\u0142owem. <b>Chce nas pouczy\u0107, jakimi drogami id\u0105c \u2013<br \/>\nosi\u0105gniemy zbawienie. <\/b>I zapewne zauwa\u017cyli\u015bmy, \u017ce w tym swoim<br \/>\nnauczaniu <b>nie unika temat\u00f3w trudnych<\/b><b>,<\/b> a wr\u0119cz bardzo<br \/>\ntrudnych. Oto przed tygodniem m\u00f3wi\u0142 nam <b>o braterskim upomnieniu<\/b><b>,<\/b><br \/>\nwyja\u015bniaj\u0105c najpierw w og\u00f3le jego potrzeb\u0119, a potem \u2013 zasady,<br \/>\njakimi nale\u017cy si\u0119 kierowa\u0107 przy upominaniu drugiego. Dzisiaj<br \/>\nnatomiast przychodzi do nas z pouczeniem dotycz\u0105cym <b>przebaczenia<\/b><b>.<br \/>\n<\/b>\n<\/div>\n<div align=\"justify\" style=\"background-attachment: initial; background-clip: initial; background-image: initial; background-origin: initial; background-position: initial; background-repeat: initial; background-size: initial; line-height: 150%; margin-bottom: 0cm; text-indent: 1.3cm;\">\nTo<br \/>\nniezwykle trudny problem, co do tego zapewne nikt z nas nie ma<br \/>\nw\u0105tpliwo\u015bci. <b>Na czym polega przebaczenie? Co to jest?<\/b> Komu<br \/>\ni kiedy mo\u017cna przebaczy\u0107, komu si\u0119 przebaczenie nale\u017cy?<br \/>\nA mo\u017ce komu\u015b si\u0119 nie nale\u017cy?\u2026<b> <\/b>Jak mamy reagowa\u0107<br \/>\nna z\u0142o w swoim \u017cyciu?\n<\/div>\n<div align=\"justify\" style=\"background-attachment: initial; background-clip: initial; background-image: initial; background-origin: initial; background-position: initial; background-repeat: initial; background-size: initial; line-height: 150%; margin-bottom: 0cm; text-indent: 1.3cm;\">\nNa<br \/>\nte pytania \u2013 czy chcemy, czy nie \u2013 przychodzi nam szuka\u0107<br \/>\nodpowiedzi bardzo cz\u0119sto, a zw\u0142aszcza wtedy, kiedy staniemy <b>\u201eoko<br \/>\nw oko\u201d ze z\u0142em<\/b><b>,<\/b> kiedy to z\u0142o nas bezpo\u015brednio<br \/>\ndotknie.\n<\/div>\n<div align=\"justify\" style=\"background-attachment: initial; background-clip: initial; background-image: initial; background-origin: initial; background-position: initial; background-repeat: initial; background-size: initial; line-height: 150%; margin-bottom: 0cm; text-indent: 1.3cm;\">\nEwangeliczna<br \/>\nprzypowie\u015b\u0107, kt\u00f3rej dzisiaj wys\u0142uchali\u015bmy, powszechnie zwana<br \/>\n<b>przypowie\u015bci\u0105 o nielito\u015bciwym d\u0142u\u017cniku,<\/b> zwraca nasz\u0105<br \/>\nuwag\u0119 na to, co jest motywem przebaczenia; co jest powodem, dla<br \/>\nkt\u00f3rego ka\u017cdy z nas powinien przebacza\u0107.\n<\/div>\n<div align=\"justify\" style=\"background-attachment: initial; background-clip: initial; background-image: initial; background-origin: initial; background-position: initial; background-repeat: initial; background-size: initial; line-height: 150%; margin-bottom: 0cm; text-indent: 1.3cm;\">\nJu\u017c<br \/>\npierwszy dialog Jezusa z Piotrem pokazuje <b>skal\u0119 trudno\u015bci<\/b><b>.<\/b><br \/>\nPiotr pyta Jezusa, czy ma przebaczy\u0107 <i><b>a\u017c siedem razy.<\/b><\/i><br \/>\nOwe \u201esiedem razy\u201d, kt\u00f3re \u2013 jak si\u0119 p\u00f3\u017aniej okaza\u0142o z<br \/>\nwypowiedzi Jezusa \u2013 nie by\u0142o samo w sobie niczym wielkim, <b>dla<br \/>\nPiotra okaza\u0142o si\u0119 bardzo du\u017cym wysi\u0142kiem.<\/b> To by\u0142o <b>\u201ea\u017c\u201d<\/b><br \/>\nsiedem razy.\n<\/div>\n<div align=\"justify\" style=\"background-attachment: initial; background-clip: initial; background-image: initial; background-origin: initial; background-position: initial; background-repeat: initial; background-size: initial; line-height: 150%; margin-bottom: 0cm; text-indent: 1.3cm;\">\nTymczasem<br \/>\nJezus m\u00f3wi, \u017ce trzeba p\u00f3j\u015b\u0107 jeszcze dalej, \u017ce w\u0142a\u015bnie trzeba<br \/>\nt\u0119 <b>granic\u0119 przekroczy\u0107<\/b><b>,<\/b> \u017ce owe Piotrowe <b>\u201ea\u017c\u201d<\/b><br \/>\nsiedem \u2013 jest w rzeczywisto\u015bci <b>\u201etylko\u201d<\/b> siedem, \u017ce tak<br \/>\nnaprawd\u0119 <b>nale\u017cy przebacza\u0107 zawsze<\/b><b>, <\/b>bo symbol dw\u00f3ch<br \/>\nsi\u00f3demek, kt\u00f3ra to cyfra w Biblii oznacza jak\u0105\u015b pe\u0142ni\u0119, jak\u0105\u015b<br \/>\ndoskona\u0142o\u015b\u0107 \u2013 <b>\u00f3w symbol oznacza tutaj<\/b> <b>niesko\u0144czono\u015b\u0107<\/b><b>.<\/b><br \/>\nA zatem \u2013 przebacza\u0107 zawsze, stale by\u0107 gotowym do przebaczenia.<br \/>\nDlaczego?\n<\/div>\n<div align=\"justify\" style=\"background-attachment: initial; background-clip: initial; background-image: initial; background-origin: initial; background-position: initial; background-repeat: initial; background-size: initial; line-height: 150%; margin-bottom: 0cm; text-indent: 1.3cm;\">\nBo<br \/>\nJezus przebaczy\u0142 nam znacznie wi\u0119cej. Opowie\u015b\u0107 o nielito\u015bciwym<br \/>\nd\u0142u\u017cniku jasno to pokazuje. Oto ewangeliczny pan daruje swemu<br \/>\ns\u0142udze d\u0142ug wysoko\u015bci <b>dziesi\u0119ciu tysi\u0119cy talent\u00f3w<\/b><b>.<br \/>\n<\/b>Talent \u2013 to w cesarstwie rzymskim jednostka monetarna o<br \/>\nr\u00f3wnowarto\u015bci trzydziestu czterech kilogram\u00f3w z\u0142ota lub srebra. I<br \/>\nw\u0142a\u015bnie <b>dziesi\u0119\u0107 tysi\u0119cy takich talent\u00f3w<\/b> pan podarowa\u0142<br \/>\ns\u0142udze.\n<\/div>\n<div align=\"justify\" style=\"background-attachment: initial; background-clip: initial; background-image: initial; background-origin: initial; background-position: initial; background-repeat: initial; background-size: initial; line-height: 150%; margin-bottom: 0cm; text-indent: 1.3cm;\">\nS\u0142uga<br \/>\n\u00f3w za\u015b zosta\u0142 poproszony o podarowanie d\u0142ugu w wysoko\u015bci <b>stu<br \/>\ndenar\u00f3w<\/b><b>. <\/b>A denar to w cesarstwie rzymskim, w tamtym<br \/>\nczasie, <b>dni\u00f3wka niewykwalifikowanego robotnika<\/b><b>. <\/b>I<br \/>\nw\u0142a\u015bnie sto takich denar\u00f3w \u00f3w s\u0142uga nie chcia\u0142 podarowa\u0107 w<br \/>\nczasie, kiedy jego pan \u2013 jemu samemu \u2013 podarowa\u0142 d\u0142ug w<br \/>\nwysoko\u015bci dziesi\u0119ciu tysi\u0119cy talent\u00f3w.\n<\/div>\n<div align=\"justify\" style=\"background-attachment: initial; background-clip: initial; background-image: initial; background-origin: initial; background-position: initial; background-repeat: initial; background-size: initial; line-height: 150%; margin-bottom: 0cm; text-indent: 1.3cm;\">\nMoi<br \/>\nDrodzy, <b>tu w og\u00f3le<br \/>\nnie ma \u017cadnego por\u00f3wnania, <\/b>bo<br \/>\nsuma stu denar\u00f3w nie da si\u0119 \u2013 w rzeczy samej \u2013 por\u00f3wna\u0107 do<br \/>\nsumy dziesi\u0119ciu tysi\u0119cy talent\u00f3w! Swoj\u0105 drog\u0105 \u2013 trudno<br \/>\nwyobrazi\u0107 sobie, <b>aby jakikolwiek pan po\u017cyczy\u0142 swemu s\u0142udze tak<br \/>\nogromn\u0105 sum\u0119, <\/b>ale Jezus w tej przypowie\u015bci <b>celowo <\/b>zarysowa\u0142<br \/>\ntak\u0105 ogromn\u0105 dysproporcj\u0119, <b>celowo<\/b> <b>ukaza\u0142 tak\u0105 r\u00f3\u017cnic\u0119<br \/>\n<\/b>pomi\u0119dzy jednym a drugim d\u0142ugiem, aby podkre\u015bli\u0107 <b>r\u00f3wnie\u017c<br \/>\nogromn\u0105 r\u00f3\u017cnic\u0119 <\/b>pomi\u0119dzy Bo\u017cym przebaczeniem, a<br \/>\nprzebaczeniem ze strony cz\u0142owieka.<\/div>\n<div align=\"justify\" style=\"background-attachment: initial; background-clip: initial; background-image: initial; background-origin: initial; background-position: initial; background-repeat: initial; background-size: initial; line-height: 150%; margin-bottom: 0cm; text-indent: 1.3cm;\">\n<b>B\u00f3g<br \/>\nprzebacza cz\u0142owiekowi znacznie wi\u0119cej<\/b><b>,<\/b> chocia\u017cby<br \/>\ndlatego, \u017ce grzech uderza w mi\u0142o\u015b\u0107 Boga, kt\u00f3ra jest<br \/>\nniepor\u00f3wnywalnie wi\u0119ksza od mi\u0142o\u015bci cz\u0142owieka. Poza tym,<br \/>\n<b>cz\u0142owiek o wiele cz\u0119\u015bciej zasmuca swego Boga<\/b> upadkami, ni\u017c<br \/>\njest sam zasmucany lub obra\u017cany przez innych. Pan B\u00f3g wiele razy<br \/>\ndziennie <b>musi cz\u0142owiekowi wybacza\u0107<\/b> jego grzechy i s\u0142abo\u015bci,<br \/>\nwi\u0119ksze lub mniejsze, a cz\u0142owiek nieraz przez lata <b>nosi jeden<br \/>\nuraz,<\/b> jak\u0105\u015b jedn\u0105 krzywd\u0119, mo\u017ce<br \/>\nnawet prawdziw\u0105, ale nierzadko<br \/>\nr\u00f3wnie\u017c przez siebie w jakim\u015b stopniu zawinion\u0105. To<br \/>\nwszystko powoduje, \u017ce przebaczenie jawi si\u0119 jako <b>chrze\u015bcija\u0144ski<br \/>\nobowi\u0105zek<\/b><b>.<\/b>\n<\/div>\n<div align=\"justify\" style=\"background-attachment: initial; background-clip: initial; background-image: initial; background-origin: initial; background-position: initial; background-repeat: initial; background-size: initial; line-height: 150%; margin-bottom: 0cm; text-indent: 1.3cm;\">\nZreszt\u0105,<br \/>\nna to samo wskazuje B\u00f3g w pierwszym czytaniu, w kt\u00f3rym \u2013 poprzez<br \/>\nSyracydesa \u2013 m\u00f3wi tak: <i><b>Z\u0142o\u015b\u0107 i gniew s\u0105<br \/>\nobrzydliwo\u015bciami, kt\u00f3rych pe\u0142en jest grzesznik. Tego, kt\u00f3ry si\u0119<br \/>\nm\u015bci, spotka zemsta od Pana: On grzechy jego dok\u0142adnie zachowa w<br \/>\npami\u0119ci. Odpu\u015b\u0107 win\u0119 bli\u017aniemu, a w\u00f3wczas, gdy b\u0142aga\u0107<br \/>\nb\u0119dziesz, zostan\u0105<\/b><\/i><i> <\/i><i><b>ci odpuszczone grzechy.<\/b><\/i><i><b><br \/>\nGdy cz\u0142owiek \u017cywi z\u0142o\u015b\u0107 przeciw drugiemu, jak\u017ce u Pana szuka\u0107<br \/>\nb\u0119dzie uzdrowienia? <\/b><\/i>\n<\/div>\n<div align=\"justify\" style=\"background-attachment: initial; background-clip: initial; background-image: initial; background-origin: initial; background-position: initial; background-repeat: initial; background-size: initial; line-height: 150%; margin-bottom: 0cm; text-indent: 1.3cm;\">\nDoprawdy,<br \/>\ntrudno wr\u0119cz komentowa\u0107 s\u0142owa tak czytelne i  tak oczywiste. Ca\u0142e<br \/>\nto czytanie z M\u0105dro\u015bci Syracydesa jest komentarzem, a w\u0142a\u015bciwie \u2013<br \/>\npotwierdzeniem prawd zawartych w Ewangelii: <b>jak mo\u017ce prosi\u0107 Boga<br \/>\no przebaczenie kto\u015b, kto sam nie przebacza? <\/b>Dopiero darowanie<br \/>\nwiny drugiemu pozwala na to, aby Boga prosi\u0107 o darowanie swoich win.<br \/>\nJe\u017celi kto\u015b nie ma mi\u0142osierdzia <i><b>nad cz\u0142owiekiem do siebie<br \/>\npodobnym<\/b><\/i> \u2013 jak s\u0142yszeli\u015bmy w pierwszym czytaniu \u2013 jak<br \/>\nmo\u017ce prosi\u0107 o przebaczenie <b>Boga, niesko\u0144czenie od siebie<br \/>\nwy\u017cszego i \u015bwi\u0119tszego? <\/b>\n<\/div>\n<div align=\"justify\" style=\"background-attachment: initial; background-clip: initial; background-image: initial; background-origin: initial; background-position: initial; background-repeat: initial; background-size: initial; line-height: 150%; margin-bottom: 0cm; text-indent: 1.3cm;\">\nA<br \/>\npoza tym \u2013 potwierdzeniem konieczno\u015bci przebaczenia jest i to, \u017ce<br \/>\nwszyscy staniemy kiedy\u015b przed S\u0105dem Bo\u017cym i ka\u017cdy odpowie za<br \/>\nswoje w\u0142asne grzechy. Dobrze, aby wtedy <b>nikt nie stan\u0105\u0142 z<br \/>\nbalastem zbyt ci\u0119\u017ckim,<\/b> a do tego jeszcze z jak\u0105\u015b nienawi\u015bci\u0105<br \/>\ndo kogo\u015b \u2013 nienawi\u015bci\u0105, kt\u00f3rej nie chce przebaczy\u0107. To<br \/>\nwszystko dodatkowo obci\u0105\u017cy go w oczach Bo\u017cych.\n<\/div>\n<div align=\"justify\" style=\"background-attachment: initial; background-clip: initial; background-image: initial; background-origin: initial; background-position: initial; background-repeat: initial; background-size: initial; line-height: 150%; margin-bottom: 0cm; text-indent: 1.3cm;\">\nAle<br \/>\ntrzeba nam w tym momencie zatrzyma\u0107 si\u0119 nad jeszcze jednym, bardzo<br \/>\nwa\u017cnym problemem. Kto\u015b bowiem m\u00f3g\u0142by powiedzie\u0107, \u017ce skoro Jezus<br \/>\nm\u00f3wi dzisiaj o konieczno\u015bci przebaczenia, to <b>jak to pogodzi\u0107<\/b><br \/>\nz tym, co m\u00f3wi\u0142 przed tygodniem: <b>z upomnieniem braterskim?<\/b><br \/>\nCzy nie zachodzi tu jaka\u015b powa\u017cna sprzeczno\u015b\u0107? Po<br \/>\nco upomina\u0107 i robi\u0107 problem z jakiej\u015b sprawy,<b> je\u017celi<br \/>\nmo\u017cna j\u0105 po prostu zapomnie\u0107, przebaczy\u0107?<\/b><\/div>\n<div align=\"justify\" style=\"background-attachment: initial; background-clip: initial; background-image: initial; background-origin: initial; background-position: initial; background-repeat: initial; background-size: initial; line-height: 150%; margin-bottom: 0cm; text-indent: 1.3cm;\">\nMy\u015bl\u0119,<br \/>\n\u017ce wbrew tym obawom, s\u0142owo Bo\u017ce jest w tej materii jasne. Ot\u00f3\u017c \u2013<br \/>\nbardzo cz\u0119sto w\u0142a\u015bnie mylone s\u0105 poj\u0119cia. Przebaczenie uwa\u017ca si\u0119<br \/>\nza s\u0142owo <b>r\u00f3wnoznaczne z zapomnieniem<\/b><b>,<\/b> <b>z<br \/>\nniedostrzeganiem czyjego\u015b z\u0142ego post\u0119powania. A tu zupe\u0142nie nie o<br \/>\nto chodzi! <\/b>\n<\/div>\n<div align=\"justify\" style=\"background-attachment: initial; background-clip: initial; background-image: initial; background-origin: initial; background-position: initial; background-repeat: initial; background-size: initial; line-height: 150%; margin-bottom: 0cm; text-indent: 1.3cm;\">\nPrzebaczenie<br \/>\nbowiem to<b> uwolnienie swojego serca z nienawi\u015bci.<\/b><br \/>\nW\u0142a\u015bnie o tym m\u00f3wi pierwsze czytanie: <i><b>Z\u0142o\u015b\u0107 i gniew s\u0105<br \/>\nobrzydliwo\u015bciami, kt\u00f3rych pe\u0142en jest grzesznik<\/b><\/i><i> <\/i>\u2013<br \/>\njak s\u0142yszeli\u015bmy. <i><b>Gdy cz\u0142owiek<\/b><\/i><i> <\/i><i><b>\u017cywi<br \/>\nz\u0142o\u015b\u0107 przeciw drugiemu<\/b><\/i><i><b>, jak\u017ce u Pana szuka\u0107 b\u0119dzie<br \/>\nuzdrowienia?<\/b><\/i> \u2013 to dalsze pouczenia Bo\u017cego M\u0119drca. I<br \/>\ndalej: <i><b>Sam b\u0119d\u0105c cia\u0142em, trwa w nienawi\u015bci<\/b><\/i><b>.<\/b><br \/>\nJest tu zatem mowa <b>o trwaniu w nienawi\u015bci<\/b><b>,<\/b> o<br \/>\npodtrzymywaniu w sercu <b>pragnienia zemsty<\/b><b>,<\/b> o z\u0142ym<br \/>\nnastawieniu do danego cz\u0142owieka i o \u017cyczeniu mu wszystkiego z\u0142ego.<br \/>\n<b>To z tych uczu\u0107 mamy si\u0119 wyzwoli\u0107 i owo wyzwolenie nosi nazw\u0119<br \/>\nprzebaczenia.<\/b>\n<\/div>\n<div align=\"justify\" style=\"background-attachment: initial; background-clip: initial; background-image: initial; background-origin: initial; background-position: initial; background-repeat: initial; background-size: initial; line-height: 150%; margin-bottom: 0cm; text-indent: 1.3cm;\">\nNatomiast<br \/>\nnie oznacza to, \u017ce mamy <b>nie<br \/>\nczu\u0107 si\u0119 pokrzywdzonymi,<\/b> kiedy kto\u015b nas skrzywdzi\u0142. I<b> <\/b>nie<br \/>\noznacza<br \/>\nto,<b><br \/>\n<\/b>\u017ce mamy si\u0119 cieszy\u0107 i <b>udawa\u0107, \u017ce nie ma problemu,<\/b><br \/>\nkiedy kto\u015b nam wyra\u017anie szkodzi i czyni nam na z\u0142o\u015b\u0107. I nie<br \/>\noznacza to, \u017ce mamy <b>nie<br \/>\nzareagowa\u0107,<\/b> kiedy kto\u015b wyra\u017anie \u017ale post\u0119puje. <b>W<\/b><b>prost<\/b><b><br \/>\nprzeciwnie!<\/b>\n<\/div>\n<div align=\"justify\" style=\"background-attachment: initial; background-clip: initial; background-image: initial; background-origin: initial; background-position: initial; background-repeat: initial; background-size: initial; line-height: 150%; margin-bottom: 0cm; text-indent: 1.3cm;\">\nMamy<br \/>\nprawo <b>czu\u0107 si\u0119<\/b> <b>pokrzywdzonymi <\/b>w\u00f3wczas,<br \/>\ngdy kto\u015b nas skrzywdzi<b> <\/b>i mamy prawo <b>czu\u0107 si\u0119<br \/>\noszukanymi<\/b> w\u00f3wczas, gdy kto\u015b nas oszuka. Mamy prawo mie\u0107 do<br \/>\nniego \u017cal za takie post\u0119powanie. <b>Nie mo\u017cna w\u00f3wczas udawa\u0107, \u017ce<br \/>\nnic si\u0119 nie sta\u0142o<\/b><b>, <\/b>bo to tylko utwierdza tego drugiego w<br \/>\nprzekonaniu, \u017ce dobrze post\u0119puje, podczas kiedy post\u0119puje<br \/>\nniew\u0142a\u015bciwie i kto\u015b musi mu na to zwr\u00f3ci\u0107 uwag\u0119. Dlatego mamy<br \/>\nprawo m\u00f3wi\u0107 o tym jasno, <b>mamy prawo pokaza\u0107<\/b><b> \u2013 naszym<br \/>\nzewn\u0119trznym zachowaniem \u2013 \u017ce pomi\u0119dzy nami<\/b> <b>co\u015b nie jest<br \/>\nw porz\u0105dku!<\/b> Mi\u0119dzy nami nie uk\u0142ada si\u0119 najlepiej. I my to<br \/>\nwidzimy, i nam to bardzo przeszkadza.\n<\/div>\n<div align=\"justify\" style=\"background-attachment: initial; background-clip: initial; background-image: initial; background-origin: initial; background-position: initial; background-repeat: initial; background-size: initial; line-height: 150%; margin-bottom: 0cm; text-indent: 1.3cm;\">\nMamy<br \/>\nprawo to pokaza\u0107, da\u0107 to odczu\u0107 \u2013 po to, aby \u00f3w drugi si\u0119<br \/>\nopami\u0119ta\u0142, aby wzi\u0105\u0142 si\u0119 za siebie, aby przesta\u0142 krzywdzi\u0107.<br \/>\nAle <b>jednocze\u015bnie nie wolno nam nosi\u0107 w sercu nienawi\u015bci do tej<br \/>\nosoby<\/b><b>,<\/b> \u017ale jej \u017cyczy\u0107 czy podtrzymywa\u0107 pragnienia<br \/>\nzemsty, celowego zaszkodzenia tej osobie. Tego nam czyni\u0107 nie wolno,<br \/>\nbo to si\u0119 ju\u017c sprzeciwia Ewangelii, to si\u0119 sprzeciwia<br \/>\nprzebaczeniu.\n<\/div>\n<div align=\"justify\" style=\"background-attachment: initial; background-clip: initial; background-image: initial; background-origin: initial; background-position: initial; background-repeat: initial; background-size: initial; line-height: 150%; margin-bottom: 0cm; text-indent: 1.3cm;\">\nM\u00f3wi\u0105c<br \/>\nzatem kr\u00f3tko: <b>wolno <\/b><b>nam <\/b><b>pot\u0119pi\u0107 z\u0142e<br \/>\npost\u0119powanie cz\u0142owieka, ale nie samego cz\u0142owieka!<\/b> S\u0105d nad<br \/>\nsamym cz\u0142owiekiem pozostawiamy Bogu. Nam pozostaje modlitwa o to,<br \/>\naby si\u0119 opami\u0119ta\u0142 i nawr\u00f3ci\u0142. Nawet pomimo noszonego w sercu<br \/>\n\u017calu do danej osoby \u2013 <b>warto si\u0119 za ni\u0105 pomodli\u0107<\/b><b>. Oto<br \/>\njest dopiero prawdziwe chrze\u015bcija\u0144stwo \u2013 pi\u0119kne, ale bardzo<br \/>\ntrudne.<\/b> Ale jednocze\u015bnie \u2013 naprawd\u0119 mo\u017cliwe do<br \/>\nzrealizowania.\n<\/div>\n<div align=\"justify\" style=\"background-attachment: initial; background-clip: initial; background-image: initial; background-origin: initial; background-position: initial; background-repeat: initial; background-size: initial; line-height: 150%; margin-bottom: 0cm; text-indent: 1.3cm;\">\nSt\u0105d<br \/>\nte\u017c mamy prawo reagowa\u0107 na z\u0142o, mamy prawo upomina\u0107, mamy prawo<br \/>\ntak\u017ce dochodzi\u0107 ludzkiej sprawiedliwo\u015bci. Niestety bowiem, kiedy<br \/>\ntylko, na przyk\u0142ad, zaczyna si\u0119 m\u00f3wi\u0107 <b>o rozliczeniu zbrodni<br \/>\nkomunizmu, <\/b><b>czy zbrodni wojennych, czy jakichkolwiek innych;<\/b><br \/>\ni odpowiedzialno\u015bci za krzywdy doznane przez niewinnych ludzi \u2013<br \/>\nci, kt\u00f3rzy si\u0119 tych wszystkich nieprawo\u015bci dopuszczali, <b>zaczynaj\u0105<br \/>\ndomaga\u0107 si\u0119 chrze\u015bcija\u0144skiego przebaczenia<\/b><b>.<\/b>\n<\/div>\n<div align=\"justify\" style=\"background-attachment: initial; background-clip: initial; background-image: initial; background-origin: initial; background-position: initial; background-repeat: initial; background-size: initial; line-height: 150%; margin-bottom: 0cm; text-indent: 1.3cm;\">\nTymczasem,<br \/>\n<b>co ma jedno do drugiego?<\/b> Czy<br \/>\nnie po to s\u0105 s\u0105dy, \u017ceby kara\u0142y z\u0142odziei za ich z\u0142odziejstwa i<br \/>\nmorderc\u00f3w za morderstwa?<br \/>\nOczywi\u015bcie, \u017ce po to! Naturalnie, nie \u017cyczymy z\u0142odziejowi<br \/>\n\u017ale, nie chcemy dla niego zemsty, dlatego nie zostanie ukarany<br \/>\nobci\u0119ciem r\u0105k \u2013 jak to si\u0119 dzia\u0142o w staro\u017cytno\u015bci.\n<\/div>\n<div align=\"justify\" style=\"background-attachment: initial; background-clip: initial; background-image: initial; background-origin: initial; background-position: initial; background-repeat: initial; background-size: initial; line-height: 150%; margin-bottom: 0cm; text-indent: 1.3cm;\">\nAle<br \/>\nmamy prawo <b>postawi\u0107 tam\u0119 z\u0142u<\/b><b>,<\/b> mamy prawo \u2013 jako<br \/>\nspo\u0142ecze\u0144stwo \u2013 broni\u0107 si\u0119 przed z\u0142odziejami, mordercami,<br \/>\nk\u0142amcami, <b>dlatego powinni by\u0107 ukarani<\/b> po to, aby przestali<br \/>\ninnym szkodzi\u0107, ale i po to, aby sami si\u0119 opami\u0119tali, aby<br \/>\nzrozumieli, \u017ce nie s\u0105 bezkarni i \u017ce \u017ale robi\u0105. <b>W ostatecznym<br \/>\nrozrachunku \u2013 to naprawd\u0119 chodzi o ich zbawienie!<\/b>\n<\/div>\n<div align=\"justify\" style=\"background-attachment: initial; background-clip: initial; background-image: initial; background-origin: initial; background-position: initial; background-repeat: initial; background-size: initial; line-height: 150%; margin-bottom: 0cm; text-indent: 1.3cm;\">\nChrze\u015bcija\u0144skie<br \/>\nprzebaczenie <b>nie przekre\u015bla ludzkiej sprawiedliwo\u015bci<\/b> i nie<br \/>\nmo\u017ce polega\u0107 na niezauwa\u017caniu z\u0142a. <b>Z\u0142o trzeba widzie\u0107 i z<br \/>\nca\u0142\u0105 ostro\u015bci\u0105 pot\u0119pi\u0107! <\/b>Natomiast<br \/>\ntrzeba nam si\u0119 modli\u0107 o umiej\u0119tno\u015b\u0107 przebaczania, czyli<br \/>\nwyrzucania z serca wszelkiej nienawi\u015bci i uczucia zemsty. <b>Oby ono<br \/>\nnigdy i w odniesieniu do nikogo \u2013 i w \u017cadnej sytuacji \u2013 nie<br \/>\npanowa\u0142o w naszym sercu!<\/b>\n<\/div>\n<div align=\"justify\" style=\"background-attachment: initial; background-clip: initial; background-image: initial; background-origin: initial; background-position: initial; background-repeat: initial; background-size: initial; line-height: 150%; margin-bottom: 0cm; text-indent: 1.3cm;\">\nJednocze\u015bnie<br \/>\ntrzeba nam si\u0119 modli\u0107 o umiej\u0119tno\u015b\u0107 rozpoznawania dobra i z\u0142a;<br \/>\no umiej\u0119tno\u015b\u0107 m\u0105drego, bez zawi\u015bci, zaradzania z\u0142u. <b>Aby\u015bmy<br \/>\nnigdy, w imi\u0119 \u017ale pojmowanego przebaczenia, nie zaakceptowali<br \/>\n\u017cadnego z\u0142a,<\/b> ale potrafili je precyzyjnie, po imieniu, nazwa\u0107<br \/>\ni mu zaradzi\u0107.\n<\/div>\n<div align=\"justify\" style=\"background-attachment: initial; background-clip: initial; background-image: initial; background-origin: initial; background-position: initial; background-repeat: initial; background-size: initial; line-height: 150%; margin-bottom: 0cm; text-indent: 1.3cm;\">\nModlimy<br \/>\nsi\u0119 r\u00f3wnie\u017c o to, aby w obliczu r\u00f3\u017cnych ludzkich machinacji,<br \/>\nmaj\u0105cych na celu ukrywanie z\u0142a lub obarczanie nim jednych, a<br \/>\nprzemilczanie w przypadku innych \u2013 <b>sam Chrystus przyszed\u0142 ze<br \/>\nswoj\u0105 sprawiedliwo\u015bci\u0105.<\/b>\n<\/div>\n<div align=\"justify\" style=\"background-attachment: initial; background-clip: initial; background-image: initial; background-origin: initial; background-position: initial; background-repeat: initial; background-size: initial; line-height: 150%; margin-bottom: 0cm; text-indent: 1.3cm;\">\nA<br \/>\nJego sprawiedliwo\u015b\u0107 \u2013 na szcz\u0119\u015bcie \u2013 jest niezawodna. I nie<br \/>\nma wzgl\u0119du na osoby. Dostrzega <b>ka\u017cde<\/b> z\u0142o, ale te\u017c <b>ka\u017cdemu<\/b><br \/>\nprzebacza, kto tego przebaczenia pragnie <b>i o nie prosi, a nawet \u2013<br \/>\nwyprzedza pro\u015bb\u0119 i przebacza wcze\u015bniej. <\/b>W dzisiejszym<br \/>\npogmatwanym \u015bwiecie na t\u0119 Chrystusow\u0105 sprawiedliwo\u015b\u0107 i na<br \/>\nChrystusowe przebaczenie szczeg\u00f3lnie liczymy.\n<\/div>\n<div align=\"justify\" style=\"background-attachment: initial; background-clip: initial; background-image: initial; background-origin: initial; background-position: initial; background-repeat: initial; background-size: initial; line-height: 150%; margin-bottom: 0cm; text-indent: 1.3cm;\">\nA<br \/>\npociech\u0105 s\u0105 dla nas s\u0142owa \u015awi\u0119tego Paw\u0142a z drugiego czytania:<br \/>\n<i><b>Nikt z nas nie \u017cyje dla siebie i nikt nie umiera dla siebie:<br \/>\nje\u017celi bowiem \u017cyjemy, \u017cyjemy dla Pana; je\u017celi za\u015b umieramy,<br \/>\numieramy dla Pana. I w \u017cyciu wi\u0119c, i w \u015bmierci, nale\u017cymy do Pana.<\/b><\/i><\/div>\n<div align=\"justify\" style=\"background-attachment: initial; background-clip: initial; background-image: initial; background-origin: initial; background-position: initial; background-repeat: initial; background-size: initial; line-height: 150%; margin-bottom: 0cm; text-indent: 1.3cm;\">\nI<br \/>\ndzi\u0119ki Bogu!<\/div>\n","protected":false},"excerpt":{"rendered":"<p>Niech b\u0119dzie pochwalony Jezus Chrystus! Moi Drodzy, w dniu dzisiejszym imieniny prze\u017cywa Ksi\u0105dz Robert Bartosik, z kt\u00f3rym mia\u0142em przyjemno\u015b\u0107 wsp\u00f3\u0142pracowa\u0107 w swoim czasie w Tr\u0105bkach. \u017bycz\u0119 Solenizantowi nieustannej blisko\u015bci Jezusa w ca\u0142ej kap\u0142a\u0144skiej pos\u0142udze. Zapewniam o modlitwie! Moi Drodzy, w kolejn\u0105 rocznic\u0119 napa\u015bci Rosji Sowieckiej na Polsk\u0119 \u2013 w obliczu tego, co teraz wyprawia w\u0142adca [&hellip;]<\/p>\n","protected":false},"author":1,"featured_media":0,"comment_status":"open","ping_status":"open","sticky":false,"template":"","format":"standard","meta":{"jetpack_post_was_ever_published":false,"_jetpack_newsletter_access":"","_jetpack_dont_email_post_to_subs":false,"_jetpack_newsletter_tier_id":0,"_jetpack_memberships_contains_paywalled_content":false,"_jetpack_memberships_contains_paid_content":false,"footnotes":""},"categories":[1],"tags":[],"class_list":["post-7535","post","type-post","status-publish","format-standard","hentry","category-bez-kategorii"],"yoast_head":"<!-- This site is optimized with the Yoast SEO plugin v25.1 - https:\/\/yoast.com\/wordpress\/plugins\/seo\/ -->\n<title>Czy a\u017c siedem razy?... - Gaudium Et Spes<\/title>\n<meta name=\"robots\" content=\"index, follow, max-snippet:-1, max-image-preview:large, max-video-preview:-1\" \/>\n<link rel=\"canonical\" href=\"https:\/\/gaudiumetspes-blog.pl\/index.php\/2017\/09\/17\/czy-az-siedem-razy\/\" \/>\n<meta property=\"og:locale\" content=\"pl_PL\" \/>\n<meta property=\"og:type\" content=\"article\" \/>\n<meta property=\"og:title\" content=\"Czy a\u017c siedem razy?... - Gaudium Et Spes\" \/>\n<meta property=\"og:description\" content=\"Niech b\u0119dzie pochwalony Jezus Chrystus! Moi Drodzy, w dniu dzisiejszym imieniny prze\u017cywa Ksi\u0105dz Robert Bartosik, z kt\u00f3rym mia\u0142em przyjemno\u015b\u0107 wsp\u00f3\u0142pracowa\u0107 w swoim czasie w Tr\u0105bkach. \u017bycz\u0119 Solenizantowi nieustannej blisko\u015bci Jezusa w ca\u0142ej kap\u0142a\u0144skiej pos\u0142udze. Zapewniam o modlitwie! Moi Drodzy, w kolejn\u0105 rocznic\u0119 napa\u015bci Rosji Sowieckiej na Polsk\u0119 \u2013 w obliczu tego, co teraz wyprawia w\u0142adca [&hellip;]\" \/>\n<meta property=\"og:url\" content=\"https:\/\/gaudiumetspes-blog.pl\/index.php\/2017\/09\/17\/czy-az-siedem-razy\/\" \/>\n<meta property=\"og:site_name\" content=\"Gaudium Et Spes\" \/>\n<meta property=\"article:published_time\" content=\"2017-09-17T03:16:00+00:00\" \/>\n<meta property=\"article:modified_time\" content=\"2019-07-31T10:57:05+00:00\" \/>\n<meta name=\"author\" content=\"Ks. Jacek\" \/>\n<meta name=\"twitter:card\" content=\"summary_large_image\" \/>\n<meta name=\"twitter:label1\" content=\"Napisane przez\" \/>\n\t<meta name=\"twitter:data1\" content=\"Ks. Jacek\" \/>\n\t<meta name=\"twitter:label2\" content=\"Szacowany czas czytania\" \/>\n\t<meta name=\"twitter:data2\" content=\"13 minut\" \/>\n<script type=\"application\/ld+json\" class=\"yoast-schema-graph\">{\"@context\":\"https:\/\/schema.org\",\"@graph\":[{\"@type\":\"WebPage\",\"@id\":\"https:\/\/gaudiumetspes-blog.pl\/index.php\/2017\/09\/17\/czy-az-siedem-razy\/\",\"url\":\"https:\/\/gaudiumetspes-blog.pl\/index.php\/2017\/09\/17\/czy-az-siedem-razy\/\",\"name\":\"Czy a\u017c siedem razy?... - Gaudium Et Spes\",\"isPartOf\":{\"@id\":\"https:\/\/gaudiumetspes-blog.pl\/#website\"},\"datePublished\":\"2017-09-17T03:16:00+00:00\",\"dateModified\":\"2019-07-31T10:57:05+00:00\",\"author\":{\"@id\":\"https:\/\/gaudiumetspes-blog.pl\/#\/schema\/person\/1661982992b752dea8dff0d4ed845a65\"},\"breadcrumb\":{\"@id\":\"https:\/\/gaudiumetspes-blog.pl\/index.php\/2017\/09\/17\/czy-az-siedem-razy\/#breadcrumb\"},\"inLanguage\":\"pl-PL\",\"potentialAction\":[{\"@type\":\"ReadAction\",\"target\":[\"https:\/\/gaudiumetspes-blog.pl\/index.php\/2017\/09\/17\/czy-az-siedem-razy\/\"]}]},{\"@type\":\"BreadcrumbList\",\"@id\":\"https:\/\/gaudiumetspes-blog.pl\/index.php\/2017\/09\/17\/czy-az-siedem-razy\/#breadcrumb\",\"itemListElement\":[{\"@type\":\"ListItem\",\"position\":1,\"name\":\"Strona g\u0142\u00f3wna\",\"item\":\"https:\/\/gaudiumetspes-blog.pl\/\"},{\"@type\":\"ListItem\",\"position\":2,\"name\":\"Czy&nbsp;a\u017c siedem razy?&#8230;\"}]},{\"@type\":\"WebSite\",\"@id\":\"https:\/\/gaudiumetspes-blog.pl\/#website\",\"url\":\"https:\/\/gaudiumetspes-blog.pl\/\",\"name\":\"Gaudium Et Spes\",\"description\":\"Blog Ks. Jacka Ja\u015bkowskiego\",\"potentialAction\":[{\"@type\":\"SearchAction\",\"target\":{\"@type\":\"EntryPoint\",\"urlTemplate\":\"https:\/\/gaudiumetspes-blog.pl\/?s={search_term_string}\"},\"query-input\":{\"@type\":\"PropertyValueSpecification\",\"valueRequired\":true,\"valueName\":\"search_term_string\"}}],\"inLanguage\":\"pl-PL\"},{\"@type\":\"Person\",\"@id\":\"https:\/\/gaudiumetspes-blog.pl\/#\/schema\/person\/1661982992b752dea8dff0d4ed845a65\",\"name\":\"Ks. Jacek\",\"image\":{\"@type\":\"ImageObject\",\"inLanguage\":\"pl-PL\",\"@id\":\"https:\/\/gaudiumetspes-blog.pl\/#\/schema\/person\/image\/\",\"url\":\"https:\/\/gaudiumetspes-blog.pl\/wp-content\/uploads\/2019\/07\/avatar-JJ-150x150.jpg\",\"contentUrl\":\"https:\/\/gaudiumetspes-blog.pl\/wp-content\/uploads\/2019\/07\/avatar-JJ-150x150.jpg\",\"caption\":\"Ks. Jacek\"},\"description\":\"Witam serdecznie! K\u0142ania si\u0119 Ks. Jacek Ja\u015bkowski. Nie jestem ani kim\u015b wa\u017cnym, ani kim\u015b znanym. Jestem ksi\u0119dzem, kt\u00f3ry po prostu chce rozmawia\u0107. Codzienna kap\u0142a\u0144ska pos\u0142uga pokazuje mi, \u017ce temat\u00f3w do rozm\u00f3w z ksi\u0119dzem jest coraz wi\u0119cej i dzisiaj \u017caden ksi\u0105dz nie mo\u017ce od nich ucieka\u0107, ale - wprost przeciwnie - podejmowa\u0107 nowe wyzwania. To przekonanie sk\u0142oni\u0142o mnie do pr\u00f3by otwarcia tego\u017c bloga, chocia\u017c okazji do rozm\u00f3w na co dzie\u0144 - w konfesjonale i poza nim - na szcz\u0119\u015bcie nie brakuje. My\u015bl\u0119 jednak, \u017ce ten blog b\u0119dzie jeszcze jednym sposobem i przestrzeni\u0105 nawi\u0105zania kontaktu z lud\u017ami dobrej woli, otwartymi na dialog.\",\"url\":\"https:\/\/gaudiumetspes-blog.pl\/index.php\/author\/ks-jacek\/\"}]}<\/script>\n<!-- \/ Yoast SEO plugin. -->","yoast_head_json":{"title":"Czy a\u017c siedem razy?... - Gaudium Et Spes","robots":{"index":"index","follow":"follow","max-snippet":"max-snippet:-1","max-image-preview":"max-image-preview:large","max-video-preview":"max-video-preview:-1"},"canonical":"https:\/\/gaudiumetspes-blog.pl\/index.php\/2017\/09\/17\/czy-az-siedem-razy\/","og_locale":"pl_PL","og_type":"article","og_title":"Czy a\u017c siedem razy?... - Gaudium Et Spes","og_description":"Niech b\u0119dzie pochwalony Jezus Chrystus! Moi Drodzy, w dniu dzisiejszym imieniny prze\u017cywa Ksi\u0105dz Robert Bartosik, z kt\u00f3rym mia\u0142em przyjemno\u015b\u0107 wsp\u00f3\u0142pracowa\u0107 w swoim czasie w Tr\u0105bkach. \u017bycz\u0119 Solenizantowi nieustannej blisko\u015bci Jezusa w ca\u0142ej kap\u0142a\u0144skiej pos\u0142udze. Zapewniam o modlitwie! Moi Drodzy, w kolejn\u0105 rocznic\u0119 napa\u015bci Rosji Sowieckiej na Polsk\u0119 \u2013 w obliczu tego, co teraz wyprawia w\u0142adca [&hellip;]","og_url":"https:\/\/gaudiumetspes-blog.pl\/index.php\/2017\/09\/17\/czy-az-siedem-razy\/","og_site_name":"Gaudium Et Spes","article_published_time":"2017-09-17T03:16:00+00:00","article_modified_time":"2019-07-31T10:57:05+00:00","author":"Ks. Jacek","twitter_card":"summary_large_image","twitter_misc":{"Napisane przez":"Ks. Jacek","Szacowany czas czytania":"13 minut"},"schema":{"@context":"https:\/\/schema.org","@graph":[{"@type":"WebPage","@id":"https:\/\/gaudiumetspes-blog.pl\/index.php\/2017\/09\/17\/czy-az-siedem-razy\/","url":"https:\/\/gaudiumetspes-blog.pl\/index.php\/2017\/09\/17\/czy-az-siedem-razy\/","name":"Czy a\u017c siedem razy?... - Gaudium Et Spes","isPartOf":{"@id":"https:\/\/gaudiumetspes-blog.pl\/#website"},"datePublished":"2017-09-17T03:16:00+00:00","dateModified":"2019-07-31T10:57:05+00:00","author":{"@id":"https:\/\/gaudiumetspes-blog.pl\/#\/schema\/person\/1661982992b752dea8dff0d4ed845a65"},"breadcrumb":{"@id":"https:\/\/gaudiumetspes-blog.pl\/index.php\/2017\/09\/17\/czy-az-siedem-razy\/#breadcrumb"},"inLanguage":"pl-PL","potentialAction":[{"@type":"ReadAction","target":["https:\/\/gaudiumetspes-blog.pl\/index.php\/2017\/09\/17\/czy-az-siedem-razy\/"]}]},{"@type":"BreadcrumbList","@id":"https:\/\/gaudiumetspes-blog.pl\/index.php\/2017\/09\/17\/czy-az-siedem-razy\/#breadcrumb","itemListElement":[{"@type":"ListItem","position":1,"name":"Strona g\u0142\u00f3wna","item":"https:\/\/gaudiumetspes-blog.pl\/"},{"@type":"ListItem","position":2,"name":"Czy&nbsp;a\u017c siedem razy?&#8230;"}]},{"@type":"WebSite","@id":"https:\/\/gaudiumetspes-blog.pl\/#website","url":"https:\/\/gaudiumetspes-blog.pl\/","name":"Gaudium Et Spes","description":"Blog Ks. Jacka Ja\u015bkowskiego","potentialAction":[{"@type":"SearchAction","target":{"@type":"EntryPoint","urlTemplate":"https:\/\/gaudiumetspes-blog.pl\/?s={search_term_string}"},"query-input":{"@type":"PropertyValueSpecification","valueRequired":true,"valueName":"search_term_string"}}],"inLanguage":"pl-PL"},{"@type":"Person","@id":"https:\/\/gaudiumetspes-blog.pl\/#\/schema\/person\/1661982992b752dea8dff0d4ed845a65","name":"Ks. Jacek","image":{"@type":"ImageObject","inLanguage":"pl-PL","@id":"https:\/\/gaudiumetspes-blog.pl\/#\/schema\/person\/image\/","url":"https:\/\/gaudiumetspes-blog.pl\/wp-content\/uploads\/2019\/07\/avatar-JJ-150x150.jpg","contentUrl":"https:\/\/gaudiumetspes-blog.pl\/wp-content\/uploads\/2019\/07\/avatar-JJ-150x150.jpg","caption":"Ks. Jacek"},"description":"Witam serdecznie! K\u0142ania si\u0119 Ks. Jacek Ja\u015bkowski. Nie jestem ani kim\u015b wa\u017cnym, ani kim\u015b znanym. Jestem ksi\u0119dzem, kt\u00f3ry po prostu chce rozmawia\u0107. Codzienna kap\u0142a\u0144ska pos\u0142uga pokazuje mi, \u017ce temat\u00f3w do rozm\u00f3w z ksi\u0119dzem jest coraz wi\u0119cej i dzisiaj \u017caden ksi\u0105dz nie mo\u017ce od nich ucieka\u0107, ale - wprost przeciwnie - podejmowa\u0107 nowe wyzwania. To przekonanie sk\u0142oni\u0142o mnie do pr\u00f3by otwarcia tego\u017c bloga, chocia\u017c okazji do rozm\u00f3w na co dzie\u0144 - w konfesjonale i poza nim - na szcz\u0119\u015bcie nie brakuje. My\u015bl\u0119 jednak, \u017ce ten blog b\u0119dzie jeszcze jednym sposobem i przestrzeni\u0105 nawi\u0105zania kontaktu z lud\u017ami dobrej woli, otwartymi na dialog.","url":"https:\/\/gaudiumetspes-blog.pl\/index.php\/author\/ks-jacek\/"}]}},"jetpack_featured_media_url":"","jetpack_sharing_enabled":true,"_links":{"self":[{"href":"https:\/\/gaudiumetspes-blog.pl\/index.php\/wp-json\/wp\/v2\/posts\/7535","targetHints":{"allow":["GET"]}}],"collection":[{"href":"https:\/\/gaudiumetspes-blog.pl\/index.php\/wp-json\/wp\/v2\/posts"}],"about":[{"href":"https:\/\/gaudiumetspes-blog.pl\/index.php\/wp-json\/wp\/v2\/types\/post"}],"author":[{"embeddable":true,"href":"https:\/\/gaudiumetspes-blog.pl\/index.php\/wp-json\/wp\/v2\/users\/1"}],"replies":[{"embeddable":true,"href":"https:\/\/gaudiumetspes-blog.pl\/index.php\/wp-json\/wp\/v2\/comments?post=7535"}],"version-history":[{"count":1,"href":"https:\/\/gaudiumetspes-blog.pl\/index.php\/wp-json\/wp\/v2\/posts\/7535\/revisions"}],"predecessor-version":[{"id":13443,"href":"https:\/\/gaudiumetspes-blog.pl\/index.php\/wp-json\/wp\/v2\/posts\/7535\/revisions\/13443"}],"wp:attachment":[{"href":"https:\/\/gaudiumetspes-blog.pl\/index.php\/wp-json\/wp\/v2\/media?parent=7535"}],"wp:term":[{"taxonomy":"category","embeddable":true,"href":"https:\/\/gaudiumetspes-blog.pl\/index.php\/wp-json\/wp\/v2\/categories?post=7535"},{"taxonomy":"post_tag","embeddable":true,"href":"https:\/\/gaudiumetspes-blog.pl\/index.php\/wp-json\/wp\/v2\/tags?post=7535"}],"curies":[{"name":"wp","href":"https:\/\/api.w.org\/{rel}","templated":true}]}}