{"id":7541,"date":"2017-09-11T04:38:00","date_gmt":"2017-09-11T02:38:00","guid":{"rendered":"https:\/\/gaudiumetspes-blog.pl\/index.php\/2017\/09\/11\/dopeniam-braki-udrek-chrystusa\/"},"modified":"2019-07-31T12:57:05","modified_gmt":"2019-07-31T10:57:05","slug":"dopeniam-braki-udrek-chrystusa","status":"publish","type":"post","link":"https:\/\/gaudiumetspes-blog.pl\/index.php\/2017\/09\/11\/dopeniam-braki-udrek-chrystusa\/","title":{"rendered":"Dope\u0142niam braki udr\u0119k Chrystusa&#8230;"},"content":{"rendered":"<div align=\"justify\" style=\"line-height: 150%; margin-bottom: 0cm;\">\nSzcz\u0119\u015b\u0107 Bo\u017ce! Pozdrawiam! Dobrego dnia!<\/div>\n<div align=\"justify\" style=\"line-height: 150%; margin-bottom: 0cm;\">\n&nbsp; &nbsp; &nbsp; &nbsp; &nbsp; &nbsp; &nbsp; &nbsp; &nbsp; &nbsp; &nbsp; &nbsp; &nbsp; &nbsp; &nbsp; &nbsp; &nbsp; &nbsp;Gaudium et spes! &nbsp;Ks. Jacek<\/div>\n<div align=\"justify\" style=\"line-height: 150%; margin-bottom: 0cm;\">\n<b><br \/><\/b><\/div>\n<div align=\"justify\" style=\"line-height: 150%; margin-bottom: 0cm;\">\n<b>Poniedzia\u0142ek<br \/>\n23 Tygodnia zwyk\u0142ego, rok I,<\/b><\/div>\n<div align=\"justify\" style=\"line-height: 150%; margin-bottom: 0cm;\">\n<b>do<br \/>\nczyta\u0144:  Kol 1,24\u20132,3;  \u0141k 6,6\u201311<\/b><\/div>\n<div align=\"justify\" style=\"line-height: 150%; margin-bottom: 0cm;\">\n<\/div>\n<div align=\"justify\" style=\"line-height: 150%; margin-bottom: 0cm; page-break-before: auto;\">\n<b>CZYTANIE<br \/>\nZ LISTU \u015aWI\u0118TEGO<br \/>\nPAW\u0141A APOSTO\u0141A DO KOLOSAN: <\/b>\n<\/div>\n<div align=\"justify\" style=\"background-attachment: initial; background-clip: initial; background-image: initial; background-origin: initial; background-position: initial; background-repeat: initial; background-size: initial; break-before: auto; line-height: 150%; margin-bottom: 0cm; text-indent: 1.3cm;\">\n<b>Bracia:<br \/>\nTeraz si\u0119 raduj\u0119 w cierpieniach za was i ze swej strony w moim<br \/>\nciele dope\u0142niam braki udr\u0119k Chrystusa dla dobra Jego Cia\u0142a, kt\u00f3rym<br \/>\njest Ko\u015bci\u00f3\u0142. Jego s\u0142ug\u0105 sta\u0142em si\u0119 wed\u0142ug zleconego mi wobec<br \/>\nwas Bo\u017cego w\u0142odarstwa: mam wype\u0142ni\u0107 pos\u0142annictwo g\u0142oszenia<br \/>\ns\u0142owa<br \/>\nBo\u017cego. <\/b>\n<\/div>\n<div align=\"justify\" style=\"background-attachment: initial; background-clip: initial; background-image: initial; background-origin: initial; background-position: initial; background-repeat: initial; background-size: initial; line-height: 150%; margin-bottom: 0cm; text-indent: 1.3cm;\">\n<b>Tajemnica<br \/>\nta, ukryta od wiek\u00f3w i pokole\u0144, teraz zosta\u0142a objawiona Jego<br \/>\n\u015bwi\u0119tym, kt\u00f3rym B\u00f3g zechcia\u0142 oznajmi\u0107, jak wielkie jest<br \/>\nbogactwo chwa\u0142y tej tajemnicy po\u015br\u00f3d pogan. Jest ni\u0105 Chrystus<br \/>\npo\u015br\u00f3d was, nadzieja chwa\u0142y. Jego to g\u0142osimy, upominaj\u0105c ka\u017cdego<br \/>\ncz\u0142owieka i ucz\u0105c ka\u017cdego cz\u0142owieka z ca\u0142\u0105 m\u0105dro\u015bci\u0105, aby<br \/>\nka\u017cdego cz\u0142owieka okaza\u0107 doskona\u0142ym w Chrystusie. Po to w\u0142a\u015bnie<br \/>\nsi\u0119 trudz\u0119 walcz\u0105c Jego moc\u0105, kt\u00f3ra pot\u0119\u017cnie dzia\u0142a we mnie. <\/b>\n<\/div>\n<div align=\"justify\" style=\"background-attachment: initial; background-clip: initial; background-image: initial; background-origin: initial; background-position: initial; background-repeat: initial; background-size: initial; line-height: 150%; margin-bottom: 0cm; text-indent: 1.3cm;\">\n<b>Chc\u0119<br \/>\nbowiem, aby\u015bcie wiedzieli, jak wielk\u0105 walk\u0119 tocz\u0119 o was i o tych,<br \/>\nkt\u00f3rzy s\u0105 w Laodycei, i o tych wszystkich, kt\u00f3rzy nie widzieli<br \/>\nmnie osobi\u015bcie, aby ich serca dozna\u0142y pokrzepienia, aby zostali w<br \/>\nmi\u0142o\u015bci pouczeni, ku osi\u0105gni\u0119ciu ca\u0142ego bogactwa pe\u0142ni<br \/>\nzrozumienia, ku g\u0142\u0119bszemu poznaniu tajemnicy Boga, to jest<br \/>\nChrystusa. W nim wszystkie skarby m\u0105dro\u015bci i wiedzy s\u0105 ukryte.<\/b><\/div>\n<div align=\"justify\" style=\"line-height: 150%; margin-bottom: 0cm;\">\n<\/div>\n<div align=\"justify\" style=\"line-height: 150%; margin-bottom: 0cm;\">\n<b>S\u0141OWA<br \/>\nEWANGELII WED\u0141UG \u015aWI\u0118TEGO<br \/>\n\u0141UKASZA: <\/b>\n<\/div>\n<div align=\"justify\" style=\"background-attachment: initial; background-clip: initial; background-image: initial; background-origin: initial; background-position: initial; background-repeat: initial; background-size: initial; break-before: auto; line-height: 150%; margin-bottom: 0cm; text-indent: 1.3cm;\">\n<b>W<br \/>\nszabat Jezus wszed\u0142 do synagogi i naucza\u0142. A by\u0142 tam cz\u0142owiek,<br \/>\nkt\u00f3ry mia\u0142 usch\u0142\u0105 praw\u0105 r\u0119k\u0119. <\/b>\n<\/div>\n<div align=\"justify\" style=\"background-attachment: initial; background-clip: initial; background-image: initial; background-origin: initial; background-position: initial; background-repeat: initial; background-size: initial; line-height: 150%; margin-bottom: 0cm; text-indent: 1.3cm;\">\n<b>Uczeni<br \/>\nza\u015b w Pi\u015bmie i faryzeusze \u015bledzili Go, czy w szabat uzdrawia, \u017ceby<br \/>\nznale\u017a\u0107 pow\u00f3d do oskar\u017cenia Go. <\/b>\n<\/div>\n<div align=\"justify\" style=\"background-attachment: initial; background-clip: initial; background-image: initial; background-origin: initial; background-position: initial; background-repeat: initial; background-size: initial; line-height: 150%; margin-bottom: 0cm; text-indent: 1.3cm;\">\n<b>On<br \/>\nwszak\u017ce zna\u0142 ich my\u015bli i rzek\u0142 do cz\u0142owieka, kt\u00f3ry mia\u0142 usch\u0142\u0105<br \/>\nr\u0119k\u0119: \u201ePodnie\u015b si\u0119 i sta\u0144 na \u015brodku\u201d. Podni\u00f3s\u0142 si\u0119 i<br \/>\nstan\u0105\u0142. <\/b>\n<\/div>\n<div align=\"justify\" style=\"background-attachment: initial; background-clip: initial; background-image: initial; background-origin: initial; background-position: initial; background-repeat: initial; background-size: initial; line-height: 150%; margin-bottom: 0cm; text-indent: 1.3cm;\">\n<b>Wtedy<br \/>\nJezus rzek\u0142 do nich: \u201ePytam was: Czy wolno w szabat dobrze czyni\u0107,<br \/>\nczy wolno \u017ale czyni\u0107? \u017cycie ocali\u0107 czy zniszczy\u0107?\u201d <\/b>\n<\/div>\n<div align=\"justify\" style=\"background-attachment: initial; background-clip: initial; background-image: initial; background-origin: initial; background-position: initial; background-repeat: initial; background-size: initial; line-height: 150%; margin-bottom: 0cm; text-indent: 1.3cm;\">\n<b>I<br \/>\nspojrzawszy woko\u0142o po wszystkich, rzek\u0142 do cz\u0142owieka: \u201eWyci\u0105gnij<br \/>\nr\u0119k\u0119\u201d. Uczyni\u0142 to i jego r\u0119ka sta\u0142a si\u0119 zn\u00f3w zdrowa. <\/b>\n<\/div>\n<div align=\"justify\" style=\"background-attachment: initial; background-clip: initial; background-image: initial; background-origin: initial; background-position: initial; background-repeat: initial; background-size: initial; line-height: 150%; margin-bottom: 0cm; text-indent: 1.3cm;\">\n<b>Oni<br \/>\nza\u015b wpadli w sza\u0142 i naradzali si\u0119 mi\u0119dzy sob\u0105, co by uczyni\u0107<br \/>\nJezusowi.<\/b><\/div>\n<div align=\"justify\" style=\"line-height: 150%; margin-bottom: 0cm;\">\n<\/div>\n<div align=\"justify\" style=\"background-attachment: initial; background-clip: initial; background-image: initial; background-origin: initial; background-position: initial; background-repeat: initial; background-size: initial; break-before: auto; line-height: 150%; margin-bottom: 0cm; text-indent: 1.3cm;\">\nWyznanie<br \/>\n\u015awi\u0119tego Paw\u0142a, zawarte w pierwszym dzisiejszym czytaniu, zwraca<br \/>\nnasz\u0105 uwag\u0119 na <b>wielk\u0105 intensywno\u015b\u0107 mi\u0142o\u015bci Aposto\u0142a<\/b> do<br \/>\nswoich uczni\u00f3w i wsp\u00f3\u0142wyznawc\u00f3w. Je\u017celi bowiem m\u00f3wi on dzisiaj:<br \/>\n<i><b>Teraz<br \/>\nsi\u0119 raduj\u0119 w cierpieniach za was,  <\/b><\/i>to<br \/>\nznaczy, \u017ce bardzo kocha tych, kt\u00f3rych mu B\u00f3g powierzy\u0142 i nie waha<br \/>\nsi\u0119 nawet <b>ponosi\u0107<br \/>\nza nich cierpie\u0144<\/b><br \/>\n\u2013 i to nawet z rado\u015bci\u0105!\n<\/div>\n<div align=\"justify\" style=\"background-attachment: initial; background-clip: initial; background-image: initial; background-origin: initial; background-position: initial; background-repeat: initial; background-size: initial; line-height: 150%; margin-bottom: 0cm; text-indent: 1.3cm;\">\nA<br \/>\nprzy okazji, wypowiada s\u0142owa, kt\u00f3re daj\u0105 mocno do my\u015blenia i<br \/>\nkt\u00f3re stanowi\u0105 same w sobie do\u015b\u0107 ciekawe przes\u0142anie. Chodzi<br \/>\no<br \/>\nte s\u0142owa:<i><b><br \/>\n<\/b><\/i><i><b>Z<\/b><\/i><i><b>e<br \/>\nswej strony w moim ciele dope\u0142niam braki udr\u0119k Chrystusa dla dobra<br \/>\nJego Cia\u0142a, kt\u00f3rym jest Ko\u015bci\u00f3\u0142. <\/b><\/i>My<br \/>\nsobie, rzecz jasna, dobrze zdajemy spraw\u0119 z tego, \u017ce Jezusowym<br \/>\ncierpieniom niczego \u2013 m\u00f3wi\u0105c po ludzku \u2013 nie brakuje, bo <b>Bo\u017cy<br \/>\nSyn z\u0142o\u017cy\u0142 na krzy\u017cu najdoskonalsz\u0105 Ofiar\u0119.<\/b><br \/>\nJe\u017celi jednak Pawe\u0142 u\u017cywa takiego okre\u015blenia, to oczywi\u015bcie ma<br \/>\nna my\u015bli <b>wsp\u00f3\u0142dzia\u0142anie<br \/>\nz Jezusem, udzia\u0142 w Jego cierpieniach,<\/b><br \/>\nw\u0142\u0105czanie swoich codziennych udr\u0119k, mniejszych i wi\u0119kszych, w<br \/>\nJego zbawcze dzie\u0142o\u2026<\/p>\n<\/div>\n<div align=\"justify\" style=\"background-attachment: initial; background-clip: initial; background-image: initial; background-origin: initial; background-position: initial; background-repeat: initial; background-size: initial; line-height: 150%; margin-bottom: 0cm; text-indent: 1.3cm;\">\nBo<br \/>\nw Ofierze Jezusa i w ca\u0142ym Jego po\u015bwi\u0119ceniu dla zbawienia \u015bwiata<br \/>\njest taka przestrze\u0144, kt\u00f3rej <b>Jezus<br \/>\nnie jest w stanie \u2013 a przede wszystkim: nie chce \u2013<br \/>\nzagospodarowa\u0107,<\/b><br \/>\njako \u017ce jest ona zarezerwowana wy\u0142\u0105cznie<br \/>\ncz\u0142owiekowi.<br \/>\nTo jest przestrze\u0144 na dzia\u0142anie cz\u0142owieka<br \/>\n\u2013<br \/>\njego<br \/>\nwsp\u00f3\u0142dzia\u0142anie,<br \/>\nwsp\u00f3\u0142prac\u0119<br \/>\nz \u0142ask\u0105 Bo\u017c\u0105. To<br \/>\njest w\u0142a\u015bnie przestrze\u0144 <b>na<br \/>\nwoln\u0105 odpowied\u017a cz\u0142owieka na \u0142ask\u0119 Bo\u017c\u0105.<\/b><br \/>\nCz\u0142owiek w ten spos\u00f3b mo\u017ce si\u0119 w\u0142\u0105czy\u0107 i w tym jest naprawd\u0119<br \/>\nniezast\u0105piony.\n<\/div>\n<div align=\"justify\" style=\"background-attachment: initial; background-clip: initial; background-image: initial; background-origin: initial; background-position: initial; background-repeat: initial; background-size: initial; line-height: 150%; margin-bottom: 0cm; text-indent: 1.3cm;\">\nBo<br \/>\nnikt za niego nie udzieli Bogu odpowiedzi \u2013 pozytywnej lub<br \/>\nnegatywnej, ale<br \/>\nzawsze w\u0142asnej,<br \/>\nosobistej.<br \/>\n<b>Cz\u0142owiek<br \/>\nmusi jako\u015b odnie\u015b\u0107 si\u0119 <\/b>do<br \/>\ntego, z czym B\u00f3g do niego wychodzi, przyjmuj\u0105c to, lub odrzucaj\u0105c.<br \/>\nI w\u0142a\u015bnie w taki spos\u00f3b Pawe\u0142 dope\u0142nia <i><b>brak<\/b><\/i><i><b>i<\/b><\/i><i><b><br \/>\nudr\u0119k Chrystusa<\/b><\/i><br \/>\n\u2013 w\u0142\u0105czaj\u0105c si\u0119 w nie dla dobra swoich uczni\u00f3w. Podejmuj\u0105c<br \/>\nwsp\u00f3\u0142prac\u0119 ze Zbawicielem <b>dla<br \/>\nzbawienia swoich duchowych dzieci.<\/b><br \/>\nI dla budowania Chrystusowego Ko\u015bcio\u0142a.\n<\/div>\n<div align=\"justify\" style=\"background-attachment: initial; background-clip: initial; background-image: initial; background-origin: initial; background-position: initial; background-repeat: initial; background-size: initial; line-height: 150%; margin-bottom: 0cm; text-indent: 1.3cm;\">\nPawe\u0142<br \/>\nsam o sobie m\u00f3wi, \u017ce jest s\u0142ug\u0105 tego\u017c Ko\u015bcio\u0142a. Stwierdza:<br \/>\n<i><b>Jego<br \/>\ns\u0142ug\u0105 sta\u0142em si\u0119 wed\u0142ug zleconego mi wobec was Bo\u017cego<br \/>\nw\u0142odarstwa: mam wype\u0142ni\u0107 pos\u0142annictwo g\u0142oszenia <\/b><\/i><i><b>s<\/b><\/i><i><b>\u0142owa<br \/>\nBo\u017cego.<\/b><\/i><b><br \/>\n<\/b>Po<br \/>\nczym dodaje: <i><b>Chc\u0119<br \/>\nbowiem, aby\u015bcie wiedzieli, jak wielk\u0105 walk\u0119 tocz\u0119 o was i o tych,<br \/>\nkt\u00f3rzy s\u0105 w Laodycei, i o tych wszystkich, kt\u00f3rzy nie widzieli<br \/>\nmnie osobi\u015bcie, aby ich serca dozna\u0142y<\/b><\/i><b><br \/>\n<\/b><i><b>pokrzepienia,<\/b><\/i><b><br \/>\n<\/b><i><b>aby<br \/>\nzostali w mi\u0142o\u015bci pouczeni, ku osi\u0105gni\u0119ciu ca\u0142ego bogactwa\u2026<\/b><\/i><b><br \/>\n<\/b>\n<\/div>\n<div align=\"justify\" style=\"background-attachment: initial; background-clip: initial; background-image: initial; background-origin: initial; background-position: initial; background-repeat: initial; background-size: initial; line-height: 150%; margin-bottom: 0cm; text-indent: 1.3cm;\">\nZauwa\u017camy<br \/>\nzapewne,<br \/>\nmoi Drodzy, w tych s\u0142owach naprawd\u0119 wielkie, tak\u017ce emocjonalne<br \/>\nzaanga\u017cowanie Aposto\u0142a, kt\u00f3ry <b>w<br \/>\nniczym siebie nie oszcz\u0119dza,<\/b><br \/>\noby tylko swoje duchowe dzieci doprowadzi\u0107 do zbawienia. Dla nich<br \/>\ncierpi, dla nich walczy, dla nich wsp\u00f3\u0142pracuje z Jezusem, dla nich<br \/>\ndope\u0142nia braki udr\u0119k Jezusowych! <b>Wszystko<br \/>\ndla nich<\/b><br \/>\n\u2013 czyli dla tych, o kt\u00f3rych w ostatnich dniach m\u00f3wi\u0142, \u017ce odk\u0105d<br \/>\nich pozna\u0142, nie przestaje si\u0119 za nich modli\u0107. Dzisiaj m\u00f3wi o tym,<br \/>\n\u017ce <b>dla<br \/>\nnich cierpi, \u017ce walczy\u2026<\/b><\/p>\n<\/div>\n<div align=\"justify\" style=\"background-attachment: initial; background-clip: initial; background-image: initial; background-origin: initial; background-position: initial; background-repeat: initial; background-size: initial; line-height: 150%; margin-bottom: 0cm; text-indent: 1.3cm;\">\nPawe\u0142<br \/>\nAposto\u0142 zatem <b>nie<br \/>\nby\u0142 tylko urz\u0119dowym prze\u0142o\u017conym.<\/b><br \/>\nOn by\u0142 dla swoich uczni\u00f3w ojcem,<br \/>\nbratem, przyjacielem, wzorem, autorytetem, mistrzem \u2013 i jakich by<br \/>\ntu jeszcze okre\u015ble\u0144 nie u\u017cy\u0107. <b>Oddawa\u0142<br \/>\nim ca\u0142e swoje serce!<\/b><\/p>\n<\/div>\n<div align=\"justify\" style=\"background-attachment: initial; background-clip: initial; background-image: initial; background-origin: initial; background-position: initial; background-repeat: initial; background-size: initial; line-height: 150%; margin-bottom: 0cm; text-indent: 1.3cm;\">\nPodobnie<br \/>\nzreszt\u0105, jak Jezus, kt\u00f3ry dzisiaj uzdrowi\u0142 cz\u0142owieka,<br \/>\nstawiaj\u0105c \u015bledz\u0105cym Go, opornym i<br \/>\nzawzi\u0119tym faryzeuszom,<br \/>\nretoryczne pytanie:<i><b><br \/>\nCzy wolno w szabat dobrze czyni\u0107, czy wolno \u017ale czyni\u0107? \u017cycie<br \/>\nocali\u0107 czy zniszczy\u0107?<\/b><\/i><b><br \/>\n<\/b>\n<\/div>\n<div align=\"justify\" style=\"background-attachment: initial; background-clip: initial; background-image: initial; background-origin: initial; background-position: initial; background-repeat: initial; background-size: initial; line-height: 150%; margin-bottom: 0cm; text-indent: 1.3cm;\">\nSam<br \/>\nJezus takiego dylematu nie mia\u0142. Dlatego uzdrowi\u0142 usch\u0142\u0105 r\u0119k\u0119<br \/>\ncz\u0142owieka. To<br \/>\nspowodowa\u0142o, \u017ce faryzeusze \u2013 jak s\u0142yszeli\u015bmy \u2013 <i><b>wpadli<br \/>\nw sza\u0142.<\/b><\/i><br \/>\nCo\u015b niesamowitego! Jak wielka musia\u0142a by\u0107 ich nienawi\u015b\u0107,<br \/>\na wr\u0119cz w\u015bciek\u0142o\u015b\u0107!<br \/>\nTo tak\u017ce swoiste <b>nat\u0119\u017cenie<br \/>\nuczu\u0107 \u2013 tyle, \u017ce z\u0142ych, <\/b>a<br \/>\nwi\u0119c stoj\u0105cych w jawnej sprzeczno\u015bci do tego, co swoj\u0105 postaw\u0105<br \/>\nprezentowa\u0142 zar\u00f3wno Jezus, jak i \u015awi\u0119ty Pawe\u0142. Oni ca\u0142e swoje<br \/>\n<b>serce<br \/>\nzaanga\u017cowali dla dobra<\/b><br \/>\ntych, kt\u00f3rym s\u0142u\u017cyli. Faryzeusze ca\u0142e swoje serce <b>zaanga\u017cowali<br \/>\npo stronie nienawi\u015bci <\/b>\u2013<br \/>\noszala\u0142ej nienawi\u015bci \u2013 oraz intrygowania<br \/>\nw celu zg\u0142adzenia Jezusa.<\/div>\n<div align=\"justify\" style=\"background-attachment: initial; background-clip: initial; background-image: initial; background-origin: initial; background-position: initial; background-repeat: initial; background-size: initial; line-height: 150%; margin-bottom: 0cm; text-indent: 1.3cm;\">\nA<br \/>\npo kt\u00f3rej stronie i w jakim kierunku ja anga\u017cuj\u0119 ca\u0142e swoje serce<br \/>\ni wszystkie swoje uczucia?\u2026<\/div>\n","protected":false},"excerpt":{"rendered":"<p>Szcz\u0119\u015b\u0107 Bo\u017ce! Pozdrawiam! Dobrego dnia! &nbsp; &nbsp; &nbsp; &nbsp; &nbsp; &nbsp; &nbsp; &nbsp; &nbsp; &nbsp; &nbsp; &nbsp; &nbsp; &nbsp; &nbsp; &nbsp; &nbsp; &nbsp;Gaudium et spes! &nbsp;Ks. Jacek Poniedzia\u0142ek 23 Tygodnia zwyk\u0142ego, rok I, do czyta\u0144: Kol 1,24\u20132,3; \u0141k 6,6\u201311 CZYTANIE Z LISTU \u015aWI\u0118TEGO PAW\u0141A APOSTO\u0141A DO KOLOSAN: Bracia: Teraz si\u0119 raduj\u0119 w cierpieniach za was [&hellip;]<\/p>\n","protected":false},"author":1,"featured_media":0,"comment_status":"open","ping_status":"open","sticky":false,"template":"","format":"standard","meta":{"jetpack_post_was_ever_published":false,"_jetpack_newsletter_access":"","_jetpack_dont_email_post_to_subs":false,"_jetpack_newsletter_tier_id":0,"_jetpack_memberships_contains_paywalled_content":false,"_jetpack_memberships_contains_paid_content":false,"footnotes":""},"categories":[1],"tags":[],"class_list":["post-7541","post","type-post","status-publish","format-standard","hentry","category-bez-kategorii"],"yoast_head":"<!-- This site is optimized with the Yoast SEO plugin v25.1 - https:\/\/yoast.com\/wordpress\/plugins\/seo\/ -->\n<title>Dope\u0142niam braki udr\u0119k Chrystusa... - Gaudium Et Spes<\/title>\n<meta name=\"robots\" content=\"index, follow, max-snippet:-1, max-image-preview:large, max-video-preview:-1\" \/>\n<link rel=\"canonical\" href=\"https:\/\/gaudiumetspes-blog.pl\/index.php\/2017\/09\/11\/dopeniam-braki-udrek-chrystusa\/\" \/>\n<meta property=\"og:locale\" content=\"pl_PL\" \/>\n<meta property=\"og:type\" content=\"article\" \/>\n<meta property=\"og:title\" content=\"Dope\u0142niam braki udr\u0119k Chrystusa... - Gaudium Et Spes\" \/>\n<meta property=\"og:description\" content=\"Szcz\u0119\u015b\u0107 Bo\u017ce! Pozdrawiam! Dobrego dnia! &nbsp; &nbsp; &nbsp; &nbsp; &nbsp; &nbsp; &nbsp; &nbsp; &nbsp; &nbsp; &nbsp; &nbsp; &nbsp; &nbsp; &nbsp; &nbsp; &nbsp; &nbsp;Gaudium et spes! &nbsp;Ks. Jacek Poniedzia\u0142ek 23 Tygodnia zwyk\u0142ego, rok I, do czyta\u0144: Kol 1,24\u20132,3; \u0141k 6,6\u201311 CZYTANIE Z LISTU \u015aWI\u0118TEGO PAW\u0141A APOSTO\u0141A DO KOLOSAN: Bracia: Teraz si\u0119 raduj\u0119 w cierpieniach za was [&hellip;]\" \/>\n<meta property=\"og:url\" content=\"https:\/\/gaudiumetspes-blog.pl\/index.php\/2017\/09\/11\/dopeniam-braki-udrek-chrystusa\/\" \/>\n<meta property=\"og:site_name\" content=\"Gaudium Et Spes\" \/>\n<meta property=\"article:published_time\" content=\"2017-09-11T02:38:00+00:00\" \/>\n<meta property=\"article:modified_time\" content=\"2019-07-31T10:57:05+00:00\" \/>\n<meta name=\"author\" content=\"Ks. Jacek\" \/>\n<meta name=\"twitter:card\" content=\"summary_large_image\" \/>\n<meta name=\"twitter:label1\" content=\"Napisane przez\" \/>\n\t<meta name=\"twitter:data1\" content=\"Ks. Jacek\" \/>\n\t<meta name=\"twitter:label2\" content=\"Szacowany czas czytania\" \/>\n\t<meta name=\"twitter:data2\" content=\"6 minut\" \/>\n<script type=\"application\/ld+json\" class=\"yoast-schema-graph\">{\"@context\":\"https:\/\/schema.org\",\"@graph\":[{\"@type\":\"WebPage\",\"@id\":\"https:\/\/gaudiumetspes-blog.pl\/index.php\/2017\/09\/11\/dopeniam-braki-udrek-chrystusa\/\",\"url\":\"https:\/\/gaudiumetspes-blog.pl\/index.php\/2017\/09\/11\/dopeniam-braki-udrek-chrystusa\/\",\"name\":\"Dope\u0142niam braki udr\u0119k Chrystusa... - Gaudium Et Spes\",\"isPartOf\":{\"@id\":\"https:\/\/gaudiumetspes-blog.pl\/#website\"},\"datePublished\":\"2017-09-11T02:38:00+00:00\",\"dateModified\":\"2019-07-31T10:57:05+00:00\",\"author\":{\"@id\":\"https:\/\/gaudiumetspes-blog.pl\/#\/schema\/person\/1661982992b752dea8dff0d4ed845a65\"},\"breadcrumb\":{\"@id\":\"https:\/\/gaudiumetspes-blog.pl\/index.php\/2017\/09\/11\/dopeniam-braki-udrek-chrystusa\/#breadcrumb\"},\"inLanguage\":\"pl-PL\",\"potentialAction\":[{\"@type\":\"ReadAction\",\"target\":[\"https:\/\/gaudiumetspes-blog.pl\/index.php\/2017\/09\/11\/dopeniam-braki-udrek-chrystusa\/\"]}]},{\"@type\":\"BreadcrumbList\",\"@id\":\"https:\/\/gaudiumetspes-blog.pl\/index.php\/2017\/09\/11\/dopeniam-braki-udrek-chrystusa\/#breadcrumb\",\"itemListElement\":[{\"@type\":\"ListItem\",\"position\":1,\"name\":\"Strona g\u0142\u00f3wna\",\"item\":\"https:\/\/gaudiumetspes-blog.pl\/\"},{\"@type\":\"ListItem\",\"position\":2,\"name\":\"Dope\u0142niam braki udr\u0119k Chrystusa&#8230;\"}]},{\"@type\":\"WebSite\",\"@id\":\"https:\/\/gaudiumetspes-blog.pl\/#website\",\"url\":\"https:\/\/gaudiumetspes-blog.pl\/\",\"name\":\"Gaudium Et Spes\",\"description\":\"Blog Ks. Jacka Ja\u015bkowskiego\",\"potentialAction\":[{\"@type\":\"SearchAction\",\"target\":{\"@type\":\"EntryPoint\",\"urlTemplate\":\"https:\/\/gaudiumetspes-blog.pl\/?s={search_term_string}\"},\"query-input\":{\"@type\":\"PropertyValueSpecification\",\"valueRequired\":true,\"valueName\":\"search_term_string\"}}],\"inLanguage\":\"pl-PL\"},{\"@type\":\"Person\",\"@id\":\"https:\/\/gaudiumetspes-blog.pl\/#\/schema\/person\/1661982992b752dea8dff0d4ed845a65\",\"name\":\"Ks. Jacek\",\"image\":{\"@type\":\"ImageObject\",\"inLanguage\":\"pl-PL\",\"@id\":\"https:\/\/gaudiumetspes-blog.pl\/#\/schema\/person\/image\/\",\"url\":\"https:\/\/gaudiumetspes-blog.pl\/wp-content\/uploads\/2019\/07\/avatar-JJ-150x150.jpg\",\"contentUrl\":\"https:\/\/gaudiumetspes-blog.pl\/wp-content\/uploads\/2019\/07\/avatar-JJ-150x150.jpg\",\"caption\":\"Ks. Jacek\"},\"description\":\"Witam serdecznie! K\u0142ania si\u0119 Ks. Jacek Ja\u015bkowski. Nie jestem ani kim\u015b wa\u017cnym, ani kim\u015b znanym. Jestem ksi\u0119dzem, kt\u00f3ry po prostu chce rozmawia\u0107. Codzienna kap\u0142a\u0144ska pos\u0142uga pokazuje mi, \u017ce temat\u00f3w do rozm\u00f3w z ksi\u0119dzem jest coraz wi\u0119cej i dzisiaj \u017caden ksi\u0105dz nie mo\u017ce od nich ucieka\u0107, ale - wprost przeciwnie - podejmowa\u0107 nowe wyzwania. To przekonanie sk\u0142oni\u0142o mnie do pr\u00f3by otwarcia tego\u017c bloga, chocia\u017c okazji do rozm\u00f3w na co dzie\u0144 - w konfesjonale i poza nim - na szcz\u0119\u015bcie nie brakuje. My\u015bl\u0119 jednak, \u017ce ten blog b\u0119dzie jeszcze jednym sposobem i przestrzeni\u0105 nawi\u0105zania kontaktu z lud\u017ami dobrej woli, otwartymi na dialog.\",\"url\":\"https:\/\/gaudiumetspes-blog.pl\/index.php\/author\/ks-jacek\/\"}]}<\/script>\n<!-- \/ Yoast SEO plugin. -->","yoast_head_json":{"title":"Dope\u0142niam braki udr\u0119k Chrystusa... - Gaudium Et Spes","robots":{"index":"index","follow":"follow","max-snippet":"max-snippet:-1","max-image-preview":"max-image-preview:large","max-video-preview":"max-video-preview:-1"},"canonical":"https:\/\/gaudiumetspes-blog.pl\/index.php\/2017\/09\/11\/dopeniam-braki-udrek-chrystusa\/","og_locale":"pl_PL","og_type":"article","og_title":"Dope\u0142niam braki udr\u0119k Chrystusa... - Gaudium Et Spes","og_description":"Szcz\u0119\u015b\u0107 Bo\u017ce! Pozdrawiam! Dobrego dnia! &nbsp; &nbsp; &nbsp; &nbsp; &nbsp; &nbsp; &nbsp; &nbsp; &nbsp; &nbsp; &nbsp; &nbsp; &nbsp; &nbsp; &nbsp; &nbsp; &nbsp; &nbsp;Gaudium et spes! &nbsp;Ks. Jacek Poniedzia\u0142ek 23 Tygodnia zwyk\u0142ego, rok I, do czyta\u0144: Kol 1,24\u20132,3; \u0141k 6,6\u201311 CZYTANIE Z LISTU \u015aWI\u0118TEGO PAW\u0141A APOSTO\u0141A DO KOLOSAN: Bracia: Teraz si\u0119 raduj\u0119 w cierpieniach za was [&hellip;]","og_url":"https:\/\/gaudiumetspes-blog.pl\/index.php\/2017\/09\/11\/dopeniam-braki-udrek-chrystusa\/","og_site_name":"Gaudium Et Spes","article_published_time":"2017-09-11T02:38:00+00:00","article_modified_time":"2019-07-31T10:57:05+00:00","author":"Ks. Jacek","twitter_card":"summary_large_image","twitter_misc":{"Napisane przez":"Ks. Jacek","Szacowany czas czytania":"6 minut"},"schema":{"@context":"https:\/\/schema.org","@graph":[{"@type":"WebPage","@id":"https:\/\/gaudiumetspes-blog.pl\/index.php\/2017\/09\/11\/dopeniam-braki-udrek-chrystusa\/","url":"https:\/\/gaudiumetspes-blog.pl\/index.php\/2017\/09\/11\/dopeniam-braki-udrek-chrystusa\/","name":"Dope\u0142niam braki udr\u0119k Chrystusa... - Gaudium Et Spes","isPartOf":{"@id":"https:\/\/gaudiumetspes-blog.pl\/#website"},"datePublished":"2017-09-11T02:38:00+00:00","dateModified":"2019-07-31T10:57:05+00:00","author":{"@id":"https:\/\/gaudiumetspes-blog.pl\/#\/schema\/person\/1661982992b752dea8dff0d4ed845a65"},"breadcrumb":{"@id":"https:\/\/gaudiumetspes-blog.pl\/index.php\/2017\/09\/11\/dopeniam-braki-udrek-chrystusa\/#breadcrumb"},"inLanguage":"pl-PL","potentialAction":[{"@type":"ReadAction","target":["https:\/\/gaudiumetspes-blog.pl\/index.php\/2017\/09\/11\/dopeniam-braki-udrek-chrystusa\/"]}]},{"@type":"BreadcrumbList","@id":"https:\/\/gaudiumetspes-blog.pl\/index.php\/2017\/09\/11\/dopeniam-braki-udrek-chrystusa\/#breadcrumb","itemListElement":[{"@type":"ListItem","position":1,"name":"Strona g\u0142\u00f3wna","item":"https:\/\/gaudiumetspes-blog.pl\/"},{"@type":"ListItem","position":2,"name":"Dope\u0142niam braki udr\u0119k Chrystusa&#8230;"}]},{"@type":"WebSite","@id":"https:\/\/gaudiumetspes-blog.pl\/#website","url":"https:\/\/gaudiumetspes-blog.pl\/","name":"Gaudium Et Spes","description":"Blog Ks. Jacka Ja\u015bkowskiego","potentialAction":[{"@type":"SearchAction","target":{"@type":"EntryPoint","urlTemplate":"https:\/\/gaudiumetspes-blog.pl\/?s={search_term_string}"},"query-input":{"@type":"PropertyValueSpecification","valueRequired":true,"valueName":"search_term_string"}}],"inLanguage":"pl-PL"},{"@type":"Person","@id":"https:\/\/gaudiumetspes-blog.pl\/#\/schema\/person\/1661982992b752dea8dff0d4ed845a65","name":"Ks. Jacek","image":{"@type":"ImageObject","inLanguage":"pl-PL","@id":"https:\/\/gaudiumetspes-blog.pl\/#\/schema\/person\/image\/","url":"https:\/\/gaudiumetspes-blog.pl\/wp-content\/uploads\/2019\/07\/avatar-JJ-150x150.jpg","contentUrl":"https:\/\/gaudiumetspes-blog.pl\/wp-content\/uploads\/2019\/07\/avatar-JJ-150x150.jpg","caption":"Ks. Jacek"},"description":"Witam serdecznie! K\u0142ania si\u0119 Ks. Jacek Ja\u015bkowski. Nie jestem ani kim\u015b wa\u017cnym, ani kim\u015b znanym. Jestem ksi\u0119dzem, kt\u00f3ry po prostu chce rozmawia\u0107. Codzienna kap\u0142a\u0144ska pos\u0142uga pokazuje mi, \u017ce temat\u00f3w do rozm\u00f3w z ksi\u0119dzem jest coraz wi\u0119cej i dzisiaj \u017caden ksi\u0105dz nie mo\u017ce od nich ucieka\u0107, ale - wprost przeciwnie - podejmowa\u0107 nowe wyzwania. To przekonanie sk\u0142oni\u0142o mnie do pr\u00f3by otwarcia tego\u017c bloga, chocia\u017c okazji do rozm\u00f3w na co dzie\u0144 - w konfesjonale i poza nim - na szcz\u0119\u015bcie nie brakuje. My\u015bl\u0119 jednak, \u017ce ten blog b\u0119dzie jeszcze jednym sposobem i przestrzeni\u0105 nawi\u0105zania kontaktu z lud\u017ami dobrej woli, otwartymi na dialog.","url":"https:\/\/gaudiumetspes-blog.pl\/index.php\/author\/ks-jacek\/"}]}},"jetpack_featured_media_url":"","jetpack_sharing_enabled":true,"_links":{"self":[{"href":"https:\/\/gaudiumetspes-blog.pl\/index.php\/wp-json\/wp\/v2\/posts\/7541","targetHints":{"allow":["GET"]}}],"collection":[{"href":"https:\/\/gaudiumetspes-blog.pl\/index.php\/wp-json\/wp\/v2\/posts"}],"about":[{"href":"https:\/\/gaudiumetspes-blog.pl\/index.php\/wp-json\/wp\/v2\/types\/post"}],"author":[{"embeddable":true,"href":"https:\/\/gaudiumetspes-blog.pl\/index.php\/wp-json\/wp\/v2\/users\/1"}],"replies":[{"embeddable":true,"href":"https:\/\/gaudiumetspes-blog.pl\/index.php\/wp-json\/wp\/v2\/comments?post=7541"}],"version-history":[{"count":1,"href":"https:\/\/gaudiumetspes-blog.pl\/index.php\/wp-json\/wp\/v2\/posts\/7541\/revisions"}],"predecessor-version":[{"id":13437,"href":"https:\/\/gaudiumetspes-blog.pl\/index.php\/wp-json\/wp\/v2\/posts\/7541\/revisions\/13437"}],"wp:attachment":[{"href":"https:\/\/gaudiumetspes-blog.pl\/index.php\/wp-json\/wp\/v2\/media?parent=7541"}],"wp:term":[{"taxonomy":"category","embeddable":true,"href":"https:\/\/gaudiumetspes-blog.pl\/index.php\/wp-json\/wp\/v2\/categories?post=7541"},{"taxonomy":"post_tag","embeddable":true,"href":"https:\/\/gaudiumetspes-blog.pl\/index.php\/wp-json\/wp\/v2\/tags?post=7541"}],"curies":[{"name":"wp","href":"https:\/\/api.w.org\/{rel}","templated":true}]}}