{"id":7597,"date":"2017-07-17T06:39:00","date_gmt":"2017-07-17T04:39:00","guid":{"rendered":"https:\/\/gaudiumetspes-blog.pl\/index.php\/2017\/07\/17\/wyaniajaca-sie-obecnosc-boga\/"},"modified":"2019-07-31T12:56:59","modified_gmt":"2019-07-31T10:56:59","slug":"wyaniajaca-sie-obecnosc-boga","status":"publish","type":"post","link":"https:\/\/gaudiumetspes-blog.pl\/index.php\/2017\/07\/17\/wyaniajaca-sie-obecnosc-boga\/","title":{"rendered":"Wy\u0142aniaj\u0105ca si\u0119 obecno\u015b\u0107 Boga&#8230;"},"content":{"rendered":"<div align=\"justify\" style=\"line-height: 150%; margin-bottom: 0cm;\">\nSzcz\u0119\u015b\u0107<br \/>\nBo\u017ce! Moi Drodzy, w dniu dzisiejszym<b> imieniny prze\u017cywa Siostra<br \/>\nAneta Sroka \u2013 obchodz\u0105ca nie tak dawno urodziny \u2013 za moich<br \/>\nczas\u00f3w: Prze\u0142o\u017cona domu Si\u00f3str od Anio\u0142\u00f3w w T\u0142uszczu, a<br \/>\nobecnie pos\u0142uguj\u0105ca tu i \u00f3wdzie. To znaczy, w Je\u017cowem pod<br \/>\nRzeszowem.<\/b><\/div>\n<div align=\"justify\" style=\"background-attachment: initial; background-clip: initial; background-image: initial; background-origin: initial; background-position: initial; background-repeat: initial; background-size: initial; break-before: auto; line-height: 150%; margin-bottom: 0cm; text-indent: 1.3cm;\">\n<b>Imieniny<br \/>\nprze\u017cywa tak\u017ce Aneta Gmitrzak, anga\u017cuj\u0105ca si\u0119 w swoim czasie w<br \/>\ndzia\u0142alno\u015b\u0107 Wsp\u00f3lnot m\u0142odzie\u017cowych.<\/b><\/div>\n<div align=\"justify\" style=\"background-attachment: initial; background-clip: initial; background-image: initial; background-origin: initial; background-position: initial; background-repeat: initial; background-size: initial; line-height: 150%; margin-bottom: 0cm; text-indent: 1.3cm;\">\n<b>I<br \/>\nwreszcie, dzie\u0144 dzisiejszy jest dniem imienin Anetty Dziak, mojej<br \/>\nKole\u017canki, z kt\u00f3r\u0105 razem pracowa\u0142em w Liceum im. Lelewela w<br \/>\n\u017belechowie. Pani Anetta mieszka w Miastkowie, co sprawia, \u017ce mo\u017cemy si\u0119<br \/>\nco jaki\u015b czas spotka\u0107 i pogada\u0107.<\/b><\/div>\n<div align=\"justify\" style=\"background-attachment: initial; background-clip: initial; background-image: initial; background-origin: initial; background-position: initial; background-repeat: initial; background-size: initial; line-height: 150%; margin-bottom: 0cm; text-indent: 1.3cm;\">\n<b>Wszystkim<br \/>\nSolenizantkom \u017cycz\u0119 zaufania do Boga wbrew wszystkiemu i pomimo<br \/>\nwszystko \u2013 czyli takiego, o jakim mowa w dzisiejszym Bo\u017cym s\u0142owie.<br \/>\nOczywi\u015bcie, zapewniam o modlitwie!<\/b><\/div>\n<div align=\"justify\" style=\"background-attachment: initial; background-clip: initial; background-image: initial; background-origin: initial; background-position: initial; background-repeat: initial; background-size: initial; line-height: 150%; margin-bottom: 0cm; text-indent: 1.3cm;\">\nA<br \/>\nz innych spraw, to bardzo ciesz\u0119 si\u0119 wczorajsz\u0105, trwaj\u0105c\u0105 ponad<br \/>\ndwie i p\u00f3\u0142 godziny, rozmow\u0105 na skype z Ksi\u0119dzem Markiem. Dopyta\u0142em<br \/>\no wiele szczeg\u00f3\u0142\u00f3w, zwi\u0105zanych z ostatnimi wydarzeniami<br \/>\nduszpasterskimi na Syberii. Naprawd\u0119, jest za co dzi\u0119kowa\u0107 Bogu!<\/div>\n<div align=\"center\" style=\"line-height: 150%; margin-bottom: 0cm;\">\nGaudium<br \/>\net spes!  Ks. Jacek<\/div>\n<div align=\"justify\" style=\"line-height: 150%; margin-bottom: 0cm;\">\n<\/div>\n<div align=\"justify\" style=\"line-height: 150%; margin-bottom: 0cm;\">\n<b>Poniedzia\u0142ek<br \/>\n15 Tygodnia zwyk\u0142ego, rok I,<\/b><\/div>\n<div align=\"justify\" style=\"line-height: 150%; margin-bottom: 0cm;\">\n<b>do<br \/>\nczyta\u0144:  Wj 1,8\u201314.22;  Mt 10,34\u201311,1<\/b><\/div>\n<div align=\"justify\" style=\"line-height: 150%; margin-bottom: 0cm;\">\n<\/div>\n<div align=\"justify\" style=\"line-height: 150%; margin-bottom: 0cm;\">\n<b>CZYTANIE<br \/>\nZ KSI\u0118GI WYJ\u015aCIA:<\/b><\/div>\n<div align=\"justify\" style=\"break-before: auto; line-height: 150%; margin-bottom: 0cm; text-indent: 1.3cm;\">\n<b>Rz\u0105dy<br \/>\nw Egipcie obj\u0105\u0142 nowy kr\u00f3l, kt\u00f3ry nie zna\u0142 J\u00f3zefa. I rzek\u0142 do<br \/>\nswego ludu: \u201eOto lud syn\u00f3w Izraela jest liczniejszy i pot\u0119\u017cniejszy<br \/>\nod nas. Roztropnie przeciw niemu wyst\u0105pmy; a\u017ceby si\u0119 przesta\u0142<br \/>\nrozmna\u017ca\u0107. W wypadku bowiem wojny m\u00f3g\u0142by si\u0119 po\u0142\u0105czy\u0107 z<br \/>\nnaszymi wrogami w walce przeciw nam, aby wyj\u015b\u0107 z tego kraju\u201d.<\/b><\/div>\n<div align=\"justify\" style=\"line-height: 150%; margin-bottom: 0cm; text-indent: 1.3cm;\">\n<b>Ustanowiono<br \/>\nnad nim prze\u0142o\u017conych rob\u00f3t publicznych, aby go uciskali ci\u0119\u017ckimi<br \/>\npracami. Budowano w\u00f3wczas dla faraona miasta na sk\u0142ady: Pitom i<br \/>\nRamses. Ale im wi\u0119cej go uciskano, tym bardziej si\u0119 rozmna\u017ca\u0142 i<br \/>\nrozrasta\u0142, co jeszcze pot\u0119gowa\u0142o wstr\u0119t do syn\u00f3w Izraela.<br \/>\nEgipcjanie nielito\u015bciwie zmuszali syn\u00f3w Izraela do ci\u0119\u017ckich prac<br \/>\ni uprzykrzali im \u017cycie przez uci\u0105\u017cliw\u0105 prac\u0119 przy glinie i cegle<br \/>\noraz przez r\u00f3\u017cne prace na polu. Do tych wszystkich prac przymuszano<br \/>\nich nielito\u015bciwie. <\/b>\n<\/div>\n<div align=\"justify\" style=\"line-height: 150%; margin-bottom: 0cm; text-indent: 1.3cm;\">\n<b>Faraon<br \/>\nwyda\u0142 wtedy ca\u0142emu narodowi rozkaz: \u201eWszystkich nowo narodzonych<br \/>\nch\u0142opc\u00f3w Hebrajczyk\u00f3w nale\u017cy wyrzuci\u0107 do rzeki, a dziewczynki<br \/>\npozostawi\u0107 przy \u017cyciu\u201d.<\/b><\/div>\n<div align=\"justify\" style=\"line-height: 150%; margin-bottom: 0cm;\">\n<\/div>\n<div align=\"justify\" style=\"line-height: 150%; margin-bottom: 0cm;\">\n<b>S\u0141OWA<br \/>\nEWANGELII WED\u0141UG \u015aWI\u0118TEGO<br \/>\nMATEUSZA:<\/b><\/div>\n<div align=\"justify\" style=\"break-before: auto; line-height: 150%; margin-bottom: 0cm; text-indent: 1.3cm;\">\n<b>Jezus<br \/>\npowiedzia\u0142 do swoich aposto\u0142\u00f3w: \u201eNie s\u0105d\u017acie, \u017ce przyszed\u0142em<br \/>\npok\u00f3j przynie\u015b\u0107 na ziemi\u0119. Nie przyszed\u0142em przynie\u015b\u0107 pokoju,<br \/>\nale miecz. Bo przyszed\u0142em por\u00f3\u017cni\u0107 syna z jego ojcem, c\u00f3rk\u0119 z<br \/>\nmatk\u0105, synow\u0105 z te\u015bciow\u0105; i b\u0119d\u0105 nieprzyjaci\u00f3\u0142mi cz\u0142owieka<br \/>\njego domownicy.<\/b><\/div>\n<div align=\"justify\" style=\"line-height: 150%; margin-bottom: 0cm; text-indent: 1.3cm;\">\n<b>Kto<br \/>\nmi\u0142uje ojca lub matk\u0119 bardziej ni\u017c Mnie, nie jest Mnie godzien. I<br \/>\nkto mi\u0142uje syna lub c\u00f3rk\u0119 bardziej ni\u017c Mnie, nie jest Mnie<br \/>\ngodzien. Kto nie bierze swego krzy\u017ca, a idzie za Mn\u0105, nie jest Mnie<br \/>\ngodzien. Kto chce znale\u017a\u0107 swe \u017cycie, straci je, a kto straci swe<br \/>\n\u017cycie z mego powodu, znajdzie je.<\/b><\/div>\n<div align=\"justify\" style=\"line-height: 150%; margin-bottom: 0cm; text-indent: 1.3cm;\">\n<b>Kto<br \/>\nwas przyjmuje, Mnie przyjmuje; a kto Mnie przyjmuje, przyjmuje Tego,<br \/>\nkt\u00f3ry Mnie pos\u0142a\u0142.<\/b><\/div>\n<div align=\"justify\" style=\"line-height: 150%; margin-bottom: 0cm; text-indent: 1.3cm;\">\n<b>Kto<br \/>\nprzyjmuje proroka jako proroka, nagrod\u0119 proroka otrzyma. Kto<br \/>\nprzyjmuje sprawiedliwego jako sprawiedliwego, nagrod\u0119 sprawiedliwego<br \/>\notrzyma.<\/b><\/div>\n<div align=\"justify\" style=\"line-height: 150%; margin-bottom: 0cm; text-indent: 1.3cm;\">\n<b>Kto<br \/>\npoda kubek \u015bwie\u017cej wody do picia jednemu z tych najmniejszych,<br \/>\ndlatego \u017ce jest uczniem, zaprawd\u0119 powiadam wam, nie utraci swojej<br \/>\nnagrody\u201d.<\/b><\/div>\n<div align=\"justify\" style=\"line-height: 150%; margin-bottom: 0cm; text-indent: 1.3cm;\">\n<b>Gdy<br \/>\nJezus sko\u0144czy\u0142 dawa\u0107 te wskazania dwunastu swoim uczniom, odszed\u0142<br \/>\nstamt\u0105d, aby naucza\u0107 i g\u0142osi\u0107 Ewangeli\u0119 w ich miastach.<\/b><\/div>\n<div align=\"justify\" style=\"line-height: 150%; margin-bottom: 0cm;\">\n<\/div>\n<div align=\"justify\" style=\"break-before: auto; line-height: 150%; margin-bottom: 0cm; text-indent: 1.3cm;\">\nKiedy<br \/>\nsi\u0119 wys\u0142ucha dzisiejszego pierwszego czytania, to mo\u017cna si\u0119<br \/>\nzastanawia\u0107, <b>jaki w\u0142a\u015bciwie przekaz<\/b> p\u0142ynie z niego do nas?<br \/>\nBo trudno oprze\u0107 si\u0119 wra\u017ceniu, \u017ce jest to przekaz do\u015b\u0107<br \/>\npesymistyczny: oto <i><b>r<\/b><\/i><i><b>z\u0105dy w Egipcie obj\u0105\u0142 nowy<br \/>\nkr\u00f3l, kt\u00f3ry nie zna\u0142 J\u00f3zefa,<\/b><\/i><b> <\/b>a zatem \u2013 mo\u017cna<br \/>\nrzec \u2013 sielanka si\u0119 sko\u0144czy\u0142a, wysokie notowania Izraelit\u00f3w w<br \/>\nEgipcie to te\u017c ju\u017c historia, gdy\u017c teraz stali si\u0119 oni balastem i<br \/>\nwr\u0119cz zagro\u017ceniem.\n<\/div>\n<div align=\"justify\" style=\"line-height: 150%; margin-bottom: 0cm; text-indent: 1.3cm;\">\nPrzeto<br \/>\n<i><b>ustanowiono nad <\/b><\/i><b>[nimi] <\/b><i><b>prze\u0142o\u017conych<br \/>\nrob\u00f3t publicznych, aby<\/b><\/i><b> <\/b><b>[ich]<\/b><b> <\/b><i><b>uciskali<br \/>\nci\u0119\u017ckimi pracami,<\/b><\/i><b> <\/b>z czego zreszt\u0105 owi prze\u0142o\u017ceni<br \/>\ndo\u015b\u0107 skrupulatnie si\u0119 wywi\u0105zywali. A na domiar z\u0142ego, <i><b>faraon<br \/>\nwyda\u0142 wtedy ca\u0142emu narodowi rozkaz: \u201eWszystkich nowo narodzonych<br \/>\nch\u0142opc\u00f3w Hebrajczyk\u00f3w nale\u017cy wyrzuci\u0107 do rzeki, a dziewczynki<br \/>\npozostawi\u0107 przy \u017cyciu\u201d<\/b><\/i><b>. <\/b>I to jest ca\u0142y przekaz<br \/>\ndzisiejszego pierwszego czytania\u2026 Mo\u017cna by powiedzie\u0107, \u017ce samo<br \/>\nz\u0142o i nieszcz\u0119\u015bcie, \u017cadnego pozytywnego przes\u0142ania\u2026\n<\/div>\n<div align=\"justify\" style=\"line-height: 150%; margin-bottom: 0cm; text-indent: 1.3cm;\">\nPodobnie<br \/>\nrzecz si\u0119 ma, je\u015bli idzie o Ewangeli\u0119, a przynajmniej jej pierwsz\u0105<br \/>\ncz\u0119\u015b\u0107. S\u0142yszymy tam bowiem Jezusa, kt\u00f3ry stwierdza: <i><b>Nie<br \/>\ns\u0105d\u017acie, \u017ce przyszed\u0142em pok\u00f3j przynie\u015b\u0107 na ziemi\u0119. Nie<br \/>\nprzyszed\u0142em przynie\u015b\u0107 pokoju, ale miecz. Bo przyszed\u0142em por\u00f3\u017cni\u0107<br \/>\nsyna z jego ojcem, c\u00f3rk\u0119 z matk\u0105, synow\u0105 z te\u015bciow\u0105; i b\u0119d\u0105<br \/>\nnieprzyjaci\u00f3\u0142mi cz\u0142owieka jego domownicy.<\/b><\/i><b> <\/b>\n<\/div>\n<div align=\"justify\" style=\"line-height: 150%; margin-bottom: 0cm; text-indent: 1.3cm;\">\nZnowu<br \/>\n\u2013 c\u00f3\u017c to za przekaz, c\u00f3\u017c to za przes\u0142anie?\u2026 Kolejna dawka<br \/>\npesymizmu i kolejne problemy, jakie maj\u0105 spa\u015b\u0107 na ludzi. Po czym<br \/>\nnast\u0119puje wyliczenie ilu\u015b kategorii ludzi, o kt\u00f3rych Jezus m\u00f3wi:<br \/>\n<i><b>nie jest Mnie godzien,<\/b><\/i> i dopiero od po\u0142owy czytania<br \/>\newangelicznego zaczynaj\u0105 pada\u0107 s\u0142owa, kt\u00f3re mog\u0105 tchn\u0105\u0107<br \/>\nnadziej\u0105. Bo oto Jezus m\u00f3wi: <i><b>Kto was przyjmuje, Mnie<br \/>\nprzyjmuje; a kto Mnie przyjmuje, przyjmuje Tego, kt\u00f3ry Mnie pos\u0142a\u0142.<\/b><\/i><b><br \/>\n<\/b>A nawet zapowiada nagrod\u0119 tym, kt\u00f3rzy przyjm\u0105 Jego samego i<br \/>\nwszystkich, przychodz\u0105cych w Jego imi\u0119\u2026\n<\/div>\n<div align=\"justify\" style=\"line-height: 150%; margin-bottom: 0cm; text-indent: 1.3cm;\">\nJak<br \/>\nzrozumie\u0107 taki przekaz dzisiejszego Bo\u017cego s\u0142owa? Oczywi\u015bcie,<br \/>\ntrzeba si\u0119 <b>otworzy\u0107 na natchnienia Ducha \u015awi\u0119tego<\/b> i<br \/>\nuwa\u017cnie s\u0142ucha\u0107, co b\u0119dzie On m\u00f3wi\u0142 do naszych serc, przeto<br \/>\nka\u017cdy mo\u017ce w jaki\u015b inny spos\u00f3b spojrze\u0107 na to S\u0142owo i nieco<br \/>\ninaczej je dla siebie odebra\u0107. Ale chyba mo\u017cemy wysnu\u0107 tutaj i<br \/>\ntaki wniosek, \u017ce jest ono <b>do\u015b\u0107 wiernym zapisem \u017cycia<\/b> \u2013<br \/>\ntego w\u0142a\u015bnie, co niesie \u017cycie, a wi\u0119c zmartwie\u0144, problem\u00f3w i<br \/>\ntrosk, zza kt\u00f3rych niejako <b>\u201ewy\u0142ania si\u0119\u201d B\u00f3g z ca\u0142\u0105<br \/>\nswoj\u0105 wszechmoc\u0105.<\/b>\n<\/div>\n<div align=\"justify\" style=\"line-height: 150%; margin-bottom: 0cm; text-indent: 1.3cm;\">\nTo<br \/>\n<b>\u201ewy\u0142anianie si\u0119\u201d Boga<\/b> bardzo wyra\u017anie wida\u0107 w<br \/>\nEwangelii, kiedy to Jezus w swoim przekazie zaczyna m\u00f3wi\u0107 o<br \/>\nnagrodzie, o swojej pomocy i \u017cyczliwo\u015bci wobec tych, kt\u00f3rzy zechc\u0105<br \/>\npo\u015bwi\u0119ci\u0107 si\u0119 dla Niego, czyli \u2013 jak si\u0119 dok\u0142adnie wyrazi\u0142 \u2013<b><br \/>\n\u201estraci\u0107 \u017cycie z Jego powodu\u201d.<\/b> Naturalnie, wiemy, i\u017c nie<br \/>\nchodzi tu tylko o ca\u0142kowit\u0105 utrat\u0119 \u017cycia, na zasadzie m\u0119cze\u0144stwa<br \/>\n\u2013 chocia\u017c o to r\u00f3wnie\u017c \u2013 ale o <b>wszelkie po\u015bwi\u0119cenie i<br \/>\nwyrzeczenie,<\/b> na jakie zdob\u0119dziemy si\u0119 ze wzgl\u0119du na Jezusa. To<br \/>\njest w\u00f3wczas takie <b>cz\u0105stkowe, stopniowe tracenie \u017cycia.<\/b> I<br \/>\ntym, kt\u00f3rzy si\u0119 na to zdob\u0119d\u0105, Jezus obiecuje, \u017ce swoje \u017cycie<br \/>\nznajd\u0105, odzyskaj\u0105, mo\u017cna powiedzie\u0107 \u2013 <b>posi\u0105d\u0105 je<br \/>\n\u201ebardziej\u201d,<\/b> zapewne te\u017c inaczej\u2026\n<\/div>\n<div align=\"justify\" style=\"line-height: 150%; margin-bottom: 0cm; text-indent: 1.3cm;\">\nTak<br \/>\nmo\u017cemy pojmowa\u0107 przekaz, p\u0142yn\u0105cy do nas z dzisiejszej Ewangelii.<br \/>\nJe\u015bli natomiast idzie o pierwsze czytanie, to nie s\u0142yszymy w nim<br \/>\nfaktycznie <b>\u017cadnych konkretnych s\u0142\u00f3w,<\/b> wskazuj\u0105cych na Bo\u017c\u0105<br \/>\ninterwencj\u0119 w obliczu zaistnia\u0142ych trudno\u015bci. Ale \u2013 je\u015bli tak<br \/>\nmo\u017cna powiedzie\u0107 \u2013<b> przeczuwamy j\u0105.<\/b> Zreszt\u0105, znaj\u0105c<br \/>\ndalszy bieg wydarze\u0144, opisanych w Ksi\u0119dze Wyj\u015bcia, mo\u017cemy<br \/>\npowiedzie\u0107 wprost, \u017ce <b>taka interwencja nast\u0105pi\u0142a<\/b> i z<br \/>\nca\u0142ego tego z\u0142a, o jakim dzisiaj s\u0142yszymy, B\u00f3g <b>wyprowadzi\u0142<br \/>\nwielkie dobro.<\/b><\/div>\n<div align=\"justify\" style=\"line-height: 150%; margin-bottom: 0cm; text-indent: 1.3cm;\">\nJe\u017celi<br \/>\njednak chcie\u0107 zatrzyma\u0107 si\u0119 tylko na tym, co dzisiaj Ko\u015bci\u00f3\u0142<br \/>\ndaje nam do odczytania i rozwa\u017cenia, to mo\u017cemy powiedzie\u0107, \u017ce<br \/>\n<b>Bo\u017ca interwencja jest tam wyra\u017anie odczuwalna,<\/b> ona si\u0119<br \/>\nniejako \u201ewy\u0142ania\u201d zza tej ca\u0142ej nawa\u0142y nieszcz\u0119\u015b\u0107, jaka<br \/>\nspad\u0142a na nar\u00f3d wybrany. A wr\u0119cz \u2013 wszystkie te nieszcz\u0119\u015bcia<br \/>\nmaj\u0105 <b>zmobilizowa\u0107 nar\u00f3d wybrany,<\/b> aby jeszcze bardziej<br \/>\nzaufa\u0142 Bogu i jeszcze intensywniej si\u0119 do Boga zwraca\u0142.\n<\/div>\n<div align=\"justify\" style=\"line-height: 150%; margin-bottom: 0cm; text-indent: 1.3cm;\">\nNiestety,<br \/>\nmy wiemy \u2013 tak\u017ce z lektury ca\u0142ego Pisma \u015awi\u0119tego, a szczeg\u00f3lnie<br \/>\nStarego Testamentu \u2013 \u017ce kiedy tylko B\u00f3g okazywa\u0142 swemu narodowi<br \/>\n\u0142ask\u0119 i wsparcie, <b>ten zaraz odwraca\u0142 si\u0119 od Niego<\/b> i<br \/>\nschodzi\u0142 na manowce grzechu. Kiedy za\u015b B\u00f3g dopuszcza\u0142 na\u0144 takie<br \/>\nczy inne do\u015bwiadczenia, <b>zaraz powodowa\u0142o to zwr\u00f3cenie si\u0119 ku<br \/>\nBogu.<\/b> Ot, taka ludzka natura\u2026\n<\/div>\n<div align=\"justify\" style=\"line-height: 150%; margin-bottom: 0cm; text-indent: 1.3cm;\">\nPrzeto<br \/>\ndzisiejsze Bo\u017ce s\u0142owo uczy nas tej trudnej, a wr\u0119cz bardzo trudnej<br \/>\nsztuki <b>przenikania wzrokiem swego serca <\/b><b>wszystkich<br \/>\nproblem\u00f3w i nieszcz\u0119\u015b\u0107, <\/b>jakie przynosi nam \u017cycie, aby\u015bmy za<br \/>\nnimi \u2013 albo nawet w nich \u2013 dostrzegli <b>obecno\u015b\u0107 Jezusa, kt\u00f3ry<br \/>\njest i czuwa,<\/b> gotowy pom\u00f3c i wyprowadzi\u0107 z nich naprawd\u0119<br \/>\nwielkie dobro. Je\u015bli tylko nas sta\u0107 na to, aby <b>Jemu<br \/>\nbezgranicznie zaufa\u0107<\/b> \u2013 tak, bezgranicznie, nawet nieraz <b>wbrew<br \/>\nswoim najbli\u017cszym,<\/b> a wi\u0119c ojcu lub matce, synowi lub c\u00f3rce,<br \/>\nczy innym domownikom\u2026 I je\u015bli sta\u0107 nas na to, aby  ten ca\u0142y sw\u00f3j<br \/>\nkrzy\u017c dzielnie wzi\u0105\u0107 na ramiona \u2013 <b>i za Jezusem p\u00f3j\u015b\u0107\u2026 <\/b>\n<\/div>\n<div align=\"justify\" style=\"line-height: 150%; margin-bottom: 0cm; text-indent: 1.3cm;\">\nW<br \/>\ntym kontek\u015bcie zastan\u00f3wmy si\u0119:<\/div>\n<div align=\"justify\" style=\"line-height: 150%; margin-bottom: 0cm;\">\n\u2013 Czy<br \/>\nw obliczu trudno\u015bci i nieszcz\u0119\u015b\u0107 nie trac\u0119 wiary w Boga?<\/div>\n<div align=\"justify\" style=\"line-height: 150%; margin-bottom: 0cm;\">\n\u2013 Czy<br \/>\nw obliczu powodzenia i sukces\u00f3w B\u00f3g nie przestaje mi by\u0107<br \/>\npotrzebny?<\/div>\n<div align=\"justify\" style=\"line-height: 150%; margin-bottom: 0cm;\">\n\u2013 Czy<br \/>\nswoje codzienne prace, trudno\u015bci i zm\u0119czenie \u2013 staram si\u0119<br \/>\nofiarowa\u0107 Bogu?<\/div>\n<p><\/p>\n<div align=\"justify\" style=\"line-height: 150%; margin-bottom: 0cm;\">\n<i><b>Kto<br \/>\nchce znale\u017a\u0107 swe \u017cycie, straci je, a kto straci swe \u017cycie z mego<br \/>\npowodu, znajdzie je.<\/b><\/i><\/div>\n","protected":false},"excerpt":{"rendered":"<p>Szcz\u0119\u015b\u0107 Bo\u017ce! Moi Drodzy, w dniu dzisiejszym imieniny prze\u017cywa Siostra Aneta Sroka \u2013 obchodz\u0105ca nie tak dawno urodziny \u2013 za moich czas\u00f3w: Prze\u0142o\u017cona domu Si\u00f3str od Anio\u0142\u00f3w w T\u0142uszczu, a obecnie pos\u0142uguj\u0105ca tu i \u00f3wdzie. To znaczy, w Je\u017cowem pod Rzeszowem. Imieniny prze\u017cywa tak\u017ce Aneta Gmitrzak, anga\u017cuj\u0105ca si\u0119 w swoim czasie w dzia\u0142alno\u015b\u0107 Wsp\u00f3lnot m\u0142odzie\u017cowych. [&hellip;]<\/p>\n","protected":false},"author":1,"featured_media":0,"comment_status":"open","ping_status":"open","sticky":false,"template":"","format":"standard","meta":{"jetpack_post_was_ever_published":false,"_jetpack_newsletter_access":"","_jetpack_dont_email_post_to_subs":false,"_jetpack_newsletter_tier_id":0,"_jetpack_memberships_contains_paywalled_content":false,"_jetpack_memberships_contains_paid_content":false,"footnotes":""},"categories":[1],"tags":[],"class_list":["post-7597","post","type-post","status-publish","format-standard","hentry","category-bez-kategorii"],"yoast_head":"<!-- This site is optimized with the Yoast SEO plugin v25.1 - https:\/\/yoast.com\/wordpress\/plugins\/seo\/ -->\n<title>Wy\u0142aniaj\u0105ca si\u0119 obecno\u015b\u0107 Boga... - Gaudium Et Spes<\/title>\n<meta name=\"robots\" content=\"index, follow, max-snippet:-1, max-image-preview:large, max-video-preview:-1\" \/>\n<link rel=\"canonical\" href=\"https:\/\/gaudiumetspes-blog.pl\/index.php\/2017\/07\/17\/wyaniajaca-sie-obecnosc-boga\/\" \/>\n<meta property=\"og:locale\" content=\"pl_PL\" \/>\n<meta property=\"og:type\" content=\"article\" \/>\n<meta property=\"og:title\" content=\"Wy\u0142aniaj\u0105ca si\u0119 obecno\u015b\u0107 Boga... - Gaudium Et Spes\" \/>\n<meta property=\"og:description\" content=\"Szcz\u0119\u015b\u0107 Bo\u017ce! Moi Drodzy, w dniu dzisiejszym imieniny prze\u017cywa Siostra Aneta Sroka \u2013 obchodz\u0105ca nie tak dawno urodziny \u2013 za moich czas\u00f3w: Prze\u0142o\u017cona domu Si\u00f3str od Anio\u0142\u00f3w w T\u0142uszczu, a obecnie pos\u0142uguj\u0105ca tu i \u00f3wdzie. To znaczy, w Je\u017cowem pod Rzeszowem. Imieniny prze\u017cywa tak\u017ce Aneta Gmitrzak, anga\u017cuj\u0105ca si\u0119 w swoim czasie w dzia\u0142alno\u015b\u0107 Wsp\u00f3lnot m\u0142odzie\u017cowych. [&hellip;]\" \/>\n<meta property=\"og:url\" content=\"https:\/\/gaudiumetspes-blog.pl\/index.php\/2017\/07\/17\/wyaniajaca-sie-obecnosc-boga\/\" \/>\n<meta property=\"og:site_name\" content=\"Gaudium Et Spes\" \/>\n<meta property=\"article:published_time\" content=\"2017-07-17T04:39:00+00:00\" \/>\n<meta property=\"article:modified_time\" content=\"2019-07-31T10:56:59+00:00\" \/>\n<meta name=\"author\" content=\"Ks. Jacek\" \/>\n<meta name=\"twitter:card\" content=\"summary_large_image\" \/>\n<meta name=\"twitter:label1\" content=\"Napisane przez\" \/>\n\t<meta name=\"twitter:data1\" content=\"Ks. Jacek\" \/>\n\t<meta name=\"twitter:label2\" content=\"Szacowany czas czytania\" \/>\n\t<meta name=\"twitter:data2\" content=\"8 minut\" \/>\n<script type=\"application\/ld+json\" class=\"yoast-schema-graph\">{\"@context\":\"https:\/\/schema.org\",\"@graph\":[{\"@type\":\"WebPage\",\"@id\":\"https:\/\/gaudiumetspes-blog.pl\/index.php\/2017\/07\/17\/wyaniajaca-sie-obecnosc-boga\/\",\"url\":\"https:\/\/gaudiumetspes-blog.pl\/index.php\/2017\/07\/17\/wyaniajaca-sie-obecnosc-boga\/\",\"name\":\"Wy\u0142aniaj\u0105ca si\u0119 obecno\u015b\u0107 Boga... - Gaudium Et Spes\",\"isPartOf\":{\"@id\":\"https:\/\/gaudiumetspes-blog.pl\/#website\"},\"datePublished\":\"2017-07-17T04:39:00+00:00\",\"dateModified\":\"2019-07-31T10:56:59+00:00\",\"author\":{\"@id\":\"https:\/\/gaudiumetspes-blog.pl\/#\/schema\/person\/1661982992b752dea8dff0d4ed845a65\"},\"breadcrumb\":{\"@id\":\"https:\/\/gaudiumetspes-blog.pl\/index.php\/2017\/07\/17\/wyaniajaca-sie-obecnosc-boga\/#breadcrumb\"},\"inLanguage\":\"pl-PL\",\"potentialAction\":[{\"@type\":\"ReadAction\",\"target\":[\"https:\/\/gaudiumetspes-blog.pl\/index.php\/2017\/07\/17\/wyaniajaca-sie-obecnosc-boga\/\"]}]},{\"@type\":\"BreadcrumbList\",\"@id\":\"https:\/\/gaudiumetspes-blog.pl\/index.php\/2017\/07\/17\/wyaniajaca-sie-obecnosc-boga\/#breadcrumb\",\"itemListElement\":[{\"@type\":\"ListItem\",\"position\":1,\"name\":\"Strona g\u0142\u00f3wna\",\"item\":\"https:\/\/gaudiumetspes-blog.pl\/\"},{\"@type\":\"ListItem\",\"position\":2,\"name\":\"Wy\u0142aniaj\u0105ca si\u0119 obecno\u015b\u0107 Boga&#8230;\"}]},{\"@type\":\"WebSite\",\"@id\":\"https:\/\/gaudiumetspes-blog.pl\/#website\",\"url\":\"https:\/\/gaudiumetspes-blog.pl\/\",\"name\":\"Gaudium Et Spes\",\"description\":\"Blog Ks. Jacka Ja\u015bkowskiego\",\"potentialAction\":[{\"@type\":\"SearchAction\",\"target\":{\"@type\":\"EntryPoint\",\"urlTemplate\":\"https:\/\/gaudiumetspes-blog.pl\/?s={search_term_string}\"},\"query-input\":{\"@type\":\"PropertyValueSpecification\",\"valueRequired\":true,\"valueName\":\"search_term_string\"}}],\"inLanguage\":\"pl-PL\"},{\"@type\":\"Person\",\"@id\":\"https:\/\/gaudiumetspes-blog.pl\/#\/schema\/person\/1661982992b752dea8dff0d4ed845a65\",\"name\":\"Ks. Jacek\",\"image\":{\"@type\":\"ImageObject\",\"inLanguage\":\"pl-PL\",\"@id\":\"https:\/\/gaudiumetspes-blog.pl\/#\/schema\/person\/image\/\",\"url\":\"https:\/\/gaudiumetspes-blog.pl\/wp-content\/uploads\/2019\/07\/avatar-JJ-150x150.jpg\",\"contentUrl\":\"https:\/\/gaudiumetspes-blog.pl\/wp-content\/uploads\/2019\/07\/avatar-JJ-150x150.jpg\",\"caption\":\"Ks. Jacek\"},\"description\":\"Witam serdecznie! K\u0142ania si\u0119 Ks. Jacek Ja\u015bkowski. Nie jestem ani kim\u015b wa\u017cnym, ani kim\u015b znanym. Jestem ksi\u0119dzem, kt\u00f3ry po prostu chce rozmawia\u0107. Codzienna kap\u0142a\u0144ska pos\u0142uga pokazuje mi, \u017ce temat\u00f3w do rozm\u00f3w z ksi\u0119dzem jest coraz wi\u0119cej i dzisiaj \u017caden ksi\u0105dz nie mo\u017ce od nich ucieka\u0107, ale - wprost przeciwnie - podejmowa\u0107 nowe wyzwania. To przekonanie sk\u0142oni\u0142o mnie do pr\u00f3by otwarcia tego\u017c bloga, chocia\u017c okazji do rozm\u00f3w na co dzie\u0144 - w konfesjonale i poza nim - na szcz\u0119\u015bcie nie brakuje. My\u015bl\u0119 jednak, \u017ce ten blog b\u0119dzie jeszcze jednym sposobem i przestrzeni\u0105 nawi\u0105zania kontaktu z lud\u017ami dobrej woli, otwartymi na dialog.\",\"url\":\"https:\/\/gaudiumetspes-blog.pl\/index.php\/author\/ks-jacek\/\"}]}<\/script>\n<!-- \/ Yoast SEO plugin. -->","yoast_head_json":{"title":"Wy\u0142aniaj\u0105ca si\u0119 obecno\u015b\u0107 Boga... - Gaudium Et Spes","robots":{"index":"index","follow":"follow","max-snippet":"max-snippet:-1","max-image-preview":"max-image-preview:large","max-video-preview":"max-video-preview:-1"},"canonical":"https:\/\/gaudiumetspes-blog.pl\/index.php\/2017\/07\/17\/wyaniajaca-sie-obecnosc-boga\/","og_locale":"pl_PL","og_type":"article","og_title":"Wy\u0142aniaj\u0105ca si\u0119 obecno\u015b\u0107 Boga... - Gaudium Et Spes","og_description":"Szcz\u0119\u015b\u0107 Bo\u017ce! Moi Drodzy, w dniu dzisiejszym imieniny prze\u017cywa Siostra Aneta Sroka \u2013 obchodz\u0105ca nie tak dawno urodziny \u2013 za moich czas\u00f3w: Prze\u0142o\u017cona domu Si\u00f3str od Anio\u0142\u00f3w w T\u0142uszczu, a obecnie pos\u0142uguj\u0105ca tu i \u00f3wdzie. To znaczy, w Je\u017cowem pod Rzeszowem. Imieniny prze\u017cywa tak\u017ce Aneta Gmitrzak, anga\u017cuj\u0105ca si\u0119 w swoim czasie w dzia\u0142alno\u015b\u0107 Wsp\u00f3lnot m\u0142odzie\u017cowych. [&hellip;]","og_url":"https:\/\/gaudiumetspes-blog.pl\/index.php\/2017\/07\/17\/wyaniajaca-sie-obecnosc-boga\/","og_site_name":"Gaudium Et Spes","article_published_time":"2017-07-17T04:39:00+00:00","article_modified_time":"2019-07-31T10:56:59+00:00","author":"Ks. Jacek","twitter_card":"summary_large_image","twitter_misc":{"Napisane przez":"Ks. Jacek","Szacowany czas czytania":"8 minut"},"schema":{"@context":"https:\/\/schema.org","@graph":[{"@type":"WebPage","@id":"https:\/\/gaudiumetspes-blog.pl\/index.php\/2017\/07\/17\/wyaniajaca-sie-obecnosc-boga\/","url":"https:\/\/gaudiumetspes-blog.pl\/index.php\/2017\/07\/17\/wyaniajaca-sie-obecnosc-boga\/","name":"Wy\u0142aniaj\u0105ca si\u0119 obecno\u015b\u0107 Boga... - Gaudium Et Spes","isPartOf":{"@id":"https:\/\/gaudiumetspes-blog.pl\/#website"},"datePublished":"2017-07-17T04:39:00+00:00","dateModified":"2019-07-31T10:56:59+00:00","author":{"@id":"https:\/\/gaudiumetspes-blog.pl\/#\/schema\/person\/1661982992b752dea8dff0d4ed845a65"},"breadcrumb":{"@id":"https:\/\/gaudiumetspes-blog.pl\/index.php\/2017\/07\/17\/wyaniajaca-sie-obecnosc-boga\/#breadcrumb"},"inLanguage":"pl-PL","potentialAction":[{"@type":"ReadAction","target":["https:\/\/gaudiumetspes-blog.pl\/index.php\/2017\/07\/17\/wyaniajaca-sie-obecnosc-boga\/"]}]},{"@type":"BreadcrumbList","@id":"https:\/\/gaudiumetspes-blog.pl\/index.php\/2017\/07\/17\/wyaniajaca-sie-obecnosc-boga\/#breadcrumb","itemListElement":[{"@type":"ListItem","position":1,"name":"Strona g\u0142\u00f3wna","item":"https:\/\/gaudiumetspes-blog.pl\/"},{"@type":"ListItem","position":2,"name":"Wy\u0142aniaj\u0105ca si\u0119 obecno\u015b\u0107 Boga&#8230;"}]},{"@type":"WebSite","@id":"https:\/\/gaudiumetspes-blog.pl\/#website","url":"https:\/\/gaudiumetspes-blog.pl\/","name":"Gaudium Et Spes","description":"Blog Ks. Jacka Ja\u015bkowskiego","potentialAction":[{"@type":"SearchAction","target":{"@type":"EntryPoint","urlTemplate":"https:\/\/gaudiumetspes-blog.pl\/?s={search_term_string}"},"query-input":{"@type":"PropertyValueSpecification","valueRequired":true,"valueName":"search_term_string"}}],"inLanguage":"pl-PL"},{"@type":"Person","@id":"https:\/\/gaudiumetspes-blog.pl\/#\/schema\/person\/1661982992b752dea8dff0d4ed845a65","name":"Ks. Jacek","image":{"@type":"ImageObject","inLanguage":"pl-PL","@id":"https:\/\/gaudiumetspes-blog.pl\/#\/schema\/person\/image\/","url":"https:\/\/gaudiumetspes-blog.pl\/wp-content\/uploads\/2019\/07\/avatar-JJ-150x150.jpg","contentUrl":"https:\/\/gaudiumetspes-blog.pl\/wp-content\/uploads\/2019\/07\/avatar-JJ-150x150.jpg","caption":"Ks. Jacek"},"description":"Witam serdecznie! K\u0142ania si\u0119 Ks. Jacek Ja\u015bkowski. Nie jestem ani kim\u015b wa\u017cnym, ani kim\u015b znanym. Jestem ksi\u0119dzem, kt\u00f3ry po prostu chce rozmawia\u0107. Codzienna kap\u0142a\u0144ska pos\u0142uga pokazuje mi, \u017ce temat\u00f3w do rozm\u00f3w z ksi\u0119dzem jest coraz wi\u0119cej i dzisiaj \u017caden ksi\u0105dz nie mo\u017ce od nich ucieka\u0107, ale - wprost przeciwnie - podejmowa\u0107 nowe wyzwania. To przekonanie sk\u0142oni\u0142o mnie do pr\u00f3by otwarcia tego\u017c bloga, chocia\u017c okazji do rozm\u00f3w na co dzie\u0144 - w konfesjonale i poza nim - na szcz\u0119\u015bcie nie brakuje. My\u015bl\u0119 jednak, \u017ce ten blog b\u0119dzie jeszcze jednym sposobem i przestrzeni\u0105 nawi\u0105zania kontaktu z lud\u017ami dobrej woli, otwartymi na dialog.","url":"https:\/\/gaudiumetspes-blog.pl\/index.php\/author\/ks-jacek\/"}]}},"jetpack_featured_media_url":"","jetpack_sharing_enabled":true,"_links":{"self":[{"href":"https:\/\/gaudiumetspes-blog.pl\/index.php\/wp-json\/wp\/v2\/posts\/7597","targetHints":{"allow":["GET"]}}],"collection":[{"href":"https:\/\/gaudiumetspes-blog.pl\/index.php\/wp-json\/wp\/v2\/posts"}],"about":[{"href":"https:\/\/gaudiumetspes-blog.pl\/index.php\/wp-json\/wp\/v2\/types\/post"}],"author":[{"embeddable":true,"href":"https:\/\/gaudiumetspes-blog.pl\/index.php\/wp-json\/wp\/v2\/users\/1"}],"replies":[{"embeddable":true,"href":"https:\/\/gaudiumetspes-blog.pl\/index.php\/wp-json\/wp\/v2\/comments?post=7597"}],"version-history":[{"count":1,"href":"https:\/\/gaudiumetspes-blog.pl\/index.php\/wp-json\/wp\/v2\/posts\/7597\/revisions"}],"predecessor-version":[{"id":13351,"href":"https:\/\/gaudiumetspes-blog.pl\/index.php\/wp-json\/wp\/v2\/posts\/7597\/revisions\/13351"}],"wp:attachment":[{"href":"https:\/\/gaudiumetspes-blog.pl\/index.php\/wp-json\/wp\/v2\/media?parent=7597"}],"wp:term":[{"taxonomy":"category","embeddable":true,"href":"https:\/\/gaudiumetspes-blog.pl\/index.php\/wp-json\/wp\/v2\/categories?post=7597"},{"taxonomy":"post_tag","embeddable":true,"href":"https:\/\/gaudiumetspes-blog.pl\/index.php\/wp-json\/wp\/v2\/tags?post=7597"}],"curies":[{"name":"wp","href":"https:\/\/api.w.org\/{rel}","templated":true}]}}