{"id":7598,"date":"2017-07-16T03:47:00","date_gmt":"2017-07-16T01:47:00","guid":{"rendered":"https:\/\/gaudiumetspes-blog.pl\/index.php\/2017\/07\/16\/wyjdzmy-na-spotkanie-siewcy\/"},"modified":"2019-07-31T12:56:59","modified_gmt":"2019-07-31T10:56:59","slug":"wyjdzmy-na-spotkanie-siewcy","status":"publish","type":"post","link":"https:\/\/gaudiumetspes-blog.pl\/index.php\/2017\/07\/16\/wyjdzmy-na-spotkanie-siewcy\/","title":{"rendered":"Wyjd\u017amy na spotkanie Siewcy!"},"content":{"rendered":"<div align=\"justify\" style=\"line-height: 150%; margin-bottom: 0cm;\">\nNiech<br \/>\nb\u0119dzie pochwalony Jezus Chrystus! Moi Drodzy, <b>w dniu wczorajszym<br \/>\nurodziny prze\u017cywa\u0142 nasz Dziadek, Edmund Ja\u015bkowski, dla kt\u00f3rego<br \/>\nmodlimy si\u0119 o Bo\u017c\u0105 pomoc w d\u017awiganiu krzy\u017ca choroby i wieku.<\/b><\/div>\n<div align=\"justify\" style=\"background-attachment: initial; background-clip: initial; background-image: initial; background-origin: initial; background-position: initial; background-repeat: initial; background-size: initial; break-before: auto; line-height: 150%; margin-bottom: 0cm; text-indent: 1.3cm;\">\n<b>Urodziny<br \/>\nwczoraj prze\u017cywa\u0142a tak\u017ce Anna Komoszy\u0144ska, nale\u017c\u0105ca w swoim<br \/>\nczasie do jednej z m\u0142odzie\u017cowych Wsp\u00f3lnot. Niech Jej Pan<br \/>\nb\u0142ogos\u0142awi w codziennym \u017cyciu!<\/b><\/div>\n<div align=\"justify\" style=\"background-attachment: initial; background-clip: initial; background-image: initial; background-origin: initial; background-position: initial; background-repeat: initial; background-size: initial; line-height: 150%; margin-bottom: 0cm; text-indent: 1.3cm;\">\nMoi<br \/>\nDrodzy, bardzo dzi\u0119kujemy Ksi\u0119dzu Markowi za ubogacenie nas<br \/>\nwczorajszym s\u0142\u00f3wkiem z Syberii. Razem z Nim cieszymy si\u0119 tym<br \/>\nwielkim dobrem, jakie si\u0119 tam ci\u0105gle dokonuje; ostatnio za\u015b \u2013<br \/>\nudan\u0105 wizyt\u0105 Go\u015bci. Dzi\u0119kujemy za relacj\u0119 z wa\u017cnych wydarze\u0144<br \/>\nreligijnych w Tobolsku, ale tak\u017ce \u2013 serdecznie dzi\u0119kujemy za<br \/>\nrefleksj\u0119 nad Bo\u017cym s\u0142owem, kt\u00f3rej nigdy w s\u0142\u00f3wku z Syberii nie<br \/>\nbrakuje! Wspierajmy modlitw\u0105 Parafi\u0119 w Surgucie i ca\u0142y Ko\u015bci\u00f3\u0142<br \/>\nna Syberii!<\/div>\n<div align=\"justify\" style=\"background-attachment: initial; background-clip: initial; background-image: initial; background-origin: initial; background-position: initial; background-repeat: initial; background-size: initial; line-height: 150%; margin-bottom: 0cm; text-indent: 1.3cm;\">\nA<br \/>\noto dzisiaj ko\u0144cz\u0105 si\u0119 rekolekcje domowego Ko\u015bcio\u0142a w Kodniu.<br \/>\nJestem bardzo ciekaw prze\u017cy\u0107 i wra\u017ce\u0144 Ani i Kamila, oraz Ich<br \/>\nC\u00f3reczek. Wierz\u0119, \u017ce ten \u015bwi\u0119ty i dobry czas b\u0119dzie owocowa\u0142 w<br \/>\nIch \u017cyciu.<\/div>\n<div align=\"justify\" style=\"background-attachment: initial; background-clip: initial; background-image: initial; background-origin: initial; background-position: initial; background-repeat: initial; background-size: initial; line-height: 150%; margin-bottom: 0cm; text-indent: 1.3cm;\">\nA<br \/>\nja dalej \u201edogl\u0105dam\u201d Parafii, pod nieobecno\u015b\u0107 Ksi\u0119dza<br \/>\nProboszcza. Na szcz\u0119\u015bcie, dwie Msze \u015awi\u0119te odprawi\u0105 Ksi\u0119\u017ca,<br \/>\nkt\u00f3rzy specjalnie po to przyjad\u0105 dzi\u015b do Miastkowa \u2013 jeden rano,<br \/>\na jeden po po\u0142udniu.<\/div>\n<div align=\"justify\" style=\"background-attachment: initial; background-clip: initial; background-image: initial; background-origin: initial; background-position: initial; background-repeat: initial; background-size: initial; line-height: 150%; margin-bottom: 0cm; text-indent: 1.3cm;\">\nNa<br \/>\ng\u0142\u0119bokie i owocne prze\u017cywanie dnia Pa\u0144skiego \u2013 <b>niech Was<br \/>\nb\u0142ogos\u0142awi B\u00f3g wszechmog\u0105cy: Ojciec + i Syn, i Duch \u015awi\u0119ty.<br \/>\nAmen<\/b><\/div>\n<div align=\"center\" style=\"background-attachment: initial; background-clip: initial; background-image: initial; background-origin: initial; background-position: initial; background-repeat: initial; background-size: initial; line-height: 150%; margin-bottom: 0cm;\">\nGaudium<br \/>\net spes!  Ks. Jacek<\/div>\n<div align=\"justify\" style=\"line-height: 150%; margin-bottom: 0cm;\">\n<\/div>\n<div align=\"justify\" style=\"line-height: 150%; margin-bottom: 0cm;\">\n<b>15<br \/>\nNiedziela Zwyk\u0142a, A,<\/b><\/div>\n<div align=\"justify\" style=\"line-height: 150%; margin-bottom: 0cm;\">\n<b>do<br \/>\nczyta\u0144:  Iz 55,10\u201311; Rz 8,18\u201323;  Mt 13,1\u201323<\/b><\/div>\n<div align=\"justify\" style=\"line-height: 150%; margin-bottom: 0cm;\">\n<\/div>\n<div align=\"justify\" style=\"line-height: 150%; margin-bottom: 0cm;\">\n<b>CZYTANIE<br \/>\nZ KSI\u0118GI PROROKA IZAJASZA:<\/b><\/div>\n<div align=\"justify\" style=\"background-attachment: initial; background-clip: initial; background-image: initial; background-origin: initial; background-position: initial; background-repeat: initial; background-size: initial; break-before: auto; line-height: 150%; margin-bottom: 0cm; text-indent: 1.3cm;\">\n<b>To<br \/>\nm\u00f3wi Pan: \u201ePodobnie jak ulewa i \u015bnieg spadaj\u0105 z nieba i tam nie<br \/>\npowracaj\u0105, dop\u00f3ki nie nawodni\u0105 ziemi, nie u\u017cy\u017ani\u0105 jej i nie<br \/>\nzapewni\u0105 urodzaju, tak i\u017c wydaje nasienie dla siewcy i chleb dla<br \/>\njedz\u0105cego, tak s\u0142owo, kt\u00f3re wychodzi z ust moich, nie wraca do<br \/>\nMnie bezowocne, zanim wpierw nie dokona tego, co chcia\u0142em, i nie<br \/>\nspe\u0142ni pomy\u015blnie swego pos\u0142annictwa\u201d.<\/b><\/div>\n<div align=\"justify\" style=\"line-height: 150%; margin-bottom: 0cm;\">\n<\/div>\n<div align=\"justify\" style=\"line-height: 150%; margin-bottom: 0cm;\">\n<b>CZYTANIE<br \/>\nZ LISTU \u015aWI\u0118TEGO<br \/>\nPAW\u0141A APOSTO\u0141A DO RZYMIAN: <\/b>\n<\/div>\n<div align=\"justify\" style=\"background-attachment: initial; background-clip: initial; background-image: initial; background-origin: initial; background-position: initial; background-repeat: initial; background-size: initial; break-before: auto; line-height: 150%; margin-bottom: 0cm; text-indent: 1.3cm;\">\n<b>Bracia:<br \/>\nS\u0105dz\u0119, \u017ce cierpie\u0144 tera\u017aniejszych nie mo\u017cna stawia\u0107 na r\u00f3wni<br \/>\nz chwa\u0142\u0105, kt\u00f3ra ma si\u0119 w nas objawi\u0107. Bo stworzenie z<br \/>\nupragnieniem oczekuje objawienia si\u0119 syn\u00f3w Bo\u017cych. Stworzenie<br \/>\nbowiem zosta\u0142o poddane marno\u015bci nie z w\u0142asnej ch\u0119ci, ale ze<br \/>\nwzgl\u0119du na Tego, kt\u00f3ry je podda\u0142, w nadziei, \u017ce r\u00f3wnie\u017c i ono<br \/>\nzostanie wyzwolone z niewoli zepsucia, by uczestniczy\u0107 w wolno\u015bci i<br \/>\nchwale dzieci Bo\u017cych. <\/b>\n<\/div>\n<div align=\"justify\" style=\"background-attachment: initial; background-clip: initial; background-image: initial; background-origin: initial; background-position: initial; background-repeat: initial; background-size: initial; line-height: 150%; margin-bottom: 0cm; text-indent: 1.3cm;\">\n<b>Wiemy<br \/>\nprzecie\u017c, \u017ce ca\u0142e stworzenie a\u017c dot\u0105d j\u0119czy i wzdycha w b\u00f3lach<br \/>\nrodzenia. Lecz nie tylko ono, ale i my sami, kt\u00f3rzy ju\u017c posiadamy<br \/>\npierwsze dary Ducha, i my r\u00f3wnie\u017c ca\u0142\u0105 istot\u0105 swoj\u0105 wzdychamy<br \/>\noczekuj\u0105c przybrania za syn\u00f3w, odkupienia naszego cia\u0142a.<\/b><\/div>\n<div align=\"justify\" style=\"line-height: 150%; margin-bottom: 0cm;\">\n<\/div>\n<div align=\"justify\" style=\"line-height: 150%; margin-bottom: 0cm;\">\n<b>S\u0141OWA<br \/>\nEWANGELII WED\u0141UG \u015aWI\u0118TEGO<br \/>\nMATEUSZA: <\/b>\n<\/div>\n<div align=\"justify\" style=\"background-attachment: initial; background-clip: initial; background-image: initial; background-origin: initial; background-position: initial; background-repeat: initial; background-size: initial; break-before: auto; line-height: 150%; margin-bottom: 0cm; text-indent: 1.3cm;\">\n<b>Tego<br \/>\ndnia Jezus wyszed\u0142 z domu i usiad\u0142 nad jeziorem. Wnet zebra\u0142y si\u0119<br \/>\nko\u0142o Niego t\u0142umy tak wielkie, \u017ce wszed\u0142 do \u0142odzi i usiad\u0142, a<br \/>\nca\u0142y lud sta\u0142 na brzegu. I m\u00f3wi\u0142 im wiele w przypowie\u015bciach tymi<br \/>\ns\u0142owami: <\/b>\n<\/div>\n<div align=\"justify\" style=\"background-attachment: initial; background-clip: initial; background-image: initial; background-origin: initial; background-position: initial; background-repeat: initial; background-size: initial; line-height: 150%; margin-bottom: 0cm; text-indent: 1.3cm;\">\n<b style=\"font-size: 18.6667px; text-indent: 49.1339px;\">\u201e<\/b><b>Oto<br \/>\nsiewca wyszed\u0142 sia\u0107. A gdy sia\u0142, niekt\u00f3re ziarna pad\u0142y na drog\u0119,<br \/>\nnadlecia\u0142y ptaki i wydzioba\u0142y je. Inne pad\u0142y na miejsca skaliste,<br \/>\ngdzie niewiele mia\u0142y ziemi; i wnet powschodzi\u0142y, bo gleba nie by\u0142a<br \/>\ng\u0142\u0119boka. Lecz gdy s\u0142o\u0144ce wzesz\u0142o, przypali\u0142y si\u0119 i usch\u0142y, bo<br \/>\nnie mia\u0142y korzenia. Inne znowu pad\u0142y mi\u0119dzy ciernie, a ciernie<br \/>\nwybuja\u0142y i zag\u0142uszy\u0142y je. Inne w ko\u0144cu pad\u0142y na ziemi\u0119 \u017cyzn\u0105<br \/>\ni plon wyda\u0142y, jedno stokrotny, drugie sze\u015b\u0107dziesi\u0119ciokrotny, a<br \/>\ninne trzydziestokrotny. <\/b>\n<\/div>\n<div align=\"justify\" style=\"background-attachment: initial; background-clip: initial; background-image: initial; background-origin: initial; background-position: initial; background-repeat: initial; background-size: initial; line-height: 150%; margin-bottom: 0cm; text-indent: 1.3cm;\">\n<b>Kto<br \/>\nma uszy, niechaj s\u0142ucha\u201d.<\/b><\/div>\n<div align=\"justify\" style=\"background-attachment: initial; background-clip: initial; background-image: initial; background-origin: initial; background-position: initial; background-repeat: initial; background-size: initial; line-height: 150%; margin-bottom: 0cm; text-indent: 1.3cm;\">\n<b>Przyst\u0105pili<br \/>\ndo Niego uczniowie i zapytali: \u201eDlaczego w przypowie\u015bciach m\u00f3wisz<br \/>\ndo nich?\u201d <\/b>\n<\/div>\n<div align=\"justify\" style=\"background-attachment: initial; background-clip: initial; background-image: initial; background-origin: initial; background-position: initial; background-repeat: initial; background-size: initial; line-height: 150%; margin-bottom: 0cm; text-indent: 1.3cm;\">\n<b>On<br \/>\nim odpowiedzia\u0142: \u201eWam dano pozna\u0107 tajemnice kr\u00f3lestwa<br \/>\nniebieskiego, im za\u015b nie dano. Bo kto ma, temu b\u0119dzie dodane i<br \/>\nnadmiar mie\u0107 b\u0119dzie; kto za\u015b nie ma, temu zabior\u0105 r\u00f3wnie\u017c to,<br \/>\nco ma. Dlatego m\u00f3wi\u0119 do nich w przypowie\u015bciach, \u017ce otwartymi<br \/>\noczami nie widz\u0105 i otwartymi uszami nie s\u0142ysz\u0105 ani nie rozumiej\u0105.<br \/>\nTak spe\u0142nia si\u0119 na nich przepowiednia Izajasza: <\/b>\n<\/div>\n<div align=\"justify\" style=\"background-attachment: initial; background-clip: initial; background-image: initial; background-origin: initial; background-position: initial; background-repeat: initial; background-size: initial; line-height: 150%; margin-bottom: 0cm; text-indent: 1.3cm;\">\n<b>\u00abS\u0142ucha\u0107<br \/>\nb\u0119dziecie, a nie zrozumiecie, patrze\u0107 b\u0119dziecie, a nie zobaczycie.<br \/>\nBo stwardnia\u0142o serce tego ludu, ich uszy st\u0119pia\u0142y i oczy swe<br \/>\nzamkn\u0119li, \u017ceby oczami nie widzieli ani uszami nie s\u0142yszeli, ani<br \/>\nswym sercem nie zrozumieli: i nie nawr\u00f3cili si\u0119, abym ich<br \/>\nuzdrowi\u0142\u00bb. <\/b>\n<\/div>\n<div align=\"justify\" style=\"background-attachment: initial; background-clip: initial; background-image: initial; background-origin: initial; background-position: initial; background-repeat: initial; background-size: initial; line-height: 150%; margin-bottom: 0cm; text-indent: 1.3cm;\">\n<b>Lecz<br \/>\nszcz\u0119\u015bliwe oczy wasze, \u017ce widz\u0105, i uszy wasze, \u017ce s\u0142ysz\u0105. Bo<br \/>\nzaprawd\u0119 powiadam wam: Wielu prorok\u00f3w i sprawiedliwych pragn\u0119\u0142o<br \/>\nzobaczy\u0107 to, na co wy patrzycie, a nie ujrzeli; i us\u0142ysze\u0107 to, co<br \/>\nwy s\u0142yszycie, a nie us\u0142yszeli. <\/b>\n<\/div>\n<div align=\"justify\" style=\"background-attachment: initial; background-clip: initial; background-image: initial; background-origin: initial; background-position: initial; background-repeat: initial; background-size: initial; line-height: 150%; margin-bottom: 0cm; text-indent: 1.3cm;\">\n<b>Wy<br \/>\nzatem pos\u0142uchajcie przypowie\u015bci o siewcy. Do ka\u017cdego, kto s\u0142ucha<br \/>\ns\u0142owa o kr\u00f3lestwie, a nie rozumie go, przychodzi Z\u0142y i porywa to,<br \/>\nco zasiane jest w jego sercu. Takiego cz\u0142owieka oznacza ziarno<br \/>\nposiane na drodze. <\/b>\n<\/div>\n<div align=\"justify\" style=\"background-attachment: initial; background-clip: initial; background-image: initial; background-origin: initial; background-position: initial; background-repeat: initial; background-size: initial; line-height: 150%; margin-bottom: 0cm; text-indent: 1.3cm;\">\n<b>Posiane<br \/>\nna miejsca skaliste oznacza tego, kto s\u0142ucha s\u0142owa i natychmiast z<br \/>\nrado\u015bci\u0105 je przyjmuje; ale nie ma w sobie korzenia, lecz jest<br \/>\nniesta\u0142y. Gdy przyjdzie ucisk lub prze\u015bladowanie z powodu s\u0142owa,<br \/>\nzaraz si\u0119 za\u0142amuje. <\/b>\n<\/div>\n<div align=\"justify\" style=\"background-attachment: initial; background-clip: initial; background-image: initial; background-origin: initial; background-position: initial; background-repeat: initial; background-size: initial; line-height: 150%; margin-bottom: 0cm; text-indent: 1.3cm;\">\n<b>Posiane<br \/>\nmi\u0119dzy ciernie oznacza tego, kto s\u0142ucha s\u0142owa, lecz troski<br \/>\ndoczesne i u\u0142uda bogactwa zag\u0142uszaj\u0105 s\u0142owo, tak \u017ce zostaje<br \/>\nbezowocne. <\/b>\n<\/div>\n<div align=\"justify\" style=\"background-attachment: initial; background-clip: initial; background-image: initial; background-origin: initial; background-position: initial; background-repeat: initial; background-size: initial; line-height: 150%; margin-bottom: 0cm; text-indent: 1.3cm;\">\n<b>Posiane<br \/>\nw ko\u0144cu na ziemi\u0119 \u017cyzn\u0105 oznacza tego, kto s\u0142ucha s\u0142owa i<br \/>\nrozumie je. On te\u017c wydaje plon: jeden stokrotny, drugi<br \/>\nsze\u015b\u0107dziesi\u0119ciokrotny, inny trzydziestokrotny\u201d.<\/b><\/div>\n<div align=\"justify\" style=\"line-height: 150%; margin-bottom: 0cm;\">\n<\/div>\n<div align=\"justify\" style=\"background-attachment: initial; background-clip: initial; background-image: initial; background-origin: initial; background-position: initial; background-repeat: initial; background-size: initial; break-before: auto; line-height: 150%; margin-bottom: 0cm; text-indent: 1.3cm;\">\nJe\u017celi<br \/>\nJezus dzisiaj w Ewangelii m\u00f3wi o siewcy, kt\u00f3ry wyszed\u0142 sia\u0107, to<br \/>\nchyba niew\u0105tpliwie w\u0142a\u015bnie <b>On sam<\/b> \u2013 <b>Jezus \u2013 by\u0142 tym<br \/>\nSiewc\u0105, <\/b>poniewa\u017c to On<br \/>\nwyszed\u0142 z domu, wyszed\u0142 do ludzi, kt\u00f3rzy bardzo szybko<br \/>\nzebrali si\u0119 wok\u00f3\u0142 Niego, tworz\u0105c tak wielki t\u0142um, i\u017c aby<br \/>\nspe\u0142ni\u0107 ich oczekiwanie, <b>musia\u0142 wsi\u0105\u015b\u0107 do \u0142odzi.<\/b><br \/>\nInaczej nie by\u0142by w stanie ich naucza\u0107, nie by\u0142by w stanie<br \/>\nzobaczy\u0107 ich wszystkich, po prostu \u2013 tak potocznie m\u00f3wi\u0105c \u2013<br \/>\n<b>zgin\u0105\u0142by w tym t\u0142umie.<\/b>\n<\/div>\n<div align=\"justify\" style=\"background-attachment: initial; background-clip: initial; background-image: initial; background-origin: initial; background-position: initial; background-repeat: initial; background-size: initial; line-height: 150%; margin-bottom: 0cm; text-indent: 1.3cm;\">\nJeden<br \/>\nz Ojc\u00f3w Ko\u015bcio\u0142a u\u017cy\u0142 nawet takiego por\u00f3wnania, i\u017c przebywaj\u0105c<br \/>\nna jeziorze, Jezus pocz\u0105\u0142<b> \u0142owi\u0107 jak ryby tych, kt\u00f3rzy<br \/>\npozostali na l\u0105dzie.<\/b> Jak by nie patrze\u0107, Jezus dokona\u0142<br \/>\npierwszego kroku \u2013 wyszed\u0142 do cz\u0142owieka. I swoj\u0105 przypowie\u015b\u0107<br \/>\ntak\u017ce zaczyna od wspomnianych ju\u017c s\u0142\u00f3w: <i><b>Oto siewca wyszed\u0142<br \/>\nsia\u0107\u2026<\/b><\/i><\/div>\n<div align=\"justify\" style=\"background-attachment: initial; background-clip: initial; background-image: initial; background-origin: initial; background-position: initial; background-repeat: initial; background-size: initial; line-height: 150%; margin-bottom: 0cm; text-indent: 1.3cm;\">\nPoniek\u0105d,<br \/>\nna to samo wskazuje pierwsze czytanie: obraz ulewy czy \u015bniegu, to<br \/>\nobraz rzeczywisto\u015bci, kt\u00f3re<br \/>\nprzychodz\u0105 na cz\u0142owieka<b> z Bo\u017cego polecenia.<\/b> Jest to<br \/>\ndar Bo\u017cy, kt\u00f3rego celem jest u\u017cy\u017anienie ziemi, nawodnienie,<br \/>\nzapewnienie urodzaju. Mo\u017cemy zatem powiedzie\u0107, \u017ce <b>jest to jaka\u015b<br \/>\nforma wyj\u015bcia Boga do cz\u0142owieka, <\/b>jest<br \/>\nto jaka\u015b forma obdarowania cz\u0142owieka, wyj\u015bcia do niego z<br \/>\ninicjatyw\u0105, jaka\u015b forma otwarcia si\u0119 Boga na cz\u0142owieka.\n<\/div>\n<div align=\"justify\" style=\"background-attachment: initial; background-clip: initial; background-image: initial; background-origin: initial; background-position: initial; background-repeat: initial; background-size: initial; line-height: 150%; margin-bottom: 0cm; text-indent: 1.3cm;\">\nWyj\u0105tkow\u0105<br \/>\nnatomiast form\u0105 tego\u017c otwarcia jest <b>Bo\u017ce <\/b><b>s<\/b><b>\u0142owo,<br \/>\n<\/b>wypowiedziane <b>z<br \/>\ndobrej woli samego Boga,<\/b> a dane po to, aby przemienia\u0142o \u017cycie<br \/>\ncz\u0142owieka, <b>a nie tylko \u017cycie samego cz\u0142owieka,<\/b> ale \u2013 jak<br \/>\nwskazuje drugie czytanie \u2013 tak\u017ce \u017cycie<br \/>\ni funkcjonowanie innych stworze\u0144, zatem: aby przemienia\u0142o<br \/>\n<b>ca\u0142\u0105 rzeczywisto\u015b\u0107, w jakiej cz\u0142owiek \u017cyje,<\/b> aby czyni\u0142o<br \/>\nt\u0119 rzeczywisto\u015b\u0107 harmonijn\u0105, uporz\u0105dkowan\u0105, Bo\u017c\u0105\u2026<\/div>\n<div align=\"justify\" style=\"background-attachment: initial; background-clip: initial; background-image: initial; background-origin: initial; background-position: initial; background-repeat: initial; background-size: initial; line-height: 150%; margin-bottom: 0cm; text-indent: 1.3cm;\">\nWypowiedzenie<br \/>\nprzez Boga Jego s\u0142owa jest wi\u0119c <b>znakiem inicjatywy Bo\u017cej; <\/b>jest<br \/>\nznakiem, i\u017c B\u00f3g w stron\u0119 cz\u0142owieka wykona\u0142<b><br \/>\nbardzo wyra\u017any i konkretny krok.<\/b> B\u00f3g chce si\u0119 na cz\u0142owieka<br \/>\notwiera\u0107, Bogu zale\u017cy na tym, aby do cz\u0142owieka si\u0119 zbli\u017cy\u0107. I<br \/>\ntego samego oczekuje od cz\u0142owieka. <b>A wtedy dochodzi do spotkania.<\/b><br \/>\nBo w\u0142a\u015bnie dlatego dzisiaj Jezus m\u00f3g\u0142 naucza\u0107, w\u0142a\u015bnie dlatego<br \/>\nto Jego s\u0142owo mog\u0142o by\u0107 tak obficie siane, <b>i\u017c mia\u0142 do kogo<br \/>\nm\u00f3wi\u0107.<\/b> Kiedy tylko wyszed\u0142 z domu, zaraz otoczy\u0142a go wielka<br \/>\nrzesza ludzi.\n<\/div>\n<div align=\"justify\" style=\"background-attachment: initial; background-clip: initial; background-image: initial; background-origin: initial; background-position: initial; background-repeat: initial; background-size: initial; line-height: 150%; margin-bottom: 0cm; text-indent: 1.3cm;\">\nA<br \/>\nzatem \u2013 w momencie, kiedy B\u00f3g<br \/>\nzrobi\u0142 krok w kierunku cz\u0142owieka,<b> ten odpowiedzia\u0142 tym<br \/>\nsamym<\/b> i zrobi\u0142 krok w kierunku swego Boga. Gdyby kt\u00f3ra\u015b ze<br \/>\nstron tego kroku nie zrobi\u0142a, <b>nie dosz\u0142oby do spotkania. <\/b>Oto<br \/>\nbowiem nawet fakt, \u017ce B\u00f3g wychodzi z inicjatyw\u0105; nawet fakt, \u017ce<br \/>\nB\u00f3g wypowiada swoje s\u0142owo, <b>mo\u017ce nic nie znaczy\u0107 \u2013 <\/b>jakkolwiek<br \/>\nby to szokuj\u0105co nie brzmia\u0142o<b> \u2013<\/b> je\u017celi napotka na<b><br \/>\nop\u00f3r cz\u0142owieka. <\/b>\n<\/div>\n<div align=\"justify\" style=\"background-attachment: initial; background-clip: initial; background-image: initial; background-origin: initial; background-position: initial; background-repeat: initial; background-size: initial; line-height: 150%; margin-bottom: 0cm; text-indent: 1.3cm;\">\nJe\u017celi<br \/>\nBo\u017ce s\u0142owo pada na drog\u0119, na ska\u0142\u0119 lub mi\u0119dzy ciernie, to<br \/>\npozostanie bezskuteczne. Je\u017celi <b>B\u00f3g wychodzi ze swojego domu<\/b><br \/>\nna spotkanie cz\u0142owieka, a cz\u0142owiek<br \/>\npozostaje <b>szczelnie zamkni\u0119ty w swojej izdebce,<\/b> to nie<br \/>\ndojdzie do spotkania. \u017badnego!<br \/>\nNiestety! B\u00f3g nie wprasza si\u0119 do cz\u0142owieka, ani si\u0119 do<br \/>\nniego nie w\u0142amuje. B\u00f3g nie ma zwyczaju na si\u0142\u0119 cz\u0142owieka<br \/>\nuszcz\u0119\u015bliwia\u0107. <b>B\u00f3g wykonuje pierwszy krok.<\/b> Ale cz\u0142owiek<br \/>\n<b>tak\u017ce <\/b><b>musi<\/b> taki krok wykona\u0107!\n<\/div>\n<div align=\"justify\" style=\"background-attachment: initial; background-clip: initial; background-image: initial; background-origin: initial; background-position: initial; background-repeat: initial; background-size: initial; line-height: 150%; margin-bottom: 0cm; text-indent: 1.3cm;\">\nB\u00f3g<br \/>\nzawsze wykonuje \u00f3w krok, ilekro\u0107<b><br \/>\nw ko\u015bciele czytane jest i g\u0142oszone <\/b><b>s<\/b><b>\u0142owo Bo\u017ce.<\/b><br \/>\nB\u00f3g zawsze wychodzi do cz\u0142owieka, ilekro\u0107<b><br \/>\nudzielana jest Komunia \u015awi\u0119ta.<\/b> Wtedy \u2013 niemal dos\u0142ownie \u2013<br \/>\nwychodzi z tabernakulum, aby zamieszka\u0107 w sercu cz\u0142owieka. B\u00f3g<br \/>\nzawsze wychodzi do cz\u0142owieka, ilekro\u0107<b><br \/>\nsprawowana jest Msza \u015awi\u0119ta.<\/b> B\u00f3g zawsze wychodzi do cz\u0142owieka,<br \/>\nilekro\u0107<b> kap\u0142an czeka w<br \/>\nkonfesjonale,<\/b> aby ka\u017cdy, kto tylko chce i jest nale\u017cycie<br \/>\ndysponowany i przygotowany, m\u00f3g\u0142 pojedna\u0107 si\u0119 z Bogiem, wyzna\u0107<br \/>\nswoje grzechy i podnie\u015b\u0107 si\u0119 z nich.\n<\/div>\n<div align=\"justify\" style=\"background-attachment: initial; background-clip: initial; background-image: initial; background-origin: initial; background-position: initial; background-repeat: initial; background-size: initial; line-height: 150%; margin-bottom: 0cm; text-indent: 1.3cm;\">\nB\u00f3g<br \/>\nzawsze wychodzi do cz\u0142owieka, ilekro\u0107 <b>udziela si\u0119 mu w<br \/>\nSakramentach Ko\u015bcio\u0142a, ilekro\u0107 udziela mu swojej \u0142aski, <\/b>z<br \/>\ntych Sakrament\u00f3w wyp\u0142ywaj\u0105cej. B\u00f3g zawsze wychodzi do cz\u0142owieka,<br \/>\nilekro\u0107 otwarta jest \u015bwi\u0105tynia i<br \/>\nmo\u017cna kl\u0119kn\u0105\u0107 <b>do osobistej adoracji Naj\u015bwi\u0119tszego<br \/>\nSakramentu.<\/b> B\u00f3g zawsze wychodzi do cz\u0142owieka, ilekro\u0107 <b>daje<br \/>\nmu czas i natchnienie do modlitwy, <\/b>do wyciszenia, do wewn\u0119trznej<br \/>\nrefleksji\u2026<\/div>\n<div align=\"justify\" style=\"background-attachment: initial; background-clip: initial; background-image: initial; background-origin: initial; background-position: initial; background-repeat: initial; background-size: initial; line-height: 150%; margin-bottom: 0cm; text-indent: 1.3cm;\">\nB\u00f3g<br \/>\nzawsze wychodzi do cz\u0142owieka, ilekro\u0107 <b>poprzez drugiego cz\u0142owieka<br \/>\ngo pociesza, <\/b>podtrzymuje na duchu, daje dobr\u0105 rad\u0119, albo nawet<br \/>\nupomina. B\u00f3g zawsze wychodzi do cz\u0142owieka, ilekro\u0107 stawia<br \/>\ngo w sytuacji, w kt\u00f3rej<b> daje mu odczu\u0107, \u017ce jest i<br \/>\ndzia\u0142a, <\/b>\u017ce przychodzi mu z pomoc\u0105 \u2013 albo na tyle porusza<br \/>\njego serce, aby ten co\u015b w swoim \u017cyciu zmieni\u0142.\n<\/div>\n<div align=\"justify\" style=\"background-attachment: initial; background-clip: initial; background-image: initial; background-origin: initial; background-position: initial; background-repeat: initial; background-size: initial; line-height: 150%; margin-bottom: 0cm; text-indent: 1.3cm;\">\nB\u00f3g<br \/>\nzawsze wychodzi do cz\u0142owieka, gdy stawia<br \/>\ngo<b> <\/b>w sytuacji<br \/>\ndo\u015bwiadczenia,<b> w sytuacji trudnej,<\/b> <b>w sytuacji<br \/>\n<\/b><b>choroby i <\/b><b>cierpienia<\/b> \u2013 bo przez takie sytuacje<br \/>\nbardzo du\u017co i bardzo skutecznie<br \/>\n<b>jest <\/b><b>mu <\/b><b>w stanie powiedzie\u0107.<\/b> B\u00f3g zawsze<br \/>\nwychodzi do cz\u0142owieka, kiedy go <b>podnosi z upadku,<\/b> ratuje z<br \/>\nopresji, daje dobr\u0105 my\u015bl w zw\u0105tpieniu i \u015bwiate\u0142ko nadziei na<br \/>\nprzysz\u0142o\u015b\u0107.<\/div>\n<div align=\"justify\" style=\"background-attachment: initial; background-clip: initial; background-image: initial; background-origin: initial; background-position: initial; background-repeat: initial; background-size: initial; line-height: 150%; margin-bottom: 0cm; text-indent: 1.3cm;\">\nB\u00f3g<br \/>\nbardzo wiele razy wychodzi do cz\u0142owieka,<b> bo B\u00f3g bardzo<br \/>\nkocha cz\u0142owieka. <\/b>A cz\u0142owiek \u2013<br \/>\nkiedy wychodzi do swego<br \/>\nBoga?\n<\/div>\n<div align=\"justify\" style=\"background-attachment: initial; background-clip: initial; background-image: initial; background-origin: initial; background-position: initial; background-repeat: initial; background-size: initial; line-height: 150%; margin-bottom: 0cm; text-indent: 1.3cm;\">\nOczywi\u015bcie,<br \/>\nzawsze wtedy, gdy reaguje na wyj\u015bcie Boga do niego. Cz\u0142owiek<br \/>\nwychodzi na spotkanie swego Boga, gdy <b>s\u0142ucha uwa\u017cnie Jego <\/b><b>s<\/b><b>\u0142owa,<\/b><br \/>\nale jeszcze bardziej \u2013 kiedy <b>je w swoim \u017cyciu realizuje,<\/b><br \/>\nkiedy swoje serce czyni ow\u0105 gleb\u0105 \u017cyzn\u0105, na kt\u00f3rej posiane<br \/>\nziarno s\u0142owa Bo\u017cego wydaje plon stokrotny.\n<\/div>\n<div align=\"justify\" style=\"background-attachment: initial; background-clip: initial; background-image: initial; background-origin: initial; background-position: initial; background-repeat: initial; background-size: initial; line-height: 150%; margin-bottom: 0cm; text-indent: 1.3cm;\">\nCz\u0142owiek<br \/>\nwychodzi na spotkanie swego Boga, kiedy <b>spowiada si\u0119<br \/>\nsystematycznie ze swoich grzech\u00f3w,<\/b> ale te\u017c \u2013 kiedy stara si\u0119<br \/>\nz nich wytrwale podnosi\u0107, konkretnie i rzetelnie poprawia\u0107.<br \/>\nCz\u0142owiek wychodzi na spotkanie swego Boga, kiedy <b>przybywa do<br \/>\n\u015bwi\u0105tyni na Msz\u0119 \u015awi\u0119t\u0105.<\/b> Wtedy \u2013 dos\u0142ownie \u2013 wychodzi<br \/>\nze swego domu\u2026<\/div>\n<div align=\"justify\" style=\"background-attachment: initial; background-clip: initial; background-image: initial; background-origin: initial; background-position: initial; background-repeat: initial; background-size: initial; line-height: 150%; margin-bottom: 0cm; text-indent: 1.3cm;\">\nW\u0142a\u015bnie<br \/>\nto przekroczenie progu swego mieszkania i wyj\u015bcie na zewn\u0105trz, w<br \/>\nkierunku \u015bwi\u0105tyni, a nast\u0119pnie <b>wej\u015bcie tutaj <\/b><b>i<br \/>\nw\u0142\u0105czenie si\u0119<\/b><b> we wsp\u00f3lnot\u0119 <\/b><b>\u2013<\/b><b> jest istot\u0105<br \/>\nKo\u015bcio\u0142a. <\/b>\u0141aci\u0144skie i greckie s\u0142owo: <b>\u201e<\/b><b>Ecclesia\u201d,<\/b><br \/>\nkt\u00f3re po polsku t\u0142umaczymy jako: <b>\u201e<\/b><b>Ko\u015bci\u00f3\u0142\u201d,<\/b><br \/>\noznacza dos\u0142ownie: <b>\u201e<\/b><b>zwo\u0142anie\u201d, \u201ezgromadzenie\u201d,<br \/>\n\u201ebycie razem\u201d\u2026 <\/b> Tym w\u0142a\u015bnie jest Ko\u015bci\u00f3\u0142 i dlatego<br \/>\nprze\u017cywanie tajemnicy Ko\u015bcio\u0142a <b>musi odbywa\u0107 si\u0119 w<\/b><b>e<\/b><b><br \/>\nwsp\u00f3lnocie, <\/b>a nie w czterech<br \/>\n\u015bcianach swojego domu.\n<\/div>\n<div align=\"justify\" style=\"background-attachment: initial; background-clip: initial; background-image: initial; background-origin: initial; background-position: initial; background-repeat: initial; background-size: initial; line-height: 150%; margin-bottom: 0cm; text-indent: 1.3cm;\">\nSt\u0105d<br \/>\nte\u017c zawsze przypominamy, \u017ce Msza \u015awi\u0119ta <b>w telewizji czy w<br \/>\nradiu jest <\/b><b>przeznaczona <\/b><b>dla ludzi chorych,<\/b> czy dla<br \/>\ntych, kt\u00f3rzy z innych, usprawiedliwionych przyczyn nie mog\u0105<br \/>\nuczestniczy\u0107 w niej w ko\u015bciele. W normalnych jednak warunkach \u2013<br \/>\n<b>nale\u017cy tu przyj\u015b\u0107.<\/b> Trzeba zrobi\u0107 krok w stron\u0119 Boga.\n<\/div>\n<div align=\"justify\" style=\"background-attachment: initial; background-clip: initial; background-image: initial; background-origin: initial; background-position: initial; background-repeat: initial; background-size: initial; line-height: 150%; margin-bottom: 0cm; text-indent: 1.3cm;\">\n<b>A<br \/>\nkiedy jeszcze cz\u0142owiek wychodzi do swego Boga?<\/b> Zawsze wtedy, gdy<br \/>\n<b>wychodzi do drugiego cz\u0142owieka.<\/b> Zawsze wtedy, gdy nie zamyka<br \/>\nsi\u0119 tylko w swoich sprawach i problemach, kiedy <b>nie jest<br \/>\negoistycznie nastawiony na siebie <\/b>i<br \/>\nzainteresowany wy\u0142\u0105cznie sob\u0105, ale kiedy dostrzega drugiego<br \/>\ncz\u0142owieka, kiedy potrafi si\u0119 z nim cieszy\u0107, kiedy tak\u017ce potrafi<br \/>\n<b>zainteresowa\u0107 si\u0119 jego <\/b><b>problemami<\/b><b>, <\/b>by<br \/>\npom\u00f3c je<br \/>\nrozwi\u0105za\u0107\u2026\n<\/div>\n<div align=\"justify\" style=\"background-attachment: initial; background-clip: initial; background-image: initial; background-origin: initial; background-position: initial; background-repeat: initial; background-size: initial; line-height: 150%; margin-bottom: 0cm; text-indent: 1.3cm;\">\nBardzo<br \/>\ncz\u0119sto, a w\u0142a\u015bciwie chyba zawsze jest tak, \u017ce kiedy cz\u0142owiek<br \/>\nwychodzi do drugiego cz\u0142owieka, otwiera si\u0119 na niego z ch\u0119ci\u0105<br \/>\nokazania mu serca i pomocy, to tak<br \/>\nnaprawd\u0119<b> sam najwi\u0119cej zyskuje.<\/b> Ale wa\u017cne jest to<br \/>\n<b>wyj\u015bcie <\/b><b>ku<\/b><b> drugie<\/b><b>mu<\/b><b> cz\u0142owiek<\/b><b>owi<\/b><b>,<\/b><br \/>\nkt\u00f3re zawsze \u2013 w ten spos\u00f3b \u2013 staje si\u0119 wyj\u015bciem w stron\u0119<br \/>\nBoga.\n<\/div>\n<div align=\"justify\" style=\"background-attachment: initial; background-clip: initial; background-image: initial; background-origin: initial; background-position: initial; background-repeat: initial; background-size: initial; line-height: 150%; margin-bottom: 0cm; text-indent: 1.3cm;\">\nI<br \/>\njeszcze jeden spos\u00f3b wyj\u015bcia w stron\u0119 Boga \u2013 spos\u00f3b chyba<br \/>\nnajtrudniejszy: to wyj\u015bcie <b>ze<br \/>\nswoich schemat\u00f3w my\u015blenia i dzia\u0142ania, <\/b>to<br \/>\nwyj\u015bcie ze swoich przyzwyczaje\u0144 i ogranicze\u0144, to wyj\u015bcie<br \/>\nze swojego <b>ciasnego \u201e\u015bwiatka\u201d<\/b> na szeroki i wielki \u015bwiat,<br \/>\nkt\u00f3ry nas otacza. Kiedykolwiek cz\u0142owiek prze\u0142amuje pewne bariery,<br \/>\nschematy i ograniczenia \u2013 <b>musi na tej drodze spotka\u0107 swego<br \/>\nBoga, <\/b>kt\u00f3ry jest przecie\u017c nieogarniony i nie pozwala si\u0119<br \/>\nzamkn\u0105\u0107 w \u017cadnym schemacie, w \u017cadnych ramkach. Dlatego w\u0142a\u015bnie<br \/>\ntrzeba je prze\u0142amywa\u0107.\n<\/div>\n<div align=\"justify\" style=\"background-attachment: initial; background-clip: initial; background-image: initial; background-origin: initial; background-position: initial; background-repeat: initial; background-size: initial; line-height: 150%; margin-bottom: 0cm; text-indent: 1.3cm;\">\n<b>Nie<br \/>\njest to jednak \u0142atwe!<\/b> Jest to wr\u0119cz najtrudniejsze, bo wymaga<br \/>\nod cz\u0142owieka pewnej odwagi i szerokiego spojrzenia. Wyj\u015b\u0107 ze<br \/>\nswoich schemat\u00f3w, ze swoich przyzwyczaje\u0144 dlatego <b>jest trudno,<br \/>\n\u017ce trzeba po prostu przyzna\u0107, i\u017c nie zawsze ma si\u0119 racj\u0119, <\/b>i\u017c<br \/>\nnie zawsze wszystko wie si\u0119 najlepiej. Wtedy \u2013 owszem \u2013 mo\u017cliwe<br \/>\njest zrobienie kroku w stron\u0119 Boga. <b>O czym tu m\u00f3wimy?\u2026<\/b><\/div>\n<div align=\"justify\" style=\"background-attachment: initial; background-clip: initial; background-image: initial; background-origin: initial; background-position: initial; background-repeat: initial; background-size: initial; line-height: 150%; margin-bottom: 0cm; text-indent: 1.3cm;\">\nNiech<br \/>\nna to pytanie ka\u017cda i ka\u017cdy z nas osobi\u015bcie sobie odpowie.<br \/>\nPrzygotowuj\u0105c to rozwa\u017canie, my\u015bla\u0142em pocz\u0105tkowo, \u017ceby wymieni\u0107<br \/>\nkilka przyk\u0142ad\u00f3w <b>ciasnego i schematycznego ludzkiego my\u015blenia,<\/b><br \/>\nnaszych sztywnych przyzwyczaje\u0144, kt\u00f3re uwa\u017camy za jedynie s\u0142uszne<br \/>\ni najlepsze z mo\u017cliwych, a kt\u00f3re tak naprawd\u0119 utrudniaj\u0105 nam<br \/>\nkontakt z Bogiem i z drugim cz\u0142owiekiem, a wr\u0119cz sprawiaj\u0105, \u017ce<br \/>\nludziom jest z nami coraz trudniej wytrzyma\u0107, <b>a i my sami<br \/>\n<\/b><b>jeste\u015bmy ju\u017c sob\u0105 niekiedy zm\u0119czeni\u2026<\/b> Mam na my\u015bli<br \/>\nkilka takich konkretnych postaw, ale\u2026 niech tu ka\u017cda i ka\u017cdy z<br \/>\nnas dopisze swoje osobiste refleksje, u\u015bwiadomi sobie swoje w\u0142asne<br \/>\nzachowania\u2026\n<\/div>\n<div align=\"justify\" style=\"background-attachment: initial; background-clip: initial; background-image: initial; background-origin: initial; background-position: initial; background-repeat: initial; background-size: initial; line-height: 150%; margin-bottom: 0cm; text-indent: 1.3cm;\">\nTakie<br \/>\nzachowania i przyzwyczajenia, z kt\u00f3rych <b>jeszcze dzisiaj trzeba<br \/>\nzacz\u0105\u0107 si\u0119 wyzwala\u0107,<\/b> bo inaczej nigdy nie dojdzie do<br \/>\nspotkania z Bogiem, a Ziarno, nawet pe\u0142nymi gar\u015bciami siane \u2013 nie<br \/>\nprzyniesie \u017cadnego plonu.<\/div>\n<div align=\"justify\" style=\"background-attachment: initial; background-clip: initial; background-image: initial; background-origin: initial; background-position: initial; background-repeat: initial; background-size: initial; line-height: 150%; margin-bottom: 0cm; text-indent: 1.3cm;\">\nOto<br \/>\nSiewca wyszed\u0142 sia\u0107\u2026 <b>Wyjd\u017amy Mu na spotkanie!<\/b> Jeszcze<br \/>\ndzi\u015b\u2026<\/div>\n","protected":false},"excerpt":{"rendered":"<p>Niech b\u0119dzie pochwalony Jezus Chrystus! Moi Drodzy, w dniu wczorajszym urodziny prze\u017cywa\u0142 nasz Dziadek, Edmund Ja\u015bkowski, dla kt\u00f3rego modlimy si\u0119 o Bo\u017c\u0105 pomoc w d\u017awiganiu krzy\u017ca choroby i wieku. Urodziny wczoraj prze\u017cywa\u0142a tak\u017ce Anna Komoszy\u0144ska, nale\u017c\u0105ca w swoim czasie do jednej z m\u0142odzie\u017cowych Wsp\u00f3lnot. Niech Jej Pan b\u0142ogos\u0142awi w codziennym \u017cyciu! Moi Drodzy, bardzo dzi\u0119kujemy [&hellip;]<\/p>\n","protected":false},"author":1,"featured_media":0,"comment_status":"open","ping_status":"open","sticky":false,"template":"","format":"standard","meta":{"jetpack_post_was_ever_published":false,"_jetpack_newsletter_access":"","_jetpack_dont_email_post_to_subs":false,"_jetpack_newsletter_tier_id":0,"_jetpack_memberships_contains_paywalled_content":false,"_jetpack_memberships_contains_paid_content":false,"footnotes":""},"categories":[1],"tags":[],"class_list":["post-7598","post","type-post","status-publish","format-standard","hentry","category-bez-kategorii"],"yoast_head":"<!-- This site is optimized with the Yoast SEO plugin v25.1 - https:\/\/yoast.com\/wordpress\/plugins\/seo\/ -->\n<title>Wyjd\u017amy na spotkanie Siewcy! - Gaudium Et Spes<\/title>\n<meta name=\"robots\" content=\"index, follow, max-snippet:-1, max-image-preview:large, max-video-preview:-1\" \/>\n<link rel=\"canonical\" href=\"https:\/\/gaudiumetspes-blog.pl\/index.php\/2017\/07\/16\/wyjdzmy-na-spotkanie-siewcy\/\" \/>\n<meta property=\"og:locale\" content=\"pl_PL\" \/>\n<meta property=\"og:type\" content=\"article\" \/>\n<meta property=\"og:title\" content=\"Wyjd\u017amy na spotkanie Siewcy! - Gaudium Et Spes\" \/>\n<meta property=\"og:description\" content=\"Niech b\u0119dzie pochwalony Jezus Chrystus! Moi Drodzy, w dniu wczorajszym urodziny prze\u017cywa\u0142 nasz Dziadek, Edmund Ja\u015bkowski, dla kt\u00f3rego modlimy si\u0119 o Bo\u017c\u0105 pomoc w d\u017awiganiu krzy\u017ca choroby i wieku. Urodziny wczoraj prze\u017cywa\u0142a tak\u017ce Anna Komoszy\u0144ska, nale\u017c\u0105ca w swoim czasie do jednej z m\u0142odzie\u017cowych Wsp\u00f3lnot. Niech Jej Pan b\u0142ogos\u0142awi w codziennym \u017cyciu! Moi Drodzy, bardzo dzi\u0119kujemy [&hellip;]\" \/>\n<meta property=\"og:url\" content=\"https:\/\/gaudiumetspes-blog.pl\/index.php\/2017\/07\/16\/wyjdzmy-na-spotkanie-siewcy\/\" \/>\n<meta property=\"og:site_name\" content=\"Gaudium Et Spes\" \/>\n<meta property=\"article:published_time\" content=\"2017-07-16T01:47:00+00:00\" \/>\n<meta property=\"article:modified_time\" content=\"2019-07-31T10:56:59+00:00\" \/>\n<meta name=\"author\" content=\"Ks. Jacek\" \/>\n<meta name=\"twitter:card\" content=\"summary_large_image\" \/>\n<meta name=\"twitter:label1\" content=\"Napisane przez\" \/>\n\t<meta name=\"twitter:data1\" content=\"Ks. Jacek\" \/>\n\t<meta name=\"twitter:label2\" content=\"Szacowany czas czytania\" \/>\n\t<meta name=\"twitter:data2\" content=\"13 minut\" \/>\n<script type=\"application\/ld+json\" class=\"yoast-schema-graph\">{\"@context\":\"https:\/\/schema.org\",\"@graph\":[{\"@type\":\"WebPage\",\"@id\":\"https:\/\/gaudiumetspes-blog.pl\/index.php\/2017\/07\/16\/wyjdzmy-na-spotkanie-siewcy\/\",\"url\":\"https:\/\/gaudiumetspes-blog.pl\/index.php\/2017\/07\/16\/wyjdzmy-na-spotkanie-siewcy\/\",\"name\":\"Wyjd\u017amy na spotkanie Siewcy! - Gaudium Et Spes\",\"isPartOf\":{\"@id\":\"https:\/\/gaudiumetspes-blog.pl\/#website\"},\"datePublished\":\"2017-07-16T01:47:00+00:00\",\"dateModified\":\"2019-07-31T10:56:59+00:00\",\"author\":{\"@id\":\"https:\/\/gaudiumetspes-blog.pl\/#\/schema\/person\/1661982992b752dea8dff0d4ed845a65\"},\"breadcrumb\":{\"@id\":\"https:\/\/gaudiumetspes-blog.pl\/index.php\/2017\/07\/16\/wyjdzmy-na-spotkanie-siewcy\/#breadcrumb\"},\"inLanguage\":\"pl-PL\",\"potentialAction\":[{\"@type\":\"ReadAction\",\"target\":[\"https:\/\/gaudiumetspes-blog.pl\/index.php\/2017\/07\/16\/wyjdzmy-na-spotkanie-siewcy\/\"]}]},{\"@type\":\"BreadcrumbList\",\"@id\":\"https:\/\/gaudiumetspes-blog.pl\/index.php\/2017\/07\/16\/wyjdzmy-na-spotkanie-siewcy\/#breadcrumb\",\"itemListElement\":[{\"@type\":\"ListItem\",\"position\":1,\"name\":\"Strona g\u0142\u00f3wna\",\"item\":\"https:\/\/gaudiumetspes-blog.pl\/\"},{\"@type\":\"ListItem\",\"position\":2,\"name\":\"Wyjd\u017amy na&nbsp;spotkanie Siewcy!\"}]},{\"@type\":\"WebSite\",\"@id\":\"https:\/\/gaudiumetspes-blog.pl\/#website\",\"url\":\"https:\/\/gaudiumetspes-blog.pl\/\",\"name\":\"Gaudium Et Spes\",\"description\":\"Blog Ks. Jacka Ja\u015bkowskiego\",\"potentialAction\":[{\"@type\":\"SearchAction\",\"target\":{\"@type\":\"EntryPoint\",\"urlTemplate\":\"https:\/\/gaudiumetspes-blog.pl\/?s={search_term_string}\"},\"query-input\":{\"@type\":\"PropertyValueSpecification\",\"valueRequired\":true,\"valueName\":\"search_term_string\"}}],\"inLanguage\":\"pl-PL\"},{\"@type\":\"Person\",\"@id\":\"https:\/\/gaudiumetspes-blog.pl\/#\/schema\/person\/1661982992b752dea8dff0d4ed845a65\",\"name\":\"Ks. Jacek\",\"image\":{\"@type\":\"ImageObject\",\"inLanguage\":\"pl-PL\",\"@id\":\"https:\/\/gaudiumetspes-blog.pl\/#\/schema\/person\/image\/\",\"url\":\"https:\/\/gaudiumetspes-blog.pl\/wp-content\/uploads\/2019\/07\/avatar-JJ-150x150.jpg\",\"contentUrl\":\"https:\/\/gaudiumetspes-blog.pl\/wp-content\/uploads\/2019\/07\/avatar-JJ-150x150.jpg\",\"caption\":\"Ks. Jacek\"},\"description\":\"Witam serdecznie! K\u0142ania si\u0119 Ks. Jacek Ja\u015bkowski. Nie jestem ani kim\u015b wa\u017cnym, ani kim\u015b znanym. Jestem ksi\u0119dzem, kt\u00f3ry po prostu chce rozmawia\u0107. Codzienna kap\u0142a\u0144ska pos\u0142uga pokazuje mi, \u017ce temat\u00f3w do rozm\u00f3w z ksi\u0119dzem jest coraz wi\u0119cej i dzisiaj \u017caden ksi\u0105dz nie mo\u017ce od nich ucieka\u0107, ale - wprost przeciwnie - podejmowa\u0107 nowe wyzwania. To przekonanie sk\u0142oni\u0142o mnie do pr\u00f3by otwarcia tego\u017c bloga, chocia\u017c okazji do rozm\u00f3w na co dzie\u0144 - w konfesjonale i poza nim - na szcz\u0119\u015bcie nie brakuje. My\u015bl\u0119 jednak, \u017ce ten blog b\u0119dzie jeszcze jednym sposobem i przestrzeni\u0105 nawi\u0105zania kontaktu z lud\u017ami dobrej woli, otwartymi na dialog.\",\"url\":\"https:\/\/gaudiumetspes-blog.pl\/index.php\/author\/ks-jacek\/\"}]}<\/script>\n<!-- \/ Yoast SEO plugin. -->","yoast_head_json":{"title":"Wyjd\u017amy na spotkanie Siewcy! - Gaudium Et Spes","robots":{"index":"index","follow":"follow","max-snippet":"max-snippet:-1","max-image-preview":"max-image-preview:large","max-video-preview":"max-video-preview:-1"},"canonical":"https:\/\/gaudiumetspes-blog.pl\/index.php\/2017\/07\/16\/wyjdzmy-na-spotkanie-siewcy\/","og_locale":"pl_PL","og_type":"article","og_title":"Wyjd\u017amy na spotkanie Siewcy! - Gaudium Et Spes","og_description":"Niech b\u0119dzie pochwalony Jezus Chrystus! Moi Drodzy, w dniu wczorajszym urodziny prze\u017cywa\u0142 nasz Dziadek, Edmund Ja\u015bkowski, dla kt\u00f3rego modlimy si\u0119 o Bo\u017c\u0105 pomoc w d\u017awiganiu krzy\u017ca choroby i wieku. Urodziny wczoraj prze\u017cywa\u0142a tak\u017ce Anna Komoszy\u0144ska, nale\u017c\u0105ca w swoim czasie do jednej z m\u0142odzie\u017cowych Wsp\u00f3lnot. Niech Jej Pan b\u0142ogos\u0142awi w codziennym \u017cyciu! Moi Drodzy, bardzo dzi\u0119kujemy [&hellip;]","og_url":"https:\/\/gaudiumetspes-blog.pl\/index.php\/2017\/07\/16\/wyjdzmy-na-spotkanie-siewcy\/","og_site_name":"Gaudium Et Spes","article_published_time":"2017-07-16T01:47:00+00:00","article_modified_time":"2019-07-31T10:56:59+00:00","author":"Ks. Jacek","twitter_card":"summary_large_image","twitter_misc":{"Napisane przez":"Ks. Jacek","Szacowany czas czytania":"13 minut"},"schema":{"@context":"https:\/\/schema.org","@graph":[{"@type":"WebPage","@id":"https:\/\/gaudiumetspes-blog.pl\/index.php\/2017\/07\/16\/wyjdzmy-na-spotkanie-siewcy\/","url":"https:\/\/gaudiumetspes-blog.pl\/index.php\/2017\/07\/16\/wyjdzmy-na-spotkanie-siewcy\/","name":"Wyjd\u017amy na spotkanie Siewcy! - Gaudium Et Spes","isPartOf":{"@id":"https:\/\/gaudiumetspes-blog.pl\/#website"},"datePublished":"2017-07-16T01:47:00+00:00","dateModified":"2019-07-31T10:56:59+00:00","author":{"@id":"https:\/\/gaudiumetspes-blog.pl\/#\/schema\/person\/1661982992b752dea8dff0d4ed845a65"},"breadcrumb":{"@id":"https:\/\/gaudiumetspes-blog.pl\/index.php\/2017\/07\/16\/wyjdzmy-na-spotkanie-siewcy\/#breadcrumb"},"inLanguage":"pl-PL","potentialAction":[{"@type":"ReadAction","target":["https:\/\/gaudiumetspes-blog.pl\/index.php\/2017\/07\/16\/wyjdzmy-na-spotkanie-siewcy\/"]}]},{"@type":"BreadcrumbList","@id":"https:\/\/gaudiumetspes-blog.pl\/index.php\/2017\/07\/16\/wyjdzmy-na-spotkanie-siewcy\/#breadcrumb","itemListElement":[{"@type":"ListItem","position":1,"name":"Strona g\u0142\u00f3wna","item":"https:\/\/gaudiumetspes-blog.pl\/"},{"@type":"ListItem","position":2,"name":"Wyjd\u017amy na&nbsp;spotkanie Siewcy!"}]},{"@type":"WebSite","@id":"https:\/\/gaudiumetspes-blog.pl\/#website","url":"https:\/\/gaudiumetspes-blog.pl\/","name":"Gaudium Et Spes","description":"Blog Ks. Jacka Ja\u015bkowskiego","potentialAction":[{"@type":"SearchAction","target":{"@type":"EntryPoint","urlTemplate":"https:\/\/gaudiumetspes-blog.pl\/?s={search_term_string}"},"query-input":{"@type":"PropertyValueSpecification","valueRequired":true,"valueName":"search_term_string"}}],"inLanguage":"pl-PL"},{"@type":"Person","@id":"https:\/\/gaudiumetspes-blog.pl\/#\/schema\/person\/1661982992b752dea8dff0d4ed845a65","name":"Ks. Jacek","image":{"@type":"ImageObject","inLanguage":"pl-PL","@id":"https:\/\/gaudiumetspes-blog.pl\/#\/schema\/person\/image\/","url":"https:\/\/gaudiumetspes-blog.pl\/wp-content\/uploads\/2019\/07\/avatar-JJ-150x150.jpg","contentUrl":"https:\/\/gaudiumetspes-blog.pl\/wp-content\/uploads\/2019\/07\/avatar-JJ-150x150.jpg","caption":"Ks. Jacek"},"description":"Witam serdecznie! K\u0142ania si\u0119 Ks. Jacek Ja\u015bkowski. Nie jestem ani kim\u015b wa\u017cnym, ani kim\u015b znanym. Jestem ksi\u0119dzem, kt\u00f3ry po prostu chce rozmawia\u0107. Codzienna kap\u0142a\u0144ska pos\u0142uga pokazuje mi, \u017ce temat\u00f3w do rozm\u00f3w z ksi\u0119dzem jest coraz wi\u0119cej i dzisiaj \u017caden ksi\u0105dz nie mo\u017ce od nich ucieka\u0107, ale - wprost przeciwnie - podejmowa\u0107 nowe wyzwania. To przekonanie sk\u0142oni\u0142o mnie do pr\u00f3by otwarcia tego\u017c bloga, chocia\u017c okazji do rozm\u00f3w na co dzie\u0144 - w konfesjonale i poza nim - na szcz\u0119\u015bcie nie brakuje. My\u015bl\u0119 jednak, \u017ce ten blog b\u0119dzie jeszcze jednym sposobem i przestrzeni\u0105 nawi\u0105zania kontaktu z lud\u017ami dobrej woli, otwartymi na dialog.","url":"https:\/\/gaudiumetspes-blog.pl\/index.php\/author\/ks-jacek\/"}]}},"jetpack_featured_media_url":"","jetpack_sharing_enabled":true,"_links":{"self":[{"href":"https:\/\/gaudiumetspes-blog.pl\/index.php\/wp-json\/wp\/v2\/posts\/7598","targetHints":{"allow":["GET"]}}],"collection":[{"href":"https:\/\/gaudiumetspes-blog.pl\/index.php\/wp-json\/wp\/v2\/posts"}],"about":[{"href":"https:\/\/gaudiumetspes-blog.pl\/index.php\/wp-json\/wp\/v2\/types\/post"}],"author":[{"embeddable":true,"href":"https:\/\/gaudiumetspes-blog.pl\/index.php\/wp-json\/wp\/v2\/users\/1"}],"replies":[{"embeddable":true,"href":"https:\/\/gaudiumetspes-blog.pl\/index.php\/wp-json\/wp\/v2\/comments?post=7598"}],"version-history":[{"count":1,"href":"https:\/\/gaudiumetspes-blog.pl\/index.php\/wp-json\/wp\/v2\/posts\/7598\/revisions"}],"predecessor-version":[{"id":13350,"href":"https:\/\/gaudiumetspes-blog.pl\/index.php\/wp-json\/wp\/v2\/posts\/7598\/revisions\/13350"}],"wp:attachment":[{"href":"https:\/\/gaudiumetspes-blog.pl\/index.php\/wp-json\/wp\/v2\/media?parent=7598"}],"wp:term":[{"taxonomy":"category","embeddable":true,"href":"https:\/\/gaudiumetspes-blog.pl\/index.php\/wp-json\/wp\/v2\/categories?post=7598"},{"taxonomy":"post_tag","embeddable":true,"href":"https:\/\/gaudiumetspes-blog.pl\/index.php\/wp-json\/wp\/v2\/tags?post=7598"}],"curies":[{"name":"wp","href":"https:\/\/api.w.org\/{rel}","templated":true}]}}