{"id":7600,"date":"2017-07-14T04:32:00","date_gmt":"2017-07-14T02:32:00","guid":{"rendered":"https:\/\/gaudiumetspes-blog.pl\/index.php\/2017\/07\/14\/roztropni-i-nieskazitelni\/"},"modified":"2019-07-31T12:56:59","modified_gmt":"2019-07-31T10:56:59","slug":"roztropni-i-nieskazitelni","status":"publish","type":"post","link":"https:\/\/gaudiumetspes-blog.pl\/index.php\/2017\/07\/14\/roztropni-i-nieskazitelni\/","title":{"rendered":"Roztropni i nieskazitelni"},"content":{"rendered":"<div align=\"justify\" style=\"line-height: 150%; margin-bottom: 0cm;\">\nSzcz\u0119\u015b\u0107<br \/>\nBo\u017ce! Moi Drodzy, w dniu dzisiejszym <b>imieniny prze\u017cywa Ksi\u0105dz<br \/>\nArcybiskup Henryk Hoser, Biskup Warszawsko \u2013 Praski.<\/b><\/div>\n<div align=\"justify\" style=\"background-attachment: initial; background-clip: initial; background-image: initial; background-origin: initial; background-position: initial; background-repeat: initial; background-size: initial; break-before: auto; line-height: 150%; margin-bottom: 0cm; text-indent: 1.3cm;\">\n<b>Imieniny<br \/>\nprze\u017cywaj\u0105 tak\u017ce: Kamil Charkiewicz i Kamil Lewczuk, nale\u017c\u0105cy w<br \/>\nswoim czasie do Wsp\u00f3lnoty m\u0142odzie\u017cowej w Bia\u0142ej Podlaskiej; Kamil<br \/>\nKrupa \u2013 za moich czas\u00f3w: Lektor w Parafii w Celestynowie; oraz<br \/>\nKamil \u015aledziewski \u2013 za moich czas\u00f3w: Lektor w Parafii w T\u0142uszczu.<\/b><\/div>\n<div align=\"justify\" style=\"background-attachment: initial; background-clip: initial; background-image: initial; background-origin: initial; background-position: initial; background-repeat: initial; background-size: initial; line-height: 150%; margin-bottom: 0cm; text-indent: 1.3cm;\">\n<b>Wszystkim<br \/>\n\u015awi\u0119tuj\u0105cym \u017cycz\u0119 pe\u0142nej wierno\u015bci Jezusowi, szczeg\u00f3lnie za\u015b<br \/>\ntej roztropno\u015bci i nieskazitelno\u015bci, do kt\u00f3rej zach\u0119ca dzisiaj.<br \/>\nZapewniam o modlitwie!<\/b><\/div>\n<div align=\"justify\" style=\"background-attachment: initial; background-clip: initial; background-image: initial; background-origin: initial; background-position: initial; background-repeat: initial; background-size: initial; line-height: 150%; margin-bottom: 0cm; text-indent: 1.3cm;\">\nA<br \/>\njutro \u2013 wreszcie, po tak d\u0142ugim czasie duchowej i intelektualnej<br \/>\nposuchy \u2013 s\u0142\u00f3wko z Syberii!<\/div>\n<div align=\"center\" style=\"background-attachment: initial; background-clip: initial; background-image: initial; background-origin: initial; background-position: initial; background-repeat: initial; background-size: initial; line-height: 150%; margin-bottom: 0cm;\">\nGaudium<br \/>\net spes!  Ks. Jacek<\/div>\n<div align=\"justify\" style=\"line-height: 150%; margin-bottom: 0cm;\">\n<\/div>\n<div align=\"justify\" style=\"line-height: 150%; margin-bottom: 0cm;\">\n<b>Pi\u0105tek<br \/>\n14 Tygodnia zwyk\u0142ego, rok I,<\/b><\/div>\n<div align=\"justify\" style=\"line-height: 150%; margin-bottom: 0cm;\">\n<b>do<br \/>\nczyta\u0144:  Rdz 46,1\u20137.28\u201330;  Mt 10,16\u201323<\/b><\/div>\n<div align=\"justify\" style=\"line-height: 150%; margin-bottom: 0cm;\">\n<\/div>\n<div align=\"justify\" style=\"line-height: 150%; margin-bottom: 0cm;\">\n<b>CZYTANIE<br \/>\nZ KSI\u0118GI RODZAJU:<\/b><\/div>\n<div align=\"justify\" style=\"break-before: auto; line-height: 150%; margin-bottom: 0cm; text-indent: 1.3cm;\">\n<b>Izrael<br \/>\nwyruszy\u0142 w drog\u0119 z ca\u0142ym swym dobytkiem. A gdy przyby\u0142 do<br \/>\nBeer\u2013Szeby, z\u0142o\u017cy\u0142 ofiar\u0119 Bogu ojca swego, Izaaka. B\u00f3g za\u015b w<br \/>\nwidzeniu nocnym tak odezwa\u0142 si\u0119 do Izraela: \u201eJakubie, Jakubie!\u201d.<br \/>\nA gdy on odpowiedzia\u0142: \u201eOto jestem\u201d, rzek\u0142 do niego: \u201eJam<br \/>\njest B\u00f3g, B\u00f3g ojca twego. Id\u017a bez obawy do Egiptu, gdy\u017c uczyni\u0119<br \/>\nci\u0119 tam wielkim narodem. Ja p\u00f3jd\u0119 tam z tob\u0105 i Ja stamt\u0105d ci\u0119<br \/>\nwyprowadz\u0119, a J\u00f3zef zamknie ci oczy\u201d.<\/b><\/div>\n<div align=\"justify\" style=\"line-height: 150%; margin-bottom: 0cm; text-indent: 1.3cm;\">\n<b>Potem<br \/>\nJakub wyruszy\u0142 z Beer\u2013Szeby. Synowie Izraela umie\u015bcili ojca<br \/>\nswego, Jakuba, swe dzieci i \u017cony na wozach, kt\u00f3re faraon przys\u0142a\u0142<br \/>\ndla przewiezienia go. Zabrali te\u017c swe trzody i sw\u00f3j dobytek, kt\u00f3ry<br \/>\nnabyli w Kanaanie. Tak przyby\u0142 Jakub do Egiptu wraz z ca\u0142ym swym<br \/>\npotomstwem: wzi\u0105\u0142 ze sob\u0105 do Egiptu syn\u00f3w, wnuk\u00f3w, c\u00f3rki i<br \/>\nwnuczki, ca\u0142e swe potomstwo.<\/b><\/div>\n<div align=\"justify\" style=\"line-height: 150%; margin-bottom: 0cm; text-indent: 1.3cm;\">\n<b>Wys\u0142a\u0142<br \/>\non przed sob\u0105 Jud\u0119 do J\u00f3zefa, aby ten m\u00f3g\u0142 go wyprzedzi\u0107 do<br \/>\nGoszen przed ich przybyciem. A gdy przybyli do ziemi Goszen, J\u00f3zef<br \/>\nkaza\u0142 zaprz\u0105c do swego wozu i wyjecha\u0142 na spotkanie Izraela, ojca<br \/>\nswego, do Goszen. Kiedy zobaczy\u0142 go, rzuci\u0142 mu si\u0119 na szyj\u0119 i<br \/>\nd\u0142ugo szlocha\u0142 na jego szyi. Wreszcie Izrael odezwa\u0142 si\u0119 do<br \/>\nJ\u00f3zefa: \u201eTeraz mog\u0119 ju\u017c umrze\u0107, skoro zobaczy\u0142em ciebie, \u017ce<br \/>\njeszcze \u017cyjesz\u201d.<\/b><\/div>\n<div align=\"justify\" style=\"line-height: 150%; margin-bottom: 0cm;\">\n<\/div>\n<div align=\"justify\" style=\"line-height: 150%; margin-bottom: 0cm;\">\n<b>S\u0141OWA<br \/>\nEWANGELII WED\u0141UG \u015aWI\u0118TEGO MATEUSZA:<\/b><\/div>\n<div align=\"justify\" style=\"break-before: auto; line-height: 150%; margin-bottom: 0cm; text-indent: 1.3cm;\">\n<b>Jezus<br \/>\npowiedzia\u0142 do swoich aposto\u0142\u00f3w: \u201eOto Ja was posy\u0142am jak owce<br \/>\nmi\u0119dzy wilki. B\u0105d\u017acie wi\u0119c roztropni jak w\u0119\u017ce, a nieskazitelni<br \/>\njak go\u0142\u0119bie.<\/b><\/div>\n<div align=\"justify\" style=\"line-height: 150%; margin-bottom: 0cm; text-indent: 1.3cm;\">\n<b>Miejcie<br \/>\nsi\u0119 na baczno\u015bci przed lud\u017ami. B\u0119d\u0105 was wydawa\u0107 s\u0105dom i w<br \/>\nswych synagogach b\u0119d\u0105 was biczowa\u0107. Nawet przed namiestnik\u00f3w i<br \/>\nkr\u00f3l\u00f3w b\u0119d\u0105 was wodzi\u0107 z mego powodu, na \u015bwiadectwo im i<br \/>\npoganom. Kiedy was wydadz\u0105, nie martwcie si\u0119 o to, jak ani co macie<br \/>\nm\u00f3wi\u0107. W owej bowiem godzinie b\u0119dzie wam poddane, co macie m\u00f3wi\u0107.<br \/>\nGdy\u017c nie wy b\u0119dziecie m\u00f3wili, lecz Duch Ojca waszego b\u0119dzie m\u00f3wi\u0142<br \/>\nprzez was.<\/b><\/div>\n<div align=\"justify\" style=\"line-height: 150%; margin-bottom: 0cm; text-indent: 1.3cm;\">\n<b>Brat<br \/>\nwyda brata na \u015bmier\u0107 i ojciec syna; dzieci powstan\u0105 przeciw<br \/>\nrodzicom i o \u015bmier\u0107 ich przyprawi\u0105. B\u0119dziecie w nienawi\u015bci u<br \/>\nwszystkich z powodu mego imienia. Lecz kto wytrwa do ko\u0144ca, ten<br \/>\nb\u0119dzie zbawiony.<\/b><\/div>\n<div align=\"justify\" style=\"line-height: 150%; margin-bottom: 0cm; text-indent: 1.3cm;\">\n<b>Gdy<br \/>\nwas prze\u015bladowa\u0107 b\u0119d\u0105 w tym mie\u015bcie, uciekajcie do innego.<br \/>\nZaprawd\u0119 powiadam wam: Nie zd\u0105\u017cycie obej\u015b\u0107 miast Izraela, nim<br \/>\nprzyjdzie Syn Cz\u0142owieczy\u201d.<\/b><\/div>\n<div align=\"justify\" style=\"line-height: 150%; margin-bottom: 0cm;\">\n<\/div>\n<div align=\"justify\" style=\"break-before: auto; line-height: 150%; margin-bottom: 0cm; text-indent: 1.3cm;\">\nWs\u0142uchuj\u0105c<br \/>\nsi\u0119 w dzisiejsze teksty biblijne, mamy z jednej strony do czynienia<br \/>\nz sytuacj\u0105, w kt\u00f3rej po wielu latach dochodzi do <b>spotkania ojca<br \/>\nz synem,<\/b> gdzie obaj bardzo bole\u015bnie prze\u017cyli brutaln\u0105 roz\u0142\u0105k\u0119,<br \/>\npo czym nast\u0105pi\u0142o wiele lat t\u0119sknoty i niepewno\u015bci, czy \u00f3w drugi<br \/>\n\u017cyje, a wr\u0119cz przekonania Jakuba, \u017ce syn nie \u017cyje; z drugiej<br \/>\nstrony Jezus zapowiada sytuacj\u0119, w kt\u00f3rej <i><b>brat wyda brata na<br \/>\n\u015bmier\u0107 i ojciec syna; dzieci powstan\u0105 przeciw rodzicom i o \u015bmier\u0107<br \/>\nich przyprawi\u0105.<\/b><\/i><b> <\/b>Jakie\u017c te ludzkie losy pogmatwane\u2026<\/p>\n<\/div>\n<div align=\"justify\" style=\"line-height: 150%; margin-bottom: 0cm; text-indent: 1.3cm;\">\nPotwierdza<br \/>\nto zreszt\u0105 \u017cyciowe do\u015bwiadczenie i obserwacja naszej codzienno\u015bci:<br \/>\nniekiedy <b>cz\u0142onkowie rodziny <\/b><b>bardzo chc\u0105, ale<\/b><b> nie<br \/>\nmog\u0105 ze sob\u0105 by\u0107,<\/b> bo rozdziela ich przedwczesna \u015bmier\u0107, czy<br \/>\nprzer\u00f3\u017cne trudne okoliczno\u015bci, nakazuj\u0105ce rozstanie; <b>innym<br \/>\nrazem mog\u0105 ze sob\u0105 by\u0107,<\/b> bo wszystko uk\u0142ada si\u0119 pomy\u015blnie i<br \/>\nwarunki \u017cyciowe maj\u0105 bardzo dobre \u2013 <b>ale nie chc\u0105,<\/b> bo<br \/>\nnawet patrze\u0107 ju\u017c na siebie nie mog\u0105, wi\u0119c funduj\u0105 sobie<br \/>\nnawzajem piek\u0142o na ziemi, uprzykrzaj\u0105 sobie \u017cycie, a wr\u0119cz \u2013<br \/>\n<b>szczerze si\u0119 nienawidz\u0105. <\/b>\n<\/div>\n<div align=\"justify\" style=\"line-height: 150%; margin-bottom: 0cm; text-indent: 1.3cm;\">\nIle\u017c<br \/>\nto razy cz\u0142owiek, op\u0142akuj\u0105cy ukochan\u0105 osob\u0119, albo t\u0119skni\u0105cy za<br \/>\nni\u0105, z niedowierzaniem patrzy na tych, kt\u00f3rzy mogliby \u017cy\u0107, jak u<br \/>\nPana Boga za piecem, <b>ale nie potrafi\u0105 \u2013 czy nie chc\u0105 \u2013<br \/>\ndoceni\u0107<\/b> tego, jak\u0105 warto\u015bci\u0105 jest dla nich najbli\u017csza osoba,<br \/>\ndlatego <b>na si\u0142\u0119 wr\u0119cz wyszukuj\u0105 problem\u00f3w\u2026<\/b> Ot,<br \/>\npogmatwane ludzkie losy\u2026 Kt\u00f3\u017c to wszystko ogarnie?\u2026\n<\/div>\n<div align=\"justify\" style=\"line-height: 150%; margin-bottom: 0cm; text-indent: 1.3cm;\">\nA<br \/>\njednak, Bo\u017ce s\u0142owo \u2013 poprzez to w\u0142a\u015bnie, \u017ce u\u015bwiadamia nam<br \/>\ntakie szokuj\u0105ce zestawienia i kontrasty \u2013 przekonuje nas, \u017ce<br \/>\n<b>wszystkie tego typu sytuacje s\u0105 znane Bogu<\/b> i dlatego tylko<br \/>\nrazem z Bogiem nale\u017cy je prze\u017cywa\u0107. Co wi\u0119cej, mo\u017cna nawet<br \/>\nstwierdzi\u0107, \u017ce tak historia rozstania si\u0119 J\u00f3zefa ze swoj\u0105<br \/>\nrodzin\u0105, jak i zapowiadana w Ewangelii nieprzyja\u017a\u0144 pomi\u0119dzy<br \/>\ncz\u0142onkami jednej rodziny \u2013 to tak\u017ce, w jakim\u015b sensie, <b>z<br \/>\npowodu Boga!<\/b> Bo przecie\u017c J\u00f3zef tak\u0105 w\u0142a\u015bnie cen\u0119 zap\u0142aci\u0142<br \/>\n<b>za wierno\u015b\u0107 Bogu,<\/b> a i Jezus dzisiaj zapowiada, \u017ce roz\u0142am w<br \/>\nrodzinach b\u0119dzie mia\u0142 miejsce <b>z Jego powodu. <\/b>\n<\/div>\n<div align=\"justify\" style=\"line-height: 150%; margin-bottom: 0cm; text-indent: 1.3cm;\">\nTak<br \/>\nsi\u0119 zreszt\u0105 rzeczywi\u015bcie dzieje: w wielu przypadkach to w\u0142a\u015bnie<br \/>\n<b>przywi\u0105zanie do Jezusa<\/b> i zasad ewangelicznych powoduje<br \/>\nniech\u0119\u0107, a niekiedy wr\u0119cz wrogo\u015b\u0107 cz\u0142onk\u00f3w najbli\u017cszego<br \/>\notoczenia. Jasno i wyra\u017anie m\u00f3wi o tym Jezus dzisiaj w Ewangelii,<br \/>\ndoradzaj\u0105c jednocze\u015bnie: <i><b>B\u0105d\u017acie<\/b><\/i><b> <\/b><b>[\u2026]<\/b><b><br \/>\n<\/b><i><b>roztropni jak w\u0119\u017ce, a nieskazitelni jak go\u0142\u0119bie.<br \/>\n<\/b><\/i><i><b>Miejcie si\u0119 na baczno\u015bci przed lud\u017ami.<\/b><\/i><b> <\/b>\n<\/div>\n<div align=\"justify\" style=\"line-height: 150%; margin-bottom: 0cm; text-indent: 1.3cm;\">\nPrzy<br \/>\nczym, ka\u017cda z tych sytuacji, w kt\u00f3rej powodem niesnasek czy nawet<br \/>\nwrogo\u015bci ze strony ludzi jest nasza wierno\u015b\u0107 Jezusowi \u2013 nie mo\u017ce<br \/>\nnam tak naprawd\u0119 przynie\u015b\u0107 wi\u0119kszej szkody. Albo inaczej: <b>nie<br \/>\nmo\u017ce nam zaszkodzi\u0107 w d\u0142u\u017cszej perspektywie,<\/b> a ju\u017c<br \/>\nszczeg\u00f3lnie \u2013 w tej <b>wiecznej.<\/b> I w tej <b>moralnej<\/b><br \/>\ntak\u017ce. Bo cz\u0142owiek, kt\u00f3ry jest jedno z Jezusem, cho\u0107 b\u0119dzie<br \/>\n\u015bci\u0105ga\u0142 na siebie niech\u0119\u0107, a nawet wrogo\u015b\u0107 wielu ludzi, to<br \/>\njednak <b>sam pozostanie zwyci\u0119zc\u0105. <\/b>Ludzka nienawi\u015b\u0107, ludzkie<br \/>\nplotki, ludzka wrogo\u015b\u0107 \u2013 nic mu tak naprawd\u0119 nie zrobi\u0105, bo<br \/>\nstoi za Nim Jezus.\n<\/div>\n<div align=\"justify\" style=\"line-height: 150%; margin-bottom: 0cm; text-indent: 1.3cm;\">\nZreszt\u0105,<br \/>\nOn sam jasno to dzisiaj zapowiedzia\u0142, m\u00f3wi\u0105c w Ewangelii: <i><b>Kiedy<br \/>\nwas wydadz\u0105, nie martwcie si\u0119 o to, jak ani co macie m\u00f3wi\u0107. W<br \/>\nowej bowiem godzinie b\u0119dzie wam poddane, co macie m\u00f3wi\u0107. Gdy\u017c nie<br \/>\nwy b\u0119dziecie m\u00f3wili, lecz Duch Ojca waszego b\u0119dzie m\u00f3wi\u0142 przez<br \/>\nwas;<\/b><\/i><b> <\/b>oraz nieco dalej: <i><b>B\u0119dziecie w nienawi\u015bci<br \/>\nu wszystkich z powodu mego imienia. Lecz kto wytrwa do ko\u0144ca, ten<br \/>\nb\u0119dzie zbawiony.<\/b><\/i><b> <\/b>\n<\/div>\n<div align=\"justify\" style=\"line-height: 150%; margin-bottom: 0cm; text-indent: 1.3cm;\">\nMo\u017cna<br \/>\nby zatem powiedzie\u0107, \u017ce takie konflikty, takie niesnaski, taka<br \/>\nwrogo\u015b\u0107 ludzi \u2013 to <b>tak naprawd\u0119 nie problem<\/b> (jakkolwiek<br \/>\ndziwnie by to nie brzmia\u0142o\u2026). Problem zaczyna si\u0119 w\u00f3wczas, kiedy<br \/>\nte niesnaski, wrogo\u015b\u0107, konflikty rodzinne, k\u0142\u00f3tnie, nienawi\u015b\u0107 i<br \/>\nwszelkie inne ods\u0142ony tego typu postaw <b>spowodowane s\u0105 naszym<br \/>\negoizmem, nasz\u0105 pych\u0105,<\/b> nasz\u0105 ch\u0119ci\u0105 dominowania nad innymi,<br \/>\nnasz\u0105 pretensjonalno\u015bci\u0105, po prostu: <b>naszym grzechem.<\/b> Wtedy<br \/>\nto jest problem. Bo wtedy na pewno <b>nie stoi za nami Jezus<\/b> ze<br \/>\nswoj\u0105 moc\u0105 i swoimi natchnieniami, a kto\u015b dok\u0142adnie przeciwny<br \/>\nJezusowi\u2026\n<\/div>\n<div align=\"justify\" style=\"line-height: 150%; margin-bottom: 0cm; text-indent: 1.3cm;\">\nM\u00f3wi\u0105c<br \/>\nzatem kr\u00f3tko, chrze\u015bcija\u0144stwo w swoich za\u0142o\u017ceniach <b>nie ma<br \/>\nzgody ze wszystkimi wok\u00f3\u0142 za wszelk\u0105 cen\u0119.<\/b> Na pewno \u2013 nie<br \/>\nza cen\u0119 rezygnacji z najwy\u017cszych warto\u015bci. Natomiast na pewno ma w<br \/>\nswych za\u0142o\u017ceniach <b>mi\u0142o\u015b\u0107 do drugiego cz\u0142owieka<\/b> \u2013 tak\u017ce<br \/>\ntego, kt\u00f3ry owe konflikty i napi\u0119cia powoduje\u2026\n<\/div>\n<div align=\"justify\" style=\"line-height: 150%; margin-bottom: 0cm; text-indent: 1.3cm;\">\nOby<br \/>\nnam Pan pom\u00f3g\u0142 unikn\u0105\u0107 \u2013 na tym obszarze \u2013 zar\u00f3wno k\u0142\u00f3tni<br \/>\ni konflikt\u00f3w, powodowanych ludzkim egoizmem, jak i zgody ze<br \/>\nwszystkimi <b>za cen\u0119 rezygnacji z najwa\u017cniejszych zasad.<\/b> Niech<br \/>\nnam pomo\u017ce budowa\u0107 z lud\u017ami relacje m\u0105dre i adekwatne do<br \/>\nsytuacji; w duchu tego w\u0142a\u015bnie wskazania Jezusa: <i><b>B\u0105d\u017acie<\/b><\/i><b><br \/>\n<\/b><b>[\u2026]<\/b><b> <\/b><i><b>roztropni jak w\u0119\u017ce, a nieskazitelni<br \/>\njak go\u0142\u0119bie\u2026<\/b><\/i><\/div>\n<div align=\"justify\" style=\"line-height: 150%; margin-bottom: 0cm; text-indent: 1.3cm;\">\nPomy\u015blmy<br \/>\nw tym kontek\u015bcie:<\/div>\n<div align=\"justify\" style=\"line-height: 150%; margin-bottom: 0cm;\">\n&#8211; Czy<br \/>\nw swoich pogl\u0105dach i w budowaniu relacji z lud\u017ami trzymam si\u0119<br \/>\nmocno zasad Jezusowych?<\/div>\n<div align=\"justify\" style=\"line-height: 150%; margin-bottom: 0cm;\">\n&#8211; Czy<br \/>\nnie powoduj\u0119 niepotrzebnych napi\u0119\u0107 i konflikt\u00f3w z lud\u017ami,<br \/>\nt\u0142umacz\u0105c to wierno\u015bci\u0105 jakim\u015b swoim, prywatnym, egoistycznym<br \/>\nzasadom?<\/div>\n<div align=\"justify\" style=\"line-height: 150%; margin-bottom: 0cm;\">\n&#8211; Czy<br \/>\ngeneralnie staram si\u0119 by\u0107 cz\u0142owiekiem przyst\u0119pnym i otwartym na<br \/>\ninnych?<\/div>\n<p><\/p>\n<div align=\"justify\" style=\"line-height: 150%; margin-bottom: 0cm;\">\n<i><b>Oto<br \/>\nJa was posy\u0142am jak owce mi\u0119dzy wilki. B\u0105d\u017acie wi\u0119c roztropni jak<br \/>\nw\u0119\u017ce, a nieskazitelni jak go\u0142\u0119bie\u2026<\/b><\/i><\/div>\n","protected":false},"excerpt":{"rendered":"<p>Szcz\u0119\u015b\u0107 Bo\u017ce! Moi Drodzy, w dniu dzisiejszym imieniny prze\u017cywa Ksi\u0105dz Arcybiskup Henryk Hoser, Biskup Warszawsko \u2013 Praski. Imieniny prze\u017cywaj\u0105 tak\u017ce: Kamil Charkiewicz i Kamil Lewczuk, nale\u017c\u0105cy w swoim czasie do Wsp\u00f3lnoty m\u0142odzie\u017cowej w Bia\u0142ej Podlaskiej; Kamil Krupa \u2013 za moich czas\u00f3w: Lektor w Parafii w Celestynowie; oraz Kamil \u015aledziewski \u2013 za moich czas\u00f3w: Lektor w [&hellip;]<\/p>\n","protected":false},"author":1,"featured_media":0,"comment_status":"open","ping_status":"open","sticky":false,"template":"","format":"standard","meta":{"jetpack_post_was_ever_published":false,"_jetpack_newsletter_access":"","_jetpack_dont_email_post_to_subs":false,"_jetpack_newsletter_tier_id":0,"_jetpack_memberships_contains_paywalled_content":false,"_jetpack_memberships_contains_paid_content":false,"footnotes":""},"categories":[1],"tags":[],"class_list":["post-7600","post","type-post","status-publish","format-standard","hentry","category-bez-kategorii"],"yoast_head":"<!-- This site is optimized with the Yoast SEO plugin v25.1 - https:\/\/yoast.com\/wordpress\/plugins\/seo\/ -->\n<title>Roztropni i nieskazitelni - Gaudium Et Spes<\/title>\n<meta name=\"robots\" content=\"index, follow, max-snippet:-1, max-image-preview:large, max-video-preview:-1\" \/>\n<link rel=\"canonical\" href=\"https:\/\/gaudiumetspes-blog.pl\/index.php\/2017\/07\/14\/roztropni-i-nieskazitelni\/\" \/>\n<meta property=\"og:locale\" content=\"pl_PL\" \/>\n<meta property=\"og:type\" content=\"article\" \/>\n<meta property=\"og:title\" content=\"Roztropni i nieskazitelni - Gaudium Et Spes\" \/>\n<meta property=\"og:description\" content=\"Szcz\u0119\u015b\u0107 Bo\u017ce! Moi Drodzy, w dniu dzisiejszym imieniny prze\u017cywa Ksi\u0105dz Arcybiskup Henryk Hoser, Biskup Warszawsko \u2013 Praski. Imieniny prze\u017cywaj\u0105 tak\u017ce: Kamil Charkiewicz i Kamil Lewczuk, nale\u017c\u0105cy w swoim czasie do Wsp\u00f3lnoty m\u0142odzie\u017cowej w Bia\u0142ej Podlaskiej; Kamil Krupa \u2013 za moich czas\u00f3w: Lektor w Parafii w Celestynowie; oraz Kamil \u015aledziewski \u2013 za moich czas\u00f3w: Lektor w [&hellip;]\" \/>\n<meta property=\"og:url\" content=\"https:\/\/gaudiumetspes-blog.pl\/index.php\/2017\/07\/14\/roztropni-i-nieskazitelni\/\" \/>\n<meta property=\"og:site_name\" content=\"Gaudium Et Spes\" \/>\n<meta property=\"article:published_time\" content=\"2017-07-14T02:32:00+00:00\" \/>\n<meta property=\"article:modified_time\" content=\"2019-07-31T10:56:59+00:00\" \/>\n<meta name=\"author\" content=\"Ks. Jacek\" \/>\n<meta name=\"twitter:card\" content=\"summary_large_image\" \/>\n<meta name=\"twitter:label1\" content=\"Napisane przez\" \/>\n\t<meta name=\"twitter:data1\" content=\"Ks. Jacek\" \/>\n\t<meta name=\"twitter:label2\" content=\"Szacowany czas czytania\" \/>\n\t<meta name=\"twitter:data2\" content=\"7 minut\" \/>\n<script type=\"application\/ld+json\" class=\"yoast-schema-graph\">{\"@context\":\"https:\/\/schema.org\",\"@graph\":[{\"@type\":\"WebPage\",\"@id\":\"https:\/\/gaudiumetspes-blog.pl\/index.php\/2017\/07\/14\/roztropni-i-nieskazitelni\/\",\"url\":\"https:\/\/gaudiumetspes-blog.pl\/index.php\/2017\/07\/14\/roztropni-i-nieskazitelni\/\",\"name\":\"Roztropni i nieskazitelni - Gaudium Et Spes\",\"isPartOf\":{\"@id\":\"https:\/\/gaudiumetspes-blog.pl\/#website\"},\"datePublished\":\"2017-07-14T02:32:00+00:00\",\"dateModified\":\"2019-07-31T10:56:59+00:00\",\"author\":{\"@id\":\"https:\/\/gaudiumetspes-blog.pl\/#\/schema\/person\/1661982992b752dea8dff0d4ed845a65\"},\"breadcrumb\":{\"@id\":\"https:\/\/gaudiumetspes-blog.pl\/index.php\/2017\/07\/14\/roztropni-i-nieskazitelni\/#breadcrumb\"},\"inLanguage\":\"pl-PL\",\"potentialAction\":[{\"@type\":\"ReadAction\",\"target\":[\"https:\/\/gaudiumetspes-blog.pl\/index.php\/2017\/07\/14\/roztropni-i-nieskazitelni\/\"]}]},{\"@type\":\"BreadcrumbList\",\"@id\":\"https:\/\/gaudiumetspes-blog.pl\/index.php\/2017\/07\/14\/roztropni-i-nieskazitelni\/#breadcrumb\",\"itemListElement\":[{\"@type\":\"ListItem\",\"position\":1,\"name\":\"Strona g\u0142\u00f3wna\",\"item\":\"https:\/\/gaudiumetspes-blog.pl\/\"},{\"@type\":\"ListItem\",\"position\":2,\"name\":\"Roztropni i&nbsp;nieskazitelni\"}]},{\"@type\":\"WebSite\",\"@id\":\"https:\/\/gaudiumetspes-blog.pl\/#website\",\"url\":\"https:\/\/gaudiumetspes-blog.pl\/\",\"name\":\"Gaudium Et Spes\",\"description\":\"Blog Ks. Jacka Ja\u015bkowskiego\",\"potentialAction\":[{\"@type\":\"SearchAction\",\"target\":{\"@type\":\"EntryPoint\",\"urlTemplate\":\"https:\/\/gaudiumetspes-blog.pl\/?s={search_term_string}\"},\"query-input\":{\"@type\":\"PropertyValueSpecification\",\"valueRequired\":true,\"valueName\":\"search_term_string\"}}],\"inLanguage\":\"pl-PL\"},{\"@type\":\"Person\",\"@id\":\"https:\/\/gaudiumetspes-blog.pl\/#\/schema\/person\/1661982992b752dea8dff0d4ed845a65\",\"name\":\"Ks. Jacek\",\"image\":{\"@type\":\"ImageObject\",\"inLanguage\":\"pl-PL\",\"@id\":\"https:\/\/gaudiumetspes-blog.pl\/#\/schema\/person\/image\/\",\"url\":\"https:\/\/gaudiumetspes-blog.pl\/wp-content\/uploads\/2019\/07\/avatar-JJ-150x150.jpg\",\"contentUrl\":\"https:\/\/gaudiumetspes-blog.pl\/wp-content\/uploads\/2019\/07\/avatar-JJ-150x150.jpg\",\"caption\":\"Ks. Jacek\"},\"description\":\"Witam serdecznie! K\u0142ania si\u0119 Ks. Jacek Ja\u015bkowski. Nie jestem ani kim\u015b wa\u017cnym, ani kim\u015b znanym. Jestem ksi\u0119dzem, kt\u00f3ry po prostu chce rozmawia\u0107. Codzienna kap\u0142a\u0144ska pos\u0142uga pokazuje mi, \u017ce temat\u00f3w do rozm\u00f3w z ksi\u0119dzem jest coraz wi\u0119cej i dzisiaj \u017caden ksi\u0105dz nie mo\u017ce od nich ucieka\u0107, ale - wprost przeciwnie - podejmowa\u0107 nowe wyzwania. To przekonanie sk\u0142oni\u0142o mnie do pr\u00f3by otwarcia tego\u017c bloga, chocia\u017c okazji do rozm\u00f3w na co dzie\u0144 - w konfesjonale i poza nim - na szcz\u0119\u015bcie nie brakuje. My\u015bl\u0119 jednak, \u017ce ten blog b\u0119dzie jeszcze jednym sposobem i przestrzeni\u0105 nawi\u0105zania kontaktu z lud\u017ami dobrej woli, otwartymi na dialog.\",\"url\":\"https:\/\/gaudiumetspes-blog.pl\/index.php\/author\/ks-jacek\/\"}]}<\/script>\n<!-- \/ Yoast SEO plugin. -->","yoast_head_json":{"title":"Roztropni i nieskazitelni - Gaudium Et Spes","robots":{"index":"index","follow":"follow","max-snippet":"max-snippet:-1","max-image-preview":"max-image-preview:large","max-video-preview":"max-video-preview:-1"},"canonical":"https:\/\/gaudiumetspes-blog.pl\/index.php\/2017\/07\/14\/roztropni-i-nieskazitelni\/","og_locale":"pl_PL","og_type":"article","og_title":"Roztropni i nieskazitelni - Gaudium Et Spes","og_description":"Szcz\u0119\u015b\u0107 Bo\u017ce! Moi Drodzy, w dniu dzisiejszym imieniny prze\u017cywa Ksi\u0105dz Arcybiskup Henryk Hoser, Biskup Warszawsko \u2013 Praski. Imieniny prze\u017cywaj\u0105 tak\u017ce: Kamil Charkiewicz i Kamil Lewczuk, nale\u017c\u0105cy w swoim czasie do Wsp\u00f3lnoty m\u0142odzie\u017cowej w Bia\u0142ej Podlaskiej; Kamil Krupa \u2013 za moich czas\u00f3w: Lektor w Parafii w Celestynowie; oraz Kamil \u015aledziewski \u2013 za moich czas\u00f3w: Lektor w [&hellip;]","og_url":"https:\/\/gaudiumetspes-blog.pl\/index.php\/2017\/07\/14\/roztropni-i-nieskazitelni\/","og_site_name":"Gaudium Et Spes","article_published_time":"2017-07-14T02:32:00+00:00","article_modified_time":"2019-07-31T10:56:59+00:00","author":"Ks. Jacek","twitter_card":"summary_large_image","twitter_misc":{"Napisane przez":"Ks. Jacek","Szacowany czas czytania":"7 minut"},"schema":{"@context":"https:\/\/schema.org","@graph":[{"@type":"WebPage","@id":"https:\/\/gaudiumetspes-blog.pl\/index.php\/2017\/07\/14\/roztropni-i-nieskazitelni\/","url":"https:\/\/gaudiumetspes-blog.pl\/index.php\/2017\/07\/14\/roztropni-i-nieskazitelni\/","name":"Roztropni i nieskazitelni - Gaudium Et Spes","isPartOf":{"@id":"https:\/\/gaudiumetspes-blog.pl\/#website"},"datePublished":"2017-07-14T02:32:00+00:00","dateModified":"2019-07-31T10:56:59+00:00","author":{"@id":"https:\/\/gaudiumetspes-blog.pl\/#\/schema\/person\/1661982992b752dea8dff0d4ed845a65"},"breadcrumb":{"@id":"https:\/\/gaudiumetspes-blog.pl\/index.php\/2017\/07\/14\/roztropni-i-nieskazitelni\/#breadcrumb"},"inLanguage":"pl-PL","potentialAction":[{"@type":"ReadAction","target":["https:\/\/gaudiumetspes-blog.pl\/index.php\/2017\/07\/14\/roztropni-i-nieskazitelni\/"]}]},{"@type":"BreadcrumbList","@id":"https:\/\/gaudiumetspes-blog.pl\/index.php\/2017\/07\/14\/roztropni-i-nieskazitelni\/#breadcrumb","itemListElement":[{"@type":"ListItem","position":1,"name":"Strona g\u0142\u00f3wna","item":"https:\/\/gaudiumetspes-blog.pl\/"},{"@type":"ListItem","position":2,"name":"Roztropni i&nbsp;nieskazitelni"}]},{"@type":"WebSite","@id":"https:\/\/gaudiumetspes-blog.pl\/#website","url":"https:\/\/gaudiumetspes-blog.pl\/","name":"Gaudium Et Spes","description":"Blog Ks. Jacka Ja\u015bkowskiego","potentialAction":[{"@type":"SearchAction","target":{"@type":"EntryPoint","urlTemplate":"https:\/\/gaudiumetspes-blog.pl\/?s={search_term_string}"},"query-input":{"@type":"PropertyValueSpecification","valueRequired":true,"valueName":"search_term_string"}}],"inLanguage":"pl-PL"},{"@type":"Person","@id":"https:\/\/gaudiumetspes-blog.pl\/#\/schema\/person\/1661982992b752dea8dff0d4ed845a65","name":"Ks. Jacek","image":{"@type":"ImageObject","inLanguage":"pl-PL","@id":"https:\/\/gaudiumetspes-blog.pl\/#\/schema\/person\/image\/","url":"https:\/\/gaudiumetspes-blog.pl\/wp-content\/uploads\/2019\/07\/avatar-JJ-150x150.jpg","contentUrl":"https:\/\/gaudiumetspes-blog.pl\/wp-content\/uploads\/2019\/07\/avatar-JJ-150x150.jpg","caption":"Ks. Jacek"},"description":"Witam serdecznie! K\u0142ania si\u0119 Ks. Jacek Ja\u015bkowski. Nie jestem ani kim\u015b wa\u017cnym, ani kim\u015b znanym. Jestem ksi\u0119dzem, kt\u00f3ry po prostu chce rozmawia\u0107. Codzienna kap\u0142a\u0144ska pos\u0142uga pokazuje mi, \u017ce temat\u00f3w do rozm\u00f3w z ksi\u0119dzem jest coraz wi\u0119cej i dzisiaj \u017caden ksi\u0105dz nie mo\u017ce od nich ucieka\u0107, ale - wprost przeciwnie - podejmowa\u0107 nowe wyzwania. To przekonanie sk\u0142oni\u0142o mnie do pr\u00f3by otwarcia tego\u017c bloga, chocia\u017c okazji do rozm\u00f3w na co dzie\u0144 - w konfesjonale i poza nim - na szcz\u0119\u015bcie nie brakuje. My\u015bl\u0119 jednak, \u017ce ten blog b\u0119dzie jeszcze jednym sposobem i przestrzeni\u0105 nawi\u0105zania kontaktu z lud\u017ami dobrej woli, otwartymi na dialog.","url":"https:\/\/gaudiumetspes-blog.pl\/index.php\/author\/ks-jacek\/"}]}},"jetpack_featured_media_url":"","jetpack_sharing_enabled":true,"_links":{"self":[{"href":"https:\/\/gaudiumetspes-blog.pl\/index.php\/wp-json\/wp\/v2\/posts\/7600","targetHints":{"allow":["GET"]}}],"collection":[{"href":"https:\/\/gaudiumetspes-blog.pl\/index.php\/wp-json\/wp\/v2\/posts"}],"about":[{"href":"https:\/\/gaudiumetspes-blog.pl\/index.php\/wp-json\/wp\/v2\/types\/post"}],"author":[{"embeddable":true,"href":"https:\/\/gaudiumetspes-blog.pl\/index.php\/wp-json\/wp\/v2\/users\/1"}],"replies":[{"embeddable":true,"href":"https:\/\/gaudiumetspes-blog.pl\/index.php\/wp-json\/wp\/v2\/comments?post=7600"}],"version-history":[{"count":1,"href":"https:\/\/gaudiumetspes-blog.pl\/index.php\/wp-json\/wp\/v2\/posts\/7600\/revisions"}],"predecessor-version":[{"id":13338,"href":"https:\/\/gaudiumetspes-blog.pl\/index.php\/wp-json\/wp\/v2\/posts\/7600\/revisions\/13338"}],"wp:attachment":[{"href":"https:\/\/gaudiumetspes-blog.pl\/index.php\/wp-json\/wp\/v2\/media?parent=7600"}],"wp:term":[{"taxonomy":"category","embeddable":true,"href":"https:\/\/gaudiumetspes-blog.pl\/index.php\/wp-json\/wp\/v2\/categories?post=7600"},{"taxonomy":"post_tag","embeddable":true,"href":"https:\/\/gaudiumetspes-blog.pl\/index.php\/wp-json\/wp\/v2\/tags?post=7600"}],"curies":[{"name":"wp","href":"https:\/\/api.w.org\/{rel}","templated":true}]}}