{"id":7619,"date":"2017-06-25T03:12:00","date_gmt":"2017-06-25T01:12:00","guid":{"rendered":"https:\/\/gaudiumetspes-blog.pl\/index.php\/2017\/06\/25\/jezus-modny-czy-niemodny\/"},"modified":"2019-07-31T12:56:57","modified_gmt":"2019-07-31T10:56:57","slug":"jezus-modny-czy-niemodny","status":"publish","type":"post","link":"https:\/\/gaudiumetspes-blog.pl\/index.php\/2017\/06\/25\/jezus-modny-czy-niemodny\/","title":{"rendered":"Jezus modny &#8211; czy niemodny?&#8230;"},"content":{"rendered":"<div align=\"justify\" style=\"line-height: 150%; margin-bottom: 0cm;\">\nNiech b\u0119dzie pochwalony Jezus Chrystus! Moi Drodzy, w dniu dzisiejszym <b>rocznic\u0119 \u015awi\u0119ce\u0144 kap\u0142a\u0144skich prze\u017cywa m\u00f3j Brat cioteczny, Ksi\u0105dz Marcin Nowicki, Kap\u0142an Diecezji toru\u0144skiej. \u017bycz\u0119 Mu gorliwo\u015bci i ci\u0105g\u0142ej duchowej m\u0142odo\u015bci. Zapewniam o modlitwie!<\/b><br \/>\n<b>&nbsp; &nbsp; &nbsp; &nbsp; &nbsp; <\/b>&nbsp;Jutro za\u015b &#8211; na naszym forum &#8211; s\u0142\u00f3wko Piotra!<\/div>\n<div align=\"justify\" style=\"line-height: 150%; margin-bottom: 0cm;\">\nWszystkim \u017cycz\u0119 pi\u0119knej niedzieli &#8211; pierwszej wakacyjnej! Za\u015b w jej g\u0142\u0119bokim i pobo\u017cnym prze\u017cywaniu<b> &#8211; niech Was b\u0142ogos\u0142awi B\u00f3g wszechmog\u0105cy: Ojciec + i Syn, i Duch \u015awi\u0119ty. Amen<\/b><\/div>\n<div align=\"justify\" style=\"line-height: 150%; margin-bottom: 0cm;\">\n<b>&nbsp; &nbsp; &nbsp; &nbsp; &nbsp; &nbsp; &nbsp; &nbsp; &nbsp; &nbsp; &nbsp; &nbsp; &nbsp; &nbsp; &nbsp; <\/b>&nbsp;Gaudium et spes! &nbsp;Ks. Jacek<\/div>\n<div align=\"justify\" style=\"line-height: 150%; margin-bottom: 0cm;\">\n<b><br \/><\/b><\/div>\n<div align=\"justify\" style=\"line-height: 150%; margin-bottom: 0cm;\">\n<b>12<br \/>\nNiedziela zwyk\u0142a, A,<\/b><\/div>\n<div align=\"justify\" style=\"line-height: 150%; margin-bottom: 0cm;\">\n<b>do<br \/>\nczyta\u0144:  Jr 20,10\u201313;  Rz 5,12\u201315;  Mt 10,26\u201333<\/b><\/div>\n<div align=\"justify\" style=\"line-height: 150%; margin-bottom: 0cm;\">\n<\/div>\n<div align=\"justify\" style=\"break-before: auto; line-height: 150%; margin-bottom: 0cm;\">\n<b>CZYTANIE<br \/>\nZ KSI\u0118GI PROROKA JEREMIASZA: <\/b>\n<\/div>\n<div align=\"justify\" style=\"background-attachment: initial; background-clip: initial; background-image: initial; background-origin: initial; background-position: initial; background-repeat: initial; background-size: initial; break-before: auto; line-height: 150%; margin-bottom: 0cm; text-indent: 1.3cm;\">\n<b>Rzek\u0142<br \/>\nJeremiasz: \u201eS\u0142ysza\u0142em oszczerstwo wielu: \u00abTrwoga doko\u0142a!<br \/>\nDonie\u015bcie, donie\u015bmy na niego!\u00bb Wszyscy zaprzyja\u017anieni ze mn\u0105<br \/>\nwypatruj\u0105 mojego upadku: \u00abMo\u017ce da si\u0119 zwie\u015b\u0107, tak \u017ce go<br \/>\nzwyci\u0119\u017cymy i wywrzemy sw\u0105 pomst\u0119 na nim!\u00bb <\/b>\n<\/div>\n<div align=\"justify\" style=\"background-attachment: initial; background-clip: initial; background-image: initial; background-origin: initial; background-position: initial; background-repeat: initial; background-size: initial; line-height: 150%; margin-bottom: 0cm; text-indent: 1.3cm;\">\n<b>Ale<br \/>\nPan jest przy mnie jako pot\u0119\u017cny mocarz; dlatego moi prze\u015bladowcy<br \/>\nustan\u0105 i nie zwyci\u0119\u017c\u0105. B\u0119d\u0105 bardzo zawstydzeni swoj\u0105 pora\u017ck\u0105,<br \/>\nokryci wieczn\u0105 i niezapomnian\u0105 ha\u0144b\u0105. <\/b>\n<\/div>\n<div align=\"justify\" style=\"background-attachment: initial; background-clip: initial; background-image: initial; background-origin: initial; background-position: initial; background-repeat: initial; background-size: initial; line-height: 150%; margin-bottom: 0cm; text-indent: 1.3cm;\">\n<b>Panie<br \/>\nZast\u0119p\u00f3w, Ty, kt\u00f3ry do\u015bwiadczasz sprawiedliwego, patrzysz na<br \/>\nnerki i serce, dozw\u00f3l, bym zobaczy\u0142 Twoj\u0105 pomst\u0119 nad nimi! Tobie<br \/>\nbowiem powierzy\u0142em sw\u0105 spraw\u0119. <\/b>\n<\/div>\n<div align=\"justify\" style=\"background-attachment: initial; background-clip: initial; background-image: initial; background-origin: initial; background-position: initial; background-repeat: initial; background-size: initial; line-height: 150%; margin-bottom: 0cm; text-indent: 1.3cm;\">\n<b>\u015apiewajcie<br \/>\nPanu, wys\u0142awiajcie Pana! Uratowa\u0142 bowiem \u017cycie ubogiego z r\u0119ki<br \/>\nz\u0142oczy\u0144c\u00f3w\u201d.<\/b><\/div>\n<div align=\"justify\" style=\"line-height: 150%; margin-bottom: 0cm;\">\n<\/div>\n<div align=\"justify\" style=\"line-height: 150%; margin-bottom: 0cm;\">\n<b>CZYTANIE<br \/>\nZ LISTU \u015aWI\u0118TEGO PAW\u0141A APOSTO\u0141A DO RZYMIAN: <\/b>\n<\/div>\n<div align=\"justify\" style=\"background-attachment: initial; background-clip: initial; background-image: initial; background-origin: initial; background-position: initial; background-repeat: initial; background-size: initial; break-before: auto; line-height: 150%; margin-bottom: 0cm; text-indent: 1.3cm;\">\n<b>Bracia:<br \/>\nPrzez jednego cz\u0142owieka grzech wszed\u0142 na \u015bwiat, a przez grzech<br \/>\n\u015bmier\u0107, i w ten spos\u00f3b \u015bmier\u0107 przesz\u0142a na wszystkich ludzi,<br \/>\nponiewa\u017c wszyscy zgrzeszyli. <\/b>\n<\/div>\n<div align=\"justify\" style=\"background-attachment: initial; background-clip: initial; background-image: initial; background-origin: initial; background-position: initial; background-repeat: initial; background-size: initial; line-height: 150%; margin-bottom: 0cm; text-indent: 1.3cm;\">\n<b>Bo<br \/>\ni przed Prawem grzech by\u0142 na \u015bwiecie, grzechu si\u0119 jednak nie<br \/>\npoczytuje, gdy nie ma Prawa. A przecie\u017c \u015bmier\u0107 rozpanoszy\u0142a si\u0119<br \/>\nod Adama do Moj\u017cesza nawet nad tymi, kt\u00f3rzy nie zgrzeszyli<br \/>\nprzest\u0119pstwem na wz\u00f3r Adama. On to jest typem Tego, kt\u00f3ry mia\u0142<br \/>\nprzyj\u015b\u0107. <\/b>\n<\/div>\n<div align=\"justify\" style=\"background-attachment: initial; background-clip: initial; background-image: initial; background-origin: initial; background-position: initial; background-repeat: initial; background-size: initial; line-height: 150%; margin-bottom: 0cm; text-indent: 1.3cm;\">\n<b>Ale<br \/>\nnie tak samo ma si\u0119 rzecz z przest\u0119pstwem, jak z darem \u0142aski.<br \/>\nJe\u017celi bowiem przest\u0119pstwo jednego sprowadzi\u0142o na wszystkich<br \/>\n\u015bmier\u0107, to o ile\u017c obficiej sp\u0142yn\u0119\u0142a na nich wszystkich \u0142aska i<br \/>\ndar Bo\u017cy, \u0142askawie udzielony przez jednego Cz\u0142owieka, Jezusa<br \/>\nChrystusa.<\/b><\/div>\n<div align=\"justify\" style=\"line-height: 150%; margin-bottom: 0cm;\">\n<\/div>\n<div align=\"justify\" style=\"line-height: 150%; margin-bottom: 0cm;\">\n<b>S\u0141OWA<br \/>\nEWANGELII WED\u0141UG \u015aWI\u0118TEGO MATEUSZA: <\/b>\n<\/div>\n<div align=\"justify\" style=\"background-attachment: initial; background-clip: initial; background-image: initial; background-origin: initial; background-position: initial; background-repeat: initial; background-size: initial; break-before: auto; line-height: 150%; margin-bottom: 0cm; text-indent: 1.3cm;\">\n<b>Jezus<br \/>\npowiedzia\u0142 do swoich Aposto\u0142\u00f3w: \u201eNie b\u00f3jcie si\u0119 ludzi. Nie ma<br \/>\nbowiem nic zakrytego, co by nie mia\u0142o by\u0107 wyjawione, ani nic<br \/>\ntajemnego, o czym by si\u0119 nie miano dowiedzie\u0107. Co m\u00f3wi\u0119 wam w<br \/>\nciemno\u015bciach, powtarzajcie jawnie, a co us\u0142yszycie na ucho,<br \/>\nrozg\u0142aszajcie na dachach. <\/b>\n<\/div>\n<div align=\"justify\" style=\"background-attachment: initial; background-clip: initial; background-image: initial; background-origin: initial; background-position: initial; background-repeat: initial; background-size: initial; break-before: auto; line-height: 150%; margin-bottom: 0cm; text-indent: 1.3cm;\">\n<b>Nie<br \/>\nb\u00f3jcie si\u0119 tych, kt\u00f3rzy zabijaj\u0105 cia\u0142o, lecz duszy zabi\u0107 nie<br \/>\nmog\u0105. B\u00f3jcie si\u0119 raczej Tego, kt\u00f3ry dusz\u0119 i cia\u0142o mo\u017ce<br \/>\nzatraci\u0107 w piekle. Czy\u017c nie sprzedaj\u0105 dw\u00f3ch wr\u00f3bli za asa? A<br \/>\nprzecie\u017c \u017caden z nich bez woli Ojca waszego nie spadnie na ziemi\u0119.<br \/>\nU was za\u015b nawet w\u0142osy na g\u0142owie wszystkie s\u0105 policzone. Dlatego<br \/>\nnie b\u00f3jcie si\u0119: jeste\u015bcie wa\u017cniejsi ni\u017c wiele wr\u00f3bli. <\/b>\n<\/div>\n<div align=\"justify\" style=\"background-attachment: initial; background-clip: initial; background-image: initial; background-origin: initial; background-position: initial; background-repeat: initial; background-size: initial; line-height: 150%; margin-bottom: 0cm; text-indent: 1.3cm;\">\n<b>Do<br \/>\nka\u017cdego wi\u0119c, kt\u00f3ry si\u0119 przyzna do Mnie przed lud\u017ami, przyznam<br \/>\nsi\u0119 i Ja przed moim Ojcem, kt\u00f3ry jest w niebie. Lecz kto si\u0119 Mnie<br \/>\nzaprze przed lud\u017ami, tego zapr\u0119 si\u0119 i Ja przed moim Ojcem, kt\u00f3ry<br \/>\njest w niebie\u201d.<\/b><\/div>\n<div align=\"justify\" style=\"line-height: 150%; margin-bottom: 0cm;\">\n<\/div>\n<div align=\"justify\" style=\"background-attachment: initial; background-clip: initial; background-image: initial; background-origin: initial; background-position: initial; background-repeat: initial; background-size: initial; break-before: auto; line-height: 150%; margin-bottom: 0cm; text-indent: 1.3cm;\">\n<b><i>Do<br \/>\nka\u017cdego wi\u0119c, kt\u00f3ry si\u0119 przyzna do Mnie przed lud\u017ami, przyznam<br \/>\nsi\u0119 i Ja przed moim Ojcem, kt\u00f3ry jest w niebie. Lecz kto si\u0119 Mnie<br \/>\nzaprze przed lud\u017ami, tego zapr\u0119 si\u0119 i Ja przed moim Ojcem, kt\u00f3ry<br \/>\njest w niebie.<\/i> <\/b>Bardzo mocno<br \/>\nmusimy sobie te s\u0142owa, moi Drodzy, wypisa\u0107 w sercach i umys\u0142ach.<br \/>\nWr\u0119cz \u2013 wyry\u0107 je tam ostrym rylcem! <b>I zapami\u0119ta\u0107! I<br \/>\nci\u0105gle do nich wraca\u0107,<\/b> ci\u0105gle<br \/>\nje sobie przypomina\u0107. Szczeg\u00f3lnie teraz, w naszych czasach, kiedy<br \/>\nju\u017c w og\u00f3le nie wiadomo, co kto m\u00f3wi i co kto my\u015bli, i kto ma<br \/>\nracj\u0119, a kto nie ma racji.\n<\/div>\n<div align=\"justify\" style=\"background-attachment: initial; background-clip: initial; background-image: initial; background-origin: initial; background-position: initial; background-repeat: initial; background-size: initial; line-height: 150%; margin-bottom: 0cm; text-indent: 1.3cm;\">\nW<br \/>\nnat\u0142oku <b>r\u00f3\u017cnych opinii<\/b><br \/>\n\u2013 m\u0105drych bardziej, lub mniej \u2013 oraz pogl\u0105d\u00f3w na \u017cycie i w<br \/>\nog\u00f3le na wszystko, chyba najwi\u0119kszych szk\u00f3d doznaje\u2026 <b>prawda<br \/>\nEwangelii.<\/b> To znaczy, jako taka<br \/>\nnie mo\u017ce ona dozna\u0107 \u017cadnej szkody, bo jest trwa\u0142a i niezmienna, i<br \/>\nnikt tak naprawd\u0119 nie jest w stanie jej zniszczy\u0107. Ale w sercach<br \/>\nludzi, w \u015bwiadomo\u015bci ludzi, tak\u017ce w debacie publicznej \u2013 po<br \/>\nprostu <b>ginie ona w ca\u0142ym tym wspomnianym nat\u0142oku<\/b><br \/>\ndobrych rad i jedynie s\u0142usznych propozycji na \u017cycie.\n<\/div>\n<div align=\"justify\" style=\"background-attachment: initial; background-clip: initial; background-image: initial; background-origin: initial; background-position: initial; background-repeat: initial; background-size: initial; line-height: 150%; margin-bottom: 0cm; text-indent: 1.3cm;\">\nI<br \/>\ntu mo\u017ce nawet niekoniecznie chodzi o jakie\u015b fizyczne<br \/>\nprze\u015bladowania, o <b>rugowanie na si\u0142\u0119 prawdy Bo\u017cej<\/b><br \/>\nz \u017cycia ludzi \u2013 chocia\u017c dzisiejsza liturgia S\u0142owa w\u0142a\u015bnie do<br \/>\ntakich sytuacji si\u0119 odnosi.\n<\/div>\n<div align=\"justify\" style=\"background-attachment: initial; background-clip: initial; background-image: initial; background-origin: initial; background-position: initial; background-repeat: initial; background-size: initial; line-height: 150%; margin-bottom: 0cm; text-indent: 1.3cm;\">\nOto<br \/>\nw pierwszym czytaniu s\u0142yszymy dramatyczne \u015bwiadectwo Proroka,<br \/>\ndoznaj\u0105cego czynnego oporu<br \/>\nze strony ludzi sobie przeciwnych. M\u00f3wi on: <b><i>S\u0142ysza\u0142em<br \/>\noszczerstwo wielu: \u00abTrwoga doko\u0142a! Donie\u015bcie, donie\u015bmy na niego!\u00bb<br \/>\nWszyscy zaprzyja\u017anieni ze mn\u0105 wypatruj\u0105 mojego upadku: \u00abMo\u017ce da<br \/>\nsi\u0119 zwie\u015b\u0107, tak \u017ce go zwyci\u0119\u017cymy i wywrzemy sw\u0105 pomst\u0119 na<br \/>\nnim!<\/i><i>\u00bb<\/i> <\/b>W<br \/>\nobliczu takich do\u015bwiadcze\u0144, Prorok ca\u0142\u0105 sw\u0105 ufno\u015b\u0107 sk\u0142ada w<br \/>\nBogu, co skutkuje tym, \u017ce nie za\u0142amuje si\u0119 tym, o czym tu pisze, a<br \/>\nwr\u0119cz przeciwnie: staje si\u0119 <b>coraz bardziej odporny<\/b><br \/>\ni coraz silniejszy wewn\u0119trznie, coraz bardziej przekonany o tym, \u017ce<br \/>\nB\u00f3g wyprowadzi go z ka\u017cdego zagro\u017cenia.\n<\/div>\n<div align=\"justify\" style=\"background-attachment: initial; background-clip: initial; background-image: initial; background-origin: initial; background-position: initial; background-repeat: initial; background-size: initial; line-height: 150%; margin-bottom: 0cm; text-indent: 1.3cm;\">\nZreszt\u0105,<br \/>\nnawet je\u017celi prze\u015bledzimy raz jeszcze \u2013 spokojnie i w duchu<br \/>\ng\u0142\u0119bokiej refleksji \u2013 pierwsze czytanie, to zobaczymy, jak z<br \/>\nka\u017cdym zdaniem zmienia si\u0119 nastawienie Proroka; tak, \u017ce kiedy na<br \/>\npocz\u0105tku skar\u017cy si\u0119 na<br \/>\ndzia\u0142ania swoich przeciwnik\u00f3w \u2013 jak to przed chwil\u0105 sobie<br \/>\nzacytowali\u015bmy \u2013 to ju\u017c w ostatnim zdaniu m\u00f3wi wr\u0119cz rado\u015bnie:<br \/>\n<b><i>\u015apiewajcie Panu, wys\u0142awiajcie Pana! Uratowa\u0142 bowiem<br \/>\n\u017cycie ubogiego z r\u0119ki z\u0142oczy\u0144c\u00f3w! <\/i><\/b>\n<\/div>\n<div align=\"justify\" style=\"background-attachment: initial; background-clip: initial; background-image: initial; background-origin: initial; background-position: initial; background-repeat: initial; background-size: initial; line-height: 150%; margin-bottom: 0cm; text-indent: 1.3cm;\">\nW<br \/>\ntym samym duchu Jezus dzisiaj m\u00f3wi w Ewangelii do swoich uczni\u00f3w:<br \/>\n<b><i>Nie b\u00f3jcie si\u0119 ludzi. Nie ma bowiem nic zakrytego, co<br \/>\nby nie mia\u0142o by\u0107 wyjawione, ani nic tajemnego, o czym by si\u0119 nie<br \/>\nmiano dowiedzie\u0107.<\/i> <\/b>Potem<br \/>\njednak dodaje co\u015b, co mo\u017ce<br \/>\nzastanawia\u0107, zadziwia\u0107, a wr\u0119cz szokowa\u0107: <b><i>Nie b\u00f3jcie<br \/>\nsi\u0119 tych, kt\u00f3rzy zabijaj\u0105 cia\u0142o, lecz duszy zabi\u0107 nie mog\u0105.<br \/>\nB\u00f3jcie si\u0119 raczej Tego, kt\u00f3ry dusz\u0119 i cia\u0142o mo\u017ce zatraci\u0107 w<br \/>\npiekle. Czy\u017c nie sprzedaj\u0105 dw\u00f3ch wr\u00f3bli za asa? A przecie\u017c \u017caden<br \/>\nz nich bez woli Ojca waszego nie spadnie na ziemi\u0119. U was za\u015b nawet<br \/>\nw\u0142osy na g\u0142owie wszystkie s\u0105 policzone. Dlatego nie b\u00f3jcie si\u0119:<br \/>\njeste\u015bcie wa\u017cniejsi ni\u017c wiele wr\u00f3bli.<\/i> <\/b>\n<\/div>\n<div align=\"justify\" style=\"background-attachment: initial; background-clip: initial; background-image: initial; background-origin: initial; background-position: initial; background-repeat: initial; background-size: initial; line-height: 150%; margin-bottom: 0cm; text-indent: 1.3cm;\">\nNiesamowite<br \/>\ns\u0142owa! Jak mo\u017cna nie ba\u0107 si\u0119 tych, kt\u00f3rzy zabijaj\u0105 cia\u0142o \u2013<br \/>\nczyli, po prostu, odbieraj\u0105 to doczesne \u017cycie? <b>Przecie\u017c<br \/>\no to \u017cycie tak bardzo dbamy<\/b> i<br \/>\nprzedstawiamy je jako warto\u015b\u0107 najwy\u017csz\u0105, a tu nagle mamy si\u0119 nie<br \/>\nprzejmowa\u0107 tym, \u017ce kto\u015b nam je odbierze? I Jezus m\u00f3wi to tak, po<br \/>\nprostu? Po czym, za chwil\u0119, dodaje, \u017ce nawet<br \/>\nw\u0142osy na naszej g\u0142owie s\u0105 policzone, czyli \u017ce<br \/>\njeste\u015bmy <b>pod szczeg\u00f3lnym wejrzeniem Boga<\/b><br \/>\ni mo\u017cemy liczy\u0107 na Jego opiek\u0119, na Jego wsparcie. Jak pogodzi\u0107<br \/>\njedno stwierdzenie z drugim?\u2026<\/div>\n<div align=\"justify\" style=\"background-attachment: initial; background-clip: initial; background-image: initial; background-origin: initial; background-position: initial; background-repeat: initial; background-size: initial; line-height: 150%; margin-bottom: 0cm; text-indent: 1.3cm;\">\nMy\u015bl\u0119,<br \/>\n\u017ce Jezus chcia\u0142 w ten spos\u00f3b <b>przygotowa\u0107 swoich uczni\u00f3w<br \/>\nna prze\u015bladowania,<\/b> czyli<br \/>\ndok\u0142adnie na to wszystko, o czym dzisiaj m\u00f3wi Prorok Jeremiasz.<br \/>\nZreszt\u0105, s\u0105 takie miejsca w Ewangelii, gdzie Jezus m\u00f3wi o tym<br \/>\nwprost, \u017ce tak, jak On sam by\u0142 prze\u015bladowany, tak<b> b\u0119d\u0105<br \/>\nprze\u015bladowani Jego uczniowie.<\/b><br \/>\nDzisiaj natomiast chce nam wszystkim powiedzie\u0107, \u017ce najwi\u0119kszym<br \/>\nnieszcz\u0119\u015bciem cz\u0142owieka nie s\u0105 prze\u015bladowania ze strony<br \/>\nprzeciwnik\u00f3w. One \u2013 prawd\u0119 powiedziawszy \u2013 <b>mog\u0105 by\u0107<br \/>\nnawet powodem do chwa\u0142y!<\/b><br \/>\nOczywi\u015bcie, zawsze b\u0119d\u0105 wywo\u0142ywa\u0142y ludzki smutek i cierpienie,<br \/>\nale ostatecznie mog\u0105 prowadzi\u0107 cz\u0142owieka do zwyci\u0119stwa! Tak\u017ce<br \/>\ntu, na ziemi, w wymiarach moralnych.\n<\/div>\n<div align=\"justify\" style=\"background-attachment: initial; background-clip: initial; background-image: initial; background-origin: initial; background-position: initial; background-repeat: initial; background-size: initial; line-height: 150%; margin-bottom: 0cm; text-indent: 1.3cm;\">\nNajwi\u0119kszym<br \/>\nnatomiast i prawdziwym <b>nieszcz\u0119\u015bciem jest grzech! <\/b>Jezus<br \/>\nm\u00f3wi o tym bardzo wprost, ka\u017c\u0105c nam nawet ba\u0107 si\u0119 szatana i jego<br \/>\nintryg, jego pokus. M\u00f3wi: <b><i>Nie b\u00f3jcie si\u0119 tych, kt\u00f3rzy<br \/>\nzabijaj\u0105 cia\u0142o, lecz duszy zabi\u0107 nie mog\u0105. B\u00f3jcie si\u0119 raczej<br \/>\nTego,<\/i> <i>kt\u00f3ry<\/i> <i>dusz\u0119 i cia\u0142o mo\u017ce zatraci\u0107 w piekle.<\/i><br \/>\n<\/b>Rzecz jasna,<br \/>\nnie chodzi tu o paniczny, parali\u017cuj\u0105cy strach przed z\u0142ym duchem,<br \/>\nbo to przecie\u017c nie kto inny, jak w\u0142a\u015bnie <b>sam Jezus jest<br \/>\n\u017ar\u00f3d\u0142em naszej mocy i odwagi,<\/b><br \/>\n i to On sam prowadzi nas do zwyci\u0119stwa! Chodzi o to, aby\u015bmy<br \/>\n<b>powa\u017cnie traktowali szatana,<\/b><br \/>\naby\u015bmy jego z\u0142ych dzia\u0142a\u0144 nie lekcewa\u017cyli, aby\u015bmy wydawali mu<br \/>\nzawsze walk\u0119<br \/>\nzdecydowan\u0105 i bezkompromisow\u0105! Bo to w\u0142a\u015bnie <b>grzech,<\/b><br \/>\nkt\u00f3ry zalega w sercu cz\u0142owieka, jest <b>najwi\u0119kszym<br \/>\nnieszcz\u0119\u015bciem i najwi\u0119kszym niebezpiecze\u0144stwem! <\/b>\n<\/div>\n<div align=\"justify\" style=\"background-attachment: initial; background-clip: initial; background-image: initial; background-origin: initial; background-position: initial; background-repeat: initial; background-size: initial; line-height: 150%; margin-bottom: 0cm; text-indent: 1.3cm;\">\nTroch\u0119<br \/>\nnam t\u0119 spraw\u0119 dzisiaj przybli\u017ca \u015awi\u0119ty Pawe\u0142, kieruj\u0105c do<br \/>\nwiernych Rzymu \u2013 ale i do nas wszystkich \u2013 w drugim czytaniu<br \/>\ns\u0142owa, kt\u00f3re uznaje si\u0119 za podstaw\u0119 katolickiej <b>nauki o<br \/>\ngrzechu pierworodnym.<\/b> M\u00f3wi:<br \/>\n<b><i>Przez jednego cz\u0142owieka grzech wszed\u0142 na \u015bwiat, a<br \/>\nprzez grzech \u015bmier\u0107, i w ten spos\u00f3b \u015bmier\u0107 przesz\u0142a na<br \/>\nwszystkich ludzi, poniewa\u017c wszyscy zgrzeszyli.<\/i> [\u2026] <i>A<br \/>\nprzecie\u017c \u015bmier\u0107 rozpanoszy\u0142a si\u0119 od Adama do Moj\u017cesza nawet nad<br \/>\ntymi, kt\u00f3rzy nie zgrzeszyli przest\u0119pstwem na wz\u00f3r Adama. On to<br \/>\njest typem Tego, kt\u00f3ry mia\u0142 przyj\u015b\u0107. <\/i><\/b>\n<\/div>\n<div align=\"justify\" style=\"background-attachment: initial; background-clip: initial; background-image: initial; background-origin: initial; background-position: initial; background-repeat: initial; background-size: initial; line-height: 150%; margin-bottom: 0cm; text-indent: 1.3cm;\">\nOczywi\u015bcie,<br \/>\nAposto\u0142 od razu wskazuje te\u017c<br \/>\ndrog\u0119 ratunku i wyzwolenia.<br \/>\nM\u00f3wi: <b><i>Ale nie tak samo ma si\u0119 rzecz z przest\u0119pstwem,<br \/>\njak z darem \u0142aski. Je\u017celi bowiem przest\u0119pstwo jednego sprowadzi\u0142o<br \/>\nna wszystkich \u015bmier\u0107, to o ile\u017c obficiej sp\u0142yn\u0119\u0142a na nich<br \/>\nwszystkich \u0142aska i dar Bo\u017cy, \u0142askawie udzielony przez jednego<br \/>\nCz\u0142owieka, Jezusa Chrystusa.<\/i><\/b><i><br \/>\n<\/i>\n<\/div>\n<div align=\"justify\" style=\"background-attachment: initial; background-clip: initial; background-image: initial; background-origin: initial; background-position: initial; background-repeat: initial; background-size: initial; line-height: 150%; margin-bottom: 0cm; text-indent: 1.3cm;\">\nTak,<br \/>\nto prawda, \u017ce dzi\u0119ki Jezusowi jeste\u015bmy w stanie pokona\u0107 pokus\u0119<br \/>\ndo grzechu i sam grzech, pocz\u0105wszy od grzechu pierworodnego, kt\u00f3ry<br \/>\ng\u0142adzi Sakrament Chrztu \u015awi\u0119tego. Ale to zwyci\u0119stwo nad grzechem<br \/>\n\u2013 i to ka\u017cdym! \u2013 jest mo\u017cliwe wtedy, kiedy <b>cz\u0142owiek<br \/>\nchce go zwyci\u0119\u017cy\u0107.<\/b> Czyli \u2013<br \/>\nu\u017cywaj\u0105c stwierdzenia Jezusa z dzisiejszej Ewangelii \u2013 kiedy<br \/>\nboi si\u0119 <b><i>Tego,<br \/>\nkt\u00f3ry dusz\u0119 i cia\u0142o mo\u017ce zatraci\u0107 w piekle.<\/i> <\/b>\u201eBoi<br \/>\nsi\u0119\u201d, czyli \u2013 jeszcze raz to podkre\u015blmy \u2013 odnosi si\u0119 z<br \/>\nrespektem, ma \u015bwiadomo\u015b\u0107 zagro\u017cenia, <b>nie lekcewa\u017cy go.<\/b><br \/>\nA je\u017celi si\u0119 nie boi? I<br \/>\nje\u017celi godzi si\u0119 na grzech, a wr\u0119cz go prowokuje, przywo\u0142uje,<br \/>\nakceptuje?\u2026<\/div>\n<div align=\"justify\" style=\"background-attachment: initial; background-clip: initial; background-image: initial; background-origin: initial; background-position: initial; background-repeat: initial; background-size: initial; line-height: 150%; margin-bottom: 0cm; text-indent: 1.3cm;\">\nMoi<br \/>\nDrodzy, to jest w\u0142a\u015bnie najwi\u0119ksze niebezpiecze\u0144stwo: <b>grzech,<br \/>\nzaakceptowany przez cz\u0142owieka.<\/b><br \/>\nJest to \u2013 jak nas przekonuje dzi\u015b Jezus, a po\u015brednio tak\u017ce<br \/>\nProrok Jeremiasz \u2013 <b>o wiele wi\u0119ksze zagro\u017cenie, ni\u017c<br \/>\nzewn\u0119trzne prze\u015bladowania.<\/b><br \/>\nMy\u015bl\u0119, \u017ce doskonale potwierdza to tak\u017ce historia Ko\u015bcio\u0142a w<br \/>\nnaszej Ojczy\u017anie.\n<\/div>\n<div align=\"justify\" style=\"background-attachment: initial; background-clip: initial; background-image: initial; background-origin: initial; background-position: initial; background-repeat: initial; background-size: initial; line-height: 150%; margin-bottom: 0cm; text-indent: 1.3cm;\">\nCzy\u017c<br \/>\nbowiem wtedy,<br \/>\nkiedy zbrodniczy, ob\u0142\u0105ka\u0144czy system komunistyczny otwarcie walczy\u0142<br \/>\nz Ko\u015bcio\u0142em \u2013 <b>nasze \u015bwi\u0105tynie nie by\u0142y pe\u0142ne?<\/b><br \/>\nCzy\u017c na Mszach \u015awi\u0119tych, sprawowanych przez Ksi\u0119dza Jerzego, nie<br \/>\nby\u0142o <b>nieprzebranych t\u0142um\u00f3w? <\/b>Czy\u017c<br \/>\nuroczysto\u015bci z udzia\u0142em Prymasa Tysi\u0105clecia, Kardyna\u0142a<br \/>\nWyszy\u0144skiego, nie jednoczy\u0142y we wsp\u00f3lnej modlitwie wielu tysi\u0119cy<br \/>\nludzi? <b>Gdzie\u017c ci wszyscy ludzie s\u0105 dzisiaj?!<\/b><\/div>\n<div align=\"justify\" style=\"background-attachment: initial; background-clip: initial; background-image: initial; background-origin: initial; background-position: initial; background-repeat: initial; background-size: initial; line-height: 150%; margin-bottom: 0cm; text-indent: 1.3cm;\">\nI<br \/>\nsk\u0105d p\u0142ynie dzisiaj dla nas najwi\u0119ksze zagro\u017cenie: od wroga<br \/>\nzewn\u0119trznego, <b>czy jednak od tego wewn\u0119trznego, <\/b>a<br \/>\nwi\u0119c grzechu i naszego<br \/>\nupodobania w grzechu? I z naszego zatrutego grzechem my\u015blenia? Kt\u00f3ry<br \/>\nprzeciwnik tak naprawd\u0119 jest gro\u017aniejszy: <b>ten na zewn\u0105trz<br \/>\nnas \u2013 czy ten w nas?\u2026<\/b><\/div>\n<div align=\"justify\" style=\"background-attachment: initial; background-clip: initial; background-image: initial; background-origin: initial; background-position: initial; background-repeat: initial; background-size: initial; line-height: 150%; margin-bottom: 0cm; text-indent: 1.3cm;\">\nZaznaczmy,<br \/>\n\u017ce tu nawet<br \/>\nnie chodzi<br \/>\njedynie o grzech w znaczeniu<br \/>\nczynnego dzia\u0142ania, wprost przeciwnego Bogu. W<br \/>\nkontek\u015bcie ostatnich zda\u0144 dzisiejszej Ewangelii u\u015bwiadamiamy<br \/>\nsobie, \u017ce chodzi tu tak\u017ce<br \/>\n<b>o \u017cycie takie, jakby Boga nie by\u0142o\u2026<\/b><br \/>\nAlbo<br \/>\njeszcze inaczej: chodzi tu o \u017cycie z takim prze\u015bwiadczeniem, \u017ce<br \/>\n<b>B\u00f3g mo\u017ce i jest, ale nawet, je\u015bli jest, to co z tego?\u2026<\/b><br \/>\nMy si\u0119 mo\u017cemy pomodli\u0107, paciorek odm\u00f3wi\u0107, do ko\u015bci\u00f3\u0142ka<br \/>\nprzyj\u015b\u0107 \u2013 nawet w ka\u017cd\u0105 niedziel\u0119! \u2013 ale w takich<br \/>\ncodziennych, zwyczajnych sprawach decydujemy i post\u0119pujemy tak,<br \/>\n<b>jakby nie by\u0142o Dekalogu i ca\u0142ej nauki ewangelicznej,<\/b><br \/>\nalbo przesta\u0142a ju\u017c obowi\u0105zywa\u0107. A przynajmniej \u2013 w swym<br \/>\nzasadniczym zarysie przesta\u0142a obowi\u0105zywa\u0107\u2026<\/div>\n<div align=\"justify\" style=\"background-attachment: initial; background-clip: initial; background-image: initial; background-origin: initial; background-position: initial; background-repeat: initial; background-size: initial; line-height: 150%; margin-bottom: 0cm; text-indent: 1.3cm;\">\nTaki<br \/>\nstan rzeczy jest, moi Drodzy, naprawd\u0119 <b>o wiele gro\u017aniejszy<br \/>\nod zewn\u0119trznych prze\u015bladowa\u0144.<\/b><br \/>\nBo taki stan rzeczy jest cichym<br \/>\nuk\u0142adem<br \/>\nze z\u0142ym duchem, kt\u00f3ry w ten spos\u00f3b mo\u017ce naprawd\u0119 du\u017co<br \/>\nwewn\u0119trznej szkody narobi\u0107.\n<\/div>\n<div align=\"justify\" style=\"background-attachment: initial; background-clip: initial; background-image: initial; background-origin: initial; background-position: initial; background-repeat: initial; background-size: initial; line-height: 150%; margin-bottom: 0cm; text-indent: 1.3cm;\">\nA<br \/>\nm\u00f3wimy tu chocia\u017cby o<br \/>\ntych wszystkich<br \/>\nsytuacjach,<br \/>\nw kt\u00f3rych dwoje ludzi \u017cyje na tak zwan\u0105 \u201ekoci\u0105 \u0142ap\u0119\u201d i nie<br \/>\ndo\u015b\u0107, \u017ce <b>oni sami uwa\u017caj\u0105 to za co\u015b normalnego,<\/b><br \/>\nto jeszcze robi\u0105 wszystko, \u017ceby z takim stanem rzeczy <b>oswoi\u0107<br \/>\nwszystkich wok\u00f3\u0142,<\/b> aby tak\u017ce<br \/>\nwszyscy wok\u00f3\u0142 uznali to za co\u015b normalnego. Niestety, coraz<br \/>\ncz\u0119\u015bciej si\u0119 to udaje, co sprawia, \u017ce ju\u017c nawet <b>\u201enie<br \/>\nwypada\u201d si\u0119 takim stanem rzeczy dziwi\u0107,<\/b><br \/>\na ju\u017c na pewno \u2013 wyra\u017anie si\u0119 mu sprzeciwia\u0107.<\/div>\n<div align=\"justify\" style=\"background-attachment: initial; background-clip: initial; background-image: initial; background-origin: initial; background-position: initial; background-repeat: initial; background-size: initial; line-height: 150%; margin-bottom: 0cm; text-indent: 1.3cm;\">\nTo<br \/>\ns\u0105 te wszystkie sytuacje, w kt\u00f3rych opuszcza si\u0119 beztrosko Msz\u0119<br \/>\n\u015awi\u0119t\u0105 niedzieln\u0105 z byle<br \/>\npowodu \u2013 na przyk\u0142ad dlatego, \u017ce przyjechali go\u015bcie, przed<br \/>\nkt\u00f3rymi <b>jako\u015b tak nie ma si\u0119 odwagi wspomnie\u0107,<\/b><br \/>\n\u017ce si\u0119 nie by\u0142o na Mszy \u015awi\u0119tej i chce si\u0119 jednak na ni\u0105<br \/>\np\u00f3j\u015b\u0107\u2026 Nawet, je\u017celi tymi go\u015b\u0107mi s\u0105 cz\u0142onkowie najbli\u017cszej<br \/>\nrodziny\u2026 Albo, jako\u015b tak \u201enie wypada\u201d upomnie\u0107 si\u0119 u<br \/>\norganizatora wycieczki, wypadaj\u0105cej w niedziel\u0119, \u017ceby <b>zarezerwowa\u0142<br \/>\ndla wierz\u0105cych<\/b> <b>czas<br \/>\ni mo\u017cliwo\u015b\u0107 prze\u017cycia Mszy \u015awi\u0119tej.<\/b><br \/>\nJako\u015b tak nie wypada\u2026 \u201eOj, jak si\u0119 raz nie p\u00f3jdzie, to co si\u0119<br \/>\nstanie?\u2026 Najwy\u017cej si\u0119 wyspowiada z tego i b\u0119dzie dobrze\u201d\u2026\n<\/div>\n<div align=\"justify\" style=\"background-attachment: initial; background-clip: initial; background-image: initial; background-origin: initial; background-position: initial; background-repeat: initial; background-size: initial; line-height: 150%; margin-bottom: 0cm; text-indent: 1.3cm;\">\nTo<br \/>\ns\u0105 tak\u017ce te wszystkie sytuacje, w kt\u00f3rych <b>prosto z<br \/>\nko\u015bcio\u0142a idzie si\u0119 w niedziel\u0119 na zakupy do sklepu.<\/b><br \/>\nBo przecie\u017c to takie normalne \u2013 wszyscy tak robi\u0105. \u201eA<br \/>\n\u017ce ksi\u0105dz o tym ci\u0105gle m\u00f3wi \u2013 to musi m\u00f3wi\u0107. Od tego jest i<br \/>\nza to mu p\u0142ac\u0105.\u201d A najbardziej znamienne jest to, \u017ce wielu<br \/>\nwychodz\u0105cych z pe\u0142nymi siatkami zakup\u00f3w, widz\u0105c przechodz\u0105cego<br \/>\nakurat ksi\u0119dza, szeroko si\u0119 u\u015bmiecha i m\u00f3wi: \u201eNiech b\u0119dzie<br \/>\npochwalony Jezus Chrystus!\u201d. <b>Nie,<\/b><br \/>\nmoi Drodzy, Pan Jezus <b>nie b\u0119dzie pochwalony<\/b><br \/>\n<b>Waszym \u0142amaniem Jego Prawa i Jego przykaza\u0144! <\/b>\n<\/div>\n<div align=\"justify\" style=\"background-attachment: initial; background-clip: initial; background-image: initial; background-origin: initial; background-position: initial; background-repeat: initial; background-size: initial; line-height: 150%; margin-bottom: 0cm; text-indent: 1.3cm;\">\nSytuacje,<br \/>\no kt\u00f3rych tu sobie m\u00f3wimy, to s\u0105 r\u00f3wnie\u017c te wszystkie, w kt\u00f3rych<br \/>\nludzie <b>sobie nawzajem robi\u0105 \u201epiek\u0142o na ziemi\u201d \u2013<\/b><br \/>\nw jednym miejscu pracy, w jednym s\u0105siedztwie, a nawet w jednej<br \/>\nrodzinie: bo si\u0119 <b>nawzajem obmawiaj\u0105,<\/b><br \/>\nnie cofaj\u0105c si\u0119 nawet przed najgorszymi oszczerstwami; bo na siebie<br \/>\nnawzajem donosz\u0105, bo nastawiaj\u0105 jednych przeciwko drugim; bo si\u0119<br \/>\n<b>otwarcie k\u0142\u00f3c\u0105 i \u201eod r\u00f3\u017cnych\u201d wyzywaj\u0105\u2026<\/b><\/div>\n<div align=\"justify\" style=\"background-attachment: initial; background-clip: initial; background-image: initial; background-origin: initial; background-position: initial; background-repeat: initial; background-size: initial; line-height: 150%; margin-bottom: 0cm; text-indent: 1.3cm;\">\nI<br \/>\nnikt nie potrafi <b>przerwa\u0107 tej spirali z\u0142a,<\/b><br \/>\nzacietrzewienia i g\u0142upoty, wszyscy w to brn\u0105 po same uszy, bo ka\u017cdy<br \/>\nwie, \u017ce jakby zaprotestowa\u0142, to wszyscy \u201ewsiedliby\u201d na niego i<br \/>\nzosta\u0142by uznany za wariata, cz\u0142owieka z jakiej\u015b innej planety.<br \/>\n<b>Pomimo tego, \u017ce wszyscy wiedz\u0105, \u017ce robi\u0105 \u017ale<\/b><br \/>\ni jak ju\u017c dotr\u0105 do Spowiedzi przed \u015awi\u0119tami, bo b\u0119d\u0105 si\u0119<br \/>\ndo tego przyznawa\u0107. Ale<br \/>\nnikt nie przerwie tego<br \/>\nca\u0142ego<br \/>\nszale\u0144stwa,<br \/>\n\u017ceby si\u0119 przypadkiem<b> innym nie narazi\u0107\u2026<\/b><\/div>\n<div align=\"justify\" style=\"background-attachment: initial; background-clip: initial; background-image: initial; background-origin: initial; background-position: initial; background-repeat: initial; background-size: initial; line-height: 150%; margin-bottom: 0cm; text-indent: 1.3cm;\">\nI<br \/>\nwiele jeszcze podobnych<br \/>\nsytuacji mo\u017cna by tu wymienia\u0107, i ko\u0144ca tej listy pewnie by\u015bmy<br \/>\nnie zobaczyli, dlatego ju\u017c tylko \u2013 niejako w podsumowaniu \u2013<br \/>\npowiedzmy, \u017ce <b>Pan B\u00f3g jest w og\u00f3le wielkim Nieobecnym w<br \/>\nca\u0142ej debacie publicznej,<\/b> jaka<br \/>\ntoczy si\u0119 obecnie na r\u00f3\u017cnej tematy. Tak\u017ce w naszej Ojczy\u017anie. I<br \/>\nto jest zastanawiaj\u0105ce. Bo<br \/>\nto, \u017ce na Zachodzie o Bogu ju\u017c nikt publicznie<br \/>\nnie m\u00f3wi, bo <b>nie<br \/>\nodpowiada On dzisiejszym tak zwanym \u201ewarto\u015bciom\u201d i \u201estandardom\u201d<br \/>\neuropejskim,<\/b> to ju\u017c nas raczej<br \/>\nnie dziwi. Niestety. Ale i u<br \/>\nnas tak\u017ce jest pod tym wzgl\u0119dem daleko do normalno\u015bci.<\/div>\n<div align=\"justify\" style=\"background-attachment: initial; background-clip: initial; background-image: initial; background-origin: initial; background-position: initial; background-repeat: initial; background-size: initial; line-height: 150%; margin-bottom: 0cm; text-indent: 1.3cm;\">\nOstatnio,<br \/>\njeden z Ksi\u0119\u017cy Profesor\u00f3w, na antenie Radia Maryja, zwr\u00f3ci\u0142<br \/>\nuwag\u0119, \u017ce <b>na Boga i Jego zasady niemal\u017ce nikt nie<br \/>\npowo\u0142uje si\u0119 w dyskursie naukowym,<\/b><br \/>\nna uczelniach. Poza wydzia\u0142ami teologicznymi, prawie<br \/>\nwcale nie wskazuje si\u0119 na<br \/>\n<b>\u017cadne Bo\u017ce prawa<\/b><br \/>\nrz\u0105dz\u0105ce \u2013 chocia\u017cby \u2013 \u015bwiatem przyrody. Nie m\u00f3wi\u0105c ju\u017c o<br \/>\ntym, \u017ceby na Bo\u017ce przykazania powo\u0142ywano si\u0119 w dyskursie<br \/>\nsocjologicznym czy prawniczym\u2026<\/p>\n<\/div>\n<div align=\"justify\" style=\"background-attachment: initial; background-clip: initial; background-image: initial; background-origin: initial; background-position: initial; background-repeat: initial; background-size: initial; line-height: 150%; margin-bottom: 0cm; text-indent: 1.3cm;\">\nAle<br \/>\ntak samo rzecz si\u0119 ma r\u00f3wnie\u017c<br \/>\n<b>w ca\u0142ej sferze publicznej.<\/b><br \/>\nDlatego nawet,<br \/>\nje\u017celi jeste\u015bmy \u015bwiadkami dyskusji na temat pe\u0142nej ochrony \u017cycia<br \/>\ncz\u0142owieka, czy na temat zakazu handlu w niedziel\u0119, czy na temat<br \/>\nograniczenia wp\u0142yw\u00f3w r\u00f3\u017cnych grup interes\u00f3w i mafii, to<br \/>\nzwykle <b>wskazuje<br \/>\nsi\u0119 na odbi\u00f3r spo\u0142eczny<\/b><br \/>\ntych\u017ce spraw, a wi\u0119c na s\u0142upki sonda\u017cowe; m\u00f3wi si\u0119 tak\u017ce o<br \/>\n<b>korzy\u015bciach lub stratach ekonomicznych,<\/b><br \/>\nm\u00f3wi si\u0119 o tym, jak te kwestie s\u0105 rozstrzygni\u0119te w innych<br \/>\nkrajach\u2026\n<\/div>\n<div align=\"justify\" style=\"background-attachment: initial; background-clip: initial; background-image: initial; background-origin: initial; background-position: initial; background-repeat: initial; background-size: initial; line-height: 150%; margin-bottom: 0cm; text-indent: 1.3cm;\">\nA<br \/>\nczy kto\u015b m\u00f3wi o tym, <b>jak te kwestie s\u0105 rozstrzygni\u0119te<br \/>\nprzez samego Boga \u2013 w Dziesi\u0119ciu Przykazaniach?<\/b><br \/>\nCzy kto\u015b m\u00f3wi, <b>jak<\/b><br \/>\nte kwestie s\u0105 rozstrzygni\u0119te w Ewangelii? Czy kto\u015b m\u00f3wi, <b>\u017ce<\/b><br \/>\nte kwestie <b>s\u0105<\/b><br \/>\nrozstrzygni\u0119te i w Dekalogu, i w Ewangelii? Moi Drodzy, czy w ca\u0142ym<br \/>\ntym dyskursie politycznym, naukowym, publicystycznym \u2013 prowadzonym<br \/>\ncz\u0119sto przez ludzi, kt\u00f3rzy nieraz wr\u0119cz obnosz\u0105 si\u0119 swoj\u0105 wiar\u0105<br \/>\n\u2013 s\u0142yszymy <b>jasne i wyra\u017ane odwo\u0142ywanie si\u0119 do Jezusa<br \/>\ni Jego nauki?<\/b> Ja<br \/>\nnie s\u0142ysz\u0119.<\/div>\n<div align=\"justify\" style=\"background-attachment: initial; background-clip: initial; background-image: initial; background-origin: initial; background-position: initial; background-repeat: initial; background-size: initial; line-height: 150%; margin-bottom: 0cm; text-indent: 1.3cm;\">\nJezus<br \/>\njest niemodny, <b>politycznie niepoprawny<\/b><br \/>\n\u2013 i nie spe\u0142nia norm unijnych! Niestety, Jezus<br \/>\njest te\u017c coraz wi\u0119kszym <b>\u201eobciachem\u201d<\/b><br \/>\ndla wielu katolik\u00f3w w ich codziennych, najbardziej<br \/>\nzwyczajnych wyborach,<br \/>\ndzia\u0142aniach i postawach. C\u00f3\u017c,<br \/>\ntakie czasy\u2026<\/div>\n<div align=\"justify\" style=\"background-attachment: initial; background-clip: initial; background-image: initial; background-origin: initial; background-position: initial; background-repeat: initial; background-size: initial; line-height: 150%; margin-bottom: 0cm; text-indent: 1.3cm;\">\nTylko<br \/>\n\u017ceby jeszcze co\u015b zrobi\u0107 z tymi Jego s\u0142owami, w kt\u00f3rych tak<br \/>\nwyra\u017anie i jasno \u2013 bez wzgl\u0119du na czasy \u2013 niezmiennie powtarza:<br \/>\n<b><i>Do ka\u017cdego wi\u0119c, kt\u00f3ry si\u0119 przyzna do Mnie przed<br \/>\nlud\u017ami, przyznam si\u0119 i Ja przed moim Ojcem, kt\u00f3ry jest w niebie.<br \/>\nLecz kto si\u0119 Mnie zaprze przed lud\u017ami, tego zapr\u0119 si\u0119 i Ja przed<br \/>\nmoim Ojcem, kt\u00f3ry jest w niebie.<\/i><\/b><\/div>\n","protected":false},"excerpt":{"rendered":"<p>Niech b\u0119dzie pochwalony Jezus Chrystus! Moi Drodzy, w dniu dzisiejszym rocznic\u0119 \u015awi\u0119ce\u0144 kap\u0142a\u0144skich prze\u017cywa m\u00f3j Brat cioteczny, Ksi\u0105dz Marcin Nowicki, Kap\u0142an Diecezji toru\u0144skiej. \u017bycz\u0119 Mu gorliwo\u015bci i ci\u0105g\u0142ej duchowej m\u0142odo\u015bci. Zapewniam o modlitwie! &nbsp; &nbsp; &nbsp; &nbsp; &nbsp; &nbsp;Jutro za\u015b &#8211; na naszym forum &#8211; s\u0142\u00f3wko Piotra! Wszystkim \u017cycz\u0119 pi\u0119knej niedzieli &#8211; pierwszej wakacyjnej! Za\u015b [&hellip;]<\/p>\n","protected":false},"author":1,"featured_media":0,"comment_status":"open","ping_status":"open","sticky":false,"template":"","format":"standard","meta":{"jetpack_post_was_ever_published":false,"_jetpack_newsletter_access":"","_jetpack_dont_email_post_to_subs":false,"_jetpack_newsletter_tier_id":0,"_jetpack_memberships_contains_paywalled_content":false,"_jetpack_memberships_contains_paid_content":false,"footnotes":""},"categories":[1],"tags":[],"class_list":["post-7619","post","type-post","status-publish","format-standard","hentry","category-bez-kategorii"],"yoast_head":"<!-- This site is optimized with the Yoast SEO plugin v25.1 - https:\/\/yoast.com\/wordpress\/plugins\/seo\/ -->\n<title>Jezus modny - czy niemodny?... - Gaudium Et Spes<\/title>\n<meta name=\"robots\" content=\"index, follow, max-snippet:-1, max-image-preview:large, max-video-preview:-1\" \/>\n<link rel=\"canonical\" href=\"https:\/\/gaudiumetspes-blog.pl\/index.php\/2017\/06\/25\/jezus-modny-czy-niemodny\/\" \/>\n<meta property=\"og:locale\" content=\"pl_PL\" \/>\n<meta property=\"og:type\" content=\"article\" \/>\n<meta property=\"og:title\" content=\"Jezus modny - czy niemodny?... - Gaudium Et Spes\" \/>\n<meta property=\"og:description\" content=\"Niech b\u0119dzie pochwalony Jezus Chrystus! Moi Drodzy, w dniu dzisiejszym rocznic\u0119 \u015awi\u0119ce\u0144 kap\u0142a\u0144skich prze\u017cywa m\u00f3j Brat cioteczny, Ksi\u0105dz Marcin Nowicki, Kap\u0142an Diecezji toru\u0144skiej. \u017bycz\u0119 Mu gorliwo\u015bci i ci\u0105g\u0142ej duchowej m\u0142odo\u015bci. Zapewniam o modlitwie! &nbsp; &nbsp; &nbsp; &nbsp; &nbsp; &nbsp;Jutro za\u015b &#8211; na naszym forum &#8211; s\u0142\u00f3wko Piotra! Wszystkim \u017cycz\u0119 pi\u0119knej niedzieli &#8211; pierwszej wakacyjnej! Za\u015b [&hellip;]\" \/>\n<meta property=\"og:url\" content=\"https:\/\/gaudiumetspes-blog.pl\/index.php\/2017\/06\/25\/jezus-modny-czy-niemodny\/\" \/>\n<meta property=\"og:site_name\" content=\"Gaudium Et Spes\" \/>\n<meta property=\"article:published_time\" content=\"2017-06-25T01:12:00+00:00\" \/>\n<meta property=\"article:modified_time\" content=\"2019-07-31T10:56:57+00:00\" \/>\n<meta name=\"author\" content=\"Ks. Jacek\" \/>\n<meta name=\"twitter:card\" content=\"summary_large_image\" \/>\n<meta name=\"twitter:label1\" content=\"Napisane przez\" \/>\n\t<meta name=\"twitter:data1\" content=\"Ks. Jacek\" \/>\n\t<meta name=\"twitter:label2\" content=\"Szacowany czas czytania\" \/>\n\t<meta name=\"twitter:data2\" content=\"15 minut\" \/>\n<script type=\"application\/ld+json\" class=\"yoast-schema-graph\">{\"@context\":\"https:\/\/schema.org\",\"@graph\":[{\"@type\":\"WebPage\",\"@id\":\"https:\/\/gaudiumetspes-blog.pl\/index.php\/2017\/06\/25\/jezus-modny-czy-niemodny\/\",\"url\":\"https:\/\/gaudiumetspes-blog.pl\/index.php\/2017\/06\/25\/jezus-modny-czy-niemodny\/\",\"name\":\"Jezus modny - czy niemodny?... - Gaudium Et Spes\",\"isPartOf\":{\"@id\":\"https:\/\/gaudiumetspes-blog.pl\/#website\"},\"datePublished\":\"2017-06-25T01:12:00+00:00\",\"dateModified\":\"2019-07-31T10:56:57+00:00\",\"author\":{\"@id\":\"https:\/\/gaudiumetspes-blog.pl\/#\/schema\/person\/1661982992b752dea8dff0d4ed845a65\"},\"breadcrumb\":{\"@id\":\"https:\/\/gaudiumetspes-blog.pl\/index.php\/2017\/06\/25\/jezus-modny-czy-niemodny\/#breadcrumb\"},\"inLanguage\":\"pl-PL\",\"potentialAction\":[{\"@type\":\"ReadAction\",\"target\":[\"https:\/\/gaudiumetspes-blog.pl\/index.php\/2017\/06\/25\/jezus-modny-czy-niemodny\/\"]}]},{\"@type\":\"BreadcrumbList\",\"@id\":\"https:\/\/gaudiumetspes-blog.pl\/index.php\/2017\/06\/25\/jezus-modny-czy-niemodny\/#breadcrumb\",\"itemListElement\":[{\"@type\":\"ListItem\",\"position\":1,\"name\":\"Strona g\u0142\u00f3wna\",\"item\":\"https:\/\/gaudiumetspes-blog.pl\/\"},{\"@type\":\"ListItem\",\"position\":2,\"name\":\"Jezus modny &#8211; czy&nbsp;niemodny?&#8230;\"}]},{\"@type\":\"WebSite\",\"@id\":\"https:\/\/gaudiumetspes-blog.pl\/#website\",\"url\":\"https:\/\/gaudiumetspes-blog.pl\/\",\"name\":\"Gaudium Et Spes\",\"description\":\"Blog Ks. Jacka Ja\u015bkowskiego\",\"potentialAction\":[{\"@type\":\"SearchAction\",\"target\":{\"@type\":\"EntryPoint\",\"urlTemplate\":\"https:\/\/gaudiumetspes-blog.pl\/?s={search_term_string}\"},\"query-input\":{\"@type\":\"PropertyValueSpecification\",\"valueRequired\":true,\"valueName\":\"search_term_string\"}}],\"inLanguage\":\"pl-PL\"},{\"@type\":\"Person\",\"@id\":\"https:\/\/gaudiumetspes-blog.pl\/#\/schema\/person\/1661982992b752dea8dff0d4ed845a65\",\"name\":\"Ks. Jacek\",\"image\":{\"@type\":\"ImageObject\",\"inLanguage\":\"pl-PL\",\"@id\":\"https:\/\/gaudiumetspes-blog.pl\/#\/schema\/person\/image\/\",\"url\":\"https:\/\/gaudiumetspes-blog.pl\/wp-content\/uploads\/2019\/07\/avatar-JJ-150x150.jpg\",\"contentUrl\":\"https:\/\/gaudiumetspes-blog.pl\/wp-content\/uploads\/2019\/07\/avatar-JJ-150x150.jpg\",\"caption\":\"Ks. Jacek\"},\"description\":\"Witam serdecznie! K\u0142ania si\u0119 Ks. Jacek Ja\u015bkowski. Nie jestem ani kim\u015b wa\u017cnym, ani kim\u015b znanym. Jestem ksi\u0119dzem, kt\u00f3ry po prostu chce rozmawia\u0107. Codzienna kap\u0142a\u0144ska pos\u0142uga pokazuje mi, \u017ce temat\u00f3w do rozm\u00f3w z ksi\u0119dzem jest coraz wi\u0119cej i dzisiaj \u017caden ksi\u0105dz nie mo\u017ce od nich ucieka\u0107, ale - wprost przeciwnie - podejmowa\u0107 nowe wyzwania. To przekonanie sk\u0142oni\u0142o mnie do pr\u00f3by otwarcia tego\u017c bloga, chocia\u017c okazji do rozm\u00f3w na co dzie\u0144 - w konfesjonale i poza nim - na szcz\u0119\u015bcie nie brakuje. My\u015bl\u0119 jednak, \u017ce ten blog b\u0119dzie jeszcze jednym sposobem i przestrzeni\u0105 nawi\u0105zania kontaktu z lud\u017ami dobrej woli, otwartymi na dialog.\",\"url\":\"https:\/\/gaudiumetspes-blog.pl\/index.php\/author\/ks-jacek\/\"}]}<\/script>\n<!-- \/ Yoast SEO plugin. -->","yoast_head_json":{"title":"Jezus modny - czy niemodny?... - Gaudium Et Spes","robots":{"index":"index","follow":"follow","max-snippet":"max-snippet:-1","max-image-preview":"max-image-preview:large","max-video-preview":"max-video-preview:-1"},"canonical":"https:\/\/gaudiumetspes-blog.pl\/index.php\/2017\/06\/25\/jezus-modny-czy-niemodny\/","og_locale":"pl_PL","og_type":"article","og_title":"Jezus modny - czy niemodny?... - Gaudium Et Spes","og_description":"Niech b\u0119dzie pochwalony Jezus Chrystus! Moi Drodzy, w dniu dzisiejszym rocznic\u0119 \u015awi\u0119ce\u0144 kap\u0142a\u0144skich prze\u017cywa m\u00f3j Brat cioteczny, Ksi\u0105dz Marcin Nowicki, Kap\u0142an Diecezji toru\u0144skiej. \u017bycz\u0119 Mu gorliwo\u015bci i ci\u0105g\u0142ej duchowej m\u0142odo\u015bci. Zapewniam o modlitwie! &nbsp; &nbsp; &nbsp; &nbsp; &nbsp; &nbsp;Jutro za\u015b &#8211; na naszym forum &#8211; s\u0142\u00f3wko Piotra! Wszystkim \u017cycz\u0119 pi\u0119knej niedzieli &#8211; pierwszej wakacyjnej! Za\u015b [&hellip;]","og_url":"https:\/\/gaudiumetspes-blog.pl\/index.php\/2017\/06\/25\/jezus-modny-czy-niemodny\/","og_site_name":"Gaudium Et Spes","article_published_time":"2017-06-25T01:12:00+00:00","article_modified_time":"2019-07-31T10:56:57+00:00","author":"Ks. Jacek","twitter_card":"summary_large_image","twitter_misc":{"Napisane przez":"Ks. Jacek","Szacowany czas czytania":"15 minut"},"schema":{"@context":"https:\/\/schema.org","@graph":[{"@type":"WebPage","@id":"https:\/\/gaudiumetspes-blog.pl\/index.php\/2017\/06\/25\/jezus-modny-czy-niemodny\/","url":"https:\/\/gaudiumetspes-blog.pl\/index.php\/2017\/06\/25\/jezus-modny-czy-niemodny\/","name":"Jezus modny - czy niemodny?... - Gaudium Et Spes","isPartOf":{"@id":"https:\/\/gaudiumetspes-blog.pl\/#website"},"datePublished":"2017-06-25T01:12:00+00:00","dateModified":"2019-07-31T10:56:57+00:00","author":{"@id":"https:\/\/gaudiumetspes-blog.pl\/#\/schema\/person\/1661982992b752dea8dff0d4ed845a65"},"breadcrumb":{"@id":"https:\/\/gaudiumetspes-blog.pl\/index.php\/2017\/06\/25\/jezus-modny-czy-niemodny\/#breadcrumb"},"inLanguage":"pl-PL","potentialAction":[{"@type":"ReadAction","target":["https:\/\/gaudiumetspes-blog.pl\/index.php\/2017\/06\/25\/jezus-modny-czy-niemodny\/"]}]},{"@type":"BreadcrumbList","@id":"https:\/\/gaudiumetspes-blog.pl\/index.php\/2017\/06\/25\/jezus-modny-czy-niemodny\/#breadcrumb","itemListElement":[{"@type":"ListItem","position":1,"name":"Strona g\u0142\u00f3wna","item":"https:\/\/gaudiumetspes-blog.pl\/"},{"@type":"ListItem","position":2,"name":"Jezus modny &#8211; czy&nbsp;niemodny?&#8230;"}]},{"@type":"WebSite","@id":"https:\/\/gaudiumetspes-blog.pl\/#website","url":"https:\/\/gaudiumetspes-blog.pl\/","name":"Gaudium Et Spes","description":"Blog Ks. Jacka Ja\u015bkowskiego","potentialAction":[{"@type":"SearchAction","target":{"@type":"EntryPoint","urlTemplate":"https:\/\/gaudiumetspes-blog.pl\/?s={search_term_string}"},"query-input":{"@type":"PropertyValueSpecification","valueRequired":true,"valueName":"search_term_string"}}],"inLanguage":"pl-PL"},{"@type":"Person","@id":"https:\/\/gaudiumetspes-blog.pl\/#\/schema\/person\/1661982992b752dea8dff0d4ed845a65","name":"Ks. Jacek","image":{"@type":"ImageObject","inLanguage":"pl-PL","@id":"https:\/\/gaudiumetspes-blog.pl\/#\/schema\/person\/image\/","url":"https:\/\/gaudiumetspes-blog.pl\/wp-content\/uploads\/2019\/07\/avatar-JJ-150x150.jpg","contentUrl":"https:\/\/gaudiumetspes-blog.pl\/wp-content\/uploads\/2019\/07\/avatar-JJ-150x150.jpg","caption":"Ks. Jacek"},"description":"Witam serdecznie! K\u0142ania si\u0119 Ks. Jacek Ja\u015bkowski. Nie jestem ani kim\u015b wa\u017cnym, ani kim\u015b znanym. Jestem ksi\u0119dzem, kt\u00f3ry po prostu chce rozmawia\u0107. Codzienna kap\u0142a\u0144ska pos\u0142uga pokazuje mi, \u017ce temat\u00f3w do rozm\u00f3w z ksi\u0119dzem jest coraz wi\u0119cej i dzisiaj \u017caden ksi\u0105dz nie mo\u017ce od nich ucieka\u0107, ale - wprost przeciwnie - podejmowa\u0107 nowe wyzwania. To przekonanie sk\u0142oni\u0142o mnie do pr\u00f3by otwarcia tego\u017c bloga, chocia\u017c okazji do rozm\u00f3w na co dzie\u0144 - w konfesjonale i poza nim - na szcz\u0119\u015bcie nie brakuje. My\u015bl\u0119 jednak, \u017ce ten blog b\u0119dzie jeszcze jednym sposobem i przestrzeni\u0105 nawi\u0105zania kontaktu z lud\u017ami dobrej woli, otwartymi na dialog.","url":"https:\/\/gaudiumetspes-blog.pl\/index.php\/author\/ks-jacek\/"}]}},"jetpack_featured_media_url":"","jetpack_sharing_enabled":true,"_links":{"self":[{"href":"https:\/\/gaudiumetspes-blog.pl\/index.php\/wp-json\/wp\/v2\/posts\/7619","targetHints":{"allow":["GET"]}}],"collection":[{"href":"https:\/\/gaudiumetspes-blog.pl\/index.php\/wp-json\/wp\/v2\/posts"}],"about":[{"href":"https:\/\/gaudiumetspes-blog.pl\/index.php\/wp-json\/wp\/v2\/types\/post"}],"author":[{"embeddable":true,"href":"https:\/\/gaudiumetspes-blog.pl\/index.php\/wp-json\/wp\/v2\/users\/1"}],"replies":[{"embeddable":true,"href":"https:\/\/gaudiumetspes-blog.pl\/index.php\/wp-json\/wp\/v2\/comments?post=7619"}],"version-history":[{"count":1,"href":"https:\/\/gaudiumetspes-blog.pl\/index.php\/wp-json\/wp\/v2\/posts\/7619\/revisions"}],"predecessor-version":[{"id":13313,"href":"https:\/\/gaudiumetspes-blog.pl\/index.php\/wp-json\/wp\/v2\/posts\/7619\/revisions\/13313"}],"wp:attachment":[{"href":"https:\/\/gaudiumetspes-blog.pl\/index.php\/wp-json\/wp\/v2\/media?parent=7619"}],"wp:term":[{"taxonomy":"category","embeddable":true,"href":"https:\/\/gaudiumetspes-blog.pl\/index.php\/wp-json\/wp\/v2\/categories?post=7619"},{"taxonomy":"post_tag","embeddable":true,"href":"https:\/\/gaudiumetspes-blog.pl\/index.php\/wp-json\/wp\/v2\/tags?post=7619"}],"curies":[{"name":"wp","href":"https:\/\/api.w.org\/{rel}","templated":true}]}}