{"id":7639,"date":"2017-06-05T03:52:00","date_gmt":"2017-06-05T01:52:00","guid":{"rendered":"https:\/\/gaudiumetspes-blog.pl\/index.php\/2017\/06\/05\/matka-koscioa\/"},"modified":"2019-07-31T12:56:55","modified_gmt":"2019-07-31T10:56:55","slug":"matka-koscioa","status":"publish","type":"post","link":"https:\/\/gaudiumetspes-blog.pl\/index.php\/2017\/06\/05\/matka-koscioa\/","title":{"rendered":"Matka Ko\u015bcio\u0142a"},"content":{"rendered":"<div align=\"justify\" style=\"line-height: 150%; margin-bottom: 0cm;\">\nSzcz\u0119\u015b\u0107 Bo\u017ce! Moi Drodzy, w dniu dzisiejszym<b> urodziny obchodzi Katarzyna Centkowska, w\u0142\u0105czaj\u0105ca si\u0119 w swoim czasie w dzia\u0142alno\u015b\u0107 Wsp\u00f3lnoty m\u0142odzie\u017cowej w Bia\u0142ej Podlaskiej. \u017bycz\u0119 Jubilatce, aby zgodnie z zaleceniem Maryi &#8211; czyni\u0142a wszystko, co tylko powie Jezus. O to b\u0119d\u0119 si\u0119 dla Niej modli\u0142.&nbsp;<\/b><\/div>\n<div align=\"justify\" style=\"line-height: 150%; margin-bottom: 0cm;\">\n&nbsp; &nbsp; &nbsp;Ja za\u015b&nbsp;raz jeszcze&nbsp;pozdrawiam z Miastkowa, gdzie zosta\u0142em po wczorajszym dniu, aby dzisiaj wspom\u00f3c duszpastersko wsp\u00f3lne obchodzenie \u015awi\u0119ta Maryi, Matki Ko\u015bcio\u0142a &#8211; w polskiej tradycji zwanego drugim dniem Zielonych \u015awi\u0105t. Cho\u0107 jest to dzie\u0144 pracy i nauki, to jednak je\u017celi komu\u015b czas pozwoli, niech uda si\u0119 do ko\u015bcio\u0142a, na Msz\u0119 \u015awi\u0119t\u0105. Bardzo do tego zach\u0119cam!<\/div>\n<div align=\"justify\" style=\"line-height: 150%; margin-bottom: 0cm;\">\n&nbsp; &nbsp; &nbsp; Mo\u017ce to b\u0119dzie jak\u0105\u015b form\u0105 naszej duchowego w\u0142\u0105czenia si\u0119 w uroczysto\u015bci, o kt\u00f3rych pisa\u0142 Ksi\u0105dz Marek. Zach\u0119cam do przypomnienia sobie, a nast\u0119pnie &#8211; do modlitewnego wspierania tego w\u0142a\u015bnie, o co Ksi\u0105dz Marek nas prosi\u0142&#8230;<\/div>\n<div align=\"justify\" style=\"line-height: 150%; margin-bottom: 0cm;\">\n&nbsp; &nbsp; &nbsp; &nbsp; &nbsp; &nbsp; &nbsp; &nbsp; &nbsp; &nbsp; &nbsp; &nbsp; &nbsp; &nbsp; &nbsp; &nbsp; &nbsp; &nbsp; Gaudium et spes! &nbsp;Ks. Jacek<\/div>\n<div align=\"justify\" style=\"line-height: 150%; margin-bottom: 0cm;\">\n<b><br \/><\/b><\/div>\n<div align=\"justify\" style=\"line-height: 150%; margin-bottom: 0cm;\">\n<b>\u015awi\u0119to<br \/>\nNaj\u015bwi\u0119tszej Maryi Panny, Matki Ko\u015bcio\u0142a,<\/b><\/div>\n<div align=\"justify\" style=\"line-height: 150%; margin-bottom: 0cm;\">\n<b>do<br \/>\nczyta\u0144 z t. VI Lekcjonarza: <\/b>\n<\/div>\n<div align=\"justify\" style=\"line-height: 150%; margin-bottom: 0cm;\">\n<p>                                               <b>Rdz<br \/>\n3,9\u201315.20  <\/b><b>albo:<\/b><br \/>\n <b>Dz 1,12\u201314;  J 2,1\u201311<\/b><\/div>\n<div align=\"justify\" style=\"line-height: 150%; margin-bottom: 0cm;\">\n<\/div>\n<div align=\"justify\" style=\"break-before: auto; line-height: 150%; margin-bottom: 0cm;\">\n<b>CZYTANIE<br \/>\nZ KSI\u0118GI RODZAJU:<\/b><\/div>\n<div align=\"justify\" style=\"break-before: auto; line-height: 150%; margin-bottom: 0cm; text-indent: 1.3cm; widows: 1;\">\n<b>Gdy<br \/>\nAdam zjad\u0142 owoc z drzewa zakazanego, Pan B\u00f3g zawo\u0142a\u0142 na niego i<br \/>\nzapyta\u0142 go: \u201eGdzie jeste\u015b?\u201d<\/b><\/div>\n<div align=\"justify\" style=\"line-height: 150%; margin-bottom: 0cm; text-indent: 1.3cm; widows: 1;\">\n<b>On<br \/>\nodpowiedzia\u0142: \u201eUs\u0142ysza\u0142em Tw\u00f3j g\u0142os w ogrodzie, przestraszy\u0142em<br \/>\nsi\u0119, bo jestem nagi, i ukry\u0142em si\u0119\u201d.<\/b><\/div>\n<div align=\"justify\" style=\"line-height: 150%; margin-bottom: 0cm; text-indent: 1.3cm; widows: 1;\">\n<b>Rzek\u0142<br \/>\nB\u00f3g: \u201eKt\u00f3\u017c ci powiedzia\u0142, \u017ce jeste\u015b nagi? Czy mo\u017ce zjad\u0142e\u015b<br \/>\nz drzewa, z kt\u00f3rego ci zakaza\u0142em je\u015b\u0107?\u201d<\/b><\/div>\n<div align=\"justify\" style=\"line-height: 150%; margin-bottom: 0cm; text-indent: 1.3cm; widows: 1;\">\n<b>M\u0119\u017cczyzna<br \/>\nodpowiedzia\u0142: \u201eNiewiasta, kt\u00f3r\u0105 postawi\u0142e\u015b przy mnie, da\u0142a mi<br \/>\nowoc z tego drzewa, i zjad\u0142em\u201d.<\/b><\/div>\n<div align=\"justify\" style=\"line-height: 150%; margin-bottom: 0cm; text-indent: 1.3cm; widows: 1;\">\n<b>Wtedy<br \/>\nPan B\u00f3g rzek\u0142 do niewiasty: \u201eDlaczego to uczyni\u0142a\u015b?\u201d<\/b><\/div>\n<div align=\"justify\" style=\"line-height: 150%; margin-bottom: 0cm; text-indent: 1.3cm; widows: 1;\">\n<b>Niewiasta<br \/>\nodpowiedzia\u0142a: \u201eW\u0105\u017c mnie zwi\u00f3d\u0142, i zjad\u0142am\u201d.<\/b><\/div>\n<div align=\"justify\" style=\"line-height: 150%; margin-bottom: 0cm; text-indent: 1.3cm; widows: 1;\">\n<b>Wtedy<br \/>\nPan B\u00f3g rzek\u0142 do w\u0119\u017ca: \u201ePoniewa\u017c to uczyni\u0142e\u015b, b\u0105d\u017a<br \/>\nprzekl\u0119ty w\u015br\u00f3d wszystkich zwierz\u0105t domowych i polnych, na<br \/>\nbrzuchu b\u0119dziesz si\u0119 czo\u0142ga\u0142 i proch b\u0119dziesz jad\u0142 po wszystkie<br \/>\ndni twego istnienia. Wprowadzam nieprzyja\u017a\u0144 mi\u0119dzy ciebie a<br \/>\nniewiast\u0119, pomi\u0119dzy potomstwo twoje a potomstwo jej: ono zmia\u017cd\u017cy<br \/>\nci g\u0142ow\u0119, a ty zmia\u017cd\u017cysz mu pi\u0119t\u0119\u201d.<\/b><\/div>\n<div align=\"justify\" style=\"line-height: 150%; margin-bottom: 0cm; text-indent: 1.3cm; widows: 1;\">\n<b>M\u0119\u017cczyzna<br \/>\nda\u0142 swej \u017conie imi\u0119 Ewa, bo ona sta\u0142a si\u0119 matk\u0105 wszystkich<br \/>\n\u017cyj\u0105cych.<\/b><\/div>\n<div align=\"justify\" style=\"line-height: 150%; margin-bottom: 0cm;\">\n<\/div>\n<div align=\"center\" style=\"line-height: 150%; margin-bottom: 0cm;\">\n<b>ALBO:<\/b><\/div>\n<div align=\"justify\" style=\"line-height: 150%; margin-bottom: 0cm;\">\n<\/div>\n<div align=\"justify\" style=\"break-before: auto; line-height: 150%; margin-bottom: 0cm;\">\n<b>CZYTANIE<br \/>\nZ DZIEJ\u00d3W APOSTOLSKICH: <\/b>\n<\/div>\n<div align=\"justify\" style=\"break-before: auto; line-height: 150%; margin-bottom: 0cm; text-indent: 1.3cm;\">\n<b>Gdy<br \/>\nJezus zosta\u0142 wzi\u0119ty do nieba, Aposto\u0142owie wr\u00f3cili do Jerozolimy z<br \/>\ng\u00f3ry, zwanej Oliwn\u0105, kt\u00f3ra le\u017cy blisko Jerozolimy, w odleg\u0142o\u015bci<br \/>\ndrogi szabatowej. Przybywszy tam, weszli do sali na g\u00f3rze i<br \/>\nprzebywali w niej: Piotr i Jan, Jakub i Andrzej, Filip i Tomasz,<br \/>\nBart\u0142omiej i Mateusz, Jakub, syn Alfeusza, i Szymon Gorliwy, i Juda,<br \/>\nbrat Jakuba. <\/b>\n<\/div>\n<div align=\"justify\" style=\"line-height: 150%; margin-bottom: 0cm; text-indent: 1.3cm;\">\n<b>Wszyscy<br \/>\noni trwali jednomy\u015blnie na modlitwie razem z niewiastami, Maryj\u0105,<br \/>\nMatk\u0105 Jezusa, i Jego bra\u0107mi. <\/b>\n<\/div>\n<div align=\"justify\" style=\"line-height: 150%; margin-bottom: 0cm;\">\n<\/div>\n<div align=\"justify\" style=\"line-height: 150%; margin-bottom: 0cm;\">\n<b>S\u0141OWA<br \/>\nEWANGELII WED\u0141UG \u015aWI\u0118TEGO JANA; <\/b>\n<\/div>\n<div align=\"justify\" style=\"break-before: auto; line-height: 150%; margin-bottom: 0cm; text-indent: 1.3cm;\">\n<b>W<br \/>\nKanie Galilejskiej odbywa\u0142o si\u0119 wesele i by\u0142a tam Matka Jezusa. <\/b>\n<\/div>\n<div align=\"justify\" style=\"line-height: 150%; margin-bottom: 0cm; text-indent: 1.3cm;\">\n<b>Zaproszono<br \/>\nna to wesele tak\u017ce Jezusa i Jego uczni\u00f3w. A kiedy zabrak\u0142o wina,<br \/>\nMatka Jezusa m\u00f3wi do Niego: \u201eNie maj\u0105 ju\u017c wina\u201d. <\/b>\n<\/div>\n<div align=\"justify\" style=\"line-height: 150%; margin-bottom: 0cm; text-indent: 1.3cm;\">\n<b>Jezus<br \/>\nJej odpowiedzia\u0142: \u201eCzy\u017c to moja lub Twoja sprawa, Niewiasto?<br \/>\nJeszcze nie nadesz\u0142a godzina moja.\u201d <\/b>\n<\/div>\n<div align=\"justify\" style=\"line-height: 150%; margin-bottom: 0cm; text-indent: 1.3cm;\">\n<b>Wtedy<br \/>\nMatka Jego powiedzia\u0142a do s\u0142ug: \u201eZr\u00f3bcie wszystko, cokolwiek wam<br \/>\npowie\u201d. <\/b>\n<\/div>\n<div align=\"justify\" style=\"line-height: 150%; margin-bottom: 0cm; text-indent: 1.3cm;\">\n<b>Sta\u0142o<br \/>\nza\u015b tam sze\u015b\u0107 st\u0105gwi kamiennych, przeznaczonych do \u017cydowskich<br \/>\noczyszcze\u0144, z kt\u00f3rych ka\u017cda mog\u0142a pomie\u015bci\u0107 dwie lub trzy<br \/>\nmiary. <\/b>\n<\/div>\n<div align=\"justify\" style=\"line-height: 150%; margin-bottom: 0cm; text-indent: 1.3cm;\">\n<b>Rzek\u0142<br \/>\ndo nich Jezus: \u201eNape\u0142nijcie st\u0105gwie wod\u0105\u201d. I nape\u0142nili je a\u017c<br \/>\npo brzegi. <\/b>\n<\/div>\n<div align=\"justify\" style=\"line-height: 150%; margin-bottom: 0cm; text-indent: 1.3cm;\">\n<b>Potem<br \/>\ndo nich powiedzia\u0142: \u201eZaczerpnijcie teraz i zanie\u015bcie staro\u015bcie<br \/>\nweselnemu\u201d. Oni za\u015b zanie\u015bli. <\/b>\n<\/div>\n<div align=\"justify\" style=\"line-height: 150%; margin-bottom: 0cm; text-indent: 1.3cm;\">\n<b>A<br \/>\ngdy starosta weselny skosztowa\u0142 wody, kt\u00f3ra sta\u0142a si\u0119 winem \u2013<br \/>\nnie wiedzia\u0142 bowiem, sk\u0105d ono pochodzi, ale s\u0142udzy, kt\u00f3rzy<br \/>\nczerpali wod\u0119, wiedzieli \u2013 przywo\u0142a\u0142 pana m\u0142odego i powiedzia\u0142<br \/>\ndo niego: \u201eKa\u017cdy cz\u0142owiek stawia najpierw dobre wino, a gdy si\u0119<br \/>\nnapij\u0105, w\u00f3wczas gorsze. Ty zachowa\u0142e\u015b dobre wino a\u017c do tej<br \/>\npory\u201d. <\/b>\n<\/div>\n<div align=\"justify\" style=\"line-height: 150%; margin-bottom: 0cm; text-indent: 1.3cm;\">\n<b>Taki<br \/>\nto pocz\u0105tek znak\u00f3w uczyni\u0142 Jezus w Kanie Galilejskiej. Objawi\u0142<br \/>\nswoj\u0105 chwa\u0142\u0119 i uwierzyli w Niego Jego uczniowie.<\/b><\/div>\n<div align=\"justify\" style=\"line-height: 150%; margin-bottom: 0cm;\">\n<\/div>\n<div align=\"justify\" style=\"line-height: 150%; margin-bottom: 0cm; text-indent: 1.3cm;\">\nW<br \/>\nczytaniu z Ksi\u0119gi Dziej\u00f3w Apostolskich us\u0142yszeli\u015bmy przed chwil\u0105,<br \/>\n\u017ce po Wniebowst\u0105pieniu Jezusa, Aposto\u0142owie powr\u00f3cili do<br \/>\nJerozolimy, <i><b>weszli do sali na g\u00f3rze i przebywali w niej.<\/b><\/i><b><br \/>\n<\/b>I tutaj \u2013 to do\u015b\u0107 ciekawy zabieg Autora natchnionego \u2013<br \/>\nwszyscy zostali wyliczeni po imieniu. Mo\u017cna by zapyta\u0107: Po co?<br \/>\nPrzecie\u017c wiemy, z kogo sk\u0142ada\u0142o si\u0119 ca\u0142e to Grono, imiona<br \/>\nposzczeg\u00f3lnych Aposto\u0142\u00f3w \u2013 a niekiedy wszystkich razem \u2013<br \/>\nniejednokrotnie pojawiaj\u0105 si\u0119 na kartach Pisma \u015awi\u0119tego, a pomimo<br \/>\ntego Autor Ksi\u0119gi uzna\u0142 za celowe, aby raz jeszcze je wymieni\u0107:<br \/>\n<i><b>Piotr i Jan, Jakub i Andrzej, Filip i Tomasz, Bart\u0142omiej i<br \/>\nMateusz, Jakub, syn Alfeusza, i Szymon Gorliwy, i Juda, brat Jakuba.<\/b><\/i><b><br \/>\n<\/b>Jak by nie liczy\u0107 \u2013 jedenastu. A wi\u0119c wszyscy, kt\u00f3rzy<br \/>\nw\u00f3wczas do tej wsp\u00f3lnoty nale\u017celi.\n<\/div>\n<div align=\"justify\" style=\"line-height: 150%; margin-bottom: 0cm; text-indent: 1.3cm;\">\nI<br \/>\nzaraz po ich wyliczeniu, pojawia si\u0119 nast\u0119puj\u0105ca informacja:<br \/>\n<i><b>Wszyscy oni trwali jednomy\u015blnie na modlitwie razem z<br \/>\nniewiastami, Maryj\u0105, Matk\u0105 Jezusa, i Jego bra\u0107mi.<\/b><\/i><b> <\/b>Nieco<br \/>\n\u017cartobliwie mo\u017cna by powiedzie\u0107, \u017ce Autor biblijny chcia\u0142 by\u0107<br \/>\nmo\u017ce sprawdzi\u0107 list\u0119 obecno\u015bci \u2013 czy aby <b>na pewno wszyscy<br \/>\nzeszli z g\u00f3ry Oliwnej,<\/b> czy przypadkiem kt\u00f3ry\u015b tam nie zosta\u0142<br \/>\ni jeszcze nie wpatruje si\u0119 w Niebo, za wst\u0119puj\u0105cym do niego<br \/>\nJezusem?\u2026\n<\/div>\n<div align=\"justify\" style=\"line-height: 150%; margin-bottom: 0cm; text-indent: 1.3cm;\">\nMo\u017ce<br \/>\njednak lepiej wysnu\u0107 inny wniosek: oto po odej\u015bciu Jezusa<br \/>\nAposto\u0142owie podejmuj\u0105 ju\u017c <b>samodzieln\u0105 pos\u0142ug\u0119 w Ko\u015bciele,<\/b><br \/>\ndlatego zbieraj\u0105 si\u0119 wszyscy na modlitwie \u2013 niejako przed<br \/>\nwyruszeniem w drog\u0119 \u2013 a Autor natchniony raz jeszcze ich nam<br \/>\nprzedstawia, <b>prezentuje nam ich jako Pasterzy Ko\u015bcio\u0142a,<\/b> jako<br \/>\nduchowych jego przewodnik\u00f3w, jako filary, na kt\u00f3rych Ko\u015bci\u00f3\u0142<br \/>\nb\u0119dzie si\u0119 opiera\u0142. W\u0142a\u015bnie w tym prze\u0142omowym momencie chce nam<br \/>\nich raz jeszcze zaprezentowa\u0107.\n<\/div>\n<div align=\"justify\" style=\"line-height: 150%; margin-bottom: 0cm; text-indent: 1.3cm;\">\nI<br \/>\nto w\u0142a\u015bnie w chwili, kiedy jednocz\u0105 si\u0119 w modlitwie. Tam te\u017c<br \/>\njest z nimi Maryja. W jakim charakterze? Czy mo\u017ce <b>jako ich<br \/>\nPrze\u0142o\u017cona,<\/b> jako \u2013 jak by to dziwacznie nie brzmia\u0142o \u2013<br \/>\n<b>Nast\u0119pczyni tronu<\/b> po odej\u015bciu Syna? Nie, oczywi\u015bcie, \u017ce<br \/>\nnie. Maryj\u0119 widzimy tam jako kogo\u015b, kto <b>po prostu trwa na<br \/>\nmodlitwie.<\/b> Razem z Aposto\u0142ami \u2013 i innymi jeszcze osobami \u2013<br \/>\nMaryja po prostu si\u0119 modli. Nie przemawia tam do nich, nie poucza<br \/>\nich, nie udziela im ostatnich wskaz\u00f3wek, nie przypomina wa\u017cniejszych<br \/>\nzalece\u0144 Syna \u2013 tylko <b>w ciszy i skupieniu si\u0119 modli. <\/b>\n<\/div>\n<div align=\"justify\" style=\"line-height: 150%; margin-bottom: 0cm; text-indent: 1.3cm;\">\nSpe\u0142nia<br \/>\nzatem t\u0119 sam\u0105 rol\u0119, jak\u0105 spe\u0142ni\u0142a na weselu w Kanie<br \/>\nGalilejskiej. Chocia\u017c wszyscy wiedzieli, \u017ce <b>to w\u0142a\u015bnie Ona<br \/>\njest Matk\u0105 Jezusa,<\/b> a Jezus ju\u017c wtedy jawi\u0142 si\u0119 jako<br \/>\nNauczyciel i Wys\u0142annik Boga \u2013 bo przecie\u017c mia\u0142 ju\u017c swoich<br \/>\nuczni\u00f3w \u2013 to jednak <b>Maryja nie wywy\u017csza\u0142a si\u0119<\/b> z tego<br \/>\npowodu, ani nie akcentowa\u0142a jakkolwiek swojej obecno\u015bci. Wprost<br \/>\nprzeciwnie, bardzo dyskretnie i jakby w cieniu swego Syna, ale <b>jednak<br \/>\nkonkretnie zadzia\u0142a\u0142a,<\/b> aby przyj\u015b\u0107 na pomoc m\u0142odej parze,<br \/>\nkt\u00f3ra \u2013 mo\u017ce nawet niekoniecznie ze swej winy \u2013 znalaz\u0142a si\u0119<br \/>\nw sytuacji nie do pozazdroszczenia\u2026 Maryja, nie robi\u0105c ko\u0142o ca\u0142ej<br \/>\nsprawy zbyt du\u017cego patosu ani rozg\u0142osu, <b>po prostu<br \/>\nzainterweniowa\u0142a<\/b> i w ten spos\u00f3b naprawd\u0119 skutecznie pomog\u0142a.\n<\/div>\n<div align=\"justify\" style=\"line-height: 150%; margin-bottom: 0cm; text-indent: 1.3cm;\">\nWr\u00f3\u0107my<br \/>\nzatem do postawionego wcze\u015bniej pytania: <b>W jakim charakterze<br \/>\nMaryja tu wyst\u0119puje?<\/b> Skoro nie jako Prze\u0142o\u017cona apostolskiego<br \/>\nGrona, i nie jako jego Nauczycielka, to jako kto? Oczywi\u015bcie \u2013<br \/>\n<b>jako Matka.<\/b> Tak, jako dobra, zatroskana, kochaj\u0105ca Matka,<br \/>\nzabiegaj\u0105ca o dobro swych dzieci. A poniewa\u017c widzimy J\u0105, jak t\u0119<br \/>\nswoj\u0105 matczyn\u0105 pos\u0142ug\u0119 realizuje tak\u017ce <b>wobec pierwszych<br \/>\nPasterzy m\u0142odego Ko\u015bcio\u0142a,<\/b> przeto przyzywamy J\u0105 dzisiaj <b>jako<br \/>\nMatk\u0119 Ko\u015bcio\u0142a. <\/b>\n<\/div>\n<div align=\"justify\" style=\"line-height: 150%; margin-bottom: 0cm; text-indent: 1.3cm;\">\nSpe\u0142nia\u0142a<br \/>\nza\u015b t\u0119 swoj\u0105 misj\u0119 nie dopiero od tego momentu, o kt\u00f3rym m\u00f3wi<br \/>\ndzi\u015b Autor Dziej\u00f3w Apostolskich, ale od  momentu, kiedy<b> zgodzi\u0142a<br \/>\nsi\u0119 by\u0107 Matk\u0105 Jezusa,<\/b> czyli Tego, kt\u00f3ry jest Za\u0142o\u017cycielem<br \/>\nKo\u015bcio\u0142a. A w czasie ziemskiej dzia\u0142alno\u015bci swego Syna <b>by\u0142a<br \/>\nci\u0105gle blisko<\/b> \u2013 chocia\u017c niezwykle dyskretnie, tylko niekiedy<br \/>\nzaznaczaj\u0105c swoj\u0105 obecno\u015b\u0107. Jednym z takich wydarze\u0144, kiedy ta<br \/>\n<b>obecno\u015b\u0107 i dobro\u0107 matczynego serca Maryi <\/b>zosta\u0142y jednak<br \/>\nzauwa\u017cone i podkre\u015blone, jest w\u0142a\u015bnie to, o kt\u00f3rym m\u00f3wi<br \/>\ndzisiejsza Ewangelia.<\/div>\n<div align=\"justify\" style=\"line-height: 150%; margin-bottom: 0cm; text-indent: 1.3cm;\">\nMaryja<br \/>\njako Matka kochaj\u0105ca, jako Matka wspieraj\u0105ca, jako Matka szczerze<br \/>\nzatroskana i oddana \u2013<b> czuwa nad Ko\u015bcio\u0142em swego Syna.<\/b><br \/>\nDlatego wraz z ca\u0142ym Ko\u015bcio\u0142em oddajemy Jej dzi\u015b wszystkie<br \/>\nwielkie problemy, ten Ko\u015bci\u00f3\u0142 nurtuj\u0105ce, oraz problemy ca\u0142ego<br \/>\n\u015bwiata, ca\u0142ej ludzko\u015bci \u2013 prosz\u0105c, aby Ona, <b>dobra Matka,<br \/>\npomog\u0142a w ich rozwi\u0105zaniu,<\/b> aby raz jeszcze wskaza\u0142a na Jezusa,<br \/>\nkt\u00f3ry jest w stanie ud\u017awign\u0105\u0107 na swych barkach wszystkie ludzkie<br \/>\nsprawy i bol\u0105czki.<\/div>\n<div align=\"justify\" style=\"line-height: 150%; margin-bottom: 0cm; text-indent: 1.3cm;\">\nAle<br \/>\nprzynosimy do Niej dzisiaj tak\u017ce <b>wszystkie nasze codzienne<br \/>\nsprawy,<\/b> wszystkie te ma\u0142e bol\u0105czki \u2013 dla nas zwykle nie takie<br \/>\nznowu ma\u0142e \u2013 prosz\u0105c o pomoc i wsparcie r\u00f3wnie\u017c w ich<br \/>\nrozwi\u0105zywaniu. A \u017ce mamy co przynosi\u0107 i mamy si\u0119 czym martwi\u0107, i<br \/>\n<b>mamy z czym si\u0119 do Maryi zwraca\u0107<\/b> \u2013 to przekonuje nas<br \/>\nw\u0142a\u015bciwie ka\u017cdy nasz R\u00f3\u017caniec i ka\u017cda nasza modlitwa, w kt\u00f3r\u0105<br \/>\nw\u0142\u0105czamy nasze codzienne intencje. Ile\u017c tych spraw jest! Ile\u017c<br \/>\njest tych problem\u00f3w!\n<\/div>\n<div align=\"justify\" style=\"line-height: 150%; margin-bottom: 0cm; text-indent: 1.3cm;\">\n<b>Dla<br \/>\nMaryi ka\u017cdy z nich jest naprawd\u0119 bardzo wa\u017cny.<\/b> Dla Niej nie ma<br \/>\nproblem\u00f3w nieistotnych \u2013 je\u017celi tylko s\u0105 one istotne dla Jej<br \/>\ndzieci. Przekonuje nas o tym wydarzenie z Kany Galilejskiej.<\/div>\n<div align=\"justify\" style=\"line-height: 150%; margin-bottom: 0cm; text-indent: 1.3cm;\">\nDlatego<br \/>\nje\u017celi dzisiaj oddajemy cze\u015b\u0107 Maryi jako Matce Ko\u015bcio\u0142a, to nie<br \/>\npatrzmy na ten Jej tytu\u0142 jako na jak\u0105\u015b rzeczywisto\u015b\u0107 tak<br \/>\n<b>teologicznie g\u0142\u0119bok\u0105 i tak g\u00f3rnolotn\u0105,<\/b> \u017ce a\u017c dla nas,<br \/>\nzwyk\u0142ych ludzi, niedost\u0119pn\u0105. Nie! Je\u017celi zwracamy si\u0119 dzi\u015b do<br \/>\nMaryi jako do Matki Ko\u015bcio\u0142a, to w\u0142a\u015bnie z takim nastawieniem i z<br \/>\ntakim oddaniem, z jakim <b>ka\u017cde dziecko zwraca si\u0119 do swojej matki<\/b><br \/>\n\u2013 z najbardziej zwyczajnymi, codziennymi problemami i sprawami. My<br \/>\ntak\u017ce w\u0142a\u015bnie w ten spos\u00f3b do Maryi si\u0119 dzi\u015b zwracamy.<\/div>\n<div align=\"justify\" style=\"line-height: 150%; margin-bottom: 0cm; text-indent: 1.3cm;\">\nBo<br \/>\nw\u0142a\u015bnie takimi sprawami na co dzie\u0144 \u017cyje Ko\u015bci\u00f3\u0142. <b>A tym<br \/>\nKo\u015bcio\u0142em \u2013 to my przecie\u017c jeste\u015bmy\u2026<\/b><\/div>\n","protected":false},"excerpt":{"rendered":"<p>Szcz\u0119\u015b\u0107 Bo\u017ce! Moi Drodzy, w dniu dzisiejszym urodziny obchodzi Katarzyna Centkowska, w\u0142\u0105czaj\u0105ca si\u0119 w swoim czasie w dzia\u0142alno\u015b\u0107 Wsp\u00f3lnoty m\u0142odzie\u017cowej w Bia\u0142ej Podlaskiej. \u017bycz\u0119 Jubilatce, aby zgodnie z zaleceniem Maryi &#8211; czyni\u0142a wszystko, co tylko powie Jezus. O to b\u0119d\u0119 si\u0119 dla Niej modli\u0142.&nbsp; &nbsp; &nbsp; &nbsp;Ja za\u015b&nbsp;raz jeszcze&nbsp;pozdrawiam z Miastkowa, gdzie zosta\u0142em po wczorajszym [&hellip;]<\/p>\n","protected":false},"author":1,"featured_media":0,"comment_status":"open","ping_status":"open","sticky":false,"template":"","format":"standard","meta":{"jetpack_post_was_ever_published":false,"_jetpack_newsletter_access":"","_jetpack_dont_email_post_to_subs":false,"_jetpack_newsletter_tier_id":0,"_jetpack_memberships_contains_paywalled_content":false,"_jetpack_memberships_contains_paid_content":false,"footnotes":""},"categories":[1],"tags":[],"class_list":["post-7639","post","type-post","status-publish","format-standard","hentry","category-bez-kategorii"],"yoast_head":"<!-- This site is optimized with the Yoast SEO plugin v25.1 - https:\/\/yoast.com\/wordpress\/plugins\/seo\/ -->\n<title>Matka Ko\u015bcio\u0142a - Gaudium Et Spes<\/title>\n<meta name=\"robots\" content=\"index, follow, max-snippet:-1, max-image-preview:large, max-video-preview:-1\" \/>\n<link rel=\"canonical\" href=\"https:\/\/gaudiumetspes-blog.pl\/index.php\/2017\/06\/05\/matka-koscioa\/\" \/>\n<meta property=\"og:locale\" content=\"pl_PL\" \/>\n<meta property=\"og:type\" content=\"article\" \/>\n<meta property=\"og:title\" content=\"Matka Ko\u015bcio\u0142a - Gaudium Et Spes\" \/>\n<meta property=\"og:description\" content=\"Szcz\u0119\u015b\u0107 Bo\u017ce! Moi Drodzy, w dniu dzisiejszym urodziny obchodzi Katarzyna Centkowska, w\u0142\u0105czaj\u0105ca si\u0119 w swoim czasie w dzia\u0142alno\u015b\u0107 Wsp\u00f3lnoty m\u0142odzie\u017cowej w Bia\u0142ej Podlaskiej. \u017bycz\u0119 Jubilatce, aby zgodnie z zaleceniem Maryi &#8211; czyni\u0142a wszystko, co tylko powie Jezus. O to b\u0119d\u0119 si\u0119 dla Niej modli\u0142.&nbsp; &nbsp; &nbsp; &nbsp;Ja za\u015b&nbsp;raz jeszcze&nbsp;pozdrawiam z Miastkowa, gdzie zosta\u0142em po wczorajszym [&hellip;]\" \/>\n<meta property=\"og:url\" content=\"https:\/\/gaudiumetspes-blog.pl\/index.php\/2017\/06\/05\/matka-koscioa\/\" \/>\n<meta property=\"og:site_name\" content=\"Gaudium Et Spes\" \/>\n<meta property=\"article:published_time\" content=\"2017-06-05T01:52:00+00:00\" \/>\n<meta property=\"article:modified_time\" content=\"2019-07-31T10:56:55+00:00\" \/>\n<meta name=\"author\" content=\"Ks. Jacek\" \/>\n<meta name=\"twitter:card\" content=\"summary_large_image\" \/>\n<meta name=\"twitter:label1\" content=\"Napisane przez\" \/>\n\t<meta name=\"twitter:data1\" content=\"Ks. Jacek\" \/>\n\t<meta name=\"twitter:label2\" content=\"Szacowany czas czytania\" \/>\n\t<meta name=\"twitter:data2\" content=\"9 minut\" \/>\n<script type=\"application\/ld+json\" class=\"yoast-schema-graph\">{\"@context\":\"https:\/\/schema.org\",\"@graph\":[{\"@type\":\"WebPage\",\"@id\":\"https:\/\/gaudiumetspes-blog.pl\/index.php\/2017\/06\/05\/matka-koscioa\/\",\"url\":\"https:\/\/gaudiumetspes-blog.pl\/index.php\/2017\/06\/05\/matka-koscioa\/\",\"name\":\"Matka Ko\u015bcio\u0142a - Gaudium Et Spes\",\"isPartOf\":{\"@id\":\"https:\/\/gaudiumetspes-blog.pl\/#website\"},\"datePublished\":\"2017-06-05T01:52:00+00:00\",\"dateModified\":\"2019-07-31T10:56:55+00:00\",\"author\":{\"@id\":\"https:\/\/gaudiumetspes-blog.pl\/#\/schema\/person\/1661982992b752dea8dff0d4ed845a65\"},\"breadcrumb\":{\"@id\":\"https:\/\/gaudiumetspes-blog.pl\/index.php\/2017\/06\/05\/matka-koscioa\/#breadcrumb\"},\"inLanguage\":\"pl-PL\",\"potentialAction\":[{\"@type\":\"ReadAction\",\"target\":[\"https:\/\/gaudiumetspes-blog.pl\/index.php\/2017\/06\/05\/matka-koscioa\/\"]}]},{\"@type\":\"BreadcrumbList\",\"@id\":\"https:\/\/gaudiumetspes-blog.pl\/index.php\/2017\/06\/05\/matka-koscioa\/#breadcrumb\",\"itemListElement\":[{\"@type\":\"ListItem\",\"position\":1,\"name\":\"Strona g\u0142\u00f3wna\",\"item\":\"https:\/\/gaudiumetspes-blog.pl\/\"},{\"@type\":\"ListItem\",\"position\":2,\"name\":\"Matka Ko\u015bcio\u0142a\"}]},{\"@type\":\"WebSite\",\"@id\":\"https:\/\/gaudiumetspes-blog.pl\/#website\",\"url\":\"https:\/\/gaudiumetspes-blog.pl\/\",\"name\":\"Gaudium Et Spes\",\"description\":\"Blog Ks. Jacka Ja\u015bkowskiego\",\"potentialAction\":[{\"@type\":\"SearchAction\",\"target\":{\"@type\":\"EntryPoint\",\"urlTemplate\":\"https:\/\/gaudiumetspes-blog.pl\/?s={search_term_string}\"},\"query-input\":{\"@type\":\"PropertyValueSpecification\",\"valueRequired\":true,\"valueName\":\"search_term_string\"}}],\"inLanguage\":\"pl-PL\"},{\"@type\":\"Person\",\"@id\":\"https:\/\/gaudiumetspes-blog.pl\/#\/schema\/person\/1661982992b752dea8dff0d4ed845a65\",\"name\":\"Ks. Jacek\",\"image\":{\"@type\":\"ImageObject\",\"inLanguage\":\"pl-PL\",\"@id\":\"https:\/\/gaudiumetspes-blog.pl\/#\/schema\/person\/image\/\",\"url\":\"https:\/\/gaudiumetspes-blog.pl\/wp-content\/uploads\/2019\/07\/avatar-JJ-150x150.jpg\",\"contentUrl\":\"https:\/\/gaudiumetspes-blog.pl\/wp-content\/uploads\/2019\/07\/avatar-JJ-150x150.jpg\",\"caption\":\"Ks. Jacek\"},\"description\":\"Witam serdecznie! K\u0142ania si\u0119 Ks. Jacek Ja\u015bkowski. Nie jestem ani kim\u015b wa\u017cnym, ani kim\u015b znanym. Jestem ksi\u0119dzem, kt\u00f3ry po prostu chce rozmawia\u0107. Codzienna kap\u0142a\u0144ska pos\u0142uga pokazuje mi, \u017ce temat\u00f3w do rozm\u00f3w z ksi\u0119dzem jest coraz wi\u0119cej i dzisiaj \u017caden ksi\u0105dz nie mo\u017ce od nich ucieka\u0107, ale - wprost przeciwnie - podejmowa\u0107 nowe wyzwania. To przekonanie sk\u0142oni\u0142o mnie do pr\u00f3by otwarcia tego\u017c bloga, chocia\u017c okazji do rozm\u00f3w na co dzie\u0144 - w konfesjonale i poza nim - na szcz\u0119\u015bcie nie brakuje. My\u015bl\u0119 jednak, \u017ce ten blog b\u0119dzie jeszcze jednym sposobem i przestrzeni\u0105 nawi\u0105zania kontaktu z lud\u017ami dobrej woli, otwartymi na dialog.\",\"url\":\"https:\/\/gaudiumetspes-blog.pl\/index.php\/author\/ks-jacek\/\"}]}<\/script>\n<!-- \/ Yoast SEO plugin. -->","yoast_head_json":{"title":"Matka Ko\u015bcio\u0142a - Gaudium Et Spes","robots":{"index":"index","follow":"follow","max-snippet":"max-snippet:-1","max-image-preview":"max-image-preview:large","max-video-preview":"max-video-preview:-1"},"canonical":"https:\/\/gaudiumetspes-blog.pl\/index.php\/2017\/06\/05\/matka-koscioa\/","og_locale":"pl_PL","og_type":"article","og_title":"Matka Ko\u015bcio\u0142a - Gaudium Et Spes","og_description":"Szcz\u0119\u015b\u0107 Bo\u017ce! Moi Drodzy, w dniu dzisiejszym urodziny obchodzi Katarzyna Centkowska, w\u0142\u0105czaj\u0105ca si\u0119 w swoim czasie w dzia\u0142alno\u015b\u0107 Wsp\u00f3lnoty m\u0142odzie\u017cowej w Bia\u0142ej Podlaskiej. \u017bycz\u0119 Jubilatce, aby zgodnie z zaleceniem Maryi &#8211; czyni\u0142a wszystko, co tylko powie Jezus. O to b\u0119d\u0119 si\u0119 dla Niej modli\u0142.&nbsp; &nbsp; &nbsp; &nbsp;Ja za\u015b&nbsp;raz jeszcze&nbsp;pozdrawiam z Miastkowa, gdzie zosta\u0142em po wczorajszym [&hellip;]","og_url":"https:\/\/gaudiumetspes-blog.pl\/index.php\/2017\/06\/05\/matka-koscioa\/","og_site_name":"Gaudium Et Spes","article_published_time":"2017-06-05T01:52:00+00:00","article_modified_time":"2019-07-31T10:56:55+00:00","author":"Ks. Jacek","twitter_card":"summary_large_image","twitter_misc":{"Napisane przez":"Ks. Jacek","Szacowany czas czytania":"9 minut"},"schema":{"@context":"https:\/\/schema.org","@graph":[{"@type":"WebPage","@id":"https:\/\/gaudiumetspes-blog.pl\/index.php\/2017\/06\/05\/matka-koscioa\/","url":"https:\/\/gaudiumetspes-blog.pl\/index.php\/2017\/06\/05\/matka-koscioa\/","name":"Matka Ko\u015bcio\u0142a - Gaudium Et Spes","isPartOf":{"@id":"https:\/\/gaudiumetspes-blog.pl\/#website"},"datePublished":"2017-06-05T01:52:00+00:00","dateModified":"2019-07-31T10:56:55+00:00","author":{"@id":"https:\/\/gaudiumetspes-blog.pl\/#\/schema\/person\/1661982992b752dea8dff0d4ed845a65"},"breadcrumb":{"@id":"https:\/\/gaudiumetspes-blog.pl\/index.php\/2017\/06\/05\/matka-koscioa\/#breadcrumb"},"inLanguage":"pl-PL","potentialAction":[{"@type":"ReadAction","target":["https:\/\/gaudiumetspes-blog.pl\/index.php\/2017\/06\/05\/matka-koscioa\/"]}]},{"@type":"BreadcrumbList","@id":"https:\/\/gaudiumetspes-blog.pl\/index.php\/2017\/06\/05\/matka-koscioa\/#breadcrumb","itemListElement":[{"@type":"ListItem","position":1,"name":"Strona g\u0142\u00f3wna","item":"https:\/\/gaudiumetspes-blog.pl\/"},{"@type":"ListItem","position":2,"name":"Matka Ko\u015bcio\u0142a"}]},{"@type":"WebSite","@id":"https:\/\/gaudiumetspes-blog.pl\/#website","url":"https:\/\/gaudiumetspes-blog.pl\/","name":"Gaudium Et Spes","description":"Blog Ks. Jacka Ja\u015bkowskiego","potentialAction":[{"@type":"SearchAction","target":{"@type":"EntryPoint","urlTemplate":"https:\/\/gaudiumetspes-blog.pl\/?s={search_term_string}"},"query-input":{"@type":"PropertyValueSpecification","valueRequired":true,"valueName":"search_term_string"}}],"inLanguage":"pl-PL"},{"@type":"Person","@id":"https:\/\/gaudiumetspes-blog.pl\/#\/schema\/person\/1661982992b752dea8dff0d4ed845a65","name":"Ks. Jacek","image":{"@type":"ImageObject","inLanguage":"pl-PL","@id":"https:\/\/gaudiumetspes-blog.pl\/#\/schema\/person\/image\/","url":"https:\/\/gaudiumetspes-blog.pl\/wp-content\/uploads\/2019\/07\/avatar-JJ-150x150.jpg","contentUrl":"https:\/\/gaudiumetspes-blog.pl\/wp-content\/uploads\/2019\/07\/avatar-JJ-150x150.jpg","caption":"Ks. Jacek"},"description":"Witam serdecznie! K\u0142ania si\u0119 Ks. Jacek Ja\u015bkowski. Nie jestem ani kim\u015b wa\u017cnym, ani kim\u015b znanym. Jestem ksi\u0119dzem, kt\u00f3ry po prostu chce rozmawia\u0107. Codzienna kap\u0142a\u0144ska pos\u0142uga pokazuje mi, \u017ce temat\u00f3w do rozm\u00f3w z ksi\u0119dzem jest coraz wi\u0119cej i dzisiaj \u017caden ksi\u0105dz nie mo\u017ce od nich ucieka\u0107, ale - wprost przeciwnie - podejmowa\u0107 nowe wyzwania. To przekonanie sk\u0142oni\u0142o mnie do pr\u00f3by otwarcia tego\u017c bloga, chocia\u017c okazji do rozm\u00f3w na co dzie\u0144 - w konfesjonale i poza nim - na szcz\u0119\u015bcie nie brakuje. My\u015bl\u0119 jednak, \u017ce ten blog b\u0119dzie jeszcze jednym sposobem i przestrzeni\u0105 nawi\u0105zania kontaktu z lud\u017ami dobrej woli, otwartymi na dialog.","url":"https:\/\/gaudiumetspes-blog.pl\/index.php\/author\/ks-jacek\/"}]}},"jetpack_featured_media_url":"","jetpack_sharing_enabled":true,"_links":{"self":[{"href":"https:\/\/gaudiumetspes-blog.pl\/index.php\/wp-json\/wp\/v2\/posts\/7639","targetHints":{"allow":["GET"]}}],"collection":[{"href":"https:\/\/gaudiumetspes-blog.pl\/index.php\/wp-json\/wp\/v2\/posts"}],"about":[{"href":"https:\/\/gaudiumetspes-blog.pl\/index.php\/wp-json\/wp\/v2\/types\/post"}],"author":[{"embeddable":true,"href":"https:\/\/gaudiumetspes-blog.pl\/index.php\/wp-json\/wp\/v2\/users\/1"}],"replies":[{"embeddable":true,"href":"https:\/\/gaudiumetspes-blog.pl\/index.php\/wp-json\/wp\/v2\/comments?post=7639"}],"version-history":[{"count":1,"href":"https:\/\/gaudiumetspes-blog.pl\/index.php\/wp-json\/wp\/v2\/posts\/7639\/revisions"}],"predecessor-version":[{"id":13275,"href":"https:\/\/gaudiumetspes-blog.pl\/index.php\/wp-json\/wp\/v2\/posts\/7639\/revisions\/13275"}],"wp:attachment":[{"href":"https:\/\/gaudiumetspes-blog.pl\/index.php\/wp-json\/wp\/v2\/media?parent=7639"}],"wp:term":[{"taxonomy":"category","embeddable":true,"href":"https:\/\/gaudiumetspes-blog.pl\/index.php\/wp-json\/wp\/v2\/categories?post=7639"},{"taxonomy":"post_tag","embeddable":true,"href":"https:\/\/gaudiumetspes-blog.pl\/index.php\/wp-json\/wp\/v2\/tags?post=7639"}],"curies":[{"name":"wp","href":"https:\/\/api.w.org\/{rel}","templated":true}]}}