{"id":7640,"date":"2017-06-04T03:18:00","date_gmt":"2017-06-04T01:18:00","guid":{"rendered":"https:\/\/gaudiumetspes-blog.pl\/index.php\/2017\/06\/04\/kiedy-nadszed-dzien-piecdziesiatnicy-2\/"},"modified":"2019-07-31T12:56:55","modified_gmt":"2019-07-31T10:56:55","slug":"kiedy-nadszed-dzien-piecdziesiatnicy-2","status":"publish","type":"post","link":"https:\/\/gaudiumetspes-blog.pl\/index.php\/2017\/06\/04\/kiedy-nadszed-dzien-piecdziesiatnicy-2\/","title":{"rendered":"Kiedy nadszed\u0142 dzie\u0144 Pi\u0119\u0107dziesi\u0105tnicy&#8230;"},"content":{"rendered":"<div align=\"justify\" style=\"line-height: 150%; margin-bottom: 0cm;\">\nNiech<br \/>\nb\u0119dzie pochwalony Jezus Chrystus!<br \/>\nMoi Drodzy, w dniu dzisiejszym <b>imieniny<br \/>\nobchodz\u0105: Karol Kulikowski, za moich czas\u00f3w &#8211; Lektor w Radory\u017cu<br \/>\nKo\u015bcielnym; oraz Karol Bisek \u2013 w swoim czasie nale\u017c\u0105cy do<br \/>\nWsp\u00f3lnoty m\u0142odzie\u017cowej w Serokomli. Urodziny za\u015b obchodzi<br \/>\nMa\u0142gorzata Osypiuk \u2013 z niegdysiejszej Wsp\u00f3lnoty m\u0142odzie\u017cowej w<br \/>\nBia\u0142ej Podlaskiej. <\/b>\n<\/div>\n<div align=\"justify\" style=\"line-height: 150%; margin-bottom: 0cm; page-break-before: auto; text-indent: 1.3cm;\">\n<b>\u017bycz\u0119<br \/>\nSolenizantom i Jubilatce jak<br \/>\nnajszerszego otwarcia serca na dary Ducha \u015awi\u0119tego i jak<br \/>\nnajpe\u0142niejszej z Nim wsp\u00f3\u0142pracy. I o to b\u0119d\u0119 si\u0119 dla Nich<br \/>\nmodli\u0142.<\/b><\/div>\n<div align=\"justify\" style=\"line-height: 150%; margin-bottom: 0cm; text-indent: 1.3cm;\">\nA<br \/>\ndla naszej Ojczyzny \u2013 z okazji dzisiejszej rocznicy \u2013 b\u0119d\u0119 si\u0119<br \/>\nmodli\u0142 o m\u0105dre rozwijanie i wykorzystywanie daru wolno\u015bci.\n<\/div>\n<div align=\"justify\" style=\"line-height: 150%; margin-bottom: 0cm; text-indent: 1.3cm;\">\nPrzypominam,<br \/>\n\u017ce dzisiaj za udzia\u0142 w publicznym \u015bpiewie: \u201eO, Stworzycielu,<br \/>\nDuchu przyjd\u017a\u2026\u201d, mo\u017cemy uzyska\u0107 odpust zupe\u0142ny. Dzisiaj tak\u017ce<br \/>\nprze\u017cywamy pierwsz\u0105 niedziel\u0119 miesi\u0105ca.<\/div>\n<div align=\"justify\" style=\"line-height: 150%; margin-bottom: 0cm; text-indent: 1.3cm;\">\nI<br \/>\nw\u0142a\u015bnie na g\u0142\u0119bokie prze\u017cywanie tego dnia \u2013 we wszystkich jego<br \/>\nwymiarach \u2013 <b>niech<br \/>\nWas b\u0142ogos\u0142awi B\u00f3g wszechmog\u0105cy: Ojciec + i Syn, i Duch \u015awi\u0119ty.<br \/>\nAmen<\/b><\/div>\n<div align=\"center\" style=\"line-height: 150%; margin-bottom: 0cm;\">\nGaudium<br \/>\net spes!  Ks. Jacek<\/div>\n<div align=\"justify\" style=\"line-height: 150%; margin-bottom: 0cm;\">\n<\/div>\n<div align=\"justify\" style=\"line-height: 150%; margin-bottom: 0cm;\">\n<b>Uroczysto\u015b\u0107<br \/>\nZes\u0142ania Ducha \u015awi\u0119tego,<\/b><\/div>\n<div align=\"justify\" style=\"line-height: 150%; margin-bottom: 0cm;\">\n<b>do<br \/>\nczyta\u0144:  Dz<br \/>\n2,1\u201311;  1<br \/>\nKor 12,3b\u20137.12\u201313;  J<br \/>\n20,19\u201323 <\/b>\n<\/div>\n<div align=\"justify\" style=\"line-height: 150%; margin-bottom: 0cm;\">\n<\/div>\n<div align=\"justify\" style=\"line-height: 150%; margin-bottom: 0cm;\">\n<b>CZYTANIE<br \/>\nZ DZIEJ\u00d3W APOSTOLSKICH: <\/b>\n<\/div>\n<div align=\"justify\" style=\"break-before: auto; line-height: 150%; margin-bottom: 0cm; text-indent: 1.3cm;\">\n<b>Kiedy<br \/>\nnadszed\u0142 dzie\u0144 Pi\u0119\u0107dziesi\u0105tnicy, znajdowali si\u0119 wszyscy razem<br \/>\nna tym samym miejscu. Nagle spad\u0142 z nieba szum, jakby uderzenie<br \/>\ngwa\u0142townego wiatru, i nape\u0142ni\u0142 ca\u0142y dom, w kt\u00f3rym przebywali.<br \/>\nUkaza\u0142y si\u0119 im te\u017c j\u0119zyki jakby z ognia, kt\u00f3re si\u0119 rozdzieli\u0142y,<br \/>\ni na ka\u017cdym z nich spocz\u0105\u0142 jeden. I wszyscy zostali nape\u0142nieni<br \/>\nDuchem \u015awi\u0119tym, i zacz\u0119li m\u00f3wi\u0107 obcymi j\u0119zykami, tak jak im<br \/>\nDuch pozwala\u0142 m\u00f3wi\u0107. <\/b>\n<\/div>\n<div align=\"justify\" style=\"line-height: 150%; margin-bottom: 0cm; text-indent: 1.3cm;\">\n<b>Przebywali<br \/>\nwtedy w Jerozolimie pobo\u017cni \u017bydzi ze wszystkich narod\u00f3w pod<br \/>\ns\u0142o\u0144cem. Kiedy wi\u0119c powsta\u0142 \u00f3w szum, zbiegli si\u0119 t\u0142umnie i<br \/>\nzdumieli, bo ka\u017cdy s\u0142ysza\u0142, jak przemawiali w jego w\u0142asnym<br \/>\nj\u0119zyku. <\/b>\n<\/div>\n<div align=\"justify\" style=\"line-height: 150%; margin-bottom: 0cm; text-indent: 1.3cm;\">\n<b>Pe\u0142ni<br \/>\nzdumienia i podziwu m\u00f3wili: \u201eCzy\u017c ci wszyscy, kt\u00f3rzy<br \/>\nprzemawiaj\u0105, nie s\u0105 Galilejczykami? Jak\u017ce\u017c wi\u0119c ka\u017cdy z nas<br \/>\ns\u0142yszy sw\u00f3j w\u0142asny j\u0119zyk ojczysty? \u2013 Partowie i Medowie, i<br \/>\nElamici, i mieszka\u0144cy Mezopotamii, Judei oraz Kapadocji, Pontu i<br \/>\nAzji, Frygii i Pamfilii, Egiptu i tych cz\u0119\u015bci Libii, kt\u00f3re le\u017c\u0105<br \/>\nblisko Cyreny, i przybysze z Rzymu, \u017bydzi oraz prozelici,<br \/>\nKrete\u0144czycy i Arabowie \u2013 s\u0142yszymy ich g\u0142osz\u0105cych w naszych<br \/>\nj\u0119zykach wielkie dzie\u0142a Bo\u017ce\u201d.<\/b><\/div>\n<div align=\"justify\" style=\"line-height: 150%; margin-bottom: 0cm;\">\n<\/div>\n<div align=\"justify\" style=\"line-height: 150%; margin-bottom: 0cm;\">\n<b>CZYTANIE<br \/>\nZ PIERWSZEGO LISTU \u015aWI\u0118TEGO PAW\u0141A APOSTO\u0141A DO KORYNTIAN: <\/b>\n<\/div>\n<div align=\"justify\" style=\"break-before: auto; line-height: 150%; margin-bottom: 0cm; text-indent: 1.3cm;\">\n<b>Bracia:<br \/>\nNikt nie mo\u017ce powiedzie\u0107 bez pomocy Ducha \u015awi\u0119tego: \u201ePanem jest<br \/>\nJezus\u201d. <\/b>\n<\/div>\n<div align=\"justify\" style=\"line-height: 150%; margin-bottom: 0cm; text-indent: 1.3cm;\">\n<b>R\u00f3\u017cne<br \/>\ns\u0105 dary \u0142aski, lecz ten sam Duch; r\u00f3\u017cne te\u017c s\u0105 rodzaje<br \/>\npos\u0142ugiwania, ale jeden Pan; r\u00f3\u017cne s\u0105 wreszcie dzia\u0142ania, lecz<br \/>\nten sam B\u00f3g, sprawca wszystkiego we wszystkich. Wszystkim za\u015b<br \/>\nobjawia si\u0119 Duch dla wsp\u00f3lnego dobra. <\/b>\n<\/div>\n<div align=\"justify\" style=\"line-height: 150%; margin-bottom: 0cm; text-indent: 1.3cm;\">\n<b>Podobnie<br \/>\njak jedno jest cia\u0142o, cho\u0107 sk\u0142ada si\u0119 z wielu cz\u0142onk\u00f3w, a<br \/>\nwszystkie cz\u0142onki cia\u0142a, mimo i\u017c s\u0105 liczne, stanowi\u0105 jedno<br \/>\ncia\u0142o, tak te\u017c jest i z Chrystusem. Wszyscy\u015bmy bowiem w jednym<br \/>\nDuchu zostali ochrzczeni, aby stanowi\u0107 jedno cia\u0142o: czy to \u017bydzi,<br \/>\nczy Grecy, czy to niewolnicy, czy wolni. Wszyscy\u015bmy te\u017c zostali<br \/>\nnapojeni jednym Duchem. <\/b>\n<\/div>\n<div align=\"justify\" style=\"line-height: 150%; margin-bottom: 0cm;\">\n<\/div>\n<div align=\"left\" style=\"line-height: 150%; margin-bottom: 0cm;\">\n<b>Przyb\u0105d\u017a,<br \/>\nDuchu \u015awi\u0119ty,<br \/>\nZe\u015blij<br \/>\nz nieba wzi\u0119ty<br \/>\n\u015awiat\u0142a<br \/>\nTwego strumie\u0144.<br \/>&nbsp; &nbsp; &nbsp; &nbsp;Przyjd\u017a,<br \/>\nOjcze ubogich,<br \/>&nbsp; &nbsp; &nbsp; &nbsp;Przyjd\u017a,<br \/>\nDawco \u0142ask drogich,<br \/>&nbsp; &nbsp; &nbsp; &nbsp;Przyjd\u017a,<br \/>\n\u015awiat\u0142o\u015bci sumie\u0144.<br \/>\nO,<br \/>\nnajmilszy z go\u015bci,<br \/>\nS\u0142odka<br \/>\nserc rado\u015bci,<br \/>\nS\u0142odkie<br \/>\norze\u017awienie.<br \/>&nbsp; &nbsp; &nbsp; &nbsp;W<br \/>\npracy Ty\u015b och\u0142od\u0105,<br \/>&nbsp; &nbsp; &nbsp; &nbsp;W<br \/>\nskwarze \u017cyw\u0105 wod\u0105,<br \/>&nbsp; &nbsp; &nbsp; &nbsp;W<br \/>\np\u0142aczu utulenie.<br \/>\n\u015awiat\u0142o\u015bci<br \/>\nnaj\u015bwi\u0119tsza,<br \/>\nSerc<br \/>\nwierz\u0105cych wn\u0119trza<br \/>\nPoddaj<br \/>\nTwej pot\u0119dze.<br \/>&nbsp; &nbsp; &nbsp; &nbsp;Bez<br \/>\nTwojego tchnienia<br \/>&nbsp; &nbsp; &nbsp; &nbsp;C\u00f3\u017c<br \/>\njest w\u015br\u00f3d stworzenia?<br \/>&nbsp; &nbsp; &nbsp; &nbsp;Jeno<br \/>\ncier\u0144 i n\u0119dze.<br \/>\nObmyj,<br \/>\nco nie\u015bwi\u0119te,<br \/>\nOsch\u0142ym<br \/>\nwlej zach\u0119t\u0119,<br \/>\nUlecz<br \/>\nserca ran\u0119.<br \/>&nbsp; &nbsp; &nbsp; &nbsp;Nagnij,<br \/>\nco jest harde,<br \/>&nbsp; &nbsp; &nbsp; &nbsp;Rozgrzej<br \/>\nserca twarde,<br \/>&nbsp; &nbsp; &nbsp; &nbsp;Prowad\u017a<br \/>\nzab\u0142\u0105kane.<br \/>\nDaj<br \/>\nTwoim wierz\u0105cym,<br \/>\nW<br \/>\nTobie ufaj\u0105cym,<br \/>\nSiedmiorakie<br \/>\ndary.<br \/>&nbsp; &nbsp; &nbsp; &nbsp;Daj<br \/>\nzas\u0142ug\u0119 m\u0119stwa,<br \/>&nbsp; &nbsp; &nbsp; &nbsp;Daj<br \/>\nwieniec zwyci\u0119stwa,<br \/>&nbsp; &nbsp; &nbsp; &nbsp;Daj<br \/>\nszcz\u0119\u015bcie bez miary. <\/b>\n<\/div>\n<div align=\"justify\" style=\"line-height: 150%; margin-bottom: 0cm;\">\n<\/div>\n<div align=\"justify\" style=\"line-height: 150%; margin-bottom: 0cm;\">\n<b>S\u0141OWA<br \/>\nEWANGELII WED\u0141UG \u015aWI\u0118TEGO JANA:<\/b><\/div>\n<div align=\"justify\" style=\"line-height: 150%; margin-bottom: 0cm; page-break-before: auto; text-indent: 1.3cm;\">\n<b>Wieczorem<br \/>\nw dniu zmartwychwstania, tam gdzie przebywali uczniowie, drzwi by\u0142y<br \/>\nzamkni\u0119te z obawy przed \u017bydami. Przyszed\u0142 Jezus, stan\u0105\u0142 po\u015brodku<br \/>\ni rzek\u0142 do nich: \u201ePok\u00f3j wam!\u201d A to powiedziawszy, pokaza\u0142 im<br \/>\nr\u0119ce i bok. Uradowali si\u0119 zatem uczniowie ujrzawszy Pana. <\/b>\n<\/div>\n<div align=\"justify\" style=\"line-height: 150%; margin-bottom: 0cm; text-indent: 1.3cm;\">\n<b>A<br \/>\nJezus znowu rzek\u0142 do nich: \u201ePok\u00f3j wam! Jak Ojciec Mnie pos\u0142a\u0142,<br \/>\ntak i Ja was posy\u0142am\u201d. Po tych s\u0142owach tchn\u0105\u0142 na nich i<br \/>\npowiedzia\u0142 im: \u201eWe\u017amijcie Ducha \u015awi\u0119tego. Kt\u00f3rym odpu\u015bcicie<br \/>\ngrzechy, s\u0105 im odpuszczone, a kt\u00f3rym zatrzymacie, s\u0105 im<br \/>\nzatrzymane\u201d. <\/b>\n<\/div>\n<div align=\"justify\" style=\"line-height: 150%; margin-bottom: 0cm;\">\n<\/div>\n<div align=\"justify\" style=\"line-height: 150%; margin-bottom: 0cm; page-break-before: auto; text-indent: 1.3cm;\">\nZaprawd\u0119,<br \/>\ndziwne znaki towarzyszy\u0142y przybyciu Ducha \u015awi\u0119tego do Wsp\u00f3lnoty<br \/>\napostolskiej. Oto bowiem da\u0142 si\u0119 s\u0142ysze\u0107 wielki <i><b>szum, jakby<br \/>\nuderzenie gwa\u0142townego wiatru i nape\u0142ni\u0142 ca\u0142y dom.<\/b><\/i><b> <\/b>A<br \/>\nkiedy wszyscy obecni w domu zostali nape\u0142nieni Duchem \u015awi\u0119tym,<br \/>\n<i><b>zacz\u0119li m\u00f3wi\u0107 obcymi j\u0119zykami, tak jak im Duch pozwala\u0142<br \/>\nm\u00f3wi\u0107.<\/b><\/i> Towarzyszy\u0142o temu niema\u0142e zdziwienie pobo\u017cnych<i><br \/>\n<\/i>\u017byd\u00f3w<i> <\/i><i><b>ze<br \/>\nwszystkich narod\u00f3w pod s\u0142o\u0144cem,<\/b><\/i><b> <\/b>kt\u00f3rzy akurat<br \/>\nprzebywali w Jerozolimie. Bo oto ka\u017cdy z nich us\u0142ysza\u0142 g\u0142oszone <i><b>w<br \/>\njego w\u0142asnym j\u0119zyku<\/b><\/i> \u2013 <i><b>wielkie dzie\u0142a Bo\u017ce. <\/b><\/i>\n<\/div>\n<div align=\"justify\" style=\"line-height: 150%; margin-bottom: 0cm; text-indent: 1.3cm;\">\nTak<br \/>\nto objawi\u0142o si\u0119 zst\u0105pienie Ducha \u015awi\u0119tego, w taki tajemniczy<br \/>\nspos\u00f3b Ko\u015bci\u00f3\u0142 otrzyma\u0142 jeden z najwi\u0119kszych dar\u00f3w. Trzeba<br \/>\nby\u0142o, aby wielkie Bo\u017ce sprawy, kt\u00f3re do tej pory g\u0142oszone by\u0142y w<br \/>\njednym j\u0119zyku, teraz <b>zabrzmia\u0142y w wielu j\u0119zykach,<\/b> aby Dobra<br \/>\nNowina mog\u0142a ubogaci\u0107 tak\u017ce innych.\n<\/div>\n<div align=\"justify\" style=\"line-height: 150%; margin-bottom: 0cm; text-indent: 1.3cm;\">\nSta\u0142o<br \/>\nsi\u0119 to we wsp\u00f3lnocie, Duch \u015awi\u0119ty bowiem zst\u0105pi\u0142 na Aposto\u0142\u00f3w<br \/>\nzgromadzonych w jednym miejscu. Autor Dziej\u00f3w Apostolskich nieraz<br \/>\nwspomina\u0142, \u017ce <i><b>jeden duch i jedno serce o\u017cywia\u0142y wszystkich<br \/>\nwierz\u0105cych.<\/b><\/i> A teraz ten<br \/>\njeden duch<b> zosta\u0142 wsparty Bo\u017cym Duchem,<\/b> kt\u00f3ry<br \/>\nzst\u0119puj\u0105c, nape\u0142ni\u0142 serca uczni\u00f3w odwag\u0105 i nowym zapa\u0142em.\n<\/div>\n<div align=\"justify\" style=\"line-height: 150%; margin-bottom: 0cm; text-indent: 1.3cm;\">\nBardzo<br \/>\npodobn\u0105 sytuacj\u0119 przedstawia dzisiejsza Ewangelia. Oto uczniowie<br \/>\nprzebywali <b>tak\u017ce <\/b><b>w jednym miejscu,<\/b> a do tego \u2013 jak<br \/>\ns\u0142yszeli\u015bmy \u2013 za drzwiami zamkni\u0119tymi szczelnie <i><b>z obawy<br \/>\nprzed \u017bydami.<\/b><\/i> Nie bardzo wiedzieli, co my\u015ble\u0107 o tym<br \/>\nwszystkim, czego ostatnio byli \u015bwiadkami, dlatego woleli zamkn\u0105\u0107<br \/>\nsi\u0119 w jednym miejscu i nie dawa\u0107 zbytnio znak\u00f3w \u017cycia, bo je\u017celi<br \/>\nich Mistrza spotka\u0142a \u015bmier\u0107, to c\u00f3\u017c dopiero stanie si\u0119 z nimi\u2026<\/div>\n<div align=\"justify\" style=\"line-height: 150%; margin-bottom: 0cm; text-indent: 1.3cm;\">\nI<br \/>\nw\u0142a\u015bnie do tych zastraszonych, zal\u0119knionych Aposto\u0142\u00f3w przychodzi<br \/>\nJezus, aby im powiedzie\u0107:<i> <\/i><i><b>Pok\u00f3j wam,<\/b><\/i> a tak\u017ce<br \/>\n\u2013 aby tchn\u0105\u0107 na nich i powiedzie\u0107: <i><b>We\u017amijcie Ducha<br \/>\n\u015awi\u0119tego. Kt\u00f3rym odpu\u015bcicie grzechy, s\u0105 im odpuszczone, a kt\u00f3rym<br \/>\nzatrzymacie, s\u0105 im zatrzymane.<\/b><\/i> Owo tchnienie i przekazanie<br \/>\nDucha, to jeszcze nie samo Zes\u0142anie, o kt\u00f3rym mowa w pierwszym<br \/>\nczytaniu, ale to ju\u017c jaki\u015b znak, kt\u00f3ry pozwoli\u0142 Aposto\u0142om <b>nabra\u0107<\/b><b><br \/>\nodwagi i otworzy\u0107 serc<\/b><b>a<\/b> na ten dar, kt\u00f3ry mieli otrzyma\u0107<br \/>\nza pi\u0119\u0107dziesi\u0105t dni.\n<\/div>\n<div align=\"justify\" style=\"line-height: 150%; margin-bottom: 0cm; text-indent: 1.3cm;\">\nDoznali<br \/>\nprzy tym ogromnej rado\u015bci, a ich ma\u0142a wsp\u00f3lnota, tak trwo\u017cliwie<br \/>\nskupiona w jednym pomieszczeniu, <b>poczu\u0142a si\u0119 bardzo obdar<\/b><b>owana.<\/b><br \/>\nPoczu\u0142a si\u0119 mocna. Duch \u015awi\u0119ty, zst\u0119puj\u0105c na Aposto\u0142\u00f3w, czy<br \/>\nto w dniu Zmartwychwstania, czy to w Dniu Pi\u0119\u0107dziesi\u0105tnicy \u2013<br \/>\n<b>u\u015bwi\u0119ci\u0142 wsp\u00f3lnot\u0119.<\/b> Zst\u0105pi\u0142 na tych, <b>kt\u00f3rzy trwali<br \/>\nw jedno\u015bci <\/b>\u2013 jeszcze bardzo zewn\u0119trznej, jeszcze bardzo<br \/>\ntrwo\u017cliwej\u2026  Duch \u015awi\u0119ty poprzez swoje przyj\u015bcie u\u015bwi\u0119ci\u0142 t\u0119<br \/>\njedno\u015b\u0107, czyni\u0105c z niej jedno\u015b\u0107 prawdziw\u0105, jedno\u015b\u0107<br \/>\nwewn\u0119trzn\u0105, jedno\u015b\u0107 mocn\u0105!<\/div>\n<div align=\"justify\" style=\"line-height: 150%; margin-bottom: 0cm; text-indent: 1.3cm;\">\n<i><b>Podobnie,<br \/>\njak jedno jest cia\u0142o, cho\u0107 sk\u0142ada si\u0119 z wielu cz\u0142onk\u00f3w, a<br \/>\nwszystkie cz\u0142onki cia\u0142a, <\/b><\/i><i><b>m<\/b><\/i><i><b>imo, i\u017c s\u0105<br \/>\nliczne, stanowi\u0105 jedno cia\u0142o, tak te\u017c jest i z Chrystusem.<br \/>\nWszyscy\u015bmy bowiem w jednym Duchu zostali <\/b><\/i><i><b>ochrzcze<\/b><\/i><i><b>ni,<br \/>\naby stanowi\u0107 jedno cia\u0142o: czy to \u017bydzi, czy Grecy, czy to<br \/>\nni<\/b><\/i><i><b>e<\/b><\/i><i><b>wolnicy, czy wolni. Wszyscy\u015bmy te\u017c<br \/>\nzostali napojeni jednym Duchem<\/b><\/i><i> <\/i><i>\u2013<\/i> takie s\u0142owa<br \/>\nskierowa\u0142 Aposto\u0142 Pawe\u0142 do Koryntian, a my us\u0142yszeli\u015bmy je<br \/>\ndzisiaj w drugim czytaniu.\n<\/div>\n<div align=\"justify\" style=\"line-height: 150%; margin-bottom: 0cm; text-indent: 1.3cm;\">\nLiczne<br \/>\ncz\u0142onki cia\u0142a, a do tego spe\u0142niaj\u0105ce r\u00f3\u017cne funkcje \u2013 co tak\u017ce<br \/>\n\u015awi\u0119ty Pawe\u0142 na innym miejscu podkre\u015bli\u0142 \u2013 stanowi\u0105 jeden<br \/>\norganizm, a ka\u017cdy z nich <b>w inny spos\u00f3b<\/b> przyczynia si\u0119 do<br \/>\nbudowania jedno\u015bci. Duch, kt\u00f3ry o\u017cywia organizm, sprawia, \u017ce<br \/>\nwszystkie cz\u0142onki <b>wsp\u00f3\u0142dzia\u0142aj\u0105 we wspania\u0142ej harmonii.<\/b><br \/>\nTak te\u017c by\u0142o w Gronie apostolskim i we Wsp\u00f3lnocie m\u0142odego<br \/>\nKo\u015bcio\u0142a.\n<\/div>\n<div align=\"justify\" style=\"line-height: 150%; margin-bottom: 0cm; text-indent: 1.3cm;\">\nKa\u017cdy<br \/>\nz Aposto\u0142\u00f3w prezentowa\u0142 inny styl, ka\u017cdy z nich inaczej<br \/>\npodchodzi\u0142 do \u017cycia, mia\u0142 inny temperament, inny poziom<br \/>\nintelektualny,<b> <\/b><b>inne \u017cyciowe do\u015bwiadczenia\u2026<\/b> Nawet \u2013<br \/>\nbardzo r\u00f3\u017cny wiek. I z tych to w\u0142a\u015bnie Aposto\u0142\u00f3w, z tych tak<br \/>\nbardzo r\u00f3\u017cni\u0105cych si\u0119 od siebie ludzi \u2013 <b>Duch \u015awi\u0119ty<br \/>\nuczyni\u0142 jedno\u015b\u0107,<\/b> uczyni\u0142 prawdziw\u0105 wsp\u00f3lnot\u0119, zachowuj\u0105c<br \/>\nprzy tym odr\u0119bno\u015b\u0107 ka\u017cdego z nich.\n<\/div>\n<div align=\"justify\" style=\"line-height: 150%; margin-bottom: 0cm; text-indent: 1.3cm;\">\nBo<br \/>\nna tym polega jedno\u015b\u0107, kt\u00f3rej sprawc\u0105 jest Duch \u015awi\u0119ty \u2013<br \/>\n<b>pole<\/b><b>ga ona na r\u00f3\u017cnorodno\u015bci.<\/b> Duch \u015awi\u0119ty w swojej<br \/>\nm\u0105dro\u015bci sprawia, i\u017c ludzie tak bardzo r\u00f3\u017cni\u0105cy si\u0119 pomi\u0119dzy<br \/>\nsob\u0105 \u2013 <b>z<\/b><b>espalaj\u0105 si\u0119 w jedno.<\/b> Potrafi\u0105 si\u0119<br \/>\ndogada\u0107, potrafi\u0105 sobie wybacza\u0107, potrafi\u0105 wsp\u00f3\u0142pracowa\u0107 w<br \/>\npomna\u017caniu tego, co dobre; potrafi\u0105 zauwa\u017ca\u0107 to, co<br \/>\nnajwa\u017cniejsze, a pomija\u0107 to, co nieistotne. A poza tym \u2013 <b>p<\/b><b>otrafi\u0105<br \/>\nsi\u0119 cieszy\u0107 d<\/b><b>obrami<\/b><b>,<\/b> kt\u00f3re ka\u017cdy z nich posiada<br \/>\ni potrafi\u0105 si\u0119 nimi nawzajem obdarowywa\u0107, a nie tylko ich sobie<br \/>\nzazdro\u015bci\u0107.\n<\/div>\n<div align=\"justify\" style=\"line-height: 150%; margin-bottom: 0cm; text-indent: 1.3cm;\">\nNie<br \/>\nna tym bowiem polega prawdziwa jedno\u015b\u0107, aby wszyscy byli tacy sami<br \/>\ni tak samo my\u015bleli, i tak samo post\u0119powali.<b> <\/b><b>Jedno\u015b\u0107 \u2013<br \/>\nto nie i<\/b><b>den<\/b><b>tyczno\u015b\u0107!<\/b> Kto\u015b kiedy\u015b nawet<br \/>\npowiedzia\u0142, \u017ce wielkim darem Bo\u017cym, kt\u00f3ry jeszcze jest zbyt ma\u0142o<br \/>\npowszechnie doceniany, jest to, <b>i\u017c wszyscy jeste\u015bmy inni,<br \/>\njest<\/b><b>e<\/b><b>\u015bmy r\u00f3\u017cni.<\/b> Na tym polega Bo\u017ca m\u0105dro\u015b\u0107,<br \/>\n\u017ce wszyscy jeste\u015bmy r\u00f3\u017cni, \u017ce ka\u017cdy z nas inaczej zosta\u0142 przez<br \/>\nBoga obdarowany. I chyba na tym polega ca\u0142e pi\u0119kno Bo\u017cego zamys\u0142u,<br \/>\ni\u017c ka\u017cdy z nas <b>co innego mo\u017ce zaoferowa\u0107 tym,<\/b> w\u015br\u00f3d<br \/>\nkt\u00f3rych \u017cyje.\n<\/div>\n<div align=\"justify\" style=\"line-height: 150%; margin-bottom: 0cm; text-indent: 1.3cm;\">\nA<br \/>\ntymczasem, nierzadko zdarza si\u0119, i\u017c ludzie odpowiedzialni w jaki\u015b<br \/>\nspos\u00f3b za wychowanie czy za budowanie jedno\u015bci chcieliby, aby<br \/>\nwszyscy dooko\u0142a <b>my\u015bleli<\/b> tak, jak oni; to samo <b>robili,<\/b><br \/>\nco oni; tak samo, jak oni, <b>p<\/b><b>atrzyli na \u015bwiat.<\/b> Chyba<br \/>\nwszyscy musimy sobie u\u015bwiadomi\u0107, \u017ce jeszcze wci\u0105\u017c jest nam<br \/>\ntrudno przyj\u0105\u0107 zdanie i opini\u0119 innych, \u017ce <b>jest nam trudno<br \/>\nprzyzna\u0107 racj\u0119<\/b> komu\u015b, kto inaczej, ni\u017c my, my\u015bli lub si\u0119<br \/>\nwypowiada.\n<\/div>\n<div align=\"justify\" style=\"line-height: 150%; margin-bottom: 0cm; text-indent: 1.3cm;\">\nJeszcze<br \/>\nwci\u0105\u017c tak trudno nam uwierzy\u0107, \u017ce inni, kt\u00f3rzy robi\u0105 co\u015b<br \/>\ninaczej ni\u017c my \u2013<b> te\u017c mog\u0105 robi\u0107 to dobrze!<\/b> Prawdziwa<br \/>\njedno\u015b\u0107, kt\u00f3r\u0105 wprowadza Duch \u015awi\u0119ty, polega w\u0142a\u015bnie na tym,<br \/>\n\u017ce ka\u017cdy potrafi <b>korzysta\u0107 z dobrych dar\u00f3w innych;<\/b> \u017ce<br \/>\ntalenty, jakie ka\u017cdy z nas posiada, nie s\u0105 powodem do rywalizacji<br \/>\nczy zazdro\u015bci, ale sposobem s\u0142u\u017cby drugiemu.\n<\/div>\n<div align=\"justify\" style=\"line-height: 150%; margin-bottom: 0cm; text-indent: 1.3cm;\">\nZauwa\u017cmy,<br \/>\nDobra Nowina, kt\u00f3ra do tej pory g\u0142oszona by\u0142a przez Jezusa i Jego<br \/>\nnajbli\u017cszych w jednym j\u0119zyku i niejako w jeden spos\u00f3b \u2013 teraz ma<br \/>\nby\u0107 g\u0142oszona <b>r\u00f3\u017cnymi j\u0119zykami po ca\u0142ej ziemi.<\/b> Ale to nie<br \/>\noznacza, \u017ce <b>zmieni si\u0119 tre\u015b\u0107<\/b> nauki wiary. Na<br \/>\npewno \u2013 nie! Ta pozostanie niezmienna. Ale nic nie<br \/>\nprzeszkadza, aby by\u0142a g\u0142oszona w r\u00f3\u017cnorodny spos\u00f3b.<\/div>\n<div align=\"justify\" style=\"line-height: 150%; margin-bottom: 0cm; text-indent: 1.3cm;\">\nKiedy<br \/>\ntak zaczniemy patrze\u0107 na spraw\u0119, wtedy b\u0119dziemy mieli serce<br \/>\notwarte na dar Ducha \u015awi\u0119tego. Poniewa\u017c Duch ten ogarnia ludzkie<br \/>\nserca, ale te\u017c <b>oczekuje z naszej strony wsp\u00f3\u0142pracy;<\/b><br \/>\noczekuje, \u017ce my sami skorzystamy z tego daru. On nie dzia\u0142a na<br \/>\nsi\u0142\u0119. On proponuje \u2013 nie zmusza. Tym jednak, kt\u00f3rzy chc\u0105<br \/>\nprzyj\u0105\u0107 Jego dar, daje bardzo du\u017co.\n<\/div>\n<div align=\"justify\" style=\"line-height: 150%; margin-bottom: 0cm; text-indent: 1.3cm;\">\nPrzychodzi<br \/>\ndo nas i spotyka takie czy inne wsp\u00f3lnoty. Widzi nasz\u0105 Wsp\u00f3lnot\u0119<br \/>\nparafialn\u0105, widzi nasze wsp\u00f3lnoty rodzinne, nasze wsp\u00f3lnoty<br \/>\nszkolne, klasowe; widzi nasze wsp\u00f3lnoty w pracy. Widzi ludzi<br \/>\nb\u0119d\u0105cych ze sob\u0105 razem, na jednym miejscu, <b>kt\u00f3rzy nie zawsze<br \/>\nmog\u0105 okre\u015bli\u0107 si\u0119 mianem wsp\u00f3lnoty.<\/b> Bo pomimo tego, \u017ce<br \/>\nprzebywaj\u0105 razem, na jednym miejscu, to s\u0105 do siebie nastawieni<br \/>\nwrogo, podejrzliwie, a mo\u017ce obawiaj\u0105 si\u0119 siebie nawzajem, a mo\u017ce<br \/>\nzazdroszcz\u0105 sobie lepszej pozycji czy wi\u0119kszych tak zwanych<br \/>\n\u201echod\u00f3w\u201d u szefa\u2026\n<\/div>\n<div align=\"justify\" style=\"line-height: 150%; margin-bottom: 0cm; text-indent: 1.3cm;\">\nNasze<br \/>\nwsp\u00f3lnoty rodzinne tak\u017ce nie zawsze o\u017cywione s\u0105 dobrym duchem,<br \/>\n<b>r\u00f3\u017cne \u201educhy\u201d tam kr\u0105\u017c\u0105:<\/b> nie brak ducha k\u0142\u00f3tni,<br \/>\npija\u0144stwa, zap\u0119dzenia za \u201etysi\u0105cem spraw\u201d kosztem rodziny; nie<br \/>\nbrak ducha tego \u015bwiata, wyra\u017caj\u0105cego si\u0119 w nadmiernym<br \/>\nzaabsorbowaniem sprawami codziennymi \u2013 <b>kosztem modlitwy i<br \/>\nspokojnej rozmowy\u2026<\/b> Te nasze ma\u0142e wsp\u00f3lnoty, przebywaj\u0105ce w<br \/>\njednym miejscu, zjednoczone wi\u0119zami krwi lub wi\u0119zami wsp\u00f3lnej<br \/>\npracy, wsp\u00f3lnej nauki, wsp\u00f3lnych zainteresowa\u0144 \u2013 te nasze<br \/>\nwsp\u00f3lnoty <b>dostrzega <\/b><b>dzi\u015b <\/b><b>i nape\u0142nia Duch \u015awi\u0119ty.<\/b><\/div>\n<div align=\"justify\" style=\"line-height: 150%; margin-bottom: 0cm; text-indent: 1.3cm;\">\nI<br \/>\nto w\u0142a\u015bnie On wprowadza dobr\u0105 atmosfer\u0119 mi\u0142o\u015bci i zgody w<br \/>\nrodzinie, to w\u0142a\u015bnie On podpowie <b>rodzicom,<\/b> aby ws\u0142uchali<br \/>\nsi\u0119 uwa\u017cnie w problemy swoich dzieci, a jednocze\u015bnie \u2013 kiedy ju\u017c<br \/>\nte dorastaj\u0105 \u2013 aby uczyli ich dokonywania m\u0105drych samodzielnych<br \/>\nwybor\u00f3w w \u017cyciu. To w\u0142a\u015bnie On, Duch m\u0105dro\u015bci, podpowie<br \/>\n<b>dzieciom,<\/b> nawet tym ju\u017c dorastaj\u0105cym, aby z wielkim<br \/>\nszacunkiem i uwag\u0105 <b>s\u0142uchali rad <\/b>swoich rodzic\u00f3w i<br \/>\nkorzystali z ich do\u015bwiadcze\u0144.\n<\/div>\n<div align=\"justify\" style=\"line-height: 150%; margin-bottom: 0cm; text-indent: 1.3cm;\">\nTo<br \/>\nw\u0142a\u015bnie Duch \u015awi\u0119ty zaprowadzi prawdziw\u0105 wsp\u00f3lnot\u0119 w klasie,<br \/>\nczy w miejscu pracy i pozwoli <b>dostrzec wielkie bogactwo,<\/b> jakie<br \/>\ndla wszystkich p\u0142ynie st\u0105d, \u017ce ka\u017cdy jest inny i prezentuje inne<br \/>\nwarto\u015bci, a jednocze\u015bnie \u2013 <b>m<\/b><b>a tak du\u017co do<br \/>\nzaoferowania!<\/b> To w\u0142a\u015bnie On, Duch mocy, pozwoli wyzby\u0107 si\u0119<br \/>\nstrachu i wzajemnej podejrzliwo\u015bci, wzajemnej zazdro\u015bci o to, \u017ce<br \/>\njednemu lepiej si\u0119 powodzi w tym, a drugiemu w tamtym\u2026<\/div>\n<div align=\"justify\" style=\"line-height: 150%; margin-bottom: 0cm; text-indent: 1.3cm;\">\nTo<br \/>\nw\u0142a\u015bnie Duch Bo\u017cy, Duch \u015awi\u0119ty, otworzy nasze oczy na to, \u017ce w<br \/>\ndrugim cz\u0142owieku naprawd\u0119 mo\u017cemy dostrzega\u0107 kogo\u015b nam bardzo<br \/>\nbliskiego \u2013 i potrzebnego zarazem. Duch Bo\u017cy ma nam du\u017co do<br \/>\nzaoferowania. Przede wszystkim \u2013 chce stale <b>przemienia\u0107 n<\/b><b>aszego<br \/>\nducha<\/b> i czyni\u0107 z niego ducha dobrego, ducha mi\u0142o\u015bci, wzajemnej<br \/>\nwyrozumia\u0142o\u015bci; ducha wzajemnego wybaczenia. Nie b\u00f3jmy si\u0119 o to<br \/>\nprosi\u0107 Ducha Bo\u017cego! <b>Nie b\u00f3jmy si\u0119 podda\u0107 Jego dzia\u0142aniu!<\/b><br \/>\nNie b\u00f3jmy si\u0119 podda\u0107 Jego \u0142asce! Niech On nas przemienia, niech<br \/>\nnas nape\u0142nia, niech da nam to wszystko, co tylko potrzebne jest do<br \/>\npoprawienia atmosfery w naszych domach, w naszej miejscowo\u015bci, w<br \/>\nnaszej Parafii.\n<\/div>\n<div align=\"justify\" style=\"line-height: 150%; margin-bottom: 0cm; text-indent: 1.3cm;\">\nBo<br \/>\nprzecie\u017c <i><b>r\u00f3\u017cne s\u0105 dary \u0142aski, lecz ten sam Duch; r\u00f3\u017cne<br \/>\ns\u0105 te\u017c rodzaje pos\u0142ugiwania, ale jeden Pan; r\u00f3\u017cne s\u0105 wreszcie<br \/>\ndzia\u0142ania, lecz ten sam B\u00f3g, sprawca wszystkiego we wszystkich<\/b><\/i><br \/>\n\u2013 jak pisa\u0142 Pawe\u0142 do Koryntian.\n<\/div>\n<div align=\"justify\" style=\"line-height: 150%; margin-bottom: 0cm; text-indent: 1.3cm;\">\nDuchu<br \/>\n\u015awi\u0119ty, przyjd\u017a, prosimy \u2013 i pozw\u00f3l nam to w\u0142a\u015bnie dostrzec,<br \/>\n\u017ce cho\u0107 jeste\u015bmy tak bardzo r\u00f3\u017cni, tak bardzo inni, tak <b>bardzo<br \/>\ninaczej obdarowani, <\/b>i<br \/>\nnawet w jednym domu i w jednym rodze\u0144stwie r\u00f3\u017cnimy si\u0119 mi\u0119dzy<br \/>\nsob\u0105, to przecie\u017c jeste\u015bmy jedno\u015bci\u0105, jeste\u015bmy wsp\u00f3lnot\u0105,<br \/>\nje\u017celi Ty sam jeste\u015b pomi\u0119dzy nami.\n<\/div>\n<div align=\"justify\" style=\"line-height: 150%; margin-bottom: 0cm; text-indent: 1.3cm;\">\n<b>Przyjd\u017a,<br \/>\nDuchu \u015awi\u0119ty, nape\u0142nij serca Twoich wiernych i zapal w nich <\/b><b>o<\/b><b>gie\u0144<br \/>\nswojej mi\u0142o\u015bci!<\/b><\/div>\n<div align=\"justify\" style=\"line-height: 150%; margin-bottom: 0cm; text-indent: 1.3cm;\">\nDaj<br \/>\nTwoim wierz\u0105cym, Tobie ufaj\u0105cym, siedmiorakie dary! Daj zas\u0142ug\u0119<br \/>\nm\u0119stwa, daj wieniec zwyci\u0119stwa, <b>d<\/b><b>aj szcz\u0119\u015bcie bez<br \/>\nmiary!<\/b><\/div>\n","protected":false},"excerpt":{"rendered":"<p>Niech b\u0119dzie pochwalony Jezus Chrystus! Moi Drodzy, w dniu dzisiejszym imieniny obchodz\u0105: Karol Kulikowski, za moich czas\u00f3w &#8211; Lektor w Radory\u017cu Ko\u015bcielnym; oraz Karol Bisek \u2013 w swoim czasie nale\u017c\u0105cy do Wsp\u00f3lnoty m\u0142odzie\u017cowej w Serokomli. Urodziny za\u015b obchodzi Ma\u0142gorzata Osypiuk \u2013 z niegdysiejszej Wsp\u00f3lnoty m\u0142odzie\u017cowej w Bia\u0142ej Podlaskiej. \u017bycz\u0119 Solenizantom i Jubilatce jak najszerszego otwarcia [&hellip;]<\/p>\n","protected":false},"author":1,"featured_media":0,"comment_status":"open","ping_status":"open","sticky":false,"template":"","format":"standard","meta":{"jetpack_post_was_ever_published":false,"_jetpack_newsletter_access":"","_jetpack_dont_email_post_to_subs":false,"_jetpack_newsletter_tier_id":0,"_jetpack_memberships_contains_paywalled_content":false,"_jetpack_memberships_contains_paid_content":false,"footnotes":""},"categories":[1],"tags":[],"class_list":["post-7640","post","type-post","status-publish","format-standard","hentry","category-bez-kategorii"],"yoast_head":"<!-- This site is optimized with the Yoast SEO plugin v25.1 - https:\/\/yoast.com\/wordpress\/plugins\/seo\/ -->\n<title>Kiedy nadszed\u0142 dzie\u0144 Pi\u0119\u0107dziesi\u0105tnicy... - Gaudium Et Spes<\/title>\n<meta name=\"robots\" content=\"index, follow, max-snippet:-1, max-image-preview:large, max-video-preview:-1\" \/>\n<link rel=\"canonical\" href=\"https:\/\/gaudiumetspes-blog.pl\/index.php\/2017\/06\/04\/kiedy-nadszed-dzien-piecdziesiatnicy-2\/\" \/>\n<meta property=\"og:locale\" content=\"pl_PL\" \/>\n<meta property=\"og:type\" content=\"article\" \/>\n<meta property=\"og:title\" content=\"Kiedy nadszed\u0142 dzie\u0144 Pi\u0119\u0107dziesi\u0105tnicy... - Gaudium Et Spes\" \/>\n<meta property=\"og:description\" content=\"Niech b\u0119dzie pochwalony Jezus Chrystus! Moi Drodzy, w dniu dzisiejszym imieniny obchodz\u0105: Karol Kulikowski, za moich czas\u00f3w &#8211; Lektor w Radory\u017cu Ko\u015bcielnym; oraz Karol Bisek \u2013 w swoim czasie nale\u017c\u0105cy do Wsp\u00f3lnoty m\u0142odzie\u017cowej w Serokomli. Urodziny za\u015b obchodzi Ma\u0142gorzata Osypiuk \u2013 z niegdysiejszej Wsp\u00f3lnoty m\u0142odzie\u017cowej w Bia\u0142ej Podlaskiej. \u017bycz\u0119 Solenizantom i Jubilatce jak najszerszego otwarcia [&hellip;]\" \/>\n<meta property=\"og:url\" content=\"https:\/\/gaudiumetspes-blog.pl\/index.php\/2017\/06\/04\/kiedy-nadszed-dzien-piecdziesiatnicy-2\/\" \/>\n<meta property=\"og:site_name\" content=\"Gaudium Et Spes\" \/>\n<meta property=\"article:published_time\" content=\"2017-06-04T01:18:00+00:00\" \/>\n<meta property=\"article:modified_time\" content=\"2019-07-31T10:56:55+00:00\" \/>\n<meta name=\"author\" content=\"Ks. Jacek\" \/>\n<meta name=\"twitter:card\" content=\"summary_large_image\" \/>\n<meta name=\"twitter:label1\" content=\"Napisane przez\" \/>\n\t<meta name=\"twitter:data1\" content=\"Ks. Jacek\" \/>\n\t<meta name=\"twitter:label2\" content=\"Szacowany czas czytania\" \/>\n\t<meta name=\"twitter:data2\" content=\"13 minut\" \/>\n<script type=\"application\/ld+json\" class=\"yoast-schema-graph\">{\"@context\":\"https:\/\/schema.org\",\"@graph\":[{\"@type\":\"WebPage\",\"@id\":\"https:\/\/gaudiumetspes-blog.pl\/index.php\/2017\/06\/04\/kiedy-nadszed-dzien-piecdziesiatnicy-2\/\",\"url\":\"https:\/\/gaudiumetspes-blog.pl\/index.php\/2017\/06\/04\/kiedy-nadszed-dzien-piecdziesiatnicy-2\/\",\"name\":\"Kiedy nadszed\u0142 dzie\u0144 Pi\u0119\u0107dziesi\u0105tnicy... - Gaudium Et Spes\",\"isPartOf\":{\"@id\":\"https:\/\/gaudiumetspes-blog.pl\/#website\"},\"datePublished\":\"2017-06-04T01:18:00+00:00\",\"dateModified\":\"2019-07-31T10:56:55+00:00\",\"author\":{\"@id\":\"https:\/\/gaudiumetspes-blog.pl\/#\/schema\/person\/1661982992b752dea8dff0d4ed845a65\"},\"breadcrumb\":{\"@id\":\"https:\/\/gaudiumetspes-blog.pl\/index.php\/2017\/06\/04\/kiedy-nadszed-dzien-piecdziesiatnicy-2\/#breadcrumb\"},\"inLanguage\":\"pl-PL\",\"potentialAction\":[{\"@type\":\"ReadAction\",\"target\":[\"https:\/\/gaudiumetspes-blog.pl\/index.php\/2017\/06\/04\/kiedy-nadszed-dzien-piecdziesiatnicy-2\/\"]}]},{\"@type\":\"BreadcrumbList\",\"@id\":\"https:\/\/gaudiumetspes-blog.pl\/index.php\/2017\/06\/04\/kiedy-nadszed-dzien-piecdziesiatnicy-2\/#breadcrumb\",\"itemListElement\":[{\"@type\":\"ListItem\",\"position\":1,\"name\":\"Strona g\u0142\u00f3wna\",\"item\":\"https:\/\/gaudiumetspes-blog.pl\/\"},{\"@type\":\"ListItem\",\"position\":2,\"name\":\"Kiedy nadszed\u0142 dzie\u0144 Pi\u0119\u0107dziesi\u0105tnicy&#8230;\"}]},{\"@type\":\"WebSite\",\"@id\":\"https:\/\/gaudiumetspes-blog.pl\/#website\",\"url\":\"https:\/\/gaudiumetspes-blog.pl\/\",\"name\":\"Gaudium Et Spes\",\"description\":\"Blog Ks. Jacka Ja\u015bkowskiego\",\"potentialAction\":[{\"@type\":\"SearchAction\",\"target\":{\"@type\":\"EntryPoint\",\"urlTemplate\":\"https:\/\/gaudiumetspes-blog.pl\/?s={search_term_string}\"},\"query-input\":{\"@type\":\"PropertyValueSpecification\",\"valueRequired\":true,\"valueName\":\"search_term_string\"}}],\"inLanguage\":\"pl-PL\"},{\"@type\":\"Person\",\"@id\":\"https:\/\/gaudiumetspes-blog.pl\/#\/schema\/person\/1661982992b752dea8dff0d4ed845a65\",\"name\":\"Ks. Jacek\",\"image\":{\"@type\":\"ImageObject\",\"inLanguage\":\"pl-PL\",\"@id\":\"https:\/\/gaudiumetspes-blog.pl\/#\/schema\/person\/image\/\",\"url\":\"https:\/\/gaudiumetspes-blog.pl\/wp-content\/uploads\/2019\/07\/avatar-JJ-150x150.jpg\",\"contentUrl\":\"https:\/\/gaudiumetspes-blog.pl\/wp-content\/uploads\/2019\/07\/avatar-JJ-150x150.jpg\",\"caption\":\"Ks. Jacek\"},\"description\":\"Witam serdecznie! K\u0142ania si\u0119 Ks. Jacek Ja\u015bkowski. Nie jestem ani kim\u015b wa\u017cnym, ani kim\u015b znanym. Jestem ksi\u0119dzem, kt\u00f3ry po prostu chce rozmawia\u0107. Codzienna kap\u0142a\u0144ska pos\u0142uga pokazuje mi, \u017ce temat\u00f3w do rozm\u00f3w z ksi\u0119dzem jest coraz wi\u0119cej i dzisiaj \u017caden ksi\u0105dz nie mo\u017ce od nich ucieka\u0107, ale - wprost przeciwnie - podejmowa\u0107 nowe wyzwania. To przekonanie sk\u0142oni\u0142o mnie do pr\u00f3by otwarcia tego\u017c bloga, chocia\u017c okazji do rozm\u00f3w na co dzie\u0144 - w konfesjonale i poza nim - na szcz\u0119\u015bcie nie brakuje. My\u015bl\u0119 jednak, \u017ce ten blog b\u0119dzie jeszcze jednym sposobem i przestrzeni\u0105 nawi\u0105zania kontaktu z lud\u017ami dobrej woli, otwartymi na dialog.\",\"url\":\"https:\/\/gaudiumetspes-blog.pl\/index.php\/author\/ks-jacek\/\"}]}<\/script>\n<!-- \/ Yoast SEO plugin. -->","yoast_head_json":{"title":"Kiedy nadszed\u0142 dzie\u0144 Pi\u0119\u0107dziesi\u0105tnicy... - Gaudium Et Spes","robots":{"index":"index","follow":"follow","max-snippet":"max-snippet:-1","max-image-preview":"max-image-preview:large","max-video-preview":"max-video-preview:-1"},"canonical":"https:\/\/gaudiumetspes-blog.pl\/index.php\/2017\/06\/04\/kiedy-nadszed-dzien-piecdziesiatnicy-2\/","og_locale":"pl_PL","og_type":"article","og_title":"Kiedy nadszed\u0142 dzie\u0144 Pi\u0119\u0107dziesi\u0105tnicy... - Gaudium Et Spes","og_description":"Niech b\u0119dzie pochwalony Jezus Chrystus! Moi Drodzy, w dniu dzisiejszym imieniny obchodz\u0105: Karol Kulikowski, za moich czas\u00f3w &#8211; Lektor w Radory\u017cu Ko\u015bcielnym; oraz Karol Bisek \u2013 w swoim czasie nale\u017c\u0105cy do Wsp\u00f3lnoty m\u0142odzie\u017cowej w Serokomli. Urodziny za\u015b obchodzi Ma\u0142gorzata Osypiuk \u2013 z niegdysiejszej Wsp\u00f3lnoty m\u0142odzie\u017cowej w Bia\u0142ej Podlaskiej. \u017bycz\u0119 Solenizantom i Jubilatce jak najszerszego otwarcia [&hellip;]","og_url":"https:\/\/gaudiumetspes-blog.pl\/index.php\/2017\/06\/04\/kiedy-nadszed-dzien-piecdziesiatnicy-2\/","og_site_name":"Gaudium Et Spes","article_published_time":"2017-06-04T01:18:00+00:00","article_modified_time":"2019-07-31T10:56:55+00:00","author":"Ks. Jacek","twitter_card":"summary_large_image","twitter_misc":{"Napisane przez":"Ks. Jacek","Szacowany czas czytania":"13 minut"},"schema":{"@context":"https:\/\/schema.org","@graph":[{"@type":"WebPage","@id":"https:\/\/gaudiumetspes-blog.pl\/index.php\/2017\/06\/04\/kiedy-nadszed-dzien-piecdziesiatnicy-2\/","url":"https:\/\/gaudiumetspes-blog.pl\/index.php\/2017\/06\/04\/kiedy-nadszed-dzien-piecdziesiatnicy-2\/","name":"Kiedy nadszed\u0142 dzie\u0144 Pi\u0119\u0107dziesi\u0105tnicy... - Gaudium Et Spes","isPartOf":{"@id":"https:\/\/gaudiumetspes-blog.pl\/#website"},"datePublished":"2017-06-04T01:18:00+00:00","dateModified":"2019-07-31T10:56:55+00:00","author":{"@id":"https:\/\/gaudiumetspes-blog.pl\/#\/schema\/person\/1661982992b752dea8dff0d4ed845a65"},"breadcrumb":{"@id":"https:\/\/gaudiumetspes-blog.pl\/index.php\/2017\/06\/04\/kiedy-nadszed-dzien-piecdziesiatnicy-2\/#breadcrumb"},"inLanguage":"pl-PL","potentialAction":[{"@type":"ReadAction","target":["https:\/\/gaudiumetspes-blog.pl\/index.php\/2017\/06\/04\/kiedy-nadszed-dzien-piecdziesiatnicy-2\/"]}]},{"@type":"BreadcrumbList","@id":"https:\/\/gaudiumetspes-blog.pl\/index.php\/2017\/06\/04\/kiedy-nadszed-dzien-piecdziesiatnicy-2\/#breadcrumb","itemListElement":[{"@type":"ListItem","position":1,"name":"Strona g\u0142\u00f3wna","item":"https:\/\/gaudiumetspes-blog.pl\/"},{"@type":"ListItem","position":2,"name":"Kiedy nadszed\u0142 dzie\u0144 Pi\u0119\u0107dziesi\u0105tnicy&#8230;"}]},{"@type":"WebSite","@id":"https:\/\/gaudiumetspes-blog.pl\/#website","url":"https:\/\/gaudiumetspes-blog.pl\/","name":"Gaudium Et Spes","description":"Blog Ks. Jacka Ja\u015bkowskiego","potentialAction":[{"@type":"SearchAction","target":{"@type":"EntryPoint","urlTemplate":"https:\/\/gaudiumetspes-blog.pl\/?s={search_term_string}"},"query-input":{"@type":"PropertyValueSpecification","valueRequired":true,"valueName":"search_term_string"}}],"inLanguage":"pl-PL"},{"@type":"Person","@id":"https:\/\/gaudiumetspes-blog.pl\/#\/schema\/person\/1661982992b752dea8dff0d4ed845a65","name":"Ks. Jacek","image":{"@type":"ImageObject","inLanguage":"pl-PL","@id":"https:\/\/gaudiumetspes-blog.pl\/#\/schema\/person\/image\/","url":"https:\/\/gaudiumetspes-blog.pl\/wp-content\/uploads\/2019\/07\/avatar-JJ-150x150.jpg","contentUrl":"https:\/\/gaudiumetspes-blog.pl\/wp-content\/uploads\/2019\/07\/avatar-JJ-150x150.jpg","caption":"Ks. Jacek"},"description":"Witam serdecznie! K\u0142ania si\u0119 Ks. Jacek Ja\u015bkowski. Nie jestem ani kim\u015b wa\u017cnym, ani kim\u015b znanym. Jestem ksi\u0119dzem, kt\u00f3ry po prostu chce rozmawia\u0107. Codzienna kap\u0142a\u0144ska pos\u0142uga pokazuje mi, \u017ce temat\u00f3w do rozm\u00f3w z ksi\u0119dzem jest coraz wi\u0119cej i dzisiaj \u017caden ksi\u0105dz nie mo\u017ce od nich ucieka\u0107, ale - wprost przeciwnie - podejmowa\u0107 nowe wyzwania. To przekonanie sk\u0142oni\u0142o mnie do pr\u00f3by otwarcia tego\u017c bloga, chocia\u017c okazji do rozm\u00f3w na co dzie\u0144 - w konfesjonale i poza nim - na szcz\u0119\u015bcie nie brakuje. My\u015bl\u0119 jednak, \u017ce ten blog b\u0119dzie jeszcze jednym sposobem i przestrzeni\u0105 nawi\u0105zania kontaktu z lud\u017ami dobrej woli, otwartymi na dialog.","url":"https:\/\/gaudiumetspes-blog.pl\/index.php\/author\/ks-jacek\/"}]}},"jetpack_featured_media_url":"","jetpack_sharing_enabled":true,"_links":{"self":[{"href":"https:\/\/gaudiumetspes-blog.pl\/index.php\/wp-json\/wp\/v2\/posts\/7640","targetHints":{"allow":["GET"]}}],"collection":[{"href":"https:\/\/gaudiumetspes-blog.pl\/index.php\/wp-json\/wp\/v2\/posts"}],"about":[{"href":"https:\/\/gaudiumetspes-blog.pl\/index.php\/wp-json\/wp\/v2\/types\/post"}],"author":[{"embeddable":true,"href":"https:\/\/gaudiumetspes-blog.pl\/index.php\/wp-json\/wp\/v2\/users\/1"}],"replies":[{"embeddable":true,"href":"https:\/\/gaudiumetspes-blog.pl\/index.php\/wp-json\/wp\/v2\/comments?post=7640"}],"version-history":[{"count":1,"href":"https:\/\/gaudiumetspes-blog.pl\/index.php\/wp-json\/wp\/v2\/posts\/7640\/revisions"}],"predecessor-version":[{"id":13274,"href":"https:\/\/gaudiumetspes-blog.pl\/index.php\/wp-json\/wp\/v2\/posts\/7640\/revisions\/13274"}],"wp:attachment":[{"href":"https:\/\/gaudiumetspes-blog.pl\/index.php\/wp-json\/wp\/v2\/media?parent=7640"}],"wp:term":[{"taxonomy":"category","embeddable":true,"href":"https:\/\/gaudiumetspes-blog.pl\/index.php\/wp-json\/wp\/v2\/categories?post=7640"},{"taxonomy":"post_tag","embeddable":true,"href":"https:\/\/gaudiumetspes-blog.pl\/index.php\/wp-json\/wp\/v2\/tags?post=7640"}],"curies":[{"name":"wp","href":"https:\/\/api.w.org\/{rel}","templated":true}]}}