{"id":7661,"date":"2017-05-14T03:36:00","date_gmt":"2017-05-14T01:36:00","guid":{"rendered":"https:\/\/gaudiumetspes-blog.pl\/index.php\/2017\/05\/14\/codziennosc-przezywana-z-jezuse\/"},"modified":"2019-07-31T12:56:53","modified_gmt":"2019-07-31T10:56:53","slug":"codziennosc-przezywana-z-jezuse","status":"publish","type":"post","link":"https:\/\/gaudiumetspes-blog.pl\/index.php\/2017\/05\/14\/codziennosc-przezywana-z-jezuse\/","title":{"rendered":"Codzienno\u015b\u0107 prze\u017cywana z Jezusem"},"content":{"rendered":"<div align=\"justify\" style=\"line-height: 150%; margin-bottom: 0cm;\">\nNiech b\u0119dzie pochwalony Jezus Chrystus! Moi Drodzy, w dniu dzisiejszym <b>urodziny prze\u017cywa m\u00f3j Chrze\u015bniak i jednocze\u015bnie Brat cioteczny, Piotr Oleszczuk, za\u015b imieniny prze\u017cywaj\u0105: Maciej Przybysz, m\u00f3j &#8222;Chrze\u015bniak&#8221; z Bierzmowania i by\u0142y Lektor w Parafii w Tr\u0105bkach; Ksi\u0105dz Maciej Mi\u0119tek, z kt\u00f3rym wsp\u00f3\u0142pracowa\u0142em w Parafii Ojca Pio w Warszawie; oraz Maciej Mucha, m\u00f3j by\u0142y Ucze\u0144. \u017bycz\u0119 Wszystkim \u015bwi\u0119tuj\u0105cym tego, by zawsze umieli i chcieli stawia\u0107 Jezusa na pierwszym miejscu w swoim \u017cyciu! I o to b\u0119d\u0119 si\u0119 dla Nich modli\u0142.<\/b><\/div>\n<div align=\"justify\" style=\"line-height: 150%; margin-bottom: 0cm;\">\n&nbsp; &nbsp; &nbsp; A u nas dzisiaj, w Miastkowie, wizytacja Ksi\u0119dza Biskupa Piotra Sawczuka. Ja za\u015b cz\u0119\u015bciowo b\u0119d\u0119 w Miastkowie, a cz\u0119\u015bciowo nie, bowiem &#8211; jak wspomnia\u0142em wczoraj &#8211; w po\u0142udnie odprawi\u0119 uroczysto\u015b\u0107 odpustow\u0105 w Parafii w Tr\u0105bkach.<\/div>\n<div align=\"justify\" style=\"line-height: 150%; margin-bottom: 0cm;\">\n&nbsp; &nbsp; &nbsp; Na pi\u0119kne prze\u017cywanie dzisiejszego dnia<b> &#8211; niech Was b\u0142ogos\u0142awi B\u00f3g wszechmog\u0105cy: Ojciec + i Syn, i Duch \u015awi\u0119ty. Amen<\/b><\/div>\n<div align=\"justify\" style=\"line-height: 150%; margin-bottom: 0cm;\">\n&nbsp; &nbsp; &nbsp; &nbsp; &nbsp; &nbsp; &nbsp; &nbsp; &nbsp; &nbsp; &nbsp; &nbsp; &nbsp; &nbsp; &nbsp;Gaudium et spes! &nbsp;Ks. Jacek<\/div>\n<div align=\"justify\" style=\"line-height: 150%; margin-bottom: 0cm;\">\n<b><br \/><\/b><\/div>\n<div align=\"justify\" style=\"line-height: 150%; margin-bottom: 0cm;\">\n<b>5<br \/>\nNiedziela Wielkanocna, A,<\/b><\/div>\n<div align=\"justify\" style=\"line-height: 150%; margin-bottom: 0cm;\">\n<b>do<br \/>\nczyta\u0144:  Dz 6,1\u20137;  1 P 2,4\u20139;  J 14,1\u201312<\/b><\/div>\n<div align=\"justify\" style=\"line-height: 150%; margin-bottom: 0cm;\">\n<\/div>\n<div align=\"justify\" style=\"break-before: auto; line-height: 150%; margin-bottom: 0cm;\">\n<b>CZYTANIE<br \/>\nZ DZIEJ\u00d3W APOSTOLSKICH:<\/b><\/div>\n<div align=\"justify\" style=\"break-before: auto; line-height: 150%; margin-bottom: 0cm; text-indent: 1.3cm;\">\n<b>Gdy<br \/>\nliczba uczni\u00f3w wzrasta\u0142a, zacz\u0119li helleni\u015bci szemra\u0107 przeciwko<br \/>\nHebrajczykom, \u017ce przy codziennym rozdawaniu ja\u0142mu\u017cny zaniedbywano<br \/>\nich wdowy. <\/b>\n<\/div>\n<div align=\"justify\" style=\"line-height: 150%; margin-bottom: 0cm; text-indent: 1.3cm;\">\n<b>Dwunastu,<br \/>\nzwo\u0142awszy wszystkich uczni\u00f3w, powiedzia\u0142o: \u201eNie jest rzecz\u0105<br \/>\ns\u0142uszn\u0105, aby\u015bmy zaniedbali S\u0142owo Bo\u017ce, a obs\u0142ugiwali sto\u0142y.<br \/>\nUpatrzcie\u017c zatem, bracia, siedmiu m\u0119\u017c\u00f3w spo\u015br\u00f3d siebie,<br \/>\nciesz\u0105cych si\u0119 dobr\u0105 s\u0142aw\u0105, pe\u0142nych Ducha i m\u0105dro\u015bci. Im<br \/>\nzlecimy to zadanie. My za\u015b oddamy si\u0119 wy\u0142\u0105cznie modlitwie i<br \/>\npos\u0142udze s\u0142owa\u201d. <\/b>\n<\/div>\n<div align=\"justify\" style=\"line-height: 150%; margin-bottom: 0cm; text-indent: 1.3cm;\">\n<b>Spodoba\u0142y<br \/>\nsi\u0119 te s\u0142owa wszystkim zebranym i wybrali Szczepana, m\u0119\u017ca pe\u0142nego<br \/>\nwiary i Ducha \u015awi\u0119tego, Filipa, Prochora, Nikanora, Tymona,<br \/>\nParmenasa i Miko\u0142aja, prozelit\u0119 z Antiochii. Przedstawili ich<br \/>\nAposto\u0142om, kt\u00f3rzy modl\u0105c si\u0119 w\u0142o\u017cyli na nich r\u0119ce. <\/b>\n<\/div>\n<div align=\"justify\" style=\"line-height: 150%; margin-bottom: 0cm; text-indent: 1.3cm;\">\n<b>A<br \/>\ns\u0142owo Bo\u017ce rozszerza\u0142o si\u0119, wzrasta\u0142a te\u017c bardzo liczba uczni\u00f3w<br \/>\nw Jerozolimie, a nawet bardzo wielu kap\u0142an\u00f3w przyjmowa\u0142o wiar\u0119.<\/b><\/div>\n<div align=\"justify\" style=\"line-height: 150%; margin-bottom: 0cm;\">\n<\/div>\n<div align=\"justify\" style=\"line-height: 150%; margin-bottom: 0cm;\">\n<b>CZYTANIE<br \/>\nZ PIERWSZEGO LISTU \u015aWI\u0118TEGO PIOTRA APOSTO\u0141A: <\/b>\n<\/div>\n<div align=\"justify\" style=\"break-before: auto; line-height: 150%; margin-bottom: 0cm; text-indent: 1.3cm;\">\n<b>Najmilsi:<br \/>\nZbli\u017caj\u0105c si\u0119 do Pana, kt\u00f3ry jest \u017cywym kamieniem, odrzuconym<br \/>\nwprawdzie przez ludzi, ale u Boga wybranym i drogocennym, wy r\u00f3wnie\u017c<br \/>\nniby \u017cywe kamienie jeste\u015bcie budowani jako duchowa \u015bwi\u0105tynia, by<br \/>\nstanowi\u0107 \u015bwi\u0119te kap\u0142a\u0144stwo, dla sk\u0142adania duchowych ofiar,<br \/>\nprzyjemnych Bogu przez Jezusa Chrystusa. To bowiem zawiera si\u0119 w<br \/>\nPi\u015bmie: \u201eOto k\u0142ad\u0119 na Syjonie kamie\u0144 w\u0119gielny, wybrany,<br \/>\ndrogocenny, a kto wierzy w niego, na pewno nie zostanie zawiedziony\u201d.<br \/>\n<\/b>\n<\/div>\n<div align=\"justify\" style=\"line-height: 150%; margin-bottom: 0cm; text-indent: 1.3cm;\">\n<b>Wam<br \/>\nzatem, kt\u00f3rzy wierzycie, cze\u015b\u0107. Dla tych za\u015b, co nie wierz\u0105,<br \/>\nw\u0142a\u015bnie ten kamie\u0144, kt\u00f3ry odrzucili budowniczy, sta\u0142 si\u0119<br \/>\ng\u0142owic\u0105 w\u0119g\u0142a \u2013 i kamieniem upadku, i ska\u0142\u0105 zgorszenia. Ci,<br \/>\nniepos\u0142uszni s\u0142owu, upadaj\u0105, do czego zreszt\u0105 s\u0105 przeznaczeni.<\/b><\/div>\n<div align=\"justify\" style=\"line-height: 150%; margin-bottom: 0cm; text-indent: 1.3cm;\">\n<b>Wy<br \/>\nza\u015b jeste\u015bcie wybranym plemieniem, kr\u00f3lewskim kap\u0142a\u0144stwem,<br \/>\n\u015bwi\u0119tym narodem, ludem Bogu na w\u0142asno\u015b\u0107 przeznaczonym, aby\u015bcie<br \/>\nog\u0142aszali dzie\u0142a pot\u0119gi Tego, kt\u00f3ry was wezwa\u0142 z ciemno\u015bci do<br \/>\nprzedziwnego swojego \u015bwiat\u0142a.<\/b><\/div>\n<div align=\"justify\" style=\"line-height: 150%; margin-bottom: 0cm;\">\n<\/div>\n<div align=\"justify\" style=\"line-height: 150%; margin-bottom: 0cm;\">\n<b>S\u0141OWA<br \/>\nEWANGELII WED\u0141UG \u015aWI\u0118TEGO JANA: <\/b>\n<\/div>\n<div align=\"justify\" style=\"break-before: auto; line-height: 150%; margin-bottom: 0cm; text-indent: 1.3cm;\">\n<b>Jezus<br \/>\npowiedzia\u0142 do swoich uczni\u00f3w: \u201eNiech si\u0119 nie trwo\u017cy serce<br \/>\nwasze. Wierzycie w Boga? I we Mnie wierzcie. W domu Ojca mego jest<br \/>\nmieszka\u0144 wiele. Gdyby tak nie by\u0142o, to bym wam powiedzia\u0142. Id\u0119<br \/>\nprzecie\u017c przygotowa\u0107 wam miejsce. A gdy odejd\u0119 i przygotuj\u0119 wam<br \/>\nmiejsce, przyjd\u0119 powt\u00f3rnie i zabior\u0119 was do siebie, aby\u015bcie i wy<br \/>\nbyli tam, gdzie Ja jestem. Znacie drog\u0119, dok\u0105d Ja id\u0119\u201d. <\/b>\n<\/div>\n<div align=\"justify\" style=\"line-height: 150%; margin-bottom: 0cm; text-indent: 1.3cm;\">\n<b>Odezwa\u0142<br \/>\nsi\u0119 do Niego Tomasz: \u201ePanie, nie wiemy, dok\u0105d idziesz. Jak wi\u0119c<br \/>\nmo\u017cemy zna\u0107 drog\u0119?\u201d <\/b>\n<\/div>\n<div align=\"justify\" style=\"line-height: 150%; margin-bottom: 0cm; text-indent: 1.3cm;\">\n<b>Odpowiedzia\u0142<br \/>\nmu Jezus: \u201eJa jestem drog\u0105 i prawd\u0105, i \u017cyciem. Nikt nie<br \/>\nprzychodzi do Ojca inaczej, jak tylko przeze Mnie. Gdyby\u015bcie Mnie<br \/>\npoznali, znaliby\u015bcie i mojego Ojca. Ale teraz ju\u017c Go znacie i<br \/>\nzobaczyli\u015bcie\u201d. <\/b>\n<\/div>\n<div align=\"justify\" style=\"line-height: 150%; margin-bottom: 0cm; text-indent: 1.3cm;\">\n<b>Rzek\u0142<br \/>\ndo Niego Filip: \u201ePanie, poka\u017c nam Ojca, a to nam wystarczy\u201d. <\/b>\n<\/div>\n<div align=\"justify\" style=\"line-height: 150%; margin-bottom: 0cm; text-indent: 1.3cm;\">\n<b>Odpowiedzia\u0142<br \/>\nmu Jezus: \u201eFilipie, tak d\u0142ugo jestem z wami, a jeszcze Mnie nie<br \/>\npozna\u0142e\u015b? Kto Mnie zobaczy\u0142, zobaczy\u0142 tak\u017ce i Ojca. Dlaczego<br \/>\nwi\u0119c m\u00f3wisz: Poka\u017c nam Ojca? Czy nie wierzysz, \u017ce Ja jestem w<br \/>\nOjcu, a Ojciec we Mnie? S\u0142\u00f3w tych, kt\u00f3re wam m\u00f3wi\u0119, nie<br \/>\nwypowiadam od siebie. Ojciec, kt\u00f3ry trwa we Mnie, On sam dokonuje<br \/>\ntych dzie\u0142. Wierzcie Mi, \u017ce Ja jestem w Ojcu, a Ojciec we Mnie.<br \/>\nJe\u017celi za\u015b nie, wierzcie przynajmniej ze wzgl\u0119du na same dzie\u0142a. <\/b>\n<\/div>\n<div align=\"justify\" style=\"line-height: 150%; margin-bottom: 0cm; text-indent: 1.3cm;\">\n<b>Zaprawd\u0119,<br \/>\nzaprawd\u0119 powiadam wam: Kto we Mnie wierzy, b\u0119dzie tak\u017ce dokonywa\u0142<br \/>\ntych dzie\u0142, kt\u00f3rych Ja dokonuj\u0119, owszem, i wi\u0119ksze od tych<br \/>\nuczyni, bo Ja id\u0119 do Ojca\u201d.<\/b><\/div>\n<div align=\"justify\" style=\"line-height: 150%; margin-bottom: 0cm;\">\n<\/div>\n<div align=\"justify\" style=\"line-height: 150%; margin-bottom: 0cm; text-indent: 1.3cm;\">\nMusimy<br \/>\nprzyzna\u0107, \u017ce s\u0142owa, wypowiedziane przez Dwunastu: <i><b>Nie<br \/>\njest rzecz\u0105 s\u0142uszn\u0105, aby\u015bmy zaniedbali <\/b><\/i><i><b>s<\/b><\/i><i><b>\u0142owo<br \/>\nBo\u017ce, a obs\u0142ugiwali sto\u0142y<\/b><\/i><b><br \/>\n\u2013 <\/b>brzmi\u0105<br \/>\ndosy\u0107 mocno. I mog\u0105 wywo\u0142ywa\u0107 r\u00f3\u017cne, nie zawsze dobre<br \/>\nskojarzenia. Bo mog\u0105 wskazywa\u0107 na to, \u017ce Aposto\u0142owie <b>gardz\u0105<br \/>\npos\u0142ug\u0105 dobroczynn\u0105,<\/b><br \/>\nczy te\u017c uwa\u017caj\u0105 za co\u015b gorszego, a mo\u017ce nawet uw\u0142aczaj\u0105cego<br \/>\nich godno\u015bci, ich urz\u0119dowi \u2013 pomoc najubo\u017cszym.\n<\/div>\n<div align=\"justify\" style=\"line-height: 150%; margin-bottom: 0cm; text-indent: 1.3cm;\">\nWydaje<br \/>\nsi\u0119 jednak, \u017ce przy uwa\u017cniejszym wczytaniu si\u0119 w tre\u015b\u0107 tego<br \/>\nfragmentu Dziej\u00f3w Apostolskich \u2013 i przy odrobinie dobrej woli \u2013<br \/>\n\u0142atwo dostrze\u017cemy, \u017ce <b>nie<br \/>\no to tu chodzi.<\/b><br \/>\nPrzecie\u017c Aposto\u0142owie <b>nie<br \/>\nzrezygnowali z tej pos\u0142ugi,<\/b><br \/>\nnie zaprzestali \u201eobs\u0142ugiwania sto\u0142\u00f3w\u201d \u2013 jak si\u0119 sami<br \/>\nwyrazili i jak by<br \/>\nto mocno<br \/>\nnie brzmia\u0142o\u2026 Oni to powierzyli specjalnie do tego powo\u0142anym<br \/>\n<b>diakonom,<\/b><br \/>\nkt\u00f3rych tak\u017ce wybrali spo\u015br\u00f3d m\u0119\u017cczyzn<br \/>\n<i><b>ciesz\u0105cych<br \/>\nsi\u0119 dobr\u0105 s\u0142aw\u0105, pe\u0142nych Ducha i m\u0105dro\u015bci.<\/b><\/i><b><br \/>\n<\/b>I<br \/>\ntakich w\u0142a\u015bnie \u2013 jak s\u0142yszeli\u015bmy \u2013 powo\u0142ano, po czym<br \/>\nAposto\u0142owie oddali si\u0119 <b>wy\u0142\u0105cznie<br \/>\ng\u0142oszeniu s\u0142owa Bo\u017cego,<\/b><br \/>\na nowi diakoni zadbali o sprawiedliwe rozdzielenie ja\u0142mu\u017cny.\n<\/div>\n<div align=\"justify\" style=\"line-height: 150%; margin-bottom: 0cm; text-indent: 1.3cm;\">\nMamy<br \/>\nzatem do czynienia nie z zaniedbaniem czy zlekcewa\u017ceniem tej<br \/>\nistotnej sprawy, ale z jej <b>lepszym<br \/>\nzorganizowaniem,<\/b><br \/>\na jednocze\u015bnie: z zaznaczeniem pewnej <b>hierarchii<br \/>\nwa\u017cno\u015bci i pewnego porz\u0105dku,<\/b><br \/>\nkt\u00f3ry tak\u017ce<br \/>\ndzisiaj<br \/>\nzdaje si\u0119 by\u0107 pomijany.\n<\/div>\n<div align=\"justify\" style=\"line-height: 150%; margin-bottom: 0cm; text-indent: 1.3cm;\">\nOto<br \/>\nbowiem pos\u0142uga Ko\u015bcio\u0142a coraz<br \/>\ncz\u0119\u015bciej jest znacz\u0105co<br \/>\n<b>redukowana<br \/>\ndo pos\u0142ugi charytatywnej.<\/b><br \/>\nI pojmowana tylko w kategoriach takiej doczesnej \u2013 powiedzieliby\u015bmy<br \/>\n\u2013 <b>u\u017cyteczno\u015bci.<br \/>\n<\/b>Niekt\u00f3rzy<br \/>\nuwa\u017caj\u0105,<br \/>\n\u017ce Ko\u015bci\u00f3\u0142 ma<br \/>\n<b>jedynie<\/b><br \/>\nwspiera\u0107 biednych, ma<br \/>\n<b>jedynie<\/b><br \/>\norganizowa\u0107<br \/>\nim pomoc, dba\u0107 o dostarczenie im<br \/>\nprzynajmniej<br \/>\nminimalnych d\u00f3br materialnych. I rzeczywi\u015bcie \u2013 <b>powinien<\/b><b><br \/>\nto robi\u0107,<\/b><br \/>\npowinien<br \/>\no to dba\u0107. Mo\u017cemy to z ca\u0142\u0105 moc\u0105 powiedzie\u0107: <b>powinien,<br \/>\na wr\u0119cz <\/b><b>musi<br \/>\no to zadba\u0107.<\/b><\/p>\n<\/div>\n<div align=\"justify\" style=\"line-height: 150%; margin-bottom: 0cm; text-indent: 1.3cm;\">\nAle<br \/>\n\u2013 <b>we<br \/>\nw\u0142a\u015bciwym porz\u0105dku! <\/b>To<br \/>\nnam w\u0142a\u015bnie m\u00f3wi dzisiejsze przes\u0142anie biblijne: pomoc ubogim,<br \/>\ndzia\u0142alno\u015b\u0107 charytatywna, wsparcie materialne \u2013 ma <b>wynika\u0107<br \/>\nz pos\u0142ugi <\/b><b>S<\/b><b>\u0142owa<br \/>\n<\/b><b>i<\/b><b><br \/>\nz pos\u0142ugi <\/b><b>sakramentalnej<\/b><b>,<\/b><br \/>\njak\u0105 sprawuje Ko\u015bci\u00f3\u0142. I jak\u0105 musi sprawowa\u0107, nie uchylaj\u0105c<br \/>\nsi\u0119 od niej trwo\u017cliwie i nie chowaj\u0105c si\u0119 za parawanem<br \/>\ndzia\u0142alno\u015bci charytatywnej.\n<\/div>\n<div align=\"justify\" style=\"line-height: 150%; margin-bottom: 0cm; text-indent: 1.3cm;\">\nNie<br \/>\nmo\u017ce by\u0107 bowiem<br \/>\nna<br \/>\nprzyk\u0142ad takiej sytuacji,<br \/>\n\u017ce<br \/>\njaka\u015b ko\u015bcielna instytucja<br \/>\nczyni z pos\u0142ugi charytatywnej <b>g\u0142\u00f3wny<br \/>\nsens i cel swego istnienia,<\/b><br \/>\na nie dopomina si\u0119 o pe\u0142n\u0105 ochron\u0119 \u017cycia od pocz\u0119cia do<br \/>\nnaturalnej \u015bmierci, albo nie broni moralno\u015bci w \u017cyciu ma\u0142\u017ce\u0144skim<br \/>\ni pozama\u0142\u017ce\u0144skim. Nie mo\u017cna chwali\u0107 i popiera\u0107<br \/>\nKo\u015bcio\u0142a<br \/>\nwtedy, gdy organizuje pomoc potrzebuj\u0105cym, a zwalcza\u0107 go,<br \/>\nkiedy <b>dopomina<br \/>\nsi\u0119 o prawd\u0119 i uczciwo\u015b\u0107<\/b><br \/>\nw \u017cyciu spo\u0142ecznym.\n<\/div>\n<div align=\"justify\" style=\"line-height: 150%; margin-bottom: 0cm; text-indent: 1.3cm;\">\nBo<br \/>\nmisj\u0105 Ko\u015bcio\u0142a jest przede wszystkim <b>g\u0142oszenie<br \/>\nkr\u00f3lestwa Bo\u017cego i wzywanie do nawr\u00f3cenia,<\/b><br \/>\na z tego ma wynika\u0107 wszelka inna dzia\u0142alno\u015b\u0107, tak\u017ce charytatywna<br \/>\n\u2013 w\u0142a\u015bnie jako owoc g\u0142\u0119boko prze\u017cywanej wi\u0119zi duchowej z<br \/>\nBogiem.<\/div>\n<div align=\"justify\" style=\"line-height: 150%; margin-bottom: 0cm; text-indent: 1.3cm;\">\nO<br \/>\ntym w\u0142a\u015bnie Piotr Aposto\u0142 m\u00f3wi dzisiaj w swoim Li\u015bcie, kt\u00f3rego<br \/>\nfragmentu wys\u0142uchali\u015bmy w drugim czytaniu, gdy do swoich uczni\u00f3w<br \/>\nzwraca si\u0119 ze s\u0142owami pi\u0119knymi, a jednocze\u015bnie wielkimi i<br \/>\nzobowi\u0105zuj\u0105cymi:<br \/>\n<i><b>Wy<br \/>\nza\u015b jeste\u015bcie wybranym plemieniem, kr\u00f3lewskim kap\u0142a\u0144stwem,<br \/>\n\u015bwi\u0119tym narodem, ludem Bogu na w\u0142asno\u015b\u0107 przeznaczonym, aby\u015bcie<br \/>\nog\u0142aszali dzie\u0142a pot\u0119gi Tego, kt\u00f3ry was wezwa\u0142 z ciemno\u015bci do<br \/>\nprzedziwnego swojego \u015bwiat\u0142a.<\/b><\/i><b><br \/>\n<\/b>\n<\/div>\n<div align=\"justify\" style=\"line-height: 150%; margin-bottom: 0cm; text-indent: 1.3cm;\">\nOt\u00f3\u017c,<br \/>\nw\u0142a\u015bnie! Oby\u015bcie og\u0142aszali dzie\u0142a pot\u0119gi Bo\u017cej! Oby\u015bcie<br \/>\ng\u0142osili <b>dobr\u0105<br \/>\nnowin\u0119 o kr\u00f3lestwie Bo\u017cym!<\/b><br \/>\nOby\u015bcie swoim \u017cyciem \u015bwiadczyli o wierze \u2013 a nie tylko<br \/>\n\u201eobs\u0142ugiwali sto\u0142y\u201d, w znaczeniu: oby\u015bcie na <b>tym,<br \/>\nco na stole, nie skoncentrowali ca\u0142ego swego \u017cycia,<\/b><br \/>\nca\u0142ej swojej uwagi.\n<\/div>\n<div align=\"justify\" style=\"line-height: 150%; margin-bottom: 0cm; text-indent: 1.3cm;\">\nOby\u015bmy<br \/>\nrazem z Filipem ci\u0105gle uczyli si\u0119 <b>dostrzega\u0107<br \/>\n<\/b><b>Boga<\/b><b>,<\/b><br \/>\ndostrzega\u0107 Jego obecno\u015b\u0107 i dzia\u0142anie w \u015bwiecie \u2013 tak\u017ce w<br \/>\n\u017cyciu i dzia\u0142alno\u015bci Ko\u015bcio\u0142a. I <b>w<br \/>\nwielkich wydarzeniach, <\/b>dokonuj\u0105cych<br \/>\nsi\u0119 w Ko\u015bciele i \u015bwiecie, ale r\u00f3wnie\u017c w tych wydarzeniach<br \/>\ncodziennych, zwyczajnych, powiedzieliby\u015bmy: <b>prozaicznych\u2026<\/b><\/div>\n<div align=\"justify\" style=\"line-height: 150%; margin-bottom: 0cm; text-indent: 1.3cm;\">\nTo<br \/>\nw\u0142a\u015bnie te codzienne wydarzenia \u2013 szczeg\u00f3lnie te trudne \u2013<br \/>\npowoduj\u0105 poczucie <b>zagubienia,<br \/>\nl\u0119ku, nieraz nawet frustracji\u2026<\/b><br \/>\nCi\u0105gle przecie\u017c zadajemy tak wiele pyta\u0144 i wyra\u017camy tak wiele<br \/>\nw\u0105tpliwo\u015bci w<br \/>\nsprawach, dotycz\u0105cych naszej przysz\u0142o\u015bci, naszego utrzymania,<br \/>\natmosfery w naszym<br \/>\ndomu, tak\u017ce:<br \/>\nnaszych<br \/>\nwzajemnych relacji w s\u0105siedztwie i w pracy\u2026 Nie mniej zajmuje nas<br \/>\nr\u00f3wnie\u017c<br \/>\n<b>sytuacja<br \/>\nw \u015bwiecie:<\/b><br \/>\nca\u0142y ten niepok\u00f3j, wlewaj\u0105cy si\u0119 do naszych dom\u00f3w \u2013 przez<br \/>\nekran telewizora lub komputera \u2013 z tak wielu miejsc, dotkni\u0119tych<br \/>\n<b>konfliktami<br \/>\nzbrojnymi<\/b><br \/>\ni wszelkimi przejawami <b>ludzkiej<br \/>\nkrzywdy i ludzkiego nieszcz\u0119\u015bcia.<\/b><\/p>\n<\/div>\n<div align=\"justify\" style=\"line-height: 150%; margin-bottom: 0cm; text-indent: 1.3cm;\">\nWidz\u0105c<br \/>\ni s\u0142ysz\u0105c to wszystko, pytamy: <b>Co<br \/>\nnas czeka?<\/b><br \/>\nCo b\u0119dzie dalej? Co b\u0119dzie ze \u015bwiatem? Co b\u0119dzie z nasz\u0105<br \/>\nOjczyzn\u0105? <b>Co<br \/>\nb\u0119dzie z nasz\u0105 rodzin\u0105<\/b><br \/>\n\u2013 jak ukszta\u0142tuje si\u0119 jej przysz\u0142o\u015b\u0107? Czy uda si\u0119 ocali\u0107 to,<br \/>\nco dobre, a unikn\u0105\u0107 tego wszystkiego, co mog\u0142oby jej zagra\u017ca\u0107? I<br \/>\nwreszcie \u2013 <b>jaka<br \/>\njest nasza osobista przysz\u0142o\u015b\u0107?<\/b><br \/>\nJak mamy poradzi\u0107 sobie z tyloma w\u0142asnymi problemami?\n<\/div>\n<div align=\"justify\" style=\"line-height: 150%; margin-bottom: 0cm; text-indent: 1.3cm;\">\nZ<br \/>\ntymi wszystkimi pytaniami i niepokojami przychodzimy dzisiaj do<br \/>\nJezusa, a On odpowiada nam s\u0142owami dzisiejszej Ewangelii: <i><b>Niech<br \/>\nsi\u0119 nie trwo\u017cy serce wasze. Wierzycie w Boga? I we Mnie wierzcie.<\/b><\/i><b><br \/>\n<\/b>Po<br \/>\nczym dodaje: <i><b>W<br \/>\ndomu Ojca mego jest mieszka\u0144 wiele. Gdyby tak nie by\u0142o, to bym wam<br \/>\npowiedzia\u0142. Id\u0119 przecie\u017c przygotowa\u0107 wam miejsce. A gdy odejd\u0119 i<br \/>\nprzygotuj\u0119 wam miejsce, przyjd\u0119 powt\u00f3rnie i zabior\u0119 was do<br \/>\nsiebie, aby\u015bcie i wy byli tam, gdzie Ja jestem. Znacie drog\u0119, dok\u0105d<br \/>\nJa id\u0119.<\/b><\/i><b><br \/>\n<\/b>\n<\/div>\n<div align=\"justify\" style=\"line-height: 150%; margin-bottom: 0cm; text-indent: 1.3cm;\">\nA<br \/>\nkiedy Tomasz zapyta\u0142 w tym momencie: <i><b>Panie,<br \/>\nnie wiemy, dok\u0105d idziesz. Jak wi\u0119c mo\u017cemy zna\u0107 drog\u0119?, <\/b><\/i>us\u0142ysza\u0142<br \/>\nw odpowiedzi: <i><b>Ja<br \/>\njestem drog\u0105 i prawd\u0105, i \u017cyciem. Nikt nie przychodzi do Ojca<br \/>\ninaczej, jak tylko przeze Mnie. Gdyby\u015bcie Mnie poznali, znaliby\u015bcie<br \/>\ni mojego Ojca. Ale teraz ju\u017c Go znacie i zobaczyli\u015bcie. <\/b><\/i>\n<\/div>\n<div align=\"justify\" style=\"line-height: 150%; margin-bottom: 0cm; text-indent: 1.3cm;\">\nMo\u017cna<br \/>\nby odnie\u015b\u0107 wra\u017cenie, moi Drodzy, \u017ce to pocieszenie, jakie Jezus<br \/>\ndo nas dzisiaj kieruje, zwi\u0105zane jest <b>tylko<br \/>\ni wy\u0142\u0105cznie z \u017cyciem wiecznym. <\/b>A<br \/>\nzatem \u2013 mo\u017cna by tak pomy\u015ble\u0107 \u2013 mamy si\u0119 nie trwo\u017cy\u0107, bo<br \/>\nJezus jest z nami. Jednak Jego pomoc \u2013 by tak rzec \u2013 <b>zacznie<br \/>\ndzia\u0142a\u0107 dopiero po \u015bmierci,<\/b><br \/>\nkiedy Jezus zabierze nas do siebie, do Domu Ojca, gdzie obecnie<br \/>\ntak pieczo\u0142owicie przygotowuje nam miejsce. Natomiast tu na ziemi \u2013<br \/>\np\u00f3ki co \u2013 musimy sobie <b>jako\u015b<br \/>\npo<\/b><b>radzi\u0107<br \/>\nsami i jako\u015b przetrwa\u0107<\/b><br \/>\nte wszystkie niedogodno\u015bci, jakie \u017cycie ze sob\u0105 niesie. Czy jednak<br \/>\nrzeczywi\u015bcie tylko tak mamy rozumie\u0107 dzisiejsze Jezusowe<br \/>\npouczenie?<\/div>\n<div align=\"justify\" style=\"line-height: 150%; margin-bottom: 0cm; text-indent: 1.3cm;\">\nWydaje<br \/>\nsi\u0119, \u017ce by\u0142oby to jednak pewnym jego<br \/>\n<b>zubo\u017ceniem.<\/b><br \/>\nGdyby\u015bmy jakie\u015b<br \/>\njedno zdanie Jezusa wyrwali z kontekstu, to mogliby\u015bmy rzeczywi\u015bcie<br \/>\ntak<br \/>\nmy\u015ble\u0107. Jednak je\u017celi bierzemy pod uwag\u0119 ca\u0142\u0105 dzisiejsz\u0105<br \/>\nliturgi\u0119 S\u0142owa \u2013 i ca\u0142e przes\u0142anie Pisma \u015awi\u0119tego \u2013 to<br \/>\nprzekonamy si\u0119, \u017ce<b><br \/>\nnie o to chodzi.<\/b><br \/>\nA o co chodzi?\n<\/div>\n<div align=\"justify\" style=\"line-height: 150%; margin-bottom: 0cm; text-indent: 1.3cm;\">\nA<br \/>\nw\u0142a\u015bnie o to, co dzisiaj swoim gestem chcieli nam pokaza\u0107<br \/>\nAposto\u0142owie: wa\u017cna jest pos\u0142uga biednym i potrzebuj\u0105cym, czyli:<br \/>\n<b>wa\u017cne<br \/>\ns\u0105 ziemskie sprawy i ludzkie potrzeby, <\/b>ale<br \/>\none wszystkie musz\u0105 zaj\u0105\u0107 drugie miejsce \u2013 za sprawami<br \/>\nduchowymi. A mo\u017ce lepiej powiedzie\u0107: one wszystkie maj\u0105 pozostawa\u0107<br \/>\n<b>w<br \/>\n\u015bcis\u0142ym zwi\u0105zku ze sprawami duchowymi. <\/b>Te<br \/>\nsprawy ziemskie mamy prze\u017cywa\u0107 \u2013 a problemy doczesne rozwi\u0105zywa\u0107<br \/>\n\u2013 nie tylko swoimi w\u0142asnymi si\u0142ami i na spos\u00f3b czysto ludzki,<br \/>\nale <b>w<br \/>\n\u015bcis\u0142ej \u0142\u0105czno\u015bci z Jezusem i z Jego pomoc\u0105! <\/b>\n<\/div>\n<div align=\"justify\" style=\"line-height: 150%; margin-bottom: 0cm; text-indent: 1.3cm;\">\nJe\u017celi<br \/>\nJezus m\u00f3wi, \u017ce przyjdzie po nas, aby zabra\u0107 nas do miejsca, kt\u00f3re<br \/>\nnam przygotowuje,<br \/>\nto wcale nie znaczy, \u017ce ten czas, kt\u00f3ry nas od tego momentu dzieli,<br \/>\nmamy <b>\u201ejako\u015b<br \/>\ntam\u201d przetrwa\u0107 w letargu i bezczynno\u015bci, <\/b>albo<br \/>\npodda\u0107 si\u0119 rezygnacji, apatii i pesymizmowi. Wprost przeciwnie:<br \/>\n<b>mamy<br \/>\ni\u015b\u0107 t\u0105 <\/b><b>D<\/b><b>rog\u0105,<br \/>\n<\/b>kt\u00f3r\u0105<br \/>\njest Jezus! A tak\u017ce g\u0142osi\u0107 i <b>\u015bwiadczy\u0107<br \/>\no tej Prawdzie,<\/b><br \/>\nkt\u00f3r\u0105 jest Jezus! I <b>\u017cy\u0107<br \/>\ntym <\/b><b>\u017b<\/b><b>yciem,<\/b><br \/>\nkt\u00f3rym jest Jezus!\n<\/div>\n<div align=\"justify\" style=\"line-height: 150%; margin-bottom: 0cm; text-indent: 1.3cm;\">\nCzyli<br \/>\n\u2013 m\u00f3wi\u0105c kr\u00f3tko i jasno \u2013 <b>mamy<br \/>\n\u017cy\u0107 z Jezusem,<\/b><br \/>\nwierzy\u0107 w Niego ca\u0142ym sercem, ufa\u0107 Mu bezgranicznie, <b>o<br \/>\nwszystkim Mu m\u00f3wi\u0107 <\/b>w<br \/>\nszczerej modlitwie, tak\u017ce tej zanoszonej swoimi s\u0142owami, w trakcie<br \/>\ncodziennych prostych czynno\u015bci, albo na przyk\u0142ad podr\u00f3\u017cy\u2026 A<br \/>\nprzede wszystkim: systematycznie, najlepiej co miesi\u0105c si\u0119<br \/>\n<b>spowiada\u0107,<\/b><br \/>\nzawsze <b>uczestniczy\u0107<br \/>\nwe Mszy \u015awi\u0119tej<\/b><br \/>\ni stale <b>przyjmowa\u0107<br \/>\nKomuni\u0119 \u015awi\u0119t\u0105.<\/b><\/div>\n<div align=\"justify\" style=\"line-height: 150%; margin-bottom: 0cm; text-indent: 1.3cm;\">\nI<br \/>\nwcale nie musimy robi\u0107 ze swego \u017cycia klasztoru i funkcjonowa\u0107<br \/>\nna spos\u00f3b<br \/>\n\u017cycia mnich\u00f3w kontemplacyjnych. Chocia\u017c akurat troch\u0119<br \/>\nkontemplacji i wyciszenia nikomu jeszcze nie zaszkodzi\u0142o\u2026 Ale<br \/>\noczywi\u015bcie, nasz styl \u017cycia jest inny. I niech<br \/>\npozostanie taki, jaki jest. Tylko niech si\u0119 w nim znajdzie miejsce<br \/>\ndla Jezusa! <b>I<br \/>\nniech to b\u0119dzie miejsce pierwsze i najwa\u017cniejsze!<\/b><\/div>\n","protected":false},"excerpt":{"rendered":"<p>Niech b\u0119dzie pochwalony Jezus Chrystus! Moi Drodzy, w dniu dzisiejszym urodziny prze\u017cywa m\u00f3j Chrze\u015bniak i jednocze\u015bnie Brat cioteczny, Piotr Oleszczuk, za\u015b imieniny prze\u017cywaj\u0105: Maciej Przybysz, m\u00f3j &#8222;Chrze\u015bniak&#8221; z Bierzmowania i by\u0142y Lektor w Parafii w Tr\u0105bkach; Ksi\u0105dz Maciej Mi\u0119tek, z kt\u00f3rym wsp\u00f3\u0142pracowa\u0142em w Parafii Ojca Pio w Warszawie; oraz Maciej Mucha, m\u00f3j by\u0142y Ucze\u0144. \u017bycz\u0119 [&hellip;]<\/p>\n","protected":false},"author":1,"featured_media":0,"comment_status":"open","ping_status":"open","sticky":false,"template":"","format":"standard","meta":{"jetpack_post_was_ever_published":false,"_jetpack_newsletter_access":"","_jetpack_dont_email_post_to_subs":false,"_jetpack_newsletter_tier_id":0,"_jetpack_memberships_contains_paywalled_content":false,"_jetpack_memberships_contains_paid_content":false,"footnotes":""},"categories":[1],"tags":[],"class_list":["post-7661","post","type-post","status-publish","format-standard","hentry","category-bez-kategorii"],"yoast_head":"<!-- This site is optimized with the Yoast SEO plugin v25.1 - https:\/\/yoast.com\/wordpress\/plugins\/seo\/ -->\n<title>Codzienno\u015b\u0107 prze\u017cywana z Jezusem - Gaudium Et Spes<\/title>\n<meta name=\"robots\" content=\"index, follow, max-snippet:-1, max-image-preview:large, max-video-preview:-1\" \/>\n<link rel=\"canonical\" href=\"https:\/\/gaudiumetspes-blog.pl\/index.php\/2017\/05\/14\/codziennosc-przezywana-z-jezuse\/\" \/>\n<meta property=\"og:locale\" content=\"pl_PL\" \/>\n<meta property=\"og:type\" content=\"article\" \/>\n<meta property=\"og:title\" content=\"Codzienno\u015b\u0107 prze\u017cywana z Jezusem - Gaudium Et Spes\" \/>\n<meta property=\"og:description\" content=\"Niech b\u0119dzie pochwalony Jezus Chrystus! Moi Drodzy, w dniu dzisiejszym urodziny prze\u017cywa m\u00f3j Chrze\u015bniak i jednocze\u015bnie Brat cioteczny, Piotr Oleszczuk, za\u015b imieniny prze\u017cywaj\u0105: Maciej Przybysz, m\u00f3j &#8222;Chrze\u015bniak&#8221; z Bierzmowania i by\u0142y Lektor w Parafii w Tr\u0105bkach; Ksi\u0105dz Maciej Mi\u0119tek, z kt\u00f3rym wsp\u00f3\u0142pracowa\u0142em w Parafii Ojca Pio w Warszawie; oraz Maciej Mucha, m\u00f3j by\u0142y Ucze\u0144. \u017bycz\u0119 [&hellip;]\" \/>\n<meta property=\"og:url\" content=\"https:\/\/gaudiumetspes-blog.pl\/index.php\/2017\/05\/14\/codziennosc-przezywana-z-jezuse\/\" \/>\n<meta property=\"og:site_name\" content=\"Gaudium Et Spes\" \/>\n<meta property=\"article:published_time\" content=\"2017-05-14T01:36:00+00:00\" \/>\n<meta property=\"article:modified_time\" content=\"2019-07-31T10:56:53+00:00\" \/>\n<meta name=\"author\" content=\"Ks. Jacek\" \/>\n<meta name=\"twitter:card\" content=\"summary_large_image\" \/>\n<meta name=\"twitter:label1\" content=\"Napisane przez\" \/>\n\t<meta name=\"twitter:data1\" content=\"Ks. Jacek\" \/>\n\t<meta name=\"twitter:label2\" content=\"Szacowany czas czytania\" \/>\n\t<meta name=\"twitter:data2\" content=\"12 minut\" \/>\n<script type=\"application\/ld+json\" class=\"yoast-schema-graph\">{\"@context\":\"https:\/\/schema.org\",\"@graph\":[{\"@type\":\"WebPage\",\"@id\":\"https:\/\/gaudiumetspes-blog.pl\/index.php\/2017\/05\/14\/codziennosc-przezywana-z-jezuse\/\",\"url\":\"https:\/\/gaudiumetspes-blog.pl\/index.php\/2017\/05\/14\/codziennosc-przezywana-z-jezuse\/\",\"name\":\"Codzienno\u015b\u0107 prze\u017cywana z Jezusem - Gaudium Et Spes\",\"isPartOf\":{\"@id\":\"https:\/\/gaudiumetspes-blog.pl\/#website\"},\"datePublished\":\"2017-05-14T01:36:00+00:00\",\"dateModified\":\"2019-07-31T10:56:53+00:00\",\"author\":{\"@id\":\"https:\/\/gaudiumetspes-blog.pl\/#\/schema\/person\/1661982992b752dea8dff0d4ed845a65\"},\"breadcrumb\":{\"@id\":\"https:\/\/gaudiumetspes-blog.pl\/index.php\/2017\/05\/14\/codziennosc-przezywana-z-jezuse\/#breadcrumb\"},\"inLanguage\":\"pl-PL\",\"potentialAction\":[{\"@type\":\"ReadAction\",\"target\":[\"https:\/\/gaudiumetspes-blog.pl\/index.php\/2017\/05\/14\/codziennosc-przezywana-z-jezuse\/\"]}]},{\"@type\":\"BreadcrumbList\",\"@id\":\"https:\/\/gaudiumetspes-blog.pl\/index.php\/2017\/05\/14\/codziennosc-przezywana-z-jezuse\/#breadcrumb\",\"itemListElement\":[{\"@type\":\"ListItem\",\"position\":1,\"name\":\"Strona g\u0142\u00f3wna\",\"item\":\"https:\/\/gaudiumetspes-blog.pl\/\"},{\"@type\":\"ListItem\",\"position\":2,\"name\":\"Codzienno\u015b\u0107 prze\u017cywana z&nbsp;Jezusem\"}]},{\"@type\":\"WebSite\",\"@id\":\"https:\/\/gaudiumetspes-blog.pl\/#website\",\"url\":\"https:\/\/gaudiumetspes-blog.pl\/\",\"name\":\"Gaudium Et Spes\",\"description\":\"Blog Ks. Jacka Ja\u015bkowskiego\",\"potentialAction\":[{\"@type\":\"SearchAction\",\"target\":{\"@type\":\"EntryPoint\",\"urlTemplate\":\"https:\/\/gaudiumetspes-blog.pl\/?s={search_term_string}\"},\"query-input\":{\"@type\":\"PropertyValueSpecification\",\"valueRequired\":true,\"valueName\":\"search_term_string\"}}],\"inLanguage\":\"pl-PL\"},{\"@type\":\"Person\",\"@id\":\"https:\/\/gaudiumetspes-blog.pl\/#\/schema\/person\/1661982992b752dea8dff0d4ed845a65\",\"name\":\"Ks. Jacek\",\"image\":{\"@type\":\"ImageObject\",\"inLanguage\":\"pl-PL\",\"@id\":\"https:\/\/gaudiumetspes-blog.pl\/#\/schema\/person\/image\/\",\"url\":\"https:\/\/gaudiumetspes-blog.pl\/wp-content\/uploads\/2019\/07\/avatar-JJ-150x150.jpg\",\"contentUrl\":\"https:\/\/gaudiumetspes-blog.pl\/wp-content\/uploads\/2019\/07\/avatar-JJ-150x150.jpg\",\"caption\":\"Ks. Jacek\"},\"description\":\"Witam serdecznie! K\u0142ania si\u0119 Ks. Jacek Ja\u015bkowski. Nie jestem ani kim\u015b wa\u017cnym, ani kim\u015b znanym. Jestem ksi\u0119dzem, kt\u00f3ry po prostu chce rozmawia\u0107. Codzienna kap\u0142a\u0144ska pos\u0142uga pokazuje mi, \u017ce temat\u00f3w do rozm\u00f3w z ksi\u0119dzem jest coraz wi\u0119cej i dzisiaj \u017caden ksi\u0105dz nie mo\u017ce od nich ucieka\u0107, ale - wprost przeciwnie - podejmowa\u0107 nowe wyzwania. To przekonanie sk\u0142oni\u0142o mnie do pr\u00f3by otwarcia tego\u017c bloga, chocia\u017c okazji do rozm\u00f3w na co dzie\u0144 - w konfesjonale i poza nim - na szcz\u0119\u015bcie nie brakuje. My\u015bl\u0119 jednak, \u017ce ten blog b\u0119dzie jeszcze jednym sposobem i przestrzeni\u0105 nawi\u0105zania kontaktu z lud\u017ami dobrej woli, otwartymi na dialog.\",\"url\":\"https:\/\/gaudiumetspes-blog.pl\/index.php\/author\/ks-jacek\/\"}]}<\/script>\n<!-- \/ Yoast SEO plugin. -->","yoast_head_json":{"title":"Codzienno\u015b\u0107 prze\u017cywana z Jezusem - Gaudium Et Spes","robots":{"index":"index","follow":"follow","max-snippet":"max-snippet:-1","max-image-preview":"max-image-preview:large","max-video-preview":"max-video-preview:-1"},"canonical":"https:\/\/gaudiumetspes-blog.pl\/index.php\/2017\/05\/14\/codziennosc-przezywana-z-jezuse\/","og_locale":"pl_PL","og_type":"article","og_title":"Codzienno\u015b\u0107 prze\u017cywana z Jezusem - Gaudium Et Spes","og_description":"Niech b\u0119dzie pochwalony Jezus Chrystus! Moi Drodzy, w dniu dzisiejszym urodziny prze\u017cywa m\u00f3j Chrze\u015bniak i jednocze\u015bnie Brat cioteczny, Piotr Oleszczuk, za\u015b imieniny prze\u017cywaj\u0105: Maciej Przybysz, m\u00f3j &#8222;Chrze\u015bniak&#8221; z Bierzmowania i by\u0142y Lektor w Parafii w Tr\u0105bkach; Ksi\u0105dz Maciej Mi\u0119tek, z kt\u00f3rym wsp\u00f3\u0142pracowa\u0142em w Parafii Ojca Pio w Warszawie; oraz Maciej Mucha, m\u00f3j by\u0142y Ucze\u0144. \u017bycz\u0119 [&hellip;]","og_url":"https:\/\/gaudiumetspes-blog.pl\/index.php\/2017\/05\/14\/codziennosc-przezywana-z-jezuse\/","og_site_name":"Gaudium Et Spes","article_published_time":"2017-05-14T01:36:00+00:00","article_modified_time":"2019-07-31T10:56:53+00:00","author":"Ks. Jacek","twitter_card":"summary_large_image","twitter_misc":{"Napisane przez":"Ks. Jacek","Szacowany czas czytania":"12 minut"},"schema":{"@context":"https:\/\/schema.org","@graph":[{"@type":"WebPage","@id":"https:\/\/gaudiumetspes-blog.pl\/index.php\/2017\/05\/14\/codziennosc-przezywana-z-jezuse\/","url":"https:\/\/gaudiumetspes-blog.pl\/index.php\/2017\/05\/14\/codziennosc-przezywana-z-jezuse\/","name":"Codzienno\u015b\u0107 prze\u017cywana z Jezusem - Gaudium Et Spes","isPartOf":{"@id":"https:\/\/gaudiumetspes-blog.pl\/#website"},"datePublished":"2017-05-14T01:36:00+00:00","dateModified":"2019-07-31T10:56:53+00:00","author":{"@id":"https:\/\/gaudiumetspes-blog.pl\/#\/schema\/person\/1661982992b752dea8dff0d4ed845a65"},"breadcrumb":{"@id":"https:\/\/gaudiumetspes-blog.pl\/index.php\/2017\/05\/14\/codziennosc-przezywana-z-jezuse\/#breadcrumb"},"inLanguage":"pl-PL","potentialAction":[{"@type":"ReadAction","target":["https:\/\/gaudiumetspes-blog.pl\/index.php\/2017\/05\/14\/codziennosc-przezywana-z-jezuse\/"]}]},{"@type":"BreadcrumbList","@id":"https:\/\/gaudiumetspes-blog.pl\/index.php\/2017\/05\/14\/codziennosc-przezywana-z-jezuse\/#breadcrumb","itemListElement":[{"@type":"ListItem","position":1,"name":"Strona g\u0142\u00f3wna","item":"https:\/\/gaudiumetspes-blog.pl\/"},{"@type":"ListItem","position":2,"name":"Codzienno\u015b\u0107 prze\u017cywana z&nbsp;Jezusem"}]},{"@type":"WebSite","@id":"https:\/\/gaudiumetspes-blog.pl\/#website","url":"https:\/\/gaudiumetspes-blog.pl\/","name":"Gaudium Et Spes","description":"Blog Ks. Jacka Ja\u015bkowskiego","potentialAction":[{"@type":"SearchAction","target":{"@type":"EntryPoint","urlTemplate":"https:\/\/gaudiumetspes-blog.pl\/?s={search_term_string}"},"query-input":{"@type":"PropertyValueSpecification","valueRequired":true,"valueName":"search_term_string"}}],"inLanguage":"pl-PL"},{"@type":"Person","@id":"https:\/\/gaudiumetspes-blog.pl\/#\/schema\/person\/1661982992b752dea8dff0d4ed845a65","name":"Ks. Jacek","image":{"@type":"ImageObject","inLanguage":"pl-PL","@id":"https:\/\/gaudiumetspes-blog.pl\/#\/schema\/person\/image\/","url":"https:\/\/gaudiumetspes-blog.pl\/wp-content\/uploads\/2019\/07\/avatar-JJ-150x150.jpg","contentUrl":"https:\/\/gaudiumetspes-blog.pl\/wp-content\/uploads\/2019\/07\/avatar-JJ-150x150.jpg","caption":"Ks. Jacek"},"description":"Witam serdecznie! K\u0142ania si\u0119 Ks. Jacek Ja\u015bkowski. Nie jestem ani kim\u015b wa\u017cnym, ani kim\u015b znanym. Jestem ksi\u0119dzem, kt\u00f3ry po prostu chce rozmawia\u0107. Codzienna kap\u0142a\u0144ska pos\u0142uga pokazuje mi, \u017ce temat\u00f3w do rozm\u00f3w z ksi\u0119dzem jest coraz wi\u0119cej i dzisiaj \u017caden ksi\u0105dz nie mo\u017ce od nich ucieka\u0107, ale - wprost przeciwnie - podejmowa\u0107 nowe wyzwania. To przekonanie sk\u0142oni\u0142o mnie do pr\u00f3by otwarcia tego\u017c bloga, chocia\u017c okazji do rozm\u00f3w na co dzie\u0144 - w konfesjonale i poza nim - na szcz\u0119\u015bcie nie brakuje. My\u015bl\u0119 jednak, \u017ce ten blog b\u0119dzie jeszcze jednym sposobem i przestrzeni\u0105 nawi\u0105zania kontaktu z lud\u017ami dobrej woli, otwartymi na dialog.","url":"https:\/\/gaudiumetspes-blog.pl\/index.php\/author\/ks-jacek\/"}]}},"jetpack_featured_media_url":"","jetpack_sharing_enabled":true,"_links":{"self":[{"href":"https:\/\/gaudiumetspes-blog.pl\/index.php\/wp-json\/wp\/v2\/posts\/7661","targetHints":{"allow":["GET"]}}],"collection":[{"href":"https:\/\/gaudiumetspes-blog.pl\/index.php\/wp-json\/wp\/v2\/posts"}],"about":[{"href":"https:\/\/gaudiumetspes-blog.pl\/index.php\/wp-json\/wp\/v2\/types\/post"}],"author":[{"embeddable":true,"href":"https:\/\/gaudiumetspes-blog.pl\/index.php\/wp-json\/wp\/v2\/users\/1"}],"replies":[{"embeddable":true,"href":"https:\/\/gaudiumetspes-blog.pl\/index.php\/wp-json\/wp\/v2\/comments?post=7661"}],"version-history":[{"count":1,"href":"https:\/\/gaudiumetspes-blog.pl\/index.php\/wp-json\/wp\/v2\/posts\/7661\/revisions"}],"predecessor-version":[{"id":13236,"href":"https:\/\/gaudiumetspes-blog.pl\/index.php\/wp-json\/wp\/v2\/posts\/7661\/revisions\/13236"}],"wp:attachment":[{"href":"https:\/\/gaudiumetspes-blog.pl\/index.php\/wp-json\/wp\/v2\/media?parent=7661"}],"wp:term":[{"taxonomy":"category","embeddable":true,"href":"https:\/\/gaudiumetspes-blog.pl\/index.php\/wp-json\/wp\/v2\/categories?post=7661"},{"taxonomy":"post_tag","embeddable":true,"href":"https:\/\/gaudiumetspes-blog.pl\/index.php\/wp-json\/wp\/v2\/tags?post=7661"}],"curies":[{"name":"wp","href":"https:\/\/api.w.org\/{rel}","templated":true}]}}