{"id":7662,"date":"2017-05-13T05:33:00","date_gmt":"2017-05-13T03:33:00","guid":{"rendered":"https:\/\/gaudiumetspes-blog.pl\/index.php\/2017\/05\/13\/modlitwa-i-pokuta-i-wielka-wiara-w-moc\/"},"modified":"2019-07-31T12:56:53","modified_gmt":"2019-07-31T10:56:53","slug":"modlitwa-i-pokuta-i-wielka-wiara-w-moc","status":"publish","type":"post","link":"https:\/\/gaudiumetspes-blog.pl\/index.php\/2017\/05\/13\/modlitwa-i-pokuta-i-wielka-wiara-w-moc\/","title":{"rendered":"Modlitwa i pokuta &#8211; i wielka wiara w moc Bo\u017c\u0105!"},"content":{"rendered":"<div align=\"justify\" style=\"line-height: 150%; margin-bottom: 0cm;\">\nNiech<br \/>\nb\u0119dzie pochwalony Jezus Chrystus! Moi Drodzy, w dniu dzisiejszym<br \/>\n<b>urodziny prze\u017cywa Beata Warpas, nale\u017c\u0105ca w swoim czasie do<br \/>\nWsp\u00f3lnoty m\u0142odzie\u017cowej w Wojcieszkowie. Natomiast imieniny<br \/>\nprze\u017cywa Ksi\u0105dz Robert Furman, bardzo \u017cyczliwy mi Kap\u0142an z<br \/>\nDiecezji warszawsko \u2013 praskiej, oraz Ksi\u0105dz Robert J\u0119drych, kt\u00f3ry<br \/>\npochodzi z Parafii \u017belech\u00f3w, a kt\u00f3rego przygotowaniu do kap\u0142a\u0144stwa<br \/>\nmog\u0142em si\u0119 przygl\u0105da\u0107, pracuj\u0105c w\u0142a\u015bnie w tej Parafii. \u017bycz\u0119<br \/>\nWszystkim \u015bwi\u0119tuj\u0105cym takiej otwarto\u015bci na g\u0142os Bo\u017cy, jakiej<br \/>\nprzyk\u0142ad daje nam Matka Bo\u017ca, kr\u00f3luj\u0105ca w Fatimie, oraz Pawe\u0142,<br \/>\nBarnaba i Dzieci Fatimskie. Zapewniam o mojej modlitwie!<\/b><\/div>\n<div align=\"justify\" style=\"break-before: auto; line-height: 150%; margin-bottom: 0cm; text-indent: 1.3cm;\">\nKsi\u0119dzu<br \/>\nMarkowi dzi\u0119kuj\u0119 za wczorajsze, fantastyczne s\u0142\u00f3wko. Wydaje si\u0119<br \/>\noczywistym, \u017ce nie mo\u017cemy \u017ca\u0142owa\u0107 naszego modlitewnego wsparcia<br \/>\nw tych wszystkich pi\u0119knych i budz\u0105cych wielk\u0105 nadziej\u0119, jak i<br \/>\ntych trudnych sprawach Ko\u015bcio\u0142a w Rosji, a szczeg\u00f3lnie w Surgucie!<br \/>\nZw\u0142aszcza, je\u017celi te nasze modlitwy zanosi\u0107 b\u0119dziemy przez<br \/>\nwstawiennictwo Matki Bo\u017cej Fatimskiej, od roku tak szczeg\u00f3lnie<br \/>\nobecnej w tej Parafii.<\/div>\n<div align=\"justify\" style=\"line-height: 150%; margin-bottom: 0cm; text-indent: 1.3cm;\">\nOto<br \/>\nbowiem prze\u017cywamy rocznic\u0119 dnia, kiedy Figura Matki Bo\u017cej, b\u0119d\u0105ca<br \/>\nwiern\u0105 kopi\u0105 tej fatimskiej, znalaz\u0142a si\u0119 w\u0142a\u015bnie w surguckiej<br \/>\n\u015bwi\u0105tyni. I prze\u017cywamy tak\u017ce jubileusz setnej rocznicy pierwszego<br \/>\nobjawienia si\u0119 Matki Bo\u017cej w\u0142a\u015bnie w Fatimie. Towarzyszymy<br \/>\nPapie\u017cowi Franciszkowi i tak licznym Pielgrzymom, obecnym na<br \/>\nmiejscu. Zach\u0119cam do \u015bledzenia przebiegu odbywaj\u0105cych si\u0119 tam<br \/>\nuroczysto\u015bci za po\u015brednictwem Telewizji TRWAM oraz TVP 1 i TVP<br \/>\nInfo. I zach\u0119cam do \u0142\u0105czno\u015bci modlitewnej.<\/div>\n<div align=\"justify\" style=\"line-height: 150%; margin-bottom: 0cm; text-indent: 1.3cm;\">\nMoi<br \/>\nDrodzy, poczytuj\u0119 to sobie za zaszczyt, a jednocze\u015bnie u\u015bmiech ze<br \/>\nstrony Matki Bo\u017cej, \u017ce w tych dniach a\u017c trzy, a dok\u0142adniej:<br \/>\ncztery razy b\u0119d\u0119 m\u00f3g\u0142 m\u00f3wi\u0107 o ca\u0142ym wspania\u0142ym Wydarzeniu<br \/>\nfatimskim. Oto bowiem dzisiaj b\u0119d\u0119 sprawowa\u0142 Msz\u0119 \u015awi\u0119t\u0105,<br \/>\npo\u0142\u0105czon\u0105 z nabo\u017ce\u0144stwem fatimskim, w Miastkowie. Jutro z kolei,<br \/>\nw Parafii w Tr\u0105bkach, gdzie przed laty mieszka\u0142em jako rezydent i<br \/>\npomaga\u0142em, b\u0119d\u0119 sprawowa\u0142 uroczysto\u015b\u0107 odpustow\u0105 \u2013 tak\u017ce z<br \/>\ntej okazji. A w przysz\u0142ym tygodniu b\u0119d\u0119 mia\u0142 przyjemno\u015b\u0107<br \/>\npoprowadzi\u0107 dzie\u0144 skupienia dla Katechet\u00f3w z trzech Dekanat\u00f3w<br \/>\nnaszej Diecezji \u2013 tak\u017ce w \u201educhu fatimskim\u201d. To s\u0105 trzy<br \/>\nokazje. A czwarta jest tutaj, na naszym forum. A mo\u017ce pierwsza?\u2026<\/div>\n<div align=\"justify\" style=\"line-height: 150%; margin-bottom: 0cm; text-indent: 1.3cm;\">\nChc\u0105c<br \/>\nsi\u0119 zatem przygotowa\u0107 do tych wyst\u0105pie\u0144, opracowa\u0142em co\u015b, co<br \/>\nsam dla siebie nazwa\u0142em \u201eOr\u0119dziem Fatimy 2017\u201d i co w\u0142\u0105czy\u0142em<br \/>\ndo dzisiejszego rozwa\u017cania, a z czego zamierzam w r\u00f3\u017cnym stopniu<br \/>\nkorzysta\u0107 w trakcie pozosta\u0142ych modlitewnych spotka\u0144. Dlatego nie<br \/>\nzdziwcie si\u0119, \u017ce to dzisiejsze rozwa\u017canie jest nieco obszerne, ale<br \/>\nbardzo mi zale\u017ca\u0142o, \u017ceby samemu dobrze przypomnie\u0107 sobie tre\u015b\u0107<br \/>\nfatimskiego przes\u0142ania \u2013 i Was zach\u0119ci\u0107 do takiego<br \/>\nprzypomnienia. St\u0105d te\u017c to moje \u201eOr\u0119dzie\u201d jest w zasadniczej<br \/>\nmierze oparte na \u017ar\u00f3d\u0142ach, czyli na wypowiedziach Siostry \u0141ucji<br \/>\noraz oficjalnych wypowiedziach Ko\u015bcio\u0142a. A m\u00f3j osobisty komentarz<br \/>\njest na ko\u0144cu.<\/div>\n<div align=\"justify\" style=\"line-height: 150%; margin-bottom: 0cm; text-indent: 1.3cm;\">\nNa<br \/>\ng\u0142\u0119bokie i szczeg\u00f3lnie owocne prze\u017cywanie dzisiejszego Jubileuszu<br \/>\n\u2013 <b>niech Was b\u0142ogos\u0142awi B\u00f3g wszechmog\u0105cy: Ojciec + i Syn, i<br \/>\nDuch \u015awi\u0119ty. Amen<\/b><\/div>\n<div align=\"center\" style=\"line-height: 150%; margin-bottom: 0cm;\">\nGaudium<br \/>\net spes!  Ks. Jacek<\/div>\n<div align=\"justify\" style=\"line-height: 150%; margin-bottom: 0cm;\">\n<\/div>\n<div align=\"justify\" style=\"line-height: 150%; margin-bottom: 0cm;\">\n<b>Sobota<br \/>\n4 Tygodnia Wielkanocy,<\/b><\/div>\n<div align=\"justify\" style=\"line-height: 150%; margin-bottom: 0cm;\">\n<b>Wspomnienie<br \/>\nNaj\u015bwi\u0119tszej Maryi Panny Fatimskiej,<\/b><\/div>\n<div align=\"justify\" style=\"line-height: 150%; margin-bottom: 0cm;\">\n<b>do<br \/>\nczyta\u0144:  Dz 13,44\u201352;  J 14,7\u201314<\/b><\/div>\n<div align=\"justify\" style=\"line-height: 150%; margin-bottom: 0cm;\">\n<\/div>\n<div align=\"justify\" style=\"break-before: auto; line-height: 150%; margin-bottom: 0cm;\">\n<b>CZYTANIE<br \/>\nZ DZIEJ\u00d3W APOSTOLSKICH:<\/b><\/div>\n<div align=\"justify\" style=\"break-before: auto; line-height: 150%; margin-bottom: 0cm; text-indent: 1.3cm;\">\n<b>W<br \/>\nnast\u0119pny szabat po kazaniu Paw\u0142a w synagodze w Antiochii<br \/>\nPizydyjskiej zebra\u0142o si\u0119 niemal ca\u0142e miasto, aby s\u0142ucha\u0107 S\u0142owa<br \/>\nBo\u017cego. Gdy \u017bydzi zobaczyli t\u0142umy, ogarn\u0119\u0142a ich zazdro\u015b\u0107, i<br \/>\nblu\u017ani\u0105c sprzeciwiali si\u0119 temu, co m\u00f3wi\u0142 Pawe\u0142. <\/b>\n<\/div>\n<div align=\"justify\" style=\"line-height: 150%; margin-bottom: 0cm; text-indent: 1.3cm;\">\n<b>Wtedy<br \/>\nPawe\u0142 i Barnaba powiedzieli odwa\u017cnie: \u201eNale\u017ca\u0142o g\u0142osi\u0107 s\u0142owo<br \/>\nBo\u017ce najpierw wam. Skoro jednak odrzucacie je i sami uznajecie si\u0119<br \/>\nza niegodnych \u017cycia wiecznego, zwracamy si\u0119 do pogan. Tak bowiem<br \/>\nnakaza\u0142 nam Pan: \u00abUstanowi\u0142em ci\u0119 \u015bwiat\u0142o\u015bci\u0105 dla pogan, aby\u015b<br \/>\nby\u0142 zbawieniem a\u017c po kra\u0144ce ziemi\u00bb\u201d. <\/b>\n<\/div>\n<div align=\"justify\" style=\"line-height: 150%; margin-bottom: 0cm; text-indent: 1.3cm;\">\n<b>Poganie<br \/>\ns\u0142ysz\u0105c to radowali si\u0119 i uwielbiali S\u0142owo Pa\u0144skie, a wszyscy,<br \/>\nprzeznaczeni do \u017cycia wiecznego, uwierzyli. S\u0142owo Pa\u0144skie<br \/>\nrozszerza\u0142o si\u0119 po ca\u0142ym kraju. <\/b>\n<\/div>\n<div align=\"justify\" style=\"line-height: 150%; margin-bottom: 0cm; text-indent: 1.3cm;\">\n<b>Ale<br \/>\n\u017bydzi podburzyli pobo\u017cne a wp\u0142ywowe kobiety i znaczniejszych<br \/>\nobywateli, wzniecili prze\u015bladowanie Paw\u0142a i Barnaby i wyrzucili ich<br \/>\nze swych granic. A oni otrz\u0105sn\u0105wszy na nich py\u0142 z n\u00f3g, przyszli<br \/>\ndo Ikonium, a uczni\u00f3w nape\u0142nia\u0142o wesele i Duch \u015awi\u0119ty.<\/b><\/div>\n<div align=\"justify\" style=\"line-height: 150%; margin-bottom: 0cm;\">\n<\/div>\n<div align=\"justify\" style=\"line-height: 150%; margin-bottom: 0cm;\">\n<b>S\u0141OWA<br \/>\nEWANGELII WED\u0141UG \u015aWI\u0118TEGO JANA: <\/b>\n<\/div>\n<div align=\"justify\" style=\"break-before: auto; line-height: 150%; margin-bottom: 0cm; text-indent: 1.3cm;\">\n<b>Jezus<br \/>\npowiedzia\u0142 do swoich uczni\u00f3w: \u201eGdyby\u015bcie Mnie poznali,<br \/>\nznaliby\u015bcie i mojego Ojca. Ale teraz ju\u017c Go znacie i<br \/>\nzobaczyli\u015bcie\u201d. <\/b>\n<\/div>\n<div align=\"justify\" style=\"line-height: 150%; margin-bottom: 0cm; text-indent: 1.3cm;\">\n<b>Rzek\u0142<br \/>\ndo Niego Filip: \u201ePanie, poka\u017c nam Ojca, a to nam wystarczy\u201d. <\/b>\n<\/div>\n<div align=\"justify\" style=\"line-height: 150%; margin-bottom: 0cm; text-indent: 1.3cm;\">\n<b>Odpowiedzia\u0142<br \/>\nmu Jezus: \u201eFilipie, tak d\u0142ugo jestem z wami, a jeszcze Mnie nie<br \/>\npozna\u0142e\u015b? Kto Mnie zobaczy\u0142, zobaczy\u0142 tak\u017ce i Ojca. Dlaczego<br \/>\nwi\u0119c m\u00f3wisz: \u00abPoka\u017c nam Ojca\u00bb? Czy nie wierzysz, \u017ce Ja jestem w<br \/>\nOjcu, a Ojciec we Mnie? S\u0142\u00f3w tych, kt\u00f3re wam m\u00f3wi\u0119, nie<br \/>\nwypowiadam od siebie. Ojciec, kt\u00f3ry trwa we Mnie, On sam dokonuje<br \/>\ntych dzie\u0142. Wierzcie Mi, \u017ce Ja jestem w Ojcu, a Ojciec we Mnie.<br \/>\nJe\u017celi za\u015b nie, wierzcie przynajmniej ze wzgl\u0119du na same dzie\u0142a. <\/b>\n<\/div>\n<div align=\"justify\" style=\"line-height: 150%; margin-bottom: 0cm; text-indent: 1.3cm;\">\n<b>Zaprawd\u0119,<br \/>\nzaprawd\u0119 powiadam wam: Kto we Mnie wierzy, b\u0119dzie tak\u017ce dokonywa\u0142<br \/>\ntych dzie\u0142, kt\u00f3rych Ja dokonuj\u0119, owszem i wi\u0119ksze od tych uczyni,<br \/>\nbo Ja id\u0119 do Ojca. A o cokolwiek prosi\u0107 b\u0119dziecie w imi\u0119 moje, to<br \/>\nuczyni\u0119, aby Ojciec by\u0142 otoczony chwa\u0142\u0105 w Synu. O cokolwiek<br \/>\nprosi\u0107 Mnie b\u0119dziecie w imi\u0119 moje, Ja to spe\u0142ni\u0119\u201d.<\/b><\/div>\n<div align=\"justify\" style=\"line-height: 150%; margin-bottom: 0cm;\">\n<\/div>\n<div align=\"justify\" style=\"line-height: 150%; margin-bottom: 0cm; text-indent: 1.3cm;\">\nS\u0142uchaj\u0105c<br \/>\nopisu wydarzenia, dokonuj\u0105cego si\u0119 w Antiochii Pizydyjskiej,<br \/>\ndostrzegamy mocne zderzenie<b> dzia\u0142aj\u0105cej <\/b><b>intensywnie <\/b><b>\u0142aski<br \/>\nBo\u017cej \u2013 z oporem ludzkiego serca.<\/b> Widzimy zatem <b>entuzjazm i<br \/>\nzapa\u0142<\/b> Paw\u0142a i Barnaby, widzimy ogromn\u0105 <b>rado\u015b\u0107<\/b> w\u015br\u00f3d<br \/>\npogan, tak bardzo docenionych s\u0142owami Paw\u0142a, ale te\u017c trudno nam<br \/>\nnie dostrzec upartego i zupe\u0142nie pozbawionego sensu, <b>t\u0119pego<br \/>\nwr\u0119cz uporu<\/b> \u017byd\u00f3w, oraz podburzonych przez nich wp\u0142ywowych<br \/>\nniewiast i znaczniejszych obywateli.\n<\/div>\n<div align=\"justify\" style=\"line-height: 150%; margin-bottom: 0cm; text-indent: 1.3cm;\">\nPo<br \/>\nraz kolejny wi\u0119c okazuje si\u0119, \u017ce <b>nie wystarczy samo dzia\u0142anie<br \/>\n\u0142aski Bo\u017cej<\/b> i g\u0142oszenie Bo\u017cego s\u0142owa. I nawet ewidentne<br \/>\ncuda, jakich B\u00f3g tak\u017ce w naszych czasach niema\u0142o dokonuje \u2013 to<br \/>\nwszystko nie wystarczy do osi\u0105gni\u0119cia zbawienia, je\u017celi cz\u0142owiek<br \/>\nt<b>ych dar\u00f3w Bo\u017cych nie przyjmie.<\/b> Je\u017celi nie us\u0142yszy S\u0142owa,<br \/>\nje\u017celi nie we\u017amie go sobie do serca, je\u017celi go nie zaakceptuje.\n<\/div>\n<div align=\"justify\" style=\"line-height: 150%; margin-bottom: 0cm; text-indent: 1.3cm;\">\nZ<br \/>\nkolei Ewangelia dzisiejsza zwraca nam uwag\u0119 na jeszcze jeden<br \/>\nproblem. Oto Filip prosi Jezusa, aby Ten pokaza\u0142 im Ojca. Na to<br \/>\nJezus odpowiada: <i><b>Filipie, tak d\u0142ugo jestem z wami, a jeszcze<br \/>\nMnie nie pozna\u0142e\u015b? Kto Mnie zobaczy\u0142, zobaczy\u0142 tak\u017ce i Ojca.<br \/>\nDlaczego wi\u0119c m\u00f3wisz: \u00abPoka\u017c nam Ojca\u00bb? Czy nie wierzysz, \u017ce Ja<br \/>\njestem w Ojcu, a Ojciec we Mnie? S\u0142\u00f3w tych, kt\u00f3re wam m\u00f3wi\u0119, nie<br \/>\nwypowiadam od siebie. Ojciec, kt\u00f3ry trwa we Mnie, On sam dokonuje<br \/>\ntych dzie\u0142. Wierzcie Mi, \u017ce Ja jestem w Ojcu, a Ojciec we Mnie.<br \/>\nJe\u017celi za\u015b nie, wierzcie przynajmniej ze wzgl\u0119du na same dzie\u0142a. <\/b><\/i>\n<\/div>\n<div align=\"justify\" style=\"line-height: 150%; margin-bottom: 0cm; text-indent: 1.3cm;\">\nCzy\u017c<br \/>\nnie jest to \u2013 ze strony Jezusa \u2013 wielkie wo\u0142anie <b>o odwag\u0119<br \/>\nwiary?<\/b> Wiary we wszystko, co On sam m\u00f3wi i czego naucza? I<br \/>\njednocze\u015bnie \u2013 o wielk\u0105 otwarto\u015b\u0107 umys\u0142u, o bystr\u0105 obserwacj\u0119<br \/>\ni <b>po prostu: <\/b><b>o <\/b><b>trze\u017awe my\u015blenie?<\/b> Przecie\u017c<br \/>\ngdyby Filip nieco <b>dok\u0142adniej i wnikliwiej<\/b> obserwowa\u0142 i<br \/>\nanalizowa\u0142 to wszystko, czego Jezus dokonuje i s\u0142ucha\u0142 uwa\u017cniej<br \/>\ntego, co m\u00f3wi \u2013 czy zada\u0142by dzisiaj takie pytanie?<\/div>\n<div align=\"justify\" style=\"line-height: 150%; margin-bottom: 0cm; text-indent: 1.3cm;\">\nPrzeto<br \/>\nwyprowadzamy z dzisiejszych czyta\u0144 t\u0119 lekcj\u0119, \u017ce aby Jezus m\u00f3g\u0142<br \/>\nw naszym \u017cyciu jak najwi\u0119cej dzia\u0142a\u0107 i jak najwi\u0119cej nam<br \/>\npowiedzie\u0107, aby m\u00f3g\u0142 dotrze\u0107 do nas ze swoim \u2013 nazwijmy to tak<br \/>\n\u2013 <b>przekazem zbawczym,<\/b> potrzeba z naszej strony <b>otwartego<br \/>\ni pozbawionego uprzedze\u0144 serca oraz trze\u017awego i ch\u0142onnego, umys\u0142u.<br \/>\n<\/b>\n<\/div>\n<div align=\"justify\" style=\"line-height: 150%; margin-bottom: 0cm; text-indent: 1.3cm;\">\nA<br \/>\nm\u00f3wimy to zar\u00f3wno w odniesieniu co codziennym, takich<br \/>\n\u201ezwyczajnych\u201d, <b>drobnych sygna\u0142\u00f3w,<\/b> jakie Pan do nas<br \/>\nwysy\u0142a, jak r\u00f3wnie\u017c w odniesieniu do tych <b>wielkich znak\u00f3w, <\/b>o<br \/>\nkt\u00f3rych m\u00f3wi ca\u0142y \u015bwiat. I to nieraz \u2013 od bardzo wielu lat.<br \/>\nTak\u017ce o tym, kt\u00f3ry dzi\u015b szczeg\u00f3lnie wspominamy.<\/div>\n<div align=\"justify\" style=\"line-height: 150%; margin-bottom: 0cm; text-indent: 1.3cm;\">\nOto<br \/>\nsto lat temu Matka Bo\u017ca objawi\u0142a si\u0119 trojgu ubogim Pastuszkom w<br \/>\nFatimie: dziesi\u0119cioletniej <b>\u0141ucji <\/b><b>dos Santos<\/b> i jej<br \/>\nkuzynom \u2013 dziewi\u0119cioletniemu <b>Franciszkowi<\/b> i jego siostrze,<br \/>\nsiedmioletniej <b>Hiacyn<\/b><b>cie Marto<\/b><b>.<\/b><\/div>\n<div align=\"justify\" style=\"line-height: 150%; margin-bottom: 0cm; text-indent: 1.3cm;\">\nSwoistym<br \/>\nprzygotowaniem do tych wielkich wydarze\u0144 by\u0142o \u2013 maj\u0105ce miejsce <b>w<br \/>\nroku 1916 \u2013 trzykrotne <\/b><b>objawienie si\u0119<\/b><b> Anio\u0142a.<\/b><br \/>\nPierwsze z tych\u017ce objawie\u0144 dokona\u0142o si\u0119 w Loca do Cabe\u00e7o.<br \/>\nNiebieski Pos\u0142aniec powiedzia\u0142 w\u00f3wczas do Pastuszk\u00f3w: <b>\u201eNie<br \/>\nb\u00f3jcie si\u0119, jestem Anio\u0142em Pokoju\u201d. <\/b>Nied\u0142ugo potem zjawi\u0142<br \/>\nsi\u0119 po raz drugi, by wezwa\u0107 Dzieci do sk\u0142adania ofiar ze swych<br \/>\ncodziennych cierpie\u0144 i trudno\u015bci.\n<\/div>\n<div align=\"justify\" style=\"line-height: 150%; margin-bottom: 0cm; text-indent: 1.3cm;\">\nA<br \/>\nw kilka miesi\u0119cy p\u00f3\u017aniej mia\u0142o miejsce trzecie objawienie, w<br \/>\ntrakcie kt\u00f3rego nauczy\u0142 on Dzieci takiej oto modlitwy uwielbienia<br \/>\nJezusa w Naj\u015bwi\u0119tszym Sakramencie: \u201eTr\u00f3jco Przenaj\u015bwi\u0119tsza,<br \/>\nOjcze, Synu, Duchu \u015awi\u0119ty, uwielbiam Ci\u0119 ze czci\u0105 najg\u0142\u0119bsz\u0105.<br \/>\n<b>Ofiaruj\u0119 Ci przenajdro\u017csze Cia\u0142o, Krew, Dusz\u0119 i B\u00f3stwo Pana<br \/>\nnaszego Jezusa Chrystusa,<\/b> obecnego na wszystkich o\u0142tarzach<br \/>\n\u015bwiata, na przeb\u0142aganie za zniewagi, \u015bwi\u0119tokradztwa i<br \/>\nzaniedbania, kt\u00f3re Go obra\u017caj\u0105. Przez niezmierzone zas\u0142ugi Jego<br \/>\nNaj\u015bwi\u0119tszego Serca i Niepokalanego Serca Maryi prosz\u0119 Was o<br \/>\nnawr\u00f3cenie biednych grzesznik\u00f3w.\u201d\n<\/div>\n<div align=\"justify\" style=\"line-height: 150%; margin-bottom: 0cm; text-indent: 1.3cm;\">\nMoi<br \/>\nDrodzy, czy zauwa\u017camy <b>podobie\u0144stwo tej modlitwy<\/b> do tej,<br \/>\nkt\u00f3rej Jezus nauczy\u0142 Siostr\u0119 Faustyn\u0119, a kt\u00f3r\u0105 my obecnie<br \/>\npowtarzamy w Koronce do Bo\u017cego mi\u0142osierdzia?\n<\/div>\n<div align=\"justify\" style=\"line-height: 150%; margin-bottom: 0cm; text-indent: 1.3cm;\">\nNast\u0119pnie<br \/>\nAnio\u0142 udzieli\u0142 Dzieciom Komunii \u015awi\u0119tej, m\u00f3wi\u0105c: \u201ePrzyjmijcie<br \/>\nCia\u0142o i Krew Jezusa Chrystusa, okropnie zniewa\u017canego przez<br \/>\nniewdzi\u0119cznych ludzi. <b>Wynagrod\u017acie ich grzechy i pocieszajcie<br \/>\nwaszego Boga!\u201d<\/b><\/div>\n<div align=\"justify\" style=\"line-height: 150%; margin-bottom: 0cm; text-indent: 1.3cm;\">\nI<br \/>\ntak<br \/>\nprzyszed\u0142 rok 1917, kiedy to 13 maja, w<br \/>\n<strong>Cova<br \/>\nda Iria,<\/strong><br \/>\nmia\u0142o miejsce pierwsze objawienie<br \/>\nsi\u0119 Matki Bo\u017cej. W<br \/>\njego trakcie<br \/>\nMaryja powiedzia\u0142a<br \/>\nDzieciom:<br \/>\n\u201eNie<br \/>\nb\u00f3jcie si\u0119\u2026 Jestem z Nieba\u2026 <b>Odmawiajcie<br \/>\ncodziennie <\/b><b>R<\/b><b>\u00f3\u017caniec,<br \/>\naby wyprosi\u0107 pok\u00f3j dla \u015bwiata\u2026<\/b><br \/>\nI<br \/>\npoprosi\u0142a,<br \/>\naby ca\u0142a Tr\u00f3jka przychodzi\u0142a w to miejsce przez <b>sze\u015b\u0107<br \/>\nkolejnych miesi\u0119cy, 13 dnia, o tej samej godzinie.<\/b><\/div>\n<div align=\"justify\" style=\"line-height: 150%; margin-bottom: 0cm; text-indent: 1.3cm;\">\nSpe\u0142niaj\u0105c<br \/>\nt\u0119 pro\u015bb\u0119, Dzieci przyby\u0142y tam <b>13<br \/>\nczerwca i wtedy dokona\u0142o si\u0119 d<\/b><b>rugie<br \/>\nobjawienie,<\/b><br \/>\nw kt\u00f3rym Matka Naj\u015bwi\u0119tsza ponowi\u0142a<br \/>\npro\u015bb\u0119 o odmawianie R\u00f3\u017ca\u0144ca i poleci\u0142a<br \/>\nPastuszkom,<br \/>\nby<br \/>\nuczy\u0142y<br \/>\nsi\u0119 czyta\u0107, gdy\u017c chce si\u0119 nimi pos\u0142u\u017cy\u0107 do rozpowszechniania<br \/>\nnabo\u017ce\u0144stwa do swego<br \/>\nNiepokalanego<br \/>\nSerca.<\/div>\n<div align=\"justify\" style=\"line-height: 150%; margin-bottom: 0cm; text-indent: 1.3cm;\">\nW<br \/>\ndniu <b>13<br \/>\nlipca, <\/b>w<br \/>\ntrakcie trzeciego objawienia, Maryja powierzy\u0142a Dzieciom sk\u0142adaj\u0105c\u0105<br \/>\nsi\u0119 <b>z<br \/>\ntrzech cz\u0119\u015bci tajemnic\u0119.<\/b><br \/>\nPierwsza jej cz\u0119\u015b\u0107 zawiera\u0142a wizj\u0119 piek\u0142a i wezwanie do<br \/>\nratowania grzesznik\u00f3w, w drugiej cz\u0119\u015bci Maryja ukaza\u0142a znaczenie<br \/>\ni rol\u0119 nabo\u017ce\u0144stwa do swego Niepokalanego Serca, za\u015b <b>trzecia<br \/>\ncz\u0119\u015b\u0107, zawiera<\/b><b>j\u0105ca<\/b><b><br \/>\nbardzo przejmuj\u0105c\u0105 wizj\u0119,<\/b><br \/>\npozosta\u0142a ukryta a\u017c do roku 2000.<\/div>\n<div align=\"justify\" style=\"line-height: 150%; margin-bottom: 0cm; text-indent: 1.3cm;\">\nKolejne,<br \/>\nczwarte objawienie, nie mog\u0142o si\u0119 dokona\u0107 13 sierpnia, gdy\u017c tego<br \/>\ndnia <b>Dzieci<br \/>\nby\u0142y wi\u0119zione<\/b><br \/>\nprzez miejscowe w\u0142adze, chc\u0105ce w ten spos\u00f3b ukr\u00f3ci\u0107 rozszerzanie<br \/>\nsi\u0119 fa\u0142szywych \u2013 ich zdaniem \u2013 wie\u015bci i zwi\u0105zane z nimi<br \/>\nporuszenie.<br \/>\nDlatego spotkanie z Maryj\u0105 dokona\u0142o si\u0119 kilka dni p\u00f3\u017aniej, ju\u017c<br \/>\npo uwolnieniu Dzieci,<br \/>\nw dniu <b>19<br \/>\nsierp<\/b><b>n<\/b><b>ia<br \/>\n\u2013 i w innym, ni\u017c zwykle miejscu, bo <\/b><b>w<br \/>\nValinhos.<\/b><br \/>\nMatka Bo\u017ca prosi\u0142a<br \/>\nw\u00f3wczas<br \/>\no odmawianie<br \/>\nR\u00f3\u017ca\u0144ca<br \/>\ni sk\u0142adanie<br \/>\nofiar wynagradzaj\u0105cych<br \/>\nza grzesznik\u00f3w, id\u0105cych do piek\u0142a. Zapowiedzia\u0142a<br \/>\njednocze\u015bnie,<br \/>\n\u017ce w pa\u017adzierniku uczyni wielki cud.<\/div>\n<div align=\"justify\" style=\"line-height: 150%; margin-bottom: 0cm; text-indent: 1.3cm;\">\nPi\u0105te<br \/>\nobjawienie dokona\u0142o si\u0119 ju\u017c w sta\u0142ym miejscu, w dniu <b>13<br \/>\nwrze\u015bnia.<\/b><br \/>\nMaryja<br \/>\nzapewni\u0142a<br \/>\nw jego trakcie,<br \/>\n\u017ce <b>B\u00f3g<br \/>\njest zadowolony<\/b><br \/>\nz modlitw i ofiar sk\u0142adanych przez dzieci.<\/div>\n<div align=\"justify\" style=\"line-height: 150%; margin-bottom: 0cm; text-indent: 1.3cm;\">\nSz\u00f3ste<br \/>\ni ostatnie objawienie ca\u0142ej<br \/>\nTr\u00f3jce mia\u0142o<br \/>\nmiejsce <b>13<br \/>\npa\u017adziernika.<\/b><br \/>\nWtedy to <strong>wydarzy\u0142<br \/>\nsi\u0119 wielki cud, nazwany <\/strong><strong><b>\u201eta\u0144cem<br \/>\ns\u0142o\u0144ca\u201d, <\/b><\/strong><strong>ogl\u0105dany<br \/>\nprzez siedemdziesi\u0105t, a wed\u0142ug niekt\u00f3rych relacji: sto tysi\u0119cy<br \/>\n\u015bwiadk\u00f3w. Cud ten zosta\u0142 opisany przez \u00f3wczesne gazety<br \/>\nnast\u0119puj\u0105co: \u201eS\u0142o\u0144ce jest podobne do matowej, srebrnej blaszki<br \/>\ni mo\u017cna patrze\u0107 na nie bez najmniejszego trudu. Nie razi w oczy,<br \/>\nnie o\u015blepia. Mo\u017cna by powiedzie\u0107, \u017ce to za\u0107mienie. <\/strong><strong><b>S\u0142o\u0144ce<br \/>\nzadr\u017ca\u0142o, wykona\u0142o gwa\u0142towne ruchy,<\/b><\/strong><strong><br \/>\njakich nigdy dotychczas nie obserwowano, wykraczaj\u0105ce poza wszelkie<br \/>\nprawa kosmiczne\u2026 <\/strong><strong><b>S\u0142o\u0144ce<br \/>\n\u00abta\u0144czy\u0142o\u00bb\u2026\u201d.<\/b><\/strong><strong><br \/>\n<\/strong>\n<\/div>\n<div align=\"justify\" style=\"line-height: 150%; margin-bottom: 0cm; text-indent: 1.3cm;\">\n<strong>Zjawiska<br \/>\ntego nie zarejestrowa\u0142o \u017cadne obserwatorium astronomiczne \u2013 w<br \/>\nzwi\u0105zku z tym, nie mo\u017cna go nazwa\u0107 naturalnym \u2013 a jednak zosta\u0142o<br \/>\n<\/strong><strong><b>zaobserwowane<br \/>\nprzez tysi\u0105ce os\u00f3b: <\/b><\/strong><strong>wierz\u0105cych<br \/>\ni niewierz\u0105cych, dziennikarzy oraz przez ludzi, kt\u00f3rzy znajdowali<br \/>\nsi\u0119 w odleg\u0142o\u015bci wielu kilometr\u00f3w, co dowodzi, \u017ce nie by\u0142o to<br \/>\nzbiorowe przywidzenie. <\/strong>\n<\/div>\n<div align=\"justify\" style=\"line-height: 150%; margin-bottom: 0cm; text-indent: 1.3cm;\">\n<strong>Przed<br \/>\ntym cudem Maryja powiedzia\u0142a: <\/strong><strong><b>\u201e<\/b><\/strong><strong><b>Jestem<\/b><\/strong><strong><br \/>\n<\/strong><strong><b>Matk\u0105<\/b><\/strong><strong><br \/>\n<\/strong><strong><b>Bosk\u0105<\/b><\/strong><strong><br \/>\n<\/strong><strong><b>R\u00f3\u017ca\u0144cow\u0105!<\/b><\/strong><strong><br \/>\nChc\u0119, aby w tym miejscu wzniesiono na moj\u0105 cze\u015b\u0107 kaplic\u0119; aby<br \/>\nnie zaprzestano codziennego odmawiania R\u00f3\u017ca\u0144ca; aby nie zniewa\u017cano<br \/>\nju\u017c Boga, naszego Pana\u2026\u201d. W czasie tego objawienia u boku Matki<br \/>\nBo\u017cej stal <\/strong><strong>\u015a<\/strong><strong>wi\u0119ty<br \/>\nJ\u00f3zef i Dzieci\u0105tko Jezus. <\/strong>\n<\/div>\n<div align=\"justify\" style=\"line-height: 150%; margin-bottom: 0cm; text-indent: 1.3cm;\">\n<b>Franciszek<br \/>\nzmar\u0142 w dwa lata p\u00f3\u017aniej, 4 kwietnia 1919 r<\/b><b>oku<\/b><b>,<br \/>\na jego siostra Hiacynta \u2013 20 lutego 1920 r<\/b><b>oku<\/b><b>.<\/b><br \/>\n<strong>Natomiast<br \/>\n\u0141ucji Naj\u015bwi\u0119tsza Panna ukaza\u0142a si\u0119 jeszcze w roku 1925, 1926 i<br \/>\n1929, aby prosi\u0107 j\u0105 o obchodzenie <\/strong><strong><b>pierwszych<br \/>\nsob\u00f3t miesi\u0105ca<\/b><\/strong><strong><br \/>\n\u2013 poprzez odmawianie R\u00f3\u017ca\u0144ca, Spowied\u017a i Komuni\u0119 \u015awi\u0119t\u0105 w<br \/>\nintencji naprawienia zniewag wyrz\u0105dzonych Niepokalanemu Sercu Mary<\/strong><strong>i<\/strong><strong>.<br \/>\n<\/strong>\u0141ucja<br \/>\nprze\u017cy\u0142a dziewi\u0119\u0107dziesi\u0105t<br \/>\nosiem<br \/>\nlat i <b>zmar\u0142a<br \/>\n1<\/b><b>3<\/b><b><br \/>\nlutego 2005 <\/b><b>roku<\/b><b>,<\/b><br \/>\nw klasztorze w Coimbrze.\n<\/div>\n<div align=\"justify\" style=\"line-height: 150%; margin-bottom: 0cm; text-indent: 1.3cm;\">\nA<br \/>\noto jak sama Siostra \u0141ucja relacjonowa\u0142a <b>przes\u0142anie<br \/>\ntajemnic fatimskich<\/b><br \/>\nw pi\u015bmie, datowanym na 31<br \/>\nsierpnia 1941 roku, a skierowanym<br \/>\ndo<br \/>\nBiskupa Fatimy:<\/div>\n<div align=\"justify\" style=\"line-height: 150%; margin-bottom: 0cm; text-indent: 1.3cm;\">\n<strong style=\"text-indent: 49.1339px;\">\u201e<\/strong>Tajemnica<br \/>\nsk\u0142ada si\u0119 z trzech odmiennych cz\u0119\u015bci. Z tych dwie teraz wyjawi\u0119.<br \/>\n<b>Pierwsz\u0105 wi\u0119c by\u0142a wizja piek\u0142a.<\/b> Nasza Pani pokaza\u0142a nam<br \/>\nmorze ognia, kt\u00f3re wydawa\u0142o si\u0119 znajdowa\u0107 w g\u0142\u0119bi ziemi;<br \/>\nwidzieli\u015bmy zanurzone w tym morzu <b>demony i dusze niczym<br \/>\nprzezroczyste,<\/b> p\u0142on\u0105ce w\u0119gle, czarne lub brunatne, maj\u0105ce<br \/>\nludzk\u0105 posta\u0107, p\u0142ywaj\u0105ce w po\u017carze, unoszone przez p\u0142omienie,<br \/>\nkt\u00f3re z nich wydobywa\u0142y si\u0119 wraz z k\u0142\u0119bami dymu, padaj\u0105c na<br \/>\nwszystkie strony jak iskry w czasie wielkich po\u017car\u00f3w, pozbawione<br \/>\nci\u0119\u017caru i r\u00f3wnowagi, <b>w\u015br\u00f3d bolesnego wycia i j\u0119k\u00f3w<br \/>\nrozpaczy,<\/b> tak \u017ce byli\u015bmy przera\u017ceni i dr\u017celi\u015bmy ze strachu.<\/div>\n<div align=\"justify\" style=\"line-height: 150%; margin-bottom: 0cm; text-indent: 1.3cm;\">\nDemony<br \/>\nmia\u0142y straszne i obrzydliwe kszta\u0142ty wstr\u0119tnych, nieznanych<br \/>\nzwierz\u0105t, lecz i one by\u0142y przejrzyste i czarne. Ten widok trwa\u0142<br \/>\ntylko chwil\u0119. <b>Dzi\u0119ki niech b\u0119d\u0105 naszej dobrej Matce<br \/>\nNaj\u015bwi\u0119tszej,<\/b> kt\u00f3ra nas przedtem uspokoi\u0142a obietnic\u0105, \u017ce<br \/>\nnas zabierze do Nieba. Bo gdyby tak nie by\u0142o, s\u0105dz\u0119, \u017ce byliby\u015bmy<br \/>\numarli z l\u0119ku i przera\u017cenia.<\/div>\n<div align=\"justify\" style=\"line-height: 150%; margin-bottom: 0cm; text-indent: 1.3cm;\">\nNast\u0119pnie<br \/>\npodnie\u015bli\u015bmy oczy ku Naszej<br \/>\nPani, kt\u00f3ra nam powiedzia\u0142a z dobroci\u0105 i ze smutkiem:<br \/>\n\u00abWidzieli\u015bcie piek\u0142o, dok\u0105d id\u0105 dusze biednych grzesznik\u00f3w. <b>Aby<br \/>\nich ratowa\u0107, B\u00f3g chce ustanowi\u0107 na \u015bwiecie nabo\u017ce\u0144stwo do mego<br \/>\nNiepokalanego Serca. <\/b>Je\u015bli<br \/>\nzrobi si\u0119 to, co ja wam m\u00f3wi\u0119, wiele dusz zostanie uratowanych,<br \/>\nnastanie pok\u00f3j na \u015bwiecie.\n<\/div>\n<div align=\"justify\" style=\"line-height: 150%; margin-bottom: 0cm; text-indent: 1.3cm;\">\nWojna<br \/>\nsi\u0119 sko\u0144czy. Ale je\u017celi si\u0119 nie przestanie obra\u017ca\u0107 Boga, to za<br \/>\npontyfikatu Piusa XI <b>rozpocznie<br \/>\nsi\u0119 druga, gorsza. <\/b>Kiedy<br \/>\nujrzycie noc o\u015bwietlon\u0105 przez nieznane \u015bwiat\u0142o, wiedzcie, \u017ce to<br \/>\njest wielki znak, kt\u00f3ry wam B\u00f3g daje, \u017ce ukarze \u015bwiat za jego<br \/>\nzbrodnie przez wojn\u0119, g\u0142\u00f3d i prze\u015bladowania Ko\u015bcio\u0142a i Ojca<br \/>\n\u015awi\u0119tego. \u017beby temu zapobiec, przyjd\u0119, by \u017c\u0105da\u0107 <b>po\u015bwi\u0119cenia<br \/>\nRosji memu Niepokalanemu Sercu i ofiarowania Komunii <\/b><b>\u015awi\u0119tej<\/b><b><br \/>\nw pierwsze soboty<\/b><br \/>\nna zado\u015b\u0107uczynienie. Je\u017celi ludzie me \u017cyczenia spe\u0142ni\u0105, Rosja<br \/>\nnawr\u00f3ci si\u0119 i zapanuje pok\u00f3j.\n<\/div>\n<div align=\"justify\" style=\"line-height: 150%; margin-bottom: 0cm; text-indent: 1.3cm;\">\n<b>Je\u017celi<br \/>\nnie \u2013 Rosja rozszerzy swoje b\u0142\u0119dne nauki po \u015bwiecie,<\/b><br \/>\nwywo\u0142uj\u0105c wojny i prze\u015bladowania Ko\u015bcio\u0142a. Dobrzy b\u0119d\u0105<br \/>\nm\u0119czeni, Ojciec \u015awi\u0119ty b\u0119dzie bardzo cierpie\u0107, wiele narod\u00f3w<br \/>\nzostanie zniszczonych, na koniec zatriumfuje moje Niepokalane Serce.<br \/>\n<b>Ojciec<br \/>\n\u015awi\u0119ty po\u015bwi\u0119ci mi Rosj\u0119,<\/b><br \/>\nkt\u00f3ra si\u0119 nawr\u00f3ci, a dla \u015bwiata nastanie okres pokoju\u201d.\n<\/div>\n<div align=\"justify\" style=\"line-height: 150%; margin-bottom: 0cm; text-indent: 1.3cm;\">\nUzupe\u0142niaj\u0105c<br \/>\npowy\u017csze zapisy <b>w<br \/>\ndniu 8 grudnia 1941 roku,<\/b><br \/>\nWizjonerka zacytowa\u0142a jeszcze takie oto s\u0142owa Matki Bo\u017cej: \u201eKiedy<br \/>\nodmawiacie R\u00f3\u017caniec,<br \/>\nm\u00f3wcie po ka\u017cdej tajemnicy: <b>\u00ab<\/b><b>O<br \/>\nm\u00f3j Jezu, przebacz nam nasze grzechy, <\/b>zachowaj<br \/>\nnas od ognia piekielnego, zaprowad\u017a wszystkie dusze do Nieba,<br \/>\na szczeg\u00f3lnie te, kt\u00f3re najbardziej potrzebuj\u0105 Twojego<br \/>\nmi\u0142osierdzia\u00bb\u201d.<\/div>\n<div align=\"justify\" style=\"line-height: 150%; margin-bottom: 0cm; text-indent: 1.3cm;\">\nTrzeci\u0105<br \/>\ncz\u0119\u015b\u0107 tajemnicy Siostra<br \/>\n\u0141ucja<br \/>\nr\u00f3wnie\u017c spisa\u0142a,<br \/>\njednak przed przekazaniem Biskupowi Fatimy zapiecz\u0119towanej<br \/>\nkoperty z<br \/>\njej<br \/>\ntre\u015bci\u0105,<br \/>\nnapisa\u0142a na kopercie zewn\u0119trznej, \u017ce b\u0119dzie m\u00f3g\u0142 j\u0105 otworzy\u0107<br \/>\n<b>patriarcha<br \/>\nLizbony lub biskup <\/b><b>Fatimy<\/b><b><br \/>\ndopiero po r<\/b><b>oku<\/b><b><br \/>\n1960.<\/b><br \/>\nNa<br \/>\npytanie papieskiego wys\u0142annika, zadane<br \/>\nw trakcie rozmowy w<br \/>\nroku 2000:<br \/>\n\u201eDlaczego w\u0142a\u015bnie po roku<br \/>\n1960? Czy to Matka Bo\u017ca wyznaczy\u0142a t\u0119 dat\u0119?\u201d, Siostra \u0141ucja<br \/>\nodpowiedzia\u0142a:<br \/>\n\u201eTo nie Matka Bo\u017ca, ale ja sama umie\u015bci\u0142am ten<br \/>\nrok,<br \/>\n<b>bo<br \/>\nwed\u0142ug mojego rozeznania przed <\/b><b>rokiem<br \/>\n<\/b><b>1960<br \/>\nnie mo\u017cna by\u0142o tego zrozumie\u0107.<\/b><br \/>\nTeraz mo\u017cna zrozumie\u0107 lepiej. Ja opisa\u0142am to, co widzia\u0142am,<br \/>\ninterpretacja nie nale\u017cy do mnie, ale do Papie\u017ca\u201d.<\/div>\n<div align=\"justify\" style=\"line-height: 150%; margin-bottom: 0cm; text-indent: 1.3cm;\">\nJednak\u017ce<br \/>\nju\u017c <b>4<br \/>\nkwietnia 1957 r<\/b><b>oku<\/b><br \/>\nkoperta zosta\u0142a przekazana do Watykanu, do<br \/>\nTajnego<br \/>\nArchiwum \u015awi\u0119tego Oficjum, za\u015b<br \/>\ndwa<br \/>\nlata p\u00f3\u017aniej, <b>17<br \/>\nsierpnia 1959 roku, zosta\u0142a wr\u0119czona Ojcu \u015awi\u0119temu Janowi XXIII,<\/b><br \/>\nkt\u00f3ry zapozna\u0142 si\u0119 z jej tre\u015bci\u0105, razem ze swoim spowiednikiem.<br \/>\nW dniu <b>27<br \/>\nmarca 1965 roku, <\/b>jej<br \/>\ntre\u015b\u0107 przeczyta\u0142 Ojciec \u015awi\u0119ty <b>Pawe\u0142<br \/>\nVI.<\/b><br \/>\nA Jan Pawe\u0142 II dokona\u0142 tego w dwa miesi\u0105ce po zamachu na swoje<br \/>\n\u017cycie, <b>18<br \/>\nlipca 1981 roku.<\/b><br \/>\nCo ciekawe, ka\u017cdy z Papie\u017cy,<br \/>\npo zapoznaniu si\u0119 z tre\u015bci\u0105 trzeciej<br \/>\ncz\u0119\u015bci tajemnicy,<br \/>\nzamyka\u0142 kopert\u0119, ponownie piecz\u0119towa\u0142 i odsy\u0142a\u0142 do Archiwum<br \/>\n\u015awi\u0119tego Oficjum, <b>nie<br \/>\ndecyduj\u0105c si\u0119 na <\/b><b>jej<br \/>\n<\/b><b>publikacj\u0119.<br \/>\n<\/b>\n<\/div>\n<div align=\"justify\" style=\"line-height: 150%; margin-bottom: 0cm; text-indent: 1.3cm;\">\nNatomiast<br \/>\nJan Pawe\u0142 II postanowi\u0142 spe\u0142ni\u0107 pro\u015bb\u0119 Matki Naj\u015bwi\u0119tszej i<br \/>\ndlatego w dniu <b>25 marca 1984 roku,<\/b> na Placu \u015awi\u0119tego Piotra,<br \/>\n<b>zawierzy\u0142 Niepokalanemu Sercu Maryi wszystkie ludy i narody<br \/>\n\u015bwiata.<\/b> M\u00f3wi\u0142 wtedy: \u201eO Matko ludzi i lud\u00f3w, kt\u00f3ra znasz<br \/>\nwszystkie ich cierpienia i nadzieje, kt\u00f3ra <b>czujesz po<br \/>\nmacierzy\u0144sku<\/b> wszystkie zmagania mi\u0119dzy dobrem i z\u0142em,<br \/>\n\u015bwiat\u0142o\u015bci\u0105 i ciemno\u015bci\u0105, jakie wstrz\u0105saj\u0105 wsp\u00f3\u0142czesnym<br \/>\n\u015bwiatem \u2014 przyjmij nasze wo\u0142anie skierowane w Duchu<br \/>\nPrzenaj\u015bwi\u0119tszym wprost do Twojego Serca i ogarnij mi\u0142o\u015bci\u0105<br \/>\nMatki i S\u0142u\u017cebnicy Pa\u0144skiej <b>nasz ludzki \u015bwiat,<\/b> kt\u00f3ry<br \/>\nTobie zawierzamy i po\u015bwi\u0119camy, pe\u0142ni niepokoju o doczesny i<br \/>\nwieczny los ludzi i narod\u00f3w. Zawierzamy Ci i po\u015bwi\u0119camy zw\u0142aszcza<br \/>\ntych ludzi i te narody, kt\u00f3re <b>tego zawierzenia i po\u015bwi\u0119cenia<br \/>\nszczeg\u00f3lnie potrzebuj\u0105.\u201d <\/b>\n<\/div>\n<div align=\"justify\" style=\"line-height: 150%; margin-bottom: 0cm; text-indent: 1.3cm;\">\nA<br \/>\nw dalszej cz\u0119\u015bci tego\u017c aktu pad\u0142y nast\u0119puj\u0105ce s\u0142owa: \u201eMatko<br \/>\nKo\u015bcio\u0142a! O\u015bwiecaj Lud Bo\u017cy, id\u0105cy drogami wiary, nadziei i<br \/>\nmi\u0142o\u015bci! O\u015bwiecaj zw\u0142aszcza ludy, <b>kt\u00f3rych ofiarowania i<br \/>\nzawierzenia przez nas oczekujesz.<\/b> Pom\u00f3\u017c nam \u017cy\u0107 w prawdzie<br \/>\nofiary Chrystusa za ca\u0142\u0105 ludzk\u0105 rodzin\u0119 wsp\u00f3\u0142czesnego \u015bwiata.\u201d<\/p>\n<\/div>\n<div align=\"justify\" style=\"line-height: 150%; margin-bottom: 0cm; text-indent: 1.3cm;\">\nZe<br \/>\nwzgl\u0119du na trudny kontekst polityczny, <b>nie pad\u0142o w tym akcie<br \/>\nwprost s\u0142owo: \u201eRosja\u201d.<\/b> Jak s\u0142yszymy, Papie\u017c m\u00f3wi\u0142 o<br \/>\nkrajach, kt\u00f3re <b>\u201e<\/b><b>tego zawierzenia i po\u015bwi\u0119cenia<br \/>\nszczeg\u00f3lnie potrzebuj<\/b><b>\u0105\u201d.<\/b> Dlatego to podnios\u0142y si\u0119<br \/>\ng\u0142osy, i\u017c pro\u015bba Maryi nie zosta\u0142a spe\u0142niona, powsta\u0142a nawet<br \/>\ninicjatywa zbierania podpis\u00f3w pod petycj\u0105 do Ojca \u015awi\u0119tego, aby<br \/>\n<b>ponowi\u0142 \u00f3w akt i aby wprost u\u017cy\u0142 nazwy<\/b> wspomnianego kraju.<br \/>\nJednak\u017ce Siostra \u0141ucja \u2013 w li\u015bcie datowanym na 8 listopada 1989<br \/>\nroku \u2013 osobi\u015bcie potwierdzi\u0142a, \u017ce taki uroczysty i powszechny<br \/>\nakt po\u015bwi\u0119cenia odpowiada\u0142 temu, czego \u017c\u0105da\u0142a Matka Bo\u017ca.<br \/>\nStwierdzi\u0142a:<b> \u201eTak, zosta\u0142o uczynione, jak prosi\u0142a Nasza<br \/>\nPani.\u201d<\/b> Z tego powodu, wszelkie dyskusje i jakiekolwiek dalsze<br \/>\npetycje Kongregacja Nauki Wiary uzna\u0142a za bezpodstawne.<\/div>\n<div align=\"justify\" style=\"line-height: 150%; margin-bottom: 0cm; text-indent: 1.3cm;\">\nAle<br \/>\noto nadszed\u0142 <b>Rok Jubileuszowy 2000, <\/b>w trakcie kt\u00f3rego Jan<br \/>\nPawe\u0142 II postanowi\u0142 odwiedzi\u0107 Fatim\u0119. <b>13 maja<\/b> tego\u017c roku,<br \/>\nw czasie Mszy \u015awi\u0119tej, tam sprawowanej, <b>b<\/b><b>eatyfikowa\u0142<br \/>\nFranciszka i Hiacynt\u0119,<\/b> a w homilii \u2013 mi\u0119dzy innymi \u2013 m\u00f3wi\u0142<br \/>\ntak:<\/div>\n<div align=\"justify\" style=\"line-height: 150%; margin-bottom: 0cm; text-indent: 1.3cm;\">\n<strong style=\"text-indent: 49.1339px;\">\u201e<\/strong><b>Ile\u017c<br \/>\nofiar przyni\u00f3s\u0142 ostatni wiek drugiego tysi\u0105clecia!<\/b> Przychodz\u0105<br \/>\nna my\u015bl okropno\u015bci obydwu wojen \u015bwiatowych i innych konflikt\u00f3w w<br \/>\nwielu cz\u0119\u015bciach \u015bwiata, obozy koncentracyjne i obozy zag\u0142ady,<br \/>\ngu\u0142agi, czystki etniczne i prze\u015bladowania, terroryzm, uprowadzenia<br \/>\nos\u00f3b, narkomania, zamachy na \u017cycie nie narodzonych i na rodzin\u0119.<\/div>\n<div align=\"justify\" style=\"line-height: 150%; margin-bottom: 0cm; text-indent: 1.3cm;\">\n<b>Or\u0119dzie<br \/>\nFatimy wzywa do nawr\u00f3cenia, ostrzega ludzko\u015b\u0107,<\/b> aby nie stawa\u0142a<br \/>\npo stronie [apokaliptycznego] smoka, [\u2026]. Ostatecznym celem<br \/>\ncz\u0142owieka jest Niebo, jego prawdziwy dom, gdzie Ojciec niebieski<br \/>\noczekuje wszystkich z mi\u0142osiern\u0105 mi\u0142o\u015bci\u0105. [\u2026] Powodowana<br \/>\nmacierzy\u0144sk\u0105 trosk\u0105, Naj\u015bwi\u0119tsza Panna przyby\u0142a tutaj, do<br \/>\nFatimy, a\u017ceby <b>za\u017c\u0105da\u0107 od ludzi, by \u00abnie zniewa\u017cali wi\u0119cej<br \/>\nBoga, <\/b>naszego Pana, kt\u00f3ry dosy\u0107 ju\u017c zosta\u0142 zniewa\u017cony\u00bb.<br \/>\nPrzemawia, bo jako Matka boleje, kiedy zagro\u017cony jest los Jej<br \/>\ndzieci.\u201d<\/div>\n<div align=\"justify\" style=\"border: none; line-height: 150%; margin-bottom: 0cm; padding: 0cm; text-indent: 1.3cm;\">\nNa<br \/>\nzako\u0144czenie tej\u017ce liturgii \u2013 ku wielkiemu zaskoczeniu i jeszcze<br \/>\nwi\u0119kszej rado\u015bci zebranych wiernych \u2013 Sekretarz Stanu Stolicy<br \/>\nApostolskiej przedstawi\u0142 o\u015bwiadczenie, w kt\u00f3rym <b>og\u0142osi\u0142<br \/>\ndecyzj\u0119 Ojca \u015awi\u0119tego Jana Paw\u0142a II o ujawnieniu<\/b> trzeciej<br \/>\ncz\u0119\u015bci tajemnicy fatimskiej.\n<\/div>\n<div align=\"justify\" style=\"border: none; line-height: 150%; margin-bottom: 0cm; padding: 0cm; text-indent: 1.3cm;\">\nA<br \/>\noto jej <b>tre\u015b\u0107 \u2013 wed\u0142ug zapisu Siostry \u0141ucji,<\/b> dokonanego<br \/>\nw dniu <b>3 stycznia 1944 roku:<\/b> \u201ePo dw\u00f3ch cz\u0119\u015bciach, kt\u00f3re<br \/>\nju\u017c przedstawi\u0142am, zobaczyli\u015bmy po lewej stronie Naszej Pani nieco<br \/>\nwy\u017cej <b>Anio\u0142a trzymaj\u0105cego w lewej r\u0119ce ognisty miecz;<\/b><br \/>\niskrz\u0105c si\u0119, wyrzuca\u0142 j\u0119zyki ognia, kt\u00f3re zdawa\u0142o si\u0119, \u017ce<br \/>\npodpal\u0105 \u015bwiat. Ale gas\u0142y one w zetkni\u0119ciu z blaskiem, jaki<br \/>\n<b>promieniowa\u0142 z prawej r\u0119ki Naszej Pani<\/b> w jego kierunku;<br \/>\nAnio\u0142 wskazuj\u0105c praw\u0105 r\u0119k\u0105 ziemi\u0119, powiedzia\u0142 mocnym g\u0142osem:<br \/>\n<b>\u00ab<\/b><b>Pokuta, Pokuta,<br \/>\nPokuta!<\/b><b>\u00bb<\/b>\n<\/div>\n<div align=\"justify\" style=\"border: none; line-height: 150%; margin-bottom: 0cm; padding: 0cm; text-indent: 1.3cm;\">\nI<br \/>\nzobaczyli\u015bmy w nieogarnionym \u015bwietle, kt\u00f3rym jest B\u00f3g, co\u015b<br \/>\npodobnego do tego, jak widzi si\u0119 osoby w zwierciadle, kiedy<br \/>\nprzechodz\u0105 przed nim \u2013 <b>Biskupa odzianego w <\/b><b>b<\/b><b>iel.<\/b><br \/>\nMieli\u015bmy <b>przeczucie,<\/b> <b>\u017ce to jest Ojciec \u015awi\u0119ty.<\/b><br \/>\nWielu innych biskup\u00f3w, kap\u0142an\u00f3w, zakonnik\u00f3w i zakonnic,<br \/>\nwchodz\u0105cych na strom\u0105 g\u00f3r\u0119, na kt\u00f3rej <b>szczycie znajdowa\u0142 si\u0119<br \/>\nwielki Krzy\u017c<\/b> zbity z nieociosanych belek, jak gdyby z drzewa<br \/>\nkorkowego, pokrytego kor\u0105\u2026 Ojciec \u015awi\u0119ty, zanim tam dotar\u0142,<br \/>\nprzeszed\u0142 przez wielkie miasto w po\u0142owie zrujnowane i na po\u0142y<br \/>\ndr\u017c\u0105cy, chwiejnym krokiem, <b>udr\u0119czony b\u00f3lem i cierpieniem,<br \/>\nszed\u0142 modl\u0105c si\u0119 za dusze martwych ludzi,<\/b> kt\u00f3rych cia\u0142a<br \/>\nnapotyka\u0142 na swojej drodze.\n<\/div>\n<div align=\"justify\" style=\"border: none; line-height: 150%; margin-bottom: 0cm; padding: 0cm; text-indent: 1.3cm;\">\nDoszed\u0142szy<br \/>\ndo szczytu g\u00f3ry, kl\u0119cz\u0105c u st\u00f3p wielkiego Krzy\u017ca, <b>zosta\u0142<br \/>\nzabity przez grup\u0119 \u017co\u0142nierzy,<\/b> kt\u00f3rzy kilka razy ugodzili go<br \/>\npociskami z broni palnej i strza\u0142ami z \u0142uku; i w ten sam spos\u00f3b<br \/>\nzgin\u0119li jeden po drugim inni biskupi, kap\u0142ani, zakonnicy i<br \/>\nzakonnice oraz wiele os\u00f3b \u015bwieckich, m\u0119\u017cczyzn i kobiet r\u00f3\u017cnych<br \/>\nklas i pozycji. Pod dwoma ramionami Krzy\u017ca by\u0142y dwa Anio\u0142y, ka\u017cdy<br \/>\ntrzymaj\u0105cy w r\u0119ce <b>konewk\u0119 z kryszta\u0142u, do kt\u00f3rych zbierali<br \/>\nkrew M\u0119czennik\u00f3w<\/b> i ni\u0105 skrapiali dusze zbli\u017caj\u0105ce si\u0119 do<br \/>\nBoga.\u201d<\/div>\n<div align=\"justify\" style=\"line-height: 150%; margin-bottom: 0cm; text-indent: 1.3cm;\">\nTyle<br \/>\nz zapisu Siostry \u0141ucji, za\u015b Sekretarz Stanu, Kardyna\u0142 Angelo<br \/>\nSodano, we wspomnianym o\u015bwiadczeniu m\u00f3wi\u0142 tak: \u201eTekst ten jest<br \/>\n<b>zapisem proroczej wizji,<\/b> podobnym do proroctw biblijnych,<br \/>\nkt\u00f3re nie opisuj\u0105 szczeg\u00f3\u0142owo przysz\u0142ych wydarze\u0144, ale<br \/>\nsyntetycznie i zwi\u0119\u017ale ukazuj\u0105 na jednolitym tle <b>fakty odleg\u0142e<br \/>\nod siebie w czasie,<\/b> nie okre\u015blaj\u0105c dok\u0142adnie ich kolejno\u015bci<br \/>\nani d\u0142ugo\u015bci trwania. Tak wi\u0119c tekst ten nie mo\u017ce by\u0107 odczytany<br \/>\ninaczej, jak <b>tylko w kluczu symbolicznym.<\/b><\/div>\n<div align=\"justify\" style=\"line-height: 150%; margin-bottom: 0cm; text-indent: 1.3cm;\">\nWizja<br \/>\nfatimska dotyczy przede wszystkim <b>walki system\u00f3w ateistycznych<br \/>\nprzeciw Ko\u015bcio\u0142owi i chrze\u015bcijanom <\/b>oraz opisuje <b>niezmierne<br \/>\ncierpienia \u015bwiadk\u00f3w wiary<\/b> w stuleciu zamykaj\u0105cym drugie<br \/>\nmillennium. Jest to nieko\u0144cz\u0105ca si\u0119 Droga Krzy\u017cowa, kt\u00f3rej<br \/>\nprzewodnicz\u0105 Papie\u017ce dwudziestego wieku. Wed\u0142ug interpretacji<br \/>\nsamych Pastuszk\u00f3w, potwierdzonej te\u017c niedawno przez Siostr\u0119 \u0141ucj\u0119,<br \/>\n<b>\u00ab<\/b><b>B<\/b><b>iskup odziany w biel\u00bb, kt\u00f3ry modli si\u0119 za<br \/>\nwszystkich wiernych, to Papie\u017c.<\/b> R\u00f3wnie\u017c on, krocz\u0105c z trudem<br \/>\nku Krzy\u017cowi po\u015br\u00f3d cia\u0142 zabitych m\u0119czennik\u00f3w, [\u2026] pada na<br \/>\nziemi\u0119 jak martwy, ra\u017cony strza\u0142ami z broni palnej.<\/div>\n<div align=\"justify\" style=\"line-height: 150%; margin-bottom: 0cm; text-indent: 1.3cm;\">\nPo<br \/>\nzamachu w dniu 13 maja 1981 roku, Ojciec \u015awi\u0119ty jest bardzo mocno<br \/>\nprzekonany, \u017ce to <b>\u00abmacierzy\u0144ska d\u0142o\u0144 kierowa\u0142a<\/b> <b>biegiem<\/b><br \/>\n<b>tej kuli\u00bb,<\/b> dzi\u0119ki czemu \u00abPapie\u017c w agonii\u00bb zdo\u0142a\u0142 si\u0119<br \/>\n<b>zatrzyma\u0107 na \u00abprogu \u015bmierci\u00bb.<\/b> Przy okazji pobytu w Rzymie<br \/>\n\u00f3wczesnego biskupa Fatimy, Papie\u017c postanowi\u0142 <b>przekaza\u0107 mu<br \/>\nkul\u0119,<\/b> kt\u00f3ra pozosta\u0142a w papieskim samochodzie po zamachu, aby<br \/>\nprzechowywano j\u0105 w Sanktuarium. Z inicjatywy biskupa, zosta\u0142a ona<br \/>\npotem <b>umieszczona w koronie<\/b> wie\u0144cz\u0105cej statu\u0119 Matki Bo\u017cej<br \/>\nFatimskiej.<\/div>\n<div align=\"justify\" style=\"border: none; line-height: 150%; margin-bottom: 0cm; padding: 0cm; text-indent: 1.3cm;\">\nWydarzenia<br \/>\nroku 1989 doprowadzi\u0142y p\u00f3\u017aniej \u2014 w Zwi\u0105zku Radzieckim i wielu<br \/>\nkrajach Europy Wschodniej \u2014 <b>do upadku re\u017cimu komunistycznego,<br \/>\nkt\u00f3ry g\u0142osi\u0142 ateizm.<\/b> R\u00f3wnie\u017c za to Ojciec \u015awi\u0119ty dzi\u0119kuje<br \/>\nz g\u0142\u0119bi serca Naj\u015bwi\u0119tszej Maryi Pannie. Jednak\u017ce w innych<br \/>\ncz\u0119\u015bciach \u015bwiata <b>nie usta\u0142y niestety ataki na Ko\u015bci\u00f3\u0142 i na<br \/>\nchrze\u015bcijan,<\/b> nios\u0105ce z sob\u0105 brzemi\u0119 cierpienia. Chocia\u017c<br \/>\nwydarzenia, do kt\u00f3rych odnosi si\u0119 trzecia cz\u0119\u015b\u0107 tajemnicy<br \/>\nfatimskiej, zdaj\u0105 si\u0119 ju\u017c nale\u017ce\u0107 do przesz\u0142o\u015bci, wezwanie<br \/>\nMaryi do pokuty i nawr\u00f3cenia, wypowiedziane na pocz\u0105tku<br \/>\ndwudziestego wieku, <b>pozostaje do dzi\u015b aktualne i pobudza do<br \/>\ndzia\u0142ania.\u201d<\/b> Tyle Kardyna\u0142 Sodano.\n<\/div>\n<div align=\"justify\" style=\"border: none; line-height: 150%; margin-bottom: 0cm; padding: 0cm; text-indent: 1.3cm;\">\nW<br \/>\npodobnym tonie wypowiedzia\u0142 si\u0119 Ojciec \u015awi\u0119ty <b>Benedykt XVI,<br \/>\n<\/b>kt\u00f3ry b\u0119d\u0105c w Fatimie w dniu <b>13 maja 2010 roku<\/b> i<br \/>\nsprawuj\u0105c tam Msz\u0119 \u015awi\u0119t\u0105, tak m\u00f3wi\u0142 w homilii: <b>\u201e<\/b><b>\u0141udzi<br \/>\nsi\u0119 ten, kto s\u0105dzi, \u017ce prorocka misja Fatimy si\u0119 zako\u0144czy\u0142a.<br \/>\n<\/b>Tutaj od\u017cywa plan Boga [\u2026]. Do rodziny ludzkiej, gotowej<br \/>\npo\u015bwi\u0119ci\u0107 swoje naj\u015bwi\u0119tsze wi\u0119zi <b>na o\u0142tarzu ma\u0142ostkowych<br \/>\negoizm\u00f3w<\/b> narodowych, rasowych, ideologicznych, grupowych i<br \/>\njednostkowych, przyby\u0142a z Niebios nasza b\u0142ogos\u0142awiona Matka,<br \/>\nproponuj\u0105c, \u017ce zaszczepi w sercach tych, kt\u00f3rzy Jej si\u0119 zawierz\u0105,<br \/>\n<b>mi\u0142o\u015b\u0107 Bo\u017c\u0105, p\u0142on\u0105c\u0105 w Jej sercu.\u201d<\/b><\/div>\n<div align=\"justify\" style=\"border: none; line-height: 150%; margin-bottom: 0cm; padding: 0cm; text-indent: 1.3cm;\">\nTak<br \/>\nBenedykt XVI m\u00f3wi\u0142 w roku 2010, a w roku 2000, jeszcze jako Prefekt<br \/>\nKongregacji Nauki Wiary, <b>w komentarzu teologicznym do tre\u015bci<br \/>\nfatimskich tajemnic<\/b> pisa\u0142 tak: \u201eMy\u015bl, \u017ce \u015bwiat mo\u017ce<br \/>\nsp\u0142on\u0105\u0107 w morzu ognia, nie jawi si\u0119 ju\u017c bynajmniej jako czysty<br \/>\nwytw\u00f3r fantazji: <b>cz\u0142owiek sam przez swoje wynalazki zgotowa\u0142 na<br \/>\nsiebie ognisty miecz.<\/b> Wizja wskazuje potem na si\u0142\u0119, kt\u00f3ra<br \/>\nprzeciwstawia si\u0119 mocy zniszczenia \u2014<b> ja\u015bniej\u0105ca blaskiem<br \/>\nposta\u0107 Matki Bo\u017cej<\/b> i pochodz\u0105ce w jaki\u015b spos\u00f3b od tego<br \/>\nblasku \u2014 <b>wezwanie do pokuty. <\/b>\n<\/div>\n<div align=\"justify\" style=\"border: none; line-height: 150%; margin-bottom: 0cm; padding: 0cm; text-indent: 1.3cm;\">\nW<br \/>\nten spos\u00f3b zostaje podkre\u015blone znaczenie wolno\u015bci cz\u0142owieka:<br \/>\n<b>przysz\u0142o\u015b\u0107 nie jest bynajmniej nieodwo\u0142alnie przes\u0105dzona,<\/b><br \/>\na obraz, kt\u00f3ry widzia\u0142y Dzieci, nie jest wcale filmem ukazuj\u0105cym z<br \/>\nwyprzedzeniem przysz\u0142o\u015b\u0107, w kt\u00f3rej <b>niczego ju\u017c nie mo\u017cna<br \/>\nzmieni\u0107. <\/b>W rzeczywisto\u015bci ca\u0142e widzenie odbywa si\u0119 wy\u0142\u0105cznie<br \/>\npo to, aby przypomnie\u0107 o wolno\u015bci i nada\u0107 jej konstruktywny<br \/>\nkierunek. Celem wizji nie jest zatem pokazanie filmu z przysz\u0142o\u015bci<br \/>\nju\u017c raz na zawsze ustalonej. <b>Jej cel jest dok\u0142adnie przeciwny<\/b><br \/>\n\u2014 ma ona mobilizowa\u0107 si\u0142y do przemiany ku dobru.\u201d<\/div>\n<div align=\"justify\" style=\"border: none; line-height: 150%; margin-bottom: 0cm; padding: 0cm; text-indent: 1.3cm;\">\nA<br \/>\nw dalszej cz\u0119\u015bci tej swojej wypowiedzi tak pisa\u0142: \u201eW wizji<br \/>\nr\u00f3wnie\u017c Papie\u017c zostaje zabity na drodze m\u0119czennik\u00f3w. Czy\u017c<br \/>\nOjciec \u015awi\u0119ty, kiedy po zamachu z 13 maja 1981 roku, poleci\u0142<br \/>\nprzynie\u015b\u0107 sobie tekst trzeciej tajemnicy, <b>m\u00f3g\u0142 nie rozpozna\u0107<br \/>\nw nim w\u0142asnego przeznaczenia?<\/b> Tamtego dnia znalaz\u0142 si\u0119 bardzo<br \/>\nblisko granicy \u015bmierci i sam tak wyja\u015bnia\u0142 potem swoje ocalenie:<br \/>\n\u00abmacierzy\u0144ska d\u0142o\u0144 kierowa\u0142a biegiem tej kuli i Papie\u017c w agonii<br \/>\nzatrzyma\u0142 si\u0119 na progu \u015bmierci\u00bb. Fakt, i\u017c \u00abmacierzy\u0144ska d\u0142o\u0144\u00bb<br \/>\nzmieni\u0142a bieg \u015bmierciono\u015bnego pocisku, jest tylko jeszcze jednym<br \/>\ndowodem na to, \u017ce <b>nie istnieje nieodwo\u0142alne przeznaczenie; <\/b>\u017ce<br \/>\nwiara i modlitwa to pot\u0119\u017cne si\u0142y, kt\u00f3re mog\u0105 oddzia\u0142ywa\u0107 na<br \/>\nhistori\u0119, i \u017ce ostatecznie <b>modlitwa okazuje si\u0119 pot\u0119\u017cniejsza<br \/>\nod pocisk\u00f3w, a wiara od dywizji.\u201d<\/b> Tyle Kardyna\u0142 Ratzinger.<\/div>\n<div align=\"justify\" style=\"border: none; line-height: 150%; margin-bottom: 0cm; padding: 0cm; text-indent: 1.3cm;\">\nNajpe\u0142niejszym<br \/>\nza\u015b podsumowaniem tych wszystkich refleksji jest zdanie<br \/>\nwypowiedziane przez Siostr\u0119 \u0141ucj\u0119 w dniu 17 listopada 2001 roku:<br \/>\n<b>\u201e<\/b><b>Modlitwa i pokuta <\/b>w po\u0142\u0105czeniu <b>z wielk\u0105 wiar\u0105<br \/>\n<\/b>w moc Bo\u017c\u0105 zbawi\u0105 \u015bwiat\u201d.\n<\/div>\n<div align=\"justify\" style=\"border: none; line-height: 150%; margin-bottom: 0cm; padding: 0cm; text-indent: 1.3cm;\">\nI<br \/>\nto jest, moi Drodzy, przes\u0142aniem Fatimy teraz, w obecnym czasie, w<br \/>\nroku 2017, w setn\u0105 rocznic\u0119 Objawie\u0144 \u2013 przes\u0142anie wci\u0105\u017c<br \/>\naktualne: <b>losy \u015bwiata nie s\u0105 z g\u00f3ry i ostatecznie <\/b><b>przes\u0105dzone<\/b><b>.<\/b><br \/>\nNad \u015bwiatem nie ci\u0105\u017cy jakie\u015b fatum, kt\u00f3re bez wzgl\u0119du na<br \/>\nwszystko musi sprowadzi\u0107 totaln\u0105 kl\u0119sk\u0119. Losy \u015bwiata kszta\u0142tuj\u0105<br \/>\nludzie \u2013 we wsp\u00f3\u0142pracy z Bogiem. W tym kontek\u015bcie, przes\u0142anie<br \/>\nFatimy \u2013 to <b>przes\u0142anie wielkiej nadziei i wielkiego Bo\u017cego<br \/>\nmi\u0142osierdzia,<\/b> ale to r\u00f3wnie\u017c przes\u0142anie <b>o ludzkiej<br \/>\nwolno\u015bci i odpowiedzialno\u015bci.<\/b> B\u00f3g chce ratowa\u0107 \u015bwiat i daje<br \/>\nmu kolejn\u0105 szans\u0119, otwiera przed nim dobre i pi\u0119kne perspektywy.\n<\/div>\n<div align=\"justify\" style=\"border: none; line-height: 150%; margin-bottom: 0cm; padding: 0cm; text-indent: 1.3cm;\">\n<b>Ale<br \/>\nnie zbawi cz\u0142owieka \u2013 wbrew samemu cz\u0142owiekowi! <\/b>Nasz \u015bwiat \u2013<br \/>\ni ten wielki \u015bwiat, i ten nasz, ma\u0142y, domowy, s\u0105siedzki,<br \/>\nparafialny, lokalny \u015bwiat \u2013 <b>mo\u017ce ocale\u0107. I mo\u017ce by\u0107<br \/>\nszcz\u0119\u015bliwy. <\/b>A mo\u017ce run\u0105\u0107 zupe\u0142nie w gruzach!<\/div>\n<div align=\"justify\" style=\"border: none; line-height: 150%; margin-bottom: 0cm; padding: 0cm; text-indent: 1.3cm;\">\n\u017beby<br \/>\njednak ocala\u0142 i coraz bardziej si\u0119 rozwija\u0142 i rozkwita\u0142, potrzeba<br \/>\nze strony cz\u0142owieka \u2013 ka\u017cdego bez wyj\u0105tku cz\u0142owieka \u2013 w\u0142a\u015bnie<br \/>\ntego, o co prosi\u0142a Matka Bo\u017ca w Fatimie, a co Siostra \u0141ucja<br \/>\nwyrazi\u0142a w tym jak\u017ce prostym, a jednak tak g\u0142\u0119bokim zdaniu, kt\u00f3re<br \/>\nprzed chwil\u0105 sobie przywo\u0142ali\u015bmy. Co jest zatem potrzebne, a wr\u0119cz<br \/>\nnieodzowne?<\/div>\n<div align=\"justify\" style=\"border: none; line-height: 150%; margin-bottom: 0cm; padding: 0cm; text-indent: 1.3cm;\">\n<b>Modlitwa<br \/>\ni pokuta <\/b>w po\u0142\u0105czeniu <b>z wielk\u0105 wiar\u0105 <\/b>w moc Bo\u017c\u0105!<\/div>\n","protected":false},"excerpt":{"rendered":"<p>Niech b\u0119dzie pochwalony Jezus Chrystus! Moi Drodzy, w dniu dzisiejszym urodziny prze\u017cywa Beata Warpas, nale\u017c\u0105ca w swoim czasie do Wsp\u00f3lnoty m\u0142odzie\u017cowej w Wojcieszkowie. Natomiast imieniny prze\u017cywa Ksi\u0105dz Robert Furman, bardzo \u017cyczliwy mi Kap\u0142an z Diecezji warszawsko \u2013 praskiej, oraz Ksi\u0105dz Robert J\u0119drych, kt\u00f3ry pochodzi z Parafii \u017belech\u00f3w, a kt\u00f3rego przygotowaniu do kap\u0142a\u0144stwa mog\u0142em si\u0119 przygl\u0105da\u0107, [&hellip;]<\/p>\n","protected":false},"author":1,"featured_media":0,"comment_status":"open","ping_status":"open","sticky":false,"template":"","format":"standard","meta":{"jetpack_post_was_ever_published":false,"_jetpack_newsletter_access":"","_jetpack_dont_email_post_to_subs":false,"_jetpack_newsletter_tier_id":0,"_jetpack_memberships_contains_paywalled_content":false,"_jetpack_memberships_contains_paid_content":false,"footnotes":""},"categories":[1],"tags":[],"class_list":["post-7662","post","type-post","status-publish","format-standard","hentry","category-bez-kategorii"],"yoast_head":"<!-- This site is optimized with the Yoast SEO plugin v25.1 - https:\/\/yoast.com\/wordpress\/plugins\/seo\/ -->\n<title>Modlitwa i pokuta - i wielka wiara w moc Bo\u017c\u0105! - Gaudium Et Spes<\/title>\n<meta name=\"robots\" content=\"index, follow, max-snippet:-1, max-image-preview:large, max-video-preview:-1\" \/>\n<link rel=\"canonical\" href=\"https:\/\/gaudiumetspes-blog.pl\/index.php\/2017\/05\/13\/modlitwa-i-pokuta-i-wielka-wiara-w-moc\/\" \/>\n<meta property=\"og:locale\" content=\"pl_PL\" \/>\n<meta property=\"og:type\" content=\"article\" \/>\n<meta property=\"og:title\" content=\"Modlitwa i pokuta - i wielka wiara w moc Bo\u017c\u0105! - Gaudium Et Spes\" \/>\n<meta property=\"og:description\" content=\"Niech b\u0119dzie pochwalony Jezus Chrystus! Moi Drodzy, w dniu dzisiejszym urodziny prze\u017cywa Beata Warpas, nale\u017c\u0105ca w swoim czasie do Wsp\u00f3lnoty m\u0142odzie\u017cowej w Wojcieszkowie. Natomiast imieniny prze\u017cywa Ksi\u0105dz Robert Furman, bardzo \u017cyczliwy mi Kap\u0142an z Diecezji warszawsko \u2013 praskiej, oraz Ksi\u0105dz Robert J\u0119drych, kt\u00f3ry pochodzi z Parafii \u017belech\u00f3w, a kt\u00f3rego przygotowaniu do kap\u0142a\u0144stwa mog\u0142em si\u0119 przygl\u0105da\u0107, [&hellip;]\" \/>\n<meta property=\"og:url\" content=\"https:\/\/gaudiumetspes-blog.pl\/index.php\/2017\/05\/13\/modlitwa-i-pokuta-i-wielka-wiara-w-moc\/\" \/>\n<meta property=\"og:site_name\" content=\"Gaudium Et Spes\" \/>\n<meta property=\"article:published_time\" content=\"2017-05-13T03:33:00+00:00\" \/>\n<meta property=\"article:modified_time\" content=\"2019-07-31T10:56:53+00:00\" \/>\n<meta name=\"author\" content=\"Ks. Jacek\" \/>\n<meta name=\"twitter:card\" content=\"summary_large_image\" \/>\n<meta name=\"twitter:label1\" content=\"Napisane przez\" \/>\n\t<meta name=\"twitter:data1\" content=\"Ks. Jacek\" \/>\n\t<meta name=\"twitter:label2\" content=\"Szacowany czas czytania\" \/>\n\t<meta name=\"twitter:data2\" content=\"25 minut\" \/>\n<script type=\"application\/ld+json\" class=\"yoast-schema-graph\">{\"@context\":\"https:\/\/schema.org\",\"@graph\":[{\"@type\":\"WebPage\",\"@id\":\"https:\/\/gaudiumetspes-blog.pl\/index.php\/2017\/05\/13\/modlitwa-i-pokuta-i-wielka-wiara-w-moc\/\",\"url\":\"https:\/\/gaudiumetspes-blog.pl\/index.php\/2017\/05\/13\/modlitwa-i-pokuta-i-wielka-wiara-w-moc\/\",\"name\":\"Modlitwa i pokuta - i wielka wiara w moc Bo\u017c\u0105! - Gaudium Et Spes\",\"isPartOf\":{\"@id\":\"https:\/\/gaudiumetspes-blog.pl\/#website\"},\"datePublished\":\"2017-05-13T03:33:00+00:00\",\"dateModified\":\"2019-07-31T10:56:53+00:00\",\"author\":{\"@id\":\"https:\/\/gaudiumetspes-blog.pl\/#\/schema\/person\/1661982992b752dea8dff0d4ed845a65\"},\"breadcrumb\":{\"@id\":\"https:\/\/gaudiumetspes-blog.pl\/index.php\/2017\/05\/13\/modlitwa-i-pokuta-i-wielka-wiara-w-moc\/#breadcrumb\"},\"inLanguage\":\"pl-PL\",\"potentialAction\":[{\"@type\":\"ReadAction\",\"target\":[\"https:\/\/gaudiumetspes-blog.pl\/index.php\/2017\/05\/13\/modlitwa-i-pokuta-i-wielka-wiara-w-moc\/\"]}]},{\"@type\":\"BreadcrumbList\",\"@id\":\"https:\/\/gaudiumetspes-blog.pl\/index.php\/2017\/05\/13\/modlitwa-i-pokuta-i-wielka-wiara-w-moc\/#breadcrumb\",\"itemListElement\":[{\"@type\":\"ListItem\",\"position\":1,\"name\":\"Strona g\u0142\u00f3wna\",\"item\":\"https:\/\/gaudiumetspes-blog.pl\/\"},{\"@type\":\"ListItem\",\"position\":2,\"name\":\"Modlitwa i&nbsp;pokuta &#8211; i&nbsp;wielka wiara w&nbsp;moc Bo\u017c\u0105!\"}]},{\"@type\":\"WebSite\",\"@id\":\"https:\/\/gaudiumetspes-blog.pl\/#website\",\"url\":\"https:\/\/gaudiumetspes-blog.pl\/\",\"name\":\"Gaudium Et Spes\",\"description\":\"Blog Ks. Jacka Ja\u015bkowskiego\",\"potentialAction\":[{\"@type\":\"SearchAction\",\"target\":{\"@type\":\"EntryPoint\",\"urlTemplate\":\"https:\/\/gaudiumetspes-blog.pl\/?s={search_term_string}\"},\"query-input\":{\"@type\":\"PropertyValueSpecification\",\"valueRequired\":true,\"valueName\":\"search_term_string\"}}],\"inLanguage\":\"pl-PL\"},{\"@type\":\"Person\",\"@id\":\"https:\/\/gaudiumetspes-blog.pl\/#\/schema\/person\/1661982992b752dea8dff0d4ed845a65\",\"name\":\"Ks. Jacek\",\"image\":{\"@type\":\"ImageObject\",\"inLanguage\":\"pl-PL\",\"@id\":\"https:\/\/gaudiumetspes-blog.pl\/#\/schema\/person\/image\/\",\"url\":\"https:\/\/gaudiumetspes-blog.pl\/wp-content\/uploads\/2019\/07\/avatar-JJ-150x150.jpg\",\"contentUrl\":\"https:\/\/gaudiumetspes-blog.pl\/wp-content\/uploads\/2019\/07\/avatar-JJ-150x150.jpg\",\"caption\":\"Ks. Jacek\"},\"description\":\"Witam serdecznie! K\u0142ania si\u0119 Ks. Jacek Ja\u015bkowski. Nie jestem ani kim\u015b wa\u017cnym, ani kim\u015b znanym. Jestem ksi\u0119dzem, kt\u00f3ry po prostu chce rozmawia\u0107. Codzienna kap\u0142a\u0144ska pos\u0142uga pokazuje mi, \u017ce temat\u00f3w do rozm\u00f3w z ksi\u0119dzem jest coraz wi\u0119cej i dzisiaj \u017caden ksi\u0105dz nie mo\u017ce od nich ucieka\u0107, ale - wprost przeciwnie - podejmowa\u0107 nowe wyzwania. To przekonanie sk\u0142oni\u0142o mnie do pr\u00f3by otwarcia tego\u017c bloga, chocia\u017c okazji do rozm\u00f3w na co dzie\u0144 - w konfesjonale i poza nim - na szcz\u0119\u015bcie nie brakuje. My\u015bl\u0119 jednak, \u017ce ten blog b\u0119dzie jeszcze jednym sposobem i przestrzeni\u0105 nawi\u0105zania kontaktu z lud\u017ami dobrej woli, otwartymi na dialog.\",\"url\":\"https:\/\/gaudiumetspes-blog.pl\/index.php\/author\/ks-jacek\/\"}]}<\/script>\n<!-- \/ Yoast SEO plugin. -->","yoast_head_json":{"title":"Modlitwa i pokuta - i wielka wiara w moc Bo\u017c\u0105! - Gaudium Et Spes","robots":{"index":"index","follow":"follow","max-snippet":"max-snippet:-1","max-image-preview":"max-image-preview:large","max-video-preview":"max-video-preview:-1"},"canonical":"https:\/\/gaudiumetspes-blog.pl\/index.php\/2017\/05\/13\/modlitwa-i-pokuta-i-wielka-wiara-w-moc\/","og_locale":"pl_PL","og_type":"article","og_title":"Modlitwa i pokuta - i wielka wiara w moc Bo\u017c\u0105! - Gaudium Et Spes","og_description":"Niech b\u0119dzie pochwalony Jezus Chrystus! Moi Drodzy, w dniu dzisiejszym urodziny prze\u017cywa Beata Warpas, nale\u017c\u0105ca w swoim czasie do Wsp\u00f3lnoty m\u0142odzie\u017cowej w Wojcieszkowie. Natomiast imieniny prze\u017cywa Ksi\u0105dz Robert Furman, bardzo \u017cyczliwy mi Kap\u0142an z Diecezji warszawsko \u2013 praskiej, oraz Ksi\u0105dz Robert J\u0119drych, kt\u00f3ry pochodzi z Parafii \u017belech\u00f3w, a kt\u00f3rego przygotowaniu do kap\u0142a\u0144stwa mog\u0142em si\u0119 przygl\u0105da\u0107, [&hellip;]","og_url":"https:\/\/gaudiumetspes-blog.pl\/index.php\/2017\/05\/13\/modlitwa-i-pokuta-i-wielka-wiara-w-moc\/","og_site_name":"Gaudium Et Spes","article_published_time":"2017-05-13T03:33:00+00:00","article_modified_time":"2019-07-31T10:56:53+00:00","author":"Ks. Jacek","twitter_card":"summary_large_image","twitter_misc":{"Napisane przez":"Ks. Jacek","Szacowany czas czytania":"25 minut"},"schema":{"@context":"https:\/\/schema.org","@graph":[{"@type":"WebPage","@id":"https:\/\/gaudiumetspes-blog.pl\/index.php\/2017\/05\/13\/modlitwa-i-pokuta-i-wielka-wiara-w-moc\/","url":"https:\/\/gaudiumetspes-blog.pl\/index.php\/2017\/05\/13\/modlitwa-i-pokuta-i-wielka-wiara-w-moc\/","name":"Modlitwa i pokuta - i wielka wiara w moc Bo\u017c\u0105! - Gaudium Et Spes","isPartOf":{"@id":"https:\/\/gaudiumetspes-blog.pl\/#website"},"datePublished":"2017-05-13T03:33:00+00:00","dateModified":"2019-07-31T10:56:53+00:00","author":{"@id":"https:\/\/gaudiumetspes-blog.pl\/#\/schema\/person\/1661982992b752dea8dff0d4ed845a65"},"breadcrumb":{"@id":"https:\/\/gaudiumetspes-blog.pl\/index.php\/2017\/05\/13\/modlitwa-i-pokuta-i-wielka-wiara-w-moc\/#breadcrumb"},"inLanguage":"pl-PL","potentialAction":[{"@type":"ReadAction","target":["https:\/\/gaudiumetspes-blog.pl\/index.php\/2017\/05\/13\/modlitwa-i-pokuta-i-wielka-wiara-w-moc\/"]}]},{"@type":"BreadcrumbList","@id":"https:\/\/gaudiumetspes-blog.pl\/index.php\/2017\/05\/13\/modlitwa-i-pokuta-i-wielka-wiara-w-moc\/#breadcrumb","itemListElement":[{"@type":"ListItem","position":1,"name":"Strona g\u0142\u00f3wna","item":"https:\/\/gaudiumetspes-blog.pl\/"},{"@type":"ListItem","position":2,"name":"Modlitwa i&nbsp;pokuta &#8211; i&nbsp;wielka wiara w&nbsp;moc Bo\u017c\u0105!"}]},{"@type":"WebSite","@id":"https:\/\/gaudiumetspes-blog.pl\/#website","url":"https:\/\/gaudiumetspes-blog.pl\/","name":"Gaudium Et Spes","description":"Blog Ks. Jacka Ja\u015bkowskiego","potentialAction":[{"@type":"SearchAction","target":{"@type":"EntryPoint","urlTemplate":"https:\/\/gaudiumetspes-blog.pl\/?s={search_term_string}"},"query-input":{"@type":"PropertyValueSpecification","valueRequired":true,"valueName":"search_term_string"}}],"inLanguage":"pl-PL"},{"@type":"Person","@id":"https:\/\/gaudiumetspes-blog.pl\/#\/schema\/person\/1661982992b752dea8dff0d4ed845a65","name":"Ks. Jacek","image":{"@type":"ImageObject","inLanguage":"pl-PL","@id":"https:\/\/gaudiumetspes-blog.pl\/#\/schema\/person\/image\/","url":"https:\/\/gaudiumetspes-blog.pl\/wp-content\/uploads\/2019\/07\/avatar-JJ-150x150.jpg","contentUrl":"https:\/\/gaudiumetspes-blog.pl\/wp-content\/uploads\/2019\/07\/avatar-JJ-150x150.jpg","caption":"Ks. Jacek"},"description":"Witam serdecznie! K\u0142ania si\u0119 Ks. Jacek Ja\u015bkowski. Nie jestem ani kim\u015b wa\u017cnym, ani kim\u015b znanym. Jestem ksi\u0119dzem, kt\u00f3ry po prostu chce rozmawia\u0107. Codzienna kap\u0142a\u0144ska pos\u0142uga pokazuje mi, \u017ce temat\u00f3w do rozm\u00f3w z ksi\u0119dzem jest coraz wi\u0119cej i dzisiaj \u017caden ksi\u0105dz nie mo\u017ce od nich ucieka\u0107, ale - wprost przeciwnie - podejmowa\u0107 nowe wyzwania. To przekonanie sk\u0142oni\u0142o mnie do pr\u00f3by otwarcia tego\u017c bloga, chocia\u017c okazji do rozm\u00f3w na co dzie\u0144 - w konfesjonale i poza nim - na szcz\u0119\u015bcie nie brakuje. My\u015bl\u0119 jednak, \u017ce ten blog b\u0119dzie jeszcze jednym sposobem i przestrzeni\u0105 nawi\u0105zania kontaktu z lud\u017ami dobrej woli, otwartymi na dialog.","url":"https:\/\/gaudiumetspes-blog.pl\/index.php\/author\/ks-jacek\/"}]}},"jetpack_featured_media_url":"","jetpack_sharing_enabled":true,"_links":{"self":[{"href":"https:\/\/gaudiumetspes-blog.pl\/index.php\/wp-json\/wp\/v2\/posts\/7662","targetHints":{"allow":["GET"]}}],"collection":[{"href":"https:\/\/gaudiumetspes-blog.pl\/index.php\/wp-json\/wp\/v2\/posts"}],"about":[{"href":"https:\/\/gaudiumetspes-blog.pl\/index.php\/wp-json\/wp\/v2\/types\/post"}],"author":[{"embeddable":true,"href":"https:\/\/gaudiumetspes-blog.pl\/index.php\/wp-json\/wp\/v2\/users\/1"}],"replies":[{"embeddable":true,"href":"https:\/\/gaudiumetspes-blog.pl\/index.php\/wp-json\/wp\/v2\/comments?post=7662"}],"version-history":[{"count":1,"href":"https:\/\/gaudiumetspes-blog.pl\/index.php\/wp-json\/wp\/v2\/posts\/7662\/revisions"}],"predecessor-version":[{"id":13235,"href":"https:\/\/gaudiumetspes-blog.pl\/index.php\/wp-json\/wp\/v2\/posts\/7662\/revisions\/13235"}],"wp:attachment":[{"href":"https:\/\/gaudiumetspes-blog.pl\/index.php\/wp-json\/wp\/v2\/media?parent=7662"}],"wp:term":[{"taxonomy":"category","embeddable":true,"href":"https:\/\/gaudiumetspes-blog.pl\/index.php\/wp-json\/wp\/v2\/categories?post=7662"},{"taxonomy":"post_tag","embeddable":true,"href":"https:\/\/gaudiumetspes-blog.pl\/index.php\/wp-json\/wp\/v2\/tags?post=7662"}],"curies":[{"name":"wp","href":"https:\/\/api.w.org\/{rel}","templated":true}]}}