{"id":7665,"date":"2017-05-10T04:04:00","date_gmt":"2017-05-10T02:04:00","guid":{"rendered":"https:\/\/gaudiumetspes-blog.pl\/index.php\/2017\/05\/10\/duch-swiety-gownym-strategie\/"},"modified":"2019-07-31T12:56:52","modified_gmt":"2019-07-31T10:56:52","slug":"duch-swiety-gownym-strategie","status":"publish","type":"post","link":"https:\/\/gaudiumetspes-blog.pl\/index.php\/2017\/05\/10\/duch-swiety-gownym-strategie\/","title":{"rendered":"Duch \u015awi\u0119ty &#8211; g\u0142\u00f3wnym Strategiem!"},"content":{"rendered":"<div align=\"justify\" style=\"line-height: 150%; margin-bottom: 0cm;\">\nSzcz\u0119\u015b\u0107 Bo\u017ce! Pozdrawiam Wszystkich i \u017cycz\u0119 b\u0142ogos\u0142awionego dnia!<\/div>\n<div align=\"justify\" style=\"line-height: 150%; margin-bottom: 0cm;\">\n&nbsp; &nbsp; &nbsp; &nbsp; &nbsp; &nbsp; &nbsp; &nbsp; &nbsp; &nbsp; &nbsp; &nbsp; &nbsp; &nbsp; &nbsp;Gaudium et spes! &nbsp;Ks. Jacek<\/div>\n<div align=\"justify\" style=\"line-height: 150%; margin-bottom: 0cm;\">\n<b><br \/><\/b><\/div>\n<div align=\"justify\" style=\"line-height: 150%; margin-bottom: 0cm;\">\n<b>\u015aroda<br \/>\n4 Tygodnia Wielkanocy,<\/b><\/div>\n<div align=\"justify\" style=\"line-height: 150%; margin-bottom: 0cm;\">\n<b>do<br \/>\nczyta\u0144:  Dz 12,24\u201313,5a;  J 12,44\u201350<\/b><\/div>\n<div align=\"justify\" style=\"line-height: 150%; margin-bottom: 0cm;\">\n<\/p>\n<\/div>\n<div align=\"justify\" style=\"break-before: auto; line-height: 150%; margin-bottom: 0cm;\">\n<b>CZYTANIE<br \/>\nZ DZIEJ\u00d3W APOSTOLSKICH: <\/b>\n<\/div>\n<div align=\"justify\" style=\"break-before: auto; line-height: 150%; margin-bottom: 0cm; text-indent: 1.3cm;\">\n<b>S\u0142owo<br \/>\nPa\u0144skie rozszerza\u0142o si\u0119 i ros\u0142o. Barnaba i Szawe\u0142, wype\u0142niwszy<br \/>\nswoje zadania, powr\u00f3cili z Jerozolimy zabieraj\u0105c ze sob\u0105 Jana,<br \/>\nzwanego Markiem. <\/b>\n<\/div>\n<div align=\"justify\" style=\"line-height: 150%; margin-bottom: 0cm; text-indent: 1.3cm;\">\n<b>W<br \/>\nAntiochii, w tamtejszym Ko\u015bciele, byli prorokami i nauczycielami:<br \/>\nBarnaba i Szymon zwany Niger, Lucjusz Cyrenejczyk i Manaen, kt\u00f3ry<br \/>\nwychowywa\u0142 si\u0119 razem z Herodem tetrarch\u0105, i Szawe\u0142. <\/b>\n<\/div>\n<div align=\"justify\" style=\"line-height: 150%; margin-bottom: 0cm; text-indent: 1.3cm;\">\n<b>Gdy<br \/>\nodprawiali publiczne nabo\u017ce\u0144stwo i po\u015bcili, rzek\u0142 Duch \u015awi\u0119ty:<br \/>\n\u201eWyznaczcie mi ju\u017c Barnab\u0119 i Szaw\u0142a do dzie\u0142a, do kt\u00f3rego ich<br \/>\npowo\u0142a\u0142em\u201d. Wtedy po po\u015bcie i modlitwie oraz po w\u0142o\u017ceniu na<br \/>\nnich r\u0105k, wyprawili ich. <\/b>\n<\/div>\n<div align=\"justify\" style=\"line-height: 150%; margin-bottom: 0cm; text-indent: 1.3cm;\">\n<b>A<br \/>\noni wys\u0142ani przez Ducha \u015awi\u0119tego zeszli do Seleucji, a stamt\u0105d<br \/>\nodp\u0142yn\u0119li na Cypr. Gdy przybyli do Salaminy, g\u0142osili s\u0142owo Bo\u017ce<br \/>\nw synagogach \u017cydowskich.<\/b><\/div>\n<div align=\"justify\" style=\"line-height: 150%; margin-bottom: 0cm;\">\n<\/p>\n<\/div>\n<div align=\"justify\" style=\"line-height: 150%; margin-bottom: 0cm;\">\n<b>S\u0141OWA<br \/>\nEWANGELII WED\u0141UG \u015aWI\u0118TEGO JANA: <\/b>\n<\/div>\n<div align=\"justify\" style=\"break-before: auto; line-height: 150%; margin-bottom: 0cm; text-indent: 1.3cm;\">\n<b>Jezus<br \/>\ntak wo\u0142a\u0142: \u201eTen, kto we Mnie wierzy, wierzy nie we Mnie, lecz w<br \/>\nTego, kt\u00f3ry Mnie pos\u0142a\u0142. A kto Mnie widzi, widzi Tego, kt\u00f3ry Mnie<br \/>\npos\u0142a\u0142. <\/b>\n<\/div>\n<div align=\"justify\" style=\"line-height: 150%; margin-bottom: 0cm; text-indent: 1.3cm;\">\n<b>Ja<br \/>\nprzyszed\u0142em na \u015bwiat jako \u015bwiat\u0142o, aby ka\u017cdy, kto we Mnie<br \/>\nwierzy, nie pozostawa\u0142 w ciemno\u015bci. A je\u017celi kto\u015b pos\u0142yszy s\u0142owa<br \/>\nmoje, ale ich nie zachowa, to Ja go nie s\u0105dz\u0119. Nie przyszed\u0142em<br \/>\nbowiem po to, aby \u015bwiat s\u0105dzi\u0107, ale by \u015bwiat zbawi\u0107. <\/b>\n<\/div>\n<div align=\"justify\" style=\"line-height: 150%; margin-bottom: 0cm; text-indent: 1.3cm;\">\n<b>Kto<br \/>\ngardzi Mn\u0105 i nie przyjmuje s\u0142\u00f3w moich, ten ma swego s\u0119dziego:<br \/>\ns\u0142owo, kt\u00f3re powiedzia\u0142em, ono to b\u0119dzie go s\u0105dzi\u0107 w dniu<br \/>\nostatecznym. Nie m\u00f3wi\u0142em bowiem sam od siebie, ale Ten, kt\u00f3ry Mnie<br \/>\npos\u0142a\u0142, Ojciec, On Mi nakaza\u0142, co mam powiedzie\u0107 i oznajmi\u0107. A<br \/>\nwiem, \u017ce przykazanie Jego jest \u017cyciem wiecznym. To, co m\u00f3wi\u0119,<br \/>\nm\u00f3wi\u0119 tak, jak Mi Ojciec powiedzia\u0142\u201d.<\/b>\n<\/div>\n<div align=\"justify\" style=\"line-height: 150%; margin-bottom: 0cm;\">\n<\/p>\n<\/div>\n<div align=\"justify\" style=\"break-before: auto; line-height: 150%; margin-bottom: 0cm; text-indent: 1.3cm;\">\nDzisiejsze<br \/>\npierwsze czytanie to taki swoisty<b> \u201edziennik pracy<\/b><br \/>\n<b>apostolskiej\u201d, <\/b>zawieraj\u0105cy relacje z dzia\u0142a\u0144<br \/>\nposzczeg\u00f3lnych Aposto\u0142\u00f3w i uczni\u00f3w Pa\u0144skich, a nawet ca\u0142ych ich<br \/>\ngrup. Z zapis\u00f3w tego \u201edziennika\u201d dowiadujemy si\u0119, <b>kto z kim<br \/>\ni gdzie wsp\u00f3\u0142pracowa\u0142, <\/b>g\u0142osz\u0105c s\u0142owo Bo\u017ce. Ale nade<br \/>\nwszystko dowiadujemy si\u0119, \u017ce wszyscy <b>wsp\u00f3\u0142pracowali \u2013 i to<br \/>\nbardzo bezpo\u015brednio! \u2013 z Duchem \u015awi\u0119tym. <\/b>\n<\/div>\n<div align=\"justify\" style=\"line-height: 150%; margin-bottom: 0cm; text-indent: 1.3cm;\">\nNa<br \/>\nto koniecznie, moi Drodzy, musimy zwr\u00f3ci\u0107 uwag\u0119: obecno\u015b\u0107 Ducha<br \/>\n\u015awi\u0119tego nie by\u0142a tu symboliczna, nie wspomniano o Nim tylko<br \/>\ndlatego, \u017ce tak wypada \u2013 nie! Duch \u015awi\u0119ty <b>naprawd\u0119<br \/>\nwsp\u00f3\u0142dzia\u0142a\u0142<\/b> w podejmowaniu konkretnych, tak\u017ce personalnych<br \/>\ndecyzji. Z dzisiejszego fragmentu Dziej\u00f3w Apostolskich odczytujemy<br \/>\nbowiem tak\u0105 informacj\u0119: <i><b>Gdy odprawiali publiczne nabo\u017ce\u0144stwo<br \/>\ni po\u015bcili, rzek\u0142 Duch \u015awi\u0119ty: \u201eWyznaczcie mi ju\u017c Barnab\u0119 i<br \/>\nSzaw\u0142a do dzie\u0142a, do kt\u00f3rego ich powo\u0142a\u0142em\u201d.<\/b><\/i><b> <\/b>\n<\/div>\n<div align=\"justify\" style=\"line-height: 150%; margin-bottom: 0cm; text-indent: 1.3cm;\">\nMo\u017cna<br \/>\nby si\u0119 zastanawia\u0107, w jaki konkretnie spos\u00f3b Duch \u015awi\u0119ty<br \/>\nzechcia\u0142 przem\u00f3wi\u0107 do Grona apostolskiego? Nie wiemy tego. Wiemy<br \/>\ntylko, <b>\u017ce przem\u00f3wi\u0142<\/b> i wiemy, <b>co powiedzia\u0142,<\/b> czego<br \/>\nza\u017c\u0105da\u0142. I jasno widzimy, \u017ce nie by\u0142 to jaki\u015b omam, kt\u00f3ry by<br \/>\nsi\u0119 kt\u00f3remu\u015b z Aposto\u0142\u00f3w przydarzy\u0142, ani si\u0119 te\u017c komu\u015b nie<br \/>\nprzes\u0142ysza\u0142o, tylko by\u0142o to stwierdzenie <b>na tyle realne, a do<br \/>\ntego wyra\u017ane,<\/b> \u017ce Aposto\u0142owie rzeczywi\u015bcie wyznaczyli Barnab\u0119<br \/>\ni Paw\u0142a, a nast\u0119pnie \u2013 jak przeczytali\u015bmy dzisiaj \u2013 <i><b>po<br \/>\npo\u015bcie i modlitwie oraz po w\u0142o\u017ceniu na nich r\u0105k, wyprawili ich.<\/b><\/i><b><br \/>\n<\/b>\n<\/div>\n<div align=\"justify\" style=\"line-height: 150%; margin-bottom: 0cm; text-indent: 1.3cm;\">\nI<br \/>\nmo\u017ce w\u0142a\u015bnie dlatego ich praca apostolska by\u0142a <b>tak skuteczna,<\/b><br \/>\ni mo\u017ce dlatego pozyskiwano dla Pana wci\u0105\u017c nowych uczni\u00f3w, i mo\u017ce<br \/>\ndlatego zdobywano \u2013 oczywi\u015bcie, na spos\u00f3b ewangeliczny \u2013 nowe<br \/>\nmiejscowo\u015bci i kraje dla Jezusa, i\u017c by\u0142a to praca <b>dynamiczna,<br \/>\nenergiczna <\/b><b>i<\/b><b> pe\u0142na zapa\u0142u;<\/b> a by\u0142a tak\u0105 dlatego,<br \/>\n\u017ce kierowa\u0142 ni\u0105 <b>bezpo\u015brednio<\/b> Duch \u015awi\u0119ty. To On by\u0142<br \/>\n<b>pierwszym i g\u0142\u00f3wnym Strategiem<\/b> apostolskiego dzia\u0142ania.\n<\/div>\n<div align=\"justify\" style=\"line-height: 150%; margin-bottom: 0cm; text-indent: 1.3cm;\">\nA<br \/>\nAposto\u0142owie \u2013 to warto zauwa\u017cy\u0107 \u2013 poddali si\u0119 Jego<br \/>\nprowadzeniu, zaakceptowali i <b>wdro\u017cyli Jego strategi\u0119,<\/b><br \/>\nw\u0142\u0105czyli si\u0119 w aktywne wsp\u00f3\u0142dzia\u0142anie, nie szukaj\u0105c przy tym<br \/>\nw\u0142asnej chwa\u0142y, nie podkre\u015blaj\u0105c w\u0142asnych zas\u0142ug ani nie d\u0105\u017c\u0105c<br \/>\nza wszelk\u0105 cen\u0119 do tego, <b>\u017ceby si\u0119 wykaza\u0107<\/b> i potem<br \/>\nb\u0142yszcze\u0107 na tle innych. Wprost przeciwnie: im wszystkim zale\u017ca\u0142o<br \/>\ntylko i wy\u0142\u0105cznie na wzro\u015bcie Bo\u017cego kr\u00f3lestwa w sercach ludzi,<br \/>\n<b>zale\u017ca\u0142o im na rozwoju Ko\u015bcio\u0142a Chrystusowego<\/b> i na<br \/>\ng\u0142oszeniu Dobrej Nowiny. I dlatego pozwolili si\u0119 Duchowi \u015awi\u0119temu<br \/>\ntak bezpo\u015brednio poprowadzi\u0107.\n<\/div>\n<div align=\"justify\" style=\"line-height: 150%; margin-bottom: 0cm; text-indent: 1.3cm;\">\n<b>Wzoru<br \/>\ndo takiej postawy<\/b> mogli z pewno\u015bci\u0105 szuka\u0107 w postawie swego<br \/>\nMistrza i Nauczyciela, Jezusa Chrystusa, kt\u00f3ry tak\u017ce ca\u0142\u0105 swoj\u0105<br \/>\nmisj\u0119 zbawcz\u0105 realizowa\u0142 w pe\u0142nej jedno\u015bci z Ojcem. Tak o tym<br \/>\nm\u00f3wi\u0142 dzisiaj w Ewangelii: <i><b>Ten, kto we Mnie wierzy, wierzy<br \/>\nnie we Mnie, lecz w Tego, kt\u00f3ry Mnie pos\u0142a\u0142. A kto Mnie widzi,<br \/>\nwidzi Tego, kt\u00f3ry Mnie pos\u0142a\u0142;<\/b><\/i><b> <\/b>oraz: <i><b>Nie<br \/>\nm\u00f3wi\u0142em<\/b><\/i><b> <\/b><b>[\u2026]<\/b><b> <\/b><i><b>sam od siebie, ale<br \/>\nTen, kt\u00f3ry Mnie pos\u0142a\u0142, Ojciec, On Mi nakaza\u0142, co mam powiedzie\u0107<br \/>\ni oznajmi\u0107. A wiem, \u017ce przykazanie Jego jest \u017cyciem wiecznym. To,<br \/>\nco m\u00f3wi\u0119, m\u00f3wi\u0119 tak, jak Mi Ojciec powiedzia\u0142.<\/b><\/i><b> <\/b>\n<\/div>\n<div align=\"justify\" style=\"line-height: 150%; margin-bottom: 0cm; text-indent: 1.3cm;\">\nOt\u00f3\u017c,<br \/>\nw\u0142a\u015bnie! Jak <b>wielkich dzie\u0142<\/b> na niwie apostolskiej mo\u017cna<br \/>\ndokona\u0107, kiedy si\u0119 wsp\u00f3\u0142pracuje z Bogiem i wszelkie dzia\u0142ania<br \/>\npodejmuje pod Jego kierownictwem. I odwrotnie: jak wiele dzie\u0142 jest<br \/>\nniweczonych, albo znacz\u0105co <b>os\u0142abianych w swej mocy i<br \/>\nskuteczno\u015bci<\/b> \u2013 przez ludzk\u0105 pych\u0119, przero\u015bni\u0119te ambicje,<br \/>\n<b>ch\u0119\u0107 pokazania siebie<\/b> i skuteczno\u015bci tylko swojego<br \/>\ndzia\u0142ania, albo pragnienie zdobycia powszechnego uznania i poklasku.<br \/>\nJak raz, te wszystkie ludzkie \u201eci\u0105goty\u201d zupe\u0142nie koliduj\u0105 z<br \/>\napostolstwem.\n<\/div>\n<div align=\"justify\" style=\"line-height: 150%; margin-bottom: 0cm; text-indent: 1.3cm;\">\nBo<br \/>\nna tym obszarze ten tylko <b>osi\u0105ga naprawd\u0119 wiele<\/b> i ten<br \/>\njedynie najwi\u0119cej zyskuje \u2013 o, dziwo, tak\u017ce uznania dla siebie \u2013<br \/>\nkto <b>najmniej my\u015bli o sobie, <\/b>a poddaje si\u0119 Bo\u017cemu<br \/>\nkierownictwu i natchnieniom Duch \u015awi\u0119tego! Tylko wtedy \u2013<br \/>\npodkre\u015blmy to bardzo mocno: <b>tylko wtedy! <\/b>\u2013 wszelkie<br \/>\ninicjatywy, na tej przestrzeni podejmowane, maj\u0105 sens i przynosz\u0105<br \/>\n<b>liczne owoce.<\/b> A przede wszystkim \u2013<b> owoce dobre!<\/b><\/div>\n<div align=\"justify\" style=\"line-height: 150%; margin-bottom: 0cm; text-indent: 1.3cm;\">\nPomy\u015blmy<br \/>\nw tym kontek\u015bcie:<\/div>\n<div align=\"justify\" style=\"line-height: 150%; margin-bottom: 0cm;\">\n\u2013 Czy<br \/>\nnie obnosz\u0119 si\u0119 ze swoj\u0105 wiar\u0105 i pobo\u017cno\u015bci\u0105 tak \u2013 i tylko<br \/>\npo to \u2013 by zwr\u00f3ci\u0107 na siebie uwag\u0119 i zyska\u0107 uznanie u ludzi?<\/div>\n<div align=\"justify\" style=\"line-height: 150%; margin-bottom: 0cm;\">\n\u2013 Czy<br \/>\ndoradzaj\u0105c drugiemu lub go upominaj\u0105c \u2013 nie pr\u00f3buj\u0119 go na si\u0142\u0119<br \/>\nnawraca\u0107?<\/div>\n<div align=\"justify\" style=\"line-height: 150%; margin-bottom: 0cm;\">\n\u2013 Czy<br \/>\nwszelkie dzia\u0142ania na tym odcinku rozpoczynam i wspieram modlitw\u0105?<\/div>\n<p><\/p>\n<div align=\"justify\" style=\"line-height: 150%; margin-bottom: 0cm;\">\n<i><b>S\u0142owo<br \/>\nPa\u0144skie rozszerza\u0142o si\u0119 i ros\u0142o!<\/b><\/i><\/div>\n","protected":false},"excerpt":{"rendered":"<p>Szcz\u0119\u015b\u0107 Bo\u017ce! Pozdrawiam Wszystkich i \u017cycz\u0119 b\u0142ogos\u0142awionego dnia! &nbsp; &nbsp; &nbsp; &nbsp; &nbsp; &nbsp; &nbsp; &nbsp; &nbsp; &nbsp; &nbsp; &nbsp; &nbsp; &nbsp; &nbsp;Gaudium et spes! &nbsp;Ks. Jacek \u015aroda 4 Tygodnia Wielkanocy, do czyta\u0144: Dz 12,24\u201313,5a; J 12,44\u201350 CZYTANIE Z DZIEJ\u00d3W APOSTOLSKICH: S\u0142owo Pa\u0144skie rozszerza\u0142o si\u0119 i ros\u0142o. Barnaba i Szawe\u0142, wype\u0142niwszy swoje zadania, powr\u00f3cili z [&hellip;]<\/p>\n","protected":false},"author":1,"featured_media":0,"comment_status":"open","ping_status":"open","sticky":false,"template":"","format":"standard","meta":{"jetpack_post_was_ever_published":false,"_jetpack_newsletter_access":"","_jetpack_dont_email_post_to_subs":false,"_jetpack_newsletter_tier_id":0,"_jetpack_memberships_contains_paywalled_content":false,"_jetpack_memberships_contains_paid_content":false,"footnotes":""},"categories":[1],"tags":[],"class_list":["post-7665","post","type-post","status-publish","format-standard","hentry","category-bez-kategorii"],"yoast_head":"<!-- This site is optimized with the Yoast SEO plugin v25.1 - https:\/\/yoast.com\/wordpress\/plugins\/seo\/ -->\n<title>Duch \u015awi\u0119ty - g\u0142\u00f3wnym Strategiem! - Gaudium Et Spes<\/title>\n<meta name=\"robots\" content=\"index, follow, max-snippet:-1, max-image-preview:large, max-video-preview:-1\" \/>\n<link rel=\"canonical\" href=\"https:\/\/gaudiumetspes-blog.pl\/index.php\/2017\/05\/10\/duch-swiety-gownym-strategie\/\" \/>\n<meta property=\"og:locale\" content=\"pl_PL\" \/>\n<meta property=\"og:type\" content=\"article\" \/>\n<meta property=\"og:title\" content=\"Duch \u015awi\u0119ty - g\u0142\u00f3wnym Strategiem! - Gaudium Et Spes\" \/>\n<meta property=\"og:description\" content=\"Szcz\u0119\u015b\u0107 Bo\u017ce! Pozdrawiam Wszystkich i \u017cycz\u0119 b\u0142ogos\u0142awionego dnia! &nbsp; &nbsp; &nbsp; &nbsp; &nbsp; &nbsp; &nbsp; &nbsp; &nbsp; &nbsp; &nbsp; &nbsp; &nbsp; &nbsp; &nbsp;Gaudium et spes! &nbsp;Ks. Jacek \u015aroda 4 Tygodnia Wielkanocy, do czyta\u0144: Dz 12,24\u201313,5a; J 12,44\u201350 CZYTANIE Z DZIEJ\u00d3W APOSTOLSKICH: S\u0142owo Pa\u0144skie rozszerza\u0142o si\u0119 i ros\u0142o. Barnaba i Szawe\u0142, wype\u0142niwszy swoje zadania, powr\u00f3cili z [&hellip;]\" \/>\n<meta property=\"og:url\" content=\"https:\/\/gaudiumetspes-blog.pl\/index.php\/2017\/05\/10\/duch-swiety-gownym-strategie\/\" \/>\n<meta property=\"og:site_name\" content=\"Gaudium Et Spes\" \/>\n<meta property=\"article:published_time\" content=\"2017-05-10T02:04:00+00:00\" \/>\n<meta property=\"article:modified_time\" content=\"2019-07-31T10:56:52+00:00\" \/>\n<meta name=\"author\" content=\"Ks. Jacek\" \/>\n<meta name=\"twitter:card\" content=\"summary_large_image\" \/>\n<meta name=\"twitter:label1\" content=\"Napisane przez\" \/>\n\t<meta name=\"twitter:data1\" content=\"Ks. Jacek\" \/>\n\t<meta name=\"twitter:label2\" content=\"Szacowany czas czytania\" \/>\n\t<meta name=\"twitter:data2\" content=\"6 minut\" \/>\n<script type=\"application\/ld+json\" class=\"yoast-schema-graph\">{\"@context\":\"https:\/\/schema.org\",\"@graph\":[{\"@type\":\"WebPage\",\"@id\":\"https:\/\/gaudiumetspes-blog.pl\/index.php\/2017\/05\/10\/duch-swiety-gownym-strategie\/\",\"url\":\"https:\/\/gaudiumetspes-blog.pl\/index.php\/2017\/05\/10\/duch-swiety-gownym-strategie\/\",\"name\":\"Duch \u015awi\u0119ty - g\u0142\u00f3wnym Strategiem! - Gaudium Et Spes\",\"isPartOf\":{\"@id\":\"https:\/\/gaudiumetspes-blog.pl\/#website\"},\"datePublished\":\"2017-05-10T02:04:00+00:00\",\"dateModified\":\"2019-07-31T10:56:52+00:00\",\"author\":{\"@id\":\"https:\/\/gaudiumetspes-blog.pl\/#\/schema\/person\/1661982992b752dea8dff0d4ed845a65\"},\"breadcrumb\":{\"@id\":\"https:\/\/gaudiumetspes-blog.pl\/index.php\/2017\/05\/10\/duch-swiety-gownym-strategie\/#breadcrumb\"},\"inLanguage\":\"pl-PL\",\"potentialAction\":[{\"@type\":\"ReadAction\",\"target\":[\"https:\/\/gaudiumetspes-blog.pl\/index.php\/2017\/05\/10\/duch-swiety-gownym-strategie\/\"]}]},{\"@type\":\"BreadcrumbList\",\"@id\":\"https:\/\/gaudiumetspes-blog.pl\/index.php\/2017\/05\/10\/duch-swiety-gownym-strategie\/#breadcrumb\",\"itemListElement\":[{\"@type\":\"ListItem\",\"position\":1,\"name\":\"Strona g\u0142\u00f3wna\",\"item\":\"https:\/\/gaudiumetspes-blog.pl\/\"},{\"@type\":\"ListItem\",\"position\":2,\"name\":\"Duch \u015awi\u0119ty &#8211; g\u0142\u00f3wnym Strategiem!\"}]},{\"@type\":\"WebSite\",\"@id\":\"https:\/\/gaudiumetspes-blog.pl\/#website\",\"url\":\"https:\/\/gaudiumetspes-blog.pl\/\",\"name\":\"Gaudium Et Spes\",\"description\":\"Blog Ks. Jacka Ja\u015bkowskiego\",\"potentialAction\":[{\"@type\":\"SearchAction\",\"target\":{\"@type\":\"EntryPoint\",\"urlTemplate\":\"https:\/\/gaudiumetspes-blog.pl\/?s={search_term_string}\"},\"query-input\":{\"@type\":\"PropertyValueSpecification\",\"valueRequired\":true,\"valueName\":\"search_term_string\"}}],\"inLanguage\":\"pl-PL\"},{\"@type\":\"Person\",\"@id\":\"https:\/\/gaudiumetspes-blog.pl\/#\/schema\/person\/1661982992b752dea8dff0d4ed845a65\",\"name\":\"Ks. Jacek\",\"image\":{\"@type\":\"ImageObject\",\"inLanguage\":\"pl-PL\",\"@id\":\"https:\/\/gaudiumetspes-blog.pl\/#\/schema\/person\/image\/\",\"url\":\"https:\/\/gaudiumetspes-blog.pl\/wp-content\/uploads\/2019\/07\/avatar-JJ-150x150.jpg\",\"contentUrl\":\"https:\/\/gaudiumetspes-blog.pl\/wp-content\/uploads\/2019\/07\/avatar-JJ-150x150.jpg\",\"caption\":\"Ks. Jacek\"},\"description\":\"Witam serdecznie! K\u0142ania si\u0119 Ks. Jacek Ja\u015bkowski. Nie jestem ani kim\u015b wa\u017cnym, ani kim\u015b znanym. Jestem ksi\u0119dzem, kt\u00f3ry po prostu chce rozmawia\u0107. Codzienna kap\u0142a\u0144ska pos\u0142uga pokazuje mi, \u017ce temat\u00f3w do rozm\u00f3w z ksi\u0119dzem jest coraz wi\u0119cej i dzisiaj \u017caden ksi\u0105dz nie mo\u017ce od nich ucieka\u0107, ale - wprost przeciwnie - podejmowa\u0107 nowe wyzwania. To przekonanie sk\u0142oni\u0142o mnie do pr\u00f3by otwarcia tego\u017c bloga, chocia\u017c okazji do rozm\u00f3w na co dzie\u0144 - w konfesjonale i poza nim - na szcz\u0119\u015bcie nie brakuje. My\u015bl\u0119 jednak, \u017ce ten blog b\u0119dzie jeszcze jednym sposobem i przestrzeni\u0105 nawi\u0105zania kontaktu z lud\u017ami dobrej woli, otwartymi na dialog.\",\"url\":\"https:\/\/gaudiumetspes-blog.pl\/index.php\/author\/ks-jacek\/\"}]}<\/script>\n<!-- \/ Yoast SEO plugin. -->","yoast_head_json":{"title":"Duch \u015awi\u0119ty - g\u0142\u00f3wnym Strategiem! - Gaudium Et Spes","robots":{"index":"index","follow":"follow","max-snippet":"max-snippet:-1","max-image-preview":"max-image-preview:large","max-video-preview":"max-video-preview:-1"},"canonical":"https:\/\/gaudiumetspes-blog.pl\/index.php\/2017\/05\/10\/duch-swiety-gownym-strategie\/","og_locale":"pl_PL","og_type":"article","og_title":"Duch \u015awi\u0119ty - g\u0142\u00f3wnym Strategiem! - Gaudium Et Spes","og_description":"Szcz\u0119\u015b\u0107 Bo\u017ce! Pozdrawiam Wszystkich i \u017cycz\u0119 b\u0142ogos\u0142awionego dnia! &nbsp; &nbsp; &nbsp; &nbsp; &nbsp; &nbsp; &nbsp; &nbsp; &nbsp; &nbsp; &nbsp; &nbsp; &nbsp; &nbsp; &nbsp;Gaudium et spes! &nbsp;Ks. Jacek \u015aroda 4 Tygodnia Wielkanocy, do czyta\u0144: Dz 12,24\u201313,5a; J 12,44\u201350 CZYTANIE Z DZIEJ\u00d3W APOSTOLSKICH: S\u0142owo Pa\u0144skie rozszerza\u0142o si\u0119 i ros\u0142o. Barnaba i Szawe\u0142, wype\u0142niwszy swoje zadania, powr\u00f3cili z [&hellip;]","og_url":"https:\/\/gaudiumetspes-blog.pl\/index.php\/2017\/05\/10\/duch-swiety-gownym-strategie\/","og_site_name":"Gaudium Et Spes","article_published_time":"2017-05-10T02:04:00+00:00","article_modified_time":"2019-07-31T10:56:52+00:00","author":"Ks. Jacek","twitter_card":"summary_large_image","twitter_misc":{"Napisane przez":"Ks. Jacek","Szacowany czas czytania":"6 minut"},"schema":{"@context":"https:\/\/schema.org","@graph":[{"@type":"WebPage","@id":"https:\/\/gaudiumetspes-blog.pl\/index.php\/2017\/05\/10\/duch-swiety-gownym-strategie\/","url":"https:\/\/gaudiumetspes-blog.pl\/index.php\/2017\/05\/10\/duch-swiety-gownym-strategie\/","name":"Duch \u015awi\u0119ty - g\u0142\u00f3wnym Strategiem! - Gaudium Et Spes","isPartOf":{"@id":"https:\/\/gaudiumetspes-blog.pl\/#website"},"datePublished":"2017-05-10T02:04:00+00:00","dateModified":"2019-07-31T10:56:52+00:00","author":{"@id":"https:\/\/gaudiumetspes-blog.pl\/#\/schema\/person\/1661982992b752dea8dff0d4ed845a65"},"breadcrumb":{"@id":"https:\/\/gaudiumetspes-blog.pl\/index.php\/2017\/05\/10\/duch-swiety-gownym-strategie\/#breadcrumb"},"inLanguage":"pl-PL","potentialAction":[{"@type":"ReadAction","target":["https:\/\/gaudiumetspes-blog.pl\/index.php\/2017\/05\/10\/duch-swiety-gownym-strategie\/"]}]},{"@type":"BreadcrumbList","@id":"https:\/\/gaudiumetspes-blog.pl\/index.php\/2017\/05\/10\/duch-swiety-gownym-strategie\/#breadcrumb","itemListElement":[{"@type":"ListItem","position":1,"name":"Strona g\u0142\u00f3wna","item":"https:\/\/gaudiumetspes-blog.pl\/"},{"@type":"ListItem","position":2,"name":"Duch \u015awi\u0119ty &#8211; g\u0142\u00f3wnym Strategiem!"}]},{"@type":"WebSite","@id":"https:\/\/gaudiumetspes-blog.pl\/#website","url":"https:\/\/gaudiumetspes-blog.pl\/","name":"Gaudium Et Spes","description":"Blog Ks. Jacka Ja\u015bkowskiego","potentialAction":[{"@type":"SearchAction","target":{"@type":"EntryPoint","urlTemplate":"https:\/\/gaudiumetspes-blog.pl\/?s={search_term_string}"},"query-input":{"@type":"PropertyValueSpecification","valueRequired":true,"valueName":"search_term_string"}}],"inLanguage":"pl-PL"},{"@type":"Person","@id":"https:\/\/gaudiumetspes-blog.pl\/#\/schema\/person\/1661982992b752dea8dff0d4ed845a65","name":"Ks. Jacek","image":{"@type":"ImageObject","inLanguage":"pl-PL","@id":"https:\/\/gaudiumetspes-blog.pl\/#\/schema\/person\/image\/","url":"https:\/\/gaudiumetspes-blog.pl\/wp-content\/uploads\/2019\/07\/avatar-JJ-150x150.jpg","contentUrl":"https:\/\/gaudiumetspes-blog.pl\/wp-content\/uploads\/2019\/07\/avatar-JJ-150x150.jpg","caption":"Ks. Jacek"},"description":"Witam serdecznie! K\u0142ania si\u0119 Ks. Jacek Ja\u015bkowski. Nie jestem ani kim\u015b wa\u017cnym, ani kim\u015b znanym. Jestem ksi\u0119dzem, kt\u00f3ry po prostu chce rozmawia\u0107. Codzienna kap\u0142a\u0144ska pos\u0142uga pokazuje mi, \u017ce temat\u00f3w do rozm\u00f3w z ksi\u0119dzem jest coraz wi\u0119cej i dzisiaj \u017caden ksi\u0105dz nie mo\u017ce od nich ucieka\u0107, ale - wprost przeciwnie - podejmowa\u0107 nowe wyzwania. To przekonanie sk\u0142oni\u0142o mnie do pr\u00f3by otwarcia tego\u017c bloga, chocia\u017c okazji do rozm\u00f3w na co dzie\u0144 - w konfesjonale i poza nim - na szcz\u0119\u015bcie nie brakuje. My\u015bl\u0119 jednak, \u017ce ten blog b\u0119dzie jeszcze jednym sposobem i przestrzeni\u0105 nawi\u0105zania kontaktu z lud\u017ami dobrej woli, otwartymi na dialog.","url":"https:\/\/gaudiumetspes-blog.pl\/index.php\/author\/ks-jacek\/"}]}},"jetpack_featured_media_url":"","jetpack_sharing_enabled":true,"_links":{"self":[{"href":"https:\/\/gaudiumetspes-blog.pl\/index.php\/wp-json\/wp\/v2\/posts\/7665","targetHints":{"allow":["GET"]}}],"collection":[{"href":"https:\/\/gaudiumetspes-blog.pl\/index.php\/wp-json\/wp\/v2\/posts"}],"about":[{"href":"https:\/\/gaudiumetspes-blog.pl\/index.php\/wp-json\/wp\/v2\/types\/post"}],"author":[{"embeddable":true,"href":"https:\/\/gaudiumetspes-blog.pl\/index.php\/wp-json\/wp\/v2\/users\/1"}],"replies":[{"embeddable":true,"href":"https:\/\/gaudiumetspes-blog.pl\/index.php\/wp-json\/wp\/v2\/comments?post=7665"}],"version-history":[{"count":1,"href":"https:\/\/gaudiumetspes-blog.pl\/index.php\/wp-json\/wp\/v2\/posts\/7665\/revisions"}],"predecessor-version":[{"id":13227,"href":"https:\/\/gaudiumetspes-blog.pl\/index.php\/wp-json\/wp\/v2\/posts\/7665\/revisions\/13227"}],"wp:attachment":[{"href":"https:\/\/gaudiumetspes-blog.pl\/index.php\/wp-json\/wp\/v2\/media?parent=7665"}],"wp:term":[{"taxonomy":"category","embeddable":true,"href":"https:\/\/gaudiumetspes-blog.pl\/index.php\/wp-json\/wp\/v2\/categories?post=7665"},{"taxonomy":"post_tag","embeddable":true,"href":"https:\/\/gaudiumetspes-blog.pl\/index.php\/wp-json\/wp\/v2\/tags?post=7665"}],"curies":[{"name":"wp","href":"https:\/\/api.w.org\/{rel}","templated":true}]}}