{"id":7667,"date":"2017-05-08T04:27:00","date_gmt":"2017-05-08T02:27:00","guid":{"rendered":"https:\/\/gaudiumetspes-blog.pl\/index.php\/2017\/05\/08\/potrzeba-dobrych-pasterzy\/"},"modified":"2019-07-31T12:56:52","modified_gmt":"2019-07-31T10:56:52","slug":"potrzeba-dobrych-pasterzy","status":"publish","type":"post","link":"https:\/\/gaudiumetspes-blog.pl\/index.php\/2017\/05\/08\/potrzeba-dobrych-pasterzy\/","title":{"rendered":"Potrzeba dobrych pasterzy!"},"content":{"rendered":"<div align=\"justify\" style=\"line-height: 150%; margin-bottom: 0cm;\">\nSzcz\u0119\u015b\u0107<br \/>\nBo\u017ce! Moi Drodzy, w dniu dzisiejszym prze\u017cywamy Uroczysto\u015b\u0107<br \/>\n\u015awi\u0119tego Stanis\u0142awa, odwa\u017cnego Biskupa i M\u0119czennika. <b>Jest On<br \/>\nPatronem kilku kap\u0142an\u00f3w, kt\u00f3rych Pan postawi\u0142 na mojej \u017cyciowej<br \/>\ndrodze. <\/b>\n<\/div>\n<div align=\"justify\" style=\"break-before: auto; line-height: 150%; margin-bottom: 0cm; text-indent: 1.3cm;\">\n<b>A<br \/>\ns\u0105 nimi:<\/b><\/div>\n<div align=\"justify\" style=\"line-height: 150%; margin-bottom: 0cm;\">\n\u2013 <b>Ojciec<br \/>\nStanis\u0142aw Jankowicz &#8211; Oblat, wieloletni Misjonarz, a obecnie<br \/>\nPrze\u0142o\u017cony Wsp\u00f3lnoty zakonnej w Lublinie, do niedawna za\u015b<br \/>\npos\u0142uguj\u0105cy w Kodniu \u2013 kt\u00f3remu dzi\u0119kuj\u0119 za wielk\u0105 \u017cyczliwo\u015b\u0107,<br \/>\nniejedn\u0105 dobr\u0105 rad\u0119, tak\u017ce podarowan\u0105 w trakcie Spowiedzi, oraz<br \/>\nza pi\u0119kny przyk\u0142ad kap\u0142a\u0144skiego \u017cycia;<\/b><\/div>\n<div align=\"justify\" style=\"line-height: 150%; margin-bottom: 0cm;\">\n\u2013 <b>Ksi\u0105dz<br \/>\nStanis\u0142aw S\u0142awi\u0144ski \u2013 Proboszcz w Parafii w Ciepielowie, w<br \/>\nDiecezji radomskiej \u2013 kt\u00f3remu dzi\u0119kuj\u0119 za \u017cyczliwo\u015b\u0107 i<br \/>\ngo\u015bcinno\u015b\u0107, okazywan\u0105 w trakcie Pieszej Pielgrzymki Podlaskiej<br \/>\noraz w trakcie kilku rajd\u00f3w rowerowych mojej M\u0142odzie\u017cy na Jasn\u0105<br \/>\nG\u00f3r\u0119, a tak\u017ce za wiele naszych rozm\u00f3w, kt\u00f3re by\u0142y dla mnie<br \/>\nzawsze ogromnych duchowym i intelektualnym ubogaceniem;<\/b><\/div>\n<div align=\"justify\" style=\"line-height: 150%; margin-bottom: 0cm;\">\n\u2013 <b>Biskup<br \/>\nStanis\u0142aw K\u0119dziora \u2013 Biskup Pomocniczy Senior Diecezji warszawsko<br \/>\n\u2013 praskiej;<\/b><\/div>\n<div align=\"justify\" style=\"line-height: 150%; margin-bottom: 0cm;\">\n\u2013 <b>Ksi\u0105dz<br \/>\nStanis\u0142aw Zajko, Ksi\u0105dz Stanis\u0142aw Bie\u0144ko i Ksi\u0105dz Stanis\u0142aw<br \/>\nGarbacik \u2013 z kt\u00f3rymi mia\u0142em <\/b><b>mo\u017cliwo\u015b\u0107<\/b><b><br \/>\nwsp\u00f3\u0142pracowa\u0107.<\/b><\/div>\n<div align=\"justify\" style=\"break-before: auto; line-height: 150%; margin-bottom: 0cm; text-indent: 1.3cm;\">\n<b>Urodziny<br \/>\nza\u015b obchodzi Marcin Mu\u0107ka, za moich czas\u00f3w \u2013 Lektor w Parafii<br \/>\nRadory\u017c Ko\u015bcielny.<\/b><\/div>\n<div align=\"justify\" style=\"break-before: auto; line-height: 150%; margin-bottom: 0cm; text-indent: 1.3cm;\">\n<b>A<br \/>\nrocznic\u0119 \u015bwi\u0119ce\u0144 kap\u0142a\u0144skich prze\u017cywa Ojciec Profesor Ambro\u017cy<br \/>\nSkorupa, Salwatorianin, z kt\u00f3rym mia\u0142em mo\u017cno\u015b\u0107 wsp\u00f3\u0142pracowa\u0107<br \/>\nna  KUL, <\/b><b>na Wydziale<br \/>\nPrawa.<\/b><\/div>\n<div align=\"justify\" style=\"break-before: auto; line-height: 150%; margin-bottom: 0cm; text-indent: 1.3cm;\">\n<b>Wszystkim<br \/>\n\u015awi\u0119tuj\u0105cym dzi\u015b \u017cycz\u0119 <\/b><b>odwagi<br \/>\ni jasno\u015bci \u015bwiadectwa, jakich przyk\u0142ad daje \u015awi\u0119ty Stanis\u0142aw.<br \/>\n<\/b><b>Oczywi\u015bcie, zapewniam<br \/>\no modlitwie.<\/b><\/div>\n<div align=\"justify\" style=\"line-height: 150%; margin-bottom: 0cm; text-indent: 1.3cm;\">\nDzisiaj<br \/>\nza\u015b \u2013 zgodnie z zapowiedzi\u0105 \u2013 s\u0142\u00f3wko Piotra. Licz\u0119 tak\u017ce \u2013<br \/>\njak zawsze \u2013 na Wasze refleksje\u2026<\/div>\n<div align=\"justify\" style=\"line-height: 150%; margin-bottom: 0cm; text-indent: 1.3cm;\">\nDobrego<br \/>\ndnia!<\/div>\n<div align=\"center\" style=\"line-height: 150%; margin-bottom: 0cm;\">\nGaudium<br \/>\net spes!  Ks. Jacek<\/div>\n<div align=\"justify\" style=\"line-height: 150%; margin-bottom: 0cm; text-indent: 1.3cm;\">\n<\/div>\n<div align=\"justify\" style=\"line-height: 150%; margin-bottom: 0cm;\">\n<b>Uroczysto\u015b\u0107<br \/>\n\u015awi\u0119tego Stanis\u0142awa, Biskupa i M\u0119czennika,<\/b><\/div>\n<div align=\"justify\" style=\"line-height: 150%; margin-bottom: 0cm;\">\n<b>do<br \/>\nczyta\u0144 z t. VI Lekcjonarza:  <\/b>\n<\/div>\n<div align=\"justify\" style=\"line-height: 150%; margin-bottom: 0cm;\">\n<p>                               <b>Dz<br \/>\n20,17\u201318a.28\u201332.36;  Rz 8,31b\u201339;  J 10,11\u201316<\/b><\/div>\n<div align=\"justify\" style=\"line-height: 150%; margin-bottom: 0cm;\">\n<\/div>\n<div align=\"justify\" style=\"break-before: auto; line-height: 150%; margin-bottom: 0cm;\">\n<b>CZYTANIE<br \/>\nZ DZIEJ\u00d3W APOSTOLSKICH:<\/b><\/div>\n<div align=\"justify\" style=\"break-before: auto; line-height: 150%; margin-bottom: 0cm; text-indent: 1.3cm;\">\n<b>Pawe\u0142,<br \/>\npos\u0142awszy z Miletu do Efezu, wezwa\u0142 starszych Ko\u015bcio\u0142a. <\/b>\n<\/div>\n<div align=\"justify\" style=\"line-height: 150%; margin-bottom: 0cm; text-indent: 1.3cm;\">\n<b>A<br \/>\ngdy do niego przybyli, przem\u00f3wi\u0142 do nich: \u201eUwa\u017cajcie na samych<br \/>\nsiebie i na ca\u0142e stado, nad kt\u00f3rym Duch \u015awi\u0119ty ustanowi\u0142 was<br \/>\nbiskupami, aby\u015bcie kierowali Ko\u015bcio\u0142em Boga, nabytym w\u0142asn\u0105 Jego<br \/>\nkrwi\u0105. Wiem, \u017ce po moim odej\u015bciu wejd\u0105 mi\u0119dzy was wilki<br \/>\ndrapie\u017cne, nie oszcz\u0119dzaj\u0105c stada. Tak\u017ce spo\u015br\u00f3d was samych<br \/>\npowstan\u0105 ludzie, kt\u00f3rzy g\u0142osi\u0107 b\u0119d\u0105 przewrotne nauki, aby<br \/>\npoci\u0105gn\u0105\u0107 za sob\u0105 uczni\u00f3w. <\/b>\n<\/div>\n<div align=\"justify\" style=\"line-height: 150%; margin-bottom: 0cm; text-indent: 1.3cm;\">\n<b>Dlatego<br \/>\nczuwajcie pami\u0119taj\u0105c, \u017ce przez trzy lata we dnie i w nocy nie<br \/>\nprzestawa\u0142em ze \u0142zami upomina\u0107 ka\u017cdego z was. A teraz polecam was<br \/>\nBogu i s\u0142owu Jego \u0142aski, w\u0142adnemu zbudowa\u0107 i da\u0107 dziedzictwo ze<br \/>\nwszystkimi \u015bwi\u0119tymi\u201d. <\/b>\n<\/div>\n<div align=\"justify\" style=\"line-height: 150%; margin-bottom: 0cm; text-indent: 1.3cm;\">\n<b>Po<br \/>\ntych s\u0142owach upad\u0142 na kolana i modli\u0142 si\u0119 razem ze wszystkimi.<\/b><\/div>\n<div align=\"justify\" style=\"line-height: 150%; margin-bottom: 0cm;\">\n<\/div>\n<div align=\"justify\" style=\"line-height: 150%; margin-bottom: 0cm;\">\n<b>CZYTANIE<br \/>\nZ LISTU \u015aWI\u0118TEGO PAW\u0141A APOSTO\u0141A DO RZYMIAN: <\/b>\n<\/div>\n<div align=\"justify\" style=\"break-before: auto; line-height: 150%; margin-bottom: 0cm; text-indent: 1.3cm;\">\n<b>Bracia:<br \/>\nJe\u017celi B\u00f3g z nami, kt\u00f3\u017c przeciwko nam? On, kt\u00f3ry nawet w\u0142asnego<br \/>\nSyna nie oszcz\u0119dzi\u0142, ale Go za nas wszystkich wyda\u0142, jak\u017ce mia\u0142by<br \/>\nwraz z Nim i nam wszystkiego nie darowa\u0107? Kt\u00f3\u017c mo\u017ce wyst\u0105pi\u0107 z<br \/>\noskar\u017ceniem przeciw tym, kt\u00f3rych B\u00f3g wybra\u0142? Czy\u017c B\u00f3g, kt\u00f3ry<br \/>\nusprawiedliwia? Kt\u00f3\u017c mo\u017ce wyda\u0107 wyrok pot\u0119pienia? Czy Chrystus<br \/>\nJezus, kt\u00f3ry poni\u00f3s\u0142 za nas \u015bmier\u0107, co wi\u0119cej, zmartwychwsta\u0142,<br \/>\nsiedzi po prawicy Boga i przyczynia si\u0119 za nami?<\/b><\/div>\n<div align=\"justify\" style=\"line-height: 150%; margin-bottom: 0cm; text-indent: 1.3cm;\">\n<b>Kt\u00f3\u017c<br \/>\nnas mo\u017ce od\u0142\u0105czy\u0107 od mi\u0142o\u015bci Chrystusowej? Utrapienie, ucisk<br \/>\nczy prze\u015bladowanie, g\u0142\u00f3d czy nago\u015b\u0107, niebezpiecze\u0144stwo czy<br \/>\nmiecz? Jak to jest napisane: \u201eZ powodu Ciebie zabijaj\u0105 nas przez<br \/>\nca\u0142y dzie\u0144, uwa\u017caj\u0105 nas za owce przeznaczone na rze\u017a\u201d. <\/b>\n<\/div>\n<div align=\"justify\" style=\"line-height: 150%; margin-bottom: 0cm; text-indent: 1.3cm;\">\n<b>Ale<br \/>\nwe wszystkim tym odnosimy pe\u0142ne zwyci\u0119stwo dzi\u0119ki Temu, kt\u00f3ry nas<br \/>\numi\u0142owa\u0142. I jestem pewien, \u017ce ani \u015bmier\u0107, ani \u017cycie, ani<br \/>\nanio\u0142owie, ani Zwierzchno\u015bci, ani rzeczy tera\u017aniejsze, ani<br \/>\nprzysz\u0142e, ani moce, ani co wysokie, ani co g\u0142\u0119bokie, ani<br \/>\njakiekolwiek inne stworzenie nie zdo\u0142a nas od\u0142\u0105czy\u0107 od mi\u0142o\u015bci<br \/>\nBoga, kt\u00f3ra jest w Chrystusie Jezusie, Panu naszym.<\/b><\/div>\n<div align=\"justify\" style=\"line-height: 150%; margin-bottom: 0cm;\">\n<\/div>\n<div align=\"justify\" style=\"line-height: 150%; margin-bottom: 0cm;\">\n<b>S\u0141OWA<br \/>\nEWANGELII WED\u0141UG \u015aWI\u0118TEGO JANA: <\/b>\n<\/div>\n<div align=\"justify\" style=\"break-before: auto; line-height: 150%; margin-bottom: 0cm; text-indent: 1.3cm;\">\n<b>Jezus<br \/>\npowiedzia\u0142 do faryzeusz\u00f3w: \u201eJa jestem dobrym pasterzem. Dobry<br \/>\npasterz daje \u017cycie swoje za owce. Najemnik za\u015b i ten, kto nie jest<br \/>\npasterzem, do kt\u00f3rego owce nie nale\u017c\u0105, widz\u0105c nadchodz\u0105cego<br \/>\nwilka, opuszcza owce i ucieka, a wilk je porywa i rozprasza. Najemnik<br \/>\nucieka dlatego, \u017ce jest najemnikiem i nie zale\u017cy mu na owcach. <\/b>\n<\/div>\n<div align=\"justify\" style=\"line-height: 150%; margin-bottom: 0cm; text-indent: 1.3cm;\">\n<b>Ja<br \/>\njestem dobrym pasterzem i znam owce moje, a moje Mnie znaj\u0105,<br \/>\npodobnie jak Mnie zna Ojciec, a Ja znam Ojca. \u017bycie moje oddaj\u0119 za<br \/>\nowce. Mam tak\u017ce inne owce, kt\u00f3re nie s\u0105 z tej owczarni. I te musz\u0119<br \/>\nprzyprowadzi\u0107 i b\u0119d\u0105 s\u0142ucha\u0107 g\u0142osu mego, i nastanie jedna<br \/>\nowczarnia i jeden pasterz\u201d.<\/b><\/div>\n<div align=\"justify\" style=\"line-height: 150%; margin-bottom: 0cm;\">\n<\/div>\n<div align=\"center\" style=\"line-height: 150%; margin-bottom: 0cm;\">\n<b>A<br \/>\nOTO S\u0141\u00d3WKO PIOTRA:<\/b><\/div>\n<div align=\"justify\" style=\"line-height: 150%; margin-bottom: 0cm;\">\n<\/div>\n<div align=\"justify\" style=\"line-height: 150%; margin-bottom: 0cm; text-indent: 1.3cm;\">\nWczoraj<br \/>\nprze\u017cywali\u015bmy Niedziel\u0119 Dobrego Pasterza, kiedy to w\u0142a\u015bnie Jezus<br \/>\npostawi\u0142 siebie za wz\u00f3r. Charakteryzuje si\u0119 On tym, \u017ce nas<br \/>\nbezgranicznie kocha, opiekuje si\u0119, a jednocze\u015bnie wskazuje<br \/>\nprawid\u0142ow\u0105 \u015bcie\u017ck\u0119 w \u017cyciu. Dzisiejsze czytania r\u00f3wnie\u017c<br \/>\nnawi\u0105zuj\u0105 do tej tematyki. Wi\u0119kszy nacisk natomiast jest po\u0142o\u017cony<br \/>\nna nasze d\u0105\u017cenie do takiej w\u0142a\u015bnie postawy.\n<\/div>\n<div align=\"justify\" style=\"line-height: 150%; margin-bottom: 0cm; text-indent: 1.3cm;\">\nW<br \/>\nEwangelii Jezus po raz kolejny pokazuje, czym charakteryzuje si\u0119<br \/>\nDobry<br \/>\nPasterz oraz czym r\u00f3\u017cni si\u0119 od innych pseudo \u2013 pasterzy. Mam tu<br \/>\nna my\u015bli wspomnianego \u201enajemnika\u201d, czyli kogo\u015b naj\u0119tego do<br \/>\npilnowania owiec. Fakt, \u017ce nie s\u0105 to jego owce, powoduje brak<br \/>\nca\u0142kowitego zaanga\u017cowania si\u0119 w t\u0119 prac\u0119 i nietraktowanie jej<br \/>\npowa\u017cnie. Owce przez to s\u0105 pozostawione same sobie, zdane wy\u0142\u0105cznie<br \/>\nna w\u0142asne wybory, pozbawione jakiegokolwiek moralnego wsparcia i<br \/>\n\u015bwiat\u0142a.<\/div>\n<div align=\"justify\" style=\"line-height: 150%; margin-bottom: 0cm; text-indent: 1.3cm;\">\nDo\u0142\u0105czaj\u0105c<br \/>\ndo tego wypowied\u017a Paw\u0142a, skierowan\u0105 do biskup\u00f3w, w kt\u00f3rej to<br \/>\npodkre\u015bla, czym mo\u017ce zako\u0144czy\u0107 si\u0119 dzia\u0142anie na w\u0142asn\u0105 r\u0119k\u0119,<br \/>\nnauczanie bez wst\u0119pnej modlitwy do Ducha \u015awi\u0119tego o m\u0105dro\u015b\u0107 w<br \/>\nprzekazie, zauwa\u017cam dwie analogie do naszego \u017cycia.<\/div>\n<div align=\"justify\" style=\"line-height: 150%; margin-bottom: 0cm; text-indent: 1.3cm;\">\nPo<br \/>\npierwsze to sprawa duchowie\u0144stwa w Ko\u015bciele Katolickim. Potrzeba<br \/>\njasnego, konkretnego podejmowania decyzji ze strony Papie\u017ca. To<br \/>\nOjciec \u015awi\u0119ty jest gwarantem g\u0142oszenia Dobrej Nowiny w spos\u00f3b<br \/>\nprzejrzysty, prowadz\u0105cy do dalszego szerzenia i pog\u0142\u0119biania wiary<br \/>\nw\u015br\u00f3d ludzi.<\/div>\n<div align=\"justify\" style=\"line-height: 150%; margin-bottom: 0cm; text-indent: 1.3cm;\">\nBiskupi<br \/>\nwiedz\u0105c, \u017ce maj\u0105 nad sob\u0105 \u201etward\u0105 r\u0119k\u0119\u201d, sami s\u0105 bardziej<br \/>\npewni siebie. B\u0119d\u0105c takimi pasterzami diecezji, maj\u0105 o wiele<br \/>\nlepszy wp\u0142yw na ni\u0105, a ksi\u0119\u017ca r\u00f3wnie\u017c czuj\u0105 w swoim powo\u0142aniu<br \/>\npotrzeb\u0119 bycia pasterzem i \u015bwiadomo\u015b\u0107 podj\u0119tej odpowiedzialno\u015bci<br \/>\nza w\u0142asne owczarnie.<\/div>\n<div align=\"justify\" style=\"line-height: 150%; margin-bottom: 0cm; text-indent: 1.3cm;\">\nPrzyk\u0142adem<br \/>\nofiarnego pasterstwa jest postawa g\u0142\u00f3wnego patrona Polski, biskupa<br \/>\ni m\u0119czennika, \u015bw. Stanis\u0142awa.<\/div>\n<div align=\"justify\" style=\"line-height: 150%; margin-bottom: 0cm; text-indent: 1.3cm;\">\nSytuacja<br \/>\nw Polsce w jedenastym wieku charakteryzowa\u0142a si\u0119 du\u017c\u0105 ilo\u015bci\u0105<br \/>\nnie do ko\u0144ca potrzebnych wypraw wojennych kr\u00f3la Boles\u0142awa<br \/>\n\u015amia\u0142ego. Anga\u017cowa\u0142 w to du\u017c\u0105 cz\u0119\u015b\u0107 spo\u0142ecze\u0144stwa.<br \/>\nPowodowa\u0142o to rozpad rodzin, wiaro\u0142omstwo \u017con i og\u00f3lny zwi\u0119kszony<br \/>\nrozb\u00f3j w pa\u0144stwie. Nar\u00f3d, zirytowany tak\u0105 sytuacj\u0105, zacz\u0105\u0142<br \/>\nstawia\u0107 op\u00f3r, buntuj\u0105c si\u0119. Rycerze zacz\u0119li potajemnie odwraca\u0107<br \/>\nsi\u0119 od kr\u00f3la. Po powrocie, zez\u0142oszczony Boles\u0142aw \u015amia\u0142y m\u015bci\u0142<br \/>\nsi\u0119 na nich. Ponadto wiaro\u0142omnym \u017conom kaza\u0142 karmi\u0107 szczeni\u0119ta<br \/>\nw\u0142asnymi piersiami. Fakt targni\u0119cia si\u0119 na \u015bw. Stanis\u0142awa w<br \/>\nko\u015bciele, w czasie odprawiania Mszy \u015bwi\u0119tej, najlepiej \u015bwiadczy o<br \/>\ntym, jak bardzo nieopanowanym by\u0142 kr\u00f3lem.<\/div>\n<div align=\"justify\" style=\"line-height: 150%; margin-bottom: 0cm; text-indent: 1.3cm;\">\nAlbowiem<br \/>\nkiedy Boles\u0142aw \u015amia\u0142y tak szala\u0142, aby z\u0142ama\u0107 op\u00f3r, Stanis\u0142aw<br \/>\njako jedyny mia\u0142 odwag\u0119 go upomnie\u0107. Kiedy za\u015b ten nic sobie z<br \/>\nupomnienia nie czyni\u0142 i dalej szala\u0142, biskup rzuci\u0142 na niego<br \/>\nkl\u0105tw\u0119, czyli wy\u0142\u0105czy\u0142 kr\u00f3la ze spo\u0142eczno\u015bci Ko\u015bcio\u0142a, a<br \/>\nprzez to samo zwolni\u0142 od pos\u0142usze\u0144stwa poddanych. Ze strony<br \/>\nStanis\u0142awa by\u0142 to akt niezwyk\u0142ej odwagi pasterza, ujmuj\u0105cego si\u0119<br \/>\nza swoj\u0105 owczarni\u0105, chocia\u017c zdawa\u0142 sobie spraw\u0119 z konsekwencji,<br \/>\njakie mog\u0105 go za to spotka\u0107.<\/div>\n<div align=\"justify\" style=\"line-height: 150%; margin-bottom: 0cm; text-indent: 1.3cm;\">\nJako<br \/>\ndrug\u0105 analogi\u0119 upatruj\u0119 rodzin\u0119. Potrzeba konkretnego faceta,<br \/>\nm\u0119\u017ca i ojca, aby wspomniana rodzina prawid\u0142owo funkcjonowa\u0142a.<br \/>\nPrawdziwy m\u0119\u017cczyzna potrafi zadba\u0107 o piel\u0119gnacj\u0119 najwa\u017cniejszych<br \/>\nwarto\u015bci, kt\u00f3re obecne w rodzinie, zapewniaj\u0105 jej ochron\u0119 przed<br \/>\n\u201edrapie\u017cnymi wilkami\u201d. \u201eJe\u017celi B\u00f3g z nami, kt\u00f3\u017c przeciwko<br \/>\nnam?\u201d W\u0142a\u015bnie\u2026 \u201eJe\u017celi\u201d. Tego brakuje wsp\u00f3\u0142czesnym<br \/>\nm\u0119\u017cczyznom. Brakuje odwagi do po\u015bwi\u0119cania si\u0119, podejmowania<br \/>\nzar\u00f3wno wyrzecze\u0144 jak i decyzji sprzecznych z og\u00f3lnie id\u0105cym<br \/>\n\u015bwiatowym trendem, nie maj\u0105cym nic wsp\u00f3lnego z hierarchi\u0105<br \/>\nwarto\u015bci, a tym bardziej z Dobrym Pasterzem.<\/div>\n<div align=\"justify\" style=\"line-height: 150%; margin-bottom: 0cm; text-indent: 1.3cm;\">\nZach\u0119cam,<br \/>\naby ostatnie s\u0142owa z czytanego dzisiaj Listu \u015bwi\u0119tego Paw\u0142a<br \/>\nAposto\u0142a do Rzymian, interpretowa\u0107 w spos\u00f3b dos\u0142owny, poniewa\u017c<br \/>\ns\u0105 najlepszym pokrzepieniem dla nas, wyznawc\u00f3w i obro\u0144c\u00f3w<br \/>\nkatolicyzmu:<\/div>\n<div align=\"justify\" style=\"line-height: 150%; margin-bottom: 0cm; text-indent: 1.3cm;\">\n\u201eAle<br \/>\nwe wszystkim tym odnosimy pe\u0142ne zwyci\u0119stwo dzi\u0119ki Temu, kt\u00f3ry nas<br \/>\numi\u0142owa\u0142. I jestem pewien, \u017ce ani \u015bmier\u0107, ani \u017cycie, ani<br \/>\nanio\u0142owie, ani zwierzchno\u015bci, ani rzeczy tera\u017aniejsze, ani<br \/>\nprzysz\u0142e, ani moce, ani co wysokie, ani co g\u0142\u0119bokie, ani<br \/>\njakiekolwiek inne stworzenie nie zdo\u0142a nas od\u0142\u0105czy\u0107 od mi\u0142o\u015bci<br \/>\nBoga, kt\u00f3ra jest w Chrystusie Jezusie, Panu naszym.\u201dAmen.<\/div>\n","protected":false},"excerpt":{"rendered":"<p>Szcz\u0119\u015b\u0107 Bo\u017ce! Moi Drodzy, w dniu dzisiejszym prze\u017cywamy Uroczysto\u015b\u0107 \u015awi\u0119tego Stanis\u0142awa, odwa\u017cnego Biskupa i M\u0119czennika. Jest On Patronem kilku kap\u0142an\u00f3w, kt\u00f3rych Pan postawi\u0142 na mojej \u017cyciowej drodze. A s\u0105 nimi: \u2013 Ojciec Stanis\u0142aw Jankowicz &#8211; Oblat, wieloletni Misjonarz, a obecnie Prze\u0142o\u017cony Wsp\u00f3lnoty zakonnej w Lublinie, do niedawna za\u015b pos\u0142uguj\u0105cy w Kodniu \u2013 kt\u00f3remu dzi\u0119kuj\u0119 za [&hellip;]<\/p>\n","protected":false},"author":1,"featured_media":0,"comment_status":"open","ping_status":"open","sticky":false,"template":"","format":"standard","meta":{"jetpack_post_was_ever_published":false,"_jetpack_newsletter_access":"","_jetpack_dont_email_post_to_subs":false,"_jetpack_newsletter_tier_id":0,"_jetpack_memberships_contains_paywalled_content":false,"_jetpack_memberships_contains_paid_content":false,"footnotes":""},"categories":[1],"tags":[],"class_list":["post-7667","post","type-post","status-publish","format-standard","hentry","category-bez-kategorii"],"yoast_head":"<!-- This site is optimized with the Yoast SEO plugin v25.1 - https:\/\/yoast.com\/wordpress\/plugins\/seo\/ -->\n<title>Potrzeba dobrych pasterzy! - Gaudium Et Spes<\/title>\n<meta name=\"robots\" content=\"index, follow, max-snippet:-1, max-image-preview:large, max-video-preview:-1\" \/>\n<link rel=\"canonical\" href=\"https:\/\/gaudiumetspes-blog.pl\/index.php\/2017\/05\/08\/potrzeba-dobrych-pasterzy\/\" \/>\n<meta property=\"og:locale\" content=\"pl_PL\" \/>\n<meta property=\"og:type\" content=\"article\" \/>\n<meta property=\"og:title\" content=\"Potrzeba dobrych pasterzy! - Gaudium Et Spes\" \/>\n<meta property=\"og:description\" content=\"Szcz\u0119\u015b\u0107 Bo\u017ce! Moi Drodzy, w dniu dzisiejszym prze\u017cywamy Uroczysto\u015b\u0107 \u015awi\u0119tego Stanis\u0142awa, odwa\u017cnego Biskupa i M\u0119czennika. Jest On Patronem kilku kap\u0142an\u00f3w, kt\u00f3rych Pan postawi\u0142 na mojej \u017cyciowej drodze. A s\u0105 nimi: \u2013 Ojciec Stanis\u0142aw Jankowicz &#8211; Oblat, wieloletni Misjonarz, a obecnie Prze\u0142o\u017cony Wsp\u00f3lnoty zakonnej w Lublinie, do niedawna za\u015b pos\u0142uguj\u0105cy w Kodniu \u2013 kt\u00f3remu dzi\u0119kuj\u0119 za [&hellip;]\" \/>\n<meta property=\"og:url\" content=\"https:\/\/gaudiumetspes-blog.pl\/index.php\/2017\/05\/08\/potrzeba-dobrych-pasterzy\/\" \/>\n<meta property=\"og:site_name\" content=\"Gaudium Et Spes\" \/>\n<meta property=\"article:published_time\" content=\"2017-05-08T02:27:00+00:00\" \/>\n<meta property=\"article:modified_time\" content=\"2019-07-31T10:56:52+00:00\" \/>\n<meta name=\"author\" content=\"Ks. Jacek\" \/>\n<meta name=\"twitter:card\" content=\"summary_large_image\" \/>\n<meta name=\"twitter:label1\" content=\"Napisane przez\" \/>\n\t<meta name=\"twitter:data1\" content=\"Ks. Jacek\" \/>\n\t<meta name=\"twitter:label2\" content=\"Szacowany czas czytania\" \/>\n\t<meta name=\"twitter:data2\" content=\"8 minut\" \/>\n<script type=\"application\/ld+json\" class=\"yoast-schema-graph\">{\"@context\":\"https:\/\/schema.org\",\"@graph\":[{\"@type\":\"WebPage\",\"@id\":\"https:\/\/gaudiumetspes-blog.pl\/index.php\/2017\/05\/08\/potrzeba-dobrych-pasterzy\/\",\"url\":\"https:\/\/gaudiumetspes-blog.pl\/index.php\/2017\/05\/08\/potrzeba-dobrych-pasterzy\/\",\"name\":\"Potrzeba dobrych pasterzy! - Gaudium Et Spes\",\"isPartOf\":{\"@id\":\"https:\/\/gaudiumetspes-blog.pl\/#website\"},\"datePublished\":\"2017-05-08T02:27:00+00:00\",\"dateModified\":\"2019-07-31T10:56:52+00:00\",\"author\":{\"@id\":\"https:\/\/gaudiumetspes-blog.pl\/#\/schema\/person\/1661982992b752dea8dff0d4ed845a65\"},\"breadcrumb\":{\"@id\":\"https:\/\/gaudiumetspes-blog.pl\/index.php\/2017\/05\/08\/potrzeba-dobrych-pasterzy\/#breadcrumb\"},\"inLanguage\":\"pl-PL\",\"potentialAction\":[{\"@type\":\"ReadAction\",\"target\":[\"https:\/\/gaudiumetspes-blog.pl\/index.php\/2017\/05\/08\/potrzeba-dobrych-pasterzy\/\"]}]},{\"@type\":\"BreadcrumbList\",\"@id\":\"https:\/\/gaudiumetspes-blog.pl\/index.php\/2017\/05\/08\/potrzeba-dobrych-pasterzy\/#breadcrumb\",\"itemListElement\":[{\"@type\":\"ListItem\",\"position\":1,\"name\":\"Strona g\u0142\u00f3wna\",\"item\":\"https:\/\/gaudiumetspes-blog.pl\/\"},{\"@type\":\"ListItem\",\"position\":2,\"name\":\"Potrzeba dobrych pasterzy!\"}]},{\"@type\":\"WebSite\",\"@id\":\"https:\/\/gaudiumetspes-blog.pl\/#website\",\"url\":\"https:\/\/gaudiumetspes-blog.pl\/\",\"name\":\"Gaudium Et Spes\",\"description\":\"Blog Ks. Jacka Ja\u015bkowskiego\",\"potentialAction\":[{\"@type\":\"SearchAction\",\"target\":{\"@type\":\"EntryPoint\",\"urlTemplate\":\"https:\/\/gaudiumetspes-blog.pl\/?s={search_term_string}\"},\"query-input\":{\"@type\":\"PropertyValueSpecification\",\"valueRequired\":true,\"valueName\":\"search_term_string\"}}],\"inLanguage\":\"pl-PL\"},{\"@type\":\"Person\",\"@id\":\"https:\/\/gaudiumetspes-blog.pl\/#\/schema\/person\/1661982992b752dea8dff0d4ed845a65\",\"name\":\"Ks. Jacek\",\"image\":{\"@type\":\"ImageObject\",\"inLanguage\":\"pl-PL\",\"@id\":\"https:\/\/gaudiumetspes-blog.pl\/#\/schema\/person\/image\/\",\"url\":\"https:\/\/gaudiumetspes-blog.pl\/wp-content\/uploads\/2019\/07\/avatar-JJ-150x150.jpg\",\"contentUrl\":\"https:\/\/gaudiumetspes-blog.pl\/wp-content\/uploads\/2019\/07\/avatar-JJ-150x150.jpg\",\"caption\":\"Ks. Jacek\"},\"description\":\"Witam serdecznie! K\u0142ania si\u0119 Ks. Jacek Ja\u015bkowski. Nie jestem ani kim\u015b wa\u017cnym, ani kim\u015b znanym. Jestem ksi\u0119dzem, kt\u00f3ry po prostu chce rozmawia\u0107. Codzienna kap\u0142a\u0144ska pos\u0142uga pokazuje mi, \u017ce temat\u00f3w do rozm\u00f3w z ksi\u0119dzem jest coraz wi\u0119cej i dzisiaj \u017caden ksi\u0105dz nie mo\u017ce od nich ucieka\u0107, ale - wprost przeciwnie - podejmowa\u0107 nowe wyzwania. To przekonanie sk\u0142oni\u0142o mnie do pr\u00f3by otwarcia tego\u017c bloga, chocia\u017c okazji do rozm\u00f3w na co dzie\u0144 - w konfesjonale i poza nim - na szcz\u0119\u015bcie nie brakuje. My\u015bl\u0119 jednak, \u017ce ten blog b\u0119dzie jeszcze jednym sposobem i przestrzeni\u0105 nawi\u0105zania kontaktu z lud\u017ami dobrej woli, otwartymi na dialog.\",\"url\":\"https:\/\/gaudiumetspes-blog.pl\/index.php\/author\/ks-jacek\/\"}]}<\/script>\n<!-- \/ Yoast SEO plugin. -->","yoast_head_json":{"title":"Potrzeba dobrych pasterzy! - Gaudium Et Spes","robots":{"index":"index","follow":"follow","max-snippet":"max-snippet:-1","max-image-preview":"max-image-preview:large","max-video-preview":"max-video-preview:-1"},"canonical":"https:\/\/gaudiumetspes-blog.pl\/index.php\/2017\/05\/08\/potrzeba-dobrych-pasterzy\/","og_locale":"pl_PL","og_type":"article","og_title":"Potrzeba dobrych pasterzy! - Gaudium Et Spes","og_description":"Szcz\u0119\u015b\u0107 Bo\u017ce! Moi Drodzy, w dniu dzisiejszym prze\u017cywamy Uroczysto\u015b\u0107 \u015awi\u0119tego Stanis\u0142awa, odwa\u017cnego Biskupa i M\u0119czennika. Jest On Patronem kilku kap\u0142an\u00f3w, kt\u00f3rych Pan postawi\u0142 na mojej \u017cyciowej drodze. A s\u0105 nimi: \u2013 Ojciec Stanis\u0142aw Jankowicz &#8211; Oblat, wieloletni Misjonarz, a obecnie Prze\u0142o\u017cony Wsp\u00f3lnoty zakonnej w Lublinie, do niedawna za\u015b pos\u0142uguj\u0105cy w Kodniu \u2013 kt\u00f3remu dzi\u0119kuj\u0119 za [&hellip;]","og_url":"https:\/\/gaudiumetspes-blog.pl\/index.php\/2017\/05\/08\/potrzeba-dobrych-pasterzy\/","og_site_name":"Gaudium Et Spes","article_published_time":"2017-05-08T02:27:00+00:00","article_modified_time":"2019-07-31T10:56:52+00:00","author":"Ks. Jacek","twitter_card":"summary_large_image","twitter_misc":{"Napisane przez":"Ks. Jacek","Szacowany czas czytania":"8 minut"},"schema":{"@context":"https:\/\/schema.org","@graph":[{"@type":"WebPage","@id":"https:\/\/gaudiumetspes-blog.pl\/index.php\/2017\/05\/08\/potrzeba-dobrych-pasterzy\/","url":"https:\/\/gaudiumetspes-blog.pl\/index.php\/2017\/05\/08\/potrzeba-dobrych-pasterzy\/","name":"Potrzeba dobrych pasterzy! - Gaudium Et Spes","isPartOf":{"@id":"https:\/\/gaudiumetspes-blog.pl\/#website"},"datePublished":"2017-05-08T02:27:00+00:00","dateModified":"2019-07-31T10:56:52+00:00","author":{"@id":"https:\/\/gaudiumetspes-blog.pl\/#\/schema\/person\/1661982992b752dea8dff0d4ed845a65"},"breadcrumb":{"@id":"https:\/\/gaudiumetspes-blog.pl\/index.php\/2017\/05\/08\/potrzeba-dobrych-pasterzy\/#breadcrumb"},"inLanguage":"pl-PL","potentialAction":[{"@type":"ReadAction","target":["https:\/\/gaudiumetspes-blog.pl\/index.php\/2017\/05\/08\/potrzeba-dobrych-pasterzy\/"]}]},{"@type":"BreadcrumbList","@id":"https:\/\/gaudiumetspes-blog.pl\/index.php\/2017\/05\/08\/potrzeba-dobrych-pasterzy\/#breadcrumb","itemListElement":[{"@type":"ListItem","position":1,"name":"Strona g\u0142\u00f3wna","item":"https:\/\/gaudiumetspes-blog.pl\/"},{"@type":"ListItem","position":2,"name":"Potrzeba dobrych pasterzy!"}]},{"@type":"WebSite","@id":"https:\/\/gaudiumetspes-blog.pl\/#website","url":"https:\/\/gaudiumetspes-blog.pl\/","name":"Gaudium Et Spes","description":"Blog Ks. Jacka Ja\u015bkowskiego","potentialAction":[{"@type":"SearchAction","target":{"@type":"EntryPoint","urlTemplate":"https:\/\/gaudiumetspes-blog.pl\/?s={search_term_string}"},"query-input":{"@type":"PropertyValueSpecification","valueRequired":true,"valueName":"search_term_string"}}],"inLanguage":"pl-PL"},{"@type":"Person","@id":"https:\/\/gaudiumetspes-blog.pl\/#\/schema\/person\/1661982992b752dea8dff0d4ed845a65","name":"Ks. Jacek","image":{"@type":"ImageObject","inLanguage":"pl-PL","@id":"https:\/\/gaudiumetspes-blog.pl\/#\/schema\/person\/image\/","url":"https:\/\/gaudiumetspes-blog.pl\/wp-content\/uploads\/2019\/07\/avatar-JJ-150x150.jpg","contentUrl":"https:\/\/gaudiumetspes-blog.pl\/wp-content\/uploads\/2019\/07\/avatar-JJ-150x150.jpg","caption":"Ks. Jacek"},"description":"Witam serdecznie! K\u0142ania si\u0119 Ks. Jacek Ja\u015bkowski. Nie jestem ani kim\u015b wa\u017cnym, ani kim\u015b znanym. Jestem ksi\u0119dzem, kt\u00f3ry po prostu chce rozmawia\u0107. Codzienna kap\u0142a\u0144ska pos\u0142uga pokazuje mi, \u017ce temat\u00f3w do rozm\u00f3w z ksi\u0119dzem jest coraz wi\u0119cej i dzisiaj \u017caden ksi\u0105dz nie mo\u017ce od nich ucieka\u0107, ale - wprost przeciwnie - podejmowa\u0107 nowe wyzwania. To przekonanie sk\u0142oni\u0142o mnie do pr\u00f3by otwarcia tego\u017c bloga, chocia\u017c okazji do rozm\u00f3w na co dzie\u0144 - w konfesjonale i poza nim - na szcz\u0119\u015bcie nie brakuje. My\u015bl\u0119 jednak, \u017ce ten blog b\u0119dzie jeszcze jednym sposobem i przestrzeni\u0105 nawi\u0105zania kontaktu z lud\u017ami dobrej woli, otwartymi na dialog.","url":"https:\/\/gaudiumetspes-blog.pl\/index.php\/author\/ks-jacek\/"}]}},"jetpack_featured_media_url":"","jetpack_sharing_enabled":true,"_links":{"self":[{"href":"https:\/\/gaudiumetspes-blog.pl\/index.php\/wp-json\/wp\/v2\/posts\/7667","targetHints":{"allow":["GET"]}}],"collection":[{"href":"https:\/\/gaudiumetspes-blog.pl\/index.php\/wp-json\/wp\/v2\/posts"}],"about":[{"href":"https:\/\/gaudiumetspes-blog.pl\/index.php\/wp-json\/wp\/v2\/types\/post"}],"author":[{"embeddable":true,"href":"https:\/\/gaudiumetspes-blog.pl\/index.php\/wp-json\/wp\/v2\/users\/1"}],"replies":[{"embeddable":true,"href":"https:\/\/gaudiumetspes-blog.pl\/index.php\/wp-json\/wp\/v2\/comments?post=7667"}],"version-history":[{"count":1,"href":"https:\/\/gaudiumetspes-blog.pl\/index.php\/wp-json\/wp\/v2\/posts\/7667\/revisions"}],"predecessor-version":[{"id":13225,"href":"https:\/\/gaudiumetspes-blog.pl\/index.php\/wp-json\/wp\/v2\/posts\/7667\/revisions\/13225"}],"wp:attachment":[{"href":"https:\/\/gaudiumetspes-blog.pl\/index.php\/wp-json\/wp\/v2\/media?parent=7667"}],"wp:term":[{"taxonomy":"category","embeddable":true,"href":"https:\/\/gaudiumetspes-blog.pl\/index.php\/wp-json\/wp\/v2\/categories?post=7667"},{"taxonomy":"post_tag","embeddable":true,"href":"https:\/\/gaudiumetspes-blog.pl\/index.php\/wp-json\/wp\/v2\/tags?post=7667"}],"curies":[{"name":"wp","href":"https:\/\/api.w.org\/{rel}","templated":true}]}}