{"id":7669,"date":"2017-05-06T04:38:00","date_gmt":"2017-05-06T02:38:00","guid":{"rendered":"https:\/\/gaudiumetspes-blog.pl\/index.php\/2017\/05\/06\/przekazaem-wam-to-co-przejae\/"},"modified":"2019-07-31T12:56:52","modified_gmt":"2019-07-31T10:56:52","slug":"przekazaem-wam-to-co-przejae","status":"publish","type":"post","link":"https:\/\/gaudiumetspes-blog.pl\/index.php\/2017\/05\/06\/przekazaem-wam-to-co-przejae\/","title":{"rendered":"Przekaza\u0142em wam to, co przej\u0105\u0142em&#8230;"},"content":{"rendered":"<div align=\"justify\" style=\"line-height: 150%; margin-bottom: 0cm;\">\nSzcz\u0119\u015b\u0107 Bo\u017ce! Moi Drodzy, w dniu dzisiejszym<b> imieniny prze\u017cywa Filip G\u0119bala, nale\u017c\u0105cy w swoim czasie do Wsp\u00f3lnoty m\u0142odzie\u017cowej w Parafii w Tr\u0105bkach. Urodziny natomiast prze\u017cywa Pani Doktor Marzena Pazik &#8211; Wolska, Lekarz stomatolog, z pomocy kt\u00f3rej nieraz korzystam.&nbsp;<\/b><\/div>\n<div align=\"justify\" style=\"line-height: 150%; margin-bottom: 0cm;\">\n<b>&nbsp; &nbsp; Obojgu \u015awi\u0119tuj\u0105cym \u017cycz\u0119 zapa\u0142u apostolskiego dzisiejszych Patron\u00f3w!<\/b><\/div>\n<div align=\"justify\" style=\"line-height: 150%; margin-bottom: 0cm;\">\n&nbsp; &nbsp; &nbsp; A oto dzisiaj &#8211; pierwsza sobota miesi\u0105ca. My\u015bl\u0119, \u017ce pami\u0119taj\u0105 o tym Wszyscy, kt\u00f3rzy j\u0105 obchodz\u0105.&nbsp;<\/div>\n<div align=\"justify\" style=\"line-height: 150%; margin-bottom: 0cm;\">\n&nbsp; &nbsp; &nbsp; &nbsp;Pod wczorajszym rozwa\u017caniem rozwin\u0119\u0142a si\u0119 bardzo ciekawa dyskusja. Dzi\u0119kuj\u0119 za ni\u0105 serdecznie! Sam musz\u0119 jeszcze raz, na spokojnie, przeczyta\u0107 wszystkie opinie, aby si\u0119 do nich sensownie odnie\u015b\u0107.<\/div>\n<div align=\"justify\" style=\"line-height: 150%; margin-bottom: 0cm;\">\n&nbsp; &nbsp; &nbsp; &nbsp; &nbsp;Tymczasem &#8211; \u017cycz\u0119 Wszystkim b\u0142ogos\u0142awionego dnia!<\/div>\n<div align=\"justify\" style=\"line-height: 150%; margin-bottom: 0cm;\">\n&nbsp; &nbsp; &nbsp; &nbsp; &nbsp; &nbsp; &nbsp; &nbsp; &nbsp; &nbsp; &nbsp; &nbsp; &nbsp; &nbsp; &nbsp; &nbsp; &nbsp; &nbsp; &nbsp;Gaudium et spes! &nbsp;Ks. Jacek<\/div>\n<div align=\"justify\" style=\"line-height: 150%; margin-bottom: 0cm;\">\n<b><br \/><\/b><\/div>\n<div align=\"justify\" style=\"line-height: 150%; margin-bottom: 0cm;\">\n<b>\u015awi\u0119to<br \/>\n\u015aw. Aposto\u0142\u00f3w Filipa i Jakuba,<\/b><\/div>\n<div align=\"justify\" style=\"line-height: 150%; margin-bottom: 0cm;\">\n<b>do<br \/>\nczyta\u0144 z t. VI Lekcjonarza:  1 Kor 15,1\u20138;  J 14,6\u201314<\/b><\/div>\n<div align=\"justify\" style=\"line-height: 150%; margin-bottom: 0cm;\">\n<\/div>\n<div align=\"justify\" style=\"break-before: auto; line-height: 150%; margin-bottom: 0cm;\">\n<b>CZYTANIE<br \/>\nZ PIERWSZEGO LISTU \u015aWI\u0118TEGO PAW\u0141A APOSTO\u0141A DO KORYNTIAN:<\/b><\/div>\n<div align=\"justify\" style=\"break-before: auto; line-height: 150%; margin-bottom: 0cm; text-indent: 1.3cm;\">\n<b>Przypominam,<br \/>\nbracia, Ewangeli\u0119, kt\u00f3r\u0105 wam g\u0142osi\u0142em, kt\u00f3r\u0105\u015bcie przyj\u0119li i<br \/>\nw kt\u00f3rej te\u017c trwacie. Przez ni\u0105 r\u00f3wnie\u017c b\u0119dziecie zbawieni,<br \/>\nje\u017celi j\u0105 zachowacie tak, jak wam rozkaza\u0142em. Chyba \u017ceby\u015bcie<br \/>\nuwierzyli na pr\u00f3\u017cno. <\/b>\n<\/div>\n<div align=\"justify\" style=\"line-height: 150%; margin-bottom: 0cm; text-indent: 1.3cm;\">\n<b>Przekaza\u0142em<br \/>\nwam na pocz\u0105tku to, co przej\u0105\u0142em: \u017ce Chrystus umar\u0142 za nasze<br \/>\ngrzechy, zgodnie z Pismem, \u017ce zosta\u0142 pogrzebany, \u017ce zmartwychwsta\u0142<br \/>\ntrzeciego dnia, zgodnie z Pismem; i \u017ce ukaza\u0142 si\u0119 Kefasowi, a<br \/>\npotem Dwunastu, p\u00f3\u017aniej zjawi\u0142 si\u0119 wi\u0119cej ni\u017c pi\u0119ciuset<br \/>\nbraciom r\u00f3wnocze\u015bnie; wi\u0119kszo\u015b\u0107 z nich \u017cyje dot\u0105d, niekt\u00f3rzy<br \/>\nza\u015b pomarli. Potem ukaza\u0142 si\u0119 Jakubowi, p\u00f3\u017aniej wszystkim<br \/>\nAposto\u0142om. W ko\u0144cu, ju\u017c po wszystkich, ukaza\u0142 si\u0119 tak\u017ce i mnie<br \/>\njako poronionemu p\u0142odowi.<\/b><\/div>\n<div align=\"justify\" style=\"line-height: 150%; margin-bottom: 0cm;\">\n<\/div>\n<div align=\"justify\" style=\"line-height: 150%; margin-bottom: 0cm;\">\n<b>S\u0141OWA<br \/>\nEWANGELII WED\u0141UG \u015aWI\u0118TEGO JANA: <\/b>\n<\/div>\n<div align=\"justify\" style=\"break-before: auto; line-height: 150%; margin-bottom: 0cm; text-indent: 1.3cm;\">\n<b>Jezus<br \/>\npowiedzia\u0142 do Tomasza: \u201eJa jestem drog\u0105 i prawd\u0105, i \u017cyciem.<br \/>\nNikt nie przychodzi do Ojca inaczej, jak tylko przeze Mnie. Gdyby\u015bcie<br \/>\nMnie poznali, znaliby\u015bcie i mojego Ojca. Ale teraz ju\u017c Go znacie i<br \/>\nzobaczyli\u015bcie\u201d. <\/b>\n<\/div>\n<div align=\"justify\" style=\"line-height: 150%; margin-bottom: 0cm; text-indent: 1.3cm;\">\n<b>Rzek\u0142<br \/>\ndo Niego Filip: \u201ePanie, poka\u017c nam Ojca, a to nam wystarczy\u201d. <\/b>\n<\/div>\n<div align=\"justify\" style=\"line-height: 150%; margin-bottom: 0cm; text-indent: 1.3cm;\">\n<b>Odpowiedzia\u0142<br \/>\nmu Jezus: \u201eFilipie, tak d\u0142ugo jestem z wami, a jeszcze Mnie nie<br \/>\npozna\u0142e\u015b? Kto Mnie zobaczy\u0142, zobaczy\u0142 tak\u017ce i Ojca. Dlaczego<br \/>\nwi\u0119c m\u00f3wisz: Poka\u017c nam Ojca? Czy nie wierzysz, \u017ce Ja jestem w<br \/>\nOjcu, a Ojciec we Mnie? S\u0142\u00f3w tych, kt\u00f3re wam m\u00f3wi\u0119, nie<br \/>\nwypowiadam od siebie. Ojciec, kt\u00f3ry trwa we Mnie, On sam dokonuje<br \/>\ntych dzie\u0142. Wierzcie Mi, \u017ce Ja jestem w Ojcu, a Ojciec we Mnie.<br \/>\nJe\u017celi za\u015b nie, wierzcie przynajmniej ze wzgl\u0119du na same dzie\u0142a. <\/b>\n<\/div>\n<div align=\"justify\" style=\"line-height: 150%; margin-bottom: 0cm; text-indent: 1.3cm;\">\n<b>Zaprawd\u0119,<br \/>\nzaprawd\u0119 powiadam wam: Kto we Mnie wierzy, b\u0119dzie tak\u017ce dokonywa\u0142<br \/>\ntych dzie\u0142, kt\u00f3rych Ja dokonuj\u0119, owszem i wi\u0119ksze od tych uczyni,<br \/>\nbo Ja id\u0119 do Ojca. A o cokolwiek prosi\u0107 b\u0119dziecie w imi\u0119 moje, to<br \/>\nuczyni\u0119, aby Ojciec by\u0142 otoczony chwa\u0142\u0105 w Synu. O cokolwiek<br \/>\nprosi\u0107 Mnie b\u0119dziecie w imi\u0119 moje, Ja to spe\u0142ni\u0119\u201d.<\/b><\/div>\n<div align=\"justify\" style=\"line-height: 150%; margin-bottom: 0cm;\">\n<\/div>\n<div align=\"justify\" style=\"line-height: 150%; margin-bottom: 0cm; page-break-before: auto; text-indent: 1.3cm;\">\nPierwszy<br \/>\nz dzisiejszych Patron\u00f3w,<b> \u015awi\u0119ty Filip,<\/b> pochodzi\u0142 z<br \/>\nBetsaidy nad Jeziorem Galilejskim. By\u0142 uczniem Jana Chrzciciela.<br \/>\nPowo\u0142any przez Jezusa, <b>zosta\u0142 jednym z dwunastu Jego Uczni\u00f3w.<\/b><br \/>\nA fakt pochodzenia Filipa z miasta Andrzeja i Piotra, wskazuje, \u017ce<br \/>\n<b>wszyscy trzej Aposto\u0142owie musieli si\u0119 zna\u0107 poprzednio,<\/b> \u017ce<br \/>\nzna\u0142 ich dobrze tak\u017ce \u015awi\u0119ty Jan Aposto\u0142, gdy\u017c wspomina o nich<br \/>\nw swojej Ewangelii.\n<\/div>\n<div align=\"justify\" style=\"line-height: 150%; margin-bottom: 0cm; text-indent: 1.3cm;\">\nO<br \/>\npowo\u0142aniu Filipa na Aposto\u0142a upewniaj\u0105 nas tak\u017ce katalogi, czyli<br \/>\n<b>trzy wykazy Aposto\u0142\u00f3w, <\/b>jakie<br \/>\nnam pozostawi\u0142y Ewangelie Mateusza, Marka i \u0141ukasza, gdzie<br \/>\nFilip jest zawsze wymieniany na pi\u0105tym miejscu. Filip jest <b>czynnym<br \/>\n\u015bwiadkiem cudownego nakarmienia rzeszy przez Pana Jezusa.<\/b> A<br \/>\nmusia\u0142 si\u0119 cieszy\u0107 specjalnym zaufaniem swego Mistrza, skoro<br \/>\npoganie prosz\u0105 go, aby im dopom\u00f3g\u0142 w skontaktowaniu si\u0119 z<br \/>\nChrystusem.\n<\/div>\n<div align=\"justify\" style=\"line-height: 150%; margin-bottom: 0cm; text-indent: 1.3cm;\">\nW<br \/>\nczasie Ostatniej Wieczerzy<br \/>\n\u2013 jak to s\u0142yszymy nawet w<br \/>\ndzisiejszej Ewangelii <b>\u2013 <\/b>Filip<br \/>\nprosi Pana Jezusa, aby pokaza\u0142 Aposto\u0142om swojego niebieskiego Ojca:<br \/>\n<i><b>Panie, poka\u017c nam Ojca, a to nam wystarczy<\/b><\/i><b>.<\/b><br \/>\nPostawione przez Filipa pytanie da\u0142o Jezusowi okazj\u0119 wyt\u0142umaczenia<br \/>\nAposto\u0142om <b>najintymniejszego zwi\u0105zku,<\/b> jaki w tajemnicy Tr\u00f3jcy<br \/>\nPrzenaj\u015bwi\u0119tszej istnieje <b>pomi\u0119dzy Ojcem i Synem.<\/b> Tyle<br \/>\ninformacji o Filipie podaje Pismo \u015awi\u0119te.\n<\/div>\n<div align=\"justify\" style=\"line-height: 150%; margin-bottom: 0cm; text-indent: 1.3cm;\">\nOjcowie<br \/>\nKo\u015bcio\u0142a w swoich pismach zamieszczaj\u0105 jeszcze inne wiadomo\u015bci o<br \/>\nApostole, jednak przekazy te nie s\u0105 sp\u00f3jne, ani do ko\u0144ca pewne.<br \/>\nWed\u0142ug nich, Filip mia\u0142<br \/>\naposto\u0142owa\u0107 r\u00f3wnie\u017c w Scytii \u2013<b> a wi\u0119c w okoli<\/b><b>ca<\/b><b>ch<br \/>\nDonu i Dniepru.<\/b> By\u0142by to wi\u0119c pierwszy Aposto\u0142 S\u0142owian. Potem<br \/>\nmia\u0142 przenie\u015b\u0107 si\u0119 do Frygii, w Ma\u0142ej Azji i w jej stolicy,<br \/>\nHierapolis, <b>mia\u0142 ponie\u015b\u0107 m\u0119cze\u0144sk\u0105 \u015bmier\u0107 za panowania<br \/>\nDomicjana<\/b> \u2013 przez ukrzy\u017cowanie, a potem ukamienowanie.\n<\/div>\n<div align=\"justify\" style=\"line-height: 150%; margin-bottom: 0cm; text-indent: 1.3cm;\">\nZ<br \/>\nkolei drugi dzisiejszy Patron, <b>\u015awi\u0119ty<\/b> <b>Jakub,<\/b> <b>zwany<br \/>\nM\u0142odszym lub Mniejszym,<\/b> by\u0142 synem Kleofasa i Marii, rodzonym<br \/>\nbratem \u015awi\u0119tego Judy Tadeusza, krewnym Jezusa. W<br \/>\nkatalogach<b> <\/b>Aposto\u0142\u00f3w<b><br \/>\n<\/b>jest wymieniany<b> na<br \/>\njednym z ostatnich miejsc,<\/b> co oznacza, \u017ce przy\u0142\u0105czy\u0142 si\u0119 do<br \/>\ngrona Aposto\u0142\u00f3w najp\u00f3\u017aniej. Pochodzi\u0142 z Nazaretu. Jego matka<br \/>\nmia\u0142a na imi\u0119 Maria, jego ojcem by\u0142 Alfeusz, zwany r\u00f3wnie\u017c<br \/>\nKleofasem. Po Zmartwychwstaniu Jezusa Jakub <b>wyr\u00f3\u017cnia\u0142 si\u0119<br \/>\nw\u015br\u00f3d Aposto\u0142\u00f3w jako przewodnicz\u0105cy gminy chrze\u015bcija\u0144skiej w<br \/>\nJerozolimie.<\/b> Kiedy \u015awi\u0119ty Piotr zosta\u0142 cudownie uwolniony<br \/>\nprzez Anio\u0142a z wi\u0119zienia, ka\u017ce o tym oznajmi\u0107 Jakubowi.\n<\/div>\n<div align=\"justify\" style=\"line-height: 150%; margin-bottom: 0cm; text-indent: 1.3cm;\">\nNa<br \/>\npierwszym w dziejach Ko\u015bcio\u0142a Soborze, zwanym <b>Soborem<br \/>\nJerozolimskim, Jakub zaraz po Piotrze za<\/b><b>bra\u0142<\/b><b> g\u0142os<\/b><br \/>\ni wp\u0142yn\u0105\u0142 na to, \u017ce \u015awi\u0119ty Pawe\u0142 m\u00f3g\u0142 spokojnie pe\u0142ni\u0107<br \/>\nswoj\u0105 misj\u0119 w\u015br\u00f3d pogan, nie narzucaj\u0105c im przepis\u00f3w Prawa<br \/>\nMoj\u017ceszowego. I chocia\u017c p\u00f3\u017aniej <b>pomi\u0119dzy Jakubem a Paw\u0142em<br \/>\nzaistnia\u0142y pewne r\u00f3\u017cnice<\/b> co do zasad przestrzegania Prawa<br \/>\nMoj\u017ceszowego przez nawracaj\u0105cych si\u0119 \u017byd\u00f3w, to jednak<br \/>\n<b>Aposto\u0142owie zachowali dla siebie ogromny szacunek,<\/b> w imi\u0119<br \/>\nkt\u00f3rego Pawe\u0142 nie waha\u0142 si\u0119 nazwa\u0107 Jakuba filarem Ko\u015bcio\u0142a.<\/div>\n<div align=\"justify\" style=\"line-height: 150%; margin-bottom: 0cm; text-indent: 1.3cm;\">\nJakub<br \/>\nzostawi\u0142 list do wiernych Ko\u015bcio\u0142a narodowo\u015bci \u017cydowskiej.<br \/>\nNapisa\u0142 go w latach 45\u201349. <b>\u015amier\u0107<br \/>\nm\u0119cze\u0144sk\u0105 za\u015b \u2013 przez ukamienowanie \u2013 poni\u00f3s\u0142 w roku 62, <\/b>za<br \/>\npanowania cesarza Nerona. W\u015br\u00f3d pism przypisywanych \u015awi\u0119temu<br \/>\nJakubowi, chocia\u017c autorem ich faktycznie nie by\u0142, istnieje tak<br \/>\nzwana <b>\u201e<\/b><b>Ewangelia<br \/>\nJakuba\u201d,<\/b><b><br \/>\nzwana tak\u017ce \u201e<\/b><b>Protoewangeli\u0105<br \/>\nJakuba\u201d.<\/b><br \/>\nApokryf pochodzi z wieku II. Zawiera wiele ciekawych szczeg\u00f3\u0142\u00f3w z<br \/>\n\u017cycia Naj\u015bwi\u0119tszej Maryi Panny, kt\u00f3re zapewne przekaza\u0142a<br \/>\npierwotna tradycja chrze\u015bcija\u0144ska.<\/div>\n<div align=\"justify\" style=\"line-height: 150%; margin-bottom: 0cm; text-indent: 1.3cm;\">\nCzytania<br \/>\nmszalne, kt\u00f3rych przed chwil\u0105 wys\u0142uchali\u015bmy, a kt\u00f3re s\u0105<br \/>\nprzeznaczone specjalnie na dzisiejsze \u015awi\u0119to, mocno akcentuj\u0105<br \/>\n<b>istot\u0119 powo\u0142ania apostolskiego.<\/b> Co jest t\u0105 istot\u0105?\n<\/div>\n<div align=\"justify\" style=\"line-height: 150%; margin-bottom: 0cm; text-indent: 1.3cm;\">\nOdpowied\u017a<br \/>\ndaje \u015awi\u0119ty Pawe\u0142, gdy do wiernych Koryntu, ale i do nas<br \/>\nwszystkich m\u00f3wi: <i><b>Przypominam, bracia, Ewangeli\u0119, kt\u00f3r\u0105 wam<br \/>\ng\u0142osi\u0142em, kt\u00f3r\u0105\u015bcie przyj\u0119li i w kt\u00f3rej te\u017c trwacie. Przez<br \/>\nni\u0105 r\u00f3wnie\u017c b\u0119dziecie zbawieni, je\u017celi j\u0105 zachowacie tak, jak<br \/>\nwam rozkaza\u0142em. Chyba \u017ceby\u015bcie uwierzyli na pr\u00f3\u017cno. <\/b><\/i>\n<\/div>\n<div align=\"justify\" style=\"line-height: 150%; margin-bottom: 0cm; text-indent: 1.3cm;\">\nCo<br \/>\nciekawe, domaga si\u0119 od swych uczni\u00f3w zachowywania Ewangelii \u2013 i<br \/>\nto <b>dok\u0142adnie tak, \u201ejak im rozkaza\u0142\u201d<\/b> \u2013 cz\u0142owiek, kt\u00f3ry<br \/>\nw tym samym, odczytanym przed chwil\u0105 fragmencie swego Listu, okre\u015bla<br \/>\nsiebie mianem <b>\u201eporonionego p\u0142odu\u201d!<\/b> Do\u015b\u0107 mocno rzuca si\u0119<br \/>\nw oczy ten kontrast: z jednej strony <b>kategoryczne polecenie<br \/>\ns\u0142uchania<\/b> dok\u0142adnie tej nauki, kt\u00f3r\u0105 g\u0142osi \u2013 z drugiej<br \/>\nstrony: szokuj\u0105ce wr\u0119cz okre\u015blenie siebie samego w\u0142a\u015bnie w taki<br \/>\nspos\u00f3b. Czy zatem oba te stwierdzenia mamy traktowa\u0107 z tak\u0105 sam\u0105<br \/>\npowag\u0105, jako <b>identycznie wiarygodne?<\/b> Czy mamy s\u0142ucha\u0107 i<br \/>\nbra\u0107 sobie do serca nauczanie cz\u0142owieka, kt\u00f3ry sam siebie okre\u015bla<br \/>\nmianem \u201eporonionego p\u0142odu\u201d?<\/div>\n<div align=\"justify\" style=\"line-height: 150%; margin-bottom: 0cm; text-indent: 1.3cm;\">\nTak,<br \/>\nje\u017celi ten cz\u0142owiek bierze sobie do serca s\u0142owa Jezusa,<br \/>\nwypowiedziane w dzisiejszej Ewangelii: <i><b>Kto Mnie zobaczy\u0142,<br \/>\nzobaczy\u0142 tak\u017ce i Ojca. Dlaczego wi\u0119c m\u00f3wisz: Poka\u017c nam Ojca? Czy<br \/>\nnie wierzysz, \u017ce Ja jestem w Ojcu, a Ojciec we Mnie? S\u0142\u00f3w tych,<br \/>\nkt\u00f3re wam m\u00f3wi\u0119, nie wypowiadam od siebie. Ojciec, kt\u00f3ry trwa we<br \/>\nMnie, On sam dokonuje tych dzie\u0142. Wierzcie Mi, \u017ce Ja jestem w Ojcu,<br \/>\na Ojciec we Mnie.<\/b><\/i><b> <\/b>\n<\/div>\n<div align=\"justify\" style=\"line-height: 150%; margin-bottom: 0cm; text-indent: 1.3cm;\">\nZobaczmy,<br \/>\nskoro nawet Jezus, Bo\u017cy Syn, wyra\u017anie wskaza\u0142 na Ojca jako na<br \/>\n\u017ar\u00f3d\u0142o i jednocze\u015bnie podstaw\u0119 autorytetu dla swojego w\u0142asnego<br \/>\nnauczania, to tym bardziej cz\u0142owiek \u2013 \u017caden cz\u0142owiek \u2013 <b>nie<br \/>\nmo\u017ce g\u0142osi\u0107 siebie samego ani swoich prywatnych m\u0105dro\u015bci,<\/b><br \/>\nale ma g\u0142osi\u0107 to, co ka\u017ce mu g\u0142osi\u0107 Jezus! I tak w\u0142a\u015bnie<br \/>\npost\u0119powa\u0142 \u015awi\u0119ty Pawe\u0142, o czym sam dzisiaj m\u00f3wi tak:<br \/>\n<i><b>Przekaza\u0142em wam na pocz\u0105tku to, co przej\u0105\u0142em.<\/b><\/i><b> <\/b>\n<\/div>\n<div align=\"justify\" style=\"line-height: 150%; margin-bottom: 0cm; text-indent: 1.3cm;\">\nA<br \/>\nzatem, nie g\u0142osi\u0142 siebie i swoich w\u0142asnych teorii, ale przekazywa\u0142<br \/>\n<b>to, co sam otrzyma\u0142 <\/b>od swoich nauczycieli, a na czele kt\u00f3rych<br \/>\nsta\u0142 sam Jezus.\n<\/div>\n<div align=\"justify\" style=\"line-height: 150%; margin-bottom: 0cm; text-indent: 1.3cm;\">\nJe\u017celi<br \/>\nka\u017cdy z nas tak b\u0119dzie pojmowa\u0142 swoj\u0105 misj\u0119 apostolsk\u0105, je\u017celi<br \/>\ntak zrozumie jej istot\u0119 \u2013 jako <b>wierne i odwa\u017cne g\u0142oszenie<br \/>\nnauki Jezusa i \u015bwiadczenie o swojej jedno\u015bci z Jezusem<\/b> \u2013<br \/>\nw\u00f3wczas b\u0119dzie m\u00f3g\u0142 \u015bmia\u0142o zwraca\u0107 si\u0119 do ludzi i domaga\u0107<br \/>\nsi\u0119 od nich <b>pe\u0142nego pos\u0142uchu!<\/b> Nawet, je\u015bli uwa\u017ca\u0142by, \u017ce<br \/>\nsam jest \u201eporonionym p\u0142odem\u201d\u2026<\/div>\n<div align=\"justify\" style=\"line-height: 150%; margin-bottom: 0cm; text-indent: 1.3cm;\">\nW<br \/>\ntym kontek\u015bcie zastan\u00f3wmy si\u0119:<\/div>\n<div align=\"justify\" style=\"line-height: 150%; margin-bottom: 0cm;\">\n\u2013 Czy<br \/>\nludzkie s\u0142abo\u015bci, a nawet ewidentne, ra\u017c\u0105ce b\u0142\u0119dy, pope\u0142niane<br \/>\nprzez duchownych, nie powoduj\u0105 mojego odwracania si\u0119 od Jezusa,<br \/>\nalbo \u201eluzowania\u201d sobie w kwestiach moralnych?<\/div>\n<div align=\"justify\" style=\"line-height: 150%; margin-bottom: 0cm;\">\n\u2013 Czy<br \/>\nsam nie os\u0142abiam swojego chrze\u015bcija\u0144skiego \u015bwiadectwa, t\u0142umacz\u0105c<br \/>\nto w\u0142asn\u0105 s\u0142abo\u015bci\u0105 i pope\u0142nianymi grzechami?<\/div>\n<div align=\"justify\" style=\"line-height: 150%; margin-bottom: 0cm;\">\n\u2013 Czy<br \/>\nstaram si\u0119 o to, aby moja postawa by\u0142a jednak zgodna z wyznawan\u0105<br \/>\nwiar\u0105?<\/div>\n<p><\/p>\n<div align=\"justify\" style=\"line-height: 150%; margin-bottom: 0cm;\">\n<i><b>Wierzcie<br \/>\nMi, \u017ce Ja jestem w Ojcu, a Ojciec we Mnie\u2026<\/b><\/i><\/div>\n","protected":false},"excerpt":{"rendered":"<p>Szcz\u0119\u015b\u0107 Bo\u017ce! Moi Drodzy, w dniu dzisiejszym imieniny prze\u017cywa Filip G\u0119bala, nale\u017c\u0105cy w swoim czasie do Wsp\u00f3lnoty m\u0142odzie\u017cowej w Parafii w Tr\u0105bkach. Urodziny natomiast prze\u017cywa Pani Doktor Marzena Pazik &#8211; Wolska, Lekarz stomatolog, z pomocy kt\u00f3rej nieraz korzystam.&nbsp; &nbsp; &nbsp; Obojgu \u015awi\u0119tuj\u0105cym \u017cycz\u0119 zapa\u0142u apostolskiego dzisiejszych Patron\u00f3w! &nbsp; &nbsp; &nbsp; A oto dzisiaj &#8211; pierwsza [&hellip;]<\/p>\n","protected":false},"author":1,"featured_media":0,"comment_status":"open","ping_status":"open","sticky":false,"template":"","format":"standard","meta":{"jetpack_post_was_ever_published":false,"_jetpack_newsletter_access":"","_jetpack_dont_email_post_to_subs":false,"_jetpack_newsletter_tier_id":0,"_jetpack_memberships_contains_paywalled_content":false,"_jetpack_memberships_contains_paid_content":false,"footnotes":""},"categories":[1],"tags":[],"class_list":["post-7669","post","type-post","status-publish","format-standard","hentry","category-bez-kategorii"],"yoast_head":"<!-- This site is optimized with the Yoast SEO plugin v25.1 - https:\/\/yoast.com\/wordpress\/plugins\/seo\/ -->\n<title>Przekaza\u0142em wam to, co przej\u0105\u0142em... - Gaudium Et Spes<\/title>\n<meta name=\"robots\" content=\"index, follow, max-snippet:-1, max-image-preview:large, max-video-preview:-1\" \/>\n<link rel=\"canonical\" href=\"https:\/\/gaudiumetspes-blog.pl\/index.php\/2017\/05\/06\/przekazaem-wam-to-co-przejae\/\" \/>\n<meta property=\"og:locale\" content=\"pl_PL\" \/>\n<meta property=\"og:type\" content=\"article\" \/>\n<meta property=\"og:title\" content=\"Przekaza\u0142em wam to, co przej\u0105\u0142em... - Gaudium Et Spes\" \/>\n<meta property=\"og:description\" content=\"Szcz\u0119\u015b\u0107 Bo\u017ce! Moi Drodzy, w dniu dzisiejszym imieniny prze\u017cywa Filip G\u0119bala, nale\u017c\u0105cy w swoim czasie do Wsp\u00f3lnoty m\u0142odzie\u017cowej w Parafii w Tr\u0105bkach. Urodziny natomiast prze\u017cywa Pani Doktor Marzena Pazik &#8211; Wolska, Lekarz stomatolog, z pomocy kt\u00f3rej nieraz korzystam.&nbsp; &nbsp; &nbsp; Obojgu \u015awi\u0119tuj\u0105cym \u017cycz\u0119 zapa\u0142u apostolskiego dzisiejszych Patron\u00f3w! &nbsp; &nbsp; &nbsp; A oto dzisiaj &#8211; pierwsza [&hellip;]\" \/>\n<meta property=\"og:url\" content=\"https:\/\/gaudiumetspes-blog.pl\/index.php\/2017\/05\/06\/przekazaem-wam-to-co-przejae\/\" \/>\n<meta property=\"og:site_name\" content=\"Gaudium Et Spes\" \/>\n<meta property=\"article:published_time\" content=\"2017-05-06T02:38:00+00:00\" \/>\n<meta property=\"article:modified_time\" content=\"2019-07-31T10:56:52+00:00\" \/>\n<meta name=\"author\" content=\"Ks. Jacek\" \/>\n<meta name=\"twitter:card\" content=\"summary_large_image\" \/>\n<meta name=\"twitter:label1\" content=\"Napisane przez\" \/>\n\t<meta name=\"twitter:data1\" content=\"Ks. Jacek\" \/>\n\t<meta name=\"twitter:label2\" content=\"Szacowany czas czytania\" \/>\n\t<meta name=\"twitter:data2\" content=\"8 minut\" \/>\n<script type=\"application\/ld+json\" class=\"yoast-schema-graph\">{\"@context\":\"https:\/\/schema.org\",\"@graph\":[{\"@type\":\"WebPage\",\"@id\":\"https:\/\/gaudiumetspes-blog.pl\/index.php\/2017\/05\/06\/przekazaem-wam-to-co-przejae\/\",\"url\":\"https:\/\/gaudiumetspes-blog.pl\/index.php\/2017\/05\/06\/przekazaem-wam-to-co-przejae\/\",\"name\":\"Przekaza\u0142em wam to, co przej\u0105\u0142em... - Gaudium Et Spes\",\"isPartOf\":{\"@id\":\"https:\/\/gaudiumetspes-blog.pl\/#website\"},\"datePublished\":\"2017-05-06T02:38:00+00:00\",\"dateModified\":\"2019-07-31T10:56:52+00:00\",\"author\":{\"@id\":\"https:\/\/gaudiumetspes-blog.pl\/#\/schema\/person\/1661982992b752dea8dff0d4ed845a65\"},\"breadcrumb\":{\"@id\":\"https:\/\/gaudiumetspes-blog.pl\/index.php\/2017\/05\/06\/przekazaem-wam-to-co-przejae\/#breadcrumb\"},\"inLanguage\":\"pl-PL\",\"potentialAction\":[{\"@type\":\"ReadAction\",\"target\":[\"https:\/\/gaudiumetspes-blog.pl\/index.php\/2017\/05\/06\/przekazaem-wam-to-co-przejae\/\"]}]},{\"@type\":\"BreadcrumbList\",\"@id\":\"https:\/\/gaudiumetspes-blog.pl\/index.php\/2017\/05\/06\/przekazaem-wam-to-co-przejae\/#breadcrumb\",\"itemListElement\":[{\"@type\":\"ListItem\",\"position\":1,\"name\":\"Strona g\u0142\u00f3wna\",\"item\":\"https:\/\/gaudiumetspes-blog.pl\/\"},{\"@type\":\"ListItem\",\"position\":2,\"name\":\"Przekaza\u0142em wam to, co przej\u0105\u0142em&#8230;\"}]},{\"@type\":\"WebSite\",\"@id\":\"https:\/\/gaudiumetspes-blog.pl\/#website\",\"url\":\"https:\/\/gaudiumetspes-blog.pl\/\",\"name\":\"Gaudium Et Spes\",\"description\":\"Blog Ks. Jacka Ja\u015bkowskiego\",\"potentialAction\":[{\"@type\":\"SearchAction\",\"target\":{\"@type\":\"EntryPoint\",\"urlTemplate\":\"https:\/\/gaudiumetspes-blog.pl\/?s={search_term_string}\"},\"query-input\":{\"@type\":\"PropertyValueSpecification\",\"valueRequired\":true,\"valueName\":\"search_term_string\"}}],\"inLanguage\":\"pl-PL\"},{\"@type\":\"Person\",\"@id\":\"https:\/\/gaudiumetspes-blog.pl\/#\/schema\/person\/1661982992b752dea8dff0d4ed845a65\",\"name\":\"Ks. Jacek\",\"image\":{\"@type\":\"ImageObject\",\"inLanguage\":\"pl-PL\",\"@id\":\"https:\/\/gaudiumetspes-blog.pl\/#\/schema\/person\/image\/\",\"url\":\"https:\/\/gaudiumetspes-blog.pl\/wp-content\/uploads\/2019\/07\/avatar-JJ-150x150.jpg\",\"contentUrl\":\"https:\/\/gaudiumetspes-blog.pl\/wp-content\/uploads\/2019\/07\/avatar-JJ-150x150.jpg\",\"caption\":\"Ks. Jacek\"},\"description\":\"Witam serdecznie! K\u0142ania si\u0119 Ks. Jacek Ja\u015bkowski. Nie jestem ani kim\u015b wa\u017cnym, ani kim\u015b znanym. Jestem ksi\u0119dzem, kt\u00f3ry po prostu chce rozmawia\u0107. Codzienna kap\u0142a\u0144ska pos\u0142uga pokazuje mi, \u017ce temat\u00f3w do rozm\u00f3w z ksi\u0119dzem jest coraz wi\u0119cej i dzisiaj \u017caden ksi\u0105dz nie mo\u017ce od nich ucieka\u0107, ale - wprost przeciwnie - podejmowa\u0107 nowe wyzwania. To przekonanie sk\u0142oni\u0142o mnie do pr\u00f3by otwarcia tego\u017c bloga, chocia\u017c okazji do rozm\u00f3w na co dzie\u0144 - w konfesjonale i poza nim - na szcz\u0119\u015bcie nie brakuje. My\u015bl\u0119 jednak, \u017ce ten blog b\u0119dzie jeszcze jednym sposobem i przestrzeni\u0105 nawi\u0105zania kontaktu z lud\u017ami dobrej woli, otwartymi na dialog.\",\"url\":\"https:\/\/gaudiumetspes-blog.pl\/index.php\/author\/ks-jacek\/\"}]}<\/script>\n<!-- \/ Yoast SEO plugin. -->","yoast_head_json":{"title":"Przekaza\u0142em wam to, co przej\u0105\u0142em... - Gaudium Et Spes","robots":{"index":"index","follow":"follow","max-snippet":"max-snippet:-1","max-image-preview":"max-image-preview:large","max-video-preview":"max-video-preview:-1"},"canonical":"https:\/\/gaudiumetspes-blog.pl\/index.php\/2017\/05\/06\/przekazaem-wam-to-co-przejae\/","og_locale":"pl_PL","og_type":"article","og_title":"Przekaza\u0142em wam to, co przej\u0105\u0142em... - Gaudium Et Spes","og_description":"Szcz\u0119\u015b\u0107 Bo\u017ce! Moi Drodzy, w dniu dzisiejszym imieniny prze\u017cywa Filip G\u0119bala, nale\u017c\u0105cy w swoim czasie do Wsp\u00f3lnoty m\u0142odzie\u017cowej w Parafii w Tr\u0105bkach. Urodziny natomiast prze\u017cywa Pani Doktor Marzena Pazik &#8211; Wolska, Lekarz stomatolog, z pomocy kt\u00f3rej nieraz korzystam.&nbsp; &nbsp; &nbsp; Obojgu \u015awi\u0119tuj\u0105cym \u017cycz\u0119 zapa\u0142u apostolskiego dzisiejszych Patron\u00f3w! &nbsp; &nbsp; &nbsp; A oto dzisiaj &#8211; pierwsza [&hellip;]","og_url":"https:\/\/gaudiumetspes-blog.pl\/index.php\/2017\/05\/06\/przekazaem-wam-to-co-przejae\/","og_site_name":"Gaudium Et Spes","article_published_time":"2017-05-06T02:38:00+00:00","article_modified_time":"2019-07-31T10:56:52+00:00","author":"Ks. Jacek","twitter_card":"summary_large_image","twitter_misc":{"Napisane przez":"Ks. Jacek","Szacowany czas czytania":"8 minut"},"schema":{"@context":"https:\/\/schema.org","@graph":[{"@type":"WebPage","@id":"https:\/\/gaudiumetspes-blog.pl\/index.php\/2017\/05\/06\/przekazaem-wam-to-co-przejae\/","url":"https:\/\/gaudiumetspes-blog.pl\/index.php\/2017\/05\/06\/przekazaem-wam-to-co-przejae\/","name":"Przekaza\u0142em wam to, co przej\u0105\u0142em... - Gaudium Et Spes","isPartOf":{"@id":"https:\/\/gaudiumetspes-blog.pl\/#website"},"datePublished":"2017-05-06T02:38:00+00:00","dateModified":"2019-07-31T10:56:52+00:00","author":{"@id":"https:\/\/gaudiumetspes-blog.pl\/#\/schema\/person\/1661982992b752dea8dff0d4ed845a65"},"breadcrumb":{"@id":"https:\/\/gaudiumetspes-blog.pl\/index.php\/2017\/05\/06\/przekazaem-wam-to-co-przejae\/#breadcrumb"},"inLanguage":"pl-PL","potentialAction":[{"@type":"ReadAction","target":["https:\/\/gaudiumetspes-blog.pl\/index.php\/2017\/05\/06\/przekazaem-wam-to-co-przejae\/"]}]},{"@type":"BreadcrumbList","@id":"https:\/\/gaudiumetspes-blog.pl\/index.php\/2017\/05\/06\/przekazaem-wam-to-co-przejae\/#breadcrumb","itemListElement":[{"@type":"ListItem","position":1,"name":"Strona g\u0142\u00f3wna","item":"https:\/\/gaudiumetspes-blog.pl\/"},{"@type":"ListItem","position":2,"name":"Przekaza\u0142em wam to, co przej\u0105\u0142em&#8230;"}]},{"@type":"WebSite","@id":"https:\/\/gaudiumetspes-blog.pl\/#website","url":"https:\/\/gaudiumetspes-blog.pl\/","name":"Gaudium Et Spes","description":"Blog Ks. Jacka Ja\u015bkowskiego","potentialAction":[{"@type":"SearchAction","target":{"@type":"EntryPoint","urlTemplate":"https:\/\/gaudiumetspes-blog.pl\/?s={search_term_string}"},"query-input":{"@type":"PropertyValueSpecification","valueRequired":true,"valueName":"search_term_string"}}],"inLanguage":"pl-PL"},{"@type":"Person","@id":"https:\/\/gaudiumetspes-blog.pl\/#\/schema\/person\/1661982992b752dea8dff0d4ed845a65","name":"Ks. Jacek","image":{"@type":"ImageObject","inLanguage":"pl-PL","@id":"https:\/\/gaudiumetspes-blog.pl\/#\/schema\/person\/image\/","url":"https:\/\/gaudiumetspes-blog.pl\/wp-content\/uploads\/2019\/07\/avatar-JJ-150x150.jpg","contentUrl":"https:\/\/gaudiumetspes-blog.pl\/wp-content\/uploads\/2019\/07\/avatar-JJ-150x150.jpg","caption":"Ks. Jacek"},"description":"Witam serdecznie! K\u0142ania si\u0119 Ks. Jacek Ja\u015bkowski. Nie jestem ani kim\u015b wa\u017cnym, ani kim\u015b znanym. Jestem ksi\u0119dzem, kt\u00f3ry po prostu chce rozmawia\u0107. Codzienna kap\u0142a\u0144ska pos\u0142uga pokazuje mi, \u017ce temat\u00f3w do rozm\u00f3w z ksi\u0119dzem jest coraz wi\u0119cej i dzisiaj \u017caden ksi\u0105dz nie mo\u017ce od nich ucieka\u0107, ale - wprost przeciwnie - podejmowa\u0107 nowe wyzwania. To przekonanie sk\u0142oni\u0142o mnie do pr\u00f3by otwarcia tego\u017c bloga, chocia\u017c okazji do rozm\u00f3w na co dzie\u0144 - w konfesjonale i poza nim - na szcz\u0119\u015bcie nie brakuje. My\u015bl\u0119 jednak, \u017ce ten blog b\u0119dzie jeszcze jednym sposobem i przestrzeni\u0105 nawi\u0105zania kontaktu z lud\u017ami dobrej woli, otwartymi na dialog.","url":"https:\/\/gaudiumetspes-blog.pl\/index.php\/author\/ks-jacek\/"}]}},"jetpack_featured_media_url":"","jetpack_sharing_enabled":true,"_links":{"self":[{"href":"https:\/\/gaudiumetspes-blog.pl\/index.php\/wp-json\/wp\/v2\/posts\/7669","targetHints":{"allow":["GET"]}}],"collection":[{"href":"https:\/\/gaudiumetspes-blog.pl\/index.php\/wp-json\/wp\/v2\/posts"}],"about":[{"href":"https:\/\/gaudiumetspes-blog.pl\/index.php\/wp-json\/wp\/v2\/types\/post"}],"author":[{"embeddable":true,"href":"https:\/\/gaudiumetspes-blog.pl\/index.php\/wp-json\/wp\/v2\/users\/1"}],"replies":[{"embeddable":true,"href":"https:\/\/gaudiumetspes-blog.pl\/index.php\/wp-json\/wp\/v2\/comments?post=7669"}],"version-history":[{"count":1,"href":"https:\/\/gaudiumetspes-blog.pl\/index.php\/wp-json\/wp\/v2\/posts\/7669\/revisions"}],"predecessor-version":[{"id":13223,"href":"https:\/\/gaudiumetspes-blog.pl\/index.php\/wp-json\/wp\/v2\/posts\/7669\/revisions\/13223"}],"wp:attachment":[{"href":"https:\/\/gaudiumetspes-blog.pl\/index.php\/wp-json\/wp\/v2\/media?parent=7669"}],"wp:term":[{"taxonomy":"category","embeddable":true,"href":"https:\/\/gaudiumetspes-blog.pl\/index.php\/wp-json\/wp\/v2\/categories?post=7669"},{"taxonomy":"post_tag","embeddable":true,"href":"https:\/\/gaudiumetspes-blog.pl\/index.php\/wp-json\/wp\/v2\/tags?post=7669"}],"curies":[{"name":"wp","href":"https:\/\/api.w.org\/{rel}","templated":true}]}}