{"id":7689,"date":"2017-04-16T04:00:00","date_gmt":"2017-04-16T02:00:00","guid":{"rendered":"https:\/\/gaudiumetspes-blog.pl\/index.php\/2017\/04\/16\/bezapelacyjnie-i-bezdyskusyjnie\/"},"modified":"2019-07-31T12:56:50","modified_gmt":"2019-07-31T10:56:50","slug":"bezapelacyjnie-i-bezdyskusyjnie","status":"publish","type":"post","link":"https:\/\/gaudiumetspes-blog.pl\/index.php\/2017\/04\/16\/bezapelacyjnie-i-bezdyskusyjnie\/","title":{"rendered":"Bezapelacyjnie i bezdyskusyjnie &#8211; zmartwychwsta\u0142!"},"content":{"rendered":"<div align=\"justify\" style=\"line-height: 150%; margin-bottom: 0cm;\">\nNiech b\u0119dzie pochwalony Jezus Chrystus! Moi Drodzy, o godzinie, w kt\u00f3rej rozpoczynam sprawowanie Mszy \u015awi\u0119tej Rezurekcyjnej, zamieszczam s\u0142owo, kt\u00f3re w jej trakcie wyg\u0142osz\u0119 w Miastkowie Ko\u015bcielnym, a kt\u00f3re chcia\u0142bym tak\u017ce skierowa\u0107 do ka\u017cdej i ka\u017cdego z Was &#8211; <b>z tym jednym \u017cyczeniem, aby Chrystusowe Zmartwychwstanie by\u0142o dla Was \u017ar\u00f3d\u0142em rado\u015bci i nadziei! O to b\u0119d\u0119 si\u0119 dzi\u015b modli\u0142 dla ca\u0142ej naszej blogowej Rodziny!<\/b><\/div>\n<div align=\"justify\" style=\"line-height: 150%; margin-bottom: 0cm;\">\n&nbsp; &nbsp; &nbsp; &nbsp;Prosz\u0119 jednocze\u015bnie, aby\u015bmy wszyscy w naszych modlitwach pami\u0119tali dzisiaj<b> o Ojcu \u015awi\u0119tym Seniorze Benedykcie XVI, prze\u017cywaj\u0105cym dziewi\u0119\u0107dziesi\u0105te urodziny! Niech ka\u017cda i ka\u017cdy z nas pomodli si\u0119 dla Jubilata o to, co uwa\u017ca, \u017ce jest Mu najbardziej potrzebne.<\/b><\/div>\n<div align=\"justify\" style=\"line-height: 150%; margin-bottom: 0cm;\">\n&nbsp; &nbsp; &nbsp; &nbsp; &nbsp;A na wyj\u0105tkowo radosne prze\u017cywanie najwi\u0119kszego i najwspanialszego \u015awi\u0119ta naszej wiary <b>&#8211; niech Was b\u0142ogos\u0142awi B\u00f3g wszechmog\u0105cy: Ojciec i Syn, i Duch \u015awi\u0119ty. Amen<\/b><\/div>\n<div align=\"justify\" style=\"line-height: 150%; margin-bottom: 0cm;\">\n&nbsp; &nbsp; &nbsp; &nbsp; &nbsp; &nbsp; &nbsp; &nbsp; &nbsp; &nbsp; &nbsp; &nbsp; &nbsp; &nbsp; Gaudium et spes! Alleluja! &nbsp;Ks. Jacek<\/div>\n<div align=\"justify\" style=\"line-height: 150%; margin-bottom: 0cm;\">\n<b><br \/><\/b><\/div>\n<div align=\"justify\" style=\"line-height: 150%; margin-bottom: 0cm;\">\n<b>\u015awi\u0119te<br \/>\nTriduum Paschalne \u2013 Niedziela Zmartwychwstania,<\/b><\/div>\n<div align=\"justify\" style=\"line-height: 150%; margin-bottom: 0cm;\">\n<b>Msza<br \/>\n\u015awi\u0119ta Rezurekcyjna,<\/b><\/div>\n<div align=\"justify\" style=\"line-height: 150%; margin-bottom: 0cm;\">\n<b>do<br \/>\nczyta\u0144:  Dz 10,34a.37\u201343;  Kol 3,1\u20134 albo: 1 Kor 5,6b\u20138;  J<br \/>\n20,1\u20139<\/b><\/div>\n<div align=\"justify\" style=\"break-before: auto; line-height: 150%; margin-bottom: 0cm;\">\n<\/div>\n<div align=\"justify\" style=\"line-height: 150%; margin-bottom: 0cm;\">\n<b>CZYTANIE<br \/>\nZ DZIEJ\u00d3W APOSTOLSKICH:<\/b><\/div>\n<div align=\"justify\" style=\"break-before: auto; line-height: 150%; margin-bottom: 0cm; text-indent: 1.3cm;\">\n<b>Gdy<br \/>\nPiotr przyby\u0142 do domu centuriona w Cezarei, przem\u00f3wi\u0142: \u201eWiecie,<br \/>\nco si\u0119 dzia\u0142o w ca\u0142ej Judei, pocz\u0105wszy od Galilei, po chrzcie,<br \/>\nkt\u00f3ry g\u0142osi\u0142 Jan. Znacie spraw\u0119 Jezusa z Nazaretu, kt\u00f3rego B\u00f3g<br \/>\nnama\u015bci\u0142 Duchem \u015awi\u0119tym i moc\u0105. Dlatego \u017ce B\u00f3g by\u0142 z Nim,<br \/>\nprzeszed\u0142 On dobrze czyni\u0105c i uzdrawiaj\u0105c wszystkich, kt\u00f3rzy byli<br \/>\npod w\u0142adz\u0105 diab\u0142a. <\/b>\n<\/div>\n<div align=\"justify\" style=\"line-height: 150%; margin-bottom: 0cm; text-indent: 1.3cm;\">\n<b>A<br \/>\nmy jeste\u015bmy \u015bwiadkami wszystkiego, co zdzia\u0142a\u0142 w ziemi \u017cydowskiej<br \/>\ni w Jerozolimie. Jego to zabili, zawiesiwszy na drzewie. B\u00f3g<br \/>\nwskrzesi\u0142 Go trzeciego dnia i pozwoli\u0142 Mu ukaza\u0107 si\u0119 nie ca\u0142emu<br \/>\nludowi, ale nam, wybranym uprzednio przez Boga na \u015bwiadk\u00f3w,<br \/>\nkt\u00f3rzy\u015bmy z Nim jedli i pili po Jego zmartwychwstaniu. <\/b>\n<\/div>\n<div align=\"justify\" style=\"line-height: 150%; margin-bottom: 0cm; text-indent: 1.3cm;\">\n<b>On<br \/>\nnam rozkaza\u0142 og\u0142osi\u0107 ludowi i da\u0107 \u015bwiadectwo, \u017ce B\u00f3g ustanowi\u0142<br \/>\nGo s\u0119dzi\u0105 \u017cywych i umar\u0142ych. Wszyscy prorocy \u015bwiadcz\u0105 o tym, \u017ce<br \/>\nka\u017cdy, kto w Niego wierzy, w Jego imi\u0119 otrzymuje odpuszczenie<br \/>\ngrzech\u00f3w\u201d.<\/b><\/div>\n<div align=\"justify\" style=\"line-height: 150%; margin-bottom: 0cm;\">\n<\/div>\n<div align=\"justify\" style=\"line-height: 150%; margin-bottom: 0cm;\">\n<b>CZYTANIE<br \/>\nZ LISTU \u015aWI\u0118TEGO PAW\u0141A APOSTO\u0141A DO KOLOSAN: <\/b>\n<\/div>\n<div align=\"justify\" style=\"break-before: auto; line-height: 150%; margin-bottom: 0cm; text-indent: 1.3cm;\">\n<b>Bracia:<br \/>\nJe\u015bli\u015bcie razem z Chrystusem powstali z martwych, szukajcie tego,<br \/>\nco w g\u00f3rze, gdzie przebywa Chrystus zasiadaj\u0105c po prawicy Boga.<br \/>\nD\u0105\u017ccie do tego, co w g\u00f3rze, nie do tego, co na ziemi. <\/b>\n<\/div>\n<div align=\"justify\" style=\"line-height: 150%; margin-bottom: 0cm; text-indent: 1.3cm;\">\n<b>Umarli\u015bcie<br \/>\nbowiem i wasze \u017cycie ukryte jest z Chrystusem w Bogu. Gdy si\u0119 uka\u017ce<br \/>\nChrystus, nasze \u017cycie, wtedy i wy razem z Nim uka\u017cecie si\u0119 w<br \/>\nchwale. <\/b>\n<\/div>\n<div align=\"justify\" style=\"line-height: 150%; margin-bottom: 0cm;\">\n<\/div>\n<div align=\"center\" style=\"line-height: 150%; margin-bottom: 0cm;\">\n<b>ALBO:<\/b><\/div>\n<div align=\"justify\" style=\"line-height: 150%; margin-bottom: 0cm;\">\n<\/div>\n<div align=\"justify\" style=\"line-height: 150%; margin-bottom: 0cm;\">\n<b>CZYTANIE<br \/>\nZ PIERWSZEGO LISTU \u015aWI\u0118TEGO PAW\u0141A APOSTO\u0141A DO KORYNTIAN:<\/b><\/div>\n<div align=\"justify\" style=\"line-height: 150%; margin-bottom: 0cm; text-indent: 1.3cm;\">\n<b>Bracia:<br \/>\nCzy\u017c<br \/>\nnie wiecie, \u017ce odrobina kwasu ca\u0142e ciasto zakwasza? Wyrzu\u0107cie wi\u0119c<br \/>\nstary kwas, aby\u015bcie si\u0119 stali nowym ciastem, bo przecie\u017c prza\u015bni<br \/>\njeste\u015bcie. <\/b>\n<\/div>\n<div align=\"justify\" style=\"line-height: 150%; margin-bottom: 0cm; text-indent: 1.3cm;\">\n<b>Chrystus<br \/>\nbowiem zosta\u0142 z\u0142o\u017cony w ofierze jako nasza Pascha. <\/b>\n<\/div>\n<div align=\"justify\" style=\"line-height: 150%; margin-bottom: 0cm; text-indent: 1.3cm;\">\n<b>Tak<br \/>\nprzeto odprawiajmy \u015bwi\u0119to nasze, nie przy u\u017cyciu starego kwasu<br \/>\nz\u0142o\u015bci i przewrotno\u015bci, lecz na prza\u015bnym chlebie czysto\u015bci i<br \/>\nprawdy. <\/b>\n<\/div>\n<div align=\"justify\" style=\"line-height: 150%; margin-bottom: 0cm;\">\n<\/div>\n<div align=\"justify\" style=\"line-height: 150%; margin-bottom: 0cm;\">\n<b>SEKWENCJA<\/b><\/div>\n<div align=\"justify\" style=\"break-before: auto; line-height: 150%; margin-bottom: 0cm; text-indent: 1.3cm;\">\n<b>Niech<br \/>\nw \u015bwi\u0119to radosne Paschalnej Ofiary<\/b><\/div>\n<div align=\"justify\" style=\"line-height: 150%; margin-bottom: 0cm; text-indent: 1.3cm;\">\n<b>Sk\u0142adaj\u0105<br \/>\njej wierni uwielbie\u0144 swych dary.<\/b><\/div>\n<div align=\"justify\" style=\"line-height: 150%; margin-bottom: 0cm;\">\n<b>Odkupi\u0142<br \/>\nswe owce Baranek bez skazy,<\/b><\/div>\n<div align=\"justify\" style=\"line-height: 150%; margin-bottom: 0cm;\">\n<b>Pojedna\u0142<br \/>\nnas z Ojcem i zmy\u0142 grzech\u00f3w zmazy.<\/b><\/div>\n<div align=\"justify\" style=\"break-before: auto; line-height: 150%; margin-bottom: 0cm; text-indent: 1.3cm;\">\n<b>\u015amier\u0107<br \/>\nzwar\u0142a si\u0119 z \u017cyciem i w boju, o dziwy, <\/b>\n<\/div>\n<div align=\"justify\" style=\"line-height: 150%; margin-bottom: 0cm; text-indent: 1.3cm;\">\n<b>Cho\u0107<br \/>\npoleg\u0142 W\u00f3dz \u017cycia, kr\u00f3luje dzi\u015b \u017cywy.<\/b><\/div>\n<div align=\"justify\" style=\"line-height: 150%; margin-bottom: 0cm;\">\n<b>Mario,<br \/>\nty powiedz, co\u015b w drodze widzia\u0142a?<\/b><\/div>\n<div align=\"justify\" style=\"line-height: 150%; margin-bottom: 0cm;\">\n<b>Jam<br \/>\nZmartwychwsta\u0142ego blask chwa\u0142y ujrza\u0142a.<\/b><\/div>\n<div align=\"justify\" style=\"break-before: auto; line-height: 150%; margin-bottom: 0cm; text-indent: 1.3cm;\">\n<b>\u017bywego<br \/>\nju\u017c Pana widzia\u0142am, gr\u00f3b pusty,<\/b><\/div>\n<div align=\"justify\" style=\"line-height: 150%; margin-bottom: 0cm; text-indent: 1.3cm;\">\n<b>I<br \/>\n\u015bwiadk\u00f3w anielskich, i odzie\u017c, i chusty.<\/b><\/div>\n<div align=\"justify\" style=\"line-height: 150%; margin-bottom: 0cm;\">\n<b>Zmartwychwsta\u0142<br \/>\nju\u017c Chrystus, Pan m\u00f3j i nadzieja,<\/b><\/div>\n<div align=\"justify\" style=\"line-height: 150%; margin-bottom: 0cm;\">\n<b>A<br \/>\nmiejscem spotkania b\u0119dzie Galileja. <\/b>\n<\/div>\n<div align=\"justify\" style=\"break-before: auto; line-height: 150%; margin-bottom: 0cm; text-indent: 1.3cm;\">\n<b>Wiemy,<br \/>\n\u017ce\u015b zmartwychwsta\u0142, \u017ce ten cud prawdziwy,<\/b><\/div>\n<div align=\"justify\" style=\"line-height: 150%; margin-bottom: 0cm; text-indent: 1.3cm;\">\n<b>O<br \/>\nKr\u00f3lu Zwyci\u0119zco, b\u0105d\u017a nam mi\u0142o\u015bciwy. <\/b>\n<\/div>\n<div align=\"justify\" style=\"line-height: 150%; margin-bottom: 0cm;\">\n<\/div>\n<div align=\"justify\" style=\"line-height: 150%; margin-bottom: 0cm;\">\n<b>S\u0141OWA<br \/>\nEWANGELII WED\u0141UG \u015aWI\u0118TEGO JANA: <\/b>\n<\/div>\n<div align=\"justify\" style=\"break-before: auto; line-height: 150%; margin-bottom: 0cm; text-indent: 1.3cm;\">\n<b>Pierwszego<br \/>\ndnia po szabacie, wczesnym rankiem, gdy jeszcze by\u0142o ciemno, Maria<br \/>\nMagdalena uda\u0142a si\u0119 do grobu i zobaczy\u0142a kamie\u0144 odsuni\u0119ty od<br \/>\ngrobu. Pobieg\u0142a wi\u0119c i przyby\u0142a do Szymona Piotra i do drugiego<br \/>\nucznia, kt\u00f3rego Jezus mi\u0142owa\u0142, i rzek\u0142a do nich: \u201eZabrano Pana<br \/>\nz grobu i nie wiemy, gdzie Go po\u0142o\u017cono\u201d. <\/b>\n<\/div>\n<div align=\"justify\" style=\"line-height: 150%; margin-bottom: 0cm; text-indent: 1.3cm;\">\n<b>Wyszed\u0142<br \/>\nwi\u0119c Piotr i \u00f3w drugi ucze\u0144 i szli do grobu. Biegli oni obydwaj<br \/>\nrazem, lecz \u00f3w drugi ucze\u0144 wyprzedzi\u0142 Piotra i przyby\u0142 pierwszy<br \/>\ndo grobu. A kiedy si\u0119 nachyli\u0142, zobaczy\u0142 le\u017c\u0105ce p\u0142\u00f3tna,<br \/>\njednak\u017ce nie wszed\u0142 do \u015brodka. <\/b>\n<\/div>\n<div align=\"justify\" style=\"line-height: 150%; margin-bottom: 0cm; text-indent: 1.3cm;\">\n<b>Nadszed\u0142<br \/>\npotem tak\u017ce Szymon Piotr, id\u0105cy za nim. Wszed\u0142 on do wn\u0119trza<br \/>\ngrobu i ujrza\u0142 le\u017c\u0105ce p\u0142\u00f3tna oraz chust\u0119, kt\u00f3ra by\u0142a na Jego<br \/>\ng\u0142owie, le\u017c\u0105c\u0105 nie razem z p\u0142\u00f3tnami, ale oddzielnie zwini\u0119t\u0105<br \/>\nna jednym miejscu. Wtedy wszed\u0142 do wn\u0119trza tak\u017ce i \u00f3w drugi<br \/>\nucze\u0144, kt\u00f3ry przyby\u0142 do grobu. Ujrza\u0142 i uwierzy\u0142. Dot\u0105d bowiem<br \/>\nnie rozumieli jeszcze Pisma, kt\u00f3re m\u00f3wi, \u017ce On ma powsta\u0107 z<br \/>\nmartwych.<\/b><\/div>\n<div align=\"justify\" style=\"line-height: 150%; margin-bottom: 0cm;\">\n<\/div>\n<div align=\"justify\" style=\"break-before: auto; line-height: 150%; margin-bottom: 0cm; text-indent: 1.3cm;\">\n<b><i>Znacie<br \/>\nspraw\u0119 Jezusa z Nazaretu, kt\u00f3rego B\u00f3g nama\u015bci\u0142 Duchem \u015awi\u0119tym<br \/>\ni moc\u0105. Dlatego \u017ce B\u00f3g by\u0142 z Nim, przeszed\u0142 On dobrze czyni\u0105c i<br \/>\nuzdrawiaj\u0105c wszystkich, kt\u00f3rzy byli pod w\u0142adz\u0105 diab\u0142a. A my<br \/>\njeste\u015bmy \u015bwiadkami wszystkiego, co zdzia\u0142a\u0142 <\/i>[\u2026]. <i>Jego to<br \/>\nzabili, zawiesiwszy na drzewie. B\u00f3g wskrzesi\u0142 Go trzeciego dnia<\/i><br \/>\n[\u2026]. <i>O<\/i><i>n nam rozkaza\u0142 og\u0142osi\u0107 ludowi i da\u0107 \u015bwiadectwo,<br \/>\n\u017ce B\u00f3g ustanowi\u0142 Go s\u0119dzi\u0105 \u017cywych i umar\u0142ych. Wszyscy prorocy<br \/>\n\u015bwiadcz\u0105 o tym, \u017ce ka\u017cdy, kto w Niego wierzy, w Jego imi\u0119<br \/>\notrzymuje odpuszczenie grzech\u00f3w.<\/i> <\/b>Wspania\u0142a<br \/>\nproklamacja niezwyk\u0142ego faktu Zmartwychwstania Jezusa Chrystusa,<br \/>\nwyg\u0142oszona dzi\u015b przez Piotra Aposto\u0142a, nape\u0142nia nasze serca<br \/>\nrado\u015bci\u0105 i nadziej\u0105!<\/div>\n<div align=\"justify\" style=\"line-height: 150%; margin-bottom: 0cm; text-indent: 1.3cm;\">\n<\/div>\n<div align=\"center\" style=\"line-height: 150%; margin-bottom: 0cm;\">\n<b>Najczcigodniejszy<br \/>\nKsi\u0119\u017ce Proboszczu!<\/b><\/div>\n<div align=\"center\" style=\"line-height: 150%; margin-bottom: 0cm;\">\n<b>Ksi\u0119\u017ce<br \/>\nPrefekcie! Czcigodne Siostry! <\/b>\n<\/div>\n<div align=\"center\" style=\"line-height: 150%; margin-bottom: 0cm;\">\n<b>Drodzy<br \/>\nCz\u0142onkowie wszystkich Wsp\u00f3lnot Parafialnych!<\/b><\/div>\n<div align=\"center\" style=\"line-height: 150%; margin-bottom: 0cm;\">\n<b>Szanowny<br \/>\nPanie W\u00f3jcie i Dostojne W\u0142adze Samorz\u0105dowe!<\/b><\/div>\n<div align=\"center\" style=\"line-height: 150%; margin-bottom: 0cm;\">\n<b>Kochani<br \/>\nCz\u0142onkowie naszej Parafialnej Rodziny! <\/b>\n<\/div>\n<div align=\"center\" style=\"line-height: 150%; margin-bottom: 0cm;\">\n<b>Wielce<br \/>\nSzanowni Go\u015bcie!<\/b><\/div>\n<div align=\"center\" style=\"line-height: 150%; margin-bottom: 0cm;\">\n<b>Bracia<br \/>\ni Siostry!<\/b><\/div>\n<div align=\"justify\" style=\"line-height: 150%; margin-bottom: 0cm;\">\n<\/div>\n<div align=\"justify\" style=\"break-before: auto; line-height: 150%; margin-bottom: 0cm; text-indent: 1.3cm;\">\nS\u0142uchaj\u0105c<br \/>\ns\u0142\u00f3w pierwszego spo\u015br\u00f3d Aposto\u0142\u00f3w, zachwycamy si\u0119 <b>wielko\u015bci\u0105<br \/>\nmocy Boga,<\/b> kt\u00f3ry swego Syna wskrzesi\u0142 z martwych. S\u0142uchamy<br \/>\ntych s\u0142\u00f3w, przyjmujemy je, a jednocze\u015bnie czujemy si\u0119<br \/>\nodpowiedzialni za to, by o tej wspania\u0142ej nowinie <b>\u015bwiadczy\u0107<br \/>\nwobec ca\u0142ego \u015bwiata!<\/b> Zauwa\u017cmy, \u017ce w tych kilku zdaniach<br \/>\nprzytoczonej tu Piotrowej wypowiedzi s\u0142owo: <b>\u201e\u015bwiadek\u201d<\/b> i<br \/>\n<b>\u201e\u015bwiadczy\u0107\u201d<\/b> pojawia si\u0119 a\u017c trzy razy! A opr\u00f3cz tego<br \/>\npojawiaj\u0105 si\u0119 takie stwierdzenia, jak: <i><b>znacie spraw\u0119 Jezusa<br \/>\nz Nazaretu,<\/b><\/i> oraz: <i><b>On nam rozkaza\u0142 og\u0142osi\u0107 ludowi.<\/b><\/i><\/p>\n<\/div>\n<div align=\"justify\" style=\"line-height: 150%; margin-bottom: 0cm; text-indent: 1.3cm;\">\nTak,<br \/>\nmoi Drodzy, nowina o Zmartwychwstaniu nie mo\u017ce by\u0107 ukrywana, nie<br \/>\nmo\u017ce by\u0107 przekazywana szeptem, albo mimochodem, w jakim\u015b<br \/>\nzal\u0119knieniu, ze strachem w g\u0142osie, ale ma by\u0107 obwieszczana ca\u0142emu<br \/>\n\u015bwiatu, ma by\u0107 <b>og\u0142aszana z moc\u0105 i si\u0142\u0105,<\/b> ma by\u0107<br \/>\nproklamowana wszystkim \u2013 i ka\u017cdemu z osobna!\n<\/div>\n<div align=\"justify\" style=\"line-height: 150%; margin-bottom: 0cm; text-indent: 1.3cm;\">\nBo<br \/>\ntak, jak kamienny gr\u00f3b nie by\u0142 w stanie uwi\u0119zi\u0107 Jezusa i Jego<br \/>\nzwyci\u0119skiej mocy, ale <b>musia\u0142 si\u0119 na o\u015bcie\u017c otworzy\u0107,<\/b> aby<br \/>\nwobec ca\u0142ego \u015bwiata do dzi\u015b dnia swoj\u0105 pustk\u0105 pokazywa\u0107, \u017ce<br \/>\nJezus wyszed\u0142 z niego definitywnie i ostatecznie, tak i <b>nasze<br \/>\nserca nie mog\u0105 skrywa\u0107 w sobie tej nowiny,<\/b> ale musz\u0105 \u2013 a<br \/>\nprzecie\u017c tak\u017ce i chc\u0105 \u2013 wszystkim j\u0105 wok\u00f3\u0142 z rado\u015bci\u0105<br \/>\nog\u0142asza\u0107!\n<\/div>\n<div align=\"justify\" style=\"line-height: 150%; margin-bottom: 0cm; text-indent: 1.3cm;\">\nPusty<br \/>\ngr\u00f3b ma w sobie bowiem tak niezwyk\u0142\u0105 moc i si\u0142\u0119 przekazu, \u017ce<br \/>\nka\u017cdy, kto do niego zajrzy \u2013 jak Piotr, Jan, Aposto\u0142owie i<br \/>\nniewiasty \u2013 <b>nie mo\u017ce nie uwierzy\u0107!<\/b> Je\u017celi tylko zajrzy<br \/>\ntam z mi\u0142o\u015bci\u0105 i otwartym sercem, to zaraz to serce nape\u0142ni si\u0119<br \/>\nogromn\u0105 rado\u015bci\u0105 w\u0142a\u015bnie z tego, <b>\u017ce Jezusa <\/b><b>tam<\/b><b><br \/>\nnie ma!<\/b> A od tego spojrzenia na pusty gr\u00f3b, od tego \u201ezajrzenia\u201d<br \/>\ndo pustego grobu, wzrok cz\u0142owieka mo\u017ce si\u0119 ju\u017c tylko kierowa\u0107 ku<br \/>\ntemu, co <i><b>w g\u00f3rze<\/b><\/i> \u2013 zgodnie z zach\u0119t\u0105 Paw\u0142a<br \/>\nAposto\u0142a z dzisiejszego drugiego czytania: <i><b>Je\u015bli\u015bcie<br \/>\nrazem z Chrystusem powstali z martwych, szukajcie tego, co w g\u00f3rze,<br \/>\ngdzie przebywa Chrystus zasiadaj\u0105c po prawicy Boga. D\u0105\u017ccie do<br \/>\ntego, co w g\u00f3rze, nie do tego, co na ziemi. <\/b><\/i>\n<\/div>\n<div align=\"justify\" style=\"line-height: 150%; margin-bottom: 0cm; text-indent: 1.3cm;\">\nM\u00f3wimy<br \/>\ntu zatem, moi Drodzy, o jakiej\u015b <b>ca\u0142kowitej<br \/>\ni radykalnej<\/b><br \/>\nprzemianie naszego my\u015blenia; m\u00f3wimy tu o ca\u0142kowitym i radykalnym<br \/>\n<b>przebudowaniu<\/b><br \/>\nswojego spojrzenia na Boga, na drugiego cz\u0142owieka \u2013 i na swoje<br \/>\nw\u0142asne \u017cycie. Po<br \/>\nprawdziwym i g\u0142\u0119bokim prze\u017cyciu tajemnicy Zmartwychwstania<br \/>\nPa\u0144skiego nic ju\u017c w naszym \u017cyciu<b><br \/>\nnie mo\u017ce by\u0107 takie, jak dotychczas.<\/b><br \/>\nMusi dokona\u0107 si\u0119 zmiana radykalna! Dlaczego?\n<\/div>\n<div align=\"justify\" style=\"line-height: 150%; margin-bottom: 0cm; text-indent: 1.3cm;\">\nBo<br \/>\njeste\u015bmy uczniami Mistrza, kt\u00f3ry w ka\u017cdym swoim dzia\u0142aniu by\u0142<br \/>\nbardzo <b>radykalny,<br \/>\n<\/b>kt\u00f3rego<br \/>\nka\u017cde s\u0142owo by\u0142o <b>jednoznaczne,<\/b><br \/>\nkt\u00f3rego ka\u017cde stanowisko by\u0142o <b>wyraziste,<br \/>\n<\/b>kt\u00f3rego<br \/>\nka\u017cde rozstrzygni\u0119cie by\u0142o <b>czarno<br \/>\n\u2013 bia\u0142e,<\/b><br \/>\na nie: szaro \u2013 bure; i<br \/>\nkt\u00f3rego ka\u017cde stwierdzenie <b>by\u0142o:<br \/>\n\u201etak\u201d lub: \u201enie\u201d, <\/b>a<br \/>\nnie za\u015b:<br \/>\n\u201eby\u0107 mo\u017ce\u201d\u2026\n<\/div>\n<div align=\"justify\" style=\"line-height: 150%; margin-bottom: 0cm; text-indent: 1.3cm;\">\nDzisiaj<br \/>\nnatomiast prze\u017cywamy wydarzenie, kt\u00f3re swoim radykalizmem<br \/>\nabsolutnie przewy\u017csza jakiekolwiek inne! Prze\u017cywamy bowiem<br \/>\n<b>absolutne<\/b><b><br \/>\n<\/b><b>i<br \/>\nbezapelacyjne zwyci\u0119stwo Jezusa<\/b><br \/>\nnad \u015bmierci\u0105, piek\u0142em i szatanem!<br \/>\nJak\u017ce to mocne i wa\u017cne wydarzenie,<br \/>\njak\u017ce to wyraziste \u015bwiadectwo<br \/>\nBo\u017cej<br \/>\nmocy dla nas,<br \/>\nmoi Drodzy, kt\u00f3rzy \u017cyjemy <b>w<br \/>\ntak bardzo rozchwianych czasach,<\/b><br \/>\ni sami temu rozchwianiu nieraz ulegamy: <b>rozchwianiu<\/b><br \/>\npogl\u0105d\u00f3w i ocen, <b>rozmyciu<\/b><br \/>\njednoznacznych postaw moralnych, <b>zacieraniu<\/b><br \/>\nwyra\u017anych granic mi\u0119dzy dobrem a z\u0142em, oraz<br \/>\n<b>wyg\u0142adzaniu<\/b><br \/>\nczytelnych i ostrych rozr\u00f3\u017cnie\u0144 mi\u0119dzy prawd\u0105 a k\u0142amstwem.<br \/>\nW takich czasach \u017cyjemy \u2013 i takim sk\u0142onno\u015bciom ulegamy.\n<\/div>\n<div align=\"justify\" style=\"line-height: 150%; margin-bottom: 0cm; text-indent: 1.3cm;\">\nZ<br \/>\nwypiekami na twarzy s\u0142uchamy r\u00f3\u017cnych <b>sensacyjnych<br \/>\n<\/b><b>informacji<\/b><b><br \/>\ni skrajnych opinii,<\/b><br \/>\nz wielkim przej\u0119ciem wpatrujemy si\u0119 w <b>s\u0142upki<br \/>\nsonda\u017cowego poparcia,<\/b><br \/>\nkt\u00f3re coraz cz\u0119\u015bciej zyskuj\u0105 warto\u015b\u0107 ostatecznej wyroczni. Bo<br \/>\ndzisiaj przeprowadza si\u0119 sonda\u017ce<b><br \/>\nna ka\u017cdy temat:<\/b><br \/>\nnie tylko w sprawie poparcia dla partii politycznych,<br \/>\nale i w sprawie ochrony \u017cycia cz\u0142owieka od pocz\u0119cia do naturalnej<br \/>\n\u015bmierci \u2013 i wszystkie w\u0142a\u015bciwie kwestie moralne poddawane s\u0105<br \/>\nsonda\u017cowemu os\u0105dowi.\n<\/div>\n<div align=\"justify\" style=\"line-height: 150%; margin-bottom: 0cm; text-indent: 1.3cm;\">\nCiekawe,<br \/>\njak wypad\u0142by sonda\u017c, kt\u00f3ry mia\u0142by os\u0105dzi\u0107, <b>czy<br \/>\nJezus powinien zmartwychwsta\u0107, czy nie powinien?<\/b><br \/>\nBo to, \u017ce w wielu kwestiach nie ma On<br \/>\nracji<br \/>\ni<br \/>\n\u017ce<br \/>\njest w swoim nauczaniu przestarza\u0142y i nieeuropejski,<br \/>\nto ju\u017c wiele sonda\u017cy rozstrzygn\u0119\u0142o dawno.<br \/>\nAle gdyby tak zapyta\u0107 respondent\u00f3w, <b>czy<br \/>\nJezus powinien cierpie\u0107, odda\u0107 \u017cyci<\/b><b>e<\/b><b>,<br \/>\na nast\u0119pnie zmartwychwsta\u0107<\/b><br \/>\n\u2013 jaki<br \/>\nprocent z nich<br \/>\nodpowiedzia\u0142by: \u201ezdecydowanie tak\u201d, jaki,<br \/>\n\u017ce:<br \/>\n\u201eraczej tak\u201d; jaki,<br \/>\n\u017ce:<br \/>\n\u201enie powinien\u201d;<br \/>\na jaki,<br \/>\n\u017ce:<br \/>\n\u201etrudno powiedzie\u0107\u201d?\u2026 I<br \/>\nco biedny<br \/>\nJezus musia\u0142by zrobi\u0107, gdyby si\u0119 okaza\u0142o, \u017ce nasze sonda\u017ce<br \/>\n<b>wypad\u0142y<br \/>\ndla Niego niekorzystnie?\u2026<\/b><\/div>\n<div align=\"justify\" style=\"line-height: 150%; margin-bottom: 0cm; text-indent: 1.3cm;\">\nNa<br \/>\nszcz\u0119\u015bcie \u2013 nie ma takiego problemu! Bo Jezus \u2013 na szcz\u0119\u015bcie!<br \/>\n\u2013 nie zleca przeprowadzania sonda\u017cy, ani ich niewolniczo nie<br \/>\n\u015bledzi! I dlatego ci\u0105gle m\u00f3wi prawd\u0119 \u2013 <b>jedn\u0105<br \/>\ni t\u0119 sam\u0105 prawd\u0119,<\/b><br \/>\nnie dopasowan\u0105 do okoliczno\u015bci, oczekiwa\u0144 czy wr\u0119cz \u017c\u0105da\u0144.<br \/>\nZawsze i zdecydowanie naucza <b>tej<br \/>\nsamej prawdy!<\/b><\/div>\n<div align=\"justify\" style=\"line-height: 150%; margin-bottom: 0cm; text-indent: 1.3cm;\">\nI<br \/>\nto<br \/>\nw<br \/>\njej imi\u0119<br \/>\nsprzeciwia si\u0119 ob\u0142udzie i pozoranctwu; w<br \/>\njej imi\u0119<br \/>\ndomaga si\u0119 <b>bezwarunkowej<br \/>\nochrony \u017cycia cz\u0142owieka<\/b><br \/>\nod pocz\u0119cia a\u017c do naturalnej \u015bmierci \u2013 i to <b>ka\u017cdego<br \/>\ncz\u0142owieka:<\/b><br \/>\nzdrowego i upo\u015bledzonego, pocz\u0119tego w rodzinie czy wskutek czynu<br \/>\nzabronionego; i bez wzgl\u0119du na to, jakie rokowania na temat jego<br \/>\nprzysz\u0142o\u015bci maj\u0105 lekarze.\n<\/div>\n<div align=\"justify\" style=\"line-height: 150%; margin-bottom: 0cm; text-indent: 1.3cm;\">\nW<br \/>\nimi\u0119 tej jedynej i niezmiennej prawdy<br \/>\ndomaga si\u0119 Jezus tak\u017ce<br \/>\n<b>wierno\u015bci<br \/>\nma\u0142\u017ce\u0144skiej i czysto\u015bci przedma\u0142\u017ce\u0144skiej, <\/b>przypominaj\u0105c<br \/>\n\u2013 bez wzgl\u0119du na tendencje sonda\u017cowe \u2013 \u017ce ch\u0142opak z<br \/>\ndziewczyn\u0105 nie mog\u0105 ze sob\u0105 mieszka\u0107 razem bez \u015blubu, bo to nie<br \/>\npo Bo\u017cemu, <b>bo<br \/>\nto grzech! <\/b><b>Ci\u0119\u017cki<br \/>\ngrzech!<\/b><\/p>\n<\/div>\n<div align=\"justify\" style=\"line-height: 150%; margin-bottom: 0cm; text-indent: 1.3cm;\">\nI<br \/>\nprzypomina Jezus, \u017ce z pracy nie mo\u017cna wynosi\u0107 <b>nawet<br \/>\ndrobiazg\u00f3w<\/b><br \/>\n\u2013 nawet je\u017celi wszyscy tak robi\u0105 \u2013 bo jest to zwyk\u0142a kradzie\u017c.<br \/>\nOraz \u017ce nie mo\u017cna \u0142ap\u00f3wek przyjmowa\u0107, ani dawa\u0107.\n<\/div>\n<div align=\"justify\" style=\"line-height: 150%; margin-bottom: 0cm; text-indent: 1.3cm;\">\nI<br \/>\nwiele innych rzeczy niezmiennie naucza i o nich przypomina \u2013<br \/>\nrzeczy, o kt\u00f3rych <b>my<br \/>\ndoskonale wiemy<\/b><br \/>\ni zdajemy sobie z nich spraw\u0119, bo si\u0119 przecie\u017c z nich spowiadamy<br \/>\n(je\u017celi si\u0119 ju\u017c w og\u00f3le spowiadamy), st\u0105d te\u017c stanowisko Jezusa<br \/>\nw poszczeg\u00f3lnych kwestiach moralnych, dotycz\u0105cych<br \/>\n\u017cycia osobistego, rodzinnego i spo\u0142ecznego \u2013 <b>nie<br \/>\njest dla nas zaskoczeniem.<\/b><br \/>\nMy je tak naprawd\u0119, tak wewn\u0119trznie \u2013 dobrze znamy.\n<\/div>\n<div align=\"justify\" style=\"line-height: 150%; margin-bottom: 0cm; text-indent: 1.3cm;\">\nJednak<br \/>\nwydaje si\u0119 nam, \u017ce je\u015bli<br \/>\nposzczeg\u00f3lne kwestie <b>poddamy<br \/>\nocenie sonda\u017cowej,<\/b><br \/>\nto mo\u017ce nie b\u0119d\u0105 ju\u017c w\u00f3wczas<br \/>\na\u017c<br \/>\ntak jednoznaczne, tak wymagaj\u0105ce, tak konkretne\u2026 Bo skoro sonda\u017c<br \/>\nwyka\u017ce, \u017ce dana prawda wiary czy dane moralne rozstrzygni\u0119cie ma<br \/>\nniski procent poparcia spo\u0142ecznego, to mo\u017ce <b>nie<br \/>\nb\u0119dzie a\u017c tak surowo w sumieniu obowi\u0105zywa\u0142o.<\/b><br \/>\nSkoro bowiem<br \/>\nwszyscy<br \/>\ntak robi\u0105, to \u2013 m\u00f3wi\u0105c wprost \u2013 Jezus b\u0119dzie si\u0119 musia\u0142 z<br \/>\ntym pogodzi\u0107. I mo\u017ce jako\u015b <b>\u0142agodniej<br \/>\nna swoim S\u0105dzie oceni<\/b><br \/>\n\u0142amanie tych przykaza\u0144, kt\u00f3re ju\u017c nie za<br \/>\nbardzo<br \/>\nprzystaj\u0105 do naszych czas\u00f3w i powszechnie s\u0105 \u0142amane przez ludzi.\n<\/div>\n<div align=\"justify\" style=\"line-height: 150%; margin-bottom: 0cm; text-indent: 1.3cm;\">\nOt\u00f3\u017c,<br \/>\n<b>to<br \/>\ntak nie dzia\u0142a! <\/b>Gdyby<br \/>\nbowiem przyj\u0105\u0107 t\u0119 logik\u0119 my\u015blenia o najwa\u017cniejszych duchowych<br \/>\nsprawach, to mieliby\u015bmy dzisiaj ju\u017c <b>zupe\u0142nie<br \/>\ninny Ko\u015bci\u00f3\u0142 <\/b>\u2013<br \/>\ntaki, kt\u00f3ry naucza\u0142by<br \/>\nzupe\u0142nie<br \/>\ninnych zasad i <b>inn\u0105<br \/>\nEwangeli\u0119<\/b><br \/>\ng\u0142osi\u0142\u2026<br \/>\nO ile w og\u00f3le by\u0142by jeszcze jaki\u015b Ko\u015bci\u00f3\u0142\u2026 Tymczasem, fakt,<br \/>\n\u017ce \u015bwiat zwariowa\u0142 i ludzie si\u0119 ju\u017c w tym wszystkim pogubili,<br \/>\n<b>nie<br \/>\noznacza, \u017ce Jezus <\/b><b>te\u017c<br \/>\n<\/b><b>zwariowa\u0142<br \/>\ni <\/b><b>te\u017c<br \/>\n<\/b><b>si\u0119<br \/>\npogubi\u0142. <\/b>Chocia\u017c<br \/>\nJego zasady wielu uwa\u017ca dzisiaj za jaki\u015b g\u0142os z innej planety, lub<br \/>\ntre\u015bci<br \/>\ng\u0142oszone przez szale\u0144ca.\n<\/div>\n<div align=\"justify\" style=\"line-height: 150%; margin-bottom: 0cm; text-indent: 1.3cm;\">\nPomimo<br \/>\ntego, <b>Jezus<br \/>\nswoich zasad nie zmienia! <\/b>I<br \/>\nto na szcz\u0119\u015bcie nie<br \/>\nkto inny, jak tylko On,<br \/>\n\u017cyj\u0105cy i dzia\u0142aj\u0105cy, i zwyci\u0119\u017caj\u0105cy Jezus Chrystus, <b>jest<br \/>\nsi\u0142\u0105 Ko\u015bcio\u0142a!<\/b><br \/>\nI<br \/>\nto w\u0142a\u015bnie On,<br \/>\nzwyci\u0119ski<br \/>\nJezus Chrystus,<br \/>\njest <b>G<\/b><b>warantem<br \/>\nniezmienno\u015bci <\/b>tego<br \/>\nwszystkiego, czym Ko\u015bci\u00f3\u0142 \u017cyje i czego naucza. Piecz\u0119ci\u0105 za\u015b,<br \/>\npotwierdzaj\u0105c\u0105 t\u0119 sta\u0142o\u015b\u0107 i niezmienno\u015b\u0107, jest <b>Je<\/b><b>go<br \/>\nchwalebne<\/b><b><br \/>\nZmartwychwstanie.<\/b><\/div>\n<div align=\"justify\" style=\"line-height: 150%; margin-bottom: 0cm; text-indent: 1.3cm;\">\nJe\u017celi<br \/>\nzatem dzisiaj przybywamy do \u015bwi\u0105tyni, aby prze\u017cywa\u0107 t\u0119 wspania\u0142\u0105<br \/>\nUroczysto\u015b\u0107, to nie chodzi nam tylko o to, aby <b>zachowa\u0107<br \/>\ntradycj\u0119<\/b><br \/>\ni nawet si\u0119 przy okazji nieco<br \/>\nwzruszy\u0107\u2026<br \/>\nJe\u017celi dzisiaj przychodzimy do ko\u015bcio\u0142a, je\u017celi uda\u0142o si\u0119 nam \u2013<br \/>\nby\u0107<br \/>\nmo\u017ce nawet<br \/>\nw ostatniej chwili i po d\u0142ugim oczekiwaniu w kolejce \u2013 przyst\u0105pi\u0107<br \/>\ndo Spowiedzi \u015awi\u0119tej, to chyba nie po to, aby w<br \/>\nten spos\u00f3b <b>zaliczy\u0107<br \/>\njedynie jeden z punkt\u00f3w dorocznego \u015bwi\u0119towania<\/b><br \/>\n\u2013 traktowany<br \/>\nna r\u00f3wni ze \u015bniadaniem wielkanocnym i tak zwanym \u201epo\u015bwi\u0119ceniem<br \/>\nkoszyczka\u201d&nbsp;\u2013 ale przybywamy tu po to, aby <b style=\"font-family: &quot;book antiqua&quot;, serif; font-size: 14pt; text-indent: 1.3cm;\">uwielbi\u0107<br \/>\nJezusa za Jego <\/b><b style=\"font-family: &quot;book antiqua&quot;, serif; font-size: 14pt; text-indent: 1.3cm;\">radykalne<br \/>\ni bezapelacyjne <\/b><b style=\"font-family: &quot;book antiqua&quot;, serif; font-size: 14pt; text-indent: 1.3cm;\">zwyci\u0119stwo<\/b><br \/>\nnad \u015bmierci\u0105 i aby jednocze\u015bnie<br \/>\nuzna\u0107,<br \/>\n\u017ce s\u0105 takie zasady, takie normy, takie prawa,<b style=\"font-family: &quot;book antiqua&quot;, serif; font-size: 14pt; text-indent: 1.3cm;\"><br \/>\nnad kt\u00f3rymi si\u0119 nie dyskutuje,<\/b><br \/>\nkt\u00f3rych si\u0119 do w\u0142asnych zachcianek nie dopasowuje, na temat<br \/>\nkt\u00f3rych nie przeprowadza si\u0119 sonda\u017cy.<\/div>\n<div align=\"justify\" style=\"line-height: 150%; margin-bottom: 0cm; text-indent: 1.3cm;\">\n\u015awi\u0119tuj\u0105c<br \/>\ndzisiaj rado\u015b\u0107 ze Zmartwychwstania Pana i uznaj\u0105c, \u017ce<br \/>\nJezus naprawd\u0119 tego wielkiego czynu dokona\u0142, <b>jednocze\u015bnie<br \/>\nakceptujemy wszystko<\/b><br \/>\nto, czego Jezus dokona\u0142, co powiedzia\u0142, co postanowi\u0142, czego nas<br \/>\nnaucza\u0142 i wci\u0105\u017c naucza. Je\u017celi<br \/>\nkto\u015b tego nie uznaje i przyszed\u0142 tu tylko dla tradycji, albo dla<br \/>\nuspokojenia sumienia \u2013 \u017ce to niby \u201eraz do roku trzeba\u201d<br \/>\n\u2013<br \/>\nale tych niezmiennych Jezusowych zasad i prawd <b>nie<br \/>\nuznaje i nie zamierza uznawa\u0107,<\/b><br \/>\nto naprawd\u0119 pomyli\u0142 imprezy i marnuje czas.\n<\/div>\n<div align=\"justify\" style=\"line-height: 150%; margin-bottom: 0cm; text-indent: 1.3cm;\">\nKochani,<br \/>\nw\u0142a\u015bnie ten \u015bwiat,<br \/>\nw jakim \u017cyjemy i to wszystko, co wok\u00f3\u0142 nas si\u0119 dzieje, a czego<br \/>\nnawet nie ogarniamy \u2013 bo trudno to ogarn\u0105\u0107, gdy\u017c takie to<br \/>\nwszystko niejasne, niekonkretne, nieostre, dwuznaczne, dyskusyjne \u2013<br \/>\nw\u0142a\u015bnie <b>ten<br \/>\n<\/b><b>dzisiejszy<br \/>\nrozhu\u015btany \u015bwiat<\/b><b><br \/>\ndomaga si\u0119<\/b><br \/>\nbardzo jasnych, dok\u0142adnie okre\u015blonych, wyra\u017anie zarysowanych,<br \/>\nwr\u0119cz czarno\u2013bia\u0142ych, a<br \/>\ndo tego <b>odwa\u017cnych<\/b><b><br \/>\npostaw chrze\u015bcijan, <\/b>uczni\u00f3w,<br \/>\nwyznawc\u00f3w i przyjaci\u00f3\u0142 Chrystusa!\n<\/div>\n<div align=\"justify\" style=\"line-height: 150%; margin-bottom: 0cm; text-indent: 1.3cm;\">\nJu\u017c<br \/>\n<b>dosy\u0107<br \/>\nchwiania si\u0119<\/b><br \/>\ni rozmywania wyra\u017anych granic mi\u0119dzy dobrem a z\u0142em, mi\u0119dzy prawd\u0105<br \/>\na k\u0142amstwem; ju\u017c <b>dosy\u0107<br \/>\ndyskusji<\/b><br \/>\nnad tym, nad czym si\u0119 nie dyskutuje i ju\u017c<br \/>\n<b>do<\/b><b>sy<\/b><b>\u0107<br \/>\nsonda\u017cy <\/b>w<br \/>\nkwestiach, kt\u00f3re nigdy \u017cadnym sonda\u017com nie mog\u0105<br \/>\npodlega\u0107! Ju\u017c dosy\u0107 tego!\n<\/div>\n<div align=\"justify\" style=\"line-height: 150%; margin-bottom: 0cm; text-indent: 1.3cm;\">\nMy,<br \/>\nprawdziwi uczniowie Jezusa Chrystusa, Zwyci\u0119zcy \u015bmierci, piek\u0142a i<br \/>\nszatana, ubogaceni przyk\u0142adem Jego zwyci\u0119stwa i umocnieni tym<br \/>\nzwyci\u0119stwem, <b>chcemy<br \/>\ntak samo zwyci\u0119\u017ca\u0107 w sobie<\/b><br \/>\ngrzech i wszelk\u0105 pokus\u0119 do grzechu. Szczeg\u00f3lnie za\u015b \u2013 chcemy<br \/>\nmoc\u0105 Chrystusowego Zmartwychwstania pokonywa\u0107 w<br \/>\nsobie <b>postaw\u0119<br \/>\nchrze\u015bcijanina letniego, <\/b>byle<br \/>\njakiego, rozmytego, zgaszonego, pasywnego,<br \/>\nleniwego,<br \/>\nwiecznie nad czym\u015b dyskutuj\u0105cego\u2026\n<\/div>\n<div align=\"justify\" style=\"line-height: 150%; margin-bottom: 0cm; text-indent: 1.3cm;\">\nMy,<br \/>\nuczniowie, wyznawcy i przyjaciele Jezusa Zwyci\u0119zcy chcemy \u2013 i<br \/>\nmo\u017cemy \u2013 <b>by\u0107<br \/>\n<\/b><b>tak\u017ce<br \/>\n<\/b><b>zwyci\u0119zcami!<br \/>\n<\/b>Mo\u017cemy<br \/>\nby\u0107 takimi \u015bwiadkami, jak Piotr, Jan,<br \/>\nAposto\u0142owie i<br \/>\nniewiasty z<br \/>\ndzisiejszej Ewangelii!<br \/>\nJe\u015bli tylko d\u0105\u017cy\u0107 b\u0119dziemy <i><b>do<br \/>\ntego, co w g\u00f3rze, nie do tego, co na ziemi.<\/b><\/i><b><br \/>\n<\/b>Je\u017celi<br \/>\ntylko b\u0119dziemy wpatrywa\u0107 si\u0119 w Jezusa Chrystusa!\n<\/div>\n<div align=\"justify\" style=\"line-height: 150%; margin-bottom: 0cm; text-indent: 1.3cm;\">\nBo<br \/>\nto w\u0142a\u015bnie <b>On<br \/>\n\u2013 i tylko On! \u2013 swoj\u0105 Bosk\u0105 moc\u0105 zmartwychwsta\u0142! Prawdziwie<br \/>\nzmartwychwsta\u0142! <\/b>Wbrew<br \/>\nca\u0142ej ludzkiej nienawi\u015bci, kt\u00f3ra skaza\u0142a Go i wci\u0105\u017c skazuje na<br \/>\n\u015bmier\u0107; wbrew r\u00f3\u017cnorakim tendencjom politycznym i ekonomicznym,<br \/>\nwbrew modom i zachciankom, wbrew<br \/>\nca\u0142ej logice tego \u015bwiata; a<br \/>\ndo tego: zupe\u0142nie<br \/>\nniezale\u017cnie od sonda\u017cy i rozmaitych opinii \u2013 ostatecznie,<br \/>\nbezapelacyjnie, radykalnie, bezdyskusyjnie &#8211; zmartwychwsta\u0142!\n<\/div>\n<div align=\"justify\" style=\"line-height: 150%; margin-bottom: 0cm; text-indent: 1.3cm;\">\n<b>On,<br \/>\nJezus Chrystus, ten sam wczoraj i dzi\u015b, Pocz\u0105tek i Koniec, Alfa i<br \/>\nOmega! Do Niego nale\u017cy czas i wieczno\u015b\u0107! Jemu chwa\u0142a i panowanie<br \/>\n\u2013 przez wszystkie wieki!<\/b><\/div>\n<div align=\"right\" style=\"line-height: 150%; margin-bottom: 0cm;\">\nAmen!<br \/>\nAlleluja!<\/div>\n","protected":false},"excerpt":{"rendered":"<p>Niech b\u0119dzie pochwalony Jezus Chrystus! Moi Drodzy, o godzinie, w kt\u00f3rej rozpoczynam sprawowanie Mszy \u015awi\u0119tej Rezurekcyjnej, zamieszczam s\u0142owo, kt\u00f3re w jej trakcie wyg\u0142osz\u0119 w Miastkowie Ko\u015bcielnym, a kt\u00f3re chcia\u0142bym tak\u017ce skierowa\u0107 do ka\u017cdej i ka\u017cdego z Was &#8211; z tym jednym \u017cyczeniem, aby Chrystusowe Zmartwychwstanie by\u0142o dla Was \u017ar\u00f3d\u0142em rado\u015bci i nadziei! O to b\u0119d\u0119 [&hellip;]<\/p>\n","protected":false},"author":1,"featured_media":0,"comment_status":"open","ping_status":"open","sticky":false,"template":"","format":"standard","meta":{"jetpack_post_was_ever_published":false,"_jetpack_newsletter_access":"","_jetpack_dont_email_post_to_subs":false,"_jetpack_newsletter_tier_id":0,"_jetpack_memberships_contains_paywalled_content":false,"_jetpack_memberships_contains_paid_content":false,"footnotes":""},"categories":[1],"tags":[],"class_list":["post-7689","post","type-post","status-publish","format-standard","hentry","category-bez-kategorii"],"yoast_head":"<!-- This site is optimized with the Yoast SEO plugin v25.1 - https:\/\/yoast.com\/wordpress\/plugins\/seo\/ -->\n<title>Bezapelacyjnie i bezdyskusyjnie - zmartwychwsta\u0142! - Gaudium Et Spes<\/title>\n<meta name=\"robots\" content=\"index, follow, max-snippet:-1, max-image-preview:large, max-video-preview:-1\" \/>\n<link rel=\"canonical\" href=\"https:\/\/gaudiumetspes-blog.pl\/index.php\/2017\/04\/16\/bezapelacyjnie-i-bezdyskusyjnie\/\" \/>\n<meta property=\"og:locale\" content=\"pl_PL\" \/>\n<meta property=\"og:type\" content=\"article\" \/>\n<meta property=\"og:title\" content=\"Bezapelacyjnie i bezdyskusyjnie - zmartwychwsta\u0142! - Gaudium Et Spes\" \/>\n<meta property=\"og:description\" content=\"Niech b\u0119dzie pochwalony Jezus Chrystus! Moi Drodzy, o godzinie, w kt\u00f3rej rozpoczynam sprawowanie Mszy \u015awi\u0119tej Rezurekcyjnej, zamieszczam s\u0142owo, kt\u00f3re w jej trakcie wyg\u0142osz\u0119 w Miastkowie Ko\u015bcielnym, a kt\u00f3re chcia\u0142bym tak\u017ce skierowa\u0107 do ka\u017cdej i ka\u017cdego z Was &#8211; z tym jednym \u017cyczeniem, aby Chrystusowe Zmartwychwstanie by\u0142o dla Was \u017ar\u00f3d\u0142em rado\u015bci i nadziei! O to b\u0119d\u0119 [&hellip;]\" \/>\n<meta property=\"og:url\" content=\"https:\/\/gaudiumetspes-blog.pl\/index.php\/2017\/04\/16\/bezapelacyjnie-i-bezdyskusyjnie\/\" \/>\n<meta property=\"og:site_name\" content=\"Gaudium Et Spes\" \/>\n<meta property=\"article:published_time\" content=\"2017-04-16T02:00:00+00:00\" \/>\n<meta property=\"article:modified_time\" content=\"2019-07-31T10:56:50+00:00\" \/>\n<meta name=\"author\" content=\"Ks. Jacek\" \/>\n<meta name=\"twitter:card\" content=\"summary_large_image\" \/>\n<meta name=\"twitter:label1\" content=\"Napisane przez\" \/>\n\t<meta name=\"twitter:data1\" content=\"Ks. Jacek\" \/>\n\t<meta name=\"twitter:label2\" content=\"Szacowany czas czytania\" \/>\n\t<meta name=\"twitter:data2\" content=\"15 minut\" \/>\n<script type=\"application\/ld+json\" class=\"yoast-schema-graph\">{\"@context\":\"https:\/\/schema.org\",\"@graph\":[{\"@type\":\"WebPage\",\"@id\":\"https:\/\/gaudiumetspes-blog.pl\/index.php\/2017\/04\/16\/bezapelacyjnie-i-bezdyskusyjnie\/\",\"url\":\"https:\/\/gaudiumetspes-blog.pl\/index.php\/2017\/04\/16\/bezapelacyjnie-i-bezdyskusyjnie\/\",\"name\":\"Bezapelacyjnie i bezdyskusyjnie - zmartwychwsta\u0142! - Gaudium Et Spes\",\"isPartOf\":{\"@id\":\"https:\/\/gaudiumetspes-blog.pl\/#website\"},\"datePublished\":\"2017-04-16T02:00:00+00:00\",\"dateModified\":\"2019-07-31T10:56:50+00:00\",\"author\":{\"@id\":\"https:\/\/gaudiumetspes-blog.pl\/#\/schema\/person\/1661982992b752dea8dff0d4ed845a65\"},\"breadcrumb\":{\"@id\":\"https:\/\/gaudiumetspes-blog.pl\/index.php\/2017\/04\/16\/bezapelacyjnie-i-bezdyskusyjnie\/#breadcrumb\"},\"inLanguage\":\"pl-PL\",\"potentialAction\":[{\"@type\":\"ReadAction\",\"target\":[\"https:\/\/gaudiumetspes-blog.pl\/index.php\/2017\/04\/16\/bezapelacyjnie-i-bezdyskusyjnie\/\"]}]},{\"@type\":\"BreadcrumbList\",\"@id\":\"https:\/\/gaudiumetspes-blog.pl\/index.php\/2017\/04\/16\/bezapelacyjnie-i-bezdyskusyjnie\/#breadcrumb\",\"itemListElement\":[{\"@type\":\"ListItem\",\"position\":1,\"name\":\"Strona g\u0142\u00f3wna\",\"item\":\"https:\/\/gaudiumetspes-blog.pl\/\"},{\"@type\":\"ListItem\",\"position\":2,\"name\":\"Bezapelacyjnie i&nbsp;bezdyskusyjnie &#8211; zmartwychwsta\u0142!\"}]},{\"@type\":\"WebSite\",\"@id\":\"https:\/\/gaudiumetspes-blog.pl\/#website\",\"url\":\"https:\/\/gaudiumetspes-blog.pl\/\",\"name\":\"Gaudium Et Spes\",\"description\":\"Blog Ks. Jacka Ja\u015bkowskiego\",\"potentialAction\":[{\"@type\":\"SearchAction\",\"target\":{\"@type\":\"EntryPoint\",\"urlTemplate\":\"https:\/\/gaudiumetspes-blog.pl\/?s={search_term_string}\"},\"query-input\":{\"@type\":\"PropertyValueSpecification\",\"valueRequired\":true,\"valueName\":\"search_term_string\"}}],\"inLanguage\":\"pl-PL\"},{\"@type\":\"Person\",\"@id\":\"https:\/\/gaudiumetspes-blog.pl\/#\/schema\/person\/1661982992b752dea8dff0d4ed845a65\",\"name\":\"Ks. Jacek\",\"image\":{\"@type\":\"ImageObject\",\"inLanguage\":\"pl-PL\",\"@id\":\"https:\/\/gaudiumetspes-blog.pl\/#\/schema\/person\/image\/\",\"url\":\"https:\/\/gaudiumetspes-blog.pl\/wp-content\/uploads\/2019\/07\/avatar-JJ-150x150.jpg\",\"contentUrl\":\"https:\/\/gaudiumetspes-blog.pl\/wp-content\/uploads\/2019\/07\/avatar-JJ-150x150.jpg\",\"caption\":\"Ks. Jacek\"},\"description\":\"Witam serdecznie! K\u0142ania si\u0119 Ks. Jacek Ja\u015bkowski. Nie jestem ani kim\u015b wa\u017cnym, ani kim\u015b znanym. Jestem ksi\u0119dzem, kt\u00f3ry po prostu chce rozmawia\u0107. Codzienna kap\u0142a\u0144ska pos\u0142uga pokazuje mi, \u017ce temat\u00f3w do rozm\u00f3w z ksi\u0119dzem jest coraz wi\u0119cej i dzisiaj \u017caden ksi\u0105dz nie mo\u017ce od nich ucieka\u0107, ale - wprost przeciwnie - podejmowa\u0107 nowe wyzwania. To przekonanie sk\u0142oni\u0142o mnie do pr\u00f3by otwarcia tego\u017c bloga, chocia\u017c okazji do rozm\u00f3w na co dzie\u0144 - w konfesjonale i poza nim - na szcz\u0119\u015bcie nie brakuje. My\u015bl\u0119 jednak, \u017ce ten blog b\u0119dzie jeszcze jednym sposobem i przestrzeni\u0105 nawi\u0105zania kontaktu z lud\u017ami dobrej woli, otwartymi na dialog.\",\"url\":\"https:\/\/gaudiumetspes-blog.pl\/index.php\/author\/ks-jacek\/\"}]}<\/script>\n<!-- \/ Yoast SEO plugin. -->","yoast_head_json":{"title":"Bezapelacyjnie i bezdyskusyjnie - zmartwychwsta\u0142! - Gaudium Et Spes","robots":{"index":"index","follow":"follow","max-snippet":"max-snippet:-1","max-image-preview":"max-image-preview:large","max-video-preview":"max-video-preview:-1"},"canonical":"https:\/\/gaudiumetspes-blog.pl\/index.php\/2017\/04\/16\/bezapelacyjnie-i-bezdyskusyjnie\/","og_locale":"pl_PL","og_type":"article","og_title":"Bezapelacyjnie i bezdyskusyjnie - zmartwychwsta\u0142! - Gaudium Et Spes","og_description":"Niech b\u0119dzie pochwalony Jezus Chrystus! Moi Drodzy, o godzinie, w kt\u00f3rej rozpoczynam sprawowanie Mszy \u015awi\u0119tej Rezurekcyjnej, zamieszczam s\u0142owo, kt\u00f3re w jej trakcie wyg\u0142osz\u0119 w Miastkowie Ko\u015bcielnym, a kt\u00f3re chcia\u0142bym tak\u017ce skierowa\u0107 do ka\u017cdej i ka\u017cdego z Was &#8211; z tym jednym \u017cyczeniem, aby Chrystusowe Zmartwychwstanie by\u0142o dla Was \u017ar\u00f3d\u0142em rado\u015bci i nadziei! O to b\u0119d\u0119 [&hellip;]","og_url":"https:\/\/gaudiumetspes-blog.pl\/index.php\/2017\/04\/16\/bezapelacyjnie-i-bezdyskusyjnie\/","og_site_name":"Gaudium Et Spes","article_published_time":"2017-04-16T02:00:00+00:00","article_modified_time":"2019-07-31T10:56:50+00:00","author":"Ks. Jacek","twitter_card":"summary_large_image","twitter_misc":{"Napisane przez":"Ks. Jacek","Szacowany czas czytania":"15 minut"},"schema":{"@context":"https:\/\/schema.org","@graph":[{"@type":"WebPage","@id":"https:\/\/gaudiumetspes-blog.pl\/index.php\/2017\/04\/16\/bezapelacyjnie-i-bezdyskusyjnie\/","url":"https:\/\/gaudiumetspes-blog.pl\/index.php\/2017\/04\/16\/bezapelacyjnie-i-bezdyskusyjnie\/","name":"Bezapelacyjnie i bezdyskusyjnie - zmartwychwsta\u0142! - Gaudium Et Spes","isPartOf":{"@id":"https:\/\/gaudiumetspes-blog.pl\/#website"},"datePublished":"2017-04-16T02:00:00+00:00","dateModified":"2019-07-31T10:56:50+00:00","author":{"@id":"https:\/\/gaudiumetspes-blog.pl\/#\/schema\/person\/1661982992b752dea8dff0d4ed845a65"},"breadcrumb":{"@id":"https:\/\/gaudiumetspes-blog.pl\/index.php\/2017\/04\/16\/bezapelacyjnie-i-bezdyskusyjnie\/#breadcrumb"},"inLanguage":"pl-PL","potentialAction":[{"@type":"ReadAction","target":["https:\/\/gaudiumetspes-blog.pl\/index.php\/2017\/04\/16\/bezapelacyjnie-i-bezdyskusyjnie\/"]}]},{"@type":"BreadcrumbList","@id":"https:\/\/gaudiumetspes-blog.pl\/index.php\/2017\/04\/16\/bezapelacyjnie-i-bezdyskusyjnie\/#breadcrumb","itemListElement":[{"@type":"ListItem","position":1,"name":"Strona g\u0142\u00f3wna","item":"https:\/\/gaudiumetspes-blog.pl\/"},{"@type":"ListItem","position":2,"name":"Bezapelacyjnie i&nbsp;bezdyskusyjnie &#8211; zmartwychwsta\u0142!"}]},{"@type":"WebSite","@id":"https:\/\/gaudiumetspes-blog.pl\/#website","url":"https:\/\/gaudiumetspes-blog.pl\/","name":"Gaudium Et Spes","description":"Blog Ks. Jacka Ja\u015bkowskiego","potentialAction":[{"@type":"SearchAction","target":{"@type":"EntryPoint","urlTemplate":"https:\/\/gaudiumetspes-blog.pl\/?s={search_term_string}"},"query-input":{"@type":"PropertyValueSpecification","valueRequired":true,"valueName":"search_term_string"}}],"inLanguage":"pl-PL"},{"@type":"Person","@id":"https:\/\/gaudiumetspes-blog.pl\/#\/schema\/person\/1661982992b752dea8dff0d4ed845a65","name":"Ks. Jacek","image":{"@type":"ImageObject","inLanguage":"pl-PL","@id":"https:\/\/gaudiumetspes-blog.pl\/#\/schema\/person\/image\/","url":"https:\/\/gaudiumetspes-blog.pl\/wp-content\/uploads\/2019\/07\/avatar-JJ-150x150.jpg","contentUrl":"https:\/\/gaudiumetspes-blog.pl\/wp-content\/uploads\/2019\/07\/avatar-JJ-150x150.jpg","caption":"Ks. Jacek"},"description":"Witam serdecznie! K\u0142ania si\u0119 Ks. Jacek Ja\u015bkowski. Nie jestem ani kim\u015b wa\u017cnym, ani kim\u015b znanym. Jestem ksi\u0119dzem, kt\u00f3ry po prostu chce rozmawia\u0107. Codzienna kap\u0142a\u0144ska pos\u0142uga pokazuje mi, \u017ce temat\u00f3w do rozm\u00f3w z ksi\u0119dzem jest coraz wi\u0119cej i dzisiaj \u017caden ksi\u0105dz nie mo\u017ce od nich ucieka\u0107, ale - wprost przeciwnie - podejmowa\u0107 nowe wyzwania. To przekonanie sk\u0142oni\u0142o mnie do pr\u00f3by otwarcia tego\u017c bloga, chocia\u017c okazji do rozm\u00f3w na co dzie\u0144 - w konfesjonale i poza nim - na szcz\u0119\u015bcie nie brakuje. My\u015bl\u0119 jednak, \u017ce ten blog b\u0119dzie jeszcze jednym sposobem i przestrzeni\u0105 nawi\u0105zania kontaktu z lud\u017ami dobrej woli, otwartymi na dialog.","url":"https:\/\/gaudiumetspes-blog.pl\/index.php\/author\/ks-jacek\/"}]}},"jetpack_featured_media_url":"","jetpack_sharing_enabled":true,"_links":{"self":[{"href":"https:\/\/gaudiumetspes-blog.pl\/index.php\/wp-json\/wp\/v2\/posts\/7689","targetHints":{"allow":["GET"]}}],"collection":[{"href":"https:\/\/gaudiumetspes-blog.pl\/index.php\/wp-json\/wp\/v2\/posts"}],"about":[{"href":"https:\/\/gaudiumetspes-blog.pl\/index.php\/wp-json\/wp\/v2\/types\/post"}],"author":[{"embeddable":true,"href":"https:\/\/gaudiumetspes-blog.pl\/index.php\/wp-json\/wp\/v2\/users\/1"}],"replies":[{"embeddable":true,"href":"https:\/\/gaudiumetspes-blog.pl\/index.php\/wp-json\/wp\/v2\/comments?post=7689"}],"version-history":[{"count":1,"href":"https:\/\/gaudiumetspes-blog.pl\/index.php\/wp-json\/wp\/v2\/posts\/7689\/revisions"}],"predecessor-version":[{"id":13184,"href":"https:\/\/gaudiumetspes-blog.pl\/index.php\/wp-json\/wp\/v2\/posts\/7689\/revisions\/13184"}],"wp:attachment":[{"href":"https:\/\/gaudiumetspes-blog.pl\/index.php\/wp-json\/wp\/v2\/media?parent=7689"}],"wp:term":[{"taxonomy":"category","embeddable":true,"href":"https:\/\/gaudiumetspes-blog.pl\/index.php\/wp-json\/wp\/v2\/categories?post=7689"},{"taxonomy":"post_tag","embeddable":true,"href":"https:\/\/gaudiumetspes-blog.pl\/index.php\/wp-json\/wp\/v2\/tags?post=7689"}],"curies":[{"name":"wp","href":"https:\/\/api.w.org\/{rel}","templated":true}]}}