{"id":7770,"date":"2017-01-26T05:04:00","date_gmt":"2017-01-26T04:04:00","guid":{"rendered":"https:\/\/gaudiumetspes-blog.pl\/index.php\/2017\/01\/26\/clara-pacta-amicos-faciun\/"},"modified":"2019-07-31T12:56:42","modified_gmt":"2019-07-31T10:56:42","slug":"clara-pacta-amicos-faciun","status":"publish","type":"post","link":"https:\/\/gaudiumetspes-blog.pl\/index.php\/2017\/01\/26\/clara-pacta-amicos-faciun\/","title":{"rendered":"Clara pacta amicos faciunt!"},"content":{"rendered":"<div align=\"justify\" style=\"line-height: 150%; margin-bottom: 0cm;\">\nSzcz\u0119\u015b\u0107 Bo\u017ce! Moi Drodzy, w dniu dzisiejszym<b> urodziny prze\u017cywa Lidia \u015awider, nale\u017c\u0105ca w swoim czasie do Wsp\u00f3lnoty m\u0142odzie\u017cowej w Wojcieszkowie. \u017bycz\u0119 Jubilatce sta\u0142ego nawi\u0105zywania jak najmocniejszych wi\u0119zi duchowych z Jezusem! I o to b\u0119d\u0119 si\u0119 dla Niej modli\u0142.<\/b><\/div>\n<div align=\"justify\" style=\"line-height: 150%; margin-bottom: 0cm;\">\n&nbsp; &nbsp; &nbsp; &nbsp;A jutro &#8211; jako blogowa Rodzina &#8211; zacie\u015bnimy wi\u0119zi z Ko\u015bcio\u0142em misyjnym: s\u0142\u00f3wko z Syberii!<\/div>\n<div align=\"justify\" style=\"line-height: 150%; margin-bottom: 0cm;\">\n&nbsp; &nbsp; &nbsp; &nbsp; &nbsp; &nbsp; &nbsp; &nbsp; &nbsp; &nbsp; &nbsp; &nbsp; &nbsp; &nbsp; &nbsp; &nbsp; &nbsp; &nbsp; &nbsp; Gaudium et spes! &nbsp;Ks. Jacek<\/div>\n<div align=\"justify\" style=\"line-height: 150%; margin-bottom: 0cm;\">\n<b><br \/><\/b><\/div>\n<div align=\"justify\" style=\"line-height: 150%; margin-bottom: 0cm;\">\n<b>Wspomnienie<br \/>\n\u015aw. Tymoteusza i Tytusa, Biskup\u00f3w,<\/b><\/div>\n<div align=\"justify\" style=\"line-height: 150%; margin-bottom: 0cm;\">\n<b>do<br \/>\nczyta\u0144 z t. VI Lekcjonarza:  2<br \/>\nTm 1,1\u20138  albo<br \/>\n Tt 1,1\u20135;  \u0141k<br \/>\n10,1\u20139 <\/b>\n<\/div>\n<div align=\"justify\" style=\"line-height: 150%; margin-bottom: 0cm;\">\n<\/p>\n<\/div>\n<div align=\"justify\" style=\"line-height: 150%; margin-bottom: 0cm;\">\n<b>CZYTANIE<br \/>\nZ DRUGIEGO LISTU \u015aWI\u0118TEGO<br \/>\nPAW\u0141A APOSTO\u0141A DO TYMOTEUSZA:<\/b><\/div>\n<div align=\"justify\" style=\"break-before: auto; line-height: 150%; margin-bottom: 0cm; text-indent: 1.3cm;\">\n<b>Pawe\u0142,<br \/>\nz woli Boga aposto\u0142 Chrystusa Jezusa, pos\u0142any dla g\u0142oszenia \u017cycia<br \/>\nobiecanego w Chrystusie Jezusie, do Tymoteusza, swego umi\u0142owanego<br \/>\ndziecka. \u0141aska, mi\u0142osierdzie, pok\u00f3j od Boga Ojca i Chrystusa<br \/>\nJezusa, naszego Pana.<\/b><\/div>\n<div align=\"justify\" style=\"line-height: 150%; margin-bottom: 0cm; text-indent: 1.3cm;\">\n<b>Dzi\u0119kuj\u0119<br \/>\nBogu, kt\u00f3remu s\u0142u\u017c\u0119 jak moi przodkowie z czystym sumieniem, gdy<br \/>\nzachowuj\u0119 nieprzerwan\u0105 pami\u0119\u0107 o tobie w moich modlitwach. W nocy<br \/>\ni we dnie pragn\u0119 ci\u0119 zobaczy\u0107, pomny na twoje \u0142zy, by nape\u0142ni\u0142a<br \/>\nmnie rado\u015b\u0107 na wspomnienie wiary bez ob\u0142udy, jaka jest w tobie;<br \/>\nona to zamieszka\u0142a pierwej w twej babce Lois i w twej matce Eunice,<br \/>\na pewien jestem, \u017ce mieszka i w tobie.<\/b><\/div>\n<div align=\"justify\" style=\"line-height: 150%; margin-bottom: 0cm; text-indent: 1.3cm;\">\n<b>Z<br \/>\ntej w\u0142a\u015bnie przyczyny przypominam ci, aby\u015b rozpali\u0142 na nowo<br \/>\ncharyzmat Bo\u017cy, kt\u00f3ry jest w tobie przez w\u0142o\u017cenie moich r\u0105k.<br \/>\nAlbowiem nie da\u0142 nam B\u00f3g ducha boja\u017ani, ale mocy i mi\u0142o\u015bci, i<br \/>\ntrze\u017awego my\u015blenia. Nie wstyd\u017a si\u0119 zatem \u015bwiadectwa naszego Pana<br \/>\nani mnie, Jego wi\u0119\u017ania, lecz we\u017a udzia\u0142 w trudach i<br \/>\nprzeciwno\u015bciach znoszonych dla Ewangelii wed\u0142ug danej mocy Boga.<\/b><\/div>\n<div align=\"justify\" style=\"line-height: 150%; margin-bottom: 0cm;\">\n<\/p>\n<\/div>\n<div align=\"center\" style=\"line-height: 150%; margin-bottom: 0cm;\">\n<b>ALBO:<\/b><\/div>\n<div align=\"justify\" style=\"line-height: 150%; margin-bottom: 0cm;\">\n<\/p>\n<\/div>\n<div align=\"justify\" style=\"break-before: auto; line-height: 150%; margin-bottom: 0cm;\">\n<b>CZYTANIE<br \/>\nZ LISTU \u015aWI\u0118TEGO PAW\u0141A APOSTO\u0141A DO TYTUSA:<\/b><\/div>\n<div align=\"justify\" style=\"break-before: auto; line-height: 150%; margin-bottom: 0cm; text-indent: 1.3cm;\">\n<b>Pawe\u0142,<br \/>\ns\u0142uga Boga i aposto\u0142 Jezusa Chrystusa, pos\u0142any do szerzenia w\u015br\u00f3d<br \/>\nwybranych Bo\u017cych wiary i poznania prawdy wiod\u0105cej do \u017cycia w<br \/>\npobo\u017cno\u015bci, w nadziei \u017cycia wiecznego, jakie przyobieca\u0142 przed<br \/>\nwiekami prawdom\u00f3wny B\u00f3g, a we w\u0142a\u015bciwym czasie objawi\u0142 swe s\u0142owo<br \/>\nprzez nauczanie powierzone mi z rozkazu Boga, Zbawiciela naszego, do<br \/>\nTytusa, dziecka mego prawdziwego we wsp\u00f3lnej nam wierze. \u0141aska i<br \/>\npok\u00f3j od Boga Ojca i Chrystusa Jezusa, Zbawiciela naszego. <\/b>\n<\/div>\n<div align=\"justify\" style=\"line-height: 150%; margin-bottom: 0cm; text-indent: 1.3cm;\">\n<b>W<br \/>\ntym celu zostawi\u0142em ci\u0119 na Krecie, by\u015b nale\u017cycie za\u0142atwia\u0142<br \/>\nzaleg\u0142e sprawy i ustanowi\u0142 w ka\u017cdym mie\u015bcie prezbiter\u00f3w, jak ci<br \/>\npoleci\u0142em. <\/b>\n<\/div>\n<div align=\"justify\" style=\"line-height: 150%; margin-bottom: 0cm;\">\n<\/p>\n<\/div>\n<div align=\"justify\" style=\"line-height: 150%; margin-bottom: 0cm;\">\n<b>S\u0141OWA<br \/>\nEWANGELII WED\u0141UG \u015aWI\u0118TEGO<br \/>\n\u0141UKASZA:<\/b><\/div>\n<div align=\"justify\" style=\"break-before: auto; line-height: 150%; margin-bottom: 0cm; text-indent: 1.3cm;\">\n<b>Spo\u015br\u00f3d<br \/>\nswoich uczni\u00f3w wyznaczy\u0142 Pan jeszcze innych, siedemdziesi\u0119ciu<br \/>\ndw\u00f3ch, i wys\u0142a\u0142 ich po dw\u00f3ch przed sob\u0105 do ka\u017cdego miasta i<br \/>\nmiejscowo\u015bci, dok\u0105d sam przyj\u015b\u0107 zamierza\u0142. <\/b>\n<\/div>\n<div align=\"justify\" style=\"line-height: 150%; margin-bottom: 0cm; text-indent: 1.3cm;\">\n<b>Powiedzia\u0142<br \/>\nte\u017c do nich: \u201e\u017bniwo wprawdzie wielkie, ale robotnik\u00f3w ma\u0142o;<br \/>\npro\u015bcie wi\u0119c Pana \u017cniwa, \u017ceby wyprawi\u0142 robotnik\u00f3w na swoje<br \/>\n\u017cniwo. Id\u017acie, oto was posy\u0142am jak owce mi\u0119dzy wilki. Nie no\u015bcie<br \/>\nze sob\u0105 trzosa ani torby, ani sanda\u0142\u00f3w; i nikogo w drodze nie<br \/>\npozdrawiajcie. <\/b>\n<\/div>\n<div align=\"justify\" style=\"line-height: 150%; margin-bottom: 0cm; text-indent: 1.3cm;\">\n<b>Gdy<br \/>\ndo jakiego domu wejdziecie, najpierw m\u00f3wcie: \u00abPok\u00f3j temu domowi!\u00bb<br \/>\nJe\u015bli tam mieszka cz\u0142owiek godny pokoju, wasz pok\u00f3j spocznie na<br \/>\nnim; je\u015bli nie, powr\u00f3ci do was. <\/b>\n<\/div>\n<div align=\"justify\" style=\"line-height: 150%; margin-bottom: 0cm; text-indent: 1.3cm;\">\n<b>W<br \/>\ntym samym domu zosta\u0144cie, jedz\u0105c i pij\u0105c, co maj\u0105: bo zas\u0142uguje<br \/>\nrobotnik na sw\u0105 zap\u0142at\u0119.<\/b><\/div>\n<div align=\"justify\" style=\"line-height: 150%; margin-bottom: 0cm; text-indent: 1.3cm;\">\n<b>Nie<br \/>\nprzechod\u017acie z domu do domu. Je\u015bli do jakiego miasta wejdziecie i<br \/>\nprzyjm\u0105 was, jedzcie, co wam podadz\u0105; uzdrawiajcie chorych, kt\u00f3rzy<br \/>\ntam s\u0105, i m\u00f3wcie im: \u00abPrzybli\u017cy\u0142o si\u0119 do was kr\u00f3lestwo Bo\u017ce\u00bb\u201d.<\/b><\/div>\n<div align=\"justify\" style=\"line-height: 150%; margin-bottom: 0cm;\">\n<\/p>\n<\/div>\n<div align=\"justify\" style=\"line-height: 150%; margin-bottom: 0cm; page-break-before: auto; text-indent: 1.3cm;\">\nPierwszy<br \/>\nspo\u015br\u00f3d dzisiejszych Patron\u00f3w,<b> Tymoteusz<\/b> by\u0142 wiernym i<br \/>\noddanym uczniem oraz wsp\u00f3\u0142pracownikiem \u015awi\u0119tego Paw\u0142a. \u015awi\u0119ty<br \/>\nPawe\u0142 nazywa go <b>\u201enajdro\u017cszym synem\u201d, \u201ebratem\u201d,<br \/>\n\u201epomocnikiem\u201d,<\/b> kt\u00f3rego wspomina ze \u0142zami. Kiedy Aposto\u0142<br \/>\nNarod\u00f3w zatrzyma\u0142 si\u0119 w czasie swojej drugiej podr\u00f3\u017cy w<br \/>\nmiasteczku Listra, nawr\u00f3ci\u0142 dwie \u017byd\u00f3wki: kobiet\u0119 imieniem Lois<br \/>\ni jej c\u00f3rk\u0119, Eunik\u0119. <b>Synem tej\u017ce Euniki, a wnukiem Lois, by\u0142<br \/>\n\u015awi\u0119ty Tymoteusz.<\/b> Jego ojcem by\u0142 zamo\u017cny Grek, poganin, kt\u00f3ry<br \/>\njednak pozwoli\u0142 babce i matce wychowa\u0107 Tymoteusza w wierze<br \/>\nmoj\u017ceszowej.\n<\/div>\n<div align=\"justify\" style=\"line-height: 150%; margin-bottom: 0cm; text-indent: 1.3cm;\">\nTymoteusz<br \/>\nby\u0142 cz\u0142owiekiem wykszta\u0142conym. <b>Zna\u0142 Pismo <\/b><b>\u015a<\/b><b>wi\u0119te<br \/>\n<\/b>i cz\u0119sto si\u0119 w nim<br \/>\nrozczytywa\u0142.<b> Wyr\u00f3\u017cnia\u0142 si\u0119 dobrymi obyczajami.<\/b><br \/>\nChrzest przyj\u0105\u0142 z r\u0105k \u015awi\u0119tego Paw\u0142a. Dlatego s\u0142usznie Aposto\u0142<br \/>\nnazywa\u0142 go swoim synem. Dla u\u0142atwienia Tymoteuszowi pracy w\u015br\u00f3d<br \/>\nrodak\u00f3w, podda\u0142 go Pawe\u0142 obrzezaniu. Cz\u0119sto Aposto\u0142 <b>zleca\u0142<br \/>\nTymoteuszowi trudne i poufne sprawy w poszczeg\u00f3lnych gminach, kt\u00f3re<br \/>\nza\u0142o\u017cy\u0142.<\/b> Jego te\u017c wyznaczy\u0142 biskupem Efezu, \u00f3wczesnej<br \/>\nmetropolii Ma\u0142ej Azji i stolicy rzymskiej prowincji.\n<\/div>\n<div align=\"justify\" style=\"line-height: 150%; margin-bottom: 0cm; text-indent: 1.3cm;\">\nW<br \/>\nczasie swoich podr\u00f3\u017cy po Ma\u0142ej Azji, Grecji i do Jerozolimy,<br \/>\n\u015awi\u0119ty Pawe\u0142 zabiera\u0142 ze sob\u0105 Tymoteusza do pomocy w pos\u0142udze<br \/>\napostolskiej. <b>Tymoteusz dzieli\u0142 tak\u017ce ze swoim mistrzem<br \/>\nwi\u0119zienie w Rzymie.<\/b> Dwa Paw\u0142owe Listy, do niego skierowane,<br \/>\nznajdujemy w\u015br\u00f3d ksi\u0105g Nowego Testamentu. Pawe\u0142 wydaje mu<br \/>\nnajpi\u0119kniejsze \u015bwiadectwo i daje pouczenia, jak ma rz\u0105dzi\u0107<br \/>\nKo\u015bcio\u0142em w Efezie.<\/div>\n<div align=\"justify\" style=\"line-height: 150%; margin-bottom: 0cm; text-indent: 1.3cm;\">\nZ<br \/>\nkolei drugi dzisiejszy Patron, <b>Tytus,<\/b><br \/>\nznany jest wy\u0142\u0105cznie z List\u00f3w \u015awi\u0119tego Paw\u0142a. Pochodzi\u0142 z<br \/>\nrodziny grecko\u2013rzymskiej, zamieszka\u0142ej w okolicy Antiochii<br \/>\nSyryjskiej. Stamt\u0105d bowiem zabra\u0142 go Aposto\u0142 do Jerozolimy. <b>Zosta\u0142<br \/>\nochrzczony przez \u015awi\u0119tego Paw\u0142a przed <\/b><b>S<\/b><b>oborem<br \/>\napostolskim w 49 roku.<\/b><br \/>\nObok Tymoteusza i \u0141ukasza Ewangelisty, <b>Tytus<br \/>\nnale\u017ca\u0142 do najbli\u017cszych i najbardziej zaufanych uczni\u00f3w \u015awi\u0119tego<br \/>\nPaw\u0142a Aposto\u0142a.<\/b><br \/>\nTowarzyszy\u0142 mu w podr\u00f3\u017cach i na Soborze Jerozolimskim.\n<\/div>\n<div align=\"justify\" style=\"line-height: 150%; margin-bottom: 0cm; text-indent: 1.3cm;\">\nDowodem<br \/>\nwyj\u0105tkowego zaufania, jakim tak w ko\u0144cu m\u0142odego cz\u0142owieka darzy\u0142<br \/>\n\u015awi\u0119ty Pawe\u0142, by\u0142y <b>delikatne<br \/>\nmisje, jakie mu powierza\u0142.<\/b><br \/>\nJego to w\u0142a\u015bnie wys\u0142a\u0142 do Koryntu. Nie pozwoli\u0142 go te\u017c obrzeza\u0107<br \/>\nw przekonaniu, \u017ce jego praca apostolska b\u0119dzie rozwija\u0107 si\u0119 nie<br \/>\nw\u015br\u00f3d \u017byd\u00f3w, ale w\u015br\u00f3d pogan. <b>W<br \/>\nswoich Listach Aposto\u0142 Narod\u00f3w oddaje Tytusowi najwy\u017csze pochwa\u0142y.<\/b><br \/>\nJeden za\u015b List skierowa\u0142 wy\u0142\u0105cznie do niego \u2013 i ten List<br \/>\nznalaz\u0142 si\u0119 w kanonie Nowego Testamentu. Oko\u0142o roku <b>63<br \/>\nPawe\u0142 ustanowi\u0142 go <\/b><b>B<\/b><b>iskupem<br \/>\ngminy chrze\u015bcija\u0144skiej na Krecie.<\/b><\/div>\n<div align=\"justify\" style=\"line-height: 150%; margin-bottom: 0cm; text-indent: 1.3cm;\">\nS\u0142uchaj\u0105c<br \/>\nczyta\u0144 mszalnych, przeznaczonych specjalnie na dzisiejsze<br \/>\nwspomnienie, a wi\u0119c<br \/>\nnie b\u0119d\u0105cych dalszym ci\u0105giem czyta\u0144 z Okresu zwyk\u0142ego, <b>odnosimy<br \/>\nte teksty w\u0142a\u015bnie do obu Biskup\u00f3w<\/b><br \/>\nm\u0142odego Ko\u015bcio\u0142a i wsp\u00f3\u0142pracownik\u00f3w Aposto\u0142a Paw\u0142a. Oni<br \/>\nto bowiem stali si\u0119<b><br \/>\nadresatami bardzo konkretnych wskaza\u0144 i poucze\u0144,<\/b><br \/>\njakie skierowa\u0142 do nich \u015awi\u0119ty Pawe\u0142 \u2013 w ramach prowadzonej tak<br \/>\nowocnie wsp\u00f3\u0142pracy.\n<\/div>\n<div align=\"justify\" style=\"line-height: 150%; margin-bottom: 0cm; text-indent: 1.3cm;\">\nEwangelia<br \/>\nnatomiast ka\u017ce nam spojrze\u0107 na ca\u0142\u0105 spraw\u0119 nieco szerzej i ju\u017c<br \/>\nnie tylko w odniesieniu do Tymoteusza i Tytusa, <b>ale<br \/>\ndo<\/b><br \/>\n<b>wszystkich,<br \/>\n<\/b>kt\u00f3rzy<br \/>\npodejm\u0105 si\u0119 dzie\u0142a apostolskiego we wsp\u00f3\u0142pracy z samym Jezusem,<br \/>\nka\u017ce odnie\u015b\u0107 chocia\u017cby te s\u0142owa: <i><b>\u017bniwo<br \/>\nwprawdzie wielkie, ale robotnik\u00f3w ma\u0142o; pro\u015bcie wi\u0119c Pana \u017cniwa,<br \/>\n\u017ceby wyprawi\u0142 robotnik\u00f3w na swoje \u017cniwo. <\/b><\/i><i><b>Id\u017acie,<br \/>\noto was posy\u0142am jak owce mi\u0119dzy wilki. Nie no\u015bcie ze sob\u0105 trzosa<br \/>\nani torby, ani sanda\u0142\u00f3w; i nikogo w drodze nie pozdrawiajcie. Gdy<br \/>\ndo jakiego domu wejdziecie, najpierw m\u00f3wcie: \u00abPok\u00f3j temu domowi!\u00bb<\/b><\/i><b><br \/>\n[\u2026] <\/b><i><b>Nie<br \/>\nprzechod\u017acie z domu do domu. Je\u015bli do jakiego miasta wejdziecie i<br \/>\nprzyjm\u0105 was, jedzcie, co wam podadz\u0105; uzdrawiajcie chorych, kt\u00f3rzy<br \/>\ntam s\u0105, i m\u00f3wcie im: \u00abPrzybli\u017cy\u0142o si\u0119 do was kr\u00f3lestwo Bo\u017ce\u00bb<\/b><\/i><b>.<br \/>\n<\/b>\n<\/div>\n<div align=\"justify\" style=\"line-height: 150%; margin-bottom: 0cm; text-indent: 1.3cm;\">\nOczywi\u015bcie,<br \/>\nkonkretny kontekst, w jakim s\u0142owa te zosta\u0142y wypowiedziane,<br \/>\npodpowiada,<br \/>\naby<br \/>\nje rozumie\u0107 \u2013 w tym znaczeniu dos\u0142ownym \u2013 <b>tak,<br \/>\njak zosta\u0142y zapisane. <\/b>Jednak<br \/>\nw znaczeniu szerszym, a wi\u0119c tym, kt\u00f3re dotyczy\u0142oby nas, b\u0119d\u0105cych<br \/>\nr\u00f3wnie\u017c wsp\u00f3\u0142pracownikami Jezusa w Jego dziele apostolskim, ka\u017ce<br \/>\nrozumie\u0107 w ten spos\u00f3b, \u017ce ta nasza wsp\u00f3\u0142praca ze Zbawicielem<br \/>\n<b>musi<br \/>\nby\u0107<\/b><b><br \/>\noparta na bardzo konkretnych <\/b><b>zasadach<\/b><b><br \/>\ni jasnych <\/b><b>prawach<\/b><b>.<\/b><\/p>\n<\/div>\n<div align=\"justify\" style=\"line-height: 150%; margin-bottom: 0cm; text-indent: 1.3cm;\">\nJezus<br \/>\ndzisiaj do tych, kt\u00f3rych posy\u0142a na g\u0142oszenie Dobrej Nowiny \u2013<br \/>\npodobnie, jak i \u015awi\u0119ty Pawe\u0142 do swoich dw\u00f3ch Wsp\u00f3\u0142pracownik\u00f3w<br \/>\n\u2013 kieruje <b>wskazania<br \/>\nnaprawd\u0119 bardzo konkretne,<\/b><br \/>\na do tego <b>jasne<br \/>\ni nie pozostawiaj\u0105ce miejsca na dopowiedzenia.<\/b><\/p>\n<\/div>\n<div align=\"justify\" style=\"line-height: 150%; margin-bottom: 0cm; text-indent: 1.3cm;\">\nZapewne<br \/>\nw tym kontek\u015bcie przypomina si\u0119 nam stara \u0142aci\u0144ska maksyma:<b><br \/>\n\u201eClara pacta amicos faciunt\u201d,<\/b><br \/>\nco si\u0119 t\u0142umaczy: <b>\u201eJasne<br \/>\nuk\u0142ady czyni\u0105 przyjaci\u00f3\u0142\u201d.<\/b><br \/>\nO to bowiem w\u0142a\u015bnie najbardziej chodzi w dziele g\u0142oszenia i<br \/>\nbudowania Kr\u00f3lestwa Bo\u017cego: o <b>jak<br \/>\nnajbardziej jasne zasady i <\/b><b>czytelne<br \/>\nrelacje<\/b><b>.<\/b><\/p>\n<\/div>\n<div align=\"justify\" style=\"line-height: 150%; margin-bottom: 0cm; text-indent: 1.3cm;\">\nWszystko<br \/>\nto bowiem, co jest z Boga, jest <b>uporz\u0105dkowane<br \/>\ni logiczne.<\/b><br \/>\nTo szatan jest ojcem wszelkiego <b>ba\u0142aganu<br \/>\ni zamieszania,<\/b><br \/>\nwszelkich niedopowiedze\u0144, intryg i wzajemnych<br \/>\nzawi\u015bci. Na tego typu zjawiska <b>nigdy<br \/>\nnie mo\u017ce by\u0107 miejsca w pracy apostolskiej,<\/b><br \/>\ngdy\u017c<br \/>\nje\u017celi si\u0119 zdarz\u0105, skutecznie t\u0119 prac\u0119 zniwecz\u0105. Dlatego<br \/>\ntrzeba, aby\u015bmy b\u0119d\u0105c aposto\u0142ami i g\u0142osicielami Jezusa, bardzo<br \/>\nmocno oparli wszelkie<br \/>\nswoje dzia\u0142ania <b>o<br \/>\nwskazania ewangeliczne i nauczanie Ko\u015bcio\u0142a,<\/b><br \/>\nale tak\u017ce z innymi lud\u017ami zachowali <b>bardzo<br \/>\nczytelne i szczere wzajemne relacje.<\/b><\/p>\n<\/div>\n<div align=\"justify\" style=\"line-height: 150%; margin-bottom: 0cm; text-indent: 1.3cm;\">\n\u017beby<br \/>\nto bowiem jeszcze raz z moc\u0105 powt\u00f3rzy\u0107: nic tak nie niweczy dzie\u0142a<br \/>\napostolskiego \u2013 jak i w og\u00f3le: ka\u017cdego podejmowanego dobra \u2013<br \/>\njak to, \u017ce <b>osoby<br \/>\nje realizuj\u0105ce s\u0105 ze sob\u0105 sk\u0142\u00f3cone,<\/b><br \/>\nnawzajem sobie czego\u015b zazdroszcz\u0105, obmawiaj\u0105 si\u0119 za<br \/>\nplecami,<br \/>\nnastawiaj\u0105 si\u0119<br \/>\njedne<br \/>\nprzeciwko<br \/>\ndrugim,<br \/>\nkopi\u0105 pod sob\u0105 do\u0142ki\u2026 Przecie\u017c <b>pracy<br \/>\n<\/b><b>apostolskiej<\/b><b><br \/>\nstarczy dla wszystkich<\/b><br \/>\ni ka\u017cdy mo\u017ce co\u015b od siebie wnie\u015b\u0107 do wsp\u00f3lnego dzie\u0142a!\n<\/div>\n<div align=\"justify\" style=\"line-height: 150%; margin-bottom: 0cm; text-indent: 1.3cm;\">\nTrzeba<br \/>\ntylko <b>skorzysta\u0107<br \/>\nz tych wskaza\u0144<\/b><br \/>\n\u2013 bardzo konkretnych i jasnych \u2013 jakie Jezus daje swoim<br \/>\nwys\u0142annikom, a Pawe\u0142 Aposto\u0142 swoim dw\u00f3m Wsp\u00f3\u0142pracownikom,<br \/>\nTymoteuszowi i Tytusowi. I je\u017celi nawet nie b\u0119dziemy si\u0119 kierowa\u0107<br \/>\nliteralnie<br \/>\ntymi<br \/>\npouczeniami,<br \/>\njakie odnajdziemy w dzisiejszej liturgii S\u0142owa, to warto<br \/>\n<b>podpatrze<\/b><b>\u0107<\/b><b><br \/>\n<\/b><b>pewien<br \/>\ndobry<\/b><b><br \/>\nstyl<\/b><br \/>\nprowadzenia<br \/>\nwszelkiej wsp\u00f3\u0142pracy \u2013<br \/>\nstyl, wed\u0142ug kt\u00f3rego <b>clara<br \/>\npacta amicos faciunt!<\/b><\/div>\n<div align=\"justify\" style=\"line-height: 150%; margin-bottom: 0cm; text-indent: 1.3cm;\">\nPomy\u015blmy:<\/div>\n<div align=\"justify\" style=\"line-height: 150%; margin-bottom: 0cm;\">\n\u2013<br \/>\nCzy<br \/>\npodejmuj\u0105c si\u0119 realizacji r\u00f3\u017cnych rodzaj\u00f3w dobra, kieruj\u0119 si\u0119<br \/>\nzawsze najwy\u017csz\u0105 i najbardziej szlachetn\u0105 motywacj\u0105?<\/div>\n<div align=\"justify\" style=\"line-height: 150%; margin-bottom: 0cm;\">\n\u2013<br \/>\nCzy<br \/>\n\u017cadnego dobra nie realizuj\u0119 przeciwko komu\u015b?<\/div>\n<div align=\"justify\" style=\"line-height: 150%; margin-bottom: 0cm;\">\n\u2013<br \/>\nJak<br \/>\nwalcz\u0119 z pokus\u0105 zazdro\u015bci wobec dokona\u0144 innych?<\/div>\n<p><\/p>\n<div align=\"justify\" style=\"line-height: 150%; margin-bottom: 0cm;\">\n<i><b>Albowiem<br \/>\nnie da\u0142 nam B\u00f3g ducha boja\u017ani, ale mocy i mi\u0142o\u015bci, i trze\u017awego<br \/>\nmy\u015blenia!<\/b><\/i><\/div>\n","protected":false},"excerpt":{"rendered":"<p>Szcz\u0119\u015b\u0107 Bo\u017ce! Moi Drodzy, w dniu dzisiejszym urodziny prze\u017cywa Lidia \u015awider, nale\u017c\u0105ca w swoim czasie do Wsp\u00f3lnoty m\u0142odzie\u017cowej w Wojcieszkowie. \u017bycz\u0119 Jubilatce sta\u0142ego nawi\u0105zywania jak najmocniejszych wi\u0119zi duchowych z Jezusem! I o to b\u0119d\u0119 si\u0119 dla Niej modli\u0142. &nbsp; &nbsp; &nbsp; &nbsp;A jutro &#8211; jako blogowa Rodzina &#8211; zacie\u015bnimy wi\u0119zi z Ko\u015bcio\u0142em misyjnym: s\u0142\u00f3wko z [&hellip;]<\/p>\n","protected":false},"author":1,"featured_media":0,"comment_status":"open","ping_status":"open","sticky":false,"template":"","format":"standard","meta":{"jetpack_post_was_ever_published":false,"_jetpack_newsletter_access":"","_jetpack_dont_email_post_to_subs":false,"_jetpack_newsletter_tier_id":0,"_jetpack_memberships_contains_paywalled_content":false,"_jetpack_memberships_contains_paid_content":false,"footnotes":""},"categories":[1],"tags":[],"class_list":["post-7770","post","type-post","status-publish","format-standard","hentry","category-bez-kategorii"],"yoast_head":"<!-- This site is optimized with the Yoast SEO plugin v25.1 - https:\/\/yoast.com\/wordpress\/plugins\/seo\/ -->\n<title>Clara pacta amicos faciunt! - Gaudium Et Spes<\/title>\n<meta name=\"robots\" content=\"index, follow, max-snippet:-1, max-image-preview:large, max-video-preview:-1\" \/>\n<link rel=\"canonical\" href=\"https:\/\/gaudiumetspes-blog.pl\/index.php\/2017\/01\/26\/clara-pacta-amicos-faciun\/\" \/>\n<meta property=\"og:locale\" content=\"pl_PL\" \/>\n<meta property=\"og:type\" content=\"article\" \/>\n<meta property=\"og:title\" content=\"Clara pacta amicos faciunt! - Gaudium Et Spes\" \/>\n<meta property=\"og:description\" content=\"Szcz\u0119\u015b\u0107 Bo\u017ce! Moi Drodzy, w dniu dzisiejszym urodziny prze\u017cywa Lidia \u015awider, nale\u017c\u0105ca w swoim czasie do Wsp\u00f3lnoty m\u0142odzie\u017cowej w Wojcieszkowie. \u017bycz\u0119 Jubilatce sta\u0142ego nawi\u0105zywania jak najmocniejszych wi\u0119zi duchowych z Jezusem! I o to b\u0119d\u0119 si\u0119 dla Niej modli\u0142. &nbsp; &nbsp; &nbsp; &nbsp;A jutro &#8211; jako blogowa Rodzina &#8211; zacie\u015bnimy wi\u0119zi z Ko\u015bcio\u0142em misyjnym: s\u0142\u00f3wko z [&hellip;]\" \/>\n<meta property=\"og:url\" content=\"https:\/\/gaudiumetspes-blog.pl\/index.php\/2017\/01\/26\/clara-pacta-amicos-faciun\/\" \/>\n<meta property=\"og:site_name\" content=\"Gaudium Et Spes\" \/>\n<meta property=\"article:published_time\" content=\"2017-01-26T04:04:00+00:00\" \/>\n<meta property=\"article:modified_time\" content=\"2019-07-31T10:56:42+00:00\" \/>\n<meta name=\"author\" content=\"Ks. Jacek\" \/>\n<meta name=\"twitter:card\" content=\"summary_large_image\" \/>\n<meta name=\"twitter:label1\" content=\"Napisane przez\" \/>\n\t<meta name=\"twitter:data1\" content=\"Ks. Jacek\" \/>\n\t<meta name=\"twitter:label2\" content=\"Szacowany czas czytania\" \/>\n\t<meta name=\"twitter:data2\" content=\"9 minut\" \/>\n<script type=\"application\/ld+json\" class=\"yoast-schema-graph\">{\"@context\":\"https:\/\/schema.org\",\"@graph\":[{\"@type\":\"WebPage\",\"@id\":\"https:\/\/gaudiumetspes-blog.pl\/index.php\/2017\/01\/26\/clara-pacta-amicos-faciun\/\",\"url\":\"https:\/\/gaudiumetspes-blog.pl\/index.php\/2017\/01\/26\/clara-pacta-amicos-faciun\/\",\"name\":\"Clara pacta amicos faciunt! - Gaudium Et Spes\",\"isPartOf\":{\"@id\":\"https:\/\/gaudiumetspes-blog.pl\/#website\"},\"datePublished\":\"2017-01-26T04:04:00+00:00\",\"dateModified\":\"2019-07-31T10:56:42+00:00\",\"author\":{\"@id\":\"https:\/\/gaudiumetspes-blog.pl\/#\/schema\/person\/1661982992b752dea8dff0d4ed845a65\"},\"breadcrumb\":{\"@id\":\"https:\/\/gaudiumetspes-blog.pl\/index.php\/2017\/01\/26\/clara-pacta-amicos-faciun\/#breadcrumb\"},\"inLanguage\":\"pl-PL\",\"potentialAction\":[{\"@type\":\"ReadAction\",\"target\":[\"https:\/\/gaudiumetspes-blog.pl\/index.php\/2017\/01\/26\/clara-pacta-amicos-faciun\/\"]}]},{\"@type\":\"BreadcrumbList\",\"@id\":\"https:\/\/gaudiumetspes-blog.pl\/index.php\/2017\/01\/26\/clara-pacta-amicos-faciun\/#breadcrumb\",\"itemListElement\":[{\"@type\":\"ListItem\",\"position\":1,\"name\":\"Strona g\u0142\u00f3wna\",\"item\":\"https:\/\/gaudiumetspes-blog.pl\/\"},{\"@type\":\"ListItem\",\"position\":2,\"name\":\"Clara pacta amicos faciunt!\"}]},{\"@type\":\"WebSite\",\"@id\":\"https:\/\/gaudiumetspes-blog.pl\/#website\",\"url\":\"https:\/\/gaudiumetspes-blog.pl\/\",\"name\":\"Gaudium Et Spes\",\"description\":\"Blog Ks. Jacka Ja\u015bkowskiego\",\"potentialAction\":[{\"@type\":\"SearchAction\",\"target\":{\"@type\":\"EntryPoint\",\"urlTemplate\":\"https:\/\/gaudiumetspes-blog.pl\/?s={search_term_string}\"},\"query-input\":{\"@type\":\"PropertyValueSpecification\",\"valueRequired\":true,\"valueName\":\"search_term_string\"}}],\"inLanguage\":\"pl-PL\"},{\"@type\":\"Person\",\"@id\":\"https:\/\/gaudiumetspes-blog.pl\/#\/schema\/person\/1661982992b752dea8dff0d4ed845a65\",\"name\":\"Ks. Jacek\",\"image\":{\"@type\":\"ImageObject\",\"inLanguage\":\"pl-PL\",\"@id\":\"https:\/\/gaudiumetspes-blog.pl\/#\/schema\/person\/image\/\",\"url\":\"https:\/\/gaudiumetspes-blog.pl\/wp-content\/uploads\/2019\/07\/avatar-JJ-150x150.jpg\",\"contentUrl\":\"https:\/\/gaudiumetspes-blog.pl\/wp-content\/uploads\/2019\/07\/avatar-JJ-150x150.jpg\",\"caption\":\"Ks. Jacek\"},\"description\":\"Witam serdecznie! K\u0142ania si\u0119 Ks. Jacek Ja\u015bkowski. Nie jestem ani kim\u015b wa\u017cnym, ani kim\u015b znanym. Jestem ksi\u0119dzem, kt\u00f3ry po prostu chce rozmawia\u0107. Codzienna kap\u0142a\u0144ska pos\u0142uga pokazuje mi, \u017ce temat\u00f3w do rozm\u00f3w z ksi\u0119dzem jest coraz wi\u0119cej i dzisiaj \u017caden ksi\u0105dz nie mo\u017ce od nich ucieka\u0107, ale - wprost przeciwnie - podejmowa\u0107 nowe wyzwania. To przekonanie sk\u0142oni\u0142o mnie do pr\u00f3by otwarcia tego\u017c bloga, chocia\u017c okazji do rozm\u00f3w na co dzie\u0144 - w konfesjonale i poza nim - na szcz\u0119\u015bcie nie brakuje. My\u015bl\u0119 jednak, \u017ce ten blog b\u0119dzie jeszcze jednym sposobem i przestrzeni\u0105 nawi\u0105zania kontaktu z lud\u017ami dobrej woli, otwartymi na dialog.\",\"url\":\"https:\/\/gaudiumetspes-blog.pl\/index.php\/author\/ks-jacek\/\"}]}<\/script>\n<!-- \/ Yoast SEO plugin. -->","yoast_head_json":{"title":"Clara pacta amicos faciunt! - Gaudium Et Spes","robots":{"index":"index","follow":"follow","max-snippet":"max-snippet:-1","max-image-preview":"max-image-preview:large","max-video-preview":"max-video-preview:-1"},"canonical":"https:\/\/gaudiumetspes-blog.pl\/index.php\/2017\/01\/26\/clara-pacta-amicos-faciun\/","og_locale":"pl_PL","og_type":"article","og_title":"Clara pacta amicos faciunt! - Gaudium Et Spes","og_description":"Szcz\u0119\u015b\u0107 Bo\u017ce! Moi Drodzy, w dniu dzisiejszym urodziny prze\u017cywa Lidia \u015awider, nale\u017c\u0105ca w swoim czasie do Wsp\u00f3lnoty m\u0142odzie\u017cowej w Wojcieszkowie. \u017bycz\u0119 Jubilatce sta\u0142ego nawi\u0105zywania jak najmocniejszych wi\u0119zi duchowych z Jezusem! I o to b\u0119d\u0119 si\u0119 dla Niej modli\u0142. &nbsp; &nbsp; &nbsp; &nbsp;A jutro &#8211; jako blogowa Rodzina &#8211; zacie\u015bnimy wi\u0119zi z Ko\u015bcio\u0142em misyjnym: s\u0142\u00f3wko z [&hellip;]","og_url":"https:\/\/gaudiumetspes-blog.pl\/index.php\/2017\/01\/26\/clara-pacta-amicos-faciun\/","og_site_name":"Gaudium Et Spes","article_published_time":"2017-01-26T04:04:00+00:00","article_modified_time":"2019-07-31T10:56:42+00:00","author":"Ks. Jacek","twitter_card":"summary_large_image","twitter_misc":{"Napisane przez":"Ks. Jacek","Szacowany czas czytania":"9 minut"},"schema":{"@context":"https:\/\/schema.org","@graph":[{"@type":"WebPage","@id":"https:\/\/gaudiumetspes-blog.pl\/index.php\/2017\/01\/26\/clara-pacta-amicos-faciun\/","url":"https:\/\/gaudiumetspes-blog.pl\/index.php\/2017\/01\/26\/clara-pacta-amicos-faciun\/","name":"Clara pacta amicos faciunt! - Gaudium Et Spes","isPartOf":{"@id":"https:\/\/gaudiumetspes-blog.pl\/#website"},"datePublished":"2017-01-26T04:04:00+00:00","dateModified":"2019-07-31T10:56:42+00:00","author":{"@id":"https:\/\/gaudiumetspes-blog.pl\/#\/schema\/person\/1661982992b752dea8dff0d4ed845a65"},"breadcrumb":{"@id":"https:\/\/gaudiumetspes-blog.pl\/index.php\/2017\/01\/26\/clara-pacta-amicos-faciun\/#breadcrumb"},"inLanguage":"pl-PL","potentialAction":[{"@type":"ReadAction","target":["https:\/\/gaudiumetspes-blog.pl\/index.php\/2017\/01\/26\/clara-pacta-amicos-faciun\/"]}]},{"@type":"BreadcrumbList","@id":"https:\/\/gaudiumetspes-blog.pl\/index.php\/2017\/01\/26\/clara-pacta-amicos-faciun\/#breadcrumb","itemListElement":[{"@type":"ListItem","position":1,"name":"Strona g\u0142\u00f3wna","item":"https:\/\/gaudiumetspes-blog.pl\/"},{"@type":"ListItem","position":2,"name":"Clara pacta amicos faciunt!"}]},{"@type":"WebSite","@id":"https:\/\/gaudiumetspes-blog.pl\/#website","url":"https:\/\/gaudiumetspes-blog.pl\/","name":"Gaudium Et Spes","description":"Blog Ks. Jacka Ja\u015bkowskiego","potentialAction":[{"@type":"SearchAction","target":{"@type":"EntryPoint","urlTemplate":"https:\/\/gaudiumetspes-blog.pl\/?s={search_term_string}"},"query-input":{"@type":"PropertyValueSpecification","valueRequired":true,"valueName":"search_term_string"}}],"inLanguage":"pl-PL"},{"@type":"Person","@id":"https:\/\/gaudiumetspes-blog.pl\/#\/schema\/person\/1661982992b752dea8dff0d4ed845a65","name":"Ks. Jacek","image":{"@type":"ImageObject","inLanguage":"pl-PL","@id":"https:\/\/gaudiumetspes-blog.pl\/#\/schema\/person\/image\/","url":"https:\/\/gaudiumetspes-blog.pl\/wp-content\/uploads\/2019\/07\/avatar-JJ-150x150.jpg","contentUrl":"https:\/\/gaudiumetspes-blog.pl\/wp-content\/uploads\/2019\/07\/avatar-JJ-150x150.jpg","caption":"Ks. Jacek"},"description":"Witam serdecznie! K\u0142ania si\u0119 Ks. Jacek Ja\u015bkowski. Nie jestem ani kim\u015b wa\u017cnym, ani kim\u015b znanym. Jestem ksi\u0119dzem, kt\u00f3ry po prostu chce rozmawia\u0107. Codzienna kap\u0142a\u0144ska pos\u0142uga pokazuje mi, \u017ce temat\u00f3w do rozm\u00f3w z ksi\u0119dzem jest coraz wi\u0119cej i dzisiaj \u017caden ksi\u0105dz nie mo\u017ce od nich ucieka\u0107, ale - wprost przeciwnie - podejmowa\u0107 nowe wyzwania. To przekonanie sk\u0142oni\u0142o mnie do pr\u00f3by otwarcia tego\u017c bloga, chocia\u017c okazji do rozm\u00f3w na co dzie\u0144 - w konfesjonale i poza nim - na szcz\u0119\u015bcie nie brakuje. My\u015bl\u0119 jednak, \u017ce ten blog b\u0119dzie jeszcze jednym sposobem i przestrzeni\u0105 nawi\u0105zania kontaktu z lud\u017ami dobrej woli, otwartymi na dialog.","url":"https:\/\/gaudiumetspes-blog.pl\/index.php\/author\/ks-jacek\/"}]}},"jetpack_featured_media_url":"","jetpack_sharing_enabled":true,"_links":{"self":[{"href":"https:\/\/gaudiumetspes-blog.pl\/index.php\/wp-json\/wp\/v2\/posts\/7770","targetHints":{"allow":["GET"]}}],"collection":[{"href":"https:\/\/gaudiumetspes-blog.pl\/index.php\/wp-json\/wp\/v2\/posts"}],"about":[{"href":"https:\/\/gaudiumetspes-blog.pl\/index.php\/wp-json\/wp\/v2\/types\/post"}],"author":[{"embeddable":true,"href":"https:\/\/gaudiumetspes-blog.pl\/index.php\/wp-json\/wp\/v2\/users\/1"}],"replies":[{"embeddable":true,"href":"https:\/\/gaudiumetspes-blog.pl\/index.php\/wp-json\/wp\/v2\/comments?post=7770"}],"version-history":[{"count":1,"href":"https:\/\/gaudiumetspes-blog.pl\/index.php\/wp-json\/wp\/v2\/posts\/7770\/revisions"}],"predecessor-version":[{"id":13021,"href":"https:\/\/gaudiumetspes-blog.pl\/index.php\/wp-json\/wp\/v2\/posts\/7770\/revisions\/13021"}],"wp:attachment":[{"href":"https:\/\/gaudiumetspes-blog.pl\/index.php\/wp-json\/wp\/v2\/media?parent=7770"}],"wp:term":[{"taxonomy":"category","embeddable":true,"href":"https:\/\/gaudiumetspes-blog.pl\/index.php\/wp-json\/wp\/v2\/categories?post=7770"},{"taxonomy":"post_tag","embeddable":true,"href":"https:\/\/gaudiumetspes-blog.pl\/index.php\/wp-json\/wp\/v2\/tags?post=7770"}],"curies":[{"name":"wp","href":"https:\/\/api.w.org\/{rel}","templated":true}]}}