{"id":7802,"date":"2016-12-24T23:01:00","date_gmt":"2016-12-24T22:01:00","guid":{"rendered":"https:\/\/gaudiumetspes-blog.pl\/index.php\/2016\/12\/24\/uwierzcie-w-boze-narodzenie\/"},"modified":"2019-07-31T12:56:37","modified_gmt":"2019-07-31T10:56:37","slug":"uwierzcie-w-boze-narodzenie","status":"publish","type":"post","link":"https:\/\/gaudiumetspes-blog.pl\/index.php\/2016\/12\/24\/uwierzcie-w-boze-narodzenie\/","title":{"rendered":"UWIERZCIE W BO\u017bE NARODZENIE!"},"content":{"rendered":"<div align=\"justify\" style=\"line-height: 150%; margin-bottom: 0cm;\">\nNiech b\u0119dzie pochwalony Jezus Chrystus! Moi Drodzy, jak rok i dwa lata temu, tak i dzisiaj &#8211; zamieszczam s\u0142owo, kt\u00f3re wyg\u0142aszam na Pasterce w ko\u015bciele w Miastkowie. Chc\u0119, by pojawi\u0142o si\u0119 ono na blogu w momencie, kiedy b\u0119dzie si\u0119 rozpoczyna\u0142a ta uroczysta Msza \u015awi\u0119ta, sprawowana na powitanie Bo\u017cego Dzieci\u0105tka &#8211; i aby w\u0142a\u015bnie to s\u0142owo by\u0142o na blogu przez ca\u0142y pierwszy dzie\u0144 \u015awi\u0105t, chocia\u017c czytania w ci\u0105gu dnia s\u0105 ju\u017c inne. Jednak w\u0142a\u015bnie w tym rozwa\u017caniu zawar\u0142em wszystko, czym bardzo chcia\u0142bym si\u0119 z Wami podzieli\u0107 przy okazji prze\u017cywanych \u015awi\u0105t &#8211; tak\u017ce w kontek\u015bcie wydarze\u0144, dziej\u0105cych si\u0119 wok\u00f3\u0142 nas.&nbsp;<\/div>\n<div align=\"justify\" style=\"line-height: 150%; margin-bottom: 0cm;\">\n&nbsp; &nbsp; &nbsp; &nbsp;Zechciejcie przyj\u0105\u0107 to s\u0142owo, wraz z darem mego serca, modlitwy i kap\u0142a\u0144skiego b\u0142ogos\u0142awie\u0144stwa:<b> Niech Was b\u0142ogos\u0142awi B\u00f3g Wszechmog\u0105cy: Ojciec + i Syn, i Duch \u015awi\u0119ty. Amen<\/b><\/div>\n<div align=\"justify\" style=\"line-height: 150%; margin-bottom: 0cm;\">\n&nbsp; &nbsp; &nbsp; &nbsp; &nbsp; &nbsp; &nbsp; &nbsp; &nbsp; &nbsp; &nbsp; &nbsp; &nbsp; &nbsp; &nbsp; &nbsp;Gaudium et spes! &nbsp;Ks. Jacek<\/div>\n<div align=\"justify\" style=\"line-height: 150%; margin-bottom: 0cm;\">\n<b><br \/><\/b><\/div>\n<div align=\"justify\" style=\"line-height: 150%; margin-bottom: 0cm;\">\n<b>Uroczysto\u015b\u0107<br \/>\nNarodzenia Pa\u0144skiego \u2013 Msza w nocy<\/b><\/div>\n<div align=\"justify\" style=\"line-height: 150%; margin-bottom: 0cm;\">\n<b>do<br \/>\nczyta\u0144:  Iz 9,1\u20133.5\u20136;  Tt 2,11\u201314;  \u0141k 2,1\u201314<\/b><\/div>\n<div align=\"justify\" style=\"line-height: 150%; margin-bottom: 0cm;\">\n<\/div>\n<div align=\"justify\" style=\"line-height: 150%; margin-bottom: 0cm;\">\n<b>CZYTANIE<br \/>\nZ KSI\u0118GI PROROKA IZAJASZA:<\/b><\/div>\n<div align=\"justify\" style=\"break-before: auto; line-height: 150%; margin-bottom: 0cm;\">\n<b>Nar\u00f3d<br \/>\nkrocz\u0105cy w ciemno\u015bciach <\/b>\n<\/div>\n<div align=\"justify\" style=\"line-height: 150%; margin-bottom: 0cm;\">\n<b>ujrza\u0142<br \/>\n\u015bwiat\u0142o\u015b\u0107 wielk\u0105; <\/b>\n<\/div>\n<div align=\"justify\" style=\"line-height: 150%; margin-bottom: 0cm;\">\n<b>nad<br \/>\nmieszka\u0144cami kraju mrok\u00f3w <\/b>\n<\/div>\n<div align=\"justify\" style=\"line-height: 150%; margin-bottom: 0cm;\">\n<b>zab\u0142ys\u0142o<br \/>\n\u015bwiat\u0142o. <\/b>\n<\/div>\n<div align=\"justify\" style=\"line-height: 150%; margin-bottom: 0cm;\">\n<b>Pomno\u017cy\u0142e\u015b<br \/>\nrado\u015b\u0107, <\/b>\n<\/div>\n<div align=\"justify\" style=\"line-height: 150%; margin-bottom: 0cm;\">\n<b>zwi\u0119kszy\u0142e\u015b<br \/>\nwesele. <\/b>\n<\/div>\n<div align=\"justify\" style=\"line-height: 150%; margin-bottom: 0cm;\">\n<b>Rozradowali<br \/>\nsi\u0119 przed Tob\u0105, <\/b>\n<\/div>\n<div align=\"justify\" style=\"line-height: 150%; margin-bottom: 0cm;\">\n<b>jak<br \/>\nsi\u0119 raduj\u0105 we \u017cniwa, <\/b>\n<\/div>\n<div align=\"justify\" style=\"line-height: 150%; margin-bottom: 0cm;\">\n<b>jak<br \/>\nsi\u0119 wesel\u0105 <\/b>\n<\/div>\n<div align=\"justify\" style=\"line-height: 150%; margin-bottom: 0cm;\">\n<b>przy<br \/>\npodziale \u0142upu. <\/b>\n<\/div>\n<div align=\"justify\" style=\"line-height: 150%; margin-bottom: 0cm;\">\n<b>Bo<br \/>\nz\u0142ama\u0142e\u015b jego ci\u0119\u017ckie jarzmo <\/b>\n<\/div>\n<div align=\"justify\" style=\"line-height: 150%; margin-bottom: 0cm;\">\n<b>i<br \/>\ndr\u0105\u017cek na jego ramieniu, <\/b>\n<\/div>\n<div align=\"justify\" style=\"line-height: 150%; margin-bottom: 0cm;\">\n<b>pr\u0119t<br \/>\njego ciemi\u0119zcy <\/b>\n<\/div>\n<div align=\"justify\" style=\"line-height: 150%; margin-bottom: 0cm;\">\n<b>jak<br \/>\nw dniu pora\u017cki Madianit\u00f3w.<\/b><\/div>\n<div align=\"justify\" style=\"line-height: 150%; margin-bottom: 0cm;\">\n<b>Albowiem<br \/>\nDzieci\u0119 nam si\u0119 narodzi\u0142o, <\/b>\n<\/div>\n<div align=\"justify\" style=\"line-height: 150%; margin-bottom: 0cm;\">\n<b>Syn<br \/>\nzosta\u0142 nam dany, <\/b>\n<\/div>\n<div align=\"justify\" style=\"line-height: 150%; margin-bottom: 0cm;\">\n<b>na<br \/>\nJego barkach spocz\u0119\u0142a w\u0142adza. <\/b>\n<\/div>\n<div align=\"justify\" style=\"line-height: 150%; margin-bottom: 0cm;\">\n<b>Nazwano<br \/>\nGo imieniem: <\/b>\n<\/div>\n<div align=\"justify\" style=\"line-height: 150%; margin-bottom: 0cm;\">\n<b>Przedziwny<br \/>\nDoradca, B\u00f3g Mocny, <\/b>\n<\/div>\n<div align=\"justify\" style=\"line-height: 150%; margin-bottom: 0cm;\">\n<b>Odwieczny<br \/>\nOjciec, Ksi\u0105\u017c\u0119 Pokoju. <\/b>\n<\/div>\n<div align=\"justify\" style=\"line-height: 150%; margin-bottom: 0cm;\">\n<b>Wielkie<br \/>\nb\u0119dzie Jego panowanie <\/b>\n<\/div>\n<div align=\"justify\" style=\"line-height: 150%; margin-bottom: 0cm;\">\n<b>w<br \/>\npokoju bez granic <\/b>\n<\/div>\n<div align=\"justify\" style=\"line-height: 150%; margin-bottom: 0cm;\">\n<b>na<br \/>\ntronie Dawida <\/b>\n<\/div>\n<div align=\"justify\" style=\"line-height: 150%; margin-bottom: 0cm;\">\n<b>i<br \/>\nnad Jego kr\u00f3lestwem, <\/b>\n<\/div>\n<div align=\"justify\" style=\"line-height: 150%; margin-bottom: 0cm;\">\n<b>kt\u00f3re<br \/>\nOn utwierdzi i umocni <\/b>\n<\/div>\n<div align=\"justify\" style=\"line-height: 150%; margin-bottom: 0cm;\">\n<b>prawem<br \/>\ni sprawiedliwo\u015bci\u0105, <\/b>\n<\/div>\n<div align=\"justify\" style=\"line-height: 150%; margin-bottom: 0cm;\">\n<b>odt\u0105d<br \/>\ni na wieki.<\/b><\/div>\n<div align=\"justify\" style=\"line-height: 150%; margin-bottom: 0cm;\">\n<b>Zazdrosna<br \/>\nmi\u0142o\u015b\u0107 Pana Zast\u0119p\u00f3w tego dokona.<\/b><\/div>\n<div align=\"justify\" style=\"line-height: 150%; margin-bottom: 0cm;\">\n<\/div>\n<div align=\"justify\" style=\"line-height: 150%; margin-bottom: 0cm;\">\n<b>CZYTANIE<br \/>\nZ LISTU \u015aWI\u0118TEGO<br \/>\nPAW\u0141A APOSTO\u0141A DO TYTUSA:<\/b><\/div>\n<div align=\"justify\" style=\"break-before: auto; line-height: 150%; margin-bottom: 0cm; text-indent: 1.3cm;\">\n<b>Ukaza\u0142a<br \/>\nsi\u0119 \u0142aska Boga, kt\u00f3ra niesie zbawienie wszystkim ludziom i poucza<br \/>\nnas, aby\u015bmy wyrzek\u0142szy si\u0119 bezbo\u017cno\u015bci i \u017c\u0105dz \u015bwiatowych<br \/>\nrozumnie i sprawiedliwie, i pobo\u017cnie \u017cyli na tym \u015bwiecie,<br \/>\noczekuj\u0105c b\u0142ogos\u0142awionej nadziei i objawienia si\u0119 chwa\u0142y<br \/>\nwielkiego Boga i Zbawiciela naszego, Jezusa Chrystusa, kt\u00f3ry wyda\u0142<br \/>\nsamego siebie za nas, aby odkupi\u0107 nas od wszelkiej nieprawo\u015bci i<br \/>\noczy\u015bci\u0107 sobie lud wybrany na w\u0142asno\u015b\u0107, gorliwy w spe\u0142nianiu<br \/>\ndobrych uczynk\u00f3w.<\/b><\/div>\n<div align=\"justify\" style=\"line-height: 150%; margin-bottom: 0cm;\">\n<\/div>\n<div align=\"justify\" style=\"line-height: 150%; margin-bottom: 0cm;\">\n<b>S\u0141OWA<br \/>\nEWANGELII WED\u0141UG \u015aWI\u0118TEGO<br \/>\n\u0141UKASZA:<\/b><\/div>\n<div align=\"justify\" style=\"break-before: auto; line-height: 150%; margin-bottom: 0cm; text-indent: 1.3cm;\">\n<b>W<br \/>\nowym czasie wysz\u0142o rozporz\u0105dzenie Cezara Augusta, \u017ceby<br \/>\nprzeprowadzi\u0107 spis ludno\u015bci w ca\u0142ym pa\u0144stwie. Pierwszy ten spis<br \/>\nodby\u0142 si\u0119 w\u00f3wczas, gdy wielkorz\u0105dc\u0105 Syrii by\u0142 Kwiryniusz.<br \/>\nWybierali si\u0119 wi\u0119c wszyscy, aby si\u0119 da\u0107 zapisa\u0107, ka\u017cdy do swego<br \/>\nmiasta.<\/b><\/div>\n<div align=\"justify\" style=\"line-height: 150%; margin-bottom: 0cm; text-indent: 1.3cm;\">\n<b>Uda\u0142<br \/>\nsi\u0119 tak\u017ce J\u00f3zef z Galilei, z miasta Nazaret, do Judei, do miasta<br \/>\nDawidowego, zwanego Betlejem, poniewa\u017c pochodzi\u0142 z domu i rodu<br \/>\nDawida, \u017ceby si\u0119 da\u0107 zapisa\u0107 z po\u015blubion\u0105 sobie Maryj\u0105, kt\u00f3ra<br \/>\nby\u0142a brzemienna.<\/b><\/div>\n<div align=\"justify\" style=\"line-height: 150%; margin-bottom: 0cm; text-indent: 1.3cm;\">\n<b>Kiedy<br \/>\ntam przebywali, nadszed\u0142 dla Maryi czas rozwi\u0105zania. Porodzi\u0142a<br \/>\nswego pierworodnego Syna, owin\u0119\u0142a Go w pieluszki i po\u0142o\u017cy\u0142a w<br \/>\n\u017c\u0142obie, gdy\u017c nie by\u0142o dla nich miejsca w gospodzie.<\/b><\/div>\n<div align=\"justify\" style=\"line-height: 150%; margin-bottom: 0cm; text-indent: 1.3cm;\">\n<b>W<br \/>\ntej samej okolicy przebywali w polu pasterze i trzymali stra\u017c nocn\u0105<br \/>\nnad swoim stadem. Naraz stan\u0105\u0142 przy nich anio\u0142 Pa\u0144ski i chwa\u0142a<br \/>\nPa\u0144ska zewsz\u0105d ich o\u015bwieci\u0142a, tak \u017ce bardzo si\u0119 przestraszyli.<br \/>\nLecz anio\u0142 rzek\u0142 do nich: \u201eNie b\u00f3jcie si\u0119! Oto zwiastuj\u0119 wam<br \/>\nrado\u015b\u0107 wielk\u0105, kt\u00f3ra b\u0119dzie udzia\u0142em ca\u0142ego narodu: dzi\u015b w<br \/>\nmie\u015bcie Dawida narodzi\u0142 si\u0119 wam Zbawiciel, kt\u00f3rym jest Mesjasz<br \/>\nPan. A to b\u0119dzie znakiem dla was: Znajdziecie Niemowl\u0119, owini\u0119te w<br \/>\npieluszki i le\u017c\u0105ce w \u017c\u0142obie\u201d.<\/b><\/div>\n<div align=\"justify\" style=\"line-height: 150%; margin-bottom: 0cm; text-indent: 1.3cm;\">\n<b>I<br \/>\nnagle przy\u0142\u0105czy\u0142o si\u0119 do anio\u0142a mn\u00f3stwo zast\u0119p\u00f3w niebieskich,<br \/>\nkt\u00f3re wielbi\u0142y Boga s\u0142owami: <\/b>\n<\/div>\n<div align=\"justify\" style=\"line-height: 150%; margin-bottom: 0cm; text-indent: 1.3cm;\">\n\u201e<b>Chwa\u0142a<br \/>\nBogu na wysoko\u015bciach, <\/b>\n<\/div>\n<div align=\"justify\" style=\"line-height: 150%; margin-bottom: 0cm; text-indent: 1.3cm;\">\n<b>a<br \/>\nna ziemi pok\u00f3j ludziom, <\/b>\n<\/div>\n<div align=\"justify\" style=\"line-height: 150%; margin-bottom: 0cm; text-indent: 1.3cm;\">\n<b>w<br \/>\nkt\u00f3rych ma upodobanie\u201d.<\/b><\/div>\n<div align=\"justify\" style=\"line-height: 150%; margin-bottom: 0cm;\">\n<\/div>\n<div align=\"justify\" style=\"break-before: auto; line-height: 150%; margin-bottom: 0cm; text-indent: 1.3cm;\">\n<b><i>Nar\u00f3d<br \/>\nkrocz\u0105cy w ciemno\u015bciach <\/i><i>ujrza\u0142 \u015bwiat\u0142o\u015b\u0107 wielk\u0105; nad<br \/>\nmieszka\u0144cami kraju mrok\u00f3w zab\u0142ys\u0142o \u015bwiat\u0142o. Pomno\u017cy\u0142e\u015b<br \/>\nrado\u015b\u0107, zwi\u0119kszy\u0142e\u015b wesele.<\/i> [\u2026] <i>Albowiem Dzieci\u0119 nam<br \/>\nsi\u0119 narodzi\u0142o, Syn zosta\u0142 nam dany, na Jego barkach spocz\u0119\u0142a<br \/>\nw\u0142adza. Nazwano Go imieniem: Przedziwny Doradca, B\u00f3g Mocny,<br \/>\nOdwieczny Ojciec, Ksi\u0105\u017c\u0119 Pokoju. Wielkie b\u0119dzie Jego panowanie <\/i><i>w<br \/>\npokoju bez granic<\/i> [\u2026] <i>nad Jego kr\u00f3lestwem, <\/i><i>kt\u00f3re On<br \/>\nutwierdzi i umocni prawem i sprawiedliwo\u015bci\u0105, <\/i><i>odt\u0105d i na<br \/>\nwieki.<\/i><\/b><\/div>\n<div align=\"justify\" style=\"line-height: 150%; margin-bottom: 0cm; text-indent: 1.3cm;\">\nS\u0142owa<br \/>\nIzajaszowego Proroctwa znowu wybrzmia\u0142y z wielk\u0105 moc\u0105, a niezwyk\u0142a<br \/>\natmosfera tej przepi\u0119knej, ja\u015bniej\u0105cej anielskim<br \/>\nblaskiem<br \/>\nNocy, nadaje im <b>wymow\u0119<br \/>\nszczeg\u00f3lnie uroczyst\u0105,<\/b><br \/>\nczyni\u0105c<br \/>\nje prawdziwym<br \/>\nhymnem powitalnym, jaki Ko\u015bci\u00f3\u0142 wy\u015bpiewuje w noc Narodzenia swego<br \/>\nPana i Zbawcy, Jezusa Chrystusa!<\/div>\n<div align=\"center\" style=\"line-height: 150%; margin-bottom: 0cm;\">\n<b>Najczcigodniejszy<br \/>\nKsi\u0119\u017ce Proboszczu!<\/b><\/div>\n<div align=\"center\" style=\"line-height: 150%; margin-bottom: 0cm;\">\n<b>Ksi\u0119\u017ce<br \/>\nPrefekcie! Czcigodne Siostry! <\/b>\n<\/div>\n<div align=\"center\" style=\"line-height: 150%; margin-bottom: 0cm;\">\n<b>Drodzy<br \/>\nCz\u0142onkowie wszystkich Wsp\u00f3lnot Parafialnych!<\/b><\/div>\n<div align=\"center\" style=\"line-height: 150%; margin-bottom: 0cm;\">\n<b>Szanowny<br \/>\nPanie W\u00f3jcie i<\/b><\/div>\n<div align=\"center\" style=\"line-height: 150%; margin-bottom: 0cm;\">\n<b>Dostojne<br \/>\nW\u0142adze Samorz\u0105dowe!<\/b><\/div>\n<div align=\"center\" style=\"line-height: 150%; margin-bottom: 0cm;\">\n<b>Kochani<br \/>\nCz\u0142onkowie naszej Parafialnej Rodziny! <\/b>\n<\/div>\n<div align=\"center\" style=\"line-height: 150%; margin-bottom: 0cm;\">\n<b>Wielce<br \/>\nSzanowni Go\u015bcie!<\/b><\/div>\n<div align=\"center\" style=\"line-height: 150%; margin-bottom: 0cm;\">\n<b>Bracia<br \/>\ni Siostry!<\/b><\/div>\n<div align=\"justify\" style=\"line-height: 150%; margin-bottom: 0cm; text-indent: 1.25cm;\">\nJak<br \/>\nprzej\u015b\u0107 oboj\u0119tnie wobec tych s\u0142\u00f3w! Jak si\u0119 nimi nie zachwyci\u0107!<br \/>\nJak nie da\u0107 si\u0119 ponie\u015b\u0107 rado\u015bci, kt\u00f3re one nios\u0105! Przecie\u017c<br \/>\n<b>Jezus nam si\u0119 narodzi\u0142!<\/b> <i><b>Nazwano<br \/>\nGo imieniem: Przedziwny Doradca, B\u00f3g Mocny, Odwieczny Ojciec, Ksi\u0105\u017c\u0119<br \/>\nPokoju! <\/b><\/i>Jak\u017ce<br \/>\nsi\u0119 z tego nie cieszy\u0107!<\/div>\n<div align=\"justify\" style=\"line-height: 150%; margin-bottom: 0cm; text-indent: 1.25cm;\">\nTak,<br \/>\nto prawda, \u017ce sytuacja wok\u00f3\u0142 nas do rado\u015bci zbytnio nie nastraja.<br \/>\n<b>Widzimy, co si\u0119 dzieje na \u015bwiecie;<\/b> s\u0142yszymy, co si\u0119 dzieje<br \/>\nw Europie \u2013 i to ca\u0142kiem blisko nas; a i<b><br \/>\nw naszym polskim Domu wyj\u0105tkowo niespokojnie\u2026<\/b> Kiedy tak to<br \/>\nwszystko razem zbierzemy i zaczniemy si\u0119 nad tym zastanawia\u0107, to<br \/>\nrzeczywi\u015bcie stwierdzimy, \u017ce raczej <b>trudno si\u0119 z tego<br \/>\nwszystkiego cieszy\u0107.<\/b>\n<\/div>\n<div align=\"justify\" style=\"line-height: 150%; margin-bottom: 0cm; text-indent: 1.25cm;\">\nBo<br \/>\nmo\u017cna odnie\u015b\u0107 wra\u017cenie, \u017ce \u015bwiat \u2013 a Europa szczeg\u00f3lnie \u2013<br \/>\npo r\u00f3wni pochy\u0142ej coraz bardziej <b>zmierza do samozag\u0142ady. <\/b>Coraz<br \/>\nmroczniej na naszej ziemi, coraz ciemniej\u2026 Jako ludzko\u015b\u0107,<br \/>\njeste\u015bmy chyba naprawd\u0119 \u2013 jak to okre\u015bli\u0142 Izajasz \u2013 <b>\u201enarodem<br \/>\nkrocz\u0105cym w ciemno\u015bciach\u201d.<\/b> \u015awiatowi przyw\u00f3dcy, w\u0142odarze<br \/>\nEuropy, i wielu innych, okrzykiwanych \u015bwiatowymi autorytetami,<br \/>\n<b>okazuj\u0105 si\u0119 \u015blepcami,<\/b> prowadz\u0105cymi ludy i narody <b>po<br \/>\nomacku \u2013 donik\u0105d\u2026<\/b><\/div>\n<div align=\"justify\" style=\"line-height: 150%; margin-bottom: 0cm; text-indent: 1.25cm;\">\nI<br \/>\noto Prorok Pa\u0144ski dzisiaj og\u0142asza \u2013 jakby wbrew wszystkiemu,<br \/>\njakby chc\u0105c zaprzeczy\u0107 ca\u0142emu temu szale\u0144stwu i temu absurdowi, w<br \/>\njakim \u017cyje, a w\u0142a\u015bciwie: w jakim pogr\u0105\u017ca si\u0119 \u015bwiat \u2013 \u017ce<br \/>\n<i><b>n<\/b><\/i><i><b>ar\u00f3d<br \/>\nkrocz\u0105cy w ciemno\u015bciach <\/b><\/i><i><b>ujrza\u0142<br \/>\n\u015bwiat\u0142o\u015b\u0107 wielk\u0105; nad mieszka\u0144cami kraju mrok\u00f3w zab\u0142ys\u0142o<br \/>\n\u015bwiat\u0142o. <\/b><\/i>\n<\/div>\n<div align=\"justify\" style=\"line-height: 150%; margin-bottom: 0cm; text-indent: 1.25cm;\">\nJakby<br \/>\nwbrew temu wszystkiemu, o czym media \u201etr\u0105bi\u0105\u201d w\u0142a\u015bciwie<br \/>\nka\u017cdego dnia i co nas <b>\u201ebije<br \/>\npo oczach\u201d z czerwonych pask\u00f3w<\/b><br \/>\nna dole ekranu: pomimo tego wszystkiego, a wr\u0119cz w \u015brodku tego<br \/>\nwszystkiego, w centrum ca\u0142ego tego zamieszania i ca\u0142ego tego<br \/>\nba\u0142aganu \u2013 <i><b>Dzieci\u0119<br \/>\nnam si\u0119 narodzi\u0142o, Syn zosta\u0142 nam dany, na Jego barkach spocz\u0119\u0142a<br \/>\nw\u0142adza. Nazwano Go imieniem: Przedziwny Doradca, B\u00f3g Mocny,<br \/>\nOdwieczny Ojciec, Ksi\u0105\u017c\u0119 Pokoju. <\/b><\/i>To<br \/>\nrzeczywi\u015bcie wielka <b>rado\u015b\u0107!<\/b><br \/>\nI wielka <b>nadzieja!<\/b><br \/>\nI wielkie <b>szcz\u0119\u015bcie<\/b><br \/>\ndla nas \u2013 wielki <b>dar<br \/>\nNiebios!<\/b><br \/>\nCo\u015b wprost niezwyk\u0142ego i niesamowitego!<\/div>\n<div align=\"justify\" style=\"line-height: 150%; margin-bottom: 0cm; text-indent: 1.25cm;\">\nChocia\u017c<br \/>\n\u2013 paradoksalnie \u2013 mo\u017cemy powiedzie\u0107, \u017ce dla samego Jezusa to<br \/>\n<b>nic<br \/>\nnowego. <\/b>M\u00f3wi\u0105c<br \/>\nkolokwialnie: nie \u201epierwszyzna\u201d. Przecie\u017c s\u0142yszymy w relacji<br \/>\n\u015awi\u0119tego \u0141ukasza, jak wygl\u0105da\u0142o tak naprawd\u0119 <b>Bo\u017ce<br \/>\nNarodzenie dwa tysi\u0105ce szesna\u015bcie lat temu.<\/b><br \/>\nS\u0142yszymy, \u017ce nie dane by\u0142o \u015awi\u0119tej Rodzinie zazna\u0107 spokoju\u2026\n<\/div>\n<div align=\"justify\" style=\"line-height: 150%; margin-bottom: 0cm; text-indent: 1.25cm;\">\nLos<br \/>\nbowiem \u2013 albo bieg historii i polityki \u2013 sprawi\u0142, \u017ce dok\u0142adnie<br \/>\nwtedy <i><b>wysz\u0142o<br \/>\nrozporz\u0105dzenie Cezara Augusta, \u017ceby przeprowadzi\u0107 spis ludno\u015bci w<br \/>\nca\u0142ym pa\u0144stwie.<\/b><\/i><b><br \/>\n<\/b>Nie<br \/>\nby\u0142o wyj\u015bcia \u2013 trzeba by\u0142o rusza\u0107 w drog\u0119. Wszak zarz\u0105dzenie<br \/>\nw\u0142adz rzymskich \u2013 a by\u0142 to przecie\u017c<br \/>\nczas, kiedy nar\u00f3d wybrany prze\u017cywa\u0142 okres kolejnego w swej<br \/>\nhistorii zniewolenia \u2013 trzeba by\u0142o bezwzgl\u0119dnie wykona\u0107.\n<\/div>\n<div align=\"justify\" style=\"line-height: 150%; margin-bottom: 0cm; text-indent: 1.25cm;\">\nDlatego<br \/>\n<i><b>u<\/b><\/i><i><b>da\u0142<br \/>\nsi\u0119<\/b><\/i><b><br \/>\n[\u2026] <\/b><i><b>J\u00f3zef<br \/>\nz Galilei, z miasta Nazaret, do Judei, do miasta Dawidowego, zwanego<br \/>\nBetlejem, poniewa\u017c pochodzi\u0142 z domu i rodu Dawida, \u017ceby si\u0119 da\u0107<br \/>\nzapisa\u0107 z po\u015blubion\u0105 sobie Maryj\u0105, kt\u00f3ra by\u0142a brzemienna.<\/b><\/i><b><br \/>\n<\/b>Nie<br \/>\nda\u0142o si\u0119 tego jako\u015b od\u0142o\u017cy\u0107, nie by\u0142o te\u017c \u017cadnych ulg dla<br \/>\nmatek, spodziewaj\u0105cych si\u0119 porodu\u2026 Trzeba<br \/>\nby\u0142o rusza\u0107 w drog\u0119 \u2013 pomimo wszystko\u2026\n<\/div>\n<div align=\"justify\" style=\"line-height: 150%; margin-bottom: 0cm; text-indent: 1.25cm;\">\nI<br \/>\nkiedy w\u0142a\u015bnie<i><br \/>\n<\/i><i><b>tam<br \/>\nprzebywali, nadszed\u0142 dla Maryi czas rozwi\u0105zania. Porodzi\u0142a swego<br \/>\npierworodnego Syna, owin\u0119\u0142a Go w pieluszki i po\u0142o\u017cy\u0142a w \u017c\u0142obie,<br \/>\ngdy\u017c nie by\u0142o dla nich miejsca w gospodzie. <\/b><\/i>\n<\/div>\n<div align=\"justify\" style=\"line-height: 150%; margin-bottom: 0cm; text-indent: 1.25cm;\">\nKochani,<br \/>\nus\u0142yszmy to dobrze: <i><b>nie<br \/>\nby\u0142o dla nich miejsca\u2026<\/b><\/i><b><br \/>\n<\/b>Dlatego<br \/>\n<b>Syn<br \/>\nBo\u017cy, B\u00f3g Cz\u0142owiek,<\/b><br \/>\nW\u0142adca i Stworzyciel ca\u0142ego \u015bwiata i wszech\u015bwiata \u2013 <b>zosta\u0142<br \/>\npo\u0142o\u017cony w \u017c\u0142obie! <\/b>Na<br \/>\ndobr\u0105 spraw\u0119 \u2013 poza Maryj\u0105 i J\u00f3zefem \u2013 <b>nikt<br \/>\nnie zauwa\u017cy\u0142 tego, co si\u0119 sta\u0142o,<\/b><br \/>\na ciemno\u015bci, w jakich<br \/>\nuparty \u015bwiat<br \/>\nkroczy\u0142, ani troch\u0119 nie zosta\u0142y rozja\u015bnione\u2026 I<br \/>\ntak by ju\u017c pozosta\u0142o,<br \/>\ngdyby liczy\u0107 na jedynie<br \/>\nludzi<br \/>\ni na to, \u017ce <b>sami<br \/>\nz siebie dokonaj\u0105 jakiej\u015b przemiany.<\/b><br \/>\nSk\u0105d\u017ce!\n<\/div>\n<div align=\"justify\" style=\"line-height: 150%; margin-bottom: 0cm; text-indent: 1.25cm;\">\n\u015awiat<br \/>\n\u017cy\u0142 swoim rytmem i co go tam w\u0142a\u015bciwie obchodzi\u0142o, \u017ce gdzie\u015b w<br \/>\nBetlejem, w jakie\u015b grocie, w o\u015blim \u017c\u0142obie, <b>le\u017cy<br \/>\nDziecko jakiej\u015b biednej Rodziny z Nazaretu.<\/b><br \/>\n\u015awiat mia\u0142 wtedy wa\u017cniejsze sprawy na g\u0142owie, chocia\u017c \u2013<br \/>\nzapewne tak, jak dzisiaj \u2013 gdyby tak kogo\u015b spyta\u0107, to pewnie nikt<br \/>\nnie potrafi\u0142by precyzyjnie okre\u015bli\u0107, <b>jakie<br \/>\nto sprawy<\/b><br \/>\ntak bardzo go absorbowa\u0142y\u2026<\/p>\n<\/div>\n<div align=\"justify\" style=\"line-height: 150%; margin-bottom: 0cm; text-indent: 1.25cm;\">\nPoza<br \/>\nmo\u017ce prostymi pasterzami, kt\u00f3rzy wiedzieli, \u017ce maj\u0105 zadba\u0107 o<br \/>\nswoje stada, dlatego pilnowali ich w nocy\u2026 I to <b>w\u0142a\u015bnie<br \/>\nprzy nich <\/b>\u2013<br \/>\nbo mo\u017ce jako jedni z nielicznych nie byli w\u00f3wczas tak bardzo zaj\u0119ci<br \/>\ni zap\u0119dzeni, jak reszta \u015bwiata \u2013 <i><b>stan\u0105\u0142<\/b><\/i><b><br \/>\n[\u2026] <\/b><i><b>anio\u0142<br \/>\nPa\u0144ski i chwa\u0142a Pa\u0144ska zewsz\u0105d ich o\u015bwieci\u0142a.<\/b><\/i><b><br \/>\n<\/b>\n<\/div>\n<div align=\"justify\" style=\"line-height: 150%; margin-bottom: 0cm; text-indent: 1.25cm;\">\nOczywi\u015bcie,<br \/>\nreakcja prostych ludzi mog\u0142a by\u0107 tylko jedna: <i><b>bardzo<br \/>\nsi\u0119 przestraszyli.<\/b><\/i><b><br \/>\n<\/b>Jednak<br \/>\nwys\u0142annik Niebios szybko ich<br \/>\nuspokoi\u0142, wyja\u015bniaj\u0105c, co si\u0119 dzieje. Kiedy za\u015b do\u0142\u0105czyli do<br \/>\nniego inni Anio\u0142owie, wy\u015bpiewuj\u0105c pie\u015b\u0144 chwa\u0142y Bo\u017cej, rado\u015bci\u0105<br \/>\nnape\u0142ni\u0142y si\u0119 serca pasterzy. I pobiegli, aby zobaczy\u0107 <i><b>Niemowl\u0119,<br \/>\nowini\u0119te w pieluszki i le\u017c\u0105ce w \u017c\u0142obie. <\/b><\/i>\n<\/div>\n<div align=\"justify\" style=\"line-height: 150%; margin-bottom: 0cm; text-indent: 1.25cm;\">\nWiedzieli<br \/>\nju\u017c w\u00f3wczas, bo Anio\u0142 im to powiedzia\u0142, \u017ce Dziecko, na kt\u00f3re<br \/>\npatrz\u0105, to <i><b>Zbawiciel,<br \/>\nkt\u00f3rym jest Mesjasz Pan.<\/b><\/i><br \/>\nOni \u2013 pro\u015bci ludzie \u2013 wiedzieli. \u015awiat nie wiedzia\u0142. Nie<br \/>\nwiedzia\u0142, bo<br \/>\nby\u0142 zbyt zaj\u0119ty, zbyt zaaferowany swoimi sprawami, za<br \/>\nbardzo<br \/>\n<b>zanurzony<br \/>\nw swoich ciemno\u015bciach, <\/b>do<br \/>\nkt\u00f3rych si\u0119 ju\u017c zd\u0105\u017cy\u0142 przyzwyczai\u0107, aby dostrzec, \u017ce tam,<br \/>\nnad Betlejem, zaja\u015bnia\u0142o jakie\u015b \u015bwiat\u0142o. I \u017ce <b>to<br \/>\n\u015bwiat\u0142o jest naprawd\u0119 mocne,<\/b><br \/>\ni \u017ce niesie niezwyk\u0142\u0105 rado\u015b\u0107 i nadziej\u0119,<br \/>\nprawdziwe szcz\u0119\u015bcie i trwa\u0142y pok\u00f3j\u2026 \u015awiat tego w\u00f3wczas nie<br \/>\nzauwa\u017cy\u0142. <b>A<br \/>\ndzisiaj zauwa\u017ca? <\/b>\n<\/div>\n<div align=\"justify\" style=\"line-height: 150%; margin-bottom: 0cm; text-indent: 1.25cm;\">\nWtedy<br \/>\n<u><b>jeszcze<\/b><\/u><br \/>\nnie zauwa\u017ca\u0142, a dzisiaj \u2013 <u><b>ju\u017c<\/b><\/u><br \/>\nnie zauwa\u017ca. Dosz\u0142o do jakiego\u015b strasznego paradoksu: <b>\u015awi\u0119ta<br \/>\nNarodzenia Jezusa Chrystusa s\u0105 obchodzone bez Jezusa Chrystusa!<\/b><br \/>\nCywilizacja zachodnia, ukszta\u0142towana przez chrze\u015bcija\u0144stwo,<br \/>\n<b>wstydzi<br \/>\nsi\u0119 wypowiedzie\u0107 imi\u0119 Jezusa Chrystusa!<\/b><br \/>\nW imi\u0119 obrzydliwej poprawno\u015bci politycznej, w imi\u0119 totalnej<br \/>\nbezideowo\u015bci, m\u00f3wi si\u0119 o <b>jakich\u015b<br \/>\nwarto\u015bciach europejskich,<\/b><br \/>\ntylko nie bardzo wiadomo, jakie to warto\u015bci. Bo <b>je\u017celi<br \/>\nnie te ewangeliczne, to jakie? <\/b>\n<\/div>\n<div align=\"justify\" style=\"line-height: 150%; margin-bottom: 0cm; text-indent: 1.25cm;\">\nJe\u017celi<br \/>\n\u015awi\u0119ta Bo\u017cego Narodzenia odbywaj\u0105 si\u0119 <b>bez<br \/>\nBo\u017cego Narodzenia,<\/b><br \/>\na staj\u0105 si\u0119 tylko jakimi\u015b \u015bwieckimi <b>\u201e\u015bwi\u0119tami\u201d<br \/>\nhandlu i komercji,<\/b><br \/>\no p\u0142ytkiej obrz\u0119dowo\u015bci i ca\u0142kowicie mia\u0142kim przes\u0142aniu; je\u017celi<br \/>\nw pa\u0144stwach wyros\u0142ych na gruncie chrze\u015bcija\u0144skim <b>usuwa<br \/>\nsi\u0119 krzy\u017ce<\/b><br \/>\nz przestrzeni publicznej, \u017ceby <b>nie<br \/>\nrazi\u0142y w oczy przybysz\u00f3w;<\/b><br \/>\nje\u017celi na tak zwanych \u201etargach bo\u017conarodzeniowych\u201d mo\u017cna kupi\u0107<br \/>\nwszystko, <b>tylko<br \/>\n\u017cadnych emblemat\u00f3w, zwi\u0105zanych z Bo\u017cym Narodzeniem;<\/b><br \/>\nje\u017celi na placach przed ko\u015bcio\u0142ami i katedrami (kt\u00f3rych<br \/>\njeszcze nie sprzedano i nie przeznaczono na obiekty muzealne, cho\u0107<br \/>\nto tylko zapewne kwestia czasu)<br \/>\n<b>nie<br \/>\nmo\u017cna ju\u017c postawi\u0107 choinki,<\/b><br \/>\nbo b\u0119dzie<br \/>\nznakiem nietolerancji<br \/>\nwobec inaczej my\u015bl\u0105cych i wierz\u0105cych; i wreszcie: je\u017celi <b>jak<br \/>\nognia unika si\u0119 imienia Jezusa Chrystusa,<\/b><br \/>\na<br \/>\n\u015awi\u0105t, kt\u00f3re prze\u017cywamy, <b>nie<br \/>\nmo\u017cna ju\u017c nazwa\u0107 \u015awi\u0119tami Bo\u017cego Narodzenia \u2013<\/b><br \/>\nto znaczy, \u017ce \u015bwiat wok\u00f3\u0142 nas spowijaj\u0105 <b>naprawd\u0119<br \/>\nwielkie i g\u0119ste ciemno\u015bci:<\/b><br \/>\nciemno\u015bci grzechu i pr\u00f3\u017cniactwa, ciemno\u015bci pychy i g\u0142upoty;<br \/>\nciemno\u015bci totalnego bezsensu i najg\u0142\u0119bszego absurdu!\n<\/div>\n<div align=\"justify\" style=\"line-height: 150%; margin-bottom: 0cm; text-indent: 1.25cm;\">\nCo<br \/>\nciekawe \u2013 \u015bwiat sam si\u0119 do tego doprowadzi\u0142! Syty, a wr\u0119cz<br \/>\n<b>przesycony<br \/>\ncz\u0142owiek,<\/b><br \/>\nuzna\u0142, \u017ce w\u0142a\u015bciwie to\u2026 <b>nie<br \/>\npotrzebuje Boga!<\/b><br \/>\nI teraz boi si\u0119 przekroczy\u0107 pr\u00f3g<br \/>\nw\u0142asnego domu i przespacerowa\u0107 si\u0119 po ulicy, bo nie wie, czy kto\u015b<br \/>\ngo nagle nie zastrzeli,<br \/>\nalbo czy<br \/>\nnie zginie pod ko\u0142ami jakiej\u015b ci\u0119\u017car\u00f3wki, albo<br \/>\nczy obok niego co\u015b nie wybuchnie\u2026<br \/>\nTaki<br \/>\nsobie w\u0142a\u015bnie<br \/>\nludzie<br \/>\nurz\u0105dzili <b>\u201eszcz\u0119\u015bliwy\u201d<br \/>\n\u015bwiat bez Boga. Na w\u0142asne \u017cyczenie!<\/b><br \/>\nNie mog\u0105 wi\u0119c<br \/>\nmie\u0107<br \/>\ndo nikogo pretensji.\n<\/div>\n<div align=\"justify\" style=\"line-height: 150%; margin-bottom: 0cm; text-indent: 1.25cm;\">\n<b>I<br \/>\nc\u00f3\u017c im teraz pozosta\u0142o? <\/b>Czy<br \/>\njest jakie\u015b wyj\u015bcie z tego impasu? Pewnie, \u017ce jest. Zawsze jest<br \/>\njakie\u015b wyj\u015bcie. Mo\u017cna mno\u017cy\u0107 i wzmacnia\u0107 <b>patrole<br \/>\n\u017co\u0142nierzy i \u017candarm\u00f3w,<\/b><br \/>\nuzbrojonych po z\u0119by, mo\u017cna ustawia\u0107 kolejne <b>zasieki<\/b><br \/>\nz drutu kolczastego i <b>zapory<\/b><br \/>\nz betonu;<br \/>\nmo\u017cna <b>obwiesi\u0107<br \/>\nsi\u0119 kamerami i czujnikami, <\/b>poustawia\u0107<br \/>\n<b>bramki<\/b><br \/>\ni wzm\u00f3c <b>kontrole\u2026<\/b><br \/>\nTo oczywi\u015bcie nic nie da, bo \u2013 jak g\u0142o\u015bno i wyra\u017anie m\u00f3wi\u0105<br \/>\nznawcy tematu \u2013 <b>kolejne<br \/>\nzamachy s\u0105 tylko kwesti\u0105 czasu<\/b><br \/>\ni na nic zdadz\u0105 si\u0119 te wszystkie zabezpieczenia.\n<\/div>\n<div align=\"justify\" style=\"line-height: 150%; margin-bottom: 0cm; text-indent: 1.25cm;\">\nAle<br \/>\nwtedy znowu ludowi<br \/>\nprzyw\u00f3dcy<br \/>\nwyst\u0105pi\u0105 przed kamerami, i<br \/>\nznowu b\u0119d\u0105<br \/>\nco\u015b tam bredzi\u0107<br \/>\no<br \/>\n\u201esolidarno\u015bci i determinacji w walce z terroryzmem\u201d \u2013 i tak do<br \/>\nnast\u0119pnego razu.<br \/>\nDo nast\u0119pnego<br \/>\nzamachu. Tylko, <b>czy<br \/>\ntak naprawd\u0119 na d\u0142u\u017csz\u0105 met\u0119 da si\u0119 \u017cy\u0107?<\/b><br \/>\nCzy te ciemno\u015bci nie stan\u0105<br \/>\nsi\u0119 w ten spos\u00f3b<br \/>\n<b>jeszcze<\/b><b><br \/>\nciemniejsze?\u2026<\/b><\/div>\n<div align=\"justify\" style=\"line-height: 150%; margin-bottom: 0cm; text-indent: 1.25cm;\">\nW\u0142a\u015bnie<br \/>\nte ciemno\u015bci dzisiaj rozja\u015bnia niezwyk\u0142e \u015bwiat\u0142o! Izajasz<br \/>\nm\u00f3wi o tym w swoim or\u0119dziu, my jednak \u2013 w kontek\u015bcie tego, co<br \/>\nsi\u0119 wok\u00f3\u0142 nas dzieje \u2013 musimy chyba jego s\u0142owa odczyta\u0107 <b>nie<br \/>\nw trybie oznajmuj\u0105cym, <\/b>w<br \/>\njakim zosta\u0142y napisane, ale jako pragnienie tego, by s\u0142owa te si\u0119<br \/>\nwype\u0142ni\u0142y. Trzeba nam zatem powiedzie\u0107: oby <i><b>n<\/b><\/i><i><b>ar\u00f3d<br \/>\nkrocz\u0105cy w ciemno\u015bciach ujrza\u0142 \u015bwiat\u0142o\u015b\u0107 wielk\u0105! <\/b><\/i>Oby<br \/>\nwreszcie ujrza\u0142! I oby <i><b>nad<br \/>\nmieszka\u0144cami kraju mrok\u00f3w zab\u0142ys\u0142o \u015bwiat\u0142o. <\/b><\/i>Tak,<br \/>\noby zab\u0142ys\u0142o! I oby wszyscy je wreszcie zobaczyli. Oby dotar\u0142o do<br \/>\nludzi, \u017ce <i><b>pomno\u017cy\u0142e\u015b<br \/>\nrado\u015b\u0107, <\/b><\/i><i><b>zwi\u0119kszy\u0142e\u015b<br \/>\nwesele<\/b><\/i><b><br \/>\n\u2013 <\/b>\u017ce<br \/>\nto w\u0142a\u015bnie Ty,<br \/>\nPanie Jezu, to uczyni\u0142e\u015b! Oby si\u0119 przeto naprawd\u0119 <i><b>rozradowali<br \/>\nsi\u0119 przed Tob\u0105. <\/b><\/i>\n<\/div>\n<div align=\"justify\" style=\"line-height: 150%; margin-bottom: 0cm; text-indent: 1.25cm;\">\nOby<br \/>\nwszyscy uwierzyli, \u017ce dzisiaj \u2013 po raz kolejny, a jednocze\u015bnie w<br \/>\nspos\u00f3b jedyny w swoim rodzaju i niepowtarzalny \u2013 <i><b>Dzieci\u0119<br \/>\nnam si\u0119 narodzi\u0142o, <\/b><\/i><i><b>Syn<br \/>\nzosta\u0142 nam dany, na Jego barkach spocz\u0119\u0142a w\u0142adza.<\/b><\/i><b><br \/>\n<\/b>I<br \/>\noby ka\u017cdy przekona\u0142 si\u0119 i uwierzy\u0142, \u017ce przychodz\u0105cy dzi\u015b Jezus<br \/>\nChrystus \u2013 to naprawd\u0119 <i><b>Przedziwny<br \/>\nDoradca, B\u00f3g Mocny, <\/b><\/i><i><b>Odwieczny<br \/>\nOjciec, Ksi\u0105\u017c\u0119 Pokoju.<\/b><\/i><b><br \/>\n<\/b>\n<\/div>\n<div align=\"justify\" style=\"line-height: 150%; margin-bottom: 0cm; text-indent: 1.25cm;\">\nKochani,<br \/>\n<b>uwierzmy<br \/>\nw Niego \u2013 uwierzmy na nowo!<\/b><br \/>\nUwierzmy, \u017ce to jest On, Jezus Chrystus, B\u00f3g Cz\u0142owiek \u2013 i<br \/>\nuwierzmy, <b>\u017ce<br \/>\nOn naprawd\u0119 przychodzi!<\/b><br \/>\nJa wiem, \u017ce my generalnie w to wierzymy i u nas, na szcz\u0119\u015bcie, nie<br \/>\nma problemu z tym, \u017ceby bez wi\u0119kszych obaw, <b>jasno<br \/>\ni wyra\u017anie powiedzie\u0107, \u017ce \u015bwi\u0119tujemy Bo\u017ce<\/b><br \/>\n<b>Narodzenie.<\/b><\/p>\n<\/div>\n<div align=\"justify\" style=\"line-height: 150%; margin-bottom: 0cm; text-indent: 1.25cm;\">\nCo<br \/>\nwi\u0119cej, przez<br \/>\nca\u0142y<br \/>\nAdwent przygotowywali\u015bmy si\u0119 na to wydarzenie. Przecie\u017c w tym<br \/>\nczasie <b>tak<br \/>\nwiele os\u00f3b przyst\u0105pi\u0142o do Spowiedzi, zacz\u0119\u0142o na nowo przyjmowa\u0107<br \/>\nKomuni\u0119 \u015awi\u0119t\u0105.<\/b><br \/>\nJasne,<br \/>\n\u017ce wielu te\u017c nie przyst\u0105pi\u0142o i \u017ce wiele tych Spowiedzi by\u0142o<br \/>\nmo\u017ce ma\u0142o przygotowanych, i \u017ce by\u0142y to Spowiedzi <b>tylko<br \/>\nz okazji rekolekcji,<\/b><br \/>\nalbo i w ostatnich dniach przed \u015awi\u0119tami; a nast\u0119pne b\u0119d\u0105 pewnie<br \/>\nna nast\u0119pne rekolekcje, albo znowu w ostatnich dniach przed \u015awi\u0119tami<br \/>\n\u2013 to<br \/>\nwszystko prawda!<\/p>\n<\/div>\n<div align=\"justify\" style=\"line-height: 150%; margin-bottom: 0cm; text-indent: 1.25cm;\">\nJednak,<br \/>\npomimo tego, nie mo\u017cna nie zauwa\u017cy\u0107, \u017ce <b>jak<br \/>\nPolska d\u0142uga i szeroka, ludzie stali w kolejkach do konfesjona\u0142\u00f3w,<\/b><br \/>\nspowiadali si\u0119, odnawiali swoj\u0105 wi\u0119\u017a z Bogiem, jako\u015b pog\u0142\u0119biali<br \/>\nt\u0119 swoj\u0105 wiar\u0119\u2026 I to mo\u017ce dziwne, ale w\u0142a\u015bnie w tym roku<br \/>\nu\u015bwiadomi\u0142em to sobie z ca\u0142\u0105 moc\u0105 \u2013 po tylu latach kap\u0142a\u0144stwa<br \/>\ni po tylu latach wcze\u015bniejszego<br \/>\nprze\u017cywania<br \/>\nrekolekcji adwentowych \u2013 \u017ce <b>ka\u017cdy<br \/>\ntaki Adwent to jest wielka duchowa odnowa narodu!<\/b><\/p>\n<\/div>\n<div align=\"justify\" style=\"line-height: 150%; margin-bottom: 0cm; text-indent: 1.25cm;\">\nOczywi\u015bcie,<br \/>\ntu nie chodzi o jakie\u015b uroczyste<br \/>\ns\u0142owa czy podnios\u0142e deklaracje, ale mo\u017cemy z<br \/>\nautentyczn\u0105<br \/>\nrado\u015bci\u0105 tak w\u0142a\u015bnie okre\u015bli\u0107 to, co si\u0119 w naszych Parafiach w<br \/>\ntych ostatnich tygodniach dokona\u0142o: <b>wielka<br \/>\nmoralna i duchowa odnowa narodu! <\/b>Tego<br \/>\nnie ma na Zachodzie. U nas jest \u2013 na szcz\u0119\u015bcie! <b>Jeszcze<br \/>\njest! I oby zawsze by\u0142o!<\/b><br \/>\nBo to jest w\u0142a\u015bnie naszym bogactwem, to jest tak\u017ce nasz\u0105 si\u0142\u0105,<br \/>\na w kontek\u015bcie tego, co si\u0119 wok\u00f3\u0142 nas dzieje, a o czym tu sobie<br \/>\nm\u00f3wili\u015bmy \u2013 <b>to<br \/>\njest tak\u017ce naszym ratunkiem!<\/b><\/p>\n<\/div>\n<div align=\"justify\" style=\"line-height: 150%; margin-bottom: 0cm; text-indent: 1.25cm;\">\nDlatego,<br \/>\nmoi Drodzy, bro\u0144my tego naszego chrze\u015bcija\u0144skiego stylu, nie<br \/>\nrezygnujmy z niego. Tego nas nauczy\u0142y nasze pobo\u017cne Babcie i nasi<br \/>\nDziadkowie, taki styl wpoili nam nasi Rodzice,<br \/>\nmy za\u015b \u2013 <b>przeka\u017cmy<br \/>\ngo naszym <\/b><b>D<\/b><b>zieciom<br \/>\ni <\/b><b>W<\/b><b>nukom.<br \/>\n<\/b>To<br \/>\nprawda, \u017ce mo\u017cna odnie\u015b\u0107 wra\u017cenie, i\u017c<br \/>\nwielu<br \/>\nludzi \u2013 szczeg\u00f3lnie m\u0142odych \u2013 <b>ju\u017c<br \/>\nrezygnuje z tego stylu.<\/b><br \/>\nDlatego \u2013 zamiast narzekania i biadolenia \u2013 potrzeba naszej<br \/>\nwi\u0119kszej <b>duchowej<br \/>\nmobilizacji,<\/b><br \/>\npotrzeba naszego <b>\u015bwiadectwa<br \/>\ni s\u0142owa zach\u0119ty.<\/b><\/p>\n<\/div>\n<div align=\"justify\" style=\"line-height: 150%; margin-bottom: 0cm; text-indent: 1.25cm;\">\nPotrzeba,<br \/>\naby\u015bmy wzi\u0119li sobie do serca s\u0142owa \u015awi\u0119tego Paw\u0142a, m\u00f3wi\u0105cego<br \/>\ndo nas w drugim dzisiejszym czytaniu, i\u017c skoro <i><b>ukaza\u0142a<br \/>\nsi\u0119 \u0142aska Boga, kt\u00f3ra niesie zbawienie wszystkim ludziom, <\/b><\/i>to<br \/>\ntrzeba, <i><b>aby\u015bmy<br \/>\nwyrzek\u0142szy si\u0119 bezbo\u017cno\u015bci i \u017c\u0105dz \u015bwiatowych rozumnie i<br \/>\nsprawiedliwie, i pobo\u017cnie \u017cyli na tym \u015bwiecie;<\/b><\/i><b><br \/>\n<\/b>by\u015bmy<br \/>\nte\u017c byli \u2013 jak zach\u0119ca Aposto\u0142 \u2013 gorliwi<b><br \/>\n<\/b><i><b>w<br \/>\nspe\u0142nianiu dobrych uczynk\u00f3w.<\/b><\/i><b><br \/>\n<\/b>\n<\/div>\n<div align=\"justify\" style=\"line-height: 150%; margin-bottom: 0cm; text-indent: 1.25cm;\">\nMoi<br \/>\nDrodzy, to jest co prawda kr\u00f3tki, ale naprawd\u0119 m\u0105dry i trafny<br \/>\nprogram chrze\u015bcija\u0144skiego \u017cycia: <i><b>aby\u015bmy<br \/>\nwyrzek\u0142szy si\u0119 bezbo\u017cno\u015bci i \u017c\u0105dz \u015bwiatowych rozumnie i<br \/>\nsprawiedliwie, i pobo\u017cnie \u017cyli na tym \u015bwiecie.<\/b><\/i><b><br \/>\n<\/b>I<br \/>\naby\u015bmy gorliwie <b>spe\u0142niali<br \/>\ndobre uczynki.<\/b><br \/>\nPrzecie\u017c w chrze\u015bcija\u0144stwie<br \/>\ndok\u0142adnie o to w\u0142a\u015bnie chodzi! Niech to b\u0119dzie dla nas <b>program<br \/>\nna \u201epo \u015awi\u0119tach\u201d,<\/b><br \/>\nkiedy ju\u017c powr\u00f3cimy do naszej <b>zwyk\u0142ej<\/b><br \/>\n\u2013 celowo nie u\u017cywam s\u0142owa: <b>szarej<\/b><br \/>\n\u2013 codzienno\u015bci\u2026<\/div>\n<div align=\"justify\" style=\"line-height: 150%; margin-bottom: 0cm; text-indent: 1.25cm;\">\nNiech<br \/>\nrealizacja tego w\u0142a\u015bnie programu b\u0119dzie <b>konkretnym<br \/>\nowocem<\/b><br \/>\nprze\u017cytych \u015awi\u0105t \u2013 <b>\u015awi\u0105t<br \/>\nBo\u017cego Narodzenia.<\/b><br \/>\nI w\u0142a\u015bnie o takie prze\u017cycie tych \u015awi\u0105t chc\u0119 Was teraz prosi\u0107 i<br \/>\njednocze\u015bnie <b>takiego<br \/>\nich prze\u017cywania \u017cyczy\u0107! <\/b>\n<\/div>\n<div align=\"justify\" style=\"line-height: 150%; margin-bottom: 0cm; text-indent: 1.25cm;\">\nKochani,<br \/>\nwszyscy napracowali\u015bcie si\u0119 pot\u0119\u017cnie, \u017ceby te \u015awi\u0119ta<br \/>\nprzygotowa\u0107. Sprz\u0105tanie, gotowanie, pieczenie,<br \/>\nzakupy \u2013 to wszystko <b>zabra\u0142o<br \/>\nWam tyle czasu!<\/b><br \/>\nO pieni\u0105dzach ju\u017c nawet nie wspominaj\u0105c\u2026 Niech to wszystko \u2013<br \/>\nca\u0142y ten wysi\u0142ek, to um\u0119czenie i po\u015bwi\u0119cenie \u2013 b\u0119dzie <b>Waszym<br \/>\ndarem dla Jezusa! <\/b>Zasiadaj\u0105c<br \/>\ndo wsp\u00f3lnego sto\u0142u, spotykaj\u0105c si\u0119 z Rodzin\u0105<br \/>\ni Bliskimi,<br \/>\nsk\u0142adaj\u0105c sobie \u017cyczenia, nie zapominajcie, \u017ce w tych dniach<br \/>\n\u015bwi\u0119tujemy \u2013 co? <b>NARODZENIE<\/b><br \/>\n<b>JEZUSA<\/b><br \/>\n<b>CHRYSTUSA!<\/b><\/p>\n<\/div>\n<div align=\"justify\" style=\"line-height: 150%; margin-bottom: 0cm; text-indent: 1.25cm;\">\nProsz\u0119<br \/>\nWas, nie zapominajcie o tym ani przez chwil\u0119! I niech ten temat<br \/>\npojawi si\u0119 <b>tak\u017ce<br \/>\nw Waszych rozmowach<\/b><br \/>\n\u2013 nie wstyd\u017acie si\u0119 wobec swoich Najbli\u017cszych<br \/>\nwypowiedzie\u0107, a wr\u0119cz cz\u0119sto wypowiada\u0107 tego imienia \u2013 \u015awi\u0119tego<br \/>\nImienia: <b>JEZUS<br \/>\nCHRYSTUS! <\/b>Niech<br \/>\nnie zabraknie wsp\u00f3lnego \u015bpiewu kol\u0119d. Niech nie zabraknie rozmowy<br \/>\nna temat tych zasad i warto\u015bci, kt\u00f3rych uczono nas ju\u017c na<br \/>\nkatechezie i o kt\u00f3rych s\u0142yszymy w ko\u015bciele, a wi\u0119c <b>tych,<br \/>\nkt\u00f3rych sam Jezus naucza w swojej Ewangelii.<\/b><br \/>\nNiech te zasady kszta\u0142tuj\u0105 styl naszego \u017cycia, naszej<br \/>\ncodzienno\u015bci!\n<\/div>\n<div align=\"justify\" style=\"line-height: 150%; margin-bottom: 0cm; text-indent: 1.25cm;\">\nI<br \/>\nniech to \u015bwi\u0119towanie zaowocuje<br \/>\nmo\u017ce <b>chocia\u017c<br \/>\ntroszk\u0119 cz\u0119st<\/b><b>sz\u0105<\/b><b><br \/>\nSpowiedzi<\/b><b>\u0105<br \/>\n\u015awi\u0119t\u0105<\/b><b>,<br \/>\nKomuni<\/b><b>\u0105<\/b><b><br \/>\n\u015awi\u0119<\/b><b>t\u0105<\/b><b>;<\/b><br \/>\nniech spowoduje <b>cz\u0119stsz\u0105<br \/>\ni porz\u0105dniejsz\u0105 modlitw\u0119\u2026<\/b><br \/>\nTylko w ten spos\u00f3b spe\u0142ni\u0105 si\u0119 s\u0142owa, jakie Prorok Izajasz<br \/>\nzapisa\u0142 w or\u0119dziu, kt\u00f3rego przed chwil\u0105 wys\u0142uchali\u015bmy, i\u017c<br \/>\n<i><b>w<\/b><\/i><i><b>ielkie<br \/>\nb\u0119dzie Jego<\/b><\/i><b><br \/>\n<\/b>[czyli<br \/>\nprzychodz\u0105cego Kr\u00f3la] <i><b>panowanie<br \/>\nw pokoju bez granic.<\/b><\/i><b><br \/>\n<\/b>U\u017cyte<br \/>\ntu przez Proroka s\u0142owo: <b>\u201epok\u00f3j\u201d<br \/>\n\u2013 hebrajskie: \u201eszalom\u201d<\/b><br \/>\n\u2013 oznacza: pomy\u015blno\u015b\u0107,<br \/>\ndobrobyt, b\u0142ogos\u0142awie\u0144stwo, szcz\u0119\u015bcie; s\u0142owem \u2013 <b>pe\u0142ni<\/b><b>\u0119<\/b><b><br \/>\nd\u00f3br materialnych i duchowych.<\/b><\/p>\n<\/div>\n<div align=\"justify\" style=\"line-height: 150%; margin-bottom: 0cm; text-indent: 1.25cm;\">\nKochani,<br \/>\nto wszystko mo\u017ce sta\u0107 si\u0119 naszym udzia\u0142em \u2013 naprawd\u0119! Tylko od<br \/>\nnas zale\u017cy, czy tak si\u0119 rzeczywi\u015bcie stanie. Bo<br \/>\nchocia\u017c <b>nie<br \/>\nbrakuje i u nas niema\u0142ych problem\u00f3w;<\/b><br \/>\nchocia\u017c i w naszych rodzinach tyle trudnych spraw i w s\u0105siedztwach<br \/>\ntyle konflikt\u00f3w; i <b>w<br \/>\nrelacjach z <\/b><b>innymi<br \/>\n<\/b><b>lud\u017ami<br \/>\ntyle napi\u0119\u0107, <\/b>zazdro\u015bci,<br \/>\nz\u0142o\u015bliwo\u015bci, a czasami wr\u0119cz otwartej wrogo\u015bci, to jednak ja<br \/>\nosobi\u015bcie jestem pewien, \u017ce <b>dop\u00f3ki<br \/>\nb\u0119d\u0105 sta\u0142y kolejki do konfesjona\u0142\u00f3w<\/b><br \/>\ni dop\u00f3ki<br \/>\nmy, ksi\u0119\u017ca, b\u0119dziemy z nich wychodzi\u0107 z ci\u0119\u017ckim nieraz b\u00f3lem<br \/>\ng\u0142owy po wyspowiadaniu kilkuset<br \/>\nnawet<br \/>\nos\u00f3b; i dok\u0105d na Pasterkach z wype\u0142nionych wiernymi \u015bwi\u0105ty\u0144<br \/>\nb\u0119dzie si\u0119 rozlega\u0142 radosny \u015bpiew: \u201eB\u00f3g si\u0119 rodzi, moc<br \/>\ntruchleje\u2026\u201d \u2013 <b>dot\u0105d<br \/>\nb\u0119dziemy mogli spokojnie wychodzi\u0107 na ulice<\/b><br \/>\ni i\u015b\u0107<br \/>\ndo pracy, do szko\u0142y, czy do ko\u015bcio\u0142a\u2026<\/p>\n<\/div>\n<div align=\"justify\" style=\"line-height: 150%; margin-bottom: 0cm; text-indent: 1.25cm;\">\nI<br \/>\ndok\u0105d <b>b\u0119dzie<br \/>\nu nas BO\u017bE NARODZENIE<\/b><br \/>\n\u2013 dot\u0105d b\u0119dziemy bezpieczni. I dok\u0105d b\u0119dziemy pewnym g\u0142osem,<br \/>\nwyra\u017anie i odwa\u017cnie, wypowiada\u0107 imi\u0119: <b>JEZUS<br \/>\nCHRYSTUS<\/b><br \/>\n\u2013 nie<br \/>\ntylko na Mszy \u015awi\u0119tej lub w trakcie modlitwy, ale te\u017c w<br \/>\ncodziennych mi\u0119dzyludzkich relacjach, kszta\u0142tuj\u0105c w to Imi\u0119 swoj\u0105<br \/>\ncodzienno\u015b\u0107<b><br \/>\n<\/b>\u2013<br \/>\ndot\u0105d mo\u017cemy <b>bez<br \/>\nobaw patrze\u0107 w przysz\u0142o\u015b\u0107.<\/b><\/p>\n<\/div>\n<div align=\"justify\" style=\"line-height: 150%; margin-bottom: 0cm; text-indent: 1.25cm;\">\nBo<br \/>\ntylko On jest nasz\u0105 <b>jedyn\u0105<br \/>\ni niezawodn\u0105 nadziej\u0105!<\/b><br \/>\nI tylko On jest dla nas \u2013 powiedzmy to sobie szczerze \u2013 jedynym<br \/>\nratunkiem: On, Jezus Chrystus, <i><b>Przedziwny<br \/>\nDoradca, B\u00f3g Mocny, Odwieczny Ojciec, Ksi\u0105\u017c\u0119 Pokoju.<\/b><\/i><\/div>\n<div align=\"justify\" style=\"line-height: 150%; margin-bottom: 0cm; text-indent: 1.25cm;\">\nJe\u017celi<br \/>\nz Niego zrezygnujemy, to \u2013 rzeczywi\u015bcie<br \/>\n\u2013 pozostan\u0105<br \/>\nnam ju\u017c<br \/>\ntylko<br \/>\nuzbrojeni<br \/>\n<b>\u017candarmi,<br \/>\nzapory i zasieki. <\/b>I<br \/>\n\u017ca\u0142osny be\u0142kot ludowych przyw\u00f3dc\u00f3w. I ci\u0105g\u0142y strach\u2026\n<\/div>\n<div align=\"justify\" style=\"line-height: 150%; margin-bottom: 0cm; text-indent: 1.25cm;\">\nDlatego<br \/>\nmoje \u017cyczenia, jakie ze szczerego i \u017cyczliwego serca chc\u0119 do Was<br \/>\ndzisiaj skierowa\u0107, s\u0105 bardzo proste: <b>\u017cycz\u0119<br \/>\nWam BO\u017bEGO NARODZENIA!<\/b><\/div>\n<div align=\"justify\" style=\"line-height: 150%; margin-bottom: 0cm; text-indent: 1.25cm;\">\nI<br \/>\nprosz\u0119 Was: nie b\u00f3jcie si\u0119 nikogo i niczego! <b>Tylko<br \/>\nwierzcie w Jezusa!<\/b><\/div>\n","protected":false},"excerpt":{"rendered":"<p>Niech b\u0119dzie pochwalony Jezus Chrystus! Moi Drodzy, jak rok i dwa lata temu, tak i dzisiaj &#8211; zamieszczam s\u0142owo, kt\u00f3re wyg\u0142aszam na Pasterce w ko\u015bciele w Miastkowie. Chc\u0119, by pojawi\u0142o si\u0119 ono na blogu w momencie, kiedy b\u0119dzie si\u0119 rozpoczyna\u0142a ta uroczysta Msza \u015awi\u0119ta, sprawowana na powitanie Bo\u017cego Dzieci\u0105tka &#8211; i aby w\u0142a\u015bnie to s\u0142owo [&hellip;]<\/p>\n","protected":false},"author":1,"featured_media":0,"comment_status":"open","ping_status":"open","sticky":false,"template":"","format":"standard","meta":{"jetpack_post_was_ever_published":false,"_jetpack_newsletter_access":"","_jetpack_dont_email_post_to_subs":false,"_jetpack_newsletter_tier_id":0,"_jetpack_memberships_contains_paywalled_content":false,"_jetpack_memberships_contains_paid_content":false,"footnotes":""},"categories":[1],"tags":[],"class_list":["post-7802","post","type-post","status-publish","format-standard","hentry","category-bez-kategorii"],"yoast_head":"<!-- This site is optimized with the Yoast SEO plugin v25.1 - https:\/\/yoast.com\/wordpress\/plugins\/seo\/ -->\n<title>UWIERZCIE W BO\u017bE NARODZENIE! - Gaudium Et Spes<\/title>\n<meta name=\"robots\" content=\"index, follow, max-snippet:-1, max-image-preview:large, max-video-preview:-1\" \/>\n<link rel=\"canonical\" href=\"https:\/\/gaudiumetspes-blog.pl\/index.php\/2016\/12\/24\/uwierzcie-w-boze-narodzenie\/\" \/>\n<meta property=\"og:locale\" content=\"pl_PL\" \/>\n<meta property=\"og:type\" content=\"article\" \/>\n<meta property=\"og:title\" content=\"UWIERZCIE W BO\u017bE NARODZENIE! - Gaudium Et Spes\" \/>\n<meta property=\"og:description\" content=\"Niech b\u0119dzie pochwalony Jezus Chrystus! Moi Drodzy, jak rok i dwa lata temu, tak i dzisiaj &#8211; zamieszczam s\u0142owo, kt\u00f3re wyg\u0142aszam na Pasterce w ko\u015bciele w Miastkowie. Chc\u0119, by pojawi\u0142o si\u0119 ono na blogu w momencie, kiedy b\u0119dzie si\u0119 rozpoczyna\u0142a ta uroczysta Msza \u015awi\u0119ta, sprawowana na powitanie Bo\u017cego Dzieci\u0105tka &#8211; i aby w\u0142a\u015bnie to s\u0142owo [&hellip;]\" \/>\n<meta property=\"og:url\" content=\"https:\/\/gaudiumetspes-blog.pl\/index.php\/2016\/12\/24\/uwierzcie-w-boze-narodzenie\/\" \/>\n<meta property=\"og:site_name\" content=\"Gaudium Et Spes\" \/>\n<meta property=\"article:published_time\" content=\"2016-12-24T22:01:00+00:00\" \/>\n<meta property=\"article:modified_time\" content=\"2019-07-31T10:56:37+00:00\" \/>\n<meta name=\"author\" content=\"Ks. Jacek\" \/>\n<meta name=\"twitter:card\" content=\"summary_large_image\" \/>\n<meta name=\"twitter:label1\" content=\"Napisane przez\" \/>\n\t<meta name=\"twitter:data1\" content=\"Ks. Jacek\" \/>\n\t<meta name=\"twitter:label2\" content=\"Szacowany czas czytania\" \/>\n\t<meta name=\"twitter:data2\" content=\"19 minut\" \/>\n<script type=\"application\/ld+json\" class=\"yoast-schema-graph\">{\"@context\":\"https:\/\/schema.org\",\"@graph\":[{\"@type\":\"WebPage\",\"@id\":\"https:\/\/gaudiumetspes-blog.pl\/index.php\/2016\/12\/24\/uwierzcie-w-boze-narodzenie\/\",\"url\":\"https:\/\/gaudiumetspes-blog.pl\/index.php\/2016\/12\/24\/uwierzcie-w-boze-narodzenie\/\",\"name\":\"UWIERZCIE W BO\u017bE NARODZENIE! - Gaudium Et Spes\",\"isPartOf\":{\"@id\":\"https:\/\/gaudiumetspes-blog.pl\/#website\"},\"datePublished\":\"2016-12-24T22:01:00+00:00\",\"dateModified\":\"2019-07-31T10:56:37+00:00\",\"author\":{\"@id\":\"https:\/\/gaudiumetspes-blog.pl\/#\/schema\/person\/1661982992b752dea8dff0d4ed845a65\"},\"breadcrumb\":{\"@id\":\"https:\/\/gaudiumetspes-blog.pl\/index.php\/2016\/12\/24\/uwierzcie-w-boze-narodzenie\/#breadcrumb\"},\"inLanguage\":\"pl-PL\",\"potentialAction\":[{\"@type\":\"ReadAction\",\"target\":[\"https:\/\/gaudiumetspes-blog.pl\/index.php\/2016\/12\/24\/uwierzcie-w-boze-narodzenie\/\"]}]},{\"@type\":\"BreadcrumbList\",\"@id\":\"https:\/\/gaudiumetspes-blog.pl\/index.php\/2016\/12\/24\/uwierzcie-w-boze-narodzenie\/#breadcrumb\",\"itemListElement\":[{\"@type\":\"ListItem\",\"position\":1,\"name\":\"Strona g\u0142\u00f3wna\",\"item\":\"https:\/\/gaudiumetspes-blog.pl\/\"},{\"@type\":\"ListItem\",\"position\":2,\"name\":\"UWIERZCIE W&nbsp;BO\u017bE NARODZENIE!\"}]},{\"@type\":\"WebSite\",\"@id\":\"https:\/\/gaudiumetspes-blog.pl\/#website\",\"url\":\"https:\/\/gaudiumetspes-blog.pl\/\",\"name\":\"Gaudium Et Spes\",\"description\":\"Blog Ks. Jacka Ja\u015bkowskiego\",\"potentialAction\":[{\"@type\":\"SearchAction\",\"target\":{\"@type\":\"EntryPoint\",\"urlTemplate\":\"https:\/\/gaudiumetspes-blog.pl\/?s={search_term_string}\"},\"query-input\":{\"@type\":\"PropertyValueSpecification\",\"valueRequired\":true,\"valueName\":\"search_term_string\"}}],\"inLanguage\":\"pl-PL\"},{\"@type\":\"Person\",\"@id\":\"https:\/\/gaudiumetspes-blog.pl\/#\/schema\/person\/1661982992b752dea8dff0d4ed845a65\",\"name\":\"Ks. Jacek\",\"image\":{\"@type\":\"ImageObject\",\"inLanguage\":\"pl-PL\",\"@id\":\"https:\/\/gaudiumetspes-blog.pl\/#\/schema\/person\/image\/\",\"url\":\"https:\/\/gaudiumetspes-blog.pl\/wp-content\/uploads\/2019\/07\/avatar-JJ-150x150.jpg\",\"contentUrl\":\"https:\/\/gaudiumetspes-blog.pl\/wp-content\/uploads\/2019\/07\/avatar-JJ-150x150.jpg\",\"caption\":\"Ks. Jacek\"},\"description\":\"Witam serdecznie! K\u0142ania si\u0119 Ks. Jacek Ja\u015bkowski. Nie jestem ani kim\u015b wa\u017cnym, ani kim\u015b znanym. Jestem ksi\u0119dzem, kt\u00f3ry po prostu chce rozmawia\u0107. Codzienna kap\u0142a\u0144ska pos\u0142uga pokazuje mi, \u017ce temat\u00f3w do rozm\u00f3w z ksi\u0119dzem jest coraz wi\u0119cej i dzisiaj \u017caden ksi\u0105dz nie mo\u017ce od nich ucieka\u0107, ale - wprost przeciwnie - podejmowa\u0107 nowe wyzwania. To przekonanie sk\u0142oni\u0142o mnie do pr\u00f3by otwarcia tego\u017c bloga, chocia\u017c okazji do rozm\u00f3w na co dzie\u0144 - w konfesjonale i poza nim - na szcz\u0119\u015bcie nie brakuje. My\u015bl\u0119 jednak, \u017ce ten blog b\u0119dzie jeszcze jednym sposobem i przestrzeni\u0105 nawi\u0105zania kontaktu z lud\u017ami dobrej woli, otwartymi na dialog.\",\"url\":\"https:\/\/gaudiumetspes-blog.pl\/index.php\/author\/ks-jacek\/\"}]}<\/script>\n<!-- \/ Yoast SEO plugin. -->","yoast_head_json":{"title":"UWIERZCIE W BO\u017bE NARODZENIE! - Gaudium Et Spes","robots":{"index":"index","follow":"follow","max-snippet":"max-snippet:-1","max-image-preview":"max-image-preview:large","max-video-preview":"max-video-preview:-1"},"canonical":"https:\/\/gaudiumetspes-blog.pl\/index.php\/2016\/12\/24\/uwierzcie-w-boze-narodzenie\/","og_locale":"pl_PL","og_type":"article","og_title":"UWIERZCIE W BO\u017bE NARODZENIE! - Gaudium Et Spes","og_description":"Niech b\u0119dzie pochwalony Jezus Chrystus! Moi Drodzy, jak rok i dwa lata temu, tak i dzisiaj &#8211; zamieszczam s\u0142owo, kt\u00f3re wyg\u0142aszam na Pasterce w ko\u015bciele w Miastkowie. Chc\u0119, by pojawi\u0142o si\u0119 ono na blogu w momencie, kiedy b\u0119dzie si\u0119 rozpoczyna\u0142a ta uroczysta Msza \u015awi\u0119ta, sprawowana na powitanie Bo\u017cego Dzieci\u0105tka &#8211; i aby w\u0142a\u015bnie to s\u0142owo [&hellip;]","og_url":"https:\/\/gaudiumetspes-blog.pl\/index.php\/2016\/12\/24\/uwierzcie-w-boze-narodzenie\/","og_site_name":"Gaudium Et Spes","article_published_time":"2016-12-24T22:01:00+00:00","article_modified_time":"2019-07-31T10:56:37+00:00","author":"Ks. Jacek","twitter_card":"summary_large_image","twitter_misc":{"Napisane przez":"Ks. Jacek","Szacowany czas czytania":"19 minut"},"schema":{"@context":"https:\/\/schema.org","@graph":[{"@type":"WebPage","@id":"https:\/\/gaudiumetspes-blog.pl\/index.php\/2016\/12\/24\/uwierzcie-w-boze-narodzenie\/","url":"https:\/\/gaudiumetspes-blog.pl\/index.php\/2016\/12\/24\/uwierzcie-w-boze-narodzenie\/","name":"UWIERZCIE W BO\u017bE NARODZENIE! - Gaudium Et Spes","isPartOf":{"@id":"https:\/\/gaudiumetspes-blog.pl\/#website"},"datePublished":"2016-12-24T22:01:00+00:00","dateModified":"2019-07-31T10:56:37+00:00","author":{"@id":"https:\/\/gaudiumetspes-blog.pl\/#\/schema\/person\/1661982992b752dea8dff0d4ed845a65"},"breadcrumb":{"@id":"https:\/\/gaudiumetspes-blog.pl\/index.php\/2016\/12\/24\/uwierzcie-w-boze-narodzenie\/#breadcrumb"},"inLanguage":"pl-PL","potentialAction":[{"@type":"ReadAction","target":["https:\/\/gaudiumetspes-blog.pl\/index.php\/2016\/12\/24\/uwierzcie-w-boze-narodzenie\/"]}]},{"@type":"BreadcrumbList","@id":"https:\/\/gaudiumetspes-blog.pl\/index.php\/2016\/12\/24\/uwierzcie-w-boze-narodzenie\/#breadcrumb","itemListElement":[{"@type":"ListItem","position":1,"name":"Strona g\u0142\u00f3wna","item":"https:\/\/gaudiumetspes-blog.pl\/"},{"@type":"ListItem","position":2,"name":"UWIERZCIE W&nbsp;BO\u017bE NARODZENIE!"}]},{"@type":"WebSite","@id":"https:\/\/gaudiumetspes-blog.pl\/#website","url":"https:\/\/gaudiumetspes-blog.pl\/","name":"Gaudium Et Spes","description":"Blog Ks. Jacka Ja\u015bkowskiego","potentialAction":[{"@type":"SearchAction","target":{"@type":"EntryPoint","urlTemplate":"https:\/\/gaudiumetspes-blog.pl\/?s={search_term_string}"},"query-input":{"@type":"PropertyValueSpecification","valueRequired":true,"valueName":"search_term_string"}}],"inLanguage":"pl-PL"},{"@type":"Person","@id":"https:\/\/gaudiumetspes-blog.pl\/#\/schema\/person\/1661982992b752dea8dff0d4ed845a65","name":"Ks. Jacek","image":{"@type":"ImageObject","inLanguage":"pl-PL","@id":"https:\/\/gaudiumetspes-blog.pl\/#\/schema\/person\/image\/","url":"https:\/\/gaudiumetspes-blog.pl\/wp-content\/uploads\/2019\/07\/avatar-JJ-150x150.jpg","contentUrl":"https:\/\/gaudiumetspes-blog.pl\/wp-content\/uploads\/2019\/07\/avatar-JJ-150x150.jpg","caption":"Ks. Jacek"},"description":"Witam serdecznie! K\u0142ania si\u0119 Ks. Jacek Ja\u015bkowski. Nie jestem ani kim\u015b wa\u017cnym, ani kim\u015b znanym. Jestem ksi\u0119dzem, kt\u00f3ry po prostu chce rozmawia\u0107. Codzienna kap\u0142a\u0144ska pos\u0142uga pokazuje mi, \u017ce temat\u00f3w do rozm\u00f3w z ksi\u0119dzem jest coraz wi\u0119cej i dzisiaj \u017caden ksi\u0105dz nie mo\u017ce od nich ucieka\u0107, ale - wprost przeciwnie - podejmowa\u0107 nowe wyzwania. To przekonanie sk\u0142oni\u0142o mnie do pr\u00f3by otwarcia tego\u017c bloga, chocia\u017c okazji do rozm\u00f3w na co dzie\u0144 - w konfesjonale i poza nim - na szcz\u0119\u015bcie nie brakuje. My\u015bl\u0119 jednak, \u017ce ten blog b\u0119dzie jeszcze jednym sposobem i przestrzeni\u0105 nawi\u0105zania kontaktu z lud\u017ami dobrej woli, otwartymi na dialog.","url":"https:\/\/gaudiumetspes-blog.pl\/index.php\/author\/ks-jacek\/"}]}},"jetpack_featured_media_url":"","jetpack_sharing_enabled":true,"_links":{"self":[{"href":"https:\/\/gaudiumetspes-blog.pl\/index.php\/wp-json\/wp\/v2\/posts\/7802","targetHints":{"allow":["GET"]}}],"collection":[{"href":"https:\/\/gaudiumetspes-blog.pl\/index.php\/wp-json\/wp\/v2\/posts"}],"about":[{"href":"https:\/\/gaudiumetspes-blog.pl\/index.php\/wp-json\/wp\/v2\/types\/post"}],"author":[{"embeddable":true,"href":"https:\/\/gaudiumetspes-blog.pl\/index.php\/wp-json\/wp\/v2\/users\/1"}],"replies":[{"embeddable":true,"href":"https:\/\/gaudiumetspes-blog.pl\/index.php\/wp-json\/wp\/v2\/comments?post=7802"}],"version-history":[{"count":1,"href":"https:\/\/gaudiumetspes-blog.pl\/index.php\/wp-json\/wp\/v2\/posts\/7802\/revisions"}],"predecessor-version":[{"id":12970,"href":"https:\/\/gaudiumetspes-blog.pl\/index.php\/wp-json\/wp\/v2\/posts\/7802\/revisions\/12970"}],"wp:attachment":[{"href":"https:\/\/gaudiumetspes-blog.pl\/index.php\/wp-json\/wp\/v2\/media?parent=7802"}],"wp:term":[{"taxonomy":"category","embeddable":true,"href":"https:\/\/gaudiumetspes-blog.pl\/index.php\/wp-json\/wp\/v2\/categories?post=7802"},{"taxonomy":"post_tag","embeddable":true,"href":"https:\/\/gaudiumetspes-blog.pl\/index.php\/wp-json\/wp\/v2\/tags?post=7802"}],"curies":[{"name":"wp","href":"https:\/\/api.w.org\/{rel}","templated":true}]}}