{"id":7807,"date":"2016-12-20T05:52:00","date_gmt":"2016-12-20T04:52:00","guid":{"rendered":"https:\/\/gaudiumetspes-blog.pl\/index.php\/2016\/12\/20\/oto-panna-pocznie-i-porodzi-syna\/"},"modified":"2019-07-31T12:56:37","modified_gmt":"2019-07-31T10:56:37","slug":"oto-panna-pocznie-i-porodzi-syna","status":"publish","type":"post","link":"https:\/\/gaudiumetspes-blog.pl\/index.php\/2016\/12\/20\/oto-panna-pocznie-i-porodzi-syna\/","title":{"rendered":"Oto Panna pocznie i porodzi Syna&#8230;"},"content":{"rendered":"<div align=\"justify\" style=\"line-height: 150%; margin-bottom: 0cm;\">\nSzcz\u0119\u015b\u0107 Bo\u017ce! Moi Drodzy, w dniu dzisiejszym<b> imieniny prze\u017cywa Dominik Po\u015bwiata, Prezes S\u0142u\u017cby Liturgicznej w Miastkowie. \u017bycz\u0119 Solenizantowi, aby zawsze w swoim \u017cyciu &#8211; tak, jak Maryja &#8211; dawa\u0142 pierwsze miejsce Jezusowi! I aby pozwala\u0142 si\u0119 Mu prowadzi\u0107! A ja zapewniam o modlitwie!<\/b><\/div>\n<div align=\"justify\" style=\"line-height: 150%; margin-bottom: 0cm;\">\n&nbsp; &nbsp; &nbsp; &nbsp; &nbsp; Moi Drodzy, ponawiam pro\u015bb\u0119 o modlitw\u0119 w intencjach adwentowych, szczeg\u00f3lnie zach\u0119caj\u0105c Wszystkich do intensywnego wo\u0142ania do Pana w intencji tych, kt\u00f3rzy ci\u0105gle jeszcze zwlekaj\u0105 ze swoim spotkanie z Panem, bo &#8211; jak uwa\u017caj\u0105 &#8211; maj\u0105 jeszcze czas&#8230; Oby zrozumieli, \u017ce ten czas jest w\u0142a\u015bnie teraz!<\/div>\n<div align=\"justify\" style=\"line-height: 150%; margin-bottom: 0cm;\">\n&nbsp; &nbsp; &nbsp; &nbsp; I prosz\u0119 o modlitw\u0119 w intencji Ojczyzny. Wczoraj sygna\u0142 TVP zosta\u0142 przerwany w momencie, kiedy w programie &#8222;W tyle wizji&#8221; pokazano nieco prze\u015bmiewcz\u0105 relacj\u0119 z protest\u00f3w pod Sejmem &#8211; w\u0142a\u015bnie w tym momencie zacz\u0119\u0142y p\u0142yn\u0105\u0107 drog\u0105 internetow\u0105 informacje z ca\u0142ej Polski o zablokowaniu sygna\u0142u. No, c\u00f3\u017c&#8230; Dziwnymi &#8222;przypadkami&#8221; pos\u0142uguje si\u0119 liberalna demokracja&#8230; Dziwny to ustr\u00f3j&#8230;<\/div>\n<div align=\"justify\" style=\"line-height: 150%; margin-bottom: 0cm;\">\n&nbsp; &nbsp; &nbsp; &nbsp;Nie tra\u0107my jednak nadziei w Bo\u017c\u0105 pomoc! I w Bo\u017c\u0105 intensywn\u0105 interwencj\u0119, o kt\u00f3rej mowa dzi\u015b te\u017c w rozwa\u017caniu&#8230;<\/div>\n<div align=\"justify\" style=\"line-height: 150%; margin-bottom: 0cm;\">\n&nbsp; &nbsp; &nbsp; &nbsp; &nbsp; &nbsp; &nbsp; &nbsp; &nbsp; &nbsp; &nbsp; &nbsp;Gaudium et spes! &nbsp;Ks. Jacek<\/div>\n<div align=\"justify\" style=\"line-height: 150%; margin-bottom: 0cm;\">\n<b><br \/><\/b><\/div>\n<div align=\"justify\" style=\"line-height: 150%; margin-bottom: 0cm;\">\n<b>20<br \/>\ngrudnia 2016.,<\/b><\/div>\n<div align=\"justify\" style=\"line-height: 150%; margin-bottom: 0cm;\">\n<b>do<br \/>\nczyta\u0144:  Iz 7,10\u201314;  \u0141k 1,26\u201338 <\/b>\n<\/div>\n<div align=\"justify\" style=\"line-height: 150%; margin-bottom: 0cm;\">\n<\/div>\n<div align=\"justify\" style=\"break-before: auto; line-height: 150%; margin-bottom: 0cm;\">\n<b>CZYTANIE<br \/>\nZ KSI\u0118GI PROROKA IZAJASZA: <\/b>\n<\/div>\n<div align=\"justify\" style=\"line-height: 150%; margin-bottom: 0cm; text-indent: 1.24cm;\">\n<b>Pan<br \/>\nprzem\u00f3wi\u0142 do Achaza tymi s\u0142owami: \u201ePro\u015b dla siebie o znak od<br \/>\nPana, Boga twego, czy to g\u0142\u0119boko w Szeolu, czy to wysoko w g\u00f3rze\u201d.<br \/>\nLecz Achaz odpowiedzia\u0142: \u201eNie b\u0119d\u0119 prosi\u0142 i nie b\u0119d\u0119<br \/>\nwystawia\u0142 Pana na pr\u00f3b\u0119\u201d. <\/b>\n<\/div>\n<div align=\"justify\" style=\"line-height: 150%; margin-bottom: 0cm; text-indent: 1.24cm;\">\n<b>Wtedy<br \/>\nrzek\u0142 Izajasz: <\/b>\n<\/div>\n<div align=\"justify\" style=\"line-height: 150%; margin-bottom: 0cm;\">\n\u201e<b>S\u0142uchajcie<br \/>\nwi\u0119c, domu Dawidowy: <\/b>\n<\/div>\n<div align=\"justify\" style=\"line-height: 150%; margin-bottom: 0cm;\">\n<b>Czy\u017c<br \/>\nma\u0142o wam <\/b>\n<\/div>\n<div align=\"justify\" style=\"line-height: 150%; margin-bottom: 0cm;\">\n<b>naprzykrza\u0107<br \/>\nsi\u0119 ludziom, <\/b>\n<\/div>\n<div align=\"justify\" style=\"line-height: 150%; margin-bottom: 0cm;\">\n<b>i\u017c<br \/>\nnaprzykrzacie si\u0119 tak\u017ce mojemu Bogu? <\/b>\n<\/div>\n<div align=\"justify\" style=\"line-height: 150%; margin-bottom: 0cm;\">\n<b>Dlatego<br \/>\nPan sam da wam znak: <\/b>\n<\/div>\n<div align=\"justify\" style=\"line-height: 150%; margin-bottom: 0cm;\">\n<b>Oto<br \/>\nPanna pocznie i porodzi Syna, <\/b>\n<\/div>\n<div align=\"justify\" style=\"line-height: 150%; margin-bottom: 0cm;\">\n<b>i<br \/>\nnazwie Go imieniem Emmanuel\u201d.<\/b><\/div>\n<div align=\"justify\" style=\"line-height: 150%; margin-bottom: 0cm;\">\n<\/div>\n<div align=\"justify\" style=\"line-height: 150%; margin-bottom: 0cm;\">\n<b>S\u0141OWA<br \/>\nEWANGELII WED\u0141UG \u015aWI\u0118TEGO \u0141UKASZA: <\/b>\n<\/div>\n<div align=\"justify\" style=\"line-height: 150%; margin-bottom: 0cm; text-indent: 1.24cm;\">\n<b>B\u00f3g<br \/>\npos\u0142a\u0142 anio\u0142a Gabriela do miasta w Galilei, zwanego Nazaret, do<br \/>\nDziewicy po\u015blubionej m\u0119\u017cowi, imieniem J\u00f3zef, z rodu Dawida; a<br \/>\nDziewicy by\u0142o na imi\u0119 Maryja. <\/b>\n<\/div>\n<div align=\"justify\" style=\"line-height: 150%; margin-bottom: 0cm; text-indent: 1.24cm;\">\n<b>Anio\u0142<br \/>\nwszed\u0142 do Niej i rzek\u0142: \u201eB\u0105d\u017a pozdrowiona, pe\u0142na \u0142aski, Pan z<br \/>\nTob\u0105\u201d. <\/b>\n<\/div>\n<div align=\"justify\" style=\"line-height: 150%; margin-bottom: 0cm; text-indent: 1.24cm;\">\n<b>Ona<br \/>\nzmiesza\u0142a si\u0119 na te s\u0142owa i rozwa\u017ca\u0142a, co mia\u0142oby znaczy\u0107 to<br \/>\npozdrowienie. <\/b>\n<\/div>\n<div align=\"justify\" style=\"line-height: 150%; margin-bottom: 0cm; text-indent: 1.24cm;\">\n<b>Lecz<br \/>\nanio\u0142 rzek\u0142 do Niej: \u201eNie b\u00f3j si\u0119, Maryjo, znalaz\u0142a\u015b bowiem<br \/>\n\u0142ask\u0119 u Boga. Oto poczniesz i porodzisz Syna, kt\u00f3remu nadasz imi\u0119<br \/>\nJezus. B\u0119dzie On wielki i b\u0119dzie nazywany Synem Najwy\u017cszego, a Pan<br \/>\nB\u00f3g da Mu tron Jego ojca, Dawida. B\u0119dzie panowa\u0142 nad domem Jakuba<br \/>\nna wieki, a Jego panowaniu nie b\u0119dzie ko\u0144ca\u201d. <\/b>\n<\/div>\n<div align=\"justify\" style=\"line-height: 150%; margin-bottom: 0cm; text-indent: 1.24cm;\">\n<b>Na<br \/>\nto Maryja rzek\u0142a do anio\u0142a: \u201eJak\u017ce si\u0119 to stanie, skoro nie<br \/>\nznam m\u0119\u017ca?\u201d <\/b>\n<\/div>\n<div align=\"justify\" style=\"line-height: 150%; margin-bottom: 0cm; text-indent: 1.24cm;\">\n<b>Anio\u0142<br \/>\nJej odpowiedzia\u0142: \u201eDuch \u015awi\u0119ty zst\u0105pi na Ciebie i moc<br \/>\nNajwy\u017cszego os\u0142oni Ci\u0119. Dlatego te\u017c \u015awi\u0119te, kt\u00f3re si\u0119<br \/>\nnarodzi, b\u0119dzie nazwane Synem Bo\u017cym. A oto r\u00f3wnie\u017c krewna Twoja,<br \/>\nEl\u017cbieta, pocz\u0119\u0142a w swej staro\u015bci syna i jest ju\u017c w sz\u00f3stym<br \/>\nmiesi\u0105cu ta, kt\u00f3ra uchodzi za niep\u0142odn\u0105. Dla Boga bowiem nie ma<br \/>\nnic niemo\u017cliwego\u201d. <\/b>\n<\/div>\n<div align=\"justify\" style=\"line-height: 150%; margin-bottom: 0cm; text-indent: 1.24cm;\">\n<b>Na<br \/>\nto rzek\u0142a Maryja: \u201eOto ja s\u0142u\u017cebnica Pa\u0144ska, niech mi si\u0119<br \/>\nstanie wed\u0142ug twego s\u0142owa\u201d. Wtedy odszed\u0142 od Niej anio\u0142.<\/b><\/div>\n<div align=\"justify\" style=\"line-height: 150%; margin-bottom: 0cm;\">\n<\/div>\n<div align=\"justify\" style=\"line-height: 150%; margin-bottom: 0cm; page-break-before: auto; text-indent: 1.3cm;\">\nIzajasz<br \/>\nzach\u0119ca Achaza, kr\u00f3la Judy, aby <b>w obliczu zagro\u017cenia<\/b> ze<br \/>\nstrony koalicji syro\u2013efraimskiej, <b>zwr\u00f3ci\u0142 si\u0119 o pomoc do<br \/>\nBoga,<\/b> niejednokrotnie ju\u017c ratuj\u0105cego sw\u00f3j nar\u00f3d od r\u00f3\u017cnych<br \/>\nzagro\u017ce\u0144 i zniewole\u0144, jak cho\u0107by \u2013 z niewoli egipskiej. Kr\u00f3l<br \/>\nAchaz, kt\u00f3ry by\u0142 propagatorem kult\u00f3w poga\u0144skich i kt\u00f3remu z<br \/>\nBogiem nie zawsze by\u0142o \u201epo drodze\u201d, ob\u0142udnie wymawia si\u0119: <i><b>Nie<br \/>\nb\u0119d\u0119 prosi\u0142 i nie b\u0119d\u0119 wystawia\u0142 Pana na pr\u00f3b\u0119,<\/b><\/i><b><br \/>\n<\/b>usi\u0142uj\u0105c<br \/>\npokaza\u0107 w ten spos\u00f3b, \u017ce<br \/>\nnie chce<br \/>\nnara\u017ca\u0107 si\u0119 Bogu i<br \/>\nlekcewa\u017cy\u0107 Go.<\/p>\n<\/div>\n<div align=\"justify\" style=\"line-height: 150%; margin-bottom: 0cm; text-indent: 1.3cm;\">\nW<br \/>\nrzeczywisto\u015bci, nie chcia\u0142 zmienia\u0107 swoich zamiar\u00f3w, bowiem<br \/>\nju\u017c zaplanowa\u0142, \u017ce o<br \/>\npomoc w walce z wrogiem zwr\u00f3ci si\u0119 do kr\u00f3la Asyrii,<br \/>\nTiglat\u2013Pilesera. Pomimo<br \/>\njednak tego ob\u0142udnego t\u0142umaczenia ze<br \/>\nstrony kr\u00f3la,<br \/>\n<b>Prorok<br \/>\nzapowiada znak od Boga.<\/b><br \/>\nZnak ten wype\u0142ni si\u0119 dopiero w przysz\u0142o\u015bci i <b>z<br \/>\ntamtej perspektywy rzuci niejako \u015bwiat\u0142o <\/b>na<br \/>\nte wydarzenia, w kt\u00f3rych Prorok uczestniczy i w kontek\u015bcie kt\u00f3rych<br \/>\nrozmawia z Achazem.\n<\/div>\n<div align=\"justify\" style=\"line-height: 150%; margin-bottom: 0cm; text-indent: 1.3cm;\">\nNatomiast<br \/>\nnie ma w\u0105tpliwo\u015bci, \u017ce zapowiadany znak b\u0119dzie <b>\u015bwiadectwem<br \/>\nwielkiej mocy Boga,<\/b><br \/>\nkt\u00f3ry swoje dzia\u0142anie realizuje w historii. Co za\u015b mia\u0142o sta\u0107<br \/>\nsi\u0119 owym znakiem? Co by\u0142o tym wydarzeniem, kt\u00f3re zapowiada\u0142<br \/>\nIzajasz?\n<\/div>\n<div align=\"justify\" style=\"line-height: 150%; margin-bottom: 0cm; text-indent: 1.3cm;\">\nCzy\u017c<br \/>\nnie to samo, kt\u00f3re zapowiedziane zosta\u0142o, kiedy to <i><b>B\u00f3g<br \/>\npos\u0142a\u0142 anio\u0142a Gabriela do miasta w Galilei, zwanego Nazaret, do<br \/>\nDziewicy po\u015blubionej m\u0119\u017cowi, imieniem J\u00f3zef, z rodu Dawida; a<br \/>\nDziewicy by\u0142o na imi\u0119 Maryja?\u2026<\/b><\/i><b><br \/>\n<\/b>Tak,<br \/>\no tym samym wydarzeniu m\u00f3wimy \u2013<b><br \/>\no cudownym pocz\u0119ciu przez Dziewic\u0119 Syna Bo\u017cego, Jezusa Chrystusa.<\/b><\/p>\n<\/div>\n<div align=\"justify\" style=\"line-height: 150%; margin-bottom: 0cm; text-indent: 1.3cm;\">\nPo<br \/>\nuwa\u017cnym wys\u0142uchaniu obu dzisiejszych tekst\u00f3w biblijnych z<br \/>\npewno\u015bci\u0105 zauwa\u017cymy, jak bardzo podobne s\u0105 do siebie obie<br \/>\nzapowiedzi. W jednym i w drugim bowiem mowa jest <b>o<br \/>\npocz\u0119ciu i porodzeniu przez Niewiast\u0119,<\/b><br \/>\nkt\u00f3ra u Izajasza okre\u015blona jest s\u0142owem <b>\u201ealma\u201d,<\/b><br \/>\noznaczaj\u0105cym dziewczyn\u0119 niezam\u0119\u017cn\u0105, ale zdoln\u0105 do zam\u0105\u017cp\u00f3j\u015bcia,<br \/>\nlub m\u0119\u017catk\u0119, nie b\u0119d\u0105c\u0105 jeszcze matk\u0105; w t\u0142umaczeniu<br \/>\naleksandryjskim z II wieku przed Chrystusem, okre\u015blona<br \/>\ngreckim s\u0142owem <b>\u201eparthenos\u201d,<\/b><br \/>\nczyli <b>\u201edziewica\u201d.<\/b><br \/>\nJak<br \/>\ns\u0142yszymy w Ewangelii, Maryja<br \/>\ntak\u017ce pocz\u0119\u0142a, b\u0119d\u0105c Dziewic\u0105.\n<\/div>\n<div align=\"justify\" style=\"line-height: 150%; margin-bottom: 0cm; text-indent: 1.3cm;\">\nW<br \/>\njednym i w drugim przypadku <b>bardzo<br \/>\nspecyficznie m\u00f3wi si\u0119 o ojcu dziecka,<\/b><br \/>\na konkretnie: u Izajasza <b>nie<br \/>\nma o nim w og\u00f3le mowy,<\/b><br \/>\nw Ewangelii za\u015b Maryja wyra\u017anie o to pyta i otrzymuje odpowied\u017a,<br \/>\ni\u017c wszystko dokona si\u0119 <b>za<br \/>\nspraw\u0105 Ducha \u015awi\u0119tego, <\/b><b>w<br \/>\nmocy Najwy\u017cszego<\/b><b>.<\/b><br \/>\nR\u00f3wnie\u017c <b>imi\u0119<br \/>\nDzieci\u0119cia<\/b><br \/>\nw<br \/>\nobu przypadkach wskazuje<br \/>\nna zbawiaj\u0105c\u0105<br \/>\nobecno\u015b\u0107 Boga w\u015br\u00f3d ludzi.\n<\/div>\n<div align=\"justify\" style=\"line-height: 150%; margin-bottom: 0cm; text-indent: 1.3cm;\">\nWidzimy<br \/>\nzatem, \u017ce <b>osiem<br \/>\nwiek\u00f3w,<\/b><br \/>\ndziel\u0105cych Izajasza od tego dnia, kiedy w Nazarecie mia\u0142o miejsce<br \/>\ncudowne zwiastowanie i cudowne pocz\u0119cie, <b>nie<br \/>\nzmieni\u0142o plan\u00f3w Bo\u017cych<\/b><br \/>\nodno\u015bnie do przyj\u015bcia na \u015bwiat Syna Bo\u017cego. B\u00f3g jest bardzo<br \/>\njednolity w swoich zamierzeniach i postanowieniach \u2013 On <b>w<\/b><b>ytrwale<br \/>\nd\u0105\u017cy<\/b><br \/>\ndo wype\u0142nienia tego wszystkiego, co s\u0142u\u017cy <b>dobru<br \/>\ni zbawieniu cz\u0142owieka.<\/b><\/p>\n<\/div>\n<div align=\"justify\" style=\"line-height: 150%; margin-bottom: 0cm; text-indent: 1.3cm;\">\nNawet<br \/>\nje\u015bli<br \/>\n\u2013<br \/>\nco<br \/>\nte\u017c jest<br \/>\npewnym<br \/>\npodobie\u0144stwem<br \/>\npomi\u0119dzy jedn\u0105 i drug\u0105 zapowiedzi\u0105 \u2013 sam cz\u0142owiek <b>ma<br \/>\npewne problemy z przyj\u0119ciem Bo\u017cej propozycji. <\/b>Naturalnie,<br \/>\nza ka\u017cdym razem te problemy s\u0105 innej natury: w Ksi\u0119dze Izajasza<br \/>\nczytamy <b>o<br \/>\noporze kr\u00f3la Achaza,<\/b><br \/>\nMaryja <b>nie<br \/>\nstawia\u0142a oporu, ale pyta\u0142a,<\/b><br \/>\nszczerze dziel\u0105c si\u0119 swoimi w\u0105tpliwo\u015bciami. Nie da si\u0119 bowiem<br \/>\nzaprzeczy\u0107, \u017ce w jednym i w drugim przypadku zapowied\u017a Bo\u017ca <b>nie<br \/>\nnale\u017ca\u0142a do tych zwyczajnych,<\/b><br \/>\ntradycyjnych, czy jakich\u015b powszednich\u2026\n<\/div>\n<div align=\"justify\" style=\"line-height: 150%; margin-bottom: 0cm; text-indent: 1.3cm;\">\nTo<br \/>\nby\u0142a zapowied\u017a niezwyk\u0142a, oznaczaj\u0105c\u0105 bardzo wyj\u0105tkow\u0105<br \/>\n<b>interwencj\u0119<br \/>\nBoga w histori\u0119 cz\u0142owieka.<\/b><br \/>\nA jednak \u2013 tego w\u0142a\u015bnie B\u00f3g chcia\u0142, gdy\u017c uzna\u0142, \u017ce tylko w<br \/>\nten spos\u00f3b <b>nale\u017cycie<br \/>\nzrealizuje swoje zbawcze plany. <\/b>\n<\/div>\n<div align=\"justify\" style=\"line-height: 150%; margin-bottom: 0cm; text-indent: 1.3cm;\">\nMoi<br \/>\nDrodzy, warto, aby\u015bmy g\u0142\u0119boko wzi\u0119li sobie do serca i przej\u0119li<br \/>\nsi\u0119 t\u0105 prawd\u0105, i\u017c Bogu <b>tak<br \/>\nbardzo zale\u017cy na cz\u0142owieku,<\/b><br \/>\ni\u017c nie waha si\u0119 sta\u0107 si\u0119 w spos\u00f3b wyra\u017any i intensywny<br \/>\n<b>uczestnikiem<br \/>\nhistorii cz\u0142owieka,<\/b><br \/>\naby t\u0119<br \/>\nhistori\u0119<br \/>\nniejako <b>poprowadzi\u0107<\/b><br \/>\nw kierunku dla cz\u0142owieka najlepszym. B\u00f3g nie poczytuje sobie tego<br \/>\nza \u017cadn\u0105 ujm\u0119, i\u017c <b>zni\u017ca<br \/>\nsw\u00f3j majestat do tego stopnia,<\/b><br \/>\n\u017ce staje si\u0119 uczestnikiem losu ludzkiego.\n<\/div>\n<div align=\"justify\" style=\"line-height: 150%; margin-bottom: 0cm; text-indent: 1.3cm;\">\nPrzy<br \/>\nczym, my zwykle m\u00f3wimy o tym uni\u017ceniu si\u0119 Boga <b>w<\/b><br \/>\n<b>kontek\u015bcie<br \/>\nnarodzin Jego Syna,<\/b><br \/>\ndoceniaj\u0105c, i\u017c B\u00f3g zechcia\u0142 by\u0107 Cz\u0142owiekiem. I to jest prawd\u0105.<br \/>\nNie mo\u017cemy jednak zapomnie\u0107, \u017ce to uni\u017cenie Boga, to Jego zej\u015bcie<br \/>\ndo \u015bwiata cz\u0142owieka, dokonywa\u0142o si\u0119 <b>wiele<br \/>\nrazy ju\u017c wcze\u015bniej,<\/b><br \/>\nw<br \/>\ntym tak\u017ce \u2013<br \/>\nw spos\u00f3b bardzo wyj\u0105tkowy \u2013 tamtego pami\u0119tnego dnia w ma\u0142ym<br \/>\ndomku nazareta\u0144skim\u2026<\/div>\n<div align=\"justify\" style=\"line-height: 150%; margin-bottom: 0cm; text-indent: 1.3cm;\">\nOby<br \/>\nB\u00f3g, spiesz\u0105cy na pomoc cz\u0142owiekowi, <b>zawsze<br \/>\nspotyka\u0142 si\u0119 z zainteresowaniem<\/b><br \/>\nze strony samego cz\u0142owieka\u2026 I oby Jego pe\u0142na mi\u0142o\u015bci inicjatywa<br \/>\n<b>spotyka\u0142a<br \/>\nsi\u0119 zawsze z odpowiedzi\u0105<\/b><br \/>\n\u2013 szczer\u0105 i gorliw\u0105\u2026 Czy jednak rzeczywi\u015bcie tak jest?\u2026<\/div>\n<div align=\"justify\" style=\"line-height: 150%; margin-bottom: 0cm; text-indent: 1.3cm;\">\nPomy\u015blmy:<\/div>\n<div align=\"justify\" style=\"line-height: 150%; margin-bottom: 0cm;\">\n\u2013<br \/>\nCzy<br \/>\nmog\u0119 szczerze powiedzie\u0107, \u017ce dzi\u0119ki mojej adwentowej pracy nad<br \/>\nsob\u0105 Jezus sta\u0142 mi si\u0119 chocia\u017c troch\u0119 bli\u017cszy?<\/div>\n<div align=\"justify\" style=\"line-height: 150%; margin-bottom: 0cm;\">\n\u2013<br \/>\nJak<br \/>\nwygl\u0105da realizacja adwentowego postanowienia?<\/div>\n<div align=\"justify\" style=\"line-height: 150%; margin-bottom: 0cm;\">\n\u2013<br \/>\nCo<br \/>\nzamierzam zrobi\u0107, aby zbli\u017caj\u0105ce si\u0119 \u015awi\u0119ta by\u0142y \u201eprze\u017cyte\u201d,<br \/>\na nie jedynie \u201eprze\u017cute\u201d, lub \u201esp\u0119dzone\u201d?<\/div>\n<p><\/p>\n<div align=\"justify\" style=\"line-height: 150%; margin-bottom: 0cm;\">\n<i><b>Oto<br \/>\nja s\u0142u\u017cebnica Pa\u0144ska, niech mi si\u0119 stanie wed\u0142ug twego s\u0142owa!<\/b><\/i><\/div>\n","protected":false},"excerpt":{"rendered":"<p>Szcz\u0119\u015b\u0107 Bo\u017ce! Moi Drodzy, w dniu dzisiejszym imieniny prze\u017cywa Dominik Po\u015bwiata, Prezes S\u0142u\u017cby Liturgicznej w Miastkowie. \u017bycz\u0119 Solenizantowi, aby zawsze w swoim \u017cyciu &#8211; tak, jak Maryja &#8211; dawa\u0142 pierwsze miejsce Jezusowi! I aby pozwala\u0142 si\u0119 Mu prowadzi\u0107! A ja zapewniam o modlitwie! &nbsp; &nbsp; &nbsp; &nbsp; &nbsp; Moi Drodzy, ponawiam pro\u015bb\u0119 o modlitw\u0119 w [&hellip;]<\/p>\n","protected":false},"author":1,"featured_media":0,"comment_status":"open","ping_status":"open","sticky":false,"template":"","format":"standard","meta":{"jetpack_post_was_ever_published":false,"_jetpack_newsletter_access":"","_jetpack_dont_email_post_to_subs":false,"_jetpack_newsletter_tier_id":0,"_jetpack_memberships_contains_paywalled_content":false,"_jetpack_memberships_contains_paid_content":false,"footnotes":""},"categories":[1],"tags":[],"class_list":["post-7807","post","type-post","status-publish","format-standard","hentry","category-bez-kategorii"],"yoast_head":"<!-- This site is optimized with the Yoast SEO plugin v25.1 - https:\/\/yoast.com\/wordpress\/plugins\/seo\/ -->\n<title>Oto Panna pocznie i porodzi Syna... - Gaudium Et Spes<\/title>\n<meta name=\"robots\" content=\"index, follow, max-snippet:-1, max-image-preview:large, max-video-preview:-1\" \/>\n<link rel=\"canonical\" href=\"https:\/\/gaudiumetspes-blog.pl\/index.php\/2016\/12\/20\/oto-panna-pocznie-i-porodzi-syna\/\" \/>\n<meta property=\"og:locale\" content=\"pl_PL\" \/>\n<meta property=\"og:type\" content=\"article\" \/>\n<meta property=\"og:title\" content=\"Oto Panna pocznie i porodzi Syna... - Gaudium Et Spes\" \/>\n<meta property=\"og:description\" content=\"Szcz\u0119\u015b\u0107 Bo\u017ce! Moi Drodzy, w dniu dzisiejszym imieniny prze\u017cywa Dominik Po\u015bwiata, Prezes S\u0142u\u017cby Liturgicznej w Miastkowie. \u017bycz\u0119 Solenizantowi, aby zawsze w swoim \u017cyciu &#8211; tak, jak Maryja &#8211; dawa\u0142 pierwsze miejsce Jezusowi! I aby pozwala\u0142 si\u0119 Mu prowadzi\u0107! A ja zapewniam o modlitwie! &nbsp; &nbsp; &nbsp; &nbsp; &nbsp; Moi Drodzy, ponawiam pro\u015bb\u0119 o modlitw\u0119 w [&hellip;]\" \/>\n<meta property=\"og:url\" content=\"https:\/\/gaudiumetspes-blog.pl\/index.php\/2016\/12\/20\/oto-panna-pocznie-i-porodzi-syna\/\" \/>\n<meta property=\"og:site_name\" content=\"Gaudium Et Spes\" \/>\n<meta property=\"article:published_time\" content=\"2016-12-20T04:52:00+00:00\" \/>\n<meta property=\"article:modified_time\" content=\"2019-07-31T10:56:37+00:00\" \/>\n<meta name=\"author\" content=\"Ks. Jacek\" \/>\n<meta name=\"twitter:card\" content=\"summary_large_image\" \/>\n<meta name=\"twitter:label1\" content=\"Napisane przez\" \/>\n\t<meta name=\"twitter:data1\" content=\"Ks. Jacek\" \/>\n\t<meta name=\"twitter:label2\" content=\"Szacowany czas czytania\" \/>\n\t<meta name=\"twitter:data2\" content=\"7 minut\" \/>\n<script type=\"application\/ld+json\" class=\"yoast-schema-graph\">{\"@context\":\"https:\/\/schema.org\",\"@graph\":[{\"@type\":\"WebPage\",\"@id\":\"https:\/\/gaudiumetspes-blog.pl\/index.php\/2016\/12\/20\/oto-panna-pocznie-i-porodzi-syna\/\",\"url\":\"https:\/\/gaudiumetspes-blog.pl\/index.php\/2016\/12\/20\/oto-panna-pocznie-i-porodzi-syna\/\",\"name\":\"Oto Panna pocznie i porodzi Syna... - Gaudium Et Spes\",\"isPartOf\":{\"@id\":\"https:\/\/gaudiumetspes-blog.pl\/#website\"},\"datePublished\":\"2016-12-20T04:52:00+00:00\",\"dateModified\":\"2019-07-31T10:56:37+00:00\",\"author\":{\"@id\":\"https:\/\/gaudiumetspes-blog.pl\/#\/schema\/person\/1661982992b752dea8dff0d4ed845a65\"},\"breadcrumb\":{\"@id\":\"https:\/\/gaudiumetspes-blog.pl\/index.php\/2016\/12\/20\/oto-panna-pocznie-i-porodzi-syna\/#breadcrumb\"},\"inLanguage\":\"pl-PL\",\"potentialAction\":[{\"@type\":\"ReadAction\",\"target\":[\"https:\/\/gaudiumetspes-blog.pl\/index.php\/2016\/12\/20\/oto-panna-pocznie-i-porodzi-syna\/\"]}]},{\"@type\":\"BreadcrumbList\",\"@id\":\"https:\/\/gaudiumetspes-blog.pl\/index.php\/2016\/12\/20\/oto-panna-pocznie-i-porodzi-syna\/#breadcrumb\",\"itemListElement\":[{\"@type\":\"ListItem\",\"position\":1,\"name\":\"Strona g\u0142\u00f3wna\",\"item\":\"https:\/\/gaudiumetspes-blog.pl\/\"},{\"@type\":\"ListItem\",\"position\":2,\"name\":\"Oto Panna pocznie i&nbsp;porodzi Syna&#8230;\"}]},{\"@type\":\"WebSite\",\"@id\":\"https:\/\/gaudiumetspes-blog.pl\/#website\",\"url\":\"https:\/\/gaudiumetspes-blog.pl\/\",\"name\":\"Gaudium Et Spes\",\"description\":\"Blog Ks. Jacka Ja\u015bkowskiego\",\"potentialAction\":[{\"@type\":\"SearchAction\",\"target\":{\"@type\":\"EntryPoint\",\"urlTemplate\":\"https:\/\/gaudiumetspes-blog.pl\/?s={search_term_string}\"},\"query-input\":{\"@type\":\"PropertyValueSpecification\",\"valueRequired\":true,\"valueName\":\"search_term_string\"}}],\"inLanguage\":\"pl-PL\"},{\"@type\":\"Person\",\"@id\":\"https:\/\/gaudiumetspes-blog.pl\/#\/schema\/person\/1661982992b752dea8dff0d4ed845a65\",\"name\":\"Ks. Jacek\",\"image\":{\"@type\":\"ImageObject\",\"inLanguage\":\"pl-PL\",\"@id\":\"https:\/\/gaudiumetspes-blog.pl\/#\/schema\/person\/image\/\",\"url\":\"https:\/\/gaudiumetspes-blog.pl\/wp-content\/uploads\/2019\/07\/avatar-JJ-150x150.jpg\",\"contentUrl\":\"https:\/\/gaudiumetspes-blog.pl\/wp-content\/uploads\/2019\/07\/avatar-JJ-150x150.jpg\",\"caption\":\"Ks. Jacek\"},\"description\":\"Witam serdecznie! K\u0142ania si\u0119 Ks. Jacek Ja\u015bkowski. Nie jestem ani kim\u015b wa\u017cnym, ani kim\u015b znanym. Jestem ksi\u0119dzem, kt\u00f3ry po prostu chce rozmawia\u0107. Codzienna kap\u0142a\u0144ska pos\u0142uga pokazuje mi, \u017ce temat\u00f3w do rozm\u00f3w z ksi\u0119dzem jest coraz wi\u0119cej i dzisiaj \u017caden ksi\u0105dz nie mo\u017ce od nich ucieka\u0107, ale - wprost przeciwnie - podejmowa\u0107 nowe wyzwania. To przekonanie sk\u0142oni\u0142o mnie do pr\u00f3by otwarcia tego\u017c bloga, chocia\u017c okazji do rozm\u00f3w na co dzie\u0144 - w konfesjonale i poza nim - na szcz\u0119\u015bcie nie brakuje. My\u015bl\u0119 jednak, \u017ce ten blog b\u0119dzie jeszcze jednym sposobem i przestrzeni\u0105 nawi\u0105zania kontaktu z lud\u017ami dobrej woli, otwartymi na dialog.\",\"url\":\"https:\/\/gaudiumetspes-blog.pl\/index.php\/author\/ks-jacek\/\"}]}<\/script>\n<!-- \/ Yoast SEO plugin. -->","yoast_head_json":{"title":"Oto Panna pocznie i porodzi Syna... - Gaudium Et Spes","robots":{"index":"index","follow":"follow","max-snippet":"max-snippet:-1","max-image-preview":"max-image-preview:large","max-video-preview":"max-video-preview:-1"},"canonical":"https:\/\/gaudiumetspes-blog.pl\/index.php\/2016\/12\/20\/oto-panna-pocznie-i-porodzi-syna\/","og_locale":"pl_PL","og_type":"article","og_title":"Oto Panna pocznie i porodzi Syna... - Gaudium Et Spes","og_description":"Szcz\u0119\u015b\u0107 Bo\u017ce! Moi Drodzy, w dniu dzisiejszym imieniny prze\u017cywa Dominik Po\u015bwiata, Prezes S\u0142u\u017cby Liturgicznej w Miastkowie. \u017bycz\u0119 Solenizantowi, aby zawsze w swoim \u017cyciu &#8211; tak, jak Maryja &#8211; dawa\u0142 pierwsze miejsce Jezusowi! I aby pozwala\u0142 si\u0119 Mu prowadzi\u0107! A ja zapewniam o modlitwie! &nbsp; &nbsp; &nbsp; &nbsp; &nbsp; Moi Drodzy, ponawiam pro\u015bb\u0119 o modlitw\u0119 w [&hellip;]","og_url":"https:\/\/gaudiumetspes-blog.pl\/index.php\/2016\/12\/20\/oto-panna-pocznie-i-porodzi-syna\/","og_site_name":"Gaudium Et Spes","article_published_time":"2016-12-20T04:52:00+00:00","article_modified_time":"2019-07-31T10:56:37+00:00","author":"Ks. Jacek","twitter_card":"summary_large_image","twitter_misc":{"Napisane przez":"Ks. Jacek","Szacowany czas czytania":"7 minut"},"schema":{"@context":"https:\/\/schema.org","@graph":[{"@type":"WebPage","@id":"https:\/\/gaudiumetspes-blog.pl\/index.php\/2016\/12\/20\/oto-panna-pocznie-i-porodzi-syna\/","url":"https:\/\/gaudiumetspes-blog.pl\/index.php\/2016\/12\/20\/oto-panna-pocznie-i-porodzi-syna\/","name":"Oto Panna pocznie i porodzi Syna... - Gaudium Et Spes","isPartOf":{"@id":"https:\/\/gaudiumetspes-blog.pl\/#website"},"datePublished":"2016-12-20T04:52:00+00:00","dateModified":"2019-07-31T10:56:37+00:00","author":{"@id":"https:\/\/gaudiumetspes-blog.pl\/#\/schema\/person\/1661982992b752dea8dff0d4ed845a65"},"breadcrumb":{"@id":"https:\/\/gaudiumetspes-blog.pl\/index.php\/2016\/12\/20\/oto-panna-pocznie-i-porodzi-syna\/#breadcrumb"},"inLanguage":"pl-PL","potentialAction":[{"@type":"ReadAction","target":["https:\/\/gaudiumetspes-blog.pl\/index.php\/2016\/12\/20\/oto-panna-pocznie-i-porodzi-syna\/"]}]},{"@type":"BreadcrumbList","@id":"https:\/\/gaudiumetspes-blog.pl\/index.php\/2016\/12\/20\/oto-panna-pocznie-i-porodzi-syna\/#breadcrumb","itemListElement":[{"@type":"ListItem","position":1,"name":"Strona g\u0142\u00f3wna","item":"https:\/\/gaudiumetspes-blog.pl\/"},{"@type":"ListItem","position":2,"name":"Oto Panna pocznie i&nbsp;porodzi Syna&#8230;"}]},{"@type":"WebSite","@id":"https:\/\/gaudiumetspes-blog.pl\/#website","url":"https:\/\/gaudiumetspes-blog.pl\/","name":"Gaudium Et Spes","description":"Blog Ks. Jacka Ja\u015bkowskiego","potentialAction":[{"@type":"SearchAction","target":{"@type":"EntryPoint","urlTemplate":"https:\/\/gaudiumetspes-blog.pl\/?s={search_term_string}"},"query-input":{"@type":"PropertyValueSpecification","valueRequired":true,"valueName":"search_term_string"}}],"inLanguage":"pl-PL"},{"@type":"Person","@id":"https:\/\/gaudiumetspes-blog.pl\/#\/schema\/person\/1661982992b752dea8dff0d4ed845a65","name":"Ks. Jacek","image":{"@type":"ImageObject","inLanguage":"pl-PL","@id":"https:\/\/gaudiumetspes-blog.pl\/#\/schema\/person\/image\/","url":"https:\/\/gaudiumetspes-blog.pl\/wp-content\/uploads\/2019\/07\/avatar-JJ-150x150.jpg","contentUrl":"https:\/\/gaudiumetspes-blog.pl\/wp-content\/uploads\/2019\/07\/avatar-JJ-150x150.jpg","caption":"Ks. Jacek"},"description":"Witam serdecznie! K\u0142ania si\u0119 Ks. Jacek Ja\u015bkowski. Nie jestem ani kim\u015b wa\u017cnym, ani kim\u015b znanym. Jestem ksi\u0119dzem, kt\u00f3ry po prostu chce rozmawia\u0107. Codzienna kap\u0142a\u0144ska pos\u0142uga pokazuje mi, \u017ce temat\u00f3w do rozm\u00f3w z ksi\u0119dzem jest coraz wi\u0119cej i dzisiaj \u017caden ksi\u0105dz nie mo\u017ce od nich ucieka\u0107, ale - wprost przeciwnie - podejmowa\u0107 nowe wyzwania. To przekonanie sk\u0142oni\u0142o mnie do pr\u00f3by otwarcia tego\u017c bloga, chocia\u017c okazji do rozm\u00f3w na co dzie\u0144 - w konfesjonale i poza nim - na szcz\u0119\u015bcie nie brakuje. My\u015bl\u0119 jednak, \u017ce ten blog b\u0119dzie jeszcze jednym sposobem i przestrzeni\u0105 nawi\u0105zania kontaktu z lud\u017ami dobrej woli, otwartymi na dialog.","url":"https:\/\/gaudiumetspes-blog.pl\/index.php\/author\/ks-jacek\/"}]}},"jetpack_featured_media_url":"","jetpack_sharing_enabled":true,"_links":{"self":[{"href":"https:\/\/gaudiumetspes-blog.pl\/index.php\/wp-json\/wp\/v2\/posts\/7807","targetHints":{"allow":["GET"]}}],"collection":[{"href":"https:\/\/gaudiumetspes-blog.pl\/index.php\/wp-json\/wp\/v2\/posts"}],"about":[{"href":"https:\/\/gaudiumetspes-blog.pl\/index.php\/wp-json\/wp\/v2\/types\/post"}],"author":[{"embeddable":true,"href":"https:\/\/gaudiumetspes-blog.pl\/index.php\/wp-json\/wp\/v2\/users\/1"}],"replies":[{"embeddable":true,"href":"https:\/\/gaudiumetspes-blog.pl\/index.php\/wp-json\/wp\/v2\/comments?post=7807"}],"version-history":[{"count":1,"href":"https:\/\/gaudiumetspes-blog.pl\/index.php\/wp-json\/wp\/v2\/posts\/7807\/revisions"}],"predecessor-version":[{"id":12959,"href":"https:\/\/gaudiumetspes-blog.pl\/index.php\/wp-json\/wp\/v2\/posts\/7807\/revisions\/12959"}],"wp:attachment":[{"href":"https:\/\/gaudiumetspes-blog.pl\/index.php\/wp-json\/wp\/v2\/media?parent=7807"}],"wp:term":[{"taxonomy":"category","embeddable":true,"href":"https:\/\/gaudiumetspes-blog.pl\/index.php\/wp-json\/wp\/v2\/categories?post=7807"},{"taxonomy":"post_tag","embeddable":true,"href":"https:\/\/gaudiumetspes-blog.pl\/index.php\/wp-json\/wp\/v2\/tags?post=7807"}],"curies":[{"name":"wp","href":"https:\/\/api.w.org\/{rel}","templated":true}]}}