{"id":7821,"date":"2016-12-06T05:04:00","date_gmt":"2016-12-06T04:04:00","guid":{"rendered":"https:\/\/gaudiumetspes-blog.pl\/index.php\/2016\/12\/06\/wtedy-sie-chwaa-pana-objawi\/"},"modified":"2019-07-31T12:56:36","modified_gmt":"2019-07-31T10:56:36","slug":"wtedy-sie-chwaa-pana-objawi","status":"publish","type":"post","link":"https:\/\/gaudiumetspes-blog.pl\/index.php\/2016\/12\/06\/wtedy-sie-chwaa-pana-objawi\/","title":{"rendered":"Wtedy si\u0119 chwa\u0142a Pana objawi!"},"content":{"rendered":"<div align=\"justify\" style=\"line-height: 150%; margin-bottom: 0cm;\">\nSzcz\u0119\u015b\u0107 Bo\u017ce! Moi Drodzy, w dniu dzisiejszym<b> imieniny prze\u017cywa Ksi\u0105dz Miko\u0142aj Czernecki, za czas\u00f3w mojego pierwszego wikariatu: m\u00f3j Ucze\u0144 w Technikum, w Radory\u017cu Smolanym. Urodziny natomiast prze\u017cywaj\u0105: Joanna Zawadka, z domu: Szubi\u0144ska, oraz Hubert Maksymiuk &#8211; oboje nale\u017c\u0105cy w swoim czasie do Wsp\u00f3lnot m\u0142odzie\u017cowych. Urodziny tak\u017ce prze\u017cywa Ksi\u0105dz Adam Potapczuk &#8211; Wikariusz w Miastkowie Ko\u015bcielnym.<\/b><br \/>\n<b>&nbsp; &nbsp; &nbsp; &nbsp; &nbsp;Wszystkim \u015awi\u0119tuj\u0105cym dzisiaj \u017cycz\u0119, aby w ka\u017cdej chwili swego \u017cycia bardzo wyra\u017anie i wprost do\u015bwiadczali Bo\u017cej troski i opieki nad sob\u0105. I o to b\u0119d\u0119 si\u0119 dla Nich modli\u0142.<\/b><\/div>\n<div align=\"justify\" style=\"line-height: 150%; margin-bottom: 0cm;\">\n&nbsp; &nbsp; &nbsp; &nbsp; &nbsp;Moi Drodzy, w Miastkowie ko\u0144cz\u0105 si\u0119 dzi\u015b rekolekcje, w Surgucie jeszcze potrwaj\u0105. Trwaj\u0105 te\u017c w wielu innych naszych Parafiach. Niech to b\u0119dzie b\u0142ogos\u0142awiony i dobry czas. I niech owocuje! O to te\u017c zechciejmy si\u0119 modli\u0107.<\/div>\n<div align=\"justify\" style=\"line-height: 150%; margin-bottom: 0cm;\">\n&nbsp; &nbsp; &nbsp; &nbsp; &nbsp; &nbsp; Pozdrawiam z Miastkowa!<\/div>\n<div align=\"justify\" style=\"line-height: 150%; margin-bottom: 0cm;\">\n&nbsp; &nbsp; &nbsp; &nbsp; &nbsp; &nbsp; &nbsp; &nbsp; &nbsp; &nbsp; &nbsp; &nbsp; &nbsp; &nbsp; &nbsp; &nbsp; &nbsp; &nbsp; &nbsp; &nbsp; &nbsp; &nbsp; &nbsp; &nbsp; Gaudium et spes! &nbsp;Ks. Jacek<\/div>\n<div align=\"justify\" style=\"line-height: 150%; margin-bottom: 0cm;\">\n<b><br \/><\/b><\/div>\n<div align=\"justify\" style=\"line-height: 150%; margin-bottom: 0cm;\">\n<b>Wtorek<br \/>\n2 Tygodnia Adwentu,<\/b><\/div>\n<div align=\"justify\" style=\"line-height: 150%; margin-bottom: 0cm;\">\n<b>do<br \/>\nczyta\u0144:  Iz 40,1\u201311;  Mt 18,12\u201314<\/b><\/div>\n<div align=\"justify\" style=\"line-height: 150%; margin-bottom: 0cm;\">\n<\/div>\n<div align=\"justify\" style=\"line-height: 150%; margin-bottom: 0cm;\">\n<b>CZYTANIE<br \/>\nZ KSI\u0118GI PROROKA IZAJASZA:<\/b><\/div>\n<div align=\"justify\" style=\"line-height: 150%; margin-bottom: 0cm;\">\n\u201e<b>Pocieszcie,<br \/>\npocieszcie m\u00f3j lud! <\/b>\n<\/div>\n<div align=\"justify\" style=\"line-height: 150%; margin-bottom: 0cm;\">\n<b>m\u00f3wi<br \/>\nwasz B\u00f3g. <\/b>\n<\/div>\n<div align=\"justify\" style=\"line-height: 150%; margin-bottom: 0cm;\">\n\u201e<b>Przemawiajcie<br \/>\ndo serca Jeruzalem <\/b>\n<\/div>\n<div align=\"justify\" style=\"line-height: 150%; margin-bottom: 0cm;\">\n<b>i<br \/>\nwo\u0142ajcie do niego, <\/b>\n<\/div>\n<div align=\"justify\" style=\"line-height: 150%; margin-bottom: 0cm;\">\n<b>\u017ce<br \/>\nczas jego s\u0142u\u017cby si\u0119 sko\u0144czy\u0142, <\/b>\n<\/div>\n<div align=\"justify\" style=\"line-height: 150%; margin-bottom: 0cm;\">\n<b>\u017ce<br \/>\nnieprawo\u015b\u0107 jego odpokutowana, <\/b>\n<\/div>\n<div align=\"justify\" style=\"line-height: 150%; margin-bottom: 0cm;\">\n<b>bo<br \/>\nodebra\u0142o z r\u0119ki Pana kar\u0119 w dw\u00f3jnas\u00f3b <\/b>\n<\/div>\n<div align=\"justify\" style=\"line-height: 150%; margin-bottom: 0cm;\">\n<b>za<br \/>\nwszystkie swe grzechy\u201d. <\/b>\n<\/div>\n<div align=\"justify\" style=\"line-height: 150%; margin-bottom: 0cm;\">\n<b>G\u0142os<br \/>\nsi\u0119 rozlega: <\/b>\n<\/div>\n<div align=\"justify\" style=\"line-height: 150%; margin-bottom: 0cm;\">\n\u201e<b>Przygotujcie<br \/>\nna pustyni drog\u0119 dla Pana, <\/b>\n<\/div>\n<div align=\"justify\" style=\"line-height: 150%; margin-bottom: 0cm;\">\n<b>wyr\u00f3wnajcie<br \/>\nna pustkowiu <\/b>\n<\/div>\n<div align=\"justify\" style=\"line-height: 150%; margin-bottom: 0cm;\">\n<b>go\u015bciniec<br \/>\nnaszemu Bogu! <\/b>\n<\/div>\n<div align=\"justify\" style=\"line-height: 150%; margin-bottom: 0cm;\">\n<b>Niech<br \/>\nsi\u0119 podnios\u0105 wszystkie doliny, <\/b>\n<\/div>\n<div align=\"justify\" style=\"line-height: 150%; margin-bottom: 0cm;\">\n<b>a<br \/>\nwszystkie g\u00f3ry i wzg\u00f3rza obni\u017c\u0105; <\/b>\n<\/div>\n<div align=\"justify\" style=\"line-height: 150%; margin-bottom: 0cm;\">\n<b>r\u00f3wnin\u0105<br \/>\nniechaj si\u0119 stan\u0105 urwiska, <\/b>\n<\/div>\n<div align=\"justify\" style=\"line-height: 150%; margin-bottom: 0cm;\">\n<b>a<br \/>\nstrome zbocza nizin\u0105 g\u0142adk\u0105. <\/b>\n<\/div>\n<div align=\"justify\" style=\"line-height: 150%; margin-bottom: 0cm;\">\n<b>Wtedy<br \/>\nsi\u0119 chwa\u0142a Pana objawi, <\/b>\n<\/div>\n<div align=\"justify\" style=\"line-height: 150%; margin-bottom: 0cm;\">\n<b>zobaczy<br \/>\nj\u0105 wszelkie cia\u0142o, <\/b>\n<\/div>\n<div align=\"justify\" style=\"line-height: 150%; margin-bottom: 0cm;\">\n<b>bo<br \/>\npowiedzia\u0142y to usta Pana\u201d. <\/b>\n<\/div>\n<div align=\"justify\" style=\"line-height: 150%; margin-bottom: 0cm;\">\n<b>G\u0142os<br \/>\nsi\u0119 odzywa: \u201eWo\u0142aj!\u201d \u2013 <\/b>\n<\/div>\n<div align=\"justify\" style=\"line-height: 150%; margin-bottom: 0cm;\">\n<b>I<br \/>\nrzek\u0142em: \u201eCo mam wo\u0142a\u0107?\u201d \u2013 <\/b>\n<\/div>\n<div align=\"justify\" style=\"line-height: 150%; margin-bottom: 0cm;\">\n\u201e<b>Wszelkie<br \/>\ncia\u0142o to jakby trawa, <\/b>\n<\/div>\n<div align=\"justify\" style=\"line-height: 150%; margin-bottom: 0cm;\">\n<b>a<br \/>\nca\u0142y wdzi\u0119k jego jest niby kwiat polny. <\/b>\n<\/div>\n<div align=\"justify\" style=\"line-height: 150%; margin-bottom: 0cm;\">\n<b>Trawa<br \/>\nusycha, wi\u0119dnie kwiat, <\/b>\n<\/div>\n<div align=\"justify\" style=\"line-height: 150%; margin-bottom: 0cm;\">\n<b>gdy<br \/>\nna nie wiatr Pana powieje. <\/b>\n<\/div>\n<div align=\"justify\" style=\"line-height: 150%; margin-bottom: 0cm;\">\n<b>Prawdziwie<br \/>\ntraw\u0105 jest nar\u00f3d. <\/b>\n<\/div>\n<div align=\"justify\" style=\"line-height: 150%; margin-bottom: 0cm;\">\n<b>Trawa<br \/>\nusycha, wi\u0119dnie kwiat, <\/b>\n<\/div>\n<div align=\"justify\" style=\"line-height: 150%; margin-bottom: 0cm;\">\n<b>lecz<br \/>\ns\u0142owo Boga naszego trwa na wieki\u201d. <\/b>\n<\/div>\n<div align=\"justify\" style=\"line-height: 150%; margin-bottom: 0cm;\">\n<b>Wst\u0105p\u017ce<br \/>\nna wysok\u0105 g\u00f3r\u0119, <\/b>\n<\/div>\n<div align=\"justify\" style=\"line-height: 150%; margin-bottom: 0cm;\">\n<b>zwiastunko<br \/>\ndobrej nowiny w Syjonie! <\/b>\n<\/div>\n<div align=\"justify\" style=\"line-height: 150%; margin-bottom: 0cm;\">\n<b>Podnie\u015b<br \/>\nmocno tw\u00f3j g\u0142os, <\/b>\n<\/div>\n<div align=\"justify\" style=\"line-height: 150%; margin-bottom: 0cm;\">\n<b>zwiastunko<br \/>\ndobrej nowiny w Jeruzalem! <\/b>\n<\/div>\n<div align=\"justify\" style=\"line-height: 150%; margin-bottom: 0cm;\">\n<b>Podnie\u015b<br \/>\ng\u0142os, nie b\u00f3j si\u0119! <\/b>\n<\/div>\n<div align=\"justify\" style=\"line-height: 150%; margin-bottom: 0cm;\">\n<b>Powiedz<br \/>\nmiastom judzkim: <\/b>\n<\/div>\n<div align=\"justify\" style=\"line-height: 150%; margin-bottom: 0cm;\">\n\u201e<b>Oto<br \/>\nwasz B\u00f3g!\u201d <\/b>\n<\/div>\n<div align=\"justify\" style=\"line-height: 150%; margin-bottom: 0cm;\">\n<b>Oto<br \/>\nPan, B\u00f3g, przychodzi z moc\u0105 <\/b>\n<\/div>\n<div align=\"justify\" style=\"line-height: 150%; margin-bottom: 0cm;\">\n<b>i<br \/>\nrami\u0119 Jego dzier\u017cy w\u0142adz\u0119. <\/b>\n<\/div>\n<div align=\"justify\" style=\"line-height: 150%; margin-bottom: 0cm;\">\n<b>Oto<br \/>\nJego nagroda z Nim idzie <\/b>\n<\/div>\n<div align=\"justify\" style=\"line-height: 150%; margin-bottom: 0cm;\">\n<b>i<br \/>\nprzed Nim Jego zap\u0142ata. <\/b>\n<\/div>\n<div align=\"justify\" style=\"line-height: 150%; margin-bottom: 0cm;\">\n<b>Podobnie<br \/>\npasterz pasie sw\u0105 trzod\u0119, <\/b>\n<\/div>\n<div align=\"justify\" style=\"line-height: 150%; margin-bottom: 0cm;\">\n<b>gromadzi<br \/>\nj\u0105 swoim ramieniem, <\/b>\n<\/div>\n<div align=\"justify\" style=\"line-height: 150%; margin-bottom: 0cm;\">\n<b>jagni\u0119ta<br \/>\nnosi na swej piersi, <\/b>\n<\/div>\n<div align=\"justify\" style=\"line-height: 150%; margin-bottom: 0cm;\">\n<b>owce<br \/>\nkarmi\u0105ce prowadzi \u0142agodnie.<\/b><\/div>\n<div align=\"justify\" style=\"line-height: 150%; margin-bottom: 0cm;\">\n<\/div>\n<div align=\"justify\" style=\"line-height: 150%; margin-bottom: 0cm;\">\n<b>S\u0141OWA<br \/>\nEWANGELII WED\u0141UG \u015aWI\u0118TEGO<br \/>\nMATEUSZA: <\/b>\n<\/div>\n<div align=\"justify\" style=\"line-height: 150%; margin-bottom: 0cm; text-indent: 1.24cm;\">\n<b>Jezus<br \/>\npowiedzia\u0142 do swoich uczni\u00f3w: \u201eJak wam si\u0119 zdaje? Je\u015bli kto<br \/>\nposiada sto owiec i zab\u0142\u0105ka si\u0119 jedna z nich: czy nie zostawi<br \/>\ndziewi\u0119\u0107dziesi\u0119ciu dziewi\u0119ciu na g\u00f3rach i nie p\u00f3jdzie szuka\u0107<br \/>\ntej, kt\u00f3ra si\u0119 zab\u0142\u0105ka\u0142a? A je\u015bli mu si\u0119 uda j\u0105 odnale\u017a\u0107,<br \/>\nzaprawd\u0119 powiadam wam: cieszy si\u0119 ni\u0105 bardziej ni\u017c<br \/>\ndziewi\u0119\u0107dziesi\u0119ciu dziewi\u0119ciu tymi, kt\u00f3re si\u0119 nie zab\u0142\u0105ka\u0142y.<br \/>\n<\/b>\n<\/div>\n<div align=\"justify\" style=\"line-height: 150%; margin-bottom: 0cm; text-indent: 1.24cm;\">\n<b>Tak<br \/>\nte\u017c nie jest wol\u0105 Ojca waszego, kt\u00f3ry jest w niebie, \u017ceby zgin\u0119\u0142o<br \/>\njedno z tych ma\u0142ych\u201d.<\/b><\/div>\n<div align=\"justify\" style=\"line-height: 150%; margin-bottom: 0cm;\">\n<\/div>\n<div align=\"justify\" style=\"line-height: 150%; margin-bottom: 0cm; page-break-before: auto; text-indent: 1.24cm;\">\nPierwsze<br \/>\nwersy dzisiejszego czytania z Proroctwa Izajasza nawi\u0105zuj\u0105 do<br \/>\nkonkretnej sytuacji historycznej. Oto <b>nar\u00f3d wybrany zosta\u0142<br \/>\nupokorzony<\/b> zes\u0142aniem jego elit do Babilonii, co dokona\u0142o si\u0119 w<br \/>\nroku 583 przed Chrystusem. W ten spos\u00f3b <b>spe\u0142ni\u0142y si\u0119<br \/>\nostrze\u017cenia Izajasza<\/b> o nieskuteczno\u015bci zar\u00f3wno politycznych,<br \/>\njak i militarnych pr\u00f3b budowania wielko\u015bci narodu. Zamiast tego<br \/>\nbowiem przysz\u0142o <b>upokorzenie i poni\u017cenie. <\/b>\n<\/div>\n<div align=\"justify\" style=\"line-height: 150%; margin-bottom: 0cm; text-indent: 1.24cm;\">\nAle<br \/>\noto \u2013 jak s\u0142yszymy \u2013 Prorok wzywa: <i><b>Przemawiajcie<br \/>\ndo serca Jeruzalem i wo\u0142ajcie do niego, \u017ce<\/b><\/i><i><br \/>\n<\/i><i><b>czas<br \/>\njego s\u0142u\u017cby si\u0119 sko\u0144czy\u0142, <\/b><\/i><i><b>\u017ce<\/b><\/i><i><b><br \/>\nnieprawo\u015b\u0107 jego odpokutowana, bo odebra\u0142o z r\u0119ki Pana kar\u0119 w<br \/>\ndw\u00f3jnas\u00f3b za wszystkie swe grzechy.<\/b><\/i><b><br \/>\n<\/b>A<br \/>\nzatem \u2013 <b>wyzwolenie!<\/b><br \/>\nKo\u0144czy<br \/>\nsi\u0119 <i><b>czas<br \/>\ns\u0142u\u017cby<\/b><\/i><br \/>\n\u2013 oczywi\u015bcie, tej pe\u0142nionej w niewoli. I jak w przesz\u0142o\u015bci B\u00f3g<br \/>\nwyprowadzi\u0142 sw\u00f3j lud z niewoli egipskiej na<br \/>\npustyni\u0119,<br \/>\naby<br \/>\ngo doprowadzi\u0107 do jego w\u0142asnego kraju,<br \/>\ntak i teraz uciemi\u0119\u017cony<br \/>\nnar\u00f3d <b>mo\u017ce<br \/>\ndo\u015bwiadczy\u0107 Bo\u017cej pomocy, <\/b>o<br \/>\nile tylko <b>na<br \/>\nnowo swemu Bogu zaufa <\/b>i<br \/>\npozwoli si\u0119 Mu poprowadzi\u0107.<\/div>\n<div align=\"justify\" style=\"line-height: 150%; margin-bottom: 0cm; text-indent: 1.24cm;\">\nBo<br \/>\nto w\u0142a\u015bnie na pustyni nar\u00f3d \u2013 przez wiele lat w\u0119dr\u00f3wki do<br \/>\nZiemi Obiecanej \u2013 <b>budowa\u0142<br \/>\nswoje odniesienie do Boga.<\/b><br \/>\nWiemy dobrze, jak to si\u0119 odbywa\u0142o, jakie problemy si\u0119 z tym<br \/>\nwi\u0105za\u0142y. Jak bardzo <b>opornie<br \/>\nkszta\u0142towa\u0142a si\u0119 ta relacja,<\/b><br \/>\nile\u017c to<br \/>\nrazy<br \/>\nmusia\u0142 B\u00f3g surowo napomina\u0107, a wr\u0119cz kara\u0107 sw\u00f3j nar\u00f3d, tak<br \/>\nbardzo buntuj\u0105cy si\u0119 i schodz\u0105cy na drogi grzechu.\n<\/div>\n<div align=\"justify\" style=\"line-height: 150%; margin-bottom: 0cm; text-indent: 1.24cm;\">\nDlatego<br \/>\ndzisiaj<br \/>\ns\u0142yszymy: <i><b>Przygotujcie<br \/>\nna pustyni drog\u0119 dla Pana, wyr\u00f3wnajcie na pustkowiu go\u015bciniec<br \/>\nnaszemu Bogu! Niech si\u0119 podnios\u0105 wszystkie doliny, a wszystkie g\u00f3ry<br \/>\ni wzg\u00f3rza obni\u017c\u0105; r\u00f3wnin\u0105 niechaj si\u0119 stan\u0105 urwiska, a strome<br \/>\nzbocza nizin\u0105 g\u0142adk\u0105. <\/b><\/i><i><b>Wtedy<br \/>\nsi\u0119 chwa\u0142a Pana objawi\u2026<\/b><\/i><b><br \/>\n<\/b>\n<\/div>\n<div align=\"justify\" style=\"line-height: 150%; margin-bottom: 0cm; text-indent: 1.24cm;\">\nMo\u017cna<br \/>\nby rzec, \u017ce B\u00f3g chce wyprowadzi\u0107 sw\u00f3j lud <b>znowu<br \/>\nna pustyni\u0119.<\/b><br \/>\nNie w sensie dos\u0142ownym, czy fizycznym, ale chce mu pokaza\u0107, \u017ce jak<br \/>\n<b>tamte<br \/>\ntrudy doprowadzi\u0142y go do szcz\u0119\u015bcia,<\/b><br \/>\nb\u0119d\u0105cego<br \/>\njego udzia\u0142em w Ziemi Obiecanej, tak i teraz \u2013 przez trud i<br \/>\ncierpienie niewoli \u2013 <b>mo\u017ce<br \/>\ndoj\u015b\u0107 do prawdziwego szcz\u0119\u015bcia.<\/b><br \/>\nTylko musi <b>wyci\u0105gn\u0105\u0107<br \/>\nwnioski<\/b><br \/>\nz tego, co si\u0119 sta\u0142o; musi zmieni\u0107 swoje post\u0119powanie.\n<\/div>\n<div align=\"justify\" style=\"line-height: 150%; margin-bottom: 0cm; text-indent: 1.24cm;\">\nI<br \/>\nmusi zaufa\u0107 Bo\u017cemu s\u0142owu,<br \/>\nbo tylko ono jest trwa\u0142e i niezmienne. Oto bowiem <i><b>wszelkie<br \/>\ncia\u0142o to jakby trawa, <\/b><\/i><i><b>a<br \/>\nca\u0142y wdzi\u0119k jego jest niby kwiat polny. Trawa usycha, wi\u0119dnie<br \/>\nkwiat, gdy na nie wiatr Pana powieje. Prawdziwie traw\u0105 jest nar\u00f3d.<br \/>\nTrawa usycha, wi\u0119dnie kwiat, <\/b><\/i><i><b>lecz<br \/>\ns\u0142owo Boga naszego trwa na wieki.<\/b><\/i><b><br \/>\n<\/b>Je\u017celi<br \/>\nnar\u00f3d zaufa temu\u017c S\u0142owu,<br \/>\nw\u00f3wczas \u017cadne ludzkie pot\u0119gi, <b>\u017cadne<br \/>\nwrogie narody<\/b><br \/>\n\u2013 por\u00f3wnane tutaj do trawy \u2013 nie b\u0119d\u0105 mu w stanie zagrozi\u0107.<br \/>\nBo B\u00f3g sam zatroszczy si\u0119 o sw\u00f3j lud, On sam <b>stanie<br \/>\nsi\u0119 jego <\/b><b>P<\/b><b>asterzem.<br \/>\n<\/b>\n<\/div>\n<div align=\"justify\" style=\"line-height: 150%; margin-bottom: 0cm; text-indent: 1.24cm;\">\nWcze\u015bniej<br \/>\nmianem pasterzy ludu okre\u015blano kr\u00f3la<br \/>\nDawida<br \/>\ni jego nast\u0119pc\u00f3w. Jednak <b>teraz<br \/>\nnar\u00f3d zosta\u0142 ich pozbawiony!<\/b><br \/>\nDlatego B\u00f3g sam b\u0119dzie Pasterzem swego ludu. On<br \/>\nsam to dzisiaj zapowiada przez Proroka Izajasza, w s\u0142owach: <i><b>Oto<br \/>\nPan, B\u00f3g, przychodzi z moc\u0105 i rami\u0119 Jego dzier\u017cy w\u0142adz\u0119. Oto<br \/>\nJego nagroda z Nim idzie i przed Nim Jego zap\u0142ata. Podobnie pasterz<br \/>\npasie sw\u0105 trzod\u0119, gromadzi j\u0105 swoim ramieniem, jagni\u0119ta nosi na<br \/>\nswej piersi, <\/b><\/i><i><b>owce<br \/>\nkarmi\u0105ce prowadzi \u0142agodnie.<\/b><\/i><b><br \/>\n<\/b>\n<\/div>\n<div align=\"justify\" style=\"line-height: 150%; margin-bottom: 0cm; text-indent: 1.24cm;\">\nMetafora<br \/>\n<b>dobrego<br \/>\nPasterza, kt\u00f3ry zast\u0105pi pasterzy<\/b><br \/>\ngubi\u0105cych i rozpraszaj\u0105cych swe owce, pojawia si\u0119 tak\u017ce u innych<br \/>\nProrok\u00f3w. Pojawia si\u0119 tak\u017ce w Ewangelii, gdzie tym <b>dobrym<br \/>\nPasterzem jest sam Jezus.<\/b><br \/>\nI chocia\u017c dzisiaj wprost nie u\u017cywa w odniesieniu do siebie tego<br \/>\nokre\u015blenia, to jednak daje \u015bwiadectwo <b>wielkiej<br \/>\ntroski, jak\u0105 otacza <\/b><b>ka\u017cdego<br \/>\npojedynczego cz\u0142owieka<\/b><br \/>\n\u2013 jak pasterz szuka jednej, zagubionej owieczki\u2026\n<\/div>\n<div align=\"justify\" style=\"line-height: 150%; margin-bottom: 0cm; text-indent: 1.24cm;\">\nTo<br \/>\nwszystko, co tu sobie teraz<br \/>\nm\u00f3wimy, moi Drodzy, to <b>wspania\u0142a<br \/>\nwie\u015b\u0107 o wielkiej trosce Boga o cz\u0142owieka.<\/b><br \/>\nTo wspania\u0142a nowina \u2013 prawdziwie Dobra Nowina \u2013 o <b>Bogu<br \/>\nposzukuj\u0105cym<\/b><br \/>\nka\u017cdego, bez wyj\u0105tku, <b>pojedynczego<br \/>\ncz\u0142owieka.<\/b><br \/>\nTo wspania\u0142a nauka o Bogu poszukuj\u0105cym<br \/>\n<b>dr\u00f3g<br \/>\ndotarcia do serca cz\u0142owieka<\/b><br \/>\n\u2013 serca tak cz\u0119sto opornego i zamkni\u0119tego \u2013 aby<br \/>\ngo wyprowadzi\u0107 na drogi, wiod\u0105ce do szcz\u0119\u015bcia i zbawienia.\n<\/div>\n<div align=\"justify\" style=\"line-height: 150%; margin-bottom: 0cm; text-indent: 1.24cm;\">\nJedyny<br \/>\nproblem, jaki<br \/>\nsi\u0119 tu pojawia, to<br \/>\nten,<br \/>\n<b>czy<\/b><b><br \/>\ncz\u0142owiek da <\/b><b>si\u0119<br \/>\nswemu <\/b><b>Bogu<br \/>\npoprowadzi\u0107?<\/b><b>\u2026<\/b><br \/>\n<b>I<br \/>\n<\/b><b>czy<\/b><b><br \/>\nzagubiona owca da si\u0119 <\/b><b>od<\/b><b>nale\u017a\u0107?\u2026<\/b><br \/>\nBo je\u017celi cz\u0142owiek zatnie si\u0119 w swoim uporze i b\u0119dzie wola\u0142<br \/>\nb\u0142\u0105dzi\u0107 po wyboistych drogach grzechu i w\u0142asnej<br \/>\nsamowystarczalno\u015bci; je\u017celi zagubiona owca nie pozwoli si\u0119<br \/>\nodnale\u017a\u0107 i uratowa\u0107, to<b><br \/>\nDobry Pasterz b\u0119dzie bezradny\u2026<\/b><\/div>\n<div align=\"justify\" style=\"line-height: 150%; margin-bottom: 0cm; text-indent: 1.24cm;\">\nMoi<br \/>\nDrodzy, troska Boga o nas jest przeogromna. Jego mi\u0142osierdzie nie<br \/>\nzna granic. Ale my <b>jeste\u015bmy<br \/>\nlud\u017ami wolnymi,<\/b><br \/>\ndlatego to <b>od<br \/>\nnas zale\u017cy, czy skorzystamy z Bo\u017cego zaproszenia, czy nie.<\/b><br \/>\nNasza wolno\u015b\u0107 bowiem jest tak wielk\u0105 pot\u0119g\u0105, \u017ce jest w stanie<br \/>\n<b>unicestwi\u0107<br \/>\n\u2013 w odniesieniu do nas samych \u2013 nawet moc Bo\u017c\u0105!<\/b><br \/>\nI jest w stanie zniweczy\u0107 <b>\u2013<br \/>\n<\/b>w<br \/>\nodniesieniu do nas samych <b>\u2013<br \/>\n<\/b>Bo\u017ce<br \/>\nmi\u0142osierdzie, przecie\u017c samo<br \/>\nw sobie nieograniczone\u2026<\/div>\n<div align=\"justify\" style=\"line-height: 150%; margin-bottom: 0cm; text-indent: 1.24cm;\">\nDlatego<br \/>\nmo\u017ce jednak warto p\u00f3j\u015b\u0107 za tym oto wezwaniem Proroka Izajasza:<br \/>\n<i><b>Przygotujcie<br \/>\nna pustyni drog\u0119 dla Pana, wyr\u00f3wnajcie na pustkowiu go\u015bciniec<br \/>\nnaszemu Bogu! Niech si\u0119 podnios\u0105 wszystkie doliny, a wszystkie g\u00f3ry<br \/>\ni wzg\u00f3rza obni\u017c\u0105; r\u00f3wnin\u0105 niechaj si\u0119 stan\u0105 urwiska, a strome<br \/>\nzbocza nizin\u0105 g\u0142adk\u0105. <\/b><\/i><i><b>Wtedy<br \/>\nsi\u0119 chwa\u0142a Pana objawi\u2026<\/b><\/i><b><br \/>\n<\/b>\n<\/div>\n<div align=\"justify\" style=\"line-height: 150%; margin-bottom: 0cm; text-indent: 1.24cm;\">\nTak,<br \/>\nKochani, szczeg\u00f3lnie w tym Adwencie wyr\u00f3wnujmy wszelkie nasze<br \/>\n\u017cyciowe \u201edoliny\u201d i \u201eg\u00f3ry\u201d, i<b><br \/>\nwyg\u0142adzajmy wszelkie \u201echropowato\u015bci\u201d naszego charakteru\u2026<\/b><\/div>\n<div align=\"justify\" style=\"line-height: 150%; margin-bottom: 0cm; text-indent: 1.24cm;\">\nPomy\u015blmy:<\/div>\n<div align=\"justify\" style=\"line-height: 150%; margin-bottom: 0cm;\">\n\u2013<br \/>\nJak<br \/>\nwygl\u0105da realizacja mojego adwentowego<br \/>\npostanowienia?<\/div>\n<div align=\"justify\" style=\"line-height: 150%; margin-bottom: 0cm;\">\n\u2013<br \/>\nCzy<br \/>\nw tym czasie znajduj\u0119 wi\u0119cej chwil na<br \/>\nmodlitewne<br \/>\nwyciszenie<br \/>\ni refleksj\u0119?<\/div>\n<div align=\"justify\" style=\"line-height: 150%; margin-bottom: 0cm;\">\n\u2013<br \/>\nCzy<br \/>\nw czasie tego Adwentu cz\u0119\u015bciej si\u0119gam po Pismo \u015awi\u0119te?<\/div>\n<p><\/p>\n<div align=\"justify\" style=\"line-height: 150%; margin-bottom: 0cm;\">\n<i><b>Tak<br \/>\nte\u017c nie jest wol\u0105 Ojca waszego, kt\u00f3ry jest w niebie, \u017ceby zgin\u0119\u0142o<br \/>\njedno z tych ma\u0142ych\u2026<\/b><\/i><\/div>\n","protected":false},"excerpt":{"rendered":"<p>Szcz\u0119\u015b\u0107 Bo\u017ce! Moi Drodzy, w dniu dzisiejszym imieniny prze\u017cywa Ksi\u0105dz Miko\u0142aj Czernecki, za czas\u00f3w mojego pierwszego wikariatu: m\u00f3j Ucze\u0144 w Technikum, w Radory\u017cu Smolanym. Urodziny natomiast prze\u017cywaj\u0105: Joanna Zawadka, z domu: Szubi\u0144ska, oraz Hubert Maksymiuk &#8211; oboje nale\u017c\u0105cy w swoim czasie do Wsp\u00f3lnot m\u0142odzie\u017cowych. Urodziny tak\u017ce prze\u017cywa Ksi\u0105dz Adam Potapczuk &#8211; Wikariusz w Miastkowie Ko\u015bcielnym. [&hellip;]<\/p>\n","protected":false},"author":1,"featured_media":0,"comment_status":"open","ping_status":"open","sticky":false,"template":"","format":"standard","meta":{"jetpack_post_was_ever_published":false,"_jetpack_newsletter_access":"","_jetpack_dont_email_post_to_subs":false,"_jetpack_newsletter_tier_id":0,"_jetpack_memberships_contains_paywalled_content":false,"_jetpack_memberships_contains_paid_content":false,"footnotes":""},"categories":[1],"tags":[],"class_list":["post-7821","post","type-post","status-publish","format-standard","hentry","category-bez-kategorii"],"yoast_head":"<!-- This site is optimized with the Yoast SEO plugin v25.1 - https:\/\/yoast.com\/wordpress\/plugins\/seo\/ -->\n<title>Wtedy si\u0119 chwa\u0142a Pana objawi! - Gaudium Et Spes<\/title>\n<meta name=\"robots\" content=\"index, follow, max-snippet:-1, max-image-preview:large, max-video-preview:-1\" \/>\n<link rel=\"canonical\" href=\"https:\/\/gaudiumetspes-blog.pl\/index.php\/2016\/12\/06\/wtedy-sie-chwaa-pana-objawi\/\" \/>\n<meta property=\"og:locale\" content=\"pl_PL\" \/>\n<meta property=\"og:type\" content=\"article\" \/>\n<meta property=\"og:title\" content=\"Wtedy si\u0119 chwa\u0142a Pana objawi! - Gaudium Et Spes\" \/>\n<meta property=\"og:description\" content=\"Szcz\u0119\u015b\u0107 Bo\u017ce! Moi Drodzy, w dniu dzisiejszym imieniny prze\u017cywa Ksi\u0105dz Miko\u0142aj Czernecki, za czas\u00f3w mojego pierwszego wikariatu: m\u00f3j Ucze\u0144 w Technikum, w Radory\u017cu Smolanym. Urodziny natomiast prze\u017cywaj\u0105: Joanna Zawadka, z domu: Szubi\u0144ska, oraz Hubert Maksymiuk &#8211; oboje nale\u017c\u0105cy w swoim czasie do Wsp\u00f3lnot m\u0142odzie\u017cowych. Urodziny tak\u017ce prze\u017cywa Ksi\u0105dz Adam Potapczuk &#8211; Wikariusz w Miastkowie Ko\u015bcielnym. [&hellip;]\" \/>\n<meta property=\"og:url\" content=\"https:\/\/gaudiumetspes-blog.pl\/index.php\/2016\/12\/06\/wtedy-sie-chwaa-pana-objawi\/\" \/>\n<meta property=\"og:site_name\" content=\"Gaudium Et Spes\" \/>\n<meta property=\"article:published_time\" content=\"2016-12-06T04:04:00+00:00\" \/>\n<meta property=\"article:modified_time\" content=\"2019-07-31T10:56:36+00:00\" \/>\n<meta name=\"author\" content=\"Ks. Jacek\" \/>\n<meta name=\"twitter:card\" content=\"summary_large_image\" \/>\n<meta name=\"twitter:label1\" content=\"Napisane przez\" \/>\n\t<meta name=\"twitter:data1\" content=\"Ks. Jacek\" \/>\n\t<meta name=\"twitter:label2\" content=\"Szacowany czas czytania\" \/>\n\t<meta name=\"twitter:data2\" content=\"8 minut\" \/>\n<script type=\"application\/ld+json\" class=\"yoast-schema-graph\">{\"@context\":\"https:\/\/schema.org\",\"@graph\":[{\"@type\":\"WebPage\",\"@id\":\"https:\/\/gaudiumetspes-blog.pl\/index.php\/2016\/12\/06\/wtedy-sie-chwaa-pana-objawi\/\",\"url\":\"https:\/\/gaudiumetspes-blog.pl\/index.php\/2016\/12\/06\/wtedy-sie-chwaa-pana-objawi\/\",\"name\":\"Wtedy si\u0119 chwa\u0142a Pana objawi! - Gaudium Et Spes\",\"isPartOf\":{\"@id\":\"https:\/\/gaudiumetspes-blog.pl\/#website\"},\"datePublished\":\"2016-12-06T04:04:00+00:00\",\"dateModified\":\"2019-07-31T10:56:36+00:00\",\"author\":{\"@id\":\"https:\/\/gaudiumetspes-blog.pl\/#\/schema\/person\/1661982992b752dea8dff0d4ed845a65\"},\"breadcrumb\":{\"@id\":\"https:\/\/gaudiumetspes-blog.pl\/index.php\/2016\/12\/06\/wtedy-sie-chwaa-pana-objawi\/#breadcrumb\"},\"inLanguage\":\"pl-PL\",\"potentialAction\":[{\"@type\":\"ReadAction\",\"target\":[\"https:\/\/gaudiumetspes-blog.pl\/index.php\/2016\/12\/06\/wtedy-sie-chwaa-pana-objawi\/\"]}]},{\"@type\":\"BreadcrumbList\",\"@id\":\"https:\/\/gaudiumetspes-blog.pl\/index.php\/2016\/12\/06\/wtedy-sie-chwaa-pana-objawi\/#breadcrumb\",\"itemListElement\":[{\"@type\":\"ListItem\",\"position\":1,\"name\":\"Strona g\u0142\u00f3wna\",\"item\":\"https:\/\/gaudiumetspes-blog.pl\/\"},{\"@type\":\"ListItem\",\"position\":2,\"name\":\"Wtedy si\u0119 chwa\u0142a Pana objawi!\"}]},{\"@type\":\"WebSite\",\"@id\":\"https:\/\/gaudiumetspes-blog.pl\/#website\",\"url\":\"https:\/\/gaudiumetspes-blog.pl\/\",\"name\":\"Gaudium Et Spes\",\"description\":\"Blog Ks. Jacka Ja\u015bkowskiego\",\"potentialAction\":[{\"@type\":\"SearchAction\",\"target\":{\"@type\":\"EntryPoint\",\"urlTemplate\":\"https:\/\/gaudiumetspes-blog.pl\/?s={search_term_string}\"},\"query-input\":{\"@type\":\"PropertyValueSpecification\",\"valueRequired\":true,\"valueName\":\"search_term_string\"}}],\"inLanguage\":\"pl-PL\"},{\"@type\":\"Person\",\"@id\":\"https:\/\/gaudiumetspes-blog.pl\/#\/schema\/person\/1661982992b752dea8dff0d4ed845a65\",\"name\":\"Ks. Jacek\",\"image\":{\"@type\":\"ImageObject\",\"inLanguage\":\"pl-PL\",\"@id\":\"https:\/\/gaudiumetspes-blog.pl\/#\/schema\/person\/image\/\",\"url\":\"https:\/\/gaudiumetspes-blog.pl\/wp-content\/uploads\/2019\/07\/avatar-JJ-150x150.jpg\",\"contentUrl\":\"https:\/\/gaudiumetspes-blog.pl\/wp-content\/uploads\/2019\/07\/avatar-JJ-150x150.jpg\",\"caption\":\"Ks. Jacek\"},\"description\":\"Witam serdecznie! K\u0142ania si\u0119 Ks. Jacek Ja\u015bkowski. Nie jestem ani kim\u015b wa\u017cnym, ani kim\u015b znanym. Jestem ksi\u0119dzem, kt\u00f3ry po prostu chce rozmawia\u0107. Codzienna kap\u0142a\u0144ska pos\u0142uga pokazuje mi, \u017ce temat\u00f3w do rozm\u00f3w z ksi\u0119dzem jest coraz wi\u0119cej i dzisiaj \u017caden ksi\u0105dz nie mo\u017ce od nich ucieka\u0107, ale - wprost przeciwnie - podejmowa\u0107 nowe wyzwania. To przekonanie sk\u0142oni\u0142o mnie do pr\u00f3by otwarcia tego\u017c bloga, chocia\u017c okazji do rozm\u00f3w na co dzie\u0144 - w konfesjonale i poza nim - na szcz\u0119\u015bcie nie brakuje. My\u015bl\u0119 jednak, \u017ce ten blog b\u0119dzie jeszcze jednym sposobem i przestrzeni\u0105 nawi\u0105zania kontaktu z lud\u017ami dobrej woli, otwartymi na dialog.\",\"url\":\"https:\/\/gaudiumetspes-blog.pl\/index.php\/author\/ks-jacek\/\"}]}<\/script>\n<!-- \/ Yoast SEO plugin. -->","yoast_head_json":{"title":"Wtedy si\u0119 chwa\u0142a Pana objawi! - Gaudium Et Spes","robots":{"index":"index","follow":"follow","max-snippet":"max-snippet:-1","max-image-preview":"max-image-preview:large","max-video-preview":"max-video-preview:-1"},"canonical":"https:\/\/gaudiumetspes-blog.pl\/index.php\/2016\/12\/06\/wtedy-sie-chwaa-pana-objawi\/","og_locale":"pl_PL","og_type":"article","og_title":"Wtedy si\u0119 chwa\u0142a Pana objawi! - Gaudium Et Spes","og_description":"Szcz\u0119\u015b\u0107 Bo\u017ce! Moi Drodzy, w dniu dzisiejszym imieniny prze\u017cywa Ksi\u0105dz Miko\u0142aj Czernecki, za czas\u00f3w mojego pierwszego wikariatu: m\u00f3j Ucze\u0144 w Technikum, w Radory\u017cu Smolanym. Urodziny natomiast prze\u017cywaj\u0105: Joanna Zawadka, z domu: Szubi\u0144ska, oraz Hubert Maksymiuk &#8211; oboje nale\u017c\u0105cy w swoim czasie do Wsp\u00f3lnot m\u0142odzie\u017cowych. Urodziny tak\u017ce prze\u017cywa Ksi\u0105dz Adam Potapczuk &#8211; Wikariusz w Miastkowie Ko\u015bcielnym. [&hellip;]","og_url":"https:\/\/gaudiumetspes-blog.pl\/index.php\/2016\/12\/06\/wtedy-sie-chwaa-pana-objawi\/","og_site_name":"Gaudium Et Spes","article_published_time":"2016-12-06T04:04:00+00:00","article_modified_time":"2019-07-31T10:56:36+00:00","author":"Ks. Jacek","twitter_card":"summary_large_image","twitter_misc":{"Napisane przez":"Ks. Jacek","Szacowany czas czytania":"8 minut"},"schema":{"@context":"https:\/\/schema.org","@graph":[{"@type":"WebPage","@id":"https:\/\/gaudiumetspes-blog.pl\/index.php\/2016\/12\/06\/wtedy-sie-chwaa-pana-objawi\/","url":"https:\/\/gaudiumetspes-blog.pl\/index.php\/2016\/12\/06\/wtedy-sie-chwaa-pana-objawi\/","name":"Wtedy si\u0119 chwa\u0142a Pana objawi! - Gaudium Et Spes","isPartOf":{"@id":"https:\/\/gaudiumetspes-blog.pl\/#website"},"datePublished":"2016-12-06T04:04:00+00:00","dateModified":"2019-07-31T10:56:36+00:00","author":{"@id":"https:\/\/gaudiumetspes-blog.pl\/#\/schema\/person\/1661982992b752dea8dff0d4ed845a65"},"breadcrumb":{"@id":"https:\/\/gaudiumetspes-blog.pl\/index.php\/2016\/12\/06\/wtedy-sie-chwaa-pana-objawi\/#breadcrumb"},"inLanguage":"pl-PL","potentialAction":[{"@type":"ReadAction","target":["https:\/\/gaudiumetspes-blog.pl\/index.php\/2016\/12\/06\/wtedy-sie-chwaa-pana-objawi\/"]}]},{"@type":"BreadcrumbList","@id":"https:\/\/gaudiumetspes-blog.pl\/index.php\/2016\/12\/06\/wtedy-sie-chwaa-pana-objawi\/#breadcrumb","itemListElement":[{"@type":"ListItem","position":1,"name":"Strona g\u0142\u00f3wna","item":"https:\/\/gaudiumetspes-blog.pl\/"},{"@type":"ListItem","position":2,"name":"Wtedy si\u0119 chwa\u0142a Pana objawi!"}]},{"@type":"WebSite","@id":"https:\/\/gaudiumetspes-blog.pl\/#website","url":"https:\/\/gaudiumetspes-blog.pl\/","name":"Gaudium Et Spes","description":"Blog Ks. Jacka Ja\u015bkowskiego","potentialAction":[{"@type":"SearchAction","target":{"@type":"EntryPoint","urlTemplate":"https:\/\/gaudiumetspes-blog.pl\/?s={search_term_string}"},"query-input":{"@type":"PropertyValueSpecification","valueRequired":true,"valueName":"search_term_string"}}],"inLanguage":"pl-PL"},{"@type":"Person","@id":"https:\/\/gaudiumetspes-blog.pl\/#\/schema\/person\/1661982992b752dea8dff0d4ed845a65","name":"Ks. Jacek","image":{"@type":"ImageObject","inLanguage":"pl-PL","@id":"https:\/\/gaudiumetspes-blog.pl\/#\/schema\/person\/image\/","url":"https:\/\/gaudiumetspes-blog.pl\/wp-content\/uploads\/2019\/07\/avatar-JJ-150x150.jpg","contentUrl":"https:\/\/gaudiumetspes-blog.pl\/wp-content\/uploads\/2019\/07\/avatar-JJ-150x150.jpg","caption":"Ks. Jacek"},"description":"Witam serdecznie! K\u0142ania si\u0119 Ks. Jacek Ja\u015bkowski. Nie jestem ani kim\u015b wa\u017cnym, ani kim\u015b znanym. Jestem ksi\u0119dzem, kt\u00f3ry po prostu chce rozmawia\u0107. Codzienna kap\u0142a\u0144ska pos\u0142uga pokazuje mi, \u017ce temat\u00f3w do rozm\u00f3w z ksi\u0119dzem jest coraz wi\u0119cej i dzisiaj \u017caden ksi\u0105dz nie mo\u017ce od nich ucieka\u0107, ale - wprost przeciwnie - podejmowa\u0107 nowe wyzwania. To przekonanie sk\u0142oni\u0142o mnie do pr\u00f3by otwarcia tego\u017c bloga, chocia\u017c okazji do rozm\u00f3w na co dzie\u0144 - w konfesjonale i poza nim - na szcz\u0119\u015bcie nie brakuje. My\u015bl\u0119 jednak, \u017ce ten blog b\u0119dzie jeszcze jednym sposobem i przestrzeni\u0105 nawi\u0105zania kontaktu z lud\u017ami dobrej woli, otwartymi na dialog.","url":"https:\/\/gaudiumetspes-blog.pl\/index.php\/author\/ks-jacek\/"}]}},"jetpack_featured_media_url":"","jetpack_sharing_enabled":true,"_links":{"self":[{"href":"https:\/\/gaudiumetspes-blog.pl\/index.php\/wp-json\/wp\/v2\/posts\/7821","targetHints":{"allow":["GET"]}}],"collection":[{"href":"https:\/\/gaudiumetspes-blog.pl\/index.php\/wp-json\/wp\/v2\/posts"}],"about":[{"href":"https:\/\/gaudiumetspes-blog.pl\/index.php\/wp-json\/wp\/v2\/types\/post"}],"author":[{"embeddable":true,"href":"https:\/\/gaudiumetspes-blog.pl\/index.php\/wp-json\/wp\/v2\/users\/1"}],"replies":[{"embeddable":true,"href":"https:\/\/gaudiumetspes-blog.pl\/index.php\/wp-json\/wp\/v2\/comments?post=7821"}],"version-history":[{"count":1,"href":"https:\/\/gaudiumetspes-blog.pl\/index.php\/wp-json\/wp\/v2\/posts\/7821\/revisions"}],"predecessor-version":[{"id":12932,"href":"https:\/\/gaudiumetspes-blog.pl\/index.php\/wp-json\/wp\/v2\/posts\/7821\/revisions\/12932"}],"wp:attachment":[{"href":"https:\/\/gaudiumetspes-blog.pl\/index.php\/wp-json\/wp\/v2\/media?parent=7821"}],"wp:term":[{"taxonomy":"category","embeddable":true,"href":"https:\/\/gaudiumetspes-blog.pl\/index.php\/wp-json\/wp\/v2\/categories?post=7821"},{"taxonomy":"post_tag","embeddable":true,"href":"https:\/\/gaudiumetspes-blog.pl\/index.php\/wp-json\/wp\/v2\/tags?post=7821"}],"curies":[{"name":"wp","href":"https:\/\/api.w.org\/{rel}","templated":true}]}}