{"id":7906,"date":"2016-09-12T05:56:00","date_gmt":"2016-09-12T03:56:00","guid":{"rendered":"https:\/\/gaudiumetspes-blog.pl\/index.php\/2016\/09\/12\/panie-nie-jestem-godzien\/"},"modified":"2019-07-31T12:56:26","modified_gmt":"2019-07-31T10:56:26","slug":"panie-nie-jestem-godzien","status":"publish","type":"post","link":"https:\/\/gaudiumetspes-blog.pl\/index.php\/2016\/09\/12\/panie-nie-jestem-godzien\/","title":{"rendered":"Panie, nie jestem godzien&#8230;"},"content":{"rendered":"<div align=\"justify\" style=\"line-height: 150%; margin-bottom: 0cm;\">\nSzcz\u0119\u015b\u0107 Bo\u017ce! Moi Drodzy, w dniu dzisiejszym<b> urodziny obchodzi Barbara Kryczka oraz Aneta Jab\u0142o\u0144ska. Obie Panie pozna\u0142em w czasie pierwszego mojego wikariatu, w Radory\u017cu Ko\u015bcielnym, obie te\u017c obecnie mieszkaj\u0105 na terenie tej\u017ce Parafii. \u017bycz\u0119 Dostojnym Jubilatkom tak niezwyk\u0142ej wiary i blisko\u015bci Jezusa, jak\u0105 dzi\u015b pokaza\u0142 nam wszystkim setnik z Ewangelii. I o tak\u0105 w\u0142a\u015bnie wiar\u0119 chc\u0119 si\u0119 dla Drogich Pa\u0144 modli\u0107.<\/b><\/div>\n<div align=\"justify\" style=\"line-height: 150%; margin-bottom: 0cm;\">\n&nbsp; &nbsp; &nbsp; &nbsp; Wspominam dzi\u015b we wdzi\u0119cznej modlitwie tak\u017ce \u015b.p. Ojca Profesora Mariana Cygana, Kapucyna, kt\u00f3ry w latach mojego liceum i formacji seminaryjnej wywar\u0142 znacz\u0105cy wp\u0142yw na moj\u0105 postaw\u0119 i pomaga\u0142 w realizacji kap\u0142a\u0144skiego powo\u0142ania, oraz w przygotowaniu pierwszej pracy magisterskiej. Wspominam Go dzi\u015b jako naprawd\u0119 niezwyk\u0142ego Kap\u0142ana i Cz\u0142owieka. 12 wrze\u015bnia obchodzi\u0142 imieniny&#8230; Niech odpoczywa w pokoju.<\/div>\n<div align=\"justify\" style=\"line-height: 150%; margin-bottom: 0cm;\">\n&nbsp; &nbsp; &nbsp; &nbsp; Dzi\u0119kuj\u0119 Pa\u0144stwu Anetcie i Markowi Dziakom &#8211; oraz Ich Synom: Ma\u0107kowi i Bartkowi &#8211; za wczorajsze pi\u0119kne spotkanie. Jestem naprawd\u0119 zbudowany atmosfer\u0105, jaka panuje w tej Rodzinie. Z Anett\u0105 razem pracowali\u015bmy w Liceum w \u017belechowie. Polecam Bogu ca\u0142\u0105 Ich Rodzin\u0119, modl\u0105c si\u0119 jednocze\u015bnie o pok\u00f3j wieczny dla zmar\u0142ego przed tygodniem Ojca Anetty, Pana Mariana&#8230; Niech odpoczywa w pokoju&#8230;<\/div>\n<div align=\"justify\" style=\"line-height: 150%; margin-bottom: 0cm;\">\n&nbsp; &nbsp; &nbsp; &nbsp; &nbsp; &nbsp; &nbsp; &nbsp; \u017bycz\u0119 Wszystkim b\u0142ogos\u0142awionego dnia!<\/div>\n<div align=\"justify\" style=\"line-height: 150%; margin-bottom: 0cm;\">\n&nbsp; &nbsp; &nbsp; &nbsp; &nbsp; &nbsp; &nbsp; &nbsp; &nbsp; &nbsp; &nbsp; &nbsp; &nbsp; &nbsp; &nbsp; &nbsp; &nbsp; &nbsp; &nbsp; &nbsp; &nbsp; &nbsp; &nbsp; &nbsp; Gaudium et spes! &nbsp;Ks. Jacek<\/div>\n<div align=\"justify\" style=\"line-height: 150%; margin-bottom: 0cm;\">\n<b><br \/><\/b><\/div>\n<div align=\"justify\" style=\"line-height: 150%; margin-bottom: 0cm;\">\n<b>Poniedzia\u0142ek<br \/>\n24 Tygodnia zwyk\u0142ego, rok II,<\/b><\/div>\n<div align=\"justify\" style=\"line-height: 150%; margin-bottom: 0cm;\">\n<b>do<br \/>\nczyta\u0144:  1 Kor 11,17\u201326.33;  \u0141k 7,1\u201310<\/b><\/div>\n<div align=\"justify\" style=\"line-height: 150%; margin-bottom: 0cm;\">\n<\/p>\n<\/div>\n<div align=\"justify\" style=\"line-height: 150%; margin-bottom: 0cm;\">\n<b>CZYTANIE<br \/>\nZ PIERWSZEGO LISTU \u015aWI\u0118TEGO PAW\u0141A APOSTO\u0141A DO KORYNTIAN:<\/b><\/div>\n<div align=\"justify\" style=\"break-before: auto; line-height: 150%; margin-bottom: 0cm; text-indent: 1.3cm;\">\n<b>Bracia:<br \/>\nUdzielaj\u0105c tych poucze\u0144 nie pochwalam was za to, \u017ce schodzicie si\u0119<br \/>\nrazem nie na lepsze, ale ku gorszemu, \u017ce zdarzaj\u0105 si\u0119 mi\u0119dzy wami<br \/>\nspory, gdy schodzicie si\u0119 razem jako Ko\u015bci\u00f3\u0142. Zreszt\u0105 nawet<br \/>\nmusz\u0105 by\u0107 w\u015br\u00f3d was rozdarcia, \u017ceby si\u0119 okaza\u0142o, kt\u00f3rzy s\u0105<br \/>\nwypr\u00f3bowani. Tak wi\u0119c, gdy si\u0119 zbieracie, nie ma u was spo\u017cywania<br \/>\nWieczerzy Pa\u0144skiej. Ka\u017cdy bowiem ju\u017c wcze\u015bniej zabiera si\u0119 do<br \/>\nw\u0142asnego jedzenia, i tak si\u0119 zdarza, \u017ce jeden jest g\u0142odny,<br \/>\npodczas gdy drugi nietrze\u017awy. Czy\u017c nie macie dom\u00f3w, aby tam je\u015b\u0107<br \/>\ni pi\u0107? Czy chcecie zniewa\u017ca\u0107 Bo\u017ce zgromadzenie i zawstydza\u0107<br \/>\ntych, kt\u00f3rzy nic nie maj\u0105? C\u00f3\u017c wam powiem? Czy b\u0119d\u0119 was<br \/>\nchwali\u0142? Nie, za to was nie chwal\u0119.<\/b><\/div>\n<div align=\"justify\" style=\"line-height: 150%; margin-bottom: 0cm; text-indent: 1.3cm;\">\n<b>Ja<br \/>\nbowiem otrzyma\u0142em od Pana to, co wam przekaza\u0142em, \u017ce Pan Jezus tej<br \/>\nnocy, kiedy zosta\u0142 wydany, wzi\u0105\u0142 chleb i dzi\u0119ki uczyniwszy<br \/>\npo\u0142ama\u0142 i rzek\u0142: \u201eTo jest Cia\u0142o moje za was wydane. Czy\u0144cie to<br \/>\nna moj\u0105 pami\u0105tk\u0119\u201d. Podobnie, sko\u0144czywszy wieczerz\u0119, wzi\u0105\u0142<br \/>\nkielich, m\u00f3wi\u0105c: \u201eTen kielich jest Nowym Przymierzem we Krwi<br \/>\nmojej. Czy\u0144cie to, ile razy pi\u0107 b\u0119dziecie, na moj\u0105 pami\u0105tk\u0119\u201d.<br \/>\nIlekro\u0107 bowiem spo\u017cywacie ten chleb albo pijecie kielich, \u015bmier\u0107<br \/>\nPa\u0144sk\u0105 g\u0142osicie, a\u017c przyjdzie. Tak wi\u0119c, bracia moi, gdy<br \/>\nzbieracie si\u0119, by spo\u017cywa\u0107 wieczerz\u0119, poczekajcie jedni na<br \/>\ndrugich.<\/b><\/div>\n<div align=\"justify\" style=\"line-height: 150%; margin-bottom: 0cm;\">\n<\/p>\n<\/div>\n<div align=\"justify\" style=\"line-height: 150%; margin-bottom: 0cm;\">\n<b>S\u0141OWA<br \/>\nEWANGELII WED\u0141UG \u015aWI\u0118TEGO \u0141UKASZA:<\/b><\/div>\n<div align=\"justify\" style=\"break-before: auto; line-height: 150%; margin-bottom: 0cm; text-indent: 1.3cm;\">\n<b>Gdy<br \/>\nJezus doko\u0144czy\u0142 wszystkich swoich m\u00f3w do ludu, kt\u00f3ry si\u0119<br \/>\nprzys\u0142uchiwa\u0142, wszed\u0142 do Kafarnaum. S\u0142uga pewnego setnika,<br \/>\nszczeg\u00f3lnie przez niego ceniony, chorowa\u0142 i bliski by\u0142 \u015bmierci.<br \/>\nSkoro setnik pos\u0142ysza\u0142 o Jezusie, wys\u0142a\u0142 do Niego starszyzn\u0119<br \/>\n\u017cydowsk\u0105 z pro\u015bb\u0105, \u017ceby przyszed\u0142 i uzdrowi\u0142 mu s\u0142ug\u0119.<\/b><\/div>\n<div align=\"justify\" style=\"line-height: 150%; margin-bottom: 0cm; text-indent: 1.3cm;\">\n<b>Ci<br \/>\nzjawili si\u0119 u Jezusa i prosili Go usilnie: \u201eGodzien jest, \u017ceby\u015b<br \/>\nmu to wy\u015bwiadczy\u0142 \u2013 m\u00f3wili \u2013 kocha bowiem nasz nar\u00f3d i sam<br \/>\nzbudowa\u0142 nam synagog\u0119\u201d. Jezus przeto wybra\u0142 si\u0119 z nimi.<\/b><\/div>\n<div align=\"justify\" style=\"line-height: 150%; margin-bottom: 0cm; text-indent: 1.3cm;\">\n<b>A<br \/>\ngdy by\u0142 ju\u017c niedaleko domu, setnik wys\u0142a\u0142 do Niego przyjaci\u00f3\u0142 z<br \/>\npro\u015bb\u0105: \u201ePanie, nie trud\u017a si\u0119, bo nie jestem godzien, aby\u015b<br \/>\nwszed\u0142 pod dach m\u00f3j. I dlatego ja sam nie uwa\u017ca\u0142em si\u0119 za<br \/>\ngodnego przyj\u015b\u0107 do Ciebie. Lecz powiedz s\u0142owo, a m\u00f3j s\u0142uga<br \/>\nb\u0119dzie uzdrowiony. Bo i ja, cho\u0107 podlegam w\u0142adzy, mam pod sob\u0105<br \/>\n\u017co\u0142nierzy. M\u00f3wi\u0119 temu: \u00abId\u017a\u00bb, a idzie; drugiemu: \u00abChod\u017a\u00bb, a<br \/>\nprzychodzi; a mojemu s\u0142udze: \u00abZr\u00f3b to\u00bb, a robi\u201d.<\/b><\/div>\n<div align=\"justify\" style=\"line-height: 150%; margin-bottom: 0cm; text-indent: 1.3cm;\">\n<b>Gdy<br \/>\nJezus to us\u0142ysza\u0142, zadziwi\u0142 si\u0119 i zwracaj\u0105c si\u0119 do t\u0142umu,<br \/>\nkt\u00f3ry szed\u0142 za Nim, rzek\u0142: \u201ePowiadam wam: Tak wielkiej wiary nie<br \/>\nznalaz\u0142em nawet w Izraelu\u201d.<\/b><\/div>\n<div align=\"justify\" style=\"line-height: 150%; margin-bottom: 0cm; text-indent: 1.3cm;\">\n<b>A<br \/>\ngdy wys\u0142ani wr\u00f3cili do domu, zastali s\u0142ug\u0119 zdrowego.<\/b><\/div>\n<div align=\"justify\" style=\"line-height: 150%; margin-bottom: 0cm;\">\n<\/p>\n<\/div>\n<div align=\"justify\" style=\"line-height: 150%; margin-bottom: 0cm; page-break-before: auto; text-indent: 1.3cm;\">\nBardzo<br \/>\n<b>\u201eeucharystyczne\u201d <\/b>s\u0105 dzisiejsze czytania\u2026 Pierwsze z<br \/>\nnich, z Listu do Koryntian, stanowi dalszy ci\u0105g rozwa\u017ca\u0144 Aposto\u0142a,<br \/>\ndotycz\u0105cych <b>nale\u017cytego prze\u017cywania <\/b><b>U<\/b><b>czty<br \/>\neucharystycznej, <\/b>kt\u00f3ra wtedy dopiero wchodzi\u0142a do praktyki<br \/>\nKo\u015bcio\u0142a, b\u0119d\u0105c \u2013 jak i sam Ko\u015bci\u00f3\u0142 \u2013 czym\u015b <b>ca\u0142kowicie<br \/>\nnowym.<\/b> Jednak ju\u017c wtedy zdarza\u0142y si\u0119 pewne <b>nadu\u017cycia i<br \/>\nb\u0142\u0119dy<\/b> w jej sprawowaniu i prze\u017cywaniu.\n<\/div>\n<div align=\"justify\" style=\"line-height: 150%; margin-bottom: 0cm; text-indent: 1.3cm;\">\nNiestety,<br \/>\ntak\u017ce dzisiaj nie brakuje takich b\u0142\u0119d\u00f3w i powa\u017cnych nadu\u017cy\u0107, o<br \/>\nczym mocno i dobitnie m\u00f3wi Kongregacja do Spraw Kultu Bo\u017cego i<br \/>\nDyscypliny Sakrament\u00f3w w <b>instrukcji \u201eRedemptionis Sacramentum\u201d.<br \/>\n<\/b>Przyznaj\u0119, \u017ce o niekt\u00f3rych nadu\u017cyciach to w\u0142a\u015bnie z tej<br \/>\ninstrukcji si\u0119 dowiedzia\u0142em, bo \u2013 na szcz\u0119\u015bcie \u2013 <b>w Polsce<br \/>\njeszcze do nich nie dochodzi.<\/b> I oby nigdy nie dosz\u0142o!\n<\/div>\n<div align=\"justify\" style=\"line-height: 150%; margin-bottom: 0cm; text-indent: 1.3cm;\">\nNie<br \/>\nwarto nawet wspomina\u0107, o jakich to niew\u0142a\u015bciwych postawach jest<br \/>\ntam mowa \u2013 do wspomnianego dokumentu Stolicy Apostolskiej \u0142atwo<br \/>\ndotrze\u0107, a nam bardziej zale\u017cy na <b>promowaniu w\u0142a\u015bciwego, a nie<br \/>\nb\u0142\u0119dnego prze\u017cywania<\/b> Uczty eucharystycznej.\n<\/div>\n<div align=\"justify\" style=\"line-height: 150%; margin-bottom: 0cm; text-indent: 1.3cm;\">\nTak\u017ce<br \/>\nPaw\u0142owi na tym zale\u017ca\u0142o, dlatego po wyliczeniu niekt\u00f3rych<br \/>\nniew\u0142a\u015bciwych zachowa\u0144, zaobserwowanych u Koryntian, w swoim<br \/>\nrozwa\u017caniu <b>wraca wr\u0119cz do \u017ar\u00f3de\u0142, do pocz\u0105tku Eucharystii,<br \/>\n<\/b>przypominaj\u0105c sam moment jej ustanowienia! Dzi\u0119ki temu mamy<br \/>\ndzisiaj <b>w Pi\u015bmie \u015awi\u0119tym <\/b><b>cztery takie opisy,<\/b> bowiem<br \/>\nnie wszyscy Ewangeli\u015bci ten moment opisuj\u0105, czyni to trzech z nich<br \/>\n\u2013 oraz w\u0142a\u015bnie \u015awi\u0119ty Pawe\u0142.\n<\/div>\n<div align=\"justify\" style=\"line-height: 150%; margin-bottom: 0cm; text-indent: 1.3cm;\">\nZapewne<br \/>\nuzna\u0142 on za celowe w\u0142a\u015bnie w tym momencie opis ten umie\u015bci\u0107, aby<br \/>\nna nowo u\u015bwiadomi\u0107 swoim uczniom Koryntianom, \u017ce uczestnicz\u0105c w<br \/>\nUczcie eucharystycznej, <b>uczestnicz\u0105 naprawd\u0119 w Ofierze<br \/>\nChrystusa,<\/b> a nie jakim\u015b zwyczajnym obiedzie czy kolacji. My<br \/>\nnatomiast, kt\u00f3rzy dzisiaj odczytujemy te s\u0142owa Aposto\u0142a,<br \/>\nodczytujemy je w kontek\u015bcie wydarzenia, opisanego przez \u0141ukasza<br \/>\nEwangelist\u0119.\n<\/div>\n<div align=\"justify\" style=\"line-height: 150%; margin-bottom: 0cm; text-indent: 1.3cm;\">\nA<br \/>\njest to historia uzdrowienia s\u0142ugi rzymskiego setnika \u2013<br \/>\nuzdrowienia poprzedzonego <b>niezwyk\u0142\u0105 pro\u015bb\u0105 tego\u017c setnika,<br \/>\n<\/b><b>skierowan\u0105 do Jezusa<\/b><b>.<\/b> Jak s\u0142yszymy, setnik \u00f3w<br \/>\ntak zachwyci\u0142 Jezusa swoj\u0105 wiar\u0105, \u017ce spotka\u0142 si\u0119 ze <b>wspania\u0142\u0105<br \/>\npochwa\u0142\u0105 swojej postawy,<\/b> a Ko\u015bci\u00f3\u0142 do dzi\u015b niejako <b>uczy<br \/>\nsi\u0119 w\u0142a\u015bnie tej postawy<\/b> rzymskiego \u017co\u0142nierza, powtarzaj\u0105c w<br \/>\nka\u017cdej Mszy \u015awi\u0119tej \u2013 oczywi\u015bcie, w formie nieco zmodyfikowanej<br \/>\n\u2013 s\u0142owa, kt\u00f3re on wtedy wypowiedzia\u0142: <i><b>Panie,<br \/>\nnie trud\u017a si\u0119, bo nie jestem godzien, aby\u015b wszed\u0142 pod dach m\u00f3j.<br \/>\nI dlatego ja sam nie uwa\u017ca\u0142em si\u0119 za godnego przyj\u015b\u0107 do Ciebie.<br \/>\nLecz powiedz s\u0142owo, a m\u00f3j s\u0142uga b\u0119dzie uzdrowiony.<\/b><\/i><\/p>\n<\/div>\n<div align=\"justify\" style=\"line-height: 150%; margin-bottom: 0cm; text-indent: 1.3cm;\">\nDlatego<br \/>\nwspomnieli\u015bmy sobie na pocz\u0105tku, \u017ce oba dzisiejsze czytania s\u0105<br \/>\n\u201eeucharystyczne\u201d, bo pierwsze traktuje o <b>nale\u017cytym<br \/>\nprze\u017cywaniu Uczty eucharystycznej,<\/b><br \/>\na Ewangelia zawiera s\u0142owa, kt\u00f3re <b>my<br \/>\ndzisiaj w ka\u017cdej Mszy \u015awi\u0119tej powtarzamy<\/b><br \/>\n\u2013 chocia\u017c \u00f3w niezwyk\u0142y rzymski setnik ani nie pomy\u015bla\u0142 na<br \/>\npewno, \u017ce jego s\u0142owa zrobi\u0105 tak\u0105 \u201efuror\u0119\u201d w Ko\u015bciele! A<br \/>\njednak. Czemu tak si\u0119 sta\u0142o?<\/div>\n<div align=\"justify\" style=\"line-height: 150%; margin-bottom: 0cm; text-indent: 1.3cm;\">\nBo<br \/>\nsetnik podszed\u0142 w\u00f3wczas do Jezusa <b>z<br \/>\nwielk\u0105 wiar\u0105 i pokor\u0105.<\/b><br \/>\nA Ko\u015bci\u00f3\u0142 tego nas chce<br \/>\nnauczy\u0107,<br \/>\naby\u015bmy do Boga zawsze podchodzili w\u0142a\u015bnie w ten spos\u00f3b \u2013<br \/>\nszczeg\u00f3lnie wtedy, kiedy tego\u017c Boga <b>niemal\u017ce<br \/>\nfizycznie dotykamy i przyjmujemy,<\/b><br \/>\nczyli w czasie Mszy \u015awi\u0119tej. W tym sensie mo\u017cemy powiedzie\u0107, \u017ce<br \/>\ndzisiejsze czytania s\u0105 w swej wymowie \u201eeucharystyczne\u201d, bo<br \/>\nucz\u0105 nas <b>wielkiej<br \/>\nwiary i pokory<\/b><br \/>\nw sprawowaniu i prze\u017cywaniu owej niezwyk\u0142ej Tajemnicy.<\/div>\n<div align=\"justify\" style=\"line-height: 150%; margin-bottom: 0cm; text-indent: 1.3cm;\">\nKochani,<br \/>\nmy do ka\u017cdej Mszy \u015awi\u0119tej powinni\u015bmy w taki w\u0142a\u015bnie spos\u00f3b<br \/>\npodchodzi\u0107.<b><br \/>\nMsza \u015awi\u0119ta nigdy nie mo\u017ce nam spowszednie\u0107! Nigdy! <\/b>By\u0142oby<br \/>\nto wielkim nieszcz\u0119\u015bciem! A tak si\u0119 niekiedy \u2013 niestety \u2013<br \/>\nzdarza\u2026\n<\/div>\n<div align=\"justify\" style=\"line-height: 150%; margin-bottom: 0cm; text-indent: 1.3cm;\">\nMo\u017ce<br \/>\nzatem warto raz jeszcze wczyta\u0107 si\u0119 w s\u0142owa Aposto\u0142a, skierowane<br \/>\ndzi\u015b do Koryntian \u2013 ale przecie\u017c tak\u017ce i do nas; mo\u017ce warto<br \/>\n<b>si\u0119gn\u0105\u0107<br \/>\npo instrukcj\u0119 \u201eRedemptionis Sacramentum\u201d<\/b><br \/>\ni zag\u0142\u0119bi\u0107 si\u0119 w jej tre\u015b\u0107; a na pewno warto z wi\u0119ksz\u0105, ni\u017c<br \/>\ndotychczas, <b>uwag\u0105<br \/>\n<\/b><b>i<br \/>\n\u015bwiadomo\u015bci\u0105 <\/b><b>wypowiada\u0107<\/b><br \/>\nwe Mszy \u015awi\u0119tej s\u0142owa: \u201ePanie, nie jestem godzien, aby\u015b<br \/>\nprzyszed\u0142 do mnie\u2026\u201d. I<br \/>\nz takim w\u0142a\u015bnie nastawieniem \u2013 <b>z<br \/>\nwiar\u0105, kt\u00f3r\u0105 setnik dzi\u015b zachwyci\u0142 Jezusa <\/b>\u2013<br \/>\nstara\u0107 si\u0119 <b>ka\u017cd\u0105<\/b><br \/>\nMsz\u0119 \u015awi\u0119t\u0105 prze\u017cywa\u0107\u2026<\/div>\n<div align=\"justify\" style=\"line-height: 150%; margin-bottom: 0cm; text-indent: 1.3cm;\">\nW<br \/>\ntym kontek\u015bcie pomy\u015blmy:<\/div>\n<div align=\"justify\" style=\"line-height: 150%; margin-bottom: 0cm;\">\n\u2013<br \/>\nCzy<br \/>\n\u2013 i jak \u2013 przygotowuj\u0119 si\u0119 do ka\u017cdej Mszy \u015awi\u0119tej: czy w<br \/>\nog\u00f3le nie sp\u00f3\u017aniam si\u0119 na ni\u0105?<\/div>\n<div align=\"justify\" style=\"line-height: 150%; margin-bottom: 0cm;\">\n\u2013<br \/>\nCzy<br \/>\nstaram si\u0119 w niej uczestniczy\u0107 w spos\u00f3b aktywny: poprzez udzia\u0142<br \/>\nwe wsp\u00f3lnych modlitwach i \u015bpiewach; oraz w spos\u00f3b pe\u0142ny: przez<br \/>\nprzyj\u0119cie Komunii \u015awi\u0119tej?<\/div>\n<div align=\"justify\" style=\"line-height: 150%; margin-bottom: 0cm;\">\n\u2013<br \/>\nCzy<br \/>\npo ka\u017cdej Mszy \u015awi\u0119tej chocia\u017c przez chwil\u0119 dzi\u0119kuj\u0119 za ten<br \/>\nwielki dar, jaki od Pana otrzyma\u0142em?<\/div>\n<p><\/p>\n<div align=\"justify\" style=\"line-height: 150%; margin-bottom: 0cm;\">\n<i><b>Ja<br \/>\nbowiem otrzyma\u0142em od Pana to, co wam przekaza\u0142em, \u017ce Pan Jezus tej<br \/>\nnocy, kiedy zosta\u0142 wydany, wzi\u0105\u0142 chleb i dzi\u0119ki uczyniwszy<br \/>\npo\u0142ama\u0142 i rzek\u0142: \u201eTo jest Cia\u0142o moje za was wydane. Czy\u0144cie to<br \/>\nna moj\u0105 pami\u0105tk\u0119\u201d. Podobnie, sko\u0144czywszy wieczerz\u0119, wzi\u0105\u0142<br \/>\nkielich, m\u00f3wi\u0105c: \u201eTen kielich jest Nowym Przymierzem we Krwi<br \/>\nmojej. Czy\u0144cie to, ile razy pi\u0107 b\u0119dziecie, na moj\u0105 pami\u0105tk\u0119\u201d.<br \/>\nIlekro\u0107 bowiem spo\u017cywacie ten chleb albo pijecie kielich, \u015bmier\u0107<br \/>\nPa\u0144sk\u0105 g\u0142osicie, a\u017c przyjdzie\u2026<\/b><\/i><\/div>\n","protected":false},"excerpt":{"rendered":"<p>Szcz\u0119\u015b\u0107 Bo\u017ce! Moi Drodzy, w dniu dzisiejszym urodziny obchodzi Barbara Kryczka oraz Aneta Jab\u0142o\u0144ska. Obie Panie pozna\u0142em w czasie pierwszego mojego wikariatu, w Radory\u017cu Ko\u015bcielnym, obie te\u017c obecnie mieszkaj\u0105 na terenie tej\u017ce Parafii. \u017bycz\u0119 Dostojnym Jubilatkom tak niezwyk\u0142ej wiary i blisko\u015bci Jezusa, jak\u0105 dzi\u015b pokaza\u0142 nam wszystkim setnik z Ewangelii. I o tak\u0105 w\u0142a\u015bnie wiar\u0119 [&hellip;]<\/p>\n","protected":false},"author":1,"featured_media":0,"comment_status":"open","ping_status":"open","sticky":false,"template":"","format":"standard","meta":{"jetpack_post_was_ever_published":false,"_jetpack_newsletter_access":"","_jetpack_dont_email_post_to_subs":false,"_jetpack_newsletter_tier_id":0,"_jetpack_memberships_contains_paywalled_content":false,"_jetpack_memberships_contains_paid_content":false,"footnotes":""},"categories":[1],"tags":[],"class_list":["post-7906","post","type-post","status-publish","format-standard","hentry","category-bez-kategorii"],"yoast_head":"<!-- This site is optimized with the Yoast SEO plugin v25.1 - https:\/\/yoast.com\/wordpress\/plugins\/seo\/ -->\n<title>Panie, nie jestem godzien... - Gaudium Et Spes<\/title>\n<meta name=\"robots\" content=\"index, follow, max-snippet:-1, max-image-preview:large, max-video-preview:-1\" \/>\n<link rel=\"canonical\" href=\"https:\/\/gaudiumetspes-blog.pl\/index.php\/2016\/09\/12\/panie-nie-jestem-godzien\/\" \/>\n<meta property=\"og:locale\" content=\"pl_PL\" \/>\n<meta property=\"og:type\" content=\"article\" \/>\n<meta property=\"og:title\" content=\"Panie, nie jestem godzien... - Gaudium Et Spes\" \/>\n<meta property=\"og:description\" content=\"Szcz\u0119\u015b\u0107 Bo\u017ce! Moi Drodzy, w dniu dzisiejszym urodziny obchodzi Barbara Kryczka oraz Aneta Jab\u0142o\u0144ska. Obie Panie pozna\u0142em w czasie pierwszego mojego wikariatu, w Radory\u017cu Ko\u015bcielnym, obie te\u017c obecnie mieszkaj\u0105 na terenie tej\u017ce Parafii. \u017bycz\u0119 Dostojnym Jubilatkom tak niezwyk\u0142ej wiary i blisko\u015bci Jezusa, jak\u0105 dzi\u015b pokaza\u0142 nam wszystkim setnik z Ewangelii. I o tak\u0105 w\u0142a\u015bnie wiar\u0119 [&hellip;]\" \/>\n<meta property=\"og:url\" content=\"https:\/\/gaudiumetspes-blog.pl\/index.php\/2016\/09\/12\/panie-nie-jestem-godzien\/\" \/>\n<meta property=\"og:site_name\" content=\"Gaudium Et Spes\" \/>\n<meta property=\"article:published_time\" content=\"2016-09-12T03:56:00+00:00\" \/>\n<meta property=\"article:modified_time\" content=\"2019-07-31T10:56:26+00:00\" \/>\n<meta name=\"author\" content=\"Ks. Jacek\" \/>\n<meta name=\"twitter:card\" content=\"summary_large_image\" \/>\n<meta name=\"twitter:label1\" content=\"Napisane przez\" \/>\n\t<meta name=\"twitter:data1\" content=\"Ks. Jacek\" \/>\n\t<meta name=\"twitter:label2\" content=\"Szacowany czas czytania\" \/>\n\t<meta name=\"twitter:data2\" content=\"8 minut\" \/>\n<script type=\"application\/ld+json\" class=\"yoast-schema-graph\">{\"@context\":\"https:\/\/schema.org\",\"@graph\":[{\"@type\":\"WebPage\",\"@id\":\"https:\/\/gaudiumetspes-blog.pl\/index.php\/2016\/09\/12\/panie-nie-jestem-godzien\/\",\"url\":\"https:\/\/gaudiumetspes-blog.pl\/index.php\/2016\/09\/12\/panie-nie-jestem-godzien\/\",\"name\":\"Panie, nie jestem godzien... - Gaudium Et Spes\",\"isPartOf\":{\"@id\":\"https:\/\/gaudiumetspes-blog.pl\/#website\"},\"datePublished\":\"2016-09-12T03:56:00+00:00\",\"dateModified\":\"2019-07-31T10:56:26+00:00\",\"author\":{\"@id\":\"https:\/\/gaudiumetspes-blog.pl\/#\/schema\/person\/1661982992b752dea8dff0d4ed845a65\"},\"breadcrumb\":{\"@id\":\"https:\/\/gaudiumetspes-blog.pl\/index.php\/2016\/09\/12\/panie-nie-jestem-godzien\/#breadcrumb\"},\"inLanguage\":\"pl-PL\",\"potentialAction\":[{\"@type\":\"ReadAction\",\"target\":[\"https:\/\/gaudiumetspes-blog.pl\/index.php\/2016\/09\/12\/panie-nie-jestem-godzien\/\"]}]},{\"@type\":\"BreadcrumbList\",\"@id\":\"https:\/\/gaudiumetspes-blog.pl\/index.php\/2016\/09\/12\/panie-nie-jestem-godzien\/#breadcrumb\",\"itemListElement\":[{\"@type\":\"ListItem\",\"position\":1,\"name\":\"Strona g\u0142\u00f3wna\",\"item\":\"https:\/\/gaudiumetspes-blog.pl\/\"},{\"@type\":\"ListItem\",\"position\":2,\"name\":\"Panie, nie&nbsp;jestem godzien&#8230;\"}]},{\"@type\":\"WebSite\",\"@id\":\"https:\/\/gaudiumetspes-blog.pl\/#website\",\"url\":\"https:\/\/gaudiumetspes-blog.pl\/\",\"name\":\"Gaudium Et Spes\",\"description\":\"Blog Ks. Jacka Ja\u015bkowskiego\",\"potentialAction\":[{\"@type\":\"SearchAction\",\"target\":{\"@type\":\"EntryPoint\",\"urlTemplate\":\"https:\/\/gaudiumetspes-blog.pl\/?s={search_term_string}\"},\"query-input\":{\"@type\":\"PropertyValueSpecification\",\"valueRequired\":true,\"valueName\":\"search_term_string\"}}],\"inLanguage\":\"pl-PL\"},{\"@type\":\"Person\",\"@id\":\"https:\/\/gaudiumetspes-blog.pl\/#\/schema\/person\/1661982992b752dea8dff0d4ed845a65\",\"name\":\"Ks. Jacek\",\"image\":{\"@type\":\"ImageObject\",\"inLanguage\":\"pl-PL\",\"@id\":\"https:\/\/gaudiumetspes-blog.pl\/#\/schema\/person\/image\/\",\"url\":\"https:\/\/gaudiumetspes-blog.pl\/wp-content\/uploads\/2019\/07\/avatar-JJ-150x150.jpg\",\"contentUrl\":\"https:\/\/gaudiumetspes-blog.pl\/wp-content\/uploads\/2019\/07\/avatar-JJ-150x150.jpg\",\"caption\":\"Ks. Jacek\"},\"description\":\"Witam serdecznie! K\u0142ania si\u0119 Ks. Jacek Ja\u015bkowski. Nie jestem ani kim\u015b wa\u017cnym, ani kim\u015b znanym. Jestem ksi\u0119dzem, kt\u00f3ry po prostu chce rozmawia\u0107. Codzienna kap\u0142a\u0144ska pos\u0142uga pokazuje mi, \u017ce temat\u00f3w do rozm\u00f3w z ksi\u0119dzem jest coraz wi\u0119cej i dzisiaj \u017caden ksi\u0105dz nie mo\u017ce od nich ucieka\u0107, ale - wprost przeciwnie - podejmowa\u0107 nowe wyzwania. To przekonanie sk\u0142oni\u0142o mnie do pr\u00f3by otwarcia tego\u017c bloga, chocia\u017c okazji do rozm\u00f3w na co dzie\u0144 - w konfesjonale i poza nim - na szcz\u0119\u015bcie nie brakuje. My\u015bl\u0119 jednak, \u017ce ten blog b\u0119dzie jeszcze jednym sposobem i przestrzeni\u0105 nawi\u0105zania kontaktu z lud\u017ami dobrej woli, otwartymi na dialog.\",\"url\":\"https:\/\/gaudiumetspes-blog.pl\/index.php\/author\/ks-jacek\/\"}]}<\/script>\n<!-- \/ Yoast SEO plugin. -->","yoast_head_json":{"title":"Panie, nie jestem godzien... - Gaudium Et Spes","robots":{"index":"index","follow":"follow","max-snippet":"max-snippet:-1","max-image-preview":"max-image-preview:large","max-video-preview":"max-video-preview:-1"},"canonical":"https:\/\/gaudiumetspes-blog.pl\/index.php\/2016\/09\/12\/panie-nie-jestem-godzien\/","og_locale":"pl_PL","og_type":"article","og_title":"Panie, nie jestem godzien... - Gaudium Et Spes","og_description":"Szcz\u0119\u015b\u0107 Bo\u017ce! Moi Drodzy, w dniu dzisiejszym urodziny obchodzi Barbara Kryczka oraz Aneta Jab\u0142o\u0144ska. Obie Panie pozna\u0142em w czasie pierwszego mojego wikariatu, w Radory\u017cu Ko\u015bcielnym, obie te\u017c obecnie mieszkaj\u0105 na terenie tej\u017ce Parafii. \u017bycz\u0119 Dostojnym Jubilatkom tak niezwyk\u0142ej wiary i blisko\u015bci Jezusa, jak\u0105 dzi\u015b pokaza\u0142 nam wszystkim setnik z Ewangelii. I o tak\u0105 w\u0142a\u015bnie wiar\u0119 [&hellip;]","og_url":"https:\/\/gaudiumetspes-blog.pl\/index.php\/2016\/09\/12\/panie-nie-jestem-godzien\/","og_site_name":"Gaudium Et Spes","article_published_time":"2016-09-12T03:56:00+00:00","article_modified_time":"2019-07-31T10:56:26+00:00","author":"Ks. Jacek","twitter_card":"summary_large_image","twitter_misc":{"Napisane przez":"Ks. Jacek","Szacowany czas czytania":"8 minut"},"schema":{"@context":"https:\/\/schema.org","@graph":[{"@type":"WebPage","@id":"https:\/\/gaudiumetspes-blog.pl\/index.php\/2016\/09\/12\/panie-nie-jestem-godzien\/","url":"https:\/\/gaudiumetspes-blog.pl\/index.php\/2016\/09\/12\/panie-nie-jestem-godzien\/","name":"Panie, nie jestem godzien... - Gaudium Et Spes","isPartOf":{"@id":"https:\/\/gaudiumetspes-blog.pl\/#website"},"datePublished":"2016-09-12T03:56:00+00:00","dateModified":"2019-07-31T10:56:26+00:00","author":{"@id":"https:\/\/gaudiumetspes-blog.pl\/#\/schema\/person\/1661982992b752dea8dff0d4ed845a65"},"breadcrumb":{"@id":"https:\/\/gaudiumetspes-blog.pl\/index.php\/2016\/09\/12\/panie-nie-jestem-godzien\/#breadcrumb"},"inLanguage":"pl-PL","potentialAction":[{"@type":"ReadAction","target":["https:\/\/gaudiumetspes-blog.pl\/index.php\/2016\/09\/12\/panie-nie-jestem-godzien\/"]}]},{"@type":"BreadcrumbList","@id":"https:\/\/gaudiumetspes-blog.pl\/index.php\/2016\/09\/12\/panie-nie-jestem-godzien\/#breadcrumb","itemListElement":[{"@type":"ListItem","position":1,"name":"Strona g\u0142\u00f3wna","item":"https:\/\/gaudiumetspes-blog.pl\/"},{"@type":"ListItem","position":2,"name":"Panie, nie&nbsp;jestem godzien&#8230;"}]},{"@type":"WebSite","@id":"https:\/\/gaudiumetspes-blog.pl\/#website","url":"https:\/\/gaudiumetspes-blog.pl\/","name":"Gaudium Et Spes","description":"Blog Ks. Jacka Ja\u015bkowskiego","potentialAction":[{"@type":"SearchAction","target":{"@type":"EntryPoint","urlTemplate":"https:\/\/gaudiumetspes-blog.pl\/?s={search_term_string}"},"query-input":{"@type":"PropertyValueSpecification","valueRequired":true,"valueName":"search_term_string"}}],"inLanguage":"pl-PL"},{"@type":"Person","@id":"https:\/\/gaudiumetspes-blog.pl\/#\/schema\/person\/1661982992b752dea8dff0d4ed845a65","name":"Ks. Jacek","image":{"@type":"ImageObject","inLanguage":"pl-PL","@id":"https:\/\/gaudiumetspes-blog.pl\/#\/schema\/person\/image\/","url":"https:\/\/gaudiumetspes-blog.pl\/wp-content\/uploads\/2019\/07\/avatar-JJ-150x150.jpg","contentUrl":"https:\/\/gaudiumetspes-blog.pl\/wp-content\/uploads\/2019\/07\/avatar-JJ-150x150.jpg","caption":"Ks. Jacek"},"description":"Witam serdecznie! K\u0142ania si\u0119 Ks. Jacek Ja\u015bkowski. Nie jestem ani kim\u015b wa\u017cnym, ani kim\u015b znanym. Jestem ksi\u0119dzem, kt\u00f3ry po prostu chce rozmawia\u0107. Codzienna kap\u0142a\u0144ska pos\u0142uga pokazuje mi, \u017ce temat\u00f3w do rozm\u00f3w z ksi\u0119dzem jest coraz wi\u0119cej i dzisiaj \u017caden ksi\u0105dz nie mo\u017ce od nich ucieka\u0107, ale - wprost przeciwnie - podejmowa\u0107 nowe wyzwania. To przekonanie sk\u0142oni\u0142o mnie do pr\u00f3by otwarcia tego\u017c bloga, chocia\u017c okazji do rozm\u00f3w na co dzie\u0144 - w konfesjonale i poza nim - na szcz\u0119\u015bcie nie brakuje. My\u015bl\u0119 jednak, \u017ce ten blog b\u0119dzie jeszcze jednym sposobem i przestrzeni\u0105 nawi\u0105zania kontaktu z lud\u017ami dobrej woli, otwartymi na dialog.","url":"https:\/\/gaudiumetspes-blog.pl\/index.php\/author\/ks-jacek\/"}]}},"jetpack_featured_media_url":"","jetpack_sharing_enabled":true,"_links":{"self":[{"href":"https:\/\/gaudiumetspes-blog.pl\/index.php\/wp-json\/wp\/v2\/posts\/7906","targetHints":{"allow":["GET"]}}],"collection":[{"href":"https:\/\/gaudiumetspes-blog.pl\/index.php\/wp-json\/wp\/v2\/posts"}],"about":[{"href":"https:\/\/gaudiumetspes-blog.pl\/index.php\/wp-json\/wp\/v2\/types\/post"}],"author":[{"embeddable":true,"href":"https:\/\/gaudiumetspes-blog.pl\/index.php\/wp-json\/wp\/v2\/users\/1"}],"replies":[{"embeddable":true,"href":"https:\/\/gaudiumetspes-blog.pl\/index.php\/wp-json\/wp\/v2\/comments?post=7906"}],"version-history":[{"count":1,"href":"https:\/\/gaudiumetspes-blog.pl\/index.php\/wp-json\/wp\/v2\/posts\/7906\/revisions"}],"predecessor-version":[{"id":12795,"href":"https:\/\/gaudiumetspes-blog.pl\/index.php\/wp-json\/wp\/v2\/posts\/7906\/revisions\/12795"}],"wp:attachment":[{"href":"https:\/\/gaudiumetspes-blog.pl\/index.php\/wp-json\/wp\/v2\/media?parent=7906"}],"wp:term":[{"taxonomy":"category","embeddable":true,"href":"https:\/\/gaudiumetspes-blog.pl\/index.php\/wp-json\/wp\/v2\/categories?post=7906"},{"taxonomy":"post_tag","embeddable":true,"href":"https:\/\/gaudiumetspes-blog.pl\/index.php\/wp-json\/wp\/v2\/tags?post=7906"}],"curies":[{"name":"wp","href":"https:\/\/api.w.org\/{rel}","templated":true}]}}