{"id":7958,"date":"2016-07-22T04:21:00","date_gmt":"2016-07-22T02:21:00","guid":{"rendered":"https:\/\/gaudiumetspes-blog.pl\/index.php\/2016\/07\/22\/widziaam-pana-i-to-mi-powiedzia\/"},"modified":"2019-07-31T12:56:21","modified_gmt":"2019-07-31T10:56:21","slug":"widziaam-pana-i-to-mi-powiedzia","status":"publish","type":"post","link":"https:\/\/gaudiumetspes-blog.pl\/index.php\/2016\/07\/22\/widziaam-pana-i-to-mi-powiedzia\/","title":{"rendered":"Widzia\u0142am Pana i to mi powiedzia\u0142!"},"content":{"rendered":"<div align=\"justify\" style=\"line-height: 150%; margin-bottom: 0cm;\">\nSzcz\u0119\u015b\u0107 Bo\u017ce! Moi Drodzy, w dniu dzisiejszym<b> rocznic\u0119 zawarcia sakramentalnego Ma\u0142\u017ce\u0144stwa prze\u017cywaj\u0105 Pa\u0144stwo Ewa i W\u0142odzimierz Olendrowie z Celestynowa. Dzi\u0119kuj\u0105c Im za sta\u0142\u0105 i wiern\u0105 przyja\u017a\u0144 oraz za wszelk\u0105 \u017cyczliwo\u015b\u0107, modl\u0119 si\u0119 dla Jubilat\u00f3w o tak\u0105 wi\u0119\u017a z Jezusem, jakiej przyk\u0142ad daje dzisiejsza Patronka.&nbsp;<\/b><\/div>\n<div align=\"justify\" style=\"line-height: 150%; margin-bottom: 0cm;\">\n<b>&nbsp; &nbsp; &nbsp; Imieniny natomiast obchodz\u0105 dzisiaj: Magda Sosnowska, pochodz\u0105ca z Wojcieszkowa; Magda Golba, tak\u017ce pochodz\u0105ca z Wojcieszkowa i nale\u017c\u0105ca w swoim czasie do tamtejszej Wsp\u00f3lnoty; oraz Magdalena Majchrzyk, kt\u00f3r\u0105 znam jeszcze z czas\u00f3w bialskich jako Magdalen\u0119 Bytniewsk\u0105. Urodziny natomiast prze\u017cywa Piotr Kalbarczyk, Lektor z Celestynowa. Im tak\u017ce \u017cycz\u0119 wielkiej i szczerej mi\u0142o\u015bci, \u0142\u0105cz\u0105cej Ich z Jezusem i kszta\u0142tuj\u0105cej wszelkie relacje z lud\u017ami.<\/b><\/div>\n<div align=\"justify\" style=\"line-height: 150%; margin-bottom: 0cm;\">\n&nbsp; &nbsp; &nbsp; &nbsp; Moi Drodzy, Uczestnicy \u015awiatowych Dni M\u0142odzie\u017cy maj\u0105 za sob\u0105 pierwszy dzie\u0144 w diecezjach. Relacje ze spotka\u0144 i wsp\u00f3lnych &#8222;manewr\u00f3w&#8221; tchn\u0105 niezwyk\u0142ym entuzjazmem i rado\u015bci\u0105. Oby w taki w\u0142a\u015bnie spos\u00f3b &#8211; a nade wszystko: w duchu wielkiej wiary! &#8211; przebieg\u0142o ca\u0142e to niezwyk\u0142e Spotkanie!<\/div>\n<div align=\"justify\" style=\"line-height: 150%; margin-bottom: 0cm;\">\n&nbsp; &nbsp; &nbsp; &nbsp; &nbsp; &nbsp; &nbsp; &nbsp; &nbsp; &nbsp; &nbsp; &nbsp; &nbsp; &nbsp; &nbsp; &nbsp; &nbsp; &nbsp; &nbsp; &nbsp;Gaudium et spes! &nbsp;Ks. Jacek<\/div>\n<div align=\"justify\" style=\"line-height: 150%; margin-bottom: 0cm;\">\n<b><br \/><\/b><\/div>\n<div align=\"justify\" style=\"line-height: 150%; margin-bottom: 0cm;\">\n<b>\u015awi\u0119to<br \/>\n\u015aw. Marii Magdaleny,<\/b><\/div>\n<div align=\"justify\" style=\"line-height: 150%; margin-bottom: 0cm;\">\n<b>do<br \/>\nczyta\u0144 z t. VI Lekcjonarza: <\/b>\n<\/div>\n<div align=\"justify\" style=\"line-height: 150%; margin-bottom: 0cm;\">\n<p>                   <b>Pnp<br \/>\n8,6\u20137;  albo:  2 Kor 5,14\u201317;  J 20,1,11\u201318<\/b><\/div>\n<div align=\"justify\" style=\"line-height: 150%; margin-bottom: 0cm;\">\n<\/p>\n<\/div>\n<div align=\"justify\" style=\"line-height: 150%; margin-bottom: 0cm;\">\n<b>CZYTANIE<br \/>\nZ KSI\u0118GI PIE\u015aNI NAD PIE\u015aNIAMI:<\/b><\/div>\n<div align=\"justify\" style=\"break-before: auto; line-height: 150%; margin-bottom: 0cm; text-indent: 1.3cm;\">\n<b>Po\u0142\u00f3\u017c<br \/>\nmnie jak piecz\u0119\u0107 na twoim sercu, jak piecz\u0119\u0107 na twoim ramieniu,<br \/>\nbo jak \u015bmier\u0107 pot\u0119\u017cna jest mi\u0142o\u015b\u0107, a zazdro\u015b\u0107 jej<br \/>\nnieprzejednana jak otch\u0142a\u0144; \u017car jej to \u017car ognia, p\u0142omie\u0144 Pana.<\/b><\/div>\n<div align=\"justify\" style=\"line-height: 150%; margin-bottom: 0cm; text-indent: 1.3cm;\">\n<b>Wody<br \/>\nwielkie nie zdo\u0142aj\u0105 ugasi\u0107 mi\u0142o\u015bci, nie zatopi\u0105 jej rzeki.<br \/>\nJe\u015bliby kto odda\u0142 za mi\u0142o\u015b\u0107 ca\u0142e bogactwo swego domu, pogardz\u0105<br \/>\nnim tylko.<\/b><\/div>\n<div align=\"justify\" style=\"line-height: 150%; margin-bottom: 0cm;\">\n<\/p>\n<\/div>\n<div align=\"center\" style=\"line-height: 150%; margin-bottom: 0cm;\">\n<b>ALBO:<\/b><\/div>\n<div align=\"justify\" style=\"line-height: 150%; margin-bottom: 0cm;\">\n<\/p>\n<\/div>\n<div align=\"justify\" style=\"line-height: 150%; margin-bottom: 0cm;\">\n<b>CZYTANIE<br \/>\nZ DRUGIEGO LISTU \u015aWI\u0118TEGO PAW\u0141A APOSTO\u0141A DO KORYNTIAN<\/b><\/div>\n<div align=\"justify\" style=\"line-height: 150%; margin-bottom: 0cm; page-break-before: auto; text-indent: 1.3cm;\">\n<b>Bracia:<br \/>\nMi\u0142o\u015b\u0107 Chrystusa przynagla nas, pomnych na to, \u017ce skoro Jeden<br \/>\numar\u0142 za wszystkich, to wszyscy pomarli. A w\u0142a\u015bnie za wszystkich<br \/>\numar\u0142 Chrystus, aby ci, co \u017cyj\u0105, ju\u017c nie \u017cyli dla siebie, lecz<br \/>\ndla Tego, kt\u00f3ry za nich umar\u0142 i zmartwychwsta\u0142.<\/b><\/div>\n<div align=\"justify\" style=\"line-height: 150%; margin-bottom: 0cm; text-indent: 1.3cm;\">\n<b>Tak<br \/>\nwi\u0119c i my odt\u0105d ju\u017c nikogo nie znamy wed\u0142ug cia\u0142a; a je\u015bli<br \/>\nnawet wed\u0142ug cia\u0142a poznali\u015bmy Chrystusa, to ju\u017c wi\u0119cej nie znamy<br \/>\nGo w ten spos\u00f3b. Je\u017celi wi\u0119c kto\u015b<br \/>\npozostaje w Chrystusie, jest nowym stworzeniem. To, co dawne, min\u0119\u0142o,<br \/>\na oto wszystko sta\u0142o si\u0119 nowe.<\/b><\/div>\n<div align=\"justify\" style=\"line-height: 150%; margin-bottom: 0cm;\">\n<\/p>\n<\/div>\n<div align=\"justify\" style=\"line-height: 150%; margin-bottom: 0cm;\">\n<b>S\u0141OWA<br \/>\nEWANGELII WED\u0141UG \u015aWI\u0118TEGO JANA:<\/b><\/div>\n<div align=\"justify\" style=\"break-before: auto; line-height: 150%; margin-bottom: 0cm; text-indent: 1.3cm;\">\n<b>Pierwszego<br \/>\ndnia po szabacie, wczesnym rankiem, gdy jeszcze by\u0142o ciemno, Maria<br \/>\nMagdalena uda\u0142a si\u0119 do grobu i zobaczy\u0142a kamie\u0144 od niego<br \/>\nodsuni\u0119ty.<\/b><\/div>\n<div align=\"justify\" style=\"line-height: 150%; margin-bottom: 0cm; text-indent: 1.3cm;\">\n<b>Maria<br \/>\nsta\u0142a przed grobem p\u0142acz\u0105c. A kiedy tak p\u0142aka\u0142a, nachyli\u0142a si\u0119<br \/>\ndo grobu i ujrza\u0142a dw\u00f3ch anio\u0142\u00f3w w bieli, siedz\u0105cych tam, gdzie<br \/>\nle\u017ca\u0142o cia\u0142o Jezusa: jednego w miejscu g\u0142owy, a drugiego w<br \/>\nmiejscu n\u00f3g.<\/b><\/div>\n<div align=\"justify\" style=\"line-height: 150%; margin-bottom: 0cm; text-indent: 1.3cm;\">\n<b>I<br \/>\nrzekli do niej: \u201eNiewiasto, czemu p\u0142aczesz?\u201d.<\/b><\/div>\n<div align=\"justify\" style=\"line-height: 150%; margin-bottom: 0cm; text-indent: 1.3cm;\">\n<b>Odpowiedzia\u0142a<br \/>\nim: \u201eZabrano Pana mego i nie wiem, gdzie Go po\u0142o\u017cono\u201d.<\/b><\/div>\n<div align=\"justify\" style=\"line-height: 150%; margin-bottom: 0cm; text-indent: 1.3cm;\">\n<b>Gdy<br \/>\nto powiedzia\u0142a, odwr\u00f3ci\u0142a si\u0119 i ujrza\u0142a stoj\u0105cego Jezusa, ale<br \/>\nnie wiedzia\u0142a, \u017ce to Jezus.<\/b><\/div>\n<div align=\"justify\" style=\"line-height: 150%; margin-bottom: 0cm; text-indent: 1.3cm;\">\n<b>Rzek\u0142<br \/>\ndo niej Jezus: \u201eNiewiasto, czemu p\u0142aczesz? Kogo szukasz?\u201d.<\/b><\/div>\n<div align=\"justify\" style=\"line-height: 150%; margin-bottom: 0cm; text-indent: 1.3cm;\">\n<b>Ona<br \/>\nza\u015b s\u0105dz\u0105c, \u017ce to jest ogrodnik, powiedzia\u0142a do Niego: \u201ePanie,<br \/>\nje\u015bli ty Go przenios\u0142e\u015b, powiedz mi, gdzie Go po\u0142o\u017cy\u0142e\u015b, a ja<br \/>\nGo wezm\u0119\u201d.<\/b><\/div>\n<div align=\"justify\" style=\"line-height: 150%; margin-bottom: 0cm; text-indent: 1.3cm;\">\n<b>Jezus<br \/>\nrzek\u0142 do niej: \u201eMario!\u201d.<\/b><\/div>\n<div align=\"justify\" style=\"line-height: 150%; margin-bottom: 0cm; text-indent: 1.3cm;\">\n<b>A<br \/>\nona obr\u00f3ciwszy si\u0119 powiedzia\u0142a do Niego po hebrajsku: \u201eRabbuni\u201d,<br \/>\nto znaczy: Nauczycielu.<\/b><\/div>\n<div align=\"justify\" style=\"line-height: 150%; margin-bottom: 0cm; text-indent: 1.3cm;\">\n<b>Rzek\u0142<br \/>\ndo niej Jezus: \u201eNie zatrzymuj Mnie; jeszcze bowiem nie wst\u0105pi\u0142em<br \/>\ndo Ojca. Natomiast udaj si\u0119 do moich braci i powiedz im: \u00abWst\u0119puj\u0119<br \/>\ndo Ojca mego i Ojca waszego oraz do Boga mego i Boga waszego\u00bb\u201d.<\/b><\/div>\n<div align=\"justify\" style=\"line-height: 150%; margin-bottom: 0cm; text-indent: 1.3cm;\">\n<b>Posz\u0142a<br \/>\nMaria Magdalena oznajmiaj\u0105c uczniom: \u201eWidzia\u0142am Pana i to mi<br \/>\npowiedzia\u0142\u201d.<\/b><\/div>\n<div align=\"justify\" style=\"line-height: 150%; margin-bottom: 0cm;\">\n<\/p>\n<\/div>\n<div align=\"justify\" style=\"break-before: auto; line-height: 150%; margin-bottom: 0cm; text-indent: 1.3cm;\">\nPatronka<br \/>\ndnia dzisiejszego, <b>Maria, <\/b>pochodzi\u0142a \u2013 wed\u0142ug biblijnej<br \/>\nrelacji \u2013 <b>z miejscowo\u015bci Magdalia, <\/b>znajduj\u0105cej si\u0119 nad<br \/>\nJeziorem Galilejskim, niedaleko Tyberiady. Z Ewangelii wiemy, \u017ce w<br \/>\nswoim czasie <b>w \u017cyciu Marii mia\u0142o miejsce bardzo znacz\u0105ce<br \/>\nwydarzenie: Jezus wyrzuci\u0142 z niej siedem z\u0142ych duch\u00f3w. <\/b>Odt\u0105d<br \/>\nw\u0142\u0105cza si\u0119 ona do grona Jego s\u0142uchaczy i wraz z innymi<br \/>\nniewiastami troszczy si\u0119 o w\u0119druj\u0105cych z Nim ludzi.<\/div>\n<div align=\"justify\" style=\"line-height: 150%; margin-bottom: 0cm; text-indent: 1.3cm;\">\nPo<br \/>\nraz drugi Ewangeli\u015bci wspominaj\u0105 o niej, gdy wyliczaj\u0105 j\u0105 <b>w\u015br\u00f3d<br \/>\nos\u00f3b obecnych przy ukrzy\u017cowaniu i \u015bmierci Jezusa, <\/b>a nast\u0119pnie<br \/>\n\u2013 przy zdj\u0119ciu Cia\u0142a Zbawiciela z krzy\u017ca i pogrzebaniu. Nasza<br \/>\n\u015awi\u0119ta by\u0142a jedn\u0105 z trzech niewiast, kt\u00f3re potem uda\u0142y si\u0119 do<br \/>\ngrobu, aby nama\u015bci\u0107 Cia\u0142o Ukrzy\u017cowanego, <b>ale gr\u00f3b znalaz\u0142y<br \/>\npusty! <\/b>Kiedy zatem Maria Magdalena ujrza\u0142a, \u017ce kamie\u0144 od grobu<br \/>\nby\u0142 odsuni\u0119ty, w\u00f3wczas przera\u017cona, \u017ce \u017bydzi zbezcze\u015bcili Cia\u0142o<br \/>\nZbawiciela, przenosz\u0105c je w niewiadome miejsce \u2013 <b>pobieg\u0142a do<br \/>\nAposto\u0142\u00f3w i powiadomi\u0142a ich o wszystkim.<\/b><\/div>\n<div align=\"justify\" style=\"line-height: 150%; margin-bottom: 0cm; text-indent: 1.3cm;\">\nPotem<br \/>\nsama ponownie wr\u00f3ci\u0142a do Grobu, a tam \u2013 niespodziewanie \u2013<br \/>\n<b>Zmartwychwsta\u0142y ukaza\u0142 jej, jednak ona nie rozpozna\u0142a swego<br \/>\nMistrza, bior\u0105c Go za ogrodnika. <\/b>O tym us\u0142yszeli\u015bmy w<br \/>\ndzisiejszej Ewangelii. Po tym spotkaniu Maria Magdalena \u2013 jako<br \/>\npierwsza \u2013 przekaza\u0142a Aposto\u0142om wie\u015b\u0107 o Zmartwychwstaniu<br \/>\nChrystusa.<\/div>\n<div align=\"justify\" style=\"line-height: 150%; margin-bottom: 0cm; text-indent: 1.3cm;\">\n\u015awi\u0119ty<br \/>\nPapie\u017c Grzegorz I Wielki <b>uto\u017csamia\u0142 Mari\u0119 Magdalen\u0119 z<br \/>\njawnogrzesznic\u0105, <\/b>o kt\u00f3rej pisze \u0141ukasz Ewangelista, jak te\u017c z<br \/>\nMari\u0105, siostr\u0105 \u0141azarza, o kt\u00f3rej z kolei pisze \u015awi\u0119ty Jan, i\u017c<br \/>\n\u2013 podobnie, jak jawnogrzesznica u \u015awi\u0119tego \u0141ukasza \u2013 <b>obmy\u0142a<br \/>\nnogi Pana Jezusa wonnymi olejkami.<\/b><\/div>\n<div align=\"justify\" style=\"line-height: 150%; margin-bottom: 0cm; text-indent: 1.3cm;\">\nWsp\u00f3\u0142cze\u015bni<br \/>\nbibli\u015bci jednak, id\u0105c za pierwotn\u0105 tradycj\u0105 i za Ojcami Ko\u015bcio\u0142a<br \/>\nna Wschodzie, uwa\u017caj\u0105, \u017ce <b>imi\u0119 Maria mia\u0142y trzy niewiasty,<br \/>\nnie maj\u0105ce ze sob\u0105 bli\u017cszego zwi\u0105zku. <\/b>Dlatego to w\u0142a\u015bnie<br \/>\nnajnowsza reforma kalendarza liturgicznego <b>wyra\u017anie odr\u00f3\u017cnia<br \/>\nMari\u0119 Magdalen\u0119 od Marii, siostry \u0141azarza, <\/b>ustanawiaj\u0105c ku<br \/>\nich czci osobne dni wspomnienia.<\/div>\n<div align=\"justify\" style=\"line-height: 150%; margin-bottom: 0cm; text-indent: 1.3cm;\">\nKult<br \/>\n\u015awi\u0119tej Marii Magdaleny jest obecnie <b>powszechny<br \/>\nw Ko\u015bciele tak na Zachodzie, jak i na Wschodzie. <\/b>Nasza<br \/>\ndzisiejsza Patronka ma swoje sanktuaria, do kt\u00f3rych od wiek\u00f3w<br \/>\nlicznie pod\u0105\u017cali i wci\u0105\u017c pod\u0105\u017caj\u0105 pielgrzymi.<\/div>\n<div align=\"justify\" style=\"line-height: 150%; margin-bottom: 0cm; text-indent: 1.3cm;\">\nW<br \/>\nczerwcu bie\u017c\u0105cego roku Papie\u017c Franciszek podni\u00f3s\u0142 dzisiejsze<br \/>\nwspomnienie liturgiczne <b>do rangi \u015bwi\u0119ta liturgicznego.<\/b> To<br \/>\npokazuje, jak bardzo rola Marii Magdaleny jest doceniana we<br \/>\nwsp\u00f3\u0142czesnym Ko\u015bciele \u2013 jak bardzo <b>jest nam ona <\/b><b>tak\u017ce<br \/>\n<\/b><b>dzisiaj potrzebna.<\/b><\/div>\n<div align=\"justify\" style=\"line-height: 150%; margin-bottom: 0cm; text-indent: 1.3cm;\">\nJest<br \/>\nbowiem rzeczywi\u015bcie <b>postaci\u0105 wyj\u0105tkow\u0105,<\/b> a to ze wzgl\u0119du<br \/>\nchocia\u017cby na bardzo szczeg\u00f3ln\u0105 relacj\u0119, jaka \u0142\u0105czy\u0142a j\u0105 z<br \/>\nJezusem. Z pewno\u015bci\u0105, nie dokonamy \u017cadnego epokowego odkrycia,<br \/>\nje\u017celi powiemy, \u017ce by\u0142a to relacja <b>prawdziwej, czystej i<br \/>\npi\u0119knej mi\u0142o\u015bci.<\/b> I dlatego zapewne w\u0142a\u015bnie mi\u0142o\u015b\u0107 stanowi<br \/>\n<b>my\u015bl przewodni\u0105<\/b> wszystkich dzisiejszych czyta\u0144.\n<\/div>\n<div align=\"justify\" style=\"line-height: 150%; margin-bottom: 0cm; text-indent: 1.3cm;\">\nOba<br \/>\nczytania, spo\u015br\u00f3d kt\u00f3rych w liturgii nale\u017cy wybra\u0107 jedno jako<br \/>\nczytanie pierwsze, <b>jasno i wprost o mi\u0142o\u015bci m\u00f3wi\u0105.<\/b> Je\u017celi<br \/>\nidzie o fragment z Ksi\u0119gi Pie\u015bni nad pie\u015bniami, to w\u0142a\u015bciwie <b>nie<br \/>\nma potrzeby go nawet komentowa\u0107,<\/b> aby wielo\u015bci\u0105 s\u0142\u00f3w<br \/>\nostatecznie nie przy\u0107mi\u0107 lub nie rozmydli\u0107 przekazu naprawd\u0119<br \/>\nniezwykle pi\u0119knego. Dlatego ten tekst nale\u017cy <b>po wielekro\u0107<br \/>\nczyta\u0107 w wielkimi spokoju i skupieniu,<\/b> czyni\u0105c z niego<br \/>\nprzedmiot osobistej refleksji. Zreszt\u0105, dobrze wiemy, \u017ce ten tekst<br \/>\nju\u017c stanowi kanw\u0119 rozlicznych rozwa\u017ca\u0144, modlitw, a tak\u017ce pie\u015bni.<\/p>\n<\/div>\n<div align=\"justify\" style=\"line-height: 150%; margin-bottom: 0cm; text-indent: 1.3cm;\">\nMaj\u0105c<br \/>\nzatem na uwadze relacj\u0119 Marii Magdaleny do Jezusa oraz relacj\u0119<br \/>\n\u0142\u0105cz\u0105c\u0105 nas z Jezusem \u2013 <b>przeczytajmy sobie ten fragment<br \/>\n<\/b>przynajmniej jeszcze raz. A najlepiej \u2013 czytajmy wielokrotnie!\n<\/div>\n<div align=\"justify\" style=\"line-height: 150%; margin-bottom: 0cm; text-indent: 1.3cm;\">\nZ<br \/>\nkolei, fragment Paw\u0142owego Listu to <b>wielkie uwielbienie Jezusa za<br \/>\ndar Jego mi\u0142o\u015bci,<\/b> kt\u00f3ra kaza\u0142a Mu z\u0142o\u017cy\u0107 w ofierze swoje<br \/>\n\u017cycie za zbawienie ka\u017cdego cz\u0142owieka. Wiemy, \u017ce mi\u0142o\u015b\u0107 by\u0142a<br \/>\n<b>jedynym<\/b> <b>motywem, <\/b>dla kt\u00f3rego Jezus podj\u0105\u0142 to<br \/>\nwszystko, co trzeba by\u0142o podj\u0105\u0107 dla zbawienia cz\u0142owieka. I ta<br \/>\nw\u0142a\u015bnie mi\u0142o\u015b\u0107 <b>promieniuje \u2013 powinna promieniowa\u0107 \u2013 na<br \/>\nka\u017cdego cz\u0142owieka,<\/b> mobilizuj\u0105c go do takiej samej postawy.<\/div>\n<div align=\"justify\" style=\"line-height: 150%; margin-bottom: 0cm; text-indent: 1.3cm;\">\nBlaskiem<br \/>\ntej mi\u0142o\u015bci <b>rozja\u015bnia\u0142a swe serce<\/b> \u2013 przez d\u0142u\u017cszy czas<br \/>\npublicznej dzia\u0142alno\u015bci Jezusa \u2013 tak\u017ce nasza dzisiejsza<br \/>\nPatronka. I dlatego Ich spotkanie, opisane dzisiaj w Ewangelii, mia\u0142o<br \/>\n<b>tak wyj\u0105tkowy przebieg i charakter.<\/b> A pomimo tego, \u017ce s\u0142owo<br \/>\n\u201emi\u0142o\u015b\u0107\u201d <b>nie pad\u0142o tu ani razu,<\/b> to jednak ow\u0105 wielk\u0105<br \/>\ni pi\u0119kn\u0105 mi\u0142o\u015b\u0107 wyra\u017anie wida\u0107 <b>w odniesieniu Marii<br \/>\nMagdaleny do Jezusa i w Jego wyj\u015bciu na spotkanie<\/b> ze swoj\u0105<br \/>\nuczennic\u0105.\n<\/div>\n<div align=\"justify\" style=\"line-height: 150%; margin-bottom: 0cm; text-indent: 1.3cm;\">\nW<br \/>\nspos\u00f3b najbardziej wyrazisty ta wzajemna relacja zosta\u0142a<br \/>\nuwidoczniona w tym momencie, w kt\u00f3rym <b>Jezus zwr\u00f3ci\u0142 si\u0119 do<br \/>\nniej po imieniu,<\/b> a ona w\u00f3wczas Go rozpozna\u0142a, poniewa\u017c<br \/>\nwcze\u015bniej nie by\u0142a w stanie rozezna\u0107, \u017ce stoi przed ni\u0105 w\u0142a\u015bnie<br \/>\njej zmartwychwsta\u0142y Mistrz. Zwr\u00f3cenie si\u0119 po imieniu spowodowa\u0142o<br \/>\n<b>swoiste odblokowanie jakiej\u015b wewn\u0119trznej bariery,<\/b> kt\u00f3ra nie<br \/>\npozwala\u0142a jej w przyby\u0142ym Cz\u0142owieku rozpozna\u0107 Jezusa.\n<\/div>\n<div align=\"justify\" style=\"line-height: 150%; margin-bottom: 0cm; text-indent: 1.3cm;\">\nZwracaj\u0105c<br \/>\nsi\u0119 do Marii Magdaleny po imieniu, Jezus <b>na nowo nawi\u0105za\u0142 z ni\u0105<br \/>\now\u0105 najpi\u0119kniejsz\u0105, najbardziej wewn\u0119trzn\u0105 i intymn\u0105, a<br \/>\njednocze\u015bnie najczystsz\u0105 wi\u0119\u017a,<\/b> jaka tylko mo\u017ce \u0142\u0105czy\u0107<br \/>\nBoga z cz\u0142owiekiem, Mistrza z Jego uczniem\u2026<\/div>\n<div align=\"justify\" style=\"line-height: 150%; margin-bottom: 0cm; text-indent: 1.3cm;\">\nWydaje<br \/>\nsi\u0119, \u017ce taka w\u0142a\u015bnie wi\u0119\u017a z Chrystusem jest i dla nas <b>najlepsz\u0105<br \/>\nz mo\u017cliwych propozycji i najskuteczniejszym lekarstwem<\/b> na nasze<br \/>\nosobiste, duchowe bol\u0105czki oraz na ca\u0142e to szale\u0144stwo, na jakie<br \/>\nchoruje dzisiejszy \u015bwiat!<\/div>\n<div align=\"justify\" style=\"line-height: 150%; margin-bottom: 0cm; text-indent: 1.3cm;\">\nPomy\u015blmy:<\/div>\n<div align=\"justify\" style=\"line-height: 150%; margin-bottom: 0cm;\">\n\u2013 Czy<br \/>\nmoja relacja z Jezusem to relacja mi\u0142o\u015bci, czy sformalizowana<br \/>\nrelacja urz\u0119dnicza?<\/div>\n<div align=\"justify\" style=\"line-height: 150%; margin-bottom: 0cm;\">\n\u2013 Co<br \/>\nrobi\u0119, aby swoj\u0105 wi\u0119\u017a z Jezusem codziennie pog\u0142\u0119bia\u0107?<\/div>\n<div align=\"justify\" style=\"line-height: 150%; margin-bottom: 0cm;\">\n\u2013 Czy<br \/>\nnie jest to wi\u0119\u017a jedynie zewn\u0119trzna i na pokaz?<\/div>\n<p><\/p>\n<div align=\"justify\" style=\"line-height: 150%; margin-bottom: 0cm;\">\n<i><b>Posz\u0142a<br \/>\nMaria Magdalena oznajmiaj\u0105c uczniom: \u201eWidzia\u0142am Pana i to mi<br \/>\npowiedzia\u0142\u201d\u2026<\/b><\/i><\/div>\n","protected":false},"excerpt":{"rendered":"<p>Szcz\u0119\u015b\u0107 Bo\u017ce! Moi Drodzy, w dniu dzisiejszym rocznic\u0119 zawarcia sakramentalnego Ma\u0142\u017ce\u0144stwa prze\u017cywaj\u0105 Pa\u0144stwo Ewa i W\u0142odzimierz Olendrowie z Celestynowa. Dzi\u0119kuj\u0105c Im za sta\u0142\u0105 i wiern\u0105 przyja\u017a\u0144 oraz za wszelk\u0105 \u017cyczliwo\u015b\u0107, modl\u0119 si\u0119 dla Jubilat\u00f3w o tak\u0105 wi\u0119\u017a z Jezusem, jakiej przyk\u0142ad daje dzisiejsza Patronka.&nbsp; &nbsp; &nbsp; &nbsp; Imieniny natomiast obchodz\u0105 dzisiaj: Magda Sosnowska, pochodz\u0105ca z [&hellip;]<\/p>\n","protected":false},"author":1,"featured_media":0,"comment_status":"open","ping_status":"open","sticky":false,"template":"","format":"standard","meta":{"jetpack_post_was_ever_published":false,"_jetpack_newsletter_access":"","_jetpack_dont_email_post_to_subs":false,"_jetpack_newsletter_tier_id":0,"_jetpack_memberships_contains_paywalled_content":false,"_jetpack_memberships_contains_paid_content":false,"footnotes":""},"categories":[1],"tags":[],"class_list":["post-7958","post","type-post","status-publish","format-standard","hentry","category-bez-kategorii"],"yoast_head":"<!-- This site is optimized with the Yoast SEO plugin v25.1 - https:\/\/yoast.com\/wordpress\/plugins\/seo\/ -->\n<title>Widzia\u0142am Pana i to mi powiedzia\u0142! - Gaudium Et Spes<\/title>\n<meta name=\"robots\" content=\"index, follow, max-snippet:-1, max-image-preview:large, max-video-preview:-1\" \/>\n<link rel=\"canonical\" href=\"https:\/\/gaudiumetspes-blog.pl\/index.php\/2016\/07\/22\/widziaam-pana-i-to-mi-powiedzia\/\" \/>\n<meta property=\"og:locale\" content=\"pl_PL\" \/>\n<meta property=\"og:type\" content=\"article\" \/>\n<meta property=\"og:title\" content=\"Widzia\u0142am Pana i to mi powiedzia\u0142! - Gaudium Et Spes\" \/>\n<meta property=\"og:description\" content=\"Szcz\u0119\u015b\u0107 Bo\u017ce! Moi Drodzy, w dniu dzisiejszym rocznic\u0119 zawarcia sakramentalnego Ma\u0142\u017ce\u0144stwa prze\u017cywaj\u0105 Pa\u0144stwo Ewa i W\u0142odzimierz Olendrowie z Celestynowa. Dzi\u0119kuj\u0105c Im za sta\u0142\u0105 i wiern\u0105 przyja\u017a\u0144 oraz za wszelk\u0105 \u017cyczliwo\u015b\u0107, modl\u0119 si\u0119 dla Jubilat\u00f3w o tak\u0105 wi\u0119\u017a z Jezusem, jakiej przyk\u0142ad daje dzisiejsza Patronka.&nbsp; &nbsp; &nbsp; &nbsp; Imieniny natomiast obchodz\u0105 dzisiaj: Magda Sosnowska, pochodz\u0105ca z [&hellip;]\" \/>\n<meta property=\"og:url\" content=\"https:\/\/gaudiumetspes-blog.pl\/index.php\/2016\/07\/22\/widziaam-pana-i-to-mi-powiedzia\/\" \/>\n<meta property=\"og:site_name\" content=\"Gaudium Et Spes\" \/>\n<meta property=\"article:published_time\" content=\"2016-07-22T02:21:00+00:00\" \/>\n<meta property=\"article:modified_time\" content=\"2019-07-31T10:56:21+00:00\" \/>\n<meta name=\"author\" content=\"Ks. Jacek\" \/>\n<meta name=\"twitter:card\" content=\"summary_large_image\" \/>\n<meta name=\"twitter:label1\" content=\"Napisane przez\" \/>\n\t<meta name=\"twitter:data1\" content=\"Ks. Jacek\" \/>\n\t<meta name=\"twitter:label2\" content=\"Szacowany czas czytania\" \/>\n\t<meta name=\"twitter:data2\" content=\"8 minut\" \/>\n<script type=\"application\/ld+json\" class=\"yoast-schema-graph\">{\"@context\":\"https:\/\/schema.org\",\"@graph\":[{\"@type\":\"WebPage\",\"@id\":\"https:\/\/gaudiumetspes-blog.pl\/index.php\/2016\/07\/22\/widziaam-pana-i-to-mi-powiedzia\/\",\"url\":\"https:\/\/gaudiumetspes-blog.pl\/index.php\/2016\/07\/22\/widziaam-pana-i-to-mi-powiedzia\/\",\"name\":\"Widzia\u0142am Pana i to mi powiedzia\u0142! - Gaudium Et Spes\",\"isPartOf\":{\"@id\":\"https:\/\/gaudiumetspes-blog.pl\/#website\"},\"datePublished\":\"2016-07-22T02:21:00+00:00\",\"dateModified\":\"2019-07-31T10:56:21+00:00\",\"author\":{\"@id\":\"https:\/\/gaudiumetspes-blog.pl\/#\/schema\/person\/1661982992b752dea8dff0d4ed845a65\"},\"breadcrumb\":{\"@id\":\"https:\/\/gaudiumetspes-blog.pl\/index.php\/2016\/07\/22\/widziaam-pana-i-to-mi-powiedzia\/#breadcrumb\"},\"inLanguage\":\"pl-PL\",\"potentialAction\":[{\"@type\":\"ReadAction\",\"target\":[\"https:\/\/gaudiumetspes-blog.pl\/index.php\/2016\/07\/22\/widziaam-pana-i-to-mi-powiedzia\/\"]}]},{\"@type\":\"BreadcrumbList\",\"@id\":\"https:\/\/gaudiumetspes-blog.pl\/index.php\/2016\/07\/22\/widziaam-pana-i-to-mi-powiedzia\/#breadcrumb\",\"itemListElement\":[{\"@type\":\"ListItem\",\"position\":1,\"name\":\"Strona g\u0142\u00f3wna\",\"item\":\"https:\/\/gaudiumetspes-blog.pl\/\"},{\"@type\":\"ListItem\",\"position\":2,\"name\":\"Widzia\u0142am Pana i&nbsp;to&nbsp;mi powiedzia\u0142!\"}]},{\"@type\":\"WebSite\",\"@id\":\"https:\/\/gaudiumetspes-blog.pl\/#website\",\"url\":\"https:\/\/gaudiumetspes-blog.pl\/\",\"name\":\"Gaudium Et Spes\",\"description\":\"Blog Ks. Jacka Ja\u015bkowskiego\",\"potentialAction\":[{\"@type\":\"SearchAction\",\"target\":{\"@type\":\"EntryPoint\",\"urlTemplate\":\"https:\/\/gaudiumetspes-blog.pl\/?s={search_term_string}\"},\"query-input\":{\"@type\":\"PropertyValueSpecification\",\"valueRequired\":true,\"valueName\":\"search_term_string\"}}],\"inLanguage\":\"pl-PL\"},{\"@type\":\"Person\",\"@id\":\"https:\/\/gaudiumetspes-blog.pl\/#\/schema\/person\/1661982992b752dea8dff0d4ed845a65\",\"name\":\"Ks. Jacek\",\"image\":{\"@type\":\"ImageObject\",\"inLanguage\":\"pl-PL\",\"@id\":\"https:\/\/gaudiumetspes-blog.pl\/#\/schema\/person\/image\/\",\"url\":\"https:\/\/gaudiumetspes-blog.pl\/wp-content\/uploads\/2019\/07\/avatar-JJ-150x150.jpg\",\"contentUrl\":\"https:\/\/gaudiumetspes-blog.pl\/wp-content\/uploads\/2019\/07\/avatar-JJ-150x150.jpg\",\"caption\":\"Ks. Jacek\"},\"description\":\"Witam serdecznie! K\u0142ania si\u0119 Ks. Jacek Ja\u015bkowski. Nie jestem ani kim\u015b wa\u017cnym, ani kim\u015b znanym. Jestem ksi\u0119dzem, kt\u00f3ry po prostu chce rozmawia\u0107. Codzienna kap\u0142a\u0144ska pos\u0142uga pokazuje mi, \u017ce temat\u00f3w do rozm\u00f3w z ksi\u0119dzem jest coraz wi\u0119cej i dzisiaj \u017caden ksi\u0105dz nie mo\u017ce od nich ucieka\u0107, ale - wprost przeciwnie - podejmowa\u0107 nowe wyzwania. To przekonanie sk\u0142oni\u0142o mnie do pr\u00f3by otwarcia tego\u017c bloga, chocia\u017c okazji do rozm\u00f3w na co dzie\u0144 - w konfesjonale i poza nim - na szcz\u0119\u015bcie nie brakuje. My\u015bl\u0119 jednak, \u017ce ten blog b\u0119dzie jeszcze jednym sposobem i przestrzeni\u0105 nawi\u0105zania kontaktu z lud\u017ami dobrej woli, otwartymi na dialog.\",\"url\":\"https:\/\/gaudiumetspes-blog.pl\/index.php\/author\/ks-jacek\/\"}]}<\/script>\n<!-- \/ Yoast SEO plugin. -->","yoast_head_json":{"title":"Widzia\u0142am Pana i to mi powiedzia\u0142! - Gaudium Et Spes","robots":{"index":"index","follow":"follow","max-snippet":"max-snippet:-1","max-image-preview":"max-image-preview:large","max-video-preview":"max-video-preview:-1"},"canonical":"https:\/\/gaudiumetspes-blog.pl\/index.php\/2016\/07\/22\/widziaam-pana-i-to-mi-powiedzia\/","og_locale":"pl_PL","og_type":"article","og_title":"Widzia\u0142am Pana i to mi powiedzia\u0142! - Gaudium Et Spes","og_description":"Szcz\u0119\u015b\u0107 Bo\u017ce! Moi Drodzy, w dniu dzisiejszym rocznic\u0119 zawarcia sakramentalnego Ma\u0142\u017ce\u0144stwa prze\u017cywaj\u0105 Pa\u0144stwo Ewa i W\u0142odzimierz Olendrowie z Celestynowa. Dzi\u0119kuj\u0105c Im za sta\u0142\u0105 i wiern\u0105 przyja\u017a\u0144 oraz za wszelk\u0105 \u017cyczliwo\u015b\u0107, modl\u0119 si\u0119 dla Jubilat\u00f3w o tak\u0105 wi\u0119\u017a z Jezusem, jakiej przyk\u0142ad daje dzisiejsza Patronka.&nbsp; &nbsp; &nbsp; &nbsp; Imieniny natomiast obchodz\u0105 dzisiaj: Magda Sosnowska, pochodz\u0105ca z [&hellip;]","og_url":"https:\/\/gaudiumetspes-blog.pl\/index.php\/2016\/07\/22\/widziaam-pana-i-to-mi-powiedzia\/","og_site_name":"Gaudium Et Spes","article_published_time":"2016-07-22T02:21:00+00:00","article_modified_time":"2019-07-31T10:56:21+00:00","author":"Ks. Jacek","twitter_card":"summary_large_image","twitter_misc":{"Napisane przez":"Ks. Jacek","Szacowany czas czytania":"8 minut"},"schema":{"@context":"https:\/\/schema.org","@graph":[{"@type":"WebPage","@id":"https:\/\/gaudiumetspes-blog.pl\/index.php\/2016\/07\/22\/widziaam-pana-i-to-mi-powiedzia\/","url":"https:\/\/gaudiumetspes-blog.pl\/index.php\/2016\/07\/22\/widziaam-pana-i-to-mi-powiedzia\/","name":"Widzia\u0142am Pana i to mi powiedzia\u0142! - Gaudium Et Spes","isPartOf":{"@id":"https:\/\/gaudiumetspes-blog.pl\/#website"},"datePublished":"2016-07-22T02:21:00+00:00","dateModified":"2019-07-31T10:56:21+00:00","author":{"@id":"https:\/\/gaudiumetspes-blog.pl\/#\/schema\/person\/1661982992b752dea8dff0d4ed845a65"},"breadcrumb":{"@id":"https:\/\/gaudiumetspes-blog.pl\/index.php\/2016\/07\/22\/widziaam-pana-i-to-mi-powiedzia\/#breadcrumb"},"inLanguage":"pl-PL","potentialAction":[{"@type":"ReadAction","target":["https:\/\/gaudiumetspes-blog.pl\/index.php\/2016\/07\/22\/widziaam-pana-i-to-mi-powiedzia\/"]}]},{"@type":"BreadcrumbList","@id":"https:\/\/gaudiumetspes-blog.pl\/index.php\/2016\/07\/22\/widziaam-pana-i-to-mi-powiedzia\/#breadcrumb","itemListElement":[{"@type":"ListItem","position":1,"name":"Strona g\u0142\u00f3wna","item":"https:\/\/gaudiumetspes-blog.pl\/"},{"@type":"ListItem","position":2,"name":"Widzia\u0142am Pana i&nbsp;to&nbsp;mi powiedzia\u0142!"}]},{"@type":"WebSite","@id":"https:\/\/gaudiumetspes-blog.pl\/#website","url":"https:\/\/gaudiumetspes-blog.pl\/","name":"Gaudium Et Spes","description":"Blog Ks. Jacka Ja\u015bkowskiego","potentialAction":[{"@type":"SearchAction","target":{"@type":"EntryPoint","urlTemplate":"https:\/\/gaudiumetspes-blog.pl\/?s={search_term_string}"},"query-input":{"@type":"PropertyValueSpecification","valueRequired":true,"valueName":"search_term_string"}}],"inLanguage":"pl-PL"},{"@type":"Person","@id":"https:\/\/gaudiumetspes-blog.pl\/#\/schema\/person\/1661982992b752dea8dff0d4ed845a65","name":"Ks. Jacek","image":{"@type":"ImageObject","inLanguage":"pl-PL","@id":"https:\/\/gaudiumetspes-blog.pl\/#\/schema\/person\/image\/","url":"https:\/\/gaudiumetspes-blog.pl\/wp-content\/uploads\/2019\/07\/avatar-JJ-150x150.jpg","contentUrl":"https:\/\/gaudiumetspes-blog.pl\/wp-content\/uploads\/2019\/07\/avatar-JJ-150x150.jpg","caption":"Ks. Jacek"},"description":"Witam serdecznie! K\u0142ania si\u0119 Ks. Jacek Ja\u015bkowski. Nie jestem ani kim\u015b wa\u017cnym, ani kim\u015b znanym. Jestem ksi\u0119dzem, kt\u00f3ry po prostu chce rozmawia\u0107. Codzienna kap\u0142a\u0144ska pos\u0142uga pokazuje mi, \u017ce temat\u00f3w do rozm\u00f3w z ksi\u0119dzem jest coraz wi\u0119cej i dzisiaj \u017caden ksi\u0105dz nie mo\u017ce od nich ucieka\u0107, ale - wprost przeciwnie - podejmowa\u0107 nowe wyzwania. To przekonanie sk\u0142oni\u0142o mnie do pr\u00f3by otwarcia tego\u017c bloga, chocia\u017c okazji do rozm\u00f3w na co dzie\u0144 - w konfesjonale i poza nim - na szcz\u0119\u015bcie nie brakuje. My\u015bl\u0119 jednak, \u017ce ten blog b\u0119dzie jeszcze jednym sposobem i przestrzeni\u0105 nawi\u0105zania kontaktu z lud\u017ami dobrej woli, otwartymi na dialog.","url":"https:\/\/gaudiumetspes-blog.pl\/index.php\/author\/ks-jacek\/"}]}},"jetpack_featured_media_url":"","jetpack_sharing_enabled":true,"_links":{"self":[{"href":"https:\/\/gaudiumetspes-blog.pl\/index.php\/wp-json\/wp\/v2\/posts\/7958","targetHints":{"allow":["GET"]}}],"collection":[{"href":"https:\/\/gaudiumetspes-blog.pl\/index.php\/wp-json\/wp\/v2\/posts"}],"about":[{"href":"https:\/\/gaudiumetspes-blog.pl\/index.php\/wp-json\/wp\/v2\/types\/post"}],"author":[{"embeddable":true,"href":"https:\/\/gaudiumetspes-blog.pl\/index.php\/wp-json\/wp\/v2\/users\/1"}],"replies":[{"embeddable":true,"href":"https:\/\/gaudiumetspes-blog.pl\/index.php\/wp-json\/wp\/v2\/comments?post=7958"}],"version-history":[{"count":1,"href":"https:\/\/gaudiumetspes-blog.pl\/index.php\/wp-json\/wp\/v2\/posts\/7958\/revisions"}],"predecessor-version":[{"id":12740,"href":"https:\/\/gaudiumetspes-blog.pl\/index.php\/wp-json\/wp\/v2\/posts\/7958\/revisions\/12740"}],"wp:attachment":[{"href":"https:\/\/gaudiumetspes-blog.pl\/index.php\/wp-json\/wp\/v2\/media?parent=7958"}],"wp:term":[{"taxonomy":"category","embeddable":true,"href":"https:\/\/gaudiumetspes-blog.pl\/index.php\/wp-json\/wp\/v2\/categories?post=7958"},{"taxonomy":"post_tag","embeddable":true,"href":"https:\/\/gaudiumetspes-blog.pl\/index.php\/wp-json\/wp\/v2\/tags?post=7958"}],"curies":[{"name":"wp","href":"https:\/\/api.w.org\/{rel}","templated":true}]}}